{"id":12039,"date":"2026-09-04T12:52:04","date_gmt":"2026-09-04T10:52:04","guid":{"rendered":"https:\/\/agrupacionespsoe.es\/castello\/?p=12039"},"modified":"2026-09-04T12:54:35","modified_gmt":"2026-09-04T10:54:35","slug":"rafa-simo-anuncia-la-seua-candidatura-com-a-alcaldable-socialista-castello-mereix-un-govern-que-escolte-i-resolga","status":"publish","type":"post","link":"https:\/\/agrupacionespsoe.es\/castello\/va\/rafa-simo-anuncia-la-seua-candidatura-com-a-alcaldable-socialista-castello-mereix-un-govern-que-escolte-i-resolga\/","title":{"rendered":"Rafa Sim\u00f3 anuncia la seua candidatura com a alcaldable socialista: \u201cCastell\u00f3 mereix un govern que escolte i resolga\u201d"},"content":{"rendered":"\n<figure class=\"wp-block-audio\"><audio controls src=\"https:\/\/agrupacionespsoe.es\/castello\/wp-content\/uploads\/sites\/45\/2026\/09\/20260904-Rafa-Simo-anuncia-la-seua-candidatura-com-a-alcaldable-socialista-Castello-mereix-un-govern-que-escolte-i-resolga.mp3\" autoplay><\/audio><\/figure>\n\n\n\n<p>El secretari general del PSPV-PSOE de Castell\u00f3, <a href=\"https:\/\/agrupacionespsoe.es\/castello\/va\/tag\/rafa-simo-va\/\">Rafa Sim\u00f3<\/a>, ha formalitzat aquest divendres la seua precandidatura a liderar la llista municipal socialista en les pr\u00f2ximes eleccions, en el primer dia del termini establit en el proc\u00e9s de prim\u00e0ries que culminaran amb l&#8217;elecci\u00f3 dels candidats i candidates a les eleccions municipals. Un gest que, segons ha explicat, respon a la &#8220;voluntat de donar certeses i comen\u00e7ar a treballar com m\u00e9s prompte millor pel futur de la ciutat&#8221;.<\/p>\n\n\n\n<p>\u201cCastell\u00f3 mereix m\u00e9s\u201d, ha afirmat el dirigent socialista. \u201cMereix un govern que isca al carrer a escoltar i a resoldre, mereix pol\u00edtiques que afronten els problemes reals de la gent: l&#8217;habitatge, les cures i la recuperaci\u00f3 i dignificaci\u00f3 dels barris\u201d, assenyala Sim\u00f3, qui defensa \u201cuna alcaldessa que deixe de preocupar-se per les fotos per a comen\u00e7ar a preocupar-se per les persones\u201d.<\/p>\n\n\n\n<p>El l\u00edder socialista ha insistit que el seu projecte representa &#8220;un punt d&#8217;inflexi\u00f3&#8221; enfront d&#8217;una alcaldessa que, al seu judici, &#8220;ha perdut el pols de la ciutat&#8221;. &#8220;Castell\u00f3 necessita solucions en els barris, necessita habitatge accessible i serveis p\u00fablics forts que sostinguen la vida de les fam\u00edlies, dels treballadors i treballadores, dels joves i els majors&#8221;, ha assenyalat.<\/p>\n\n\n\n<p>Cal recordar que Sim\u00f3 ha obtingut el suport majoritari de la milit\u00e0ncia en les successives assemblees celebrades des que va assumir la secretaria general de l&#8217;agrupaci\u00f3 local fa dos anys. Durant aquest per\u00edode, ha aconseguit revitalitzar l&#8217;activitat del partit tant en el pla intern com extern, amb un programa complet d&#8217;activitats a la Casa del Poble que ha acostat la labor dels c\u00e0rrecs institucionals a les bases. El partit ha abordat i debatut sobre q\u00fcestions clau per a Castell\u00f3 \u2014com l&#8217;acc\u00e9s a l&#8217;habitatge, les cures, la sanitat i l&#8217;educaci\u00f3 p\u00fabliques, la migraci\u00f3 o la lluita contra el canvi clim\u00e0tic\u2014, escoltant les propostes de militants, simpatitzants i experts i expertes en diferents mat\u00e8ries per a construir un programa de ciutat participat i arrelat en la realitat social.<\/p>\n\n\n\n<p>L&#8217;equip de Rafa Sim\u00f3 tamb\u00e9 ha impulsat campanyes informatives per a la ciutadania en temes d&#8217;impacte directe, com la taxa de fems, demostrant un comprom\u00eds constant amb els problemes quotidians de la ciutadania; i ha dut a terme una intensa campanya de visites a barris, arreplegant les queixes, les inquietuds i les propostes dels ve\u00efns i ve\u00efnes a peu de carrer. A m\u00e9s, l&#8217;executiva municipal ha desenvolupat una oposici\u00f3 ferma i coordinada amb el grup municipal socialista, fiscalitzant la gesti\u00f3 del govern del PP i Vox i denunciant la falta d&#8217;inversions en serveis p\u00fablics, aix\u00ed com la deriva reaccion\u00e0ria de les seues pol\u00edtiques i discursos.<\/p>\n","protected":false},"excerpt":{"rendered":"<p>El secretari general del PSPV-PSOE de Castell\u00f3, Rafa Sim\u00f3, ha formalitzat aquest divendres la seua precandidatura a liderar la llista municipal socialista en les pr\u00f2ximes eleccions, en el primer dia del termini establit en el proc\u00e9s de prim\u00e0ries que culminaran amb l&#8217;elecci\u00f3 dels candidats i candidates a les eleccions municipals. Un gest que, segons ha &#8230;<\/p>\n","protected":false},"author":48,"featured_media":12036,"comment_status":"open","ping_status":"open","sticky":false,"template":"","format":"standard","meta":{"jetpack_post_was_ever_published":false,"_jetpack_newsletter_access":"","_jetpack_dont_email_post_to_subs":false,"_jetpack_newsletter_tier_id":0,"_jetpack_memberships_contains_paywalled_content":false,"_jetpack_memberships_contains_paid_content":false,"footnotes":"","jetpack_publicize_message":"","jetpack_publicize_feature_enabled":true,"jetpack_social_post_already_shared":true,"jetpack_social_options":{"image_generator_settings":{"template":"highway","default_image_id":0,"font":"","enabled":false},"version":2}},"categories":[72],"tags":[426,446],"class_list":["post-12039","post","type-post","status-publish","format-standard","has-post-thumbnail","hentry","category-agrupacio-municipal-va","tag-rafa-simo-va","tag-todos-va"],"yoast_head":"<!-- This site is optimized with the Yoast SEO plugin v24.0 - https:\/\/yoast.com\/wordpress\/plugins\/seo\/ -->\n<title>Rafa Sim\u00f3 anuncia la seua candidatura com a alcaldable socialista: \u201cCastell\u00f3 mereix un govern que escolte i resolga\u201d - PSPV-PSOE CASTELL\u00d3<\/title>\n<meta name=\"robots\" content=\"index, follow, max-snippet:-1, max-image-preview:large, max-video-preview:-1\" \/>\n<link rel=\"canonical\" href=\"https:\/\/agrupacionespsoe.es\/castello\/va\/rafa-simo-anuncia-la-seua-candidatura-com-a-alcaldable-socialista-castello-mereix-un-govern-que-escolte-i-resolga\/\" \/>\n<meta property=\"og:locale\" content=\"es_ES\" \/>\n<meta property=\"og:type\" content=\"article\" \/>\n<meta property=\"og:title\" content=\"Rafa Sim\u00f3 anuncia la seua candidatura com a alcaldable socialista: \u201cCastell\u00f3 mereix un govern que escolte i resolga\u201d - PSPV-PSOE CASTELL\u00d3\" \/>\n<meta property=\"og:description\" content=\"El secretari general del PSPV-PSOE de Castell\u00f3, Rafa Sim\u00f3, ha formalitzat aquest divendres la seua precandidatura a liderar la llista municipal socialista en les pr\u00f2ximes eleccions, en el primer dia del termini establit en el proc\u00e9s de prim\u00e0ries que culminaran amb l&#8217;elecci\u00f3 dels candidats i candidates a les eleccions municipals. Un gest que, segons ha ...\" \/>\n<meta property=\"og:url\" content=\"https:\/\/agrupacionespsoe.es\/castello\/va\/rafa-simo-anuncia-la-seua-candidatura-com-a-alcaldable-socialista-castello-mereix-un-govern-que-escolte-i-resolga\/\" \/>\n<meta property=\"og:site_name\" content=\"PSPV-PSOE CASTELL\u00d3\" \/>\n<meta property=\"article:publisher\" content=\"https:\/\/www.facebook.com\/pspv.castellodelaplana\" \/>\n<meta property=\"article:published_time\" content=\"2026-09-04T10:52:04+00:00\" \/>\n<meta property=\"article:modified_time\" content=\"2026-09-04T10:54:35+00:00\" \/>\n<meta property=\"og:image\" content=\"https:\/\/agrupacionespsoe.es\/castello\/wp-content\/uploads\/sites\/45\/2026\/09\/20260904-Rafa-Simo-anuncia-la-seua-candidatura-com-a-alcaldable-socialista-Castello-mereix-un-govern-que-escolte-i-resolga-scaled-e1788519204401.jpg\" \/>\n\t<meta property=\"og:image:width\" content=\"1920\" \/>\n\t<meta property=\"og:image:height\" content=\"1442\" \/>\n\t<meta property=\"og:image:type\" content=\"image\/jpeg\" \/>\n<meta name=\"author\" content=\"castello1\" \/>\n<meta name=\"twitter:card\" content=\"summary_large_image\" \/>\n<meta name=\"twitter:creator\" content=\"@pspv_cs\" \/>\n<meta name=\"twitter:site\" content=\"@pspv_cs\" \/>\n<meta name=\"twitter:label1\" content=\"Escrito por\" \/>\n\t<meta name=\"twitter:data1\" content=\"castello1\" \/>\n\t<meta name=\"twitter:label2\" content=\"Tiempo de lectura\" \/>\n\t<meta name=\"twitter:data2\" content=\"3 minutos\" \/>\n<script type=\"application\/ld+json\" class=\"yoast-schema-graph\">{\"@context\":\"https:\/\/schema.org\",\"@graph\":[{\"@type\":\"Article\",\"@id\":\"https:\/\/agrupacionespsoe.es\/castello\/va\/rafa-simo-anuncia-la-seua-candidatura-com-a-alcaldable-socialista-castello-mereix-un-govern-que-escolte-i-resolga\/#article\",\"isPartOf\":{\"@id\":\"https:\/\/agrupacionespsoe.es\/castello\/va\/rafa-simo-anuncia-la-seua-candidatura-com-a-alcaldable-socialista-castello-mereix-un-govern-que-escolte-i-resolga\/\"},\"author\":{\"name\":\"castello1\",\"@id\":\"https:\/\/agrupacionespsoe.es\/castello\/#\/schema\/person\/f3bc5b2f9dc6a399e9e98596ae24a20a\"},\"headline\":\"Rafa Sim\u00f3 anuncia la seua candidatura com a alcaldable socialista: \u201cCastell\u00f3 mereix un govern que escolte i resolga\u201d\",\"datePublished\":\"2026-09-04T10:52:04+00:00\",\"dateModified\":\"2026-09-04T10:54:35+00:00\",\"mainEntityOfPage\":{\"@id\":\"https:\/\/agrupacionespsoe.es\/castello\/va\/rafa-simo-anuncia-la-seua-candidatura-com-a-alcaldable-socialista-castello-mereix-un-govern-que-escolte-i-resolga\/\"},\"wordCount\":470,\"commentCount\":0,\"publisher\":{\"@id\":\"https:\/\/agrupacionespsoe.es\/castello\/#organization\"},\"image\":{\"@id\":\"https:\/\/agrupacionespsoe.es\/castello\/va\/rafa-simo-anuncia-la-seua-candidatura-com-a-alcaldable-socialista-castello-mereix-un-govern-que-escolte-i-resolga\/#primaryimage\"},\"thumbnailUrl\":\"https:\/\/i0.wp.com\/agrupacionespsoe.es\/castello\/wp-content\/uploads\/sites\/45\/2026\/09\/20260904-Rafa-Simo-anuncia-la-seua-candidatura-com-a-alcaldable-socialista-Castello-mereix-un-govern-que-escolte-i-resolga-scaled-e1788519204401.jpg?fit=1920%2C1442&ssl=1\",\"keywords\":[\"Rafa Sim\u00f3\",\"Todos\"],\"articleSection\":[\"Agrupaci\u00f3 Municipal\"],\"inLanguage\":\"es\",\"potentialAction\":[{\"@type\":\"CommentAction\",\"name\":\"Comment\",\"target\":[\"https:\/\/agrupacionespsoe.es\/castello\/va\/rafa-simo-anuncia-la-seua-candidatura-com-a-alcaldable-socialista-castello-mereix-un-govern-que-escolte-i-resolga\/#respond\"]}]},{\"@type\":\"WebPage\",\"@id\":\"https:\/\/agrupacionespsoe.es\/castello\/va\/rafa-simo-anuncia-la-seua-candidatura-com-a-alcaldable-socialista-castello-mereix-un-govern-que-escolte-i-resolga\/\",\"url\":\"https:\/\/agrupacionespsoe.es\/castello\/va\/rafa-simo-anuncia-la-seua-candidatura-com-a-alcaldable-socialista-castello-mereix-un-govern-que-escolte-i-resolga\/\",\"name\":\"Rafa Sim\u00f3 anuncia la seua candidatura com a alcaldable socialista: \u201cCastell\u00f3 mereix un govern que escolte i resolga\u201d - PSPV-PSOE CASTELL\u00d3\",\"isPartOf\":{\"@id\":\"https:\/\/agrupacionespsoe.es\/castello\/#website\"},\"primaryImageOfPage\":{\"@id\":\"https:\/\/agrupacionespsoe.es\/castello\/va\/rafa-simo-anuncia-la-seua-candidatura-com-a-alcaldable-socialista-castello-mereix-un-govern-que-escolte-i-resolga\/#primaryimage\"},\"image\":{\"@id\":\"https:\/\/agrupacionespsoe.es\/castello\/va\/rafa-simo-anuncia-la-seua-candidatura-com-a-alcaldable-socialista-castello-mereix-un-govern-que-escolte-i-resolga\/#primaryimage\"},\"thumbnailUrl\":\"https:\/\/i0.wp.com\/agrupacionespsoe.es\/castello\/wp-content\/uploads\/sites\/45\/2026\/09\/20260904-Rafa-Simo-anuncia-la-seua-candidatura-com-a-alcaldable-socialista-Castello-mereix-un-govern-que-escolte-i-resolga-scaled-e1788519204401.jpg?fit=1920%2C1442&ssl=1\",\"datePublished\":\"2026-09-04T10:52:04+00:00\",\"dateModified\":\"2026-09-04T10:54:35+00:00\",\"breadcrumb\":{\"@id\":\"https:\/\/agrupacionespsoe.es\/castello\/va\/rafa-simo-anuncia-la-seua-candidatura-com-a-alcaldable-socialista-castello-mereix-un-govern-que-escolte-i-resolga\/#breadcrumb\"},\"inLanguage\":\"es\",\"potentialAction\":[{\"@type\":\"ReadAction\",\"target\":[\"https:\/\/agrupacionespsoe.es\/castello\/va\/rafa-simo-anuncia-la-seua-candidatura-com-a-alcaldable-socialista-castello-mereix-un-govern-que-escolte-i-resolga\/\"]}]},{\"@type\":\"ImageObject\",\"inLanguage\":\"es\",\"@id\":\"https:\/\/agrupacionespsoe.es\/castello\/va\/rafa-simo-anuncia-la-seua-candidatura-com-a-alcaldable-socialista-castello-mereix-un-govern-que-escolte-i-resolga\/#primaryimage\",\"url\":\"https:\/\/i0.wp.com\/agrupacionespsoe.es\/castello\/wp-content\/uploads\/sites\/45\/2026\/09\/20260904-Rafa-Simo-anuncia-la-seua-candidatura-com-a-alcaldable-socialista-Castello-mereix-un-govern-que-escolte-i-resolga-scaled-e1788519204401.jpg?fit=1920%2C1442&ssl=1\",\"contentUrl\":\"https:\/\/i0.wp.com\/agrupacionespsoe.es\/castello\/wp-content\/uploads\/sites\/45\/2026\/09\/20260904-Rafa-Simo-anuncia-la-seua-candidatura-com-a-alcaldable-socialista-Castello-mereix-un-govern-que-escolte-i-resolga-scaled-e1788519204401.jpg?fit=1920%2C1442&ssl=1\",\"width\":1920,\"height\":1442},{\"@type\":\"BreadcrumbList\",\"@id\":\"https:\/\/agrupacionespsoe.es\/castello\/va\/rafa-simo-anuncia-la-seua-candidatura-com-a-alcaldable-socialista-castello-mereix-un-govern-que-escolte-i-resolga\/#breadcrumb\",\"itemListElement\":[{\"@type\":\"ListItem\",\"position\":1,\"name\":\"Portada\",\"item\":\"https:\/\/agrupacionespsoe.es\/castello\/\"},{\"@type\":\"ListItem\",\"position\":2,\"name\":\"Rafa Sim\u00f3 anuncia la seua candidatura com a alcaldable socialista: \u201cCastell\u00f3 mereix un govern que escolte i resolga\u201d\"}]},{\"@type\":\"WebSite\",\"@id\":\"https:\/\/agrupacionespsoe.es\/castello\/#website\",\"url\":\"https:\/\/agrupacionespsoe.es\/castello\/\",\"name\":\"PSPV-PSOE CASTELL\u00d3\",\"description\":\"PSPV-PSOE | Agrupaci\u00f3 de Castell\u00f3\",\"publisher\":{\"@id\":\"https:\/\/agrupacionespsoe.es\/castello\/#organization\"},\"potentialAction\":[{\"@type\":\"SearchAction\",\"target\":{\"@type\":\"EntryPoint\",\"urlTemplate\":\"https:\/\/agrupacionespsoe.es\/castello\/?s={search_term_string}\"},\"query-input\":{\"@type\":\"PropertyValueSpecification\",\"valueRequired\":true,\"valueName\":\"search_term_string\"}}],\"inLanguage\":\"es\"},{\"@type\":\"Organization\",\"@id\":\"https:\/\/agrupacionespsoe.es\/castello\/#organization\",\"name\":\"PSPV-PSOE Castell\u00f3\",\"url\":\"https:\/\/agrupacionespsoe.es\/castello\/\",\"logo\":{\"@type\":\"ImageObject\",\"inLanguage\":\"es\",\"@id\":\"https:\/\/agrupacionespsoe.es\/castello\/#\/schema\/logo\/image\/\",\"url\":\"https:\/\/agrupacionespsoe.es\/castello\/wp-content\/uploads\/sites\/45\/2023\/04\/PORTADA-PSOE-CASTELLO.jpg\",\"contentUrl\":\"https:\/\/agrupacionespsoe.es\/castello\/wp-content\/uploads\/sites\/45\/2023\/04\/PORTADA-PSOE-CASTELLO.jpg\",\"width\":2500,\"height\":2500,\"caption\":\"PSPV-PSOE Castell\u00f3\"},\"image\":{\"@id\":\"https:\/\/agrupacionespsoe.es\/castello\/#\/schema\/logo\/image\/\"},\"sameAs\":[\"https:\/\/www.facebook.com\/pspv.castellodelaplana\",\"https:\/\/x.com\/pspv_cs\",\"https:\/\/www.instagram.com\/pspvpsoecastello\/\"]},{\"@type\":\"Person\",\"@id\":\"https:\/\/agrupacionespsoe.es\/castello\/#\/schema\/person\/f3bc5b2f9dc6a399e9e98596ae24a20a\",\"name\":\"castello1\",\"image\":{\"@type\":\"ImageObject\",\"inLanguage\":\"es\",\"@id\":\"https:\/\/agrupacionespsoe.es\/castello\/#\/schema\/person\/image\/\",\"url\":\"https:\/\/secure.gravatar.com\/avatar\/5f1da428d6479d1127419c0b58796865?s=96&d=mm&r=g\",\"contentUrl\":\"https:\/\/secure.gravatar.com\/avatar\/5f1da428d6479d1127419c0b58796865?s=96&d=mm&r=g\",\"caption\":\"castello1\"},\"url\":\"https:\/\/agrupacionespsoe.es\/castello\/author\/castello1\/\"}]}<\/script>\n<!-- \/ Yoast SEO plugin. -->","yoast_head_json":{"title":"Rafa Sim\u00f3 anuncia la seua candidatura com a alcaldable socialista: \u201cCastell\u00f3 mereix un govern que escolte i resolga\u201d - PSPV-PSOE CASTELL\u00d3","robots":{"index":"index","follow":"follow","max-snippet":"max-snippet:-1","max-image-preview":"max-image-preview:large","max-video-preview":"max-video-preview:-1"},"canonical":"https:\/\/agrupacionespsoe.es\/castello\/va\/rafa-simo-anuncia-la-seua-candidatura-com-a-alcaldable-socialista-castello-mereix-un-govern-que-escolte-i-resolga\/","og_locale":"es_ES","og_type":"article","og_title":"Rafa Sim\u00f3 anuncia la seua candidatura com a alcaldable socialista: \u201cCastell\u00f3 mereix un govern que escolte i resolga\u201d - PSPV-PSOE CASTELL\u00d3","og_description":"El secretari general del PSPV-PSOE de Castell\u00f3, Rafa Sim\u00f3, ha formalitzat aquest divendres la seua precandidatura a liderar la llista municipal socialista en les pr\u00f2ximes eleccions, en el primer dia del termini establit en el proc\u00e9s de prim\u00e0ries que culminaran amb l&#8217;elecci\u00f3 dels candidats i candidates a les eleccions municipals. Un gest que, segons ha ...","og_url":"https:\/\/agrupacionespsoe.es\/castello\/va\/rafa-simo-anuncia-la-seua-candidatura-com-a-alcaldable-socialista-castello-mereix-un-govern-que-escolte-i-resolga\/","og_site_name":"PSPV-PSOE CASTELL\u00d3","article_publisher":"https:\/\/www.facebook.com\/pspv.castellodelaplana","article_published_time":"2026-09-04T10:52:04+00:00","article_modified_time":"2026-09-04T10:54:35+00:00","og_image":[{"width":1920,"height":1442,"url":"https:\/\/agrupacionespsoe.es\/castello\/wp-content\/uploads\/sites\/45\/2026\/09\/20260904-Rafa-Simo-anuncia-la-seua-candidatura-com-a-alcaldable-socialista-Castello-mereix-un-govern-que-escolte-i-resolga-scaled-e1788519204401.jpg","type":"image\/jpeg"}],"author":"castello1","twitter_card":"summary_large_image","twitter_creator":"@pspv_cs","twitter_site":"@pspv_cs","twitter_misc":{"Escrito por":"castello1","Tiempo de lectura":"3 minutos"},"schema":{"@context":"https:\/\/schema.org","@graph":[{"@type":"Article","@id":"https:\/\/agrupacionespsoe.es\/castello\/va\/rafa-simo-anuncia-la-seua-candidatura-com-a-alcaldable-socialista-castello-mereix-un-govern-que-escolte-i-resolga\/#article","isPartOf":{"@id":"https:\/\/agrupacionespsoe.es\/castello\/va\/rafa-simo-anuncia-la-seua-candidatura-com-a-alcaldable-socialista-castello-mereix-un-govern-que-escolte-i-resolga\/"},"author":{"name":"castello1","@id":"https:\/\/agrupacionespsoe.es\/castello\/#\/schema\/person\/f3bc5b2f9dc6a399e9e98596ae24a20a"},"headline":"Rafa Sim\u00f3 anuncia la seua candidatura com a alcaldable socialista: \u201cCastell\u00f3 mereix un govern que escolte i resolga\u201d","datePublished":"2026-09-04T10:52:04+00:00","dateModified":"2026-09-04T10:54:35+00:00","mainEntityOfPage":{"@id":"https:\/\/agrupacionespsoe.es\/castello\/va\/rafa-simo-anuncia-la-seua-candidatura-com-a-alcaldable-socialista-castello-mereix-un-govern-que-escolte-i-resolga\/"},"wordCount":470,"commentCount":0,"publisher":{"@id":"https:\/\/agrupacionespsoe.es\/castello\/#organization"},"image":{"@id":"https:\/\/agrupacionespsoe.es\/castello\/va\/rafa-simo-anuncia-la-seua-candidatura-com-a-alcaldable-socialista-castello-mereix-un-govern-que-escolte-i-resolga\/#primaryimage"},"thumbnailUrl":"https:\/\/i0.wp.com\/agrupacionespsoe.es\/castello\/wp-content\/uploads\/sites\/45\/2026\/09\/20260904-Rafa-Simo-anuncia-la-seua-candidatura-com-a-alcaldable-socialista-Castello-mereix-un-govern-que-escolte-i-resolga-scaled-e1788519204401.jpg?fit=1920%2C1442&ssl=1","keywords":["Rafa Sim\u00f3","Todos"],"articleSection":["Agrupaci\u00f3 Municipal"],"inLanguage":"es","potentialAction":[{"@type":"CommentAction","name":"Comment","target":["https:\/\/agrupacionespsoe.es\/castello\/va\/rafa-simo-anuncia-la-seua-candidatura-com-a-alcaldable-socialista-castello-mereix-un-govern-que-escolte-i-resolga\/#respond"]}]},{"@type":"WebPage","@id":"https:\/\/agrupacionespsoe.es\/castello\/va\/rafa-simo-anuncia-la-seua-candidatura-com-a-alcaldable-socialista-castello-mereix-un-govern-que-escolte-i-resolga\/","url":"https:\/\/agrupacionespsoe.es\/castello\/va\/rafa-simo-anuncia-la-seua-candidatura-com-a-alcaldable-socialista-castello-mereix-un-govern-que-escolte-i-resolga\/","name":"Rafa Sim\u00f3 anuncia la seua candidatura com a alcaldable socialista: \u201cCastell\u00f3 mereix un govern que escolte i resolga\u201d - PSPV-PSOE CASTELL\u00d3","isPartOf":{"@id":"https:\/\/agrupacionespsoe.es\/castello\/#website"},"primaryImageOfPage":{"@id":"https:\/\/agrupacionespsoe.es\/castello\/va\/rafa-simo-anuncia-la-seua-candidatura-com-a-alcaldable-socialista-castello-mereix-un-govern-que-escolte-i-resolga\/#primaryimage"},"image":{"@id":"https:\/\/agrupacionespsoe.es\/castello\/va\/rafa-simo-anuncia-la-seua-candidatura-com-a-alcaldable-socialista-castello-mereix-un-govern-que-escolte-i-resolga\/#primaryimage"},"thumbnailUrl":"https:\/\/i0.wp.com\/agrupacionespsoe.es\/castello\/wp-content\/uploads\/sites\/45\/2026\/09\/20260904-Rafa-Simo-anuncia-la-seua-candidatura-com-a-alcaldable-socialista-Castello-mereix-un-govern-que-escolte-i-resolga-scaled-e1788519204401.jpg?fit=1920%2C1442&ssl=1","datePublished":"2026-09-04T10:52:04+00:00","dateModified":"2026-09-04T10:54:35+00:00","breadcrumb":{"@id":"https:\/\/agrupacionespsoe.es\/castello\/va\/rafa-simo-anuncia-la-seua-candidatura-com-a-alcaldable-socialista-castello-mereix-un-govern-que-escolte-i-resolga\/#breadcrumb"},"inLanguage":"es","potentialAction":[{"@type":"ReadAction","target":["https:\/\/agrupacionespsoe.es\/castello\/va\/rafa-simo-anuncia-la-seua-candidatura-com-a-alcaldable-socialista-castello-mereix-un-govern-que-escolte-i-resolga\/"]}]},{"@type":"ImageObject","inLanguage":"es","@id":"https:\/\/agrupacionespsoe.es\/castello\/va\/rafa-simo-anuncia-la-seua-candidatura-com-a-alcaldable-socialista-castello-mereix-un-govern-que-escolte-i-resolga\/#primaryimage","url":"https:\/\/i0.wp.com\/agrupacionespsoe.es\/castello\/wp-content\/uploads\/sites\/45\/2026\/09\/20260904-Rafa-Simo-anuncia-la-seua-candidatura-com-a-alcaldable-socialista-Castello-mereix-un-govern-que-escolte-i-resolga-scaled-e1788519204401.jpg?fit=1920%2C1442&ssl=1","contentUrl":"https:\/\/i0.wp.com\/agrupacionespsoe.es\/castello\/wp-content\/uploads\/sites\/45\/2026\/09\/20260904-Rafa-Simo-anuncia-la-seua-candidatura-com-a-alcaldable-socialista-Castello-mereix-un-govern-que-escolte-i-resolga-scaled-e1788519204401.jpg?fit=1920%2C1442&ssl=1","width":1920,"height":1442},{"@type":"BreadcrumbList","@id":"https:\/\/agrupacionespsoe.es\/castello\/va\/rafa-simo-anuncia-la-seua-candidatura-com-a-alcaldable-socialista-castello-mereix-un-govern-que-escolte-i-resolga\/#breadcrumb","itemListElement":[{"@type":"ListItem","position":1,"name":"Portada","item":"https:\/\/agrupacionespsoe.es\/castello\/"},{"@type":"ListItem","position":2,"name":"Rafa Sim\u00f3 anuncia la seua candidatura com a alcaldable socialista: \u201cCastell\u00f3 mereix un govern que escolte i resolga\u201d"}]},{"@type":"WebSite","@id":"https:\/\/agrupacionespsoe.es\/castello\/#website","url":"https:\/\/agrupacionespsoe.es\/castello\/","name":"PSPV-PSOE CASTELL\u00d3","description":"PSPV-PSOE | Agrupaci\u00f3 de Castell\u00f3","publisher":{"@id":"https:\/\/agrupacionespsoe.es\/castello\/#organization"},"potentialAction":[{"@type":"SearchAction","target":{"@type":"EntryPoint","urlTemplate":"https:\/\/agrupacionespsoe.es\/castello\/?s={search_term_string}"},"query-input":{"@type":"PropertyValueSpecification","valueRequired":true,"valueName":"search_term_string"}}],"inLanguage":"es"},{"@type":"Organization","@id":"https:\/\/agrupacionespsoe.es\/castello\/#organization","name":"PSPV-PSOE Castell\u00f3","url":"https:\/\/agrupacionespsoe.es\/castello\/","logo":{"@type":"ImageObject","inLanguage":"es","@id":"https:\/\/agrupacionespsoe.es\/castello\/#\/schema\/logo\/image\/","url":"https:\/\/agrupacionespsoe.es\/castello\/wp-content\/uploads\/sites\/45\/2023\/04\/PORTADA-PSOE-CASTELLO.jpg","contentUrl":"https:\/\/agrupacionespsoe.es\/castello\/wp-content\/uploads\/sites\/45\/2023\/04\/PORTADA-PSOE-CASTELLO.jpg","width":2500,"height":2500,"caption":"PSPV-PSOE Castell\u00f3"},"image":{"@id":"https:\/\/agrupacionespsoe.es\/castello\/#\/schema\/logo\/image\/"},"sameAs":["https:\/\/www.facebook.com\/pspv.castellodelaplana","https:\/\/x.com\/pspv_cs","https:\/\/www.instagram.com\/pspvpsoecastello\/"]},{"@type":"Person","@id":"https:\/\/agrupacionespsoe.es\/castello\/#\/schema\/person\/f3bc5b2f9dc6a399e9e98596ae24a20a","name":"castello1","image":{"@type":"ImageObject","inLanguage":"es","@id":"https:\/\/agrupacionespsoe.es\/castello\/#\/schema\/person\/image\/","url":"https:\/\/secure.gravatar.com\/avatar\/5f1da428d6479d1127419c0b58796865?s=96&d=mm&r=g","contentUrl":"https:\/\/secure.gravatar.com\/avatar\/5f1da428d6479d1127419c0b58796865?s=96&d=mm&r=g","caption":"castello1"},"url":"https:\/\/agrupacionespsoe.es\/castello\/author\/castello1\/"}]}},"jetpack_publicize_connections":[],"jetpack_featured_media_url":"https:\/\/i0.wp.com\/agrupacionespsoe.es\/castello\/wp-content\/uploads\/sites\/45\/2026\/09\/20260904-Rafa-Simo-anuncia-la-seua-candidatura-com-a-alcaldable-socialista-Castello-mereix-un-govern-que-escolte-i-resolga-scaled-e1788519204401.jpg?fit=1920%2C1442&ssl=1","jetpack_sharing_enabled":true,"jetpack_shortlink":"https:\/\/wp.me\/pgSzTX-38b","_links":{"self":[{"href":"https:\/\/agrupacionespsoe.es\/castello\/wp-json\/wp\/v2\/posts\/12039","targetHints":{"allow":["GET"]}}],"collection":[{"href":"https:\/\/agrupacionespsoe.es\/castello\/wp-json\/wp\/v2\/posts"}],"about":[{"href":"https:\/\/agrupacionespsoe.es\/castello\/wp-json\/wp\/v2\/types\/post"}],"author":[{"embeddable":true,"href":"https:\/\/agrupacionespsoe.es\/castello\/wp-json\/wp\/v2\/users\/48"}],"replies":[{"embeddable":true,"href":"https:\/\/agrupacionespsoe.es\/castello\/wp-json\/wp\/v2\/comments?post=12039"}],"version-history":[{"count":2,"href":"https:\/\/agrupacionespsoe.es\/castello\/wp-json\/wp\/v2\/posts\/12039\/revisions"}],"predecessor-version":[{"id":12041,"href":"https:\/\/agrupacionespsoe.es\/castello\/wp-json\/wp\/v2\/posts\/12039\/revisions\/12041"}],"wp:featuredmedia":[{"embeddable":true,"href":"https:\/\/agrupacionespsoe.es\/castello\/wp-json\/wp\/v2\/media\/12036"}],"wp:attachment":[{"href":"https:\/\/agrupacionespsoe.es\/castello\/wp-json\/wp\/v2\/media?parent=12039"}],"wp:term":[{"taxonomy":"category","embeddable":true,"href":"https:\/\/agrupacionespsoe.es\/castello\/wp-json\/wp\/v2\/categories?post=12039"},{"taxonomy":"post_tag","embeddable":true,"href":"https:\/\/agrupacionespsoe.es\/castello\/wp-json\/wp\/v2\/tags?post=12039"}],"curies":[{"name":"wp","href":"https:\/\/api.w.org\/{rel}","templated":true}]}}