{"id":12034,"date":"2026-09-04T12:51:12","date_gmt":"2026-09-04T10:51:12","guid":{"rendered":"https:\/\/agrupacionespsoe.es\/castello\/?p=12034"},"modified":"2026-09-04T12:54:44","modified_gmt":"2026-09-04T10:54:44","slug":"rafa-simo-anuncia-su-candidatura-como-alcaldable-socialista-castello-merece-un-gobierno-que-escuche-y-resuelva","status":"publish","type":"post","link":"https:\/\/agrupacionespsoe.es\/castello\/rafa-simo-anuncia-su-candidatura-como-alcaldable-socialista-castello-merece-un-gobierno-que-escuche-y-resuelva\/","title":{"rendered":"Rafa Sim\u00f3 anuncia su candidatura como alcaldable socialista: \u201cCastell\u00f3 merece un gobierno que escuche y resuelva\u201d"},"content":{"rendered":"\n<figure class=\"wp-block-audio\"><audio controls src=\"https:\/\/agrupacionespsoe.es\/castello\/wp-content\/uploads\/sites\/45\/2026\/09\/20260904-Rafa-Simo-anuncia-la-seua-candidatura-com-a-alcaldable-socialista-Castello-mereix-un-govern-que-escolte-i-resolga.mp3\" autoplay><\/audio><\/figure>\n\n\n\n<p>El secretario general del PSPV-PSOE de Castell\u00f3, <a href=\"https:\/\/agrupacionespsoe.es\/castello\/tag\/rafa-simo\/\">Rafa Sim\u00f3<\/a>, ha formalizado este viernes su precandidatura a liderar la lista municipal socialista en las pr\u00f3ximas elecciones, en el primer d\u00eda del plazo establecido en el proceso de primarias que culminar\u00e1n con la elecci\u00f3n de los candidatos y candidatas a las elecciones municipales. Un gesto que, seg\u00fan ha explicado, responde a la &#8220;voluntad de dar certezas y empezar a trabajar cuanto antes por el futuro de la ciudad&#8221;.<\/p>\n\n\n\n<p>\u201cCastell\u00f3 merece m\u00e1s\u201d, ha afirmado el dirigente socialista. \u201cMerece un gobierno que salga a la calle a escuchar y a resolver, merece pol\u00edticas que afronten los problemas reales de la gente: la vivienda, los cuidados y la recuperaci\u00f3n y dignificaci\u00f3n de los barrios\u201d, se\u00f1ala Sim\u00f3, quien defiende \u201cuna alcaldesa que deje de preocuparse por las fotos para empezar a preocuparse por las personas\u201d.<\/p>\n\n\n\n<p>El l\u00edder socialista ha insistido en que su proyecto representa &#8220;un punto de inflexi\u00f3n&#8221; frente a una alcaldesa que, a su juicio, &#8220;ha perdido el pulso de la ciudad&#8221;. &#8220;Castell\u00f3 necesita soluciones en los barrios, necesita vivienda accesible y servicios p\u00fablicos fuertes que sostengan la vida de las familias, de los trabajadores y trabajadoras, de los j\u00f3venes y los mayores&#8221;, ha se\u00f1alado.<\/p>\n\n\n\n<p>Cabe recordar que Sim\u00f3 ha obtenido el apoyo mayoritario de la militancia en las sucesivas asambleas celebradas desde que asumi\u00f3 la secretar\u00eda general de la agrupaci\u00f3n local hace dos a\u00f1os. Durante este periodo, ha logrado revitalizar la actividad del partido tanto en el plano interno como externo, con un programa completo de actividades en la Casa del Pueblo que ha acercado la labor de los cargos institucionales a las bases. El partido ha abordado y debatido sobre cuestiones clave para Castell\u00f3 \u2014como el acceso a la vivienda, los cuidados, la sanidad y la educaci\u00f3n p\u00fablicas, la migraci\u00f3n o la lucha contra el cambio clim\u00e1tico\u2014, escuchando las propuestas de militantes, simpatizantes y expertos y expertas en distintas materias para construir un programa de ciudad participado y arraigado en la realidad social.<\/p>\n\n\n\n<p>El equipo de Rafa Sim\u00f3 tambi\u00e9n ha impulsado campa\u00f1as informativas para la ciudadan\u00eda en temas de impacto directo, como la tasa de basuras, demostrando un compromiso constante con los problemas cotidianos de la ciudadan\u00eda; y ha llevado a cabo una intensa campa\u00f1a de visitas a barrios, recogiendo las quejas, las inquietudes y las propuestas de los vecinos y vecinas a pie de calle.<\/p>\n\n\n\n<p>Adem\u00e1s, la ejecutiva municipal ha desarrollado una oposici\u00f3n firme y coordinada con el grupo municipal socialista, fiscalizando la gesti\u00f3n del gobierno del PP y Vox y denunciando la falta de inversiones en servicios p\u00fablicos, as\u00ed como la deriva reaccionaria de sus pol\u00edticas y discursos.<\/p>\n","protected":false},"excerpt":{"rendered":"<p>El secretario general del PSPV-PSOE de Castell\u00f3, Rafa Sim\u00f3, ha formalizado este viernes su precandidatura a liderar la lista municipal socialista en las pr\u00f3ximas elecciones, en el primer d\u00eda del plazo establecido en el proceso de primarias que culminar\u00e1n con la elecci\u00f3n de los candidatos y candidatas a las elecciones municipales. Un gesto que, seg\u00fan &#8230;<\/p>\n","protected":false},"author":48,"featured_media":12036,"comment_status":"open","ping_status":"open","sticky":false,"template":"","format":"standard","meta":{"jetpack_post_was_ever_published":false,"_jetpack_newsletter_access":"","_jetpack_dont_email_post_to_subs":false,"_jetpack_newsletter_tier_id":0,"_jetpack_memberships_contains_paywalled_content":false,"_jetpack_memberships_contains_paid_content":false,"footnotes":"","jetpack_publicize_message":"","jetpack_publicize_feature_enabled":true,"jetpack_social_post_already_shared":true,"jetpack_social_options":{"image_generator_settings":{"template":"highway","default_image_id":0,"font":"","enabled":false},"version":2}},"categories":[35],"tags":[423,448],"class_list":["post-12034","post","type-post","status-publish","format-standard","has-post-thumbnail","hentry","category-agrupacio-municipal","tag-rafa-simo","tag-todos-es"],"yoast_head":"<!-- This site is optimized with the Yoast SEO plugin v24.0 - https:\/\/yoast.com\/wordpress\/plugins\/seo\/ -->\n<title>Rafa Sim\u00f3 anuncia su candidatura como alcaldable socialista: \u201cCastell\u00f3 merece un gobierno que escuche y resuelva\u201d - PSPV-PSOE CASTELL\u00d3<\/title>\n<meta name=\"robots\" content=\"index, follow, max-snippet:-1, max-image-preview:large, max-video-preview:-1\" \/>\n<link rel=\"canonical\" href=\"https:\/\/agrupacionespsoe.es\/castello\/rafa-simo-anuncia-su-candidatura-como-alcaldable-socialista-castello-merece-un-gobierno-que-escuche-y-resuelva\/\" \/>\n<meta property=\"og:locale\" content=\"es_ES\" \/>\n<meta property=\"og:type\" content=\"article\" \/>\n<meta property=\"og:title\" content=\"Rafa Sim\u00f3 anuncia su candidatura como alcaldable socialista: \u201cCastell\u00f3 merece un gobierno que escuche y resuelva\u201d - PSPV-PSOE CASTELL\u00d3\" \/>\n<meta property=\"og:description\" content=\"El secretario general del PSPV-PSOE de Castell\u00f3, Rafa Sim\u00f3, ha formalizado este viernes su precandidatura a liderar la lista municipal socialista en las pr\u00f3ximas elecciones, en el primer d\u00eda del plazo establecido en el proceso de primarias que culminar\u00e1n con la elecci\u00f3n de los candidatos y candidatas a las elecciones municipales. Un gesto que, seg\u00fan ...\" \/>\n<meta property=\"og:url\" content=\"https:\/\/agrupacionespsoe.es\/castello\/rafa-simo-anuncia-su-candidatura-como-alcaldable-socialista-castello-merece-un-gobierno-que-escuche-y-resuelva\/\" \/>\n<meta property=\"og:site_name\" content=\"PSPV-PSOE CASTELL\u00d3\" \/>\n<meta property=\"article:publisher\" content=\"https:\/\/www.facebook.com\/pspv.castellodelaplana\" \/>\n<meta property=\"article:published_time\" content=\"2026-09-04T10:51:12+00:00\" \/>\n<meta property=\"article:modified_time\" content=\"2026-09-04T10:54:44+00:00\" \/>\n<meta property=\"og:image\" content=\"https:\/\/agrupacionespsoe.es\/castello\/wp-content\/uploads\/sites\/45\/2026\/09\/20260904-Rafa-Simo-anuncia-la-seua-candidatura-com-a-alcaldable-socialista-Castello-mereix-un-govern-que-escolte-i-resolga-scaled-e1788519204401.jpg\" \/>\n\t<meta property=\"og:image:width\" content=\"1920\" \/>\n\t<meta property=\"og:image:height\" content=\"1442\" \/>\n\t<meta property=\"og:image:type\" content=\"image\/jpeg\" \/>\n<meta name=\"author\" content=\"castello1\" \/>\n<meta name=\"twitter:card\" content=\"summary_large_image\" \/>\n<meta name=\"twitter:creator\" content=\"@pspv_cs\" \/>\n<meta name=\"twitter:site\" content=\"@pspv_cs\" \/>\n<meta name=\"twitter:label1\" content=\"Escrito por\" \/>\n\t<meta name=\"twitter:data1\" content=\"castello1\" \/>\n\t<meta name=\"twitter:label2\" content=\"Tiempo de lectura\" \/>\n\t<meta name=\"twitter:data2\" content=\"3 minutos\" \/>\n<script type=\"application\/ld+json\" class=\"yoast-schema-graph\">{\"@context\":\"https:\/\/schema.org\",\"@graph\":[{\"@type\":\"Article\",\"@id\":\"https:\/\/agrupacionespsoe.es\/castello\/rafa-simo-anuncia-su-candidatura-como-alcaldable-socialista-castello-merece-un-gobierno-que-escuche-y-resuelva\/#article\",\"isPartOf\":{\"@id\":\"https:\/\/agrupacionespsoe.es\/castello\/rafa-simo-anuncia-su-candidatura-como-alcaldable-socialista-castello-merece-un-gobierno-que-escuche-y-resuelva\/\"},\"author\":{\"name\":\"castello1\",\"@id\":\"https:\/\/agrupacionespsoe.es\/castello\/#\/schema\/person\/f3bc5b2f9dc6a399e9e98596ae24a20a\"},\"headline\":\"Rafa Sim\u00f3 anuncia su candidatura como alcaldable socialista: \u201cCastell\u00f3 merece un gobierno que escuche y resuelva\u201d\",\"datePublished\":\"2026-09-04T10:51:12+00:00\",\"dateModified\":\"2026-09-04T10:54:44+00:00\",\"mainEntityOfPage\":{\"@id\":\"https:\/\/agrupacionespsoe.es\/castello\/rafa-simo-anuncia-su-candidatura-como-alcaldable-socialista-castello-merece-un-gobierno-que-escuche-y-resuelva\/\"},\"wordCount\":486,\"commentCount\":0,\"publisher\":{\"@id\":\"https:\/\/agrupacionespsoe.es\/castello\/#organization\"},\"image\":{\"@id\":\"https:\/\/agrupacionespsoe.es\/castello\/rafa-simo-anuncia-su-candidatura-como-alcaldable-socialista-castello-merece-un-gobierno-que-escuche-y-resuelva\/#primaryimage\"},\"thumbnailUrl\":\"https:\/\/i0.wp.com\/agrupacionespsoe.es\/castello\/wp-content\/uploads\/sites\/45\/2026\/09\/20260904-Rafa-Simo-anuncia-la-seua-candidatura-com-a-alcaldable-socialista-Castello-mereix-un-govern-que-escolte-i-resolga-scaled-e1788519204401.jpg?fit=1920%2C1442&ssl=1\",\"keywords\":[\"Rafa Sim\u00f3\",\"Todos\"],\"articleSection\":[\"Agrupaci\u00f3n Municipal\"],\"inLanguage\":\"es\",\"potentialAction\":[{\"@type\":\"CommentAction\",\"name\":\"Comment\",\"target\":[\"https:\/\/agrupacionespsoe.es\/castello\/rafa-simo-anuncia-su-candidatura-como-alcaldable-socialista-castello-merece-un-gobierno-que-escuche-y-resuelva\/#respond\"]}]},{\"@type\":\"WebPage\",\"@id\":\"https:\/\/agrupacionespsoe.es\/castello\/rafa-simo-anuncia-su-candidatura-como-alcaldable-socialista-castello-merece-un-gobierno-que-escuche-y-resuelva\/\",\"url\":\"https:\/\/agrupacionespsoe.es\/castello\/rafa-simo-anuncia-su-candidatura-como-alcaldable-socialista-castello-merece-un-gobierno-que-escuche-y-resuelva\/\",\"name\":\"Rafa Sim\u00f3 anuncia su candidatura como alcaldable socialista: \u201cCastell\u00f3 merece un gobierno que escuche y resuelva\u201d - PSPV-PSOE CASTELL\u00d3\",\"isPartOf\":{\"@id\":\"https:\/\/agrupacionespsoe.es\/castello\/#website\"},\"primaryImageOfPage\":{\"@id\":\"https:\/\/agrupacionespsoe.es\/castello\/rafa-simo-anuncia-su-candidatura-como-alcaldable-socialista-castello-merece-un-gobierno-que-escuche-y-resuelva\/#primaryimage\"},\"image\":{\"@id\":\"https:\/\/agrupacionespsoe.es\/castello\/rafa-simo-anuncia-su-candidatura-como-alcaldable-socialista-castello-merece-un-gobierno-que-escuche-y-resuelva\/#primaryimage\"},\"thumbnailUrl\":\"https:\/\/i0.wp.com\/agrupacionespsoe.es\/castello\/wp-content\/uploads\/sites\/45\/2026\/09\/20260904-Rafa-Simo-anuncia-la-seua-candidatura-com-a-alcaldable-socialista-Castello-mereix-un-govern-que-escolte-i-resolga-scaled-e1788519204401.jpg?fit=1920%2C1442&ssl=1\",\"datePublished\":\"2026-09-04T10:51:12+00:00\",\"dateModified\":\"2026-09-04T10:54:44+00:00\",\"breadcrumb\":{\"@id\":\"https:\/\/agrupacionespsoe.es\/castello\/rafa-simo-anuncia-su-candidatura-como-alcaldable-socialista-castello-merece-un-gobierno-que-escuche-y-resuelva\/#breadcrumb\"},\"inLanguage\":\"es\",\"potentialAction\":[{\"@type\":\"ReadAction\",\"target\":[\"https:\/\/agrupacionespsoe.es\/castello\/rafa-simo-anuncia-su-candidatura-como-alcaldable-socialista-castello-merece-un-gobierno-que-escuche-y-resuelva\/\"]}]},{\"@type\":\"ImageObject\",\"inLanguage\":\"es\",\"@id\":\"https:\/\/agrupacionespsoe.es\/castello\/rafa-simo-anuncia-su-candidatura-como-alcaldable-socialista-castello-merece-un-gobierno-que-escuche-y-resuelva\/#primaryimage\",\"url\":\"https:\/\/i0.wp.com\/agrupacionespsoe.es\/castello\/wp-content\/uploads\/sites\/45\/2026\/09\/20260904-Rafa-Simo-anuncia-la-seua-candidatura-com-a-alcaldable-socialista-Castello-mereix-un-govern-que-escolte-i-resolga-scaled-e1788519204401.jpg?fit=1920%2C1442&ssl=1\",\"contentUrl\":\"https:\/\/i0.wp.com\/agrupacionespsoe.es\/castello\/wp-content\/uploads\/sites\/45\/2026\/09\/20260904-Rafa-Simo-anuncia-la-seua-candidatura-com-a-alcaldable-socialista-Castello-mereix-un-govern-que-escolte-i-resolga-scaled-e1788519204401.jpg?fit=1920%2C1442&ssl=1\",\"width\":1920,\"height\":1442},{\"@type\":\"BreadcrumbList\",\"@id\":\"https:\/\/agrupacionespsoe.es\/castello\/rafa-simo-anuncia-su-candidatura-como-alcaldable-socialista-castello-merece-un-gobierno-que-escuche-y-resuelva\/#breadcrumb\",\"itemListElement\":[{\"@type\":\"ListItem\",\"position\":1,\"name\":\"Portada\",\"item\":\"https:\/\/agrupacionespsoe.es\/castello\/\"},{\"@type\":\"ListItem\",\"position\":2,\"name\":\"Rafa Sim\u00f3 anuncia su candidatura como alcaldable socialista: \u201cCastell\u00f3 merece un gobierno que escuche y resuelva\u201d\"}]},{\"@type\":\"WebSite\",\"@id\":\"https:\/\/agrupacionespsoe.es\/castello\/#website\",\"url\":\"https:\/\/agrupacionespsoe.es\/castello\/\",\"name\":\"PSPV-PSOE CASTELL\u00d3\",\"description\":\"PSPV-PSOE | Agrupaci\u00f3 de Castell\u00f3\",\"publisher\":{\"@id\":\"https:\/\/agrupacionespsoe.es\/castello\/#organization\"},\"potentialAction\":[{\"@type\":\"SearchAction\",\"target\":{\"@type\":\"EntryPoint\",\"urlTemplate\":\"https:\/\/agrupacionespsoe.es\/castello\/?s={search_term_string}\"},\"query-input\":{\"@type\":\"PropertyValueSpecification\",\"valueRequired\":true,\"valueName\":\"search_term_string\"}}],\"inLanguage\":\"es\"},{\"@type\":\"Organization\",\"@id\":\"https:\/\/agrupacionespsoe.es\/castello\/#organization\",\"name\":\"PSPV-PSOE Castell\u00f3\",\"url\":\"https:\/\/agrupacionespsoe.es\/castello\/\",\"logo\":{\"@type\":\"ImageObject\",\"inLanguage\":\"es\",\"@id\":\"https:\/\/agrupacionespsoe.es\/castello\/#\/schema\/logo\/image\/\",\"url\":\"https:\/\/agrupacionespsoe.es\/castello\/wp-content\/uploads\/sites\/45\/2023\/04\/PORTADA-PSOE-CASTELLO.jpg\",\"contentUrl\":\"https:\/\/agrupacionespsoe.es\/castello\/wp-content\/uploads\/sites\/45\/2023\/04\/PORTADA-PSOE-CASTELLO.jpg\",\"width\":2500,\"height\":2500,\"caption\":\"PSPV-PSOE Castell\u00f3\"},\"image\":{\"@id\":\"https:\/\/agrupacionespsoe.es\/castello\/#\/schema\/logo\/image\/\"},\"sameAs\":[\"https:\/\/www.facebook.com\/pspv.castellodelaplana\",\"https:\/\/x.com\/pspv_cs\",\"https:\/\/www.instagram.com\/pspvpsoecastello\/\"]},{\"@type\":\"Person\",\"@id\":\"https:\/\/agrupacionespsoe.es\/castello\/#\/schema\/person\/f3bc5b2f9dc6a399e9e98596ae24a20a\",\"name\":\"castello1\",\"image\":{\"@type\":\"ImageObject\",\"inLanguage\":\"es\",\"@id\":\"https:\/\/agrupacionespsoe.es\/castello\/#\/schema\/person\/image\/\",\"url\":\"https:\/\/secure.gravatar.com\/avatar\/5f1da428d6479d1127419c0b58796865?s=96&d=mm&r=g\",\"contentUrl\":\"https:\/\/secure.gravatar.com\/avatar\/5f1da428d6479d1127419c0b58796865?s=96&d=mm&r=g\",\"caption\":\"castello1\"},\"url\":\"https:\/\/agrupacionespsoe.es\/castello\/author\/castello1\/\"}]}<\/script>\n<!-- \/ Yoast SEO plugin. -->","yoast_head_json":{"title":"Rafa Sim\u00f3 anuncia su candidatura como alcaldable socialista: \u201cCastell\u00f3 merece un gobierno que escuche y resuelva\u201d - PSPV-PSOE CASTELL\u00d3","robots":{"index":"index","follow":"follow","max-snippet":"max-snippet:-1","max-image-preview":"max-image-preview:large","max-video-preview":"max-video-preview:-1"},"canonical":"https:\/\/agrupacionespsoe.es\/castello\/rafa-simo-anuncia-su-candidatura-como-alcaldable-socialista-castello-merece-un-gobierno-que-escuche-y-resuelva\/","og_locale":"es_ES","og_type":"article","og_title":"Rafa Sim\u00f3 anuncia su candidatura como alcaldable socialista: \u201cCastell\u00f3 merece un gobierno que escuche y resuelva\u201d - PSPV-PSOE CASTELL\u00d3","og_description":"El secretario general del PSPV-PSOE de Castell\u00f3, Rafa Sim\u00f3, ha formalizado este viernes su precandidatura a liderar la lista municipal socialista en las pr\u00f3ximas elecciones, en el primer d\u00eda del plazo establecido en el proceso de primarias que culminar\u00e1n con la elecci\u00f3n de los candidatos y candidatas a las elecciones municipales. Un gesto que, seg\u00fan ...","og_url":"https:\/\/agrupacionespsoe.es\/castello\/rafa-simo-anuncia-su-candidatura-como-alcaldable-socialista-castello-merece-un-gobierno-que-escuche-y-resuelva\/","og_site_name":"PSPV-PSOE CASTELL\u00d3","article_publisher":"https:\/\/www.facebook.com\/pspv.castellodelaplana","article_published_time":"2026-09-04T10:51:12+00:00","article_modified_time":"2026-09-04T10:54:44+00:00","og_image":[{"width":1920,"height":1442,"url":"https:\/\/agrupacionespsoe.es\/castello\/wp-content\/uploads\/sites\/45\/2026\/09\/20260904-Rafa-Simo-anuncia-la-seua-candidatura-com-a-alcaldable-socialista-Castello-mereix-un-govern-que-escolte-i-resolga-scaled-e1788519204401.jpg","type":"image\/jpeg"}],"author":"castello1","twitter_card":"summary_large_image","twitter_creator":"@pspv_cs","twitter_site":"@pspv_cs","twitter_misc":{"Escrito por":"castello1","Tiempo de lectura":"3 minutos"},"schema":{"@context":"https:\/\/schema.org","@graph":[{"@type":"Article","@id":"https:\/\/agrupacionespsoe.es\/castello\/rafa-simo-anuncia-su-candidatura-como-alcaldable-socialista-castello-merece-un-gobierno-que-escuche-y-resuelva\/#article","isPartOf":{"@id":"https:\/\/agrupacionespsoe.es\/castello\/rafa-simo-anuncia-su-candidatura-como-alcaldable-socialista-castello-merece-un-gobierno-que-escuche-y-resuelva\/"},"author":{"name":"castello1","@id":"https:\/\/agrupacionespsoe.es\/castello\/#\/schema\/person\/f3bc5b2f9dc6a399e9e98596ae24a20a"},"headline":"Rafa Sim\u00f3 anuncia su candidatura como alcaldable socialista: \u201cCastell\u00f3 merece un gobierno que escuche y resuelva\u201d","datePublished":"2026-09-04T10:51:12+00:00","dateModified":"2026-09-04T10:54:44+00:00","mainEntityOfPage":{"@id":"https:\/\/agrupacionespsoe.es\/castello\/rafa-simo-anuncia-su-candidatura-como-alcaldable-socialista-castello-merece-un-gobierno-que-escuche-y-resuelva\/"},"wordCount":486,"commentCount":0,"publisher":{"@id":"https:\/\/agrupacionespsoe.es\/castello\/#organization"},"image":{"@id":"https:\/\/agrupacionespsoe.es\/castello\/rafa-simo-anuncia-su-candidatura-como-alcaldable-socialista-castello-merece-un-gobierno-que-escuche-y-resuelva\/#primaryimage"},"thumbnailUrl":"https:\/\/i0.wp.com\/agrupacionespsoe.es\/castello\/wp-content\/uploads\/sites\/45\/2026\/09\/20260904-Rafa-Simo-anuncia-la-seua-candidatura-com-a-alcaldable-socialista-Castello-mereix-un-govern-que-escolte-i-resolga-scaled-e1788519204401.jpg?fit=1920%2C1442&ssl=1","keywords":["Rafa Sim\u00f3","Todos"],"articleSection":["Agrupaci\u00f3n Municipal"],"inLanguage":"es","potentialAction":[{"@type":"CommentAction","name":"Comment","target":["https:\/\/agrupacionespsoe.es\/castello\/rafa-simo-anuncia-su-candidatura-como-alcaldable-socialista-castello-merece-un-gobierno-que-escuche-y-resuelva\/#respond"]}]},{"@type":"WebPage","@id":"https:\/\/agrupacionespsoe.es\/castello\/rafa-simo-anuncia-su-candidatura-como-alcaldable-socialista-castello-merece-un-gobierno-que-escuche-y-resuelva\/","url":"https:\/\/agrupacionespsoe.es\/castello\/rafa-simo-anuncia-su-candidatura-como-alcaldable-socialista-castello-merece-un-gobierno-que-escuche-y-resuelva\/","name":"Rafa Sim\u00f3 anuncia su candidatura como alcaldable socialista: \u201cCastell\u00f3 merece un gobierno que escuche y resuelva\u201d - PSPV-PSOE CASTELL\u00d3","isPartOf":{"@id":"https:\/\/agrupacionespsoe.es\/castello\/#website"},"primaryImageOfPage":{"@id":"https:\/\/agrupacionespsoe.es\/castello\/rafa-simo-anuncia-su-candidatura-como-alcaldable-socialista-castello-merece-un-gobierno-que-escuche-y-resuelva\/#primaryimage"},"image":{"@id":"https:\/\/agrupacionespsoe.es\/castello\/rafa-simo-anuncia-su-candidatura-como-alcaldable-socialista-castello-merece-un-gobierno-que-escuche-y-resuelva\/#primaryimage"},"thumbnailUrl":"https:\/\/i0.wp.com\/agrupacionespsoe.es\/castello\/wp-content\/uploads\/sites\/45\/2026\/09\/20260904-Rafa-Simo-anuncia-la-seua-candidatura-com-a-alcaldable-socialista-Castello-mereix-un-govern-que-escolte-i-resolga-scaled-e1788519204401.jpg?fit=1920%2C1442&ssl=1","datePublished":"2026-09-04T10:51:12+00:00","dateModified":"2026-09-04T10:54:44+00:00","breadcrumb":{"@id":"https:\/\/agrupacionespsoe.es\/castello\/rafa-simo-anuncia-su-candidatura-como-alcaldable-socialista-castello-merece-un-gobierno-que-escuche-y-resuelva\/#breadcrumb"},"inLanguage":"es","potentialAction":[{"@type":"ReadAction","target":["https:\/\/agrupacionespsoe.es\/castello\/rafa-simo-anuncia-su-candidatura-como-alcaldable-socialista-castello-merece-un-gobierno-que-escuche-y-resuelva\/"]}]},{"@type":"ImageObject","inLanguage":"es","@id":"https:\/\/agrupacionespsoe.es\/castello\/rafa-simo-anuncia-su-candidatura-como-alcaldable-socialista-castello-merece-un-gobierno-que-escuche-y-resuelva\/#primaryimage","url":"https:\/\/i0.wp.com\/agrupacionespsoe.es\/castello\/wp-content\/uploads\/sites\/45\/2026\/09\/20260904-Rafa-Simo-anuncia-la-seua-candidatura-com-a-alcaldable-socialista-Castello-mereix-un-govern-que-escolte-i-resolga-scaled-e1788519204401.jpg?fit=1920%2C1442&ssl=1","contentUrl":"https:\/\/i0.wp.com\/agrupacionespsoe.es\/castello\/wp-content\/uploads\/sites\/45\/2026\/09\/20260904-Rafa-Simo-anuncia-la-seua-candidatura-com-a-alcaldable-socialista-Castello-mereix-un-govern-que-escolte-i-resolga-scaled-e1788519204401.jpg?fit=1920%2C1442&ssl=1","width":1920,"height":1442},{"@type":"BreadcrumbList","@id":"https:\/\/agrupacionespsoe.es\/castello\/rafa-simo-anuncia-su-candidatura-como-alcaldable-socialista-castello-merece-un-gobierno-que-escuche-y-resuelva\/#breadcrumb","itemListElement":[{"@type":"ListItem","position":1,"name":"Portada","item":"https:\/\/agrupacionespsoe.es\/castello\/"},{"@type":"ListItem","position":2,"name":"Rafa Sim\u00f3 anuncia su candidatura como alcaldable socialista: \u201cCastell\u00f3 merece un gobierno que escuche y resuelva\u201d"}]},{"@type":"WebSite","@id":"https:\/\/agrupacionespsoe.es\/castello\/#website","url":"https:\/\/agrupacionespsoe.es\/castello\/","name":"PSPV-PSOE CASTELL\u00d3","description":"PSPV-PSOE | Agrupaci\u00f3 de Castell\u00f3","publisher":{"@id":"https:\/\/agrupacionespsoe.es\/castello\/#organization"},"potentialAction":[{"@type":"SearchAction","target":{"@type":"EntryPoint","urlTemplate":"https:\/\/agrupacionespsoe.es\/castello\/?s={search_term_string}"},"query-input":{"@type":"PropertyValueSpecification","valueRequired":true,"valueName":"search_term_string"}}],"inLanguage":"es"},{"@type":"Organization","@id":"https:\/\/agrupacionespsoe.es\/castello\/#organization","name":"PSPV-PSOE Castell\u00f3","url":"https:\/\/agrupacionespsoe.es\/castello\/","logo":{"@type":"ImageObject","inLanguage":"es","@id":"https:\/\/agrupacionespsoe.es\/castello\/#\/schema\/logo\/image\/","url":"https:\/\/agrupacionespsoe.es\/castello\/wp-content\/uploads\/sites\/45\/2023\/04\/PORTADA-PSOE-CASTELLO.jpg","contentUrl":"https:\/\/agrupacionespsoe.es\/castello\/wp-content\/uploads\/sites\/45\/2023\/04\/PORTADA-PSOE-CASTELLO.jpg","width":2500,"height":2500,"caption":"PSPV-PSOE Castell\u00f3"},"image":{"@id":"https:\/\/agrupacionespsoe.es\/castello\/#\/schema\/logo\/image\/"},"sameAs":["https:\/\/www.facebook.com\/pspv.castellodelaplana","https:\/\/x.com\/pspv_cs","https:\/\/www.instagram.com\/pspvpsoecastello\/"]},{"@type":"Person","@id":"https:\/\/agrupacionespsoe.es\/castello\/#\/schema\/person\/f3bc5b2f9dc6a399e9e98596ae24a20a","name":"castello1","image":{"@type":"ImageObject","inLanguage":"es","@id":"https:\/\/agrupacionespsoe.es\/castello\/#\/schema\/person\/image\/","url":"https:\/\/secure.gravatar.com\/avatar\/5f1da428d6479d1127419c0b58796865?s=96&d=mm&r=g","contentUrl":"https:\/\/secure.gravatar.com\/avatar\/5f1da428d6479d1127419c0b58796865?s=96&d=mm&r=g","caption":"castello1"},"url":"https:\/\/agrupacionespsoe.es\/castello\/author\/castello1\/"}]}},"jetpack_publicize_connections":[],"jetpack_featured_media_url":"https:\/\/i0.wp.com\/agrupacionespsoe.es\/castello\/wp-content\/uploads\/sites\/45\/2026\/09\/20260904-Rafa-Simo-anuncia-la-seua-candidatura-com-a-alcaldable-socialista-Castello-mereix-un-govern-que-escolte-i-resolga-scaled-e1788519204401.jpg?fit=1920%2C1442&ssl=1","jetpack_sharing_enabled":true,"jetpack_shortlink":"https:\/\/wp.me\/pgSzTX-386","_links":{"self":[{"href":"https:\/\/agrupacionespsoe.es\/castello\/wp-json\/wp\/v2\/posts\/12034","targetHints":{"allow":["GET"]}}],"collection":[{"href":"https:\/\/agrupacionespsoe.es\/castello\/wp-json\/wp\/v2\/posts"}],"about":[{"href":"https:\/\/agrupacionespsoe.es\/castello\/wp-json\/wp\/v2\/types\/post"}],"author":[{"embeddable":true,"href":"https:\/\/agrupacionespsoe.es\/castello\/wp-json\/wp\/v2\/users\/48"}],"replies":[{"embeddable":true,"href":"https:\/\/agrupacionespsoe.es\/castello\/wp-json\/wp\/v2\/comments?post=12034"}],"version-history":[{"count":2,"href":"https:\/\/agrupacionespsoe.es\/castello\/wp-json\/wp\/v2\/posts\/12034\/revisions"}],"predecessor-version":[{"id":12038,"href":"https:\/\/agrupacionespsoe.es\/castello\/wp-json\/wp\/v2\/posts\/12034\/revisions\/12038"}],"wp:featuredmedia":[{"embeddable":true,"href":"https:\/\/agrupacionespsoe.es\/castello\/wp-json\/wp\/v2\/media\/12036"}],"wp:attachment":[{"href":"https:\/\/agrupacionespsoe.es\/castello\/wp-json\/wp\/v2\/media?parent=12034"}],"wp:term":[{"taxonomy":"category","embeddable":true,"href":"https:\/\/agrupacionespsoe.es\/castello\/wp-json\/wp\/v2\/categories?post=12034"},{"taxonomy":"post_tag","embeddable":true,"href":"https:\/\/agrupacionespsoe.es\/castello\/wp-json\/wp\/v2\/tags?post=12034"}],"curies":[{"name":"wp","href":"https:\/\/api.w.org\/{rel}","templated":true}]}}