{"id":12023,"date":"2026-09-04T10:02:28","date_gmt":"2026-09-04T08:02:28","guid":{"rendered":"https:\/\/agrupacionespsoe.es\/castello\/?p=12023"},"modified":"2026-09-04T10:04:53","modified_gmt":"2026-09-04T08:04:53","slug":"el-centre-urban-deixa-sense-data-linici-de-curs-i-elimina-les-activitats-per-a-menors-de-60","status":"publish","type":"post","link":"https:\/\/agrupacionespsoe.es\/castello\/va\/el-centre-urban-deixa-sense-data-linici-de-curs-i-elimina-les-activitats-per-a-menors-de-60\/","title":{"rendered":"El Centre Urban deixa sense data l\u2019inici de curs i elimina les activitats per a menors de 60"},"content":{"rendered":"\n<ul class=\"wp-block-list\">\n<li><em><em>El repartiment de bitllets hauria d&#8217;haver comen\u00e7at aquest dijous per\u00f2 el centre avisa per Whatsapp que esperen novetats per a finals de mes<\/em><\/em><\/li>\n<\/ul>\n\n\n\n<figure class=\"wp-block-audio\"><audio controls src=\"https:\/\/agrupacionespsoe.es\/castello\/wp-content\/uploads\/sites\/45\/2026\/09\/20260904-El-Centro-Urban-deja-sin-fecha-el-inicio-de-curso-y-elimina-las-actividades-para-menores-de-60.mp3\" autoplay><\/audio><\/figure>\n\n\n\n<p>El Centre Urban, situat en el districte oest de Castell\u00f3, ha retardat, de moment sense data, l&#8217;inici d&#8217;activitats del curs 2026\/2027 encara que ja ha comunicat a les persones usu\u00e0ries que enguany no hi haur\u00e0 programaci\u00f3 per a menors de 60 anys.<\/p>\n\n\n\n<p>\u201cPrimer deixen sense aire condicionat la biblioteca del Centre Urban durant tres anys, despr\u00e9s la inclouen en el mapa d&#8217;oasis clim\u00e0tics per\u00f2 la tanquen a l&#8217;agost i ara retarden sense data l&#8217;inici de la programaci\u00f3 i, damunt, la redueixen a persones majors de 60 anys\u201d, ha lamentat el portaveu adjunt, <a href=\"https:\/\/agrupacionespsoe.es\/castello\/va\/tag\/jose-luis-lopez-va\/\">Jos\u00e9 Luis L\u00f3pez<\/a>.<\/p>\n\n\n\n<p>Aix\u00ed ho confirmen els missatges difosos pel canal de Whatsapp del centre als usuaris: \u201cVolem comunicar-vos que el per\u00edode de repartiment de bitllets i matriculaci\u00f3 per a les activitats es retardar\u00e0 enguany. Si voleu, podeu cridar per a veure si hi ha alguna novetat a la fi de setembre\u201d. Cal recordar que el propi Ajuntament va marcar del 3 a l&#8217;11 de mes el repartiment de n\u00fameros per a realitzar el sorteig el dissabte 12 i tramitar les matr\u00edcules entre el 16 i el 30 de setembre.<\/p>\n\n\n\n<p>Ahora el Centre Urban deixa oberta la possibilitat al fet que siguen els usuaris els qui telefonen al centre \u201cper a veure si hi ha alguna novetat a la fi de setembre\u201d, si b\u00e9 desconeix quan estar\u00e0 llest el nou calendari.<\/p>\n\n\n\n<p>D&#8217;altra banda, un altre missatge dif\u00f3s pel mateix canal confirma: \u201cVolem informar-vos que enguany no eixir\u00e0 programaci\u00f3 per a menors de 60 any. L&#8217;activitat del centre ser\u00e0 exclusiva per a majors\u201d. Un missatge que culmina amb un agra\u00efment \u201ca totes les persones que heu format part del nostre dia a dia\u201d.<\/p>\n\n\n\n<p>El portaveu adjunt del Grup Municipal Socialista ha acusat el consistori de la difer\u00e8ncia de tracte que aplica l&#8217;Ajuntament de Castell\u00f3 segons la zona de resid\u00e8ncia del ve\u00efnat. \u201cNo pot ser que el codi postal marque que una persona tinga o no alternatives per a desenvolupar-se, aprendre o practicar un esport\u201d, segons aquesta part. \u201cL&#8217;aband\u00f3 al qual est\u00e0 sotm\u00e9s el districte oest \u00e9s una evid\u00e8ncia quant a inversions i serveis p\u00fablics\u201d, segons L\u00f3pez.<\/p>\n","protected":false},"excerpt":{"rendered":"<p>El Centre Urban, situat en el districte oest de Castell\u00f3, ha retardat, de moment sense data, l&#8217;inici d&#8217;activitats del curs 2026\/2027 encara que ja ha comunicat a les persones usu\u00e0ries que enguany no hi haur\u00e0 programaci\u00f3 per a menors de 60 anys. \u201cPrimer deixen sense aire condicionat la biblioteca del Centre Urban durant tres anys, &#8230;<\/p>\n","protected":false},"author":48,"featured_media":12021,"comment_status":"open","ping_status":"open","sticky":false,"template":"","format":"standard","meta":{"jetpack_post_was_ever_published":false,"_jetpack_newsletter_access":"","_jetpack_dont_email_post_to_subs":false,"_jetpack_newsletter_tier_id":0,"_jetpack_memberships_contains_paywalled_content":false,"_jetpack_memberships_contains_paid_content":false,"footnotes":"","jetpack_publicize_message":"","jetpack_publicize_feature_enabled":true,"jetpack_social_post_already_shared":true,"jetpack_social_options":{"image_generator_settings":{"template":"highway","default_image_id":0,"font":"","enabled":false},"version":2}},"categories":[22],"tags":[87,446],"class_list":["post-12023","post","type-post","status-publish","format-standard","has-post-thumbnail","hentry","category-gms-va","tag-jose-luis-lopez-va","tag-todos-va"],"yoast_head":"<!-- This site is optimized with the Yoast SEO plugin v24.0 - https:\/\/yoast.com\/wordpress\/plugins\/seo\/ -->\n<title>El Centre Urban deixa sense data l\u2019inici de curs i elimina les activitats per a menors de 60 - PSPV-PSOE CASTELL\u00d3<\/title>\n<meta name=\"robots\" content=\"index, follow, max-snippet:-1, max-image-preview:large, max-video-preview:-1\" \/>\n<link rel=\"canonical\" href=\"https:\/\/agrupacionespsoe.es\/castello\/va\/el-centre-urban-deixa-sense-data-linici-de-curs-i-elimina-les-activitats-per-a-menors-de-60\/\" \/>\n<meta property=\"og:locale\" content=\"es_ES\" \/>\n<meta property=\"og:type\" content=\"article\" \/>\n<meta property=\"og:title\" content=\"El Centre Urban deixa sense data l\u2019inici de curs i elimina les activitats per a menors de 60 - PSPV-PSOE CASTELL\u00d3\" \/>\n<meta property=\"og:description\" content=\"El Centre Urban, situat en el districte oest de Castell\u00f3, ha retardat, de moment sense data, l&#8217;inici d&#8217;activitats del curs 2026\/2027 encara que ja ha comunicat a les persones usu\u00e0ries que enguany no hi haur\u00e0 programaci\u00f3 per a menors de 60 anys. \u201cPrimer deixen sense aire condicionat la biblioteca del Centre Urban durant tres anys, ...\" \/>\n<meta property=\"og:url\" content=\"https:\/\/agrupacionespsoe.es\/castello\/va\/el-centre-urban-deixa-sense-data-linici-de-curs-i-elimina-les-activitats-per-a-menors-de-60\/\" \/>\n<meta property=\"og:site_name\" content=\"PSPV-PSOE CASTELL\u00d3\" \/>\n<meta property=\"article:publisher\" content=\"https:\/\/www.facebook.com\/pspv.castellodelaplana\" \/>\n<meta property=\"article:published_time\" content=\"2026-09-04T08:02:28+00:00\" \/>\n<meta property=\"article:modified_time\" content=\"2026-09-04T08:04:53+00:00\" \/>\n<meta property=\"og:image\" content=\"https:\/\/agrupacionespsoe.es\/castello\/wp-content\/uploads\/sites\/45\/2026\/09\/20260904-El-Centro-Urban-deja-sin-fecha-el-inicio-de-curso-y-elimina-las-actividades-para-menores-de-60.jpg\" \/>\n\t<meta property=\"og:image:width\" content=\"1600\" \/>\n\t<meta property=\"og:image:height\" content=\"1200\" \/>\n\t<meta property=\"og:image:type\" content=\"image\/jpeg\" \/>\n<meta name=\"author\" content=\"castello1\" \/>\n<meta name=\"twitter:card\" content=\"summary_large_image\" \/>\n<meta name=\"twitter:creator\" content=\"@pspv_cs\" \/>\n<meta name=\"twitter:site\" content=\"@pspv_cs\" \/>\n<meta name=\"twitter:label1\" content=\"Escrito por\" \/>\n\t<meta name=\"twitter:data1\" content=\"castello1\" \/>\n\t<meta name=\"twitter:label2\" content=\"Tiempo de lectura\" \/>\n\t<meta name=\"twitter:data2\" content=\"2 minutos\" \/>\n<script type=\"application\/ld+json\" class=\"yoast-schema-graph\">{\"@context\":\"https:\/\/schema.org\",\"@graph\":[{\"@type\":\"Article\",\"@id\":\"https:\/\/agrupacionespsoe.es\/castello\/va\/el-centre-urban-deixa-sense-data-linici-de-curs-i-elimina-les-activitats-per-a-menors-de-60\/#article\",\"isPartOf\":{\"@id\":\"https:\/\/agrupacionespsoe.es\/castello\/va\/el-centre-urban-deixa-sense-data-linici-de-curs-i-elimina-les-activitats-per-a-menors-de-60\/\"},\"author\":{\"name\":\"castello1\",\"@id\":\"https:\/\/agrupacionespsoe.es\/castello\/#\/schema\/person\/f3bc5b2f9dc6a399e9e98596ae24a20a\"},\"headline\":\"El Centre Urban deixa sense data l\u2019inici de curs i elimina les activitats per a menors de 60\",\"datePublished\":\"2026-09-04T08:02:28+00:00\",\"dateModified\":\"2026-09-04T08:04:53+00:00\",\"mainEntityOfPage\":{\"@id\":\"https:\/\/agrupacionespsoe.es\/castello\/va\/el-centre-urban-deixa-sense-data-linici-de-curs-i-elimina-les-activitats-per-a-menors-de-60\/\"},\"wordCount\":397,\"commentCount\":0,\"publisher\":{\"@id\":\"https:\/\/agrupacionespsoe.es\/castello\/#organization\"},\"image\":{\"@id\":\"https:\/\/agrupacionespsoe.es\/castello\/va\/el-centre-urban-deixa-sense-data-linici-de-curs-i-elimina-les-activitats-per-a-menors-de-60\/#primaryimage\"},\"thumbnailUrl\":\"https:\/\/i0.wp.com\/agrupacionespsoe.es\/castello\/wp-content\/uploads\/sites\/45\/2026\/09\/20260904-El-Centro-Urban-deja-sin-fecha-el-inicio-de-curso-y-elimina-las-actividades-para-menores-de-60.jpg?fit=1600%2C1200&ssl=1\",\"keywords\":[\"Jos\u00e9 Luis L\u00f3pez\",\"Todos\"],\"articleSection\":[\"Grup Municipal Socialista\"],\"inLanguage\":\"es\",\"potentialAction\":[{\"@type\":\"CommentAction\",\"name\":\"Comment\",\"target\":[\"https:\/\/agrupacionespsoe.es\/castello\/va\/el-centre-urban-deixa-sense-data-linici-de-curs-i-elimina-les-activitats-per-a-menors-de-60\/#respond\"]}]},{\"@type\":\"WebPage\",\"@id\":\"https:\/\/agrupacionespsoe.es\/castello\/va\/el-centre-urban-deixa-sense-data-linici-de-curs-i-elimina-les-activitats-per-a-menors-de-60\/\",\"url\":\"https:\/\/agrupacionespsoe.es\/castello\/va\/el-centre-urban-deixa-sense-data-linici-de-curs-i-elimina-les-activitats-per-a-menors-de-60\/\",\"name\":\"El Centre Urban deixa sense data l\u2019inici de curs i elimina les activitats per a menors de 60 - PSPV-PSOE CASTELL\u00d3\",\"isPartOf\":{\"@id\":\"https:\/\/agrupacionespsoe.es\/castello\/#website\"},\"primaryImageOfPage\":{\"@id\":\"https:\/\/agrupacionespsoe.es\/castello\/va\/el-centre-urban-deixa-sense-data-linici-de-curs-i-elimina-les-activitats-per-a-menors-de-60\/#primaryimage\"},\"image\":{\"@id\":\"https:\/\/agrupacionespsoe.es\/castello\/va\/el-centre-urban-deixa-sense-data-linici-de-curs-i-elimina-les-activitats-per-a-menors-de-60\/#primaryimage\"},\"thumbnailUrl\":\"https:\/\/i0.wp.com\/agrupacionespsoe.es\/castello\/wp-content\/uploads\/sites\/45\/2026\/09\/20260904-El-Centro-Urban-deja-sin-fecha-el-inicio-de-curso-y-elimina-las-actividades-para-menores-de-60.jpg?fit=1600%2C1200&ssl=1\",\"datePublished\":\"2026-09-04T08:02:28+00:00\",\"dateModified\":\"2026-09-04T08:04:53+00:00\",\"breadcrumb\":{\"@id\":\"https:\/\/agrupacionespsoe.es\/castello\/va\/el-centre-urban-deixa-sense-data-linici-de-curs-i-elimina-les-activitats-per-a-menors-de-60\/#breadcrumb\"},\"inLanguage\":\"es\",\"potentialAction\":[{\"@type\":\"ReadAction\",\"target\":[\"https:\/\/agrupacionespsoe.es\/castello\/va\/el-centre-urban-deixa-sense-data-linici-de-curs-i-elimina-les-activitats-per-a-menors-de-60\/\"]}]},{\"@type\":\"ImageObject\",\"inLanguage\":\"es\",\"@id\":\"https:\/\/agrupacionespsoe.es\/castello\/va\/el-centre-urban-deixa-sense-data-linici-de-curs-i-elimina-les-activitats-per-a-menors-de-60\/#primaryimage\",\"url\":\"https:\/\/i0.wp.com\/agrupacionespsoe.es\/castello\/wp-content\/uploads\/sites\/45\/2026\/09\/20260904-El-Centro-Urban-deja-sin-fecha-el-inicio-de-curso-y-elimina-las-actividades-para-menores-de-60.jpg?fit=1600%2C1200&ssl=1\",\"contentUrl\":\"https:\/\/i0.wp.com\/agrupacionespsoe.es\/castello\/wp-content\/uploads\/sites\/45\/2026\/09\/20260904-El-Centro-Urban-deja-sin-fecha-el-inicio-de-curso-y-elimina-las-actividades-para-menores-de-60.jpg?fit=1600%2C1200&ssl=1\",\"width\":1600,\"height\":1200},{\"@type\":\"BreadcrumbList\",\"@id\":\"https:\/\/agrupacionespsoe.es\/castello\/va\/el-centre-urban-deixa-sense-data-linici-de-curs-i-elimina-les-activitats-per-a-menors-de-60\/#breadcrumb\",\"itemListElement\":[{\"@type\":\"ListItem\",\"position\":1,\"name\":\"Portada\",\"item\":\"https:\/\/agrupacionespsoe.es\/castello\/\"},{\"@type\":\"ListItem\",\"position\":2,\"name\":\"El Centre Urban deixa sense data l\u2019inici de curs i elimina les activitats per a menors de 60\"}]},{\"@type\":\"WebSite\",\"@id\":\"https:\/\/agrupacionespsoe.es\/castello\/#website\",\"url\":\"https:\/\/agrupacionespsoe.es\/castello\/\",\"name\":\"PSPV-PSOE CASTELL\u00d3\",\"description\":\"PSPV-PSOE | Agrupaci\u00f3 de Castell\u00f3\",\"publisher\":{\"@id\":\"https:\/\/agrupacionespsoe.es\/castello\/#organization\"},\"potentialAction\":[{\"@type\":\"SearchAction\",\"target\":{\"@type\":\"EntryPoint\",\"urlTemplate\":\"https:\/\/agrupacionespsoe.es\/castello\/?s={search_term_string}\"},\"query-input\":{\"@type\":\"PropertyValueSpecification\",\"valueRequired\":true,\"valueName\":\"search_term_string\"}}],\"inLanguage\":\"es\"},{\"@type\":\"Organization\",\"@id\":\"https:\/\/agrupacionespsoe.es\/castello\/#organization\",\"name\":\"PSPV-PSOE Castell\u00f3\",\"url\":\"https:\/\/agrupacionespsoe.es\/castello\/\",\"logo\":{\"@type\":\"ImageObject\",\"inLanguage\":\"es\",\"@id\":\"https:\/\/agrupacionespsoe.es\/castello\/#\/schema\/logo\/image\/\",\"url\":\"https:\/\/agrupacionespsoe.es\/castello\/wp-content\/uploads\/sites\/45\/2023\/04\/PORTADA-PSOE-CASTELLO.jpg\",\"contentUrl\":\"https:\/\/agrupacionespsoe.es\/castello\/wp-content\/uploads\/sites\/45\/2023\/04\/PORTADA-PSOE-CASTELLO.jpg\",\"width\":2500,\"height\":2500,\"caption\":\"PSPV-PSOE Castell\u00f3\"},\"image\":{\"@id\":\"https:\/\/agrupacionespsoe.es\/castello\/#\/schema\/logo\/image\/\"},\"sameAs\":[\"https:\/\/www.facebook.com\/pspv.castellodelaplana\",\"https:\/\/x.com\/pspv_cs\",\"https:\/\/www.instagram.com\/pspvpsoecastello\/\"]},{\"@type\":\"Person\",\"@id\":\"https:\/\/agrupacionespsoe.es\/castello\/#\/schema\/person\/f3bc5b2f9dc6a399e9e98596ae24a20a\",\"name\":\"castello1\",\"image\":{\"@type\":\"ImageObject\",\"inLanguage\":\"es\",\"@id\":\"https:\/\/agrupacionespsoe.es\/castello\/#\/schema\/person\/image\/\",\"url\":\"https:\/\/secure.gravatar.com\/avatar\/5f1da428d6479d1127419c0b58796865?s=96&d=mm&r=g\",\"contentUrl\":\"https:\/\/secure.gravatar.com\/avatar\/5f1da428d6479d1127419c0b58796865?s=96&d=mm&r=g\",\"caption\":\"castello1\"},\"url\":\"https:\/\/agrupacionespsoe.es\/castello\/author\/castello1\/\"}]}<\/script>\n<!-- \/ Yoast SEO plugin. -->","yoast_head_json":{"title":"El Centre Urban deixa sense data l\u2019inici de curs i elimina les activitats per a menors de 60 - PSPV-PSOE CASTELL\u00d3","robots":{"index":"index","follow":"follow","max-snippet":"max-snippet:-1","max-image-preview":"max-image-preview:large","max-video-preview":"max-video-preview:-1"},"canonical":"https:\/\/agrupacionespsoe.es\/castello\/va\/el-centre-urban-deixa-sense-data-linici-de-curs-i-elimina-les-activitats-per-a-menors-de-60\/","og_locale":"es_ES","og_type":"article","og_title":"El Centre Urban deixa sense data l\u2019inici de curs i elimina les activitats per a menors de 60 - PSPV-PSOE CASTELL\u00d3","og_description":"El Centre Urban, situat en el districte oest de Castell\u00f3, ha retardat, de moment sense data, l&#8217;inici d&#8217;activitats del curs 2026\/2027 encara que ja ha comunicat a les persones usu\u00e0ries que enguany no hi haur\u00e0 programaci\u00f3 per a menors de 60 anys. \u201cPrimer deixen sense aire condicionat la biblioteca del Centre Urban durant tres anys, ...","og_url":"https:\/\/agrupacionespsoe.es\/castello\/va\/el-centre-urban-deixa-sense-data-linici-de-curs-i-elimina-les-activitats-per-a-menors-de-60\/","og_site_name":"PSPV-PSOE CASTELL\u00d3","article_publisher":"https:\/\/www.facebook.com\/pspv.castellodelaplana","article_published_time":"2026-09-04T08:02:28+00:00","article_modified_time":"2026-09-04T08:04:53+00:00","og_image":[{"width":1600,"height":1200,"url":"https:\/\/agrupacionespsoe.es\/castello\/wp-content\/uploads\/sites\/45\/2026\/09\/20260904-El-Centro-Urban-deja-sin-fecha-el-inicio-de-curso-y-elimina-las-actividades-para-menores-de-60.jpg","type":"image\/jpeg"}],"author":"castello1","twitter_card":"summary_large_image","twitter_creator":"@pspv_cs","twitter_site":"@pspv_cs","twitter_misc":{"Escrito por":"castello1","Tiempo de lectura":"2 minutos"},"schema":{"@context":"https:\/\/schema.org","@graph":[{"@type":"Article","@id":"https:\/\/agrupacionespsoe.es\/castello\/va\/el-centre-urban-deixa-sense-data-linici-de-curs-i-elimina-les-activitats-per-a-menors-de-60\/#article","isPartOf":{"@id":"https:\/\/agrupacionespsoe.es\/castello\/va\/el-centre-urban-deixa-sense-data-linici-de-curs-i-elimina-les-activitats-per-a-menors-de-60\/"},"author":{"name":"castello1","@id":"https:\/\/agrupacionespsoe.es\/castello\/#\/schema\/person\/f3bc5b2f9dc6a399e9e98596ae24a20a"},"headline":"El Centre Urban deixa sense data l\u2019inici de curs i elimina les activitats per a menors de 60","datePublished":"2026-09-04T08:02:28+00:00","dateModified":"2026-09-04T08:04:53+00:00","mainEntityOfPage":{"@id":"https:\/\/agrupacionespsoe.es\/castello\/va\/el-centre-urban-deixa-sense-data-linici-de-curs-i-elimina-les-activitats-per-a-menors-de-60\/"},"wordCount":397,"commentCount":0,"publisher":{"@id":"https:\/\/agrupacionespsoe.es\/castello\/#organization"},"image":{"@id":"https:\/\/agrupacionespsoe.es\/castello\/va\/el-centre-urban-deixa-sense-data-linici-de-curs-i-elimina-les-activitats-per-a-menors-de-60\/#primaryimage"},"thumbnailUrl":"https:\/\/i0.wp.com\/agrupacionespsoe.es\/castello\/wp-content\/uploads\/sites\/45\/2026\/09\/20260904-El-Centro-Urban-deja-sin-fecha-el-inicio-de-curso-y-elimina-las-actividades-para-menores-de-60.jpg?fit=1600%2C1200&ssl=1","keywords":["Jos\u00e9 Luis L\u00f3pez","Todos"],"articleSection":["Grup Municipal Socialista"],"inLanguage":"es","potentialAction":[{"@type":"CommentAction","name":"Comment","target":["https:\/\/agrupacionespsoe.es\/castello\/va\/el-centre-urban-deixa-sense-data-linici-de-curs-i-elimina-les-activitats-per-a-menors-de-60\/#respond"]}]},{"@type":"WebPage","@id":"https:\/\/agrupacionespsoe.es\/castello\/va\/el-centre-urban-deixa-sense-data-linici-de-curs-i-elimina-les-activitats-per-a-menors-de-60\/","url":"https:\/\/agrupacionespsoe.es\/castello\/va\/el-centre-urban-deixa-sense-data-linici-de-curs-i-elimina-les-activitats-per-a-menors-de-60\/","name":"El Centre Urban deixa sense data l\u2019inici de curs i elimina les activitats per a menors de 60 - PSPV-PSOE CASTELL\u00d3","isPartOf":{"@id":"https:\/\/agrupacionespsoe.es\/castello\/#website"},"primaryImageOfPage":{"@id":"https:\/\/agrupacionespsoe.es\/castello\/va\/el-centre-urban-deixa-sense-data-linici-de-curs-i-elimina-les-activitats-per-a-menors-de-60\/#primaryimage"},"image":{"@id":"https:\/\/agrupacionespsoe.es\/castello\/va\/el-centre-urban-deixa-sense-data-linici-de-curs-i-elimina-les-activitats-per-a-menors-de-60\/#primaryimage"},"thumbnailUrl":"https:\/\/i0.wp.com\/agrupacionespsoe.es\/castello\/wp-content\/uploads\/sites\/45\/2026\/09\/20260904-El-Centro-Urban-deja-sin-fecha-el-inicio-de-curso-y-elimina-las-actividades-para-menores-de-60.jpg?fit=1600%2C1200&ssl=1","datePublished":"2026-09-04T08:02:28+00:00","dateModified":"2026-09-04T08:04:53+00:00","breadcrumb":{"@id":"https:\/\/agrupacionespsoe.es\/castello\/va\/el-centre-urban-deixa-sense-data-linici-de-curs-i-elimina-les-activitats-per-a-menors-de-60\/#breadcrumb"},"inLanguage":"es","potentialAction":[{"@type":"ReadAction","target":["https:\/\/agrupacionespsoe.es\/castello\/va\/el-centre-urban-deixa-sense-data-linici-de-curs-i-elimina-les-activitats-per-a-menors-de-60\/"]}]},{"@type":"ImageObject","inLanguage":"es","@id":"https:\/\/agrupacionespsoe.es\/castello\/va\/el-centre-urban-deixa-sense-data-linici-de-curs-i-elimina-les-activitats-per-a-menors-de-60\/#primaryimage","url":"https:\/\/i0.wp.com\/agrupacionespsoe.es\/castello\/wp-content\/uploads\/sites\/45\/2026\/09\/20260904-El-Centro-Urban-deja-sin-fecha-el-inicio-de-curso-y-elimina-las-actividades-para-menores-de-60.jpg?fit=1600%2C1200&ssl=1","contentUrl":"https:\/\/i0.wp.com\/agrupacionespsoe.es\/castello\/wp-content\/uploads\/sites\/45\/2026\/09\/20260904-El-Centro-Urban-deja-sin-fecha-el-inicio-de-curso-y-elimina-las-actividades-para-menores-de-60.jpg?fit=1600%2C1200&ssl=1","width":1600,"height":1200},{"@type":"BreadcrumbList","@id":"https:\/\/agrupacionespsoe.es\/castello\/va\/el-centre-urban-deixa-sense-data-linici-de-curs-i-elimina-les-activitats-per-a-menors-de-60\/#breadcrumb","itemListElement":[{"@type":"ListItem","position":1,"name":"Portada","item":"https:\/\/agrupacionespsoe.es\/castello\/"},{"@type":"ListItem","position":2,"name":"El Centre Urban deixa sense data l\u2019inici de curs i elimina les activitats per a menors de 60"}]},{"@type":"WebSite","@id":"https:\/\/agrupacionespsoe.es\/castello\/#website","url":"https:\/\/agrupacionespsoe.es\/castello\/","name":"PSPV-PSOE CASTELL\u00d3","description":"PSPV-PSOE | Agrupaci\u00f3 de Castell\u00f3","publisher":{"@id":"https:\/\/agrupacionespsoe.es\/castello\/#organization"},"potentialAction":[{"@type":"SearchAction","target":{"@type":"EntryPoint","urlTemplate":"https:\/\/agrupacionespsoe.es\/castello\/?s={search_term_string}"},"query-input":{"@type":"PropertyValueSpecification","valueRequired":true,"valueName":"search_term_string"}}],"inLanguage":"es"},{"@type":"Organization","@id":"https:\/\/agrupacionespsoe.es\/castello\/#organization","name":"PSPV-PSOE Castell\u00f3","url":"https:\/\/agrupacionespsoe.es\/castello\/","logo":{"@type":"ImageObject","inLanguage":"es","@id":"https:\/\/agrupacionespsoe.es\/castello\/#\/schema\/logo\/image\/","url":"https:\/\/agrupacionespsoe.es\/castello\/wp-content\/uploads\/sites\/45\/2023\/04\/PORTADA-PSOE-CASTELLO.jpg","contentUrl":"https:\/\/agrupacionespsoe.es\/castello\/wp-content\/uploads\/sites\/45\/2023\/04\/PORTADA-PSOE-CASTELLO.jpg","width":2500,"height":2500,"caption":"PSPV-PSOE Castell\u00f3"},"image":{"@id":"https:\/\/agrupacionespsoe.es\/castello\/#\/schema\/logo\/image\/"},"sameAs":["https:\/\/www.facebook.com\/pspv.castellodelaplana","https:\/\/x.com\/pspv_cs","https:\/\/www.instagram.com\/pspvpsoecastello\/"]},{"@type":"Person","@id":"https:\/\/agrupacionespsoe.es\/castello\/#\/schema\/person\/f3bc5b2f9dc6a399e9e98596ae24a20a","name":"castello1","image":{"@type":"ImageObject","inLanguage":"es","@id":"https:\/\/agrupacionespsoe.es\/castello\/#\/schema\/person\/image\/","url":"https:\/\/secure.gravatar.com\/avatar\/5f1da428d6479d1127419c0b58796865?s=96&d=mm&r=g","contentUrl":"https:\/\/secure.gravatar.com\/avatar\/5f1da428d6479d1127419c0b58796865?s=96&d=mm&r=g","caption":"castello1"},"url":"https:\/\/agrupacionespsoe.es\/castello\/author\/castello1\/"}]}},"jetpack_publicize_connections":[],"jetpack_featured_media_url":"https:\/\/i0.wp.com\/agrupacionespsoe.es\/castello\/wp-content\/uploads\/sites\/45\/2026\/09\/20260904-El-Centro-Urban-deja-sin-fecha-el-inicio-de-curso-y-elimina-las-actividades-para-menores-de-60.jpg?fit=1600%2C1200&ssl=1","jetpack_sharing_enabled":true,"jetpack_shortlink":"https:\/\/wp.me\/pgSzTX-37V","_links":{"self":[{"href":"https:\/\/agrupacionespsoe.es\/castello\/wp-json\/wp\/v2\/posts\/12023","targetHints":{"allow":["GET"]}}],"collection":[{"href":"https:\/\/agrupacionespsoe.es\/castello\/wp-json\/wp\/v2\/posts"}],"about":[{"href":"https:\/\/agrupacionespsoe.es\/castello\/wp-json\/wp\/v2\/types\/post"}],"author":[{"embeddable":true,"href":"https:\/\/agrupacionespsoe.es\/castello\/wp-json\/wp\/v2\/users\/48"}],"replies":[{"embeddable":true,"href":"https:\/\/agrupacionespsoe.es\/castello\/wp-json\/wp\/v2\/comments?post=12023"}],"version-history":[{"count":2,"href":"https:\/\/agrupacionespsoe.es\/castello\/wp-json\/wp\/v2\/posts\/12023\/revisions"}],"predecessor-version":[{"id":12025,"href":"https:\/\/agrupacionespsoe.es\/castello\/wp-json\/wp\/v2\/posts\/12023\/revisions\/12025"}],"wp:featuredmedia":[{"embeddable":true,"href":"https:\/\/agrupacionespsoe.es\/castello\/wp-json\/wp\/v2\/media\/12021"}],"wp:attachment":[{"href":"https:\/\/agrupacionespsoe.es\/castello\/wp-json\/wp\/v2\/media?parent=12023"}],"wp:term":[{"taxonomy":"category","embeddable":true,"href":"https:\/\/agrupacionespsoe.es\/castello\/wp-json\/wp\/v2\/categories?post=12023"},{"taxonomy":"post_tag","embeddable":true,"href":"https:\/\/agrupacionespsoe.es\/castello\/wp-json\/wp\/v2\/tags?post=12023"}],"curies":[{"name":"wp","href":"https:\/\/api.w.org\/{rel}","templated":true}]}}