{"id":12019,"date":"2026-09-04T09:59:59","date_gmt":"2026-09-04T07:59:59","guid":{"rendered":"https:\/\/agrupacionespsoe.es\/castello\/?p=12019"},"modified":"2026-09-04T10:04:55","modified_gmt":"2026-09-04T08:04:55","slug":"el-centro-urban-deja-sin-fecha-el-inicio-de-curso-y-elimina-las-actividades-para-menores-de-60","status":"publish","type":"post","link":"https:\/\/agrupacionespsoe.es\/castello\/el-centro-urban-deja-sin-fecha-el-inicio-de-curso-y-elimina-las-actividades-para-menores-de-60\/","title":{"rendered":"El Centro Urban deja sin fecha el inicio de curso y elimina las actividades para menores de 60"},"content":{"rendered":"\n<ul class=\"wp-block-list\">\n<li><em>El reparto de boletos tendr\u00eda que haber comenzado este jueves pero el centro avisa por Whatsapp de que esperen novedades para finales de mes<\/em><\/li>\n<\/ul>\n\n\n\n<figure class=\"wp-block-audio\"><audio controls src=\"https:\/\/agrupacionespsoe.es\/castello\/wp-content\/uploads\/sites\/45\/2026\/09\/20260904-El-Centro-Urban-deja-sin-fecha-el-inicio-de-curso-y-elimina-las-actividades-para-menores-de-60.mp3\" autoplay><\/audio><\/figure>\n\n\n\n<p>El Centro Urban, situado en el distrito oeste de Castell\u00f3, ha retrasado, de momento sin fecha, el inicio de actividades del curso 2026\/2027 aunque ya ha comunicado a las personas usuarias que este a\u00f1o no habr\u00e1 programaci\u00f3n para menores de 60 a\u00f1os.<\/p>\n\n\n\n<p>\u201cPrimero dejan sin aire acondicionado la biblioteca del Centro Urban durante tres a\u00f1os, luego la incluyen en el mapa de oasis clim\u00e1ticos pero la cierran en agosto y ahora retrasan sin fecha el inicio de la programaci\u00f3n y, encima, la reducen a personas mayores de 60 a\u00f1os\u201d, ha lamentado el portavoz adjunto, <a href=\"https:\/\/agrupacionespsoe.es\/castello\/tag\/jose-luis-lopez\/\">Jos\u00e9 Luis L\u00f3pez<\/a>.<\/p>\n\n\n\n<p>As\u00ed lo confirman los mensajes difundidos por el canal de Whatsapp del centro a los usuarios: \u201cQueremos comunicaros que el periodo de reparto de boletos y matriculaci\u00f3n para las actividades se va a retrasar este a\u00f1o. Si quer\u00e9is, pod\u00e9is llamar para ver si hay alguna novedad a finales de septiembre\u201d. Cabe recordar que el propio Ayuntamiento marc\u00f3 del 3 al 11 de mes el reparto de n\u00fameros para realizar el sorteo el s\u00e1bado 12 y tramitar las matr\u00edculas entre el 16 y el 30 de septiembre.<\/p>\n\n\n\n<p>Ahora el Centro Urban deja abierta la posibilidad a que sean los usuarios quienes llamen al centro \u201cpara ver si hay alguna novedad a finales de septiembre\u201d, si bien desconoce cu\u00e1ndo estar\u00e1 listo el nuevo calendario.<\/p>\n\n\n\n<p>Por otro lado, otro mensaje difundido por el mismo canal confirma: \u201cQueremos informaros de que este a\u00f1o no saldr\u00e1 programaci\u00f3n para menores de 60 a\u00f1o. La actividad del centro ser\u00e1 exclusiva para mayores\u201d. Un mensaje que culmina con un agradecimiento \u201ca todas las personas que hab\u00e9is formado parte de nuestro d\u00eda a d\u00eda\u201d.<\/p>\n\n\n\n<p>El portavoz adjunto del Grupo Municipal Socialista ha acusado al consistorio de la diferencia de trato que aplica el Ayuntamiento de Castell\u00f3 seg\u00fan la zona de residencia del vecindario. \u201cNo puede ser que el c\u00f3digo postal marque que una persona tenga o no alternativas para desarrollarse, aprender o practicar un deporte\u201d, seg\u00fan esta parte. \u201cEl abandono al que est\u00e1 sometido el distrito oeste es una evidencia en cuanto a inversiones y servicios p\u00fablicos\u201d, seg\u00fan L\u00f3pez.<\/p>\n","protected":false},"excerpt":{"rendered":"<p>El Centro Urban, situado en el distrito oeste de Castell\u00f3, ha retrasado, de momento sin fecha, el inicio de actividades del curso 2026\/2027 aunque ya ha comunicado a las personas usuarias que este a\u00f1o no habr\u00e1 programaci\u00f3n para menores de 60 a\u00f1os. \u201cPrimero dejan sin aire acondicionado la biblioteca del Centro Urban durante tres a\u00f1os, &#8230;<\/p>\n","protected":false},"author":48,"featured_media":12021,"comment_status":"open","ping_status":"open","sticky":false,"template":"","format":"standard","meta":{"jetpack_post_was_ever_published":false,"_jetpack_newsletter_access":"","_jetpack_dont_email_post_to_subs":false,"_jetpack_newsletter_tier_id":0,"_jetpack_memberships_contains_paywalled_content":false,"_jetpack_memberships_contains_paid_content":false,"footnotes":"","jetpack_publicize_message":"","jetpack_publicize_feature_enabled":true,"jetpack_social_post_already_shared":true,"jetpack_social_options":{"image_generator_settings":{"template":"highway","default_image_id":0,"font":"","enabled":false},"version":2}},"categories":[33],"tags":[85,448],"class_list":["post-12019","post","type-post","status-publish","format-standard","has-post-thumbnail","hentry","category-gms","tag-jose-luis-lopez","tag-todos-es"],"yoast_head":"<!-- This site is optimized with the Yoast SEO plugin v24.0 - https:\/\/yoast.com\/wordpress\/plugins\/seo\/ -->\n<title>El Centro Urban deja sin fecha el inicio de curso y elimina las actividades para menores de 60 - PSPV-PSOE CASTELL\u00d3<\/title>\n<meta name=\"robots\" content=\"index, follow, max-snippet:-1, max-image-preview:large, max-video-preview:-1\" \/>\n<link rel=\"canonical\" href=\"https:\/\/agrupacionespsoe.es\/castello\/el-centro-urban-deja-sin-fecha-el-inicio-de-curso-y-elimina-las-actividades-para-menores-de-60\/\" \/>\n<meta property=\"og:locale\" content=\"es_ES\" \/>\n<meta property=\"og:type\" content=\"article\" \/>\n<meta property=\"og:title\" content=\"El Centro Urban deja sin fecha el inicio de curso y elimina las actividades para menores de 60 - PSPV-PSOE CASTELL\u00d3\" \/>\n<meta property=\"og:description\" content=\"El Centro Urban, situado en el distrito oeste de Castell\u00f3, ha retrasado, de momento sin fecha, el inicio de actividades del curso 2026\/2027 aunque ya ha comunicado a las personas usuarias que este a\u00f1o no habr\u00e1 programaci\u00f3n para menores de 60 a\u00f1os. \u201cPrimero dejan sin aire acondicionado la biblioteca del Centro Urban durante tres a\u00f1os, ...\" \/>\n<meta property=\"og:url\" content=\"https:\/\/agrupacionespsoe.es\/castello\/el-centro-urban-deja-sin-fecha-el-inicio-de-curso-y-elimina-las-actividades-para-menores-de-60\/\" \/>\n<meta property=\"og:site_name\" content=\"PSPV-PSOE CASTELL\u00d3\" \/>\n<meta property=\"article:publisher\" content=\"https:\/\/www.facebook.com\/pspv.castellodelaplana\" \/>\n<meta property=\"article:published_time\" content=\"2026-09-04T07:59:59+00:00\" \/>\n<meta property=\"article:modified_time\" content=\"2026-09-04T08:04:55+00:00\" \/>\n<meta property=\"og:image\" content=\"https:\/\/agrupacionespsoe.es\/castello\/wp-content\/uploads\/sites\/45\/2026\/09\/20260904-El-Centro-Urban-deja-sin-fecha-el-inicio-de-curso-y-elimina-las-actividades-para-menores-de-60.jpg\" \/>\n\t<meta property=\"og:image:width\" content=\"1600\" \/>\n\t<meta property=\"og:image:height\" content=\"1200\" \/>\n\t<meta property=\"og:image:type\" content=\"image\/jpeg\" \/>\n<meta name=\"author\" content=\"castello1\" \/>\n<meta name=\"twitter:card\" content=\"summary_large_image\" \/>\n<meta name=\"twitter:creator\" content=\"@pspv_cs\" \/>\n<meta name=\"twitter:site\" content=\"@pspv_cs\" \/>\n<meta name=\"twitter:label1\" content=\"Escrito por\" \/>\n\t<meta name=\"twitter:data1\" content=\"castello1\" \/>\n\t<meta name=\"twitter:label2\" content=\"Tiempo de lectura\" \/>\n\t<meta name=\"twitter:data2\" content=\"2 minutos\" \/>\n<script type=\"application\/ld+json\" class=\"yoast-schema-graph\">{\"@context\":\"https:\/\/schema.org\",\"@graph\":[{\"@type\":\"Article\",\"@id\":\"https:\/\/agrupacionespsoe.es\/castello\/el-centro-urban-deja-sin-fecha-el-inicio-de-curso-y-elimina-las-actividades-para-menores-de-60\/#article\",\"isPartOf\":{\"@id\":\"https:\/\/agrupacionespsoe.es\/castello\/el-centro-urban-deja-sin-fecha-el-inicio-de-curso-y-elimina-las-actividades-para-menores-de-60\/\"},\"author\":{\"name\":\"castello1\",\"@id\":\"https:\/\/agrupacionespsoe.es\/castello\/#\/schema\/person\/f3bc5b2f9dc6a399e9e98596ae24a20a\"},\"headline\":\"El Centro Urban deja sin fecha el inicio de curso y elimina las actividades para menores de 60\",\"datePublished\":\"2026-09-04T07:59:59+00:00\",\"dateModified\":\"2026-09-04T08:04:55+00:00\",\"mainEntityOfPage\":{\"@id\":\"https:\/\/agrupacionespsoe.es\/castello\/el-centro-urban-deja-sin-fecha-el-inicio-de-curso-y-elimina-las-actividades-para-menores-de-60\/\"},\"wordCount\":408,\"commentCount\":0,\"publisher\":{\"@id\":\"https:\/\/agrupacionespsoe.es\/castello\/#organization\"},\"image\":{\"@id\":\"https:\/\/agrupacionespsoe.es\/castello\/el-centro-urban-deja-sin-fecha-el-inicio-de-curso-y-elimina-las-actividades-para-menores-de-60\/#primaryimage\"},\"thumbnailUrl\":\"https:\/\/i0.wp.com\/agrupacionespsoe.es\/castello\/wp-content\/uploads\/sites\/45\/2026\/09\/20260904-El-Centro-Urban-deja-sin-fecha-el-inicio-de-curso-y-elimina-las-actividades-para-menores-de-60.jpg?fit=1600%2C1200&ssl=1\",\"keywords\":[\"Jos\u00e9 Luis L\u00f3pez\",\"Todos\"],\"articleSection\":[\"Grupo Municipal Socialista\"],\"inLanguage\":\"es\",\"potentialAction\":[{\"@type\":\"CommentAction\",\"name\":\"Comment\",\"target\":[\"https:\/\/agrupacionespsoe.es\/castello\/el-centro-urban-deja-sin-fecha-el-inicio-de-curso-y-elimina-las-actividades-para-menores-de-60\/#respond\"]}]},{\"@type\":\"WebPage\",\"@id\":\"https:\/\/agrupacionespsoe.es\/castello\/el-centro-urban-deja-sin-fecha-el-inicio-de-curso-y-elimina-las-actividades-para-menores-de-60\/\",\"url\":\"https:\/\/agrupacionespsoe.es\/castello\/el-centro-urban-deja-sin-fecha-el-inicio-de-curso-y-elimina-las-actividades-para-menores-de-60\/\",\"name\":\"El Centro Urban deja sin fecha el inicio de curso y elimina las actividades para menores de 60 - PSPV-PSOE CASTELL\u00d3\",\"isPartOf\":{\"@id\":\"https:\/\/agrupacionespsoe.es\/castello\/#website\"},\"primaryImageOfPage\":{\"@id\":\"https:\/\/agrupacionespsoe.es\/castello\/el-centro-urban-deja-sin-fecha-el-inicio-de-curso-y-elimina-las-actividades-para-menores-de-60\/#primaryimage\"},\"image\":{\"@id\":\"https:\/\/agrupacionespsoe.es\/castello\/el-centro-urban-deja-sin-fecha-el-inicio-de-curso-y-elimina-las-actividades-para-menores-de-60\/#primaryimage\"},\"thumbnailUrl\":\"https:\/\/i0.wp.com\/agrupacionespsoe.es\/castello\/wp-content\/uploads\/sites\/45\/2026\/09\/20260904-El-Centro-Urban-deja-sin-fecha-el-inicio-de-curso-y-elimina-las-actividades-para-menores-de-60.jpg?fit=1600%2C1200&ssl=1\",\"datePublished\":\"2026-09-04T07:59:59+00:00\",\"dateModified\":\"2026-09-04T08:04:55+00:00\",\"breadcrumb\":{\"@id\":\"https:\/\/agrupacionespsoe.es\/castello\/el-centro-urban-deja-sin-fecha-el-inicio-de-curso-y-elimina-las-actividades-para-menores-de-60\/#breadcrumb\"},\"inLanguage\":\"es\",\"potentialAction\":[{\"@type\":\"ReadAction\",\"target\":[\"https:\/\/agrupacionespsoe.es\/castello\/el-centro-urban-deja-sin-fecha-el-inicio-de-curso-y-elimina-las-actividades-para-menores-de-60\/\"]}]},{\"@type\":\"ImageObject\",\"inLanguage\":\"es\",\"@id\":\"https:\/\/agrupacionespsoe.es\/castello\/el-centro-urban-deja-sin-fecha-el-inicio-de-curso-y-elimina-las-actividades-para-menores-de-60\/#primaryimage\",\"url\":\"https:\/\/i0.wp.com\/agrupacionespsoe.es\/castello\/wp-content\/uploads\/sites\/45\/2026\/09\/20260904-El-Centro-Urban-deja-sin-fecha-el-inicio-de-curso-y-elimina-las-actividades-para-menores-de-60.jpg?fit=1600%2C1200&ssl=1\",\"contentUrl\":\"https:\/\/i0.wp.com\/agrupacionespsoe.es\/castello\/wp-content\/uploads\/sites\/45\/2026\/09\/20260904-El-Centro-Urban-deja-sin-fecha-el-inicio-de-curso-y-elimina-las-actividades-para-menores-de-60.jpg?fit=1600%2C1200&ssl=1\",\"width\":1600,\"height\":1200},{\"@type\":\"BreadcrumbList\",\"@id\":\"https:\/\/agrupacionespsoe.es\/castello\/el-centro-urban-deja-sin-fecha-el-inicio-de-curso-y-elimina-las-actividades-para-menores-de-60\/#breadcrumb\",\"itemListElement\":[{\"@type\":\"ListItem\",\"position\":1,\"name\":\"Portada\",\"item\":\"https:\/\/agrupacionespsoe.es\/castello\/\"},{\"@type\":\"ListItem\",\"position\":2,\"name\":\"El Centro Urban deja sin fecha el inicio de curso y elimina las actividades para menores de 60\"}]},{\"@type\":\"WebSite\",\"@id\":\"https:\/\/agrupacionespsoe.es\/castello\/#website\",\"url\":\"https:\/\/agrupacionespsoe.es\/castello\/\",\"name\":\"PSPV-PSOE CASTELL\u00d3\",\"description\":\"PSPV-PSOE | Agrupaci\u00f3 de Castell\u00f3\",\"publisher\":{\"@id\":\"https:\/\/agrupacionespsoe.es\/castello\/#organization\"},\"potentialAction\":[{\"@type\":\"SearchAction\",\"target\":{\"@type\":\"EntryPoint\",\"urlTemplate\":\"https:\/\/agrupacionespsoe.es\/castello\/?s={search_term_string}\"},\"query-input\":{\"@type\":\"PropertyValueSpecification\",\"valueRequired\":true,\"valueName\":\"search_term_string\"}}],\"inLanguage\":\"es\"},{\"@type\":\"Organization\",\"@id\":\"https:\/\/agrupacionespsoe.es\/castello\/#organization\",\"name\":\"PSPV-PSOE Castell\u00f3\",\"url\":\"https:\/\/agrupacionespsoe.es\/castello\/\",\"logo\":{\"@type\":\"ImageObject\",\"inLanguage\":\"es\",\"@id\":\"https:\/\/agrupacionespsoe.es\/castello\/#\/schema\/logo\/image\/\",\"url\":\"https:\/\/agrupacionespsoe.es\/castello\/wp-content\/uploads\/sites\/45\/2023\/04\/PORTADA-PSOE-CASTELLO.jpg\",\"contentUrl\":\"https:\/\/agrupacionespsoe.es\/castello\/wp-content\/uploads\/sites\/45\/2023\/04\/PORTADA-PSOE-CASTELLO.jpg\",\"width\":2500,\"height\":2500,\"caption\":\"PSPV-PSOE Castell\u00f3\"},\"image\":{\"@id\":\"https:\/\/agrupacionespsoe.es\/castello\/#\/schema\/logo\/image\/\"},\"sameAs\":[\"https:\/\/www.facebook.com\/pspv.castellodelaplana\",\"https:\/\/x.com\/pspv_cs\",\"https:\/\/www.instagram.com\/pspvpsoecastello\/\"]},{\"@type\":\"Person\",\"@id\":\"https:\/\/agrupacionespsoe.es\/castello\/#\/schema\/person\/f3bc5b2f9dc6a399e9e98596ae24a20a\",\"name\":\"castello1\",\"image\":{\"@type\":\"ImageObject\",\"inLanguage\":\"es\",\"@id\":\"https:\/\/agrupacionespsoe.es\/castello\/#\/schema\/person\/image\/\",\"url\":\"https:\/\/secure.gravatar.com\/avatar\/5f1da428d6479d1127419c0b58796865?s=96&d=mm&r=g\",\"contentUrl\":\"https:\/\/secure.gravatar.com\/avatar\/5f1da428d6479d1127419c0b58796865?s=96&d=mm&r=g\",\"caption\":\"castello1\"},\"url\":\"https:\/\/agrupacionespsoe.es\/castello\/author\/castello1\/\"}]}<\/script>\n<!-- \/ Yoast SEO plugin. -->","yoast_head_json":{"title":"El Centro Urban deja sin fecha el inicio de curso y elimina las actividades para menores de 60 - PSPV-PSOE CASTELL\u00d3","robots":{"index":"index","follow":"follow","max-snippet":"max-snippet:-1","max-image-preview":"max-image-preview:large","max-video-preview":"max-video-preview:-1"},"canonical":"https:\/\/agrupacionespsoe.es\/castello\/el-centro-urban-deja-sin-fecha-el-inicio-de-curso-y-elimina-las-actividades-para-menores-de-60\/","og_locale":"es_ES","og_type":"article","og_title":"El Centro Urban deja sin fecha el inicio de curso y elimina las actividades para menores de 60 - PSPV-PSOE CASTELL\u00d3","og_description":"El Centro Urban, situado en el distrito oeste de Castell\u00f3, ha retrasado, de momento sin fecha, el inicio de actividades del curso 2026\/2027 aunque ya ha comunicado a las personas usuarias que este a\u00f1o no habr\u00e1 programaci\u00f3n para menores de 60 a\u00f1os. \u201cPrimero dejan sin aire acondicionado la biblioteca del Centro Urban durante tres a\u00f1os, ...","og_url":"https:\/\/agrupacionespsoe.es\/castello\/el-centro-urban-deja-sin-fecha-el-inicio-de-curso-y-elimina-las-actividades-para-menores-de-60\/","og_site_name":"PSPV-PSOE CASTELL\u00d3","article_publisher":"https:\/\/www.facebook.com\/pspv.castellodelaplana","article_published_time":"2026-09-04T07:59:59+00:00","article_modified_time":"2026-09-04T08:04:55+00:00","og_image":[{"width":1600,"height":1200,"url":"https:\/\/agrupacionespsoe.es\/castello\/wp-content\/uploads\/sites\/45\/2026\/09\/20260904-El-Centro-Urban-deja-sin-fecha-el-inicio-de-curso-y-elimina-las-actividades-para-menores-de-60.jpg","type":"image\/jpeg"}],"author":"castello1","twitter_card":"summary_large_image","twitter_creator":"@pspv_cs","twitter_site":"@pspv_cs","twitter_misc":{"Escrito por":"castello1","Tiempo de lectura":"2 minutos"},"schema":{"@context":"https:\/\/schema.org","@graph":[{"@type":"Article","@id":"https:\/\/agrupacionespsoe.es\/castello\/el-centro-urban-deja-sin-fecha-el-inicio-de-curso-y-elimina-las-actividades-para-menores-de-60\/#article","isPartOf":{"@id":"https:\/\/agrupacionespsoe.es\/castello\/el-centro-urban-deja-sin-fecha-el-inicio-de-curso-y-elimina-las-actividades-para-menores-de-60\/"},"author":{"name":"castello1","@id":"https:\/\/agrupacionespsoe.es\/castello\/#\/schema\/person\/f3bc5b2f9dc6a399e9e98596ae24a20a"},"headline":"El Centro Urban deja sin fecha el inicio de curso y elimina las actividades para menores de 60","datePublished":"2026-09-04T07:59:59+00:00","dateModified":"2026-09-04T08:04:55+00:00","mainEntityOfPage":{"@id":"https:\/\/agrupacionespsoe.es\/castello\/el-centro-urban-deja-sin-fecha-el-inicio-de-curso-y-elimina-las-actividades-para-menores-de-60\/"},"wordCount":408,"commentCount":0,"publisher":{"@id":"https:\/\/agrupacionespsoe.es\/castello\/#organization"},"image":{"@id":"https:\/\/agrupacionespsoe.es\/castello\/el-centro-urban-deja-sin-fecha-el-inicio-de-curso-y-elimina-las-actividades-para-menores-de-60\/#primaryimage"},"thumbnailUrl":"https:\/\/i0.wp.com\/agrupacionespsoe.es\/castello\/wp-content\/uploads\/sites\/45\/2026\/09\/20260904-El-Centro-Urban-deja-sin-fecha-el-inicio-de-curso-y-elimina-las-actividades-para-menores-de-60.jpg?fit=1600%2C1200&ssl=1","keywords":["Jos\u00e9 Luis L\u00f3pez","Todos"],"articleSection":["Grupo Municipal Socialista"],"inLanguage":"es","potentialAction":[{"@type":"CommentAction","name":"Comment","target":["https:\/\/agrupacionespsoe.es\/castello\/el-centro-urban-deja-sin-fecha-el-inicio-de-curso-y-elimina-las-actividades-para-menores-de-60\/#respond"]}]},{"@type":"WebPage","@id":"https:\/\/agrupacionespsoe.es\/castello\/el-centro-urban-deja-sin-fecha-el-inicio-de-curso-y-elimina-las-actividades-para-menores-de-60\/","url":"https:\/\/agrupacionespsoe.es\/castello\/el-centro-urban-deja-sin-fecha-el-inicio-de-curso-y-elimina-las-actividades-para-menores-de-60\/","name":"El Centro Urban deja sin fecha el inicio de curso y elimina las actividades para menores de 60 - PSPV-PSOE CASTELL\u00d3","isPartOf":{"@id":"https:\/\/agrupacionespsoe.es\/castello\/#website"},"primaryImageOfPage":{"@id":"https:\/\/agrupacionespsoe.es\/castello\/el-centro-urban-deja-sin-fecha-el-inicio-de-curso-y-elimina-las-actividades-para-menores-de-60\/#primaryimage"},"image":{"@id":"https:\/\/agrupacionespsoe.es\/castello\/el-centro-urban-deja-sin-fecha-el-inicio-de-curso-y-elimina-las-actividades-para-menores-de-60\/#primaryimage"},"thumbnailUrl":"https:\/\/i0.wp.com\/agrupacionespsoe.es\/castello\/wp-content\/uploads\/sites\/45\/2026\/09\/20260904-El-Centro-Urban-deja-sin-fecha-el-inicio-de-curso-y-elimina-las-actividades-para-menores-de-60.jpg?fit=1600%2C1200&ssl=1","datePublished":"2026-09-04T07:59:59+00:00","dateModified":"2026-09-04T08:04:55+00:00","breadcrumb":{"@id":"https:\/\/agrupacionespsoe.es\/castello\/el-centro-urban-deja-sin-fecha-el-inicio-de-curso-y-elimina-las-actividades-para-menores-de-60\/#breadcrumb"},"inLanguage":"es","potentialAction":[{"@type":"ReadAction","target":["https:\/\/agrupacionespsoe.es\/castello\/el-centro-urban-deja-sin-fecha-el-inicio-de-curso-y-elimina-las-actividades-para-menores-de-60\/"]}]},{"@type":"ImageObject","inLanguage":"es","@id":"https:\/\/agrupacionespsoe.es\/castello\/el-centro-urban-deja-sin-fecha-el-inicio-de-curso-y-elimina-las-actividades-para-menores-de-60\/#primaryimage","url":"https:\/\/i0.wp.com\/agrupacionespsoe.es\/castello\/wp-content\/uploads\/sites\/45\/2026\/09\/20260904-El-Centro-Urban-deja-sin-fecha-el-inicio-de-curso-y-elimina-las-actividades-para-menores-de-60.jpg?fit=1600%2C1200&ssl=1","contentUrl":"https:\/\/i0.wp.com\/agrupacionespsoe.es\/castello\/wp-content\/uploads\/sites\/45\/2026\/09\/20260904-El-Centro-Urban-deja-sin-fecha-el-inicio-de-curso-y-elimina-las-actividades-para-menores-de-60.jpg?fit=1600%2C1200&ssl=1","width":1600,"height":1200},{"@type":"BreadcrumbList","@id":"https:\/\/agrupacionespsoe.es\/castello\/el-centro-urban-deja-sin-fecha-el-inicio-de-curso-y-elimina-las-actividades-para-menores-de-60\/#breadcrumb","itemListElement":[{"@type":"ListItem","position":1,"name":"Portada","item":"https:\/\/agrupacionespsoe.es\/castello\/"},{"@type":"ListItem","position":2,"name":"El Centro Urban deja sin fecha el inicio de curso y elimina las actividades para menores de 60"}]},{"@type":"WebSite","@id":"https:\/\/agrupacionespsoe.es\/castello\/#website","url":"https:\/\/agrupacionespsoe.es\/castello\/","name":"PSPV-PSOE CASTELL\u00d3","description":"PSPV-PSOE | Agrupaci\u00f3 de Castell\u00f3","publisher":{"@id":"https:\/\/agrupacionespsoe.es\/castello\/#organization"},"potentialAction":[{"@type":"SearchAction","target":{"@type":"EntryPoint","urlTemplate":"https:\/\/agrupacionespsoe.es\/castello\/?s={search_term_string}"},"query-input":{"@type":"PropertyValueSpecification","valueRequired":true,"valueName":"search_term_string"}}],"inLanguage":"es"},{"@type":"Organization","@id":"https:\/\/agrupacionespsoe.es\/castello\/#organization","name":"PSPV-PSOE Castell\u00f3","url":"https:\/\/agrupacionespsoe.es\/castello\/","logo":{"@type":"ImageObject","inLanguage":"es","@id":"https:\/\/agrupacionespsoe.es\/castello\/#\/schema\/logo\/image\/","url":"https:\/\/agrupacionespsoe.es\/castello\/wp-content\/uploads\/sites\/45\/2023\/04\/PORTADA-PSOE-CASTELLO.jpg","contentUrl":"https:\/\/agrupacionespsoe.es\/castello\/wp-content\/uploads\/sites\/45\/2023\/04\/PORTADA-PSOE-CASTELLO.jpg","width":2500,"height":2500,"caption":"PSPV-PSOE Castell\u00f3"},"image":{"@id":"https:\/\/agrupacionespsoe.es\/castello\/#\/schema\/logo\/image\/"},"sameAs":["https:\/\/www.facebook.com\/pspv.castellodelaplana","https:\/\/x.com\/pspv_cs","https:\/\/www.instagram.com\/pspvpsoecastello\/"]},{"@type":"Person","@id":"https:\/\/agrupacionespsoe.es\/castello\/#\/schema\/person\/f3bc5b2f9dc6a399e9e98596ae24a20a","name":"castello1","image":{"@type":"ImageObject","inLanguage":"es","@id":"https:\/\/agrupacionespsoe.es\/castello\/#\/schema\/person\/image\/","url":"https:\/\/secure.gravatar.com\/avatar\/5f1da428d6479d1127419c0b58796865?s=96&d=mm&r=g","contentUrl":"https:\/\/secure.gravatar.com\/avatar\/5f1da428d6479d1127419c0b58796865?s=96&d=mm&r=g","caption":"castello1"},"url":"https:\/\/agrupacionespsoe.es\/castello\/author\/castello1\/"}]}},"jetpack_publicize_connections":[],"jetpack_featured_media_url":"https:\/\/i0.wp.com\/agrupacionespsoe.es\/castello\/wp-content\/uploads\/sites\/45\/2026\/09\/20260904-El-Centro-Urban-deja-sin-fecha-el-inicio-de-curso-y-elimina-las-actividades-para-menores-de-60.jpg?fit=1600%2C1200&ssl=1","jetpack_sharing_enabled":true,"jetpack_shortlink":"https:\/\/wp.me\/pgSzTX-37R","_links":{"self":[{"href":"https:\/\/agrupacionespsoe.es\/castello\/wp-json\/wp\/v2\/posts\/12019","targetHints":{"allow":["GET"]}}],"collection":[{"href":"https:\/\/agrupacionespsoe.es\/castello\/wp-json\/wp\/v2\/posts"}],"about":[{"href":"https:\/\/agrupacionespsoe.es\/castello\/wp-json\/wp\/v2\/types\/post"}],"author":[{"embeddable":true,"href":"https:\/\/agrupacionespsoe.es\/castello\/wp-json\/wp\/v2\/users\/48"}],"replies":[{"embeddable":true,"href":"https:\/\/agrupacionespsoe.es\/castello\/wp-json\/wp\/v2\/comments?post=12019"}],"version-history":[{"count":2,"href":"https:\/\/agrupacionespsoe.es\/castello\/wp-json\/wp\/v2\/posts\/12019\/revisions"}],"predecessor-version":[{"id":12026,"href":"https:\/\/agrupacionespsoe.es\/castello\/wp-json\/wp\/v2\/posts\/12019\/revisions\/12026"}],"wp:featuredmedia":[{"embeddable":true,"href":"https:\/\/agrupacionespsoe.es\/castello\/wp-json\/wp\/v2\/media\/12021"}],"wp:attachment":[{"href":"https:\/\/agrupacionespsoe.es\/castello\/wp-json\/wp\/v2\/media?parent=12019"}],"wp:term":[{"taxonomy":"category","embeddable":true,"href":"https:\/\/agrupacionespsoe.es\/castello\/wp-json\/wp\/v2\/categories?post=12019"},{"taxonomy":"post_tag","embeddable":true,"href":"https:\/\/agrupacionespsoe.es\/castello\/wp-json\/wp\/v2\/tags?post=12019"}],"curies":[{"name":"wp","href":"https:\/\/api.w.org\/{rel}","templated":true}]}}