{"id":11989,"date":"2026-09-02T11:57:38","date_gmt":"2026-09-02T09:57:38","guid":{"rendered":"https:\/\/agrupacionespsoe.es\/castello\/?p=11989"},"modified":"2026-09-02T11:57:39","modified_gmt":"2026-09-02T09:57:39","slug":"les-assignatures-pendents-de-carrasco-en-el-districte-oest-maset-blau-i-parc-botanica-albert","status":"publish","type":"post","link":"https:\/\/agrupacionespsoe.es\/castello\/va\/les-assignatures-pendents-de-carrasco-en-el-districte-oest-maset-blau-i-parc-botanica-albert\/","title":{"rendered":"Les assignatures pendents de Carrasco en el districte oest: Maset Blau i parc Bot\u00e0nica Albert"},"content":{"rendered":"\n<ul class=\"wp-block-list\">\n<li><em><em>El govern local segueix sense executar els projectes guanyadors dels pressupostos participatius de 2026<\/em><\/em><\/li>\n<\/ul>\n\n\n\n<figure class=\"wp-block-audio\"><audio controls src=\"https:\/\/agrupacionespsoe.es\/castello\/wp-content\/uploads\/sites\/45\/2026\/09\/20260902-Las-asignaturas-pendientes-de-Carrasco-en-el-distrito-oeste-Maset-Blau-y-parque-Botanica-Albert.mp3\" autoplay><\/audio><\/figure>\n\n\n\n<p>El nou curs arranca en el districte oest de Castell\u00f3 amb assignatures pendents: l&#8217;Ajuntament segueix sense executar els projectes guanyadors dels pressupostos participatius 2024-2025. Es tracta del parc infantil situat al costat del Maset Blau i de la il\u00b7luminaci\u00f3 del parc Bot\u00e0nica Carmen Albert. En total, 180.000 euros retinguts en les arques municipals, que no s&#8217;han materialitzat en els barris de carretera l&#8217;Alcora i Raval Universitari.<\/p>\n\n\n\n<p>El proc\u00e9s, que va arrancar en 2023, va culminar amb l&#8217;elecci\u00f3 de les dues inversions m\u00e9s reclamades pel ve\u00efnat: la millora de la zona de jocs existents en la pla\u00e7a Miquel Soler, en el marge de la carretera l&#8217;Alcora (inversi\u00f3 valorada en 100.000 euros), aix\u00ed com el condicionament del parc Bot\u00e0nica Carmen Albert, amb un pressupost de 80.000 euros.<\/p>\n\n\n\n<p>La millora de jocs existents va ser la f\u00f3rmula triada per a substituir la verdadera petici\u00f3 ve\u00efnal: la millora i creaci\u00f3 de nous parcs infantils al costat del col\u00b7legi Jaume I, una intervenci\u00f3 subjecta al desenvolupament urban\u00edstic. En aquells dies, la resposta de l&#8217;equip de govern per a compensar aquest obstacle va ser \u201cvalorar la millora de la zona de jocs existents en la pla\u00e7a enfront del Maset Blau\u201d. Tres anys despr\u00e9s, no s&#8217;ha executat.<\/p>\n\n\n\n<p>D&#8217;igual forma, el ve\u00efnat que va triar el condicionament del parc Bot\u00e0nica Carmen Albert, al costat del Raval Universitari, ha vist frustrades les seues expectatives despr\u00e9s que no s&#8217;haja dut a terme la instal\u00b7laci\u00f3 de punts de llum aut\u00f2noms amb panell fotovoltaic en la zona central del parc (25.000 euros), els nous canons centrals i jocs d&#8217;aigua de l&#8217;estany (25.000 euros), la instal\u00b7laci\u00f3 d&#8217;un punt de reparaci\u00f3 de bicicletes (5.000 euros) i la plantaci\u00f3 d&#8217;arbratge que genere ombres naturals (25.000 euros).<\/p>\n\n\n\n<p>\u201cDe res serveix animar a la participaci\u00f3 ciutadana si tot un districte, en aquest cas l&#8217;oest, es queda sense veure materialitzats els projectes que va votar anys arrere\u201d, en paraules de la regidora socialista <a href=\"https:\/\/agrupacionespsoe.es\/castello\/va\/tag\/anun-lainez-va\/\">Anunciaci\u00f3n L\u00e1inez<\/a>. L&#8217;edil ha recordat que algunes d&#8217;aquestes peticions per als barris inclouen inversions tan necess\u00e0ries en aquests moments com \u201czones de joc per als m\u00e9s xicotets i m\u00e9s arbres, el verdader oasi clim\u00e0tic\u201d.<\/p>\n","protected":false},"excerpt":{"rendered":"<p>El nou curs arranca en el districte oest de Castell\u00f3 amb assignatures pendents: l&#8217;Ajuntament segueix sense executar els projectes guanyadors dels pressupostos participatius 2024-2025. Es tracta del parc infantil situat al costat del Maset Blau i de la il\u00b7luminaci\u00f3 del parc Bot\u00e0nica Carmen Albert. En total, 180.000 euros retinguts en les arques municipals, que no &#8230;<\/p>\n","protected":false},"author":48,"featured_media":11987,"comment_status":"open","ping_status":"open","sticky":false,"template":"","format":"standard","meta":{"jetpack_post_was_ever_published":false,"_jetpack_newsletter_access":"","_jetpack_dont_email_post_to_subs":false,"_jetpack_newsletter_tier_id":0,"_jetpack_memberships_contains_paywalled_content":false,"_jetpack_memberships_contains_paid_content":false,"footnotes":"","jetpack_publicize_message":"","jetpack_publicize_feature_enabled":true,"jetpack_social_post_already_shared":true,"jetpack_social_options":{"image_generator_settings":{"template":"highway","default_image_id":0,"font":"","enabled":false},"version":2}},"categories":[22,1184],"tags":[97,741,446],"class_list":["post-11989","post","type-post","status-publish","format-standard","has-post-thumbnail","hentry","category-gms-va","category-participacio-ciutadana","tag-anun-lainez-va","tag-begona-carrasco-va","tag-todos-va"],"yoast_head":"<!-- This site is optimized with the Yoast SEO plugin v24.0 - https:\/\/yoast.com\/wordpress\/plugins\/seo\/ -->\n<title>Les assignatures pendents de Carrasco en el districte oest: Maset Blau i parc Bot\u00e0nica Albert - PSPV-PSOE CASTELL\u00d3<\/title>\n<meta name=\"robots\" content=\"index, follow, max-snippet:-1, max-image-preview:large, max-video-preview:-1\" \/>\n<link rel=\"canonical\" href=\"https:\/\/agrupacionespsoe.es\/castello\/va\/les-assignatures-pendents-de-carrasco-en-el-districte-oest-maset-blau-i-parc-botanica-albert\/\" \/>\n<meta property=\"og:locale\" content=\"es_ES\" \/>\n<meta property=\"og:type\" content=\"article\" \/>\n<meta property=\"og:title\" content=\"Les assignatures pendents de Carrasco en el districte oest: Maset Blau i parc Bot\u00e0nica Albert - PSPV-PSOE CASTELL\u00d3\" \/>\n<meta property=\"og:description\" content=\"El nou curs arranca en el districte oest de Castell\u00f3 amb assignatures pendents: l&#8217;Ajuntament segueix sense executar els projectes guanyadors dels pressupostos participatius 2024-2025. Es tracta del parc infantil situat al costat del Maset Blau i de la il\u00b7luminaci\u00f3 del parc Bot\u00e0nica Carmen Albert. En total, 180.000 euros retinguts en les arques municipals, que no ...\" \/>\n<meta property=\"og:url\" content=\"https:\/\/agrupacionespsoe.es\/castello\/va\/les-assignatures-pendents-de-carrasco-en-el-districte-oest-maset-blau-i-parc-botanica-albert\/\" \/>\n<meta property=\"og:site_name\" content=\"PSPV-PSOE CASTELL\u00d3\" \/>\n<meta property=\"article:publisher\" content=\"https:\/\/www.facebook.com\/pspv.castellodelaplana\" \/>\n<meta property=\"article:published_time\" content=\"2026-09-02T09:57:38+00:00\" \/>\n<meta property=\"article:modified_time\" content=\"2026-09-02T09:57:39+00:00\" \/>\n<meta property=\"og:image\" content=\"https:\/\/agrupacionespsoe.es\/castello\/wp-content\/uploads\/sites\/45\/2026\/09\/20260902-Las-asignaturas-pendientes-de-Carrasco-en-el-distrito-oeste-Maset-Blau-y-parque-Botanica-Albert.jpeg\" \/>\n\t<meta property=\"og:image:width\" content=\"1320\" \/>\n\t<meta property=\"og:image:height\" content=\"1319\" \/>\n\t<meta property=\"og:image:type\" content=\"image\/jpeg\" \/>\n<meta name=\"author\" content=\"castello1\" \/>\n<meta name=\"twitter:card\" content=\"summary_large_image\" \/>\n<meta name=\"twitter:creator\" content=\"@pspv_cs\" \/>\n<meta name=\"twitter:site\" content=\"@pspv_cs\" \/>\n<meta name=\"twitter:label1\" content=\"Escrito por\" \/>\n\t<meta name=\"twitter:data1\" content=\"castello1\" \/>\n\t<meta name=\"twitter:label2\" content=\"Tiempo de lectura\" \/>\n\t<meta name=\"twitter:data2\" content=\"2 minutos\" \/>\n<script type=\"application\/ld+json\" class=\"yoast-schema-graph\">{\"@context\":\"https:\/\/schema.org\",\"@graph\":[{\"@type\":\"Article\",\"@id\":\"https:\/\/agrupacionespsoe.es\/castello\/va\/les-assignatures-pendents-de-carrasco-en-el-districte-oest-maset-blau-i-parc-botanica-albert\/#article\",\"isPartOf\":{\"@id\":\"https:\/\/agrupacionespsoe.es\/castello\/va\/les-assignatures-pendents-de-carrasco-en-el-districte-oest-maset-blau-i-parc-botanica-albert\/\"},\"author\":{\"name\":\"castello1\",\"@id\":\"https:\/\/agrupacionespsoe.es\/castello\/#\/schema\/person\/f3bc5b2f9dc6a399e9e98596ae24a20a\"},\"headline\":\"Les assignatures pendents de Carrasco en el districte oest: Maset Blau i parc Bot\u00e0nica Albert\",\"datePublished\":\"2026-09-02T09:57:38+00:00\",\"dateModified\":\"2026-09-02T09:57:39+00:00\",\"mainEntityOfPage\":{\"@id\":\"https:\/\/agrupacionespsoe.es\/castello\/va\/les-assignatures-pendents-de-carrasco-en-el-districte-oest-maset-blau-i-parc-botanica-albert\/\"},\"wordCount\":395,\"commentCount\":0,\"publisher\":{\"@id\":\"https:\/\/agrupacionespsoe.es\/castello\/#organization\"},\"image\":{\"@id\":\"https:\/\/agrupacionespsoe.es\/castello\/va\/les-assignatures-pendents-de-carrasco-en-el-districte-oest-maset-blau-i-parc-botanica-albert\/#primaryimage\"},\"thumbnailUrl\":\"https:\/\/i0.wp.com\/agrupacionespsoe.es\/castello\/wp-content\/uploads\/sites\/45\/2026\/09\/20260902-Las-asignaturas-pendientes-de-Carrasco-en-el-distrito-oeste-Maset-Blau-y-parque-Botanica-Albert.jpeg?fit=1320%2C1319&ssl=1\",\"keywords\":[\"Anun L\u00e1inez\",\"Bego\u00f1a Carrasco\",\"Todos\"],\"articleSection\":[\"Grup Municipal Socialista\",\"Participaci\u00f3 ciutadana\"],\"inLanguage\":\"es\",\"potentialAction\":[{\"@type\":\"CommentAction\",\"name\":\"Comment\",\"target\":[\"https:\/\/agrupacionespsoe.es\/castello\/va\/les-assignatures-pendents-de-carrasco-en-el-districte-oest-maset-blau-i-parc-botanica-albert\/#respond\"]}]},{\"@type\":\"WebPage\",\"@id\":\"https:\/\/agrupacionespsoe.es\/castello\/va\/les-assignatures-pendents-de-carrasco-en-el-districte-oest-maset-blau-i-parc-botanica-albert\/\",\"url\":\"https:\/\/agrupacionespsoe.es\/castello\/va\/les-assignatures-pendents-de-carrasco-en-el-districte-oest-maset-blau-i-parc-botanica-albert\/\",\"name\":\"Les assignatures pendents de Carrasco en el districte oest: Maset Blau i parc Bot\u00e0nica Albert - PSPV-PSOE CASTELL\u00d3\",\"isPartOf\":{\"@id\":\"https:\/\/agrupacionespsoe.es\/castello\/#website\"},\"primaryImageOfPage\":{\"@id\":\"https:\/\/agrupacionespsoe.es\/castello\/va\/les-assignatures-pendents-de-carrasco-en-el-districte-oest-maset-blau-i-parc-botanica-albert\/#primaryimage\"},\"image\":{\"@id\":\"https:\/\/agrupacionespsoe.es\/castello\/va\/les-assignatures-pendents-de-carrasco-en-el-districte-oest-maset-blau-i-parc-botanica-albert\/#primaryimage\"},\"thumbnailUrl\":\"https:\/\/i0.wp.com\/agrupacionespsoe.es\/castello\/wp-content\/uploads\/sites\/45\/2026\/09\/20260902-Las-asignaturas-pendientes-de-Carrasco-en-el-distrito-oeste-Maset-Blau-y-parque-Botanica-Albert.jpeg?fit=1320%2C1319&ssl=1\",\"datePublished\":\"2026-09-02T09:57:38+00:00\",\"dateModified\":\"2026-09-02T09:57:39+00:00\",\"breadcrumb\":{\"@id\":\"https:\/\/agrupacionespsoe.es\/castello\/va\/les-assignatures-pendents-de-carrasco-en-el-districte-oest-maset-blau-i-parc-botanica-albert\/#breadcrumb\"},\"inLanguage\":\"es\",\"potentialAction\":[{\"@type\":\"ReadAction\",\"target\":[\"https:\/\/agrupacionespsoe.es\/castello\/va\/les-assignatures-pendents-de-carrasco-en-el-districte-oest-maset-blau-i-parc-botanica-albert\/\"]}]},{\"@type\":\"ImageObject\",\"inLanguage\":\"es\",\"@id\":\"https:\/\/agrupacionespsoe.es\/castello\/va\/les-assignatures-pendents-de-carrasco-en-el-districte-oest-maset-blau-i-parc-botanica-albert\/#primaryimage\",\"url\":\"https:\/\/i0.wp.com\/agrupacionespsoe.es\/castello\/wp-content\/uploads\/sites\/45\/2026\/09\/20260902-Las-asignaturas-pendientes-de-Carrasco-en-el-distrito-oeste-Maset-Blau-y-parque-Botanica-Albert.jpeg?fit=1320%2C1319&ssl=1\",\"contentUrl\":\"https:\/\/i0.wp.com\/agrupacionespsoe.es\/castello\/wp-content\/uploads\/sites\/45\/2026\/09\/20260902-Las-asignaturas-pendientes-de-Carrasco-en-el-distrito-oeste-Maset-Blau-y-parque-Botanica-Albert.jpeg?fit=1320%2C1319&ssl=1\",\"width\":1320,\"height\":1319,\"caption\":\"{\\\"data\\\":{\\\"product\\\":\\\"vicut\\\",\\\"region\\\":\\\"ES\\\",\\\"appVersion\\\":\\\"19.1.0\\\",\\\"os\\\":\\\"ios\\\",\\\"client_key\\\":\\\"aw889s25wozf8s7e\\\",\\\"pictureId\\\":\\\"5BF2A961-3DDF-4270-82D5-4455111D9F9D\\\",\\\"editType\\\":\\\"image_edit\\\",\\\"source_type\\\":\\\"vicut\\\",\\\"enterFrom\\\":\\\"new_image\\\",\\\"capability_name\\\":\\\"capcut_photo_editor,capcut_image_enhance\\\",\\\"source_platform\\\":\\\"mobile_1\\\"},\\\"source_type\\\":\\\"vicut\\\",\\\"tiktok_developers_3p_anchor_params\\\":\\\"{\\\\\\\"os\\\\\\\":\\\\\\\"ios\\\\\\\",\\\\\\\"product\\\\\\\":\\\\\\\"vicut\\\\\\\",\\\\\\\"client_key\\\\\\\":\\\\\\\"aw889s25wozf8s7e\\\\\\\",\\\\\\\"source_type\\\\\\\":\\\\\\\"vicut\\\\\\\",\\\\\\\"appVersion\\\\\\\":\\\\\\\"19.1.0\\\\\\\",\\\\\\\"editType\\\\\\\":\\\\\\\"image_edit\\\\\\\",\\\\\\\"enterFrom\\\\\\\":\\\\\\\"new_image\\\\\\\",\\\\\\\"source_platform\\\\\\\":\\\\\\\"mobile_1\\\\\\\",\\\\\\\"region\\\\\\\":\\\\\\\"ES\\\\\\\",\\\\\\\"pictureId\\\\\\\":\\\\\\\"5BF2A961-3DDF-4270-82D5-4455111D9F9D\\\\\\\",\\\\\\\"capability_name\\\\\\\":\\\\\\\"capcut_photo_editor,capcut_image_enhance\\\\\\\"}\\\"}\"},{\"@type\":\"BreadcrumbList\",\"@id\":\"https:\/\/agrupacionespsoe.es\/castello\/va\/les-assignatures-pendents-de-carrasco-en-el-districte-oest-maset-blau-i-parc-botanica-albert\/#breadcrumb\",\"itemListElement\":[{\"@type\":\"ListItem\",\"position\":1,\"name\":\"Portada\",\"item\":\"https:\/\/agrupacionespsoe.es\/castello\/\"},{\"@type\":\"ListItem\",\"position\":2,\"name\":\"Les assignatures pendents de Carrasco en el districte oest: Maset Blau i parc Bot\u00e0nica Albert\"}]},{\"@type\":\"WebSite\",\"@id\":\"https:\/\/agrupacionespsoe.es\/castello\/#website\",\"url\":\"https:\/\/agrupacionespsoe.es\/castello\/\",\"name\":\"PSPV-PSOE CASTELL\u00d3\",\"description\":\"PSPV-PSOE | Agrupaci\u00f3 de Castell\u00f3\",\"publisher\":{\"@id\":\"https:\/\/agrupacionespsoe.es\/castello\/#organization\"},\"potentialAction\":[{\"@type\":\"SearchAction\",\"target\":{\"@type\":\"EntryPoint\",\"urlTemplate\":\"https:\/\/agrupacionespsoe.es\/castello\/?s={search_term_string}\"},\"query-input\":{\"@type\":\"PropertyValueSpecification\",\"valueRequired\":true,\"valueName\":\"search_term_string\"}}],\"inLanguage\":\"es\"},{\"@type\":\"Organization\",\"@id\":\"https:\/\/agrupacionespsoe.es\/castello\/#organization\",\"name\":\"PSPV-PSOE Castell\u00f3\",\"url\":\"https:\/\/agrupacionespsoe.es\/castello\/\",\"logo\":{\"@type\":\"ImageObject\",\"inLanguage\":\"es\",\"@id\":\"https:\/\/agrupacionespsoe.es\/castello\/#\/schema\/logo\/image\/\",\"url\":\"https:\/\/agrupacionespsoe.es\/castello\/wp-content\/uploads\/sites\/45\/2023\/04\/PORTADA-PSOE-CASTELLO.jpg\",\"contentUrl\":\"https:\/\/agrupacionespsoe.es\/castello\/wp-content\/uploads\/sites\/45\/2023\/04\/PORTADA-PSOE-CASTELLO.jpg\",\"width\":2500,\"height\":2500,\"caption\":\"PSPV-PSOE Castell\u00f3\"},\"image\":{\"@id\":\"https:\/\/agrupacionespsoe.es\/castello\/#\/schema\/logo\/image\/\"},\"sameAs\":[\"https:\/\/www.facebook.com\/pspv.castellodelaplana\",\"https:\/\/x.com\/pspv_cs\",\"https:\/\/www.instagram.com\/pspvpsoecastello\/\"]},{\"@type\":\"Person\",\"@id\":\"https:\/\/agrupacionespsoe.es\/castello\/#\/schema\/person\/f3bc5b2f9dc6a399e9e98596ae24a20a\",\"name\":\"castello1\",\"image\":{\"@type\":\"ImageObject\",\"inLanguage\":\"es\",\"@id\":\"https:\/\/agrupacionespsoe.es\/castello\/#\/schema\/person\/image\/\",\"url\":\"https:\/\/secure.gravatar.com\/avatar\/5f1da428d6479d1127419c0b58796865?s=96&d=mm&r=g\",\"contentUrl\":\"https:\/\/secure.gravatar.com\/avatar\/5f1da428d6479d1127419c0b58796865?s=96&d=mm&r=g\",\"caption\":\"castello1\"},\"url\":\"https:\/\/agrupacionespsoe.es\/castello\/author\/castello1\/\"}]}<\/script>\n<!-- \/ Yoast SEO plugin. -->","yoast_head_json":{"title":"Les assignatures pendents de Carrasco en el districte oest: Maset Blau i parc Bot\u00e0nica Albert - PSPV-PSOE CASTELL\u00d3","robots":{"index":"index","follow":"follow","max-snippet":"max-snippet:-1","max-image-preview":"max-image-preview:large","max-video-preview":"max-video-preview:-1"},"canonical":"https:\/\/agrupacionespsoe.es\/castello\/va\/les-assignatures-pendents-de-carrasco-en-el-districte-oest-maset-blau-i-parc-botanica-albert\/","og_locale":"es_ES","og_type":"article","og_title":"Les assignatures pendents de Carrasco en el districte oest: Maset Blau i parc Bot\u00e0nica Albert - PSPV-PSOE CASTELL\u00d3","og_description":"El nou curs arranca en el districte oest de Castell\u00f3 amb assignatures pendents: l&#8217;Ajuntament segueix sense executar els projectes guanyadors dels pressupostos participatius 2024-2025. Es tracta del parc infantil situat al costat del Maset Blau i de la il\u00b7luminaci\u00f3 del parc Bot\u00e0nica Carmen Albert. En total, 180.000 euros retinguts en les arques municipals, que no ...","og_url":"https:\/\/agrupacionespsoe.es\/castello\/va\/les-assignatures-pendents-de-carrasco-en-el-districte-oest-maset-blau-i-parc-botanica-albert\/","og_site_name":"PSPV-PSOE CASTELL\u00d3","article_publisher":"https:\/\/www.facebook.com\/pspv.castellodelaplana","article_published_time":"2026-09-02T09:57:38+00:00","article_modified_time":"2026-09-02T09:57:39+00:00","og_image":[{"width":1320,"height":1319,"url":"https:\/\/agrupacionespsoe.es\/castello\/wp-content\/uploads\/sites\/45\/2026\/09\/20260902-Las-asignaturas-pendientes-de-Carrasco-en-el-distrito-oeste-Maset-Blau-y-parque-Botanica-Albert.jpeg","type":"image\/jpeg"}],"author":"castello1","twitter_card":"summary_large_image","twitter_creator":"@pspv_cs","twitter_site":"@pspv_cs","twitter_misc":{"Escrito por":"castello1","Tiempo de lectura":"2 minutos"},"schema":{"@context":"https:\/\/schema.org","@graph":[{"@type":"Article","@id":"https:\/\/agrupacionespsoe.es\/castello\/va\/les-assignatures-pendents-de-carrasco-en-el-districte-oest-maset-blau-i-parc-botanica-albert\/#article","isPartOf":{"@id":"https:\/\/agrupacionespsoe.es\/castello\/va\/les-assignatures-pendents-de-carrasco-en-el-districte-oest-maset-blau-i-parc-botanica-albert\/"},"author":{"name":"castello1","@id":"https:\/\/agrupacionespsoe.es\/castello\/#\/schema\/person\/f3bc5b2f9dc6a399e9e98596ae24a20a"},"headline":"Les assignatures pendents de Carrasco en el districte oest: Maset Blau i parc Bot\u00e0nica Albert","datePublished":"2026-09-02T09:57:38+00:00","dateModified":"2026-09-02T09:57:39+00:00","mainEntityOfPage":{"@id":"https:\/\/agrupacionespsoe.es\/castello\/va\/les-assignatures-pendents-de-carrasco-en-el-districte-oest-maset-blau-i-parc-botanica-albert\/"},"wordCount":395,"commentCount":0,"publisher":{"@id":"https:\/\/agrupacionespsoe.es\/castello\/#organization"},"image":{"@id":"https:\/\/agrupacionespsoe.es\/castello\/va\/les-assignatures-pendents-de-carrasco-en-el-districte-oest-maset-blau-i-parc-botanica-albert\/#primaryimage"},"thumbnailUrl":"https:\/\/i0.wp.com\/agrupacionespsoe.es\/castello\/wp-content\/uploads\/sites\/45\/2026\/09\/20260902-Las-asignaturas-pendientes-de-Carrasco-en-el-distrito-oeste-Maset-Blau-y-parque-Botanica-Albert.jpeg?fit=1320%2C1319&ssl=1","keywords":["Anun L\u00e1inez","Bego\u00f1a Carrasco","Todos"],"articleSection":["Grup Municipal Socialista","Participaci\u00f3 ciutadana"],"inLanguage":"es","potentialAction":[{"@type":"CommentAction","name":"Comment","target":["https:\/\/agrupacionespsoe.es\/castello\/va\/les-assignatures-pendents-de-carrasco-en-el-districte-oest-maset-blau-i-parc-botanica-albert\/#respond"]}]},{"@type":"WebPage","@id":"https:\/\/agrupacionespsoe.es\/castello\/va\/les-assignatures-pendents-de-carrasco-en-el-districte-oest-maset-blau-i-parc-botanica-albert\/","url":"https:\/\/agrupacionespsoe.es\/castello\/va\/les-assignatures-pendents-de-carrasco-en-el-districte-oest-maset-blau-i-parc-botanica-albert\/","name":"Les assignatures pendents de Carrasco en el districte oest: Maset Blau i parc Bot\u00e0nica Albert - PSPV-PSOE CASTELL\u00d3","isPartOf":{"@id":"https:\/\/agrupacionespsoe.es\/castello\/#website"},"primaryImageOfPage":{"@id":"https:\/\/agrupacionespsoe.es\/castello\/va\/les-assignatures-pendents-de-carrasco-en-el-districte-oest-maset-blau-i-parc-botanica-albert\/#primaryimage"},"image":{"@id":"https:\/\/agrupacionespsoe.es\/castello\/va\/les-assignatures-pendents-de-carrasco-en-el-districte-oest-maset-blau-i-parc-botanica-albert\/#primaryimage"},"thumbnailUrl":"https:\/\/i0.wp.com\/agrupacionespsoe.es\/castello\/wp-content\/uploads\/sites\/45\/2026\/09\/20260902-Las-asignaturas-pendientes-de-Carrasco-en-el-distrito-oeste-Maset-Blau-y-parque-Botanica-Albert.jpeg?fit=1320%2C1319&ssl=1","datePublished":"2026-09-02T09:57:38+00:00","dateModified":"2026-09-02T09:57:39+00:00","breadcrumb":{"@id":"https:\/\/agrupacionespsoe.es\/castello\/va\/les-assignatures-pendents-de-carrasco-en-el-districte-oest-maset-blau-i-parc-botanica-albert\/#breadcrumb"},"inLanguage":"es","potentialAction":[{"@type":"ReadAction","target":["https:\/\/agrupacionespsoe.es\/castello\/va\/les-assignatures-pendents-de-carrasco-en-el-districte-oest-maset-blau-i-parc-botanica-albert\/"]}]},{"@type":"ImageObject","inLanguage":"es","@id":"https:\/\/agrupacionespsoe.es\/castello\/va\/les-assignatures-pendents-de-carrasco-en-el-districte-oest-maset-blau-i-parc-botanica-albert\/#primaryimage","url":"https:\/\/i0.wp.com\/agrupacionespsoe.es\/castello\/wp-content\/uploads\/sites\/45\/2026\/09\/20260902-Las-asignaturas-pendientes-de-Carrasco-en-el-distrito-oeste-Maset-Blau-y-parque-Botanica-Albert.jpeg?fit=1320%2C1319&ssl=1","contentUrl":"https:\/\/i0.wp.com\/agrupacionespsoe.es\/castello\/wp-content\/uploads\/sites\/45\/2026\/09\/20260902-Las-asignaturas-pendientes-de-Carrasco-en-el-distrito-oeste-Maset-Blau-y-parque-Botanica-Albert.jpeg?fit=1320%2C1319&ssl=1","width":1320,"height":1319,"caption":"{\"data\":{\"product\":\"vicut\",\"region\":\"ES\",\"appVersion\":\"19.1.0\",\"os\":\"ios\",\"client_key\":\"aw889s25wozf8s7e\",\"pictureId\":\"5BF2A961-3DDF-4270-82D5-4455111D9F9D\",\"editType\":\"image_edit\",\"source_type\":\"vicut\",\"enterFrom\":\"new_image\",\"capability_name\":\"capcut_photo_editor,capcut_image_enhance\",\"source_platform\":\"mobile_1\"},\"source_type\":\"vicut\",\"tiktok_developers_3p_anchor_params\":\"{\\\"os\\\":\\\"ios\\\",\\\"product\\\":\\\"vicut\\\",\\\"client_key\\\":\\\"aw889s25wozf8s7e\\\",\\\"source_type\\\":\\\"vicut\\\",\\\"appVersion\\\":\\\"19.1.0\\\",\\\"editType\\\":\\\"image_edit\\\",\\\"enterFrom\\\":\\\"new_image\\\",\\\"source_platform\\\":\\\"mobile_1\\\",\\\"region\\\":\\\"ES\\\",\\\"pictureId\\\":\\\"5BF2A961-3DDF-4270-82D5-4455111D9F9D\\\",\\\"capability_name\\\":\\\"capcut_photo_editor,capcut_image_enhance\\\"}\"}"},{"@type":"BreadcrumbList","@id":"https:\/\/agrupacionespsoe.es\/castello\/va\/les-assignatures-pendents-de-carrasco-en-el-districte-oest-maset-blau-i-parc-botanica-albert\/#breadcrumb","itemListElement":[{"@type":"ListItem","position":1,"name":"Portada","item":"https:\/\/agrupacionespsoe.es\/castello\/"},{"@type":"ListItem","position":2,"name":"Les assignatures pendents de Carrasco en el districte oest: Maset Blau i parc Bot\u00e0nica Albert"}]},{"@type":"WebSite","@id":"https:\/\/agrupacionespsoe.es\/castello\/#website","url":"https:\/\/agrupacionespsoe.es\/castello\/","name":"PSPV-PSOE CASTELL\u00d3","description":"PSPV-PSOE | Agrupaci\u00f3 de Castell\u00f3","publisher":{"@id":"https:\/\/agrupacionespsoe.es\/castello\/#organization"},"potentialAction":[{"@type":"SearchAction","target":{"@type":"EntryPoint","urlTemplate":"https:\/\/agrupacionespsoe.es\/castello\/?s={search_term_string}"},"query-input":{"@type":"PropertyValueSpecification","valueRequired":true,"valueName":"search_term_string"}}],"inLanguage":"es"},{"@type":"Organization","@id":"https:\/\/agrupacionespsoe.es\/castello\/#organization","name":"PSPV-PSOE Castell\u00f3","url":"https:\/\/agrupacionespsoe.es\/castello\/","logo":{"@type":"ImageObject","inLanguage":"es","@id":"https:\/\/agrupacionespsoe.es\/castello\/#\/schema\/logo\/image\/","url":"https:\/\/agrupacionespsoe.es\/castello\/wp-content\/uploads\/sites\/45\/2023\/04\/PORTADA-PSOE-CASTELLO.jpg","contentUrl":"https:\/\/agrupacionespsoe.es\/castello\/wp-content\/uploads\/sites\/45\/2023\/04\/PORTADA-PSOE-CASTELLO.jpg","width":2500,"height":2500,"caption":"PSPV-PSOE Castell\u00f3"},"image":{"@id":"https:\/\/agrupacionespsoe.es\/castello\/#\/schema\/logo\/image\/"},"sameAs":["https:\/\/www.facebook.com\/pspv.castellodelaplana","https:\/\/x.com\/pspv_cs","https:\/\/www.instagram.com\/pspvpsoecastello\/"]},{"@type":"Person","@id":"https:\/\/agrupacionespsoe.es\/castello\/#\/schema\/person\/f3bc5b2f9dc6a399e9e98596ae24a20a","name":"castello1","image":{"@type":"ImageObject","inLanguage":"es","@id":"https:\/\/agrupacionespsoe.es\/castello\/#\/schema\/person\/image\/","url":"https:\/\/secure.gravatar.com\/avatar\/5f1da428d6479d1127419c0b58796865?s=96&d=mm&r=g","contentUrl":"https:\/\/secure.gravatar.com\/avatar\/5f1da428d6479d1127419c0b58796865?s=96&d=mm&r=g","caption":"castello1"},"url":"https:\/\/agrupacionespsoe.es\/castello\/author\/castello1\/"}]}},"jetpack_publicize_connections":[],"jetpack_featured_media_url":"https:\/\/i0.wp.com\/agrupacionespsoe.es\/castello\/wp-content\/uploads\/sites\/45\/2026\/09\/20260902-Las-asignaturas-pendientes-de-Carrasco-en-el-distrito-oeste-Maset-Blau-y-parque-Botanica-Albert.jpeg?fit=1320%2C1319&ssl=1","jetpack_sharing_enabled":true,"jetpack_shortlink":"https:\/\/wp.me\/pgSzTX-37n","_links":{"self":[{"href":"https:\/\/agrupacionespsoe.es\/castello\/wp-json\/wp\/v2\/posts\/11989","targetHints":{"allow":["GET"]}}],"collection":[{"href":"https:\/\/agrupacionespsoe.es\/castello\/wp-json\/wp\/v2\/posts"}],"about":[{"href":"https:\/\/agrupacionespsoe.es\/castello\/wp-json\/wp\/v2\/types\/post"}],"author":[{"embeddable":true,"href":"https:\/\/agrupacionespsoe.es\/castello\/wp-json\/wp\/v2\/users\/48"}],"replies":[{"embeddable":true,"href":"https:\/\/agrupacionespsoe.es\/castello\/wp-json\/wp\/v2\/comments?post=11989"}],"version-history":[{"count":2,"href":"https:\/\/agrupacionespsoe.es\/castello\/wp-json\/wp\/v2\/posts\/11989\/revisions"}],"predecessor-version":[{"id":11991,"href":"https:\/\/agrupacionespsoe.es\/castello\/wp-json\/wp\/v2\/posts\/11989\/revisions\/11991"}],"wp:featuredmedia":[{"embeddable":true,"href":"https:\/\/agrupacionespsoe.es\/castello\/wp-json\/wp\/v2\/media\/11987"}],"wp:attachment":[{"href":"https:\/\/agrupacionespsoe.es\/castello\/wp-json\/wp\/v2\/media?parent=11989"}],"wp:term":[{"taxonomy":"category","embeddable":true,"href":"https:\/\/agrupacionespsoe.es\/castello\/wp-json\/wp\/v2\/categories?post=11989"},{"taxonomy":"post_tag","embeddable":true,"href":"https:\/\/agrupacionespsoe.es\/castello\/wp-json\/wp\/v2\/tags?post=11989"}],"curies":[{"name":"wp","href":"https:\/\/api.w.org\/{rel}","templated":true}]}}