{"id":11968,"date":"2026-09-03T09:30:00","date_gmt":"2026-09-03T07:30:00","guid":{"rendered":"https:\/\/agrupacionespsoe.es\/castello\/?p=11968"},"modified":"2026-09-03T21:33:21","modified_gmt":"2026-09-03T19:33:21","slug":"formulario-de-presentacion-de-candidatura-a-cabeza-de-lista-del-pspv-psoe-de-castello-para-las-elecciones-municipales-de-2027","status":"publish","type":"post","link":"https:\/\/agrupacionespsoe.es\/castello\/formulario-de-presentacion-de-candidatura-a-cabeza-de-lista-del-pspv-psoe-de-castello-para-las-elecciones-municipales-de-2027\/","title":{"rendered":"Formulario de presentaci\u00f3n de candidatura a cabeza de lista del PSPV-PSOE de Castell\u00f3 para las Elecciones Municipales de 2027"},"content":{"rendered":"\n<div class=\"wp-block-columns has-primary-background-color has-background is-layout-flex wp-container-core-columns-is-layout-1 wp-block-columns-is-layout-flex\">\n<div class=\"wp-block-column is-layout-flow wp-block-column-is-layout-flow\">\n<div class=\"wp-block-buttons is-content-justification-center is-layout-flex wp-container-core-buttons-is-layout-1 wp-block-buttons-is-layout-flex\">\n<div class=\"wp-block-button\"><a class=\"wp-block-button__link has-primary-color has-white-background-color has-text-color has-background has-link-color wp-element-button\" href=\"https:\/\/agrupacionespsoe.es\/castello\/wp-content\/uploads\/sites\/45\/2026\/09\/BBCC-Primarias-Elecciones-MUNICIPALES-Y-AUTONOMICAS-2027-Sep-Nov.pdf\" target=\"_blank\" rel=\"noreferrer noopener\">\u2b07\ufe0f BASES<\/a><\/div>\n\n\n\n<div class=\"wp-block-button\"><a class=\"wp-block-button__link has-primary-color has-white-background-color has-text-color has-background has-link-color wp-element-button\" href=\"https:\/\/agrupacionespsoe.es\/castello\/wp-content\/uploads\/sites\/45\/2026\/09\/Declaracion-Bienes-y-Actividades-V1.2026.pdf\" target=\"_blank\" rel=\"noreferrer noopener\">\u2b07\ufe0f DECLARACI\u00d3N DE BIENES<\/a><\/div>\n<\/div>\n<\/div>\n\n\n\n<div class=\"wp-block-column is-layout-flow wp-block-column-is-layout-flow\">\n<div class=\"wp-block-buttons is-content-justification-center is-layout-flex wp-container-core-buttons-is-layout-2 wp-block-buttons-is-layout-flex\">\n<div class=\"wp-block-button\"><a class=\"wp-block-button__link has-primary-color has-white-background-color has-text-color has-background has-link-color wp-element-button\" href=\"https:\/\/agrupacionespsoe.es\/castello\/wp-content\/uploads\/sites\/45\/2026\/09\/Formulario-de-concurrencia-SEPTIEMBRE-2026-PRIMARIAS-2027.pdf\" target=\"_blank\" rel=\"noreferrer noopener\">\u2b07\ufe0f FORMULARIO<\/a><\/div>\n\n\n\n<div class=\"wp-block-button\"><a class=\"wp-block-button__link has-primary-color has-white-background-color has-text-color has-background has-link-color wp-element-button\" href=\"https:\/\/agrupacionespsoe.es\/castello\/wp-content\/uploads\/sites\/45\/2026\/09\/Compromiso-Socialista-41C-Generico-V2.2026.pdf\" target=\"_blank\" rel=\"noreferrer noopener\">\u2b07\ufe0f COMPROM. SOCIALISTA<\/a><\/div>\n<\/div>\n<\/div>\n<\/div>\n\n\n\n<p>El Comit\u00e9 Federal celebrado el 27 de junio aprob\u00f3 la convocatoria y calendario de Primarias para las elecciones locales y auton\u00f3micas que se celebrar\u00e1n el 23 de mayo de 2027.<\/p>\n\n\n\n<p>En el caso de la Agrupaci\u00f3n de Castell\u00f3, al ser una ciudad de mas de 20.000 habitantes, la Comisi\u00f3n Ejecutiva Nacional decidi\u00f3 que concurrir\u00edamos al calendario de septiembre, en el que se establece que la <strong>presentaci\u00f3n de candidaturas<\/strong> para encabezar la lista municipal en dichas elecciones se realizar\u00e1 <strong>entre el viernes 4 y lunes 7 de septiembre de 2026<\/strong>, ambos incluidos.<\/p>\n\n\n\n<p>Para facilitar que los compa\u00f1eros y compa\u00f1eras que quieran presentarse, puedan hacerlo en igualdad de condiciones, se habilitar\u00e1:<\/p>\n\n\n\n<ul class=\"wp-block-list\">\n<li><strong>PRESENTACI\u00d3N PRESENCIAL:<\/strong><br>Sede PSPV-PSOE de Castell\u00f3 (C\/ Carcaixent 31, Castell\u00f3)<br>Viernes, 4 de septiembre \u2013 de 09:30 a 14:30<br>Lunes, 7 de septiembre \u2013 de 09:30 a 12:00<\/li>\n<\/ul>\n\n\n\n<ul class=\"wp-block-list\">\n<li><strong>PRESENTACI\u00d3N TELEM\u00c1TICA:<\/strong><br>Correo electr\u00f3nico: <a href=\"mailto:info@pspvpsoe-castello.es\">info@pspvpsoe-castello.es<\/a><br>Desde las 09:30 h. del viernes 4 de septiembre a las 12:00 h. del lunes 7 de septiembre de 2026.<\/li>\n<\/ul>\n\n\n\n<p>Los formularios estar\u00e1n disponibles tanto de forma f\u00edsica en la Sede del PSPV-PSOE de Castell\u00f3 (C\/ Carcagente 31, Castell\u00f3) como de forma electr\u00f3nica en la web de la Agrupaci\u00f3n (<a href=\"http:\/\/www.pspvpsoe-castello.es\">www.pspvpsoe-castello.es<\/a>)<\/p>\n\n\n\n<div style=\"height:138px\" aria-hidden=\"true\" class=\"wp-block-spacer\"><\/div>\n","protected":false},"excerpt":{"rendered":"<p>El Comit\u00e9 Federal celebrado el 27 de junio aprob\u00f3 la convocatoria y calendario de Primarias para las elecciones locales y auton\u00f3micas que se celebrar\u00e1n el 23 de mayo de 2027. En el caso de la Agrupaci\u00f3n de Castell\u00f3, al ser una ciudad de mas de 20.000 habitantes, la Comisi\u00f3n Ejecutiva Nacional decidi\u00f3 que concurrir\u00edamos al &#8230;<\/p>\n","protected":false},"author":48,"featured_media":616,"comment_status":"open","ping_status":"open","sticky":false,"template":"","format":"standard","meta":{"jetpack_post_was_ever_published":false,"_jetpack_newsletter_access":"","_jetpack_dont_email_post_to_subs":false,"_jetpack_newsletter_tier_id":0,"_jetpack_memberships_contains_paywalled_content":false,"_jetpack_memberships_contains_paid_content":false,"footnotes":"","jetpack_publicize_message":"","jetpack_publicize_feature_enabled":true,"jetpack_social_post_already_shared":true,"jetpack_social_options":{"image_generator_settings":{"template":"highway","default_image_id":0,"font":"","enabled":false},"version":2}},"categories":[35],"tags":[],"class_list":["post-11968","post","type-post","status-publish","format-standard","has-post-thumbnail","hentry","category-agrupacio-municipal"],"yoast_head":"<!-- This site is optimized with the Yoast SEO plugin v24.0 - https:\/\/yoast.com\/wordpress\/plugins\/seo\/ -->\n<title>Formulario de presentaci\u00f3n de candidatura a cabeza de lista del PSPV-PSOE de Castell\u00f3 para las Elecciones Municipales de 2027 - PSPV-PSOE CASTELL\u00d3<\/title>\n<meta name=\"robots\" content=\"index, follow, max-snippet:-1, max-image-preview:large, max-video-preview:-1\" \/>\n<link rel=\"canonical\" href=\"https:\/\/agrupacionespsoe.es\/castello\/formulario-de-presentacion-de-candidatura-a-cabeza-de-lista-del-pspv-psoe-de-castello-para-las-elecciones-municipales-de-2027\/\" \/>\n<meta property=\"og:locale\" content=\"es_ES\" \/>\n<meta property=\"og:type\" content=\"article\" \/>\n<meta property=\"og:title\" content=\"Formulario de presentaci\u00f3n de candidatura a cabeza de lista del PSPV-PSOE de Castell\u00f3 para las Elecciones Municipales de 2027 - PSPV-PSOE CASTELL\u00d3\" \/>\n<meta property=\"og:description\" content=\"El Comit\u00e9 Federal celebrado el 27 de junio aprob\u00f3 la convocatoria y calendario de Primarias para las elecciones locales y auton\u00f3micas que se celebrar\u00e1n el 23 de mayo de 2027. En el caso de la Agrupaci\u00f3n de Castell\u00f3, al ser una ciudad de mas de 20.000 habitantes, la Comisi\u00f3n Ejecutiva Nacional decidi\u00f3 que concurrir\u00edamos al ...\" \/>\n<meta property=\"og:url\" content=\"https:\/\/agrupacionespsoe.es\/castello\/formulario-de-presentacion-de-candidatura-a-cabeza-de-lista-del-pspv-psoe-de-castello-para-las-elecciones-municipales-de-2027\/\" \/>\n<meta property=\"og:site_name\" content=\"PSPV-PSOE CASTELL\u00d3\" \/>\n<meta property=\"article:publisher\" content=\"https:\/\/www.facebook.com\/pspv.castellodelaplana\" \/>\n<meta property=\"article:published_time\" content=\"2026-09-03T07:30:00+00:00\" \/>\n<meta property=\"article:modified_time\" content=\"2026-09-03T19:33:21+00:00\" \/>\n<meta property=\"og:image\" content=\"https:\/\/agrupacionespsoe.es\/castello\/wp-content\/uploads\/sites\/45\/2023\/04\/PORTADA-PSOE-CASTELLO.jpg\" \/>\n\t<meta property=\"og:image:width\" content=\"2500\" \/>\n\t<meta property=\"og:image:height\" content=\"2500\" \/>\n\t<meta property=\"og:image:type\" content=\"image\/jpeg\" \/>\n<meta name=\"author\" content=\"castello1\" \/>\n<meta name=\"twitter:card\" content=\"summary_large_image\" \/>\n<meta name=\"twitter:creator\" content=\"@pspv_cs\" \/>\n<meta name=\"twitter:site\" content=\"@pspv_cs\" \/>\n<meta name=\"twitter:label1\" content=\"Escrito por\" \/>\n\t<meta name=\"twitter:data1\" content=\"castello1\" \/>\n\t<meta name=\"twitter:label2\" content=\"Tiempo de lectura\" \/>\n\t<meta name=\"twitter:data2\" content=\"2 minutos\" \/>\n<script type=\"application\/ld+json\" class=\"yoast-schema-graph\">{\"@context\":\"https:\/\/schema.org\",\"@graph\":[{\"@type\":\"Article\",\"@id\":\"https:\/\/agrupacionespsoe.es\/castello\/formulario-de-presentacion-de-candidatura-a-cabeza-de-lista-del-pspv-psoe-de-castello-para-las-elecciones-municipales-de-2027\/#article\",\"isPartOf\":{\"@id\":\"https:\/\/agrupacionespsoe.es\/castello\/formulario-de-presentacion-de-candidatura-a-cabeza-de-lista-del-pspv-psoe-de-castello-para-las-elecciones-municipales-de-2027\/\"},\"author\":{\"name\":\"castello1\",\"@id\":\"https:\/\/agrupacionespsoe.es\/castello\/#\/schema\/person\/f3bc5b2f9dc6a399e9e98596ae24a20a\"},\"headline\":\"Formulario de presentaci\u00f3n de candidatura a cabeza de lista del PSPV-PSOE de Castell\u00f3 para las Elecciones Municipales de 2027\",\"datePublished\":\"2026-09-03T07:30:00+00:00\",\"dateModified\":\"2026-09-03T19:33:21+00:00\",\"mainEntityOfPage\":{\"@id\":\"https:\/\/agrupacionespsoe.es\/castello\/formulario-de-presentacion-de-candidatura-a-cabeza-de-lista-del-pspv-psoe-de-castello-para-las-elecciones-municipales-de-2027\/\"},\"wordCount\":217,\"commentCount\":0,\"publisher\":{\"@id\":\"https:\/\/agrupacionespsoe.es\/castello\/#organization\"},\"image\":{\"@id\":\"https:\/\/agrupacionespsoe.es\/castello\/formulario-de-presentacion-de-candidatura-a-cabeza-de-lista-del-pspv-psoe-de-castello-para-las-elecciones-municipales-de-2027\/#primaryimage\"},\"thumbnailUrl\":\"https:\/\/i0.wp.com\/agrupacionespsoe.es\/castello\/wp-content\/uploads\/sites\/45\/2023\/04\/PORTADA-PSOE-CASTELLO.jpg?fit=2500%2C2500&ssl=1\",\"articleSection\":[\"Agrupaci\u00f3n Municipal\"],\"inLanguage\":\"es\",\"potentialAction\":[{\"@type\":\"CommentAction\",\"name\":\"Comment\",\"target\":[\"https:\/\/agrupacionespsoe.es\/castello\/formulario-de-presentacion-de-candidatura-a-cabeza-de-lista-del-pspv-psoe-de-castello-para-las-elecciones-municipales-de-2027\/#respond\"]}]},{\"@type\":\"WebPage\",\"@id\":\"https:\/\/agrupacionespsoe.es\/castello\/formulario-de-presentacion-de-candidatura-a-cabeza-de-lista-del-pspv-psoe-de-castello-para-las-elecciones-municipales-de-2027\/\",\"url\":\"https:\/\/agrupacionespsoe.es\/castello\/formulario-de-presentacion-de-candidatura-a-cabeza-de-lista-del-pspv-psoe-de-castello-para-las-elecciones-municipales-de-2027\/\",\"name\":\"Formulario de presentaci\u00f3n de candidatura a cabeza de lista del PSPV-PSOE de Castell\u00f3 para las Elecciones Municipales de 2027 - PSPV-PSOE CASTELL\u00d3\",\"isPartOf\":{\"@id\":\"https:\/\/agrupacionespsoe.es\/castello\/#website\"},\"primaryImageOfPage\":{\"@id\":\"https:\/\/agrupacionespsoe.es\/castello\/formulario-de-presentacion-de-candidatura-a-cabeza-de-lista-del-pspv-psoe-de-castello-para-las-elecciones-municipales-de-2027\/#primaryimage\"},\"image\":{\"@id\":\"https:\/\/agrupacionespsoe.es\/castello\/formulario-de-presentacion-de-candidatura-a-cabeza-de-lista-del-pspv-psoe-de-castello-para-las-elecciones-municipales-de-2027\/#primaryimage\"},\"thumbnailUrl\":\"https:\/\/i0.wp.com\/agrupacionespsoe.es\/castello\/wp-content\/uploads\/sites\/45\/2023\/04\/PORTADA-PSOE-CASTELLO.jpg?fit=2500%2C2500&ssl=1\",\"datePublished\":\"2026-09-03T07:30:00+00:00\",\"dateModified\":\"2026-09-03T19:33:21+00:00\",\"breadcrumb\":{\"@id\":\"https:\/\/agrupacionespsoe.es\/castello\/formulario-de-presentacion-de-candidatura-a-cabeza-de-lista-del-pspv-psoe-de-castello-para-las-elecciones-municipales-de-2027\/#breadcrumb\"},\"inLanguage\":\"es\",\"potentialAction\":[{\"@type\":\"ReadAction\",\"target\":[\"https:\/\/agrupacionespsoe.es\/castello\/formulario-de-presentacion-de-candidatura-a-cabeza-de-lista-del-pspv-psoe-de-castello-para-las-elecciones-municipales-de-2027\/\"]}]},{\"@type\":\"ImageObject\",\"inLanguage\":\"es\",\"@id\":\"https:\/\/agrupacionespsoe.es\/castello\/formulario-de-presentacion-de-candidatura-a-cabeza-de-lista-del-pspv-psoe-de-castello-para-las-elecciones-municipales-de-2027\/#primaryimage\",\"url\":\"https:\/\/i0.wp.com\/agrupacionespsoe.es\/castello\/wp-content\/uploads\/sites\/45\/2023\/04\/PORTADA-PSOE-CASTELLO.jpg?fit=2500%2C2500&ssl=1\",\"contentUrl\":\"https:\/\/i0.wp.com\/agrupacionespsoe.es\/castello\/wp-content\/uploads\/sites\/45\/2023\/04\/PORTADA-PSOE-CASTELLO.jpg?fit=2500%2C2500&ssl=1\",\"width\":2500,\"height\":2500},{\"@type\":\"BreadcrumbList\",\"@id\":\"https:\/\/agrupacionespsoe.es\/castello\/formulario-de-presentacion-de-candidatura-a-cabeza-de-lista-del-pspv-psoe-de-castello-para-las-elecciones-municipales-de-2027\/#breadcrumb\",\"itemListElement\":[{\"@type\":\"ListItem\",\"position\":1,\"name\":\"Portada\",\"item\":\"https:\/\/agrupacionespsoe.es\/castello\/\"},{\"@type\":\"ListItem\",\"position\":2,\"name\":\"Formulario de presentaci\u00f3n de candidatura a cabeza de lista del PSPV-PSOE de Castell\u00f3 para las Elecciones Municipales de 2027\"}]},{\"@type\":\"WebSite\",\"@id\":\"https:\/\/agrupacionespsoe.es\/castello\/#website\",\"url\":\"https:\/\/agrupacionespsoe.es\/castello\/\",\"name\":\"PSPV-PSOE CASTELL\u00d3\",\"description\":\"PSPV-PSOE | Agrupaci\u00f3 de Castell\u00f3\",\"publisher\":{\"@id\":\"https:\/\/agrupacionespsoe.es\/castello\/#organization\"},\"potentialAction\":[{\"@type\":\"SearchAction\",\"target\":{\"@type\":\"EntryPoint\",\"urlTemplate\":\"https:\/\/agrupacionespsoe.es\/castello\/?s={search_term_string}\"},\"query-input\":{\"@type\":\"PropertyValueSpecification\",\"valueRequired\":true,\"valueName\":\"search_term_string\"}}],\"inLanguage\":\"es\"},{\"@type\":\"Organization\",\"@id\":\"https:\/\/agrupacionespsoe.es\/castello\/#organization\",\"name\":\"PSPV-PSOE Castell\u00f3\",\"url\":\"https:\/\/agrupacionespsoe.es\/castello\/\",\"logo\":{\"@type\":\"ImageObject\",\"inLanguage\":\"es\",\"@id\":\"https:\/\/agrupacionespsoe.es\/castello\/#\/schema\/logo\/image\/\",\"url\":\"https:\/\/agrupacionespsoe.es\/castello\/wp-content\/uploads\/sites\/45\/2023\/04\/PORTADA-PSOE-CASTELLO.jpg\",\"contentUrl\":\"https:\/\/agrupacionespsoe.es\/castello\/wp-content\/uploads\/sites\/45\/2023\/04\/PORTADA-PSOE-CASTELLO.jpg\",\"width\":2500,\"height\":2500,\"caption\":\"PSPV-PSOE Castell\u00f3\"},\"image\":{\"@id\":\"https:\/\/agrupacionespsoe.es\/castello\/#\/schema\/logo\/image\/\"},\"sameAs\":[\"https:\/\/www.facebook.com\/pspv.castellodelaplana\",\"https:\/\/x.com\/pspv_cs\",\"https:\/\/www.instagram.com\/pspvpsoecastello\/\"]},{\"@type\":\"Person\",\"@id\":\"https:\/\/agrupacionespsoe.es\/castello\/#\/schema\/person\/f3bc5b2f9dc6a399e9e98596ae24a20a\",\"name\":\"castello1\",\"image\":{\"@type\":\"ImageObject\",\"inLanguage\":\"es\",\"@id\":\"https:\/\/agrupacionespsoe.es\/castello\/#\/schema\/person\/image\/\",\"url\":\"https:\/\/secure.gravatar.com\/avatar\/5f1da428d6479d1127419c0b58796865?s=96&d=mm&r=g\",\"contentUrl\":\"https:\/\/secure.gravatar.com\/avatar\/5f1da428d6479d1127419c0b58796865?s=96&d=mm&r=g\",\"caption\":\"castello1\"},\"url\":\"https:\/\/agrupacionespsoe.es\/castello\/author\/castello1\/\"}]}<\/script>\n<!-- \/ Yoast SEO plugin. -->","yoast_head_json":{"title":"Formulario de presentaci\u00f3n de candidatura a cabeza de lista del PSPV-PSOE de Castell\u00f3 para las Elecciones Municipales de 2027 - PSPV-PSOE CASTELL\u00d3","robots":{"index":"index","follow":"follow","max-snippet":"max-snippet:-1","max-image-preview":"max-image-preview:large","max-video-preview":"max-video-preview:-1"},"canonical":"https:\/\/agrupacionespsoe.es\/castello\/formulario-de-presentacion-de-candidatura-a-cabeza-de-lista-del-pspv-psoe-de-castello-para-las-elecciones-municipales-de-2027\/","og_locale":"es_ES","og_type":"article","og_title":"Formulario de presentaci\u00f3n de candidatura a cabeza de lista del PSPV-PSOE de Castell\u00f3 para las Elecciones Municipales de 2027 - PSPV-PSOE CASTELL\u00d3","og_description":"El Comit\u00e9 Federal celebrado el 27 de junio aprob\u00f3 la convocatoria y calendario de Primarias para las elecciones locales y auton\u00f3micas que se celebrar\u00e1n el 23 de mayo de 2027. En el caso de la Agrupaci\u00f3n de Castell\u00f3, al ser una ciudad de mas de 20.000 habitantes, la Comisi\u00f3n Ejecutiva Nacional decidi\u00f3 que concurrir\u00edamos al ...","og_url":"https:\/\/agrupacionespsoe.es\/castello\/formulario-de-presentacion-de-candidatura-a-cabeza-de-lista-del-pspv-psoe-de-castello-para-las-elecciones-municipales-de-2027\/","og_site_name":"PSPV-PSOE CASTELL\u00d3","article_publisher":"https:\/\/www.facebook.com\/pspv.castellodelaplana","article_published_time":"2026-09-03T07:30:00+00:00","article_modified_time":"2026-09-03T19:33:21+00:00","og_image":[{"width":2500,"height":2500,"url":"https:\/\/agrupacionespsoe.es\/castello\/wp-content\/uploads\/sites\/45\/2023\/04\/PORTADA-PSOE-CASTELLO.jpg","type":"image\/jpeg"}],"author":"castello1","twitter_card":"summary_large_image","twitter_creator":"@pspv_cs","twitter_site":"@pspv_cs","twitter_misc":{"Escrito por":"castello1","Tiempo de lectura":"2 minutos"},"schema":{"@context":"https:\/\/schema.org","@graph":[{"@type":"Article","@id":"https:\/\/agrupacionespsoe.es\/castello\/formulario-de-presentacion-de-candidatura-a-cabeza-de-lista-del-pspv-psoe-de-castello-para-las-elecciones-municipales-de-2027\/#article","isPartOf":{"@id":"https:\/\/agrupacionespsoe.es\/castello\/formulario-de-presentacion-de-candidatura-a-cabeza-de-lista-del-pspv-psoe-de-castello-para-las-elecciones-municipales-de-2027\/"},"author":{"name":"castello1","@id":"https:\/\/agrupacionespsoe.es\/castello\/#\/schema\/person\/f3bc5b2f9dc6a399e9e98596ae24a20a"},"headline":"Formulario de presentaci\u00f3n de candidatura a cabeza de lista del PSPV-PSOE de Castell\u00f3 para las Elecciones Municipales de 2027","datePublished":"2026-09-03T07:30:00+00:00","dateModified":"2026-09-03T19:33:21+00:00","mainEntityOfPage":{"@id":"https:\/\/agrupacionespsoe.es\/castello\/formulario-de-presentacion-de-candidatura-a-cabeza-de-lista-del-pspv-psoe-de-castello-para-las-elecciones-municipales-de-2027\/"},"wordCount":217,"commentCount":0,"publisher":{"@id":"https:\/\/agrupacionespsoe.es\/castello\/#organization"},"image":{"@id":"https:\/\/agrupacionespsoe.es\/castello\/formulario-de-presentacion-de-candidatura-a-cabeza-de-lista-del-pspv-psoe-de-castello-para-las-elecciones-municipales-de-2027\/#primaryimage"},"thumbnailUrl":"https:\/\/i0.wp.com\/agrupacionespsoe.es\/castello\/wp-content\/uploads\/sites\/45\/2023\/04\/PORTADA-PSOE-CASTELLO.jpg?fit=2500%2C2500&ssl=1","articleSection":["Agrupaci\u00f3n Municipal"],"inLanguage":"es","potentialAction":[{"@type":"CommentAction","name":"Comment","target":["https:\/\/agrupacionespsoe.es\/castello\/formulario-de-presentacion-de-candidatura-a-cabeza-de-lista-del-pspv-psoe-de-castello-para-las-elecciones-municipales-de-2027\/#respond"]}]},{"@type":"WebPage","@id":"https:\/\/agrupacionespsoe.es\/castello\/formulario-de-presentacion-de-candidatura-a-cabeza-de-lista-del-pspv-psoe-de-castello-para-las-elecciones-municipales-de-2027\/","url":"https:\/\/agrupacionespsoe.es\/castello\/formulario-de-presentacion-de-candidatura-a-cabeza-de-lista-del-pspv-psoe-de-castello-para-las-elecciones-municipales-de-2027\/","name":"Formulario de presentaci\u00f3n de candidatura a cabeza de lista del PSPV-PSOE de Castell\u00f3 para las Elecciones Municipales de 2027 - PSPV-PSOE CASTELL\u00d3","isPartOf":{"@id":"https:\/\/agrupacionespsoe.es\/castello\/#website"},"primaryImageOfPage":{"@id":"https:\/\/agrupacionespsoe.es\/castello\/formulario-de-presentacion-de-candidatura-a-cabeza-de-lista-del-pspv-psoe-de-castello-para-las-elecciones-municipales-de-2027\/#primaryimage"},"image":{"@id":"https:\/\/agrupacionespsoe.es\/castello\/formulario-de-presentacion-de-candidatura-a-cabeza-de-lista-del-pspv-psoe-de-castello-para-las-elecciones-municipales-de-2027\/#primaryimage"},"thumbnailUrl":"https:\/\/i0.wp.com\/agrupacionespsoe.es\/castello\/wp-content\/uploads\/sites\/45\/2023\/04\/PORTADA-PSOE-CASTELLO.jpg?fit=2500%2C2500&ssl=1","datePublished":"2026-09-03T07:30:00+00:00","dateModified":"2026-09-03T19:33:21+00:00","breadcrumb":{"@id":"https:\/\/agrupacionespsoe.es\/castello\/formulario-de-presentacion-de-candidatura-a-cabeza-de-lista-del-pspv-psoe-de-castello-para-las-elecciones-municipales-de-2027\/#breadcrumb"},"inLanguage":"es","potentialAction":[{"@type":"ReadAction","target":["https:\/\/agrupacionespsoe.es\/castello\/formulario-de-presentacion-de-candidatura-a-cabeza-de-lista-del-pspv-psoe-de-castello-para-las-elecciones-municipales-de-2027\/"]}]},{"@type":"ImageObject","inLanguage":"es","@id":"https:\/\/agrupacionespsoe.es\/castello\/formulario-de-presentacion-de-candidatura-a-cabeza-de-lista-del-pspv-psoe-de-castello-para-las-elecciones-municipales-de-2027\/#primaryimage","url":"https:\/\/i0.wp.com\/agrupacionespsoe.es\/castello\/wp-content\/uploads\/sites\/45\/2023\/04\/PORTADA-PSOE-CASTELLO.jpg?fit=2500%2C2500&ssl=1","contentUrl":"https:\/\/i0.wp.com\/agrupacionespsoe.es\/castello\/wp-content\/uploads\/sites\/45\/2023\/04\/PORTADA-PSOE-CASTELLO.jpg?fit=2500%2C2500&ssl=1","width":2500,"height":2500},{"@type":"BreadcrumbList","@id":"https:\/\/agrupacionespsoe.es\/castello\/formulario-de-presentacion-de-candidatura-a-cabeza-de-lista-del-pspv-psoe-de-castello-para-las-elecciones-municipales-de-2027\/#breadcrumb","itemListElement":[{"@type":"ListItem","position":1,"name":"Portada","item":"https:\/\/agrupacionespsoe.es\/castello\/"},{"@type":"ListItem","position":2,"name":"Formulario de presentaci\u00f3n de candidatura a cabeza de lista del PSPV-PSOE de Castell\u00f3 para las Elecciones Municipales de 2027"}]},{"@type":"WebSite","@id":"https:\/\/agrupacionespsoe.es\/castello\/#website","url":"https:\/\/agrupacionespsoe.es\/castello\/","name":"PSPV-PSOE CASTELL\u00d3","description":"PSPV-PSOE | Agrupaci\u00f3 de Castell\u00f3","publisher":{"@id":"https:\/\/agrupacionespsoe.es\/castello\/#organization"},"potentialAction":[{"@type":"SearchAction","target":{"@type":"EntryPoint","urlTemplate":"https:\/\/agrupacionespsoe.es\/castello\/?s={search_term_string}"},"query-input":{"@type":"PropertyValueSpecification","valueRequired":true,"valueName":"search_term_string"}}],"inLanguage":"es"},{"@type":"Organization","@id":"https:\/\/agrupacionespsoe.es\/castello\/#organization","name":"PSPV-PSOE Castell\u00f3","url":"https:\/\/agrupacionespsoe.es\/castello\/","logo":{"@type":"ImageObject","inLanguage":"es","@id":"https:\/\/agrupacionespsoe.es\/castello\/#\/schema\/logo\/image\/","url":"https:\/\/agrupacionespsoe.es\/castello\/wp-content\/uploads\/sites\/45\/2023\/04\/PORTADA-PSOE-CASTELLO.jpg","contentUrl":"https:\/\/agrupacionespsoe.es\/castello\/wp-content\/uploads\/sites\/45\/2023\/04\/PORTADA-PSOE-CASTELLO.jpg","width":2500,"height":2500,"caption":"PSPV-PSOE Castell\u00f3"},"image":{"@id":"https:\/\/agrupacionespsoe.es\/castello\/#\/schema\/logo\/image\/"},"sameAs":["https:\/\/www.facebook.com\/pspv.castellodelaplana","https:\/\/x.com\/pspv_cs","https:\/\/www.instagram.com\/pspvpsoecastello\/"]},{"@type":"Person","@id":"https:\/\/agrupacionespsoe.es\/castello\/#\/schema\/person\/f3bc5b2f9dc6a399e9e98596ae24a20a","name":"castello1","image":{"@type":"ImageObject","inLanguage":"es","@id":"https:\/\/agrupacionespsoe.es\/castello\/#\/schema\/person\/image\/","url":"https:\/\/secure.gravatar.com\/avatar\/5f1da428d6479d1127419c0b58796865?s=96&d=mm&r=g","contentUrl":"https:\/\/secure.gravatar.com\/avatar\/5f1da428d6479d1127419c0b58796865?s=96&d=mm&r=g","caption":"castello1"},"url":"https:\/\/agrupacionespsoe.es\/castello\/author\/castello1\/"}]}},"jetpack_publicize_connections":[],"jetpack_featured_media_url":"https:\/\/i0.wp.com\/agrupacionespsoe.es\/castello\/wp-content\/uploads\/sites\/45\/2023\/04\/PORTADA-PSOE-CASTELLO.jpg?fit=2500%2C2500&ssl=1","jetpack_sharing_enabled":true,"jetpack_shortlink":"https:\/\/wp.me\/pgSzTX-372","_links":{"self":[{"href":"https:\/\/agrupacionespsoe.es\/castello\/wp-json\/wp\/v2\/posts\/11968","targetHints":{"allow":["GET"]}}],"collection":[{"href":"https:\/\/agrupacionespsoe.es\/castello\/wp-json\/wp\/v2\/posts"}],"about":[{"href":"https:\/\/agrupacionespsoe.es\/castello\/wp-json\/wp\/v2\/types\/post"}],"author":[{"embeddable":true,"href":"https:\/\/agrupacionespsoe.es\/castello\/wp-json\/wp\/v2\/users\/48"}],"replies":[{"embeddable":true,"href":"https:\/\/agrupacionespsoe.es\/castello\/wp-json\/wp\/v2\/comments?post=11968"}],"version-history":[{"count":13,"href":"https:\/\/agrupacionespsoe.es\/castello\/wp-json\/wp\/v2\/posts\/11968\/revisions"}],"predecessor-version":[{"id":12017,"href":"https:\/\/agrupacionespsoe.es\/castello\/wp-json\/wp\/v2\/posts\/11968\/revisions\/12017"}],"wp:featuredmedia":[{"embeddable":true,"href":"https:\/\/agrupacionespsoe.es\/castello\/wp-json\/wp\/v2\/media\/616"}],"wp:attachment":[{"href":"https:\/\/agrupacionespsoe.es\/castello\/wp-json\/wp\/v2\/media?parent=11968"}],"wp:term":[{"taxonomy":"category","embeddable":true,"href":"https:\/\/agrupacionespsoe.es\/castello\/wp-json\/wp\/v2\/categories?post=11968"},{"taxonomy":"post_tag","embeddable":true,"href":"https:\/\/agrupacionespsoe.es\/castello\/wp-json\/wp\/v2\/tags?post=11968"}],"curies":[{"name":"wp","href":"https:\/\/api.w.org\/{rel}","templated":true}]}}