{"id":11944,"date":"2026-09-01T13:01:36","date_gmt":"2026-09-01T11:01:36","guid":{"rendered":"https:\/\/agrupacionespsoe.es\/castello\/?p=11944"},"modified":"2026-09-01T13:01:52","modified_gmt":"2026-09-01T11:01:52","slug":"lopez-carrasco-va-dir-al-juliol-que-24-tones-dajuda-demergencia-viatjaven-a-venecuela-i-porten-dos-mesos-a-castello","status":"publish","type":"post","link":"https:\/\/agrupacionespsoe.es\/castello\/va\/lopez-carrasco-va-dir-al-juliol-que-24-tones-dajuda-demergencia-viatjaven-a-venecuela-i-porten-dos-mesos-a-castello\/","title":{"rendered":"L\u00f3pez: \u00abCarrasco va dir al juliol que 24 tones d\u2019ajuda d\u2019emerg\u00e8ncia viatjaven a Vene\u00e7uela i porten dos mesos a Castell\u00f3\u00bb\u00a0"},"content":{"rendered":"\n<ul class=\"wp-block-list\">\n<li><em><em>El portaveu adjunt del Grup Municipal Socialista acusa l\u2019alcaldessa de mentir i burlar-se dels castellonencs, que van respondre amb generositat al terratr\u00e9mol<\/em><\/em><\/li>\n<\/ul>\n\n\n\n<figure class=\"wp-block-audio\"><audio controls src=\"https:\/\/agrupacionespsoe.es\/castello\/wp-content\/uploads\/sites\/45\/2026\/09\/20260901-Lopez-Carrasco-dijo-en-julio-que-24-toneladas-de-ayuda-de-emergencia-viajaban-a-Venezuela-y-llevan-dos-meses-en-Castello.mp3\" autoplay><\/audio><\/figure>\n\n\n\n<p>L&#8217;ajuda humanit\u00e0ria arreplegada per la ciutadania de Castell\u00f3 a principis de juliol no ha eixit de les depend\u00e8ncies municipals a pesar que l&#8217;Ajuntament va informar de \u201cl&#8217;eixida de l&#8217;\u00faltim enviament del carregament\u201d. El portaveu adjunt del Grup Municipal Socialista, <a href=\"https:\/\/agrupacionespsoe.es\/castello\/va\/tag\/jose-luis-lopez-va\/\">Jos\u00e9 Luis L\u00f3pez<\/a>, ha acusat l&#8217;alcaldessa, <a href=\"https:\/\/agrupacionespsoe.es\/castello\/va\/tag\/begona-carrasco-va\/\">Bego\u00f1a Carrasco<\/a>, de mentir assegurant que l&#8217;ajuda ja havia sigut enviada, quan la veritat \u00e9s que aliments i productes de primera necessitat segueixen a la ciutat.<\/p>\n\n\n\n<p>L\u00f3pez ha insistit que el Grup Municipal Socialista ja va advertir de la necessitat d&#8217;optar per ajudes econ\u00f2miques per a facilitar la canalitzaci\u00f3 del carregament. \u201cLes dificultats administratives i pr\u00f2pies d&#8217;un pa\u00eds que ha patit una cat\u00e0strofe ens porten a pensar en criteris d&#8217;efici\u00e8ncia i per a aix\u00f2, ja s&#8217;ha vist, \u00e9s m\u00e9s f\u00e0cil ajudar amb diners que amb uns aliments que porten dos mesos emmagatzemats ac\u00ed\u201d, en paraules del portaveu adjunt.<\/p>\n\n\n\n<p>Aquesta part ha recordat que \u201cel que ha quedat en evid\u00e8ncia \u00e9s la paraula de l&#8217;alcaldessa, que no va perdre el temps a fer-se la foto i assegurar que el carregament ja viatjava a Vene\u00e7uela, quan la veritat \u00e9s que en cap moment ha eixit ni un quilo dels 24.000 donats pels castellonencs\u201d.<\/p>\n\n\n\n<p>\u201cExigirem responsabilitats i transpar\u00e8ncia perqu\u00e8 estem acostumats a les mentides de Carrasco i el seu equip, per\u00f2 aquesta vegada ha traspassat un nou l\u00edmit amb aquesta absoluta gesti\u00f3 irresponsable de l&#8217;ajuda humanit\u00e0ria\u201d, segons L\u00f3pez.\u00a0\u00a0<\/p>\n\n\n\n<p><\/p>\n","protected":false},"excerpt":{"rendered":"<p>L&#8217;ajuda humanit\u00e0ria arreplegada per la ciutadania de Castell\u00f3 a principis de juliol no ha eixit de les depend\u00e8ncies municipals a pesar que l&#8217;Ajuntament va informar de \u201cl&#8217;eixida de l&#8217;\u00faltim enviament del carregament\u201d. El portaveu adjunt del Grup Municipal Socialista, Jos\u00e9 Luis L\u00f3pez, ha acusat l&#8217;alcaldessa, Bego\u00f1a Carrasco, de mentir assegurant que l&#8217;ajuda ja havia sigut &#8230;<\/p>\n","protected":false},"author":48,"featured_media":10962,"comment_status":"open","ping_status":"open","sticky":false,"template":"","format":"standard","meta":{"jetpack_post_was_ever_published":false,"_jetpack_newsletter_access":"","_jetpack_dont_email_post_to_subs":false,"_jetpack_newsletter_tier_id":0,"_jetpack_memberships_contains_paywalled_content":false,"_jetpack_memberships_contains_paid_content":false,"footnotes":"","jetpack_publicize_message":"","jetpack_publicize_feature_enabled":true,"jetpack_social_post_already_shared":true,"jetpack_social_options":{"image_generator_settings":{"template":"highway","default_image_id":0,"font":"","enabled":false},"version":2}},"categories":[22],"tags":[741,87,446],"class_list":["post-11944","post","type-post","status-publish","format-standard","has-post-thumbnail","hentry","category-gms-va","tag-begona-carrasco-va","tag-jose-luis-lopez-va","tag-todos-va"],"yoast_head":"<!-- This site is optimized with the Yoast SEO plugin v24.0 - https:\/\/yoast.com\/wordpress\/plugins\/seo\/ -->\n<title>L\u00f3pez: \u00abCarrasco va dir al juliol que 24 tones d\u2019ajuda d\u2019emerg\u00e8ncia viatjaven a Vene\u00e7uela i porten dos mesos a Castell\u00f3\u00bb\u00a0 - PSPV-PSOE CASTELL\u00d3<\/title>\n<meta name=\"robots\" content=\"index, follow, max-snippet:-1, max-image-preview:large, max-video-preview:-1\" \/>\n<link rel=\"canonical\" href=\"https:\/\/agrupacionespsoe.es\/castello\/va\/lopez-carrasco-va-dir-al-juliol-que-24-tones-dajuda-demergencia-viatjaven-a-venecuela-i-porten-dos-mesos-a-castello\/\" \/>\n<meta property=\"og:locale\" content=\"es_ES\" \/>\n<meta property=\"og:type\" content=\"article\" \/>\n<meta property=\"og:title\" content=\"L\u00f3pez: \u00abCarrasco va dir al juliol que 24 tones d\u2019ajuda d\u2019emerg\u00e8ncia viatjaven a Vene\u00e7uela i porten dos mesos a Castell\u00f3\u00bb\u00a0 - PSPV-PSOE CASTELL\u00d3\" \/>\n<meta property=\"og:description\" content=\"L&#8217;ajuda humanit\u00e0ria arreplegada per la ciutadania de Castell\u00f3 a principis de juliol no ha eixit de les depend\u00e8ncies municipals a pesar que l&#8217;Ajuntament va informar de \u201cl&#8217;eixida de l&#8217;\u00faltim enviament del carregament\u201d. El portaveu adjunt del Grup Municipal Socialista, Jos\u00e9 Luis L\u00f3pez, ha acusat l&#8217;alcaldessa, Bego\u00f1a Carrasco, de mentir assegurant que l&#8217;ajuda ja havia sigut ...\" \/>\n<meta property=\"og:url\" content=\"https:\/\/agrupacionespsoe.es\/castello\/va\/lopez-carrasco-va-dir-al-juliol-que-24-tones-dajuda-demergencia-viatjaven-a-venecuela-i-porten-dos-mesos-a-castello\/\" \/>\n<meta property=\"og:site_name\" content=\"PSPV-PSOE CASTELL\u00d3\" \/>\n<meta property=\"article:publisher\" content=\"https:\/\/www.facebook.com\/pspv.castellodelaplana\" \/>\n<meta property=\"article:published_time\" content=\"2026-09-01T11:01:36+00:00\" \/>\n<meta property=\"article:modified_time\" content=\"2026-09-01T11:01:52+00:00\" \/>\n<meta property=\"og:image\" content=\"https:\/\/agrupacionespsoe.es\/castello\/wp-content\/uploads\/sites\/45\/2026\/04\/20260424-El-PSPV-abre-su-sede-de-Castello-al-asesoramiento-gratuito-de-personas-interesadas-en-la-regularizacion-migratoria.jpeg\" \/>\n\t<meta property=\"og:image:width\" content=\"1600\" \/>\n\t<meta property=\"og:image:height\" content=\"1200\" \/>\n\t<meta property=\"og:image:type\" content=\"image\/jpeg\" \/>\n<meta name=\"author\" content=\"castello1\" \/>\n<meta name=\"twitter:card\" content=\"summary_large_image\" \/>\n<meta name=\"twitter:creator\" content=\"@pspv_cs\" \/>\n<meta name=\"twitter:site\" content=\"@pspv_cs\" \/>\n<meta name=\"twitter:label1\" content=\"Escrito por\" \/>\n\t<meta name=\"twitter:data1\" content=\"castello1\" \/>\n\t<meta name=\"twitter:label2\" content=\"Tiempo de lectura\" \/>\n\t<meta name=\"twitter:data2\" content=\"2 minutos\" \/>\n<script type=\"application\/ld+json\" class=\"yoast-schema-graph\">{\"@context\":\"https:\/\/schema.org\",\"@graph\":[{\"@type\":\"Article\",\"@id\":\"https:\/\/agrupacionespsoe.es\/castello\/va\/lopez-carrasco-va-dir-al-juliol-que-24-tones-dajuda-demergencia-viatjaven-a-venecuela-i-porten-dos-mesos-a-castello\/#article\",\"isPartOf\":{\"@id\":\"https:\/\/agrupacionespsoe.es\/castello\/va\/lopez-carrasco-va-dir-al-juliol-que-24-tones-dajuda-demergencia-viatjaven-a-venecuela-i-porten-dos-mesos-a-castello\/\"},\"author\":{\"name\":\"castello1\",\"@id\":\"https:\/\/agrupacionespsoe.es\/castello\/#\/schema\/person\/f3bc5b2f9dc6a399e9e98596ae24a20a\"},\"headline\":\"L\u00f3pez: \u00abCarrasco va dir al juliol que 24 tones d\u2019ajuda d\u2019emerg\u00e8ncia viatjaven a Vene\u00e7uela i porten dos mesos a Castell\u00f3\u00bb\u00a0\",\"datePublished\":\"2026-09-01T11:01:36+00:00\",\"dateModified\":\"2026-09-01T11:01:52+00:00\",\"mainEntityOfPage\":{\"@id\":\"https:\/\/agrupacionespsoe.es\/castello\/va\/lopez-carrasco-va-dir-al-juliol-que-24-tones-dajuda-demergencia-viatjaven-a-venecuela-i-porten-dos-mesos-a-castello\/\"},\"wordCount\":296,\"commentCount\":0,\"publisher\":{\"@id\":\"https:\/\/agrupacionespsoe.es\/castello\/#organization\"},\"image\":{\"@id\":\"https:\/\/agrupacionespsoe.es\/castello\/va\/lopez-carrasco-va-dir-al-juliol-que-24-tones-dajuda-demergencia-viatjaven-a-venecuela-i-porten-dos-mesos-a-castello\/#primaryimage\"},\"thumbnailUrl\":\"https:\/\/i0.wp.com\/agrupacionespsoe.es\/castello\/wp-content\/uploads\/sites\/45\/2026\/04\/20260424-El-PSPV-abre-su-sede-de-Castello-al-asesoramiento-gratuito-de-personas-interesadas-en-la-regularizacion-migratoria.jpeg?fit=1600%2C1200&ssl=1\",\"keywords\":[\"Bego\u00f1a Carrasco\",\"Jos\u00e9 Luis L\u00f3pez\",\"Todos\"],\"articleSection\":[\"Grup Municipal Socialista\"],\"inLanguage\":\"es\",\"potentialAction\":[{\"@type\":\"CommentAction\",\"name\":\"Comment\",\"target\":[\"https:\/\/agrupacionespsoe.es\/castello\/va\/lopez-carrasco-va-dir-al-juliol-que-24-tones-dajuda-demergencia-viatjaven-a-venecuela-i-porten-dos-mesos-a-castello\/#respond\"]}]},{\"@type\":\"WebPage\",\"@id\":\"https:\/\/agrupacionespsoe.es\/castello\/va\/lopez-carrasco-va-dir-al-juliol-que-24-tones-dajuda-demergencia-viatjaven-a-venecuela-i-porten-dos-mesos-a-castello\/\",\"url\":\"https:\/\/agrupacionespsoe.es\/castello\/va\/lopez-carrasco-va-dir-al-juliol-que-24-tones-dajuda-demergencia-viatjaven-a-venecuela-i-porten-dos-mesos-a-castello\/\",\"name\":\"L\u00f3pez: \u00abCarrasco va dir al juliol que 24 tones d\u2019ajuda d\u2019emerg\u00e8ncia viatjaven a Vene\u00e7uela i porten dos mesos a Castell\u00f3\u00bb\u00a0 - PSPV-PSOE CASTELL\u00d3\",\"isPartOf\":{\"@id\":\"https:\/\/agrupacionespsoe.es\/castello\/#website\"},\"primaryImageOfPage\":{\"@id\":\"https:\/\/agrupacionespsoe.es\/castello\/va\/lopez-carrasco-va-dir-al-juliol-que-24-tones-dajuda-demergencia-viatjaven-a-venecuela-i-porten-dos-mesos-a-castello\/#primaryimage\"},\"image\":{\"@id\":\"https:\/\/agrupacionespsoe.es\/castello\/va\/lopez-carrasco-va-dir-al-juliol-que-24-tones-dajuda-demergencia-viatjaven-a-venecuela-i-porten-dos-mesos-a-castello\/#primaryimage\"},\"thumbnailUrl\":\"https:\/\/i0.wp.com\/agrupacionespsoe.es\/castello\/wp-content\/uploads\/sites\/45\/2026\/04\/20260424-El-PSPV-abre-su-sede-de-Castello-al-asesoramiento-gratuito-de-personas-interesadas-en-la-regularizacion-migratoria.jpeg?fit=1600%2C1200&ssl=1\",\"datePublished\":\"2026-09-01T11:01:36+00:00\",\"dateModified\":\"2026-09-01T11:01:52+00:00\",\"breadcrumb\":{\"@id\":\"https:\/\/agrupacionespsoe.es\/castello\/va\/lopez-carrasco-va-dir-al-juliol-que-24-tones-dajuda-demergencia-viatjaven-a-venecuela-i-porten-dos-mesos-a-castello\/#breadcrumb\"},\"inLanguage\":\"es\",\"potentialAction\":[{\"@type\":\"ReadAction\",\"target\":[\"https:\/\/agrupacionespsoe.es\/castello\/va\/lopez-carrasco-va-dir-al-juliol-que-24-tones-dajuda-demergencia-viatjaven-a-venecuela-i-porten-dos-mesos-a-castello\/\"]}]},{\"@type\":\"ImageObject\",\"inLanguage\":\"es\",\"@id\":\"https:\/\/agrupacionespsoe.es\/castello\/va\/lopez-carrasco-va-dir-al-juliol-que-24-tones-dajuda-demergencia-viatjaven-a-venecuela-i-porten-dos-mesos-a-castello\/#primaryimage\",\"url\":\"https:\/\/i0.wp.com\/agrupacionespsoe.es\/castello\/wp-content\/uploads\/sites\/45\/2026\/04\/20260424-El-PSPV-abre-su-sede-de-Castello-al-asesoramiento-gratuito-de-personas-interesadas-en-la-regularizacion-migratoria.jpeg?fit=1600%2C1200&ssl=1\",\"contentUrl\":\"https:\/\/i0.wp.com\/agrupacionespsoe.es\/castello\/wp-content\/uploads\/sites\/45\/2026\/04\/20260424-El-PSPV-abre-su-sede-de-Castello-al-asesoramiento-gratuito-de-personas-interesadas-en-la-regularizacion-migratoria.jpeg?fit=1600%2C1200&ssl=1\",\"width\":1600,\"height\":1200},{\"@type\":\"BreadcrumbList\",\"@id\":\"https:\/\/agrupacionespsoe.es\/castello\/va\/lopez-carrasco-va-dir-al-juliol-que-24-tones-dajuda-demergencia-viatjaven-a-venecuela-i-porten-dos-mesos-a-castello\/#breadcrumb\",\"itemListElement\":[{\"@type\":\"ListItem\",\"position\":1,\"name\":\"Portada\",\"item\":\"https:\/\/agrupacionespsoe.es\/castello\/\"},{\"@type\":\"ListItem\",\"position\":2,\"name\":\"L\u00f3pez: \u00abCarrasco va dir al juliol que 24 tones d\u2019ajuda d\u2019emerg\u00e8ncia viatjaven a Vene\u00e7uela i porten dos mesos a Castell\u00f3\u00bb\u00a0\"}]},{\"@type\":\"WebSite\",\"@id\":\"https:\/\/agrupacionespsoe.es\/castello\/#website\",\"url\":\"https:\/\/agrupacionespsoe.es\/castello\/\",\"name\":\"PSPV-PSOE CASTELL\u00d3\",\"description\":\"PSPV-PSOE | Agrupaci\u00f3 de Castell\u00f3\",\"publisher\":{\"@id\":\"https:\/\/agrupacionespsoe.es\/castello\/#organization\"},\"potentialAction\":[{\"@type\":\"SearchAction\",\"target\":{\"@type\":\"EntryPoint\",\"urlTemplate\":\"https:\/\/agrupacionespsoe.es\/castello\/?s={search_term_string}\"},\"query-input\":{\"@type\":\"PropertyValueSpecification\",\"valueRequired\":true,\"valueName\":\"search_term_string\"}}],\"inLanguage\":\"es\"},{\"@type\":\"Organization\",\"@id\":\"https:\/\/agrupacionespsoe.es\/castello\/#organization\",\"name\":\"PSPV-PSOE Castell\u00f3\",\"url\":\"https:\/\/agrupacionespsoe.es\/castello\/\",\"logo\":{\"@type\":\"ImageObject\",\"inLanguage\":\"es\",\"@id\":\"https:\/\/agrupacionespsoe.es\/castello\/#\/schema\/logo\/image\/\",\"url\":\"https:\/\/agrupacionespsoe.es\/castello\/wp-content\/uploads\/sites\/45\/2023\/04\/PORTADA-PSOE-CASTELLO.jpg\",\"contentUrl\":\"https:\/\/agrupacionespsoe.es\/castello\/wp-content\/uploads\/sites\/45\/2023\/04\/PORTADA-PSOE-CASTELLO.jpg\",\"width\":2500,\"height\":2500,\"caption\":\"PSPV-PSOE Castell\u00f3\"},\"image\":{\"@id\":\"https:\/\/agrupacionespsoe.es\/castello\/#\/schema\/logo\/image\/\"},\"sameAs\":[\"https:\/\/www.facebook.com\/pspv.castellodelaplana\",\"https:\/\/x.com\/pspv_cs\",\"https:\/\/www.instagram.com\/pspvpsoecastello\/\"]},{\"@type\":\"Person\",\"@id\":\"https:\/\/agrupacionespsoe.es\/castello\/#\/schema\/person\/f3bc5b2f9dc6a399e9e98596ae24a20a\",\"name\":\"castello1\",\"image\":{\"@type\":\"ImageObject\",\"inLanguage\":\"es\",\"@id\":\"https:\/\/agrupacionespsoe.es\/castello\/#\/schema\/person\/image\/\",\"url\":\"https:\/\/secure.gravatar.com\/avatar\/5f1da428d6479d1127419c0b58796865?s=96&d=mm&r=g\",\"contentUrl\":\"https:\/\/secure.gravatar.com\/avatar\/5f1da428d6479d1127419c0b58796865?s=96&d=mm&r=g\",\"caption\":\"castello1\"},\"url\":\"https:\/\/agrupacionespsoe.es\/castello\/author\/castello1\/\"}]}<\/script>\n<!-- \/ Yoast SEO plugin. -->","yoast_head_json":{"title":"L\u00f3pez: \u00abCarrasco va dir al juliol que 24 tones d\u2019ajuda d\u2019emerg\u00e8ncia viatjaven a Vene\u00e7uela i porten dos mesos a Castell\u00f3\u00bb\u00a0 - PSPV-PSOE CASTELL\u00d3","robots":{"index":"index","follow":"follow","max-snippet":"max-snippet:-1","max-image-preview":"max-image-preview:large","max-video-preview":"max-video-preview:-1"},"canonical":"https:\/\/agrupacionespsoe.es\/castello\/va\/lopez-carrasco-va-dir-al-juliol-que-24-tones-dajuda-demergencia-viatjaven-a-venecuela-i-porten-dos-mesos-a-castello\/","og_locale":"es_ES","og_type":"article","og_title":"L\u00f3pez: \u00abCarrasco va dir al juliol que 24 tones d\u2019ajuda d\u2019emerg\u00e8ncia viatjaven a Vene\u00e7uela i porten dos mesos a Castell\u00f3\u00bb\u00a0 - PSPV-PSOE CASTELL\u00d3","og_description":"L&#8217;ajuda humanit\u00e0ria arreplegada per la ciutadania de Castell\u00f3 a principis de juliol no ha eixit de les depend\u00e8ncies municipals a pesar que l&#8217;Ajuntament va informar de \u201cl&#8217;eixida de l&#8217;\u00faltim enviament del carregament\u201d. El portaveu adjunt del Grup Municipal Socialista, Jos\u00e9 Luis L\u00f3pez, ha acusat l&#8217;alcaldessa, Bego\u00f1a Carrasco, de mentir assegurant que l&#8217;ajuda ja havia sigut ...","og_url":"https:\/\/agrupacionespsoe.es\/castello\/va\/lopez-carrasco-va-dir-al-juliol-que-24-tones-dajuda-demergencia-viatjaven-a-venecuela-i-porten-dos-mesos-a-castello\/","og_site_name":"PSPV-PSOE CASTELL\u00d3","article_publisher":"https:\/\/www.facebook.com\/pspv.castellodelaplana","article_published_time":"2026-09-01T11:01:36+00:00","article_modified_time":"2026-09-01T11:01:52+00:00","og_image":[{"width":1600,"height":1200,"url":"https:\/\/agrupacionespsoe.es\/castello\/wp-content\/uploads\/sites\/45\/2026\/04\/20260424-El-PSPV-abre-su-sede-de-Castello-al-asesoramiento-gratuito-de-personas-interesadas-en-la-regularizacion-migratoria.jpeg","type":"image\/jpeg"}],"author":"castello1","twitter_card":"summary_large_image","twitter_creator":"@pspv_cs","twitter_site":"@pspv_cs","twitter_misc":{"Escrito por":"castello1","Tiempo de lectura":"2 minutos"},"schema":{"@context":"https:\/\/schema.org","@graph":[{"@type":"Article","@id":"https:\/\/agrupacionespsoe.es\/castello\/va\/lopez-carrasco-va-dir-al-juliol-que-24-tones-dajuda-demergencia-viatjaven-a-venecuela-i-porten-dos-mesos-a-castello\/#article","isPartOf":{"@id":"https:\/\/agrupacionespsoe.es\/castello\/va\/lopez-carrasco-va-dir-al-juliol-que-24-tones-dajuda-demergencia-viatjaven-a-venecuela-i-porten-dos-mesos-a-castello\/"},"author":{"name":"castello1","@id":"https:\/\/agrupacionespsoe.es\/castello\/#\/schema\/person\/f3bc5b2f9dc6a399e9e98596ae24a20a"},"headline":"L\u00f3pez: \u00abCarrasco va dir al juliol que 24 tones d\u2019ajuda d\u2019emerg\u00e8ncia viatjaven a Vene\u00e7uela i porten dos mesos a Castell\u00f3\u00bb\u00a0","datePublished":"2026-09-01T11:01:36+00:00","dateModified":"2026-09-01T11:01:52+00:00","mainEntityOfPage":{"@id":"https:\/\/agrupacionespsoe.es\/castello\/va\/lopez-carrasco-va-dir-al-juliol-que-24-tones-dajuda-demergencia-viatjaven-a-venecuela-i-porten-dos-mesos-a-castello\/"},"wordCount":296,"commentCount":0,"publisher":{"@id":"https:\/\/agrupacionespsoe.es\/castello\/#organization"},"image":{"@id":"https:\/\/agrupacionespsoe.es\/castello\/va\/lopez-carrasco-va-dir-al-juliol-que-24-tones-dajuda-demergencia-viatjaven-a-venecuela-i-porten-dos-mesos-a-castello\/#primaryimage"},"thumbnailUrl":"https:\/\/i0.wp.com\/agrupacionespsoe.es\/castello\/wp-content\/uploads\/sites\/45\/2026\/04\/20260424-El-PSPV-abre-su-sede-de-Castello-al-asesoramiento-gratuito-de-personas-interesadas-en-la-regularizacion-migratoria.jpeg?fit=1600%2C1200&ssl=1","keywords":["Bego\u00f1a Carrasco","Jos\u00e9 Luis L\u00f3pez","Todos"],"articleSection":["Grup Municipal Socialista"],"inLanguage":"es","potentialAction":[{"@type":"CommentAction","name":"Comment","target":["https:\/\/agrupacionespsoe.es\/castello\/va\/lopez-carrasco-va-dir-al-juliol-que-24-tones-dajuda-demergencia-viatjaven-a-venecuela-i-porten-dos-mesos-a-castello\/#respond"]}]},{"@type":"WebPage","@id":"https:\/\/agrupacionespsoe.es\/castello\/va\/lopez-carrasco-va-dir-al-juliol-que-24-tones-dajuda-demergencia-viatjaven-a-venecuela-i-porten-dos-mesos-a-castello\/","url":"https:\/\/agrupacionespsoe.es\/castello\/va\/lopez-carrasco-va-dir-al-juliol-que-24-tones-dajuda-demergencia-viatjaven-a-venecuela-i-porten-dos-mesos-a-castello\/","name":"L\u00f3pez: \u00abCarrasco va dir al juliol que 24 tones d\u2019ajuda d\u2019emerg\u00e8ncia viatjaven a Vene\u00e7uela i porten dos mesos a Castell\u00f3\u00bb\u00a0 - PSPV-PSOE CASTELL\u00d3","isPartOf":{"@id":"https:\/\/agrupacionespsoe.es\/castello\/#website"},"primaryImageOfPage":{"@id":"https:\/\/agrupacionespsoe.es\/castello\/va\/lopez-carrasco-va-dir-al-juliol-que-24-tones-dajuda-demergencia-viatjaven-a-venecuela-i-porten-dos-mesos-a-castello\/#primaryimage"},"image":{"@id":"https:\/\/agrupacionespsoe.es\/castello\/va\/lopez-carrasco-va-dir-al-juliol-que-24-tones-dajuda-demergencia-viatjaven-a-venecuela-i-porten-dos-mesos-a-castello\/#primaryimage"},"thumbnailUrl":"https:\/\/i0.wp.com\/agrupacionespsoe.es\/castello\/wp-content\/uploads\/sites\/45\/2026\/04\/20260424-El-PSPV-abre-su-sede-de-Castello-al-asesoramiento-gratuito-de-personas-interesadas-en-la-regularizacion-migratoria.jpeg?fit=1600%2C1200&ssl=1","datePublished":"2026-09-01T11:01:36+00:00","dateModified":"2026-09-01T11:01:52+00:00","breadcrumb":{"@id":"https:\/\/agrupacionespsoe.es\/castello\/va\/lopez-carrasco-va-dir-al-juliol-que-24-tones-dajuda-demergencia-viatjaven-a-venecuela-i-porten-dos-mesos-a-castello\/#breadcrumb"},"inLanguage":"es","potentialAction":[{"@type":"ReadAction","target":["https:\/\/agrupacionespsoe.es\/castello\/va\/lopez-carrasco-va-dir-al-juliol-que-24-tones-dajuda-demergencia-viatjaven-a-venecuela-i-porten-dos-mesos-a-castello\/"]}]},{"@type":"ImageObject","inLanguage":"es","@id":"https:\/\/agrupacionespsoe.es\/castello\/va\/lopez-carrasco-va-dir-al-juliol-que-24-tones-dajuda-demergencia-viatjaven-a-venecuela-i-porten-dos-mesos-a-castello\/#primaryimage","url":"https:\/\/i0.wp.com\/agrupacionespsoe.es\/castello\/wp-content\/uploads\/sites\/45\/2026\/04\/20260424-El-PSPV-abre-su-sede-de-Castello-al-asesoramiento-gratuito-de-personas-interesadas-en-la-regularizacion-migratoria.jpeg?fit=1600%2C1200&ssl=1","contentUrl":"https:\/\/i0.wp.com\/agrupacionespsoe.es\/castello\/wp-content\/uploads\/sites\/45\/2026\/04\/20260424-El-PSPV-abre-su-sede-de-Castello-al-asesoramiento-gratuito-de-personas-interesadas-en-la-regularizacion-migratoria.jpeg?fit=1600%2C1200&ssl=1","width":1600,"height":1200},{"@type":"BreadcrumbList","@id":"https:\/\/agrupacionespsoe.es\/castello\/va\/lopez-carrasco-va-dir-al-juliol-que-24-tones-dajuda-demergencia-viatjaven-a-venecuela-i-porten-dos-mesos-a-castello\/#breadcrumb","itemListElement":[{"@type":"ListItem","position":1,"name":"Portada","item":"https:\/\/agrupacionespsoe.es\/castello\/"},{"@type":"ListItem","position":2,"name":"L\u00f3pez: \u00abCarrasco va dir al juliol que 24 tones d\u2019ajuda d\u2019emerg\u00e8ncia viatjaven a Vene\u00e7uela i porten dos mesos a Castell\u00f3\u00bb\u00a0"}]},{"@type":"WebSite","@id":"https:\/\/agrupacionespsoe.es\/castello\/#website","url":"https:\/\/agrupacionespsoe.es\/castello\/","name":"PSPV-PSOE CASTELL\u00d3","description":"PSPV-PSOE | Agrupaci\u00f3 de Castell\u00f3","publisher":{"@id":"https:\/\/agrupacionespsoe.es\/castello\/#organization"},"potentialAction":[{"@type":"SearchAction","target":{"@type":"EntryPoint","urlTemplate":"https:\/\/agrupacionespsoe.es\/castello\/?s={search_term_string}"},"query-input":{"@type":"PropertyValueSpecification","valueRequired":true,"valueName":"search_term_string"}}],"inLanguage":"es"},{"@type":"Organization","@id":"https:\/\/agrupacionespsoe.es\/castello\/#organization","name":"PSPV-PSOE Castell\u00f3","url":"https:\/\/agrupacionespsoe.es\/castello\/","logo":{"@type":"ImageObject","inLanguage":"es","@id":"https:\/\/agrupacionespsoe.es\/castello\/#\/schema\/logo\/image\/","url":"https:\/\/agrupacionespsoe.es\/castello\/wp-content\/uploads\/sites\/45\/2023\/04\/PORTADA-PSOE-CASTELLO.jpg","contentUrl":"https:\/\/agrupacionespsoe.es\/castello\/wp-content\/uploads\/sites\/45\/2023\/04\/PORTADA-PSOE-CASTELLO.jpg","width":2500,"height":2500,"caption":"PSPV-PSOE Castell\u00f3"},"image":{"@id":"https:\/\/agrupacionespsoe.es\/castello\/#\/schema\/logo\/image\/"},"sameAs":["https:\/\/www.facebook.com\/pspv.castellodelaplana","https:\/\/x.com\/pspv_cs","https:\/\/www.instagram.com\/pspvpsoecastello\/"]},{"@type":"Person","@id":"https:\/\/agrupacionespsoe.es\/castello\/#\/schema\/person\/f3bc5b2f9dc6a399e9e98596ae24a20a","name":"castello1","image":{"@type":"ImageObject","inLanguage":"es","@id":"https:\/\/agrupacionespsoe.es\/castello\/#\/schema\/person\/image\/","url":"https:\/\/secure.gravatar.com\/avatar\/5f1da428d6479d1127419c0b58796865?s=96&d=mm&r=g","contentUrl":"https:\/\/secure.gravatar.com\/avatar\/5f1da428d6479d1127419c0b58796865?s=96&d=mm&r=g","caption":"castello1"},"url":"https:\/\/agrupacionespsoe.es\/castello\/author\/castello1\/"}]}},"jetpack_publicize_connections":[],"jetpack_featured_media_url":"https:\/\/i0.wp.com\/agrupacionespsoe.es\/castello\/wp-content\/uploads\/sites\/45\/2026\/04\/20260424-El-PSPV-abre-su-sede-de-Castello-al-asesoramiento-gratuito-de-personas-interesadas-en-la-regularizacion-migratoria.jpeg?fit=1600%2C1200&ssl=1","jetpack_sharing_enabled":true,"jetpack_shortlink":"https:\/\/wp.me\/pgSzTX-36E","_links":{"self":[{"href":"https:\/\/agrupacionespsoe.es\/castello\/wp-json\/wp\/v2\/posts\/11944","targetHints":{"allow":["GET"]}}],"collection":[{"href":"https:\/\/agrupacionespsoe.es\/castello\/wp-json\/wp\/v2\/posts"}],"about":[{"href":"https:\/\/agrupacionespsoe.es\/castello\/wp-json\/wp\/v2\/types\/post"}],"author":[{"embeddable":true,"href":"https:\/\/agrupacionespsoe.es\/castello\/wp-json\/wp\/v2\/users\/48"}],"replies":[{"embeddable":true,"href":"https:\/\/agrupacionespsoe.es\/castello\/wp-json\/wp\/v2\/comments?post=11944"}],"version-history":[{"count":2,"href":"https:\/\/agrupacionespsoe.es\/castello\/wp-json\/wp\/v2\/posts\/11944\/revisions"}],"predecessor-version":[{"id":11946,"href":"https:\/\/agrupacionespsoe.es\/castello\/wp-json\/wp\/v2\/posts\/11944\/revisions\/11946"}],"wp:featuredmedia":[{"embeddable":true,"href":"https:\/\/agrupacionespsoe.es\/castello\/wp-json\/wp\/v2\/media\/10962"}],"wp:attachment":[{"href":"https:\/\/agrupacionespsoe.es\/castello\/wp-json\/wp\/v2\/media?parent=11944"}],"wp:term":[{"taxonomy":"category","embeddable":true,"href":"https:\/\/agrupacionespsoe.es\/castello\/wp-json\/wp\/v2\/categories?post=11944"},{"taxonomy":"post_tag","embeddable":true,"href":"https:\/\/agrupacionespsoe.es\/castello\/wp-json\/wp\/v2\/tags?post=11944"}],"curies":[{"name":"wp","href":"https:\/\/api.w.org\/{rel}","templated":true}]}}