{"id":11939,"date":"2026-09-01T13:00:01","date_gmt":"2026-09-01T11:00:01","guid":{"rendered":"https:\/\/agrupacionespsoe.es\/castello\/?p=11939"},"modified":"2026-09-01T13:00:43","modified_gmt":"2026-09-01T11:00:43","slug":"lopez-carrasco-dijo-en-julio-que-24-toneladas-de-ayuda-de-emergencia-viajaban-a-venezuela-y-llevan-dos-meses-en-castello","status":"publish","type":"post","link":"https:\/\/agrupacionespsoe.es\/castello\/lopez-carrasco-dijo-en-julio-que-24-toneladas-de-ayuda-de-emergencia-viajaban-a-venezuela-y-llevan-dos-meses-en-castello\/","title":{"rendered":"L\u00f3pez: \u201cCarrasco dijo en julio que 24 toneladas de ayuda de emergencia viajaban a Venezuela y llevan dos meses en Castell\u00f3\u201d"},"content":{"rendered":"\n<ul class=\"wp-block-list\">\n<li><em>El portavoz adjunto del Grupo Municipal Socialista acusa a la alcaldesa de mentir y burlarse de los castellonenses, que respondieron con generosidad al terremoto<\/em><\/li>\n<\/ul>\n\n\n\n<figure class=\"wp-block-audio\"><audio controls src=\"https:\/\/agrupacionespsoe.es\/castello\/wp-content\/uploads\/sites\/45\/2026\/09\/20260901-Lopez-Carrasco-dijo-en-julio-que-24-toneladas-de-ayuda-de-emergencia-viajaban-a-Venezuela-y-llevan-dos-meses-en-Castello.mp3\" autoplay><\/audio><\/figure>\n\n\n\n<p>La ayuda humanitaria recogida por la ciudadan\u00eda de Castell\u00f3 a principios de julio no ha salido de las dependencias municipales a pesar de que el Ayuntamiento inform\u00f3 de \u201cla salida del \u00faltimo env\u00edo del cargamento\u201d. El portavoz adjunto del Grupo Municipal Socialista, <a href=\"https:\/\/agrupacionespsoe.es\/castello\/tag\/jose-luis-lopez\/\">Jos\u00e9 Luis L\u00f3pez<\/a>, ha acusado a la alcaldesa, <a href=\"https:\/\/agrupacionespsoe.es\/castello\/tag\/begona-carrasco\/\">Bego\u00f1a Carrasco<\/a>, de mentir asegurando que la ayuda ya hab\u00eda sido enviada, cuando lo cierto es que alimentos y productos de primera necesidad siguen en la ciudad.<\/p>\n\n\n\n<p>L\u00f3pez ha insistido en que el Grupo Municipal Socialista ya advirti\u00f3 de la necesidad de optar por ayudas econ\u00f3micas para facilitar la canalizaci\u00f3n del cargamento. \u201cLas dificultades administrativas y propias de un pa\u00eds que ha sufrido una cat\u00e1strofe nos llevan a pensar en criterios de eficiencia y para ello, ya se ha visto, es m\u00e1s f\u00e1cil ayudar con dinero que con unos alimentos que llevan dos meses almacenados aqu\u00ed\u201d, en palabras del portavoz adjunto.<\/p>\n\n\n\n<p>Esta parte ha recordado que \u201clo que ha quedado en evidencia es la palabra de la alcaldesa, que no perdi\u00f3 el tiempo en hacerse la foto y asegurar que el cargamento ya viajaba a Venezuela, cuando la verdad es que en ning\u00fan momento ha salido ni un kilo de los 24.000 donados por los castellonenses\u201d.<\/p>\n\n\n\n<p>\u201cExigiremos responsabilidades y transparencia porque estamos acostumbrados a las mentiras de Carrasco y su equipo, pero esta vez ha traspasado un nuevo l\u00edmite con esta absoluta gesti\u00f3n irresponsable de la ayuda humanitaria\u201d, seg\u00fan L\u00f3pez.<\/p>\n","protected":false},"excerpt":{"rendered":"<p>La ayuda humanitaria recogida por la ciudadan\u00eda de Castell\u00f3 a principios de julio no ha salido de las dependencias municipales a pesar de que el Ayuntamiento inform\u00f3 de \u201cla salida del \u00faltimo env\u00edo del cargamento\u201d. El portavoz adjunto del Grupo Municipal Socialista, Jos\u00e9 Luis L\u00f3pez, ha acusado a la alcaldesa, Bego\u00f1a Carrasco, de mentir asegurando &#8230;<\/p>\n","protected":false},"author":48,"featured_media":10962,"comment_status":"open","ping_status":"open","sticky":false,"template":"","format":"standard","meta":{"jetpack_post_was_ever_published":false,"_jetpack_newsletter_access":"","_jetpack_dont_email_post_to_subs":false,"_jetpack_newsletter_tier_id":0,"_jetpack_memberships_contains_paywalled_content":false,"_jetpack_memberships_contains_paid_content":false,"footnotes":"","jetpack_publicize_message":"","jetpack_publicize_feature_enabled":true,"jetpack_social_post_already_shared":true,"jetpack_social_options":{"image_generator_settings":{"template":"highway","default_image_id":0,"font":"","enabled":false},"version":2}},"categories":[33],"tags":[733,85,448],"class_list":["post-11939","post","type-post","status-publish","format-standard","has-post-thumbnail","hentry","category-gms","tag-begona-carrasco","tag-jose-luis-lopez","tag-todos-es"],"yoast_head":"<!-- This site is optimized with the Yoast SEO plugin v24.0 - https:\/\/yoast.com\/wordpress\/plugins\/seo\/ -->\n<title>L\u00f3pez: \u201cCarrasco dijo en julio que 24 toneladas de ayuda de emergencia viajaban a Venezuela y llevan dos meses en Castell\u00f3\u201d - PSPV-PSOE CASTELL\u00d3<\/title>\n<meta name=\"robots\" content=\"index, follow, max-snippet:-1, max-image-preview:large, max-video-preview:-1\" \/>\n<link rel=\"canonical\" href=\"https:\/\/agrupacionespsoe.es\/castello\/lopez-carrasco-dijo-en-julio-que-24-toneladas-de-ayuda-de-emergencia-viajaban-a-venezuela-y-llevan-dos-meses-en-castello\/\" \/>\n<meta property=\"og:locale\" content=\"es_ES\" \/>\n<meta property=\"og:type\" content=\"article\" \/>\n<meta property=\"og:title\" content=\"L\u00f3pez: \u201cCarrasco dijo en julio que 24 toneladas de ayuda de emergencia viajaban a Venezuela y llevan dos meses en Castell\u00f3\u201d - PSPV-PSOE CASTELL\u00d3\" \/>\n<meta property=\"og:description\" content=\"La ayuda humanitaria recogida por la ciudadan\u00eda de Castell\u00f3 a principios de julio no ha salido de las dependencias municipales a pesar de que el Ayuntamiento inform\u00f3 de \u201cla salida del \u00faltimo env\u00edo del cargamento\u201d. El portavoz adjunto del Grupo Municipal Socialista, Jos\u00e9 Luis L\u00f3pez, ha acusado a la alcaldesa, Bego\u00f1a Carrasco, de mentir asegurando ...\" \/>\n<meta property=\"og:url\" content=\"https:\/\/agrupacionespsoe.es\/castello\/lopez-carrasco-dijo-en-julio-que-24-toneladas-de-ayuda-de-emergencia-viajaban-a-venezuela-y-llevan-dos-meses-en-castello\/\" \/>\n<meta property=\"og:site_name\" content=\"PSPV-PSOE CASTELL\u00d3\" \/>\n<meta property=\"article:publisher\" content=\"https:\/\/www.facebook.com\/pspv.castellodelaplana\" \/>\n<meta property=\"article:published_time\" content=\"2026-09-01T11:00:01+00:00\" \/>\n<meta property=\"article:modified_time\" content=\"2026-09-01T11:00:43+00:00\" \/>\n<meta property=\"og:image\" content=\"https:\/\/agrupacionespsoe.es\/castello\/wp-content\/uploads\/sites\/45\/2026\/04\/20260424-El-PSPV-abre-su-sede-de-Castello-al-asesoramiento-gratuito-de-personas-interesadas-en-la-regularizacion-migratoria.jpeg\" \/>\n\t<meta property=\"og:image:width\" content=\"1600\" \/>\n\t<meta property=\"og:image:height\" content=\"1200\" \/>\n\t<meta property=\"og:image:type\" content=\"image\/jpeg\" \/>\n<meta name=\"author\" content=\"castello1\" \/>\n<meta name=\"twitter:card\" content=\"summary_large_image\" \/>\n<meta name=\"twitter:creator\" content=\"@pspv_cs\" \/>\n<meta name=\"twitter:site\" content=\"@pspv_cs\" \/>\n<meta name=\"twitter:label1\" content=\"Escrito por\" \/>\n\t<meta name=\"twitter:data1\" content=\"castello1\" \/>\n\t<meta name=\"twitter:label2\" content=\"Tiempo de lectura\" \/>\n\t<meta name=\"twitter:data2\" content=\"2 minutos\" \/>\n<script type=\"application\/ld+json\" class=\"yoast-schema-graph\">{\"@context\":\"https:\/\/schema.org\",\"@graph\":[{\"@type\":\"Article\",\"@id\":\"https:\/\/agrupacionespsoe.es\/castello\/lopez-carrasco-dijo-en-julio-que-24-toneladas-de-ayuda-de-emergencia-viajaban-a-venezuela-y-llevan-dos-meses-en-castello\/#article\",\"isPartOf\":{\"@id\":\"https:\/\/agrupacionespsoe.es\/castello\/lopez-carrasco-dijo-en-julio-que-24-toneladas-de-ayuda-de-emergencia-viajaban-a-venezuela-y-llevan-dos-meses-en-castello\/\"},\"author\":{\"name\":\"castello1\",\"@id\":\"https:\/\/agrupacionespsoe.es\/castello\/#\/schema\/person\/f3bc5b2f9dc6a399e9e98596ae24a20a\"},\"headline\":\"L\u00f3pez: \u201cCarrasco dijo en julio que 24 toneladas de ayuda de emergencia viajaban a Venezuela y llevan dos meses en Castell\u00f3\u201d\",\"datePublished\":\"2026-09-01T11:00:01+00:00\",\"dateModified\":\"2026-09-01T11:00:43+00:00\",\"mainEntityOfPage\":{\"@id\":\"https:\/\/agrupacionespsoe.es\/castello\/lopez-carrasco-dijo-en-julio-que-24-toneladas-de-ayuda-de-emergencia-viajaban-a-venezuela-y-llevan-dos-meses-en-castello\/\"},\"wordCount\":301,\"commentCount\":0,\"publisher\":{\"@id\":\"https:\/\/agrupacionespsoe.es\/castello\/#organization\"},\"image\":{\"@id\":\"https:\/\/agrupacionespsoe.es\/castello\/lopez-carrasco-dijo-en-julio-que-24-toneladas-de-ayuda-de-emergencia-viajaban-a-venezuela-y-llevan-dos-meses-en-castello\/#primaryimage\"},\"thumbnailUrl\":\"https:\/\/i0.wp.com\/agrupacionespsoe.es\/castello\/wp-content\/uploads\/sites\/45\/2026\/04\/20260424-El-PSPV-abre-su-sede-de-Castello-al-asesoramiento-gratuito-de-personas-interesadas-en-la-regularizacion-migratoria.jpeg?fit=1600%2C1200&ssl=1\",\"keywords\":[\"Bego\u00f1a Carrasco\",\"Jos\u00e9 Luis L\u00f3pez\",\"Todos\"],\"articleSection\":[\"Grupo Municipal Socialista\"],\"inLanguage\":\"es\",\"potentialAction\":[{\"@type\":\"CommentAction\",\"name\":\"Comment\",\"target\":[\"https:\/\/agrupacionespsoe.es\/castello\/lopez-carrasco-dijo-en-julio-que-24-toneladas-de-ayuda-de-emergencia-viajaban-a-venezuela-y-llevan-dos-meses-en-castello\/#respond\"]}]},{\"@type\":\"WebPage\",\"@id\":\"https:\/\/agrupacionespsoe.es\/castello\/lopez-carrasco-dijo-en-julio-que-24-toneladas-de-ayuda-de-emergencia-viajaban-a-venezuela-y-llevan-dos-meses-en-castello\/\",\"url\":\"https:\/\/agrupacionespsoe.es\/castello\/lopez-carrasco-dijo-en-julio-que-24-toneladas-de-ayuda-de-emergencia-viajaban-a-venezuela-y-llevan-dos-meses-en-castello\/\",\"name\":\"L\u00f3pez: \u201cCarrasco dijo en julio que 24 toneladas de ayuda de emergencia viajaban a Venezuela y llevan dos meses en Castell\u00f3\u201d - PSPV-PSOE CASTELL\u00d3\",\"isPartOf\":{\"@id\":\"https:\/\/agrupacionespsoe.es\/castello\/#website\"},\"primaryImageOfPage\":{\"@id\":\"https:\/\/agrupacionespsoe.es\/castello\/lopez-carrasco-dijo-en-julio-que-24-toneladas-de-ayuda-de-emergencia-viajaban-a-venezuela-y-llevan-dos-meses-en-castello\/#primaryimage\"},\"image\":{\"@id\":\"https:\/\/agrupacionespsoe.es\/castello\/lopez-carrasco-dijo-en-julio-que-24-toneladas-de-ayuda-de-emergencia-viajaban-a-venezuela-y-llevan-dos-meses-en-castello\/#primaryimage\"},\"thumbnailUrl\":\"https:\/\/i0.wp.com\/agrupacionespsoe.es\/castello\/wp-content\/uploads\/sites\/45\/2026\/04\/20260424-El-PSPV-abre-su-sede-de-Castello-al-asesoramiento-gratuito-de-personas-interesadas-en-la-regularizacion-migratoria.jpeg?fit=1600%2C1200&ssl=1\",\"datePublished\":\"2026-09-01T11:00:01+00:00\",\"dateModified\":\"2026-09-01T11:00:43+00:00\",\"breadcrumb\":{\"@id\":\"https:\/\/agrupacionespsoe.es\/castello\/lopez-carrasco-dijo-en-julio-que-24-toneladas-de-ayuda-de-emergencia-viajaban-a-venezuela-y-llevan-dos-meses-en-castello\/#breadcrumb\"},\"inLanguage\":\"es\",\"potentialAction\":[{\"@type\":\"ReadAction\",\"target\":[\"https:\/\/agrupacionespsoe.es\/castello\/lopez-carrasco-dijo-en-julio-que-24-toneladas-de-ayuda-de-emergencia-viajaban-a-venezuela-y-llevan-dos-meses-en-castello\/\"]}]},{\"@type\":\"ImageObject\",\"inLanguage\":\"es\",\"@id\":\"https:\/\/agrupacionespsoe.es\/castello\/lopez-carrasco-dijo-en-julio-que-24-toneladas-de-ayuda-de-emergencia-viajaban-a-venezuela-y-llevan-dos-meses-en-castello\/#primaryimage\",\"url\":\"https:\/\/i0.wp.com\/agrupacionespsoe.es\/castello\/wp-content\/uploads\/sites\/45\/2026\/04\/20260424-El-PSPV-abre-su-sede-de-Castello-al-asesoramiento-gratuito-de-personas-interesadas-en-la-regularizacion-migratoria.jpeg?fit=1600%2C1200&ssl=1\",\"contentUrl\":\"https:\/\/i0.wp.com\/agrupacionespsoe.es\/castello\/wp-content\/uploads\/sites\/45\/2026\/04\/20260424-El-PSPV-abre-su-sede-de-Castello-al-asesoramiento-gratuito-de-personas-interesadas-en-la-regularizacion-migratoria.jpeg?fit=1600%2C1200&ssl=1\",\"width\":1600,\"height\":1200},{\"@type\":\"BreadcrumbList\",\"@id\":\"https:\/\/agrupacionespsoe.es\/castello\/lopez-carrasco-dijo-en-julio-que-24-toneladas-de-ayuda-de-emergencia-viajaban-a-venezuela-y-llevan-dos-meses-en-castello\/#breadcrumb\",\"itemListElement\":[{\"@type\":\"ListItem\",\"position\":1,\"name\":\"Portada\",\"item\":\"https:\/\/agrupacionespsoe.es\/castello\/\"},{\"@type\":\"ListItem\",\"position\":2,\"name\":\"L\u00f3pez: \u201cCarrasco dijo en julio que 24 toneladas de ayuda de emergencia viajaban a Venezuela y llevan dos meses en Castell\u00f3\u201d\"}]},{\"@type\":\"WebSite\",\"@id\":\"https:\/\/agrupacionespsoe.es\/castello\/#website\",\"url\":\"https:\/\/agrupacionespsoe.es\/castello\/\",\"name\":\"PSPV-PSOE CASTELL\u00d3\",\"description\":\"PSPV-PSOE | Agrupaci\u00f3 de Castell\u00f3\",\"publisher\":{\"@id\":\"https:\/\/agrupacionespsoe.es\/castello\/#organization\"},\"potentialAction\":[{\"@type\":\"SearchAction\",\"target\":{\"@type\":\"EntryPoint\",\"urlTemplate\":\"https:\/\/agrupacionespsoe.es\/castello\/?s={search_term_string}\"},\"query-input\":{\"@type\":\"PropertyValueSpecification\",\"valueRequired\":true,\"valueName\":\"search_term_string\"}}],\"inLanguage\":\"es\"},{\"@type\":\"Organization\",\"@id\":\"https:\/\/agrupacionespsoe.es\/castello\/#organization\",\"name\":\"PSPV-PSOE Castell\u00f3\",\"url\":\"https:\/\/agrupacionespsoe.es\/castello\/\",\"logo\":{\"@type\":\"ImageObject\",\"inLanguage\":\"es\",\"@id\":\"https:\/\/agrupacionespsoe.es\/castello\/#\/schema\/logo\/image\/\",\"url\":\"https:\/\/agrupacionespsoe.es\/castello\/wp-content\/uploads\/sites\/45\/2023\/04\/PORTADA-PSOE-CASTELLO.jpg\",\"contentUrl\":\"https:\/\/agrupacionespsoe.es\/castello\/wp-content\/uploads\/sites\/45\/2023\/04\/PORTADA-PSOE-CASTELLO.jpg\",\"width\":2500,\"height\":2500,\"caption\":\"PSPV-PSOE Castell\u00f3\"},\"image\":{\"@id\":\"https:\/\/agrupacionespsoe.es\/castello\/#\/schema\/logo\/image\/\"},\"sameAs\":[\"https:\/\/www.facebook.com\/pspv.castellodelaplana\",\"https:\/\/x.com\/pspv_cs\",\"https:\/\/www.instagram.com\/pspvpsoecastello\/\"]},{\"@type\":\"Person\",\"@id\":\"https:\/\/agrupacionespsoe.es\/castello\/#\/schema\/person\/f3bc5b2f9dc6a399e9e98596ae24a20a\",\"name\":\"castello1\",\"image\":{\"@type\":\"ImageObject\",\"inLanguage\":\"es\",\"@id\":\"https:\/\/agrupacionespsoe.es\/castello\/#\/schema\/person\/image\/\",\"url\":\"https:\/\/secure.gravatar.com\/avatar\/5f1da428d6479d1127419c0b58796865?s=96&d=mm&r=g\",\"contentUrl\":\"https:\/\/secure.gravatar.com\/avatar\/5f1da428d6479d1127419c0b58796865?s=96&d=mm&r=g\",\"caption\":\"castello1\"},\"url\":\"https:\/\/agrupacionespsoe.es\/castello\/author\/castello1\/\"}]}<\/script>\n<!-- \/ Yoast SEO plugin. -->","yoast_head_json":{"title":"L\u00f3pez: \u201cCarrasco dijo en julio que 24 toneladas de ayuda de emergencia viajaban a Venezuela y llevan dos meses en Castell\u00f3\u201d - PSPV-PSOE CASTELL\u00d3","robots":{"index":"index","follow":"follow","max-snippet":"max-snippet:-1","max-image-preview":"max-image-preview:large","max-video-preview":"max-video-preview:-1"},"canonical":"https:\/\/agrupacionespsoe.es\/castello\/lopez-carrasco-dijo-en-julio-que-24-toneladas-de-ayuda-de-emergencia-viajaban-a-venezuela-y-llevan-dos-meses-en-castello\/","og_locale":"es_ES","og_type":"article","og_title":"L\u00f3pez: \u201cCarrasco dijo en julio que 24 toneladas de ayuda de emergencia viajaban a Venezuela y llevan dos meses en Castell\u00f3\u201d - PSPV-PSOE CASTELL\u00d3","og_description":"La ayuda humanitaria recogida por la ciudadan\u00eda de Castell\u00f3 a principios de julio no ha salido de las dependencias municipales a pesar de que el Ayuntamiento inform\u00f3 de \u201cla salida del \u00faltimo env\u00edo del cargamento\u201d. El portavoz adjunto del Grupo Municipal Socialista, Jos\u00e9 Luis L\u00f3pez, ha acusado a la alcaldesa, Bego\u00f1a Carrasco, de mentir asegurando ...","og_url":"https:\/\/agrupacionespsoe.es\/castello\/lopez-carrasco-dijo-en-julio-que-24-toneladas-de-ayuda-de-emergencia-viajaban-a-venezuela-y-llevan-dos-meses-en-castello\/","og_site_name":"PSPV-PSOE CASTELL\u00d3","article_publisher":"https:\/\/www.facebook.com\/pspv.castellodelaplana","article_published_time":"2026-09-01T11:00:01+00:00","article_modified_time":"2026-09-01T11:00:43+00:00","og_image":[{"width":1600,"height":1200,"url":"https:\/\/agrupacionespsoe.es\/castello\/wp-content\/uploads\/sites\/45\/2026\/04\/20260424-El-PSPV-abre-su-sede-de-Castello-al-asesoramiento-gratuito-de-personas-interesadas-en-la-regularizacion-migratoria.jpeg","type":"image\/jpeg"}],"author":"castello1","twitter_card":"summary_large_image","twitter_creator":"@pspv_cs","twitter_site":"@pspv_cs","twitter_misc":{"Escrito por":"castello1","Tiempo de lectura":"2 minutos"},"schema":{"@context":"https:\/\/schema.org","@graph":[{"@type":"Article","@id":"https:\/\/agrupacionespsoe.es\/castello\/lopez-carrasco-dijo-en-julio-que-24-toneladas-de-ayuda-de-emergencia-viajaban-a-venezuela-y-llevan-dos-meses-en-castello\/#article","isPartOf":{"@id":"https:\/\/agrupacionespsoe.es\/castello\/lopez-carrasco-dijo-en-julio-que-24-toneladas-de-ayuda-de-emergencia-viajaban-a-venezuela-y-llevan-dos-meses-en-castello\/"},"author":{"name":"castello1","@id":"https:\/\/agrupacionespsoe.es\/castello\/#\/schema\/person\/f3bc5b2f9dc6a399e9e98596ae24a20a"},"headline":"L\u00f3pez: \u201cCarrasco dijo en julio que 24 toneladas de ayuda de emergencia viajaban a Venezuela y llevan dos meses en Castell\u00f3\u201d","datePublished":"2026-09-01T11:00:01+00:00","dateModified":"2026-09-01T11:00:43+00:00","mainEntityOfPage":{"@id":"https:\/\/agrupacionespsoe.es\/castello\/lopez-carrasco-dijo-en-julio-que-24-toneladas-de-ayuda-de-emergencia-viajaban-a-venezuela-y-llevan-dos-meses-en-castello\/"},"wordCount":301,"commentCount":0,"publisher":{"@id":"https:\/\/agrupacionespsoe.es\/castello\/#organization"},"image":{"@id":"https:\/\/agrupacionespsoe.es\/castello\/lopez-carrasco-dijo-en-julio-que-24-toneladas-de-ayuda-de-emergencia-viajaban-a-venezuela-y-llevan-dos-meses-en-castello\/#primaryimage"},"thumbnailUrl":"https:\/\/i0.wp.com\/agrupacionespsoe.es\/castello\/wp-content\/uploads\/sites\/45\/2026\/04\/20260424-El-PSPV-abre-su-sede-de-Castello-al-asesoramiento-gratuito-de-personas-interesadas-en-la-regularizacion-migratoria.jpeg?fit=1600%2C1200&ssl=1","keywords":["Bego\u00f1a Carrasco","Jos\u00e9 Luis L\u00f3pez","Todos"],"articleSection":["Grupo Municipal Socialista"],"inLanguage":"es","potentialAction":[{"@type":"CommentAction","name":"Comment","target":["https:\/\/agrupacionespsoe.es\/castello\/lopez-carrasco-dijo-en-julio-que-24-toneladas-de-ayuda-de-emergencia-viajaban-a-venezuela-y-llevan-dos-meses-en-castello\/#respond"]}]},{"@type":"WebPage","@id":"https:\/\/agrupacionespsoe.es\/castello\/lopez-carrasco-dijo-en-julio-que-24-toneladas-de-ayuda-de-emergencia-viajaban-a-venezuela-y-llevan-dos-meses-en-castello\/","url":"https:\/\/agrupacionespsoe.es\/castello\/lopez-carrasco-dijo-en-julio-que-24-toneladas-de-ayuda-de-emergencia-viajaban-a-venezuela-y-llevan-dos-meses-en-castello\/","name":"L\u00f3pez: \u201cCarrasco dijo en julio que 24 toneladas de ayuda de emergencia viajaban a Venezuela y llevan dos meses en Castell\u00f3\u201d - PSPV-PSOE CASTELL\u00d3","isPartOf":{"@id":"https:\/\/agrupacionespsoe.es\/castello\/#website"},"primaryImageOfPage":{"@id":"https:\/\/agrupacionespsoe.es\/castello\/lopez-carrasco-dijo-en-julio-que-24-toneladas-de-ayuda-de-emergencia-viajaban-a-venezuela-y-llevan-dos-meses-en-castello\/#primaryimage"},"image":{"@id":"https:\/\/agrupacionespsoe.es\/castello\/lopez-carrasco-dijo-en-julio-que-24-toneladas-de-ayuda-de-emergencia-viajaban-a-venezuela-y-llevan-dos-meses-en-castello\/#primaryimage"},"thumbnailUrl":"https:\/\/i0.wp.com\/agrupacionespsoe.es\/castello\/wp-content\/uploads\/sites\/45\/2026\/04\/20260424-El-PSPV-abre-su-sede-de-Castello-al-asesoramiento-gratuito-de-personas-interesadas-en-la-regularizacion-migratoria.jpeg?fit=1600%2C1200&ssl=1","datePublished":"2026-09-01T11:00:01+00:00","dateModified":"2026-09-01T11:00:43+00:00","breadcrumb":{"@id":"https:\/\/agrupacionespsoe.es\/castello\/lopez-carrasco-dijo-en-julio-que-24-toneladas-de-ayuda-de-emergencia-viajaban-a-venezuela-y-llevan-dos-meses-en-castello\/#breadcrumb"},"inLanguage":"es","potentialAction":[{"@type":"ReadAction","target":["https:\/\/agrupacionespsoe.es\/castello\/lopez-carrasco-dijo-en-julio-que-24-toneladas-de-ayuda-de-emergencia-viajaban-a-venezuela-y-llevan-dos-meses-en-castello\/"]}]},{"@type":"ImageObject","inLanguage":"es","@id":"https:\/\/agrupacionespsoe.es\/castello\/lopez-carrasco-dijo-en-julio-que-24-toneladas-de-ayuda-de-emergencia-viajaban-a-venezuela-y-llevan-dos-meses-en-castello\/#primaryimage","url":"https:\/\/i0.wp.com\/agrupacionespsoe.es\/castello\/wp-content\/uploads\/sites\/45\/2026\/04\/20260424-El-PSPV-abre-su-sede-de-Castello-al-asesoramiento-gratuito-de-personas-interesadas-en-la-regularizacion-migratoria.jpeg?fit=1600%2C1200&ssl=1","contentUrl":"https:\/\/i0.wp.com\/agrupacionespsoe.es\/castello\/wp-content\/uploads\/sites\/45\/2026\/04\/20260424-El-PSPV-abre-su-sede-de-Castello-al-asesoramiento-gratuito-de-personas-interesadas-en-la-regularizacion-migratoria.jpeg?fit=1600%2C1200&ssl=1","width":1600,"height":1200},{"@type":"BreadcrumbList","@id":"https:\/\/agrupacionespsoe.es\/castello\/lopez-carrasco-dijo-en-julio-que-24-toneladas-de-ayuda-de-emergencia-viajaban-a-venezuela-y-llevan-dos-meses-en-castello\/#breadcrumb","itemListElement":[{"@type":"ListItem","position":1,"name":"Portada","item":"https:\/\/agrupacionespsoe.es\/castello\/"},{"@type":"ListItem","position":2,"name":"L\u00f3pez: \u201cCarrasco dijo en julio que 24 toneladas de ayuda de emergencia viajaban a Venezuela y llevan dos meses en Castell\u00f3\u201d"}]},{"@type":"WebSite","@id":"https:\/\/agrupacionespsoe.es\/castello\/#website","url":"https:\/\/agrupacionespsoe.es\/castello\/","name":"PSPV-PSOE CASTELL\u00d3","description":"PSPV-PSOE | Agrupaci\u00f3 de Castell\u00f3","publisher":{"@id":"https:\/\/agrupacionespsoe.es\/castello\/#organization"},"potentialAction":[{"@type":"SearchAction","target":{"@type":"EntryPoint","urlTemplate":"https:\/\/agrupacionespsoe.es\/castello\/?s={search_term_string}"},"query-input":{"@type":"PropertyValueSpecification","valueRequired":true,"valueName":"search_term_string"}}],"inLanguage":"es"},{"@type":"Organization","@id":"https:\/\/agrupacionespsoe.es\/castello\/#organization","name":"PSPV-PSOE Castell\u00f3","url":"https:\/\/agrupacionespsoe.es\/castello\/","logo":{"@type":"ImageObject","inLanguage":"es","@id":"https:\/\/agrupacionespsoe.es\/castello\/#\/schema\/logo\/image\/","url":"https:\/\/agrupacionespsoe.es\/castello\/wp-content\/uploads\/sites\/45\/2023\/04\/PORTADA-PSOE-CASTELLO.jpg","contentUrl":"https:\/\/agrupacionespsoe.es\/castello\/wp-content\/uploads\/sites\/45\/2023\/04\/PORTADA-PSOE-CASTELLO.jpg","width":2500,"height":2500,"caption":"PSPV-PSOE Castell\u00f3"},"image":{"@id":"https:\/\/agrupacionespsoe.es\/castello\/#\/schema\/logo\/image\/"},"sameAs":["https:\/\/www.facebook.com\/pspv.castellodelaplana","https:\/\/x.com\/pspv_cs","https:\/\/www.instagram.com\/pspvpsoecastello\/"]},{"@type":"Person","@id":"https:\/\/agrupacionespsoe.es\/castello\/#\/schema\/person\/f3bc5b2f9dc6a399e9e98596ae24a20a","name":"castello1","image":{"@type":"ImageObject","inLanguage":"es","@id":"https:\/\/agrupacionespsoe.es\/castello\/#\/schema\/person\/image\/","url":"https:\/\/secure.gravatar.com\/avatar\/5f1da428d6479d1127419c0b58796865?s=96&d=mm&r=g","contentUrl":"https:\/\/secure.gravatar.com\/avatar\/5f1da428d6479d1127419c0b58796865?s=96&d=mm&r=g","caption":"castello1"},"url":"https:\/\/agrupacionespsoe.es\/castello\/author\/castello1\/"}]}},"jetpack_publicize_connections":[],"jetpack_featured_media_url":"https:\/\/i0.wp.com\/agrupacionespsoe.es\/castello\/wp-content\/uploads\/sites\/45\/2026\/04\/20260424-El-PSPV-abre-su-sede-de-Castello-al-asesoramiento-gratuito-de-personas-interesadas-en-la-regularizacion-migratoria.jpeg?fit=1600%2C1200&ssl=1","jetpack_sharing_enabled":true,"jetpack_shortlink":"https:\/\/wp.me\/pgSzTX-36z","_links":{"self":[{"href":"https:\/\/agrupacionespsoe.es\/castello\/wp-json\/wp\/v2\/posts\/11939","targetHints":{"allow":["GET"]}}],"collection":[{"href":"https:\/\/agrupacionespsoe.es\/castello\/wp-json\/wp\/v2\/posts"}],"about":[{"href":"https:\/\/agrupacionespsoe.es\/castello\/wp-json\/wp\/v2\/types\/post"}],"author":[{"embeddable":true,"href":"https:\/\/agrupacionespsoe.es\/castello\/wp-json\/wp\/v2\/users\/48"}],"replies":[{"embeddable":true,"href":"https:\/\/agrupacionespsoe.es\/castello\/wp-json\/wp\/v2\/comments?post=11939"}],"version-history":[{"count":3,"href":"https:\/\/agrupacionespsoe.es\/castello\/wp-json\/wp\/v2\/posts\/11939\/revisions"}],"predecessor-version":[{"id":11943,"href":"https:\/\/agrupacionespsoe.es\/castello\/wp-json\/wp\/v2\/posts\/11939\/revisions\/11943"}],"wp:featuredmedia":[{"embeddable":true,"href":"https:\/\/agrupacionespsoe.es\/castello\/wp-json\/wp\/v2\/media\/10962"}],"wp:attachment":[{"href":"https:\/\/agrupacionespsoe.es\/castello\/wp-json\/wp\/v2\/media?parent=11939"}],"wp:term":[{"taxonomy":"category","embeddable":true,"href":"https:\/\/agrupacionespsoe.es\/castello\/wp-json\/wp\/v2\/categories?post=11939"},{"taxonomy":"post_tag","embeddable":true,"href":"https:\/\/agrupacionespsoe.es\/castello\/wp-json\/wp\/v2\/tags?post=11939"}],"curies":[{"name":"wp","href":"https:\/\/api.w.org\/{rel}","templated":true}]}}