{"id":11024,"date":"2026-04-30T14:32:34","date_gmt":"2026-04-30T12:32:34","guid":{"rendered":"https:\/\/agrupacionespsoe.es\/castello\/?p=11024"},"modified":"2026-04-30T14:34:39","modified_gmt":"2026-04-30T12:34:39","slug":"prop-dun-centenar-de-policies-de-castello-exigeixen-en-el-ple-les-millores-laborals-que-carrasco-va-prometre-en-campanya","status":"publish","type":"post","link":"https:\/\/agrupacionespsoe.es\/castello\/va\/prop-dun-centenar-de-policies-de-castello-exigeixen-en-el-ple-les-millores-laborals-que-carrasco-va-prometre-en-campanya\/","title":{"rendered":"Prop d\u2019un centenar de policies de Castell\u00f3 exigeixen en el ple les millores laborals que Carrasco va prometre en campanya"},"content":{"rendered":"\n<ul class=\"wp-block-list\">\n<li><em><em>Els sindicats CCOO, SPPLB i STAS reclamen renovar instal\u00b7lacions, negociar el conveni caducat, aplicar antiguitats i productivitats, equiparar-se a altres municipis, serveis m\u00ednims i hores extra<\/em><\/em><\/li>\n<\/ul>\n\n\n\n<figure class=\"wp-block-audio\"><audio controls src=\"https:\/\/agrupacionespsoe.es\/castello\/wp-content\/uploads\/sites\/45\/2026\/04\/20260430-Cerca-de-un-centenar-de-policias-de-Castello-exigen-en-el-pleno-las-mejoras-laborales-que-Carrasco-prometio-en-campana.mp3\" autoplay><\/audio><\/figure>\n\n\n\n<p>Prop d&#8217;un centenar de policies locals de Castell\u00f3 han protestat aquest mat\u00ed en el ple ordinari de maig contra les condicions laborals imposades per l&#8217;Ajuntament. Els sindicats CCOO, SPPLB i STAS s&#8217;han unit en una massiva convocat\u00f2ria, vestits amb jupetins grocs, per a reclamar les millores que l&#8217;alcaldessa, <a href=\"https:\/\/agrupacionespsoe.es\/castello\/va\/tag\/begona-carrasco-va\/\">Bego\u00f1a Carrasco<\/a>, els va prometre en campanya i segueix sense complir tres anys despr\u00e9s.<\/p>\n\n\n\n<p>Entre les peticions que demanden figura la millora d&#8217;instal\u00b7lacions, per a la qual el Grup Municipal Socialista va registrar la setmana passada una esmena a la modificaci\u00f3 de cr\u00e8dit proposada per l&#8217;equip de govern amb l&#8217;objectiu de destinar 50.000 euros a la redacci\u00f3 i projecte de rehabilitaci\u00f3 i adequaci\u00f3 de l&#8217;edifici de la Policia Local a Tetuan XIV. PP i Vox han votat hui en contra d&#8217;aquesta injecci\u00f3 de fons.<\/p>\n\n\n\n<p>Obtindre unes instal\u00b7lacions dignes i modernitzades se suma a altres peticions del col\u00b7lectiu com la lentitud a pujar de grau una vegada complida l&#8217;antiguitat requerida o les restriccions en els terminis per a ingressar en el sistema de policies locals que provenen d&#8217;altres administracions. En alguns casos, arrosseguen sense esmenar quantitats err\u00f2nies pagades en 2024.<\/p>\n\n\n\n<p>D&#8217;igual mode, els agents sol\u00b7liciten el desistiment del recurs presentat a la sent\u00e8ncia del Contenci\u00f3s que garantia la percepci\u00f3 dels complements en les n\u00f2mines en 14 pagues, iniciar les negociacions del nou conveni i augmentar al m\u00e0xim legal el nombre de places en les pr\u00f2ximes ofertes d&#8217;ocupaci\u00f3.<\/p>\n\n\n\n<p>Tant el Partit Popular com Vox han votat en contra de les propostes del Grup Municipal Socialista per a millorar les seues infraestructures, aix\u00ed com a destinar 2,7 milions d&#8217;euros a pol\u00edtiques d&#8217;habitatge mentre projecten habitatges protegits amb piscina i p\u00e0del per m\u00e9s de 200.000 euros.<\/p>\n\n\n\n<p>El debat ha concl\u00f2s amb la compareixen\u00e7a de la regidora de Turisme i presidenta del Patronat Municipal de Turisme, <a href=\"https:\/\/agrupacionespsoe.es\/castello\/va\/tag\/arantxa-miralles-va\/\">Arantxa Miralles<\/a>, que ha eludit respondre per qu\u00e8 gestiona m\u00e9s del 70% del pressupost del seu negociat a trav\u00e9s de contractes menors.<\/p>\n","protected":false},"excerpt":{"rendered":"<p>Prop d&#8217;un centenar de policies locals de Castell\u00f3 han protestat aquest mat\u00ed en el ple ordinari de maig contra les condicions laborals imposades per l&#8217;Ajuntament. Els sindicats CCOO, SPPLB i STAS s&#8217;han unit en una massiva convocat\u00f2ria, vestits amb jupetins grocs, per a reclamar les millores que l&#8217;alcaldessa, Bego\u00f1a Carrasco, els va prometre en campanya &#8230;<\/p>\n","protected":false},"author":48,"featured_media":11020,"comment_status":"open","ping_status":"open","sticky":false,"template":"","format":"standard","meta":{"_jetpack_memberships_contains_paid_content":false,"footnotes":"","jetpack_publicize_message":"","jetpack_publicize_feature_enabled":true,"jetpack_social_post_already_shared":true,"jetpack_social_options":{"image_generator_settings":{"template":"highway","default_image_id":0,"font":"","enabled":false},"version":2}},"categories":[22,1222],"tags":[792,741,446],"class_list":["post-11024","post","type-post","status-publish","format-standard","has-post-thumbnail","hentry","category-gms-va","category-seguretat-publica-i-emergencies","tag-arantxa-miralles-va","tag-begona-carrasco-va","tag-todos-va"],"yoast_head":"<!-- This site is optimized with the Yoast SEO plugin v24.0 - https:\/\/yoast.com\/wordpress\/plugins\/seo\/ -->\n<title>Prop d\u2019un centenar de policies de Castell\u00f3 exigeixen en el ple les millores laborals que Carrasco va prometre en campanya - PSPV-PSOE CASTELL\u00d3<\/title>\n<meta name=\"robots\" content=\"index, follow, max-snippet:-1, max-image-preview:large, max-video-preview:-1\" \/>\n<link rel=\"canonical\" href=\"https:\/\/agrupacionespsoe.es\/castello\/va\/prop-dun-centenar-de-policies-de-castello-exigeixen-en-el-ple-les-millores-laborals-que-carrasco-va-prometre-en-campanya\/\" \/>\n<meta property=\"og:locale\" content=\"es_ES\" \/>\n<meta property=\"og:type\" content=\"article\" \/>\n<meta property=\"og:title\" content=\"Prop d\u2019un centenar de policies de Castell\u00f3 exigeixen en el ple les millores laborals que Carrasco va prometre en campanya - PSPV-PSOE CASTELL\u00d3\" \/>\n<meta property=\"og:description\" content=\"Prop d&#8217;un centenar de policies locals de Castell\u00f3 han protestat aquest mat\u00ed en el ple ordinari de maig contra les condicions laborals imposades per l&#8217;Ajuntament. Els sindicats CCOO, SPPLB i STAS s&#8217;han unit en una massiva convocat\u00f2ria, vestits amb jupetins grocs, per a reclamar les millores que l&#8217;alcaldessa, Bego\u00f1a Carrasco, els va prometre en campanya ...\" \/>\n<meta property=\"og:url\" content=\"https:\/\/agrupacionespsoe.es\/castello\/va\/prop-dun-centenar-de-policies-de-castello-exigeixen-en-el-ple-les-millores-laborals-que-carrasco-va-prometre-en-campanya\/\" \/>\n<meta property=\"og:site_name\" content=\"PSPV-PSOE CASTELL\u00d3\" \/>\n<meta property=\"article:publisher\" content=\"https:\/\/www.facebook.com\/pspv.castellodelaplana\" \/>\n<meta property=\"article:published_time\" content=\"2026-04-30T12:32:34+00:00\" \/>\n<meta property=\"article:modified_time\" content=\"2026-04-30T12:34:39+00:00\" \/>\n<meta property=\"og:image\" content=\"https:\/\/agrupacionespsoe.es\/castello\/wp-content\/uploads\/sites\/45\/2026\/04\/20260430-Cerca-de-un-centenar-de-policias-de-Castello-exigen-en-el-pleno-las-mejoras-laborales-que-Carrasco-prometio-en-campana-scaled.jpeg\" \/>\n\t<meta property=\"og:image:width\" content=\"2560\" \/>\n\t<meta property=\"og:image:height\" content=\"1920\" \/>\n\t<meta property=\"og:image:type\" content=\"image\/jpeg\" \/>\n<meta name=\"author\" content=\"castello1\" \/>\n<meta name=\"twitter:card\" content=\"summary_large_image\" \/>\n<meta name=\"twitter:creator\" content=\"@pspv_cs\" \/>\n<meta name=\"twitter:site\" content=\"@pspv_cs\" \/>\n<meta name=\"twitter:label1\" content=\"Escrito por\" \/>\n\t<meta name=\"twitter:data1\" content=\"castello1\" \/>\n\t<meta name=\"twitter:label2\" content=\"Tiempo de lectura\" \/>\n\t<meta name=\"twitter:data2\" content=\"2 minutos\" \/>\n<script type=\"application\/ld+json\" class=\"yoast-schema-graph\">{\"@context\":\"https:\/\/schema.org\",\"@graph\":[{\"@type\":\"Article\",\"@id\":\"https:\/\/agrupacionespsoe.es\/castello\/va\/prop-dun-centenar-de-policies-de-castello-exigeixen-en-el-ple-les-millores-laborals-que-carrasco-va-prometre-en-campanya\/#article\",\"isPartOf\":{\"@id\":\"https:\/\/agrupacionespsoe.es\/castello\/va\/prop-dun-centenar-de-policies-de-castello-exigeixen-en-el-ple-les-millores-laborals-que-carrasco-va-prometre-en-campanya\/\"},\"author\":{\"name\":\"castello1\",\"@id\":\"https:\/\/agrupacionespsoe.es\/castello\/#\/schema\/person\/f3bc5b2f9dc6a399e9e98596ae24a20a\"},\"headline\":\"Prop d\u2019un centenar de policies de Castell\u00f3 exigeixen en el ple les millores laborals que Carrasco va prometre en campanya\",\"datePublished\":\"2026-04-30T12:32:34+00:00\",\"dateModified\":\"2026-04-30T12:34:39+00:00\",\"mainEntityOfPage\":{\"@id\":\"https:\/\/agrupacionespsoe.es\/castello\/va\/prop-dun-centenar-de-policies-de-castello-exigeixen-en-el-ple-les-millores-laborals-que-carrasco-va-prometre-en-campanya\/\"},\"wordCount\":385,\"commentCount\":0,\"publisher\":{\"@id\":\"https:\/\/agrupacionespsoe.es\/castello\/#organization\"},\"image\":{\"@id\":\"https:\/\/agrupacionespsoe.es\/castello\/va\/prop-dun-centenar-de-policies-de-castello-exigeixen-en-el-ple-les-millores-laborals-que-carrasco-va-prometre-en-campanya\/#primaryimage\"},\"thumbnailUrl\":\"https:\/\/agrupacionespsoe.es\/castello\/wp-content\/uploads\/sites\/45\/2026\/04\/20260430-Cerca-de-un-centenar-de-policias-de-Castello-exigen-en-el-pleno-las-mejoras-laborales-que-Carrasco-prometio-en-campana-scaled.jpeg\",\"keywords\":[\"Arantxa Miralles\",\"Bego\u00f1a Carrasco\",\"Todos\"],\"articleSection\":[\"Grup Municipal Socialista\",\"Seguretat P\u00fablica i Emerg\u00e8ncies\"],\"inLanguage\":\"es\",\"potentialAction\":[{\"@type\":\"CommentAction\",\"name\":\"Comment\",\"target\":[\"https:\/\/agrupacionespsoe.es\/castello\/va\/prop-dun-centenar-de-policies-de-castello-exigeixen-en-el-ple-les-millores-laborals-que-carrasco-va-prometre-en-campanya\/#respond\"]}]},{\"@type\":\"WebPage\",\"@id\":\"https:\/\/agrupacionespsoe.es\/castello\/va\/prop-dun-centenar-de-policies-de-castello-exigeixen-en-el-ple-les-millores-laborals-que-carrasco-va-prometre-en-campanya\/\",\"url\":\"https:\/\/agrupacionespsoe.es\/castello\/va\/prop-dun-centenar-de-policies-de-castello-exigeixen-en-el-ple-les-millores-laborals-que-carrasco-va-prometre-en-campanya\/\",\"name\":\"Prop d\u2019un centenar de policies de Castell\u00f3 exigeixen en el ple les millores laborals que Carrasco va prometre en campanya - PSPV-PSOE CASTELL\u00d3\",\"isPartOf\":{\"@id\":\"https:\/\/agrupacionespsoe.es\/castello\/#website\"},\"primaryImageOfPage\":{\"@id\":\"https:\/\/agrupacionespsoe.es\/castello\/va\/prop-dun-centenar-de-policies-de-castello-exigeixen-en-el-ple-les-millores-laborals-que-carrasco-va-prometre-en-campanya\/#primaryimage\"},\"image\":{\"@id\":\"https:\/\/agrupacionespsoe.es\/castello\/va\/prop-dun-centenar-de-policies-de-castello-exigeixen-en-el-ple-les-millores-laborals-que-carrasco-va-prometre-en-campanya\/#primaryimage\"},\"thumbnailUrl\":\"https:\/\/agrupacionespsoe.es\/castello\/wp-content\/uploads\/sites\/45\/2026\/04\/20260430-Cerca-de-un-centenar-de-policias-de-Castello-exigen-en-el-pleno-las-mejoras-laborales-que-Carrasco-prometio-en-campana-scaled.jpeg\",\"datePublished\":\"2026-04-30T12:32:34+00:00\",\"dateModified\":\"2026-04-30T12:34:39+00:00\",\"breadcrumb\":{\"@id\":\"https:\/\/agrupacionespsoe.es\/castello\/va\/prop-dun-centenar-de-policies-de-castello-exigeixen-en-el-ple-les-millores-laborals-que-carrasco-va-prometre-en-campanya\/#breadcrumb\"},\"inLanguage\":\"es\",\"potentialAction\":[{\"@type\":\"ReadAction\",\"target\":[\"https:\/\/agrupacionespsoe.es\/castello\/va\/prop-dun-centenar-de-policies-de-castello-exigeixen-en-el-ple-les-millores-laborals-que-carrasco-va-prometre-en-campanya\/\"]}]},{\"@type\":\"ImageObject\",\"inLanguage\":\"es\",\"@id\":\"https:\/\/agrupacionespsoe.es\/castello\/va\/prop-dun-centenar-de-policies-de-castello-exigeixen-en-el-ple-les-millores-laborals-que-carrasco-va-prometre-en-campanya\/#primaryimage\",\"url\":\"https:\/\/agrupacionespsoe.es\/castello\/wp-content\/uploads\/sites\/45\/2026\/04\/20260430-Cerca-de-un-centenar-de-policias-de-Castello-exigen-en-el-pleno-las-mejoras-laborales-que-Carrasco-prometio-en-campana-scaled.jpeg\",\"contentUrl\":\"https:\/\/agrupacionespsoe.es\/castello\/wp-content\/uploads\/sites\/45\/2026\/04\/20260430-Cerca-de-un-centenar-de-policias-de-Castello-exigen-en-el-pleno-las-mejoras-laborales-que-Carrasco-prometio-en-campana-scaled.jpeg\",\"width\":2560,\"height\":1920},{\"@type\":\"BreadcrumbList\",\"@id\":\"https:\/\/agrupacionespsoe.es\/castello\/va\/prop-dun-centenar-de-policies-de-castello-exigeixen-en-el-ple-les-millores-laborals-que-carrasco-va-prometre-en-campanya\/#breadcrumb\",\"itemListElement\":[{\"@type\":\"ListItem\",\"position\":1,\"name\":\"Portada\",\"item\":\"https:\/\/agrupacionespsoe.es\/castello\/\"},{\"@type\":\"ListItem\",\"position\":2,\"name\":\"Prop d\u2019un centenar de policies de Castell\u00f3 exigeixen en el ple les millores laborals que Carrasco va prometre en campanya\"}]},{\"@type\":\"WebSite\",\"@id\":\"https:\/\/agrupacionespsoe.es\/castello\/#website\",\"url\":\"https:\/\/agrupacionespsoe.es\/castello\/\",\"name\":\"PSPV-PSOE CASTELL\u00d3\",\"description\":\"PSPV-PSOE | Agrupaci\u00f3 de Castell\u00f3\",\"publisher\":{\"@id\":\"https:\/\/agrupacionespsoe.es\/castello\/#organization\"},\"potentialAction\":[{\"@type\":\"SearchAction\",\"target\":{\"@type\":\"EntryPoint\",\"urlTemplate\":\"https:\/\/agrupacionespsoe.es\/castello\/?s={search_term_string}\"},\"query-input\":{\"@type\":\"PropertyValueSpecification\",\"valueRequired\":true,\"valueName\":\"search_term_string\"}}],\"inLanguage\":\"es\"},{\"@type\":\"Organization\",\"@id\":\"https:\/\/agrupacionespsoe.es\/castello\/#organization\",\"name\":\"PSPV-PSOE Castell\u00f3\",\"url\":\"https:\/\/agrupacionespsoe.es\/castello\/\",\"logo\":{\"@type\":\"ImageObject\",\"inLanguage\":\"es\",\"@id\":\"https:\/\/agrupacionespsoe.es\/castello\/#\/schema\/logo\/image\/\",\"url\":\"https:\/\/agrupacionespsoe.es\/castello\/wp-content\/uploads\/sites\/45\/2023\/04\/PORTADA-PSOE-CASTELLO.jpg\",\"contentUrl\":\"https:\/\/agrupacionespsoe.es\/castello\/wp-content\/uploads\/sites\/45\/2023\/04\/PORTADA-PSOE-CASTELLO.jpg\",\"width\":2500,\"height\":2500,\"caption\":\"PSPV-PSOE Castell\u00f3\"},\"image\":{\"@id\":\"https:\/\/agrupacionespsoe.es\/castello\/#\/schema\/logo\/image\/\"},\"sameAs\":[\"https:\/\/www.facebook.com\/pspv.castellodelaplana\",\"https:\/\/x.com\/pspv_cs\",\"https:\/\/www.instagram.com\/pspvpsoecastello\/\"]},{\"@type\":\"Person\",\"@id\":\"https:\/\/agrupacionespsoe.es\/castello\/#\/schema\/person\/f3bc5b2f9dc6a399e9e98596ae24a20a\",\"name\":\"castello1\",\"image\":{\"@type\":\"ImageObject\",\"inLanguage\":\"es\",\"@id\":\"https:\/\/agrupacionespsoe.es\/castello\/#\/schema\/person\/image\/\",\"url\":\"https:\/\/secure.gravatar.com\/avatar\/5f1da428d6479d1127419c0b58796865?s=96&d=mm&r=g\",\"contentUrl\":\"https:\/\/secure.gravatar.com\/avatar\/5f1da428d6479d1127419c0b58796865?s=96&d=mm&r=g\",\"caption\":\"castello1\"},\"url\":\"https:\/\/agrupacionespsoe.es\/castello\/author\/castello1\/\"}]}<\/script>\n<!-- \/ Yoast SEO plugin. -->","yoast_head_json":{"title":"Prop d\u2019un centenar de policies de Castell\u00f3 exigeixen en el ple les millores laborals que Carrasco va prometre en campanya - PSPV-PSOE CASTELL\u00d3","robots":{"index":"index","follow":"follow","max-snippet":"max-snippet:-1","max-image-preview":"max-image-preview:large","max-video-preview":"max-video-preview:-1"},"canonical":"https:\/\/agrupacionespsoe.es\/castello\/va\/prop-dun-centenar-de-policies-de-castello-exigeixen-en-el-ple-les-millores-laborals-que-carrasco-va-prometre-en-campanya\/","og_locale":"es_ES","og_type":"article","og_title":"Prop d\u2019un centenar de policies de Castell\u00f3 exigeixen en el ple les millores laborals que Carrasco va prometre en campanya - PSPV-PSOE CASTELL\u00d3","og_description":"Prop d&#8217;un centenar de policies locals de Castell\u00f3 han protestat aquest mat\u00ed en el ple ordinari de maig contra les condicions laborals imposades per l&#8217;Ajuntament. Els sindicats CCOO, SPPLB i STAS s&#8217;han unit en una massiva convocat\u00f2ria, vestits amb jupetins grocs, per a reclamar les millores que l&#8217;alcaldessa, Bego\u00f1a Carrasco, els va prometre en campanya ...","og_url":"https:\/\/agrupacionespsoe.es\/castello\/va\/prop-dun-centenar-de-policies-de-castello-exigeixen-en-el-ple-les-millores-laborals-que-carrasco-va-prometre-en-campanya\/","og_site_name":"PSPV-PSOE CASTELL\u00d3","article_publisher":"https:\/\/www.facebook.com\/pspv.castellodelaplana","article_published_time":"2026-04-30T12:32:34+00:00","article_modified_time":"2026-04-30T12:34:39+00:00","og_image":[{"width":2560,"height":1920,"url":"https:\/\/agrupacionespsoe.es\/castello\/wp-content\/uploads\/sites\/45\/2026\/04\/20260430-Cerca-de-un-centenar-de-policias-de-Castello-exigen-en-el-pleno-las-mejoras-laborales-que-Carrasco-prometio-en-campana-scaled.jpeg","type":"image\/jpeg"}],"author":"castello1","twitter_card":"summary_large_image","twitter_creator":"@pspv_cs","twitter_site":"@pspv_cs","twitter_misc":{"Escrito por":"castello1","Tiempo de lectura":"2 minutos"},"schema":{"@context":"https:\/\/schema.org","@graph":[{"@type":"Article","@id":"https:\/\/agrupacionespsoe.es\/castello\/va\/prop-dun-centenar-de-policies-de-castello-exigeixen-en-el-ple-les-millores-laborals-que-carrasco-va-prometre-en-campanya\/#article","isPartOf":{"@id":"https:\/\/agrupacionespsoe.es\/castello\/va\/prop-dun-centenar-de-policies-de-castello-exigeixen-en-el-ple-les-millores-laborals-que-carrasco-va-prometre-en-campanya\/"},"author":{"name":"castello1","@id":"https:\/\/agrupacionespsoe.es\/castello\/#\/schema\/person\/f3bc5b2f9dc6a399e9e98596ae24a20a"},"headline":"Prop d\u2019un centenar de policies de Castell\u00f3 exigeixen en el ple les millores laborals que Carrasco va prometre en campanya","datePublished":"2026-04-30T12:32:34+00:00","dateModified":"2026-04-30T12:34:39+00:00","mainEntityOfPage":{"@id":"https:\/\/agrupacionespsoe.es\/castello\/va\/prop-dun-centenar-de-policies-de-castello-exigeixen-en-el-ple-les-millores-laborals-que-carrasco-va-prometre-en-campanya\/"},"wordCount":385,"commentCount":0,"publisher":{"@id":"https:\/\/agrupacionespsoe.es\/castello\/#organization"},"image":{"@id":"https:\/\/agrupacionespsoe.es\/castello\/va\/prop-dun-centenar-de-policies-de-castello-exigeixen-en-el-ple-les-millores-laborals-que-carrasco-va-prometre-en-campanya\/#primaryimage"},"thumbnailUrl":"https:\/\/agrupacionespsoe.es\/castello\/wp-content\/uploads\/sites\/45\/2026\/04\/20260430-Cerca-de-un-centenar-de-policias-de-Castello-exigen-en-el-pleno-las-mejoras-laborales-que-Carrasco-prometio-en-campana-scaled.jpeg","keywords":["Arantxa Miralles","Bego\u00f1a Carrasco","Todos"],"articleSection":["Grup Municipal Socialista","Seguretat P\u00fablica i Emerg\u00e8ncies"],"inLanguage":"es","potentialAction":[{"@type":"CommentAction","name":"Comment","target":["https:\/\/agrupacionespsoe.es\/castello\/va\/prop-dun-centenar-de-policies-de-castello-exigeixen-en-el-ple-les-millores-laborals-que-carrasco-va-prometre-en-campanya\/#respond"]}]},{"@type":"WebPage","@id":"https:\/\/agrupacionespsoe.es\/castello\/va\/prop-dun-centenar-de-policies-de-castello-exigeixen-en-el-ple-les-millores-laborals-que-carrasco-va-prometre-en-campanya\/","url":"https:\/\/agrupacionespsoe.es\/castello\/va\/prop-dun-centenar-de-policies-de-castello-exigeixen-en-el-ple-les-millores-laborals-que-carrasco-va-prometre-en-campanya\/","name":"Prop d\u2019un centenar de policies de Castell\u00f3 exigeixen en el ple les millores laborals que Carrasco va prometre en campanya - PSPV-PSOE CASTELL\u00d3","isPartOf":{"@id":"https:\/\/agrupacionespsoe.es\/castello\/#website"},"primaryImageOfPage":{"@id":"https:\/\/agrupacionespsoe.es\/castello\/va\/prop-dun-centenar-de-policies-de-castello-exigeixen-en-el-ple-les-millores-laborals-que-carrasco-va-prometre-en-campanya\/#primaryimage"},"image":{"@id":"https:\/\/agrupacionespsoe.es\/castello\/va\/prop-dun-centenar-de-policies-de-castello-exigeixen-en-el-ple-les-millores-laborals-que-carrasco-va-prometre-en-campanya\/#primaryimage"},"thumbnailUrl":"https:\/\/agrupacionespsoe.es\/castello\/wp-content\/uploads\/sites\/45\/2026\/04\/20260430-Cerca-de-un-centenar-de-policias-de-Castello-exigen-en-el-pleno-las-mejoras-laborales-que-Carrasco-prometio-en-campana-scaled.jpeg","datePublished":"2026-04-30T12:32:34+00:00","dateModified":"2026-04-30T12:34:39+00:00","breadcrumb":{"@id":"https:\/\/agrupacionespsoe.es\/castello\/va\/prop-dun-centenar-de-policies-de-castello-exigeixen-en-el-ple-les-millores-laborals-que-carrasco-va-prometre-en-campanya\/#breadcrumb"},"inLanguage":"es","potentialAction":[{"@type":"ReadAction","target":["https:\/\/agrupacionespsoe.es\/castello\/va\/prop-dun-centenar-de-policies-de-castello-exigeixen-en-el-ple-les-millores-laborals-que-carrasco-va-prometre-en-campanya\/"]}]},{"@type":"ImageObject","inLanguage":"es","@id":"https:\/\/agrupacionespsoe.es\/castello\/va\/prop-dun-centenar-de-policies-de-castello-exigeixen-en-el-ple-les-millores-laborals-que-carrasco-va-prometre-en-campanya\/#primaryimage","url":"https:\/\/agrupacionespsoe.es\/castello\/wp-content\/uploads\/sites\/45\/2026\/04\/20260430-Cerca-de-un-centenar-de-policias-de-Castello-exigen-en-el-pleno-las-mejoras-laborales-que-Carrasco-prometio-en-campana-scaled.jpeg","contentUrl":"https:\/\/agrupacionespsoe.es\/castello\/wp-content\/uploads\/sites\/45\/2026\/04\/20260430-Cerca-de-un-centenar-de-policias-de-Castello-exigen-en-el-pleno-las-mejoras-laborales-que-Carrasco-prometio-en-campana-scaled.jpeg","width":2560,"height":1920},{"@type":"BreadcrumbList","@id":"https:\/\/agrupacionespsoe.es\/castello\/va\/prop-dun-centenar-de-policies-de-castello-exigeixen-en-el-ple-les-millores-laborals-que-carrasco-va-prometre-en-campanya\/#breadcrumb","itemListElement":[{"@type":"ListItem","position":1,"name":"Portada","item":"https:\/\/agrupacionespsoe.es\/castello\/"},{"@type":"ListItem","position":2,"name":"Prop d\u2019un centenar de policies de Castell\u00f3 exigeixen en el ple les millores laborals que Carrasco va prometre en campanya"}]},{"@type":"WebSite","@id":"https:\/\/agrupacionespsoe.es\/castello\/#website","url":"https:\/\/agrupacionespsoe.es\/castello\/","name":"PSPV-PSOE CASTELL\u00d3","description":"PSPV-PSOE | Agrupaci\u00f3 de Castell\u00f3","publisher":{"@id":"https:\/\/agrupacionespsoe.es\/castello\/#organization"},"potentialAction":[{"@type":"SearchAction","target":{"@type":"EntryPoint","urlTemplate":"https:\/\/agrupacionespsoe.es\/castello\/?s={search_term_string}"},"query-input":{"@type":"PropertyValueSpecification","valueRequired":true,"valueName":"search_term_string"}}],"inLanguage":"es"},{"@type":"Organization","@id":"https:\/\/agrupacionespsoe.es\/castello\/#organization","name":"PSPV-PSOE Castell\u00f3","url":"https:\/\/agrupacionespsoe.es\/castello\/","logo":{"@type":"ImageObject","inLanguage":"es","@id":"https:\/\/agrupacionespsoe.es\/castello\/#\/schema\/logo\/image\/","url":"https:\/\/agrupacionespsoe.es\/castello\/wp-content\/uploads\/sites\/45\/2023\/04\/PORTADA-PSOE-CASTELLO.jpg","contentUrl":"https:\/\/agrupacionespsoe.es\/castello\/wp-content\/uploads\/sites\/45\/2023\/04\/PORTADA-PSOE-CASTELLO.jpg","width":2500,"height":2500,"caption":"PSPV-PSOE Castell\u00f3"},"image":{"@id":"https:\/\/agrupacionespsoe.es\/castello\/#\/schema\/logo\/image\/"},"sameAs":["https:\/\/www.facebook.com\/pspv.castellodelaplana","https:\/\/x.com\/pspv_cs","https:\/\/www.instagram.com\/pspvpsoecastello\/"]},{"@type":"Person","@id":"https:\/\/agrupacionespsoe.es\/castello\/#\/schema\/person\/f3bc5b2f9dc6a399e9e98596ae24a20a","name":"castello1","image":{"@type":"ImageObject","inLanguage":"es","@id":"https:\/\/agrupacionespsoe.es\/castello\/#\/schema\/person\/image\/","url":"https:\/\/secure.gravatar.com\/avatar\/5f1da428d6479d1127419c0b58796865?s=96&d=mm&r=g","contentUrl":"https:\/\/secure.gravatar.com\/avatar\/5f1da428d6479d1127419c0b58796865?s=96&d=mm&r=g","caption":"castello1"},"url":"https:\/\/agrupacionespsoe.es\/castello\/author\/castello1\/"}]}},"jetpack_publicize_connections":[],"jetpack_featured_media_url":"https:\/\/agrupacionespsoe.es\/castello\/wp-content\/uploads\/sites\/45\/2026\/04\/20260430-Cerca-de-un-centenar-de-policias-de-Castello-exigen-en-el-pleno-las-mejoras-laborales-que-Carrasco-prometio-en-campana-scaled.jpeg","jetpack_sharing_enabled":true,"_links":{"self":[{"href":"https:\/\/agrupacionespsoe.es\/castello\/wp-json\/wp\/v2\/posts\/11024","targetHints":{"allow":["GET"]}}],"collection":[{"href":"https:\/\/agrupacionespsoe.es\/castello\/wp-json\/wp\/v2\/posts"}],"about":[{"href":"https:\/\/agrupacionespsoe.es\/castello\/wp-json\/wp\/v2\/types\/post"}],"author":[{"embeddable":true,"href":"https:\/\/agrupacionespsoe.es\/castello\/wp-json\/wp\/v2\/users\/48"}],"replies":[{"embeddable":true,"href":"https:\/\/agrupacionespsoe.es\/castello\/wp-json\/wp\/v2\/comments?post=11024"}],"version-history":[{"count":4,"href":"https:\/\/agrupacionespsoe.es\/castello\/wp-json\/wp\/v2\/posts\/11024\/revisions"}],"predecessor-version":[{"id":11028,"href":"https:\/\/agrupacionespsoe.es\/castello\/wp-json\/wp\/v2\/posts\/11024\/revisions\/11028"}],"wp:featuredmedia":[{"embeddable":true,"href":"https:\/\/agrupacionespsoe.es\/castello\/wp-json\/wp\/v2\/media\/11020"}],"wp:attachment":[{"href":"https:\/\/agrupacionespsoe.es\/castello\/wp-json\/wp\/v2\/media?parent=11024"}],"wp:term":[{"taxonomy":"category","embeddable":true,"href":"https:\/\/agrupacionespsoe.es\/castello\/wp-json\/wp\/v2\/categories?post=11024"},{"taxonomy":"post_tag","embeddable":true,"href":"https:\/\/agrupacionespsoe.es\/castello\/wp-json\/wp\/v2\/tags?post=11024"}],"curies":[{"name":"wp","href":"https:\/\/api.w.org\/{rel}","templated":true}]}}