{"id":11014,"date":"2026-04-29T12:43:35","date_gmt":"2026-04-29T10:43:35","guid":{"rendered":"https:\/\/agrupacionespsoe.es\/castello\/?p=11014"},"modified":"2026-04-29T12:45:23","modified_gmt":"2026-04-29T10:45:23","slug":"el-general-cancel%c2%b7la-dues-vegades-loperacio-duna-pacient-del-grau-mentre-vox-prioritza-banderes","status":"publish","type":"post","link":"https:\/\/agrupacionespsoe.es\/castello\/va\/el-general-cancel%c2%b7la-dues-vegades-loperacio-duna-pacient-del-grau-mentre-vox-prioritza-banderes\/","title":{"rendered":"El\u00a0General cancel\u00b7la dues vegades l\u2019operaci\u00f3 d\u2019una pacient del Grau mentre Vox prioritza banderes"},"content":{"rendered":"\n<ul class=\"wp-block-list\">\n<li><em><em>La&nbsp;malalta va registrar ahir la queixa davant Sanitat despr\u00e9s d&#8217;haver sigut ingressada en dues ocasions i donada d&#8217;alta per falta de preparatius en el quir\u00f2fan<\/em><\/em><\/li>\n<\/ul>\n\n\n\n<figure class=\"wp-block-audio\"><audio controls src=\"https:\/\/agrupacionespsoe.es\/castello\/wp-content\/uploads\/sites\/45\/2026\/04\/20260429-El-General-cancela-dos-veces-la-operacion-de-una-paciente-del-Grau-mientras-Vox-prioriza-banderas.mp3\" autoplay><\/audio><\/figure>\n\n\n\n<p>Una ve\u00efna del Grau de Castell\u00f3 va presentar ahir una queixa formal davant la Conselleria de Sanitat despr\u00e9s que l&#8217;Hospital General haja cancel\u00b7lat dues vegades la seua intervenci\u00f3 quir\u00fargica malgrat estar ingressada per a sotmetre&#8217;s a l&#8217;operaci\u00f3 en tots dos casos. La falta de recursos sanitaris per a preparar el quir\u00f2fan a les seues necessitats m\u00e8diques \u00e9s la causa d&#8217;aquesta suspensi\u00f3 que ignora Vox, que ha vetat les peticions de fons en sanitat i contra mosquits presentades per l&#8217;oposici\u00f3.<\/p>\n\n\n\n<figure data-wp-context=\"{&quot;imageId&quot;:&quot;69f27adc8270c&quot;}\" data-wp-interactive=\"core\/image\" class=\"wp-block-image size-large wp-lightbox-container\"><img loading=\"lazy\" decoding=\"async\" width=\"724\" height=\"1024\" data-attachment-id=\"11009\" data-permalink=\"https:\/\/agrupacionespsoe.es\/castello\/el-general-cancela-dos-veces-la-operacion-de-una-paciente-del-grau-mientras-vox-prioriza-banderas\/20260429-el-general-cancela-dos-veces-la-operacion-de-una-paciente-del-grau-mientras-vox-prioriza-banderas-2\/\" data-orig-file=\"https:\/\/agrupacionespsoe.es\/castello\/wp-content\/uploads\/sites\/45\/2026\/04\/20260429-El-General-cancela-dos-veces-la-operacion-de-una-paciente-del-Grau-mientras-Vox-prioriza-banderas.jpeg\" data-orig-size=\"1637,2314\" data-comments-opened=\"1\" data-image-meta=\"{&quot;aperture&quot;:&quot;0&quot;,&quot;credit&quot;:&quot;&quot;,&quot;camera&quot;:&quot;&quot;,&quot;caption&quot;:&quot;&quot;,&quot;created_timestamp&quot;:&quot;0&quot;,&quot;copyright&quot;:&quot;&quot;,&quot;focal_length&quot;:&quot;0&quot;,&quot;iso&quot;:&quot;0&quot;,&quot;shutter_speed&quot;:&quot;0&quot;,&quot;title&quot;:&quot;&quot;,&quot;orientation&quot;:&quot;1&quot;}\" data-image-title=\"20260429 &#8211; El General cancela dos veces la operaci\u00f3n de una paciente del Grau mientras Vox prioriza banderas\" data-image-description=\"\" data-image-caption=\"\" data-medium-file=\"https:\/\/agrupacionespsoe.es\/castello\/wp-content\/uploads\/sites\/45\/2026\/04\/20260429-El-General-cancela-dos-veces-la-operacion-de-una-paciente-del-Grau-mientras-Vox-prioriza-banderas-212x300.jpeg\" data-large-file=\"https:\/\/agrupacionespsoe.es\/castello\/wp-content\/uploads\/sites\/45\/2026\/04\/20260429-El-General-cancela-dos-veces-la-operacion-de-una-paciente-del-Grau-mientras-Vox-prioriza-banderas-724x1024.jpeg\" data-wp-class--hide=\"state.isContentHidden\" data-wp-class--show=\"state.isContentVisible\" data-wp-init=\"callbacks.setButtonStyles\" data-wp-on-async--click=\"actions.showLightbox\" data-wp-on-async--load=\"callbacks.setButtonStyles\" data-wp-on-async-window--resize=\"callbacks.setButtonStyles\" src=\"https:\/\/agrupacionespsoe.es\/castello\/wp-content\/uploads\/sites\/45\/2026\/04\/20260429-El-General-cancela-dos-veces-la-operacion-de-una-paciente-del-Grau-mientras-Vox-prioriza-banderas-724x1024.jpeg\" alt=\"\" class=\"wp-image-11009\" srcset=\"https:\/\/agrupacionespsoe.es\/castello\/wp-content\/uploads\/sites\/45\/2026\/04\/20260429-El-General-cancela-dos-veces-la-operacion-de-una-paciente-del-Grau-mientras-Vox-prioriza-banderas-724x1024.jpeg 724w, https:\/\/agrupacionespsoe.es\/castello\/wp-content\/uploads\/sites\/45\/2026\/04\/20260429-El-General-cancela-dos-veces-la-operacion-de-una-paciente-del-Grau-mientras-Vox-prioriza-banderas-212x300.jpeg 212w, https:\/\/agrupacionespsoe.es\/castello\/wp-content\/uploads\/sites\/45\/2026\/04\/20260429-El-General-cancela-dos-veces-la-operacion-de-una-paciente-del-Grau-mientras-Vox-prioriza-banderas-768x1086.jpeg 768w, https:\/\/agrupacionespsoe.es\/castello\/wp-content\/uploads\/sites\/45\/2026\/04\/20260429-El-General-cancela-dos-veces-la-operacion-de-una-paciente-del-Grau-mientras-Vox-prioriza-banderas-1087x1536.jpeg 1087w, https:\/\/agrupacionespsoe.es\/castello\/wp-content\/uploads\/sites\/45\/2026\/04\/20260429-El-General-cancela-dos-veces-la-operacion-de-una-paciente-del-Grau-mientras-Vox-prioriza-banderas-1449x2048.jpeg 1449w, https:\/\/agrupacionespsoe.es\/castello\/wp-content\/uploads\/sites\/45\/2026\/04\/20260429-El-General-cancela-dos-veces-la-operacion-de-una-paciente-del-Grau-mientras-Vox-prioriza-banderas.jpeg 1637w\" sizes=\"auto, (max-width: 724px) 100vw, 724px\" \/><button\n\t\t\tclass=\"lightbox-trigger\"\n\t\t\ttype=\"button\"\n\t\t\taria-haspopup=\"dialog\"\n\t\t\taria-label=\"Ampliar la imagen\"\n\t\t\tdata-wp-init=\"callbacks.initTriggerButton\"\n\t\t\tdata-wp-on-async--click=\"actions.showLightbox\"\n\t\t\tdata-wp-style--right=\"state.imageButtonRight\"\n\t\t\tdata-wp-style--top=\"state.imageButtonTop\"\n\t\t>\n\t\t\t<svg xmlns=\"http:\/\/www.w3.org\/2000\/svg\" width=\"12\" height=\"12\" fill=\"none\" viewBox=\"0 0 12 12\">\n\t\t\t\t<path fill=\"#fff\" d=\"M2 0a2 2 0 0 0-2 2v2h1.5V2a.5.5 0 0 1 .5-.5h2V0H2Zm2 10.5H2a.5.5 0 0 1-.5-.5V8H0v2a2 2 0 0 0 2 2h2v-1.5ZM8 12v-1.5h2a.5.5 0 0 0 .5-.5V8H12v2a2 2 0 0 1-2 2H8Zm2-12a2 2 0 0 1 2 2v2h-1.5V2a.5.5 0 0 0-.5-.5H8V0h2Z\" \/>\n\t\t\t<\/svg>\n\t\t<\/button><\/figure>\n\n\n\n<p>El ple no podr\u00e0 incidir dem\u00e0 en cap de les q\u00fcestions pel desacord entre dos dels seus integrants. Aix\u00ed, el portaveu, <a href=\"https:\/\/agrupacionespsoe.es\/castello\/va\/tag\/antonio-ortola-va\/\">Antonio Ortol\u00e1<\/a>, es va mostrar favorable al debat en la junta de portaveus mentre que <a href=\"https:\/\/agrupacionespsoe.es\/castello\/va\/tag\/alberto-vidal-va\/\">Alberto Vidal<\/a> li va corregir i va imposar el veto per part de Vox a dues q\u00fcestions fonamentals per al benestar del ve\u00efnat de Castell\u00f3.<\/p>\n\n\n\n<p>Aix\u00ed s&#8217;ha manifestat el portaveu adjunt del Grup Municipal Socialista, <a href=\"https:\/\/agrupacionespsoe.es\/castello\/va\/tag\/jose-luis-lopez-va\/\">Jos\u00e9 Luis L\u00f3pez<\/a>, que ha recordat que la corporaci\u00f3 no podr\u00e0 sol\u00b7licitar m\u00e9s recursos econ\u00f2mics i coordinaci\u00f3 entre administracions per a atallar la plaga de mosquits aquest estiu, com va sol\u00b7licitar el grup a trav\u00e9s d&#8217;una declaraci\u00f3 institucional.<\/p>\n\n\n\n<p>\u201cVox prefereix que es parle de banderes i es creuen conflictes inexistents, en lloc de treballar per a resoldre els problemes de la ciutat de Castell\u00f3, que tornar\u00e0 a patir les mol\u00e8sties dels mosquits i que no ha deixat de patir les creixents llistes d&#8217;espera, errors i retards en la sanitat p\u00fablica per les retallades de la dreta i la ultradreta\u201d, ha lamentat L\u00f3pez.<\/p>\n\n\n\n<p>L&#8217;\u00faltima den\u00fancia a la qual ha tingut acc\u00e9s el Grup Municipal Socialista \u00e9s la de la ve\u00efna del Grau que ha patit en dues ocasions, l&#8217;\u00faltima aquesta mateixa setmana, l&#8217;ingr\u00e9s i alta hospital\u00e0ria sense entrar al quir\u00f2fan del General en l&#8217;\u00e0rea de Ginecologia. En els dos casos, \u201chavent realitzat amb antelaci\u00f3 totes les proves pertinents exigides pel propi centre\u201d, assenyala la queixa, \u201cl&#8217;hospital procedeix a l&#8217;ingr\u00e9s de la pacient malgrat no disposar del quir\u00f2fan preparat conforme als protocols\u201d.<\/p>\n\n\n\n<p>La pacient al\u00b7ludeix en el seu escrit a la Conselleria de Sanitat a \u201cla falta de dilig\u00e8ncia en la gesti\u00f3 assistencial, aix\u00ed com vulneraci\u00f3 del dret del pacient a rebre una atenci\u00f3 sanit\u00e0ria adequada, segura i en condicions \u00f2ptimes\u201d.<\/p>\n","protected":false},"excerpt":{"rendered":"<p>Una ve\u00efna del Grau de Castell\u00f3 va presentar ahir una queixa formal davant la Conselleria de Sanitat despr\u00e9s que l&#8217;Hospital General haja cancel\u00b7lat dues vegades la seua intervenci\u00f3 quir\u00fargica malgrat estar ingressada per a sotmetre&#8217;s a l&#8217;operaci\u00f3 en tots dos casos. La falta de recursos sanitaris per a preparar el quir\u00f2fan a les seues necessitats &#8230;<\/p>\n","protected":false},"author":48,"featured_media":11009,"comment_status":"open","ping_status":"open","sticky":false,"template":"","format":"standard","meta":{"_jetpack_memberships_contains_paid_content":false,"footnotes":"","jetpack_publicize_message":"","jetpack_publicize_feature_enabled":true,"jetpack_social_post_already_shared":true,"jetpack_social_options":{"image_generator_settings":{"template":"highway","default_image_id":0,"font":"","enabled":false},"version":2}},"categories":[22],"tags":[787,739,87,446],"class_list":["post-11014","post","type-post","status-publish","format-standard","has-post-thumbnail","hentry","category-gms-va","tag-alberto-vidal-va","tag-antonio-ortola-va","tag-jose-luis-lopez-va","tag-todos-va"],"yoast_head":"<!-- This site is optimized with the Yoast SEO plugin v24.0 - https:\/\/yoast.com\/wordpress\/plugins\/seo\/ -->\n<title>El\u00a0General cancel\u00b7la dues vegades l\u2019operaci\u00f3 d\u2019una pacient del Grau mentre Vox prioritza banderes - PSPV-PSOE CASTELL\u00d3<\/title>\n<meta name=\"robots\" content=\"index, follow, max-snippet:-1, max-image-preview:large, max-video-preview:-1\" \/>\n<link rel=\"canonical\" href=\"https:\/\/agrupacionespsoe.es\/castello\/va\/el-general-cancel\u00b7la-dues-vegades-loperacio-duna-pacient-del-grau-mentre-vox-prioritza-banderes\/\" \/>\n<meta property=\"og:locale\" content=\"es_ES\" \/>\n<meta property=\"og:type\" content=\"article\" \/>\n<meta property=\"og:title\" content=\"El\u00a0General cancel\u00b7la dues vegades l\u2019operaci\u00f3 d\u2019una pacient del Grau mentre Vox prioritza banderes - PSPV-PSOE CASTELL\u00d3\" \/>\n<meta property=\"og:description\" content=\"Una ve\u00efna del Grau de Castell\u00f3 va presentar ahir una queixa formal davant la Conselleria de Sanitat despr\u00e9s que l&#8217;Hospital General haja cancel\u00b7lat dues vegades la seua intervenci\u00f3 quir\u00fargica malgrat estar ingressada per a sotmetre&#8217;s a l&#8217;operaci\u00f3 en tots dos casos. La falta de recursos sanitaris per a preparar el quir\u00f2fan a les seues necessitats ...\" \/>\n<meta property=\"og:url\" content=\"https:\/\/agrupacionespsoe.es\/castello\/va\/el-general-cancel\u00b7la-dues-vegades-loperacio-duna-pacient-del-grau-mentre-vox-prioritza-banderes\/\" \/>\n<meta property=\"og:site_name\" content=\"PSPV-PSOE CASTELL\u00d3\" \/>\n<meta property=\"article:publisher\" content=\"https:\/\/www.facebook.com\/pspv.castellodelaplana\" \/>\n<meta property=\"article:published_time\" content=\"2026-04-29T10:43:35+00:00\" \/>\n<meta property=\"article:modified_time\" content=\"2026-04-29T10:45:23+00:00\" \/>\n<meta property=\"og:image\" content=\"https:\/\/agrupacionespsoe.es\/castello\/wp-content\/uploads\/sites\/45\/2026\/04\/20260429-El-General-cancela-dos-veces-la-operacion-de-una-paciente-del-Grau-mientras-Vox-prioriza-banderas.jpeg\" \/>\n\t<meta property=\"og:image:width\" content=\"1637\" \/>\n\t<meta property=\"og:image:height\" content=\"2314\" \/>\n\t<meta property=\"og:image:type\" content=\"image\/jpeg\" \/>\n<meta name=\"author\" content=\"castello1\" \/>\n<meta name=\"twitter:card\" content=\"summary_large_image\" \/>\n<meta name=\"twitter:creator\" content=\"@pspv_cs\" \/>\n<meta name=\"twitter:site\" content=\"@pspv_cs\" \/>\n<meta name=\"twitter:label1\" content=\"Escrito por\" \/>\n\t<meta name=\"twitter:data1\" content=\"castello1\" \/>\n\t<meta name=\"twitter:label2\" content=\"Tiempo de lectura\" \/>\n\t<meta name=\"twitter:data2\" content=\"3 minutos\" \/>\n<script type=\"application\/ld+json\" class=\"yoast-schema-graph\">{\"@context\":\"https:\/\/schema.org\",\"@graph\":[{\"@type\":\"Article\",\"@id\":\"https:\/\/agrupacionespsoe.es\/castello\/va\/el-general-cancel%c2%b7la-dues-vegades-loperacio-duna-pacient-del-grau-mentre-vox-prioritza-banderes\/#article\",\"isPartOf\":{\"@id\":\"https:\/\/agrupacionespsoe.es\/castello\/va\/el-general-cancel%c2%b7la-dues-vegades-loperacio-duna-pacient-del-grau-mentre-vox-prioritza-banderes\/\"},\"author\":{\"name\":\"castello1\",\"@id\":\"https:\/\/agrupacionespsoe.es\/castello\/#\/schema\/person\/f3bc5b2f9dc6a399e9e98596ae24a20a\"},\"headline\":\"El\u00a0General cancel\u00b7la dues vegades l\u2019operaci\u00f3 d\u2019una pacient del Grau mentre Vox prioritza banderes\",\"datePublished\":\"2026-04-29T10:43:35+00:00\",\"dateModified\":\"2026-04-29T10:45:23+00:00\",\"mainEntityOfPage\":{\"@id\":\"https:\/\/agrupacionespsoe.es\/castello\/va\/el-general-cancel%c2%b7la-dues-vegades-loperacio-duna-pacient-del-grau-mentre-vox-prioritza-banderes\/\"},\"wordCount\":447,\"commentCount\":0,\"publisher\":{\"@id\":\"https:\/\/agrupacionespsoe.es\/castello\/#organization\"},\"image\":{\"@id\":\"https:\/\/agrupacionespsoe.es\/castello\/va\/el-general-cancel%c2%b7la-dues-vegades-loperacio-duna-pacient-del-grau-mentre-vox-prioritza-banderes\/#primaryimage\"},\"thumbnailUrl\":\"https:\/\/agrupacionespsoe.es\/castello\/wp-content\/uploads\/sites\/45\/2026\/04\/20260429-El-General-cancela-dos-veces-la-operacion-de-una-paciente-del-Grau-mientras-Vox-prioriza-banderas.jpeg\",\"keywords\":[\"Alberto Vidal\",\"Antonio Ortol\u00e1\",\"Jos\u00e9 Luis L\u00f3pez\",\"Todos\"],\"articleSection\":[\"Grup Municipal Socialista\"],\"inLanguage\":\"es\",\"potentialAction\":[{\"@type\":\"CommentAction\",\"name\":\"Comment\",\"target\":[\"https:\/\/agrupacionespsoe.es\/castello\/va\/el-general-cancel%c2%b7la-dues-vegades-loperacio-duna-pacient-del-grau-mentre-vox-prioritza-banderes\/#respond\"]}]},{\"@type\":\"WebPage\",\"@id\":\"https:\/\/agrupacionespsoe.es\/castello\/va\/el-general-cancel%c2%b7la-dues-vegades-loperacio-duna-pacient-del-grau-mentre-vox-prioritza-banderes\/\",\"url\":\"https:\/\/agrupacionespsoe.es\/castello\/va\/el-general-cancel%c2%b7la-dues-vegades-loperacio-duna-pacient-del-grau-mentre-vox-prioritza-banderes\/\",\"name\":\"El\u00a0General cancel\u00b7la dues vegades l\u2019operaci\u00f3 d\u2019una pacient del Grau mentre Vox prioritza banderes - PSPV-PSOE CASTELL\u00d3\",\"isPartOf\":{\"@id\":\"https:\/\/agrupacionespsoe.es\/castello\/#website\"},\"primaryImageOfPage\":{\"@id\":\"https:\/\/agrupacionespsoe.es\/castello\/va\/el-general-cancel%c2%b7la-dues-vegades-loperacio-duna-pacient-del-grau-mentre-vox-prioritza-banderes\/#primaryimage\"},\"image\":{\"@id\":\"https:\/\/agrupacionespsoe.es\/castello\/va\/el-general-cancel%c2%b7la-dues-vegades-loperacio-duna-pacient-del-grau-mentre-vox-prioritza-banderes\/#primaryimage\"},\"thumbnailUrl\":\"https:\/\/agrupacionespsoe.es\/castello\/wp-content\/uploads\/sites\/45\/2026\/04\/20260429-El-General-cancela-dos-veces-la-operacion-de-una-paciente-del-Grau-mientras-Vox-prioriza-banderas.jpeg\",\"datePublished\":\"2026-04-29T10:43:35+00:00\",\"dateModified\":\"2026-04-29T10:45:23+00:00\",\"breadcrumb\":{\"@id\":\"https:\/\/agrupacionespsoe.es\/castello\/va\/el-general-cancel%c2%b7la-dues-vegades-loperacio-duna-pacient-del-grau-mentre-vox-prioritza-banderes\/#breadcrumb\"},\"inLanguage\":\"es\",\"potentialAction\":[{\"@type\":\"ReadAction\",\"target\":[\"https:\/\/agrupacionespsoe.es\/castello\/va\/el-general-cancel%c2%b7la-dues-vegades-loperacio-duna-pacient-del-grau-mentre-vox-prioritza-banderes\/\"]}]},{\"@type\":\"ImageObject\",\"inLanguage\":\"es\",\"@id\":\"https:\/\/agrupacionespsoe.es\/castello\/va\/el-general-cancel%c2%b7la-dues-vegades-loperacio-duna-pacient-del-grau-mentre-vox-prioritza-banderes\/#primaryimage\",\"url\":\"https:\/\/agrupacionespsoe.es\/castello\/wp-content\/uploads\/sites\/45\/2026\/04\/20260429-El-General-cancela-dos-veces-la-operacion-de-una-paciente-del-Grau-mientras-Vox-prioriza-banderas.jpeg\",\"contentUrl\":\"https:\/\/agrupacionespsoe.es\/castello\/wp-content\/uploads\/sites\/45\/2026\/04\/20260429-El-General-cancela-dos-veces-la-operacion-de-una-paciente-del-Grau-mientras-Vox-prioriza-banderas.jpeg\",\"width\":1637,\"height\":2314},{\"@type\":\"BreadcrumbList\",\"@id\":\"https:\/\/agrupacionespsoe.es\/castello\/va\/el-general-cancel%c2%b7la-dues-vegades-loperacio-duna-pacient-del-grau-mentre-vox-prioritza-banderes\/#breadcrumb\",\"itemListElement\":[{\"@type\":\"ListItem\",\"position\":1,\"name\":\"Portada\",\"item\":\"https:\/\/agrupacionespsoe.es\/castello\/\"},{\"@type\":\"ListItem\",\"position\":2,\"name\":\"El\u00a0General cancel\u00b7la dues vegades l\u2019operaci\u00f3 d\u2019una pacient del Grau mentre Vox prioritza banderes\"}]},{\"@type\":\"WebSite\",\"@id\":\"https:\/\/agrupacionespsoe.es\/castello\/#website\",\"url\":\"https:\/\/agrupacionespsoe.es\/castello\/\",\"name\":\"PSPV-PSOE CASTELL\u00d3\",\"description\":\"PSPV-PSOE | Agrupaci\u00f3 de Castell\u00f3\",\"publisher\":{\"@id\":\"https:\/\/agrupacionespsoe.es\/castello\/#organization\"},\"potentialAction\":[{\"@type\":\"SearchAction\",\"target\":{\"@type\":\"EntryPoint\",\"urlTemplate\":\"https:\/\/agrupacionespsoe.es\/castello\/?s={search_term_string}\"},\"query-input\":{\"@type\":\"PropertyValueSpecification\",\"valueRequired\":true,\"valueName\":\"search_term_string\"}}],\"inLanguage\":\"es\"},{\"@type\":\"Organization\",\"@id\":\"https:\/\/agrupacionespsoe.es\/castello\/#organization\",\"name\":\"PSPV-PSOE Castell\u00f3\",\"url\":\"https:\/\/agrupacionespsoe.es\/castello\/\",\"logo\":{\"@type\":\"ImageObject\",\"inLanguage\":\"es\",\"@id\":\"https:\/\/agrupacionespsoe.es\/castello\/#\/schema\/logo\/image\/\",\"url\":\"https:\/\/agrupacionespsoe.es\/castello\/wp-content\/uploads\/sites\/45\/2023\/04\/PORTADA-PSOE-CASTELLO.jpg\",\"contentUrl\":\"https:\/\/agrupacionespsoe.es\/castello\/wp-content\/uploads\/sites\/45\/2023\/04\/PORTADA-PSOE-CASTELLO.jpg\",\"width\":2500,\"height\":2500,\"caption\":\"PSPV-PSOE Castell\u00f3\"},\"image\":{\"@id\":\"https:\/\/agrupacionespsoe.es\/castello\/#\/schema\/logo\/image\/\"},\"sameAs\":[\"https:\/\/www.facebook.com\/pspv.castellodelaplana\",\"https:\/\/x.com\/pspv_cs\",\"https:\/\/www.instagram.com\/pspvpsoecastello\/\"]},{\"@type\":\"Person\",\"@id\":\"https:\/\/agrupacionespsoe.es\/castello\/#\/schema\/person\/f3bc5b2f9dc6a399e9e98596ae24a20a\",\"name\":\"castello1\",\"image\":{\"@type\":\"ImageObject\",\"inLanguage\":\"es\",\"@id\":\"https:\/\/agrupacionespsoe.es\/castello\/#\/schema\/person\/image\/\",\"url\":\"https:\/\/secure.gravatar.com\/avatar\/5f1da428d6479d1127419c0b58796865?s=96&d=mm&r=g\",\"contentUrl\":\"https:\/\/secure.gravatar.com\/avatar\/5f1da428d6479d1127419c0b58796865?s=96&d=mm&r=g\",\"caption\":\"castello1\"},\"url\":\"https:\/\/agrupacionespsoe.es\/castello\/author\/castello1\/\"}]}<\/script>\n<!-- \/ Yoast SEO plugin. -->","yoast_head_json":{"title":"El\u00a0General cancel\u00b7la dues vegades l\u2019operaci\u00f3 d\u2019una pacient del Grau mentre Vox prioritza banderes - PSPV-PSOE CASTELL\u00d3","robots":{"index":"index","follow":"follow","max-snippet":"max-snippet:-1","max-image-preview":"max-image-preview:large","max-video-preview":"max-video-preview:-1"},"canonical":"https:\/\/agrupacionespsoe.es\/castello\/va\/el-general-cancel\u00b7la-dues-vegades-loperacio-duna-pacient-del-grau-mentre-vox-prioritza-banderes\/","og_locale":"es_ES","og_type":"article","og_title":"El\u00a0General cancel\u00b7la dues vegades l\u2019operaci\u00f3 d\u2019una pacient del Grau mentre Vox prioritza banderes - PSPV-PSOE CASTELL\u00d3","og_description":"Una ve\u00efna del Grau de Castell\u00f3 va presentar ahir una queixa formal davant la Conselleria de Sanitat despr\u00e9s que l&#8217;Hospital General haja cancel\u00b7lat dues vegades la seua intervenci\u00f3 quir\u00fargica malgrat estar ingressada per a sotmetre&#8217;s a l&#8217;operaci\u00f3 en tots dos casos. La falta de recursos sanitaris per a preparar el quir\u00f2fan a les seues necessitats ...","og_url":"https:\/\/agrupacionespsoe.es\/castello\/va\/el-general-cancel\u00b7la-dues-vegades-loperacio-duna-pacient-del-grau-mentre-vox-prioritza-banderes\/","og_site_name":"PSPV-PSOE CASTELL\u00d3","article_publisher":"https:\/\/www.facebook.com\/pspv.castellodelaplana","article_published_time":"2026-04-29T10:43:35+00:00","article_modified_time":"2026-04-29T10:45:23+00:00","og_image":[{"width":1637,"height":2314,"url":"https:\/\/agrupacionespsoe.es\/castello\/wp-content\/uploads\/sites\/45\/2026\/04\/20260429-El-General-cancela-dos-veces-la-operacion-de-una-paciente-del-Grau-mientras-Vox-prioriza-banderas.jpeg","type":"image\/jpeg"}],"author":"castello1","twitter_card":"summary_large_image","twitter_creator":"@pspv_cs","twitter_site":"@pspv_cs","twitter_misc":{"Escrito por":"castello1","Tiempo de lectura":"3 minutos"},"schema":{"@context":"https:\/\/schema.org","@graph":[{"@type":"Article","@id":"https:\/\/agrupacionespsoe.es\/castello\/va\/el-general-cancel%c2%b7la-dues-vegades-loperacio-duna-pacient-del-grau-mentre-vox-prioritza-banderes\/#article","isPartOf":{"@id":"https:\/\/agrupacionespsoe.es\/castello\/va\/el-general-cancel%c2%b7la-dues-vegades-loperacio-duna-pacient-del-grau-mentre-vox-prioritza-banderes\/"},"author":{"name":"castello1","@id":"https:\/\/agrupacionespsoe.es\/castello\/#\/schema\/person\/f3bc5b2f9dc6a399e9e98596ae24a20a"},"headline":"El\u00a0General cancel\u00b7la dues vegades l\u2019operaci\u00f3 d\u2019una pacient del Grau mentre Vox prioritza banderes","datePublished":"2026-04-29T10:43:35+00:00","dateModified":"2026-04-29T10:45:23+00:00","mainEntityOfPage":{"@id":"https:\/\/agrupacionespsoe.es\/castello\/va\/el-general-cancel%c2%b7la-dues-vegades-loperacio-duna-pacient-del-grau-mentre-vox-prioritza-banderes\/"},"wordCount":447,"commentCount":0,"publisher":{"@id":"https:\/\/agrupacionespsoe.es\/castello\/#organization"},"image":{"@id":"https:\/\/agrupacionespsoe.es\/castello\/va\/el-general-cancel%c2%b7la-dues-vegades-loperacio-duna-pacient-del-grau-mentre-vox-prioritza-banderes\/#primaryimage"},"thumbnailUrl":"https:\/\/agrupacionespsoe.es\/castello\/wp-content\/uploads\/sites\/45\/2026\/04\/20260429-El-General-cancela-dos-veces-la-operacion-de-una-paciente-del-Grau-mientras-Vox-prioriza-banderas.jpeg","keywords":["Alberto Vidal","Antonio Ortol\u00e1","Jos\u00e9 Luis L\u00f3pez","Todos"],"articleSection":["Grup Municipal Socialista"],"inLanguage":"es","potentialAction":[{"@type":"CommentAction","name":"Comment","target":["https:\/\/agrupacionespsoe.es\/castello\/va\/el-general-cancel%c2%b7la-dues-vegades-loperacio-duna-pacient-del-grau-mentre-vox-prioritza-banderes\/#respond"]}]},{"@type":"WebPage","@id":"https:\/\/agrupacionespsoe.es\/castello\/va\/el-general-cancel%c2%b7la-dues-vegades-loperacio-duna-pacient-del-grau-mentre-vox-prioritza-banderes\/","url":"https:\/\/agrupacionespsoe.es\/castello\/va\/el-general-cancel%c2%b7la-dues-vegades-loperacio-duna-pacient-del-grau-mentre-vox-prioritza-banderes\/","name":"El\u00a0General cancel\u00b7la dues vegades l\u2019operaci\u00f3 d\u2019una pacient del Grau mentre Vox prioritza banderes - PSPV-PSOE CASTELL\u00d3","isPartOf":{"@id":"https:\/\/agrupacionespsoe.es\/castello\/#website"},"primaryImageOfPage":{"@id":"https:\/\/agrupacionespsoe.es\/castello\/va\/el-general-cancel%c2%b7la-dues-vegades-loperacio-duna-pacient-del-grau-mentre-vox-prioritza-banderes\/#primaryimage"},"image":{"@id":"https:\/\/agrupacionespsoe.es\/castello\/va\/el-general-cancel%c2%b7la-dues-vegades-loperacio-duna-pacient-del-grau-mentre-vox-prioritza-banderes\/#primaryimage"},"thumbnailUrl":"https:\/\/agrupacionespsoe.es\/castello\/wp-content\/uploads\/sites\/45\/2026\/04\/20260429-El-General-cancela-dos-veces-la-operacion-de-una-paciente-del-Grau-mientras-Vox-prioriza-banderas.jpeg","datePublished":"2026-04-29T10:43:35+00:00","dateModified":"2026-04-29T10:45:23+00:00","breadcrumb":{"@id":"https:\/\/agrupacionespsoe.es\/castello\/va\/el-general-cancel%c2%b7la-dues-vegades-loperacio-duna-pacient-del-grau-mentre-vox-prioritza-banderes\/#breadcrumb"},"inLanguage":"es","potentialAction":[{"@type":"ReadAction","target":["https:\/\/agrupacionespsoe.es\/castello\/va\/el-general-cancel%c2%b7la-dues-vegades-loperacio-duna-pacient-del-grau-mentre-vox-prioritza-banderes\/"]}]},{"@type":"ImageObject","inLanguage":"es","@id":"https:\/\/agrupacionespsoe.es\/castello\/va\/el-general-cancel%c2%b7la-dues-vegades-loperacio-duna-pacient-del-grau-mentre-vox-prioritza-banderes\/#primaryimage","url":"https:\/\/agrupacionespsoe.es\/castello\/wp-content\/uploads\/sites\/45\/2026\/04\/20260429-El-General-cancela-dos-veces-la-operacion-de-una-paciente-del-Grau-mientras-Vox-prioriza-banderas.jpeg","contentUrl":"https:\/\/agrupacionespsoe.es\/castello\/wp-content\/uploads\/sites\/45\/2026\/04\/20260429-El-General-cancela-dos-veces-la-operacion-de-una-paciente-del-Grau-mientras-Vox-prioriza-banderas.jpeg","width":1637,"height":2314},{"@type":"BreadcrumbList","@id":"https:\/\/agrupacionespsoe.es\/castello\/va\/el-general-cancel%c2%b7la-dues-vegades-loperacio-duna-pacient-del-grau-mentre-vox-prioritza-banderes\/#breadcrumb","itemListElement":[{"@type":"ListItem","position":1,"name":"Portada","item":"https:\/\/agrupacionespsoe.es\/castello\/"},{"@type":"ListItem","position":2,"name":"El\u00a0General cancel\u00b7la dues vegades l\u2019operaci\u00f3 d\u2019una pacient del Grau mentre Vox prioritza banderes"}]},{"@type":"WebSite","@id":"https:\/\/agrupacionespsoe.es\/castello\/#website","url":"https:\/\/agrupacionespsoe.es\/castello\/","name":"PSPV-PSOE CASTELL\u00d3","description":"PSPV-PSOE | Agrupaci\u00f3 de Castell\u00f3","publisher":{"@id":"https:\/\/agrupacionespsoe.es\/castello\/#organization"},"potentialAction":[{"@type":"SearchAction","target":{"@type":"EntryPoint","urlTemplate":"https:\/\/agrupacionespsoe.es\/castello\/?s={search_term_string}"},"query-input":{"@type":"PropertyValueSpecification","valueRequired":true,"valueName":"search_term_string"}}],"inLanguage":"es"},{"@type":"Organization","@id":"https:\/\/agrupacionespsoe.es\/castello\/#organization","name":"PSPV-PSOE Castell\u00f3","url":"https:\/\/agrupacionespsoe.es\/castello\/","logo":{"@type":"ImageObject","inLanguage":"es","@id":"https:\/\/agrupacionespsoe.es\/castello\/#\/schema\/logo\/image\/","url":"https:\/\/agrupacionespsoe.es\/castello\/wp-content\/uploads\/sites\/45\/2023\/04\/PORTADA-PSOE-CASTELLO.jpg","contentUrl":"https:\/\/agrupacionespsoe.es\/castello\/wp-content\/uploads\/sites\/45\/2023\/04\/PORTADA-PSOE-CASTELLO.jpg","width":2500,"height":2500,"caption":"PSPV-PSOE Castell\u00f3"},"image":{"@id":"https:\/\/agrupacionespsoe.es\/castello\/#\/schema\/logo\/image\/"},"sameAs":["https:\/\/www.facebook.com\/pspv.castellodelaplana","https:\/\/x.com\/pspv_cs","https:\/\/www.instagram.com\/pspvpsoecastello\/"]},{"@type":"Person","@id":"https:\/\/agrupacionespsoe.es\/castello\/#\/schema\/person\/f3bc5b2f9dc6a399e9e98596ae24a20a","name":"castello1","image":{"@type":"ImageObject","inLanguage":"es","@id":"https:\/\/agrupacionespsoe.es\/castello\/#\/schema\/person\/image\/","url":"https:\/\/secure.gravatar.com\/avatar\/5f1da428d6479d1127419c0b58796865?s=96&d=mm&r=g","contentUrl":"https:\/\/secure.gravatar.com\/avatar\/5f1da428d6479d1127419c0b58796865?s=96&d=mm&r=g","caption":"castello1"},"url":"https:\/\/agrupacionespsoe.es\/castello\/author\/castello1\/"}]}},"jetpack_publicize_connections":[],"jetpack_featured_media_url":"https:\/\/agrupacionespsoe.es\/castello\/wp-content\/uploads\/sites\/45\/2026\/04\/20260429-El-General-cancela-dos-veces-la-operacion-de-una-paciente-del-Grau-mientras-Vox-prioriza-banderas.jpeg","jetpack_sharing_enabled":true,"_links":{"self":[{"href":"https:\/\/agrupacionespsoe.es\/castello\/wp-json\/wp\/v2\/posts\/11014","targetHints":{"allow":["GET"]}}],"collection":[{"href":"https:\/\/agrupacionespsoe.es\/castello\/wp-json\/wp\/v2\/posts"}],"about":[{"href":"https:\/\/agrupacionespsoe.es\/castello\/wp-json\/wp\/v2\/types\/post"}],"author":[{"embeddable":true,"href":"https:\/\/agrupacionespsoe.es\/castello\/wp-json\/wp\/v2\/users\/48"}],"replies":[{"embeddable":true,"href":"https:\/\/agrupacionespsoe.es\/castello\/wp-json\/wp\/v2\/comments?post=11014"}],"version-history":[{"count":2,"href":"https:\/\/agrupacionespsoe.es\/castello\/wp-json\/wp\/v2\/posts\/11014\/revisions"}],"predecessor-version":[{"id":11017,"href":"https:\/\/agrupacionespsoe.es\/castello\/wp-json\/wp\/v2\/posts\/11014\/revisions\/11017"}],"wp:featuredmedia":[{"embeddable":true,"href":"https:\/\/agrupacionespsoe.es\/castello\/wp-json\/wp\/v2\/media\/11009"}],"wp:attachment":[{"href":"https:\/\/agrupacionespsoe.es\/castello\/wp-json\/wp\/v2\/media?parent=11014"}],"wp:term":[{"taxonomy":"category","embeddable":true,"href":"https:\/\/agrupacionespsoe.es\/castello\/wp-json\/wp\/v2\/categories?post=11014"},{"taxonomy":"post_tag","embeddable":true,"href":"https:\/\/agrupacionespsoe.es\/castello\/wp-json\/wp\/v2\/tags?post=11014"}],"curies":[{"name":"wp","href":"https:\/\/api.w.org\/{rel}","templated":true}]}}