{"id":11001,"date":"2026-04-28T16:25:03","date_gmt":"2026-04-28T14:25:03","guid":{"rendered":"https:\/\/agrupacionespsoe.es\/castello\/?p=11001"},"modified":"2026-04-28T16:25:05","modified_gmt":"2026-04-28T14:25:05","slug":"el-pspv-denuncia-la-deixadesa-absoluta-de-begona-carrasco-davant-la-presencia-de-rates-en-el-col%c2%b7legi-manel-garcia-grau-que-coneix-des-de-febrer","status":"publish","type":"post","link":"https:\/\/agrupacionespsoe.es\/castello\/va\/el-pspv-denuncia-la-deixadesa-absoluta-de-begona-carrasco-davant-la-presencia-de-rates-en-el-col%c2%b7legi-manel-garcia-grau-que-coneix-des-de-febrer\/","title":{"rendered":"El PSPV denuncia la \u201cdeixadesa absoluta\u201d de Bego\u00f1a Carrasco davant la pres\u00e8ncia de rates en el col\u00b7legi Manel Garc\u00eda Grau, \u201cque coneix des de febrer\u201d"},"content":{"rendered":"\n<ul class=\"wp-block-list\">\n<li><em><em>L&#8217;edil socialista Jos\u00e9 Segura assenyala que, \u201cmentre les fam\u00edlies denuncien problemes greus en els col\u00b7legis, l&#8217;alcaldessa sembla m\u00e9s preocupada per la seua agenda d&#8217;imatge que per la gesti\u00f3 real de la ciutat\u201d<\/em><\/em><\/li>\n<\/ul>\n\n\n\n<p>El Grup Municipal Socialista de l&#8217;Ajuntament de Castell\u00f3 ha denunciat hui la \u201cinacci\u00f3 i falta de responsabilitat\u201d de l&#8217;equip de govern municipal que presideix <a href=\"https:\/\/agrupacionespsoe.es\/castello\/va\/tag\/begona-carrasco-va\/\">Bego\u00f1a Carrasco<\/a> davant la pres\u00e8ncia de rates en l&#8217;aulari d&#8217;Infantil del col\u00b7legi Manel Garc\u00eda Grau, una situaci\u00f3 que, segons ha assenyalat, \u201ces coneix des del mes de febrer sense que s&#8217;haja donat una soluci\u00f3 efectiva\u201d.<\/p>\n\n\n\n<p><a href=\"https:\/\/agrupacionespsoe.es\/castello\/va\/tag\/jose-segura-va\/\">Jos\u00e9 Segura<\/a>, regidor del PSPV, ha explicat que aquest problema, que afecta directament la salut i seguretat de l&#8217;alumnat m\u00e9s xicotet, \u201cevid\u00e8ncia l&#8217;aband\u00f3 dels centres educatius p\u00fablics de Castell\u00f3\u201d, incomplint aix\u00ed els compromisos adquirits per l&#8217;alcaldessa, Bego\u00f1a Carrasco, qui va situar l&#8217;educaci\u00f3 i el manteniment dels col\u00b7legis de la ciutat com una de les seues prioritats en un programa electoral que, una vegada m\u00e9s, no compleix\u201d.<\/p>\n\n\n\n<p>\u201cDilluns passat vam preguntar per aquesta situaci\u00f3 en les comissions informatives de l&#8217;ajuntament, per\u00f2 la realitat \u00e9s que han passat mesos sense que s&#8217;actue de manera efica\u00e7\u201d, ha assenyalat l&#8217;edil socialista. \u201cEns sembla l\u00f2gic que es diga ara que no es pot utilitzar raticida en estar en plena activitat escolar, per\u00f2 la realitat \u00e9s que el govern municipal va tindre la seua oportunitat durant les festes de la Magdalena i en la recent Setmana Santa, per\u00edodes sense activitat lectiva en els quals es podria haver actuat sense cap risc\u201d, ha afegit.<\/p>\n\n\n\n<p>Per a l&#8217;edil socialista, \u201cel problema no \u00e9s la dificultat t\u00e8cnica sin\u00f3 una falta de gesti\u00f3 i previsi\u00f3 inacceptables, que nom\u00e9s reflecteix la deixadesa absoluta del govern de Carrasco\u201d. Segura ha concl\u00f2s assenyalant que \u201cmentre les fam\u00edlies denuncien problemes greus en els col\u00b7legis, l&#8217;alcaldessa sembla m\u00e9s preocupada per la seua agenda d&#8217;imatge que per la gesti\u00f3 real de la ciutat i, en aquest cas, per la salut de l&#8217;alumnat del col\u00b7legi Manel Garcia Grau\u201d.<\/p>\n","protected":false},"excerpt":{"rendered":"<p>El Grup Municipal Socialista de l&#8217;Ajuntament de Castell\u00f3 ha denunciat hui la \u201cinacci\u00f3 i falta de responsabilitat\u201d de l&#8217;equip de govern municipal que presideix Bego\u00f1a Carrasco davant la pres\u00e8ncia de rates en l&#8217;aulari d&#8217;Infantil del col\u00b7legi Manel Garc\u00eda Grau, una situaci\u00f3 que, segons ha assenyalat, \u201ces coneix des del mes de febrer sense que s&#8217;haja &#8230;<\/p>\n","protected":false},"author":48,"featured_media":10997,"comment_status":"open","ping_status":"open","sticky":false,"template":"","format":"standard","meta":{"_jetpack_memberships_contains_paid_content":false,"footnotes":"","jetpack_publicize_message":"","jetpack_publicize_feature_enabled":true,"jetpack_social_post_already_shared":true,"jetpack_social_options":{"image_generator_settings":{"template":"highway","default_image_id":0,"font":"","enabled":false},"version":2}},"categories":[1269,22],"tags":[741,113,446],"class_list":["post-11001","post","type-post","status-publish","format-standard","has-post-thumbnail","hentry","category-esports","category-gms-va","tag-begona-carrasco-va","tag-jose-segura-va","tag-todos-va"],"yoast_head":"<!-- This site is optimized with the Yoast SEO plugin v24.0 - https:\/\/yoast.com\/wordpress\/plugins\/seo\/ -->\n<title>El PSPV denuncia la \u201cdeixadesa absoluta\u201d de Bego\u00f1a Carrasco davant la pres\u00e8ncia de rates en el col\u00b7legi Manel Garc\u00eda Grau, \u201cque coneix des de febrer\u201d - PSPV-PSOE CASTELL\u00d3<\/title>\n<meta name=\"robots\" content=\"index, follow, max-snippet:-1, max-image-preview:large, max-video-preview:-1\" \/>\n<link rel=\"canonical\" href=\"https:\/\/agrupacionespsoe.es\/castello\/va\/el-pspv-denuncia-la-deixadesa-absoluta-de-begona-carrasco-davant-la-presencia-de-rates-en-el-col\u00b7legi-manel-garcia-grau-que-coneix-des-de-febrer\/\" \/>\n<meta property=\"og:locale\" content=\"es_ES\" \/>\n<meta property=\"og:type\" content=\"article\" \/>\n<meta property=\"og:title\" content=\"El PSPV denuncia la \u201cdeixadesa absoluta\u201d de Bego\u00f1a Carrasco davant la pres\u00e8ncia de rates en el col\u00b7legi Manel Garc\u00eda Grau, \u201cque coneix des de febrer\u201d - PSPV-PSOE CASTELL\u00d3\" \/>\n<meta property=\"og:description\" content=\"El Grup Municipal Socialista de l&#8217;Ajuntament de Castell\u00f3 ha denunciat hui la \u201cinacci\u00f3 i falta de responsabilitat\u201d de l&#8217;equip de govern municipal que presideix Bego\u00f1a Carrasco davant la pres\u00e8ncia de rates en l&#8217;aulari d&#8217;Infantil del col\u00b7legi Manel Garc\u00eda Grau, una situaci\u00f3 que, segons ha assenyalat, \u201ces coneix des del mes de febrer sense que s&#8217;haja ...\" \/>\n<meta property=\"og:url\" content=\"https:\/\/agrupacionespsoe.es\/castello\/va\/el-pspv-denuncia-la-deixadesa-absoluta-de-begona-carrasco-davant-la-presencia-de-rates-en-el-col\u00b7legi-manel-garcia-grau-que-coneix-des-de-febrer\/\" \/>\n<meta property=\"og:site_name\" content=\"PSPV-PSOE CASTELL\u00d3\" \/>\n<meta property=\"article:publisher\" content=\"https:\/\/www.facebook.com\/pspv.castellodelaplana\" \/>\n<meta property=\"article:published_time\" content=\"2026-04-28T14:25:03+00:00\" \/>\n<meta property=\"article:modified_time\" content=\"2026-04-28T14:25:05+00:00\" \/>\n<meta property=\"og:image\" content=\"https:\/\/agrupacionespsoe.es\/castello\/wp-content\/uploads\/sites\/45\/2026\/04\/20260428-El-PSPV-denuncia-la-dejadez-absoluta-de-Begona-Carrasco-ante-la-presencia-de-ratas-en-el-colegio-Manel-Garcia-Grau-que-conoce-desde-febrero-e1777386187532.jpeg\" \/>\n\t<meta property=\"og:image:width\" content=\"1200\" \/>\n\t<meta property=\"og:image:height\" content=\"900\" \/>\n\t<meta property=\"og:image:type\" content=\"image\/jpeg\" \/>\n<meta name=\"author\" content=\"castello1\" \/>\n<meta name=\"twitter:card\" content=\"summary_large_image\" \/>\n<meta name=\"twitter:creator\" content=\"@pspv_cs\" \/>\n<meta name=\"twitter:site\" content=\"@pspv_cs\" \/>\n<meta name=\"twitter:label1\" content=\"Escrito por\" \/>\n\t<meta name=\"twitter:data1\" content=\"castello1\" \/>\n\t<meta name=\"twitter:label2\" content=\"Tiempo de lectura\" \/>\n\t<meta name=\"twitter:data2\" content=\"2 minutos\" \/>\n<script type=\"application\/ld+json\" class=\"yoast-schema-graph\">{\"@context\":\"https:\/\/schema.org\",\"@graph\":[{\"@type\":\"Article\",\"@id\":\"https:\/\/agrupacionespsoe.es\/castello\/va\/el-pspv-denuncia-la-deixadesa-absoluta-de-begona-carrasco-davant-la-presencia-de-rates-en-el-col%c2%b7legi-manel-garcia-grau-que-coneix-des-de-febrer\/#article\",\"isPartOf\":{\"@id\":\"https:\/\/agrupacionespsoe.es\/castello\/va\/el-pspv-denuncia-la-deixadesa-absoluta-de-begona-carrasco-davant-la-presencia-de-rates-en-el-col%c2%b7legi-manel-garcia-grau-que-coneix-des-de-febrer\/\"},\"author\":{\"name\":\"castello1\",\"@id\":\"https:\/\/agrupacionespsoe.es\/castello\/#\/schema\/person\/f3bc5b2f9dc6a399e9e98596ae24a20a\"},\"headline\":\"El PSPV denuncia la \u201cdeixadesa absoluta\u201d de Bego\u00f1a Carrasco davant la pres\u00e8ncia de rates en el col\u00b7legi Manel Garc\u00eda Grau, \u201cque coneix des de febrer\u201d\",\"datePublished\":\"2026-04-28T14:25:03+00:00\",\"dateModified\":\"2026-04-28T14:25:05+00:00\",\"mainEntityOfPage\":{\"@id\":\"https:\/\/agrupacionespsoe.es\/castello\/va\/el-pspv-denuncia-la-deixadesa-absoluta-de-begona-carrasco-davant-la-presencia-de-rates-en-el-col%c2%b7legi-manel-garcia-grau-que-coneix-des-de-febrer\/\"},\"wordCount\":373,\"commentCount\":0,\"publisher\":{\"@id\":\"https:\/\/agrupacionespsoe.es\/castello\/#organization\"},\"image\":{\"@id\":\"https:\/\/agrupacionespsoe.es\/castello\/va\/el-pspv-denuncia-la-deixadesa-absoluta-de-begona-carrasco-davant-la-presencia-de-rates-en-el-col%c2%b7legi-manel-garcia-grau-que-coneix-des-de-febrer\/#primaryimage\"},\"thumbnailUrl\":\"https:\/\/agrupacionespsoe.es\/castello\/wp-content\/uploads\/sites\/45\/2026\/04\/20260428-El-PSPV-denuncia-la-dejadez-absoluta-de-Begona-Carrasco-ante-la-presencia-de-ratas-en-el-colegio-Manel-Garcia-Grau-que-conoce-desde-febrero-e1777386187532.jpeg\",\"keywords\":[\"Bego\u00f1a Carrasco\",\"Jos\u00e9 Segura\",\"Todos\"],\"articleSection\":[\"Esports\",\"Grup Municipal Socialista\"],\"inLanguage\":\"es\",\"potentialAction\":[{\"@type\":\"CommentAction\",\"name\":\"Comment\",\"target\":[\"https:\/\/agrupacionespsoe.es\/castello\/va\/el-pspv-denuncia-la-deixadesa-absoluta-de-begona-carrasco-davant-la-presencia-de-rates-en-el-col%c2%b7legi-manel-garcia-grau-que-coneix-des-de-febrer\/#respond\"]}]},{\"@type\":\"WebPage\",\"@id\":\"https:\/\/agrupacionespsoe.es\/castello\/va\/el-pspv-denuncia-la-deixadesa-absoluta-de-begona-carrasco-davant-la-presencia-de-rates-en-el-col%c2%b7legi-manel-garcia-grau-que-coneix-des-de-febrer\/\",\"url\":\"https:\/\/agrupacionespsoe.es\/castello\/va\/el-pspv-denuncia-la-deixadesa-absoluta-de-begona-carrasco-davant-la-presencia-de-rates-en-el-col%c2%b7legi-manel-garcia-grau-que-coneix-des-de-febrer\/\",\"name\":\"El PSPV denuncia la \u201cdeixadesa absoluta\u201d de Bego\u00f1a Carrasco davant la pres\u00e8ncia de rates en el col\u00b7legi Manel Garc\u00eda Grau, \u201cque coneix des de febrer\u201d - PSPV-PSOE CASTELL\u00d3\",\"isPartOf\":{\"@id\":\"https:\/\/agrupacionespsoe.es\/castello\/#website\"},\"primaryImageOfPage\":{\"@id\":\"https:\/\/agrupacionespsoe.es\/castello\/va\/el-pspv-denuncia-la-deixadesa-absoluta-de-begona-carrasco-davant-la-presencia-de-rates-en-el-col%c2%b7legi-manel-garcia-grau-que-coneix-des-de-febrer\/#primaryimage\"},\"image\":{\"@id\":\"https:\/\/agrupacionespsoe.es\/castello\/va\/el-pspv-denuncia-la-deixadesa-absoluta-de-begona-carrasco-davant-la-presencia-de-rates-en-el-col%c2%b7legi-manel-garcia-grau-que-coneix-des-de-febrer\/#primaryimage\"},\"thumbnailUrl\":\"https:\/\/agrupacionespsoe.es\/castello\/wp-content\/uploads\/sites\/45\/2026\/04\/20260428-El-PSPV-denuncia-la-dejadez-absoluta-de-Begona-Carrasco-ante-la-presencia-de-ratas-en-el-colegio-Manel-Garcia-Grau-que-conoce-desde-febrero-e1777386187532.jpeg\",\"datePublished\":\"2026-04-28T14:25:03+00:00\",\"dateModified\":\"2026-04-28T14:25:05+00:00\",\"breadcrumb\":{\"@id\":\"https:\/\/agrupacionespsoe.es\/castello\/va\/el-pspv-denuncia-la-deixadesa-absoluta-de-begona-carrasco-davant-la-presencia-de-rates-en-el-col%c2%b7legi-manel-garcia-grau-que-coneix-des-de-febrer\/#breadcrumb\"},\"inLanguage\":\"es\",\"potentialAction\":[{\"@type\":\"ReadAction\",\"target\":[\"https:\/\/agrupacionespsoe.es\/castello\/va\/el-pspv-denuncia-la-deixadesa-absoluta-de-begona-carrasco-davant-la-presencia-de-rates-en-el-col%c2%b7legi-manel-garcia-grau-que-coneix-des-de-febrer\/\"]}]},{\"@type\":\"ImageObject\",\"inLanguage\":\"es\",\"@id\":\"https:\/\/agrupacionespsoe.es\/castello\/va\/el-pspv-denuncia-la-deixadesa-absoluta-de-begona-carrasco-davant-la-presencia-de-rates-en-el-col%c2%b7legi-manel-garcia-grau-que-coneix-des-de-febrer\/#primaryimage\",\"url\":\"https:\/\/agrupacionespsoe.es\/castello\/wp-content\/uploads\/sites\/45\/2026\/04\/20260428-El-PSPV-denuncia-la-dejadez-absoluta-de-Begona-Carrasco-ante-la-presencia-de-ratas-en-el-colegio-Manel-Garcia-Grau-que-conoce-desde-febrero-e1777386187532.jpeg\",\"contentUrl\":\"https:\/\/agrupacionespsoe.es\/castello\/wp-content\/uploads\/sites\/45\/2026\/04\/20260428-El-PSPV-denuncia-la-dejadez-absoluta-de-Begona-Carrasco-ante-la-presencia-de-ratas-en-el-colegio-Manel-Garcia-Grau-que-conoce-desde-febrero-e1777386187532.jpeg\",\"width\":1200,\"height\":900},{\"@type\":\"BreadcrumbList\",\"@id\":\"https:\/\/agrupacionespsoe.es\/castello\/va\/el-pspv-denuncia-la-deixadesa-absoluta-de-begona-carrasco-davant-la-presencia-de-rates-en-el-col%c2%b7legi-manel-garcia-grau-que-coneix-des-de-febrer\/#breadcrumb\",\"itemListElement\":[{\"@type\":\"ListItem\",\"position\":1,\"name\":\"Portada\",\"item\":\"https:\/\/agrupacionespsoe.es\/castello\/\"},{\"@type\":\"ListItem\",\"position\":2,\"name\":\"El PSPV denuncia la \u201cdeixadesa absoluta\u201d de Bego\u00f1a Carrasco davant la pres\u00e8ncia de rates en el col\u00b7legi Manel Garc\u00eda Grau, \u201cque coneix des de febrer\u201d\"}]},{\"@type\":\"WebSite\",\"@id\":\"https:\/\/agrupacionespsoe.es\/castello\/#website\",\"url\":\"https:\/\/agrupacionespsoe.es\/castello\/\",\"name\":\"PSPV-PSOE CASTELL\u00d3\",\"description\":\"PSPV-PSOE | Agrupaci\u00f3 de Castell\u00f3\",\"publisher\":{\"@id\":\"https:\/\/agrupacionespsoe.es\/castello\/#organization\"},\"potentialAction\":[{\"@type\":\"SearchAction\",\"target\":{\"@type\":\"EntryPoint\",\"urlTemplate\":\"https:\/\/agrupacionespsoe.es\/castello\/?s={search_term_string}\"},\"query-input\":{\"@type\":\"PropertyValueSpecification\",\"valueRequired\":true,\"valueName\":\"search_term_string\"}}],\"inLanguage\":\"es\"},{\"@type\":\"Organization\",\"@id\":\"https:\/\/agrupacionespsoe.es\/castello\/#organization\",\"name\":\"PSPV-PSOE Castell\u00f3\",\"url\":\"https:\/\/agrupacionespsoe.es\/castello\/\",\"logo\":{\"@type\":\"ImageObject\",\"inLanguage\":\"es\",\"@id\":\"https:\/\/agrupacionespsoe.es\/castello\/#\/schema\/logo\/image\/\",\"url\":\"https:\/\/agrupacionespsoe.es\/castello\/wp-content\/uploads\/sites\/45\/2023\/04\/PORTADA-PSOE-CASTELLO.jpg\",\"contentUrl\":\"https:\/\/agrupacionespsoe.es\/castello\/wp-content\/uploads\/sites\/45\/2023\/04\/PORTADA-PSOE-CASTELLO.jpg\",\"width\":2500,\"height\":2500,\"caption\":\"PSPV-PSOE Castell\u00f3\"},\"image\":{\"@id\":\"https:\/\/agrupacionespsoe.es\/castello\/#\/schema\/logo\/image\/\"},\"sameAs\":[\"https:\/\/www.facebook.com\/pspv.castellodelaplana\",\"https:\/\/x.com\/pspv_cs\",\"https:\/\/www.instagram.com\/pspvpsoecastello\/\"]},{\"@type\":\"Person\",\"@id\":\"https:\/\/agrupacionespsoe.es\/castello\/#\/schema\/person\/f3bc5b2f9dc6a399e9e98596ae24a20a\",\"name\":\"castello1\",\"image\":{\"@type\":\"ImageObject\",\"inLanguage\":\"es\",\"@id\":\"https:\/\/agrupacionespsoe.es\/castello\/#\/schema\/person\/image\/\",\"url\":\"https:\/\/secure.gravatar.com\/avatar\/5f1da428d6479d1127419c0b58796865?s=96&d=mm&r=g\",\"contentUrl\":\"https:\/\/secure.gravatar.com\/avatar\/5f1da428d6479d1127419c0b58796865?s=96&d=mm&r=g\",\"caption\":\"castello1\"},\"url\":\"https:\/\/agrupacionespsoe.es\/castello\/author\/castello1\/\"}]}<\/script>\n<!-- \/ Yoast SEO plugin. -->","yoast_head_json":{"title":"El PSPV denuncia la \u201cdeixadesa absoluta\u201d de Bego\u00f1a Carrasco davant la pres\u00e8ncia de rates en el col\u00b7legi Manel Garc\u00eda Grau, \u201cque coneix des de febrer\u201d - PSPV-PSOE CASTELL\u00d3","robots":{"index":"index","follow":"follow","max-snippet":"max-snippet:-1","max-image-preview":"max-image-preview:large","max-video-preview":"max-video-preview:-1"},"canonical":"https:\/\/agrupacionespsoe.es\/castello\/va\/el-pspv-denuncia-la-deixadesa-absoluta-de-begona-carrasco-davant-la-presencia-de-rates-en-el-col\u00b7legi-manel-garcia-grau-que-coneix-des-de-febrer\/","og_locale":"es_ES","og_type":"article","og_title":"El PSPV denuncia la \u201cdeixadesa absoluta\u201d de Bego\u00f1a Carrasco davant la pres\u00e8ncia de rates en el col\u00b7legi Manel Garc\u00eda Grau, \u201cque coneix des de febrer\u201d - PSPV-PSOE CASTELL\u00d3","og_description":"El Grup Municipal Socialista de l&#8217;Ajuntament de Castell\u00f3 ha denunciat hui la \u201cinacci\u00f3 i falta de responsabilitat\u201d de l&#8217;equip de govern municipal que presideix Bego\u00f1a Carrasco davant la pres\u00e8ncia de rates en l&#8217;aulari d&#8217;Infantil del col\u00b7legi Manel Garc\u00eda Grau, una situaci\u00f3 que, segons ha assenyalat, \u201ces coneix des del mes de febrer sense que s&#8217;haja ...","og_url":"https:\/\/agrupacionespsoe.es\/castello\/va\/el-pspv-denuncia-la-deixadesa-absoluta-de-begona-carrasco-davant-la-presencia-de-rates-en-el-col\u00b7legi-manel-garcia-grau-que-coneix-des-de-febrer\/","og_site_name":"PSPV-PSOE CASTELL\u00d3","article_publisher":"https:\/\/www.facebook.com\/pspv.castellodelaplana","article_published_time":"2026-04-28T14:25:03+00:00","article_modified_time":"2026-04-28T14:25:05+00:00","og_image":[{"width":1200,"height":900,"url":"https:\/\/agrupacionespsoe.es\/castello\/wp-content\/uploads\/sites\/45\/2026\/04\/20260428-El-PSPV-denuncia-la-dejadez-absoluta-de-Begona-Carrasco-ante-la-presencia-de-ratas-en-el-colegio-Manel-Garcia-Grau-que-conoce-desde-febrero-e1777386187532.jpeg","type":"image\/jpeg"}],"author":"castello1","twitter_card":"summary_large_image","twitter_creator":"@pspv_cs","twitter_site":"@pspv_cs","twitter_misc":{"Escrito por":"castello1","Tiempo de lectura":"2 minutos"},"schema":{"@context":"https:\/\/schema.org","@graph":[{"@type":"Article","@id":"https:\/\/agrupacionespsoe.es\/castello\/va\/el-pspv-denuncia-la-deixadesa-absoluta-de-begona-carrasco-davant-la-presencia-de-rates-en-el-col%c2%b7legi-manel-garcia-grau-que-coneix-des-de-febrer\/#article","isPartOf":{"@id":"https:\/\/agrupacionespsoe.es\/castello\/va\/el-pspv-denuncia-la-deixadesa-absoluta-de-begona-carrasco-davant-la-presencia-de-rates-en-el-col%c2%b7legi-manel-garcia-grau-que-coneix-des-de-febrer\/"},"author":{"name":"castello1","@id":"https:\/\/agrupacionespsoe.es\/castello\/#\/schema\/person\/f3bc5b2f9dc6a399e9e98596ae24a20a"},"headline":"El PSPV denuncia la \u201cdeixadesa absoluta\u201d de Bego\u00f1a Carrasco davant la pres\u00e8ncia de rates en el col\u00b7legi Manel Garc\u00eda Grau, \u201cque coneix des de febrer\u201d","datePublished":"2026-04-28T14:25:03+00:00","dateModified":"2026-04-28T14:25:05+00:00","mainEntityOfPage":{"@id":"https:\/\/agrupacionespsoe.es\/castello\/va\/el-pspv-denuncia-la-deixadesa-absoluta-de-begona-carrasco-davant-la-presencia-de-rates-en-el-col%c2%b7legi-manel-garcia-grau-que-coneix-des-de-febrer\/"},"wordCount":373,"commentCount":0,"publisher":{"@id":"https:\/\/agrupacionespsoe.es\/castello\/#organization"},"image":{"@id":"https:\/\/agrupacionespsoe.es\/castello\/va\/el-pspv-denuncia-la-deixadesa-absoluta-de-begona-carrasco-davant-la-presencia-de-rates-en-el-col%c2%b7legi-manel-garcia-grau-que-coneix-des-de-febrer\/#primaryimage"},"thumbnailUrl":"https:\/\/agrupacionespsoe.es\/castello\/wp-content\/uploads\/sites\/45\/2026\/04\/20260428-El-PSPV-denuncia-la-dejadez-absoluta-de-Begona-Carrasco-ante-la-presencia-de-ratas-en-el-colegio-Manel-Garcia-Grau-que-conoce-desde-febrero-e1777386187532.jpeg","keywords":["Bego\u00f1a Carrasco","Jos\u00e9 Segura","Todos"],"articleSection":["Esports","Grup Municipal Socialista"],"inLanguage":"es","potentialAction":[{"@type":"CommentAction","name":"Comment","target":["https:\/\/agrupacionespsoe.es\/castello\/va\/el-pspv-denuncia-la-deixadesa-absoluta-de-begona-carrasco-davant-la-presencia-de-rates-en-el-col%c2%b7legi-manel-garcia-grau-que-coneix-des-de-febrer\/#respond"]}]},{"@type":"WebPage","@id":"https:\/\/agrupacionespsoe.es\/castello\/va\/el-pspv-denuncia-la-deixadesa-absoluta-de-begona-carrasco-davant-la-presencia-de-rates-en-el-col%c2%b7legi-manel-garcia-grau-que-coneix-des-de-febrer\/","url":"https:\/\/agrupacionespsoe.es\/castello\/va\/el-pspv-denuncia-la-deixadesa-absoluta-de-begona-carrasco-davant-la-presencia-de-rates-en-el-col%c2%b7legi-manel-garcia-grau-que-coneix-des-de-febrer\/","name":"El PSPV denuncia la \u201cdeixadesa absoluta\u201d de Bego\u00f1a Carrasco davant la pres\u00e8ncia de rates en el col\u00b7legi Manel Garc\u00eda Grau, \u201cque coneix des de febrer\u201d - PSPV-PSOE CASTELL\u00d3","isPartOf":{"@id":"https:\/\/agrupacionespsoe.es\/castello\/#website"},"primaryImageOfPage":{"@id":"https:\/\/agrupacionespsoe.es\/castello\/va\/el-pspv-denuncia-la-deixadesa-absoluta-de-begona-carrasco-davant-la-presencia-de-rates-en-el-col%c2%b7legi-manel-garcia-grau-que-coneix-des-de-febrer\/#primaryimage"},"image":{"@id":"https:\/\/agrupacionespsoe.es\/castello\/va\/el-pspv-denuncia-la-deixadesa-absoluta-de-begona-carrasco-davant-la-presencia-de-rates-en-el-col%c2%b7legi-manel-garcia-grau-que-coneix-des-de-febrer\/#primaryimage"},"thumbnailUrl":"https:\/\/agrupacionespsoe.es\/castello\/wp-content\/uploads\/sites\/45\/2026\/04\/20260428-El-PSPV-denuncia-la-dejadez-absoluta-de-Begona-Carrasco-ante-la-presencia-de-ratas-en-el-colegio-Manel-Garcia-Grau-que-conoce-desde-febrero-e1777386187532.jpeg","datePublished":"2026-04-28T14:25:03+00:00","dateModified":"2026-04-28T14:25:05+00:00","breadcrumb":{"@id":"https:\/\/agrupacionespsoe.es\/castello\/va\/el-pspv-denuncia-la-deixadesa-absoluta-de-begona-carrasco-davant-la-presencia-de-rates-en-el-col%c2%b7legi-manel-garcia-grau-que-coneix-des-de-febrer\/#breadcrumb"},"inLanguage":"es","potentialAction":[{"@type":"ReadAction","target":["https:\/\/agrupacionespsoe.es\/castello\/va\/el-pspv-denuncia-la-deixadesa-absoluta-de-begona-carrasco-davant-la-presencia-de-rates-en-el-col%c2%b7legi-manel-garcia-grau-que-coneix-des-de-febrer\/"]}]},{"@type":"ImageObject","inLanguage":"es","@id":"https:\/\/agrupacionespsoe.es\/castello\/va\/el-pspv-denuncia-la-deixadesa-absoluta-de-begona-carrasco-davant-la-presencia-de-rates-en-el-col%c2%b7legi-manel-garcia-grau-que-coneix-des-de-febrer\/#primaryimage","url":"https:\/\/agrupacionespsoe.es\/castello\/wp-content\/uploads\/sites\/45\/2026\/04\/20260428-El-PSPV-denuncia-la-dejadez-absoluta-de-Begona-Carrasco-ante-la-presencia-de-ratas-en-el-colegio-Manel-Garcia-Grau-que-conoce-desde-febrero-e1777386187532.jpeg","contentUrl":"https:\/\/agrupacionespsoe.es\/castello\/wp-content\/uploads\/sites\/45\/2026\/04\/20260428-El-PSPV-denuncia-la-dejadez-absoluta-de-Begona-Carrasco-ante-la-presencia-de-ratas-en-el-colegio-Manel-Garcia-Grau-que-conoce-desde-febrero-e1777386187532.jpeg","width":1200,"height":900},{"@type":"BreadcrumbList","@id":"https:\/\/agrupacionespsoe.es\/castello\/va\/el-pspv-denuncia-la-deixadesa-absoluta-de-begona-carrasco-davant-la-presencia-de-rates-en-el-col%c2%b7legi-manel-garcia-grau-que-coneix-des-de-febrer\/#breadcrumb","itemListElement":[{"@type":"ListItem","position":1,"name":"Portada","item":"https:\/\/agrupacionespsoe.es\/castello\/"},{"@type":"ListItem","position":2,"name":"El PSPV denuncia la \u201cdeixadesa absoluta\u201d de Bego\u00f1a Carrasco davant la pres\u00e8ncia de rates en el col\u00b7legi Manel Garc\u00eda Grau, \u201cque coneix des de febrer\u201d"}]},{"@type":"WebSite","@id":"https:\/\/agrupacionespsoe.es\/castello\/#website","url":"https:\/\/agrupacionespsoe.es\/castello\/","name":"PSPV-PSOE CASTELL\u00d3","description":"PSPV-PSOE | Agrupaci\u00f3 de Castell\u00f3","publisher":{"@id":"https:\/\/agrupacionespsoe.es\/castello\/#organization"},"potentialAction":[{"@type":"SearchAction","target":{"@type":"EntryPoint","urlTemplate":"https:\/\/agrupacionespsoe.es\/castello\/?s={search_term_string}"},"query-input":{"@type":"PropertyValueSpecification","valueRequired":true,"valueName":"search_term_string"}}],"inLanguage":"es"},{"@type":"Organization","@id":"https:\/\/agrupacionespsoe.es\/castello\/#organization","name":"PSPV-PSOE Castell\u00f3","url":"https:\/\/agrupacionespsoe.es\/castello\/","logo":{"@type":"ImageObject","inLanguage":"es","@id":"https:\/\/agrupacionespsoe.es\/castello\/#\/schema\/logo\/image\/","url":"https:\/\/agrupacionespsoe.es\/castello\/wp-content\/uploads\/sites\/45\/2023\/04\/PORTADA-PSOE-CASTELLO.jpg","contentUrl":"https:\/\/agrupacionespsoe.es\/castello\/wp-content\/uploads\/sites\/45\/2023\/04\/PORTADA-PSOE-CASTELLO.jpg","width":2500,"height":2500,"caption":"PSPV-PSOE Castell\u00f3"},"image":{"@id":"https:\/\/agrupacionespsoe.es\/castello\/#\/schema\/logo\/image\/"},"sameAs":["https:\/\/www.facebook.com\/pspv.castellodelaplana","https:\/\/x.com\/pspv_cs","https:\/\/www.instagram.com\/pspvpsoecastello\/"]},{"@type":"Person","@id":"https:\/\/agrupacionespsoe.es\/castello\/#\/schema\/person\/f3bc5b2f9dc6a399e9e98596ae24a20a","name":"castello1","image":{"@type":"ImageObject","inLanguage":"es","@id":"https:\/\/agrupacionespsoe.es\/castello\/#\/schema\/person\/image\/","url":"https:\/\/secure.gravatar.com\/avatar\/5f1da428d6479d1127419c0b58796865?s=96&d=mm&r=g","contentUrl":"https:\/\/secure.gravatar.com\/avatar\/5f1da428d6479d1127419c0b58796865?s=96&d=mm&r=g","caption":"castello1"},"url":"https:\/\/agrupacionespsoe.es\/castello\/author\/castello1\/"}]}},"jetpack_publicize_connections":[],"jetpack_featured_media_url":"https:\/\/agrupacionespsoe.es\/castello\/wp-content\/uploads\/sites\/45\/2026\/04\/20260428-El-PSPV-denuncia-la-dejadez-absoluta-de-Begona-Carrasco-ante-la-presencia-de-ratas-en-el-colegio-Manel-Garcia-Grau-que-conoce-desde-febrero-e1777386187532.jpeg","jetpack_sharing_enabled":true,"_links":{"self":[{"href":"https:\/\/agrupacionespsoe.es\/castello\/wp-json\/wp\/v2\/posts\/11001","targetHints":{"allow":["GET"]}}],"collection":[{"href":"https:\/\/agrupacionespsoe.es\/castello\/wp-json\/wp\/v2\/posts"}],"about":[{"href":"https:\/\/agrupacionespsoe.es\/castello\/wp-json\/wp\/v2\/types\/post"}],"author":[{"embeddable":true,"href":"https:\/\/agrupacionespsoe.es\/castello\/wp-json\/wp\/v2\/users\/48"}],"replies":[{"embeddable":true,"href":"https:\/\/agrupacionespsoe.es\/castello\/wp-json\/wp\/v2\/comments?post=11001"}],"version-history":[{"count":2,"href":"https:\/\/agrupacionespsoe.es\/castello\/wp-json\/wp\/v2\/posts\/11001\/revisions"}],"predecessor-version":[{"id":11003,"href":"https:\/\/agrupacionespsoe.es\/castello\/wp-json\/wp\/v2\/posts\/11001\/revisions\/11003"}],"wp:featuredmedia":[{"embeddable":true,"href":"https:\/\/agrupacionespsoe.es\/castello\/wp-json\/wp\/v2\/media\/10997"}],"wp:attachment":[{"href":"https:\/\/agrupacionespsoe.es\/castello\/wp-json\/wp\/v2\/media?parent=11001"}],"wp:term":[{"taxonomy":"category","embeddable":true,"href":"https:\/\/agrupacionespsoe.es\/castello\/wp-json\/wp\/v2\/categories?post=11001"},{"taxonomy":"post_tag","embeddable":true,"href":"https:\/\/agrupacionespsoe.es\/castello\/wp-json\/wp\/v2\/tags?post=11001"}],"curies":[{"name":"wp","href":"https:\/\/api.w.org\/{rel}","templated":true}]}}