{"id":10996,"date":"2026-04-28T16:21:29","date_gmt":"2026-04-28T14:21:29","guid":{"rendered":"https:\/\/agrupacionespsoe.es\/castello\/?p=10996"},"modified":"2026-04-28T16:23:39","modified_gmt":"2026-04-28T14:23:39","slug":"el-pspv-denuncia-la-dejadez-absoluta-de-begona-carrasco-ante-la-presencia-de-ratas-en-el-colegio-manel-garcia-grau-que-conoce-desde-febrero","status":"publish","type":"post","link":"https:\/\/agrupacionespsoe.es\/castello\/el-pspv-denuncia-la-dejadez-absoluta-de-begona-carrasco-ante-la-presencia-de-ratas-en-el-colegio-manel-garcia-grau-que-conoce-desde-febrero\/","title":{"rendered":"El PSPV denuncia la \u201cdejadez absoluta\u201d de Bego\u00f1a Carrasco\u00a0ante la\u00a0presencia de ratas en el\u00a0colegio\u00a0Manel Garc\u00eda Grau,\u00a0\u201cque conoce desde febrero\u201d"},"content":{"rendered":"\n<ul class=\"wp-block-list\">\n<li><em>El edil socialista Jos\u00e9 Segura se\u00f1ala que,\u00a0\u201cmientras las familias denuncian problemas graves en los colegios, la alcaldesa parece m\u00e1s preocupada por su agenda de imagen que por la gesti\u00f3n real de la ciudad\u201d<\/em><\/li>\n<\/ul>\n\n\n\n<p>El Grupo Municipal Socialista del Ayuntamiento de Castell\u00f3n ha denunciado hoy la \u201cinacci\u00f3n y falta de responsabilidad\u201d del equipo de gobierno municipal que preside <a href=\"https:\/\/agrupacionespsoe.es\/castello\/tag\/begona-carrasco\/\">Bego\u00f1a Carrasco<\/a> ante la presencia de ratas en el aulario de Infantil del colegio Manel Garc\u00eda Grau, una situaci\u00f3n que, seg\u00fan ha se\u00f1alado, \u201cse conoce desde el mes de febrero sin que se haya dado una soluci\u00f3n efectiva\u201d.<\/p>\n\n\n\n<p><a href=\"https:\/\/agrupacionespsoe.es\/castello\/tag\/jose-segura\/\">Jos\u00e9 Segura<\/a>, concejal del PSPV, ha explicado que este problema, que afecta directamente a la salud y seguridad del alumnado m\u00e1s peque\u00f1o, \u201cevidencia el abandono de los centros educativos p\u00fablicos de Castell\u00f3\u201d, incumpliendo as\u00ed los compromisos adquiridos por la alcaldesa, Bego\u00f1a Carrasco, quien situ\u00f3 la educaci\u00f3n y el mantenimiento de los colegios de la ciudad como una de sus prioridades en un programa electoral que, una vez m\u00e1s, no cumple\u201d.<\/p>\n\n\n\n<p>\u201cEl pasado lunes preguntamos por esta situaci\u00f3n en las comisiones informativas del ayuntamiento, pero la realidad es que han pasado meses sin que se act\u00fae de manera eficaz\u201d, ha se\u00f1alado el edil socialista. \u201cNos parece l\u00f3gico que se diga ahora que no se puede utilizar raticida al estar en plena actividad escolar, pero la realidad es que el gobierno municipal tuvo su oportunidad durante las fiestas de la Magdalena y en la reciente Semana Santa, periodos sin actividad lectiva en los que se podr\u00eda haber actuado sin riesgo alguno\u201d, ha a\u00f1adido.<\/p>\n\n\n\n<p>Para el edil socialista, \u201cel problema no es la dificultad t\u00e9cnica sino una falta de gesti\u00f3n y previsi\u00f3n inaceptables, que solo refleja la dejadez absoluta del gobierno de Carrasco\u201d. Segura ha concluido se\u00f1alando que \u201cmientras las familias denuncian problemas graves en los colegios, la alcaldesa parece m\u00e1s preocupada por su agenda de imagen que por la gesti\u00f3n real de la ciudad y, en este caso, por la salud del alumnado del colegio Manel Garcia Grau\u201d.<\/p>\n","protected":false},"excerpt":{"rendered":"<p>El Grupo Municipal Socialista del Ayuntamiento de Castell\u00f3n ha denunciado hoy la \u201cinacci\u00f3n y falta de responsabilidad\u201d del equipo de gobierno municipal que preside Bego\u00f1a Carrasco ante la presencia de ratas en el aulario de Infantil del colegio Manel Garc\u00eda Grau, una situaci\u00f3n que, seg\u00fan ha se\u00f1alado, \u201cse conoce desde el mes de febrero sin &#8230;<\/p>\n","protected":false},"author":48,"featured_media":10997,"comment_status":"open","ping_status":"open","sticky":false,"template":"","format":"standard","meta":{"_jetpack_memberships_contains_paid_content":false,"footnotes":"","jetpack_publicize_message":"","jetpack_publicize_feature_enabled":true,"jetpack_social_post_already_shared":true,"jetpack_social_options":{"image_generator_settings":{"template":"highway","default_image_id":0,"font":"","enabled":false},"version":2}},"categories":[1267,33],"tags":[733,111,448],"class_list":["post-10996","post","type-post","status-publish","format-standard","has-post-thumbnail","hentry","category-deportes","category-gms","tag-begona-carrasco","tag-jose-segura","tag-todos-es"],"yoast_head":"<!-- This site is optimized with the Yoast SEO plugin v24.0 - https:\/\/yoast.com\/wordpress\/plugins\/seo\/ -->\n<title>El PSPV denuncia la \u201cdejadez absoluta\u201d de Bego\u00f1a Carrasco\u00a0ante la\u00a0presencia de ratas en el\u00a0colegio\u00a0Manel Garc\u00eda Grau,\u00a0\u201cque conoce desde febrero\u201d - PSPV-PSOE CASTELL\u00d3<\/title>\n<meta name=\"robots\" content=\"index, follow, max-snippet:-1, max-image-preview:large, max-video-preview:-1\" \/>\n<link rel=\"canonical\" href=\"https:\/\/agrupacionespsoe.es\/castello\/el-pspv-denuncia-la-dejadez-absoluta-de-begona-carrasco-ante-la-presencia-de-ratas-en-el-colegio-manel-garcia-grau-que-conoce-desde-febrero\/\" \/>\n<meta property=\"og:locale\" content=\"es_ES\" \/>\n<meta property=\"og:type\" content=\"article\" \/>\n<meta property=\"og:title\" content=\"El PSPV denuncia la \u201cdejadez absoluta\u201d de Bego\u00f1a Carrasco\u00a0ante la\u00a0presencia de ratas en el\u00a0colegio\u00a0Manel Garc\u00eda Grau,\u00a0\u201cque conoce desde febrero\u201d - PSPV-PSOE CASTELL\u00d3\" \/>\n<meta property=\"og:description\" content=\"El Grupo Municipal Socialista del Ayuntamiento de Castell\u00f3n ha denunciado hoy la \u201cinacci\u00f3n y falta de responsabilidad\u201d del equipo de gobierno municipal que preside Bego\u00f1a Carrasco ante la presencia de ratas en el aulario de Infantil del colegio Manel Garc\u00eda Grau, una situaci\u00f3n que, seg\u00fan ha se\u00f1alado, \u201cse conoce desde el mes de febrero sin ...\" \/>\n<meta property=\"og:url\" content=\"https:\/\/agrupacionespsoe.es\/castello\/el-pspv-denuncia-la-dejadez-absoluta-de-begona-carrasco-ante-la-presencia-de-ratas-en-el-colegio-manel-garcia-grau-que-conoce-desde-febrero\/\" \/>\n<meta property=\"og:site_name\" content=\"PSPV-PSOE CASTELL\u00d3\" \/>\n<meta property=\"article:publisher\" content=\"https:\/\/www.facebook.com\/pspv.castellodelaplana\" \/>\n<meta property=\"article:published_time\" content=\"2026-04-28T14:21:29+00:00\" \/>\n<meta property=\"article:modified_time\" content=\"2026-04-28T14:23:39+00:00\" \/>\n<meta property=\"og:image\" content=\"https:\/\/agrupacionespsoe.es\/castello\/wp-content\/uploads\/sites\/45\/2026\/04\/20260428-El-PSPV-denuncia-la-dejadez-absoluta-de-Begona-Carrasco-ante-la-presencia-de-ratas-en-el-colegio-Manel-Garcia-Grau-que-conoce-desde-febrero-e1777386187532.jpeg\" \/>\n\t<meta property=\"og:image:width\" content=\"1200\" \/>\n\t<meta property=\"og:image:height\" content=\"900\" \/>\n\t<meta property=\"og:image:type\" content=\"image\/jpeg\" \/>\n<meta name=\"author\" content=\"castello1\" \/>\n<meta name=\"twitter:card\" content=\"summary_large_image\" \/>\n<meta name=\"twitter:creator\" content=\"@pspv_cs\" \/>\n<meta name=\"twitter:site\" content=\"@pspv_cs\" \/>\n<meta name=\"twitter:label1\" content=\"Escrito por\" \/>\n\t<meta name=\"twitter:data1\" content=\"castello1\" \/>\n\t<meta name=\"twitter:label2\" content=\"Tiempo de lectura\" \/>\n\t<meta name=\"twitter:data2\" content=\"2 minutos\" \/>\n<script type=\"application\/ld+json\" class=\"yoast-schema-graph\">{\"@context\":\"https:\/\/schema.org\",\"@graph\":[{\"@type\":\"Article\",\"@id\":\"https:\/\/agrupacionespsoe.es\/castello\/el-pspv-denuncia-la-dejadez-absoluta-de-begona-carrasco-ante-la-presencia-de-ratas-en-el-colegio-manel-garcia-grau-que-conoce-desde-febrero\/#article\",\"isPartOf\":{\"@id\":\"https:\/\/agrupacionespsoe.es\/castello\/el-pspv-denuncia-la-dejadez-absoluta-de-begona-carrasco-ante-la-presencia-de-ratas-en-el-colegio-manel-garcia-grau-que-conoce-desde-febrero\/\"},\"author\":{\"name\":\"castello1\",\"@id\":\"https:\/\/agrupacionespsoe.es\/castello\/#\/schema\/person\/f3bc5b2f9dc6a399e9e98596ae24a20a\"},\"headline\":\"El PSPV denuncia la \u201cdejadez absoluta\u201d de Bego\u00f1a Carrasco\u00a0ante la\u00a0presencia de ratas en el\u00a0colegio\u00a0Manel Garc\u00eda Grau,\u00a0\u201cque conoce desde febrero\u201d\",\"datePublished\":\"2026-04-28T14:21:29+00:00\",\"dateModified\":\"2026-04-28T14:23:39+00:00\",\"mainEntityOfPage\":{\"@id\":\"https:\/\/agrupacionespsoe.es\/castello\/el-pspv-denuncia-la-dejadez-absoluta-de-begona-carrasco-ante-la-presencia-de-ratas-en-el-colegio-manel-garcia-grau-que-conoce-desde-febrero\/\"},\"wordCount\":387,\"commentCount\":0,\"publisher\":{\"@id\":\"https:\/\/agrupacionespsoe.es\/castello\/#organization\"},\"image\":{\"@id\":\"https:\/\/agrupacionespsoe.es\/castello\/el-pspv-denuncia-la-dejadez-absoluta-de-begona-carrasco-ante-la-presencia-de-ratas-en-el-colegio-manel-garcia-grau-que-conoce-desde-febrero\/#primaryimage\"},\"thumbnailUrl\":\"https:\/\/agrupacionespsoe.es\/castello\/wp-content\/uploads\/sites\/45\/2026\/04\/20260428-El-PSPV-denuncia-la-dejadez-absoluta-de-Begona-Carrasco-ante-la-presencia-de-ratas-en-el-colegio-Manel-Garcia-Grau-que-conoce-desde-febrero-e1777386187532.jpeg\",\"keywords\":[\"Bego\u00f1a Carrasco\",\"Jos\u00e9 Segura\",\"Todos\"],\"articleSection\":[\"Deportes\",\"Grupo Municipal Socialista\"],\"inLanguage\":\"es\",\"potentialAction\":[{\"@type\":\"CommentAction\",\"name\":\"Comment\",\"target\":[\"https:\/\/agrupacionespsoe.es\/castello\/el-pspv-denuncia-la-dejadez-absoluta-de-begona-carrasco-ante-la-presencia-de-ratas-en-el-colegio-manel-garcia-grau-que-conoce-desde-febrero\/#respond\"]}]},{\"@type\":\"WebPage\",\"@id\":\"https:\/\/agrupacionespsoe.es\/castello\/el-pspv-denuncia-la-dejadez-absoluta-de-begona-carrasco-ante-la-presencia-de-ratas-en-el-colegio-manel-garcia-grau-que-conoce-desde-febrero\/\",\"url\":\"https:\/\/agrupacionespsoe.es\/castello\/el-pspv-denuncia-la-dejadez-absoluta-de-begona-carrasco-ante-la-presencia-de-ratas-en-el-colegio-manel-garcia-grau-que-conoce-desde-febrero\/\",\"name\":\"El PSPV denuncia la \u201cdejadez absoluta\u201d de Bego\u00f1a Carrasco\u00a0ante la\u00a0presencia de ratas en el\u00a0colegio\u00a0Manel Garc\u00eda Grau,\u00a0\u201cque conoce desde febrero\u201d - PSPV-PSOE CASTELL\u00d3\",\"isPartOf\":{\"@id\":\"https:\/\/agrupacionespsoe.es\/castello\/#website\"},\"primaryImageOfPage\":{\"@id\":\"https:\/\/agrupacionespsoe.es\/castello\/el-pspv-denuncia-la-dejadez-absoluta-de-begona-carrasco-ante-la-presencia-de-ratas-en-el-colegio-manel-garcia-grau-que-conoce-desde-febrero\/#primaryimage\"},\"image\":{\"@id\":\"https:\/\/agrupacionespsoe.es\/castello\/el-pspv-denuncia-la-dejadez-absoluta-de-begona-carrasco-ante-la-presencia-de-ratas-en-el-colegio-manel-garcia-grau-que-conoce-desde-febrero\/#primaryimage\"},\"thumbnailUrl\":\"https:\/\/agrupacionespsoe.es\/castello\/wp-content\/uploads\/sites\/45\/2026\/04\/20260428-El-PSPV-denuncia-la-dejadez-absoluta-de-Begona-Carrasco-ante-la-presencia-de-ratas-en-el-colegio-Manel-Garcia-Grau-que-conoce-desde-febrero-e1777386187532.jpeg\",\"datePublished\":\"2026-04-28T14:21:29+00:00\",\"dateModified\":\"2026-04-28T14:23:39+00:00\",\"breadcrumb\":{\"@id\":\"https:\/\/agrupacionespsoe.es\/castello\/el-pspv-denuncia-la-dejadez-absoluta-de-begona-carrasco-ante-la-presencia-de-ratas-en-el-colegio-manel-garcia-grau-que-conoce-desde-febrero\/#breadcrumb\"},\"inLanguage\":\"es\",\"potentialAction\":[{\"@type\":\"ReadAction\",\"target\":[\"https:\/\/agrupacionespsoe.es\/castello\/el-pspv-denuncia-la-dejadez-absoluta-de-begona-carrasco-ante-la-presencia-de-ratas-en-el-colegio-manel-garcia-grau-que-conoce-desde-febrero\/\"]}]},{\"@type\":\"ImageObject\",\"inLanguage\":\"es\",\"@id\":\"https:\/\/agrupacionespsoe.es\/castello\/el-pspv-denuncia-la-dejadez-absoluta-de-begona-carrasco-ante-la-presencia-de-ratas-en-el-colegio-manel-garcia-grau-que-conoce-desde-febrero\/#primaryimage\",\"url\":\"https:\/\/agrupacionespsoe.es\/castello\/wp-content\/uploads\/sites\/45\/2026\/04\/20260428-El-PSPV-denuncia-la-dejadez-absoluta-de-Begona-Carrasco-ante-la-presencia-de-ratas-en-el-colegio-Manel-Garcia-Grau-que-conoce-desde-febrero-e1777386187532.jpeg\",\"contentUrl\":\"https:\/\/agrupacionespsoe.es\/castello\/wp-content\/uploads\/sites\/45\/2026\/04\/20260428-El-PSPV-denuncia-la-dejadez-absoluta-de-Begona-Carrasco-ante-la-presencia-de-ratas-en-el-colegio-Manel-Garcia-Grau-que-conoce-desde-febrero-e1777386187532.jpeg\",\"width\":1200,\"height\":900},{\"@type\":\"BreadcrumbList\",\"@id\":\"https:\/\/agrupacionespsoe.es\/castello\/el-pspv-denuncia-la-dejadez-absoluta-de-begona-carrasco-ante-la-presencia-de-ratas-en-el-colegio-manel-garcia-grau-que-conoce-desde-febrero\/#breadcrumb\",\"itemListElement\":[{\"@type\":\"ListItem\",\"position\":1,\"name\":\"Portada\",\"item\":\"https:\/\/agrupacionespsoe.es\/castello\/\"},{\"@type\":\"ListItem\",\"position\":2,\"name\":\"El PSPV denuncia la \u201cdejadez absoluta\u201d de Bego\u00f1a Carrasco\u00a0ante la\u00a0presencia de ratas en el\u00a0colegio\u00a0Manel Garc\u00eda Grau,\u00a0\u201cque conoce desde febrero\u201d\"}]},{\"@type\":\"WebSite\",\"@id\":\"https:\/\/agrupacionespsoe.es\/castello\/#website\",\"url\":\"https:\/\/agrupacionespsoe.es\/castello\/\",\"name\":\"PSPV-PSOE CASTELL\u00d3\",\"description\":\"PSPV-PSOE | Agrupaci\u00f3 de Castell\u00f3\",\"publisher\":{\"@id\":\"https:\/\/agrupacionespsoe.es\/castello\/#organization\"},\"potentialAction\":[{\"@type\":\"SearchAction\",\"target\":{\"@type\":\"EntryPoint\",\"urlTemplate\":\"https:\/\/agrupacionespsoe.es\/castello\/?s={search_term_string}\"},\"query-input\":{\"@type\":\"PropertyValueSpecification\",\"valueRequired\":true,\"valueName\":\"search_term_string\"}}],\"inLanguage\":\"es\"},{\"@type\":\"Organization\",\"@id\":\"https:\/\/agrupacionespsoe.es\/castello\/#organization\",\"name\":\"PSPV-PSOE Castell\u00f3\",\"url\":\"https:\/\/agrupacionespsoe.es\/castello\/\",\"logo\":{\"@type\":\"ImageObject\",\"inLanguage\":\"es\",\"@id\":\"https:\/\/agrupacionespsoe.es\/castello\/#\/schema\/logo\/image\/\",\"url\":\"https:\/\/agrupacionespsoe.es\/castello\/wp-content\/uploads\/sites\/45\/2023\/04\/PORTADA-PSOE-CASTELLO.jpg\",\"contentUrl\":\"https:\/\/agrupacionespsoe.es\/castello\/wp-content\/uploads\/sites\/45\/2023\/04\/PORTADA-PSOE-CASTELLO.jpg\",\"width\":2500,\"height\":2500,\"caption\":\"PSPV-PSOE Castell\u00f3\"},\"image\":{\"@id\":\"https:\/\/agrupacionespsoe.es\/castello\/#\/schema\/logo\/image\/\"},\"sameAs\":[\"https:\/\/www.facebook.com\/pspv.castellodelaplana\",\"https:\/\/x.com\/pspv_cs\",\"https:\/\/www.instagram.com\/pspvpsoecastello\/\"]},{\"@type\":\"Person\",\"@id\":\"https:\/\/agrupacionespsoe.es\/castello\/#\/schema\/person\/f3bc5b2f9dc6a399e9e98596ae24a20a\",\"name\":\"castello1\",\"image\":{\"@type\":\"ImageObject\",\"inLanguage\":\"es\",\"@id\":\"https:\/\/agrupacionespsoe.es\/castello\/#\/schema\/person\/image\/\",\"url\":\"https:\/\/secure.gravatar.com\/avatar\/5f1da428d6479d1127419c0b58796865?s=96&d=mm&r=g\",\"contentUrl\":\"https:\/\/secure.gravatar.com\/avatar\/5f1da428d6479d1127419c0b58796865?s=96&d=mm&r=g\",\"caption\":\"castello1\"},\"url\":\"https:\/\/agrupacionespsoe.es\/castello\/author\/castello1\/\"}]}<\/script>\n<!-- \/ Yoast SEO plugin. -->","yoast_head_json":{"title":"El PSPV denuncia la \u201cdejadez absoluta\u201d de Bego\u00f1a Carrasco\u00a0ante la\u00a0presencia de ratas en el\u00a0colegio\u00a0Manel Garc\u00eda Grau,\u00a0\u201cque conoce desde febrero\u201d - PSPV-PSOE CASTELL\u00d3","robots":{"index":"index","follow":"follow","max-snippet":"max-snippet:-1","max-image-preview":"max-image-preview:large","max-video-preview":"max-video-preview:-1"},"canonical":"https:\/\/agrupacionespsoe.es\/castello\/el-pspv-denuncia-la-dejadez-absoluta-de-begona-carrasco-ante-la-presencia-de-ratas-en-el-colegio-manel-garcia-grau-que-conoce-desde-febrero\/","og_locale":"es_ES","og_type":"article","og_title":"El PSPV denuncia la \u201cdejadez absoluta\u201d de Bego\u00f1a Carrasco\u00a0ante la\u00a0presencia de ratas en el\u00a0colegio\u00a0Manel Garc\u00eda Grau,\u00a0\u201cque conoce desde febrero\u201d - PSPV-PSOE CASTELL\u00d3","og_description":"El Grupo Municipal Socialista del Ayuntamiento de Castell\u00f3n ha denunciado hoy la \u201cinacci\u00f3n y falta de responsabilidad\u201d del equipo de gobierno municipal que preside Bego\u00f1a Carrasco ante la presencia de ratas en el aulario de Infantil del colegio Manel Garc\u00eda Grau, una situaci\u00f3n que, seg\u00fan ha se\u00f1alado, \u201cse conoce desde el mes de febrero sin ...","og_url":"https:\/\/agrupacionespsoe.es\/castello\/el-pspv-denuncia-la-dejadez-absoluta-de-begona-carrasco-ante-la-presencia-de-ratas-en-el-colegio-manel-garcia-grau-que-conoce-desde-febrero\/","og_site_name":"PSPV-PSOE CASTELL\u00d3","article_publisher":"https:\/\/www.facebook.com\/pspv.castellodelaplana","article_published_time":"2026-04-28T14:21:29+00:00","article_modified_time":"2026-04-28T14:23:39+00:00","og_image":[{"width":1200,"height":900,"url":"https:\/\/agrupacionespsoe.es\/castello\/wp-content\/uploads\/sites\/45\/2026\/04\/20260428-El-PSPV-denuncia-la-dejadez-absoluta-de-Begona-Carrasco-ante-la-presencia-de-ratas-en-el-colegio-Manel-Garcia-Grau-que-conoce-desde-febrero-e1777386187532.jpeg","type":"image\/jpeg"}],"author":"castello1","twitter_card":"summary_large_image","twitter_creator":"@pspv_cs","twitter_site":"@pspv_cs","twitter_misc":{"Escrito por":"castello1","Tiempo de lectura":"2 minutos"},"schema":{"@context":"https:\/\/schema.org","@graph":[{"@type":"Article","@id":"https:\/\/agrupacionespsoe.es\/castello\/el-pspv-denuncia-la-dejadez-absoluta-de-begona-carrasco-ante-la-presencia-de-ratas-en-el-colegio-manel-garcia-grau-que-conoce-desde-febrero\/#article","isPartOf":{"@id":"https:\/\/agrupacionespsoe.es\/castello\/el-pspv-denuncia-la-dejadez-absoluta-de-begona-carrasco-ante-la-presencia-de-ratas-en-el-colegio-manel-garcia-grau-que-conoce-desde-febrero\/"},"author":{"name":"castello1","@id":"https:\/\/agrupacionespsoe.es\/castello\/#\/schema\/person\/f3bc5b2f9dc6a399e9e98596ae24a20a"},"headline":"El PSPV denuncia la \u201cdejadez absoluta\u201d de Bego\u00f1a Carrasco\u00a0ante la\u00a0presencia de ratas en el\u00a0colegio\u00a0Manel Garc\u00eda Grau,\u00a0\u201cque conoce desde febrero\u201d","datePublished":"2026-04-28T14:21:29+00:00","dateModified":"2026-04-28T14:23:39+00:00","mainEntityOfPage":{"@id":"https:\/\/agrupacionespsoe.es\/castello\/el-pspv-denuncia-la-dejadez-absoluta-de-begona-carrasco-ante-la-presencia-de-ratas-en-el-colegio-manel-garcia-grau-que-conoce-desde-febrero\/"},"wordCount":387,"commentCount":0,"publisher":{"@id":"https:\/\/agrupacionespsoe.es\/castello\/#organization"},"image":{"@id":"https:\/\/agrupacionespsoe.es\/castello\/el-pspv-denuncia-la-dejadez-absoluta-de-begona-carrasco-ante-la-presencia-de-ratas-en-el-colegio-manel-garcia-grau-que-conoce-desde-febrero\/#primaryimage"},"thumbnailUrl":"https:\/\/agrupacionespsoe.es\/castello\/wp-content\/uploads\/sites\/45\/2026\/04\/20260428-El-PSPV-denuncia-la-dejadez-absoluta-de-Begona-Carrasco-ante-la-presencia-de-ratas-en-el-colegio-Manel-Garcia-Grau-que-conoce-desde-febrero-e1777386187532.jpeg","keywords":["Bego\u00f1a Carrasco","Jos\u00e9 Segura","Todos"],"articleSection":["Deportes","Grupo Municipal Socialista"],"inLanguage":"es","potentialAction":[{"@type":"CommentAction","name":"Comment","target":["https:\/\/agrupacionespsoe.es\/castello\/el-pspv-denuncia-la-dejadez-absoluta-de-begona-carrasco-ante-la-presencia-de-ratas-en-el-colegio-manel-garcia-grau-que-conoce-desde-febrero\/#respond"]}]},{"@type":"WebPage","@id":"https:\/\/agrupacionespsoe.es\/castello\/el-pspv-denuncia-la-dejadez-absoluta-de-begona-carrasco-ante-la-presencia-de-ratas-en-el-colegio-manel-garcia-grau-que-conoce-desde-febrero\/","url":"https:\/\/agrupacionespsoe.es\/castello\/el-pspv-denuncia-la-dejadez-absoluta-de-begona-carrasco-ante-la-presencia-de-ratas-en-el-colegio-manel-garcia-grau-que-conoce-desde-febrero\/","name":"El PSPV denuncia la \u201cdejadez absoluta\u201d de Bego\u00f1a Carrasco\u00a0ante la\u00a0presencia de ratas en el\u00a0colegio\u00a0Manel Garc\u00eda Grau,\u00a0\u201cque conoce desde febrero\u201d - PSPV-PSOE CASTELL\u00d3","isPartOf":{"@id":"https:\/\/agrupacionespsoe.es\/castello\/#website"},"primaryImageOfPage":{"@id":"https:\/\/agrupacionespsoe.es\/castello\/el-pspv-denuncia-la-dejadez-absoluta-de-begona-carrasco-ante-la-presencia-de-ratas-en-el-colegio-manel-garcia-grau-que-conoce-desde-febrero\/#primaryimage"},"image":{"@id":"https:\/\/agrupacionespsoe.es\/castello\/el-pspv-denuncia-la-dejadez-absoluta-de-begona-carrasco-ante-la-presencia-de-ratas-en-el-colegio-manel-garcia-grau-que-conoce-desde-febrero\/#primaryimage"},"thumbnailUrl":"https:\/\/agrupacionespsoe.es\/castello\/wp-content\/uploads\/sites\/45\/2026\/04\/20260428-El-PSPV-denuncia-la-dejadez-absoluta-de-Begona-Carrasco-ante-la-presencia-de-ratas-en-el-colegio-Manel-Garcia-Grau-que-conoce-desde-febrero-e1777386187532.jpeg","datePublished":"2026-04-28T14:21:29+00:00","dateModified":"2026-04-28T14:23:39+00:00","breadcrumb":{"@id":"https:\/\/agrupacionespsoe.es\/castello\/el-pspv-denuncia-la-dejadez-absoluta-de-begona-carrasco-ante-la-presencia-de-ratas-en-el-colegio-manel-garcia-grau-que-conoce-desde-febrero\/#breadcrumb"},"inLanguage":"es","potentialAction":[{"@type":"ReadAction","target":["https:\/\/agrupacionespsoe.es\/castello\/el-pspv-denuncia-la-dejadez-absoluta-de-begona-carrasco-ante-la-presencia-de-ratas-en-el-colegio-manel-garcia-grau-que-conoce-desde-febrero\/"]}]},{"@type":"ImageObject","inLanguage":"es","@id":"https:\/\/agrupacionespsoe.es\/castello\/el-pspv-denuncia-la-dejadez-absoluta-de-begona-carrasco-ante-la-presencia-de-ratas-en-el-colegio-manel-garcia-grau-que-conoce-desde-febrero\/#primaryimage","url":"https:\/\/agrupacionespsoe.es\/castello\/wp-content\/uploads\/sites\/45\/2026\/04\/20260428-El-PSPV-denuncia-la-dejadez-absoluta-de-Begona-Carrasco-ante-la-presencia-de-ratas-en-el-colegio-Manel-Garcia-Grau-que-conoce-desde-febrero-e1777386187532.jpeg","contentUrl":"https:\/\/agrupacionespsoe.es\/castello\/wp-content\/uploads\/sites\/45\/2026\/04\/20260428-El-PSPV-denuncia-la-dejadez-absoluta-de-Begona-Carrasco-ante-la-presencia-de-ratas-en-el-colegio-Manel-Garcia-Grau-que-conoce-desde-febrero-e1777386187532.jpeg","width":1200,"height":900},{"@type":"BreadcrumbList","@id":"https:\/\/agrupacionespsoe.es\/castello\/el-pspv-denuncia-la-dejadez-absoluta-de-begona-carrasco-ante-la-presencia-de-ratas-en-el-colegio-manel-garcia-grau-que-conoce-desde-febrero\/#breadcrumb","itemListElement":[{"@type":"ListItem","position":1,"name":"Portada","item":"https:\/\/agrupacionespsoe.es\/castello\/"},{"@type":"ListItem","position":2,"name":"El PSPV denuncia la \u201cdejadez absoluta\u201d de Bego\u00f1a Carrasco\u00a0ante la\u00a0presencia de ratas en el\u00a0colegio\u00a0Manel Garc\u00eda Grau,\u00a0\u201cque conoce desde febrero\u201d"}]},{"@type":"WebSite","@id":"https:\/\/agrupacionespsoe.es\/castello\/#website","url":"https:\/\/agrupacionespsoe.es\/castello\/","name":"PSPV-PSOE CASTELL\u00d3","description":"PSPV-PSOE | Agrupaci\u00f3 de Castell\u00f3","publisher":{"@id":"https:\/\/agrupacionespsoe.es\/castello\/#organization"},"potentialAction":[{"@type":"SearchAction","target":{"@type":"EntryPoint","urlTemplate":"https:\/\/agrupacionespsoe.es\/castello\/?s={search_term_string}"},"query-input":{"@type":"PropertyValueSpecification","valueRequired":true,"valueName":"search_term_string"}}],"inLanguage":"es"},{"@type":"Organization","@id":"https:\/\/agrupacionespsoe.es\/castello\/#organization","name":"PSPV-PSOE Castell\u00f3","url":"https:\/\/agrupacionespsoe.es\/castello\/","logo":{"@type":"ImageObject","inLanguage":"es","@id":"https:\/\/agrupacionespsoe.es\/castello\/#\/schema\/logo\/image\/","url":"https:\/\/agrupacionespsoe.es\/castello\/wp-content\/uploads\/sites\/45\/2023\/04\/PORTADA-PSOE-CASTELLO.jpg","contentUrl":"https:\/\/agrupacionespsoe.es\/castello\/wp-content\/uploads\/sites\/45\/2023\/04\/PORTADA-PSOE-CASTELLO.jpg","width":2500,"height":2500,"caption":"PSPV-PSOE Castell\u00f3"},"image":{"@id":"https:\/\/agrupacionespsoe.es\/castello\/#\/schema\/logo\/image\/"},"sameAs":["https:\/\/www.facebook.com\/pspv.castellodelaplana","https:\/\/x.com\/pspv_cs","https:\/\/www.instagram.com\/pspvpsoecastello\/"]},{"@type":"Person","@id":"https:\/\/agrupacionespsoe.es\/castello\/#\/schema\/person\/f3bc5b2f9dc6a399e9e98596ae24a20a","name":"castello1","image":{"@type":"ImageObject","inLanguage":"es","@id":"https:\/\/agrupacionespsoe.es\/castello\/#\/schema\/person\/image\/","url":"https:\/\/secure.gravatar.com\/avatar\/5f1da428d6479d1127419c0b58796865?s=96&d=mm&r=g","contentUrl":"https:\/\/secure.gravatar.com\/avatar\/5f1da428d6479d1127419c0b58796865?s=96&d=mm&r=g","caption":"castello1"},"url":"https:\/\/agrupacionespsoe.es\/castello\/author\/castello1\/"}]}},"jetpack_publicize_connections":[],"jetpack_featured_media_url":"https:\/\/agrupacionespsoe.es\/castello\/wp-content\/uploads\/sites\/45\/2026\/04\/20260428-El-PSPV-denuncia-la-dejadez-absoluta-de-Begona-Carrasco-ante-la-presencia-de-ratas-en-el-colegio-Manel-Garcia-Grau-que-conoce-desde-febrero-e1777386187532.jpeg","jetpack_sharing_enabled":true,"_links":{"self":[{"href":"https:\/\/agrupacionespsoe.es\/castello\/wp-json\/wp\/v2\/posts\/10996","targetHints":{"allow":["GET"]}}],"collection":[{"href":"https:\/\/agrupacionespsoe.es\/castello\/wp-json\/wp\/v2\/posts"}],"about":[{"href":"https:\/\/agrupacionespsoe.es\/castello\/wp-json\/wp\/v2\/types\/post"}],"author":[{"embeddable":true,"href":"https:\/\/agrupacionespsoe.es\/castello\/wp-json\/wp\/v2\/users\/48"}],"replies":[{"embeddable":true,"href":"https:\/\/agrupacionespsoe.es\/castello\/wp-json\/wp\/v2\/comments?post=10996"}],"version-history":[{"count":3,"href":"https:\/\/agrupacionespsoe.es\/castello\/wp-json\/wp\/v2\/posts\/10996\/revisions"}],"predecessor-version":[{"id":11000,"href":"https:\/\/agrupacionespsoe.es\/castello\/wp-json\/wp\/v2\/posts\/10996\/revisions\/11000"}],"wp:featuredmedia":[{"embeddable":true,"href":"https:\/\/agrupacionespsoe.es\/castello\/wp-json\/wp\/v2\/media\/10997"}],"wp:attachment":[{"href":"https:\/\/agrupacionespsoe.es\/castello\/wp-json\/wp\/v2\/media?parent=10996"}],"wp:term":[{"taxonomy":"category","embeddable":true,"href":"https:\/\/agrupacionespsoe.es\/castello\/wp-json\/wp\/v2\/categories?post=10996"},{"taxonomy":"post_tag","embeddable":true,"href":"https:\/\/agrupacionespsoe.es\/castello\/wp-json\/wp\/v2\/tags?post=10996"}],"curies":[{"name":"wp","href":"https:\/\/api.w.org\/{rel}","templated":true}]}}