{"id":10993,"date":"2026-04-27T14:03:55","date_gmt":"2026-04-27T12:03:55","guid":{"rendered":"https:\/\/agrupacionespsoe.es\/castello\/?p=10993"},"modified":"2026-04-27T14:04:24","modified_gmt":"2026-04-27T12:04:24","slug":"el-pspv-de-castello-revela-que-carrasco-i-perez-llorca-retardaran-fins-a-2028-linici-dels-conservatoris-de-dansa-i-musica","status":"publish","type":"post","link":"https:\/\/agrupacionespsoe.es\/castello\/va\/el-pspv-de-castello-revela-que-carrasco-i-perez-llorca-retardaran-fins-a-2028-linici-dels-conservatoris-de-dansa-i-musica\/","title":{"rendered":"El PSPV de Castell\u00f3 revela que Carrasco i P\u00e9rez Llorca retardaran fins a 2028 l&#8217;inici dels conservatoris de dansa i m\u00fasica"},"content":{"rendered":"\n<ul class=\"wp-block-list\">\n<li><em>Rafa Sim\u00f3, Jos\u00e9 Luis L\u00f3pez i Jos\u00e9 Luis Lorenz asseguren que el Partit Popular \u201cest\u00e0 sent nociu per a la ciutat perqu\u00e8 tot el que estava encarrilat en 2023 pels governs socialistes est\u00e0 paralitzat amb el silenci c\u00f2mplice de l&#8217;alcaldessa de Castell\u00f3<\/em><\/li>\n<\/ul>\n\n\n\n<figure class=\"wp-block-audio\"><audio controls src=\"https:\/\/agrupacionespsoe.es\/castello\/wp-content\/uploads\/sites\/45\/2026\/04\/20260427-El-PSPV-de-Castello-desvela-que-Carrasco-y-Perez-Llorca-retrasaran-a-2028-el-inicio-de-los-conservatorios-de-danza-y-musica.mp3\" autoplay><\/audio><\/figure>\n\n\n\n<p>La Generalitat Valenciana \u201cha tornat a demostrar el poc que li interessa invertir a Castell\u00f3\u201d en confirmar-se que la construcci\u00f3 dels nous conservatoris de m\u00fasica i dansa projectats en la capital de la Plana no s&#8217;iniciar\u00e0 durant la present legislatura. Els diputats auton\u00f2mics del PSPV per Castell\u00f3 <a href=\"https:\/\/agrupacionespsoe.es\/castello\/va\/tag\/rafa-simo-va\/\">Rafa Sim\u00f3<\/a> i <a href=\"https:\/\/agrupacionespsoe.es\/castello\/va\/tag\/jose-luis-lorenz-va\/\">Jos\u00e9 Luis Lorenz<\/a>, al costat del portaveu adjunt del Grup Municipal Socialista, <a href=\"https:\/\/agrupacionespsoe.es\/castello\/va\/tag\/jose-luis-lopez-va\/\">Jos\u00e9 Luis L\u00f3pez<\/a>, han informat a peu de carrer \u201cd&#8217;una not\u00edcia que \u00e9s nefasta per a la ciutat: que estem davant una legislatura perduda per als conservatoris de Castell\u00f3\u201d.<\/p>\n\n\n\n<p>Els tres representants socialistes han informat la ciutadania de les promeses incomplides per part del PP, \u201cque tenia pressupostats per als conservatoris 2,8 milions d&#8217;euros en tres anys i ha executat zero euros\u201d, assenyala Rafa Sim\u00f3, qui assegura que \u201c\u00e9s la constataci\u00f3 que el Partit Popular est\u00e0 sent nociu per a la ciutat de Castell\u00f3\u201d.<\/p>\n\n\n\n<figure class=\"wp-block-image size-large\"><img loading=\"lazy\" decoding=\"async\" width=\"1024\" height=\"683\" data-attachment-id=\"10990\" data-permalink=\"https:\/\/agrupacionespsoe.es\/castello\/el-pspv-de-castello-desvela-que-carrasco-y-perez-llorca-retrasaran-a-2028-el-inicio-de-los-conservatorios-de-danza-y-musica\/20260427-el-pspv-de-castello-desvela-que-carrasco-y-perez-llorca-retrasaran-a-2028-el-inicio-de-los-conservatorios-de-danza-y-musica-2-2\/\" data-orig-file=\"https:\/\/agrupacionespsoe.es\/castello\/wp-content\/uploads\/sites\/45\/2026\/04\/20260427-El-PSPV-de-Castello-desvela-que-Carrasco-y-Perez-Llorca-retrasaran-a-2028-el-inicio-de-los-conservatorios-de-danza-y-musica-2.jpg\" data-orig-size=\"1620,1080\" data-comments-opened=\"1\" data-image-meta=\"{&quot;aperture&quot;:&quot;4&quot;,&quot;credit&quot;:&quot;CARLOS PASCUAL ALICART&quot;,&quot;camera&quot;:&quot;NIKON Z 6&quot;,&quot;caption&quot;:&quot;&quot;,&quot;created_timestamp&quot;:&quot;1777288522&quot;,&quot;copyright&quot;:&quot;CARLOS PASCUAL ALICART&quot;,&quot;focal_length&quot;:&quot;24&quot;,&quot;iso&quot;:&quot;400&quot;,&quot;shutter_speed&quot;:&quot;0.0025&quot;,&quot;title&quot;:&quot;&quot;,&quot;orientation&quot;:&quot;1&quot;}\" data-image-title=\"20260427 &#8211; El PSPV de Castell\u00f3 desvela que Carrasco y P\u00e9rez Llorca retrasar\u00e1n a 2028 el inicio de los conservatorios de danza y m\u00fasica 2\" data-image-description=\"\" data-image-caption=\"\" data-medium-file=\"https:\/\/agrupacionespsoe.es\/castello\/wp-content\/uploads\/sites\/45\/2026\/04\/20260427-El-PSPV-de-Castello-desvela-que-Carrasco-y-Perez-Llorca-retrasaran-a-2028-el-inicio-de-los-conservatorios-de-danza-y-musica-2-300x200.jpg\" data-large-file=\"https:\/\/agrupacionespsoe.es\/castello\/wp-content\/uploads\/sites\/45\/2026\/04\/20260427-El-PSPV-de-Castello-desvela-que-Carrasco-y-Perez-Llorca-retrasaran-a-2028-el-inicio-de-los-conservatorios-de-danza-y-musica-2-1024x683.jpg\" src=\"https:\/\/agrupacionespsoe.es\/castello\/wp-content\/uploads\/sites\/45\/2026\/04\/20260427-El-PSPV-de-Castello-desvela-que-Carrasco-y-Perez-Llorca-retrasaran-a-2028-el-inicio-de-los-conservatorios-de-danza-y-musica-2-1024x683.jpg\" alt=\"\" class=\"wp-image-10990\" srcset=\"https:\/\/agrupacionespsoe.es\/castello\/wp-content\/uploads\/sites\/45\/2026\/04\/20260427-El-PSPV-de-Castello-desvela-que-Carrasco-y-Perez-Llorca-retrasaran-a-2028-el-inicio-de-los-conservatorios-de-danza-y-musica-2-1024x683.jpg 1024w, https:\/\/agrupacionespsoe.es\/castello\/wp-content\/uploads\/sites\/45\/2026\/04\/20260427-El-PSPV-de-Castello-desvela-que-Carrasco-y-Perez-Llorca-retrasaran-a-2028-el-inicio-de-los-conservatorios-de-danza-y-musica-2-300x200.jpg 300w, https:\/\/agrupacionespsoe.es\/castello\/wp-content\/uploads\/sites\/45\/2026\/04\/20260427-El-PSPV-de-Castello-desvela-que-Carrasco-y-Perez-Llorca-retrasaran-a-2028-el-inicio-de-los-conservatorios-de-danza-y-musica-2-768x512.jpg 768w, https:\/\/agrupacionespsoe.es\/castello\/wp-content\/uploads\/sites\/45\/2026\/04\/20260427-El-PSPV-de-Castello-desvela-que-Carrasco-y-Perez-Llorca-retrasaran-a-2028-el-inicio-de-los-conservatorios-de-danza-y-musica-2-1536x1024.jpg 1536w, https:\/\/agrupacionespsoe.es\/castello\/wp-content\/uploads\/sites\/45\/2026\/04\/20260427-El-PSPV-de-Castello-desvela-que-Carrasco-y-Perez-Llorca-retrasaran-a-2028-el-inicio-de-los-conservatorios-de-danza-y-musica-2.jpg 1620w\" sizes=\"auto, (max-width: 1024px) 100vw, 1024px\" \/><\/figure>\n\n\n\n<p>Aquest \u201caband\u00f3\u201d queda reflectit en les respostes parlament\u00e0ries que ha donat la consellera d&#8217;Educaci\u00f3, <a href=\"https:\/\/agrupacionespsoe.es\/castello\/va\/tag\/maria-del-carmen-orti-va\/\">Mari Carmen Ort\u00ed<\/a>, a les preguntes de Sim\u00f3 i Lorenz en les Corts Valencianes, on han reclamat a la Generalitat que informe d&#8217;aspectes com la situaci\u00f3 en la qual es troba la redacci\u00f3 del projecte arquitect\u00f2nic d&#8217;ambdues conservatoris, el seu projecte b\u00e0sic d&#8217;execuci\u00f3, la seua licitaci\u00f3 o l&#8217;estimaci\u00f3 per a la seua posada en marxa.<\/p>\n\n\n\n<p>La resposta \u201carreplega el que ja ens tem\u00edem: que aquesta legislatura no es far\u00e0 res perqu\u00e8 la conselleria estima que la licitaci\u00f3 de les obres no arribar\u00e0 fins a finals de 2027 o principis de 2028\u201d, assenyala Rafa Sim\u00f3, qui lamenta que \u201cun projecte que estava encarrilat en 2023 es trobe ara en punt mort\u201d.<\/p>\n\n\n\n<figure class=\"wp-block-image size-large\"><img loading=\"lazy\" decoding=\"async\" width=\"1024\" height=\"683\" data-attachment-id=\"10988\" data-permalink=\"https:\/\/agrupacionespsoe.es\/castello\/el-pspv-de-castello-desvela-que-carrasco-y-perez-llorca-retrasaran-a-2028-el-inicio-de-los-conservatorios-de-danza-y-musica\/20260427-el-pspv-de-castello-desvela-que-carrasco-y-perez-llorca-retrasaran-a-2028-el-inicio-de-los-conservatorios-de-danza-y-musica-3\/\" data-orig-file=\"https:\/\/agrupacionespsoe.es\/castello\/wp-content\/uploads\/sites\/45\/2026\/04\/20260427-El-PSPV-de-Castello-desvela-que-Carrasco-y-Perez-Llorca-retrasaran-a-2028-el-inicio-de-los-conservatorios-de-danza-y-musica-3.jpg\" data-orig-size=\"1620,1080\" data-comments-opened=\"1\" data-image-meta=\"{&quot;aperture&quot;:&quot;4&quot;,&quot;credit&quot;:&quot;CARLOS PASCUAL ALICART&quot;,&quot;camera&quot;:&quot;NIKON Z 6&quot;,&quot;caption&quot;:&quot;&quot;,&quot;created_timestamp&quot;:&quot;1777288280&quot;,&quot;copyright&quot;:&quot;CARLOS PASCUAL ALICART&quot;,&quot;focal_length&quot;:&quot;42&quot;,&quot;iso&quot;:&quot;400&quot;,&quot;shutter_speed&quot;:&quot;0.001&quot;,&quot;title&quot;:&quot;&quot;,&quot;orientation&quot;:&quot;1&quot;}\" data-image-title=\"20260427 &#8211; El PSPV de Castell\u00f3 desvela que Carrasco y P\u00e9rez Llorca retrasar\u00e1n a 2028 el inicio de los conservatorios de danza y m\u00fasica 3\" data-image-description=\"\" data-image-caption=\"\" data-medium-file=\"https:\/\/agrupacionespsoe.es\/castello\/wp-content\/uploads\/sites\/45\/2026\/04\/20260427-El-PSPV-de-Castello-desvela-que-Carrasco-y-Perez-Llorca-retrasaran-a-2028-el-inicio-de-los-conservatorios-de-danza-y-musica-3-300x200.jpg\" data-large-file=\"https:\/\/agrupacionespsoe.es\/castello\/wp-content\/uploads\/sites\/45\/2026\/04\/20260427-El-PSPV-de-Castello-desvela-que-Carrasco-y-Perez-Llorca-retrasaran-a-2028-el-inicio-de-los-conservatorios-de-danza-y-musica-3-1024x683.jpg\" src=\"https:\/\/agrupacionespsoe.es\/castello\/wp-content\/uploads\/sites\/45\/2026\/04\/20260427-El-PSPV-de-Castello-desvela-que-Carrasco-y-Perez-Llorca-retrasaran-a-2028-el-inicio-de-los-conservatorios-de-danza-y-musica-3-1024x683.jpg\" alt=\"\" class=\"wp-image-10988\" srcset=\"https:\/\/agrupacionespsoe.es\/castello\/wp-content\/uploads\/sites\/45\/2026\/04\/20260427-El-PSPV-de-Castello-desvela-que-Carrasco-y-Perez-Llorca-retrasaran-a-2028-el-inicio-de-los-conservatorios-de-danza-y-musica-3-1024x683.jpg 1024w, https:\/\/agrupacionespsoe.es\/castello\/wp-content\/uploads\/sites\/45\/2026\/04\/20260427-El-PSPV-de-Castello-desvela-que-Carrasco-y-Perez-Llorca-retrasaran-a-2028-el-inicio-de-los-conservatorios-de-danza-y-musica-3-300x200.jpg 300w, https:\/\/agrupacionespsoe.es\/castello\/wp-content\/uploads\/sites\/45\/2026\/04\/20260427-El-PSPV-de-Castello-desvela-que-Carrasco-y-Perez-Llorca-retrasaran-a-2028-el-inicio-de-los-conservatorios-de-danza-y-musica-3-768x512.jpg 768w, https:\/\/agrupacionespsoe.es\/castello\/wp-content\/uploads\/sites\/45\/2026\/04\/20260427-El-PSPV-de-Castello-desvela-que-Carrasco-y-Perez-Llorca-retrasaran-a-2028-el-inicio-de-los-conservatorios-de-danza-y-musica-3-1536x1024.jpg 1536w, https:\/\/agrupacionespsoe.es\/castello\/wp-content\/uploads\/sites\/45\/2026\/04\/20260427-El-PSPV-de-Castello-desvela-que-Carrasco-y-Perez-Llorca-retrasaran-a-2028-el-inicio-de-los-conservatorios-de-danza-y-musica-3.jpg 1620w\" sizes=\"auto, (max-width: 1024px) 100vw, 1024px\" \/><\/figure>\n\n\n\n<p>En la mateixa l\u00ednia s&#8217;ha expressat Jos\u00e9 Luis Lorenz, qui ha qualificat de \u201cabsoluta barbaritat i un menyspreu a la ciutadania de Castell\u00f3 que el PP vaja a tancar els seus quatre anys de legislatura sense haver posat ni una rajola en uns conservatoris que van heretar de l&#8217;anterior govern progressista liderat pel PSPV\u201d. L\u00f3renz ha afegit que \u201cho tenien tot a la m\u00e0 per a haver actuat, per\u00f2 ja hem vist que entre les prioritats de la Generalitat no est\u00e0 invertir a Castell\u00f3\u201d.<\/p>\n\n\n\n<p>Per part seua, Jos\u00e9 Luis L\u00f3pez, ha criticat el \u201csilenci i la complicitat\u201d de l&#8217;alcaldessa de Castell\u00f3, <a href=\"https:\/\/agrupacionespsoe.es\/castello\/va\/tag\/begona-carrasco-va\/\">Bego\u00f1a Carrasco<\/a>, davant l&#8217;abs\u00e8ncia d&#8217;actuacions per a construir els nous conservatoris. \u201cTenim una alcaldessa callada, que ni exigeix als seus caps de Val\u00e8ncia ni defensa les necessitats de la nostra ciutat\u201d, ha recalcat el portaveu adjunt socialista, qui assenyala que \u201cs\u00f3n \u201cdesenes les persones, estudiants i professionals que esperen unes infraestructures educatives a la nostra ciutat que sempre s\u00f3n relegades pel Partit Popular\u201d.<\/p>\n","protected":false},"excerpt":{"rendered":"<p>La Generalitat Valenciana \u201cha tornat a demostrar el poc que li interessa invertir a Castell\u00f3\u201d en confirmar-se que la construcci\u00f3 dels nous conservatoris de m\u00fasica i dansa projectats en la capital de la Plana no s&#8217;iniciar\u00e0 durant la present legislatura. Els diputats auton\u00f2mics del PSPV per Castell\u00f3 Rafa Sim\u00f3 i Jos\u00e9 Luis Lorenz, al costat &#8230;<\/p>\n","protected":false},"author":48,"featured_media":10989,"comment_status":"open","ping_status":"open","sticky":false,"template":"","format":"standard","meta":{"_jetpack_memberships_contains_paid_content":false,"footnotes":"","jetpack_publicize_message":"","jetpack_publicize_feature_enabled":true,"jetpack_social_post_already_shared":true,"jetpack_social_options":{"image_generator_settings":{"template":"highway","default_image_id":0,"font":"","enabled":false},"version":2}},"categories":[213,22],"tags":[741,87,489,1212,426,446],"class_list":["post-10993","post","type-post","status-publish","format-standard","has-post-thumbnail","hentry","category-corts-valencianes-va","category-gms-va","tag-begona-carrasco-va","tag-jose-luis-lopez-va","tag-jose-luis-lorenz-va","tag-maria-del-carmen-orti-va","tag-rafa-simo-va","tag-todos-va"],"yoast_head":"<!-- This site is optimized with the Yoast SEO plugin v24.0 - https:\/\/yoast.com\/wordpress\/plugins\/seo\/ -->\n<title>El PSPV de Castell\u00f3 revela que Carrasco i P\u00e9rez Llorca retardaran fins a 2028 l&#039;inici dels conservatoris de dansa i m\u00fasica - PSPV-PSOE CASTELL\u00d3<\/title>\n<meta name=\"robots\" content=\"index, follow, max-snippet:-1, max-image-preview:large, max-video-preview:-1\" \/>\n<link rel=\"canonical\" href=\"https:\/\/agrupacionespsoe.es\/castello\/va\/el-pspv-de-castello-revela-que-carrasco-i-perez-llorca-retardaran-fins-a-2028-linici-dels-conservatoris-de-dansa-i-musica\/\" \/>\n<meta property=\"og:locale\" content=\"es_ES\" \/>\n<meta property=\"og:type\" content=\"article\" \/>\n<meta property=\"og:title\" content=\"El PSPV de Castell\u00f3 revela que Carrasco i P\u00e9rez Llorca retardaran fins a 2028 l&#039;inici dels conservatoris de dansa i m\u00fasica - PSPV-PSOE CASTELL\u00d3\" \/>\n<meta property=\"og:description\" content=\"La Generalitat Valenciana \u201cha tornat a demostrar el poc que li interessa invertir a Castell\u00f3\u201d en confirmar-se que la construcci\u00f3 dels nous conservatoris de m\u00fasica i dansa projectats en la capital de la Plana no s&#8217;iniciar\u00e0 durant la present legislatura. Els diputats auton\u00f2mics del PSPV per Castell\u00f3 Rafa Sim\u00f3 i Jos\u00e9 Luis Lorenz, al costat ...\" \/>\n<meta property=\"og:url\" content=\"https:\/\/agrupacionespsoe.es\/castello\/va\/el-pspv-de-castello-revela-que-carrasco-i-perez-llorca-retardaran-fins-a-2028-linici-dels-conservatoris-de-dansa-i-musica\/\" \/>\n<meta property=\"og:site_name\" content=\"PSPV-PSOE CASTELL\u00d3\" \/>\n<meta property=\"article:publisher\" content=\"https:\/\/www.facebook.com\/pspv.castellodelaplana\" \/>\n<meta property=\"article:published_time\" content=\"2026-04-27T12:03:55+00:00\" \/>\n<meta property=\"article:modified_time\" content=\"2026-04-27T12:04:24+00:00\" \/>\n<meta property=\"og:image\" content=\"https:\/\/agrupacionespsoe.es\/castello\/wp-content\/uploads\/sites\/45\/2026\/04\/20260427-El-PSPV-de-Castello-desvela-que-Carrasco-y-Perez-Llorca-retrasaran-a-2028-el-inicio-de-los-conservatorios-de-danza-y-musica.jpg\" \/>\n\t<meta property=\"og:image:width\" content=\"1620\" \/>\n\t<meta property=\"og:image:height\" content=\"1080\" \/>\n\t<meta property=\"og:image:type\" content=\"image\/jpeg\" \/>\n<meta name=\"author\" content=\"castello1\" \/>\n<meta name=\"twitter:card\" content=\"summary_large_image\" \/>\n<meta name=\"twitter:creator\" content=\"@pspv_cs\" \/>\n<meta name=\"twitter:site\" content=\"@pspv_cs\" \/>\n<meta name=\"twitter:label1\" content=\"Escrito por\" \/>\n\t<meta name=\"twitter:data1\" content=\"castello1\" \/>\n\t<meta name=\"twitter:label2\" content=\"Tiempo de lectura\" \/>\n\t<meta name=\"twitter:data2\" content=\"3 minutos\" \/>\n<script type=\"application\/ld+json\" class=\"yoast-schema-graph\">{\"@context\":\"https:\/\/schema.org\",\"@graph\":[{\"@type\":\"Article\",\"@id\":\"https:\/\/agrupacionespsoe.es\/castello\/va\/el-pspv-de-castello-revela-que-carrasco-i-perez-llorca-retardaran-fins-a-2028-linici-dels-conservatoris-de-dansa-i-musica\/#article\",\"isPartOf\":{\"@id\":\"https:\/\/agrupacionespsoe.es\/castello\/va\/el-pspv-de-castello-revela-que-carrasco-i-perez-llorca-retardaran-fins-a-2028-linici-dels-conservatoris-de-dansa-i-musica\/\"},\"author\":{\"name\":\"castello1\",\"@id\":\"https:\/\/agrupacionespsoe.es\/castello\/#\/schema\/person\/f3bc5b2f9dc6a399e9e98596ae24a20a\"},\"headline\":\"El PSPV de Castell\u00f3 revela que Carrasco i P\u00e9rez Llorca retardaran fins a 2028 l&#8217;inici dels conservatoris de dansa i m\u00fasica\",\"datePublished\":\"2026-04-27T12:03:55+00:00\",\"dateModified\":\"2026-04-27T12:04:24+00:00\",\"mainEntityOfPage\":{\"@id\":\"https:\/\/agrupacionespsoe.es\/castello\/va\/el-pspv-de-castello-revela-que-carrasco-i-perez-llorca-retardaran-fins-a-2028-linici-dels-conservatoris-de-dansa-i-musica\/\"},\"wordCount\":511,\"commentCount\":0,\"publisher\":{\"@id\":\"https:\/\/agrupacionespsoe.es\/castello\/#organization\"},\"image\":{\"@id\":\"https:\/\/agrupacionespsoe.es\/castello\/va\/el-pspv-de-castello-revela-que-carrasco-i-perez-llorca-retardaran-fins-a-2028-linici-dels-conservatoris-de-dansa-i-musica\/#primaryimage\"},\"thumbnailUrl\":\"https:\/\/agrupacionespsoe.es\/castello\/wp-content\/uploads\/sites\/45\/2026\/04\/20260427-El-PSPV-de-Castello-desvela-que-Carrasco-y-Perez-Llorca-retrasaran-a-2028-el-inicio-de-los-conservatorios-de-danza-y-musica.jpg\",\"keywords\":[\"Bego\u00f1a Carrasco\",\"Jos\u00e9 Luis L\u00f3pez\",\"Jos\u00e9 Luis Lorenz\",\"Mar\u00eda del Carmen Ort\u00ed\",\"Rafa Sim\u00f3\",\"Todos\"],\"articleSection\":[\"Corts Valencianes\",\"Grup Municipal Socialista\"],\"inLanguage\":\"es\",\"potentialAction\":[{\"@type\":\"CommentAction\",\"name\":\"Comment\",\"target\":[\"https:\/\/agrupacionespsoe.es\/castello\/va\/el-pspv-de-castello-revela-que-carrasco-i-perez-llorca-retardaran-fins-a-2028-linici-dels-conservatoris-de-dansa-i-musica\/#respond\"]}]},{\"@type\":\"WebPage\",\"@id\":\"https:\/\/agrupacionespsoe.es\/castello\/va\/el-pspv-de-castello-revela-que-carrasco-i-perez-llorca-retardaran-fins-a-2028-linici-dels-conservatoris-de-dansa-i-musica\/\",\"url\":\"https:\/\/agrupacionespsoe.es\/castello\/va\/el-pspv-de-castello-revela-que-carrasco-i-perez-llorca-retardaran-fins-a-2028-linici-dels-conservatoris-de-dansa-i-musica\/\",\"name\":\"El PSPV de Castell\u00f3 revela que Carrasco i P\u00e9rez Llorca retardaran fins a 2028 l'inici dels conservatoris de dansa i m\u00fasica - PSPV-PSOE CASTELL\u00d3\",\"isPartOf\":{\"@id\":\"https:\/\/agrupacionespsoe.es\/castello\/#website\"},\"primaryImageOfPage\":{\"@id\":\"https:\/\/agrupacionespsoe.es\/castello\/va\/el-pspv-de-castello-revela-que-carrasco-i-perez-llorca-retardaran-fins-a-2028-linici-dels-conservatoris-de-dansa-i-musica\/#primaryimage\"},\"image\":{\"@id\":\"https:\/\/agrupacionespsoe.es\/castello\/va\/el-pspv-de-castello-revela-que-carrasco-i-perez-llorca-retardaran-fins-a-2028-linici-dels-conservatoris-de-dansa-i-musica\/#primaryimage\"},\"thumbnailUrl\":\"https:\/\/agrupacionespsoe.es\/castello\/wp-content\/uploads\/sites\/45\/2026\/04\/20260427-El-PSPV-de-Castello-desvela-que-Carrasco-y-Perez-Llorca-retrasaran-a-2028-el-inicio-de-los-conservatorios-de-danza-y-musica.jpg\",\"datePublished\":\"2026-04-27T12:03:55+00:00\",\"dateModified\":\"2026-04-27T12:04:24+00:00\",\"breadcrumb\":{\"@id\":\"https:\/\/agrupacionespsoe.es\/castello\/va\/el-pspv-de-castello-revela-que-carrasco-i-perez-llorca-retardaran-fins-a-2028-linici-dels-conservatoris-de-dansa-i-musica\/#breadcrumb\"},\"inLanguage\":\"es\",\"potentialAction\":[{\"@type\":\"ReadAction\",\"target\":[\"https:\/\/agrupacionespsoe.es\/castello\/va\/el-pspv-de-castello-revela-que-carrasco-i-perez-llorca-retardaran-fins-a-2028-linici-dels-conservatoris-de-dansa-i-musica\/\"]}]},{\"@type\":\"ImageObject\",\"inLanguage\":\"es\",\"@id\":\"https:\/\/agrupacionespsoe.es\/castello\/va\/el-pspv-de-castello-revela-que-carrasco-i-perez-llorca-retardaran-fins-a-2028-linici-dels-conservatoris-de-dansa-i-musica\/#primaryimage\",\"url\":\"https:\/\/agrupacionespsoe.es\/castello\/wp-content\/uploads\/sites\/45\/2026\/04\/20260427-El-PSPV-de-Castello-desvela-que-Carrasco-y-Perez-Llorca-retrasaran-a-2028-el-inicio-de-los-conservatorios-de-danza-y-musica.jpg\",\"contentUrl\":\"https:\/\/agrupacionespsoe.es\/castello\/wp-content\/uploads\/sites\/45\/2026\/04\/20260427-El-PSPV-de-Castello-desvela-que-Carrasco-y-Perez-Llorca-retrasaran-a-2028-el-inicio-de-los-conservatorios-de-danza-y-musica.jpg\",\"width\":1620,\"height\":1080},{\"@type\":\"BreadcrumbList\",\"@id\":\"https:\/\/agrupacionespsoe.es\/castello\/va\/el-pspv-de-castello-revela-que-carrasco-i-perez-llorca-retardaran-fins-a-2028-linici-dels-conservatoris-de-dansa-i-musica\/#breadcrumb\",\"itemListElement\":[{\"@type\":\"ListItem\",\"position\":1,\"name\":\"Portada\",\"item\":\"https:\/\/agrupacionespsoe.es\/castello\/\"},{\"@type\":\"ListItem\",\"position\":2,\"name\":\"El PSPV de Castell\u00f3 revela que Carrasco i P\u00e9rez Llorca retardaran fins a 2028 l&#8217;inici dels conservatoris de dansa i m\u00fasica\"}]},{\"@type\":\"WebSite\",\"@id\":\"https:\/\/agrupacionespsoe.es\/castello\/#website\",\"url\":\"https:\/\/agrupacionespsoe.es\/castello\/\",\"name\":\"PSPV-PSOE CASTELL\u00d3\",\"description\":\"PSPV-PSOE | Agrupaci\u00f3 de Castell\u00f3\",\"publisher\":{\"@id\":\"https:\/\/agrupacionespsoe.es\/castello\/#organization\"},\"potentialAction\":[{\"@type\":\"SearchAction\",\"target\":{\"@type\":\"EntryPoint\",\"urlTemplate\":\"https:\/\/agrupacionespsoe.es\/castello\/?s={search_term_string}\"},\"query-input\":{\"@type\":\"PropertyValueSpecification\",\"valueRequired\":true,\"valueName\":\"search_term_string\"}}],\"inLanguage\":\"es\"},{\"@type\":\"Organization\",\"@id\":\"https:\/\/agrupacionespsoe.es\/castello\/#organization\",\"name\":\"PSPV-PSOE Castell\u00f3\",\"url\":\"https:\/\/agrupacionespsoe.es\/castello\/\",\"logo\":{\"@type\":\"ImageObject\",\"inLanguage\":\"es\",\"@id\":\"https:\/\/agrupacionespsoe.es\/castello\/#\/schema\/logo\/image\/\",\"url\":\"https:\/\/agrupacionespsoe.es\/castello\/wp-content\/uploads\/sites\/45\/2023\/04\/PORTADA-PSOE-CASTELLO.jpg\",\"contentUrl\":\"https:\/\/agrupacionespsoe.es\/castello\/wp-content\/uploads\/sites\/45\/2023\/04\/PORTADA-PSOE-CASTELLO.jpg\",\"width\":2500,\"height\":2500,\"caption\":\"PSPV-PSOE Castell\u00f3\"},\"image\":{\"@id\":\"https:\/\/agrupacionespsoe.es\/castello\/#\/schema\/logo\/image\/\"},\"sameAs\":[\"https:\/\/www.facebook.com\/pspv.castellodelaplana\",\"https:\/\/x.com\/pspv_cs\",\"https:\/\/www.instagram.com\/pspvpsoecastello\/\"]},{\"@type\":\"Person\",\"@id\":\"https:\/\/agrupacionespsoe.es\/castello\/#\/schema\/person\/f3bc5b2f9dc6a399e9e98596ae24a20a\",\"name\":\"castello1\",\"image\":{\"@type\":\"ImageObject\",\"inLanguage\":\"es\",\"@id\":\"https:\/\/agrupacionespsoe.es\/castello\/#\/schema\/person\/image\/\",\"url\":\"https:\/\/secure.gravatar.com\/avatar\/5f1da428d6479d1127419c0b58796865?s=96&d=mm&r=g\",\"contentUrl\":\"https:\/\/secure.gravatar.com\/avatar\/5f1da428d6479d1127419c0b58796865?s=96&d=mm&r=g\",\"caption\":\"castello1\"},\"url\":\"https:\/\/agrupacionespsoe.es\/castello\/author\/castello1\/\"}]}<\/script>\n<!-- \/ Yoast SEO plugin. -->","yoast_head_json":{"title":"El PSPV de Castell\u00f3 revela que Carrasco i P\u00e9rez Llorca retardaran fins a 2028 l'inici dels conservatoris de dansa i m\u00fasica - PSPV-PSOE CASTELL\u00d3","robots":{"index":"index","follow":"follow","max-snippet":"max-snippet:-1","max-image-preview":"max-image-preview:large","max-video-preview":"max-video-preview:-1"},"canonical":"https:\/\/agrupacionespsoe.es\/castello\/va\/el-pspv-de-castello-revela-que-carrasco-i-perez-llorca-retardaran-fins-a-2028-linici-dels-conservatoris-de-dansa-i-musica\/","og_locale":"es_ES","og_type":"article","og_title":"El PSPV de Castell\u00f3 revela que Carrasco i P\u00e9rez Llorca retardaran fins a 2028 l'inici dels conservatoris de dansa i m\u00fasica - PSPV-PSOE CASTELL\u00d3","og_description":"La Generalitat Valenciana \u201cha tornat a demostrar el poc que li interessa invertir a Castell\u00f3\u201d en confirmar-se que la construcci\u00f3 dels nous conservatoris de m\u00fasica i dansa projectats en la capital de la Plana no s&#8217;iniciar\u00e0 durant la present legislatura. Els diputats auton\u00f2mics del PSPV per Castell\u00f3 Rafa Sim\u00f3 i Jos\u00e9 Luis Lorenz, al costat ...","og_url":"https:\/\/agrupacionespsoe.es\/castello\/va\/el-pspv-de-castello-revela-que-carrasco-i-perez-llorca-retardaran-fins-a-2028-linici-dels-conservatoris-de-dansa-i-musica\/","og_site_name":"PSPV-PSOE CASTELL\u00d3","article_publisher":"https:\/\/www.facebook.com\/pspv.castellodelaplana","article_published_time":"2026-04-27T12:03:55+00:00","article_modified_time":"2026-04-27T12:04:24+00:00","og_image":[{"width":1620,"height":1080,"url":"https:\/\/agrupacionespsoe.es\/castello\/wp-content\/uploads\/sites\/45\/2026\/04\/20260427-El-PSPV-de-Castello-desvela-que-Carrasco-y-Perez-Llorca-retrasaran-a-2028-el-inicio-de-los-conservatorios-de-danza-y-musica.jpg","type":"image\/jpeg"}],"author":"castello1","twitter_card":"summary_large_image","twitter_creator":"@pspv_cs","twitter_site":"@pspv_cs","twitter_misc":{"Escrito por":"castello1","Tiempo de lectura":"3 minutos"},"schema":{"@context":"https:\/\/schema.org","@graph":[{"@type":"Article","@id":"https:\/\/agrupacionespsoe.es\/castello\/va\/el-pspv-de-castello-revela-que-carrasco-i-perez-llorca-retardaran-fins-a-2028-linici-dels-conservatoris-de-dansa-i-musica\/#article","isPartOf":{"@id":"https:\/\/agrupacionespsoe.es\/castello\/va\/el-pspv-de-castello-revela-que-carrasco-i-perez-llorca-retardaran-fins-a-2028-linici-dels-conservatoris-de-dansa-i-musica\/"},"author":{"name":"castello1","@id":"https:\/\/agrupacionespsoe.es\/castello\/#\/schema\/person\/f3bc5b2f9dc6a399e9e98596ae24a20a"},"headline":"El PSPV de Castell\u00f3 revela que Carrasco i P\u00e9rez Llorca retardaran fins a 2028 l&#8217;inici dels conservatoris de dansa i m\u00fasica","datePublished":"2026-04-27T12:03:55+00:00","dateModified":"2026-04-27T12:04:24+00:00","mainEntityOfPage":{"@id":"https:\/\/agrupacionespsoe.es\/castello\/va\/el-pspv-de-castello-revela-que-carrasco-i-perez-llorca-retardaran-fins-a-2028-linici-dels-conservatoris-de-dansa-i-musica\/"},"wordCount":511,"commentCount":0,"publisher":{"@id":"https:\/\/agrupacionespsoe.es\/castello\/#organization"},"image":{"@id":"https:\/\/agrupacionespsoe.es\/castello\/va\/el-pspv-de-castello-revela-que-carrasco-i-perez-llorca-retardaran-fins-a-2028-linici-dels-conservatoris-de-dansa-i-musica\/#primaryimage"},"thumbnailUrl":"https:\/\/agrupacionespsoe.es\/castello\/wp-content\/uploads\/sites\/45\/2026\/04\/20260427-El-PSPV-de-Castello-desvela-que-Carrasco-y-Perez-Llorca-retrasaran-a-2028-el-inicio-de-los-conservatorios-de-danza-y-musica.jpg","keywords":["Bego\u00f1a Carrasco","Jos\u00e9 Luis L\u00f3pez","Jos\u00e9 Luis Lorenz","Mar\u00eda del Carmen Ort\u00ed","Rafa Sim\u00f3","Todos"],"articleSection":["Corts Valencianes","Grup Municipal Socialista"],"inLanguage":"es","potentialAction":[{"@type":"CommentAction","name":"Comment","target":["https:\/\/agrupacionespsoe.es\/castello\/va\/el-pspv-de-castello-revela-que-carrasco-i-perez-llorca-retardaran-fins-a-2028-linici-dels-conservatoris-de-dansa-i-musica\/#respond"]}]},{"@type":"WebPage","@id":"https:\/\/agrupacionespsoe.es\/castello\/va\/el-pspv-de-castello-revela-que-carrasco-i-perez-llorca-retardaran-fins-a-2028-linici-dels-conservatoris-de-dansa-i-musica\/","url":"https:\/\/agrupacionespsoe.es\/castello\/va\/el-pspv-de-castello-revela-que-carrasco-i-perez-llorca-retardaran-fins-a-2028-linici-dels-conservatoris-de-dansa-i-musica\/","name":"El PSPV de Castell\u00f3 revela que Carrasco i P\u00e9rez Llorca retardaran fins a 2028 l'inici dels conservatoris de dansa i m\u00fasica - PSPV-PSOE CASTELL\u00d3","isPartOf":{"@id":"https:\/\/agrupacionespsoe.es\/castello\/#website"},"primaryImageOfPage":{"@id":"https:\/\/agrupacionespsoe.es\/castello\/va\/el-pspv-de-castello-revela-que-carrasco-i-perez-llorca-retardaran-fins-a-2028-linici-dels-conservatoris-de-dansa-i-musica\/#primaryimage"},"image":{"@id":"https:\/\/agrupacionespsoe.es\/castello\/va\/el-pspv-de-castello-revela-que-carrasco-i-perez-llorca-retardaran-fins-a-2028-linici-dels-conservatoris-de-dansa-i-musica\/#primaryimage"},"thumbnailUrl":"https:\/\/agrupacionespsoe.es\/castello\/wp-content\/uploads\/sites\/45\/2026\/04\/20260427-El-PSPV-de-Castello-desvela-que-Carrasco-y-Perez-Llorca-retrasaran-a-2028-el-inicio-de-los-conservatorios-de-danza-y-musica.jpg","datePublished":"2026-04-27T12:03:55+00:00","dateModified":"2026-04-27T12:04:24+00:00","breadcrumb":{"@id":"https:\/\/agrupacionespsoe.es\/castello\/va\/el-pspv-de-castello-revela-que-carrasco-i-perez-llorca-retardaran-fins-a-2028-linici-dels-conservatoris-de-dansa-i-musica\/#breadcrumb"},"inLanguage":"es","potentialAction":[{"@type":"ReadAction","target":["https:\/\/agrupacionespsoe.es\/castello\/va\/el-pspv-de-castello-revela-que-carrasco-i-perez-llorca-retardaran-fins-a-2028-linici-dels-conservatoris-de-dansa-i-musica\/"]}]},{"@type":"ImageObject","inLanguage":"es","@id":"https:\/\/agrupacionespsoe.es\/castello\/va\/el-pspv-de-castello-revela-que-carrasco-i-perez-llorca-retardaran-fins-a-2028-linici-dels-conservatoris-de-dansa-i-musica\/#primaryimage","url":"https:\/\/agrupacionespsoe.es\/castello\/wp-content\/uploads\/sites\/45\/2026\/04\/20260427-El-PSPV-de-Castello-desvela-que-Carrasco-y-Perez-Llorca-retrasaran-a-2028-el-inicio-de-los-conservatorios-de-danza-y-musica.jpg","contentUrl":"https:\/\/agrupacionespsoe.es\/castello\/wp-content\/uploads\/sites\/45\/2026\/04\/20260427-El-PSPV-de-Castello-desvela-que-Carrasco-y-Perez-Llorca-retrasaran-a-2028-el-inicio-de-los-conservatorios-de-danza-y-musica.jpg","width":1620,"height":1080},{"@type":"BreadcrumbList","@id":"https:\/\/agrupacionespsoe.es\/castello\/va\/el-pspv-de-castello-revela-que-carrasco-i-perez-llorca-retardaran-fins-a-2028-linici-dels-conservatoris-de-dansa-i-musica\/#breadcrumb","itemListElement":[{"@type":"ListItem","position":1,"name":"Portada","item":"https:\/\/agrupacionespsoe.es\/castello\/"},{"@type":"ListItem","position":2,"name":"El PSPV de Castell\u00f3 revela que Carrasco i P\u00e9rez Llorca retardaran fins a 2028 l&#8217;inici dels conservatoris de dansa i m\u00fasica"}]},{"@type":"WebSite","@id":"https:\/\/agrupacionespsoe.es\/castello\/#website","url":"https:\/\/agrupacionespsoe.es\/castello\/","name":"PSPV-PSOE CASTELL\u00d3","description":"PSPV-PSOE | Agrupaci\u00f3 de Castell\u00f3","publisher":{"@id":"https:\/\/agrupacionespsoe.es\/castello\/#organization"},"potentialAction":[{"@type":"SearchAction","target":{"@type":"EntryPoint","urlTemplate":"https:\/\/agrupacionespsoe.es\/castello\/?s={search_term_string}"},"query-input":{"@type":"PropertyValueSpecification","valueRequired":true,"valueName":"search_term_string"}}],"inLanguage":"es"},{"@type":"Organization","@id":"https:\/\/agrupacionespsoe.es\/castello\/#organization","name":"PSPV-PSOE Castell\u00f3","url":"https:\/\/agrupacionespsoe.es\/castello\/","logo":{"@type":"ImageObject","inLanguage":"es","@id":"https:\/\/agrupacionespsoe.es\/castello\/#\/schema\/logo\/image\/","url":"https:\/\/agrupacionespsoe.es\/castello\/wp-content\/uploads\/sites\/45\/2023\/04\/PORTADA-PSOE-CASTELLO.jpg","contentUrl":"https:\/\/agrupacionespsoe.es\/castello\/wp-content\/uploads\/sites\/45\/2023\/04\/PORTADA-PSOE-CASTELLO.jpg","width":2500,"height":2500,"caption":"PSPV-PSOE Castell\u00f3"},"image":{"@id":"https:\/\/agrupacionespsoe.es\/castello\/#\/schema\/logo\/image\/"},"sameAs":["https:\/\/www.facebook.com\/pspv.castellodelaplana","https:\/\/x.com\/pspv_cs","https:\/\/www.instagram.com\/pspvpsoecastello\/"]},{"@type":"Person","@id":"https:\/\/agrupacionespsoe.es\/castello\/#\/schema\/person\/f3bc5b2f9dc6a399e9e98596ae24a20a","name":"castello1","image":{"@type":"ImageObject","inLanguage":"es","@id":"https:\/\/agrupacionespsoe.es\/castello\/#\/schema\/person\/image\/","url":"https:\/\/secure.gravatar.com\/avatar\/5f1da428d6479d1127419c0b58796865?s=96&d=mm&r=g","contentUrl":"https:\/\/secure.gravatar.com\/avatar\/5f1da428d6479d1127419c0b58796865?s=96&d=mm&r=g","caption":"castello1"},"url":"https:\/\/agrupacionespsoe.es\/castello\/author\/castello1\/"}]}},"jetpack_publicize_connections":[],"jetpack_featured_media_url":"https:\/\/agrupacionespsoe.es\/castello\/wp-content\/uploads\/sites\/45\/2026\/04\/20260427-El-PSPV-de-Castello-desvela-que-Carrasco-y-Perez-Llorca-retrasaran-a-2028-el-inicio-de-los-conservatorios-de-danza-y-musica.jpg","jetpack_sharing_enabled":true,"_links":{"self":[{"href":"https:\/\/agrupacionespsoe.es\/castello\/wp-json\/wp\/v2\/posts\/10993","targetHints":{"allow":["GET"]}}],"collection":[{"href":"https:\/\/agrupacionespsoe.es\/castello\/wp-json\/wp\/v2\/posts"}],"about":[{"href":"https:\/\/agrupacionespsoe.es\/castello\/wp-json\/wp\/v2\/types\/post"}],"author":[{"embeddable":true,"href":"https:\/\/agrupacionespsoe.es\/castello\/wp-json\/wp\/v2\/users\/48"}],"replies":[{"embeddable":true,"href":"https:\/\/agrupacionespsoe.es\/castello\/wp-json\/wp\/v2\/comments?post=10993"}],"version-history":[{"count":2,"href":"https:\/\/agrupacionespsoe.es\/castello\/wp-json\/wp\/v2\/posts\/10993\/revisions"}],"predecessor-version":[{"id":10995,"href":"https:\/\/agrupacionespsoe.es\/castello\/wp-json\/wp\/v2\/posts\/10993\/revisions\/10995"}],"wp:featuredmedia":[{"embeddable":true,"href":"https:\/\/agrupacionespsoe.es\/castello\/wp-json\/wp\/v2\/media\/10989"}],"wp:attachment":[{"href":"https:\/\/agrupacionespsoe.es\/castello\/wp-json\/wp\/v2\/media?parent=10993"}],"wp:term":[{"taxonomy":"category","embeddable":true,"href":"https:\/\/agrupacionespsoe.es\/castello\/wp-json\/wp\/v2\/categories?post=10993"},{"taxonomy":"post_tag","embeddable":true,"href":"https:\/\/agrupacionespsoe.es\/castello\/wp-json\/wp\/v2\/tags?post=10993"}],"curies":[{"name":"wp","href":"https:\/\/api.w.org\/{rel}","templated":true}]}}