{"id":10986,"date":"2026-04-27T14:01:32","date_gmt":"2026-04-27T12:01:32","guid":{"rendered":"https:\/\/agrupacionespsoe.es\/castello\/?p=10986"},"modified":"2026-04-27T14:01:33","modified_gmt":"2026-04-27T12:01:33","slug":"el-pspv-de-castello-desvela-que-carrasco-y-perez-llorca-retrasaran-a-2028-el-inicio-de-los-conservatorios-de-danza-y-musica","status":"publish","type":"post","link":"https:\/\/agrupacionespsoe.es\/castello\/el-pspv-de-castello-desvela-que-carrasco-y-perez-llorca-retrasaran-a-2028-el-inicio-de-los-conservatorios-de-danza-y-musica\/","title":{"rendered":"El PSPV de Castell\u00f3 desvela que Carrasco y P\u00e9rez Llorca retrasar\u00e1n\u00a0a\u00a02028\u00a0el inicio de los conservatorios de danza y m\u00fasica"},"content":{"rendered":"\n<ul class=\"wp-block-list\">\n<li><em>Rafa Sim\u00f3, Jos\u00e9 Luis L\u00f3pez y Jos\u00e9 Luis Lorenz aseguran que el Partido Popular \u201cest\u00e1 siendo da\u00f1ino para la ciudad porque todo lo que estaba encarrilado en 2023 por los gobiernos socialistas est\u00e1 paralizado con el silencio c\u00f3mplice de la alcaldesa de Castell\u00f3\u201d<\/em><\/li>\n<\/ul>\n\n\n\n<figure class=\"wp-block-audio\"><audio controls src=\"https:\/\/agrupacionespsoe.es\/castello\/wp-content\/uploads\/sites\/45\/2026\/04\/20260427-El-PSPV-de-Castello-desvela-que-Carrasco-y-Perez-Llorca-retrasaran-a-2028-el-inicio-de-los-conservatorios-de-danza-y-musica.mp3\" autoplay><\/audio><\/figure>\n\n\n\n<p>La Generalitat Valenciana \u201cha vuelto a demostrar lo poco que le interesa invertir en Castell\u00f3\u201d al confirmarse que la construcci\u00f3n de los nuevos conservatorios de m\u00fasica y danza proyectados en la capital de la Plana no se iniciar\u00e1 durante la presente legislatura. Los diputados auton\u00f3micos del PSPV por Castell\u00f3 <a href=\"https:\/\/agrupacionespsoe.es\/castello\/tag\/rafa-simo\/\">Rafa Sim\u00f3<\/a> y <a href=\"https:\/\/agrupacionespsoe.es\/castello\/tag\/jose-luis-lorenz\/\">Jos\u00e9 Luis Lorenz<\/a>, junto al portavoz adjunto del Grupo Municipal Socialista, <a href=\"https:\/\/agrupacionespsoe.es\/castello\/tag\/jose-luis-lopez\/\">Jos\u00e9 Luis L\u00f3pez<\/a>, han informado a pie de calle \u201cde una noticia que es nefasta para la ciudad: que estamos ante una legislatura perdida para los conservatorios de Castell\u00f3\u201d.<\/p>\n\n\n\n<p>Los tres representantes socialistas han informado a la ciudadan\u00eda de las promesas incumplidas por parte del PP, \u201cque ten\u00eda presupuestados para los conservatorios 2,8 millones de euros en tres a\u00f1os y ha ejecutado cero euros\u201d, se\u00f1ala Rafa Sim\u00f3, quien asegura que \u201ces la constataci\u00f3n de que el Partido Popular est\u00e1 siendo da\u00f1ino para la ciudad de Castell\u00f3\u201d.<\/p>\n\n\n\n<figure class=\"wp-block-image size-large\"><img loading=\"lazy\" decoding=\"async\" width=\"1024\" height=\"683\" data-attachment-id=\"10990\" data-permalink=\"https:\/\/agrupacionespsoe.es\/castello\/el-pspv-de-castello-desvela-que-carrasco-y-perez-llorca-retrasaran-a-2028-el-inicio-de-los-conservatorios-de-danza-y-musica\/20260427-el-pspv-de-castello-desvela-que-carrasco-y-perez-llorca-retrasaran-a-2028-el-inicio-de-los-conservatorios-de-danza-y-musica-2-2\/\" data-orig-file=\"https:\/\/agrupacionespsoe.es\/castello\/wp-content\/uploads\/sites\/45\/2026\/04\/20260427-El-PSPV-de-Castello-desvela-que-Carrasco-y-Perez-Llorca-retrasaran-a-2028-el-inicio-de-los-conservatorios-de-danza-y-musica-2.jpg\" data-orig-size=\"1620,1080\" data-comments-opened=\"1\" data-image-meta=\"{&quot;aperture&quot;:&quot;4&quot;,&quot;credit&quot;:&quot;CARLOS PASCUAL ALICART&quot;,&quot;camera&quot;:&quot;NIKON Z 6&quot;,&quot;caption&quot;:&quot;&quot;,&quot;created_timestamp&quot;:&quot;1777288522&quot;,&quot;copyright&quot;:&quot;CARLOS PASCUAL ALICART&quot;,&quot;focal_length&quot;:&quot;24&quot;,&quot;iso&quot;:&quot;400&quot;,&quot;shutter_speed&quot;:&quot;0.0025&quot;,&quot;title&quot;:&quot;&quot;,&quot;orientation&quot;:&quot;1&quot;}\" data-image-title=\"20260427 &#8211; El PSPV de Castell\u00f3 desvela que Carrasco y P\u00e9rez Llorca retrasar\u00e1n a 2028 el inicio de los conservatorios de danza y m\u00fasica 2\" data-image-description=\"\" data-image-caption=\"\" data-medium-file=\"https:\/\/agrupacionespsoe.es\/castello\/wp-content\/uploads\/sites\/45\/2026\/04\/20260427-El-PSPV-de-Castello-desvela-que-Carrasco-y-Perez-Llorca-retrasaran-a-2028-el-inicio-de-los-conservatorios-de-danza-y-musica-2-300x200.jpg\" data-large-file=\"https:\/\/agrupacionespsoe.es\/castello\/wp-content\/uploads\/sites\/45\/2026\/04\/20260427-El-PSPV-de-Castello-desvela-que-Carrasco-y-Perez-Llorca-retrasaran-a-2028-el-inicio-de-los-conservatorios-de-danza-y-musica-2-1024x683.jpg\" src=\"https:\/\/agrupacionespsoe.es\/castello\/wp-content\/uploads\/sites\/45\/2026\/04\/20260427-El-PSPV-de-Castello-desvela-que-Carrasco-y-Perez-Llorca-retrasaran-a-2028-el-inicio-de-los-conservatorios-de-danza-y-musica-2-1024x683.jpg\" alt=\"\" class=\"wp-image-10990\" srcset=\"https:\/\/agrupacionespsoe.es\/castello\/wp-content\/uploads\/sites\/45\/2026\/04\/20260427-El-PSPV-de-Castello-desvela-que-Carrasco-y-Perez-Llorca-retrasaran-a-2028-el-inicio-de-los-conservatorios-de-danza-y-musica-2-1024x683.jpg 1024w, https:\/\/agrupacionespsoe.es\/castello\/wp-content\/uploads\/sites\/45\/2026\/04\/20260427-El-PSPV-de-Castello-desvela-que-Carrasco-y-Perez-Llorca-retrasaran-a-2028-el-inicio-de-los-conservatorios-de-danza-y-musica-2-300x200.jpg 300w, https:\/\/agrupacionespsoe.es\/castello\/wp-content\/uploads\/sites\/45\/2026\/04\/20260427-El-PSPV-de-Castello-desvela-que-Carrasco-y-Perez-Llorca-retrasaran-a-2028-el-inicio-de-los-conservatorios-de-danza-y-musica-2-768x512.jpg 768w, https:\/\/agrupacionespsoe.es\/castello\/wp-content\/uploads\/sites\/45\/2026\/04\/20260427-El-PSPV-de-Castello-desvela-que-Carrasco-y-Perez-Llorca-retrasaran-a-2028-el-inicio-de-los-conservatorios-de-danza-y-musica-2-1536x1024.jpg 1536w, https:\/\/agrupacionespsoe.es\/castello\/wp-content\/uploads\/sites\/45\/2026\/04\/20260427-El-PSPV-de-Castello-desvela-que-Carrasco-y-Perez-Llorca-retrasaran-a-2028-el-inicio-de-los-conservatorios-de-danza-y-musica-2.jpg 1620w\" sizes=\"auto, (max-width: 1024px) 100vw, 1024px\" \/><\/figure>\n\n\n\n<p>Este \u201cabandono\u201d queda reflejado en las respuestas parlamentarias que ha dado la consellera de Educaci\u00f3n, <a href=\"https:\/\/agrupacionespsoe.es\/castello\/tag\/maria-del-carmen-orti\/\">Mari\u00a0Carmen Ort\u00ed<\/a>, a las preguntas de Sim\u00f3 y Lorenz en\u00a0Les\u00a0Corts, donde han reclamado a la Generalitat que informe de aspectos como la situaci\u00f3n en la que se encuentra la redacci\u00f3n del proyecto arquitect\u00f3nico de ambas conservatorios, su proyecto b\u00e1sico de ejecuci\u00f3n, su licitaci\u00f3n o la estimaci\u00f3n para su puesta en marcha.<\/p>\n\n\n\n<p>La respuesta \u201crecoge lo que ya nos tem\u00edamos: que esta legislatura no se va a hacer nada porque la conselleria estima que la licitaci\u00f3n de las obras no llegar\u00e1 hasta finales de 2027 o principios de 2028\u201d, se\u00f1ala Rafa Sim\u00f3, quien lamenta que \u201cun proyecto que estaba encarrilado en 2023 se encuentre ahora en punto muerto\u201d.<\/p>\n\n\n\n<figure class=\"wp-block-image size-large\"><img loading=\"lazy\" decoding=\"async\" width=\"1024\" height=\"683\" data-attachment-id=\"10988\" data-permalink=\"https:\/\/agrupacionespsoe.es\/castello\/el-pspv-de-castello-desvela-que-carrasco-y-perez-llorca-retrasaran-a-2028-el-inicio-de-los-conservatorios-de-danza-y-musica\/20260427-el-pspv-de-castello-desvela-que-carrasco-y-perez-llorca-retrasaran-a-2028-el-inicio-de-los-conservatorios-de-danza-y-musica-3\/\" data-orig-file=\"https:\/\/agrupacionespsoe.es\/castello\/wp-content\/uploads\/sites\/45\/2026\/04\/20260427-El-PSPV-de-Castello-desvela-que-Carrasco-y-Perez-Llorca-retrasaran-a-2028-el-inicio-de-los-conservatorios-de-danza-y-musica-3.jpg\" data-orig-size=\"1620,1080\" data-comments-opened=\"1\" data-image-meta=\"{&quot;aperture&quot;:&quot;4&quot;,&quot;credit&quot;:&quot;CARLOS PASCUAL ALICART&quot;,&quot;camera&quot;:&quot;NIKON Z 6&quot;,&quot;caption&quot;:&quot;&quot;,&quot;created_timestamp&quot;:&quot;1777288280&quot;,&quot;copyright&quot;:&quot;CARLOS PASCUAL ALICART&quot;,&quot;focal_length&quot;:&quot;42&quot;,&quot;iso&quot;:&quot;400&quot;,&quot;shutter_speed&quot;:&quot;0.001&quot;,&quot;title&quot;:&quot;&quot;,&quot;orientation&quot;:&quot;1&quot;}\" data-image-title=\"20260427 &#8211; El PSPV de Castell\u00f3 desvela que Carrasco y P\u00e9rez Llorca retrasar\u00e1n a 2028 el inicio de los conservatorios de danza y m\u00fasica 3\" data-image-description=\"\" data-image-caption=\"\" data-medium-file=\"https:\/\/agrupacionespsoe.es\/castello\/wp-content\/uploads\/sites\/45\/2026\/04\/20260427-El-PSPV-de-Castello-desvela-que-Carrasco-y-Perez-Llorca-retrasaran-a-2028-el-inicio-de-los-conservatorios-de-danza-y-musica-3-300x200.jpg\" data-large-file=\"https:\/\/agrupacionespsoe.es\/castello\/wp-content\/uploads\/sites\/45\/2026\/04\/20260427-El-PSPV-de-Castello-desvela-que-Carrasco-y-Perez-Llorca-retrasaran-a-2028-el-inicio-de-los-conservatorios-de-danza-y-musica-3-1024x683.jpg\" src=\"https:\/\/agrupacionespsoe.es\/castello\/wp-content\/uploads\/sites\/45\/2026\/04\/20260427-El-PSPV-de-Castello-desvela-que-Carrasco-y-Perez-Llorca-retrasaran-a-2028-el-inicio-de-los-conservatorios-de-danza-y-musica-3-1024x683.jpg\" alt=\"\" class=\"wp-image-10988\" srcset=\"https:\/\/agrupacionespsoe.es\/castello\/wp-content\/uploads\/sites\/45\/2026\/04\/20260427-El-PSPV-de-Castello-desvela-que-Carrasco-y-Perez-Llorca-retrasaran-a-2028-el-inicio-de-los-conservatorios-de-danza-y-musica-3-1024x683.jpg 1024w, https:\/\/agrupacionespsoe.es\/castello\/wp-content\/uploads\/sites\/45\/2026\/04\/20260427-El-PSPV-de-Castello-desvela-que-Carrasco-y-Perez-Llorca-retrasaran-a-2028-el-inicio-de-los-conservatorios-de-danza-y-musica-3-300x200.jpg 300w, https:\/\/agrupacionespsoe.es\/castello\/wp-content\/uploads\/sites\/45\/2026\/04\/20260427-El-PSPV-de-Castello-desvela-que-Carrasco-y-Perez-Llorca-retrasaran-a-2028-el-inicio-de-los-conservatorios-de-danza-y-musica-3-768x512.jpg 768w, https:\/\/agrupacionespsoe.es\/castello\/wp-content\/uploads\/sites\/45\/2026\/04\/20260427-El-PSPV-de-Castello-desvela-que-Carrasco-y-Perez-Llorca-retrasaran-a-2028-el-inicio-de-los-conservatorios-de-danza-y-musica-3-1536x1024.jpg 1536w, https:\/\/agrupacionespsoe.es\/castello\/wp-content\/uploads\/sites\/45\/2026\/04\/20260427-El-PSPV-de-Castello-desvela-que-Carrasco-y-Perez-Llorca-retrasaran-a-2028-el-inicio-de-los-conservatorios-de-danza-y-musica-3.jpg 1620w\" sizes=\"auto, (max-width: 1024px) 100vw, 1024px\" \/><\/figure>\n\n\n\n<p>En la misma l\u00ednea se ha expresado Jos\u00e9 Luis Lorenz, quien ha calificado de \u201cabsoluta barbaridad y un desprecio a la ciudadan\u00eda de Castell\u00f3 que el PP vaya a cerrar sus cuatro a\u00f1os de legislatura sin haber puesto ni un ladrillo en unos conservatorios que heredaron del anterior gobierno progresista liderado por el PSPV\u201d. Lorenz ha a\u00f1adido que \u201clo ten\u00edan todo en la mano para haber actuado, pero ya hemos visto que entre las prioridades de la Generalitat no est\u00e1 invertir en Castell\u00f3\u201d.<\/p>\n\n\n\n<p>Por su parte, Jos\u00e9 Luis L\u00f3pez, ha criticado el \u201csilencio y la complicidad\u201d de la alcaldesa de Castell\u00f3, <a href=\"https:\/\/agrupacionespsoe.es\/castello\/tag\/begona-carrasco\/\">Bego\u00f1a Carrasco<\/a>, ante la ausencia de actuaciones para construir los nuevos conservatorios. \u201cTenemos una alcaldesa callada, que ni exige a sus jefes de Valencia ni defiende las necesidades de nuestra ciudad\u201d, ha recalcado el portavoz adjunto socialista, quien se\u00f1ala que son \u201cdecenas las personas, estudiantes y profesionales que esperan unas infraestructuras educativas en nuestra ciudad que siempre son relegadas por el Partido Popular\u201d.<\/p>\n","protected":false},"excerpt":{"rendered":"<p>La Generalitat Valenciana \u201cha vuelto a demostrar lo poco que le interesa invertir en Castell\u00f3\u201d al confirmarse que la construcci\u00f3n de los nuevos conservatorios de m\u00fasica y danza proyectados en la capital de la Plana no se iniciar\u00e1 durante la presente legislatura. Los diputados auton\u00f3micos del PSPV por Castell\u00f3 Rafa Sim\u00f3 y Jos\u00e9 Luis Lorenz, &#8230;<\/p>\n","protected":false},"author":48,"featured_media":10989,"comment_status":"open","ping_status":"open","sticky":false,"template":"","format":"standard","meta":{"_jetpack_memberships_contains_paid_content":false,"footnotes":"","jetpack_publicize_message":"","jetpack_publicize_feature_enabled":true,"jetpack_social_post_already_shared":true,"jetpack_social_options":{"image_generator_settings":{"template":"highway","default_image_id":0,"font":"","enabled":false},"version":2}},"categories":[209,33],"tags":[733,85,487,1210,423,448],"class_list":["post-10986","post","type-post","status-publish","format-standard","has-post-thumbnail","hentry","category-corts-valencianes","category-gms","tag-begona-carrasco","tag-jose-luis-lopez","tag-jose-luis-lorenz","tag-maria-del-carmen-orti","tag-rafa-simo","tag-todos-es"],"yoast_head":"<!-- This site is optimized with the Yoast SEO plugin v24.0 - https:\/\/yoast.com\/wordpress\/plugins\/seo\/ -->\n<title>El PSPV de Castell\u00f3 desvela que Carrasco y P\u00e9rez Llorca retrasar\u00e1n\u00a0a\u00a02028\u00a0el inicio de los conservatorios de danza y m\u00fasica - PSPV-PSOE CASTELL\u00d3<\/title>\n<meta name=\"robots\" content=\"index, follow, max-snippet:-1, max-image-preview:large, max-video-preview:-1\" \/>\n<link rel=\"canonical\" href=\"https:\/\/agrupacionespsoe.es\/castello\/el-pspv-de-castello-desvela-que-carrasco-y-perez-llorca-retrasaran-a-2028-el-inicio-de-los-conservatorios-de-danza-y-musica\/\" \/>\n<meta property=\"og:locale\" content=\"es_ES\" \/>\n<meta property=\"og:type\" content=\"article\" \/>\n<meta property=\"og:title\" content=\"El PSPV de Castell\u00f3 desvela que Carrasco y P\u00e9rez Llorca retrasar\u00e1n\u00a0a\u00a02028\u00a0el inicio de los conservatorios de danza y m\u00fasica - PSPV-PSOE CASTELL\u00d3\" \/>\n<meta property=\"og:description\" content=\"La Generalitat Valenciana \u201cha vuelto a demostrar lo poco que le interesa invertir en Castell\u00f3\u201d al confirmarse que la construcci\u00f3n de los nuevos conservatorios de m\u00fasica y danza proyectados en la capital de la Plana no se iniciar\u00e1 durante la presente legislatura. Los diputados auton\u00f3micos del PSPV por Castell\u00f3 Rafa Sim\u00f3 y Jos\u00e9 Luis Lorenz, ...\" \/>\n<meta property=\"og:url\" content=\"https:\/\/agrupacionespsoe.es\/castello\/el-pspv-de-castello-desvela-que-carrasco-y-perez-llorca-retrasaran-a-2028-el-inicio-de-los-conservatorios-de-danza-y-musica\/\" \/>\n<meta property=\"og:site_name\" content=\"PSPV-PSOE CASTELL\u00d3\" \/>\n<meta property=\"article:publisher\" content=\"https:\/\/www.facebook.com\/pspv.castellodelaplana\" \/>\n<meta property=\"article:published_time\" content=\"2026-04-27T12:01:32+00:00\" \/>\n<meta property=\"article:modified_time\" content=\"2026-04-27T12:01:33+00:00\" \/>\n<meta property=\"og:image\" content=\"https:\/\/agrupacionespsoe.es\/castello\/wp-content\/uploads\/sites\/45\/2026\/04\/20260427-El-PSPV-de-Castello-desvela-que-Carrasco-y-Perez-Llorca-retrasaran-a-2028-el-inicio-de-los-conservatorios-de-danza-y-musica.jpg\" \/>\n\t<meta property=\"og:image:width\" content=\"1620\" \/>\n\t<meta property=\"og:image:height\" content=\"1080\" \/>\n\t<meta property=\"og:image:type\" content=\"image\/jpeg\" \/>\n<meta name=\"author\" content=\"castello1\" \/>\n<meta name=\"twitter:card\" content=\"summary_large_image\" \/>\n<meta name=\"twitter:creator\" content=\"@pspv_cs\" \/>\n<meta name=\"twitter:site\" content=\"@pspv_cs\" \/>\n<meta name=\"twitter:label1\" content=\"Escrito por\" \/>\n\t<meta name=\"twitter:data1\" content=\"castello1\" \/>\n\t<meta name=\"twitter:label2\" content=\"Tiempo de lectura\" \/>\n\t<meta name=\"twitter:data2\" content=\"3 minutos\" \/>\n<script type=\"application\/ld+json\" class=\"yoast-schema-graph\">{\"@context\":\"https:\/\/schema.org\",\"@graph\":[{\"@type\":\"Article\",\"@id\":\"https:\/\/agrupacionespsoe.es\/castello\/el-pspv-de-castello-desvela-que-carrasco-y-perez-llorca-retrasaran-a-2028-el-inicio-de-los-conservatorios-de-danza-y-musica\/#article\",\"isPartOf\":{\"@id\":\"https:\/\/agrupacionespsoe.es\/castello\/el-pspv-de-castello-desvela-que-carrasco-y-perez-llorca-retrasaran-a-2028-el-inicio-de-los-conservatorios-de-danza-y-musica\/\"},\"author\":{\"name\":\"castello1\",\"@id\":\"https:\/\/agrupacionespsoe.es\/castello\/#\/schema\/person\/f3bc5b2f9dc6a399e9e98596ae24a20a\"},\"headline\":\"El PSPV de Castell\u00f3 desvela que Carrasco y P\u00e9rez Llorca retrasar\u00e1n\u00a0a\u00a02028\u00a0el inicio de los conservatorios de danza y m\u00fasica\",\"datePublished\":\"2026-04-27T12:01:32+00:00\",\"dateModified\":\"2026-04-27T12:01:33+00:00\",\"mainEntityOfPage\":{\"@id\":\"https:\/\/agrupacionespsoe.es\/castello\/el-pspv-de-castello-desvela-que-carrasco-y-perez-llorca-retrasaran-a-2028-el-inicio-de-los-conservatorios-de-danza-y-musica\/\"},\"wordCount\":532,\"commentCount\":0,\"publisher\":{\"@id\":\"https:\/\/agrupacionespsoe.es\/castello\/#organization\"},\"image\":{\"@id\":\"https:\/\/agrupacionespsoe.es\/castello\/el-pspv-de-castello-desvela-que-carrasco-y-perez-llorca-retrasaran-a-2028-el-inicio-de-los-conservatorios-de-danza-y-musica\/#primaryimage\"},\"thumbnailUrl\":\"https:\/\/agrupacionespsoe.es\/castello\/wp-content\/uploads\/sites\/45\/2026\/04\/20260427-El-PSPV-de-Castello-desvela-que-Carrasco-y-Perez-Llorca-retrasaran-a-2028-el-inicio-de-los-conservatorios-de-danza-y-musica.jpg\",\"keywords\":[\"Bego\u00f1a Carrasco\",\"Jos\u00e9 Luis L\u00f3pez\",\"Jos\u00e9 Luis Lorenz\",\"Mar\u00eda del Carmen Ort\u00ed\",\"Rafa Sim\u00f3\",\"Todos\"],\"articleSection\":[\"Corts Valencianes\",\"Grupo Municipal Socialista\"],\"inLanguage\":\"es\",\"potentialAction\":[{\"@type\":\"CommentAction\",\"name\":\"Comment\",\"target\":[\"https:\/\/agrupacionespsoe.es\/castello\/el-pspv-de-castello-desvela-que-carrasco-y-perez-llorca-retrasaran-a-2028-el-inicio-de-los-conservatorios-de-danza-y-musica\/#respond\"]}]},{\"@type\":\"WebPage\",\"@id\":\"https:\/\/agrupacionespsoe.es\/castello\/el-pspv-de-castello-desvela-que-carrasco-y-perez-llorca-retrasaran-a-2028-el-inicio-de-los-conservatorios-de-danza-y-musica\/\",\"url\":\"https:\/\/agrupacionespsoe.es\/castello\/el-pspv-de-castello-desvela-que-carrasco-y-perez-llorca-retrasaran-a-2028-el-inicio-de-los-conservatorios-de-danza-y-musica\/\",\"name\":\"El PSPV de Castell\u00f3 desvela que Carrasco y P\u00e9rez Llorca retrasar\u00e1n\u00a0a\u00a02028\u00a0el inicio de los conservatorios de danza y m\u00fasica - PSPV-PSOE CASTELL\u00d3\",\"isPartOf\":{\"@id\":\"https:\/\/agrupacionespsoe.es\/castello\/#website\"},\"primaryImageOfPage\":{\"@id\":\"https:\/\/agrupacionespsoe.es\/castello\/el-pspv-de-castello-desvela-que-carrasco-y-perez-llorca-retrasaran-a-2028-el-inicio-de-los-conservatorios-de-danza-y-musica\/#primaryimage\"},\"image\":{\"@id\":\"https:\/\/agrupacionespsoe.es\/castello\/el-pspv-de-castello-desvela-que-carrasco-y-perez-llorca-retrasaran-a-2028-el-inicio-de-los-conservatorios-de-danza-y-musica\/#primaryimage\"},\"thumbnailUrl\":\"https:\/\/agrupacionespsoe.es\/castello\/wp-content\/uploads\/sites\/45\/2026\/04\/20260427-El-PSPV-de-Castello-desvela-que-Carrasco-y-Perez-Llorca-retrasaran-a-2028-el-inicio-de-los-conservatorios-de-danza-y-musica.jpg\",\"datePublished\":\"2026-04-27T12:01:32+00:00\",\"dateModified\":\"2026-04-27T12:01:33+00:00\",\"breadcrumb\":{\"@id\":\"https:\/\/agrupacionespsoe.es\/castello\/el-pspv-de-castello-desvela-que-carrasco-y-perez-llorca-retrasaran-a-2028-el-inicio-de-los-conservatorios-de-danza-y-musica\/#breadcrumb\"},\"inLanguage\":\"es\",\"potentialAction\":[{\"@type\":\"ReadAction\",\"target\":[\"https:\/\/agrupacionespsoe.es\/castello\/el-pspv-de-castello-desvela-que-carrasco-y-perez-llorca-retrasaran-a-2028-el-inicio-de-los-conservatorios-de-danza-y-musica\/\"]}]},{\"@type\":\"ImageObject\",\"inLanguage\":\"es\",\"@id\":\"https:\/\/agrupacionespsoe.es\/castello\/el-pspv-de-castello-desvela-que-carrasco-y-perez-llorca-retrasaran-a-2028-el-inicio-de-los-conservatorios-de-danza-y-musica\/#primaryimage\",\"url\":\"https:\/\/agrupacionespsoe.es\/castello\/wp-content\/uploads\/sites\/45\/2026\/04\/20260427-El-PSPV-de-Castello-desvela-que-Carrasco-y-Perez-Llorca-retrasaran-a-2028-el-inicio-de-los-conservatorios-de-danza-y-musica.jpg\",\"contentUrl\":\"https:\/\/agrupacionespsoe.es\/castello\/wp-content\/uploads\/sites\/45\/2026\/04\/20260427-El-PSPV-de-Castello-desvela-que-Carrasco-y-Perez-Llorca-retrasaran-a-2028-el-inicio-de-los-conservatorios-de-danza-y-musica.jpg\",\"width\":1620,\"height\":1080},{\"@type\":\"BreadcrumbList\",\"@id\":\"https:\/\/agrupacionespsoe.es\/castello\/el-pspv-de-castello-desvela-que-carrasco-y-perez-llorca-retrasaran-a-2028-el-inicio-de-los-conservatorios-de-danza-y-musica\/#breadcrumb\",\"itemListElement\":[{\"@type\":\"ListItem\",\"position\":1,\"name\":\"Portada\",\"item\":\"https:\/\/agrupacionespsoe.es\/castello\/\"},{\"@type\":\"ListItem\",\"position\":2,\"name\":\"El PSPV de Castell\u00f3 desvela que Carrasco y P\u00e9rez Llorca retrasar\u00e1n\u00a0a\u00a02028\u00a0el inicio de los conservatorios de danza y m\u00fasica\"}]},{\"@type\":\"WebSite\",\"@id\":\"https:\/\/agrupacionespsoe.es\/castello\/#website\",\"url\":\"https:\/\/agrupacionespsoe.es\/castello\/\",\"name\":\"PSPV-PSOE CASTELL\u00d3\",\"description\":\"PSPV-PSOE | Agrupaci\u00f3 de Castell\u00f3\",\"publisher\":{\"@id\":\"https:\/\/agrupacionespsoe.es\/castello\/#organization\"},\"potentialAction\":[{\"@type\":\"SearchAction\",\"target\":{\"@type\":\"EntryPoint\",\"urlTemplate\":\"https:\/\/agrupacionespsoe.es\/castello\/?s={search_term_string}\"},\"query-input\":{\"@type\":\"PropertyValueSpecification\",\"valueRequired\":true,\"valueName\":\"search_term_string\"}}],\"inLanguage\":\"es\"},{\"@type\":\"Organization\",\"@id\":\"https:\/\/agrupacionespsoe.es\/castello\/#organization\",\"name\":\"PSPV-PSOE Castell\u00f3\",\"url\":\"https:\/\/agrupacionespsoe.es\/castello\/\",\"logo\":{\"@type\":\"ImageObject\",\"inLanguage\":\"es\",\"@id\":\"https:\/\/agrupacionespsoe.es\/castello\/#\/schema\/logo\/image\/\",\"url\":\"https:\/\/agrupacionespsoe.es\/castello\/wp-content\/uploads\/sites\/45\/2023\/04\/PORTADA-PSOE-CASTELLO.jpg\",\"contentUrl\":\"https:\/\/agrupacionespsoe.es\/castello\/wp-content\/uploads\/sites\/45\/2023\/04\/PORTADA-PSOE-CASTELLO.jpg\",\"width\":2500,\"height\":2500,\"caption\":\"PSPV-PSOE Castell\u00f3\"},\"image\":{\"@id\":\"https:\/\/agrupacionespsoe.es\/castello\/#\/schema\/logo\/image\/\"},\"sameAs\":[\"https:\/\/www.facebook.com\/pspv.castellodelaplana\",\"https:\/\/x.com\/pspv_cs\",\"https:\/\/www.instagram.com\/pspvpsoecastello\/\"]},{\"@type\":\"Person\",\"@id\":\"https:\/\/agrupacionespsoe.es\/castello\/#\/schema\/person\/f3bc5b2f9dc6a399e9e98596ae24a20a\",\"name\":\"castello1\",\"image\":{\"@type\":\"ImageObject\",\"inLanguage\":\"es\",\"@id\":\"https:\/\/agrupacionespsoe.es\/castello\/#\/schema\/person\/image\/\",\"url\":\"https:\/\/secure.gravatar.com\/avatar\/5f1da428d6479d1127419c0b58796865?s=96&d=mm&r=g\",\"contentUrl\":\"https:\/\/secure.gravatar.com\/avatar\/5f1da428d6479d1127419c0b58796865?s=96&d=mm&r=g\",\"caption\":\"castello1\"},\"url\":\"https:\/\/agrupacionespsoe.es\/castello\/author\/castello1\/\"}]}<\/script>\n<!-- \/ Yoast SEO plugin. -->","yoast_head_json":{"title":"El PSPV de Castell\u00f3 desvela que Carrasco y P\u00e9rez Llorca retrasar\u00e1n\u00a0a\u00a02028\u00a0el inicio de los conservatorios de danza y m\u00fasica - PSPV-PSOE CASTELL\u00d3","robots":{"index":"index","follow":"follow","max-snippet":"max-snippet:-1","max-image-preview":"max-image-preview:large","max-video-preview":"max-video-preview:-1"},"canonical":"https:\/\/agrupacionespsoe.es\/castello\/el-pspv-de-castello-desvela-que-carrasco-y-perez-llorca-retrasaran-a-2028-el-inicio-de-los-conservatorios-de-danza-y-musica\/","og_locale":"es_ES","og_type":"article","og_title":"El PSPV de Castell\u00f3 desvela que Carrasco y P\u00e9rez Llorca retrasar\u00e1n\u00a0a\u00a02028\u00a0el inicio de los conservatorios de danza y m\u00fasica - PSPV-PSOE CASTELL\u00d3","og_description":"La Generalitat Valenciana \u201cha vuelto a demostrar lo poco que le interesa invertir en Castell\u00f3\u201d al confirmarse que la construcci\u00f3n de los nuevos conservatorios de m\u00fasica y danza proyectados en la capital de la Plana no se iniciar\u00e1 durante la presente legislatura. Los diputados auton\u00f3micos del PSPV por Castell\u00f3 Rafa Sim\u00f3 y Jos\u00e9 Luis Lorenz, ...","og_url":"https:\/\/agrupacionespsoe.es\/castello\/el-pspv-de-castello-desvela-que-carrasco-y-perez-llorca-retrasaran-a-2028-el-inicio-de-los-conservatorios-de-danza-y-musica\/","og_site_name":"PSPV-PSOE CASTELL\u00d3","article_publisher":"https:\/\/www.facebook.com\/pspv.castellodelaplana","article_published_time":"2026-04-27T12:01:32+00:00","article_modified_time":"2026-04-27T12:01:33+00:00","og_image":[{"width":1620,"height":1080,"url":"https:\/\/agrupacionespsoe.es\/castello\/wp-content\/uploads\/sites\/45\/2026\/04\/20260427-El-PSPV-de-Castello-desvela-que-Carrasco-y-Perez-Llorca-retrasaran-a-2028-el-inicio-de-los-conservatorios-de-danza-y-musica.jpg","type":"image\/jpeg"}],"author":"castello1","twitter_card":"summary_large_image","twitter_creator":"@pspv_cs","twitter_site":"@pspv_cs","twitter_misc":{"Escrito por":"castello1","Tiempo de lectura":"3 minutos"},"schema":{"@context":"https:\/\/schema.org","@graph":[{"@type":"Article","@id":"https:\/\/agrupacionespsoe.es\/castello\/el-pspv-de-castello-desvela-que-carrasco-y-perez-llorca-retrasaran-a-2028-el-inicio-de-los-conservatorios-de-danza-y-musica\/#article","isPartOf":{"@id":"https:\/\/agrupacionespsoe.es\/castello\/el-pspv-de-castello-desvela-que-carrasco-y-perez-llorca-retrasaran-a-2028-el-inicio-de-los-conservatorios-de-danza-y-musica\/"},"author":{"name":"castello1","@id":"https:\/\/agrupacionespsoe.es\/castello\/#\/schema\/person\/f3bc5b2f9dc6a399e9e98596ae24a20a"},"headline":"El PSPV de Castell\u00f3 desvela que Carrasco y P\u00e9rez Llorca retrasar\u00e1n\u00a0a\u00a02028\u00a0el inicio de los conservatorios de danza y m\u00fasica","datePublished":"2026-04-27T12:01:32+00:00","dateModified":"2026-04-27T12:01:33+00:00","mainEntityOfPage":{"@id":"https:\/\/agrupacionespsoe.es\/castello\/el-pspv-de-castello-desvela-que-carrasco-y-perez-llorca-retrasaran-a-2028-el-inicio-de-los-conservatorios-de-danza-y-musica\/"},"wordCount":532,"commentCount":0,"publisher":{"@id":"https:\/\/agrupacionespsoe.es\/castello\/#organization"},"image":{"@id":"https:\/\/agrupacionespsoe.es\/castello\/el-pspv-de-castello-desvela-que-carrasco-y-perez-llorca-retrasaran-a-2028-el-inicio-de-los-conservatorios-de-danza-y-musica\/#primaryimage"},"thumbnailUrl":"https:\/\/agrupacionespsoe.es\/castello\/wp-content\/uploads\/sites\/45\/2026\/04\/20260427-El-PSPV-de-Castello-desvela-que-Carrasco-y-Perez-Llorca-retrasaran-a-2028-el-inicio-de-los-conservatorios-de-danza-y-musica.jpg","keywords":["Bego\u00f1a Carrasco","Jos\u00e9 Luis L\u00f3pez","Jos\u00e9 Luis Lorenz","Mar\u00eda del Carmen Ort\u00ed","Rafa Sim\u00f3","Todos"],"articleSection":["Corts Valencianes","Grupo Municipal Socialista"],"inLanguage":"es","potentialAction":[{"@type":"CommentAction","name":"Comment","target":["https:\/\/agrupacionespsoe.es\/castello\/el-pspv-de-castello-desvela-que-carrasco-y-perez-llorca-retrasaran-a-2028-el-inicio-de-los-conservatorios-de-danza-y-musica\/#respond"]}]},{"@type":"WebPage","@id":"https:\/\/agrupacionespsoe.es\/castello\/el-pspv-de-castello-desvela-que-carrasco-y-perez-llorca-retrasaran-a-2028-el-inicio-de-los-conservatorios-de-danza-y-musica\/","url":"https:\/\/agrupacionespsoe.es\/castello\/el-pspv-de-castello-desvela-que-carrasco-y-perez-llorca-retrasaran-a-2028-el-inicio-de-los-conservatorios-de-danza-y-musica\/","name":"El PSPV de Castell\u00f3 desvela que Carrasco y P\u00e9rez Llorca retrasar\u00e1n\u00a0a\u00a02028\u00a0el inicio de los conservatorios de danza y m\u00fasica - PSPV-PSOE CASTELL\u00d3","isPartOf":{"@id":"https:\/\/agrupacionespsoe.es\/castello\/#website"},"primaryImageOfPage":{"@id":"https:\/\/agrupacionespsoe.es\/castello\/el-pspv-de-castello-desvela-que-carrasco-y-perez-llorca-retrasaran-a-2028-el-inicio-de-los-conservatorios-de-danza-y-musica\/#primaryimage"},"image":{"@id":"https:\/\/agrupacionespsoe.es\/castello\/el-pspv-de-castello-desvela-que-carrasco-y-perez-llorca-retrasaran-a-2028-el-inicio-de-los-conservatorios-de-danza-y-musica\/#primaryimage"},"thumbnailUrl":"https:\/\/agrupacionespsoe.es\/castello\/wp-content\/uploads\/sites\/45\/2026\/04\/20260427-El-PSPV-de-Castello-desvela-que-Carrasco-y-Perez-Llorca-retrasaran-a-2028-el-inicio-de-los-conservatorios-de-danza-y-musica.jpg","datePublished":"2026-04-27T12:01:32+00:00","dateModified":"2026-04-27T12:01:33+00:00","breadcrumb":{"@id":"https:\/\/agrupacionespsoe.es\/castello\/el-pspv-de-castello-desvela-que-carrasco-y-perez-llorca-retrasaran-a-2028-el-inicio-de-los-conservatorios-de-danza-y-musica\/#breadcrumb"},"inLanguage":"es","potentialAction":[{"@type":"ReadAction","target":["https:\/\/agrupacionespsoe.es\/castello\/el-pspv-de-castello-desvela-que-carrasco-y-perez-llorca-retrasaran-a-2028-el-inicio-de-los-conservatorios-de-danza-y-musica\/"]}]},{"@type":"ImageObject","inLanguage":"es","@id":"https:\/\/agrupacionespsoe.es\/castello\/el-pspv-de-castello-desvela-que-carrasco-y-perez-llorca-retrasaran-a-2028-el-inicio-de-los-conservatorios-de-danza-y-musica\/#primaryimage","url":"https:\/\/agrupacionespsoe.es\/castello\/wp-content\/uploads\/sites\/45\/2026\/04\/20260427-El-PSPV-de-Castello-desvela-que-Carrasco-y-Perez-Llorca-retrasaran-a-2028-el-inicio-de-los-conservatorios-de-danza-y-musica.jpg","contentUrl":"https:\/\/agrupacionespsoe.es\/castello\/wp-content\/uploads\/sites\/45\/2026\/04\/20260427-El-PSPV-de-Castello-desvela-que-Carrasco-y-Perez-Llorca-retrasaran-a-2028-el-inicio-de-los-conservatorios-de-danza-y-musica.jpg","width":1620,"height":1080},{"@type":"BreadcrumbList","@id":"https:\/\/agrupacionespsoe.es\/castello\/el-pspv-de-castello-desvela-que-carrasco-y-perez-llorca-retrasaran-a-2028-el-inicio-de-los-conservatorios-de-danza-y-musica\/#breadcrumb","itemListElement":[{"@type":"ListItem","position":1,"name":"Portada","item":"https:\/\/agrupacionespsoe.es\/castello\/"},{"@type":"ListItem","position":2,"name":"El PSPV de Castell\u00f3 desvela que Carrasco y P\u00e9rez Llorca retrasar\u00e1n\u00a0a\u00a02028\u00a0el inicio de los conservatorios de danza y m\u00fasica"}]},{"@type":"WebSite","@id":"https:\/\/agrupacionespsoe.es\/castello\/#website","url":"https:\/\/agrupacionespsoe.es\/castello\/","name":"PSPV-PSOE CASTELL\u00d3","description":"PSPV-PSOE | Agrupaci\u00f3 de Castell\u00f3","publisher":{"@id":"https:\/\/agrupacionespsoe.es\/castello\/#organization"},"potentialAction":[{"@type":"SearchAction","target":{"@type":"EntryPoint","urlTemplate":"https:\/\/agrupacionespsoe.es\/castello\/?s={search_term_string}"},"query-input":{"@type":"PropertyValueSpecification","valueRequired":true,"valueName":"search_term_string"}}],"inLanguage":"es"},{"@type":"Organization","@id":"https:\/\/agrupacionespsoe.es\/castello\/#organization","name":"PSPV-PSOE Castell\u00f3","url":"https:\/\/agrupacionespsoe.es\/castello\/","logo":{"@type":"ImageObject","inLanguage":"es","@id":"https:\/\/agrupacionespsoe.es\/castello\/#\/schema\/logo\/image\/","url":"https:\/\/agrupacionespsoe.es\/castello\/wp-content\/uploads\/sites\/45\/2023\/04\/PORTADA-PSOE-CASTELLO.jpg","contentUrl":"https:\/\/agrupacionespsoe.es\/castello\/wp-content\/uploads\/sites\/45\/2023\/04\/PORTADA-PSOE-CASTELLO.jpg","width":2500,"height":2500,"caption":"PSPV-PSOE Castell\u00f3"},"image":{"@id":"https:\/\/agrupacionespsoe.es\/castello\/#\/schema\/logo\/image\/"},"sameAs":["https:\/\/www.facebook.com\/pspv.castellodelaplana","https:\/\/x.com\/pspv_cs","https:\/\/www.instagram.com\/pspvpsoecastello\/"]},{"@type":"Person","@id":"https:\/\/agrupacionespsoe.es\/castello\/#\/schema\/person\/f3bc5b2f9dc6a399e9e98596ae24a20a","name":"castello1","image":{"@type":"ImageObject","inLanguage":"es","@id":"https:\/\/agrupacionespsoe.es\/castello\/#\/schema\/person\/image\/","url":"https:\/\/secure.gravatar.com\/avatar\/5f1da428d6479d1127419c0b58796865?s=96&d=mm&r=g","contentUrl":"https:\/\/secure.gravatar.com\/avatar\/5f1da428d6479d1127419c0b58796865?s=96&d=mm&r=g","caption":"castello1"},"url":"https:\/\/agrupacionespsoe.es\/castello\/author\/castello1\/"}]}},"jetpack_publicize_connections":[],"jetpack_featured_media_url":"https:\/\/agrupacionespsoe.es\/castello\/wp-content\/uploads\/sites\/45\/2026\/04\/20260427-El-PSPV-de-Castello-desvela-que-Carrasco-y-Perez-Llorca-retrasaran-a-2028-el-inicio-de-los-conservatorios-de-danza-y-musica.jpg","jetpack_sharing_enabled":true,"_links":{"self":[{"href":"https:\/\/agrupacionespsoe.es\/castello\/wp-json\/wp\/v2\/posts\/10986","targetHints":{"allow":["GET"]}}],"collection":[{"href":"https:\/\/agrupacionespsoe.es\/castello\/wp-json\/wp\/v2\/posts"}],"about":[{"href":"https:\/\/agrupacionespsoe.es\/castello\/wp-json\/wp\/v2\/types\/post"}],"author":[{"embeddable":true,"href":"https:\/\/agrupacionespsoe.es\/castello\/wp-json\/wp\/v2\/users\/48"}],"replies":[{"embeddable":true,"href":"https:\/\/agrupacionespsoe.es\/castello\/wp-json\/wp\/v2\/comments?post=10986"}],"version-history":[{"count":2,"href":"https:\/\/agrupacionespsoe.es\/castello\/wp-json\/wp\/v2\/posts\/10986\/revisions"}],"predecessor-version":[{"id":10992,"href":"https:\/\/agrupacionespsoe.es\/castello\/wp-json\/wp\/v2\/posts\/10986\/revisions\/10992"}],"wp:featuredmedia":[{"embeddable":true,"href":"https:\/\/agrupacionespsoe.es\/castello\/wp-json\/wp\/v2\/media\/10989"}],"wp:attachment":[{"href":"https:\/\/agrupacionespsoe.es\/castello\/wp-json\/wp\/v2\/media?parent=10986"}],"wp:term":[{"taxonomy":"category","embeddable":true,"href":"https:\/\/agrupacionespsoe.es\/castello\/wp-json\/wp\/v2\/categories?post=10986"},{"taxonomy":"post_tag","embeddable":true,"href":"https:\/\/agrupacionespsoe.es\/castello\/wp-json\/wp\/v2\/tags?post=10986"}],"curies":[{"name":"wp","href":"https:\/\/api.w.org\/{rel}","templated":true}]}}