{"id":10983,"date":"2026-04-26T09:54:22","date_gmt":"2026-04-26T07:54:22","guid":{"rendered":"https:\/\/agrupacionespsoe.es\/castello\/?p=10983"},"modified":"2026-04-27T09:55:06","modified_gmt":"2026-04-27T07:55:06","slug":"el-pspv-reclama-al-consell-mes-diners-i-coordinacio-municipal-per-a-atallar-els-mosquits-a-castello","status":"publish","type":"post","link":"https:\/\/agrupacionespsoe.es\/castello\/va\/el-pspv-reclama-al-consell-mes-diners-i-coordinacio-municipal-per-a-atallar-els-mosquits-a-castello\/","title":{"rendered":"El PSPV reclama al Consell m\u00e9s diners i coordinaci\u00f3 municipal per a atallar els mosquits a Castell\u00f3"},"content":{"rendered":"\n<ul class=\"wp-block-list\">\n<li><em><em>Registra una moci\u00f3 per a debatre en el ple del dijous que accelere mesures per a l&#8217;atallar el repunt d&#8217;insectes amb la pujada de temperatures<\/em><\/em><\/li>\n<\/ul>\n\n\n\n<figure class=\"wp-block-audio\"><audio controls src=\"https:\/\/agrupacionespsoe.es\/castello\/wp-content\/uploads\/sites\/45\/2026\/04\/20260427-El-PSPV-reclama-al-Consell-mas-dinero-y-coordinacion-municipal-para-atajar-los-mosquitos-en-Castello.mp3\" autoplay><\/audio><\/figure>\n\n\n\n<p>El Grup Municipal Socialista ha registrat una moci\u00f3 per al ple de la setmana vinent que insta a la Generalitat Valenciana a coordinar-se millor amb l&#8217;Ajuntament de Castell\u00f3 i la Diputaci\u00f3 Provincial de Castell\u00f3, aix\u00ed com a incrementar de manera urgent els fons destinats a la lluita contra la proliferaci\u00f3 de mosquits.<\/p>\n\n\n\n<p>L&#8217;augment de les temperatures i la humitat dels \u00faltims dies ha accelerat l&#8217;aparici\u00f3 d&#8217;aquests insectes, sobretot en zones com la Marjaleria i el Grau, pr\u00f2ximes a espais humits. \u00c9s per aix\u00f2 que el Grup Municipal Socialista apunta a refor\u00e7ar tamb\u00e9 els mitjans t\u00e8cnics i humans especialitzats, aix\u00ed com millorar els plans auton\u00f2mics de prevenci\u00f3 i control, especialment en les zones humides i \u00e0rees de major risc.<\/p>\n\n\n\n<p>El text aborda la necessitat que totes les administracions p\u00fabliques es coordinen \u201cper a establir una estrat\u00e8gia conjunta, efica\u00e7 i sostenible en el temps\u201d, en tant que si cadascuna actua per separat es dissol l&#8217;impacte dels tractaments.<\/p>\n\n\n\n<p>\u201cResulta evident que els recursos actuals s\u00f3n insuficients per a fer front a aquesta problem\u00e0tica amb l&#8217;efic\u00e0cia que la ciutadania demanda\u201d, ha incidit la regidora socialista <a href=\"https:\/\/agrupacionespsoe.es\/castello\/va\/tag\/mary-carmen-ribera-va\/\">Mary Carmen Ribera<\/a>. No en va, les mol\u00e8sties ja es perceben en determinats barris de Castell\u00f3, per la qual cosa Ajuntament, Diputaci\u00f3 i Generalitat \u201chan d&#8217;actuar de manera preventiva i coordinada\u201d, en paraules de Ribera.<\/p>\n\n\n\n<p>\u201cEsperem que tots els grups pol\u00edtics mostren la sensibilitat que reclama el ve\u00efnat, sobretot els qui viuen en la Marjaleria, quan els mosquits es converteixen en una amena\u00e7a per a la salut p\u00fablica i els impedeixen gaudir d&#8217;espais a l&#8217;aire lliure\u201d, ha resolt la regidora socialista.<\/p>\n","protected":false},"excerpt":{"rendered":"<p>El Grup Municipal Socialista ha registrat una moci\u00f3 per al ple de la setmana vinent que insta a la Generalitat Valenciana a coordinar-se millor amb l&#8217;Ajuntament de Castell\u00f3 i la Diputaci\u00f3 Provincial de Castell\u00f3, aix\u00ed com a incrementar de manera urgent els fons destinats a la lluita contra la proliferaci\u00f3 de mosquits. L&#8217;augment de les &#8230;<\/p>\n","protected":false},"author":48,"featured_media":10978,"comment_status":"open","ping_status":"open","sticky":false,"template":"","format":"standard","meta":{"_jetpack_memberships_contains_paid_content":false,"footnotes":"","jetpack_publicize_message":"","jetpack_publicize_feature_enabled":true,"jetpack_social_post_already_shared":true,"jetpack_social_options":{"image_generator_settings":{"template":"highway","default_image_id":0,"font":"","enabled":false},"version":2}},"categories":[22,1239],"tags":[101,446],"class_list":["post-10983","post","type-post","status-publish","format-standard","has-post-thumbnail","hentry","category-gms-va","category-salut-publica","tag-mary-carmen-ribera-va","tag-todos-va"],"yoast_head":"<!-- This site is optimized with the Yoast SEO plugin v24.0 - https:\/\/yoast.com\/wordpress\/plugins\/seo\/ -->\n<title>El PSPV reclama al Consell m\u00e9s diners i coordinaci\u00f3 municipal per a atallar els mosquits a Castell\u00f3 - PSPV-PSOE CASTELL\u00d3<\/title>\n<meta name=\"robots\" content=\"index, follow, max-snippet:-1, max-image-preview:large, max-video-preview:-1\" \/>\n<link rel=\"canonical\" href=\"https:\/\/agrupacionespsoe.es\/castello\/va\/el-pspv-reclama-al-consell-mes-diners-i-coordinacio-municipal-per-a-atallar-els-mosquits-a-castello\/\" \/>\n<meta property=\"og:locale\" content=\"es_ES\" \/>\n<meta property=\"og:type\" content=\"article\" \/>\n<meta property=\"og:title\" content=\"El PSPV reclama al Consell m\u00e9s diners i coordinaci\u00f3 municipal per a atallar els mosquits a Castell\u00f3 - PSPV-PSOE CASTELL\u00d3\" \/>\n<meta property=\"og:description\" content=\"El Grup Municipal Socialista ha registrat una moci\u00f3 per al ple de la setmana vinent que insta a la Generalitat Valenciana a coordinar-se millor amb l&#8217;Ajuntament de Castell\u00f3 i la Diputaci\u00f3 Provincial de Castell\u00f3, aix\u00ed com a incrementar de manera urgent els fons destinats a la lluita contra la proliferaci\u00f3 de mosquits. L&#8217;augment de les ...\" \/>\n<meta property=\"og:url\" content=\"https:\/\/agrupacionespsoe.es\/castello\/va\/el-pspv-reclama-al-consell-mes-diners-i-coordinacio-municipal-per-a-atallar-els-mosquits-a-castello\/\" \/>\n<meta property=\"og:site_name\" content=\"PSPV-PSOE CASTELL\u00d3\" \/>\n<meta property=\"article:publisher\" content=\"https:\/\/www.facebook.com\/pspv.castellodelaplana\" \/>\n<meta property=\"article:published_time\" content=\"2026-04-26T07:54:22+00:00\" \/>\n<meta property=\"article:modified_time\" content=\"2026-04-27T07:55:06+00:00\" \/>\n<meta property=\"og:image\" content=\"https:\/\/agrupacionespsoe.es\/castello\/wp-content\/uploads\/sites\/45\/2026\/04\/20260427-El-PSPV-reclama-al-Consell-mas-dinero-y-coordinacion-municipal-para-atajar-los-mosquitos-en-Castello.jpg\" \/>\n\t<meta property=\"og:image:width\" content=\"2048\" \/>\n\t<meta property=\"og:image:height\" content=\"1536\" \/>\n\t<meta property=\"og:image:type\" content=\"image\/jpeg\" \/>\n<meta name=\"author\" content=\"castello1\" \/>\n<meta name=\"twitter:card\" content=\"summary_large_image\" \/>\n<meta name=\"twitter:creator\" content=\"@pspv_cs\" \/>\n<meta name=\"twitter:site\" content=\"@pspv_cs\" \/>\n<meta name=\"twitter:label1\" content=\"Escrito por\" \/>\n\t<meta name=\"twitter:data1\" content=\"castello1\" \/>\n\t<meta name=\"twitter:label2\" content=\"Tiempo de lectura\" \/>\n\t<meta name=\"twitter:data2\" content=\"2 minutos\" \/>\n<script type=\"application\/ld+json\" class=\"yoast-schema-graph\">{\"@context\":\"https:\/\/schema.org\",\"@graph\":[{\"@type\":\"Article\",\"@id\":\"https:\/\/agrupacionespsoe.es\/castello\/va\/el-pspv-reclama-al-consell-mes-diners-i-coordinacio-municipal-per-a-atallar-els-mosquits-a-castello\/#article\",\"isPartOf\":{\"@id\":\"https:\/\/agrupacionespsoe.es\/castello\/va\/el-pspv-reclama-al-consell-mes-diners-i-coordinacio-municipal-per-a-atallar-els-mosquits-a-castello\/\"},\"author\":{\"name\":\"castello1\",\"@id\":\"https:\/\/agrupacionespsoe.es\/castello\/#\/schema\/person\/f3bc5b2f9dc6a399e9e98596ae24a20a\"},\"headline\":\"El PSPV reclama al Consell m\u00e9s diners i coordinaci\u00f3 municipal per a atallar els mosquits a Castell\u00f3\",\"datePublished\":\"2026-04-26T07:54:22+00:00\",\"dateModified\":\"2026-04-27T07:55:06+00:00\",\"mainEntityOfPage\":{\"@id\":\"https:\/\/agrupacionespsoe.es\/castello\/va\/el-pspv-reclama-al-consell-mes-diners-i-coordinacio-municipal-per-a-atallar-els-mosquits-a-castello\/\"},\"wordCount\":319,\"commentCount\":0,\"publisher\":{\"@id\":\"https:\/\/agrupacionespsoe.es\/castello\/#organization\"},\"image\":{\"@id\":\"https:\/\/agrupacionespsoe.es\/castello\/va\/el-pspv-reclama-al-consell-mes-diners-i-coordinacio-municipal-per-a-atallar-els-mosquits-a-castello\/#primaryimage\"},\"thumbnailUrl\":\"https:\/\/agrupacionespsoe.es\/castello\/wp-content\/uploads\/sites\/45\/2026\/04\/20260427-El-PSPV-reclama-al-Consell-mas-dinero-y-coordinacion-municipal-para-atajar-los-mosquitos-en-Castello.jpg\",\"keywords\":[\"Mary Carmen Ribera\",\"Todos\"],\"articleSection\":[\"Grup Municipal Socialista\",\"Salut P\u00fablica\"],\"inLanguage\":\"es\",\"potentialAction\":[{\"@type\":\"CommentAction\",\"name\":\"Comment\",\"target\":[\"https:\/\/agrupacionespsoe.es\/castello\/va\/el-pspv-reclama-al-consell-mes-diners-i-coordinacio-municipal-per-a-atallar-els-mosquits-a-castello\/#respond\"]}]},{\"@type\":\"WebPage\",\"@id\":\"https:\/\/agrupacionespsoe.es\/castello\/va\/el-pspv-reclama-al-consell-mes-diners-i-coordinacio-municipal-per-a-atallar-els-mosquits-a-castello\/\",\"url\":\"https:\/\/agrupacionespsoe.es\/castello\/va\/el-pspv-reclama-al-consell-mes-diners-i-coordinacio-municipal-per-a-atallar-els-mosquits-a-castello\/\",\"name\":\"El PSPV reclama al Consell m\u00e9s diners i coordinaci\u00f3 municipal per a atallar els mosquits a Castell\u00f3 - PSPV-PSOE CASTELL\u00d3\",\"isPartOf\":{\"@id\":\"https:\/\/agrupacionespsoe.es\/castello\/#website\"},\"primaryImageOfPage\":{\"@id\":\"https:\/\/agrupacionespsoe.es\/castello\/va\/el-pspv-reclama-al-consell-mes-diners-i-coordinacio-municipal-per-a-atallar-els-mosquits-a-castello\/#primaryimage\"},\"image\":{\"@id\":\"https:\/\/agrupacionespsoe.es\/castello\/va\/el-pspv-reclama-al-consell-mes-diners-i-coordinacio-municipal-per-a-atallar-els-mosquits-a-castello\/#primaryimage\"},\"thumbnailUrl\":\"https:\/\/agrupacionespsoe.es\/castello\/wp-content\/uploads\/sites\/45\/2026\/04\/20260427-El-PSPV-reclama-al-Consell-mas-dinero-y-coordinacion-municipal-para-atajar-los-mosquitos-en-Castello.jpg\",\"datePublished\":\"2026-04-26T07:54:22+00:00\",\"dateModified\":\"2026-04-27T07:55:06+00:00\",\"breadcrumb\":{\"@id\":\"https:\/\/agrupacionespsoe.es\/castello\/va\/el-pspv-reclama-al-consell-mes-diners-i-coordinacio-municipal-per-a-atallar-els-mosquits-a-castello\/#breadcrumb\"},\"inLanguage\":\"es\",\"potentialAction\":[{\"@type\":\"ReadAction\",\"target\":[\"https:\/\/agrupacionespsoe.es\/castello\/va\/el-pspv-reclama-al-consell-mes-diners-i-coordinacio-municipal-per-a-atallar-els-mosquits-a-castello\/\"]}]},{\"@type\":\"ImageObject\",\"inLanguage\":\"es\",\"@id\":\"https:\/\/agrupacionespsoe.es\/castello\/va\/el-pspv-reclama-al-consell-mes-diners-i-coordinacio-municipal-per-a-atallar-els-mosquits-a-castello\/#primaryimage\",\"url\":\"https:\/\/agrupacionespsoe.es\/castello\/wp-content\/uploads\/sites\/45\/2026\/04\/20260427-El-PSPV-reclama-al-Consell-mas-dinero-y-coordinacion-municipal-para-atajar-los-mosquitos-en-Castello.jpg\",\"contentUrl\":\"https:\/\/agrupacionespsoe.es\/castello\/wp-content\/uploads\/sites\/45\/2026\/04\/20260427-El-PSPV-reclama-al-Consell-mas-dinero-y-coordinacion-municipal-para-atajar-los-mosquitos-en-Castello.jpg\",\"width\":2048,\"height\":1536},{\"@type\":\"BreadcrumbList\",\"@id\":\"https:\/\/agrupacionespsoe.es\/castello\/va\/el-pspv-reclama-al-consell-mes-diners-i-coordinacio-municipal-per-a-atallar-els-mosquits-a-castello\/#breadcrumb\",\"itemListElement\":[{\"@type\":\"ListItem\",\"position\":1,\"name\":\"Portada\",\"item\":\"https:\/\/agrupacionespsoe.es\/castello\/\"},{\"@type\":\"ListItem\",\"position\":2,\"name\":\"El PSPV reclama al Consell m\u00e9s diners i coordinaci\u00f3 municipal per a atallar els mosquits a Castell\u00f3\"}]},{\"@type\":\"WebSite\",\"@id\":\"https:\/\/agrupacionespsoe.es\/castello\/#website\",\"url\":\"https:\/\/agrupacionespsoe.es\/castello\/\",\"name\":\"PSPV-PSOE CASTELL\u00d3\",\"description\":\"PSPV-PSOE | Agrupaci\u00f3 de Castell\u00f3\",\"publisher\":{\"@id\":\"https:\/\/agrupacionespsoe.es\/castello\/#organization\"},\"potentialAction\":[{\"@type\":\"SearchAction\",\"target\":{\"@type\":\"EntryPoint\",\"urlTemplate\":\"https:\/\/agrupacionespsoe.es\/castello\/?s={search_term_string}\"},\"query-input\":{\"@type\":\"PropertyValueSpecification\",\"valueRequired\":true,\"valueName\":\"search_term_string\"}}],\"inLanguage\":\"es\"},{\"@type\":\"Organization\",\"@id\":\"https:\/\/agrupacionespsoe.es\/castello\/#organization\",\"name\":\"PSPV-PSOE Castell\u00f3\",\"url\":\"https:\/\/agrupacionespsoe.es\/castello\/\",\"logo\":{\"@type\":\"ImageObject\",\"inLanguage\":\"es\",\"@id\":\"https:\/\/agrupacionespsoe.es\/castello\/#\/schema\/logo\/image\/\",\"url\":\"https:\/\/agrupacionespsoe.es\/castello\/wp-content\/uploads\/sites\/45\/2023\/04\/PORTADA-PSOE-CASTELLO.jpg\",\"contentUrl\":\"https:\/\/agrupacionespsoe.es\/castello\/wp-content\/uploads\/sites\/45\/2023\/04\/PORTADA-PSOE-CASTELLO.jpg\",\"width\":2500,\"height\":2500,\"caption\":\"PSPV-PSOE Castell\u00f3\"},\"image\":{\"@id\":\"https:\/\/agrupacionespsoe.es\/castello\/#\/schema\/logo\/image\/\"},\"sameAs\":[\"https:\/\/www.facebook.com\/pspv.castellodelaplana\",\"https:\/\/x.com\/pspv_cs\",\"https:\/\/www.instagram.com\/pspvpsoecastello\/\"]},{\"@type\":\"Person\",\"@id\":\"https:\/\/agrupacionespsoe.es\/castello\/#\/schema\/person\/f3bc5b2f9dc6a399e9e98596ae24a20a\",\"name\":\"castello1\",\"image\":{\"@type\":\"ImageObject\",\"inLanguage\":\"es\",\"@id\":\"https:\/\/agrupacionespsoe.es\/castello\/#\/schema\/person\/image\/\",\"url\":\"https:\/\/secure.gravatar.com\/avatar\/5f1da428d6479d1127419c0b58796865?s=96&d=mm&r=g\",\"contentUrl\":\"https:\/\/secure.gravatar.com\/avatar\/5f1da428d6479d1127419c0b58796865?s=96&d=mm&r=g\",\"caption\":\"castello1\"},\"url\":\"https:\/\/agrupacionespsoe.es\/castello\/author\/castello1\/\"}]}<\/script>\n<!-- \/ Yoast SEO plugin. -->","yoast_head_json":{"title":"El PSPV reclama al Consell m\u00e9s diners i coordinaci\u00f3 municipal per a atallar els mosquits a Castell\u00f3 - PSPV-PSOE CASTELL\u00d3","robots":{"index":"index","follow":"follow","max-snippet":"max-snippet:-1","max-image-preview":"max-image-preview:large","max-video-preview":"max-video-preview:-1"},"canonical":"https:\/\/agrupacionespsoe.es\/castello\/va\/el-pspv-reclama-al-consell-mes-diners-i-coordinacio-municipal-per-a-atallar-els-mosquits-a-castello\/","og_locale":"es_ES","og_type":"article","og_title":"El PSPV reclama al Consell m\u00e9s diners i coordinaci\u00f3 municipal per a atallar els mosquits a Castell\u00f3 - PSPV-PSOE CASTELL\u00d3","og_description":"El Grup Municipal Socialista ha registrat una moci\u00f3 per al ple de la setmana vinent que insta a la Generalitat Valenciana a coordinar-se millor amb l&#8217;Ajuntament de Castell\u00f3 i la Diputaci\u00f3 Provincial de Castell\u00f3, aix\u00ed com a incrementar de manera urgent els fons destinats a la lluita contra la proliferaci\u00f3 de mosquits. L&#8217;augment de les ...","og_url":"https:\/\/agrupacionespsoe.es\/castello\/va\/el-pspv-reclama-al-consell-mes-diners-i-coordinacio-municipal-per-a-atallar-els-mosquits-a-castello\/","og_site_name":"PSPV-PSOE CASTELL\u00d3","article_publisher":"https:\/\/www.facebook.com\/pspv.castellodelaplana","article_published_time":"2026-04-26T07:54:22+00:00","article_modified_time":"2026-04-27T07:55:06+00:00","og_image":[{"width":2048,"height":1536,"url":"https:\/\/agrupacionespsoe.es\/castello\/wp-content\/uploads\/sites\/45\/2026\/04\/20260427-El-PSPV-reclama-al-Consell-mas-dinero-y-coordinacion-municipal-para-atajar-los-mosquitos-en-Castello.jpg","type":"image\/jpeg"}],"author":"castello1","twitter_card":"summary_large_image","twitter_creator":"@pspv_cs","twitter_site":"@pspv_cs","twitter_misc":{"Escrito por":"castello1","Tiempo de lectura":"2 minutos"},"schema":{"@context":"https:\/\/schema.org","@graph":[{"@type":"Article","@id":"https:\/\/agrupacionespsoe.es\/castello\/va\/el-pspv-reclama-al-consell-mes-diners-i-coordinacio-municipal-per-a-atallar-els-mosquits-a-castello\/#article","isPartOf":{"@id":"https:\/\/agrupacionespsoe.es\/castello\/va\/el-pspv-reclama-al-consell-mes-diners-i-coordinacio-municipal-per-a-atallar-els-mosquits-a-castello\/"},"author":{"name":"castello1","@id":"https:\/\/agrupacionespsoe.es\/castello\/#\/schema\/person\/f3bc5b2f9dc6a399e9e98596ae24a20a"},"headline":"El PSPV reclama al Consell m\u00e9s diners i coordinaci\u00f3 municipal per a atallar els mosquits a Castell\u00f3","datePublished":"2026-04-26T07:54:22+00:00","dateModified":"2026-04-27T07:55:06+00:00","mainEntityOfPage":{"@id":"https:\/\/agrupacionespsoe.es\/castello\/va\/el-pspv-reclama-al-consell-mes-diners-i-coordinacio-municipal-per-a-atallar-els-mosquits-a-castello\/"},"wordCount":319,"commentCount":0,"publisher":{"@id":"https:\/\/agrupacionespsoe.es\/castello\/#organization"},"image":{"@id":"https:\/\/agrupacionespsoe.es\/castello\/va\/el-pspv-reclama-al-consell-mes-diners-i-coordinacio-municipal-per-a-atallar-els-mosquits-a-castello\/#primaryimage"},"thumbnailUrl":"https:\/\/agrupacionespsoe.es\/castello\/wp-content\/uploads\/sites\/45\/2026\/04\/20260427-El-PSPV-reclama-al-Consell-mas-dinero-y-coordinacion-municipal-para-atajar-los-mosquitos-en-Castello.jpg","keywords":["Mary Carmen Ribera","Todos"],"articleSection":["Grup Municipal Socialista","Salut P\u00fablica"],"inLanguage":"es","potentialAction":[{"@type":"CommentAction","name":"Comment","target":["https:\/\/agrupacionespsoe.es\/castello\/va\/el-pspv-reclama-al-consell-mes-diners-i-coordinacio-municipal-per-a-atallar-els-mosquits-a-castello\/#respond"]}]},{"@type":"WebPage","@id":"https:\/\/agrupacionespsoe.es\/castello\/va\/el-pspv-reclama-al-consell-mes-diners-i-coordinacio-municipal-per-a-atallar-els-mosquits-a-castello\/","url":"https:\/\/agrupacionespsoe.es\/castello\/va\/el-pspv-reclama-al-consell-mes-diners-i-coordinacio-municipal-per-a-atallar-els-mosquits-a-castello\/","name":"El PSPV reclama al Consell m\u00e9s diners i coordinaci\u00f3 municipal per a atallar els mosquits a Castell\u00f3 - PSPV-PSOE CASTELL\u00d3","isPartOf":{"@id":"https:\/\/agrupacionespsoe.es\/castello\/#website"},"primaryImageOfPage":{"@id":"https:\/\/agrupacionespsoe.es\/castello\/va\/el-pspv-reclama-al-consell-mes-diners-i-coordinacio-municipal-per-a-atallar-els-mosquits-a-castello\/#primaryimage"},"image":{"@id":"https:\/\/agrupacionespsoe.es\/castello\/va\/el-pspv-reclama-al-consell-mes-diners-i-coordinacio-municipal-per-a-atallar-els-mosquits-a-castello\/#primaryimage"},"thumbnailUrl":"https:\/\/agrupacionespsoe.es\/castello\/wp-content\/uploads\/sites\/45\/2026\/04\/20260427-El-PSPV-reclama-al-Consell-mas-dinero-y-coordinacion-municipal-para-atajar-los-mosquitos-en-Castello.jpg","datePublished":"2026-04-26T07:54:22+00:00","dateModified":"2026-04-27T07:55:06+00:00","breadcrumb":{"@id":"https:\/\/agrupacionespsoe.es\/castello\/va\/el-pspv-reclama-al-consell-mes-diners-i-coordinacio-municipal-per-a-atallar-els-mosquits-a-castello\/#breadcrumb"},"inLanguage":"es","potentialAction":[{"@type":"ReadAction","target":["https:\/\/agrupacionespsoe.es\/castello\/va\/el-pspv-reclama-al-consell-mes-diners-i-coordinacio-municipal-per-a-atallar-els-mosquits-a-castello\/"]}]},{"@type":"ImageObject","inLanguage":"es","@id":"https:\/\/agrupacionespsoe.es\/castello\/va\/el-pspv-reclama-al-consell-mes-diners-i-coordinacio-municipal-per-a-atallar-els-mosquits-a-castello\/#primaryimage","url":"https:\/\/agrupacionespsoe.es\/castello\/wp-content\/uploads\/sites\/45\/2026\/04\/20260427-El-PSPV-reclama-al-Consell-mas-dinero-y-coordinacion-municipal-para-atajar-los-mosquitos-en-Castello.jpg","contentUrl":"https:\/\/agrupacionespsoe.es\/castello\/wp-content\/uploads\/sites\/45\/2026\/04\/20260427-El-PSPV-reclama-al-Consell-mas-dinero-y-coordinacion-municipal-para-atajar-los-mosquitos-en-Castello.jpg","width":2048,"height":1536},{"@type":"BreadcrumbList","@id":"https:\/\/agrupacionespsoe.es\/castello\/va\/el-pspv-reclama-al-consell-mes-diners-i-coordinacio-municipal-per-a-atallar-els-mosquits-a-castello\/#breadcrumb","itemListElement":[{"@type":"ListItem","position":1,"name":"Portada","item":"https:\/\/agrupacionespsoe.es\/castello\/"},{"@type":"ListItem","position":2,"name":"El PSPV reclama al Consell m\u00e9s diners i coordinaci\u00f3 municipal per a atallar els mosquits a Castell\u00f3"}]},{"@type":"WebSite","@id":"https:\/\/agrupacionespsoe.es\/castello\/#website","url":"https:\/\/agrupacionespsoe.es\/castello\/","name":"PSPV-PSOE CASTELL\u00d3","description":"PSPV-PSOE | Agrupaci\u00f3 de Castell\u00f3","publisher":{"@id":"https:\/\/agrupacionespsoe.es\/castello\/#organization"},"potentialAction":[{"@type":"SearchAction","target":{"@type":"EntryPoint","urlTemplate":"https:\/\/agrupacionespsoe.es\/castello\/?s={search_term_string}"},"query-input":{"@type":"PropertyValueSpecification","valueRequired":true,"valueName":"search_term_string"}}],"inLanguage":"es"},{"@type":"Organization","@id":"https:\/\/agrupacionespsoe.es\/castello\/#organization","name":"PSPV-PSOE Castell\u00f3","url":"https:\/\/agrupacionespsoe.es\/castello\/","logo":{"@type":"ImageObject","inLanguage":"es","@id":"https:\/\/agrupacionespsoe.es\/castello\/#\/schema\/logo\/image\/","url":"https:\/\/agrupacionespsoe.es\/castello\/wp-content\/uploads\/sites\/45\/2023\/04\/PORTADA-PSOE-CASTELLO.jpg","contentUrl":"https:\/\/agrupacionespsoe.es\/castello\/wp-content\/uploads\/sites\/45\/2023\/04\/PORTADA-PSOE-CASTELLO.jpg","width":2500,"height":2500,"caption":"PSPV-PSOE Castell\u00f3"},"image":{"@id":"https:\/\/agrupacionespsoe.es\/castello\/#\/schema\/logo\/image\/"},"sameAs":["https:\/\/www.facebook.com\/pspv.castellodelaplana","https:\/\/x.com\/pspv_cs","https:\/\/www.instagram.com\/pspvpsoecastello\/"]},{"@type":"Person","@id":"https:\/\/agrupacionespsoe.es\/castello\/#\/schema\/person\/f3bc5b2f9dc6a399e9e98596ae24a20a","name":"castello1","image":{"@type":"ImageObject","inLanguage":"es","@id":"https:\/\/agrupacionespsoe.es\/castello\/#\/schema\/person\/image\/","url":"https:\/\/secure.gravatar.com\/avatar\/5f1da428d6479d1127419c0b58796865?s=96&d=mm&r=g","contentUrl":"https:\/\/secure.gravatar.com\/avatar\/5f1da428d6479d1127419c0b58796865?s=96&d=mm&r=g","caption":"castello1"},"url":"https:\/\/agrupacionespsoe.es\/castello\/author\/castello1\/"}]}},"jetpack_publicize_connections":[],"jetpack_featured_media_url":"https:\/\/agrupacionespsoe.es\/castello\/wp-content\/uploads\/sites\/45\/2026\/04\/20260427-El-PSPV-reclama-al-Consell-mas-dinero-y-coordinacion-municipal-para-atajar-los-mosquitos-en-Castello.jpg","jetpack_sharing_enabled":true,"_links":{"self":[{"href":"https:\/\/agrupacionespsoe.es\/castello\/wp-json\/wp\/v2\/posts\/10983","targetHints":{"allow":["GET"]}}],"collection":[{"href":"https:\/\/agrupacionespsoe.es\/castello\/wp-json\/wp\/v2\/posts"}],"about":[{"href":"https:\/\/agrupacionespsoe.es\/castello\/wp-json\/wp\/v2\/types\/post"}],"author":[{"embeddable":true,"href":"https:\/\/agrupacionespsoe.es\/castello\/wp-json\/wp\/v2\/users\/48"}],"replies":[{"embeddable":true,"href":"https:\/\/agrupacionespsoe.es\/castello\/wp-json\/wp\/v2\/comments?post=10983"}],"version-history":[{"count":2,"href":"https:\/\/agrupacionespsoe.es\/castello\/wp-json\/wp\/v2\/posts\/10983\/revisions"}],"predecessor-version":[{"id":10985,"href":"https:\/\/agrupacionespsoe.es\/castello\/wp-json\/wp\/v2\/posts\/10983\/revisions\/10985"}],"wp:featuredmedia":[{"embeddable":true,"href":"https:\/\/agrupacionespsoe.es\/castello\/wp-json\/wp\/v2\/media\/10978"}],"wp:attachment":[{"href":"https:\/\/agrupacionespsoe.es\/castello\/wp-json\/wp\/v2\/media?parent=10983"}],"wp:term":[{"taxonomy":"category","embeddable":true,"href":"https:\/\/agrupacionespsoe.es\/castello\/wp-json\/wp\/v2\/categories?post=10983"},{"taxonomy":"post_tag","embeddable":true,"href":"https:\/\/agrupacionespsoe.es\/castello\/wp-json\/wp\/v2\/tags?post=10983"}],"curies":[{"name":"wp","href":"https:\/\/api.w.org\/{rel}","templated":true}]}}