{"id":10964,"date":"2026-04-24T12:03:43","date_gmt":"2026-04-24T10:03:43","guid":{"rendered":"https:\/\/agrupacionespsoe.es\/castello\/?p=10964"},"modified":"2026-04-24T12:04:16","modified_gmt":"2026-04-24T10:04:16","slug":"el-pspv-obri-la-seua-seu-de-castello-a-lassessorament-gratuit-de-persones-interessades-en-la-regularitzacio-migratoria","status":"publish","type":"post","link":"https:\/\/agrupacionespsoe.es\/castello\/va\/el-pspv-obri-la-seua-seu-de-castello-a-lassessorament-gratuit-de-persones-interessades-en-la-regularitzacio-migratoria\/","title":{"rendered":"El PSPV obri la seua seu de Castell\u00f3 a l\u2019assessorament gratu\u00eft de persones interessades en la regularitzaci\u00f3 migrat\u00f2ria"},"content":{"rendered":"\n<ul class=\"wp-block-list\">\n<li><em><em>Poden reservar cita pr\u00e8via \u2018en l\u00ednia\u2019 per a acudir de dilluns a divendres en horari de 9 a 19 hores a la Casa del Poble del carrer Carcaixent<\/em><\/em><\/li>\n<\/ul>\n\n\n\n<figure class=\"wp-block-audio\"><audio controls src=\"https:\/\/agrupacionespsoe.es\/castello\/wp-content\/uploads\/sites\/45\/2026\/04\/20260424-El-PSPV-abre-su-sede-de-Castello-al-asesoramiento-gratuito-de-personas-interesadas-en-la-regularizacion-migratoria.mp3\" autoplay><\/audio><\/figure>\n\n\n\n<p>El PSPV obrir\u00e0 la Casa del Poble a l&#8217;assessorament gratu\u00eft de persones interessades en el proc\u00e9s extraordinari de regularitzaci\u00f3 migrat\u00f2ria. D&#8217;aquesta manera, la seu socialista del carrer Carcaixent obrir\u00e0 de dilluns a divendres en horari de 9 a 19 hores per a atendre qualsevol persona en aquesta situaci\u00f3 i evitar la propagaci\u00f3 de mentides i estafes detectats.<\/p>\n\n\n\n<p>A m\u00e9s, el PSPV ha habilitat un formulari per a la sol\u00b7licitud de cita pr\u00e8via que evite, d&#8217;aquesta manera, les cues d&#8217;espera al carrer i facilite una atenci\u00f3 personalitzada i sense l\u00edmit de temps. El registre ja est\u00e0 obert en l&#8217;adre\u00e7a:&nbsp;<a href=\"https:\/\/psoecs.short.gy\/cita-previa\" target=\"_blank\" rel=\"noreferrer noopener\">https:\/\/psoecs.short.gy\/cita-previa<\/a>. Els responsables de l&#8217;oficina insten als qui realitzen la reserva de cita a acudir a l&#8217;oficina en l&#8217;hora indicada i amb tota la documentaci\u00f3 de qu\u00e8 disposen per a facilitar la tramitaci\u00f3 d\u2019expedients.<\/p>\n\n\n\n<p>Cal recordar que els requisits per a formar part del proc\u00e9s s\u00f3n: trobar-se a Espanya abans de l&#8217;1 de gener de 2026 i acreditar una perman\u00e8ncia ininterrompuda d&#8217;almenys cinc mesos en el moment de la sol\u00b7licitud, a m\u00e9s de mancar d&#8217;antecedents penals i no suposar una amena\u00e7a per a l&#8217;ordre p\u00fablic, la seguretat p\u00fablica o la salut p\u00fablica.<\/p>\n\n\n\n<p>La iniciativa impulsada des del PSPV de Castell\u00f3 va arrancar aquest dijous amb una jornada informativa a c\u00e0rrec de David Barrachina, advocat especialista en estrangeria, que va resoldre els dubtes plantejats pels assistents. En la reuni\u00f3 tamb\u00e9 van participar <a href=\"https:\/\/agrupacionespsoe.es\/castello\/va\/tag\/yaissel-sanchez-va\/\">Yaissel S\u00e1nchez<\/a>, secret\u00e0ria de Migracions del PSPV-PSOE i diputada en les Corts Valencianes, i <a href=\"https:\/\/agrupacionespsoe.es\/castello\/va\/tag\/silvia-gomez-va\/\">Silvia G\u00f3mez<\/a>, diputada de Benestar Social en la cambra auton\u00f2mica, aix\u00ed com el portaveu adjunt del Grup Municipal Socialista i diputat provincial, <a href=\"https:\/\/agrupacionespsoe.es\/castello\/va\/tag\/jose-luis-lopez-va\/\">Jos\u00e9 Luis L\u00f3pez<\/a>.<\/p>\n\n\n\n<p>L\u00f3pez ha recordat que la regularitzaci\u00f3 extraordin\u00e0ria suposa un impuls als drets humans, la integraci\u00f3 i la conviv\u00e8ncia dins de la pol\u00edtica migrat\u00f2ria per a la igualtat dels qui ja resideixen entre els castellonencs per\u00f2 que, fins a la data, no podien formar part de l&#8217;estructura legal.<\/p>\n","protected":false},"excerpt":{"rendered":"<p>El PSPV obrir\u00e0 la Casa del Poble a l&#8217;assessorament gratu\u00eft de persones interessades en el proc\u00e9s extraordinari de regularitzaci\u00f3 migrat\u00f2ria. D&#8217;aquesta manera, la seu socialista del carrer Carcaixent obrir\u00e0 de dilluns a divendres en horari de 9 a 19 hores per a atendre qualsevol persona en aquesta situaci\u00f3 i evitar la propagaci\u00f3 de mentides i &#8230;<\/p>\n","protected":false},"author":48,"featured_media":10962,"comment_status":"open","ping_status":"open","sticky":false,"template":"","format":"standard","meta":{"_jetpack_memberships_contains_paid_content":false,"footnotes":"","jetpack_publicize_message":"","jetpack_publicize_feature_enabled":true,"jetpack_social_post_already_shared":true,"jetpack_social_options":{"image_generator_settings":{"template":"highway","default_image_id":0,"font":"","enabled":false},"version":2}},"categories":[72,22],"tags":[87,446,1253],"class_list":["post-10964","post","type-post","status-publish","format-standard","has-post-thumbnail","hentry","category-agrupacio-municipal-va","category-gms-va","tag-jose-luis-lopez-va","tag-todos-va","tag-yaissel-sanchez-va"],"yoast_head":"<!-- This site is optimized with the Yoast SEO plugin v24.0 - https:\/\/yoast.com\/wordpress\/plugins\/seo\/ -->\n<title>El PSPV obri la seua seu de Castell\u00f3 a l\u2019assessorament gratu\u00eft de persones interessades en la regularitzaci\u00f3 migrat\u00f2ria - PSPV-PSOE CASTELL\u00d3<\/title>\n<meta name=\"robots\" content=\"index, follow, max-snippet:-1, max-image-preview:large, max-video-preview:-1\" \/>\n<link rel=\"canonical\" href=\"https:\/\/agrupacionespsoe.es\/castello\/va\/el-pspv-obri-la-seua-seu-de-castello-a-lassessorament-gratuit-de-persones-interessades-en-la-regularitzacio-migratoria\/\" \/>\n<meta property=\"og:locale\" content=\"es_ES\" \/>\n<meta property=\"og:type\" content=\"article\" \/>\n<meta property=\"og:title\" content=\"El PSPV obri la seua seu de Castell\u00f3 a l\u2019assessorament gratu\u00eft de persones interessades en la regularitzaci\u00f3 migrat\u00f2ria - PSPV-PSOE CASTELL\u00d3\" \/>\n<meta property=\"og:description\" content=\"El PSPV obrir\u00e0 la Casa del Poble a l&#8217;assessorament gratu\u00eft de persones interessades en el proc\u00e9s extraordinari de regularitzaci\u00f3 migrat\u00f2ria. D&#8217;aquesta manera, la seu socialista del carrer Carcaixent obrir\u00e0 de dilluns a divendres en horari de 9 a 19 hores per a atendre qualsevol persona en aquesta situaci\u00f3 i evitar la propagaci\u00f3 de mentides i ...\" \/>\n<meta property=\"og:url\" content=\"https:\/\/agrupacionespsoe.es\/castello\/va\/el-pspv-obri-la-seua-seu-de-castello-a-lassessorament-gratuit-de-persones-interessades-en-la-regularitzacio-migratoria\/\" \/>\n<meta property=\"og:site_name\" content=\"PSPV-PSOE CASTELL\u00d3\" \/>\n<meta property=\"article:publisher\" content=\"https:\/\/www.facebook.com\/pspv.castellodelaplana\" \/>\n<meta property=\"article:published_time\" content=\"2026-04-24T10:03:43+00:00\" \/>\n<meta property=\"article:modified_time\" content=\"2026-04-24T10:04:16+00:00\" \/>\n<meta property=\"og:image\" content=\"https:\/\/agrupacionespsoe.es\/castello\/wp-content\/uploads\/sites\/45\/2026\/04\/20260424-El-PSPV-abre-su-sede-de-Castello-al-asesoramiento-gratuito-de-personas-interesadas-en-la-regularizacion-migratoria.jpeg\" \/>\n\t<meta property=\"og:image:width\" content=\"1600\" \/>\n\t<meta property=\"og:image:height\" content=\"1200\" \/>\n\t<meta property=\"og:image:type\" content=\"image\/jpeg\" \/>\n<meta name=\"author\" content=\"castello1\" \/>\n<meta name=\"twitter:card\" content=\"summary_large_image\" \/>\n<meta name=\"twitter:creator\" content=\"@pspv_cs\" \/>\n<meta name=\"twitter:site\" content=\"@pspv_cs\" \/>\n<meta name=\"twitter:label1\" content=\"Escrito por\" \/>\n\t<meta name=\"twitter:data1\" content=\"castello1\" \/>\n\t<meta name=\"twitter:label2\" content=\"Tiempo de lectura\" \/>\n\t<meta name=\"twitter:data2\" content=\"2 minutos\" \/>\n<script type=\"application\/ld+json\" class=\"yoast-schema-graph\">{\"@context\":\"https:\/\/schema.org\",\"@graph\":[{\"@type\":\"Article\",\"@id\":\"https:\/\/agrupacionespsoe.es\/castello\/va\/el-pspv-obri-la-seua-seu-de-castello-a-lassessorament-gratuit-de-persones-interessades-en-la-regularitzacio-migratoria\/#article\",\"isPartOf\":{\"@id\":\"https:\/\/agrupacionespsoe.es\/castello\/va\/el-pspv-obri-la-seua-seu-de-castello-a-lassessorament-gratuit-de-persones-interessades-en-la-regularitzacio-migratoria\/\"},\"author\":{\"name\":\"castello1\",\"@id\":\"https:\/\/agrupacionespsoe.es\/castello\/#\/schema\/person\/f3bc5b2f9dc6a399e9e98596ae24a20a\"},\"headline\":\"El PSPV obri la seua seu de Castell\u00f3 a l\u2019assessorament gratu\u00eft de persones interessades en la regularitzaci\u00f3 migrat\u00f2ria\",\"datePublished\":\"2026-04-24T10:03:43+00:00\",\"dateModified\":\"2026-04-24T10:04:16+00:00\",\"mainEntityOfPage\":{\"@id\":\"https:\/\/agrupacionespsoe.es\/castello\/va\/el-pspv-obri-la-seua-seu-de-castello-a-lassessorament-gratuit-de-persones-interessades-en-la-regularitzacio-migratoria\/\"},\"wordCount\":395,\"commentCount\":0,\"publisher\":{\"@id\":\"https:\/\/agrupacionespsoe.es\/castello\/#organization\"},\"image\":{\"@id\":\"https:\/\/agrupacionespsoe.es\/castello\/va\/el-pspv-obri-la-seua-seu-de-castello-a-lassessorament-gratuit-de-persones-interessades-en-la-regularitzacio-migratoria\/#primaryimage\"},\"thumbnailUrl\":\"https:\/\/agrupacionespsoe.es\/castello\/wp-content\/uploads\/sites\/45\/2026\/04\/20260424-El-PSPV-abre-su-sede-de-Castello-al-asesoramiento-gratuito-de-personas-interesadas-en-la-regularizacion-migratoria.jpeg\",\"keywords\":[\"Jos\u00e9 Luis L\u00f3pez\",\"Todos\",\"Yaissel S\u00e1nchez\"],\"articleSection\":[\"Agrupaci\u00f3 Municipal\",\"Grup Municipal Socialista\"],\"inLanguage\":\"es\",\"potentialAction\":[{\"@type\":\"CommentAction\",\"name\":\"Comment\",\"target\":[\"https:\/\/agrupacionespsoe.es\/castello\/va\/el-pspv-obri-la-seua-seu-de-castello-a-lassessorament-gratuit-de-persones-interessades-en-la-regularitzacio-migratoria\/#respond\"]}]},{\"@type\":\"WebPage\",\"@id\":\"https:\/\/agrupacionespsoe.es\/castello\/va\/el-pspv-obri-la-seua-seu-de-castello-a-lassessorament-gratuit-de-persones-interessades-en-la-regularitzacio-migratoria\/\",\"url\":\"https:\/\/agrupacionespsoe.es\/castello\/va\/el-pspv-obri-la-seua-seu-de-castello-a-lassessorament-gratuit-de-persones-interessades-en-la-regularitzacio-migratoria\/\",\"name\":\"El PSPV obri la seua seu de Castell\u00f3 a l\u2019assessorament gratu\u00eft de persones interessades en la regularitzaci\u00f3 migrat\u00f2ria - PSPV-PSOE CASTELL\u00d3\",\"isPartOf\":{\"@id\":\"https:\/\/agrupacionespsoe.es\/castello\/#website\"},\"primaryImageOfPage\":{\"@id\":\"https:\/\/agrupacionespsoe.es\/castello\/va\/el-pspv-obri-la-seua-seu-de-castello-a-lassessorament-gratuit-de-persones-interessades-en-la-regularitzacio-migratoria\/#primaryimage\"},\"image\":{\"@id\":\"https:\/\/agrupacionespsoe.es\/castello\/va\/el-pspv-obri-la-seua-seu-de-castello-a-lassessorament-gratuit-de-persones-interessades-en-la-regularitzacio-migratoria\/#primaryimage\"},\"thumbnailUrl\":\"https:\/\/agrupacionespsoe.es\/castello\/wp-content\/uploads\/sites\/45\/2026\/04\/20260424-El-PSPV-abre-su-sede-de-Castello-al-asesoramiento-gratuito-de-personas-interesadas-en-la-regularizacion-migratoria.jpeg\",\"datePublished\":\"2026-04-24T10:03:43+00:00\",\"dateModified\":\"2026-04-24T10:04:16+00:00\",\"breadcrumb\":{\"@id\":\"https:\/\/agrupacionespsoe.es\/castello\/va\/el-pspv-obri-la-seua-seu-de-castello-a-lassessorament-gratuit-de-persones-interessades-en-la-regularitzacio-migratoria\/#breadcrumb\"},\"inLanguage\":\"es\",\"potentialAction\":[{\"@type\":\"ReadAction\",\"target\":[\"https:\/\/agrupacionespsoe.es\/castello\/va\/el-pspv-obri-la-seua-seu-de-castello-a-lassessorament-gratuit-de-persones-interessades-en-la-regularitzacio-migratoria\/\"]}]},{\"@type\":\"ImageObject\",\"inLanguage\":\"es\",\"@id\":\"https:\/\/agrupacionespsoe.es\/castello\/va\/el-pspv-obri-la-seua-seu-de-castello-a-lassessorament-gratuit-de-persones-interessades-en-la-regularitzacio-migratoria\/#primaryimage\",\"url\":\"https:\/\/agrupacionespsoe.es\/castello\/wp-content\/uploads\/sites\/45\/2026\/04\/20260424-El-PSPV-abre-su-sede-de-Castello-al-asesoramiento-gratuito-de-personas-interesadas-en-la-regularizacion-migratoria.jpeg\",\"contentUrl\":\"https:\/\/agrupacionespsoe.es\/castello\/wp-content\/uploads\/sites\/45\/2026\/04\/20260424-El-PSPV-abre-su-sede-de-Castello-al-asesoramiento-gratuito-de-personas-interesadas-en-la-regularizacion-migratoria.jpeg\",\"width\":1600,\"height\":1200},{\"@type\":\"BreadcrumbList\",\"@id\":\"https:\/\/agrupacionespsoe.es\/castello\/va\/el-pspv-obri-la-seua-seu-de-castello-a-lassessorament-gratuit-de-persones-interessades-en-la-regularitzacio-migratoria\/#breadcrumb\",\"itemListElement\":[{\"@type\":\"ListItem\",\"position\":1,\"name\":\"Portada\",\"item\":\"https:\/\/agrupacionespsoe.es\/castello\/\"},{\"@type\":\"ListItem\",\"position\":2,\"name\":\"El PSPV obri la seua seu de Castell\u00f3 a l\u2019assessorament gratu\u00eft de persones interessades en la regularitzaci\u00f3 migrat\u00f2ria\"}]},{\"@type\":\"WebSite\",\"@id\":\"https:\/\/agrupacionespsoe.es\/castello\/#website\",\"url\":\"https:\/\/agrupacionespsoe.es\/castello\/\",\"name\":\"PSPV-PSOE CASTELL\u00d3\",\"description\":\"PSPV-PSOE | Agrupaci\u00f3 de Castell\u00f3\",\"publisher\":{\"@id\":\"https:\/\/agrupacionespsoe.es\/castello\/#organization\"},\"potentialAction\":[{\"@type\":\"SearchAction\",\"target\":{\"@type\":\"EntryPoint\",\"urlTemplate\":\"https:\/\/agrupacionespsoe.es\/castello\/?s={search_term_string}\"},\"query-input\":{\"@type\":\"PropertyValueSpecification\",\"valueRequired\":true,\"valueName\":\"search_term_string\"}}],\"inLanguage\":\"es\"},{\"@type\":\"Organization\",\"@id\":\"https:\/\/agrupacionespsoe.es\/castello\/#organization\",\"name\":\"PSPV-PSOE Castell\u00f3\",\"url\":\"https:\/\/agrupacionespsoe.es\/castello\/\",\"logo\":{\"@type\":\"ImageObject\",\"inLanguage\":\"es\",\"@id\":\"https:\/\/agrupacionespsoe.es\/castello\/#\/schema\/logo\/image\/\",\"url\":\"https:\/\/agrupacionespsoe.es\/castello\/wp-content\/uploads\/sites\/45\/2023\/04\/PORTADA-PSOE-CASTELLO.jpg\",\"contentUrl\":\"https:\/\/agrupacionespsoe.es\/castello\/wp-content\/uploads\/sites\/45\/2023\/04\/PORTADA-PSOE-CASTELLO.jpg\",\"width\":2500,\"height\":2500,\"caption\":\"PSPV-PSOE Castell\u00f3\"},\"image\":{\"@id\":\"https:\/\/agrupacionespsoe.es\/castello\/#\/schema\/logo\/image\/\"},\"sameAs\":[\"https:\/\/www.facebook.com\/pspv.castellodelaplana\",\"https:\/\/x.com\/pspv_cs\",\"https:\/\/www.instagram.com\/pspvpsoecastello\/\"]},{\"@type\":\"Person\",\"@id\":\"https:\/\/agrupacionespsoe.es\/castello\/#\/schema\/person\/f3bc5b2f9dc6a399e9e98596ae24a20a\",\"name\":\"castello1\",\"image\":{\"@type\":\"ImageObject\",\"inLanguage\":\"es\",\"@id\":\"https:\/\/agrupacionespsoe.es\/castello\/#\/schema\/person\/image\/\",\"url\":\"https:\/\/secure.gravatar.com\/avatar\/5f1da428d6479d1127419c0b58796865?s=96&d=mm&r=g\",\"contentUrl\":\"https:\/\/secure.gravatar.com\/avatar\/5f1da428d6479d1127419c0b58796865?s=96&d=mm&r=g\",\"caption\":\"castello1\"},\"url\":\"https:\/\/agrupacionespsoe.es\/castello\/author\/castello1\/\"}]}<\/script>\n<!-- \/ Yoast SEO plugin. -->","yoast_head_json":{"title":"El PSPV obri la seua seu de Castell\u00f3 a l\u2019assessorament gratu\u00eft de persones interessades en la regularitzaci\u00f3 migrat\u00f2ria - PSPV-PSOE CASTELL\u00d3","robots":{"index":"index","follow":"follow","max-snippet":"max-snippet:-1","max-image-preview":"max-image-preview:large","max-video-preview":"max-video-preview:-1"},"canonical":"https:\/\/agrupacionespsoe.es\/castello\/va\/el-pspv-obri-la-seua-seu-de-castello-a-lassessorament-gratuit-de-persones-interessades-en-la-regularitzacio-migratoria\/","og_locale":"es_ES","og_type":"article","og_title":"El PSPV obri la seua seu de Castell\u00f3 a l\u2019assessorament gratu\u00eft de persones interessades en la regularitzaci\u00f3 migrat\u00f2ria - PSPV-PSOE CASTELL\u00d3","og_description":"El PSPV obrir\u00e0 la Casa del Poble a l&#8217;assessorament gratu\u00eft de persones interessades en el proc\u00e9s extraordinari de regularitzaci\u00f3 migrat\u00f2ria. D&#8217;aquesta manera, la seu socialista del carrer Carcaixent obrir\u00e0 de dilluns a divendres en horari de 9 a 19 hores per a atendre qualsevol persona en aquesta situaci\u00f3 i evitar la propagaci\u00f3 de mentides i ...","og_url":"https:\/\/agrupacionespsoe.es\/castello\/va\/el-pspv-obri-la-seua-seu-de-castello-a-lassessorament-gratuit-de-persones-interessades-en-la-regularitzacio-migratoria\/","og_site_name":"PSPV-PSOE CASTELL\u00d3","article_publisher":"https:\/\/www.facebook.com\/pspv.castellodelaplana","article_published_time":"2026-04-24T10:03:43+00:00","article_modified_time":"2026-04-24T10:04:16+00:00","og_image":[{"width":1600,"height":1200,"url":"https:\/\/agrupacionespsoe.es\/castello\/wp-content\/uploads\/sites\/45\/2026\/04\/20260424-El-PSPV-abre-su-sede-de-Castello-al-asesoramiento-gratuito-de-personas-interesadas-en-la-regularizacion-migratoria.jpeg","type":"image\/jpeg"}],"author":"castello1","twitter_card":"summary_large_image","twitter_creator":"@pspv_cs","twitter_site":"@pspv_cs","twitter_misc":{"Escrito por":"castello1","Tiempo de lectura":"2 minutos"},"schema":{"@context":"https:\/\/schema.org","@graph":[{"@type":"Article","@id":"https:\/\/agrupacionespsoe.es\/castello\/va\/el-pspv-obri-la-seua-seu-de-castello-a-lassessorament-gratuit-de-persones-interessades-en-la-regularitzacio-migratoria\/#article","isPartOf":{"@id":"https:\/\/agrupacionespsoe.es\/castello\/va\/el-pspv-obri-la-seua-seu-de-castello-a-lassessorament-gratuit-de-persones-interessades-en-la-regularitzacio-migratoria\/"},"author":{"name":"castello1","@id":"https:\/\/agrupacionespsoe.es\/castello\/#\/schema\/person\/f3bc5b2f9dc6a399e9e98596ae24a20a"},"headline":"El PSPV obri la seua seu de Castell\u00f3 a l\u2019assessorament gratu\u00eft de persones interessades en la regularitzaci\u00f3 migrat\u00f2ria","datePublished":"2026-04-24T10:03:43+00:00","dateModified":"2026-04-24T10:04:16+00:00","mainEntityOfPage":{"@id":"https:\/\/agrupacionespsoe.es\/castello\/va\/el-pspv-obri-la-seua-seu-de-castello-a-lassessorament-gratuit-de-persones-interessades-en-la-regularitzacio-migratoria\/"},"wordCount":395,"commentCount":0,"publisher":{"@id":"https:\/\/agrupacionespsoe.es\/castello\/#organization"},"image":{"@id":"https:\/\/agrupacionespsoe.es\/castello\/va\/el-pspv-obri-la-seua-seu-de-castello-a-lassessorament-gratuit-de-persones-interessades-en-la-regularitzacio-migratoria\/#primaryimage"},"thumbnailUrl":"https:\/\/agrupacionespsoe.es\/castello\/wp-content\/uploads\/sites\/45\/2026\/04\/20260424-El-PSPV-abre-su-sede-de-Castello-al-asesoramiento-gratuito-de-personas-interesadas-en-la-regularizacion-migratoria.jpeg","keywords":["Jos\u00e9 Luis L\u00f3pez","Todos","Yaissel S\u00e1nchez"],"articleSection":["Agrupaci\u00f3 Municipal","Grup Municipal Socialista"],"inLanguage":"es","potentialAction":[{"@type":"CommentAction","name":"Comment","target":["https:\/\/agrupacionespsoe.es\/castello\/va\/el-pspv-obri-la-seua-seu-de-castello-a-lassessorament-gratuit-de-persones-interessades-en-la-regularitzacio-migratoria\/#respond"]}]},{"@type":"WebPage","@id":"https:\/\/agrupacionespsoe.es\/castello\/va\/el-pspv-obri-la-seua-seu-de-castello-a-lassessorament-gratuit-de-persones-interessades-en-la-regularitzacio-migratoria\/","url":"https:\/\/agrupacionespsoe.es\/castello\/va\/el-pspv-obri-la-seua-seu-de-castello-a-lassessorament-gratuit-de-persones-interessades-en-la-regularitzacio-migratoria\/","name":"El PSPV obri la seua seu de Castell\u00f3 a l\u2019assessorament gratu\u00eft de persones interessades en la regularitzaci\u00f3 migrat\u00f2ria - PSPV-PSOE CASTELL\u00d3","isPartOf":{"@id":"https:\/\/agrupacionespsoe.es\/castello\/#website"},"primaryImageOfPage":{"@id":"https:\/\/agrupacionespsoe.es\/castello\/va\/el-pspv-obri-la-seua-seu-de-castello-a-lassessorament-gratuit-de-persones-interessades-en-la-regularitzacio-migratoria\/#primaryimage"},"image":{"@id":"https:\/\/agrupacionespsoe.es\/castello\/va\/el-pspv-obri-la-seua-seu-de-castello-a-lassessorament-gratuit-de-persones-interessades-en-la-regularitzacio-migratoria\/#primaryimage"},"thumbnailUrl":"https:\/\/agrupacionespsoe.es\/castello\/wp-content\/uploads\/sites\/45\/2026\/04\/20260424-El-PSPV-abre-su-sede-de-Castello-al-asesoramiento-gratuito-de-personas-interesadas-en-la-regularizacion-migratoria.jpeg","datePublished":"2026-04-24T10:03:43+00:00","dateModified":"2026-04-24T10:04:16+00:00","breadcrumb":{"@id":"https:\/\/agrupacionespsoe.es\/castello\/va\/el-pspv-obri-la-seua-seu-de-castello-a-lassessorament-gratuit-de-persones-interessades-en-la-regularitzacio-migratoria\/#breadcrumb"},"inLanguage":"es","potentialAction":[{"@type":"ReadAction","target":["https:\/\/agrupacionespsoe.es\/castello\/va\/el-pspv-obri-la-seua-seu-de-castello-a-lassessorament-gratuit-de-persones-interessades-en-la-regularitzacio-migratoria\/"]}]},{"@type":"ImageObject","inLanguage":"es","@id":"https:\/\/agrupacionespsoe.es\/castello\/va\/el-pspv-obri-la-seua-seu-de-castello-a-lassessorament-gratuit-de-persones-interessades-en-la-regularitzacio-migratoria\/#primaryimage","url":"https:\/\/agrupacionespsoe.es\/castello\/wp-content\/uploads\/sites\/45\/2026\/04\/20260424-El-PSPV-abre-su-sede-de-Castello-al-asesoramiento-gratuito-de-personas-interesadas-en-la-regularizacion-migratoria.jpeg","contentUrl":"https:\/\/agrupacionespsoe.es\/castello\/wp-content\/uploads\/sites\/45\/2026\/04\/20260424-El-PSPV-abre-su-sede-de-Castello-al-asesoramiento-gratuito-de-personas-interesadas-en-la-regularizacion-migratoria.jpeg","width":1600,"height":1200},{"@type":"BreadcrumbList","@id":"https:\/\/agrupacionespsoe.es\/castello\/va\/el-pspv-obri-la-seua-seu-de-castello-a-lassessorament-gratuit-de-persones-interessades-en-la-regularitzacio-migratoria\/#breadcrumb","itemListElement":[{"@type":"ListItem","position":1,"name":"Portada","item":"https:\/\/agrupacionespsoe.es\/castello\/"},{"@type":"ListItem","position":2,"name":"El PSPV obri la seua seu de Castell\u00f3 a l\u2019assessorament gratu\u00eft de persones interessades en la regularitzaci\u00f3 migrat\u00f2ria"}]},{"@type":"WebSite","@id":"https:\/\/agrupacionespsoe.es\/castello\/#website","url":"https:\/\/agrupacionespsoe.es\/castello\/","name":"PSPV-PSOE CASTELL\u00d3","description":"PSPV-PSOE | Agrupaci\u00f3 de Castell\u00f3","publisher":{"@id":"https:\/\/agrupacionespsoe.es\/castello\/#organization"},"potentialAction":[{"@type":"SearchAction","target":{"@type":"EntryPoint","urlTemplate":"https:\/\/agrupacionespsoe.es\/castello\/?s={search_term_string}"},"query-input":{"@type":"PropertyValueSpecification","valueRequired":true,"valueName":"search_term_string"}}],"inLanguage":"es"},{"@type":"Organization","@id":"https:\/\/agrupacionespsoe.es\/castello\/#organization","name":"PSPV-PSOE Castell\u00f3","url":"https:\/\/agrupacionespsoe.es\/castello\/","logo":{"@type":"ImageObject","inLanguage":"es","@id":"https:\/\/agrupacionespsoe.es\/castello\/#\/schema\/logo\/image\/","url":"https:\/\/agrupacionespsoe.es\/castello\/wp-content\/uploads\/sites\/45\/2023\/04\/PORTADA-PSOE-CASTELLO.jpg","contentUrl":"https:\/\/agrupacionespsoe.es\/castello\/wp-content\/uploads\/sites\/45\/2023\/04\/PORTADA-PSOE-CASTELLO.jpg","width":2500,"height":2500,"caption":"PSPV-PSOE Castell\u00f3"},"image":{"@id":"https:\/\/agrupacionespsoe.es\/castello\/#\/schema\/logo\/image\/"},"sameAs":["https:\/\/www.facebook.com\/pspv.castellodelaplana","https:\/\/x.com\/pspv_cs","https:\/\/www.instagram.com\/pspvpsoecastello\/"]},{"@type":"Person","@id":"https:\/\/agrupacionespsoe.es\/castello\/#\/schema\/person\/f3bc5b2f9dc6a399e9e98596ae24a20a","name":"castello1","image":{"@type":"ImageObject","inLanguage":"es","@id":"https:\/\/agrupacionespsoe.es\/castello\/#\/schema\/person\/image\/","url":"https:\/\/secure.gravatar.com\/avatar\/5f1da428d6479d1127419c0b58796865?s=96&d=mm&r=g","contentUrl":"https:\/\/secure.gravatar.com\/avatar\/5f1da428d6479d1127419c0b58796865?s=96&d=mm&r=g","caption":"castello1"},"url":"https:\/\/agrupacionespsoe.es\/castello\/author\/castello1\/"}]}},"jetpack_publicize_connections":[],"jetpack_featured_media_url":"https:\/\/agrupacionespsoe.es\/castello\/wp-content\/uploads\/sites\/45\/2026\/04\/20260424-El-PSPV-abre-su-sede-de-Castello-al-asesoramiento-gratuito-de-personas-interesadas-en-la-regularizacion-migratoria.jpeg","jetpack_sharing_enabled":true,"_links":{"self":[{"href":"https:\/\/agrupacionespsoe.es\/castello\/wp-json\/wp\/v2\/posts\/10964","targetHints":{"allow":["GET"]}}],"collection":[{"href":"https:\/\/agrupacionespsoe.es\/castello\/wp-json\/wp\/v2\/posts"}],"about":[{"href":"https:\/\/agrupacionespsoe.es\/castello\/wp-json\/wp\/v2\/types\/post"}],"author":[{"embeddable":true,"href":"https:\/\/agrupacionespsoe.es\/castello\/wp-json\/wp\/v2\/users\/48"}],"replies":[{"embeddable":true,"href":"https:\/\/agrupacionespsoe.es\/castello\/wp-json\/wp\/v2\/comments?post=10964"}],"version-history":[{"count":3,"href":"https:\/\/agrupacionespsoe.es\/castello\/wp-json\/wp\/v2\/posts\/10964\/revisions"}],"predecessor-version":[{"id":10967,"href":"https:\/\/agrupacionespsoe.es\/castello\/wp-json\/wp\/v2\/posts\/10964\/revisions\/10967"}],"wp:featuredmedia":[{"embeddable":true,"href":"https:\/\/agrupacionespsoe.es\/castello\/wp-json\/wp\/v2\/media\/10962"}],"wp:attachment":[{"href":"https:\/\/agrupacionespsoe.es\/castello\/wp-json\/wp\/v2\/media?parent=10964"}],"wp:term":[{"taxonomy":"category","embeddable":true,"href":"https:\/\/agrupacionespsoe.es\/castello\/wp-json\/wp\/v2\/categories?post=10964"},{"taxonomy":"post_tag","embeddable":true,"href":"https:\/\/agrupacionespsoe.es\/castello\/wp-json\/wp\/v2\/tags?post=10964"}],"curies":[{"name":"wp","href":"https:\/\/api.w.org\/{rel}","templated":true}]}}