{"id":10960,"date":"2026-04-24T12:04:23","date_gmt":"2026-04-24T10:04:23","guid":{"rendered":"https:\/\/agrupacionespsoe.es\/castello\/?p=10960"},"modified":"2026-04-24T12:21:02","modified_gmt":"2026-04-24T10:21:02","slug":"el-pspv-abre-su-sede-de-castello-al-asesoramiento-gratuito-de-personas-interesadas-en-la-regularizacion-migratoria","status":"publish","type":"post","link":"https:\/\/agrupacionespsoe.es\/castello\/el-pspv-abre-su-sede-de-castello-al-asesoramiento-gratuito-de-personas-interesadas-en-la-regularizacion-migratoria\/","title":{"rendered":"El PSPV abre su sede de Castell\u00f3 al asesoramiento gratuito de personas interesadas en la regularizaci\u00f3n migratoria"},"content":{"rendered":"\n<ul class=\"wp-block-list\">\n<li><em>Pueden reservar cita previa \u2018on line\u2019 para acudir de lunes a viernes en horario de 9 a 19 horas a la Casa del Pueblo de la calle Carcagente<\/em><\/li>\n<\/ul>\n\n\n\n<figure class=\"wp-block-audio\"><audio controls src=\"https:\/\/agrupacionespsoe.es\/castello\/wp-content\/uploads\/sites\/45\/2026\/04\/20260424-El-PSPV-abre-su-sede-de-Castello-al-asesoramiento-gratuito-de-personas-interesadas-en-la-regularizacion-migratoria.mp3\" autoplay><\/audio><\/figure>\n\n\n\n<p>El PSPV abrir\u00e1 la Casa del Pueblo al asesoramiento gratuito de personas interesadas en el proceso extraordinario de regularizaci\u00f3n migratoria. De esta forma, la sede socialista de la calle Carcaixent abrir\u00e1 de lunes a viernes en horario de 9 a 19 horas para atender a cualquier persona en esta situaci\u00f3n y evitar la propagaci\u00f3n de bulos y estafas detectados.<\/p>\n\n\n\n<p>Adem\u00e1s, el PSPV ha habilitado un formulario para la solicitud de cita previa que evite, de esta forma, las colas de espera en la calle y facilite una atenci\u00f3n personalizada y sin l\u00edmite de tiempo. El registro ya est\u00e1 abierto en la direcci\u00f3n:&nbsp;<a href=\"https:\/\/psoecs.short.gy\/cita-previa\" target=\"_blank\" rel=\"noreferrer noopener\">https:\/\/psoecs.short.gy\/cita-previa<\/a>. Los responsables de la oficina instan a quienes realicen la reserva de cita a acudir a la oficina en la hora indicada y con toda la documentaci\u00f3n de que dispongan para facilitar la tramitaci\u00f3n de expedientes.<\/p>\n\n\n\n<p>Cabe recordar que los requisitos para formar parte del proceso son: encontrarse en Espa\u00f1a antes del 1 de enero de 2026 y acreditar una permanencia ininterrumpida de al menos cinco meses en el momento de la solicitud, adem\u00e1s de carecer de antecedentes penales y no suponer una amenaza para el orden p\u00fablico, la seguridad p\u00fablica o la salud p\u00fablica.<\/p>\n\n\n\n<p>La iniciativa impulsada desde el PSPV de Castell\u00f3 arranc\u00f3 este jueves con una jornada informativa a cargo de David Barrachina, abogado especialista en extranjer\u00eda, que resolvi\u00f3 las dudas planteadas por los asistentes. En la reuni\u00f3n tambi\u00e9n participaron\u00a0<strong><a href=\"https:\/\/agrupacionespsoe.es\/castello\/tag\/yaissel-sanchez\/\">Yaissel S\u00e1nchez<\/a><\/strong>, secretaria de Migraciones del PSPV-PSOE y diputada en Les Corts Valencianes, y\u00a0<strong><a href=\"https:\/\/agrupacionespsoe.es\/castello\/tag\/silvia-gomez\/\">Silvia G\u00f3mez<\/a><\/strong>, diputada de Bienestar Social en la c\u00e1mara auton\u00f3mica, as\u00ed como el portavoz adjunto del Grupo Municipal Socialista y diputado provincial, <a href=\"https:\/\/agrupacionespsoe.es\/castello\/tag\/jose-luis-lopez\/\">Jos\u00e9 Luis L\u00f3pez<\/a>.<\/p>\n\n\n\n<p>L\u00f3pez ha recordado que la regularizaci\u00f3n extraordinaria supone un impulso a los derechos humanos, la integraci\u00f3n y la convivencia dentro de la pol\u00edtica migratoria para la igualdad de quienes ya residen entre los castellonenses pero que, hasta la fecha, no pod\u00edan formar parte de la estructura legal.<\/p>\n","protected":false},"excerpt":{"rendered":"<p>El PSPV abrir\u00e1 la Casa del Pueblo al asesoramiento gratuito de personas interesadas en el proceso extraordinario de regularizaci\u00f3n migratoria. De esta forma, la sede socialista de la calle Carcaixent abrir\u00e1 de lunes a viernes en horario de 9 a 19 horas para atender a cualquier persona en esta situaci\u00f3n y evitar la propagaci\u00f3n de &#8230;<\/p>\n","protected":false},"author":48,"featured_media":10962,"comment_status":"open","ping_status":"open","sticky":false,"template":"","format":"standard","meta":{"_jetpack_memberships_contains_paid_content":false,"footnotes":"","jetpack_publicize_message":"","jetpack_publicize_feature_enabled":true,"jetpack_social_post_already_shared":true,"jetpack_social_options":{"image_generator_settings":{"template":"highway","default_image_id":0,"font":"","enabled":false},"version":2}},"categories":[35,33],"tags":[85,1255,448,1251],"class_list":["post-10960","post","type-post","status-publish","format-standard","has-post-thumbnail","hentry","category-agrupacio-municipal","category-gms","tag-jose-luis-lopez","tag-silvia-gomez","tag-todos-es","tag-yaissel-sanchez"],"yoast_head":"<!-- This site is optimized with the Yoast SEO plugin v24.0 - https:\/\/yoast.com\/wordpress\/plugins\/seo\/ -->\n<title>El PSPV abre su sede de Castell\u00f3 al asesoramiento gratuito de personas interesadas en la regularizaci\u00f3n migratoria - PSPV-PSOE CASTELL\u00d3<\/title>\n<meta name=\"robots\" content=\"index, follow, max-snippet:-1, max-image-preview:large, max-video-preview:-1\" \/>\n<link rel=\"canonical\" href=\"https:\/\/agrupacionespsoe.es\/castello\/el-pspv-abre-su-sede-de-castello-al-asesoramiento-gratuito-de-personas-interesadas-en-la-regularizacion-migratoria\/\" \/>\n<meta property=\"og:locale\" content=\"es_ES\" \/>\n<meta property=\"og:type\" content=\"article\" \/>\n<meta property=\"og:title\" content=\"El PSPV abre su sede de Castell\u00f3 al asesoramiento gratuito de personas interesadas en la regularizaci\u00f3n migratoria - PSPV-PSOE CASTELL\u00d3\" \/>\n<meta property=\"og:description\" content=\"El PSPV abrir\u00e1 la Casa del Pueblo al asesoramiento gratuito de personas interesadas en el proceso extraordinario de regularizaci\u00f3n migratoria. De esta forma, la sede socialista de la calle Carcaixent abrir\u00e1 de lunes a viernes en horario de 9 a 19 horas para atender a cualquier persona en esta situaci\u00f3n y evitar la propagaci\u00f3n de ...\" \/>\n<meta property=\"og:url\" content=\"https:\/\/agrupacionespsoe.es\/castello\/el-pspv-abre-su-sede-de-castello-al-asesoramiento-gratuito-de-personas-interesadas-en-la-regularizacion-migratoria\/\" \/>\n<meta property=\"og:site_name\" content=\"PSPV-PSOE CASTELL\u00d3\" \/>\n<meta property=\"article:publisher\" content=\"https:\/\/www.facebook.com\/pspv.castellodelaplana\" \/>\n<meta property=\"article:published_time\" content=\"2026-04-24T10:04:23+00:00\" \/>\n<meta property=\"article:modified_time\" content=\"2026-04-24T10:21:02+00:00\" \/>\n<meta property=\"og:image\" content=\"https:\/\/agrupacionespsoe.es\/castello\/wp-content\/uploads\/sites\/45\/2026\/04\/20260424-El-PSPV-abre-su-sede-de-Castello-al-asesoramiento-gratuito-de-personas-interesadas-en-la-regularizacion-migratoria.jpeg\" \/>\n\t<meta property=\"og:image:width\" content=\"1600\" \/>\n\t<meta property=\"og:image:height\" content=\"1200\" \/>\n\t<meta property=\"og:image:type\" content=\"image\/jpeg\" \/>\n<meta name=\"author\" content=\"castello1\" \/>\n<meta name=\"twitter:card\" content=\"summary_large_image\" \/>\n<meta name=\"twitter:creator\" content=\"@pspv_cs\" \/>\n<meta name=\"twitter:site\" content=\"@pspv_cs\" \/>\n<meta name=\"twitter:label1\" content=\"Escrito por\" \/>\n\t<meta name=\"twitter:data1\" content=\"castello1\" \/>\n\t<meta name=\"twitter:label2\" content=\"Tiempo de lectura\" \/>\n\t<meta name=\"twitter:data2\" content=\"2 minutos\" \/>\n<script type=\"application\/ld+json\" class=\"yoast-schema-graph\">{\"@context\":\"https:\/\/schema.org\",\"@graph\":[{\"@type\":\"Article\",\"@id\":\"https:\/\/agrupacionespsoe.es\/castello\/el-pspv-abre-su-sede-de-castello-al-asesoramiento-gratuito-de-personas-interesadas-en-la-regularizacion-migratoria\/#article\",\"isPartOf\":{\"@id\":\"https:\/\/agrupacionespsoe.es\/castello\/el-pspv-abre-su-sede-de-castello-al-asesoramiento-gratuito-de-personas-interesadas-en-la-regularizacion-migratoria\/\"},\"author\":{\"name\":\"castello1\",\"@id\":\"https:\/\/agrupacionespsoe.es\/castello\/#\/schema\/person\/f3bc5b2f9dc6a399e9e98596ae24a20a\"},\"headline\":\"El PSPV abre su sede de Castell\u00f3 al asesoramiento gratuito de personas interesadas en la regularizaci\u00f3n migratoria\",\"datePublished\":\"2026-04-24T10:04:23+00:00\",\"dateModified\":\"2026-04-24T10:21:02+00:00\",\"mainEntityOfPage\":{\"@id\":\"https:\/\/agrupacionespsoe.es\/castello\/el-pspv-abre-su-sede-de-castello-al-asesoramiento-gratuito-de-personas-interesadas-en-la-regularizacion-migratoria\/\"},\"wordCount\":393,\"commentCount\":0,\"publisher\":{\"@id\":\"https:\/\/agrupacionespsoe.es\/castello\/#organization\"},\"image\":{\"@id\":\"https:\/\/agrupacionespsoe.es\/castello\/el-pspv-abre-su-sede-de-castello-al-asesoramiento-gratuito-de-personas-interesadas-en-la-regularizacion-migratoria\/#primaryimage\"},\"thumbnailUrl\":\"https:\/\/agrupacionespsoe.es\/castello\/wp-content\/uploads\/sites\/45\/2026\/04\/20260424-El-PSPV-abre-su-sede-de-Castello-al-asesoramiento-gratuito-de-personas-interesadas-en-la-regularizacion-migratoria.jpeg\",\"keywords\":[\"Jos\u00e9 Luis L\u00f3pez\",\"Silvia G\u00f3mez\",\"Todos\",\"Yaissel S\u00e1nchez\"],\"articleSection\":[\"Agrupaci\u00f3n Municipal\",\"Grupo Municipal Socialista\"],\"inLanguage\":\"es\",\"potentialAction\":[{\"@type\":\"CommentAction\",\"name\":\"Comment\",\"target\":[\"https:\/\/agrupacionespsoe.es\/castello\/el-pspv-abre-su-sede-de-castello-al-asesoramiento-gratuito-de-personas-interesadas-en-la-regularizacion-migratoria\/#respond\"]}]},{\"@type\":\"WebPage\",\"@id\":\"https:\/\/agrupacionespsoe.es\/castello\/el-pspv-abre-su-sede-de-castello-al-asesoramiento-gratuito-de-personas-interesadas-en-la-regularizacion-migratoria\/\",\"url\":\"https:\/\/agrupacionespsoe.es\/castello\/el-pspv-abre-su-sede-de-castello-al-asesoramiento-gratuito-de-personas-interesadas-en-la-regularizacion-migratoria\/\",\"name\":\"El PSPV abre su sede de Castell\u00f3 al asesoramiento gratuito de personas interesadas en la regularizaci\u00f3n migratoria - PSPV-PSOE CASTELL\u00d3\",\"isPartOf\":{\"@id\":\"https:\/\/agrupacionespsoe.es\/castello\/#website\"},\"primaryImageOfPage\":{\"@id\":\"https:\/\/agrupacionespsoe.es\/castello\/el-pspv-abre-su-sede-de-castello-al-asesoramiento-gratuito-de-personas-interesadas-en-la-regularizacion-migratoria\/#primaryimage\"},\"image\":{\"@id\":\"https:\/\/agrupacionespsoe.es\/castello\/el-pspv-abre-su-sede-de-castello-al-asesoramiento-gratuito-de-personas-interesadas-en-la-regularizacion-migratoria\/#primaryimage\"},\"thumbnailUrl\":\"https:\/\/agrupacionespsoe.es\/castello\/wp-content\/uploads\/sites\/45\/2026\/04\/20260424-El-PSPV-abre-su-sede-de-Castello-al-asesoramiento-gratuito-de-personas-interesadas-en-la-regularizacion-migratoria.jpeg\",\"datePublished\":\"2026-04-24T10:04:23+00:00\",\"dateModified\":\"2026-04-24T10:21:02+00:00\",\"breadcrumb\":{\"@id\":\"https:\/\/agrupacionespsoe.es\/castello\/el-pspv-abre-su-sede-de-castello-al-asesoramiento-gratuito-de-personas-interesadas-en-la-regularizacion-migratoria\/#breadcrumb\"},\"inLanguage\":\"es\",\"potentialAction\":[{\"@type\":\"ReadAction\",\"target\":[\"https:\/\/agrupacionespsoe.es\/castello\/el-pspv-abre-su-sede-de-castello-al-asesoramiento-gratuito-de-personas-interesadas-en-la-regularizacion-migratoria\/\"]}]},{\"@type\":\"ImageObject\",\"inLanguage\":\"es\",\"@id\":\"https:\/\/agrupacionespsoe.es\/castello\/el-pspv-abre-su-sede-de-castello-al-asesoramiento-gratuito-de-personas-interesadas-en-la-regularizacion-migratoria\/#primaryimage\",\"url\":\"https:\/\/agrupacionespsoe.es\/castello\/wp-content\/uploads\/sites\/45\/2026\/04\/20260424-El-PSPV-abre-su-sede-de-Castello-al-asesoramiento-gratuito-de-personas-interesadas-en-la-regularizacion-migratoria.jpeg\",\"contentUrl\":\"https:\/\/agrupacionespsoe.es\/castello\/wp-content\/uploads\/sites\/45\/2026\/04\/20260424-El-PSPV-abre-su-sede-de-Castello-al-asesoramiento-gratuito-de-personas-interesadas-en-la-regularizacion-migratoria.jpeg\",\"width\":1600,\"height\":1200},{\"@type\":\"BreadcrumbList\",\"@id\":\"https:\/\/agrupacionespsoe.es\/castello\/el-pspv-abre-su-sede-de-castello-al-asesoramiento-gratuito-de-personas-interesadas-en-la-regularizacion-migratoria\/#breadcrumb\",\"itemListElement\":[{\"@type\":\"ListItem\",\"position\":1,\"name\":\"Portada\",\"item\":\"https:\/\/agrupacionespsoe.es\/castello\/\"},{\"@type\":\"ListItem\",\"position\":2,\"name\":\"El PSPV abre su sede de Castell\u00f3 al asesoramiento gratuito de personas interesadas en la regularizaci\u00f3n migratoria\"}]},{\"@type\":\"WebSite\",\"@id\":\"https:\/\/agrupacionespsoe.es\/castello\/#website\",\"url\":\"https:\/\/agrupacionespsoe.es\/castello\/\",\"name\":\"PSPV-PSOE CASTELL\u00d3\",\"description\":\"PSPV-PSOE | Agrupaci\u00f3 de Castell\u00f3\",\"publisher\":{\"@id\":\"https:\/\/agrupacionespsoe.es\/castello\/#organization\"},\"potentialAction\":[{\"@type\":\"SearchAction\",\"target\":{\"@type\":\"EntryPoint\",\"urlTemplate\":\"https:\/\/agrupacionespsoe.es\/castello\/?s={search_term_string}\"},\"query-input\":{\"@type\":\"PropertyValueSpecification\",\"valueRequired\":true,\"valueName\":\"search_term_string\"}}],\"inLanguage\":\"es\"},{\"@type\":\"Organization\",\"@id\":\"https:\/\/agrupacionespsoe.es\/castello\/#organization\",\"name\":\"PSPV-PSOE Castell\u00f3\",\"url\":\"https:\/\/agrupacionespsoe.es\/castello\/\",\"logo\":{\"@type\":\"ImageObject\",\"inLanguage\":\"es\",\"@id\":\"https:\/\/agrupacionespsoe.es\/castello\/#\/schema\/logo\/image\/\",\"url\":\"https:\/\/agrupacionespsoe.es\/castello\/wp-content\/uploads\/sites\/45\/2023\/04\/PORTADA-PSOE-CASTELLO.jpg\",\"contentUrl\":\"https:\/\/agrupacionespsoe.es\/castello\/wp-content\/uploads\/sites\/45\/2023\/04\/PORTADA-PSOE-CASTELLO.jpg\",\"width\":2500,\"height\":2500,\"caption\":\"PSPV-PSOE Castell\u00f3\"},\"image\":{\"@id\":\"https:\/\/agrupacionespsoe.es\/castello\/#\/schema\/logo\/image\/\"},\"sameAs\":[\"https:\/\/www.facebook.com\/pspv.castellodelaplana\",\"https:\/\/x.com\/pspv_cs\",\"https:\/\/www.instagram.com\/pspvpsoecastello\/\"]},{\"@type\":\"Person\",\"@id\":\"https:\/\/agrupacionespsoe.es\/castello\/#\/schema\/person\/f3bc5b2f9dc6a399e9e98596ae24a20a\",\"name\":\"castello1\",\"image\":{\"@type\":\"ImageObject\",\"inLanguage\":\"es\",\"@id\":\"https:\/\/agrupacionespsoe.es\/castello\/#\/schema\/person\/image\/\",\"url\":\"https:\/\/secure.gravatar.com\/avatar\/5f1da428d6479d1127419c0b58796865?s=96&d=mm&r=g\",\"contentUrl\":\"https:\/\/secure.gravatar.com\/avatar\/5f1da428d6479d1127419c0b58796865?s=96&d=mm&r=g\",\"caption\":\"castello1\"},\"url\":\"https:\/\/agrupacionespsoe.es\/castello\/author\/castello1\/\"}]}<\/script>\n<!-- \/ Yoast SEO plugin. -->","yoast_head_json":{"title":"El PSPV abre su sede de Castell\u00f3 al asesoramiento gratuito de personas interesadas en la regularizaci\u00f3n migratoria - PSPV-PSOE CASTELL\u00d3","robots":{"index":"index","follow":"follow","max-snippet":"max-snippet:-1","max-image-preview":"max-image-preview:large","max-video-preview":"max-video-preview:-1"},"canonical":"https:\/\/agrupacionespsoe.es\/castello\/el-pspv-abre-su-sede-de-castello-al-asesoramiento-gratuito-de-personas-interesadas-en-la-regularizacion-migratoria\/","og_locale":"es_ES","og_type":"article","og_title":"El PSPV abre su sede de Castell\u00f3 al asesoramiento gratuito de personas interesadas en la regularizaci\u00f3n migratoria - PSPV-PSOE CASTELL\u00d3","og_description":"El PSPV abrir\u00e1 la Casa del Pueblo al asesoramiento gratuito de personas interesadas en el proceso extraordinario de regularizaci\u00f3n migratoria. De esta forma, la sede socialista de la calle Carcaixent abrir\u00e1 de lunes a viernes en horario de 9 a 19 horas para atender a cualquier persona en esta situaci\u00f3n y evitar la propagaci\u00f3n de ...","og_url":"https:\/\/agrupacionespsoe.es\/castello\/el-pspv-abre-su-sede-de-castello-al-asesoramiento-gratuito-de-personas-interesadas-en-la-regularizacion-migratoria\/","og_site_name":"PSPV-PSOE CASTELL\u00d3","article_publisher":"https:\/\/www.facebook.com\/pspv.castellodelaplana","article_published_time":"2026-04-24T10:04:23+00:00","article_modified_time":"2026-04-24T10:21:02+00:00","og_image":[{"width":1600,"height":1200,"url":"https:\/\/agrupacionespsoe.es\/castello\/wp-content\/uploads\/sites\/45\/2026\/04\/20260424-El-PSPV-abre-su-sede-de-Castello-al-asesoramiento-gratuito-de-personas-interesadas-en-la-regularizacion-migratoria.jpeg","type":"image\/jpeg"}],"author":"castello1","twitter_card":"summary_large_image","twitter_creator":"@pspv_cs","twitter_site":"@pspv_cs","twitter_misc":{"Escrito por":"castello1","Tiempo de lectura":"2 minutos"},"schema":{"@context":"https:\/\/schema.org","@graph":[{"@type":"Article","@id":"https:\/\/agrupacionespsoe.es\/castello\/el-pspv-abre-su-sede-de-castello-al-asesoramiento-gratuito-de-personas-interesadas-en-la-regularizacion-migratoria\/#article","isPartOf":{"@id":"https:\/\/agrupacionespsoe.es\/castello\/el-pspv-abre-su-sede-de-castello-al-asesoramiento-gratuito-de-personas-interesadas-en-la-regularizacion-migratoria\/"},"author":{"name":"castello1","@id":"https:\/\/agrupacionespsoe.es\/castello\/#\/schema\/person\/f3bc5b2f9dc6a399e9e98596ae24a20a"},"headline":"El PSPV abre su sede de Castell\u00f3 al asesoramiento gratuito de personas interesadas en la regularizaci\u00f3n migratoria","datePublished":"2026-04-24T10:04:23+00:00","dateModified":"2026-04-24T10:21:02+00:00","mainEntityOfPage":{"@id":"https:\/\/agrupacionespsoe.es\/castello\/el-pspv-abre-su-sede-de-castello-al-asesoramiento-gratuito-de-personas-interesadas-en-la-regularizacion-migratoria\/"},"wordCount":393,"commentCount":0,"publisher":{"@id":"https:\/\/agrupacionespsoe.es\/castello\/#organization"},"image":{"@id":"https:\/\/agrupacionespsoe.es\/castello\/el-pspv-abre-su-sede-de-castello-al-asesoramiento-gratuito-de-personas-interesadas-en-la-regularizacion-migratoria\/#primaryimage"},"thumbnailUrl":"https:\/\/agrupacionespsoe.es\/castello\/wp-content\/uploads\/sites\/45\/2026\/04\/20260424-El-PSPV-abre-su-sede-de-Castello-al-asesoramiento-gratuito-de-personas-interesadas-en-la-regularizacion-migratoria.jpeg","keywords":["Jos\u00e9 Luis L\u00f3pez","Silvia G\u00f3mez","Todos","Yaissel S\u00e1nchez"],"articleSection":["Agrupaci\u00f3n Municipal","Grupo Municipal Socialista"],"inLanguage":"es","potentialAction":[{"@type":"CommentAction","name":"Comment","target":["https:\/\/agrupacionespsoe.es\/castello\/el-pspv-abre-su-sede-de-castello-al-asesoramiento-gratuito-de-personas-interesadas-en-la-regularizacion-migratoria\/#respond"]}]},{"@type":"WebPage","@id":"https:\/\/agrupacionespsoe.es\/castello\/el-pspv-abre-su-sede-de-castello-al-asesoramiento-gratuito-de-personas-interesadas-en-la-regularizacion-migratoria\/","url":"https:\/\/agrupacionespsoe.es\/castello\/el-pspv-abre-su-sede-de-castello-al-asesoramiento-gratuito-de-personas-interesadas-en-la-regularizacion-migratoria\/","name":"El PSPV abre su sede de Castell\u00f3 al asesoramiento gratuito de personas interesadas en la regularizaci\u00f3n migratoria - PSPV-PSOE CASTELL\u00d3","isPartOf":{"@id":"https:\/\/agrupacionespsoe.es\/castello\/#website"},"primaryImageOfPage":{"@id":"https:\/\/agrupacionespsoe.es\/castello\/el-pspv-abre-su-sede-de-castello-al-asesoramiento-gratuito-de-personas-interesadas-en-la-regularizacion-migratoria\/#primaryimage"},"image":{"@id":"https:\/\/agrupacionespsoe.es\/castello\/el-pspv-abre-su-sede-de-castello-al-asesoramiento-gratuito-de-personas-interesadas-en-la-regularizacion-migratoria\/#primaryimage"},"thumbnailUrl":"https:\/\/agrupacionespsoe.es\/castello\/wp-content\/uploads\/sites\/45\/2026\/04\/20260424-El-PSPV-abre-su-sede-de-Castello-al-asesoramiento-gratuito-de-personas-interesadas-en-la-regularizacion-migratoria.jpeg","datePublished":"2026-04-24T10:04:23+00:00","dateModified":"2026-04-24T10:21:02+00:00","breadcrumb":{"@id":"https:\/\/agrupacionespsoe.es\/castello\/el-pspv-abre-su-sede-de-castello-al-asesoramiento-gratuito-de-personas-interesadas-en-la-regularizacion-migratoria\/#breadcrumb"},"inLanguage":"es","potentialAction":[{"@type":"ReadAction","target":["https:\/\/agrupacionespsoe.es\/castello\/el-pspv-abre-su-sede-de-castello-al-asesoramiento-gratuito-de-personas-interesadas-en-la-regularizacion-migratoria\/"]}]},{"@type":"ImageObject","inLanguage":"es","@id":"https:\/\/agrupacionespsoe.es\/castello\/el-pspv-abre-su-sede-de-castello-al-asesoramiento-gratuito-de-personas-interesadas-en-la-regularizacion-migratoria\/#primaryimage","url":"https:\/\/agrupacionespsoe.es\/castello\/wp-content\/uploads\/sites\/45\/2026\/04\/20260424-El-PSPV-abre-su-sede-de-Castello-al-asesoramiento-gratuito-de-personas-interesadas-en-la-regularizacion-migratoria.jpeg","contentUrl":"https:\/\/agrupacionespsoe.es\/castello\/wp-content\/uploads\/sites\/45\/2026\/04\/20260424-El-PSPV-abre-su-sede-de-Castello-al-asesoramiento-gratuito-de-personas-interesadas-en-la-regularizacion-migratoria.jpeg","width":1600,"height":1200},{"@type":"BreadcrumbList","@id":"https:\/\/agrupacionespsoe.es\/castello\/el-pspv-abre-su-sede-de-castello-al-asesoramiento-gratuito-de-personas-interesadas-en-la-regularizacion-migratoria\/#breadcrumb","itemListElement":[{"@type":"ListItem","position":1,"name":"Portada","item":"https:\/\/agrupacionespsoe.es\/castello\/"},{"@type":"ListItem","position":2,"name":"El PSPV abre su sede de Castell\u00f3 al asesoramiento gratuito de personas interesadas en la regularizaci\u00f3n migratoria"}]},{"@type":"WebSite","@id":"https:\/\/agrupacionespsoe.es\/castello\/#website","url":"https:\/\/agrupacionespsoe.es\/castello\/","name":"PSPV-PSOE CASTELL\u00d3","description":"PSPV-PSOE | Agrupaci\u00f3 de Castell\u00f3","publisher":{"@id":"https:\/\/agrupacionespsoe.es\/castello\/#organization"},"potentialAction":[{"@type":"SearchAction","target":{"@type":"EntryPoint","urlTemplate":"https:\/\/agrupacionespsoe.es\/castello\/?s={search_term_string}"},"query-input":{"@type":"PropertyValueSpecification","valueRequired":true,"valueName":"search_term_string"}}],"inLanguage":"es"},{"@type":"Organization","@id":"https:\/\/agrupacionespsoe.es\/castello\/#organization","name":"PSPV-PSOE Castell\u00f3","url":"https:\/\/agrupacionespsoe.es\/castello\/","logo":{"@type":"ImageObject","inLanguage":"es","@id":"https:\/\/agrupacionespsoe.es\/castello\/#\/schema\/logo\/image\/","url":"https:\/\/agrupacionespsoe.es\/castello\/wp-content\/uploads\/sites\/45\/2023\/04\/PORTADA-PSOE-CASTELLO.jpg","contentUrl":"https:\/\/agrupacionespsoe.es\/castello\/wp-content\/uploads\/sites\/45\/2023\/04\/PORTADA-PSOE-CASTELLO.jpg","width":2500,"height":2500,"caption":"PSPV-PSOE Castell\u00f3"},"image":{"@id":"https:\/\/agrupacionespsoe.es\/castello\/#\/schema\/logo\/image\/"},"sameAs":["https:\/\/www.facebook.com\/pspv.castellodelaplana","https:\/\/x.com\/pspv_cs","https:\/\/www.instagram.com\/pspvpsoecastello\/"]},{"@type":"Person","@id":"https:\/\/agrupacionespsoe.es\/castello\/#\/schema\/person\/f3bc5b2f9dc6a399e9e98596ae24a20a","name":"castello1","image":{"@type":"ImageObject","inLanguage":"es","@id":"https:\/\/agrupacionespsoe.es\/castello\/#\/schema\/person\/image\/","url":"https:\/\/secure.gravatar.com\/avatar\/5f1da428d6479d1127419c0b58796865?s=96&d=mm&r=g","contentUrl":"https:\/\/secure.gravatar.com\/avatar\/5f1da428d6479d1127419c0b58796865?s=96&d=mm&r=g","caption":"castello1"},"url":"https:\/\/agrupacionespsoe.es\/castello\/author\/castello1\/"}]}},"jetpack_publicize_connections":[],"jetpack_featured_media_url":"https:\/\/agrupacionespsoe.es\/castello\/wp-content\/uploads\/sites\/45\/2026\/04\/20260424-El-PSPV-abre-su-sede-de-Castello-al-asesoramiento-gratuito-de-personas-interesadas-en-la-regularizacion-migratoria.jpeg","jetpack_sharing_enabled":true,"_links":{"self":[{"href":"https:\/\/agrupacionespsoe.es\/castello\/wp-json\/wp\/v2\/posts\/10960","targetHints":{"allow":["GET"]}}],"collection":[{"href":"https:\/\/agrupacionespsoe.es\/castello\/wp-json\/wp\/v2\/posts"}],"about":[{"href":"https:\/\/agrupacionespsoe.es\/castello\/wp-json\/wp\/v2\/types\/post"}],"author":[{"embeddable":true,"href":"https:\/\/agrupacionespsoe.es\/castello\/wp-json\/wp\/v2\/users\/48"}],"replies":[{"embeddable":true,"href":"https:\/\/agrupacionespsoe.es\/castello\/wp-json\/wp\/v2\/comments?post=10960"}],"version-history":[{"count":2,"href":"https:\/\/agrupacionespsoe.es\/castello\/wp-json\/wp\/v2\/posts\/10960\/revisions"}],"predecessor-version":[{"id":10968,"href":"https:\/\/agrupacionespsoe.es\/castello\/wp-json\/wp\/v2\/posts\/10960\/revisions\/10968"}],"wp:featuredmedia":[{"embeddable":true,"href":"https:\/\/agrupacionespsoe.es\/castello\/wp-json\/wp\/v2\/media\/10962"}],"wp:attachment":[{"href":"https:\/\/agrupacionespsoe.es\/castello\/wp-json\/wp\/v2\/media?parent=10960"}],"wp:term":[{"taxonomy":"category","embeddable":true,"href":"https:\/\/agrupacionespsoe.es\/castello\/wp-json\/wp\/v2\/categories?post=10960"},{"taxonomy":"post_tag","embeddable":true,"href":"https:\/\/agrupacionespsoe.es\/castello\/wp-json\/wp\/v2\/tags?post=10960"}],"curies":[{"name":"wp","href":"https:\/\/api.w.org\/{rel}","templated":true}]}}