{"id":10958,"date":"2026-04-24T12:00:00","date_gmt":"2026-04-24T10:00:00","guid":{"rendered":"https:\/\/agrupacionespsoe.es\/castello\/?p=10958"},"modified":"2026-04-24T10:23:41","modified_gmt":"2026-04-24T08:23:41","slug":"voluntad-de-participar-con-gasto-anadido","status":"publish","type":"post","link":"https:\/\/agrupacionespsoe.es\/castello\/voluntad-de-participar-con-gasto-anadido\/","title":{"rendered":"Voluntad de participar con gasto a\u00f1adido"},"content":{"rendered":"\n<p>Las entidades vecinales siempre hemos defendido algo tan sencillo como justo: que cuando se nos cita en el Ayuntamiento para reuniones se tenga en cuenta la realidad de quienes deben desplazarse en veh\u00edculo privado. La dificultad para aparcar en el entorno municipal es un problema cotidiano que afecta directamente a la participaci\u00f3n ciudadana.<\/p>\n\n\n\n<p>No se trata de privilegios, sino de facilitar el acceso y evitar que nadie deje de acudir o tenga que asumir un gasto a\u00f1adido, tal y como est\u00e1 sucediendo. Hoy, como concejala en la oposici\u00f3n, sigo defendiendo esta reivindicaci\u00f3n. Desde el Grupo Municipal Socialista la hemos llevado a Comisi\u00f3n en busca de soluciones, ampli\u00e1ndola a todas las entidades: vecinales, deportivas, culturales, festivas y sociales. Todas ellas son clave en la vida de la ciudad y merecen que se les facilite tiques de estacionamiento u ofrecer alternativas viables, esto no es un gasto superfluo (que los hay, y muchos), es una inversi\u00f3n en participaci\u00f3n y calidad democr\u00e1tica.<\/p>\n\n\n\n<p><strong>Responsabilidad de gobernar <\/strong><\/p>\n\n\n\n<p>No me consta que la entonces oposici\u00f3n del Partido Popular, hoy gobierno, apoyara y planteara esta necesidad, \u00a1qui\u00e9n sabe por qu\u00e9!, salvo el actual concejal de Participaci\u00f3n Ciudadana y Barrios en su etapa como representante vecinal. La necesidad sigue siendo la misma, con una diferencia: hoy tiene la responsabilidad de gobernar y la capacidad de hacerlo posible, la participaci\u00f3n no puede tropezar con la falta de aparcamiento.<\/p>\n\n\n\n<p class=\"has-text-align-right\"><em><strong>Anun Lainez<br><\/strong>Concejala del PSPV-PSOE<\/em><br><em>en el Ayuntamiento de Castell\u00f3<\/em><\/p>\n","protected":false},"excerpt":{"rendered":"<p>Las entidades vecinales siempre hemos defendido algo tan sencillo como justo: que cuando se nos cita en el Ayuntamiento para reuniones se tenga en cuenta la realidad de quienes deben desplazarse en veh\u00edculo privado. La dificultad para aparcar en el entorno municipal es un problema cotidiano que afecta directamente a la participaci\u00f3n ciudadana. No se &#8230;<\/p>\n","protected":false},"author":48,"featured_media":503,"comment_status":"open","ping_status":"open","sticky":false,"template":"","format":"standard","meta":{"_jetpack_memberships_contains_paid_content":false,"footnotes":"","jetpack_publicize_message":"","jetpack_publicize_feature_enabled":true,"jetpack_social_post_already_shared":true,"jetpack_social_options":{"image_generator_settings":{"template":"highway","default_image_id":0,"font":"","enabled":false},"version":2}},"categories":[33,50],"tags":[95,448],"class_list":["post-10958","post","type-post","status-publish","format-standard","has-post-thumbnail","hentry","category-gms","category-opinion","tag-anun-lainez","tag-todos-es"],"yoast_head":"<!-- This site is optimized with the Yoast SEO plugin v24.0 - https:\/\/yoast.com\/wordpress\/plugins\/seo\/ -->\n<title>Voluntad de participar con gasto a\u00f1adido - PSPV-PSOE CASTELL\u00d3<\/title>\n<meta name=\"robots\" content=\"index, follow, max-snippet:-1, max-image-preview:large, max-video-preview:-1\" \/>\n<link rel=\"canonical\" href=\"https:\/\/agrupacionespsoe.es\/castello\/voluntad-de-participar-con-gasto-anadido\/\" \/>\n<meta property=\"og:locale\" content=\"es_ES\" \/>\n<meta property=\"og:type\" content=\"article\" \/>\n<meta property=\"og:title\" content=\"Voluntad de participar con gasto a\u00f1adido - PSPV-PSOE CASTELL\u00d3\" \/>\n<meta property=\"og:description\" content=\"Las entidades vecinales siempre hemos defendido algo tan sencillo como justo: que cuando se nos cita en el Ayuntamiento para reuniones se tenga en cuenta la realidad de quienes deben desplazarse en veh\u00edculo privado. La dificultad para aparcar en el entorno municipal es un problema cotidiano que afecta directamente a la participaci\u00f3n ciudadana. No se ...\" \/>\n<meta property=\"og:url\" content=\"https:\/\/agrupacionespsoe.es\/castello\/voluntad-de-participar-con-gasto-anadido\/\" \/>\n<meta property=\"og:site_name\" content=\"PSPV-PSOE CASTELL\u00d3\" \/>\n<meta property=\"article:publisher\" content=\"https:\/\/www.facebook.com\/pspv.castellodelaplana\" \/>\n<meta property=\"article:published_time\" content=\"2026-04-24T10:00:00+00:00\" \/>\n<meta property=\"article:modified_time\" content=\"2026-04-24T08:23:41+00:00\" \/>\n<meta property=\"og:image\" content=\"https:\/\/agrupacionespsoe.es\/castello\/wp-content\/uploads\/sites\/45\/2023\/04\/5.-ANUNCIACION-LAINEZ-CASTEL-2-scaled.jpg\" \/>\n\t<meta property=\"og:image:width\" content=\"2560\" \/>\n\t<meta property=\"og:image:height\" content=\"2560\" \/>\n\t<meta property=\"og:image:type\" content=\"image\/jpeg\" \/>\n<meta name=\"author\" content=\"castello1\" \/>\n<meta name=\"twitter:card\" content=\"summary_large_image\" \/>\n<meta name=\"twitter:creator\" content=\"@pspv_cs\" \/>\n<meta name=\"twitter:site\" content=\"@pspv_cs\" \/>\n<meta name=\"twitter:label1\" content=\"Escrito por\" \/>\n\t<meta name=\"twitter:data1\" content=\"castello1\" \/>\n\t<meta name=\"twitter:label2\" content=\"Tiempo de lectura\" \/>\n\t<meta name=\"twitter:data2\" content=\"2 minutos\" \/>\n<script type=\"application\/ld+json\" class=\"yoast-schema-graph\">{\"@context\":\"https:\/\/schema.org\",\"@graph\":[{\"@type\":\"Article\",\"@id\":\"https:\/\/agrupacionespsoe.es\/castello\/voluntad-de-participar-con-gasto-anadido\/#article\",\"isPartOf\":{\"@id\":\"https:\/\/agrupacionespsoe.es\/castello\/voluntad-de-participar-con-gasto-anadido\/\"},\"author\":{\"name\":\"castello1\",\"@id\":\"https:\/\/agrupacionespsoe.es\/castello\/#\/schema\/person\/f3bc5b2f9dc6a399e9e98596ae24a20a\"},\"headline\":\"Voluntad de participar con gasto a\u00f1adido\",\"datePublished\":\"2026-04-24T10:00:00+00:00\",\"dateModified\":\"2026-04-24T08:23:41+00:00\",\"mainEntityOfPage\":{\"@id\":\"https:\/\/agrupacionespsoe.es\/castello\/voluntad-de-participar-con-gasto-anadido\/\"},\"wordCount\":260,\"commentCount\":0,\"publisher\":{\"@id\":\"https:\/\/agrupacionespsoe.es\/castello\/#organization\"},\"image\":{\"@id\":\"https:\/\/agrupacionespsoe.es\/castello\/voluntad-de-participar-con-gasto-anadido\/#primaryimage\"},\"thumbnailUrl\":\"https:\/\/agrupacionespsoe.es\/castello\/wp-content\/uploads\/sites\/45\/2023\/04\/5.-ANUNCIACION-LAINEZ-CASTEL-2-scaled.jpg\",\"keywords\":[\"Anun L\u00e1inez\",\"Todos\"],\"articleSection\":[\"Grupo Municipal Socialista\",\"Opini\u00f3n\"],\"inLanguage\":\"es\",\"potentialAction\":[{\"@type\":\"CommentAction\",\"name\":\"Comment\",\"target\":[\"https:\/\/agrupacionespsoe.es\/castello\/voluntad-de-participar-con-gasto-anadido\/#respond\"]}]},{\"@type\":\"WebPage\",\"@id\":\"https:\/\/agrupacionespsoe.es\/castello\/voluntad-de-participar-con-gasto-anadido\/\",\"url\":\"https:\/\/agrupacionespsoe.es\/castello\/voluntad-de-participar-con-gasto-anadido\/\",\"name\":\"Voluntad de participar con gasto a\u00f1adido - PSPV-PSOE CASTELL\u00d3\",\"isPartOf\":{\"@id\":\"https:\/\/agrupacionespsoe.es\/castello\/#website\"},\"primaryImageOfPage\":{\"@id\":\"https:\/\/agrupacionespsoe.es\/castello\/voluntad-de-participar-con-gasto-anadido\/#primaryimage\"},\"image\":{\"@id\":\"https:\/\/agrupacionespsoe.es\/castello\/voluntad-de-participar-con-gasto-anadido\/#primaryimage\"},\"thumbnailUrl\":\"https:\/\/agrupacionespsoe.es\/castello\/wp-content\/uploads\/sites\/45\/2023\/04\/5.-ANUNCIACION-LAINEZ-CASTEL-2-scaled.jpg\",\"datePublished\":\"2026-04-24T10:00:00+00:00\",\"dateModified\":\"2026-04-24T08:23:41+00:00\",\"breadcrumb\":{\"@id\":\"https:\/\/agrupacionespsoe.es\/castello\/voluntad-de-participar-con-gasto-anadido\/#breadcrumb\"},\"inLanguage\":\"es\",\"potentialAction\":[{\"@type\":\"ReadAction\",\"target\":[\"https:\/\/agrupacionespsoe.es\/castello\/voluntad-de-participar-con-gasto-anadido\/\"]}]},{\"@type\":\"ImageObject\",\"inLanguage\":\"es\",\"@id\":\"https:\/\/agrupacionespsoe.es\/castello\/voluntad-de-participar-con-gasto-anadido\/#primaryimage\",\"url\":\"https:\/\/agrupacionespsoe.es\/castello\/wp-content\/uploads\/sites\/45\/2023\/04\/5.-ANUNCIACION-LAINEZ-CASTEL-2-scaled.jpg\",\"contentUrl\":\"https:\/\/agrupacionespsoe.es\/castello\/wp-content\/uploads\/sites\/45\/2023\/04\/5.-ANUNCIACION-LAINEZ-CASTEL-2-scaled.jpg\",\"width\":2560,\"height\":2560},{\"@type\":\"BreadcrumbList\",\"@id\":\"https:\/\/agrupacionespsoe.es\/castello\/voluntad-de-participar-con-gasto-anadido\/#breadcrumb\",\"itemListElement\":[{\"@type\":\"ListItem\",\"position\":1,\"name\":\"Portada\",\"item\":\"https:\/\/agrupacionespsoe.es\/castello\/\"},{\"@type\":\"ListItem\",\"position\":2,\"name\":\"Voluntad de participar con gasto a\u00f1adido\"}]},{\"@type\":\"WebSite\",\"@id\":\"https:\/\/agrupacionespsoe.es\/castello\/#website\",\"url\":\"https:\/\/agrupacionespsoe.es\/castello\/\",\"name\":\"PSPV-PSOE CASTELL\u00d3\",\"description\":\"PSPV-PSOE | Agrupaci\u00f3 de Castell\u00f3\",\"publisher\":{\"@id\":\"https:\/\/agrupacionespsoe.es\/castello\/#organization\"},\"potentialAction\":[{\"@type\":\"SearchAction\",\"target\":{\"@type\":\"EntryPoint\",\"urlTemplate\":\"https:\/\/agrupacionespsoe.es\/castello\/?s={search_term_string}\"},\"query-input\":{\"@type\":\"PropertyValueSpecification\",\"valueRequired\":true,\"valueName\":\"search_term_string\"}}],\"inLanguage\":\"es\"},{\"@type\":\"Organization\",\"@id\":\"https:\/\/agrupacionespsoe.es\/castello\/#organization\",\"name\":\"PSPV-PSOE Castell\u00f3\",\"url\":\"https:\/\/agrupacionespsoe.es\/castello\/\",\"logo\":{\"@type\":\"ImageObject\",\"inLanguage\":\"es\",\"@id\":\"https:\/\/agrupacionespsoe.es\/castello\/#\/schema\/logo\/image\/\",\"url\":\"https:\/\/agrupacionespsoe.es\/castello\/wp-content\/uploads\/sites\/45\/2023\/04\/PORTADA-PSOE-CASTELLO.jpg\",\"contentUrl\":\"https:\/\/agrupacionespsoe.es\/castello\/wp-content\/uploads\/sites\/45\/2023\/04\/PORTADA-PSOE-CASTELLO.jpg\",\"width\":2500,\"height\":2500,\"caption\":\"PSPV-PSOE Castell\u00f3\"},\"image\":{\"@id\":\"https:\/\/agrupacionespsoe.es\/castello\/#\/schema\/logo\/image\/\"},\"sameAs\":[\"https:\/\/www.facebook.com\/pspv.castellodelaplana\",\"https:\/\/x.com\/pspv_cs\",\"https:\/\/www.instagram.com\/pspvpsoecastello\/\"]},{\"@type\":\"Person\",\"@id\":\"https:\/\/agrupacionespsoe.es\/castello\/#\/schema\/person\/f3bc5b2f9dc6a399e9e98596ae24a20a\",\"name\":\"castello1\",\"image\":{\"@type\":\"ImageObject\",\"inLanguage\":\"es\",\"@id\":\"https:\/\/agrupacionespsoe.es\/castello\/#\/schema\/person\/image\/\",\"url\":\"https:\/\/secure.gravatar.com\/avatar\/5f1da428d6479d1127419c0b58796865?s=96&d=mm&r=g\",\"contentUrl\":\"https:\/\/secure.gravatar.com\/avatar\/5f1da428d6479d1127419c0b58796865?s=96&d=mm&r=g\",\"caption\":\"castello1\"},\"url\":\"https:\/\/agrupacionespsoe.es\/castello\/author\/castello1\/\"}]}<\/script>\n<!-- \/ Yoast SEO plugin. -->","yoast_head_json":{"title":"Voluntad de participar con gasto a\u00f1adido - PSPV-PSOE CASTELL\u00d3","robots":{"index":"index","follow":"follow","max-snippet":"max-snippet:-1","max-image-preview":"max-image-preview:large","max-video-preview":"max-video-preview:-1"},"canonical":"https:\/\/agrupacionespsoe.es\/castello\/voluntad-de-participar-con-gasto-anadido\/","og_locale":"es_ES","og_type":"article","og_title":"Voluntad de participar con gasto a\u00f1adido - PSPV-PSOE CASTELL\u00d3","og_description":"Las entidades vecinales siempre hemos defendido algo tan sencillo como justo: que cuando se nos cita en el Ayuntamiento para reuniones se tenga en cuenta la realidad de quienes deben desplazarse en veh\u00edculo privado. La dificultad para aparcar en el entorno municipal es un problema cotidiano que afecta directamente a la participaci\u00f3n ciudadana. No se ...","og_url":"https:\/\/agrupacionespsoe.es\/castello\/voluntad-de-participar-con-gasto-anadido\/","og_site_name":"PSPV-PSOE CASTELL\u00d3","article_publisher":"https:\/\/www.facebook.com\/pspv.castellodelaplana","article_published_time":"2026-04-24T10:00:00+00:00","article_modified_time":"2026-04-24T08:23:41+00:00","og_image":[{"width":2560,"height":2560,"url":"https:\/\/agrupacionespsoe.es\/castello\/wp-content\/uploads\/sites\/45\/2023\/04\/5.-ANUNCIACION-LAINEZ-CASTEL-2-scaled.jpg","type":"image\/jpeg"}],"author":"castello1","twitter_card":"summary_large_image","twitter_creator":"@pspv_cs","twitter_site":"@pspv_cs","twitter_misc":{"Escrito por":"castello1","Tiempo de lectura":"2 minutos"},"schema":{"@context":"https:\/\/schema.org","@graph":[{"@type":"Article","@id":"https:\/\/agrupacionespsoe.es\/castello\/voluntad-de-participar-con-gasto-anadido\/#article","isPartOf":{"@id":"https:\/\/agrupacionespsoe.es\/castello\/voluntad-de-participar-con-gasto-anadido\/"},"author":{"name":"castello1","@id":"https:\/\/agrupacionespsoe.es\/castello\/#\/schema\/person\/f3bc5b2f9dc6a399e9e98596ae24a20a"},"headline":"Voluntad de participar con gasto a\u00f1adido","datePublished":"2026-04-24T10:00:00+00:00","dateModified":"2026-04-24T08:23:41+00:00","mainEntityOfPage":{"@id":"https:\/\/agrupacionespsoe.es\/castello\/voluntad-de-participar-con-gasto-anadido\/"},"wordCount":260,"commentCount":0,"publisher":{"@id":"https:\/\/agrupacionespsoe.es\/castello\/#organization"},"image":{"@id":"https:\/\/agrupacionespsoe.es\/castello\/voluntad-de-participar-con-gasto-anadido\/#primaryimage"},"thumbnailUrl":"https:\/\/agrupacionespsoe.es\/castello\/wp-content\/uploads\/sites\/45\/2023\/04\/5.-ANUNCIACION-LAINEZ-CASTEL-2-scaled.jpg","keywords":["Anun L\u00e1inez","Todos"],"articleSection":["Grupo Municipal Socialista","Opini\u00f3n"],"inLanguage":"es","potentialAction":[{"@type":"CommentAction","name":"Comment","target":["https:\/\/agrupacionespsoe.es\/castello\/voluntad-de-participar-con-gasto-anadido\/#respond"]}]},{"@type":"WebPage","@id":"https:\/\/agrupacionespsoe.es\/castello\/voluntad-de-participar-con-gasto-anadido\/","url":"https:\/\/agrupacionespsoe.es\/castello\/voluntad-de-participar-con-gasto-anadido\/","name":"Voluntad de participar con gasto a\u00f1adido - PSPV-PSOE CASTELL\u00d3","isPartOf":{"@id":"https:\/\/agrupacionespsoe.es\/castello\/#website"},"primaryImageOfPage":{"@id":"https:\/\/agrupacionespsoe.es\/castello\/voluntad-de-participar-con-gasto-anadido\/#primaryimage"},"image":{"@id":"https:\/\/agrupacionespsoe.es\/castello\/voluntad-de-participar-con-gasto-anadido\/#primaryimage"},"thumbnailUrl":"https:\/\/agrupacionespsoe.es\/castello\/wp-content\/uploads\/sites\/45\/2023\/04\/5.-ANUNCIACION-LAINEZ-CASTEL-2-scaled.jpg","datePublished":"2026-04-24T10:00:00+00:00","dateModified":"2026-04-24T08:23:41+00:00","breadcrumb":{"@id":"https:\/\/agrupacionespsoe.es\/castello\/voluntad-de-participar-con-gasto-anadido\/#breadcrumb"},"inLanguage":"es","potentialAction":[{"@type":"ReadAction","target":["https:\/\/agrupacionespsoe.es\/castello\/voluntad-de-participar-con-gasto-anadido\/"]}]},{"@type":"ImageObject","inLanguage":"es","@id":"https:\/\/agrupacionespsoe.es\/castello\/voluntad-de-participar-con-gasto-anadido\/#primaryimage","url":"https:\/\/agrupacionespsoe.es\/castello\/wp-content\/uploads\/sites\/45\/2023\/04\/5.-ANUNCIACION-LAINEZ-CASTEL-2-scaled.jpg","contentUrl":"https:\/\/agrupacionespsoe.es\/castello\/wp-content\/uploads\/sites\/45\/2023\/04\/5.-ANUNCIACION-LAINEZ-CASTEL-2-scaled.jpg","width":2560,"height":2560},{"@type":"BreadcrumbList","@id":"https:\/\/agrupacionespsoe.es\/castello\/voluntad-de-participar-con-gasto-anadido\/#breadcrumb","itemListElement":[{"@type":"ListItem","position":1,"name":"Portada","item":"https:\/\/agrupacionespsoe.es\/castello\/"},{"@type":"ListItem","position":2,"name":"Voluntad de participar con gasto a\u00f1adido"}]},{"@type":"WebSite","@id":"https:\/\/agrupacionespsoe.es\/castello\/#website","url":"https:\/\/agrupacionespsoe.es\/castello\/","name":"PSPV-PSOE CASTELL\u00d3","description":"PSPV-PSOE | Agrupaci\u00f3 de Castell\u00f3","publisher":{"@id":"https:\/\/agrupacionespsoe.es\/castello\/#organization"},"potentialAction":[{"@type":"SearchAction","target":{"@type":"EntryPoint","urlTemplate":"https:\/\/agrupacionespsoe.es\/castello\/?s={search_term_string}"},"query-input":{"@type":"PropertyValueSpecification","valueRequired":true,"valueName":"search_term_string"}}],"inLanguage":"es"},{"@type":"Organization","@id":"https:\/\/agrupacionespsoe.es\/castello\/#organization","name":"PSPV-PSOE Castell\u00f3","url":"https:\/\/agrupacionespsoe.es\/castello\/","logo":{"@type":"ImageObject","inLanguage":"es","@id":"https:\/\/agrupacionespsoe.es\/castello\/#\/schema\/logo\/image\/","url":"https:\/\/agrupacionespsoe.es\/castello\/wp-content\/uploads\/sites\/45\/2023\/04\/PORTADA-PSOE-CASTELLO.jpg","contentUrl":"https:\/\/agrupacionespsoe.es\/castello\/wp-content\/uploads\/sites\/45\/2023\/04\/PORTADA-PSOE-CASTELLO.jpg","width":2500,"height":2500,"caption":"PSPV-PSOE Castell\u00f3"},"image":{"@id":"https:\/\/agrupacionespsoe.es\/castello\/#\/schema\/logo\/image\/"},"sameAs":["https:\/\/www.facebook.com\/pspv.castellodelaplana","https:\/\/x.com\/pspv_cs","https:\/\/www.instagram.com\/pspvpsoecastello\/"]},{"@type":"Person","@id":"https:\/\/agrupacionespsoe.es\/castello\/#\/schema\/person\/f3bc5b2f9dc6a399e9e98596ae24a20a","name":"castello1","image":{"@type":"ImageObject","inLanguage":"es","@id":"https:\/\/agrupacionespsoe.es\/castello\/#\/schema\/person\/image\/","url":"https:\/\/secure.gravatar.com\/avatar\/5f1da428d6479d1127419c0b58796865?s=96&d=mm&r=g","contentUrl":"https:\/\/secure.gravatar.com\/avatar\/5f1da428d6479d1127419c0b58796865?s=96&d=mm&r=g","caption":"castello1"},"url":"https:\/\/agrupacionespsoe.es\/castello\/author\/castello1\/"}]}},"jetpack_publicize_connections":[],"jetpack_featured_media_url":"https:\/\/agrupacionespsoe.es\/castello\/wp-content\/uploads\/sites\/45\/2023\/04\/5.-ANUNCIACION-LAINEZ-CASTEL-2-scaled.jpg","jetpack_sharing_enabled":true,"_links":{"self":[{"href":"https:\/\/agrupacionespsoe.es\/castello\/wp-json\/wp\/v2\/posts\/10958","targetHints":{"allow":["GET"]}}],"collection":[{"href":"https:\/\/agrupacionespsoe.es\/castello\/wp-json\/wp\/v2\/posts"}],"about":[{"href":"https:\/\/agrupacionespsoe.es\/castello\/wp-json\/wp\/v2\/types\/post"}],"author":[{"embeddable":true,"href":"https:\/\/agrupacionespsoe.es\/castello\/wp-json\/wp\/v2\/users\/48"}],"replies":[{"embeddable":true,"href":"https:\/\/agrupacionespsoe.es\/castello\/wp-json\/wp\/v2\/comments?post=10958"}],"version-history":[{"count":1,"href":"https:\/\/agrupacionespsoe.es\/castello\/wp-json\/wp\/v2\/posts\/10958\/revisions"}],"predecessor-version":[{"id":10959,"href":"https:\/\/agrupacionespsoe.es\/castello\/wp-json\/wp\/v2\/posts\/10958\/revisions\/10959"}],"wp:featuredmedia":[{"embeddable":true,"href":"https:\/\/agrupacionespsoe.es\/castello\/wp-json\/wp\/v2\/media\/503"}],"wp:attachment":[{"href":"https:\/\/agrupacionespsoe.es\/castello\/wp-json\/wp\/v2\/media?parent=10958"}],"wp:term":[{"taxonomy":"category","embeddable":true,"href":"https:\/\/agrupacionespsoe.es\/castello\/wp-json\/wp\/v2\/categories?post=10958"},{"taxonomy":"post_tag","embeddable":true,"href":"https:\/\/agrupacionespsoe.es\/castello\/wp-json\/wp\/v2\/tags?post=10958"}],"curies":[{"name":"wp","href":"https:\/\/api.w.org\/{rel}","templated":true}]}}