{"id":10668,"date":"2026-03-17T18:16:31","date_gmt":"2026-03-17T17:16:31","guid":{"rendered":"https:\/\/agrupacionespsoe.es\/castello\/?p=10668"},"modified":"2026-03-24T18:05:25","modified_gmt":"2026-03-24T17:05:25","slug":"el-pspv-planteja-un-forum-de-debat-amb-col%c2%b7lectius-veinals-hostaleria-i-mon-de-la-festa-per-a-reflexionar-sobre-el-model-de-la-magdalena","status":"publish","type":"post","link":"https:\/\/agrupacionespsoe.es\/castello\/va\/el-pspv-planteja-un-forum-de-debat-amb-col%c2%b7lectius-veinals-hostaleria-i-mon-de-la-festa-per-a-reflexionar-sobre-el-model-de-la-magdalena\/","title":{"rendered":"El PSPV planteja un f\u00f2rum de debat amb col\u00b7lectius ve\u00efnals, hostaleria i m\u00f3n de la festa per a reflexionar sobre el model de la Magdalena"},"content":{"rendered":"\n<ul class=\"wp-block-list\">\n<li><em>El grup municipal socialista considera necessari analitzar l&#8217;elevada pres\u00e8ncia de carpes i fondes, la seua compet\u00e8ncia amb l&#8217;hostaleria i la conviv\u00e8ncia de les festes amb els ve\u00efns i ve\u00efnes<\/em><\/li>\n<\/ul>\n\n\n\n<ul class=\"wp-block-list\">\n<li><em>La portaveu del PSPV, Patricia Puerta, acusa a Bego\u00f1a Carrasco de retardar actes \u201cpel seu afany de protagonisme\u201d i de ser la responsable del \u201ccaos organitzatiu\u201d el primer dissabte de la Magdalena<\/em><\/li>\n<\/ul>\n\n\n\n<ul class=\"wp-block-list\">\n<li><em><em>El Partit Socialista demana explicacions per la supressi\u00f3 durant les festes de la l\u00ednia nocturna N1 entre setmana, aix\u00ed com per l&#8217;enfonsament de l&#8217;escenari de la Nit M\u00e0gica<\/em><\/em><\/li>\n<\/ul>\n\n\n\n<figure class=\"wp-block-audio\"><audio controls src=\"https:\/\/agrupacionespsoe.es\/castello\/wp-content\/uploads\/sites\/45\/2026\/03\/20260317-El-PSPV-plantea-un-foro-de-debate-con-colectivos-vecinales-hosteleria-y-\u2018mon-de-la-festa-para-reflexionar-sobre-el-modelo-de-la-Magdalena.mp3\" autoplay><\/audio><\/figure>\n\n\n\n<p>El Grup Municipal Socialista ha plantejat hui posar en marxa un f\u00f2rum de debat per a \u201creflexionar sobre el model de festes de la Magdalena que volem per a la ciutat\u201d. <a href=\"https:\/\/agrupacionespsoe.es\/castello\/va\/tag\/patricia-puerta-va\/\">Patricia Puerta<\/a>, portaveu del PSPV, ha assegurat hui que l&#8217;anomenada Magdalena de Fondes i Carpes mereix una reflexi\u00f3 seriosa, perqu\u00e8 cada vegada hi ha m\u00e9s barres, m\u00e9s soroll durant moltes hores del dia i situacions que haurien d&#8217;analitzar-se amb m\u00e9s detall, veient els problemes de conviv\u00e8ncia que generen amb els ve\u00efns i ve\u00efnes i la \u201ccompet\u00e8ncia\u201d amb l&#8217;hostaleria de la ciutat.<br><br>Per a Puerta, \u201cseria important que es creara un f\u00f2rum de debat en el qual tingueren veu les ve\u00efnes i ve\u00efns de Castell\u00f3, l&#8217;hostaleria i el m\u00f3n de la festa, a m\u00e9s dels grups pol\u00edtics, per a veure el cam\u00ed a seguir, perqu\u00e8 uns festejos amb els quals rememorem la fundaci\u00f3 de la nostra ciutat no poden limitar-se nom\u00e9s a fer balan\u00e7 de n\u00fameros i ingressos\u201d.<br><br>Patricia Puerta ha realitzat aquestes declaracions en una compareixen\u00e7a per a realitzar un balan\u00e7 de les festes, en la qual ha estat acompanyada pel portaveu adjunt, <a href=\"https:\/\/agrupacionespsoe.es\/castello\/va\/tag\/jose-luis-lopez-va\/\">Jos\u00e9 Luis L\u00f3pez<\/a>, a m\u00e9s de per la regidora <a href=\"https:\/\/agrupacionespsoe.es\/castello\/va\/tag\/mary-carmen-ribera-va\/\">Mary Carmen Ribera<\/a>. Puerta, abans d&#8217;entrar al detall en la valoraci\u00f3 dels festejos, ha volgut traslladar un \u201creconeixement clar i sincer a totes les persones que han treballat sense descans\u201d, a m\u00e9s de recordar el treball i dedicaci\u00f3 de Jorge Mart\u00ed, que va morir el dilluns 9 de mar\u00e7 de manera inesperada.<br><br>Aquest reconeixement va dirigit a les persones que integren la Junta de Festes, \u201cque dediquen hores i hores del seu temps lliure durant tot l&#8217;any perqu\u00e8 Castell\u00f3 puga viure la Magdalena\u201d, i les 19 gaiates, \u201cperqu\u00e8 s\u00f3n el cor de la Magdalena i darrere de cada monument, de cada desfilada i de cada acte hi ha molt\u00edssimes persones treballant durant mesos per a mantindre viva la nostra tradici\u00f3\u201d.<br><br>Sobre la gesti\u00f3 del govern municipal, la portaveu socialista no ha dubtat a recon\u00e8ixer una cosa: \u201cl&#8217;esfor\u00e7\u201d per mantindre netes els carrers per part de la plantilla responsable d&#8217;aix\u00f2. \u201cHo critiquem en les passades edicions, on les escombraries i la falta de manteniment va ser palpable per la ciutadania, per\u00f2 sembla que, a la fi, despr\u00e9s de les queixes ve\u00efnals i de l&#8217;oposici\u00f3, han reaccionat\u201d.<br><br><strong>\u201cDecidirem sobre la marxa\u201d<\/strong><br><br>Per a la portaveu socialista, \u201csi hagu\u00e9rem de resumir l&#8217;inici d&#8217;aquesta Magdalena en tres frases, serien les que van dir ells mateixos\u201d: \u201cSi plou la deixarem caure\u201d (<a href=\"https:\/\/agrupacionespsoe.es\/castello\/va\/tag\/vicent-sales-va\/\">Vicent Sales<\/a>); \u201cBallarem sobre la pluja\u201d (<a href=\"https:\/\/agrupacionespsoe.es\/castello\/va\/tag\/begona-carrasco-va\/\">Bego\u00f1a Carrasco<\/a>) i \u201cDecidirem sobre la marxa\u201d (<a href=\"https:\/\/agrupacionespsoe.es\/castello\/va\/tag\/noelia-selma-va\/\">Noelia Selma<\/a>). I, \u201cefectivament, va ploure, vam haver de ballar sota la pluja i les decisions es van prendre sobre la marxa\u201d.<br><br>La pluja, com ha recalcat la portaveu socialista, sempre complica l&#8217;organitzaci\u00f3 d&#8217;un esdeveniment, \u201cper\u00f2 el que s\u00ed que es pot controlar \u00e9s la planificaci\u00f3 i la capacitat de prendre decisions amb responsabilitat, alguna cosa que sabem b\u00e9 perqu\u00e8 en 2022 vivim unes festes amb molta m\u00e9s pluja i llavors rebem cr\u00edtiques molt dures per part dels qui hui governen\u201d.<br><br>Per aix\u00f2, \u201cl&#8217;ocorregut durant el primer dissabte de Magdalena va ser un clar exemple de mala gesti\u00f3\u201d. Primer amb el recorregut des de la pla\u00e7a Major al recinte de la masclet\u00e0, \u201csota una intensa pluja, amb la banda municipal xopada perqu\u00e8 l&#8217;alcaldessa ballara sota la pluja. Han vist vost\u00e9s les publicacions d&#8217;alguns m\u00fasics, queixant-se de no poder protegir els seus instruments, de perdre les partitures? Per\u00f2 res det\u00e9 a la senyora alcaldessa\u201d, ha subratllat la portaveu socialista.<br><br>Sobre el Preg\u00f3, \u201chi havia alerta groga i la previsi\u00f3 era clara, per\u00f2 van obligar a vindre a la ciutat a desenes i desenes de participants de tota la prov\u00edncia&#8230; per a res. I despr\u00e9s es van inventar un \u2018seudopreg\u00f3\u2019 que va ser un fiasco, nom\u00e9s per la foto de l&#8217;alcaldessa. Per\u00f2 ja van escoltar ahir la senyora Carrasco, orgullosa de fer ballar als castellonencs sota la pluja\u201d, ha ironitzat Puerta. El raonable, al seu judici, era tamb\u00e9 \u201ctraslladar determinats actes a espais com el Palau de la Festa i no suspendre directament una jornada del Magdalena Circus sense oferir alternativa\u201d.<br><br>Durant la setmana tamb\u00e9 hi ha hagut problemes d&#8217;organitzaci\u00f3 en diferents actes, com la Torn\u00e0 i la desfilada de penitents i gaiates, que van registrar aturades i talls a causa de problemes amb els carros, \u201calguna cosa que ens fa preguntar-nos si existia una previsi\u00f3 suficient de mitjans\u201d.<br><br>En mat\u00e8ria de gesti\u00f3, a m\u00e9s, \u201chem detectat un n\u00famero molt elevat de contractes formalitzats a \u00faltima hora, fins i tot durant la mateixa setmana de Magdalena, com l&#8217;espectacle de drons o d&#8217;alguns castells de focs artificials\u201d.<br><br>Tamb\u00e9 s&#8217;han produ\u00eft \u201csituacions preocupants\u201d, com l&#8217;enfonsament de l&#8217;escenari de la Nit M\u00e0gica, \u201ctema del qual ja hem demanat explicacions a l&#8217;ajuntament\u201d, o la falta de protocols clars en alguns actes organitzats pel govern municipal, com la formaci\u00f3 de la Romeria o l\u2019Encesa.<br><br>En mobilitat, com a den\u00fancia el grup socialista, \u201ctampoc s&#8217;ent\u00e9n la decisi\u00f3 de limitar la l\u00ednia nocturna d&#8217;autob\u00fas N1 \u00fanicament als caps de setmana i deixar-la sense servei entre setmana\u201d. A m\u00e9s, \u201ccal esmentar tamb\u00e9 l&#8217;episodi de les anomenades polseres antidrogues, sobre el qual ja hem vist declaracions de l&#8217;associaci\u00f3 ADONAT, posant en q\u00fcesti\u00f3 la informaci\u00f3 que es va traslladar inicialment perqu\u00e8 no es van donar polseres a totes les joves que les sol\u00b7licitaven.<br><br>Tamb\u00e9 s&#8217;han vist situacions \u201cque no haurien de produir-se, com l&#8217;\u00fas partidista que ha realitzat Vox amb el repartiment de passades al recinte de mascletaes. Amb cada passada regalada, una polsera de Vox de complement per a captar el vot. De vergonya, per\u00f2 a l&#8217;alcaldessa sembla que tot li \u00e9s igual\u201d, lamenta la portaveu socialista.<br><br><strong>Brut\u00edcia en el Bisbe Climent<\/strong><br><br>A tot aix\u00f2 se suma el que va denunciar ahir el Partit Socialista: l&#8217;\u00fas sense perm\u00eds del col\u00b7legi Bisbe Climent el dissabte passat per a una desfilada, deixant l&#8217;espai en condicions molt deficients, amb brut\u00edcia al centre que ha generat el malestar de la comunitat educativa. \u201cMalgrat el que diga el senyor Sales, no tenien perm\u00eds, i tenim el document que el demostra\u201d.<br><br>El portaveu de Bego\u00f1a Carrasco, a m\u00e9s, \u201cdiu que els socialistes manipulem i arriba a culpar al col\u00b7legi de no obrir-los el centre a les 6.30 del dilluns per a netejar, per\u00f2 no tenien cap av\u00eds\u201d. El seu \u201chauria sigut netejar el diumenge tant la femta de cavall com les escombraries que va quedar en el centre\u201d. Patricia Puerta ha volgut deixar clar que \u201cen aquest tema \u201cnom\u00e9s manipula la realitat una persona: el senyor Sales, que a m\u00e9s posa el focus en Moros d&#8217;Alqueria, quan ells no s\u00f3n culpables de res perqu\u00e8 es van limitar a fer \u00fas del local que l&#8217;ajuntament els va obrir\u201d.<br><strong><br>Mocatriz<\/strong><br><br>La Magdalena de 2026 ha sigut, entre altres coses, \u201cun escenari perfecte per al \u2018postureo\u2019 al qual ens t\u00e9 acostumats l&#8217;alcaldessa, que tindr\u00e0 un magn\u00edfic \u00e0lbum fotogr\u00e0fic d&#8217;aquestes festes, perqu\u00e8 en aix\u00f2 s\u00ed semblen haver treballat intensament. El problema ac\u00ed \u00e9s \u201cque Bego\u00f1a Carrasco ha volgut ser com Mocatriz -model, cantant i actriu- perqu\u00e8 nom\u00e9s ella \u00e9s la culpable de deixar a milers de castellonencs amb vent i fred la desfilada del passat dissabte, que va comen\u00e7ar amb m\u00e9s d&#8217;una hora de retard perqu\u00e8 van haver d&#8217;esperar que l&#8217;alcaldessa es vestira per a desfilar despr\u00e9s de participar en l&#8217;Ofrena a Lled\u00f3. Com se sol dir, no es pot estar en missa i repicant\u201d, ha subratllat Puerta.<\/p>\n","protected":false},"excerpt":{"rendered":"<p>El Grup Municipal Socialista ha plantejat hui posar en marxa un f\u00f2rum de debat per a \u201creflexionar sobre el model de festes de la Magdalena que volem per a la ciutat\u201d. Patricia Puerta, portaveu del PSPV, ha assegurat hui que l&#8217;anomenada Magdalena de Fondes i Carpes mereix una reflexi\u00f3 seriosa, perqu\u00e8 cada vegada hi ha &#8230;<\/p>\n","protected":false},"author":48,"featured_media":10665,"comment_status":"open","ping_status":"open","sticky":false,"template":"","format":"standard","meta":{"_jetpack_memberships_contains_paid_content":false,"footnotes":"","jetpack_publicize_message":"","jetpack_publicize_feature_enabled":true,"jetpack_social_post_already_shared":true,"jetpack_social_options":{"image_generator_settings":{"template":"highway","default_image_id":0,"font":"","enabled":false},"version":2}},"categories":[1171,22],"tags":[741,87,101,893,83,446,780],"class_list":["post-10668","post","type-post","status-publish","format-standard","has-post-thumbnail","hentry","category-festes","category-gms-va","tag-begona-carrasco-va","tag-jose-luis-lopez-va","tag-mary-carmen-ribera-va","tag-noelia-selma-va","tag-patricia-puerta-va","tag-todos-va","tag-vicent-sales-va"],"yoast_head":"<!-- This site is optimized with the Yoast SEO plugin v24.0 - https:\/\/yoast.com\/wordpress\/plugins\/seo\/ -->\n<title>El PSPV planteja un f\u00f2rum de debat amb col\u00b7lectius ve\u00efnals, hostaleria i m\u00f3n de la festa per a reflexionar sobre el model de la Magdalena - PSPV-PSOE CASTELL\u00d3<\/title>\n<meta name=\"robots\" content=\"index, follow, max-snippet:-1, max-image-preview:large, max-video-preview:-1\" \/>\n<link rel=\"canonical\" href=\"https:\/\/agrupacionespsoe.es\/castello\/va\/el-pspv-planteja-un-forum-de-debat-amb-col\u00b7lectius-veinals-hostaleria-i-mon-de-la-festa-per-a-reflexionar-sobre-el-model-de-la-magdalena\/\" \/>\n<meta property=\"og:locale\" content=\"es_ES\" \/>\n<meta property=\"og:type\" content=\"article\" \/>\n<meta property=\"og:title\" content=\"El PSPV planteja un f\u00f2rum de debat amb col\u00b7lectius ve\u00efnals, hostaleria i m\u00f3n de la festa per a reflexionar sobre el model de la Magdalena - PSPV-PSOE CASTELL\u00d3\" \/>\n<meta property=\"og:description\" content=\"El Grup Municipal Socialista ha plantejat hui posar en marxa un f\u00f2rum de debat per a \u201creflexionar sobre el model de festes de la Magdalena que volem per a la ciutat\u201d. Patricia Puerta, portaveu del PSPV, ha assegurat hui que l&#8217;anomenada Magdalena de Fondes i Carpes mereix una reflexi\u00f3 seriosa, perqu\u00e8 cada vegada hi ha ...\" \/>\n<meta property=\"og:url\" content=\"https:\/\/agrupacionespsoe.es\/castello\/va\/el-pspv-planteja-un-forum-de-debat-amb-col\u00b7lectius-veinals-hostaleria-i-mon-de-la-festa-per-a-reflexionar-sobre-el-model-de-la-magdalena\/\" \/>\n<meta property=\"og:site_name\" content=\"PSPV-PSOE CASTELL\u00d3\" \/>\n<meta property=\"article:publisher\" content=\"https:\/\/www.facebook.com\/pspv.castellodelaplana\" \/>\n<meta property=\"article:published_time\" content=\"2026-03-17T17:16:31+00:00\" \/>\n<meta property=\"article:modified_time\" content=\"2026-03-24T17:05:25+00:00\" \/>\n<meta property=\"og:image\" content=\"https:\/\/agrupacionespsoe.es\/castello\/wp-content\/uploads\/sites\/45\/2026\/03\/20260317-El-PSPV-plantea-un-foro-de-debate-con-colectivos-vecinales-hosteleria-y-\u2018mon-de-la-festa-para-reflexionar-sobre-el-modelo-de-la-Magdalena.jpeg\" \/>\n\t<meta property=\"og:image:width\" content=\"1600\" \/>\n\t<meta property=\"og:image:height\" content=\"1114\" \/>\n\t<meta property=\"og:image:type\" content=\"image\/jpeg\" \/>\n<meta name=\"author\" content=\"castello1\" \/>\n<meta name=\"twitter:card\" content=\"summary_large_image\" \/>\n<meta name=\"twitter:creator\" content=\"@pspv_cs\" \/>\n<meta name=\"twitter:site\" content=\"@pspv_cs\" \/>\n<meta name=\"twitter:label1\" content=\"Escrito por\" \/>\n\t<meta name=\"twitter:data1\" content=\"castello1\" \/>\n\t<meta name=\"twitter:label2\" content=\"Tiempo de lectura\" \/>\n\t<meta name=\"twitter:data2\" content=\"7 minutos\" \/>\n<script type=\"application\/ld+json\" class=\"yoast-schema-graph\">{\"@context\":\"https:\/\/schema.org\",\"@graph\":[{\"@type\":\"Article\",\"@id\":\"https:\/\/agrupacionespsoe.es\/castello\/va\/el-pspv-planteja-un-forum-de-debat-amb-col%c2%b7lectius-veinals-hostaleria-i-mon-de-la-festa-per-a-reflexionar-sobre-el-model-de-la-magdalena\/#article\",\"isPartOf\":{\"@id\":\"https:\/\/agrupacionespsoe.es\/castello\/va\/el-pspv-planteja-un-forum-de-debat-amb-col%c2%b7lectius-veinals-hostaleria-i-mon-de-la-festa-per-a-reflexionar-sobre-el-model-de-la-magdalena\/\"},\"author\":{\"name\":\"castello1\",\"@id\":\"https:\/\/agrupacionespsoe.es\/castello\/#\/schema\/person\/f3bc5b2f9dc6a399e9e98596ae24a20a\"},\"headline\":\"El PSPV planteja un f\u00f2rum de debat amb col\u00b7lectius ve\u00efnals, hostaleria i m\u00f3n de la festa per a reflexionar sobre el model de la Magdalena\",\"datePublished\":\"2026-03-17T17:16:31+00:00\",\"dateModified\":\"2026-03-24T17:05:25+00:00\",\"mainEntityOfPage\":{\"@id\":\"https:\/\/agrupacionespsoe.es\/castello\/va\/el-pspv-planteja-un-forum-de-debat-amb-col%c2%b7lectius-veinals-hostaleria-i-mon-de-la-festa-per-a-reflexionar-sobre-el-model-de-la-magdalena\/\"},\"wordCount\":1419,\"commentCount\":0,\"publisher\":{\"@id\":\"https:\/\/agrupacionespsoe.es\/castello\/#organization\"},\"image\":{\"@id\":\"https:\/\/agrupacionespsoe.es\/castello\/va\/el-pspv-planteja-un-forum-de-debat-amb-col%c2%b7lectius-veinals-hostaleria-i-mon-de-la-festa-per-a-reflexionar-sobre-el-model-de-la-magdalena\/#primaryimage\"},\"thumbnailUrl\":\"https:\/\/agrupacionespsoe.es\/castello\/wp-content\/uploads\/sites\/45\/2026\/03\/20260317-El-PSPV-plantea-un-foro-de-debate-con-colectivos-vecinales-hosteleria-y-\u2018mon-de-la-festa-para-reflexionar-sobre-el-modelo-de-la-Magdalena.jpeg\",\"keywords\":[\"Bego\u00f1a Carrasco\",\"Jos\u00e9 Luis L\u00f3pez\",\"Mary Carmen Ribera\",\"Noelia Selma\",\"Patricia Puerta\",\"Todos\",\"Vicent Sales\"],\"articleSection\":[\"Festes\",\"Grup Municipal Socialista\"],\"inLanguage\":\"es\",\"potentialAction\":[{\"@type\":\"CommentAction\",\"name\":\"Comment\",\"target\":[\"https:\/\/agrupacionespsoe.es\/castello\/va\/el-pspv-planteja-un-forum-de-debat-amb-col%c2%b7lectius-veinals-hostaleria-i-mon-de-la-festa-per-a-reflexionar-sobre-el-model-de-la-magdalena\/#respond\"]}]},{\"@type\":\"WebPage\",\"@id\":\"https:\/\/agrupacionespsoe.es\/castello\/va\/el-pspv-planteja-un-forum-de-debat-amb-col%c2%b7lectius-veinals-hostaleria-i-mon-de-la-festa-per-a-reflexionar-sobre-el-model-de-la-magdalena\/\",\"url\":\"https:\/\/agrupacionespsoe.es\/castello\/va\/el-pspv-planteja-un-forum-de-debat-amb-col%c2%b7lectius-veinals-hostaleria-i-mon-de-la-festa-per-a-reflexionar-sobre-el-model-de-la-magdalena\/\",\"name\":\"El PSPV planteja un f\u00f2rum de debat amb col\u00b7lectius ve\u00efnals, hostaleria i m\u00f3n de la festa per a reflexionar sobre el model de la Magdalena - PSPV-PSOE CASTELL\u00d3\",\"isPartOf\":{\"@id\":\"https:\/\/agrupacionespsoe.es\/castello\/#website\"},\"primaryImageOfPage\":{\"@id\":\"https:\/\/agrupacionespsoe.es\/castello\/va\/el-pspv-planteja-un-forum-de-debat-amb-col%c2%b7lectius-veinals-hostaleria-i-mon-de-la-festa-per-a-reflexionar-sobre-el-model-de-la-magdalena\/#primaryimage\"},\"image\":{\"@id\":\"https:\/\/agrupacionespsoe.es\/castello\/va\/el-pspv-planteja-un-forum-de-debat-amb-col%c2%b7lectius-veinals-hostaleria-i-mon-de-la-festa-per-a-reflexionar-sobre-el-model-de-la-magdalena\/#primaryimage\"},\"thumbnailUrl\":\"https:\/\/agrupacionespsoe.es\/castello\/wp-content\/uploads\/sites\/45\/2026\/03\/20260317-El-PSPV-plantea-un-foro-de-debate-con-colectivos-vecinales-hosteleria-y-\u2018mon-de-la-festa-para-reflexionar-sobre-el-modelo-de-la-Magdalena.jpeg\",\"datePublished\":\"2026-03-17T17:16:31+00:00\",\"dateModified\":\"2026-03-24T17:05:25+00:00\",\"breadcrumb\":{\"@id\":\"https:\/\/agrupacionespsoe.es\/castello\/va\/el-pspv-planteja-un-forum-de-debat-amb-col%c2%b7lectius-veinals-hostaleria-i-mon-de-la-festa-per-a-reflexionar-sobre-el-model-de-la-magdalena\/#breadcrumb\"},\"inLanguage\":\"es\",\"potentialAction\":[{\"@type\":\"ReadAction\",\"target\":[\"https:\/\/agrupacionespsoe.es\/castello\/va\/el-pspv-planteja-un-forum-de-debat-amb-col%c2%b7lectius-veinals-hostaleria-i-mon-de-la-festa-per-a-reflexionar-sobre-el-model-de-la-magdalena\/\"]}]},{\"@type\":\"ImageObject\",\"inLanguage\":\"es\",\"@id\":\"https:\/\/agrupacionespsoe.es\/castello\/va\/el-pspv-planteja-un-forum-de-debat-amb-col%c2%b7lectius-veinals-hostaleria-i-mon-de-la-festa-per-a-reflexionar-sobre-el-model-de-la-magdalena\/#primaryimage\",\"url\":\"https:\/\/agrupacionespsoe.es\/castello\/wp-content\/uploads\/sites\/45\/2026\/03\/20260317-El-PSPV-plantea-un-foro-de-debate-con-colectivos-vecinales-hosteleria-y-\u2018mon-de-la-festa-para-reflexionar-sobre-el-modelo-de-la-Magdalena.jpeg\",\"contentUrl\":\"https:\/\/agrupacionespsoe.es\/castello\/wp-content\/uploads\/sites\/45\/2026\/03\/20260317-El-PSPV-plantea-un-foro-de-debate-con-colectivos-vecinales-hosteleria-y-\u2018mon-de-la-festa-para-reflexionar-sobre-el-modelo-de-la-Magdalena.jpeg\",\"width\":1600,\"height\":1114},{\"@type\":\"BreadcrumbList\",\"@id\":\"https:\/\/agrupacionespsoe.es\/castello\/va\/el-pspv-planteja-un-forum-de-debat-amb-col%c2%b7lectius-veinals-hostaleria-i-mon-de-la-festa-per-a-reflexionar-sobre-el-model-de-la-magdalena\/#breadcrumb\",\"itemListElement\":[{\"@type\":\"ListItem\",\"position\":1,\"name\":\"Portada\",\"item\":\"https:\/\/agrupacionespsoe.es\/castello\/\"},{\"@type\":\"ListItem\",\"position\":2,\"name\":\"El PSPV planteja un f\u00f2rum de debat amb col\u00b7lectius ve\u00efnals, hostaleria i m\u00f3n de la festa per a reflexionar sobre el model de la Magdalena\"}]},{\"@type\":\"WebSite\",\"@id\":\"https:\/\/agrupacionespsoe.es\/castello\/#website\",\"url\":\"https:\/\/agrupacionespsoe.es\/castello\/\",\"name\":\"PSPV-PSOE CASTELL\u00d3\",\"description\":\"PSPV-PSOE | Agrupaci\u00f3 de Castell\u00f3\",\"publisher\":{\"@id\":\"https:\/\/agrupacionespsoe.es\/castello\/#organization\"},\"potentialAction\":[{\"@type\":\"SearchAction\",\"target\":{\"@type\":\"EntryPoint\",\"urlTemplate\":\"https:\/\/agrupacionespsoe.es\/castello\/?s={search_term_string}\"},\"query-input\":{\"@type\":\"PropertyValueSpecification\",\"valueRequired\":true,\"valueName\":\"search_term_string\"}}],\"inLanguage\":\"es\"},{\"@type\":\"Organization\",\"@id\":\"https:\/\/agrupacionespsoe.es\/castello\/#organization\",\"name\":\"PSPV-PSOE Castell\u00f3\",\"url\":\"https:\/\/agrupacionespsoe.es\/castello\/\",\"logo\":{\"@type\":\"ImageObject\",\"inLanguage\":\"es\",\"@id\":\"https:\/\/agrupacionespsoe.es\/castello\/#\/schema\/logo\/image\/\",\"url\":\"https:\/\/agrupacionespsoe.es\/castello\/wp-content\/uploads\/sites\/45\/2023\/04\/PORTADA-PSOE-CASTELLO.jpg\",\"contentUrl\":\"https:\/\/agrupacionespsoe.es\/castello\/wp-content\/uploads\/sites\/45\/2023\/04\/PORTADA-PSOE-CASTELLO.jpg\",\"width\":2500,\"height\":2500,\"caption\":\"PSPV-PSOE Castell\u00f3\"},\"image\":{\"@id\":\"https:\/\/agrupacionespsoe.es\/castello\/#\/schema\/logo\/image\/\"},\"sameAs\":[\"https:\/\/www.facebook.com\/pspv.castellodelaplana\",\"https:\/\/x.com\/pspv_cs\",\"https:\/\/www.instagram.com\/pspvpsoecastello\/\"]},{\"@type\":\"Person\",\"@id\":\"https:\/\/agrupacionespsoe.es\/castello\/#\/schema\/person\/f3bc5b2f9dc6a399e9e98596ae24a20a\",\"name\":\"castello1\",\"image\":{\"@type\":\"ImageObject\",\"inLanguage\":\"es\",\"@id\":\"https:\/\/agrupacionespsoe.es\/castello\/#\/schema\/person\/image\/\",\"url\":\"https:\/\/secure.gravatar.com\/avatar\/5f1da428d6479d1127419c0b58796865?s=96&d=mm&r=g\",\"contentUrl\":\"https:\/\/secure.gravatar.com\/avatar\/5f1da428d6479d1127419c0b58796865?s=96&d=mm&r=g\",\"caption\":\"castello1\"},\"url\":\"https:\/\/agrupacionespsoe.es\/castello\/author\/castello1\/\"}]}<\/script>\n<!-- \/ Yoast SEO plugin. -->","yoast_head_json":{"title":"El PSPV planteja un f\u00f2rum de debat amb col\u00b7lectius ve\u00efnals, hostaleria i m\u00f3n de la festa per a reflexionar sobre el model de la Magdalena - PSPV-PSOE CASTELL\u00d3","robots":{"index":"index","follow":"follow","max-snippet":"max-snippet:-1","max-image-preview":"max-image-preview:large","max-video-preview":"max-video-preview:-1"},"canonical":"https:\/\/agrupacionespsoe.es\/castello\/va\/el-pspv-planteja-un-forum-de-debat-amb-col\u00b7lectius-veinals-hostaleria-i-mon-de-la-festa-per-a-reflexionar-sobre-el-model-de-la-magdalena\/","og_locale":"es_ES","og_type":"article","og_title":"El PSPV planteja un f\u00f2rum de debat amb col\u00b7lectius ve\u00efnals, hostaleria i m\u00f3n de la festa per a reflexionar sobre el model de la Magdalena - PSPV-PSOE CASTELL\u00d3","og_description":"El Grup Municipal Socialista ha plantejat hui posar en marxa un f\u00f2rum de debat per a \u201creflexionar sobre el model de festes de la Magdalena que volem per a la ciutat\u201d. Patricia Puerta, portaveu del PSPV, ha assegurat hui que l&#8217;anomenada Magdalena de Fondes i Carpes mereix una reflexi\u00f3 seriosa, perqu\u00e8 cada vegada hi ha ...","og_url":"https:\/\/agrupacionespsoe.es\/castello\/va\/el-pspv-planteja-un-forum-de-debat-amb-col\u00b7lectius-veinals-hostaleria-i-mon-de-la-festa-per-a-reflexionar-sobre-el-model-de-la-magdalena\/","og_site_name":"PSPV-PSOE CASTELL\u00d3","article_publisher":"https:\/\/www.facebook.com\/pspv.castellodelaplana","article_published_time":"2026-03-17T17:16:31+00:00","article_modified_time":"2026-03-24T17:05:25+00:00","og_image":[{"width":1600,"height":1114,"url":"https:\/\/agrupacionespsoe.es\/castello\/wp-content\/uploads\/sites\/45\/2026\/03\/20260317-El-PSPV-plantea-un-foro-de-debate-con-colectivos-vecinales-hosteleria-y-\u2018mon-de-la-festa-para-reflexionar-sobre-el-modelo-de-la-Magdalena.jpeg","type":"image\/jpeg"}],"author":"castello1","twitter_card":"summary_large_image","twitter_creator":"@pspv_cs","twitter_site":"@pspv_cs","twitter_misc":{"Escrito por":"castello1","Tiempo de lectura":"7 minutos"},"schema":{"@context":"https:\/\/schema.org","@graph":[{"@type":"Article","@id":"https:\/\/agrupacionespsoe.es\/castello\/va\/el-pspv-planteja-un-forum-de-debat-amb-col%c2%b7lectius-veinals-hostaleria-i-mon-de-la-festa-per-a-reflexionar-sobre-el-model-de-la-magdalena\/#article","isPartOf":{"@id":"https:\/\/agrupacionespsoe.es\/castello\/va\/el-pspv-planteja-un-forum-de-debat-amb-col%c2%b7lectius-veinals-hostaleria-i-mon-de-la-festa-per-a-reflexionar-sobre-el-model-de-la-magdalena\/"},"author":{"name":"castello1","@id":"https:\/\/agrupacionespsoe.es\/castello\/#\/schema\/person\/f3bc5b2f9dc6a399e9e98596ae24a20a"},"headline":"El PSPV planteja un f\u00f2rum de debat amb col\u00b7lectius ve\u00efnals, hostaleria i m\u00f3n de la festa per a reflexionar sobre el model de la Magdalena","datePublished":"2026-03-17T17:16:31+00:00","dateModified":"2026-03-24T17:05:25+00:00","mainEntityOfPage":{"@id":"https:\/\/agrupacionespsoe.es\/castello\/va\/el-pspv-planteja-un-forum-de-debat-amb-col%c2%b7lectius-veinals-hostaleria-i-mon-de-la-festa-per-a-reflexionar-sobre-el-model-de-la-magdalena\/"},"wordCount":1419,"commentCount":0,"publisher":{"@id":"https:\/\/agrupacionespsoe.es\/castello\/#organization"},"image":{"@id":"https:\/\/agrupacionespsoe.es\/castello\/va\/el-pspv-planteja-un-forum-de-debat-amb-col%c2%b7lectius-veinals-hostaleria-i-mon-de-la-festa-per-a-reflexionar-sobre-el-model-de-la-magdalena\/#primaryimage"},"thumbnailUrl":"https:\/\/agrupacionespsoe.es\/castello\/wp-content\/uploads\/sites\/45\/2026\/03\/20260317-El-PSPV-plantea-un-foro-de-debate-con-colectivos-vecinales-hosteleria-y-\u2018mon-de-la-festa-para-reflexionar-sobre-el-modelo-de-la-Magdalena.jpeg","keywords":["Bego\u00f1a Carrasco","Jos\u00e9 Luis L\u00f3pez","Mary Carmen Ribera","Noelia Selma","Patricia Puerta","Todos","Vicent Sales"],"articleSection":["Festes","Grup Municipal Socialista"],"inLanguage":"es","potentialAction":[{"@type":"CommentAction","name":"Comment","target":["https:\/\/agrupacionespsoe.es\/castello\/va\/el-pspv-planteja-un-forum-de-debat-amb-col%c2%b7lectius-veinals-hostaleria-i-mon-de-la-festa-per-a-reflexionar-sobre-el-model-de-la-magdalena\/#respond"]}]},{"@type":"WebPage","@id":"https:\/\/agrupacionespsoe.es\/castello\/va\/el-pspv-planteja-un-forum-de-debat-amb-col%c2%b7lectius-veinals-hostaleria-i-mon-de-la-festa-per-a-reflexionar-sobre-el-model-de-la-magdalena\/","url":"https:\/\/agrupacionespsoe.es\/castello\/va\/el-pspv-planteja-un-forum-de-debat-amb-col%c2%b7lectius-veinals-hostaleria-i-mon-de-la-festa-per-a-reflexionar-sobre-el-model-de-la-magdalena\/","name":"El PSPV planteja un f\u00f2rum de debat amb col\u00b7lectius ve\u00efnals, hostaleria i m\u00f3n de la festa per a reflexionar sobre el model de la Magdalena - PSPV-PSOE CASTELL\u00d3","isPartOf":{"@id":"https:\/\/agrupacionespsoe.es\/castello\/#website"},"primaryImageOfPage":{"@id":"https:\/\/agrupacionespsoe.es\/castello\/va\/el-pspv-planteja-un-forum-de-debat-amb-col%c2%b7lectius-veinals-hostaleria-i-mon-de-la-festa-per-a-reflexionar-sobre-el-model-de-la-magdalena\/#primaryimage"},"image":{"@id":"https:\/\/agrupacionespsoe.es\/castello\/va\/el-pspv-planteja-un-forum-de-debat-amb-col%c2%b7lectius-veinals-hostaleria-i-mon-de-la-festa-per-a-reflexionar-sobre-el-model-de-la-magdalena\/#primaryimage"},"thumbnailUrl":"https:\/\/agrupacionespsoe.es\/castello\/wp-content\/uploads\/sites\/45\/2026\/03\/20260317-El-PSPV-plantea-un-foro-de-debate-con-colectivos-vecinales-hosteleria-y-\u2018mon-de-la-festa-para-reflexionar-sobre-el-modelo-de-la-Magdalena.jpeg","datePublished":"2026-03-17T17:16:31+00:00","dateModified":"2026-03-24T17:05:25+00:00","breadcrumb":{"@id":"https:\/\/agrupacionespsoe.es\/castello\/va\/el-pspv-planteja-un-forum-de-debat-amb-col%c2%b7lectius-veinals-hostaleria-i-mon-de-la-festa-per-a-reflexionar-sobre-el-model-de-la-magdalena\/#breadcrumb"},"inLanguage":"es","potentialAction":[{"@type":"ReadAction","target":["https:\/\/agrupacionespsoe.es\/castello\/va\/el-pspv-planteja-un-forum-de-debat-amb-col%c2%b7lectius-veinals-hostaleria-i-mon-de-la-festa-per-a-reflexionar-sobre-el-model-de-la-magdalena\/"]}]},{"@type":"ImageObject","inLanguage":"es","@id":"https:\/\/agrupacionespsoe.es\/castello\/va\/el-pspv-planteja-un-forum-de-debat-amb-col%c2%b7lectius-veinals-hostaleria-i-mon-de-la-festa-per-a-reflexionar-sobre-el-model-de-la-magdalena\/#primaryimage","url":"https:\/\/agrupacionespsoe.es\/castello\/wp-content\/uploads\/sites\/45\/2026\/03\/20260317-El-PSPV-plantea-un-foro-de-debate-con-colectivos-vecinales-hosteleria-y-\u2018mon-de-la-festa-para-reflexionar-sobre-el-modelo-de-la-Magdalena.jpeg","contentUrl":"https:\/\/agrupacionespsoe.es\/castello\/wp-content\/uploads\/sites\/45\/2026\/03\/20260317-El-PSPV-plantea-un-foro-de-debate-con-colectivos-vecinales-hosteleria-y-\u2018mon-de-la-festa-para-reflexionar-sobre-el-modelo-de-la-Magdalena.jpeg","width":1600,"height":1114},{"@type":"BreadcrumbList","@id":"https:\/\/agrupacionespsoe.es\/castello\/va\/el-pspv-planteja-un-forum-de-debat-amb-col%c2%b7lectius-veinals-hostaleria-i-mon-de-la-festa-per-a-reflexionar-sobre-el-model-de-la-magdalena\/#breadcrumb","itemListElement":[{"@type":"ListItem","position":1,"name":"Portada","item":"https:\/\/agrupacionespsoe.es\/castello\/"},{"@type":"ListItem","position":2,"name":"El PSPV planteja un f\u00f2rum de debat amb col\u00b7lectius ve\u00efnals, hostaleria i m\u00f3n de la festa per a reflexionar sobre el model de la Magdalena"}]},{"@type":"WebSite","@id":"https:\/\/agrupacionespsoe.es\/castello\/#website","url":"https:\/\/agrupacionespsoe.es\/castello\/","name":"PSPV-PSOE CASTELL\u00d3","description":"PSPV-PSOE | Agrupaci\u00f3 de Castell\u00f3","publisher":{"@id":"https:\/\/agrupacionespsoe.es\/castello\/#organization"},"potentialAction":[{"@type":"SearchAction","target":{"@type":"EntryPoint","urlTemplate":"https:\/\/agrupacionespsoe.es\/castello\/?s={search_term_string}"},"query-input":{"@type":"PropertyValueSpecification","valueRequired":true,"valueName":"search_term_string"}}],"inLanguage":"es"},{"@type":"Organization","@id":"https:\/\/agrupacionespsoe.es\/castello\/#organization","name":"PSPV-PSOE Castell\u00f3","url":"https:\/\/agrupacionespsoe.es\/castello\/","logo":{"@type":"ImageObject","inLanguage":"es","@id":"https:\/\/agrupacionespsoe.es\/castello\/#\/schema\/logo\/image\/","url":"https:\/\/agrupacionespsoe.es\/castello\/wp-content\/uploads\/sites\/45\/2023\/04\/PORTADA-PSOE-CASTELLO.jpg","contentUrl":"https:\/\/agrupacionespsoe.es\/castello\/wp-content\/uploads\/sites\/45\/2023\/04\/PORTADA-PSOE-CASTELLO.jpg","width":2500,"height":2500,"caption":"PSPV-PSOE Castell\u00f3"},"image":{"@id":"https:\/\/agrupacionespsoe.es\/castello\/#\/schema\/logo\/image\/"},"sameAs":["https:\/\/www.facebook.com\/pspv.castellodelaplana","https:\/\/x.com\/pspv_cs","https:\/\/www.instagram.com\/pspvpsoecastello\/"]},{"@type":"Person","@id":"https:\/\/agrupacionespsoe.es\/castello\/#\/schema\/person\/f3bc5b2f9dc6a399e9e98596ae24a20a","name":"castello1","image":{"@type":"ImageObject","inLanguage":"es","@id":"https:\/\/agrupacionespsoe.es\/castello\/#\/schema\/person\/image\/","url":"https:\/\/secure.gravatar.com\/avatar\/5f1da428d6479d1127419c0b58796865?s=96&d=mm&r=g","contentUrl":"https:\/\/secure.gravatar.com\/avatar\/5f1da428d6479d1127419c0b58796865?s=96&d=mm&r=g","caption":"castello1"},"url":"https:\/\/agrupacionespsoe.es\/castello\/author\/castello1\/"}]}},"jetpack_publicize_connections":[],"jetpack_featured_media_url":"https:\/\/agrupacionespsoe.es\/castello\/wp-content\/uploads\/sites\/45\/2026\/03\/20260317-El-PSPV-plantea-un-foro-de-debate-con-colectivos-vecinales-hosteleria-y-\u2018mon-de-la-festa-para-reflexionar-sobre-el-modelo-de-la-Magdalena.jpeg","jetpack_sharing_enabled":true,"_links":{"self":[{"href":"https:\/\/agrupacionespsoe.es\/castello\/wp-json\/wp\/v2\/posts\/10668","targetHints":{"allow":["GET"]}}],"collection":[{"href":"https:\/\/agrupacionespsoe.es\/castello\/wp-json\/wp\/v2\/posts"}],"about":[{"href":"https:\/\/agrupacionespsoe.es\/castello\/wp-json\/wp\/v2\/types\/post"}],"author":[{"embeddable":true,"href":"https:\/\/agrupacionespsoe.es\/castello\/wp-json\/wp\/v2\/users\/48"}],"replies":[{"embeddable":true,"href":"https:\/\/agrupacionespsoe.es\/castello\/wp-json\/wp\/v2\/comments?post=10668"}],"version-history":[{"count":2,"href":"https:\/\/agrupacionespsoe.es\/castello\/wp-json\/wp\/v2\/posts\/10668\/revisions"}],"predecessor-version":[{"id":10670,"href":"https:\/\/agrupacionespsoe.es\/castello\/wp-json\/wp\/v2\/posts\/10668\/revisions\/10670"}],"wp:featuredmedia":[{"embeddable":true,"href":"https:\/\/agrupacionespsoe.es\/castello\/wp-json\/wp\/v2\/media\/10665"}],"wp:attachment":[{"href":"https:\/\/agrupacionespsoe.es\/castello\/wp-json\/wp\/v2\/media?parent=10668"}],"wp:term":[{"taxonomy":"category","embeddable":true,"href":"https:\/\/agrupacionespsoe.es\/castello\/wp-json\/wp\/v2\/categories?post=10668"},{"taxonomy":"post_tag","embeddable":true,"href":"https:\/\/agrupacionespsoe.es\/castello\/wp-json\/wp\/v2\/tags?post=10668"}],"curies":[{"name":"wp","href":"https:\/\/api.w.org\/{rel}","templated":true}]}}