{"id":10664,"date":"2026-03-17T18:12:53","date_gmt":"2026-03-17T17:12:53","guid":{"rendered":"https:\/\/agrupacionespsoe.es\/castello\/?p=10664"},"modified":"2026-03-24T18:05:28","modified_gmt":"2026-03-24T17:05:28","slug":"el-pspv-plantea-un-foro-de-debate-con-colectivos-vecinales-hosteleria-y-mon-de-la-festa-para-reflexionar-sobre-el-modelo-de-la-magdalena","status":"publish","type":"post","link":"https:\/\/agrupacionespsoe.es\/castello\/el-pspv-plantea-un-foro-de-debate-con-colectivos-vecinales-hosteleria-y-mon-de-la-festa-para-reflexionar-sobre-el-modelo-de-la-magdalena\/","title":{"rendered":"El PSPV plantea un foro de debate con colectivos vecinales, hosteler\u00eda y \u2018m\u00f3n de la festa\u2019 para reflexionar sobre el modelo de la Magdalena"},"content":{"rendered":"\n<ul class=\"wp-block-list\">\n<li><em>El grupo municipal socialista considera necesario analizar la elevada presencia de carpas y mesones, su competencia con la hosteler\u00eda y la convivencia de las fiestas con los vecinos y vecinas<\/em><\/li>\n<\/ul>\n\n\n\n<ul class=\"wp-block-list\">\n<li><em>La portavoz del PSPV, Patricia Puerta, acusa a Bego\u00f1a Carrasco de retrasar actos \u201cpor su af\u00e1n de protagonismo\u201d y de ser la responsable del \u201ccaos organizativo\u201d el primer s\u00e1bado de la Magdalena<\/em><\/li>\n<\/ul>\n\n\n\n<ul class=\"wp-block-list\">\n<li><em>El Partido Socialista pide explicaciones por la supresi\u00f3n durante las fiestas de la l\u00ednea nocturna N1 entre semana, as\u00ed como por el hundimiento del escenario de la Nit M\u00e0gica<\/em><\/li>\n<\/ul>\n\n\n\n<figure class=\"wp-block-audio\"><audio controls src=\"https:\/\/agrupacionespsoe.es\/castello\/wp-content\/uploads\/sites\/45\/2026\/03\/20260317-El-PSPV-plantea-un-foro-de-debate-con-colectivos-vecinales-hosteleria-y-\u2018mon-de-la-festa-para-reflexionar-sobre-el-modelo-de-la-Magdalena.mp3\" autoplay><\/audio><\/figure>\n\n\n\n<p>El Grupo Municipal Socialista ha planteado hoy poner en marcha un foro de debate para \u201creflexionar sobre el modelo de fiestas de la Magdalena que queremos para la ciudad\u201d. <a href=\"https:\/\/agrupacionespsoe.es\/castello\/tag\/patricia-puerta\/\">Patricia Puerta<\/a>, portavoz del PSPV, ha asegurado hoy que la llamada Magdalena de Mesones y Carpas merece una reflexi\u00f3n seria, porque cada vez hay m\u00e1s barras, m\u00e1s ruido durante muchas horas del d\u00eda y situaciones que deber\u00edan analizarse con m\u00e1s detalle, viendo los problemas de convivencia que generan con los vecinos y vecinas y la \u201ccompetencia\u201d con la hosteler\u00eda de la ciudad.<\/p>\n\n\n\n<p>Para Puerta, \u201cser\u00eda importante que se crease un foro de debate en el que tuviesen voz las vecinas y vecinos de Castell\u00f3, la hosteler\u00eda y el mundo de la fiesta, adem\u00e1s de los grupos pol\u00edticos, para ver el camino a seguir, porque unos festejos con los que rememoramos la fundaci\u00f3n de nuestra ciudad no pueden limitarse solo a hacer balance de n\u00fameros e ingresos\u201d.<\/p>\n\n\n\n<p>Patricia Puerta ha realizado estas declaraciones en una comparecencia para realizar un balance de las fiestas, en la que ha estado acompa\u00f1ada por el portavoz adjunto, <a href=\"https:\/\/agrupacionespsoe.es\/castello\/tag\/jose-luis-lopez\/\">Jos\u00e9 Luis L\u00f3pez<\/a>, adem\u00e1s de por la concejala <a href=\"https:\/\/agrupacionespsoe.es\/castello\/tag\/mary-carmen-ribera\/\">Mary Carmen Ribera<\/a>. Puerta, antes de entrar al detalle en la valoraci\u00f3n de los festejos, ha querido trasladar un \u201creconocimiento claro y sincero a todas las personas que han trabajado sin descanso\u201d, adem\u00e1s de recordar el trabajo y dedicaci\u00f3n de Jorge Mart\u00ed, que falleci\u00f3 el lunes 9 de marzo de manera inesperada.<\/p>\n\n\n\n<p>Este reconocimiento va dirigido a las personas que integran la Junta de Fiestas, \u201cque dedican horas y horas de su tiempo libre durante todo el a\u00f1o para que Castell\u00f3 pueda vivir la Magdalena\u201d, y las 19 gaiatas, \u201cpues son el coraz\u00f3n de la Magdalena y detr\u00e1s de cada monumento, de cada desfile y de cada acto hay much\u00edsimas personas trabajando durante meses para mantener viva nuestra tradici\u00f3n\u201d.<\/p>\n\n\n\n<p>Sobre la gesti\u00f3n del gobierno municipal, la portavoz socialista no ha dudado en reconocer una cosa: \u201cel esfuerzo\u201d por mantener limpias las calles por parte de la plantilla responsable de ello. \u201cLo criticamos en las pasadas ediciones, donde la basura y la falta de mantenimiento fue palpable por la ciudadan\u00eda, pero parece que, al fin, tras las quejas vecinales y de la oposici\u00f3n, han reaccionado\u201d.<\/p>\n\n\n\n<p>\u201c<strong>Decidiremos sobre la marcha\u201d<\/strong><\/p>\n\n\n\n<p>Para la portavoz socialista, \u201csi tuvi\u00e9ramos que resumir el inicio de esta Magdalena en tres frases, ser\u00edan las que dijeron ellos mismos\u201d: \u201cSi llueve la dejaremos caer\u201d (<a href=\"https:\/\/agrupacionespsoe.es\/castello\/tag\/vicent-sales\/\">Vicent Sales<\/a>); \u201cBailaremos sobre la lluvia\u201d (<a href=\"https:\/\/agrupacionespsoe.es\/castello\/tag\/begona-carrasco\/\">Bego\u00f1a Carrasco<\/a>) y \u201cDecidiremos sobre la marcha\u201d (<a href=\"https:\/\/agrupacionespsoe.es\/castello\/tag\/noelia-selma\/\">Noelia Selma<\/a>). Y, \u201cefectivamente, llovi\u00f3, tuvimos que bailar bajo la lluvia y las decisiones se tomaron sobre la marcha\u201d.<\/p>\n\n\n\n<p>La lluvia, como ha recalcado la portavoz socialista, siempre complica la organizaci\u00f3n de un evento, \u201cpero lo que s\u00ed se puede controlar es la planificaci\u00f3n y la capacidad de tomar decisiones con responsabilidad, algo que sabemos bien porque en 2022 vivimos unas fiestas con mucha m\u00e1s lluvia y entonces recibimos cr\u00edticas muy duras por parte de quienes hoy gobiernan\u201d.<\/p>\n\n\n\n<p>Por eso, \u201clo ocurrido durante el primer s\u00e1bado de Magdalena fue un claro ejemplo de mala gesti\u00f3n\u201d. Primero con el recorrido desde la plaza Mayor al recinto de la masclet\u00e0, \u201cbajo una intensa lluvia, con la banda municipal empapada para que la alcaldesa bailase bajo la lluvia. \u00bfHan visto ustedes las publicaciones de algunos m\u00fasicos, quej\u00e1ndose de no poder proteger sus instrumentos, de perder las partituras? Pero nada detiene a la se\u00f1ora alcaldesa\u201d, ha subrayado la portavoz socialista.<\/p>\n\n\n\n<p>Sobre el Preg\u00f3, \u201chab\u00eda alerta amarilla y la previsi\u00f3n estaba clara, pero obligaron a venir a la ciudad a decenas y decenas de participantes de toda la provincia&#8230; para nada. Y despu\u00e9s se inventaron un \u2018seudopreg\u00f3\u2019 que fue un fiasco, solo por la foto de la alcaldesa. Pero ya escucharon ayer a la se\u00f1ora Carrasco, orgullosa de hacer bailar a los castellonenses bajo la lluvia\u201d, ha ironizado Puerta. Lo razonable, a su juicio, era tambi\u00e9n \u201ctrasladar determinados actos a espacios como el Palau de la Festa y no suspender directamente una jornada del Magdalena Circus sin ofrecer alternativa\u201d.<\/p>\n\n\n\n<p>Durante la semana tambi\u00e9n ha habido problemas de organizaci\u00f3n en distintos actos, como la Torn\u00e0 y el desfile de penitentes y gaiatas, que registraron parones y cortes debido a problemas con los carros, \u201calgo que nos hace preguntarnos si exist\u00eda una previsi\u00f3n suficiente de medios\u201d.<\/p>\n\n\n\n<p>En materia de gesti\u00f3n, adem\u00e1s, \u201chemos detectado un n\u00famero muy elevado de contratos formalizados a \u00faltima hora, incluso durante la misma semana de Magdalena, como el espect\u00e1culo de drones o de algunos castillos de fuegos artificiales\u201d.<\/p>\n\n\n\n<p>Tambi\u00e9n se han producido \u201csituaciones preocupantes\u201d, como el hundimiento del escenario de la Nit M\u00e0gica, \u201ctema del que ya hemos pedido explicaciones en el ayuntamiento\u201d, o la falta de protocolos claros en algunos actos organizados por el gobierno municipal, como la formaci\u00f3n de la Romeria o la Encesa.<\/p>\n\n\n\n<p>En movilidad, como denuncia el grupo socialista, \u201ctampoco se entiende la decisi\u00f3n de limitar la l\u00ednea nocturna de autob\u00fas N1 \u00fanicamente a los fines de semana y dejarla sin servicio entre semana\u201d. Adem\u00e1s, \u201chay que mencionar tambi\u00e9n el episodio de las llamadas pulseras antidrogas, sobre el que ya hemos visto declaraciones de la asociaci\u00f3n ADONAT, poniendo en cuesti\u00f3n la informaci\u00f3n que se traslad\u00f3 inicialmente pues no se dieron pulseras a todas las j\u00f3venes que las solicitaban.<\/p>\n\n\n\n<p>Tambi\u00e9n se han visto situaciones \u201cque no deber\u00edan producirse, como el uso partidista que ha realizado Vox con el reparto de pases al recinto de mascletaes. Con cada pase regalado, una pulsera de Vox de complemento para captar el voto. De verg\u00fcenza, pero a la alcaldesa parece que todo le da igual\u201d, lamenta la portavoz socialista.<\/p>\n\n\n\n<p><strong>Suciedad en el Bisbe Climent<\/strong><\/p>\n\n\n\n<p>A todo ello se suma lo que denunci\u00f3 ayer el Partido Socialista: el uso sin permiso del colegio Bisbe Climent el s\u00e1bado pasado para un desfile, dejando el espacio en condiciones muy deficientes, con suciedad en el centro que ha generado el malestar de la comunidad educativa. \u201cA pesar de lo que diga el se\u00f1or Sales, no ten\u00edan permiso, y tenemos el documento que lo demuestra\u201d.<\/p>\n\n\n\n<p>El portavoz de Bego\u00f1a Carrasco, adem\u00e1s, \u201cdice que los socialistas manipulamos y llega a culpar al colegio de no abrirles el centro a las 6.30 del lunes para limpiar, pero no ten\u00edan aviso alguno\u201d. Lo suyo \u201chabr\u00eda sido limpiar el domingo tanto las heces de caballo como la basura que qued\u00f3 en el centro\u201d. Patricia Puerta ha querido dejar claro que \u201cen este tema \u201csolo manipula la realidad una persona: el se\u00f1or Sales, que adem\u00e1s pone el foco en Moros de Alquer\u00eda, cuando ellos no son culpables de nada pues se limitaron a hacer uso del local que el ayuntamiento les abri\u00f3\u201d.<\/p>\n\n\n\n<p><strong>Mocatriz<\/strong><\/p>\n\n\n\n<p>La Magdalena de 2026 ha sido, entre otras cosas, \u201cun escenario perfecto para el postureo al que nos tiene acostumbrados la alcaldesa, que tendr\u00e1 un magn\u00edfico \u00e1lbum fotogr\u00e1fico de estas fiestas, porque en eso s\u00ed parecen haber trabajado intensamente. El problema aqu\u00ed es \u201cque Bego\u00f1a Carrasco ha querido ser como Mocatriz -modelo, cantante y actriz- porque solo ella es la culpable de dejar esperando a miles de castellonenses con viento y fr\u00edo el desfile del pasado s\u00e1bado, que empez\u00f3 con m\u00e1s de una hora de retraso porque tuvieron que aguardar a que la alcaldesa se vistiese para desfilar despu\u00e9s de participar en la Ofrenda de Lled\u00f3. Como se suele decir, no se puede estar en misa y repicando\u201d, ha subrayado Puerta.<\/p>\n","protected":false},"excerpt":{"rendered":"<p>El Grupo Municipal Socialista ha planteado hoy poner en marcha un foro de debate para \u201creflexionar sobre el modelo de fiestas de la Magdalena que queremos para la ciudad\u201d. Patricia Puerta, portavoz del PSPV, ha asegurado hoy que la llamada Magdalena de Mesones y Carpas merece una reflexi\u00f3n seria, porque cada vez hay m\u00e1s barras, &#8230;<\/p>\n","protected":false},"author":48,"featured_media":10665,"comment_status":"open","ping_status":"open","sticky":false,"template":"","format":"standard","meta":{"_jetpack_memberships_contains_paid_content":false,"footnotes":"","jetpack_publicize_message":"","jetpack_publicize_feature_enabled":true,"jetpack_social_post_already_shared":true,"jetpack_social_options":{"image_generator_settings":{"template":"highway","default_image_id":0,"font":"","enabled":false},"version":2}},"categories":[1169,33],"tags":[733,85,99,891,81,448,778],"class_list":["post-10664","post","type-post","status-publish","format-standard","has-post-thumbnail","hentry","category-fiestas","category-gms","tag-begona-carrasco","tag-jose-luis-lopez","tag-mary-carmen-ribera","tag-noelia-selma","tag-patricia-puerta","tag-todos-es","tag-vicent-sales"],"yoast_head":"<!-- This site is optimized with the Yoast SEO plugin v24.0 - https:\/\/yoast.com\/wordpress\/plugins\/seo\/ -->\n<title>El PSPV plantea un foro de debate con colectivos vecinales, hosteler\u00eda y \u2018m\u00f3n de la festa\u2019 para reflexionar sobre el modelo de la Magdalena - PSPV-PSOE CASTELL\u00d3<\/title>\n<meta name=\"robots\" content=\"index, follow, max-snippet:-1, max-image-preview:large, max-video-preview:-1\" \/>\n<link rel=\"canonical\" href=\"https:\/\/agrupacionespsoe.es\/castello\/el-pspv-plantea-un-foro-de-debate-con-colectivos-vecinales-hosteleria-y-mon-de-la-festa-para-reflexionar-sobre-el-modelo-de-la-magdalena\/\" \/>\n<meta property=\"og:locale\" content=\"es_ES\" \/>\n<meta property=\"og:type\" content=\"article\" \/>\n<meta property=\"og:title\" content=\"El PSPV plantea un foro de debate con colectivos vecinales, hosteler\u00eda y \u2018m\u00f3n de la festa\u2019 para reflexionar sobre el modelo de la Magdalena - PSPV-PSOE CASTELL\u00d3\" \/>\n<meta property=\"og:description\" content=\"El Grupo Municipal Socialista ha planteado hoy poner en marcha un foro de debate para \u201creflexionar sobre el modelo de fiestas de la Magdalena que queremos para la ciudad\u201d. Patricia Puerta, portavoz del PSPV, ha asegurado hoy que la llamada Magdalena de Mesones y Carpas merece una reflexi\u00f3n seria, porque cada vez hay m\u00e1s barras, ...\" \/>\n<meta property=\"og:url\" content=\"https:\/\/agrupacionespsoe.es\/castello\/el-pspv-plantea-un-foro-de-debate-con-colectivos-vecinales-hosteleria-y-mon-de-la-festa-para-reflexionar-sobre-el-modelo-de-la-magdalena\/\" \/>\n<meta property=\"og:site_name\" content=\"PSPV-PSOE CASTELL\u00d3\" \/>\n<meta property=\"article:publisher\" content=\"https:\/\/www.facebook.com\/pspv.castellodelaplana\" \/>\n<meta property=\"article:published_time\" content=\"2026-03-17T17:12:53+00:00\" \/>\n<meta property=\"article:modified_time\" content=\"2026-03-24T17:05:28+00:00\" \/>\n<meta property=\"og:image\" content=\"https:\/\/agrupacionespsoe.es\/castello\/wp-content\/uploads\/sites\/45\/2026\/03\/20260317-El-PSPV-plantea-un-foro-de-debate-con-colectivos-vecinales-hosteleria-y-\u2018mon-de-la-festa-para-reflexionar-sobre-el-modelo-de-la-Magdalena.jpeg\" \/>\n\t<meta property=\"og:image:width\" content=\"1600\" \/>\n\t<meta property=\"og:image:height\" content=\"1114\" \/>\n\t<meta property=\"og:image:type\" content=\"image\/jpeg\" \/>\n<meta name=\"author\" content=\"castello1\" \/>\n<meta name=\"twitter:card\" content=\"summary_large_image\" \/>\n<meta name=\"twitter:creator\" content=\"@pspv_cs\" \/>\n<meta name=\"twitter:site\" content=\"@pspv_cs\" \/>\n<meta name=\"twitter:label1\" content=\"Escrito por\" \/>\n\t<meta name=\"twitter:data1\" content=\"castello1\" \/>\n\t<meta name=\"twitter:label2\" content=\"Tiempo de lectura\" \/>\n\t<meta name=\"twitter:data2\" content=\"7 minutos\" \/>\n<script type=\"application\/ld+json\" class=\"yoast-schema-graph\">{\"@context\":\"https:\/\/schema.org\",\"@graph\":[{\"@type\":\"Article\",\"@id\":\"https:\/\/agrupacionespsoe.es\/castello\/el-pspv-plantea-un-foro-de-debate-con-colectivos-vecinales-hosteleria-y-mon-de-la-festa-para-reflexionar-sobre-el-modelo-de-la-magdalena\/#article\",\"isPartOf\":{\"@id\":\"https:\/\/agrupacionespsoe.es\/castello\/el-pspv-plantea-un-foro-de-debate-con-colectivos-vecinales-hosteleria-y-mon-de-la-festa-para-reflexionar-sobre-el-modelo-de-la-magdalena\/\"},\"author\":{\"name\":\"castello1\",\"@id\":\"https:\/\/agrupacionespsoe.es\/castello\/#\/schema\/person\/f3bc5b2f9dc6a399e9e98596ae24a20a\"},\"headline\":\"El PSPV plantea un foro de debate con colectivos vecinales, hosteler\u00eda y \u2018m\u00f3n de la festa\u2019 para reflexionar sobre el modelo de la Magdalena\",\"datePublished\":\"2026-03-17T17:12:53+00:00\",\"dateModified\":\"2026-03-24T17:05:28+00:00\",\"mainEntityOfPage\":{\"@id\":\"https:\/\/agrupacionespsoe.es\/castello\/el-pspv-plantea-un-foro-de-debate-con-colectivos-vecinales-hosteleria-y-mon-de-la-festa-para-reflexionar-sobre-el-modelo-de-la-magdalena\/\"},\"wordCount\":1430,\"commentCount\":0,\"publisher\":{\"@id\":\"https:\/\/agrupacionespsoe.es\/castello\/#organization\"},\"image\":{\"@id\":\"https:\/\/agrupacionespsoe.es\/castello\/el-pspv-plantea-un-foro-de-debate-con-colectivos-vecinales-hosteleria-y-mon-de-la-festa-para-reflexionar-sobre-el-modelo-de-la-magdalena\/#primaryimage\"},\"thumbnailUrl\":\"https:\/\/agrupacionespsoe.es\/castello\/wp-content\/uploads\/sites\/45\/2026\/03\/20260317-El-PSPV-plantea-un-foro-de-debate-con-colectivos-vecinales-hosteleria-y-\u2018mon-de-la-festa-para-reflexionar-sobre-el-modelo-de-la-Magdalena.jpeg\",\"keywords\":[\"Bego\u00f1a Carrasco\",\"Jos\u00e9 Luis L\u00f3pez\",\"Mary Carmen Ribera\",\"Noelia Selma\",\"Patricia Puerta\",\"Todos\",\"Vicent Sales\"],\"articleSection\":[\"Fiestas\",\"Grupo Municipal Socialista\"],\"inLanguage\":\"es\",\"potentialAction\":[{\"@type\":\"CommentAction\",\"name\":\"Comment\",\"target\":[\"https:\/\/agrupacionespsoe.es\/castello\/el-pspv-plantea-un-foro-de-debate-con-colectivos-vecinales-hosteleria-y-mon-de-la-festa-para-reflexionar-sobre-el-modelo-de-la-magdalena\/#respond\"]}]},{\"@type\":\"WebPage\",\"@id\":\"https:\/\/agrupacionespsoe.es\/castello\/el-pspv-plantea-un-foro-de-debate-con-colectivos-vecinales-hosteleria-y-mon-de-la-festa-para-reflexionar-sobre-el-modelo-de-la-magdalena\/\",\"url\":\"https:\/\/agrupacionespsoe.es\/castello\/el-pspv-plantea-un-foro-de-debate-con-colectivos-vecinales-hosteleria-y-mon-de-la-festa-para-reflexionar-sobre-el-modelo-de-la-magdalena\/\",\"name\":\"El PSPV plantea un foro de debate con colectivos vecinales, hosteler\u00eda y \u2018m\u00f3n de la festa\u2019 para reflexionar sobre el modelo de la Magdalena - PSPV-PSOE CASTELL\u00d3\",\"isPartOf\":{\"@id\":\"https:\/\/agrupacionespsoe.es\/castello\/#website\"},\"primaryImageOfPage\":{\"@id\":\"https:\/\/agrupacionespsoe.es\/castello\/el-pspv-plantea-un-foro-de-debate-con-colectivos-vecinales-hosteleria-y-mon-de-la-festa-para-reflexionar-sobre-el-modelo-de-la-magdalena\/#primaryimage\"},\"image\":{\"@id\":\"https:\/\/agrupacionespsoe.es\/castello\/el-pspv-plantea-un-foro-de-debate-con-colectivos-vecinales-hosteleria-y-mon-de-la-festa-para-reflexionar-sobre-el-modelo-de-la-magdalena\/#primaryimage\"},\"thumbnailUrl\":\"https:\/\/agrupacionespsoe.es\/castello\/wp-content\/uploads\/sites\/45\/2026\/03\/20260317-El-PSPV-plantea-un-foro-de-debate-con-colectivos-vecinales-hosteleria-y-\u2018mon-de-la-festa-para-reflexionar-sobre-el-modelo-de-la-Magdalena.jpeg\",\"datePublished\":\"2026-03-17T17:12:53+00:00\",\"dateModified\":\"2026-03-24T17:05:28+00:00\",\"breadcrumb\":{\"@id\":\"https:\/\/agrupacionespsoe.es\/castello\/el-pspv-plantea-un-foro-de-debate-con-colectivos-vecinales-hosteleria-y-mon-de-la-festa-para-reflexionar-sobre-el-modelo-de-la-magdalena\/#breadcrumb\"},\"inLanguage\":\"es\",\"potentialAction\":[{\"@type\":\"ReadAction\",\"target\":[\"https:\/\/agrupacionespsoe.es\/castello\/el-pspv-plantea-un-foro-de-debate-con-colectivos-vecinales-hosteleria-y-mon-de-la-festa-para-reflexionar-sobre-el-modelo-de-la-magdalena\/\"]}]},{\"@type\":\"ImageObject\",\"inLanguage\":\"es\",\"@id\":\"https:\/\/agrupacionespsoe.es\/castello\/el-pspv-plantea-un-foro-de-debate-con-colectivos-vecinales-hosteleria-y-mon-de-la-festa-para-reflexionar-sobre-el-modelo-de-la-magdalena\/#primaryimage\",\"url\":\"https:\/\/agrupacionespsoe.es\/castello\/wp-content\/uploads\/sites\/45\/2026\/03\/20260317-El-PSPV-plantea-un-foro-de-debate-con-colectivos-vecinales-hosteleria-y-\u2018mon-de-la-festa-para-reflexionar-sobre-el-modelo-de-la-Magdalena.jpeg\",\"contentUrl\":\"https:\/\/agrupacionespsoe.es\/castello\/wp-content\/uploads\/sites\/45\/2026\/03\/20260317-El-PSPV-plantea-un-foro-de-debate-con-colectivos-vecinales-hosteleria-y-\u2018mon-de-la-festa-para-reflexionar-sobre-el-modelo-de-la-Magdalena.jpeg\",\"width\":1600,\"height\":1114},{\"@type\":\"BreadcrumbList\",\"@id\":\"https:\/\/agrupacionespsoe.es\/castello\/el-pspv-plantea-un-foro-de-debate-con-colectivos-vecinales-hosteleria-y-mon-de-la-festa-para-reflexionar-sobre-el-modelo-de-la-magdalena\/#breadcrumb\",\"itemListElement\":[{\"@type\":\"ListItem\",\"position\":1,\"name\":\"Portada\",\"item\":\"https:\/\/agrupacionespsoe.es\/castello\/\"},{\"@type\":\"ListItem\",\"position\":2,\"name\":\"El PSPV plantea un foro de debate con colectivos vecinales, hosteler\u00eda y \u2018m\u00f3n de la festa\u2019 para reflexionar sobre el modelo de la Magdalena\"}]},{\"@type\":\"WebSite\",\"@id\":\"https:\/\/agrupacionespsoe.es\/castello\/#website\",\"url\":\"https:\/\/agrupacionespsoe.es\/castello\/\",\"name\":\"PSPV-PSOE CASTELL\u00d3\",\"description\":\"PSPV-PSOE | Agrupaci\u00f3 de Castell\u00f3\",\"publisher\":{\"@id\":\"https:\/\/agrupacionespsoe.es\/castello\/#organization\"},\"potentialAction\":[{\"@type\":\"SearchAction\",\"target\":{\"@type\":\"EntryPoint\",\"urlTemplate\":\"https:\/\/agrupacionespsoe.es\/castello\/?s={search_term_string}\"},\"query-input\":{\"@type\":\"PropertyValueSpecification\",\"valueRequired\":true,\"valueName\":\"search_term_string\"}}],\"inLanguage\":\"es\"},{\"@type\":\"Organization\",\"@id\":\"https:\/\/agrupacionespsoe.es\/castello\/#organization\",\"name\":\"PSPV-PSOE Castell\u00f3\",\"url\":\"https:\/\/agrupacionespsoe.es\/castello\/\",\"logo\":{\"@type\":\"ImageObject\",\"inLanguage\":\"es\",\"@id\":\"https:\/\/agrupacionespsoe.es\/castello\/#\/schema\/logo\/image\/\",\"url\":\"https:\/\/agrupacionespsoe.es\/castello\/wp-content\/uploads\/sites\/45\/2023\/04\/PORTADA-PSOE-CASTELLO.jpg\",\"contentUrl\":\"https:\/\/agrupacionespsoe.es\/castello\/wp-content\/uploads\/sites\/45\/2023\/04\/PORTADA-PSOE-CASTELLO.jpg\",\"width\":2500,\"height\":2500,\"caption\":\"PSPV-PSOE Castell\u00f3\"},\"image\":{\"@id\":\"https:\/\/agrupacionespsoe.es\/castello\/#\/schema\/logo\/image\/\"},\"sameAs\":[\"https:\/\/www.facebook.com\/pspv.castellodelaplana\",\"https:\/\/x.com\/pspv_cs\",\"https:\/\/www.instagram.com\/pspvpsoecastello\/\"]},{\"@type\":\"Person\",\"@id\":\"https:\/\/agrupacionespsoe.es\/castello\/#\/schema\/person\/f3bc5b2f9dc6a399e9e98596ae24a20a\",\"name\":\"castello1\",\"image\":{\"@type\":\"ImageObject\",\"inLanguage\":\"es\",\"@id\":\"https:\/\/agrupacionespsoe.es\/castello\/#\/schema\/person\/image\/\",\"url\":\"https:\/\/secure.gravatar.com\/avatar\/5f1da428d6479d1127419c0b58796865?s=96&d=mm&r=g\",\"contentUrl\":\"https:\/\/secure.gravatar.com\/avatar\/5f1da428d6479d1127419c0b58796865?s=96&d=mm&r=g\",\"caption\":\"castello1\"},\"url\":\"https:\/\/agrupacionespsoe.es\/castello\/author\/castello1\/\"}]}<\/script>\n<!-- \/ Yoast SEO plugin. -->","yoast_head_json":{"title":"El PSPV plantea un foro de debate con colectivos vecinales, hosteler\u00eda y \u2018m\u00f3n de la festa\u2019 para reflexionar sobre el modelo de la Magdalena - PSPV-PSOE CASTELL\u00d3","robots":{"index":"index","follow":"follow","max-snippet":"max-snippet:-1","max-image-preview":"max-image-preview:large","max-video-preview":"max-video-preview:-1"},"canonical":"https:\/\/agrupacionespsoe.es\/castello\/el-pspv-plantea-un-foro-de-debate-con-colectivos-vecinales-hosteleria-y-mon-de-la-festa-para-reflexionar-sobre-el-modelo-de-la-magdalena\/","og_locale":"es_ES","og_type":"article","og_title":"El PSPV plantea un foro de debate con colectivos vecinales, hosteler\u00eda y \u2018m\u00f3n de la festa\u2019 para reflexionar sobre el modelo de la Magdalena - PSPV-PSOE CASTELL\u00d3","og_description":"El Grupo Municipal Socialista ha planteado hoy poner en marcha un foro de debate para \u201creflexionar sobre el modelo de fiestas de la Magdalena que queremos para la ciudad\u201d. Patricia Puerta, portavoz del PSPV, ha asegurado hoy que la llamada Magdalena de Mesones y Carpas merece una reflexi\u00f3n seria, porque cada vez hay m\u00e1s barras, ...","og_url":"https:\/\/agrupacionespsoe.es\/castello\/el-pspv-plantea-un-foro-de-debate-con-colectivos-vecinales-hosteleria-y-mon-de-la-festa-para-reflexionar-sobre-el-modelo-de-la-magdalena\/","og_site_name":"PSPV-PSOE CASTELL\u00d3","article_publisher":"https:\/\/www.facebook.com\/pspv.castellodelaplana","article_published_time":"2026-03-17T17:12:53+00:00","article_modified_time":"2026-03-24T17:05:28+00:00","og_image":[{"width":1600,"height":1114,"url":"https:\/\/agrupacionespsoe.es\/castello\/wp-content\/uploads\/sites\/45\/2026\/03\/20260317-El-PSPV-plantea-un-foro-de-debate-con-colectivos-vecinales-hosteleria-y-\u2018mon-de-la-festa-para-reflexionar-sobre-el-modelo-de-la-Magdalena.jpeg","type":"image\/jpeg"}],"author":"castello1","twitter_card":"summary_large_image","twitter_creator":"@pspv_cs","twitter_site":"@pspv_cs","twitter_misc":{"Escrito por":"castello1","Tiempo de lectura":"7 minutos"},"schema":{"@context":"https:\/\/schema.org","@graph":[{"@type":"Article","@id":"https:\/\/agrupacionespsoe.es\/castello\/el-pspv-plantea-un-foro-de-debate-con-colectivos-vecinales-hosteleria-y-mon-de-la-festa-para-reflexionar-sobre-el-modelo-de-la-magdalena\/#article","isPartOf":{"@id":"https:\/\/agrupacionespsoe.es\/castello\/el-pspv-plantea-un-foro-de-debate-con-colectivos-vecinales-hosteleria-y-mon-de-la-festa-para-reflexionar-sobre-el-modelo-de-la-magdalena\/"},"author":{"name":"castello1","@id":"https:\/\/agrupacionespsoe.es\/castello\/#\/schema\/person\/f3bc5b2f9dc6a399e9e98596ae24a20a"},"headline":"El PSPV plantea un foro de debate con colectivos vecinales, hosteler\u00eda y \u2018m\u00f3n de la festa\u2019 para reflexionar sobre el modelo de la Magdalena","datePublished":"2026-03-17T17:12:53+00:00","dateModified":"2026-03-24T17:05:28+00:00","mainEntityOfPage":{"@id":"https:\/\/agrupacionespsoe.es\/castello\/el-pspv-plantea-un-foro-de-debate-con-colectivos-vecinales-hosteleria-y-mon-de-la-festa-para-reflexionar-sobre-el-modelo-de-la-magdalena\/"},"wordCount":1430,"commentCount":0,"publisher":{"@id":"https:\/\/agrupacionespsoe.es\/castello\/#organization"},"image":{"@id":"https:\/\/agrupacionespsoe.es\/castello\/el-pspv-plantea-un-foro-de-debate-con-colectivos-vecinales-hosteleria-y-mon-de-la-festa-para-reflexionar-sobre-el-modelo-de-la-magdalena\/#primaryimage"},"thumbnailUrl":"https:\/\/agrupacionespsoe.es\/castello\/wp-content\/uploads\/sites\/45\/2026\/03\/20260317-El-PSPV-plantea-un-foro-de-debate-con-colectivos-vecinales-hosteleria-y-\u2018mon-de-la-festa-para-reflexionar-sobre-el-modelo-de-la-Magdalena.jpeg","keywords":["Bego\u00f1a Carrasco","Jos\u00e9 Luis L\u00f3pez","Mary Carmen Ribera","Noelia Selma","Patricia Puerta","Todos","Vicent Sales"],"articleSection":["Fiestas","Grupo Municipal Socialista"],"inLanguage":"es","potentialAction":[{"@type":"CommentAction","name":"Comment","target":["https:\/\/agrupacionespsoe.es\/castello\/el-pspv-plantea-un-foro-de-debate-con-colectivos-vecinales-hosteleria-y-mon-de-la-festa-para-reflexionar-sobre-el-modelo-de-la-magdalena\/#respond"]}]},{"@type":"WebPage","@id":"https:\/\/agrupacionespsoe.es\/castello\/el-pspv-plantea-un-foro-de-debate-con-colectivos-vecinales-hosteleria-y-mon-de-la-festa-para-reflexionar-sobre-el-modelo-de-la-magdalena\/","url":"https:\/\/agrupacionespsoe.es\/castello\/el-pspv-plantea-un-foro-de-debate-con-colectivos-vecinales-hosteleria-y-mon-de-la-festa-para-reflexionar-sobre-el-modelo-de-la-magdalena\/","name":"El PSPV plantea un foro de debate con colectivos vecinales, hosteler\u00eda y \u2018m\u00f3n de la festa\u2019 para reflexionar sobre el modelo de la Magdalena - PSPV-PSOE CASTELL\u00d3","isPartOf":{"@id":"https:\/\/agrupacionespsoe.es\/castello\/#website"},"primaryImageOfPage":{"@id":"https:\/\/agrupacionespsoe.es\/castello\/el-pspv-plantea-un-foro-de-debate-con-colectivos-vecinales-hosteleria-y-mon-de-la-festa-para-reflexionar-sobre-el-modelo-de-la-magdalena\/#primaryimage"},"image":{"@id":"https:\/\/agrupacionespsoe.es\/castello\/el-pspv-plantea-un-foro-de-debate-con-colectivos-vecinales-hosteleria-y-mon-de-la-festa-para-reflexionar-sobre-el-modelo-de-la-magdalena\/#primaryimage"},"thumbnailUrl":"https:\/\/agrupacionespsoe.es\/castello\/wp-content\/uploads\/sites\/45\/2026\/03\/20260317-El-PSPV-plantea-un-foro-de-debate-con-colectivos-vecinales-hosteleria-y-\u2018mon-de-la-festa-para-reflexionar-sobre-el-modelo-de-la-Magdalena.jpeg","datePublished":"2026-03-17T17:12:53+00:00","dateModified":"2026-03-24T17:05:28+00:00","breadcrumb":{"@id":"https:\/\/agrupacionespsoe.es\/castello\/el-pspv-plantea-un-foro-de-debate-con-colectivos-vecinales-hosteleria-y-mon-de-la-festa-para-reflexionar-sobre-el-modelo-de-la-magdalena\/#breadcrumb"},"inLanguage":"es","potentialAction":[{"@type":"ReadAction","target":["https:\/\/agrupacionespsoe.es\/castello\/el-pspv-plantea-un-foro-de-debate-con-colectivos-vecinales-hosteleria-y-mon-de-la-festa-para-reflexionar-sobre-el-modelo-de-la-magdalena\/"]}]},{"@type":"ImageObject","inLanguage":"es","@id":"https:\/\/agrupacionespsoe.es\/castello\/el-pspv-plantea-un-foro-de-debate-con-colectivos-vecinales-hosteleria-y-mon-de-la-festa-para-reflexionar-sobre-el-modelo-de-la-magdalena\/#primaryimage","url":"https:\/\/agrupacionespsoe.es\/castello\/wp-content\/uploads\/sites\/45\/2026\/03\/20260317-El-PSPV-plantea-un-foro-de-debate-con-colectivos-vecinales-hosteleria-y-\u2018mon-de-la-festa-para-reflexionar-sobre-el-modelo-de-la-Magdalena.jpeg","contentUrl":"https:\/\/agrupacionespsoe.es\/castello\/wp-content\/uploads\/sites\/45\/2026\/03\/20260317-El-PSPV-plantea-un-foro-de-debate-con-colectivos-vecinales-hosteleria-y-\u2018mon-de-la-festa-para-reflexionar-sobre-el-modelo-de-la-Magdalena.jpeg","width":1600,"height":1114},{"@type":"BreadcrumbList","@id":"https:\/\/agrupacionespsoe.es\/castello\/el-pspv-plantea-un-foro-de-debate-con-colectivos-vecinales-hosteleria-y-mon-de-la-festa-para-reflexionar-sobre-el-modelo-de-la-magdalena\/#breadcrumb","itemListElement":[{"@type":"ListItem","position":1,"name":"Portada","item":"https:\/\/agrupacionespsoe.es\/castello\/"},{"@type":"ListItem","position":2,"name":"El PSPV plantea un foro de debate con colectivos vecinales, hosteler\u00eda y \u2018m\u00f3n de la festa\u2019 para reflexionar sobre el modelo de la Magdalena"}]},{"@type":"WebSite","@id":"https:\/\/agrupacionespsoe.es\/castello\/#website","url":"https:\/\/agrupacionespsoe.es\/castello\/","name":"PSPV-PSOE CASTELL\u00d3","description":"PSPV-PSOE | Agrupaci\u00f3 de Castell\u00f3","publisher":{"@id":"https:\/\/agrupacionespsoe.es\/castello\/#organization"},"potentialAction":[{"@type":"SearchAction","target":{"@type":"EntryPoint","urlTemplate":"https:\/\/agrupacionespsoe.es\/castello\/?s={search_term_string}"},"query-input":{"@type":"PropertyValueSpecification","valueRequired":true,"valueName":"search_term_string"}}],"inLanguage":"es"},{"@type":"Organization","@id":"https:\/\/agrupacionespsoe.es\/castello\/#organization","name":"PSPV-PSOE Castell\u00f3","url":"https:\/\/agrupacionespsoe.es\/castello\/","logo":{"@type":"ImageObject","inLanguage":"es","@id":"https:\/\/agrupacionespsoe.es\/castello\/#\/schema\/logo\/image\/","url":"https:\/\/agrupacionespsoe.es\/castello\/wp-content\/uploads\/sites\/45\/2023\/04\/PORTADA-PSOE-CASTELLO.jpg","contentUrl":"https:\/\/agrupacionespsoe.es\/castello\/wp-content\/uploads\/sites\/45\/2023\/04\/PORTADA-PSOE-CASTELLO.jpg","width":2500,"height":2500,"caption":"PSPV-PSOE Castell\u00f3"},"image":{"@id":"https:\/\/agrupacionespsoe.es\/castello\/#\/schema\/logo\/image\/"},"sameAs":["https:\/\/www.facebook.com\/pspv.castellodelaplana","https:\/\/x.com\/pspv_cs","https:\/\/www.instagram.com\/pspvpsoecastello\/"]},{"@type":"Person","@id":"https:\/\/agrupacionespsoe.es\/castello\/#\/schema\/person\/f3bc5b2f9dc6a399e9e98596ae24a20a","name":"castello1","image":{"@type":"ImageObject","inLanguage":"es","@id":"https:\/\/agrupacionespsoe.es\/castello\/#\/schema\/person\/image\/","url":"https:\/\/secure.gravatar.com\/avatar\/5f1da428d6479d1127419c0b58796865?s=96&d=mm&r=g","contentUrl":"https:\/\/secure.gravatar.com\/avatar\/5f1da428d6479d1127419c0b58796865?s=96&d=mm&r=g","caption":"castello1"},"url":"https:\/\/agrupacionespsoe.es\/castello\/author\/castello1\/"}]}},"jetpack_publicize_connections":[],"jetpack_featured_media_url":"https:\/\/agrupacionespsoe.es\/castello\/wp-content\/uploads\/sites\/45\/2026\/03\/20260317-El-PSPV-plantea-un-foro-de-debate-con-colectivos-vecinales-hosteleria-y-\u2018mon-de-la-festa-para-reflexionar-sobre-el-modelo-de-la-Magdalena.jpeg","jetpack_sharing_enabled":true,"_links":{"self":[{"href":"https:\/\/agrupacionespsoe.es\/castello\/wp-json\/wp\/v2\/posts\/10664","targetHints":{"allow":["GET"]}}],"collection":[{"href":"https:\/\/agrupacionespsoe.es\/castello\/wp-json\/wp\/v2\/posts"}],"about":[{"href":"https:\/\/agrupacionespsoe.es\/castello\/wp-json\/wp\/v2\/types\/post"}],"author":[{"embeddable":true,"href":"https:\/\/agrupacionespsoe.es\/castello\/wp-json\/wp\/v2\/users\/48"}],"replies":[{"embeddable":true,"href":"https:\/\/agrupacionespsoe.es\/castello\/wp-json\/wp\/v2\/comments?post=10664"}],"version-history":[{"count":2,"href":"https:\/\/agrupacionespsoe.es\/castello\/wp-json\/wp\/v2\/posts\/10664\/revisions"}],"predecessor-version":[{"id":10671,"href":"https:\/\/agrupacionespsoe.es\/castello\/wp-json\/wp\/v2\/posts\/10664\/revisions\/10671"}],"wp:featuredmedia":[{"embeddable":true,"href":"https:\/\/agrupacionespsoe.es\/castello\/wp-json\/wp\/v2\/media\/10665"}],"wp:attachment":[{"href":"https:\/\/agrupacionespsoe.es\/castello\/wp-json\/wp\/v2\/media?parent=10664"}],"wp:term":[{"taxonomy":"category","embeddable":true,"href":"https:\/\/agrupacionespsoe.es\/castello\/wp-json\/wp\/v2\/categories?post=10664"},{"taxonomy":"post_tag","embeddable":true,"href":"https:\/\/agrupacionespsoe.es\/castello\/wp-json\/wp\/v2\/tags?post=10664"}],"curies":[{"name":"wp","href":"https:\/\/api.w.org\/{rel}","templated":true}]}}