{"id":10604,"date":"2026-03-02T21:00:00","date_gmt":"2026-03-02T20:00:00","guid":{"rendered":"https:\/\/agrupacionespsoe.es\/castello\/?p=10604"},"modified":"2026-03-24T18:09:20","modified_gmt":"2026-03-24T17:09:20","slug":"el-jutjat-notifica-la-reobertura-del-cas-de-les-multes-de-cristian-ramirez-a-les-parts-i-demana-al-fiscal-noves-diligencies-dinvestigacio","status":"publish","type":"post","link":"https:\/\/agrupacionespsoe.es\/castello\/el-jutjat-notifica-la-reobertura-del-cas-de-les-multes-de-cristian-ramirez-a-les-parts-i-demana-al-fiscal-noves-diligencies-dinvestigacio\/","title":{"rendered":"El jutjat notifica la reobertura del cas de les multes de Cristian Ram\u00edrez a les parts i demana al fiscal noves dilig\u00e8ncies d&#8217;investigaci\u00f3"},"content":{"rendered":"\n<ul class=\"wp-block-list\">\n<li><em>El titular del Jutjat d&#8217;Instrucci\u00f3 5 de Castell\u00f3 repr\u00e9n la investigaci\u00f3 ordenada per l&#8217;Audi\u00e8ncia Provincial per a determinar si ha pogut haver-hi un delicte de tr\u00e0fic d&#8217;influ\u00e8ncies per la prescripci\u00f3 massiva de sancions al qual era regidor de Mobilitat de Bego\u00f1a Carrasco<\/em><\/li>\n<\/ul>\n\n\n\n<p>El cas de les multes de la zona blava presumptament sense pagar del ja exregidor de Mobilitat de Castell\u00f3, <a href=\"https:\/\/agrupacionespsoe.es\/castello\/va\/tag\/cristian-ramirez-va\/\">Cristian Ram\u00edrez<\/a>, ha entrat en una nova fase despr\u00e9s que el Jutjat d&#8217;Instrucci\u00f3 n\u00fam. 5 haja notificat ja a les parts la reobertura ordenada per l&#8217;Audi\u00e8ncia Provincial i haja donat trasllat al Ministeri Fiscal perqu\u00e8 reprenga la investigaci\u00f3.<\/p>\n\n\n\n<div class=\"wp-block-buttons is-content-justification-center is-layout-flex wp-container-core-buttons-is-layout-1 wp-block-buttons-is-layout-flex\">\n<div class=\"wp-block-button\"><a class=\"wp-block-button__link has-white-color has-primary-background-color has-text-color has-background has-link-color wp-element-button\" href=\"https:\/\/agrupacionespsoe.es\/castello\/wp-content\/uploads\/sites\/45\/2026\/03\/20260302-El-juzgado-notifica-la-reapertura-del-caso-de-las-multas-de-Cristian-Ramirez-a-las-partes-y-pide-al-fiscal-nuevas-diligencias-de-investigacion.pdf\">Auto reapertura<\/a><\/div>\n<\/div>\n\n\n\n<p>El propi acte assenyala que \u201cprocedeix la reobertura de les dilig\u00e8ncies, vistes les actuacions rebudes del Jutjat d&#8217;Instrucci\u00f3, de les quals es despr\u00e9n la presumpta participaci\u00f3 en els fets denunciats de Cristian Ram\u00edrez\u201d, la qual cosa justifica continuar amb la instrucci\u00f3 i esclarir l&#8217;ocorregut, m\u00e9s enll\u00e0 de la dimissi\u00f3 recent del regidor de <a href=\"https:\/\/agrupacionespsoe.es\/castello\/va\/tag\/begona-carrasco-va\/\">Bego\u00f1a Carrasco<\/a>.<\/p>\n\n\n\n<p>L&#8217;Audi\u00e8ncia Provincial ja havia deixat clar que resultava \u201csorprenent\u201d que desenes de multes pogueren prescriure sense notificar-se a una persona perfectament localitzable i havia ordenat investigar si la prescripci\u00f3 massiva podia estar vinculada a un possible delicte de tr\u00e0fic d&#8217;influ\u00e8ncies o una altra actuaci\u00f3 amb rellev\u00e0ncia penal. Ara, el jutjat concreta eixa reobertura i activa dilig\u00e8ncies per a determinar qu\u00e8 va oc\u00f3rrer exactament amb les sancions imposades entre gener de 2023 i gener de 2024.<\/p>\n\n\n\n<p>En concret, es requerir\u00e0 a l&#8217;Ajuntament de Castell\u00f3 informaci\u00f3 detallada sobre el nombre de multes en la zona ORA del vehicle de Cristian Ram\u00edrez de l&#8217;1 de gener de 2023 al 30 de gener de 2024, el seu recorregut administratiu i el seu pas -o no- a la fase de recaptaci\u00f3 executiva, aix\u00ed com els tr\u00e0mits realitzats pels diferents departaments municipals.<\/p>\n\n\n\n<p>El PSPV recorda que la documentaci\u00f3 aportada al jutjat arreplega que, de les 167 sancions que va poder rebre Ram\u00edrez l&#8217;any que s&#8217;investiga, presumptament 88 multes van ser quan ja era regidor de Mobilitat, de les quals almenys 70 no consten com a abonades i van prescriure.<\/p>\n","protected":false},"excerpt":{"rendered":"<p>El cas de les multes de la zona blava presumptament sense pagar del ja exregidor de Mobilitat de Castell\u00f3, Cristian Ram\u00edrez, ha entrat en una nova fase despr\u00e9s que el Jutjat d&#8217;Instrucci\u00f3 n\u00fam. 5 haja notificat ja a les parts la reobertura ordenada per l&#8217;Audi\u00e8ncia Provincial i haja donat trasllat al Ministeri Fiscal perqu\u00e8 reprenga &#8230;<\/p>\n","protected":false},"author":48,"featured_media":10312,"comment_status":"open","ping_status":"open","sticky":false,"template":"","format":"standard","meta":{"_jetpack_memberships_contains_paid_content":false,"footnotes":"","jetpack_publicize_message":"","jetpack_publicize_feature_enabled":true,"jetpack_social_post_already_shared":true,"jetpack_social_options":{"image_generator_settings":{"template":"highway","default_image_id":0,"font":"","enabled":false},"version":2}},"categories":[33,1190],"tags":[733,735,1155,448],"class_list":["post-10604","post","type-post","status-publish","format-standard","has-post-thumbnail","hentry","category-gms","category-movilidad","tag-begona-carrasco","tag-cristian-ramirez","tag-multas","tag-todos-es"],"yoast_head":"<!-- This site is optimized with the Yoast SEO plugin v24.0 - https:\/\/yoast.com\/wordpress\/plugins\/seo\/ -->\n<title>El jutjat notifica la reobertura del cas de les multes de Cristian Ram\u00edrez a les parts i demana al fiscal noves dilig\u00e8ncies d&#039;investigaci\u00f3 - PSPV-PSOE CASTELL\u00d3<\/title>\n<meta name=\"robots\" content=\"index, follow, max-snippet:-1, max-image-preview:large, max-video-preview:-1\" \/>\n<link rel=\"canonical\" href=\"https:\/\/agrupacionespsoe.es\/castello\/el-jutjat-notifica-la-reobertura-del-cas-de-les-multes-de-cristian-ramirez-a-les-parts-i-demana-al-fiscal-noves-diligencies-dinvestigacio\/\" \/>\n<meta property=\"og:locale\" content=\"es_ES\" \/>\n<meta property=\"og:type\" content=\"article\" \/>\n<meta property=\"og:title\" content=\"El jutjat notifica la reobertura del cas de les multes de Cristian Ram\u00edrez a les parts i demana al fiscal noves dilig\u00e8ncies d&#039;investigaci\u00f3 - PSPV-PSOE CASTELL\u00d3\" \/>\n<meta property=\"og:description\" content=\"El cas de les multes de la zona blava presumptament sense pagar del ja exregidor de Mobilitat de Castell\u00f3, Cristian Ram\u00edrez, ha entrat en una nova fase despr\u00e9s que el Jutjat d&#8217;Instrucci\u00f3 n\u00fam. 5 haja notificat ja a les parts la reobertura ordenada per l&#8217;Audi\u00e8ncia Provincial i haja donat trasllat al Ministeri Fiscal perqu\u00e8 reprenga ...\" \/>\n<meta property=\"og:url\" content=\"https:\/\/agrupacionespsoe.es\/castello\/el-jutjat-notifica-la-reobertura-del-cas-de-les-multes-de-cristian-ramirez-a-les-parts-i-demana-al-fiscal-noves-diligencies-dinvestigacio\/\" \/>\n<meta property=\"og:site_name\" content=\"PSPV-PSOE CASTELL\u00d3\" \/>\n<meta property=\"article:publisher\" content=\"https:\/\/www.facebook.com\/pspv.castellodelaplana\" \/>\n<meta property=\"article:published_time\" content=\"2026-03-02T20:00:00+00:00\" \/>\n<meta property=\"article:modified_time\" content=\"2026-03-24T17:09:20+00:00\" \/>\n<meta property=\"og:image\" content=\"https:\/\/agrupacionespsoe.es\/castello\/wp-content\/uploads\/sites\/45\/2026\/01\/20260131-Patricia-Puerta-Mantener-al-concejal-de-las-multas-de-Castello-tras-la-reapertura-judicial-es-un-insulto-a-la-ciudadania.jpg\" \/>\n\t<meta property=\"og:image:width\" content=\"1620\" \/>\n\t<meta property=\"og:image:height\" content=\"1080\" \/>\n\t<meta property=\"og:image:type\" content=\"image\/jpeg\" \/>\n<meta name=\"author\" content=\"castello1\" \/>\n<meta name=\"twitter:card\" content=\"summary_large_image\" \/>\n<meta name=\"twitter:creator\" content=\"@pspv_cs\" \/>\n<meta name=\"twitter:site\" content=\"@pspv_cs\" \/>\n<meta name=\"twitter:label1\" content=\"Escrito por\" \/>\n\t<meta name=\"twitter:data1\" content=\"castello1\" \/>\n\t<meta name=\"twitter:label2\" content=\"Tiempo de lectura\" \/>\n\t<meta name=\"twitter:data2\" content=\"2 minutos\" \/>\n<script type=\"application\/ld+json\" class=\"yoast-schema-graph\">{\"@context\":\"https:\/\/schema.org\",\"@graph\":[{\"@type\":\"Article\",\"@id\":\"https:\/\/agrupacionespsoe.es\/castello\/el-jutjat-notifica-la-reobertura-del-cas-de-les-multes-de-cristian-ramirez-a-les-parts-i-demana-al-fiscal-noves-diligencies-dinvestigacio\/#article\",\"isPartOf\":{\"@id\":\"https:\/\/agrupacionespsoe.es\/castello\/el-jutjat-notifica-la-reobertura-del-cas-de-les-multes-de-cristian-ramirez-a-les-parts-i-demana-al-fiscal-noves-diligencies-dinvestigacio\/\"},\"author\":{\"name\":\"castello1\",\"@id\":\"https:\/\/agrupacionespsoe.es\/castello\/#\/schema\/person\/f3bc5b2f9dc6a399e9e98596ae24a20a\"},\"headline\":\"El jutjat notifica la reobertura del cas de les multes de Cristian Ram\u00edrez a les parts i demana al fiscal noves dilig\u00e8ncies d&#8217;investigaci\u00f3\",\"datePublished\":\"2026-03-02T20:00:00+00:00\",\"dateModified\":\"2026-03-24T17:09:20+00:00\",\"mainEntityOfPage\":{\"@id\":\"https:\/\/agrupacionespsoe.es\/castello\/el-jutjat-notifica-la-reobertura-del-cas-de-les-multes-de-cristian-ramirez-a-les-parts-i-demana-al-fiscal-noves-diligencies-dinvestigacio\/\"},\"wordCount\":377,\"commentCount\":0,\"publisher\":{\"@id\":\"https:\/\/agrupacionespsoe.es\/castello\/#organization\"},\"image\":{\"@id\":\"https:\/\/agrupacionespsoe.es\/castello\/el-jutjat-notifica-la-reobertura-del-cas-de-les-multes-de-cristian-ramirez-a-les-parts-i-demana-al-fiscal-noves-diligencies-dinvestigacio\/#primaryimage\"},\"thumbnailUrl\":\"https:\/\/agrupacionespsoe.es\/castello\/wp-content\/uploads\/sites\/45\/2026\/01\/20260131-Patricia-Puerta-Mantener-al-concejal-de-las-multas-de-Castello-tras-la-reapertura-judicial-es-un-insulto-a-la-ciudadania.jpg\",\"keywords\":[\"Bego\u00f1a Carrasco\",\"Cristian Ram\u00edrez\",\"Multas\",\"Todos\"],\"articleSection\":[\"Grupo Municipal Socialista\",\"Movilidad\"],\"inLanguage\":\"es\",\"potentialAction\":[{\"@type\":\"CommentAction\",\"name\":\"Comment\",\"target\":[\"https:\/\/agrupacionespsoe.es\/castello\/el-jutjat-notifica-la-reobertura-del-cas-de-les-multes-de-cristian-ramirez-a-les-parts-i-demana-al-fiscal-noves-diligencies-dinvestigacio\/#respond\"]}]},{\"@type\":\"WebPage\",\"@id\":\"https:\/\/agrupacionespsoe.es\/castello\/el-jutjat-notifica-la-reobertura-del-cas-de-les-multes-de-cristian-ramirez-a-les-parts-i-demana-al-fiscal-noves-diligencies-dinvestigacio\/\",\"url\":\"https:\/\/agrupacionespsoe.es\/castello\/el-jutjat-notifica-la-reobertura-del-cas-de-les-multes-de-cristian-ramirez-a-les-parts-i-demana-al-fiscal-noves-diligencies-dinvestigacio\/\",\"name\":\"El jutjat notifica la reobertura del cas de les multes de Cristian Ram\u00edrez a les parts i demana al fiscal noves dilig\u00e8ncies d'investigaci\u00f3 - PSPV-PSOE CASTELL\u00d3\",\"isPartOf\":{\"@id\":\"https:\/\/agrupacionespsoe.es\/castello\/#website\"},\"primaryImageOfPage\":{\"@id\":\"https:\/\/agrupacionespsoe.es\/castello\/el-jutjat-notifica-la-reobertura-del-cas-de-les-multes-de-cristian-ramirez-a-les-parts-i-demana-al-fiscal-noves-diligencies-dinvestigacio\/#primaryimage\"},\"image\":{\"@id\":\"https:\/\/agrupacionespsoe.es\/castello\/el-jutjat-notifica-la-reobertura-del-cas-de-les-multes-de-cristian-ramirez-a-les-parts-i-demana-al-fiscal-noves-diligencies-dinvestigacio\/#primaryimage\"},\"thumbnailUrl\":\"https:\/\/agrupacionespsoe.es\/castello\/wp-content\/uploads\/sites\/45\/2026\/01\/20260131-Patricia-Puerta-Mantener-al-concejal-de-las-multas-de-Castello-tras-la-reapertura-judicial-es-un-insulto-a-la-ciudadania.jpg\",\"datePublished\":\"2026-03-02T20:00:00+00:00\",\"dateModified\":\"2026-03-24T17:09:20+00:00\",\"breadcrumb\":{\"@id\":\"https:\/\/agrupacionespsoe.es\/castello\/el-jutjat-notifica-la-reobertura-del-cas-de-les-multes-de-cristian-ramirez-a-les-parts-i-demana-al-fiscal-noves-diligencies-dinvestigacio\/#breadcrumb\"},\"inLanguage\":\"es\",\"potentialAction\":[{\"@type\":\"ReadAction\",\"target\":[\"https:\/\/agrupacionespsoe.es\/castello\/el-jutjat-notifica-la-reobertura-del-cas-de-les-multes-de-cristian-ramirez-a-les-parts-i-demana-al-fiscal-noves-diligencies-dinvestigacio\/\"]}]},{\"@type\":\"ImageObject\",\"inLanguage\":\"es\",\"@id\":\"https:\/\/agrupacionespsoe.es\/castello\/el-jutjat-notifica-la-reobertura-del-cas-de-les-multes-de-cristian-ramirez-a-les-parts-i-demana-al-fiscal-noves-diligencies-dinvestigacio\/#primaryimage\",\"url\":\"https:\/\/agrupacionespsoe.es\/castello\/wp-content\/uploads\/sites\/45\/2026\/01\/20260131-Patricia-Puerta-Mantener-al-concejal-de-las-multas-de-Castello-tras-la-reapertura-judicial-es-un-insulto-a-la-ciudadania.jpg\",\"contentUrl\":\"https:\/\/agrupacionespsoe.es\/castello\/wp-content\/uploads\/sites\/45\/2026\/01\/20260131-Patricia-Puerta-Mantener-al-concejal-de-las-multas-de-Castello-tras-la-reapertura-judicial-es-un-insulto-a-la-ciudadania.jpg\",\"width\":1620,\"height\":1080},{\"@type\":\"BreadcrumbList\",\"@id\":\"https:\/\/agrupacionespsoe.es\/castello\/el-jutjat-notifica-la-reobertura-del-cas-de-les-multes-de-cristian-ramirez-a-les-parts-i-demana-al-fiscal-noves-diligencies-dinvestigacio\/#breadcrumb\",\"itemListElement\":[{\"@type\":\"ListItem\",\"position\":1,\"name\":\"Portada\",\"item\":\"https:\/\/agrupacionespsoe.es\/castello\/\"},{\"@type\":\"ListItem\",\"position\":2,\"name\":\"El jutjat notifica la reobertura del cas de les multes de Cristian Ram\u00edrez a les parts i demana al fiscal noves dilig\u00e8ncies d&#8217;investigaci\u00f3\"}]},{\"@type\":\"WebSite\",\"@id\":\"https:\/\/agrupacionespsoe.es\/castello\/#website\",\"url\":\"https:\/\/agrupacionespsoe.es\/castello\/\",\"name\":\"PSPV-PSOE CASTELL\u00d3\",\"description\":\"PSPV-PSOE | Agrupaci\u00f3 de Castell\u00f3\",\"publisher\":{\"@id\":\"https:\/\/agrupacionespsoe.es\/castello\/#organization\"},\"potentialAction\":[{\"@type\":\"SearchAction\",\"target\":{\"@type\":\"EntryPoint\",\"urlTemplate\":\"https:\/\/agrupacionespsoe.es\/castello\/?s={search_term_string}\"},\"query-input\":{\"@type\":\"PropertyValueSpecification\",\"valueRequired\":true,\"valueName\":\"search_term_string\"}}],\"inLanguage\":\"es\"},{\"@type\":\"Organization\",\"@id\":\"https:\/\/agrupacionespsoe.es\/castello\/#organization\",\"name\":\"PSPV-PSOE Castell\u00f3\",\"url\":\"https:\/\/agrupacionespsoe.es\/castello\/\",\"logo\":{\"@type\":\"ImageObject\",\"inLanguage\":\"es\",\"@id\":\"https:\/\/agrupacionespsoe.es\/castello\/#\/schema\/logo\/image\/\",\"url\":\"https:\/\/agrupacionespsoe.es\/castello\/wp-content\/uploads\/sites\/45\/2023\/04\/PORTADA-PSOE-CASTELLO.jpg\",\"contentUrl\":\"https:\/\/agrupacionespsoe.es\/castello\/wp-content\/uploads\/sites\/45\/2023\/04\/PORTADA-PSOE-CASTELLO.jpg\",\"width\":2500,\"height\":2500,\"caption\":\"PSPV-PSOE Castell\u00f3\"},\"image\":{\"@id\":\"https:\/\/agrupacionespsoe.es\/castello\/#\/schema\/logo\/image\/\"},\"sameAs\":[\"https:\/\/www.facebook.com\/pspv.castellodelaplana\",\"https:\/\/x.com\/pspv_cs\",\"https:\/\/www.instagram.com\/pspvpsoecastello\/\"]},{\"@type\":\"Person\",\"@id\":\"https:\/\/agrupacionespsoe.es\/castello\/#\/schema\/person\/f3bc5b2f9dc6a399e9e98596ae24a20a\",\"name\":\"castello1\",\"image\":{\"@type\":\"ImageObject\",\"inLanguage\":\"es\",\"@id\":\"https:\/\/agrupacionespsoe.es\/castello\/#\/schema\/person\/image\/\",\"url\":\"https:\/\/secure.gravatar.com\/avatar\/5f1da428d6479d1127419c0b58796865?s=96&d=mm&r=g\",\"contentUrl\":\"https:\/\/secure.gravatar.com\/avatar\/5f1da428d6479d1127419c0b58796865?s=96&d=mm&r=g\",\"caption\":\"castello1\"},\"url\":\"https:\/\/agrupacionespsoe.es\/castello\/author\/castello1\/\"}]}<\/script>\n<!-- \/ Yoast SEO plugin. -->","yoast_head_json":{"title":"El jutjat notifica la reobertura del cas de les multes de Cristian Ram\u00edrez a les parts i demana al fiscal noves dilig\u00e8ncies d'investigaci\u00f3 - PSPV-PSOE CASTELL\u00d3","robots":{"index":"index","follow":"follow","max-snippet":"max-snippet:-1","max-image-preview":"max-image-preview:large","max-video-preview":"max-video-preview:-1"},"canonical":"https:\/\/agrupacionespsoe.es\/castello\/el-jutjat-notifica-la-reobertura-del-cas-de-les-multes-de-cristian-ramirez-a-les-parts-i-demana-al-fiscal-noves-diligencies-dinvestigacio\/","og_locale":"es_ES","og_type":"article","og_title":"El jutjat notifica la reobertura del cas de les multes de Cristian Ram\u00edrez a les parts i demana al fiscal noves dilig\u00e8ncies d'investigaci\u00f3 - PSPV-PSOE CASTELL\u00d3","og_description":"El cas de les multes de la zona blava presumptament sense pagar del ja exregidor de Mobilitat de Castell\u00f3, Cristian Ram\u00edrez, ha entrat en una nova fase despr\u00e9s que el Jutjat d&#8217;Instrucci\u00f3 n\u00fam. 5 haja notificat ja a les parts la reobertura ordenada per l&#8217;Audi\u00e8ncia Provincial i haja donat trasllat al Ministeri Fiscal perqu\u00e8 reprenga ...","og_url":"https:\/\/agrupacionespsoe.es\/castello\/el-jutjat-notifica-la-reobertura-del-cas-de-les-multes-de-cristian-ramirez-a-les-parts-i-demana-al-fiscal-noves-diligencies-dinvestigacio\/","og_site_name":"PSPV-PSOE CASTELL\u00d3","article_publisher":"https:\/\/www.facebook.com\/pspv.castellodelaplana","article_published_time":"2026-03-02T20:00:00+00:00","article_modified_time":"2026-03-24T17:09:20+00:00","og_image":[{"width":1620,"height":1080,"url":"https:\/\/agrupacionespsoe.es\/castello\/wp-content\/uploads\/sites\/45\/2026\/01\/20260131-Patricia-Puerta-Mantener-al-concejal-de-las-multas-de-Castello-tras-la-reapertura-judicial-es-un-insulto-a-la-ciudadania.jpg","type":"image\/jpeg"}],"author":"castello1","twitter_card":"summary_large_image","twitter_creator":"@pspv_cs","twitter_site":"@pspv_cs","twitter_misc":{"Escrito por":"castello1","Tiempo de lectura":"2 minutos"},"schema":{"@context":"https:\/\/schema.org","@graph":[{"@type":"Article","@id":"https:\/\/agrupacionespsoe.es\/castello\/el-jutjat-notifica-la-reobertura-del-cas-de-les-multes-de-cristian-ramirez-a-les-parts-i-demana-al-fiscal-noves-diligencies-dinvestigacio\/#article","isPartOf":{"@id":"https:\/\/agrupacionespsoe.es\/castello\/el-jutjat-notifica-la-reobertura-del-cas-de-les-multes-de-cristian-ramirez-a-les-parts-i-demana-al-fiscal-noves-diligencies-dinvestigacio\/"},"author":{"name":"castello1","@id":"https:\/\/agrupacionespsoe.es\/castello\/#\/schema\/person\/f3bc5b2f9dc6a399e9e98596ae24a20a"},"headline":"El jutjat notifica la reobertura del cas de les multes de Cristian Ram\u00edrez a les parts i demana al fiscal noves dilig\u00e8ncies d&#8217;investigaci\u00f3","datePublished":"2026-03-02T20:00:00+00:00","dateModified":"2026-03-24T17:09:20+00:00","mainEntityOfPage":{"@id":"https:\/\/agrupacionespsoe.es\/castello\/el-jutjat-notifica-la-reobertura-del-cas-de-les-multes-de-cristian-ramirez-a-les-parts-i-demana-al-fiscal-noves-diligencies-dinvestigacio\/"},"wordCount":377,"commentCount":0,"publisher":{"@id":"https:\/\/agrupacionespsoe.es\/castello\/#organization"},"image":{"@id":"https:\/\/agrupacionespsoe.es\/castello\/el-jutjat-notifica-la-reobertura-del-cas-de-les-multes-de-cristian-ramirez-a-les-parts-i-demana-al-fiscal-noves-diligencies-dinvestigacio\/#primaryimage"},"thumbnailUrl":"https:\/\/agrupacionespsoe.es\/castello\/wp-content\/uploads\/sites\/45\/2026\/01\/20260131-Patricia-Puerta-Mantener-al-concejal-de-las-multas-de-Castello-tras-la-reapertura-judicial-es-un-insulto-a-la-ciudadania.jpg","keywords":["Bego\u00f1a Carrasco","Cristian Ram\u00edrez","Multas","Todos"],"articleSection":["Grupo Municipal Socialista","Movilidad"],"inLanguage":"es","potentialAction":[{"@type":"CommentAction","name":"Comment","target":["https:\/\/agrupacionespsoe.es\/castello\/el-jutjat-notifica-la-reobertura-del-cas-de-les-multes-de-cristian-ramirez-a-les-parts-i-demana-al-fiscal-noves-diligencies-dinvestigacio\/#respond"]}]},{"@type":"WebPage","@id":"https:\/\/agrupacionespsoe.es\/castello\/el-jutjat-notifica-la-reobertura-del-cas-de-les-multes-de-cristian-ramirez-a-les-parts-i-demana-al-fiscal-noves-diligencies-dinvestigacio\/","url":"https:\/\/agrupacionespsoe.es\/castello\/el-jutjat-notifica-la-reobertura-del-cas-de-les-multes-de-cristian-ramirez-a-les-parts-i-demana-al-fiscal-noves-diligencies-dinvestigacio\/","name":"El jutjat notifica la reobertura del cas de les multes de Cristian Ram\u00edrez a les parts i demana al fiscal noves dilig\u00e8ncies d'investigaci\u00f3 - PSPV-PSOE CASTELL\u00d3","isPartOf":{"@id":"https:\/\/agrupacionespsoe.es\/castello\/#website"},"primaryImageOfPage":{"@id":"https:\/\/agrupacionespsoe.es\/castello\/el-jutjat-notifica-la-reobertura-del-cas-de-les-multes-de-cristian-ramirez-a-les-parts-i-demana-al-fiscal-noves-diligencies-dinvestigacio\/#primaryimage"},"image":{"@id":"https:\/\/agrupacionespsoe.es\/castello\/el-jutjat-notifica-la-reobertura-del-cas-de-les-multes-de-cristian-ramirez-a-les-parts-i-demana-al-fiscal-noves-diligencies-dinvestigacio\/#primaryimage"},"thumbnailUrl":"https:\/\/agrupacionespsoe.es\/castello\/wp-content\/uploads\/sites\/45\/2026\/01\/20260131-Patricia-Puerta-Mantener-al-concejal-de-las-multas-de-Castello-tras-la-reapertura-judicial-es-un-insulto-a-la-ciudadania.jpg","datePublished":"2026-03-02T20:00:00+00:00","dateModified":"2026-03-24T17:09:20+00:00","breadcrumb":{"@id":"https:\/\/agrupacionespsoe.es\/castello\/el-jutjat-notifica-la-reobertura-del-cas-de-les-multes-de-cristian-ramirez-a-les-parts-i-demana-al-fiscal-noves-diligencies-dinvestigacio\/#breadcrumb"},"inLanguage":"es","potentialAction":[{"@type":"ReadAction","target":["https:\/\/agrupacionespsoe.es\/castello\/el-jutjat-notifica-la-reobertura-del-cas-de-les-multes-de-cristian-ramirez-a-les-parts-i-demana-al-fiscal-noves-diligencies-dinvestigacio\/"]}]},{"@type":"ImageObject","inLanguage":"es","@id":"https:\/\/agrupacionespsoe.es\/castello\/el-jutjat-notifica-la-reobertura-del-cas-de-les-multes-de-cristian-ramirez-a-les-parts-i-demana-al-fiscal-noves-diligencies-dinvestigacio\/#primaryimage","url":"https:\/\/agrupacionespsoe.es\/castello\/wp-content\/uploads\/sites\/45\/2026\/01\/20260131-Patricia-Puerta-Mantener-al-concejal-de-las-multas-de-Castello-tras-la-reapertura-judicial-es-un-insulto-a-la-ciudadania.jpg","contentUrl":"https:\/\/agrupacionespsoe.es\/castello\/wp-content\/uploads\/sites\/45\/2026\/01\/20260131-Patricia-Puerta-Mantener-al-concejal-de-las-multas-de-Castello-tras-la-reapertura-judicial-es-un-insulto-a-la-ciudadania.jpg","width":1620,"height":1080},{"@type":"BreadcrumbList","@id":"https:\/\/agrupacionespsoe.es\/castello\/el-jutjat-notifica-la-reobertura-del-cas-de-les-multes-de-cristian-ramirez-a-les-parts-i-demana-al-fiscal-noves-diligencies-dinvestigacio\/#breadcrumb","itemListElement":[{"@type":"ListItem","position":1,"name":"Portada","item":"https:\/\/agrupacionespsoe.es\/castello\/"},{"@type":"ListItem","position":2,"name":"El jutjat notifica la reobertura del cas de les multes de Cristian Ram\u00edrez a les parts i demana al fiscal noves dilig\u00e8ncies d&#8217;investigaci\u00f3"}]},{"@type":"WebSite","@id":"https:\/\/agrupacionespsoe.es\/castello\/#website","url":"https:\/\/agrupacionespsoe.es\/castello\/","name":"PSPV-PSOE CASTELL\u00d3","description":"PSPV-PSOE | Agrupaci\u00f3 de Castell\u00f3","publisher":{"@id":"https:\/\/agrupacionespsoe.es\/castello\/#organization"},"potentialAction":[{"@type":"SearchAction","target":{"@type":"EntryPoint","urlTemplate":"https:\/\/agrupacionespsoe.es\/castello\/?s={search_term_string}"},"query-input":{"@type":"PropertyValueSpecification","valueRequired":true,"valueName":"search_term_string"}}],"inLanguage":"es"},{"@type":"Organization","@id":"https:\/\/agrupacionespsoe.es\/castello\/#organization","name":"PSPV-PSOE Castell\u00f3","url":"https:\/\/agrupacionespsoe.es\/castello\/","logo":{"@type":"ImageObject","inLanguage":"es","@id":"https:\/\/agrupacionespsoe.es\/castello\/#\/schema\/logo\/image\/","url":"https:\/\/agrupacionespsoe.es\/castello\/wp-content\/uploads\/sites\/45\/2023\/04\/PORTADA-PSOE-CASTELLO.jpg","contentUrl":"https:\/\/agrupacionespsoe.es\/castello\/wp-content\/uploads\/sites\/45\/2023\/04\/PORTADA-PSOE-CASTELLO.jpg","width":2500,"height":2500,"caption":"PSPV-PSOE Castell\u00f3"},"image":{"@id":"https:\/\/agrupacionespsoe.es\/castello\/#\/schema\/logo\/image\/"},"sameAs":["https:\/\/www.facebook.com\/pspv.castellodelaplana","https:\/\/x.com\/pspv_cs","https:\/\/www.instagram.com\/pspvpsoecastello\/"]},{"@type":"Person","@id":"https:\/\/agrupacionespsoe.es\/castello\/#\/schema\/person\/f3bc5b2f9dc6a399e9e98596ae24a20a","name":"castello1","image":{"@type":"ImageObject","inLanguage":"es","@id":"https:\/\/agrupacionespsoe.es\/castello\/#\/schema\/person\/image\/","url":"https:\/\/secure.gravatar.com\/avatar\/5f1da428d6479d1127419c0b58796865?s=96&d=mm&r=g","contentUrl":"https:\/\/secure.gravatar.com\/avatar\/5f1da428d6479d1127419c0b58796865?s=96&d=mm&r=g","caption":"castello1"},"url":"https:\/\/agrupacionespsoe.es\/castello\/author\/castello1\/"}]}},"jetpack_publicize_connections":[],"jetpack_featured_media_url":"https:\/\/agrupacionespsoe.es\/castello\/wp-content\/uploads\/sites\/45\/2026\/01\/20260131-Patricia-Puerta-Mantener-al-concejal-de-las-multas-de-Castello-tras-la-reapertura-judicial-es-un-insulto-a-la-ciudadania.jpg","jetpack_sharing_enabled":true,"_links":{"self":[{"href":"https:\/\/agrupacionespsoe.es\/castello\/wp-json\/wp\/v2\/posts\/10604","targetHints":{"allow":["GET"]}}],"collection":[{"href":"https:\/\/agrupacionespsoe.es\/castello\/wp-json\/wp\/v2\/posts"}],"about":[{"href":"https:\/\/agrupacionespsoe.es\/castello\/wp-json\/wp\/v2\/types\/post"}],"author":[{"embeddable":true,"href":"https:\/\/agrupacionespsoe.es\/castello\/wp-json\/wp\/v2\/users\/48"}],"replies":[{"embeddable":true,"href":"https:\/\/agrupacionespsoe.es\/castello\/wp-json\/wp\/v2\/comments?post=10604"}],"version-history":[{"count":5,"href":"https:\/\/agrupacionespsoe.es\/castello\/wp-json\/wp\/v2\/posts\/10604\/revisions"}],"predecessor-version":[{"id":10609,"href":"https:\/\/agrupacionespsoe.es\/castello\/wp-json\/wp\/v2\/posts\/10604\/revisions\/10609"}],"wp:featuredmedia":[{"embeddable":true,"href":"https:\/\/agrupacionespsoe.es\/castello\/wp-json\/wp\/v2\/media\/10312"}],"wp:attachment":[{"href":"https:\/\/agrupacionespsoe.es\/castello\/wp-json\/wp\/v2\/media?parent=10604"}],"wp:term":[{"taxonomy":"category","embeddable":true,"href":"https:\/\/agrupacionespsoe.es\/castello\/wp-json\/wp\/v2\/categories?post=10604"},{"taxonomy":"post_tag","embeddable":true,"href":"https:\/\/agrupacionespsoe.es\/castello\/wp-json\/wp\/v2\/tags?post=10604"}],"curies":[{"name":"wp","href":"https:\/\/api.w.org\/{rel}","templated":true}]}}