{"id":10595,"date":"2026-03-01T10:40:09","date_gmt":"2026-03-01T09:40:09","guid":{"rendered":"https:\/\/agrupacionespsoe.es\/castello\/?p=10595"},"modified":"2026-03-24T18:09:34","modified_gmt":"2026-03-24T17:09:34","slug":"el-pspv-insta-a-reactivar-el-dispositiu-demergencia-hivernal-per-a-persones-en-situacio-de-sense-llar-en-magdalena","status":"publish","type":"post","link":"https:\/\/agrupacionespsoe.es\/castello\/va\/el-pspv-insta-a-reactivar-el-dispositiu-demergencia-hivernal-per-a-persones-en-situacio-de-sense-llar-en-magdalena\/","title":{"rendered":"El PSPV insta a reactivar el dispositiu d\u2019emerg\u00e8ncia hivernal per a persones en situaci\u00f3 de sense llar en Magdalena"},"content":{"rendered":"\n<ul class=\"wp-block-list\">\n<li><em><em>Jos\u00e9 Luis L\u00f3pez felicita a C\u00e0ritas per la seua gesti\u00f3 d\u2019aquest servei que protegiria els m\u00e9s vulnerables de la pluja, el fred i els riscos de pernoctar al carrer durant les festes<\/em><\/em><\/li>\n<\/ul>\n\n\n\n<p>El Grup Municipal Socialista ha sol\u00b7licitat la reactivaci\u00f3 del dispositiu d&#8217;emerg\u00e8ncia hivernal per a persones en situaci\u00f3 de sense llar, que va finalitzar ahir, coincidint amb la previsi\u00f3 meteorol\u00f2gica de pluges i descens de les temperatures la setmana vinent.<\/p>\n\n\n\n<p>El portaveu adjunt, <a href=\"https:\/\/agrupacionespsoe.es\/castello\/va\/tag\/jose-luis-lopez-va\/\">Jos\u00e9 Luis L\u00f3pez<\/a>, ha apel\u00b7lat a \u201craons humanit\u00e0ries\u201d per a recuperar aquest servei que gestiona C\u00e0ritas per a atendre les persones que dormen al carrer a Castell\u00f3. L\u00f3pez ha traslladat el seu agra\u00efment a la labor d&#8217;aquesta entitat que any rere any s&#8217;ocupa del centre d&#8217;acolliment i ofereix un sostre i protegeix de la intemp\u00e8rie als qui manquen de llar.<\/p>\n\n\n\n<p>\u201cL&#8217;equip de C\u00e0ritas evita que aquestes persones pernocten en la via p\u00fablica durant els mesos m\u00e9s durs de l&#8217;hivern i els protegeix aix\u00ed de la inseguretat i del fred, per\u00f2 el programa ha arribat a la seua fi com cada any\u201d, ha destacat L\u00f3pez. L&#8217;edil ha recordat que el fet que les previsions anuncien mal temps per als pr\u00f2xims dies i l&#8217;arribada de les festes fundacionals dificulten encara m\u00e9s la protecci\u00f3 dels qui dormen al carrer.<\/p>\n\n\n\n<p>Per aix\u00f2, ha instat l&#8217;Ajuntament de Castell\u00f3 a revisar el protocol, aix\u00ed com a secundar amb m\u00e9s fons aquest recurs per a compensar l&#8217;increment dels costos. \u201cLa resposta institucional no pot passar \u00fanicament per ordenar a la Policia Local que traga dels aparcaments p\u00fablics a les persones sense llar que es refugien durant la nit, Castell\u00f3 ha d&#8217;oferir alternatives dignes a trav\u00e9s de projectes humanitaris i professionals com el de C\u00e0ritas\u201d, segons el portaveu adjunt.<\/p>\n","protected":false},"excerpt":{"rendered":"<p>El Grup Municipal Socialista ha sol\u00b7licitat la reactivaci\u00f3 del dispositiu d&#8217;emerg\u00e8ncia hivernal per a persones en situaci\u00f3 de sense llar, que va finalitzar ahir, coincidint amb la previsi\u00f3 meteorol\u00f2gica de pluges i descens de les temperatures la setmana vinent. El portaveu adjunt, Jos\u00e9 Luis L\u00f3pez, ha apel\u00b7lat a \u201craons humanit\u00e0ries\u201d per a recuperar aquest servei &#8230;<\/p>\n","protected":false},"author":48,"featured_media":10591,"comment_status":"open","ping_status":"open","sticky":false,"template":"","format":"standard","meta":{"_jetpack_memberships_contains_paid_content":false,"footnotes":"","jetpack_publicize_message":"","jetpack_publicize_feature_enabled":true,"jetpack_social_post_already_shared":true,"jetpack_social_options":{"image_generator_settings":{"template":"highway","default_image_id":0,"font":"","enabled":false},"version":2}},"categories":[1188,22],"tags":[87,446],"class_list":["post-10595","post","type-post","status-publish","format-standard","has-post-thumbnail","hentry","category-benestar-social","category-gms-va","tag-jose-luis-lopez-va","tag-todos-va"],"yoast_head":"<!-- This site is optimized with the Yoast SEO plugin v24.0 - https:\/\/yoast.com\/wordpress\/plugins\/seo\/ -->\n<title>El PSPV insta a reactivar el dispositiu d\u2019emerg\u00e8ncia hivernal per a persones en situaci\u00f3 de sense llar en Magdalena - PSPV-PSOE CASTELL\u00d3<\/title>\n<meta name=\"robots\" content=\"index, follow, max-snippet:-1, max-image-preview:large, max-video-preview:-1\" \/>\n<link rel=\"canonical\" href=\"https:\/\/agrupacionespsoe.es\/castello\/va\/el-pspv-insta-a-reactivar-el-dispositiu-demergencia-hivernal-per-a-persones-en-situacio-de-sense-llar-en-magdalena\/\" \/>\n<meta property=\"og:locale\" content=\"es_ES\" \/>\n<meta property=\"og:type\" content=\"article\" \/>\n<meta property=\"og:title\" content=\"El PSPV insta a reactivar el dispositiu d\u2019emerg\u00e8ncia hivernal per a persones en situaci\u00f3 de sense llar en Magdalena - PSPV-PSOE CASTELL\u00d3\" \/>\n<meta property=\"og:description\" content=\"El Grup Municipal Socialista ha sol\u00b7licitat la reactivaci\u00f3 del dispositiu d&#8217;emerg\u00e8ncia hivernal per a persones en situaci\u00f3 de sense llar, que va finalitzar ahir, coincidint amb la previsi\u00f3 meteorol\u00f2gica de pluges i descens de les temperatures la setmana vinent. El portaveu adjunt, Jos\u00e9 Luis L\u00f3pez, ha apel\u00b7lat a \u201craons humanit\u00e0ries\u201d per a recuperar aquest servei ...\" \/>\n<meta property=\"og:url\" content=\"https:\/\/agrupacionespsoe.es\/castello\/va\/el-pspv-insta-a-reactivar-el-dispositiu-demergencia-hivernal-per-a-persones-en-situacio-de-sense-llar-en-magdalena\/\" \/>\n<meta property=\"og:site_name\" content=\"PSPV-PSOE CASTELL\u00d3\" \/>\n<meta property=\"article:publisher\" content=\"https:\/\/www.facebook.com\/pspv.castellodelaplana\" \/>\n<meta property=\"article:published_time\" content=\"2026-03-01T09:40:09+00:00\" \/>\n<meta property=\"article:modified_time\" content=\"2026-03-24T17:09:34+00:00\" \/>\n<meta property=\"og:image\" content=\"https:\/\/agrupacionespsoe.es\/castello\/wp-content\/uploads\/sites\/45\/2026\/03\/20260301-El-PSPV-insta-a-reactivar-el-dispositivo-de-emergencia-invernal-para-personas-en-situacion-de-sin-hogar-en-Magdalena-scaled.jpg\" \/>\n\t<meta property=\"og:image:width\" content=\"2560\" \/>\n\t<meta property=\"og:image:height\" content=\"1703\" \/>\n\t<meta property=\"og:image:type\" content=\"image\/jpeg\" \/>\n<meta name=\"author\" content=\"castello1\" \/>\n<meta name=\"twitter:card\" content=\"summary_large_image\" \/>\n<meta name=\"twitter:creator\" content=\"@pspv_cs\" \/>\n<meta name=\"twitter:site\" content=\"@pspv_cs\" \/>\n<meta name=\"twitter:label1\" content=\"Escrito por\" \/>\n\t<meta name=\"twitter:data1\" content=\"castello1\" \/>\n\t<meta name=\"twitter:label2\" content=\"Tiempo de lectura\" \/>\n\t<meta name=\"twitter:data2\" content=\"2 minutos\" \/>\n<script type=\"application\/ld+json\" class=\"yoast-schema-graph\">{\"@context\":\"https:\/\/schema.org\",\"@graph\":[{\"@type\":\"Article\",\"@id\":\"https:\/\/agrupacionespsoe.es\/castello\/va\/el-pspv-insta-a-reactivar-el-dispositiu-demergencia-hivernal-per-a-persones-en-situacio-de-sense-llar-en-magdalena\/#article\",\"isPartOf\":{\"@id\":\"https:\/\/agrupacionespsoe.es\/castello\/va\/el-pspv-insta-a-reactivar-el-dispositiu-demergencia-hivernal-per-a-persones-en-situacio-de-sense-llar-en-magdalena\/\"},\"author\":{\"name\":\"castello1\",\"@id\":\"https:\/\/agrupacionespsoe.es\/castello\/#\/schema\/person\/f3bc5b2f9dc6a399e9e98596ae24a20a\"},\"headline\":\"El PSPV insta a reactivar el dispositiu d\u2019emerg\u00e8ncia hivernal per a persones en situaci\u00f3 de sense llar en Magdalena\",\"datePublished\":\"2026-03-01T09:40:09+00:00\",\"dateModified\":\"2026-03-24T17:09:34+00:00\",\"mainEntityOfPage\":{\"@id\":\"https:\/\/agrupacionespsoe.es\/castello\/va\/el-pspv-insta-a-reactivar-el-dispositiu-demergencia-hivernal-per-a-persones-en-situacio-de-sense-llar-en-magdalena\/\"},\"wordCount\":330,\"commentCount\":0,\"publisher\":{\"@id\":\"https:\/\/agrupacionespsoe.es\/castello\/#organization\"},\"image\":{\"@id\":\"https:\/\/agrupacionespsoe.es\/castello\/va\/el-pspv-insta-a-reactivar-el-dispositiu-demergencia-hivernal-per-a-persones-en-situacio-de-sense-llar-en-magdalena\/#primaryimage\"},\"thumbnailUrl\":\"https:\/\/agrupacionespsoe.es\/castello\/wp-content\/uploads\/sites\/45\/2026\/03\/20260301-El-PSPV-insta-a-reactivar-el-dispositivo-de-emergencia-invernal-para-personas-en-situacion-de-sin-hogar-en-Magdalena-scaled.jpg\",\"keywords\":[\"Jos\u00e9 Luis L\u00f3pez\",\"Todos\"],\"articleSection\":[\"Benestar social\",\"Grup Municipal Socialista\"],\"inLanguage\":\"es\",\"potentialAction\":[{\"@type\":\"CommentAction\",\"name\":\"Comment\",\"target\":[\"https:\/\/agrupacionespsoe.es\/castello\/va\/el-pspv-insta-a-reactivar-el-dispositiu-demergencia-hivernal-per-a-persones-en-situacio-de-sense-llar-en-magdalena\/#respond\"]}]},{\"@type\":\"WebPage\",\"@id\":\"https:\/\/agrupacionespsoe.es\/castello\/va\/el-pspv-insta-a-reactivar-el-dispositiu-demergencia-hivernal-per-a-persones-en-situacio-de-sense-llar-en-magdalena\/\",\"url\":\"https:\/\/agrupacionespsoe.es\/castello\/va\/el-pspv-insta-a-reactivar-el-dispositiu-demergencia-hivernal-per-a-persones-en-situacio-de-sense-llar-en-magdalena\/\",\"name\":\"El PSPV insta a reactivar el dispositiu d\u2019emerg\u00e8ncia hivernal per a persones en situaci\u00f3 de sense llar en Magdalena - PSPV-PSOE CASTELL\u00d3\",\"isPartOf\":{\"@id\":\"https:\/\/agrupacionespsoe.es\/castello\/#website\"},\"primaryImageOfPage\":{\"@id\":\"https:\/\/agrupacionespsoe.es\/castello\/va\/el-pspv-insta-a-reactivar-el-dispositiu-demergencia-hivernal-per-a-persones-en-situacio-de-sense-llar-en-magdalena\/#primaryimage\"},\"image\":{\"@id\":\"https:\/\/agrupacionespsoe.es\/castello\/va\/el-pspv-insta-a-reactivar-el-dispositiu-demergencia-hivernal-per-a-persones-en-situacio-de-sense-llar-en-magdalena\/#primaryimage\"},\"thumbnailUrl\":\"https:\/\/agrupacionespsoe.es\/castello\/wp-content\/uploads\/sites\/45\/2026\/03\/20260301-El-PSPV-insta-a-reactivar-el-dispositivo-de-emergencia-invernal-para-personas-en-situacion-de-sin-hogar-en-Magdalena-scaled.jpg\",\"datePublished\":\"2026-03-01T09:40:09+00:00\",\"dateModified\":\"2026-03-24T17:09:34+00:00\",\"breadcrumb\":{\"@id\":\"https:\/\/agrupacionespsoe.es\/castello\/va\/el-pspv-insta-a-reactivar-el-dispositiu-demergencia-hivernal-per-a-persones-en-situacio-de-sense-llar-en-magdalena\/#breadcrumb\"},\"inLanguage\":\"es\",\"potentialAction\":[{\"@type\":\"ReadAction\",\"target\":[\"https:\/\/agrupacionespsoe.es\/castello\/va\/el-pspv-insta-a-reactivar-el-dispositiu-demergencia-hivernal-per-a-persones-en-situacio-de-sense-llar-en-magdalena\/\"]}]},{\"@type\":\"ImageObject\",\"inLanguage\":\"es\",\"@id\":\"https:\/\/agrupacionespsoe.es\/castello\/va\/el-pspv-insta-a-reactivar-el-dispositiu-demergencia-hivernal-per-a-persones-en-situacio-de-sense-llar-en-magdalena\/#primaryimage\",\"url\":\"https:\/\/agrupacionespsoe.es\/castello\/wp-content\/uploads\/sites\/45\/2026\/03\/20260301-El-PSPV-insta-a-reactivar-el-dispositivo-de-emergencia-invernal-para-personas-en-situacion-de-sin-hogar-en-Magdalena-scaled.jpg\",\"contentUrl\":\"https:\/\/agrupacionespsoe.es\/castello\/wp-content\/uploads\/sites\/45\/2026\/03\/20260301-El-PSPV-insta-a-reactivar-el-dispositivo-de-emergencia-invernal-para-personas-en-situacion-de-sin-hogar-en-Magdalena-scaled.jpg\",\"width\":2560,\"height\":1703},{\"@type\":\"BreadcrumbList\",\"@id\":\"https:\/\/agrupacionespsoe.es\/castello\/va\/el-pspv-insta-a-reactivar-el-dispositiu-demergencia-hivernal-per-a-persones-en-situacio-de-sense-llar-en-magdalena\/#breadcrumb\",\"itemListElement\":[{\"@type\":\"ListItem\",\"position\":1,\"name\":\"Portada\",\"item\":\"https:\/\/agrupacionespsoe.es\/castello\/\"},{\"@type\":\"ListItem\",\"position\":2,\"name\":\"El PSPV insta a reactivar el dispositiu d\u2019emerg\u00e8ncia hivernal per a persones en situaci\u00f3 de sense llar en Magdalena\"}]},{\"@type\":\"WebSite\",\"@id\":\"https:\/\/agrupacionespsoe.es\/castello\/#website\",\"url\":\"https:\/\/agrupacionespsoe.es\/castello\/\",\"name\":\"PSPV-PSOE CASTELL\u00d3\",\"description\":\"PSPV-PSOE | Agrupaci\u00f3 de Castell\u00f3\",\"publisher\":{\"@id\":\"https:\/\/agrupacionespsoe.es\/castello\/#organization\"},\"potentialAction\":[{\"@type\":\"SearchAction\",\"target\":{\"@type\":\"EntryPoint\",\"urlTemplate\":\"https:\/\/agrupacionespsoe.es\/castello\/?s={search_term_string}\"},\"query-input\":{\"@type\":\"PropertyValueSpecification\",\"valueRequired\":true,\"valueName\":\"search_term_string\"}}],\"inLanguage\":\"es\"},{\"@type\":\"Organization\",\"@id\":\"https:\/\/agrupacionespsoe.es\/castello\/#organization\",\"name\":\"PSPV-PSOE Castell\u00f3\",\"url\":\"https:\/\/agrupacionespsoe.es\/castello\/\",\"logo\":{\"@type\":\"ImageObject\",\"inLanguage\":\"es\",\"@id\":\"https:\/\/agrupacionespsoe.es\/castello\/#\/schema\/logo\/image\/\",\"url\":\"https:\/\/agrupacionespsoe.es\/castello\/wp-content\/uploads\/sites\/45\/2023\/04\/PORTADA-PSOE-CASTELLO.jpg\",\"contentUrl\":\"https:\/\/agrupacionespsoe.es\/castello\/wp-content\/uploads\/sites\/45\/2023\/04\/PORTADA-PSOE-CASTELLO.jpg\",\"width\":2500,\"height\":2500,\"caption\":\"PSPV-PSOE Castell\u00f3\"},\"image\":{\"@id\":\"https:\/\/agrupacionespsoe.es\/castello\/#\/schema\/logo\/image\/\"},\"sameAs\":[\"https:\/\/www.facebook.com\/pspv.castellodelaplana\",\"https:\/\/x.com\/pspv_cs\",\"https:\/\/www.instagram.com\/pspvpsoecastello\/\"]},{\"@type\":\"Person\",\"@id\":\"https:\/\/agrupacionespsoe.es\/castello\/#\/schema\/person\/f3bc5b2f9dc6a399e9e98596ae24a20a\",\"name\":\"castello1\",\"image\":{\"@type\":\"ImageObject\",\"inLanguage\":\"es\",\"@id\":\"https:\/\/agrupacionespsoe.es\/castello\/#\/schema\/person\/image\/\",\"url\":\"https:\/\/secure.gravatar.com\/avatar\/5f1da428d6479d1127419c0b58796865?s=96&d=mm&r=g\",\"contentUrl\":\"https:\/\/secure.gravatar.com\/avatar\/5f1da428d6479d1127419c0b58796865?s=96&d=mm&r=g\",\"caption\":\"castello1\"},\"url\":\"https:\/\/agrupacionespsoe.es\/castello\/author\/castello1\/\"}]}<\/script>\n<!-- \/ Yoast SEO plugin. -->","yoast_head_json":{"title":"El PSPV insta a reactivar el dispositiu d\u2019emerg\u00e8ncia hivernal per a persones en situaci\u00f3 de sense llar en Magdalena - PSPV-PSOE CASTELL\u00d3","robots":{"index":"index","follow":"follow","max-snippet":"max-snippet:-1","max-image-preview":"max-image-preview:large","max-video-preview":"max-video-preview:-1"},"canonical":"https:\/\/agrupacionespsoe.es\/castello\/va\/el-pspv-insta-a-reactivar-el-dispositiu-demergencia-hivernal-per-a-persones-en-situacio-de-sense-llar-en-magdalena\/","og_locale":"es_ES","og_type":"article","og_title":"El PSPV insta a reactivar el dispositiu d\u2019emerg\u00e8ncia hivernal per a persones en situaci\u00f3 de sense llar en Magdalena - PSPV-PSOE CASTELL\u00d3","og_description":"El Grup Municipal Socialista ha sol\u00b7licitat la reactivaci\u00f3 del dispositiu d&#8217;emerg\u00e8ncia hivernal per a persones en situaci\u00f3 de sense llar, que va finalitzar ahir, coincidint amb la previsi\u00f3 meteorol\u00f2gica de pluges i descens de les temperatures la setmana vinent. El portaveu adjunt, Jos\u00e9 Luis L\u00f3pez, ha apel\u00b7lat a \u201craons humanit\u00e0ries\u201d per a recuperar aquest servei ...","og_url":"https:\/\/agrupacionespsoe.es\/castello\/va\/el-pspv-insta-a-reactivar-el-dispositiu-demergencia-hivernal-per-a-persones-en-situacio-de-sense-llar-en-magdalena\/","og_site_name":"PSPV-PSOE CASTELL\u00d3","article_publisher":"https:\/\/www.facebook.com\/pspv.castellodelaplana","article_published_time":"2026-03-01T09:40:09+00:00","article_modified_time":"2026-03-24T17:09:34+00:00","og_image":[{"width":2560,"height":1703,"url":"https:\/\/agrupacionespsoe.es\/castello\/wp-content\/uploads\/sites\/45\/2026\/03\/20260301-El-PSPV-insta-a-reactivar-el-dispositivo-de-emergencia-invernal-para-personas-en-situacion-de-sin-hogar-en-Magdalena-scaled.jpg","type":"image\/jpeg"}],"author":"castello1","twitter_card":"summary_large_image","twitter_creator":"@pspv_cs","twitter_site":"@pspv_cs","twitter_misc":{"Escrito por":"castello1","Tiempo de lectura":"2 minutos"},"schema":{"@context":"https:\/\/schema.org","@graph":[{"@type":"Article","@id":"https:\/\/agrupacionespsoe.es\/castello\/va\/el-pspv-insta-a-reactivar-el-dispositiu-demergencia-hivernal-per-a-persones-en-situacio-de-sense-llar-en-magdalena\/#article","isPartOf":{"@id":"https:\/\/agrupacionespsoe.es\/castello\/va\/el-pspv-insta-a-reactivar-el-dispositiu-demergencia-hivernal-per-a-persones-en-situacio-de-sense-llar-en-magdalena\/"},"author":{"name":"castello1","@id":"https:\/\/agrupacionespsoe.es\/castello\/#\/schema\/person\/f3bc5b2f9dc6a399e9e98596ae24a20a"},"headline":"El PSPV insta a reactivar el dispositiu d\u2019emerg\u00e8ncia hivernal per a persones en situaci\u00f3 de sense llar en Magdalena","datePublished":"2026-03-01T09:40:09+00:00","dateModified":"2026-03-24T17:09:34+00:00","mainEntityOfPage":{"@id":"https:\/\/agrupacionespsoe.es\/castello\/va\/el-pspv-insta-a-reactivar-el-dispositiu-demergencia-hivernal-per-a-persones-en-situacio-de-sense-llar-en-magdalena\/"},"wordCount":330,"commentCount":0,"publisher":{"@id":"https:\/\/agrupacionespsoe.es\/castello\/#organization"},"image":{"@id":"https:\/\/agrupacionespsoe.es\/castello\/va\/el-pspv-insta-a-reactivar-el-dispositiu-demergencia-hivernal-per-a-persones-en-situacio-de-sense-llar-en-magdalena\/#primaryimage"},"thumbnailUrl":"https:\/\/agrupacionespsoe.es\/castello\/wp-content\/uploads\/sites\/45\/2026\/03\/20260301-El-PSPV-insta-a-reactivar-el-dispositivo-de-emergencia-invernal-para-personas-en-situacion-de-sin-hogar-en-Magdalena-scaled.jpg","keywords":["Jos\u00e9 Luis L\u00f3pez","Todos"],"articleSection":["Benestar social","Grup Municipal Socialista"],"inLanguage":"es","potentialAction":[{"@type":"CommentAction","name":"Comment","target":["https:\/\/agrupacionespsoe.es\/castello\/va\/el-pspv-insta-a-reactivar-el-dispositiu-demergencia-hivernal-per-a-persones-en-situacio-de-sense-llar-en-magdalena\/#respond"]}]},{"@type":"WebPage","@id":"https:\/\/agrupacionespsoe.es\/castello\/va\/el-pspv-insta-a-reactivar-el-dispositiu-demergencia-hivernal-per-a-persones-en-situacio-de-sense-llar-en-magdalena\/","url":"https:\/\/agrupacionespsoe.es\/castello\/va\/el-pspv-insta-a-reactivar-el-dispositiu-demergencia-hivernal-per-a-persones-en-situacio-de-sense-llar-en-magdalena\/","name":"El PSPV insta a reactivar el dispositiu d\u2019emerg\u00e8ncia hivernal per a persones en situaci\u00f3 de sense llar en Magdalena - PSPV-PSOE CASTELL\u00d3","isPartOf":{"@id":"https:\/\/agrupacionespsoe.es\/castello\/#website"},"primaryImageOfPage":{"@id":"https:\/\/agrupacionespsoe.es\/castello\/va\/el-pspv-insta-a-reactivar-el-dispositiu-demergencia-hivernal-per-a-persones-en-situacio-de-sense-llar-en-magdalena\/#primaryimage"},"image":{"@id":"https:\/\/agrupacionespsoe.es\/castello\/va\/el-pspv-insta-a-reactivar-el-dispositiu-demergencia-hivernal-per-a-persones-en-situacio-de-sense-llar-en-magdalena\/#primaryimage"},"thumbnailUrl":"https:\/\/agrupacionespsoe.es\/castello\/wp-content\/uploads\/sites\/45\/2026\/03\/20260301-El-PSPV-insta-a-reactivar-el-dispositivo-de-emergencia-invernal-para-personas-en-situacion-de-sin-hogar-en-Magdalena-scaled.jpg","datePublished":"2026-03-01T09:40:09+00:00","dateModified":"2026-03-24T17:09:34+00:00","breadcrumb":{"@id":"https:\/\/agrupacionespsoe.es\/castello\/va\/el-pspv-insta-a-reactivar-el-dispositiu-demergencia-hivernal-per-a-persones-en-situacio-de-sense-llar-en-magdalena\/#breadcrumb"},"inLanguage":"es","potentialAction":[{"@type":"ReadAction","target":["https:\/\/agrupacionespsoe.es\/castello\/va\/el-pspv-insta-a-reactivar-el-dispositiu-demergencia-hivernal-per-a-persones-en-situacio-de-sense-llar-en-magdalena\/"]}]},{"@type":"ImageObject","inLanguage":"es","@id":"https:\/\/agrupacionespsoe.es\/castello\/va\/el-pspv-insta-a-reactivar-el-dispositiu-demergencia-hivernal-per-a-persones-en-situacio-de-sense-llar-en-magdalena\/#primaryimage","url":"https:\/\/agrupacionespsoe.es\/castello\/wp-content\/uploads\/sites\/45\/2026\/03\/20260301-El-PSPV-insta-a-reactivar-el-dispositivo-de-emergencia-invernal-para-personas-en-situacion-de-sin-hogar-en-Magdalena-scaled.jpg","contentUrl":"https:\/\/agrupacionespsoe.es\/castello\/wp-content\/uploads\/sites\/45\/2026\/03\/20260301-El-PSPV-insta-a-reactivar-el-dispositivo-de-emergencia-invernal-para-personas-en-situacion-de-sin-hogar-en-Magdalena-scaled.jpg","width":2560,"height":1703},{"@type":"BreadcrumbList","@id":"https:\/\/agrupacionespsoe.es\/castello\/va\/el-pspv-insta-a-reactivar-el-dispositiu-demergencia-hivernal-per-a-persones-en-situacio-de-sense-llar-en-magdalena\/#breadcrumb","itemListElement":[{"@type":"ListItem","position":1,"name":"Portada","item":"https:\/\/agrupacionespsoe.es\/castello\/"},{"@type":"ListItem","position":2,"name":"El PSPV insta a reactivar el dispositiu d\u2019emerg\u00e8ncia hivernal per a persones en situaci\u00f3 de sense llar en Magdalena"}]},{"@type":"WebSite","@id":"https:\/\/agrupacionespsoe.es\/castello\/#website","url":"https:\/\/agrupacionespsoe.es\/castello\/","name":"PSPV-PSOE CASTELL\u00d3","description":"PSPV-PSOE | Agrupaci\u00f3 de Castell\u00f3","publisher":{"@id":"https:\/\/agrupacionespsoe.es\/castello\/#organization"},"potentialAction":[{"@type":"SearchAction","target":{"@type":"EntryPoint","urlTemplate":"https:\/\/agrupacionespsoe.es\/castello\/?s={search_term_string}"},"query-input":{"@type":"PropertyValueSpecification","valueRequired":true,"valueName":"search_term_string"}}],"inLanguage":"es"},{"@type":"Organization","@id":"https:\/\/agrupacionespsoe.es\/castello\/#organization","name":"PSPV-PSOE Castell\u00f3","url":"https:\/\/agrupacionespsoe.es\/castello\/","logo":{"@type":"ImageObject","inLanguage":"es","@id":"https:\/\/agrupacionespsoe.es\/castello\/#\/schema\/logo\/image\/","url":"https:\/\/agrupacionespsoe.es\/castello\/wp-content\/uploads\/sites\/45\/2023\/04\/PORTADA-PSOE-CASTELLO.jpg","contentUrl":"https:\/\/agrupacionespsoe.es\/castello\/wp-content\/uploads\/sites\/45\/2023\/04\/PORTADA-PSOE-CASTELLO.jpg","width":2500,"height":2500,"caption":"PSPV-PSOE Castell\u00f3"},"image":{"@id":"https:\/\/agrupacionespsoe.es\/castello\/#\/schema\/logo\/image\/"},"sameAs":["https:\/\/www.facebook.com\/pspv.castellodelaplana","https:\/\/x.com\/pspv_cs","https:\/\/www.instagram.com\/pspvpsoecastello\/"]},{"@type":"Person","@id":"https:\/\/agrupacionespsoe.es\/castello\/#\/schema\/person\/f3bc5b2f9dc6a399e9e98596ae24a20a","name":"castello1","image":{"@type":"ImageObject","inLanguage":"es","@id":"https:\/\/agrupacionespsoe.es\/castello\/#\/schema\/person\/image\/","url":"https:\/\/secure.gravatar.com\/avatar\/5f1da428d6479d1127419c0b58796865?s=96&d=mm&r=g","contentUrl":"https:\/\/secure.gravatar.com\/avatar\/5f1da428d6479d1127419c0b58796865?s=96&d=mm&r=g","caption":"castello1"},"url":"https:\/\/agrupacionespsoe.es\/castello\/author\/castello1\/"}]}},"jetpack_publicize_connections":[],"jetpack_featured_media_url":"https:\/\/agrupacionespsoe.es\/castello\/wp-content\/uploads\/sites\/45\/2026\/03\/20260301-El-PSPV-insta-a-reactivar-el-dispositivo-de-emergencia-invernal-para-personas-en-situacion-de-sin-hogar-en-Magdalena-scaled.jpg","jetpack_sharing_enabled":true,"_links":{"self":[{"href":"https:\/\/agrupacionespsoe.es\/castello\/wp-json\/wp\/v2\/posts\/10595","targetHints":{"allow":["GET"]}}],"collection":[{"href":"https:\/\/agrupacionespsoe.es\/castello\/wp-json\/wp\/v2\/posts"}],"about":[{"href":"https:\/\/agrupacionespsoe.es\/castello\/wp-json\/wp\/v2\/types\/post"}],"author":[{"embeddable":true,"href":"https:\/\/agrupacionespsoe.es\/castello\/wp-json\/wp\/v2\/users\/48"}],"replies":[{"embeddable":true,"href":"https:\/\/agrupacionespsoe.es\/castello\/wp-json\/wp\/v2\/comments?post=10595"}],"version-history":[{"count":1,"href":"https:\/\/agrupacionespsoe.es\/castello\/wp-json\/wp\/v2\/posts\/10595\/revisions"}],"predecessor-version":[{"id":10596,"href":"https:\/\/agrupacionespsoe.es\/castello\/wp-json\/wp\/v2\/posts\/10595\/revisions\/10596"}],"wp:featuredmedia":[{"embeddable":true,"href":"https:\/\/agrupacionespsoe.es\/castello\/wp-json\/wp\/v2\/media\/10591"}],"wp:attachment":[{"href":"https:\/\/agrupacionespsoe.es\/castello\/wp-json\/wp\/v2\/media?parent=10595"}],"wp:term":[{"taxonomy":"category","embeddable":true,"href":"https:\/\/agrupacionespsoe.es\/castello\/wp-json\/wp\/v2\/categories?post=10595"},{"taxonomy":"post_tag","embeddable":true,"href":"https:\/\/agrupacionespsoe.es\/castello\/wp-json\/wp\/v2\/tags?post=10595"}],"curies":[{"name":"wp","href":"https:\/\/api.w.org\/{rel}","templated":true}]}}