{"id":10542,"date":"2026-02-25T15:39:57","date_gmt":"2026-02-25T14:39:57","guid":{"rendered":"https:\/\/agrupacionespsoe.es\/castello\/?p=10542"},"modified":"2026-02-25T15:40:58","modified_gmt":"2026-02-25T14:40:58","slug":"el-pspv-pregunta-por-el-apuntalamiento-de-parte-del-techo-del-aparcamiento-subterraneo-de-la-plaza-santa-clara-de-castello","status":"publish","type":"post","link":"https:\/\/agrupacionespsoe.es\/castello\/el-pspv-pregunta-por-el-apuntalamiento-de-parte-del-techo-del-aparcamiento-subterraneo-de-la-plaza-santa-clara-de-castello\/","title":{"rendered":"El PSPV pregunta por el apuntalamiento de parte del techo del aparcamiento subterr\u00e1neo de la plaza Santa Clara de Castell\u00f3"},"content":{"rendered":"\n<p>El Grupo Municipal Socialista del Ayuntamiento de Castell\u00f3 ha pedido explicaciones al equipo de gobierno sobre el apuntalamiento de diversas zonas del aparcamiento subterr\u00e1neo de la plaza Santa Clara \u201cya que los usuarios y usuarias tienen que conocer el motivo y tener garantizada la seguridad de las instalaciones\u201d.<\/p>\n\n\n\n<p>El portavoz adjunto socialista, <a href=\"https:\/\/agrupacionespsoe.es\/castello\/tag\/jose-luis-lopez\/\">Jos\u00e9 Luis L\u00f3pez<\/a>,\u00a0recuerda que durante las \u00faltimas semanas se han realizado trabajos en superficie para la instalaci\u00f3n del mercado provisional en la plaza Santa Clara y que, ahora, se tiene que actuar durante al menos a\u00f1o y medio en la remodelaci\u00f3n del Mercado Central.<\/p>\n\n\n\n<p>Jos\u00e9 Luis L\u00f3pez ha destacado que hace ya semanas que las personas que acceden al aparcamiento \u201cven distintos puntos de este espacio apuntalados, por lo que era necesario saber el motivo\u201d. La respuesta facilitada en las comisiones de estudio del lunes por los representantes del gobierno municipal es que este refuerzo es a consecuencia de la construcci\u00f3n de un montacargas provisional para el mercado provisional.<\/p>\n\n\n\n<p>El portavoz socialista, con este contexto, considera que \u201ces necesario que desde el gobierno municipal se aporten todos los datos respecto a la seguridad de las obras ya ejecutadas y por desarrollar en superficie y sus efectos sobre el aparcamiento subterr\u00e1neo\u201d.<\/p>\n\n\n\n<p><\/p>\n","protected":false},"excerpt":{"rendered":"<p>El Grupo Municipal Socialista del Ayuntamiento de Castell\u00f3 ha pedido explicaciones al equipo de gobierno sobre el apuntalamiento de diversas zonas del aparcamiento subterr\u00e1neo de la plaza Santa Clara \u201cya que los usuarios y usuarias tienen que conocer el motivo y tener garantizada la seguridad de las instalaciones\u201d. El portavoz adjunto socialista, Jos\u00e9 Luis L\u00f3pez,\u00a0recuerda &#8230;<\/p>\n","protected":false},"author":48,"featured_media":10543,"comment_status":"open","ping_status":"open","sticky":false,"template":"","format":"standard","meta":{"_jetpack_memberships_contains_paid_content":false,"footnotes":"","jetpack_publicize_message":"","jetpack_publicize_feature_enabled":true,"jetpack_social_post_already_shared":true,"jetpack_social_options":{"image_generator_settings":{"template":"highway","default_image_id":0,"font":"","enabled":false},"version":2}},"categories":[33],"tags":[85,448],"class_list":["post-10542","post","type-post","status-publish","format-standard","has-post-thumbnail","hentry","category-gms","tag-jose-luis-lopez","tag-todos-es"],"yoast_head":"<!-- This site is optimized with the Yoast SEO plugin v24.0 - https:\/\/yoast.com\/wordpress\/plugins\/seo\/ -->\n<title>El PSPV pregunta por el apuntalamiento de parte del techo del aparcamiento subterr\u00e1neo de la plaza Santa Clara de Castell\u00f3 - PSPV-PSOE CASTELL\u00d3<\/title>\n<meta name=\"robots\" content=\"index, follow, max-snippet:-1, max-image-preview:large, max-video-preview:-1\" \/>\n<link rel=\"canonical\" href=\"https:\/\/agrupacionespsoe.es\/castello\/el-pspv-pregunta-por-el-apuntalamiento-de-parte-del-techo-del-aparcamiento-subterraneo-de-la-plaza-santa-clara-de-castello\/\" \/>\n<meta property=\"og:locale\" content=\"es_ES\" \/>\n<meta property=\"og:type\" content=\"article\" \/>\n<meta property=\"og:title\" content=\"El PSPV pregunta por el apuntalamiento de parte del techo del aparcamiento subterr\u00e1neo de la plaza Santa Clara de Castell\u00f3 - PSPV-PSOE CASTELL\u00d3\" \/>\n<meta property=\"og:description\" content=\"El Grupo Municipal Socialista del Ayuntamiento de Castell\u00f3 ha pedido explicaciones al equipo de gobierno sobre el apuntalamiento de diversas zonas del aparcamiento subterr\u00e1neo de la plaza Santa Clara \u201cya que los usuarios y usuarias tienen que conocer el motivo y tener garantizada la seguridad de las instalaciones\u201d. El portavoz adjunto socialista, Jos\u00e9 Luis L\u00f3pez,\u00a0recuerda ...\" \/>\n<meta property=\"og:url\" content=\"https:\/\/agrupacionespsoe.es\/castello\/el-pspv-pregunta-por-el-apuntalamiento-de-parte-del-techo-del-aparcamiento-subterraneo-de-la-plaza-santa-clara-de-castello\/\" \/>\n<meta property=\"og:site_name\" content=\"PSPV-PSOE CASTELL\u00d3\" \/>\n<meta property=\"article:publisher\" content=\"https:\/\/www.facebook.com\/pspv.castellodelaplana\" \/>\n<meta property=\"article:published_time\" content=\"2026-02-25T14:39:57+00:00\" \/>\n<meta property=\"article:modified_time\" content=\"2026-02-25T14:40:58+00:00\" \/>\n<meta property=\"og:image\" content=\"https:\/\/agrupacionespsoe.es\/castello\/wp-content\/uploads\/sites\/45\/2026\/02\/20260226-El-PSPV-pregunta-por-el-apuntalamiento-de-parte-del-techo-del-aparcamiento-subterraneo-de-la-plaza-Santa-Clara-de-Castello-scaled.jpeg\" \/>\n\t<meta property=\"og:image:width\" content=\"2560\" \/>\n\t<meta property=\"og:image:height\" content=\"1440\" \/>\n\t<meta property=\"og:image:type\" content=\"image\/jpeg\" \/>\n<meta name=\"author\" content=\"castello1\" \/>\n<meta name=\"twitter:card\" content=\"summary_large_image\" \/>\n<meta name=\"twitter:creator\" content=\"@pspv_cs\" \/>\n<meta name=\"twitter:site\" content=\"@pspv_cs\" \/>\n<meta name=\"twitter:label1\" content=\"Escrito por\" \/>\n\t<meta name=\"twitter:data1\" content=\"castello1\" \/>\n\t<meta name=\"twitter:label2\" content=\"Tiempo de lectura\" \/>\n\t<meta name=\"twitter:data2\" content=\"2 minutos\" \/>\n<script type=\"application\/ld+json\" class=\"yoast-schema-graph\">{\"@context\":\"https:\/\/schema.org\",\"@graph\":[{\"@type\":\"Article\",\"@id\":\"https:\/\/agrupacionespsoe.es\/castello\/el-pspv-pregunta-por-el-apuntalamiento-de-parte-del-techo-del-aparcamiento-subterraneo-de-la-plaza-santa-clara-de-castello\/#article\",\"isPartOf\":{\"@id\":\"https:\/\/agrupacionespsoe.es\/castello\/el-pspv-pregunta-por-el-apuntalamiento-de-parte-del-techo-del-aparcamiento-subterraneo-de-la-plaza-santa-clara-de-castello\/\"},\"author\":{\"name\":\"castello1\",\"@id\":\"https:\/\/agrupacionespsoe.es\/castello\/#\/schema\/person\/f3bc5b2f9dc6a399e9e98596ae24a20a\"},\"headline\":\"El PSPV pregunta por el apuntalamiento de parte del techo del aparcamiento subterr\u00e1neo de la plaza Santa Clara de Castell\u00f3\",\"datePublished\":\"2026-02-25T14:39:57+00:00\",\"dateModified\":\"2026-02-25T14:40:58+00:00\",\"mainEntityOfPage\":{\"@id\":\"https:\/\/agrupacionespsoe.es\/castello\/el-pspv-pregunta-por-el-apuntalamiento-de-parte-del-techo-del-aparcamiento-subterraneo-de-la-plaza-santa-clara-de-castello\/\"},\"wordCount\":232,\"commentCount\":0,\"publisher\":{\"@id\":\"https:\/\/agrupacionespsoe.es\/castello\/#organization\"},\"image\":{\"@id\":\"https:\/\/agrupacionespsoe.es\/castello\/el-pspv-pregunta-por-el-apuntalamiento-de-parte-del-techo-del-aparcamiento-subterraneo-de-la-plaza-santa-clara-de-castello\/#primaryimage\"},\"thumbnailUrl\":\"https:\/\/agrupacionespsoe.es\/castello\/wp-content\/uploads\/sites\/45\/2026\/02\/20260226-El-PSPV-pregunta-por-el-apuntalamiento-de-parte-del-techo-del-aparcamiento-subterraneo-de-la-plaza-Santa-Clara-de-Castello-scaled.jpeg\",\"keywords\":[\"Jos\u00e9 Luis L\u00f3pez\",\"Todos\"],\"articleSection\":[\"Grupo Municipal Socialista\"],\"inLanguage\":\"es\",\"potentialAction\":[{\"@type\":\"CommentAction\",\"name\":\"Comment\",\"target\":[\"https:\/\/agrupacionespsoe.es\/castello\/el-pspv-pregunta-por-el-apuntalamiento-de-parte-del-techo-del-aparcamiento-subterraneo-de-la-plaza-santa-clara-de-castello\/#respond\"]}]},{\"@type\":\"WebPage\",\"@id\":\"https:\/\/agrupacionespsoe.es\/castello\/el-pspv-pregunta-por-el-apuntalamiento-de-parte-del-techo-del-aparcamiento-subterraneo-de-la-plaza-santa-clara-de-castello\/\",\"url\":\"https:\/\/agrupacionespsoe.es\/castello\/el-pspv-pregunta-por-el-apuntalamiento-de-parte-del-techo-del-aparcamiento-subterraneo-de-la-plaza-santa-clara-de-castello\/\",\"name\":\"El PSPV pregunta por el apuntalamiento de parte del techo del aparcamiento subterr\u00e1neo de la plaza Santa Clara de Castell\u00f3 - PSPV-PSOE CASTELL\u00d3\",\"isPartOf\":{\"@id\":\"https:\/\/agrupacionespsoe.es\/castello\/#website\"},\"primaryImageOfPage\":{\"@id\":\"https:\/\/agrupacionespsoe.es\/castello\/el-pspv-pregunta-por-el-apuntalamiento-de-parte-del-techo-del-aparcamiento-subterraneo-de-la-plaza-santa-clara-de-castello\/#primaryimage\"},\"image\":{\"@id\":\"https:\/\/agrupacionespsoe.es\/castello\/el-pspv-pregunta-por-el-apuntalamiento-de-parte-del-techo-del-aparcamiento-subterraneo-de-la-plaza-santa-clara-de-castello\/#primaryimage\"},\"thumbnailUrl\":\"https:\/\/agrupacionespsoe.es\/castello\/wp-content\/uploads\/sites\/45\/2026\/02\/20260226-El-PSPV-pregunta-por-el-apuntalamiento-de-parte-del-techo-del-aparcamiento-subterraneo-de-la-plaza-Santa-Clara-de-Castello-scaled.jpeg\",\"datePublished\":\"2026-02-25T14:39:57+00:00\",\"dateModified\":\"2026-02-25T14:40:58+00:00\",\"breadcrumb\":{\"@id\":\"https:\/\/agrupacionespsoe.es\/castello\/el-pspv-pregunta-por-el-apuntalamiento-de-parte-del-techo-del-aparcamiento-subterraneo-de-la-plaza-santa-clara-de-castello\/#breadcrumb\"},\"inLanguage\":\"es\",\"potentialAction\":[{\"@type\":\"ReadAction\",\"target\":[\"https:\/\/agrupacionespsoe.es\/castello\/el-pspv-pregunta-por-el-apuntalamiento-de-parte-del-techo-del-aparcamiento-subterraneo-de-la-plaza-santa-clara-de-castello\/\"]}]},{\"@type\":\"ImageObject\",\"inLanguage\":\"es\",\"@id\":\"https:\/\/agrupacionespsoe.es\/castello\/el-pspv-pregunta-por-el-apuntalamiento-de-parte-del-techo-del-aparcamiento-subterraneo-de-la-plaza-santa-clara-de-castello\/#primaryimage\",\"url\":\"https:\/\/agrupacionespsoe.es\/castello\/wp-content\/uploads\/sites\/45\/2026\/02\/20260226-El-PSPV-pregunta-por-el-apuntalamiento-de-parte-del-techo-del-aparcamiento-subterraneo-de-la-plaza-Santa-Clara-de-Castello-scaled.jpeg\",\"contentUrl\":\"https:\/\/agrupacionespsoe.es\/castello\/wp-content\/uploads\/sites\/45\/2026\/02\/20260226-El-PSPV-pregunta-por-el-apuntalamiento-de-parte-del-techo-del-aparcamiento-subterraneo-de-la-plaza-Santa-Clara-de-Castello-scaled.jpeg\",\"width\":2560,\"height\":1440},{\"@type\":\"BreadcrumbList\",\"@id\":\"https:\/\/agrupacionespsoe.es\/castello\/el-pspv-pregunta-por-el-apuntalamiento-de-parte-del-techo-del-aparcamiento-subterraneo-de-la-plaza-santa-clara-de-castello\/#breadcrumb\",\"itemListElement\":[{\"@type\":\"ListItem\",\"position\":1,\"name\":\"Portada\",\"item\":\"https:\/\/agrupacionespsoe.es\/castello\/\"},{\"@type\":\"ListItem\",\"position\":2,\"name\":\"El PSPV pregunta por el apuntalamiento de parte del techo del aparcamiento subterr\u00e1neo de la plaza Santa Clara de Castell\u00f3\"}]},{\"@type\":\"WebSite\",\"@id\":\"https:\/\/agrupacionespsoe.es\/castello\/#website\",\"url\":\"https:\/\/agrupacionespsoe.es\/castello\/\",\"name\":\"PSPV-PSOE CASTELL\u00d3\",\"description\":\"PSPV-PSOE | Agrupaci\u00f3 de Castell\u00f3\",\"publisher\":{\"@id\":\"https:\/\/agrupacionespsoe.es\/castello\/#organization\"},\"potentialAction\":[{\"@type\":\"SearchAction\",\"target\":{\"@type\":\"EntryPoint\",\"urlTemplate\":\"https:\/\/agrupacionespsoe.es\/castello\/?s={search_term_string}\"},\"query-input\":{\"@type\":\"PropertyValueSpecification\",\"valueRequired\":true,\"valueName\":\"search_term_string\"}}],\"inLanguage\":\"es\"},{\"@type\":\"Organization\",\"@id\":\"https:\/\/agrupacionespsoe.es\/castello\/#organization\",\"name\":\"PSPV-PSOE Castell\u00f3\",\"url\":\"https:\/\/agrupacionespsoe.es\/castello\/\",\"logo\":{\"@type\":\"ImageObject\",\"inLanguage\":\"es\",\"@id\":\"https:\/\/agrupacionespsoe.es\/castello\/#\/schema\/logo\/image\/\",\"url\":\"https:\/\/agrupacionespsoe.es\/castello\/wp-content\/uploads\/sites\/45\/2023\/04\/PORTADA-PSOE-CASTELLO.jpg\",\"contentUrl\":\"https:\/\/agrupacionespsoe.es\/castello\/wp-content\/uploads\/sites\/45\/2023\/04\/PORTADA-PSOE-CASTELLO.jpg\",\"width\":2500,\"height\":2500,\"caption\":\"PSPV-PSOE Castell\u00f3\"},\"image\":{\"@id\":\"https:\/\/agrupacionespsoe.es\/castello\/#\/schema\/logo\/image\/\"},\"sameAs\":[\"https:\/\/www.facebook.com\/pspv.castellodelaplana\",\"https:\/\/x.com\/pspv_cs\",\"https:\/\/www.instagram.com\/pspvpsoecastello\/\"]},{\"@type\":\"Person\",\"@id\":\"https:\/\/agrupacionespsoe.es\/castello\/#\/schema\/person\/f3bc5b2f9dc6a399e9e98596ae24a20a\",\"name\":\"castello1\",\"image\":{\"@type\":\"ImageObject\",\"inLanguage\":\"es\",\"@id\":\"https:\/\/agrupacionespsoe.es\/castello\/#\/schema\/person\/image\/\",\"url\":\"https:\/\/secure.gravatar.com\/avatar\/5f1da428d6479d1127419c0b58796865?s=96&d=mm&r=g\",\"contentUrl\":\"https:\/\/secure.gravatar.com\/avatar\/5f1da428d6479d1127419c0b58796865?s=96&d=mm&r=g\",\"caption\":\"castello1\"},\"url\":\"https:\/\/agrupacionespsoe.es\/castello\/author\/castello1\/\"}]}<\/script>\n<!-- \/ Yoast SEO plugin. -->","yoast_head_json":{"title":"El PSPV pregunta por el apuntalamiento de parte del techo del aparcamiento subterr\u00e1neo de la plaza Santa Clara de Castell\u00f3 - PSPV-PSOE CASTELL\u00d3","robots":{"index":"index","follow":"follow","max-snippet":"max-snippet:-1","max-image-preview":"max-image-preview:large","max-video-preview":"max-video-preview:-1"},"canonical":"https:\/\/agrupacionespsoe.es\/castello\/el-pspv-pregunta-por-el-apuntalamiento-de-parte-del-techo-del-aparcamiento-subterraneo-de-la-plaza-santa-clara-de-castello\/","og_locale":"es_ES","og_type":"article","og_title":"El PSPV pregunta por el apuntalamiento de parte del techo del aparcamiento subterr\u00e1neo de la plaza Santa Clara de Castell\u00f3 - PSPV-PSOE CASTELL\u00d3","og_description":"El Grupo Municipal Socialista del Ayuntamiento de Castell\u00f3 ha pedido explicaciones al equipo de gobierno sobre el apuntalamiento de diversas zonas del aparcamiento subterr\u00e1neo de la plaza Santa Clara \u201cya que los usuarios y usuarias tienen que conocer el motivo y tener garantizada la seguridad de las instalaciones\u201d. El portavoz adjunto socialista, Jos\u00e9 Luis L\u00f3pez,\u00a0recuerda ...","og_url":"https:\/\/agrupacionespsoe.es\/castello\/el-pspv-pregunta-por-el-apuntalamiento-de-parte-del-techo-del-aparcamiento-subterraneo-de-la-plaza-santa-clara-de-castello\/","og_site_name":"PSPV-PSOE CASTELL\u00d3","article_publisher":"https:\/\/www.facebook.com\/pspv.castellodelaplana","article_published_time":"2026-02-25T14:39:57+00:00","article_modified_time":"2026-02-25T14:40:58+00:00","og_image":[{"width":2560,"height":1440,"url":"https:\/\/agrupacionespsoe.es\/castello\/wp-content\/uploads\/sites\/45\/2026\/02\/20260226-El-PSPV-pregunta-por-el-apuntalamiento-de-parte-del-techo-del-aparcamiento-subterraneo-de-la-plaza-Santa-Clara-de-Castello-scaled.jpeg","type":"image\/jpeg"}],"author":"castello1","twitter_card":"summary_large_image","twitter_creator":"@pspv_cs","twitter_site":"@pspv_cs","twitter_misc":{"Escrito por":"castello1","Tiempo de lectura":"2 minutos"},"schema":{"@context":"https:\/\/schema.org","@graph":[{"@type":"Article","@id":"https:\/\/agrupacionespsoe.es\/castello\/el-pspv-pregunta-por-el-apuntalamiento-de-parte-del-techo-del-aparcamiento-subterraneo-de-la-plaza-santa-clara-de-castello\/#article","isPartOf":{"@id":"https:\/\/agrupacionespsoe.es\/castello\/el-pspv-pregunta-por-el-apuntalamiento-de-parte-del-techo-del-aparcamiento-subterraneo-de-la-plaza-santa-clara-de-castello\/"},"author":{"name":"castello1","@id":"https:\/\/agrupacionespsoe.es\/castello\/#\/schema\/person\/f3bc5b2f9dc6a399e9e98596ae24a20a"},"headline":"El PSPV pregunta por el apuntalamiento de parte del techo del aparcamiento subterr\u00e1neo de la plaza Santa Clara de Castell\u00f3","datePublished":"2026-02-25T14:39:57+00:00","dateModified":"2026-02-25T14:40:58+00:00","mainEntityOfPage":{"@id":"https:\/\/agrupacionespsoe.es\/castello\/el-pspv-pregunta-por-el-apuntalamiento-de-parte-del-techo-del-aparcamiento-subterraneo-de-la-plaza-santa-clara-de-castello\/"},"wordCount":232,"commentCount":0,"publisher":{"@id":"https:\/\/agrupacionespsoe.es\/castello\/#organization"},"image":{"@id":"https:\/\/agrupacionespsoe.es\/castello\/el-pspv-pregunta-por-el-apuntalamiento-de-parte-del-techo-del-aparcamiento-subterraneo-de-la-plaza-santa-clara-de-castello\/#primaryimage"},"thumbnailUrl":"https:\/\/agrupacionespsoe.es\/castello\/wp-content\/uploads\/sites\/45\/2026\/02\/20260226-El-PSPV-pregunta-por-el-apuntalamiento-de-parte-del-techo-del-aparcamiento-subterraneo-de-la-plaza-Santa-Clara-de-Castello-scaled.jpeg","keywords":["Jos\u00e9 Luis L\u00f3pez","Todos"],"articleSection":["Grupo Municipal Socialista"],"inLanguage":"es","potentialAction":[{"@type":"CommentAction","name":"Comment","target":["https:\/\/agrupacionespsoe.es\/castello\/el-pspv-pregunta-por-el-apuntalamiento-de-parte-del-techo-del-aparcamiento-subterraneo-de-la-plaza-santa-clara-de-castello\/#respond"]}]},{"@type":"WebPage","@id":"https:\/\/agrupacionespsoe.es\/castello\/el-pspv-pregunta-por-el-apuntalamiento-de-parte-del-techo-del-aparcamiento-subterraneo-de-la-plaza-santa-clara-de-castello\/","url":"https:\/\/agrupacionespsoe.es\/castello\/el-pspv-pregunta-por-el-apuntalamiento-de-parte-del-techo-del-aparcamiento-subterraneo-de-la-plaza-santa-clara-de-castello\/","name":"El PSPV pregunta por el apuntalamiento de parte del techo del aparcamiento subterr\u00e1neo de la plaza Santa Clara de Castell\u00f3 - PSPV-PSOE CASTELL\u00d3","isPartOf":{"@id":"https:\/\/agrupacionespsoe.es\/castello\/#website"},"primaryImageOfPage":{"@id":"https:\/\/agrupacionespsoe.es\/castello\/el-pspv-pregunta-por-el-apuntalamiento-de-parte-del-techo-del-aparcamiento-subterraneo-de-la-plaza-santa-clara-de-castello\/#primaryimage"},"image":{"@id":"https:\/\/agrupacionespsoe.es\/castello\/el-pspv-pregunta-por-el-apuntalamiento-de-parte-del-techo-del-aparcamiento-subterraneo-de-la-plaza-santa-clara-de-castello\/#primaryimage"},"thumbnailUrl":"https:\/\/agrupacionespsoe.es\/castello\/wp-content\/uploads\/sites\/45\/2026\/02\/20260226-El-PSPV-pregunta-por-el-apuntalamiento-de-parte-del-techo-del-aparcamiento-subterraneo-de-la-plaza-Santa-Clara-de-Castello-scaled.jpeg","datePublished":"2026-02-25T14:39:57+00:00","dateModified":"2026-02-25T14:40:58+00:00","breadcrumb":{"@id":"https:\/\/agrupacionespsoe.es\/castello\/el-pspv-pregunta-por-el-apuntalamiento-de-parte-del-techo-del-aparcamiento-subterraneo-de-la-plaza-santa-clara-de-castello\/#breadcrumb"},"inLanguage":"es","potentialAction":[{"@type":"ReadAction","target":["https:\/\/agrupacionespsoe.es\/castello\/el-pspv-pregunta-por-el-apuntalamiento-de-parte-del-techo-del-aparcamiento-subterraneo-de-la-plaza-santa-clara-de-castello\/"]}]},{"@type":"ImageObject","inLanguage":"es","@id":"https:\/\/agrupacionespsoe.es\/castello\/el-pspv-pregunta-por-el-apuntalamiento-de-parte-del-techo-del-aparcamiento-subterraneo-de-la-plaza-santa-clara-de-castello\/#primaryimage","url":"https:\/\/agrupacionespsoe.es\/castello\/wp-content\/uploads\/sites\/45\/2026\/02\/20260226-El-PSPV-pregunta-por-el-apuntalamiento-de-parte-del-techo-del-aparcamiento-subterraneo-de-la-plaza-Santa-Clara-de-Castello-scaled.jpeg","contentUrl":"https:\/\/agrupacionespsoe.es\/castello\/wp-content\/uploads\/sites\/45\/2026\/02\/20260226-El-PSPV-pregunta-por-el-apuntalamiento-de-parte-del-techo-del-aparcamiento-subterraneo-de-la-plaza-Santa-Clara-de-Castello-scaled.jpeg","width":2560,"height":1440},{"@type":"BreadcrumbList","@id":"https:\/\/agrupacionespsoe.es\/castello\/el-pspv-pregunta-por-el-apuntalamiento-de-parte-del-techo-del-aparcamiento-subterraneo-de-la-plaza-santa-clara-de-castello\/#breadcrumb","itemListElement":[{"@type":"ListItem","position":1,"name":"Portada","item":"https:\/\/agrupacionespsoe.es\/castello\/"},{"@type":"ListItem","position":2,"name":"El PSPV pregunta por el apuntalamiento de parte del techo del aparcamiento subterr\u00e1neo de la plaza Santa Clara de Castell\u00f3"}]},{"@type":"WebSite","@id":"https:\/\/agrupacionespsoe.es\/castello\/#website","url":"https:\/\/agrupacionespsoe.es\/castello\/","name":"PSPV-PSOE CASTELL\u00d3","description":"PSPV-PSOE | Agrupaci\u00f3 de Castell\u00f3","publisher":{"@id":"https:\/\/agrupacionespsoe.es\/castello\/#organization"},"potentialAction":[{"@type":"SearchAction","target":{"@type":"EntryPoint","urlTemplate":"https:\/\/agrupacionespsoe.es\/castello\/?s={search_term_string}"},"query-input":{"@type":"PropertyValueSpecification","valueRequired":true,"valueName":"search_term_string"}}],"inLanguage":"es"},{"@type":"Organization","@id":"https:\/\/agrupacionespsoe.es\/castello\/#organization","name":"PSPV-PSOE Castell\u00f3","url":"https:\/\/agrupacionespsoe.es\/castello\/","logo":{"@type":"ImageObject","inLanguage":"es","@id":"https:\/\/agrupacionespsoe.es\/castello\/#\/schema\/logo\/image\/","url":"https:\/\/agrupacionespsoe.es\/castello\/wp-content\/uploads\/sites\/45\/2023\/04\/PORTADA-PSOE-CASTELLO.jpg","contentUrl":"https:\/\/agrupacionespsoe.es\/castello\/wp-content\/uploads\/sites\/45\/2023\/04\/PORTADA-PSOE-CASTELLO.jpg","width":2500,"height":2500,"caption":"PSPV-PSOE Castell\u00f3"},"image":{"@id":"https:\/\/agrupacionespsoe.es\/castello\/#\/schema\/logo\/image\/"},"sameAs":["https:\/\/www.facebook.com\/pspv.castellodelaplana","https:\/\/x.com\/pspv_cs","https:\/\/www.instagram.com\/pspvpsoecastello\/"]},{"@type":"Person","@id":"https:\/\/agrupacionespsoe.es\/castello\/#\/schema\/person\/f3bc5b2f9dc6a399e9e98596ae24a20a","name":"castello1","image":{"@type":"ImageObject","inLanguage":"es","@id":"https:\/\/agrupacionespsoe.es\/castello\/#\/schema\/person\/image\/","url":"https:\/\/secure.gravatar.com\/avatar\/5f1da428d6479d1127419c0b58796865?s=96&d=mm&r=g","contentUrl":"https:\/\/secure.gravatar.com\/avatar\/5f1da428d6479d1127419c0b58796865?s=96&d=mm&r=g","caption":"castello1"},"url":"https:\/\/agrupacionespsoe.es\/castello\/author\/castello1\/"}]}},"jetpack_publicize_connections":[],"jetpack_featured_media_url":"https:\/\/agrupacionespsoe.es\/castello\/wp-content\/uploads\/sites\/45\/2026\/02\/20260226-El-PSPV-pregunta-por-el-apuntalamiento-de-parte-del-techo-del-aparcamiento-subterraneo-de-la-plaza-Santa-Clara-de-Castello-scaled.jpeg","jetpack_sharing_enabled":true,"_links":{"self":[{"href":"https:\/\/agrupacionespsoe.es\/castello\/wp-json\/wp\/v2\/posts\/10542","targetHints":{"allow":["GET"]}}],"collection":[{"href":"https:\/\/agrupacionespsoe.es\/castello\/wp-json\/wp\/v2\/posts"}],"about":[{"href":"https:\/\/agrupacionespsoe.es\/castello\/wp-json\/wp\/v2\/types\/post"}],"author":[{"embeddable":true,"href":"https:\/\/agrupacionespsoe.es\/castello\/wp-json\/wp\/v2\/users\/48"}],"replies":[{"embeddable":true,"href":"https:\/\/agrupacionespsoe.es\/castello\/wp-json\/wp\/v2\/comments?post=10542"}],"version-history":[{"count":4,"href":"https:\/\/agrupacionespsoe.es\/castello\/wp-json\/wp\/v2\/posts\/10542\/revisions"}],"predecessor-version":[{"id":10547,"href":"https:\/\/agrupacionespsoe.es\/castello\/wp-json\/wp\/v2\/posts\/10542\/revisions\/10547"}],"wp:featuredmedia":[{"embeddable":true,"href":"https:\/\/agrupacionespsoe.es\/castello\/wp-json\/wp\/v2\/media\/10543"}],"wp:attachment":[{"href":"https:\/\/agrupacionespsoe.es\/castello\/wp-json\/wp\/v2\/media?parent=10542"}],"wp:term":[{"taxonomy":"category","embeddable":true,"href":"https:\/\/agrupacionespsoe.es\/castello\/wp-json\/wp\/v2\/categories?post=10542"},{"taxonomy":"post_tag","embeddable":true,"href":"https:\/\/agrupacionespsoe.es\/castello\/wp-json\/wp\/v2\/tags?post=10542"}],"curies":[{"name":"wp","href":"https:\/\/api.w.org\/{rel}","templated":true}]}}