{"id":10289,"date":"2026-01-29T14:28:16","date_gmt":"2026-01-29T13:28:16","guid":{"rendered":"https:\/\/agrupacionespsoe.es\/castello\/?p=10289"},"modified":"2026-01-29T14:28:18","modified_gmt":"2026-01-29T13:28:18","slug":"el-pspv-urgeix-a-carrasco-a-acabar-amb-lespeculacio-de-lhabitatge-a-castello-i-a-establir-controls-per-a-evitar-la-conversio-de-baixos-comercials-en-zulos","status":"publish","type":"post","link":"https:\/\/agrupacionespsoe.es\/castello\/va\/el-pspv-urgeix-a-carrasco-a-acabar-amb-lespeculacio-de-lhabitatge-a-castello-i-a-establir-controls-per-a-evitar-la-conversio-de-baixos-comercials-en-zulos\/","title":{"rendered":"El PSPV urgeix a Carrasco a acabar amb l&#8217;especulaci\u00f3 de l&#8217;habitatge a Castell\u00f3 i a establir controls per a evitar la conversi\u00f3 de baixos comercials \u201cen zulos\u201d"},"content":{"rendered":"\n<ul class=\"wp-block-list\">\n<li><em><em>El grup socialista lamenta el vot en contra de PP i Vox en el ple a una moci\u00f3 conjunta amb Comprom\u00eds per a aplicar mesures enfront dels \u2018infrahabitatges\u2019<\/em><\/em><\/li>\n<\/ul>\n\n\n\n<ul class=\"wp-block-list\">\n<li><em><em>El PSPV denuncia en la sessi\u00f3 plen\u00e0ria un presumpte fraccionament de contractes en la gesti\u00f3 del Patronat de Turisme de l&#8217;any 2024, tal com ha revelat el propi interventor general en un informe \u201cdemolidor\u201d<\/em><\/em><\/li>\n<\/ul>\n\n\n\n<figure class=\"wp-block-embed is-type-video is-provider-youtube wp-block-embed-youtube wp-embed-aspect-16-9 wp-has-aspect-ratio\"><div class=\"wp-block-embed__wrapper\">\n<iframe loading=\"lazy\" title=\"El PSPV urge a Carrasco a acabar con la especulaci\u00f3n de la vivienda en Castell\u00f3 y a establecer contr\" width=\"500\" height=\"281\" src=\"https:\/\/www.youtube.com\/embed\/zIUZ698Ghns?feature=oembed\" frameborder=\"0\" allow=\"accelerometer; autoplay; clipboard-write; encrypted-media; gyroscope; picture-in-picture; web-share\" referrerpolicy=\"strict-origin-when-cross-origin\" allowfullscreen><\/iframe>\n<\/div><\/figure>\n\n\n\n<p>El Grup Municipal Socialista de Castell\u00f3 ha acusat hui l&#8217;alcaldessa, <a href=\"https:\/\/agrupacionespsoe.es\/castello\/va\/tag\/begona-carrasco-va\/\">Bego\u00f1a Carrasco<\/a>, de \u201cmirar per a un altre costat\u201d a l&#8217;hora d&#8217;apostar per l&#8217;acc\u00e9s a un habitatge assequible per a les fam\u00edlies i la joventut de la capital de la Plana. Una postura de PP i Vox que ha quedat confirmada despr\u00e9s del vot en contra del govern municipal a una moci\u00f3 conjunta de PSPV i Comprom\u00eds que buscava frenar la proliferaci\u00f3 de baixos comercials convertits en infrahabitatges a la ciutat, una problem\u00e0tica que s&#8217;est\u00e0 estenent per diferents barris i que ha generat un creixent malestar ve\u00efnal davant la falta de resposta del govern municipal que presideix Carrasco.<\/p>\n\n\n\n<p><a href=\"https:\/\/agrupacionespsoe.es\/castello\/va\/tag\/jorge-ribes-va\/\">Jorge Ribes<\/a>, regidor socialista que ha defensat la moci\u00f3 en el ple, ha assegurat que \u201c\u00e9s urgent que el govern municipal actue inspeccionant totes les obres que serveixen per a convertir baixos comercials en habitatges\u201d. Es tracta de \u201catendre les nombroses den\u00fancies dels ve\u00efns i ve\u00efnes, castigar a qui incomplisca la normativa i exigir que qualsevol obra d&#8217;aquest tipus, especialment si afecta zones comunes dels edificis, compte amb el perm\u00eds de la comunitat de ve\u00efns\u201d.<\/p>\n\n\n\n<p>Com ha assenyalat Ribes, \u201cno podem permetre que es degraden els barris de la nostra ciutat d&#8217;aquesta manera, i m\u00e9s tenint en compte les conseq\u00fc\u00e8ncies que aix\u00f2 suposar\u00e0 per a la conviv\u00e8ncia entre ve\u00efns, per als serveis p\u00fablics i per al comer\u00e7 local que, com a l&#8217;alcaldessa li agradava dir fins fa just dos anys i sis mesos, s&#8217;est\u00e0 morint\u201d.<\/p>\n\n\n\n<p>El govern municipal, i tamb\u00e9 l&#8217;auton\u00f2mic, \u201cnom\u00e9s tenen inter\u00e9s a obrir-li les portes als grans especuladors liberalitzant el preu de l&#8217;habitatge a la nostra ciutat\u201d. I aix\u00f2 malgrat que \u201chi ha mitjans i hi ha recursos, com \u00e9s per exemple l&#8217;aplicaci\u00f3 de la Llei d&#8217;Habitatge, que ens permetria activar mecanismes com la declaraci\u00f3 de zones tensionades, la qual cosa serviria per a limitar el preu del lloguer all\u00ed on est\u00e0 creixent exponencialment\u201d.<\/p>\n\n\n\n<p>\u201cBego\u00f1a Carrasco\u201d, com ha assenyalat Jorge Ribes, \u201cno pot excusar-se en qu\u00e8 el Pla General actual permet la conversi\u00f3 de baixos comercials en pisos perqu\u00e8, evidentment, la realitat actual no \u00e9s ni comparable a la de fa quatre o cinc anys, i a m\u00e9s perqu\u00e8 t\u00e9 mecanismes per a detindre aquesta situaci\u00f3\u201d.<\/p>\n\n\n\n<p>\u00c9s per aix\u00f2 que \u201cresulte vergony\u00f3s escoltar la senyora Carrasco dir fa tres mesos que aquesta ser\u00e0 la legislatura de l&#8217;habitatge i, poc despr\u00e9s, veure que aprova un pressupost per a 2026 que reserva la rid\u00edcula xifra de 44.000 euros per a afavorir l&#8217;acc\u00e9s a l&#8217;habitatge assequible, amb la insultant quantitat de 5.000 euros, per exemple, per a lloguer jove\u201d.<\/p>\n\n\n\n<p><strong>Caos econ\u00f2mic en Turisme<\/strong><\/p>\n\n\n\n<p>D&#8217;altra banda, el ple municipal ha donat compte d&#8217;un \u201cdemolidor\u201d informe de control financer dels contractes menors del Patronat Municipal de Turisme de l&#8217;exercici 2024. \u201cI \u00e9s per a tirar-se a tremolar\u201d, ha assenyalat la portaveu del Grup Municipal Socialista, <a href=\"https:\/\/agrupacionespsoe.es\/castello\/va\/tag\/patricia-puerta-va\/\">Patricia Puerta<\/a>.<\/p>\n\n\n\n<p>De l&#8217;informe es despr\u00e9n que \u201cni m\u00e9s ni menys que el 70,8%\u201d de la despesa del Patronat de Turisme en el citat exercici de 2024 es va tramitar mitjan\u00e7ant contractes menors. \u201cParlem de m\u00e9s de 680.000 euros adjudicats a colp de decret, sense planificaci\u00f3 anual i sense procediments ordinaris de contractaci\u00f3\u201d, ha destacat Puerta, qui ha insistit que \u201cno ho diem des del Partit Socialista, sin\u00f3 que ho signa el propi Interventor General de l&#8217;ajuntament\u201d.<\/p>\n\n\n\n<p>En aquest informe \u201cqueda clar que hi ha hagut \u00fas abusiu del contracte menor, un afebliment de la concurr\u00e8ncia, una gesti\u00f3 discrecional de la despesa p\u00fablica i un risc institucional per a l&#8217;Ajuntament, tot aix\u00f2 coordinat per la regidora de Turisme, <a href=\"https:\/\/agrupacionespsoe.es\/castello\/va\/tag\/arantxa-miralles-va\/\">Arantxa Miralles<\/a>, i avalat per l&#8217;alcaldessa d&#8217;aquest ajuntament, la senyora Bego\u00f1a Carrasco. I al costat d&#8217;aix\u00f2, una conclusi\u00f3 de l&#8217;informe de l&#8217;interventor \u201cdemolidora\u201d, com \u00e9s que apunt a \u2018contractes reiterats amb el mateix prove\u00efdor que, pel seu objecte, poden inc\u00f3rrer en fraccionament\u2019.<\/p>\n\n\n\n<p>Com ha assenyalat Patricia Puerta, \u201cno parlem de moment de corrupci\u00f3, per\u00f2 s\u00ed d&#8217;una manera de governar incompatible amb els est\u00e0ndards de bona administraci\u00f3 que exigeix una ciutat com Castell\u00f3\u201d. De fet, ja ha augurat que l&#8217;informe sobre els contractes menors de turisme de l&#8217;any 2025 \u201cser\u00e0 igual o pitjor que el que hui ens ocupa\u201d.<\/p>\n\n\n\n<p><strong>Acords plenaris<\/strong><\/p>\n\n\n\n<p>D&#8217;altra banda, la sessi\u00f3 plen\u00e0ria ha ratificat els acords per unanimitat de tots els grups de tres declaracions institucionals. D&#8217;una banda un acord conjunt dirigit a reclamar a les institucions europees a continuar el di\u00e0leg per a garantir l&#8217;aplicaci\u00f3 d&#8217;un Reglament de Control de la Pesca realista i compatible amb l&#8217;activitat pesquera i la realitat di\u00e0ria de la flota del Grau, \u201cespecialment l&#8217;artesanal i de xicoteta escala\u201d. Un text impulsat pel Partit Socialista \u201cque agra\u00efm que haja comptat amb el consens de tots els grups pol\u00edtics\u201d, assenyala Puerta.<\/p>\n\n\n\n<p>Per un altre, s&#8217;ha aprovat una declaraci\u00f3 conjunta, similar a la ratificada recentment en la Diputaci\u00f3 de Castell\u00f3, cr\u00edtica amb l&#8217;acord comercial entre la UE i Mercosur ja que apunta al greu risc que suposa per al sector agrari, el ramader, el medi ambient i l&#8217;equilibri territorial de la prov\u00edncia.<\/p>\n\n\n\n<p>Aix\u00ed mateix, l&#8217;ajuntament ha aprovat, a iniciativa del PSPV, sumar-se a la commemoraci\u00f3 al gener del \u2018Mes de la Conscienciaci\u00f3 sobre el C\u00e0ncer de Coll Uter\u00ed\u2019 amb la meta de visibilitzar aquesta malaltia, promoure la prevenci\u00f3 i el diagn\u00f2stic preco\u00e7 a trav\u00e9s de campanyes informatives i mostrar el nostre suport a totes les dones que la pateixen, aix\u00ed com a les seues fam\u00edlies i entorn.<\/p>\n\n\n\n<p>A m\u00e9s, el grup socialista ha votat a favor, com la resta de formacions pol\u00edtiques, de la moci\u00f3 de Comprom\u00eds per a mantindre i impulsar els contractes reservats a empreses d&#8217;inclusi\u00f3 social a l&#8217;Ajuntament de Castell\u00f3.<\/p>\n","protected":false},"excerpt":{"rendered":"<p>El Grup Municipal Socialista de Castell\u00f3 ha acusat hui l&#8217;alcaldessa, Bego\u00f1a Carrasco, de \u201cmirar per a un altre costat\u201d a l&#8217;hora d&#8217;apostar per l&#8217;acc\u00e9s a un habitatge assequible per a les fam\u00edlies i la joventut de la capital de la Plana. Una postura de PP i Vox que ha quedat confirmada despr\u00e9s del vot en &#8230;<\/p>\n","protected":false},"author":48,"featured_media":10285,"comment_status":"open","ping_status":"open","sticky":false,"template":"","format":"standard","meta":{"_jetpack_memberships_contains_paid_content":false,"footnotes":"","jetpack_publicize_message":"","jetpack_publicize_feature_enabled":true,"jetpack_social_post_already_shared":true,"jetpack_social_options":{"image_generator_settings":{"template":"highway","default_image_id":0,"font":"","enabled":false},"version":2}},"categories":[22],"tags":[792,741,93,83,446],"class_list":["post-10289","post","type-post","status-publish","format-standard","has-post-thumbnail","hentry","category-gms-va","tag-arantxa-miralles-va","tag-begona-carrasco-va","tag-jorge-ribes-va","tag-patricia-puerta-va","tag-todos-va"],"yoast_head":"<!-- This site is optimized with the Yoast SEO plugin v24.0 - https:\/\/yoast.com\/wordpress\/plugins\/seo\/ -->\n<title>El PSPV urgeix a Carrasco a acabar amb l&#039;especulaci\u00f3 de l&#039;habitatge a Castell\u00f3 i a establir controls per a evitar la conversi\u00f3 de baixos comercials \u201cen zulos\u201d - PSPV-PSOE CASTELL\u00d3<\/title>\n<meta name=\"robots\" content=\"index, follow, max-snippet:-1, max-image-preview:large, max-video-preview:-1\" \/>\n<link rel=\"canonical\" href=\"https:\/\/agrupacionespsoe.es\/castello\/va\/el-pspv-urgeix-a-carrasco-a-acabar-amb-lespeculacio-de-lhabitatge-a-castello-i-a-establir-controls-per-a-evitar-la-conversio-de-baixos-comercials-en-zulos\/\" \/>\n<meta property=\"og:locale\" content=\"es_ES\" \/>\n<meta property=\"og:type\" content=\"article\" \/>\n<meta property=\"og:title\" content=\"El PSPV urgeix a Carrasco a acabar amb l&#039;especulaci\u00f3 de l&#039;habitatge a Castell\u00f3 i a establir controls per a evitar la conversi\u00f3 de baixos comercials \u201cen zulos\u201d - PSPV-PSOE CASTELL\u00d3\" \/>\n<meta property=\"og:description\" content=\"El Grup Municipal Socialista de Castell\u00f3 ha acusat hui l&#8217;alcaldessa, Bego\u00f1a Carrasco, de \u201cmirar per a un altre costat\u201d a l&#8217;hora d&#8217;apostar per l&#8217;acc\u00e9s a un habitatge assequible per a les fam\u00edlies i la joventut de la capital de la Plana. Una postura de PP i Vox que ha quedat confirmada despr\u00e9s del vot en ...\" \/>\n<meta property=\"og:url\" content=\"https:\/\/agrupacionespsoe.es\/castello\/va\/el-pspv-urgeix-a-carrasco-a-acabar-amb-lespeculacio-de-lhabitatge-a-castello-i-a-establir-controls-per-a-evitar-la-conversio-de-baixos-comercials-en-zulos\/\" \/>\n<meta property=\"og:site_name\" content=\"PSPV-PSOE CASTELL\u00d3\" \/>\n<meta property=\"article:publisher\" content=\"https:\/\/www.facebook.com\/pspv.castellodelaplana\" \/>\n<meta property=\"article:published_time\" content=\"2026-01-29T13:28:16+00:00\" \/>\n<meta property=\"article:modified_time\" content=\"2026-01-29T13:28:18+00:00\" \/>\n<meta property=\"og:image\" content=\"https:\/\/agrupacionespsoe.es\/castello\/wp-content\/uploads\/sites\/45\/2026\/01\/20260129-El-PSPV-urge-a-Carrasco-a-acabar-con-la-especulacion-de-la-vivienda-en-Castello-y-a-establecer-controles-para-evitar-la-conversion-de-bajos-comerciales-en-zulos.jpg\" \/>\n\t<meta property=\"og:image:width\" content=\"1444\" \/>\n\t<meta property=\"og:image:height\" content=\"813\" \/>\n\t<meta property=\"og:image:type\" content=\"image\/jpeg\" \/>\n<meta name=\"author\" content=\"castello1\" \/>\n<meta name=\"twitter:card\" content=\"summary_large_image\" \/>\n<meta name=\"twitter:creator\" content=\"@pspv_cs\" \/>\n<meta name=\"twitter:site\" content=\"@pspv_cs\" \/>\n<meta name=\"twitter:label1\" content=\"Escrito por\" \/>\n\t<meta name=\"twitter:data1\" content=\"castello1\" \/>\n\t<meta name=\"twitter:label2\" content=\"Tiempo de lectura\" \/>\n\t<meta name=\"twitter:data2\" content=\"5 minutos\" \/>\n<script type=\"application\/ld+json\" class=\"yoast-schema-graph\">{\"@context\":\"https:\/\/schema.org\",\"@graph\":[{\"@type\":\"Article\",\"@id\":\"https:\/\/agrupacionespsoe.es\/castello\/va\/el-pspv-urgeix-a-carrasco-a-acabar-amb-lespeculacio-de-lhabitatge-a-castello-i-a-establir-controls-per-a-evitar-la-conversio-de-baixos-comercials-en-zulos\/#article\",\"isPartOf\":{\"@id\":\"https:\/\/agrupacionespsoe.es\/castello\/va\/el-pspv-urgeix-a-carrasco-a-acabar-amb-lespeculacio-de-lhabitatge-a-castello-i-a-establir-controls-per-a-evitar-la-conversio-de-baixos-comercials-en-zulos\/\"},\"author\":{\"name\":\"castello1\",\"@id\":\"https:\/\/agrupacionespsoe.es\/castello\/#\/schema\/person\/f3bc5b2f9dc6a399e9e98596ae24a20a\"},\"headline\":\"El PSPV urgeix a Carrasco a acabar amb l&#8217;especulaci\u00f3 de l&#8217;habitatge a Castell\u00f3 i a establir controls per a evitar la conversi\u00f3 de baixos comercials \u201cen zulos\u201d\",\"datePublished\":\"2026-01-29T13:28:16+00:00\",\"dateModified\":\"2026-01-29T13:28:18+00:00\",\"mainEntityOfPage\":{\"@id\":\"https:\/\/agrupacionespsoe.es\/castello\/va\/el-pspv-urgeix-a-carrasco-a-acabar-amb-lespeculacio-de-lhabitatge-a-castello-i-a-establir-controls-per-a-evitar-la-conversio-de-baixos-comercials-en-zulos\/\"},\"wordCount\":1066,\"commentCount\":0,\"publisher\":{\"@id\":\"https:\/\/agrupacionespsoe.es\/castello\/#organization\"},\"image\":{\"@id\":\"https:\/\/agrupacionespsoe.es\/castello\/va\/el-pspv-urgeix-a-carrasco-a-acabar-amb-lespeculacio-de-lhabitatge-a-castello-i-a-establir-controls-per-a-evitar-la-conversio-de-baixos-comercials-en-zulos\/#primaryimage\"},\"thumbnailUrl\":\"https:\/\/agrupacionespsoe.es\/castello\/wp-content\/uploads\/sites\/45\/2026\/01\/20260129-El-PSPV-urge-a-Carrasco-a-acabar-con-la-especulacion-de-la-vivienda-en-Castello-y-a-establecer-controles-para-evitar-la-conversion-de-bajos-comerciales-en-zulos.jpg\",\"keywords\":[\"Arantxa Miralles\",\"Bego\u00f1a Carrasco\",\"Jorge Ribes\",\"Patricia Puerta\",\"Todos\"],\"articleSection\":[\"Grup Municipal Socialista\"],\"inLanguage\":\"es\",\"potentialAction\":[{\"@type\":\"CommentAction\",\"name\":\"Comment\",\"target\":[\"https:\/\/agrupacionespsoe.es\/castello\/va\/el-pspv-urgeix-a-carrasco-a-acabar-amb-lespeculacio-de-lhabitatge-a-castello-i-a-establir-controls-per-a-evitar-la-conversio-de-baixos-comercials-en-zulos\/#respond\"]}]},{\"@type\":\"WebPage\",\"@id\":\"https:\/\/agrupacionespsoe.es\/castello\/va\/el-pspv-urgeix-a-carrasco-a-acabar-amb-lespeculacio-de-lhabitatge-a-castello-i-a-establir-controls-per-a-evitar-la-conversio-de-baixos-comercials-en-zulos\/\",\"url\":\"https:\/\/agrupacionespsoe.es\/castello\/va\/el-pspv-urgeix-a-carrasco-a-acabar-amb-lespeculacio-de-lhabitatge-a-castello-i-a-establir-controls-per-a-evitar-la-conversio-de-baixos-comercials-en-zulos\/\",\"name\":\"El PSPV urgeix a Carrasco a acabar amb l'especulaci\u00f3 de l'habitatge a Castell\u00f3 i a establir controls per a evitar la conversi\u00f3 de baixos comercials \u201cen zulos\u201d - PSPV-PSOE CASTELL\u00d3\",\"isPartOf\":{\"@id\":\"https:\/\/agrupacionespsoe.es\/castello\/#website\"},\"primaryImageOfPage\":{\"@id\":\"https:\/\/agrupacionespsoe.es\/castello\/va\/el-pspv-urgeix-a-carrasco-a-acabar-amb-lespeculacio-de-lhabitatge-a-castello-i-a-establir-controls-per-a-evitar-la-conversio-de-baixos-comercials-en-zulos\/#primaryimage\"},\"image\":{\"@id\":\"https:\/\/agrupacionespsoe.es\/castello\/va\/el-pspv-urgeix-a-carrasco-a-acabar-amb-lespeculacio-de-lhabitatge-a-castello-i-a-establir-controls-per-a-evitar-la-conversio-de-baixos-comercials-en-zulos\/#primaryimage\"},\"thumbnailUrl\":\"https:\/\/agrupacionespsoe.es\/castello\/wp-content\/uploads\/sites\/45\/2026\/01\/20260129-El-PSPV-urge-a-Carrasco-a-acabar-con-la-especulacion-de-la-vivienda-en-Castello-y-a-establecer-controles-para-evitar-la-conversion-de-bajos-comerciales-en-zulos.jpg\",\"datePublished\":\"2026-01-29T13:28:16+00:00\",\"dateModified\":\"2026-01-29T13:28:18+00:00\",\"breadcrumb\":{\"@id\":\"https:\/\/agrupacionespsoe.es\/castello\/va\/el-pspv-urgeix-a-carrasco-a-acabar-amb-lespeculacio-de-lhabitatge-a-castello-i-a-establir-controls-per-a-evitar-la-conversio-de-baixos-comercials-en-zulos\/#breadcrumb\"},\"inLanguage\":\"es\",\"potentialAction\":[{\"@type\":\"ReadAction\",\"target\":[\"https:\/\/agrupacionespsoe.es\/castello\/va\/el-pspv-urgeix-a-carrasco-a-acabar-amb-lespeculacio-de-lhabitatge-a-castello-i-a-establir-controls-per-a-evitar-la-conversio-de-baixos-comercials-en-zulos\/\"]}]},{\"@type\":\"ImageObject\",\"inLanguage\":\"es\",\"@id\":\"https:\/\/agrupacionespsoe.es\/castello\/va\/el-pspv-urgeix-a-carrasco-a-acabar-amb-lespeculacio-de-lhabitatge-a-castello-i-a-establir-controls-per-a-evitar-la-conversio-de-baixos-comercials-en-zulos\/#primaryimage\",\"url\":\"https:\/\/agrupacionespsoe.es\/castello\/wp-content\/uploads\/sites\/45\/2026\/01\/20260129-El-PSPV-urge-a-Carrasco-a-acabar-con-la-especulacion-de-la-vivienda-en-Castello-y-a-establecer-controles-para-evitar-la-conversion-de-bajos-comerciales-en-zulos.jpg\",\"contentUrl\":\"https:\/\/agrupacionespsoe.es\/castello\/wp-content\/uploads\/sites\/45\/2026\/01\/20260129-El-PSPV-urge-a-Carrasco-a-acabar-con-la-especulacion-de-la-vivienda-en-Castello-y-a-establecer-controles-para-evitar-la-conversion-de-bajos-comerciales-en-zulos.jpg\",\"width\":1444,\"height\":813},{\"@type\":\"BreadcrumbList\",\"@id\":\"https:\/\/agrupacionespsoe.es\/castello\/va\/el-pspv-urgeix-a-carrasco-a-acabar-amb-lespeculacio-de-lhabitatge-a-castello-i-a-establir-controls-per-a-evitar-la-conversio-de-baixos-comercials-en-zulos\/#breadcrumb\",\"itemListElement\":[{\"@type\":\"ListItem\",\"position\":1,\"name\":\"Portada\",\"item\":\"https:\/\/agrupacionespsoe.es\/castello\/\"},{\"@type\":\"ListItem\",\"position\":2,\"name\":\"El PSPV urgeix a Carrasco a acabar amb l&#8217;especulaci\u00f3 de l&#8217;habitatge a Castell\u00f3 i a establir controls per a evitar la conversi\u00f3 de baixos comercials \u201cen zulos\u201d\"}]},{\"@type\":\"WebSite\",\"@id\":\"https:\/\/agrupacionespsoe.es\/castello\/#website\",\"url\":\"https:\/\/agrupacionespsoe.es\/castello\/\",\"name\":\"PSPV-PSOE CASTELL\u00d3\",\"description\":\"PSPV-PSOE | Agrupaci\u00f3 de Castell\u00f3\",\"publisher\":{\"@id\":\"https:\/\/agrupacionespsoe.es\/castello\/#organization\"},\"potentialAction\":[{\"@type\":\"SearchAction\",\"target\":{\"@type\":\"EntryPoint\",\"urlTemplate\":\"https:\/\/agrupacionespsoe.es\/castello\/?s={search_term_string}\"},\"query-input\":{\"@type\":\"PropertyValueSpecification\",\"valueRequired\":true,\"valueName\":\"search_term_string\"}}],\"inLanguage\":\"es\"},{\"@type\":\"Organization\",\"@id\":\"https:\/\/agrupacionespsoe.es\/castello\/#organization\",\"name\":\"PSPV-PSOE Castell\u00f3\",\"url\":\"https:\/\/agrupacionespsoe.es\/castello\/\",\"logo\":{\"@type\":\"ImageObject\",\"inLanguage\":\"es\",\"@id\":\"https:\/\/agrupacionespsoe.es\/castello\/#\/schema\/logo\/image\/\",\"url\":\"https:\/\/agrupacionespsoe.es\/castello\/wp-content\/uploads\/sites\/45\/2023\/04\/PORTADA-PSOE-CASTELLO.jpg\",\"contentUrl\":\"https:\/\/agrupacionespsoe.es\/castello\/wp-content\/uploads\/sites\/45\/2023\/04\/PORTADA-PSOE-CASTELLO.jpg\",\"width\":2500,\"height\":2500,\"caption\":\"PSPV-PSOE Castell\u00f3\"},\"image\":{\"@id\":\"https:\/\/agrupacionespsoe.es\/castello\/#\/schema\/logo\/image\/\"},\"sameAs\":[\"https:\/\/www.facebook.com\/pspv.castellodelaplana\",\"https:\/\/x.com\/pspv_cs\",\"https:\/\/www.instagram.com\/pspvpsoecastello\/\"]},{\"@type\":\"Person\",\"@id\":\"https:\/\/agrupacionespsoe.es\/castello\/#\/schema\/person\/f3bc5b2f9dc6a399e9e98596ae24a20a\",\"name\":\"castello1\",\"image\":{\"@type\":\"ImageObject\",\"inLanguage\":\"es\",\"@id\":\"https:\/\/agrupacionespsoe.es\/castello\/#\/schema\/person\/image\/\",\"url\":\"https:\/\/secure.gravatar.com\/avatar\/5f1da428d6479d1127419c0b58796865?s=96&d=mm&r=g\",\"contentUrl\":\"https:\/\/secure.gravatar.com\/avatar\/5f1da428d6479d1127419c0b58796865?s=96&d=mm&r=g\",\"caption\":\"castello1\"},\"url\":\"https:\/\/agrupacionespsoe.es\/castello\/author\/castello1\/\"}]}<\/script>\n<!-- \/ Yoast SEO plugin. -->","yoast_head_json":{"title":"El PSPV urgeix a Carrasco a acabar amb l'especulaci\u00f3 de l'habitatge a Castell\u00f3 i a establir controls per a evitar la conversi\u00f3 de baixos comercials \u201cen zulos\u201d - PSPV-PSOE CASTELL\u00d3","robots":{"index":"index","follow":"follow","max-snippet":"max-snippet:-1","max-image-preview":"max-image-preview:large","max-video-preview":"max-video-preview:-1"},"canonical":"https:\/\/agrupacionespsoe.es\/castello\/va\/el-pspv-urgeix-a-carrasco-a-acabar-amb-lespeculacio-de-lhabitatge-a-castello-i-a-establir-controls-per-a-evitar-la-conversio-de-baixos-comercials-en-zulos\/","og_locale":"es_ES","og_type":"article","og_title":"El PSPV urgeix a Carrasco a acabar amb l'especulaci\u00f3 de l'habitatge a Castell\u00f3 i a establir controls per a evitar la conversi\u00f3 de baixos comercials \u201cen zulos\u201d - PSPV-PSOE CASTELL\u00d3","og_description":"El Grup Municipal Socialista de Castell\u00f3 ha acusat hui l&#8217;alcaldessa, Bego\u00f1a Carrasco, de \u201cmirar per a un altre costat\u201d a l&#8217;hora d&#8217;apostar per l&#8217;acc\u00e9s a un habitatge assequible per a les fam\u00edlies i la joventut de la capital de la Plana. Una postura de PP i Vox que ha quedat confirmada despr\u00e9s del vot en ...","og_url":"https:\/\/agrupacionespsoe.es\/castello\/va\/el-pspv-urgeix-a-carrasco-a-acabar-amb-lespeculacio-de-lhabitatge-a-castello-i-a-establir-controls-per-a-evitar-la-conversio-de-baixos-comercials-en-zulos\/","og_site_name":"PSPV-PSOE CASTELL\u00d3","article_publisher":"https:\/\/www.facebook.com\/pspv.castellodelaplana","article_published_time":"2026-01-29T13:28:16+00:00","article_modified_time":"2026-01-29T13:28:18+00:00","og_image":[{"width":1444,"height":813,"url":"https:\/\/agrupacionespsoe.es\/castello\/wp-content\/uploads\/sites\/45\/2026\/01\/20260129-El-PSPV-urge-a-Carrasco-a-acabar-con-la-especulacion-de-la-vivienda-en-Castello-y-a-establecer-controles-para-evitar-la-conversion-de-bajos-comerciales-en-zulos.jpg","type":"image\/jpeg"}],"author":"castello1","twitter_card":"summary_large_image","twitter_creator":"@pspv_cs","twitter_site":"@pspv_cs","twitter_misc":{"Escrito por":"castello1","Tiempo de lectura":"5 minutos"},"schema":{"@context":"https:\/\/schema.org","@graph":[{"@type":"Article","@id":"https:\/\/agrupacionespsoe.es\/castello\/va\/el-pspv-urgeix-a-carrasco-a-acabar-amb-lespeculacio-de-lhabitatge-a-castello-i-a-establir-controls-per-a-evitar-la-conversio-de-baixos-comercials-en-zulos\/#article","isPartOf":{"@id":"https:\/\/agrupacionespsoe.es\/castello\/va\/el-pspv-urgeix-a-carrasco-a-acabar-amb-lespeculacio-de-lhabitatge-a-castello-i-a-establir-controls-per-a-evitar-la-conversio-de-baixos-comercials-en-zulos\/"},"author":{"name":"castello1","@id":"https:\/\/agrupacionespsoe.es\/castello\/#\/schema\/person\/f3bc5b2f9dc6a399e9e98596ae24a20a"},"headline":"El PSPV urgeix a Carrasco a acabar amb l&#8217;especulaci\u00f3 de l&#8217;habitatge a Castell\u00f3 i a establir controls per a evitar la conversi\u00f3 de baixos comercials \u201cen zulos\u201d","datePublished":"2026-01-29T13:28:16+00:00","dateModified":"2026-01-29T13:28:18+00:00","mainEntityOfPage":{"@id":"https:\/\/agrupacionespsoe.es\/castello\/va\/el-pspv-urgeix-a-carrasco-a-acabar-amb-lespeculacio-de-lhabitatge-a-castello-i-a-establir-controls-per-a-evitar-la-conversio-de-baixos-comercials-en-zulos\/"},"wordCount":1066,"commentCount":0,"publisher":{"@id":"https:\/\/agrupacionespsoe.es\/castello\/#organization"},"image":{"@id":"https:\/\/agrupacionespsoe.es\/castello\/va\/el-pspv-urgeix-a-carrasco-a-acabar-amb-lespeculacio-de-lhabitatge-a-castello-i-a-establir-controls-per-a-evitar-la-conversio-de-baixos-comercials-en-zulos\/#primaryimage"},"thumbnailUrl":"https:\/\/agrupacionespsoe.es\/castello\/wp-content\/uploads\/sites\/45\/2026\/01\/20260129-El-PSPV-urge-a-Carrasco-a-acabar-con-la-especulacion-de-la-vivienda-en-Castello-y-a-establecer-controles-para-evitar-la-conversion-de-bajos-comerciales-en-zulos.jpg","keywords":["Arantxa Miralles","Bego\u00f1a Carrasco","Jorge Ribes","Patricia Puerta","Todos"],"articleSection":["Grup Municipal Socialista"],"inLanguage":"es","potentialAction":[{"@type":"CommentAction","name":"Comment","target":["https:\/\/agrupacionespsoe.es\/castello\/va\/el-pspv-urgeix-a-carrasco-a-acabar-amb-lespeculacio-de-lhabitatge-a-castello-i-a-establir-controls-per-a-evitar-la-conversio-de-baixos-comercials-en-zulos\/#respond"]}]},{"@type":"WebPage","@id":"https:\/\/agrupacionespsoe.es\/castello\/va\/el-pspv-urgeix-a-carrasco-a-acabar-amb-lespeculacio-de-lhabitatge-a-castello-i-a-establir-controls-per-a-evitar-la-conversio-de-baixos-comercials-en-zulos\/","url":"https:\/\/agrupacionespsoe.es\/castello\/va\/el-pspv-urgeix-a-carrasco-a-acabar-amb-lespeculacio-de-lhabitatge-a-castello-i-a-establir-controls-per-a-evitar-la-conversio-de-baixos-comercials-en-zulos\/","name":"El PSPV urgeix a Carrasco a acabar amb l'especulaci\u00f3 de l'habitatge a Castell\u00f3 i a establir controls per a evitar la conversi\u00f3 de baixos comercials \u201cen zulos\u201d - PSPV-PSOE CASTELL\u00d3","isPartOf":{"@id":"https:\/\/agrupacionespsoe.es\/castello\/#website"},"primaryImageOfPage":{"@id":"https:\/\/agrupacionespsoe.es\/castello\/va\/el-pspv-urgeix-a-carrasco-a-acabar-amb-lespeculacio-de-lhabitatge-a-castello-i-a-establir-controls-per-a-evitar-la-conversio-de-baixos-comercials-en-zulos\/#primaryimage"},"image":{"@id":"https:\/\/agrupacionespsoe.es\/castello\/va\/el-pspv-urgeix-a-carrasco-a-acabar-amb-lespeculacio-de-lhabitatge-a-castello-i-a-establir-controls-per-a-evitar-la-conversio-de-baixos-comercials-en-zulos\/#primaryimage"},"thumbnailUrl":"https:\/\/agrupacionespsoe.es\/castello\/wp-content\/uploads\/sites\/45\/2026\/01\/20260129-El-PSPV-urge-a-Carrasco-a-acabar-con-la-especulacion-de-la-vivienda-en-Castello-y-a-establecer-controles-para-evitar-la-conversion-de-bajos-comerciales-en-zulos.jpg","datePublished":"2026-01-29T13:28:16+00:00","dateModified":"2026-01-29T13:28:18+00:00","breadcrumb":{"@id":"https:\/\/agrupacionespsoe.es\/castello\/va\/el-pspv-urgeix-a-carrasco-a-acabar-amb-lespeculacio-de-lhabitatge-a-castello-i-a-establir-controls-per-a-evitar-la-conversio-de-baixos-comercials-en-zulos\/#breadcrumb"},"inLanguage":"es","potentialAction":[{"@type":"ReadAction","target":["https:\/\/agrupacionespsoe.es\/castello\/va\/el-pspv-urgeix-a-carrasco-a-acabar-amb-lespeculacio-de-lhabitatge-a-castello-i-a-establir-controls-per-a-evitar-la-conversio-de-baixos-comercials-en-zulos\/"]}]},{"@type":"ImageObject","inLanguage":"es","@id":"https:\/\/agrupacionespsoe.es\/castello\/va\/el-pspv-urgeix-a-carrasco-a-acabar-amb-lespeculacio-de-lhabitatge-a-castello-i-a-establir-controls-per-a-evitar-la-conversio-de-baixos-comercials-en-zulos\/#primaryimage","url":"https:\/\/agrupacionespsoe.es\/castello\/wp-content\/uploads\/sites\/45\/2026\/01\/20260129-El-PSPV-urge-a-Carrasco-a-acabar-con-la-especulacion-de-la-vivienda-en-Castello-y-a-establecer-controles-para-evitar-la-conversion-de-bajos-comerciales-en-zulos.jpg","contentUrl":"https:\/\/agrupacionespsoe.es\/castello\/wp-content\/uploads\/sites\/45\/2026\/01\/20260129-El-PSPV-urge-a-Carrasco-a-acabar-con-la-especulacion-de-la-vivienda-en-Castello-y-a-establecer-controles-para-evitar-la-conversion-de-bajos-comerciales-en-zulos.jpg","width":1444,"height":813},{"@type":"BreadcrumbList","@id":"https:\/\/agrupacionespsoe.es\/castello\/va\/el-pspv-urgeix-a-carrasco-a-acabar-amb-lespeculacio-de-lhabitatge-a-castello-i-a-establir-controls-per-a-evitar-la-conversio-de-baixos-comercials-en-zulos\/#breadcrumb","itemListElement":[{"@type":"ListItem","position":1,"name":"Portada","item":"https:\/\/agrupacionespsoe.es\/castello\/"},{"@type":"ListItem","position":2,"name":"El PSPV urgeix a Carrasco a acabar amb l&#8217;especulaci\u00f3 de l&#8217;habitatge a Castell\u00f3 i a establir controls per a evitar la conversi\u00f3 de baixos comercials \u201cen zulos\u201d"}]},{"@type":"WebSite","@id":"https:\/\/agrupacionespsoe.es\/castello\/#website","url":"https:\/\/agrupacionespsoe.es\/castello\/","name":"PSPV-PSOE CASTELL\u00d3","description":"PSPV-PSOE | Agrupaci\u00f3 de Castell\u00f3","publisher":{"@id":"https:\/\/agrupacionespsoe.es\/castello\/#organization"},"potentialAction":[{"@type":"SearchAction","target":{"@type":"EntryPoint","urlTemplate":"https:\/\/agrupacionespsoe.es\/castello\/?s={search_term_string}"},"query-input":{"@type":"PropertyValueSpecification","valueRequired":true,"valueName":"search_term_string"}}],"inLanguage":"es"},{"@type":"Organization","@id":"https:\/\/agrupacionespsoe.es\/castello\/#organization","name":"PSPV-PSOE Castell\u00f3","url":"https:\/\/agrupacionespsoe.es\/castello\/","logo":{"@type":"ImageObject","inLanguage":"es","@id":"https:\/\/agrupacionespsoe.es\/castello\/#\/schema\/logo\/image\/","url":"https:\/\/agrupacionespsoe.es\/castello\/wp-content\/uploads\/sites\/45\/2023\/04\/PORTADA-PSOE-CASTELLO.jpg","contentUrl":"https:\/\/agrupacionespsoe.es\/castello\/wp-content\/uploads\/sites\/45\/2023\/04\/PORTADA-PSOE-CASTELLO.jpg","width":2500,"height":2500,"caption":"PSPV-PSOE Castell\u00f3"},"image":{"@id":"https:\/\/agrupacionespsoe.es\/castello\/#\/schema\/logo\/image\/"},"sameAs":["https:\/\/www.facebook.com\/pspv.castellodelaplana","https:\/\/x.com\/pspv_cs","https:\/\/www.instagram.com\/pspvpsoecastello\/"]},{"@type":"Person","@id":"https:\/\/agrupacionespsoe.es\/castello\/#\/schema\/person\/f3bc5b2f9dc6a399e9e98596ae24a20a","name":"castello1","image":{"@type":"ImageObject","inLanguage":"es","@id":"https:\/\/agrupacionespsoe.es\/castello\/#\/schema\/person\/image\/","url":"https:\/\/secure.gravatar.com\/avatar\/5f1da428d6479d1127419c0b58796865?s=96&d=mm&r=g","contentUrl":"https:\/\/secure.gravatar.com\/avatar\/5f1da428d6479d1127419c0b58796865?s=96&d=mm&r=g","caption":"castello1"},"url":"https:\/\/agrupacionespsoe.es\/castello\/author\/castello1\/"}]}},"jetpack_publicize_connections":[],"jetpack_featured_media_url":"https:\/\/agrupacionespsoe.es\/castello\/wp-content\/uploads\/sites\/45\/2026\/01\/20260129-El-PSPV-urge-a-Carrasco-a-acabar-con-la-especulacion-de-la-vivienda-en-Castello-y-a-establecer-controles-para-evitar-la-conversion-de-bajos-comerciales-en-zulos.jpg","jetpack_sharing_enabled":true,"_links":{"self":[{"href":"https:\/\/agrupacionespsoe.es\/castello\/wp-json\/wp\/v2\/posts\/10289","targetHints":{"allow":["GET"]}}],"collection":[{"href":"https:\/\/agrupacionespsoe.es\/castello\/wp-json\/wp\/v2\/posts"}],"about":[{"href":"https:\/\/agrupacionespsoe.es\/castello\/wp-json\/wp\/v2\/types\/post"}],"author":[{"embeddable":true,"href":"https:\/\/agrupacionespsoe.es\/castello\/wp-json\/wp\/v2\/users\/48"}],"replies":[{"embeddable":true,"href":"https:\/\/agrupacionespsoe.es\/castello\/wp-json\/wp\/v2\/comments?post=10289"}],"version-history":[{"count":2,"href":"https:\/\/agrupacionespsoe.es\/castello\/wp-json\/wp\/v2\/posts\/10289\/revisions"}],"predecessor-version":[{"id":10291,"href":"https:\/\/agrupacionespsoe.es\/castello\/wp-json\/wp\/v2\/posts\/10289\/revisions\/10291"}],"wp:featuredmedia":[{"embeddable":true,"href":"https:\/\/agrupacionespsoe.es\/castello\/wp-json\/wp\/v2\/media\/10285"}],"wp:attachment":[{"href":"https:\/\/agrupacionespsoe.es\/castello\/wp-json\/wp\/v2\/media?parent=10289"}],"wp:term":[{"taxonomy":"category","embeddable":true,"href":"https:\/\/agrupacionespsoe.es\/castello\/wp-json\/wp\/v2\/categories?post=10289"},{"taxonomy":"post_tag","embeddable":true,"href":"https:\/\/agrupacionespsoe.es\/castello\/wp-json\/wp\/v2\/tags?post=10289"}],"curies":[{"name":"wp","href":"https:\/\/api.w.org\/{rel}","templated":true}]}}