{"id":10284,"date":"2026-01-29T14:26:40","date_gmt":"2026-01-29T13:26:40","guid":{"rendered":"https:\/\/agrupacionespsoe.es\/castello\/?p=10284"},"modified":"2026-01-29T14:26:42","modified_gmt":"2026-01-29T13:26:42","slug":"el-pspv-urge-a-carrasco-a-acabar-con-la-especulacion-de-la-vivienda-en-castello-y-a-establecer-controles-para-evitar-la-conversion-de-bajos-comerciales-en-zulos","status":"publish","type":"post","link":"https:\/\/agrupacionespsoe.es\/castello\/el-pspv-urge-a-carrasco-a-acabar-con-la-especulacion-de-la-vivienda-en-castello-y-a-establecer-controles-para-evitar-la-conversion-de-bajos-comerciales-en-zulos\/","title":{"rendered":"El PSPV urge a Carrasco a acabar con la especulaci\u00f3n de la vivienda en Castell\u00f3 y a establecer controles para evitar la conversi\u00f3n de bajos comerciales \u201cen zulos\u201d"},"content":{"rendered":"\n<ul class=\"wp-block-list\">\n<li><em>El grupo socialista lamenta el voto en contra de PP y Vox en el pleno a una moci\u00f3n conjunta con Comprom\u00eds para aplicar medidas frente a las \u2018infraviviendas\u2019<\/em><\/li>\n<\/ul>\n\n\n\n<ul class=\"wp-block-list\">\n<li><em>El PSPV denuncia en la sesi\u00f3n plenaria un presunto fraccionamiento de contratos en la gesti\u00f3n del Patronato de Turismo del a\u00f1o 2024, tal y como ha revelado el propio interventor general en un informe \u201cdemoledor\u201d<\/em><\/li>\n<\/ul>\n\n\n\n<figure class=\"wp-block-embed is-type-video is-provider-youtube wp-block-embed-youtube wp-embed-aspect-16-9 wp-has-aspect-ratio\"><div class=\"wp-block-embed__wrapper\">\n<iframe loading=\"lazy\" title=\"El PSPV urge a Carrasco a acabar con la especulaci\u00f3n de la vivienda en Castell\u00f3 y a establecer contr\" width=\"500\" height=\"281\" src=\"https:\/\/www.youtube.com\/embed\/zIUZ698Ghns?feature=oembed\" frameborder=\"0\" allow=\"accelerometer; autoplay; clipboard-write; encrypted-media; gyroscope; picture-in-picture; web-share\" referrerpolicy=\"strict-origin-when-cross-origin\" allowfullscreen><\/iframe>\n<\/div><\/figure>\n\n\n\n<p>El Grupo Municipal Socialista de Castell\u00f3 ha acusado hoy a la alcaldesa, <a href=\"https:\/\/agrupacionespsoe.es\/castello\/tag\/begona-carrasco\/\">Bego\u00f1a Carrasco<\/a>, de \u201cmirar para otro lado\u201d a la hora de apostar por el acceso a una vivienda asequible para las familias y la juventud de la capital de la Plana. Una postura de PP y Vox que ha quedado confirmada tras el voto en contra del gobierno municipal a una moci\u00f3n conjunta de PSPV y Comprom\u00eds que buscaba frenar la proliferaci\u00f3n de bajos comerciales convertidos en infraviviendas en la ciudad, una problem\u00e1tica que se est\u00e1 extendiendo por diferentes barrios y que ha generado un creciente malestar vecinal ante la falta de respuesta del gobierno municipal que preside Carrasco.<\/p>\n\n\n\n<p><a href=\"https:\/\/agrupacionespsoe.es\/castello\/tag\/jorge-ribes\/\">Jorge Ribes<\/a>, concejal socialista que ha defendido la moci\u00f3n en el pleno, ha asegurado que \u201ces urgente que el gobierno municipal act\u00fae inspeccionando todas las obras que sirven para convertir bajos comerciales en viviendas\u201d. Se trata de \u201catender las numerosas denuncias de los vecinos y vecinas, castigar a quien incumpla la normativa y exigir que cualquier obra de este tipo, especialmente si afecta a zonas comunes de los edificios, cuente con el permiso de la comunidad de vecinos\u201d.<\/p>\n\n\n\n<p>Como ha se\u00f1alado Ribes, \u201cno podemos permitir que se degraden los barrios de nuestra ciudad de esta forma, y m\u00e1s teniendo en cuenta las consecuencias que ello supondr\u00e1 para la convivencia entre vecinos, para los servicios p\u00fablicos y para el comercio local que, como a la alcaldesa le gustaba decir hasta hace justo dos a\u00f1os y seis meses, se est\u00e1 muriendo\u201d.<\/p>\n\n\n\n<p>El gobierno municipal, y tambi\u00e9n el auton\u00f3mico, \u201csolo tienen inter\u00e9s en abrirle las puertas a los grandes especuladores liberalizando el precio de la vivienda en nuestra ciudad\u201d. Y eso pese a que \u201chay medios y hay recursos, como es por ejemplo la aplicaci\u00f3n de la Ley de Vivienda, que nos permitir\u00eda activar mecanismos como la declaraci\u00f3n de zonas tensionadas, lo que servir\u00eda para limitar el precio del alquiler all\u00ed donde est\u00e1 creciendo exponencialmente\u201d.<\/p>\n\n\n\n<p>\u201cBego\u00f1a Carrasco\u201d, como ha se\u00f1alado Jorge Ribes, \u201cno puede excusarse en que el Plan General actual permite la conversi\u00f3n de bajos comerciales en pisos porque, evidentemente, la realidad actual no es ni comparable a la de hace cuatro o cinco a\u00f1os, y adem\u00e1s porque tiene mecanismos para detener esta situaci\u00f3n\u201d.<\/p>\n\n\n\n<p>Es por ello que \u201cresulte sonrojante escuchar a la se\u00f1ora Carrasco decir hace tres meses que esta va a ser la legislatura de la vivienda y, poco despu\u00e9s, ver que aprueba un presupuesto para 2026 que reserva la rid\u00edcula cifra de 44.000 euros para favorecer el acceso a la vivienda asequible, con la insultante cantidad de 5.000 euros, por ejemplo, para alquiler joven\u201d.<\/p>\n\n\n\n<p><strong>Caos econ\u00f3mico en Turismo<\/strong><\/p>\n\n\n\n<p>Por otro lado, el pleno municipal ha dado cuenta de un \u201cdemoledor\u201d informe de control financiero de los contratos menores del Patronato Municipal de Turismo del ejercicio 2024. \u201cY es para echarse a temblar\u201d, ha se\u00f1alado la portavoz del Grupo Municipal Socialista, <a href=\"https:\/\/agrupacionespsoe.es\/castello\/tag\/patricia-puerta\/\">Patricia Puerta<\/a>.<\/p>\n\n\n\n<p>Del informe se desprende que \u201cnada menos que el 70,8 %\u201d del gasto del Patronato de Turismo en el citado ejercicio de 2024 se tramit\u00f3 mediante contratos menores. \u201cHablamos de m\u00e1s de 680.000 euros adjudicados a golpe de decreto, sin planificaci\u00f3n anual y sin procedimientos ordinarios de contrataci\u00f3n\u201d, ha destacado Puerta, quien ha insistido en que \u201cno lo decimos desde el Partido Socialista, sino que lo firma el propio Interventor General del ayuntamiento\u201d.<\/p>\n\n\n\n<p>En este informe \u201cqueda claro que ha habido uso abusivo del contrato menor, un debilitamiento de la concurrencia, una gesti\u00f3n discrecional del gasto p\u00fablico y un riesgo institucional para el Ayuntamiento, todo ello coordinado por la concejala de Turismo, <a href=\"https:\/\/agrupacionespsoe.es\/castello\/tag\/arantxa-miralles\/\">Arantxa Miralles<\/a>, y avalado por la alcaldesa de este ayuntamiento, la se\u00f1ora Bego\u00f1a Carrasco. Y junto a ello, una conclusi\u00f3n del informe del interventor \u201cdemoledora\u201d, como es que apunte a \u2018<em>contratos reiterados con el mismo proveedor que, por su objeto, pueden incurrir en fraccionamiento<\/em>\u2019.<\/p>\n\n\n\n<p>Como ha se\u00f1alado Patricia Puerta, \u201cno hablamos de momento de corrupci\u00f3n, pero s\u00ed de una forma de gobernar incompatible con los est\u00e1ndares de buena administraci\u00f3n que exige una ciudad como Castell\u00f3\u201d. De hecho, ya ha augurado que el informe sobre los contratos menores de turismo del a\u00f1o 2025 \u201cser\u00e1 igual o peor que el que hoy nos ocupa\u201d.<\/p>\n\n\n\n<p><strong>Acuerdos plenarios<\/strong><\/p>\n\n\n\n<p>Por otro lado, la sesi\u00f3n plenaria ha ratificado los acuerdos por unanimidad de todos los grupos de tres declaraciones institucionales. Por un lado un acuerdo conjunto dirigido a reclamar a las instituciones europeas a continuar el di\u00e1logo para garantizar la aplicaci\u00f3n de un Reglamento de Control de la Pesca realista y compatible con la actividad pesquera y la realidad diaria de la flota del Grau, \u201cespecialmente la artesanal y de peque\u00f1a escala\u201d. Un texto impulsado por el Partido Socialista \u201cque agradecemos que haya contado con el consenso de todos los grupos pol\u00edticos\u201d, se\u00f1ala Puerta.<\/p>\n\n\n\n<p>Por otro, se ha aprobado una declaraci\u00f3n conjunta, similar a la ratificada recientemente en la Diputaci\u00f3n de Castell\u00f3, cr\u00edtica con el acuerdo comercial entre la UE y Mercosur ya que apunta al grave riesgo que supone para el sector agrario, el ganadero, el medioambiente y el equilibrio territorial de la provincia.<\/p>\n\n\n\n<p>Asimismo, el ayuntamiento ha aprobado, a iniciativa del PSPV, sumarse a la conmemoraci\u00f3n en enero del \u2018Mes de la Concienciaci\u00f3n sobre el C\u00e1ncer de Cuello Uterino\u2019 con la meta de visibilizar esta enfermedad, promover la prevenci\u00f3n y el diagn\u00f3stico precoz a trav\u00e9s de campa\u00f1as informativas y mostrar nuestro apoyo a todas las mujeres que la padecen, as\u00ed como a sus familias y entorno.<\/p>\n\n\n\n<p>Adem\u00e1s, el grupo socialista ha votado a favor, como el resto de formaciones pol\u00edticas, de la moci\u00f3n de Comprom\u00eds para mantener e impulsar los contratos reservados a empresas de inclusi\u00f3n social en el Ayuntamiento de Castell\u00f3.<\/p>\n","protected":false},"excerpt":{"rendered":"<p>El Grupo Municipal Socialista de Castell\u00f3 ha acusado hoy a la alcaldesa, Bego\u00f1a Carrasco, de \u201cmirar para otro lado\u201d a la hora de apostar por el acceso a una vivienda asequible para las familias y la juventud de la capital de la Plana. Una postura de PP y Vox que ha quedado confirmada tras el &#8230;<\/p>\n","protected":false},"author":48,"featured_media":10285,"comment_status":"open","ping_status":"open","sticky":false,"template":"","format":"standard","meta":{"_jetpack_memberships_contains_paid_content":false,"footnotes":"","jetpack_publicize_message":"","jetpack_publicize_feature_enabled":true,"jetpack_social_post_already_shared":true,"jetpack_social_options":{"image_generator_settings":{"template":"highway","default_image_id":0,"font":"","enabled":false},"version":2}},"categories":[33],"tags":[790,733,91,81,448],"class_list":["post-10284","post","type-post","status-publish","format-standard","has-post-thumbnail","hentry","category-gms","tag-arantxa-miralles","tag-begona-carrasco","tag-jorge-ribes","tag-patricia-puerta","tag-todos-es"],"yoast_head":"<!-- This site is optimized with the Yoast SEO plugin v24.0 - https:\/\/yoast.com\/wordpress\/plugins\/seo\/ -->\n<title>El PSPV urge a Carrasco a acabar con la especulaci\u00f3n de la vivienda en Castell\u00f3 y a establecer controles para evitar la conversi\u00f3n de bajos comerciales \u201cen zulos\u201d - PSPV-PSOE CASTELL\u00d3<\/title>\n<meta name=\"robots\" content=\"index, follow, max-snippet:-1, max-image-preview:large, max-video-preview:-1\" \/>\n<link rel=\"canonical\" href=\"https:\/\/agrupacionespsoe.es\/castello\/el-pspv-urge-a-carrasco-a-acabar-con-la-especulacion-de-la-vivienda-en-castello-y-a-establecer-controles-para-evitar-la-conversion-de-bajos-comerciales-en-zulos\/\" \/>\n<meta property=\"og:locale\" content=\"es_ES\" \/>\n<meta property=\"og:type\" content=\"article\" \/>\n<meta property=\"og:title\" content=\"El PSPV urge a Carrasco a acabar con la especulaci\u00f3n de la vivienda en Castell\u00f3 y a establecer controles para evitar la conversi\u00f3n de bajos comerciales \u201cen zulos\u201d - PSPV-PSOE CASTELL\u00d3\" \/>\n<meta property=\"og:description\" content=\"El Grupo Municipal Socialista de Castell\u00f3 ha acusado hoy a la alcaldesa, Bego\u00f1a Carrasco, de \u201cmirar para otro lado\u201d a la hora de apostar por el acceso a una vivienda asequible para las familias y la juventud de la capital de la Plana. Una postura de PP y Vox que ha quedado confirmada tras el ...\" \/>\n<meta property=\"og:url\" content=\"https:\/\/agrupacionespsoe.es\/castello\/el-pspv-urge-a-carrasco-a-acabar-con-la-especulacion-de-la-vivienda-en-castello-y-a-establecer-controles-para-evitar-la-conversion-de-bajos-comerciales-en-zulos\/\" \/>\n<meta property=\"og:site_name\" content=\"PSPV-PSOE CASTELL\u00d3\" \/>\n<meta property=\"article:publisher\" content=\"https:\/\/www.facebook.com\/pspv.castellodelaplana\" \/>\n<meta property=\"article:published_time\" content=\"2026-01-29T13:26:40+00:00\" \/>\n<meta property=\"article:modified_time\" content=\"2026-01-29T13:26:42+00:00\" \/>\n<meta property=\"og:image\" content=\"https:\/\/agrupacionespsoe.es\/castello\/wp-content\/uploads\/sites\/45\/2026\/01\/20260129-El-PSPV-urge-a-Carrasco-a-acabar-con-la-especulacion-de-la-vivienda-en-Castello-y-a-establecer-controles-para-evitar-la-conversion-de-bajos-comerciales-en-zulos.jpg\" \/>\n\t<meta property=\"og:image:width\" content=\"1444\" \/>\n\t<meta property=\"og:image:height\" content=\"813\" \/>\n\t<meta property=\"og:image:type\" content=\"image\/jpeg\" \/>\n<meta name=\"author\" content=\"castello1\" \/>\n<meta name=\"twitter:card\" content=\"summary_large_image\" \/>\n<meta name=\"twitter:creator\" content=\"@pspv_cs\" \/>\n<meta name=\"twitter:site\" content=\"@pspv_cs\" \/>\n<meta name=\"twitter:label1\" content=\"Escrito por\" \/>\n\t<meta name=\"twitter:data1\" content=\"castello1\" \/>\n\t<meta name=\"twitter:label2\" content=\"Tiempo de lectura\" \/>\n\t<meta name=\"twitter:data2\" content=\"5 minutos\" \/>\n<script type=\"application\/ld+json\" class=\"yoast-schema-graph\">{\"@context\":\"https:\/\/schema.org\",\"@graph\":[{\"@type\":\"Article\",\"@id\":\"https:\/\/agrupacionespsoe.es\/castello\/el-pspv-urge-a-carrasco-a-acabar-con-la-especulacion-de-la-vivienda-en-castello-y-a-establecer-controles-para-evitar-la-conversion-de-bajos-comerciales-en-zulos\/#article\",\"isPartOf\":{\"@id\":\"https:\/\/agrupacionespsoe.es\/castello\/el-pspv-urge-a-carrasco-a-acabar-con-la-especulacion-de-la-vivienda-en-castello-y-a-establecer-controles-para-evitar-la-conversion-de-bajos-comerciales-en-zulos\/\"},\"author\":{\"name\":\"castello1\",\"@id\":\"https:\/\/agrupacionespsoe.es\/castello\/#\/schema\/person\/f3bc5b2f9dc6a399e9e98596ae24a20a\"},\"headline\":\"El PSPV urge a Carrasco a acabar con la especulaci\u00f3n de la vivienda en Castell\u00f3 y a establecer controles para evitar la conversi\u00f3n de bajos comerciales \u201cen zulos\u201d\",\"datePublished\":\"2026-01-29T13:26:40+00:00\",\"dateModified\":\"2026-01-29T13:26:42+00:00\",\"mainEntityOfPage\":{\"@id\":\"https:\/\/agrupacionespsoe.es\/castello\/el-pspv-urge-a-carrasco-a-acabar-con-la-especulacion-de-la-vivienda-en-castello-y-a-establecer-controles-para-evitar-la-conversion-de-bajos-comerciales-en-zulos\/\"},\"wordCount\":1100,\"commentCount\":0,\"publisher\":{\"@id\":\"https:\/\/agrupacionespsoe.es\/castello\/#organization\"},\"image\":{\"@id\":\"https:\/\/agrupacionespsoe.es\/castello\/el-pspv-urge-a-carrasco-a-acabar-con-la-especulacion-de-la-vivienda-en-castello-y-a-establecer-controles-para-evitar-la-conversion-de-bajos-comerciales-en-zulos\/#primaryimage\"},\"thumbnailUrl\":\"https:\/\/agrupacionespsoe.es\/castello\/wp-content\/uploads\/sites\/45\/2026\/01\/20260129-El-PSPV-urge-a-Carrasco-a-acabar-con-la-especulacion-de-la-vivienda-en-Castello-y-a-establecer-controles-para-evitar-la-conversion-de-bajos-comerciales-en-zulos.jpg\",\"keywords\":[\"Arantxa Miralles\",\"Bego\u00f1a Carrasco\",\"Jorge Ribes\",\"Patricia Puerta\",\"Todos\"],\"articleSection\":[\"Grupo Municipal Socialista\"],\"inLanguage\":\"es\",\"potentialAction\":[{\"@type\":\"CommentAction\",\"name\":\"Comment\",\"target\":[\"https:\/\/agrupacionespsoe.es\/castello\/el-pspv-urge-a-carrasco-a-acabar-con-la-especulacion-de-la-vivienda-en-castello-y-a-establecer-controles-para-evitar-la-conversion-de-bajos-comerciales-en-zulos\/#respond\"]}]},{\"@type\":\"WebPage\",\"@id\":\"https:\/\/agrupacionespsoe.es\/castello\/el-pspv-urge-a-carrasco-a-acabar-con-la-especulacion-de-la-vivienda-en-castello-y-a-establecer-controles-para-evitar-la-conversion-de-bajos-comerciales-en-zulos\/\",\"url\":\"https:\/\/agrupacionespsoe.es\/castello\/el-pspv-urge-a-carrasco-a-acabar-con-la-especulacion-de-la-vivienda-en-castello-y-a-establecer-controles-para-evitar-la-conversion-de-bajos-comerciales-en-zulos\/\",\"name\":\"El PSPV urge a Carrasco a acabar con la especulaci\u00f3n de la vivienda en Castell\u00f3 y a establecer controles para evitar la conversi\u00f3n de bajos comerciales \u201cen zulos\u201d - PSPV-PSOE CASTELL\u00d3\",\"isPartOf\":{\"@id\":\"https:\/\/agrupacionespsoe.es\/castello\/#website\"},\"primaryImageOfPage\":{\"@id\":\"https:\/\/agrupacionespsoe.es\/castello\/el-pspv-urge-a-carrasco-a-acabar-con-la-especulacion-de-la-vivienda-en-castello-y-a-establecer-controles-para-evitar-la-conversion-de-bajos-comerciales-en-zulos\/#primaryimage\"},\"image\":{\"@id\":\"https:\/\/agrupacionespsoe.es\/castello\/el-pspv-urge-a-carrasco-a-acabar-con-la-especulacion-de-la-vivienda-en-castello-y-a-establecer-controles-para-evitar-la-conversion-de-bajos-comerciales-en-zulos\/#primaryimage\"},\"thumbnailUrl\":\"https:\/\/agrupacionespsoe.es\/castello\/wp-content\/uploads\/sites\/45\/2026\/01\/20260129-El-PSPV-urge-a-Carrasco-a-acabar-con-la-especulacion-de-la-vivienda-en-Castello-y-a-establecer-controles-para-evitar-la-conversion-de-bajos-comerciales-en-zulos.jpg\",\"datePublished\":\"2026-01-29T13:26:40+00:00\",\"dateModified\":\"2026-01-29T13:26:42+00:00\",\"breadcrumb\":{\"@id\":\"https:\/\/agrupacionespsoe.es\/castello\/el-pspv-urge-a-carrasco-a-acabar-con-la-especulacion-de-la-vivienda-en-castello-y-a-establecer-controles-para-evitar-la-conversion-de-bajos-comerciales-en-zulos\/#breadcrumb\"},\"inLanguage\":\"es\",\"potentialAction\":[{\"@type\":\"ReadAction\",\"target\":[\"https:\/\/agrupacionespsoe.es\/castello\/el-pspv-urge-a-carrasco-a-acabar-con-la-especulacion-de-la-vivienda-en-castello-y-a-establecer-controles-para-evitar-la-conversion-de-bajos-comerciales-en-zulos\/\"]}]},{\"@type\":\"ImageObject\",\"inLanguage\":\"es\",\"@id\":\"https:\/\/agrupacionespsoe.es\/castello\/el-pspv-urge-a-carrasco-a-acabar-con-la-especulacion-de-la-vivienda-en-castello-y-a-establecer-controles-para-evitar-la-conversion-de-bajos-comerciales-en-zulos\/#primaryimage\",\"url\":\"https:\/\/agrupacionespsoe.es\/castello\/wp-content\/uploads\/sites\/45\/2026\/01\/20260129-El-PSPV-urge-a-Carrasco-a-acabar-con-la-especulacion-de-la-vivienda-en-Castello-y-a-establecer-controles-para-evitar-la-conversion-de-bajos-comerciales-en-zulos.jpg\",\"contentUrl\":\"https:\/\/agrupacionespsoe.es\/castello\/wp-content\/uploads\/sites\/45\/2026\/01\/20260129-El-PSPV-urge-a-Carrasco-a-acabar-con-la-especulacion-de-la-vivienda-en-Castello-y-a-establecer-controles-para-evitar-la-conversion-de-bajos-comerciales-en-zulos.jpg\",\"width\":1444,\"height\":813},{\"@type\":\"BreadcrumbList\",\"@id\":\"https:\/\/agrupacionespsoe.es\/castello\/el-pspv-urge-a-carrasco-a-acabar-con-la-especulacion-de-la-vivienda-en-castello-y-a-establecer-controles-para-evitar-la-conversion-de-bajos-comerciales-en-zulos\/#breadcrumb\",\"itemListElement\":[{\"@type\":\"ListItem\",\"position\":1,\"name\":\"Portada\",\"item\":\"https:\/\/agrupacionespsoe.es\/castello\/\"},{\"@type\":\"ListItem\",\"position\":2,\"name\":\"El PSPV urge a Carrasco a acabar con la especulaci\u00f3n de la vivienda en Castell\u00f3 y a establecer controles para evitar la conversi\u00f3n de bajos comerciales \u201cen zulos\u201d\"}]},{\"@type\":\"WebSite\",\"@id\":\"https:\/\/agrupacionespsoe.es\/castello\/#website\",\"url\":\"https:\/\/agrupacionespsoe.es\/castello\/\",\"name\":\"PSPV-PSOE CASTELL\u00d3\",\"description\":\"PSPV-PSOE | Agrupaci\u00f3 de Castell\u00f3\",\"publisher\":{\"@id\":\"https:\/\/agrupacionespsoe.es\/castello\/#organization\"},\"potentialAction\":[{\"@type\":\"SearchAction\",\"target\":{\"@type\":\"EntryPoint\",\"urlTemplate\":\"https:\/\/agrupacionespsoe.es\/castello\/?s={search_term_string}\"},\"query-input\":{\"@type\":\"PropertyValueSpecification\",\"valueRequired\":true,\"valueName\":\"search_term_string\"}}],\"inLanguage\":\"es\"},{\"@type\":\"Organization\",\"@id\":\"https:\/\/agrupacionespsoe.es\/castello\/#organization\",\"name\":\"PSPV-PSOE Castell\u00f3\",\"url\":\"https:\/\/agrupacionespsoe.es\/castello\/\",\"logo\":{\"@type\":\"ImageObject\",\"inLanguage\":\"es\",\"@id\":\"https:\/\/agrupacionespsoe.es\/castello\/#\/schema\/logo\/image\/\",\"url\":\"https:\/\/agrupacionespsoe.es\/castello\/wp-content\/uploads\/sites\/45\/2023\/04\/PORTADA-PSOE-CASTELLO.jpg\",\"contentUrl\":\"https:\/\/agrupacionespsoe.es\/castello\/wp-content\/uploads\/sites\/45\/2023\/04\/PORTADA-PSOE-CASTELLO.jpg\",\"width\":2500,\"height\":2500,\"caption\":\"PSPV-PSOE Castell\u00f3\"},\"image\":{\"@id\":\"https:\/\/agrupacionespsoe.es\/castello\/#\/schema\/logo\/image\/\"},\"sameAs\":[\"https:\/\/www.facebook.com\/pspv.castellodelaplana\",\"https:\/\/x.com\/pspv_cs\",\"https:\/\/www.instagram.com\/pspvpsoecastello\/\"]},{\"@type\":\"Person\",\"@id\":\"https:\/\/agrupacionespsoe.es\/castello\/#\/schema\/person\/f3bc5b2f9dc6a399e9e98596ae24a20a\",\"name\":\"castello1\",\"image\":{\"@type\":\"ImageObject\",\"inLanguage\":\"es\",\"@id\":\"https:\/\/agrupacionespsoe.es\/castello\/#\/schema\/person\/image\/\",\"url\":\"https:\/\/secure.gravatar.com\/avatar\/5f1da428d6479d1127419c0b58796865?s=96&d=mm&r=g\",\"contentUrl\":\"https:\/\/secure.gravatar.com\/avatar\/5f1da428d6479d1127419c0b58796865?s=96&d=mm&r=g\",\"caption\":\"castello1\"},\"url\":\"https:\/\/agrupacionespsoe.es\/castello\/author\/castello1\/\"}]}<\/script>\n<!-- \/ Yoast SEO plugin. -->","yoast_head_json":{"title":"El PSPV urge a Carrasco a acabar con la especulaci\u00f3n de la vivienda en Castell\u00f3 y a establecer controles para evitar la conversi\u00f3n de bajos comerciales \u201cen zulos\u201d - PSPV-PSOE CASTELL\u00d3","robots":{"index":"index","follow":"follow","max-snippet":"max-snippet:-1","max-image-preview":"max-image-preview:large","max-video-preview":"max-video-preview:-1"},"canonical":"https:\/\/agrupacionespsoe.es\/castello\/el-pspv-urge-a-carrasco-a-acabar-con-la-especulacion-de-la-vivienda-en-castello-y-a-establecer-controles-para-evitar-la-conversion-de-bajos-comerciales-en-zulos\/","og_locale":"es_ES","og_type":"article","og_title":"El PSPV urge a Carrasco a acabar con la especulaci\u00f3n de la vivienda en Castell\u00f3 y a establecer controles para evitar la conversi\u00f3n de bajos comerciales \u201cen zulos\u201d - PSPV-PSOE CASTELL\u00d3","og_description":"El Grupo Municipal Socialista de Castell\u00f3 ha acusado hoy a la alcaldesa, Bego\u00f1a Carrasco, de \u201cmirar para otro lado\u201d a la hora de apostar por el acceso a una vivienda asequible para las familias y la juventud de la capital de la Plana. Una postura de PP y Vox que ha quedado confirmada tras el ...","og_url":"https:\/\/agrupacionespsoe.es\/castello\/el-pspv-urge-a-carrasco-a-acabar-con-la-especulacion-de-la-vivienda-en-castello-y-a-establecer-controles-para-evitar-la-conversion-de-bajos-comerciales-en-zulos\/","og_site_name":"PSPV-PSOE CASTELL\u00d3","article_publisher":"https:\/\/www.facebook.com\/pspv.castellodelaplana","article_published_time":"2026-01-29T13:26:40+00:00","article_modified_time":"2026-01-29T13:26:42+00:00","og_image":[{"width":1444,"height":813,"url":"https:\/\/agrupacionespsoe.es\/castello\/wp-content\/uploads\/sites\/45\/2026\/01\/20260129-El-PSPV-urge-a-Carrasco-a-acabar-con-la-especulacion-de-la-vivienda-en-Castello-y-a-establecer-controles-para-evitar-la-conversion-de-bajos-comerciales-en-zulos.jpg","type":"image\/jpeg"}],"author":"castello1","twitter_card":"summary_large_image","twitter_creator":"@pspv_cs","twitter_site":"@pspv_cs","twitter_misc":{"Escrito por":"castello1","Tiempo de lectura":"5 minutos"},"schema":{"@context":"https:\/\/schema.org","@graph":[{"@type":"Article","@id":"https:\/\/agrupacionespsoe.es\/castello\/el-pspv-urge-a-carrasco-a-acabar-con-la-especulacion-de-la-vivienda-en-castello-y-a-establecer-controles-para-evitar-la-conversion-de-bajos-comerciales-en-zulos\/#article","isPartOf":{"@id":"https:\/\/agrupacionespsoe.es\/castello\/el-pspv-urge-a-carrasco-a-acabar-con-la-especulacion-de-la-vivienda-en-castello-y-a-establecer-controles-para-evitar-la-conversion-de-bajos-comerciales-en-zulos\/"},"author":{"name":"castello1","@id":"https:\/\/agrupacionespsoe.es\/castello\/#\/schema\/person\/f3bc5b2f9dc6a399e9e98596ae24a20a"},"headline":"El PSPV urge a Carrasco a acabar con la especulaci\u00f3n de la vivienda en Castell\u00f3 y a establecer controles para evitar la conversi\u00f3n de bajos comerciales \u201cen zulos\u201d","datePublished":"2026-01-29T13:26:40+00:00","dateModified":"2026-01-29T13:26:42+00:00","mainEntityOfPage":{"@id":"https:\/\/agrupacionespsoe.es\/castello\/el-pspv-urge-a-carrasco-a-acabar-con-la-especulacion-de-la-vivienda-en-castello-y-a-establecer-controles-para-evitar-la-conversion-de-bajos-comerciales-en-zulos\/"},"wordCount":1100,"commentCount":0,"publisher":{"@id":"https:\/\/agrupacionespsoe.es\/castello\/#organization"},"image":{"@id":"https:\/\/agrupacionespsoe.es\/castello\/el-pspv-urge-a-carrasco-a-acabar-con-la-especulacion-de-la-vivienda-en-castello-y-a-establecer-controles-para-evitar-la-conversion-de-bajos-comerciales-en-zulos\/#primaryimage"},"thumbnailUrl":"https:\/\/agrupacionespsoe.es\/castello\/wp-content\/uploads\/sites\/45\/2026\/01\/20260129-El-PSPV-urge-a-Carrasco-a-acabar-con-la-especulacion-de-la-vivienda-en-Castello-y-a-establecer-controles-para-evitar-la-conversion-de-bajos-comerciales-en-zulos.jpg","keywords":["Arantxa Miralles","Bego\u00f1a Carrasco","Jorge Ribes","Patricia Puerta","Todos"],"articleSection":["Grupo Municipal Socialista"],"inLanguage":"es","potentialAction":[{"@type":"CommentAction","name":"Comment","target":["https:\/\/agrupacionespsoe.es\/castello\/el-pspv-urge-a-carrasco-a-acabar-con-la-especulacion-de-la-vivienda-en-castello-y-a-establecer-controles-para-evitar-la-conversion-de-bajos-comerciales-en-zulos\/#respond"]}]},{"@type":"WebPage","@id":"https:\/\/agrupacionespsoe.es\/castello\/el-pspv-urge-a-carrasco-a-acabar-con-la-especulacion-de-la-vivienda-en-castello-y-a-establecer-controles-para-evitar-la-conversion-de-bajos-comerciales-en-zulos\/","url":"https:\/\/agrupacionespsoe.es\/castello\/el-pspv-urge-a-carrasco-a-acabar-con-la-especulacion-de-la-vivienda-en-castello-y-a-establecer-controles-para-evitar-la-conversion-de-bajos-comerciales-en-zulos\/","name":"El PSPV urge a Carrasco a acabar con la especulaci\u00f3n de la vivienda en Castell\u00f3 y a establecer controles para evitar la conversi\u00f3n de bajos comerciales \u201cen zulos\u201d - PSPV-PSOE CASTELL\u00d3","isPartOf":{"@id":"https:\/\/agrupacionespsoe.es\/castello\/#website"},"primaryImageOfPage":{"@id":"https:\/\/agrupacionespsoe.es\/castello\/el-pspv-urge-a-carrasco-a-acabar-con-la-especulacion-de-la-vivienda-en-castello-y-a-establecer-controles-para-evitar-la-conversion-de-bajos-comerciales-en-zulos\/#primaryimage"},"image":{"@id":"https:\/\/agrupacionespsoe.es\/castello\/el-pspv-urge-a-carrasco-a-acabar-con-la-especulacion-de-la-vivienda-en-castello-y-a-establecer-controles-para-evitar-la-conversion-de-bajos-comerciales-en-zulos\/#primaryimage"},"thumbnailUrl":"https:\/\/agrupacionespsoe.es\/castello\/wp-content\/uploads\/sites\/45\/2026\/01\/20260129-El-PSPV-urge-a-Carrasco-a-acabar-con-la-especulacion-de-la-vivienda-en-Castello-y-a-establecer-controles-para-evitar-la-conversion-de-bajos-comerciales-en-zulos.jpg","datePublished":"2026-01-29T13:26:40+00:00","dateModified":"2026-01-29T13:26:42+00:00","breadcrumb":{"@id":"https:\/\/agrupacionespsoe.es\/castello\/el-pspv-urge-a-carrasco-a-acabar-con-la-especulacion-de-la-vivienda-en-castello-y-a-establecer-controles-para-evitar-la-conversion-de-bajos-comerciales-en-zulos\/#breadcrumb"},"inLanguage":"es","potentialAction":[{"@type":"ReadAction","target":["https:\/\/agrupacionespsoe.es\/castello\/el-pspv-urge-a-carrasco-a-acabar-con-la-especulacion-de-la-vivienda-en-castello-y-a-establecer-controles-para-evitar-la-conversion-de-bajos-comerciales-en-zulos\/"]}]},{"@type":"ImageObject","inLanguage":"es","@id":"https:\/\/agrupacionespsoe.es\/castello\/el-pspv-urge-a-carrasco-a-acabar-con-la-especulacion-de-la-vivienda-en-castello-y-a-establecer-controles-para-evitar-la-conversion-de-bajos-comerciales-en-zulos\/#primaryimage","url":"https:\/\/agrupacionespsoe.es\/castello\/wp-content\/uploads\/sites\/45\/2026\/01\/20260129-El-PSPV-urge-a-Carrasco-a-acabar-con-la-especulacion-de-la-vivienda-en-Castello-y-a-establecer-controles-para-evitar-la-conversion-de-bajos-comerciales-en-zulos.jpg","contentUrl":"https:\/\/agrupacionespsoe.es\/castello\/wp-content\/uploads\/sites\/45\/2026\/01\/20260129-El-PSPV-urge-a-Carrasco-a-acabar-con-la-especulacion-de-la-vivienda-en-Castello-y-a-establecer-controles-para-evitar-la-conversion-de-bajos-comerciales-en-zulos.jpg","width":1444,"height":813},{"@type":"BreadcrumbList","@id":"https:\/\/agrupacionespsoe.es\/castello\/el-pspv-urge-a-carrasco-a-acabar-con-la-especulacion-de-la-vivienda-en-castello-y-a-establecer-controles-para-evitar-la-conversion-de-bajos-comerciales-en-zulos\/#breadcrumb","itemListElement":[{"@type":"ListItem","position":1,"name":"Portada","item":"https:\/\/agrupacionespsoe.es\/castello\/"},{"@type":"ListItem","position":2,"name":"El PSPV urge a Carrasco a acabar con la especulaci\u00f3n de la vivienda en Castell\u00f3 y a establecer controles para evitar la conversi\u00f3n de bajos comerciales \u201cen zulos\u201d"}]},{"@type":"WebSite","@id":"https:\/\/agrupacionespsoe.es\/castello\/#website","url":"https:\/\/agrupacionespsoe.es\/castello\/","name":"PSPV-PSOE CASTELL\u00d3","description":"PSPV-PSOE | Agrupaci\u00f3 de Castell\u00f3","publisher":{"@id":"https:\/\/agrupacionespsoe.es\/castello\/#organization"},"potentialAction":[{"@type":"SearchAction","target":{"@type":"EntryPoint","urlTemplate":"https:\/\/agrupacionespsoe.es\/castello\/?s={search_term_string}"},"query-input":{"@type":"PropertyValueSpecification","valueRequired":true,"valueName":"search_term_string"}}],"inLanguage":"es"},{"@type":"Organization","@id":"https:\/\/agrupacionespsoe.es\/castello\/#organization","name":"PSPV-PSOE Castell\u00f3","url":"https:\/\/agrupacionespsoe.es\/castello\/","logo":{"@type":"ImageObject","inLanguage":"es","@id":"https:\/\/agrupacionespsoe.es\/castello\/#\/schema\/logo\/image\/","url":"https:\/\/agrupacionespsoe.es\/castello\/wp-content\/uploads\/sites\/45\/2023\/04\/PORTADA-PSOE-CASTELLO.jpg","contentUrl":"https:\/\/agrupacionespsoe.es\/castello\/wp-content\/uploads\/sites\/45\/2023\/04\/PORTADA-PSOE-CASTELLO.jpg","width":2500,"height":2500,"caption":"PSPV-PSOE Castell\u00f3"},"image":{"@id":"https:\/\/agrupacionespsoe.es\/castello\/#\/schema\/logo\/image\/"},"sameAs":["https:\/\/www.facebook.com\/pspv.castellodelaplana","https:\/\/x.com\/pspv_cs","https:\/\/www.instagram.com\/pspvpsoecastello\/"]},{"@type":"Person","@id":"https:\/\/agrupacionespsoe.es\/castello\/#\/schema\/person\/f3bc5b2f9dc6a399e9e98596ae24a20a","name":"castello1","image":{"@type":"ImageObject","inLanguage":"es","@id":"https:\/\/agrupacionespsoe.es\/castello\/#\/schema\/person\/image\/","url":"https:\/\/secure.gravatar.com\/avatar\/5f1da428d6479d1127419c0b58796865?s=96&d=mm&r=g","contentUrl":"https:\/\/secure.gravatar.com\/avatar\/5f1da428d6479d1127419c0b58796865?s=96&d=mm&r=g","caption":"castello1"},"url":"https:\/\/agrupacionespsoe.es\/castello\/author\/castello1\/"}]}},"jetpack_publicize_connections":[],"jetpack_featured_media_url":"https:\/\/agrupacionespsoe.es\/castello\/wp-content\/uploads\/sites\/45\/2026\/01\/20260129-El-PSPV-urge-a-Carrasco-a-acabar-con-la-especulacion-de-la-vivienda-en-Castello-y-a-establecer-controles-para-evitar-la-conversion-de-bajos-comerciales-en-zulos.jpg","jetpack_sharing_enabled":true,"_links":{"self":[{"href":"https:\/\/agrupacionespsoe.es\/castello\/wp-json\/wp\/v2\/posts\/10284","targetHints":{"allow":["GET"]}}],"collection":[{"href":"https:\/\/agrupacionespsoe.es\/castello\/wp-json\/wp\/v2\/posts"}],"about":[{"href":"https:\/\/agrupacionespsoe.es\/castello\/wp-json\/wp\/v2\/types\/post"}],"author":[{"embeddable":true,"href":"https:\/\/agrupacionespsoe.es\/castello\/wp-json\/wp\/v2\/users\/48"}],"replies":[{"embeddable":true,"href":"https:\/\/agrupacionespsoe.es\/castello\/wp-json\/wp\/v2\/comments?post=10284"}],"version-history":[{"count":3,"href":"https:\/\/agrupacionespsoe.es\/castello\/wp-json\/wp\/v2\/posts\/10284\/revisions"}],"predecessor-version":[{"id":10288,"href":"https:\/\/agrupacionespsoe.es\/castello\/wp-json\/wp\/v2\/posts\/10284\/revisions\/10288"}],"wp:featuredmedia":[{"embeddable":true,"href":"https:\/\/agrupacionespsoe.es\/castello\/wp-json\/wp\/v2\/media\/10285"}],"wp:attachment":[{"href":"https:\/\/agrupacionespsoe.es\/castello\/wp-json\/wp\/v2\/media?parent=10284"}],"wp:term":[{"taxonomy":"category","embeddable":true,"href":"https:\/\/agrupacionespsoe.es\/castello\/wp-json\/wp\/v2\/categories?post=10284"},{"taxonomy":"post_tag","embeddable":true,"href":"https:\/\/agrupacionespsoe.es\/castello\/wp-json\/wp\/v2\/tags?post=10284"}],"curies":[{"name":"wp","href":"https:\/\/api.w.org\/{rel}","templated":true}]}}