{"id":10267,"date":"2026-01-27T13:26:33","date_gmt":"2026-01-27T12:26:33","guid":{"rendered":"https:\/\/agrupacionespsoe.es\/castello\/?p=10267"},"modified":"2026-01-27T13:26:34","modified_gmt":"2026-01-27T12:26:34","slug":"ribera-destaca-la-unio-politica-en-defensa-del-sector-pesquer-del-grau-amb-una-proposta-del-pspv-que-exigeix-a-brussel%c2%b7les-flexibilitzar-les-inspeccions","status":"publish","type":"post","link":"https:\/\/agrupacionespsoe.es\/castello\/va\/ribera-destaca-la-unio-politica-en-defensa-del-sector-pesquer-del-grau-amb-una-proposta-del-pspv-que-exigeix-a-brussel%c2%b7les-flexibilitzar-les-inspeccions\/","title":{"rendered":"Ribera destaca la uni\u00f3 pol\u00edtica en defensa del sector pesquer del Grau amb una proposta del PSPV que exigeix a Brussel\u00b7les flexibilitzar les inspeccions"},"content":{"rendered":"\n<ul class=\"wp-block-list\">\n<li><em><em>El Grup Municipal Socialista de Castell\u00f3 aconsegueix el consens dels partits a l&#8217;ajuntament per a aprovar una declaraci\u00f3 institucional en el qual s&#8217;insta a Europa a garantir una aplicaci\u00f3 \u201crealista\u201d dels reglaments de control i compatible amb l&#8217;activitat pesquera<\/em><\/em><\/li>\n<\/ul>\n\n\n\n<p><a href=\"https:\/\/agrupacionespsoe.es\/castello\/va\/tag\/mary-carmen-ribera-va\/\">Mary Carmen Ribera<\/a>, regidora del grup Municipal Socialista de Castell\u00f3, ha destacat hui la \u201cbona disposici\u00f3 de tots els partits pol\u00edtics de l&#8217;ajuntament per a sumar-se a la proposta del PSPV en defensa del sector pesquer del Grau i recon\u00e8ixer el seu paper essencial en l&#8217;economia local, l&#8217;ocupaci\u00f3 i la cohesi\u00f3 social\u201d.<\/p>\n\n\n\n<p>Aquesta unitat quedar\u00e0 plasmada en el ple ordinari d&#8217;aquest dijous 29 de gener, en el qual s&#8217;aprovar\u00e0 una declaraci\u00f3 institucional dirigida a reclamar a les institucions europees a continuar el di\u00e0leg per a garantir l&#8217;aplicaci\u00f3 d&#8217;un Reglament de Control de la Pesca realista i compatible amb l&#8217;activitat pesquera i la realitat di\u00e0ria de la flota, \u201cespecialment l&#8217;artesanal i de xicoteta escala\u201d.<\/p>\n\n\n\n<p>La regidora socialista subratlla que \u201ccal treballar en defensa de la sostenibilitat del Mediterrani, per\u00f2 aix\u00f2 ha de ser sempre compatible amb garantir la superviv\u00e8ncia del sector pesquer, i des del PSPV de Castell\u00f3 sempre estarem al costat de la pesca del Grau\u201d.<\/p>\n\n\n\n<p>En la proposta, a m\u00e9s, es destaca el treball que est\u00e0 desenvolupant el Govern d&#8217;Espanya dirigides a flexibilitzar les inspeccions. De fet, aquest dilluns el mateix ministre d&#8217;Agricultura i Pesca, <a href=\"https:\/\/agrupacionespsoe.es\/castello\/va\/tag\/luis-planas-va\/\">Luis Planas<\/a>, va intervindre a Brussel\u00b7les en el Consell de Ministres del ram per a demanar una modificaci\u00f3 en algunes de les disposicions que &#8220;resulten desproporcionades i, en la pr\u00e0ctica, impossibles de complir&#8221;.<\/p>\n\n\n\n<p><strong>Negociaci\u00f3 de Luis Planas a Brussel\u00b7les<\/strong><\/p>\n\n\n\n<p>En aquest sentit, el ministre va proposar que es mantinga l&#8217;obligaci\u00f3 de registrar les captures des del quilo zero, per\u00f2 que les desviacions en l&#8217;estimaci\u00f3 de quantitats inferiors a 50 quilos no es consideren un incompliment i que els errors en l&#8217;estimaci\u00f3 de captures inferiors a 50 quilos no siguen qualificats com a infraccions greus.<\/p>\n\n\n\n<p>Planas va reiterar, com ja ho va fer en 2025, la necessitat de revisar el reglament del Mediterrani per a una gesti\u00f3 m\u00e9s eficient de les pesqueres mixtes. En aquest sentit, va remarcar la import\u00e0ncia de no basar la reducci\u00f3 de l&#8217;esfor\u00e7 pesquer (dies de pesca) en la poblaci\u00f3 m\u00e9s vulnerable.<\/p>\n","protected":false},"excerpt":{"rendered":"<p>Mary Carmen Ribera, regidora del grup Municipal Socialista de Castell\u00f3, ha destacat hui la \u201cbona disposici\u00f3 de tots els partits pol\u00edtics de l&#8217;ajuntament per a sumar-se a la proposta del PSPV en defensa del sector pesquer del Grau i recon\u00e8ixer el seu paper essencial en l&#8217;economia local, l&#8217;ocupaci\u00f3 i la cohesi\u00f3 social\u201d. Aquesta unitat quedar\u00e0 &#8230;<\/p>\n","protected":false},"author":48,"featured_media":10261,"comment_status":"open","ping_status":"open","sticky":false,"template":"","format":"standard","meta":{"_jetpack_memberships_contains_paid_content":false,"footnotes":"","jetpack_publicize_message":"","jetpack_publicize_feature_enabled":true,"jetpack_social_post_already_shared":true,"jetpack_social_options":{"image_generator_settings":{"template":"highway","default_image_id":0,"font":"","enabled":false},"version":2}},"categories":[22],"tags":[105,1102,101,446],"class_list":["post-10267","post","type-post","status-publish","format-standard","has-post-thumbnail","hentry","category-gms-va","tag-joaquin-giner-va","tag-luis-planas-va","tag-mary-carmen-ribera-va","tag-todos-va"],"yoast_head":"<!-- This site is optimized with the Yoast SEO plugin v24.0 - https:\/\/yoast.com\/wordpress\/plugins\/seo\/ -->\n<title>Ribera destaca la uni\u00f3 pol\u00edtica en defensa del sector pesquer del Grau amb una proposta del PSPV que exigeix a Brussel\u00b7les flexibilitzar les inspeccions - PSPV-PSOE CASTELL\u00d3<\/title>\n<meta name=\"robots\" content=\"index, follow, max-snippet:-1, max-image-preview:large, max-video-preview:-1\" \/>\n<link rel=\"canonical\" href=\"https:\/\/agrupacionespsoe.es\/castello\/va\/ribera-destaca-la-unio-politica-en-defensa-del-sector-pesquer-del-grau-amb-una-proposta-del-pspv-que-exigeix-a-brussel\u00b7les-flexibilitzar-les-inspeccions\/\" \/>\n<meta property=\"og:locale\" content=\"es_ES\" \/>\n<meta property=\"og:type\" content=\"article\" \/>\n<meta property=\"og:title\" content=\"Ribera destaca la uni\u00f3 pol\u00edtica en defensa del sector pesquer del Grau amb una proposta del PSPV que exigeix a Brussel\u00b7les flexibilitzar les inspeccions - PSPV-PSOE CASTELL\u00d3\" \/>\n<meta property=\"og:description\" content=\"Mary Carmen Ribera, regidora del grup Municipal Socialista de Castell\u00f3, ha destacat hui la \u201cbona disposici\u00f3 de tots els partits pol\u00edtics de l&#8217;ajuntament per a sumar-se a la proposta del PSPV en defensa del sector pesquer del Grau i recon\u00e8ixer el seu paper essencial en l&#8217;economia local, l&#8217;ocupaci\u00f3 i la cohesi\u00f3 social\u201d. Aquesta unitat quedar\u00e0 ...\" \/>\n<meta property=\"og:url\" content=\"https:\/\/agrupacionespsoe.es\/castello\/va\/ribera-destaca-la-unio-politica-en-defensa-del-sector-pesquer-del-grau-amb-una-proposta-del-pspv-que-exigeix-a-brussel\u00b7les-flexibilitzar-les-inspeccions\/\" \/>\n<meta property=\"og:site_name\" content=\"PSPV-PSOE CASTELL\u00d3\" \/>\n<meta property=\"article:publisher\" content=\"https:\/\/www.facebook.com\/pspv.castellodelaplana\" \/>\n<meta property=\"article:published_time\" content=\"2026-01-27T12:26:33+00:00\" \/>\n<meta property=\"article:modified_time\" content=\"2026-01-27T12:26:34+00:00\" \/>\n<meta property=\"og:image\" content=\"https:\/\/agrupacionespsoe.es\/castello\/wp-content\/uploads\/sites\/45\/2026\/01\/20260127-Ribera-destaca-la-union-politica-en-defensa-del-sector-pesquero-del-Grau-con-una-propuesta-del-PSPV-que-exige-a-Bruselas-flexibilizar-las-inspecciones-scaled-e1769516580878.jpeg\" \/>\n\t<meta property=\"og:image:width\" content=\"1440\" \/>\n\t<meta property=\"og:image:height\" content=\"1084\" \/>\n\t<meta property=\"og:image:type\" content=\"image\/jpeg\" \/>\n<meta name=\"author\" content=\"castello1\" \/>\n<meta name=\"twitter:card\" content=\"summary_large_image\" \/>\n<meta name=\"twitter:creator\" content=\"@pspv_cs\" \/>\n<meta name=\"twitter:site\" content=\"@pspv_cs\" \/>\n<meta name=\"twitter:label1\" content=\"Escrito por\" \/>\n\t<meta name=\"twitter:data1\" content=\"castello1\" \/>\n\t<meta name=\"twitter:label2\" content=\"Tiempo de lectura\" \/>\n\t<meta name=\"twitter:data2\" content=\"2 minutos\" \/>\n<script type=\"application\/ld+json\" class=\"yoast-schema-graph\">{\"@context\":\"https:\/\/schema.org\",\"@graph\":[{\"@type\":\"Article\",\"@id\":\"https:\/\/agrupacionespsoe.es\/castello\/va\/ribera-destaca-la-unio-politica-en-defensa-del-sector-pesquer-del-grau-amb-una-proposta-del-pspv-que-exigeix-a-brussel%c2%b7les-flexibilitzar-les-inspeccions\/#article\",\"isPartOf\":{\"@id\":\"https:\/\/agrupacionespsoe.es\/castello\/va\/ribera-destaca-la-unio-politica-en-defensa-del-sector-pesquer-del-grau-amb-una-proposta-del-pspv-que-exigeix-a-brussel%c2%b7les-flexibilitzar-les-inspeccions\/\"},\"author\":{\"name\":\"castello1\",\"@id\":\"https:\/\/agrupacionespsoe.es\/castello\/#\/schema\/person\/f3bc5b2f9dc6a399e9e98596ae24a20a\"},\"headline\":\"Ribera destaca la uni\u00f3 pol\u00edtica en defensa del sector pesquer del Grau amb una proposta del PSPV que exigeix a Brussel\u00b7les flexibilitzar les inspeccions\",\"datePublished\":\"2026-01-27T12:26:33+00:00\",\"dateModified\":\"2026-01-27T12:26:34+00:00\",\"mainEntityOfPage\":{\"@id\":\"https:\/\/agrupacionespsoe.es\/castello\/va\/ribera-destaca-la-unio-politica-en-defensa-del-sector-pesquer-del-grau-amb-una-proposta-del-pspv-que-exigeix-a-brussel%c2%b7les-flexibilitzar-les-inspeccions\/\"},\"wordCount\":404,\"commentCount\":0,\"publisher\":{\"@id\":\"https:\/\/agrupacionespsoe.es\/castello\/#organization\"},\"image\":{\"@id\":\"https:\/\/agrupacionespsoe.es\/castello\/va\/ribera-destaca-la-unio-politica-en-defensa-del-sector-pesquer-del-grau-amb-una-proposta-del-pspv-que-exigeix-a-brussel%c2%b7les-flexibilitzar-les-inspeccions\/#primaryimage\"},\"thumbnailUrl\":\"https:\/\/agrupacionespsoe.es\/castello\/wp-content\/uploads\/sites\/45\/2026\/01\/20260127-Ribera-destaca-la-union-politica-en-defensa-del-sector-pesquero-del-Grau-con-una-propuesta-del-PSPV-que-exige-a-Bruselas-flexibilizar-las-inspecciones-scaled-e1769516580878.jpeg\",\"keywords\":[\"Joaqu\u00edn Giner\",\"Luis Planas\",\"Mary Carmen Ribera\",\"Todos\"],\"articleSection\":[\"Grup Municipal Socialista\"],\"inLanguage\":\"es\",\"potentialAction\":[{\"@type\":\"CommentAction\",\"name\":\"Comment\",\"target\":[\"https:\/\/agrupacionespsoe.es\/castello\/va\/ribera-destaca-la-unio-politica-en-defensa-del-sector-pesquer-del-grau-amb-una-proposta-del-pspv-que-exigeix-a-brussel%c2%b7les-flexibilitzar-les-inspeccions\/#respond\"]}]},{\"@type\":\"WebPage\",\"@id\":\"https:\/\/agrupacionespsoe.es\/castello\/va\/ribera-destaca-la-unio-politica-en-defensa-del-sector-pesquer-del-grau-amb-una-proposta-del-pspv-que-exigeix-a-brussel%c2%b7les-flexibilitzar-les-inspeccions\/\",\"url\":\"https:\/\/agrupacionespsoe.es\/castello\/va\/ribera-destaca-la-unio-politica-en-defensa-del-sector-pesquer-del-grau-amb-una-proposta-del-pspv-que-exigeix-a-brussel%c2%b7les-flexibilitzar-les-inspeccions\/\",\"name\":\"Ribera destaca la uni\u00f3 pol\u00edtica en defensa del sector pesquer del Grau amb una proposta del PSPV que exigeix a Brussel\u00b7les flexibilitzar les inspeccions - PSPV-PSOE CASTELL\u00d3\",\"isPartOf\":{\"@id\":\"https:\/\/agrupacionespsoe.es\/castello\/#website\"},\"primaryImageOfPage\":{\"@id\":\"https:\/\/agrupacionespsoe.es\/castello\/va\/ribera-destaca-la-unio-politica-en-defensa-del-sector-pesquer-del-grau-amb-una-proposta-del-pspv-que-exigeix-a-brussel%c2%b7les-flexibilitzar-les-inspeccions\/#primaryimage\"},\"image\":{\"@id\":\"https:\/\/agrupacionespsoe.es\/castello\/va\/ribera-destaca-la-unio-politica-en-defensa-del-sector-pesquer-del-grau-amb-una-proposta-del-pspv-que-exigeix-a-brussel%c2%b7les-flexibilitzar-les-inspeccions\/#primaryimage\"},\"thumbnailUrl\":\"https:\/\/agrupacionespsoe.es\/castello\/wp-content\/uploads\/sites\/45\/2026\/01\/20260127-Ribera-destaca-la-union-politica-en-defensa-del-sector-pesquero-del-Grau-con-una-propuesta-del-PSPV-que-exige-a-Bruselas-flexibilizar-las-inspecciones-scaled-e1769516580878.jpeg\",\"datePublished\":\"2026-01-27T12:26:33+00:00\",\"dateModified\":\"2026-01-27T12:26:34+00:00\",\"breadcrumb\":{\"@id\":\"https:\/\/agrupacionespsoe.es\/castello\/va\/ribera-destaca-la-unio-politica-en-defensa-del-sector-pesquer-del-grau-amb-una-proposta-del-pspv-que-exigeix-a-brussel%c2%b7les-flexibilitzar-les-inspeccions\/#breadcrumb\"},\"inLanguage\":\"es\",\"potentialAction\":[{\"@type\":\"ReadAction\",\"target\":[\"https:\/\/agrupacionespsoe.es\/castello\/va\/ribera-destaca-la-unio-politica-en-defensa-del-sector-pesquer-del-grau-amb-una-proposta-del-pspv-que-exigeix-a-brussel%c2%b7les-flexibilitzar-les-inspeccions\/\"]}]},{\"@type\":\"ImageObject\",\"inLanguage\":\"es\",\"@id\":\"https:\/\/agrupacionespsoe.es\/castello\/va\/ribera-destaca-la-unio-politica-en-defensa-del-sector-pesquer-del-grau-amb-una-proposta-del-pspv-que-exigeix-a-brussel%c2%b7les-flexibilitzar-les-inspeccions\/#primaryimage\",\"url\":\"https:\/\/agrupacionespsoe.es\/castello\/wp-content\/uploads\/sites\/45\/2026\/01\/20260127-Ribera-destaca-la-union-politica-en-defensa-del-sector-pesquero-del-Grau-con-una-propuesta-del-PSPV-que-exige-a-Bruselas-flexibilizar-las-inspecciones-scaled-e1769516580878.jpeg\",\"contentUrl\":\"https:\/\/agrupacionespsoe.es\/castello\/wp-content\/uploads\/sites\/45\/2026\/01\/20260127-Ribera-destaca-la-union-politica-en-defensa-del-sector-pesquero-del-Grau-con-una-propuesta-del-PSPV-que-exige-a-Bruselas-flexibilizar-las-inspecciones-scaled-e1769516580878.jpeg\",\"width\":1440,\"height\":1084},{\"@type\":\"BreadcrumbList\",\"@id\":\"https:\/\/agrupacionespsoe.es\/castello\/va\/ribera-destaca-la-unio-politica-en-defensa-del-sector-pesquer-del-grau-amb-una-proposta-del-pspv-que-exigeix-a-brussel%c2%b7les-flexibilitzar-les-inspeccions\/#breadcrumb\",\"itemListElement\":[{\"@type\":\"ListItem\",\"position\":1,\"name\":\"Portada\",\"item\":\"https:\/\/agrupacionespsoe.es\/castello\/\"},{\"@type\":\"ListItem\",\"position\":2,\"name\":\"Ribera destaca la uni\u00f3 pol\u00edtica en defensa del sector pesquer del Grau amb una proposta del PSPV que exigeix a Brussel\u00b7les flexibilitzar les inspeccions\"}]},{\"@type\":\"WebSite\",\"@id\":\"https:\/\/agrupacionespsoe.es\/castello\/#website\",\"url\":\"https:\/\/agrupacionespsoe.es\/castello\/\",\"name\":\"PSPV-PSOE CASTELL\u00d3\",\"description\":\"PSPV-PSOE | Agrupaci\u00f3 de Castell\u00f3\",\"publisher\":{\"@id\":\"https:\/\/agrupacionespsoe.es\/castello\/#organization\"},\"potentialAction\":[{\"@type\":\"SearchAction\",\"target\":{\"@type\":\"EntryPoint\",\"urlTemplate\":\"https:\/\/agrupacionespsoe.es\/castello\/?s={search_term_string}\"},\"query-input\":{\"@type\":\"PropertyValueSpecification\",\"valueRequired\":true,\"valueName\":\"search_term_string\"}}],\"inLanguage\":\"es\"},{\"@type\":\"Organization\",\"@id\":\"https:\/\/agrupacionespsoe.es\/castello\/#organization\",\"name\":\"PSPV-PSOE Castell\u00f3\",\"url\":\"https:\/\/agrupacionespsoe.es\/castello\/\",\"logo\":{\"@type\":\"ImageObject\",\"inLanguage\":\"es\",\"@id\":\"https:\/\/agrupacionespsoe.es\/castello\/#\/schema\/logo\/image\/\",\"url\":\"https:\/\/agrupacionespsoe.es\/castello\/wp-content\/uploads\/sites\/45\/2023\/04\/PORTADA-PSOE-CASTELLO.jpg\",\"contentUrl\":\"https:\/\/agrupacionespsoe.es\/castello\/wp-content\/uploads\/sites\/45\/2023\/04\/PORTADA-PSOE-CASTELLO.jpg\",\"width\":2500,\"height\":2500,\"caption\":\"PSPV-PSOE Castell\u00f3\"},\"image\":{\"@id\":\"https:\/\/agrupacionespsoe.es\/castello\/#\/schema\/logo\/image\/\"},\"sameAs\":[\"https:\/\/www.facebook.com\/pspv.castellodelaplana\",\"https:\/\/x.com\/pspv_cs\",\"https:\/\/www.instagram.com\/pspvpsoecastello\/\"]},{\"@type\":\"Person\",\"@id\":\"https:\/\/agrupacionespsoe.es\/castello\/#\/schema\/person\/f3bc5b2f9dc6a399e9e98596ae24a20a\",\"name\":\"castello1\",\"image\":{\"@type\":\"ImageObject\",\"inLanguage\":\"es\",\"@id\":\"https:\/\/agrupacionespsoe.es\/castello\/#\/schema\/person\/image\/\",\"url\":\"https:\/\/secure.gravatar.com\/avatar\/5f1da428d6479d1127419c0b58796865?s=96&d=mm&r=g\",\"contentUrl\":\"https:\/\/secure.gravatar.com\/avatar\/5f1da428d6479d1127419c0b58796865?s=96&d=mm&r=g\",\"caption\":\"castello1\"},\"url\":\"https:\/\/agrupacionespsoe.es\/castello\/author\/castello1\/\"}]}<\/script>\n<!-- \/ Yoast SEO plugin. -->","yoast_head_json":{"title":"Ribera destaca la uni\u00f3 pol\u00edtica en defensa del sector pesquer del Grau amb una proposta del PSPV que exigeix a Brussel\u00b7les flexibilitzar les inspeccions - PSPV-PSOE CASTELL\u00d3","robots":{"index":"index","follow":"follow","max-snippet":"max-snippet:-1","max-image-preview":"max-image-preview:large","max-video-preview":"max-video-preview:-1"},"canonical":"https:\/\/agrupacionespsoe.es\/castello\/va\/ribera-destaca-la-unio-politica-en-defensa-del-sector-pesquer-del-grau-amb-una-proposta-del-pspv-que-exigeix-a-brussel\u00b7les-flexibilitzar-les-inspeccions\/","og_locale":"es_ES","og_type":"article","og_title":"Ribera destaca la uni\u00f3 pol\u00edtica en defensa del sector pesquer del Grau amb una proposta del PSPV que exigeix a Brussel\u00b7les flexibilitzar les inspeccions - PSPV-PSOE CASTELL\u00d3","og_description":"Mary Carmen Ribera, regidora del grup Municipal Socialista de Castell\u00f3, ha destacat hui la \u201cbona disposici\u00f3 de tots els partits pol\u00edtics de l&#8217;ajuntament per a sumar-se a la proposta del PSPV en defensa del sector pesquer del Grau i recon\u00e8ixer el seu paper essencial en l&#8217;economia local, l&#8217;ocupaci\u00f3 i la cohesi\u00f3 social\u201d. Aquesta unitat quedar\u00e0 ...","og_url":"https:\/\/agrupacionespsoe.es\/castello\/va\/ribera-destaca-la-unio-politica-en-defensa-del-sector-pesquer-del-grau-amb-una-proposta-del-pspv-que-exigeix-a-brussel\u00b7les-flexibilitzar-les-inspeccions\/","og_site_name":"PSPV-PSOE CASTELL\u00d3","article_publisher":"https:\/\/www.facebook.com\/pspv.castellodelaplana","article_published_time":"2026-01-27T12:26:33+00:00","article_modified_time":"2026-01-27T12:26:34+00:00","og_image":[{"width":1440,"height":1084,"url":"https:\/\/agrupacionespsoe.es\/castello\/wp-content\/uploads\/sites\/45\/2026\/01\/20260127-Ribera-destaca-la-union-politica-en-defensa-del-sector-pesquero-del-Grau-con-una-propuesta-del-PSPV-que-exige-a-Bruselas-flexibilizar-las-inspecciones-scaled-e1769516580878.jpeg","type":"image\/jpeg"}],"author":"castello1","twitter_card":"summary_large_image","twitter_creator":"@pspv_cs","twitter_site":"@pspv_cs","twitter_misc":{"Escrito por":"castello1","Tiempo de lectura":"2 minutos"},"schema":{"@context":"https:\/\/schema.org","@graph":[{"@type":"Article","@id":"https:\/\/agrupacionespsoe.es\/castello\/va\/ribera-destaca-la-unio-politica-en-defensa-del-sector-pesquer-del-grau-amb-una-proposta-del-pspv-que-exigeix-a-brussel%c2%b7les-flexibilitzar-les-inspeccions\/#article","isPartOf":{"@id":"https:\/\/agrupacionespsoe.es\/castello\/va\/ribera-destaca-la-unio-politica-en-defensa-del-sector-pesquer-del-grau-amb-una-proposta-del-pspv-que-exigeix-a-brussel%c2%b7les-flexibilitzar-les-inspeccions\/"},"author":{"name":"castello1","@id":"https:\/\/agrupacionespsoe.es\/castello\/#\/schema\/person\/f3bc5b2f9dc6a399e9e98596ae24a20a"},"headline":"Ribera destaca la uni\u00f3 pol\u00edtica en defensa del sector pesquer del Grau amb una proposta del PSPV que exigeix a Brussel\u00b7les flexibilitzar les inspeccions","datePublished":"2026-01-27T12:26:33+00:00","dateModified":"2026-01-27T12:26:34+00:00","mainEntityOfPage":{"@id":"https:\/\/agrupacionespsoe.es\/castello\/va\/ribera-destaca-la-unio-politica-en-defensa-del-sector-pesquer-del-grau-amb-una-proposta-del-pspv-que-exigeix-a-brussel%c2%b7les-flexibilitzar-les-inspeccions\/"},"wordCount":404,"commentCount":0,"publisher":{"@id":"https:\/\/agrupacionespsoe.es\/castello\/#organization"},"image":{"@id":"https:\/\/agrupacionespsoe.es\/castello\/va\/ribera-destaca-la-unio-politica-en-defensa-del-sector-pesquer-del-grau-amb-una-proposta-del-pspv-que-exigeix-a-brussel%c2%b7les-flexibilitzar-les-inspeccions\/#primaryimage"},"thumbnailUrl":"https:\/\/agrupacionespsoe.es\/castello\/wp-content\/uploads\/sites\/45\/2026\/01\/20260127-Ribera-destaca-la-union-politica-en-defensa-del-sector-pesquero-del-Grau-con-una-propuesta-del-PSPV-que-exige-a-Bruselas-flexibilizar-las-inspecciones-scaled-e1769516580878.jpeg","keywords":["Joaqu\u00edn Giner","Luis Planas","Mary Carmen Ribera","Todos"],"articleSection":["Grup Municipal Socialista"],"inLanguage":"es","potentialAction":[{"@type":"CommentAction","name":"Comment","target":["https:\/\/agrupacionespsoe.es\/castello\/va\/ribera-destaca-la-unio-politica-en-defensa-del-sector-pesquer-del-grau-amb-una-proposta-del-pspv-que-exigeix-a-brussel%c2%b7les-flexibilitzar-les-inspeccions\/#respond"]}]},{"@type":"WebPage","@id":"https:\/\/agrupacionespsoe.es\/castello\/va\/ribera-destaca-la-unio-politica-en-defensa-del-sector-pesquer-del-grau-amb-una-proposta-del-pspv-que-exigeix-a-brussel%c2%b7les-flexibilitzar-les-inspeccions\/","url":"https:\/\/agrupacionespsoe.es\/castello\/va\/ribera-destaca-la-unio-politica-en-defensa-del-sector-pesquer-del-grau-amb-una-proposta-del-pspv-que-exigeix-a-brussel%c2%b7les-flexibilitzar-les-inspeccions\/","name":"Ribera destaca la uni\u00f3 pol\u00edtica en defensa del sector pesquer del Grau amb una proposta del PSPV que exigeix a Brussel\u00b7les flexibilitzar les inspeccions - PSPV-PSOE CASTELL\u00d3","isPartOf":{"@id":"https:\/\/agrupacionespsoe.es\/castello\/#website"},"primaryImageOfPage":{"@id":"https:\/\/agrupacionespsoe.es\/castello\/va\/ribera-destaca-la-unio-politica-en-defensa-del-sector-pesquer-del-grau-amb-una-proposta-del-pspv-que-exigeix-a-brussel%c2%b7les-flexibilitzar-les-inspeccions\/#primaryimage"},"image":{"@id":"https:\/\/agrupacionespsoe.es\/castello\/va\/ribera-destaca-la-unio-politica-en-defensa-del-sector-pesquer-del-grau-amb-una-proposta-del-pspv-que-exigeix-a-brussel%c2%b7les-flexibilitzar-les-inspeccions\/#primaryimage"},"thumbnailUrl":"https:\/\/agrupacionespsoe.es\/castello\/wp-content\/uploads\/sites\/45\/2026\/01\/20260127-Ribera-destaca-la-union-politica-en-defensa-del-sector-pesquero-del-Grau-con-una-propuesta-del-PSPV-que-exige-a-Bruselas-flexibilizar-las-inspecciones-scaled-e1769516580878.jpeg","datePublished":"2026-01-27T12:26:33+00:00","dateModified":"2026-01-27T12:26:34+00:00","breadcrumb":{"@id":"https:\/\/agrupacionespsoe.es\/castello\/va\/ribera-destaca-la-unio-politica-en-defensa-del-sector-pesquer-del-grau-amb-una-proposta-del-pspv-que-exigeix-a-brussel%c2%b7les-flexibilitzar-les-inspeccions\/#breadcrumb"},"inLanguage":"es","potentialAction":[{"@type":"ReadAction","target":["https:\/\/agrupacionespsoe.es\/castello\/va\/ribera-destaca-la-unio-politica-en-defensa-del-sector-pesquer-del-grau-amb-una-proposta-del-pspv-que-exigeix-a-brussel%c2%b7les-flexibilitzar-les-inspeccions\/"]}]},{"@type":"ImageObject","inLanguage":"es","@id":"https:\/\/agrupacionespsoe.es\/castello\/va\/ribera-destaca-la-unio-politica-en-defensa-del-sector-pesquer-del-grau-amb-una-proposta-del-pspv-que-exigeix-a-brussel%c2%b7les-flexibilitzar-les-inspeccions\/#primaryimage","url":"https:\/\/agrupacionespsoe.es\/castello\/wp-content\/uploads\/sites\/45\/2026\/01\/20260127-Ribera-destaca-la-union-politica-en-defensa-del-sector-pesquero-del-Grau-con-una-propuesta-del-PSPV-que-exige-a-Bruselas-flexibilizar-las-inspecciones-scaled-e1769516580878.jpeg","contentUrl":"https:\/\/agrupacionespsoe.es\/castello\/wp-content\/uploads\/sites\/45\/2026\/01\/20260127-Ribera-destaca-la-union-politica-en-defensa-del-sector-pesquero-del-Grau-con-una-propuesta-del-PSPV-que-exige-a-Bruselas-flexibilizar-las-inspecciones-scaled-e1769516580878.jpeg","width":1440,"height":1084},{"@type":"BreadcrumbList","@id":"https:\/\/agrupacionespsoe.es\/castello\/va\/ribera-destaca-la-unio-politica-en-defensa-del-sector-pesquer-del-grau-amb-una-proposta-del-pspv-que-exigeix-a-brussel%c2%b7les-flexibilitzar-les-inspeccions\/#breadcrumb","itemListElement":[{"@type":"ListItem","position":1,"name":"Portada","item":"https:\/\/agrupacionespsoe.es\/castello\/"},{"@type":"ListItem","position":2,"name":"Ribera destaca la uni\u00f3 pol\u00edtica en defensa del sector pesquer del Grau amb una proposta del PSPV que exigeix a Brussel\u00b7les flexibilitzar les inspeccions"}]},{"@type":"WebSite","@id":"https:\/\/agrupacionespsoe.es\/castello\/#website","url":"https:\/\/agrupacionespsoe.es\/castello\/","name":"PSPV-PSOE CASTELL\u00d3","description":"PSPV-PSOE | Agrupaci\u00f3 de Castell\u00f3","publisher":{"@id":"https:\/\/agrupacionespsoe.es\/castello\/#organization"},"potentialAction":[{"@type":"SearchAction","target":{"@type":"EntryPoint","urlTemplate":"https:\/\/agrupacionespsoe.es\/castello\/?s={search_term_string}"},"query-input":{"@type":"PropertyValueSpecification","valueRequired":true,"valueName":"search_term_string"}}],"inLanguage":"es"},{"@type":"Organization","@id":"https:\/\/agrupacionespsoe.es\/castello\/#organization","name":"PSPV-PSOE Castell\u00f3","url":"https:\/\/agrupacionespsoe.es\/castello\/","logo":{"@type":"ImageObject","inLanguage":"es","@id":"https:\/\/agrupacionespsoe.es\/castello\/#\/schema\/logo\/image\/","url":"https:\/\/agrupacionespsoe.es\/castello\/wp-content\/uploads\/sites\/45\/2023\/04\/PORTADA-PSOE-CASTELLO.jpg","contentUrl":"https:\/\/agrupacionespsoe.es\/castello\/wp-content\/uploads\/sites\/45\/2023\/04\/PORTADA-PSOE-CASTELLO.jpg","width":2500,"height":2500,"caption":"PSPV-PSOE Castell\u00f3"},"image":{"@id":"https:\/\/agrupacionespsoe.es\/castello\/#\/schema\/logo\/image\/"},"sameAs":["https:\/\/www.facebook.com\/pspv.castellodelaplana","https:\/\/x.com\/pspv_cs","https:\/\/www.instagram.com\/pspvpsoecastello\/"]},{"@type":"Person","@id":"https:\/\/agrupacionespsoe.es\/castello\/#\/schema\/person\/f3bc5b2f9dc6a399e9e98596ae24a20a","name":"castello1","image":{"@type":"ImageObject","inLanguage":"es","@id":"https:\/\/agrupacionespsoe.es\/castello\/#\/schema\/person\/image\/","url":"https:\/\/secure.gravatar.com\/avatar\/5f1da428d6479d1127419c0b58796865?s=96&d=mm&r=g","contentUrl":"https:\/\/secure.gravatar.com\/avatar\/5f1da428d6479d1127419c0b58796865?s=96&d=mm&r=g","caption":"castello1"},"url":"https:\/\/agrupacionespsoe.es\/castello\/author\/castello1\/"}]}},"jetpack_publicize_connections":[],"jetpack_featured_media_url":"https:\/\/agrupacionespsoe.es\/castello\/wp-content\/uploads\/sites\/45\/2026\/01\/20260127-Ribera-destaca-la-union-politica-en-defensa-del-sector-pesquero-del-Grau-con-una-propuesta-del-PSPV-que-exige-a-Bruselas-flexibilizar-las-inspecciones-scaled-e1769516580878.jpeg","jetpack_sharing_enabled":true,"_links":{"self":[{"href":"https:\/\/agrupacionespsoe.es\/castello\/wp-json\/wp\/v2\/posts\/10267","targetHints":{"allow":["GET"]}}],"collection":[{"href":"https:\/\/agrupacionespsoe.es\/castello\/wp-json\/wp\/v2\/posts"}],"about":[{"href":"https:\/\/agrupacionespsoe.es\/castello\/wp-json\/wp\/v2\/types\/post"}],"author":[{"embeddable":true,"href":"https:\/\/agrupacionespsoe.es\/castello\/wp-json\/wp\/v2\/users\/48"}],"replies":[{"embeddable":true,"href":"https:\/\/agrupacionespsoe.es\/castello\/wp-json\/wp\/v2\/comments?post=10267"}],"version-history":[{"count":2,"href":"https:\/\/agrupacionespsoe.es\/castello\/wp-json\/wp\/v2\/posts\/10267\/revisions"}],"predecessor-version":[{"id":10269,"href":"https:\/\/agrupacionespsoe.es\/castello\/wp-json\/wp\/v2\/posts\/10267\/revisions\/10269"}],"wp:featuredmedia":[{"embeddable":true,"href":"https:\/\/agrupacionespsoe.es\/castello\/wp-json\/wp\/v2\/media\/10261"}],"wp:attachment":[{"href":"https:\/\/agrupacionespsoe.es\/castello\/wp-json\/wp\/v2\/media?parent=10267"}],"wp:term":[{"taxonomy":"category","embeddable":true,"href":"https:\/\/agrupacionespsoe.es\/castello\/wp-json\/wp\/v2\/categories?post=10267"},{"taxonomy":"post_tag","embeddable":true,"href":"https:\/\/agrupacionespsoe.es\/castello\/wp-json\/wp\/v2\/tags?post=10267"}],"curies":[{"name":"wp","href":"https:\/\/api.w.org\/{rel}","templated":true}]}}