{"id":10174,"date":"2026-01-15T13:11:26","date_gmt":"2026-01-15T12:11:26","guid":{"rendered":"https:\/\/agrupacionespsoe.es\/castello\/?p=10174"},"modified":"2026-01-15T13:11:27","modified_gmt":"2026-01-15T12:11:27","slug":"el-pspv-i-la-coordinadora-feminista-sumen-forces-per-a-convertir-la-lluita-contra-la-violencia-masclista-en-eix-essencial-de-les-politiques-municipals-de-castello","status":"publish","type":"post","link":"https:\/\/agrupacionespsoe.es\/castello\/va\/el-pspv-i-la-coordinadora-feminista-sumen-forces-per-a-convertir-la-lluita-contra-la-violencia-masclista-en-eix-essencial-de-les-politiques-municipals-de-castello\/","title":{"rendered":"El PSPV i la Coordinadora Feminista sumen forces per a convertir la lluita contra la viol\u00e8ncia masclista en eix essencial de les pol\u00edtiques municipals de Castell\u00f3"},"content":{"rendered":"\n<ul class=\"wp-block-list\">\n<li><em><em>El Grup Municipal Socialista insisteix en la formaci\u00f3 i educaci\u00f3 com a claus per a la prevenci\u00f3<\/em><\/em><\/li>\n<\/ul>\n\n\n\n<p>El Grup Municipal Socialista s&#8217;ha reunit amb representants de la Coordinadora Feminista per a anar de bracet en la lluita contra la viol\u00e8ncia masclista i convertir-la en un dels eixos essencials de les pol\u00edtiques de l&#8217;Ajuntament de Castell\u00f3 \u201cenfront del negacionisme de la ultradreta i el blanqueig que realitza el Partit Popular\u201d.<br><br><a href=\"https:\/\/agrupacionespsoe.es\/castello\/va\/tag\/patricia-puerta-va\/\">Patricia Puerta<\/a>, portaveu socialista, i <a href=\"https:\/\/agrupacionespsoe.es\/castello\/va\/tag\/monica-barabas-va\/\">M\u00f3nica Barab\u00e1s<\/a>, regidora del grup municipal, consideren fonamental \u201ccontinuar avan\u00e7ant, amb m\u00e9s decisi\u00f3 si cap, perqu\u00e8 els assassinats de dones en mans de les seues parelles o exparelles s\u00f3n una xacra que requereix de la m\u00e0xima implicaci\u00f3 de les institucions i, per descomptat, de la societat\u201d.<br><br>Des del Grup Socialista insisteixen, entre altres aspectes, en eines clau per a la prevenci\u00f3, com s\u00f3n la formaci\u00f3 i l&#8217;educaci\u00f3. \u00c9s per aix\u00f2 que des del PSPV s&#8217;incidir\u00e0 a reclamar a les institucions competents una clara aposta per formar tant al personal docent com a l&#8217;estudiantat dels centres de prim\u00e0ria i instituts. \u201cL&#8217;educaci\u00f3 \u00e9s clau per a avan\u00e7ar de manera decidida\u201d, assenyala Patricia Puerta, qui tamb\u00e9 planteja accions similars per als serveis municipals, especialment en la Policia Local.<\/p>\n\n\n\n<p>A m\u00e9s, tant des del Grup Socialista com des de la Coordinadora Feminista alerten de la import\u00e0ncia de \u201cdonar visibilitat a conceptes com la viol\u00e8ncia vic\u00e0ria, l&#8217;econ\u00f2mica, la psicol\u00f2gica o la digital, perqu\u00e8 s\u00f3n viol\u00e8ncies masclistes especifiques i cal posar-li nom i parlar d&#8217;elles\u201d, assenyala Puerta.<\/p>\n\n\n\n<p>Per al PSPV \u201c\u00e9s una l\u00ednia roja fer front a la viol\u00e8ncia masclista, i estarem damunt perqu\u00e8 el govern municipal, que est\u00e0 sustentat per un partit negacionista com Vox, continue posant de forma decidida el focus en les pol\u00edtiques que reclamen les dones\u201d.<\/p>\n","protected":false},"excerpt":{"rendered":"<p>El Grup Municipal Socialista s&#8217;ha reunit amb representants de la Coordinadora Feminista per a anar de bracet en la lluita contra la viol\u00e8ncia masclista i convertir-la en un dels eixos essencials de les pol\u00edtiques de l&#8217;Ajuntament de Castell\u00f3 \u201cenfront del negacionisme de la ultradreta i el blanqueig que realitza el Partit Popular\u201d. Patricia Puerta, portaveu &#8230;<\/p>\n","protected":false},"author":48,"featured_media":10171,"comment_status":"open","ping_status":"open","sticky":false,"template":"","format":"standard","meta":{"_jetpack_memberships_contains_paid_content":false,"footnotes":"","jetpack_publicize_message":"","jetpack_publicize_feature_enabled":true,"jetpack_social_post_already_shared":true,"jetpack_social_options":{"image_generator_settings":{"template":"highway","default_image_id":0,"font":"","enabled":false},"version":2}},"categories":[22],"tags":[109,83,446],"class_list":["post-10174","post","type-post","status-publish","format-standard","has-post-thumbnail","hentry","category-gms-va","tag-monica-barabas-va","tag-patricia-puerta-va","tag-todos-va"],"yoast_head":"<!-- This site is optimized with the Yoast SEO plugin v24.0 - https:\/\/yoast.com\/wordpress\/plugins\/seo\/ -->\n<title>El PSPV i la Coordinadora Feminista sumen forces per a convertir la lluita contra la viol\u00e8ncia masclista en eix essencial de les pol\u00edtiques municipals de Castell\u00f3 - PSPV-PSOE CASTELL\u00d3<\/title>\n<meta name=\"robots\" content=\"index, follow, max-snippet:-1, max-image-preview:large, max-video-preview:-1\" \/>\n<link rel=\"canonical\" href=\"https:\/\/agrupacionespsoe.es\/castello\/va\/el-pspv-i-la-coordinadora-feminista-sumen-forces-per-a-convertir-la-lluita-contra-la-violencia-masclista-en-eix-essencial-de-les-politiques-municipals-de-castello\/\" \/>\n<meta property=\"og:locale\" content=\"es_ES\" \/>\n<meta property=\"og:type\" content=\"article\" \/>\n<meta property=\"og:title\" content=\"El PSPV i la Coordinadora Feminista sumen forces per a convertir la lluita contra la viol\u00e8ncia masclista en eix essencial de les pol\u00edtiques municipals de Castell\u00f3 - PSPV-PSOE CASTELL\u00d3\" \/>\n<meta property=\"og:description\" content=\"El Grup Municipal Socialista s&#8217;ha reunit amb representants de la Coordinadora Feminista per a anar de bracet en la lluita contra la viol\u00e8ncia masclista i convertir-la en un dels eixos essencials de les pol\u00edtiques de l&#8217;Ajuntament de Castell\u00f3 \u201cenfront del negacionisme de la ultradreta i el blanqueig que realitza el Partit Popular\u201d. Patricia Puerta, portaveu ...\" \/>\n<meta property=\"og:url\" content=\"https:\/\/agrupacionespsoe.es\/castello\/va\/el-pspv-i-la-coordinadora-feminista-sumen-forces-per-a-convertir-la-lluita-contra-la-violencia-masclista-en-eix-essencial-de-les-politiques-municipals-de-castello\/\" \/>\n<meta property=\"og:site_name\" content=\"PSPV-PSOE CASTELL\u00d3\" \/>\n<meta property=\"article:publisher\" content=\"https:\/\/www.facebook.com\/pspv.castellodelaplana\" \/>\n<meta property=\"article:published_time\" content=\"2026-01-15T12:11:26+00:00\" \/>\n<meta property=\"article:modified_time\" content=\"2026-01-15T12:11:27+00:00\" \/>\n<meta property=\"og:image\" content=\"https:\/\/agrupacionespsoe.es\/castello\/wp-content\/uploads\/sites\/45\/2026\/01\/20260115-El-PSPV-y-la-Coordinadora-Feminista-suman-fuerzas-para-convertir-la-lucha-contra-la-violencia-machista-en-eje-esencial-de-las-politicas-municipales-de-Castello.jpg\" \/>\n\t<meta property=\"og:image:width\" content=\"1359\" \/>\n\t<meta property=\"og:image:height\" content=\"670\" \/>\n\t<meta property=\"og:image:type\" content=\"image\/jpeg\" \/>\n<meta name=\"author\" content=\"castello1\" \/>\n<meta name=\"twitter:card\" content=\"summary_large_image\" \/>\n<meta name=\"twitter:creator\" content=\"@pspv_cs\" \/>\n<meta name=\"twitter:site\" content=\"@pspv_cs\" \/>\n<meta name=\"twitter:label1\" content=\"Escrito por\" \/>\n\t<meta name=\"twitter:data1\" content=\"castello1\" \/>\n\t<meta name=\"twitter:label2\" content=\"Tiempo de lectura\" \/>\n\t<meta name=\"twitter:data2\" content=\"2 minutos\" \/>\n<script type=\"application\/ld+json\" class=\"yoast-schema-graph\">{\"@context\":\"https:\/\/schema.org\",\"@graph\":[{\"@type\":\"Article\",\"@id\":\"https:\/\/agrupacionespsoe.es\/castello\/va\/el-pspv-i-la-coordinadora-feminista-sumen-forces-per-a-convertir-la-lluita-contra-la-violencia-masclista-en-eix-essencial-de-les-politiques-municipals-de-castello\/#article\",\"isPartOf\":{\"@id\":\"https:\/\/agrupacionespsoe.es\/castello\/va\/el-pspv-i-la-coordinadora-feminista-sumen-forces-per-a-convertir-la-lluita-contra-la-violencia-masclista-en-eix-essencial-de-les-politiques-municipals-de-castello\/\"},\"author\":{\"name\":\"castello1\",\"@id\":\"https:\/\/agrupacionespsoe.es\/castello\/#\/schema\/person\/f3bc5b2f9dc6a399e9e98596ae24a20a\"},\"headline\":\"El PSPV i la Coordinadora Feminista sumen forces per a convertir la lluita contra la viol\u00e8ncia masclista en eix essencial de les pol\u00edtiques municipals de Castell\u00f3\",\"datePublished\":\"2026-01-15T12:11:26+00:00\",\"dateModified\":\"2026-01-15T12:11:27+00:00\",\"mainEntityOfPage\":{\"@id\":\"https:\/\/agrupacionespsoe.es\/castello\/va\/el-pspv-i-la-coordinadora-feminista-sumen-forces-per-a-convertir-la-lluita-contra-la-violencia-masclista-en-eix-essencial-de-les-politiques-municipals-de-castello\/\"},\"wordCount\":338,\"commentCount\":0,\"publisher\":{\"@id\":\"https:\/\/agrupacionespsoe.es\/castello\/#organization\"},\"image\":{\"@id\":\"https:\/\/agrupacionespsoe.es\/castello\/va\/el-pspv-i-la-coordinadora-feminista-sumen-forces-per-a-convertir-la-lluita-contra-la-violencia-masclista-en-eix-essencial-de-les-politiques-municipals-de-castello\/#primaryimage\"},\"thumbnailUrl\":\"https:\/\/agrupacionespsoe.es\/castello\/wp-content\/uploads\/sites\/45\/2026\/01\/20260115-El-PSPV-y-la-Coordinadora-Feminista-suman-fuerzas-para-convertir-la-lucha-contra-la-violencia-machista-en-eje-esencial-de-las-politicas-municipales-de-Castello.jpg\",\"keywords\":[\"M\u00f3nica Barab\u00e1s\",\"Patricia Puerta\",\"Todos\"],\"articleSection\":[\"Grup Municipal Socialista\"],\"inLanguage\":\"es\",\"potentialAction\":[{\"@type\":\"CommentAction\",\"name\":\"Comment\",\"target\":[\"https:\/\/agrupacionespsoe.es\/castello\/va\/el-pspv-i-la-coordinadora-feminista-sumen-forces-per-a-convertir-la-lluita-contra-la-violencia-masclista-en-eix-essencial-de-les-politiques-municipals-de-castello\/#respond\"]}]},{\"@type\":\"WebPage\",\"@id\":\"https:\/\/agrupacionespsoe.es\/castello\/va\/el-pspv-i-la-coordinadora-feminista-sumen-forces-per-a-convertir-la-lluita-contra-la-violencia-masclista-en-eix-essencial-de-les-politiques-municipals-de-castello\/\",\"url\":\"https:\/\/agrupacionespsoe.es\/castello\/va\/el-pspv-i-la-coordinadora-feminista-sumen-forces-per-a-convertir-la-lluita-contra-la-violencia-masclista-en-eix-essencial-de-les-politiques-municipals-de-castello\/\",\"name\":\"El PSPV i la Coordinadora Feminista sumen forces per a convertir la lluita contra la viol\u00e8ncia masclista en eix essencial de les pol\u00edtiques municipals de Castell\u00f3 - PSPV-PSOE CASTELL\u00d3\",\"isPartOf\":{\"@id\":\"https:\/\/agrupacionespsoe.es\/castello\/#website\"},\"primaryImageOfPage\":{\"@id\":\"https:\/\/agrupacionespsoe.es\/castello\/va\/el-pspv-i-la-coordinadora-feminista-sumen-forces-per-a-convertir-la-lluita-contra-la-violencia-masclista-en-eix-essencial-de-les-politiques-municipals-de-castello\/#primaryimage\"},\"image\":{\"@id\":\"https:\/\/agrupacionespsoe.es\/castello\/va\/el-pspv-i-la-coordinadora-feminista-sumen-forces-per-a-convertir-la-lluita-contra-la-violencia-masclista-en-eix-essencial-de-les-politiques-municipals-de-castello\/#primaryimage\"},\"thumbnailUrl\":\"https:\/\/agrupacionespsoe.es\/castello\/wp-content\/uploads\/sites\/45\/2026\/01\/20260115-El-PSPV-y-la-Coordinadora-Feminista-suman-fuerzas-para-convertir-la-lucha-contra-la-violencia-machista-en-eje-esencial-de-las-politicas-municipales-de-Castello.jpg\",\"datePublished\":\"2026-01-15T12:11:26+00:00\",\"dateModified\":\"2026-01-15T12:11:27+00:00\",\"breadcrumb\":{\"@id\":\"https:\/\/agrupacionespsoe.es\/castello\/va\/el-pspv-i-la-coordinadora-feminista-sumen-forces-per-a-convertir-la-lluita-contra-la-violencia-masclista-en-eix-essencial-de-les-politiques-municipals-de-castello\/#breadcrumb\"},\"inLanguage\":\"es\",\"potentialAction\":[{\"@type\":\"ReadAction\",\"target\":[\"https:\/\/agrupacionespsoe.es\/castello\/va\/el-pspv-i-la-coordinadora-feminista-sumen-forces-per-a-convertir-la-lluita-contra-la-violencia-masclista-en-eix-essencial-de-les-politiques-municipals-de-castello\/\"]}]},{\"@type\":\"ImageObject\",\"inLanguage\":\"es\",\"@id\":\"https:\/\/agrupacionespsoe.es\/castello\/va\/el-pspv-i-la-coordinadora-feminista-sumen-forces-per-a-convertir-la-lluita-contra-la-violencia-masclista-en-eix-essencial-de-les-politiques-municipals-de-castello\/#primaryimage\",\"url\":\"https:\/\/agrupacionespsoe.es\/castello\/wp-content\/uploads\/sites\/45\/2026\/01\/20260115-El-PSPV-y-la-Coordinadora-Feminista-suman-fuerzas-para-convertir-la-lucha-contra-la-violencia-machista-en-eje-esencial-de-las-politicas-municipales-de-Castello.jpg\",\"contentUrl\":\"https:\/\/agrupacionespsoe.es\/castello\/wp-content\/uploads\/sites\/45\/2026\/01\/20260115-El-PSPV-y-la-Coordinadora-Feminista-suman-fuerzas-para-convertir-la-lucha-contra-la-violencia-machista-en-eje-esencial-de-las-politicas-municipales-de-Castello.jpg\",\"width\":1359,\"height\":670},{\"@type\":\"BreadcrumbList\",\"@id\":\"https:\/\/agrupacionespsoe.es\/castello\/va\/el-pspv-i-la-coordinadora-feminista-sumen-forces-per-a-convertir-la-lluita-contra-la-violencia-masclista-en-eix-essencial-de-les-politiques-municipals-de-castello\/#breadcrumb\",\"itemListElement\":[{\"@type\":\"ListItem\",\"position\":1,\"name\":\"Portada\",\"item\":\"https:\/\/agrupacionespsoe.es\/castello\/\"},{\"@type\":\"ListItem\",\"position\":2,\"name\":\"El PSPV i la Coordinadora Feminista sumen forces per a convertir la lluita contra la viol\u00e8ncia masclista en eix essencial de les pol\u00edtiques municipals de Castell\u00f3\"}]},{\"@type\":\"WebSite\",\"@id\":\"https:\/\/agrupacionespsoe.es\/castello\/#website\",\"url\":\"https:\/\/agrupacionespsoe.es\/castello\/\",\"name\":\"PSPV-PSOE CASTELL\u00d3\",\"description\":\"PSPV-PSOE | Agrupaci\u00f3 de Castell\u00f3\",\"publisher\":{\"@id\":\"https:\/\/agrupacionespsoe.es\/castello\/#organization\"},\"potentialAction\":[{\"@type\":\"SearchAction\",\"target\":{\"@type\":\"EntryPoint\",\"urlTemplate\":\"https:\/\/agrupacionespsoe.es\/castello\/?s={search_term_string}\"},\"query-input\":{\"@type\":\"PropertyValueSpecification\",\"valueRequired\":true,\"valueName\":\"search_term_string\"}}],\"inLanguage\":\"es\"},{\"@type\":\"Organization\",\"@id\":\"https:\/\/agrupacionespsoe.es\/castello\/#organization\",\"name\":\"PSPV-PSOE Castell\u00f3\",\"url\":\"https:\/\/agrupacionespsoe.es\/castello\/\",\"logo\":{\"@type\":\"ImageObject\",\"inLanguage\":\"es\",\"@id\":\"https:\/\/agrupacionespsoe.es\/castello\/#\/schema\/logo\/image\/\",\"url\":\"https:\/\/agrupacionespsoe.es\/castello\/wp-content\/uploads\/sites\/45\/2023\/04\/PORTADA-PSOE-CASTELLO.jpg\",\"contentUrl\":\"https:\/\/agrupacionespsoe.es\/castello\/wp-content\/uploads\/sites\/45\/2023\/04\/PORTADA-PSOE-CASTELLO.jpg\",\"width\":2500,\"height\":2500,\"caption\":\"PSPV-PSOE Castell\u00f3\"},\"image\":{\"@id\":\"https:\/\/agrupacionespsoe.es\/castello\/#\/schema\/logo\/image\/\"},\"sameAs\":[\"https:\/\/www.facebook.com\/pspv.castellodelaplana\",\"https:\/\/x.com\/pspv_cs\",\"https:\/\/www.instagram.com\/pspvpsoecastello\/\"]},{\"@type\":\"Person\",\"@id\":\"https:\/\/agrupacionespsoe.es\/castello\/#\/schema\/person\/f3bc5b2f9dc6a399e9e98596ae24a20a\",\"name\":\"castello1\",\"image\":{\"@type\":\"ImageObject\",\"inLanguage\":\"es\",\"@id\":\"https:\/\/agrupacionespsoe.es\/castello\/#\/schema\/person\/image\/\",\"url\":\"https:\/\/secure.gravatar.com\/avatar\/5f1da428d6479d1127419c0b58796865?s=96&d=mm&r=g\",\"contentUrl\":\"https:\/\/secure.gravatar.com\/avatar\/5f1da428d6479d1127419c0b58796865?s=96&d=mm&r=g\",\"caption\":\"castello1\"},\"url\":\"https:\/\/agrupacionespsoe.es\/castello\/author\/castello1\/\"}]}<\/script>\n<!-- \/ Yoast SEO plugin. -->","yoast_head_json":{"title":"El PSPV i la Coordinadora Feminista sumen forces per a convertir la lluita contra la viol\u00e8ncia masclista en eix essencial de les pol\u00edtiques municipals de Castell\u00f3 - PSPV-PSOE CASTELL\u00d3","robots":{"index":"index","follow":"follow","max-snippet":"max-snippet:-1","max-image-preview":"max-image-preview:large","max-video-preview":"max-video-preview:-1"},"canonical":"https:\/\/agrupacionespsoe.es\/castello\/va\/el-pspv-i-la-coordinadora-feminista-sumen-forces-per-a-convertir-la-lluita-contra-la-violencia-masclista-en-eix-essencial-de-les-politiques-municipals-de-castello\/","og_locale":"es_ES","og_type":"article","og_title":"El PSPV i la Coordinadora Feminista sumen forces per a convertir la lluita contra la viol\u00e8ncia masclista en eix essencial de les pol\u00edtiques municipals de Castell\u00f3 - PSPV-PSOE CASTELL\u00d3","og_description":"El Grup Municipal Socialista s&#8217;ha reunit amb representants de la Coordinadora Feminista per a anar de bracet en la lluita contra la viol\u00e8ncia masclista i convertir-la en un dels eixos essencials de les pol\u00edtiques de l&#8217;Ajuntament de Castell\u00f3 \u201cenfront del negacionisme de la ultradreta i el blanqueig que realitza el Partit Popular\u201d. Patricia Puerta, portaveu ...","og_url":"https:\/\/agrupacionespsoe.es\/castello\/va\/el-pspv-i-la-coordinadora-feminista-sumen-forces-per-a-convertir-la-lluita-contra-la-violencia-masclista-en-eix-essencial-de-les-politiques-municipals-de-castello\/","og_site_name":"PSPV-PSOE CASTELL\u00d3","article_publisher":"https:\/\/www.facebook.com\/pspv.castellodelaplana","article_published_time":"2026-01-15T12:11:26+00:00","article_modified_time":"2026-01-15T12:11:27+00:00","og_image":[{"width":1359,"height":670,"url":"https:\/\/agrupacionespsoe.es\/castello\/wp-content\/uploads\/sites\/45\/2026\/01\/20260115-El-PSPV-y-la-Coordinadora-Feminista-suman-fuerzas-para-convertir-la-lucha-contra-la-violencia-machista-en-eje-esencial-de-las-politicas-municipales-de-Castello.jpg","type":"image\/jpeg"}],"author":"castello1","twitter_card":"summary_large_image","twitter_creator":"@pspv_cs","twitter_site":"@pspv_cs","twitter_misc":{"Escrito por":"castello1","Tiempo de lectura":"2 minutos"},"schema":{"@context":"https:\/\/schema.org","@graph":[{"@type":"Article","@id":"https:\/\/agrupacionespsoe.es\/castello\/va\/el-pspv-i-la-coordinadora-feminista-sumen-forces-per-a-convertir-la-lluita-contra-la-violencia-masclista-en-eix-essencial-de-les-politiques-municipals-de-castello\/#article","isPartOf":{"@id":"https:\/\/agrupacionespsoe.es\/castello\/va\/el-pspv-i-la-coordinadora-feminista-sumen-forces-per-a-convertir-la-lluita-contra-la-violencia-masclista-en-eix-essencial-de-les-politiques-municipals-de-castello\/"},"author":{"name":"castello1","@id":"https:\/\/agrupacionespsoe.es\/castello\/#\/schema\/person\/f3bc5b2f9dc6a399e9e98596ae24a20a"},"headline":"El PSPV i la Coordinadora Feminista sumen forces per a convertir la lluita contra la viol\u00e8ncia masclista en eix essencial de les pol\u00edtiques municipals de Castell\u00f3","datePublished":"2026-01-15T12:11:26+00:00","dateModified":"2026-01-15T12:11:27+00:00","mainEntityOfPage":{"@id":"https:\/\/agrupacionespsoe.es\/castello\/va\/el-pspv-i-la-coordinadora-feminista-sumen-forces-per-a-convertir-la-lluita-contra-la-violencia-masclista-en-eix-essencial-de-les-politiques-municipals-de-castello\/"},"wordCount":338,"commentCount":0,"publisher":{"@id":"https:\/\/agrupacionespsoe.es\/castello\/#organization"},"image":{"@id":"https:\/\/agrupacionespsoe.es\/castello\/va\/el-pspv-i-la-coordinadora-feminista-sumen-forces-per-a-convertir-la-lluita-contra-la-violencia-masclista-en-eix-essencial-de-les-politiques-municipals-de-castello\/#primaryimage"},"thumbnailUrl":"https:\/\/agrupacionespsoe.es\/castello\/wp-content\/uploads\/sites\/45\/2026\/01\/20260115-El-PSPV-y-la-Coordinadora-Feminista-suman-fuerzas-para-convertir-la-lucha-contra-la-violencia-machista-en-eje-esencial-de-las-politicas-municipales-de-Castello.jpg","keywords":["M\u00f3nica Barab\u00e1s","Patricia Puerta","Todos"],"articleSection":["Grup Municipal Socialista"],"inLanguage":"es","potentialAction":[{"@type":"CommentAction","name":"Comment","target":["https:\/\/agrupacionespsoe.es\/castello\/va\/el-pspv-i-la-coordinadora-feminista-sumen-forces-per-a-convertir-la-lluita-contra-la-violencia-masclista-en-eix-essencial-de-les-politiques-municipals-de-castello\/#respond"]}]},{"@type":"WebPage","@id":"https:\/\/agrupacionespsoe.es\/castello\/va\/el-pspv-i-la-coordinadora-feminista-sumen-forces-per-a-convertir-la-lluita-contra-la-violencia-masclista-en-eix-essencial-de-les-politiques-municipals-de-castello\/","url":"https:\/\/agrupacionespsoe.es\/castello\/va\/el-pspv-i-la-coordinadora-feminista-sumen-forces-per-a-convertir-la-lluita-contra-la-violencia-masclista-en-eix-essencial-de-les-politiques-municipals-de-castello\/","name":"El PSPV i la Coordinadora Feminista sumen forces per a convertir la lluita contra la viol\u00e8ncia masclista en eix essencial de les pol\u00edtiques municipals de Castell\u00f3 - PSPV-PSOE CASTELL\u00d3","isPartOf":{"@id":"https:\/\/agrupacionespsoe.es\/castello\/#website"},"primaryImageOfPage":{"@id":"https:\/\/agrupacionespsoe.es\/castello\/va\/el-pspv-i-la-coordinadora-feminista-sumen-forces-per-a-convertir-la-lluita-contra-la-violencia-masclista-en-eix-essencial-de-les-politiques-municipals-de-castello\/#primaryimage"},"image":{"@id":"https:\/\/agrupacionespsoe.es\/castello\/va\/el-pspv-i-la-coordinadora-feminista-sumen-forces-per-a-convertir-la-lluita-contra-la-violencia-masclista-en-eix-essencial-de-les-politiques-municipals-de-castello\/#primaryimage"},"thumbnailUrl":"https:\/\/agrupacionespsoe.es\/castello\/wp-content\/uploads\/sites\/45\/2026\/01\/20260115-El-PSPV-y-la-Coordinadora-Feminista-suman-fuerzas-para-convertir-la-lucha-contra-la-violencia-machista-en-eje-esencial-de-las-politicas-municipales-de-Castello.jpg","datePublished":"2026-01-15T12:11:26+00:00","dateModified":"2026-01-15T12:11:27+00:00","breadcrumb":{"@id":"https:\/\/agrupacionespsoe.es\/castello\/va\/el-pspv-i-la-coordinadora-feminista-sumen-forces-per-a-convertir-la-lluita-contra-la-violencia-masclista-en-eix-essencial-de-les-politiques-municipals-de-castello\/#breadcrumb"},"inLanguage":"es","potentialAction":[{"@type":"ReadAction","target":["https:\/\/agrupacionespsoe.es\/castello\/va\/el-pspv-i-la-coordinadora-feminista-sumen-forces-per-a-convertir-la-lluita-contra-la-violencia-masclista-en-eix-essencial-de-les-politiques-municipals-de-castello\/"]}]},{"@type":"ImageObject","inLanguage":"es","@id":"https:\/\/agrupacionespsoe.es\/castello\/va\/el-pspv-i-la-coordinadora-feminista-sumen-forces-per-a-convertir-la-lluita-contra-la-violencia-masclista-en-eix-essencial-de-les-politiques-municipals-de-castello\/#primaryimage","url":"https:\/\/agrupacionespsoe.es\/castello\/wp-content\/uploads\/sites\/45\/2026\/01\/20260115-El-PSPV-y-la-Coordinadora-Feminista-suman-fuerzas-para-convertir-la-lucha-contra-la-violencia-machista-en-eje-esencial-de-las-politicas-municipales-de-Castello.jpg","contentUrl":"https:\/\/agrupacionespsoe.es\/castello\/wp-content\/uploads\/sites\/45\/2026\/01\/20260115-El-PSPV-y-la-Coordinadora-Feminista-suman-fuerzas-para-convertir-la-lucha-contra-la-violencia-machista-en-eje-esencial-de-las-politicas-municipales-de-Castello.jpg","width":1359,"height":670},{"@type":"BreadcrumbList","@id":"https:\/\/agrupacionespsoe.es\/castello\/va\/el-pspv-i-la-coordinadora-feminista-sumen-forces-per-a-convertir-la-lluita-contra-la-violencia-masclista-en-eix-essencial-de-les-politiques-municipals-de-castello\/#breadcrumb","itemListElement":[{"@type":"ListItem","position":1,"name":"Portada","item":"https:\/\/agrupacionespsoe.es\/castello\/"},{"@type":"ListItem","position":2,"name":"El PSPV i la Coordinadora Feminista sumen forces per a convertir la lluita contra la viol\u00e8ncia masclista en eix essencial de les pol\u00edtiques municipals de Castell\u00f3"}]},{"@type":"WebSite","@id":"https:\/\/agrupacionespsoe.es\/castello\/#website","url":"https:\/\/agrupacionespsoe.es\/castello\/","name":"PSPV-PSOE CASTELL\u00d3","description":"PSPV-PSOE | Agrupaci\u00f3 de Castell\u00f3","publisher":{"@id":"https:\/\/agrupacionespsoe.es\/castello\/#organization"},"potentialAction":[{"@type":"SearchAction","target":{"@type":"EntryPoint","urlTemplate":"https:\/\/agrupacionespsoe.es\/castello\/?s={search_term_string}"},"query-input":{"@type":"PropertyValueSpecification","valueRequired":true,"valueName":"search_term_string"}}],"inLanguage":"es"},{"@type":"Organization","@id":"https:\/\/agrupacionespsoe.es\/castello\/#organization","name":"PSPV-PSOE Castell\u00f3","url":"https:\/\/agrupacionespsoe.es\/castello\/","logo":{"@type":"ImageObject","inLanguage":"es","@id":"https:\/\/agrupacionespsoe.es\/castello\/#\/schema\/logo\/image\/","url":"https:\/\/agrupacionespsoe.es\/castello\/wp-content\/uploads\/sites\/45\/2023\/04\/PORTADA-PSOE-CASTELLO.jpg","contentUrl":"https:\/\/agrupacionespsoe.es\/castello\/wp-content\/uploads\/sites\/45\/2023\/04\/PORTADA-PSOE-CASTELLO.jpg","width":2500,"height":2500,"caption":"PSPV-PSOE Castell\u00f3"},"image":{"@id":"https:\/\/agrupacionespsoe.es\/castello\/#\/schema\/logo\/image\/"},"sameAs":["https:\/\/www.facebook.com\/pspv.castellodelaplana","https:\/\/x.com\/pspv_cs","https:\/\/www.instagram.com\/pspvpsoecastello\/"]},{"@type":"Person","@id":"https:\/\/agrupacionespsoe.es\/castello\/#\/schema\/person\/f3bc5b2f9dc6a399e9e98596ae24a20a","name":"castello1","image":{"@type":"ImageObject","inLanguage":"es","@id":"https:\/\/agrupacionespsoe.es\/castello\/#\/schema\/person\/image\/","url":"https:\/\/secure.gravatar.com\/avatar\/5f1da428d6479d1127419c0b58796865?s=96&d=mm&r=g","contentUrl":"https:\/\/secure.gravatar.com\/avatar\/5f1da428d6479d1127419c0b58796865?s=96&d=mm&r=g","caption":"castello1"},"url":"https:\/\/agrupacionespsoe.es\/castello\/author\/castello1\/"}]}},"jetpack_publicize_connections":[],"jetpack_featured_media_url":"https:\/\/agrupacionespsoe.es\/castello\/wp-content\/uploads\/sites\/45\/2026\/01\/20260115-El-PSPV-y-la-Coordinadora-Feminista-suman-fuerzas-para-convertir-la-lucha-contra-la-violencia-machista-en-eje-esencial-de-las-politicas-municipales-de-Castello.jpg","jetpack_sharing_enabled":true,"_links":{"self":[{"href":"https:\/\/agrupacionespsoe.es\/castello\/wp-json\/wp\/v2\/posts\/10174","targetHints":{"allow":["GET"]}}],"collection":[{"href":"https:\/\/agrupacionespsoe.es\/castello\/wp-json\/wp\/v2\/posts"}],"about":[{"href":"https:\/\/agrupacionespsoe.es\/castello\/wp-json\/wp\/v2\/types\/post"}],"author":[{"embeddable":true,"href":"https:\/\/agrupacionespsoe.es\/castello\/wp-json\/wp\/v2\/users\/48"}],"replies":[{"embeddable":true,"href":"https:\/\/agrupacionespsoe.es\/castello\/wp-json\/wp\/v2\/comments?post=10174"}],"version-history":[{"count":2,"href":"https:\/\/agrupacionespsoe.es\/castello\/wp-json\/wp\/v2\/posts\/10174\/revisions"}],"predecessor-version":[{"id":10176,"href":"https:\/\/agrupacionespsoe.es\/castello\/wp-json\/wp\/v2\/posts\/10174\/revisions\/10176"}],"wp:featuredmedia":[{"embeddable":true,"href":"https:\/\/agrupacionespsoe.es\/castello\/wp-json\/wp\/v2\/media\/10171"}],"wp:attachment":[{"href":"https:\/\/agrupacionespsoe.es\/castello\/wp-json\/wp\/v2\/media?parent=10174"}],"wp:term":[{"taxonomy":"category","embeddable":true,"href":"https:\/\/agrupacionespsoe.es\/castello\/wp-json\/wp\/v2\/categories?post=10174"},{"taxonomy":"post_tag","embeddable":true,"href":"https:\/\/agrupacionespsoe.es\/castello\/wp-json\/wp\/v2\/tags?post=10174"}],"curies":[{"name":"wp","href":"https:\/\/api.w.org\/{rel}","templated":true}]}}