{"id":10170,"date":"2026-01-15T13:09:27","date_gmt":"2026-01-15T12:09:27","guid":{"rendered":"https:\/\/agrupacionespsoe.es\/castello\/?p=10170"},"modified":"2026-01-15T13:09:28","modified_gmt":"2026-01-15T12:09:28","slug":"el-pspv-y-la-coordinadora-feminista-suman-fuerzas-para-convertir-la-lucha-contra-la-violencia-machista-en-eje-esencial-de-las-politicas-municipales-de-castello","status":"publish","type":"post","link":"https:\/\/agrupacionespsoe.es\/castello\/el-pspv-y-la-coordinadora-feminista-suman-fuerzas-para-convertir-la-lucha-contra-la-violencia-machista-en-eje-esencial-de-las-politicas-municipales-de-castello\/","title":{"rendered":"El PSPV y la Coordinadora Feminista suman fuerzas para convertir la lucha contra la violencia machista en eje esencial de las pol\u00edticas municipales de Castell\u00f3"},"content":{"rendered":"\n<ul class=\"wp-block-list\">\n<li><em>El Grupo Municipal Socialista insiste en la formaci\u00f3n y educaci\u00f3n como claves para la prevenci\u00f3n<\/em><\/li>\n<\/ul>\n\n\n\n<p>El Grupo Municipal Socialista se ha reunido con representantes de la Coordinadora Feminista para ir de la mano en la lucha contra la violencia machista y convertirla en uno de los ejes esenciales de las pol\u00edticas del Ayuntamiento de Castell\u00f3 \u201cfrente al negacionismo de la ultraderecha y el blanqueo que realiza el Partido Popular\u201d.<\/p>\n\n\n\n<p><a href=\"https:\/\/agrupacionespsoe.es\/castello\/tag\/patricia-puerta\/\">Patricia Puerta<\/a>, portavoz socialista, y <a href=\"https:\/\/agrupacionespsoe.es\/castello\/tag\/monica-barabas\/\">M\u00f3nica Barab\u00e1s<\/a>, concejala del grupo municipal, consideran fundamental \u201cseguir avanzando, con m\u00e1s decisi\u00f3n si cabe, porque los asesinatos de mujeres en manos de sus parejas o exparejas son una lacra que requiere de la m\u00e1xima implicaci\u00f3n de las instituciones y, por supuesto, de la sociedad\u201d.<\/p>\n\n\n\n<p>Desde el Grupo Socialista insisten, entre otros aspectos, en herramientas clave para la prevenci\u00f3n, como son la formaci\u00f3n y la educaci\u00f3n. Es por ello que desde el PSPV se va a incidir en reclamar a las instituciones competentes una clara apuesta por formar tanto al personal docente como al estudiantado de los centros de primaria e institutos. \u201cLa educaci\u00f3n es clave para avanzar de forma decidida\u201d, se\u00f1ala Patricia Puerta, quien tambi\u00e9n plantea acciones similares para los servicios municipales, especialmente en la Polic\u00eda Local.<\/p>\n\n\n\n<p>Adem\u00e1s, tanto desde el Grupo Socialista como desde la Coordinadora Feminista alertan de la importancia de \u201cdar visibilidad a conceptos como la violencia vicaria, la econ\u00f3mica, la psicol\u00f3gica o la digital, pues son violencias machistas especificas y hay que ponerle nombre y hablar de ellas\u201d, se\u00f1ala Puerta.<\/p>\n\n\n\n<p>Para el PSPV \u201ces una l\u00ednea roja hacer frente a la violencia machista, y vamos a estar encima para que el gobierno municipal, que est\u00e1 sustentado por un partido negacionista como Vox, siga poniendo de forma decidida el foco en las pol\u00edticas que reclaman las mujeres\u201d.<\/p>\n","protected":false},"excerpt":{"rendered":"<p>El Grupo Municipal Socialista se ha reunido con representantes de la Coordinadora Feminista para ir de la mano en la lucha contra la violencia machista y convertirla en uno de los ejes esenciales de las pol\u00edticas del Ayuntamiento de Castell\u00f3 \u201cfrente al negacionismo de la ultraderecha y el blanqueo que realiza el Partido Popular\u201d. Patricia &#8230;<\/p>\n","protected":false},"author":48,"featured_media":10171,"comment_status":"open","ping_status":"open","sticky":false,"template":"","format":"standard","meta":{"_jetpack_memberships_contains_paid_content":false,"footnotes":"","jetpack_publicize_message":"","jetpack_publicize_feature_enabled":true,"jetpack_social_post_already_shared":true,"jetpack_social_options":{"image_generator_settings":{"template":"highway","default_image_id":0,"font":"","enabled":false},"version":2}},"categories":[33],"tags":[107,81,448],"class_list":["post-10170","post","type-post","status-publish","format-standard","has-post-thumbnail","hentry","category-gms","tag-monica-barabas","tag-patricia-puerta","tag-todos-es"],"yoast_head":"<!-- This site is optimized with the Yoast SEO plugin v24.0 - https:\/\/yoast.com\/wordpress\/plugins\/seo\/ -->\n<title>El PSPV y la Coordinadora Feminista suman fuerzas para convertir la lucha contra la violencia machista en eje esencial de las pol\u00edticas municipales de Castell\u00f3 - PSPV-PSOE CASTELL\u00d3<\/title>\n<meta name=\"robots\" content=\"index, follow, max-snippet:-1, max-image-preview:large, max-video-preview:-1\" \/>\n<link rel=\"canonical\" href=\"https:\/\/agrupacionespsoe.es\/castello\/el-pspv-y-la-coordinadora-feminista-suman-fuerzas-para-convertir-la-lucha-contra-la-violencia-machista-en-eje-esencial-de-las-politicas-municipales-de-castello\/\" \/>\n<meta property=\"og:locale\" content=\"es_ES\" \/>\n<meta property=\"og:type\" content=\"article\" \/>\n<meta property=\"og:title\" content=\"El PSPV y la Coordinadora Feminista suman fuerzas para convertir la lucha contra la violencia machista en eje esencial de las pol\u00edticas municipales de Castell\u00f3 - PSPV-PSOE CASTELL\u00d3\" \/>\n<meta property=\"og:description\" content=\"El Grupo Municipal Socialista se ha reunido con representantes de la Coordinadora Feminista para ir de la mano en la lucha contra la violencia machista y convertirla en uno de los ejes esenciales de las pol\u00edticas del Ayuntamiento de Castell\u00f3 \u201cfrente al negacionismo de la ultraderecha y el blanqueo que realiza el Partido Popular\u201d. Patricia ...\" \/>\n<meta property=\"og:url\" content=\"https:\/\/agrupacionespsoe.es\/castello\/el-pspv-y-la-coordinadora-feminista-suman-fuerzas-para-convertir-la-lucha-contra-la-violencia-machista-en-eje-esencial-de-las-politicas-municipales-de-castello\/\" \/>\n<meta property=\"og:site_name\" content=\"PSPV-PSOE CASTELL\u00d3\" \/>\n<meta property=\"article:publisher\" content=\"https:\/\/www.facebook.com\/pspv.castellodelaplana\" \/>\n<meta property=\"article:published_time\" content=\"2026-01-15T12:09:27+00:00\" \/>\n<meta property=\"article:modified_time\" content=\"2026-01-15T12:09:28+00:00\" \/>\n<meta property=\"og:image\" content=\"https:\/\/agrupacionespsoe.es\/castello\/wp-content\/uploads\/sites\/45\/2026\/01\/20260115-El-PSPV-y-la-Coordinadora-Feminista-suman-fuerzas-para-convertir-la-lucha-contra-la-violencia-machista-en-eje-esencial-de-las-politicas-municipales-de-Castello.jpg\" \/>\n\t<meta property=\"og:image:width\" content=\"1359\" \/>\n\t<meta property=\"og:image:height\" content=\"670\" \/>\n\t<meta property=\"og:image:type\" content=\"image\/jpeg\" \/>\n<meta name=\"author\" content=\"castello1\" \/>\n<meta name=\"twitter:card\" content=\"summary_large_image\" \/>\n<meta name=\"twitter:creator\" content=\"@pspv_cs\" \/>\n<meta name=\"twitter:site\" content=\"@pspv_cs\" \/>\n<meta name=\"twitter:label1\" content=\"Escrito por\" \/>\n\t<meta name=\"twitter:data1\" content=\"castello1\" \/>\n\t<meta name=\"twitter:label2\" content=\"Tiempo de lectura\" \/>\n\t<meta name=\"twitter:data2\" content=\"2 minutos\" \/>\n<script type=\"application\/ld+json\" class=\"yoast-schema-graph\">{\"@context\":\"https:\/\/schema.org\",\"@graph\":[{\"@type\":\"Article\",\"@id\":\"https:\/\/agrupacionespsoe.es\/castello\/el-pspv-y-la-coordinadora-feminista-suman-fuerzas-para-convertir-la-lucha-contra-la-violencia-machista-en-eje-esencial-de-las-politicas-municipales-de-castello\/#article\",\"isPartOf\":{\"@id\":\"https:\/\/agrupacionespsoe.es\/castello\/el-pspv-y-la-coordinadora-feminista-suman-fuerzas-para-convertir-la-lucha-contra-la-violencia-machista-en-eje-esencial-de-las-politicas-municipales-de-castello\/\"},\"author\":{\"name\":\"castello1\",\"@id\":\"https:\/\/agrupacionespsoe.es\/castello\/#\/schema\/person\/f3bc5b2f9dc6a399e9e98596ae24a20a\"},\"headline\":\"El PSPV y la Coordinadora Feminista suman fuerzas para convertir la lucha contra la violencia machista en eje esencial de las pol\u00edticas municipales de Castell\u00f3\",\"datePublished\":\"2026-01-15T12:09:27+00:00\",\"dateModified\":\"2026-01-15T12:09:28+00:00\",\"mainEntityOfPage\":{\"@id\":\"https:\/\/agrupacionespsoe.es\/castello\/el-pspv-y-la-coordinadora-feminista-suman-fuerzas-para-convertir-la-lucha-contra-la-violencia-machista-en-eje-esencial-de-las-politicas-municipales-de-castello\/\"},\"wordCount\":344,\"commentCount\":0,\"publisher\":{\"@id\":\"https:\/\/agrupacionespsoe.es\/castello\/#organization\"},\"image\":{\"@id\":\"https:\/\/agrupacionespsoe.es\/castello\/el-pspv-y-la-coordinadora-feminista-suman-fuerzas-para-convertir-la-lucha-contra-la-violencia-machista-en-eje-esencial-de-las-politicas-municipales-de-castello\/#primaryimage\"},\"thumbnailUrl\":\"https:\/\/agrupacionespsoe.es\/castello\/wp-content\/uploads\/sites\/45\/2026\/01\/20260115-El-PSPV-y-la-Coordinadora-Feminista-suman-fuerzas-para-convertir-la-lucha-contra-la-violencia-machista-en-eje-esencial-de-las-politicas-municipales-de-Castello.jpg\",\"keywords\":[\"M\u00f3nica Barab\u00e1s\",\"Patricia Puerta\",\"Todos\"],\"articleSection\":[\"Grupo Municipal Socialista\"],\"inLanguage\":\"es\",\"potentialAction\":[{\"@type\":\"CommentAction\",\"name\":\"Comment\",\"target\":[\"https:\/\/agrupacionespsoe.es\/castello\/el-pspv-y-la-coordinadora-feminista-suman-fuerzas-para-convertir-la-lucha-contra-la-violencia-machista-en-eje-esencial-de-las-politicas-municipales-de-castello\/#respond\"]}]},{\"@type\":\"WebPage\",\"@id\":\"https:\/\/agrupacionespsoe.es\/castello\/el-pspv-y-la-coordinadora-feminista-suman-fuerzas-para-convertir-la-lucha-contra-la-violencia-machista-en-eje-esencial-de-las-politicas-municipales-de-castello\/\",\"url\":\"https:\/\/agrupacionespsoe.es\/castello\/el-pspv-y-la-coordinadora-feminista-suman-fuerzas-para-convertir-la-lucha-contra-la-violencia-machista-en-eje-esencial-de-las-politicas-municipales-de-castello\/\",\"name\":\"El PSPV y la Coordinadora Feminista suman fuerzas para convertir la lucha contra la violencia machista en eje esencial de las pol\u00edticas municipales de Castell\u00f3 - PSPV-PSOE CASTELL\u00d3\",\"isPartOf\":{\"@id\":\"https:\/\/agrupacionespsoe.es\/castello\/#website\"},\"primaryImageOfPage\":{\"@id\":\"https:\/\/agrupacionespsoe.es\/castello\/el-pspv-y-la-coordinadora-feminista-suman-fuerzas-para-convertir-la-lucha-contra-la-violencia-machista-en-eje-esencial-de-las-politicas-municipales-de-castello\/#primaryimage\"},\"image\":{\"@id\":\"https:\/\/agrupacionespsoe.es\/castello\/el-pspv-y-la-coordinadora-feminista-suman-fuerzas-para-convertir-la-lucha-contra-la-violencia-machista-en-eje-esencial-de-las-politicas-municipales-de-castello\/#primaryimage\"},\"thumbnailUrl\":\"https:\/\/agrupacionespsoe.es\/castello\/wp-content\/uploads\/sites\/45\/2026\/01\/20260115-El-PSPV-y-la-Coordinadora-Feminista-suman-fuerzas-para-convertir-la-lucha-contra-la-violencia-machista-en-eje-esencial-de-las-politicas-municipales-de-Castello.jpg\",\"datePublished\":\"2026-01-15T12:09:27+00:00\",\"dateModified\":\"2026-01-15T12:09:28+00:00\",\"breadcrumb\":{\"@id\":\"https:\/\/agrupacionespsoe.es\/castello\/el-pspv-y-la-coordinadora-feminista-suman-fuerzas-para-convertir-la-lucha-contra-la-violencia-machista-en-eje-esencial-de-las-politicas-municipales-de-castello\/#breadcrumb\"},\"inLanguage\":\"es\",\"potentialAction\":[{\"@type\":\"ReadAction\",\"target\":[\"https:\/\/agrupacionespsoe.es\/castello\/el-pspv-y-la-coordinadora-feminista-suman-fuerzas-para-convertir-la-lucha-contra-la-violencia-machista-en-eje-esencial-de-las-politicas-municipales-de-castello\/\"]}]},{\"@type\":\"ImageObject\",\"inLanguage\":\"es\",\"@id\":\"https:\/\/agrupacionespsoe.es\/castello\/el-pspv-y-la-coordinadora-feminista-suman-fuerzas-para-convertir-la-lucha-contra-la-violencia-machista-en-eje-esencial-de-las-politicas-municipales-de-castello\/#primaryimage\",\"url\":\"https:\/\/agrupacionespsoe.es\/castello\/wp-content\/uploads\/sites\/45\/2026\/01\/20260115-El-PSPV-y-la-Coordinadora-Feminista-suman-fuerzas-para-convertir-la-lucha-contra-la-violencia-machista-en-eje-esencial-de-las-politicas-municipales-de-Castello.jpg\",\"contentUrl\":\"https:\/\/agrupacionespsoe.es\/castello\/wp-content\/uploads\/sites\/45\/2026\/01\/20260115-El-PSPV-y-la-Coordinadora-Feminista-suman-fuerzas-para-convertir-la-lucha-contra-la-violencia-machista-en-eje-esencial-de-las-politicas-municipales-de-Castello.jpg\",\"width\":1359,\"height\":670},{\"@type\":\"BreadcrumbList\",\"@id\":\"https:\/\/agrupacionespsoe.es\/castello\/el-pspv-y-la-coordinadora-feminista-suman-fuerzas-para-convertir-la-lucha-contra-la-violencia-machista-en-eje-esencial-de-las-politicas-municipales-de-castello\/#breadcrumb\",\"itemListElement\":[{\"@type\":\"ListItem\",\"position\":1,\"name\":\"Portada\",\"item\":\"https:\/\/agrupacionespsoe.es\/castello\/\"},{\"@type\":\"ListItem\",\"position\":2,\"name\":\"El PSPV y la Coordinadora Feminista suman fuerzas para convertir la lucha contra la violencia machista en eje esencial de las pol\u00edticas municipales de Castell\u00f3\"}]},{\"@type\":\"WebSite\",\"@id\":\"https:\/\/agrupacionespsoe.es\/castello\/#website\",\"url\":\"https:\/\/agrupacionespsoe.es\/castello\/\",\"name\":\"PSPV-PSOE CASTELL\u00d3\",\"description\":\"PSPV-PSOE | Agrupaci\u00f3 de Castell\u00f3\",\"publisher\":{\"@id\":\"https:\/\/agrupacionespsoe.es\/castello\/#organization\"},\"potentialAction\":[{\"@type\":\"SearchAction\",\"target\":{\"@type\":\"EntryPoint\",\"urlTemplate\":\"https:\/\/agrupacionespsoe.es\/castello\/?s={search_term_string}\"},\"query-input\":{\"@type\":\"PropertyValueSpecification\",\"valueRequired\":true,\"valueName\":\"search_term_string\"}}],\"inLanguage\":\"es\"},{\"@type\":\"Organization\",\"@id\":\"https:\/\/agrupacionespsoe.es\/castello\/#organization\",\"name\":\"PSPV-PSOE Castell\u00f3\",\"url\":\"https:\/\/agrupacionespsoe.es\/castello\/\",\"logo\":{\"@type\":\"ImageObject\",\"inLanguage\":\"es\",\"@id\":\"https:\/\/agrupacionespsoe.es\/castello\/#\/schema\/logo\/image\/\",\"url\":\"https:\/\/agrupacionespsoe.es\/castello\/wp-content\/uploads\/sites\/45\/2023\/04\/PORTADA-PSOE-CASTELLO.jpg\",\"contentUrl\":\"https:\/\/agrupacionespsoe.es\/castello\/wp-content\/uploads\/sites\/45\/2023\/04\/PORTADA-PSOE-CASTELLO.jpg\",\"width\":2500,\"height\":2500,\"caption\":\"PSPV-PSOE Castell\u00f3\"},\"image\":{\"@id\":\"https:\/\/agrupacionespsoe.es\/castello\/#\/schema\/logo\/image\/\"},\"sameAs\":[\"https:\/\/www.facebook.com\/pspv.castellodelaplana\",\"https:\/\/x.com\/pspv_cs\",\"https:\/\/www.instagram.com\/pspvpsoecastello\/\"]},{\"@type\":\"Person\",\"@id\":\"https:\/\/agrupacionespsoe.es\/castello\/#\/schema\/person\/f3bc5b2f9dc6a399e9e98596ae24a20a\",\"name\":\"castello1\",\"image\":{\"@type\":\"ImageObject\",\"inLanguage\":\"es\",\"@id\":\"https:\/\/agrupacionespsoe.es\/castello\/#\/schema\/person\/image\/\",\"url\":\"https:\/\/secure.gravatar.com\/avatar\/5f1da428d6479d1127419c0b58796865?s=96&d=mm&r=g\",\"contentUrl\":\"https:\/\/secure.gravatar.com\/avatar\/5f1da428d6479d1127419c0b58796865?s=96&d=mm&r=g\",\"caption\":\"castello1\"},\"url\":\"https:\/\/agrupacionespsoe.es\/castello\/author\/castello1\/\"}]}<\/script>\n<!-- \/ Yoast SEO plugin. -->","yoast_head_json":{"title":"El PSPV y la Coordinadora Feminista suman fuerzas para convertir la lucha contra la violencia machista en eje esencial de las pol\u00edticas municipales de Castell\u00f3 - PSPV-PSOE CASTELL\u00d3","robots":{"index":"index","follow":"follow","max-snippet":"max-snippet:-1","max-image-preview":"max-image-preview:large","max-video-preview":"max-video-preview:-1"},"canonical":"https:\/\/agrupacionespsoe.es\/castello\/el-pspv-y-la-coordinadora-feminista-suman-fuerzas-para-convertir-la-lucha-contra-la-violencia-machista-en-eje-esencial-de-las-politicas-municipales-de-castello\/","og_locale":"es_ES","og_type":"article","og_title":"El PSPV y la Coordinadora Feminista suman fuerzas para convertir la lucha contra la violencia machista en eje esencial de las pol\u00edticas municipales de Castell\u00f3 - PSPV-PSOE CASTELL\u00d3","og_description":"El Grupo Municipal Socialista se ha reunido con representantes de la Coordinadora Feminista para ir de la mano en la lucha contra la violencia machista y convertirla en uno de los ejes esenciales de las pol\u00edticas del Ayuntamiento de Castell\u00f3 \u201cfrente al negacionismo de la ultraderecha y el blanqueo que realiza el Partido Popular\u201d. Patricia ...","og_url":"https:\/\/agrupacionespsoe.es\/castello\/el-pspv-y-la-coordinadora-feminista-suman-fuerzas-para-convertir-la-lucha-contra-la-violencia-machista-en-eje-esencial-de-las-politicas-municipales-de-castello\/","og_site_name":"PSPV-PSOE CASTELL\u00d3","article_publisher":"https:\/\/www.facebook.com\/pspv.castellodelaplana","article_published_time":"2026-01-15T12:09:27+00:00","article_modified_time":"2026-01-15T12:09:28+00:00","og_image":[{"width":1359,"height":670,"url":"https:\/\/agrupacionespsoe.es\/castello\/wp-content\/uploads\/sites\/45\/2026\/01\/20260115-El-PSPV-y-la-Coordinadora-Feminista-suman-fuerzas-para-convertir-la-lucha-contra-la-violencia-machista-en-eje-esencial-de-las-politicas-municipales-de-Castello.jpg","type":"image\/jpeg"}],"author":"castello1","twitter_card":"summary_large_image","twitter_creator":"@pspv_cs","twitter_site":"@pspv_cs","twitter_misc":{"Escrito por":"castello1","Tiempo de lectura":"2 minutos"},"schema":{"@context":"https:\/\/schema.org","@graph":[{"@type":"Article","@id":"https:\/\/agrupacionespsoe.es\/castello\/el-pspv-y-la-coordinadora-feminista-suman-fuerzas-para-convertir-la-lucha-contra-la-violencia-machista-en-eje-esencial-de-las-politicas-municipales-de-castello\/#article","isPartOf":{"@id":"https:\/\/agrupacionespsoe.es\/castello\/el-pspv-y-la-coordinadora-feminista-suman-fuerzas-para-convertir-la-lucha-contra-la-violencia-machista-en-eje-esencial-de-las-politicas-municipales-de-castello\/"},"author":{"name":"castello1","@id":"https:\/\/agrupacionespsoe.es\/castello\/#\/schema\/person\/f3bc5b2f9dc6a399e9e98596ae24a20a"},"headline":"El PSPV y la Coordinadora Feminista suman fuerzas para convertir la lucha contra la violencia machista en eje esencial de las pol\u00edticas municipales de Castell\u00f3","datePublished":"2026-01-15T12:09:27+00:00","dateModified":"2026-01-15T12:09:28+00:00","mainEntityOfPage":{"@id":"https:\/\/agrupacionespsoe.es\/castello\/el-pspv-y-la-coordinadora-feminista-suman-fuerzas-para-convertir-la-lucha-contra-la-violencia-machista-en-eje-esencial-de-las-politicas-municipales-de-castello\/"},"wordCount":344,"commentCount":0,"publisher":{"@id":"https:\/\/agrupacionespsoe.es\/castello\/#organization"},"image":{"@id":"https:\/\/agrupacionespsoe.es\/castello\/el-pspv-y-la-coordinadora-feminista-suman-fuerzas-para-convertir-la-lucha-contra-la-violencia-machista-en-eje-esencial-de-las-politicas-municipales-de-castello\/#primaryimage"},"thumbnailUrl":"https:\/\/agrupacionespsoe.es\/castello\/wp-content\/uploads\/sites\/45\/2026\/01\/20260115-El-PSPV-y-la-Coordinadora-Feminista-suman-fuerzas-para-convertir-la-lucha-contra-la-violencia-machista-en-eje-esencial-de-las-politicas-municipales-de-Castello.jpg","keywords":["M\u00f3nica Barab\u00e1s","Patricia Puerta","Todos"],"articleSection":["Grupo Municipal Socialista"],"inLanguage":"es","potentialAction":[{"@type":"CommentAction","name":"Comment","target":["https:\/\/agrupacionespsoe.es\/castello\/el-pspv-y-la-coordinadora-feminista-suman-fuerzas-para-convertir-la-lucha-contra-la-violencia-machista-en-eje-esencial-de-las-politicas-municipales-de-castello\/#respond"]}]},{"@type":"WebPage","@id":"https:\/\/agrupacionespsoe.es\/castello\/el-pspv-y-la-coordinadora-feminista-suman-fuerzas-para-convertir-la-lucha-contra-la-violencia-machista-en-eje-esencial-de-las-politicas-municipales-de-castello\/","url":"https:\/\/agrupacionespsoe.es\/castello\/el-pspv-y-la-coordinadora-feminista-suman-fuerzas-para-convertir-la-lucha-contra-la-violencia-machista-en-eje-esencial-de-las-politicas-municipales-de-castello\/","name":"El PSPV y la Coordinadora Feminista suman fuerzas para convertir la lucha contra la violencia machista en eje esencial de las pol\u00edticas municipales de Castell\u00f3 - PSPV-PSOE CASTELL\u00d3","isPartOf":{"@id":"https:\/\/agrupacionespsoe.es\/castello\/#website"},"primaryImageOfPage":{"@id":"https:\/\/agrupacionespsoe.es\/castello\/el-pspv-y-la-coordinadora-feminista-suman-fuerzas-para-convertir-la-lucha-contra-la-violencia-machista-en-eje-esencial-de-las-politicas-municipales-de-castello\/#primaryimage"},"image":{"@id":"https:\/\/agrupacionespsoe.es\/castello\/el-pspv-y-la-coordinadora-feminista-suman-fuerzas-para-convertir-la-lucha-contra-la-violencia-machista-en-eje-esencial-de-las-politicas-municipales-de-castello\/#primaryimage"},"thumbnailUrl":"https:\/\/agrupacionespsoe.es\/castello\/wp-content\/uploads\/sites\/45\/2026\/01\/20260115-El-PSPV-y-la-Coordinadora-Feminista-suman-fuerzas-para-convertir-la-lucha-contra-la-violencia-machista-en-eje-esencial-de-las-politicas-municipales-de-Castello.jpg","datePublished":"2026-01-15T12:09:27+00:00","dateModified":"2026-01-15T12:09:28+00:00","breadcrumb":{"@id":"https:\/\/agrupacionespsoe.es\/castello\/el-pspv-y-la-coordinadora-feminista-suman-fuerzas-para-convertir-la-lucha-contra-la-violencia-machista-en-eje-esencial-de-las-politicas-municipales-de-castello\/#breadcrumb"},"inLanguage":"es","potentialAction":[{"@type":"ReadAction","target":["https:\/\/agrupacionespsoe.es\/castello\/el-pspv-y-la-coordinadora-feminista-suman-fuerzas-para-convertir-la-lucha-contra-la-violencia-machista-en-eje-esencial-de-las-politicas-municipales-de-castello\/"]}]},{"@type":"ImageObject","inLanguage":"es","@id":"https:\/\/agrupacionespsoe.es\/castello\/el-pspv-y-la-coordinadora-feminista-suman-fuerzas-para-convertir-la-lucha-contra-la-violencia-machista-en-eje-esencial-de-las-politicas-municipales-de-castello\/#primaryimage","url":"https:\/\/agrupacionespsoe.es\/castello\/wp-content\/uploads\/sites\/45\/2026\/01\/20260115-El-PSPV-y-la-Coordinadora-Feminista-suman-fuerzas-para-convertir-la-lucha-contra-la-violencia-machista-en-eje-esencial-de-las-politicas-municipales-de-Castello.jpg","contentUrl":"https:\/\/agrupacionespsoe.es\/castello\/wp-content\/uploads\/sites\/45\/2026\/01\/20260115-El-PSPV-y-la-Coordinadora-Feminista-suman-fuerzas-para-convertir-la-lucha-contra-la-violencia-machista-en-eje-esencial-de-las-politicas-municipales-de-Castello.jpg","width":1359,"height":670},{"@type":"BreadcrumbList","@id":"https:\/\/agrupacionespsoe.es\/castello\/el-pspv-y-la-coordinadora-feminista-suman-fuerzas-para-convertir-la-lucha-contra-la-violencia-machista-en-eje-esencial-de-las-politicas-municipales-de-castello\/#breadcrumb","itemListElement":[{"@type":"ListItem","position":1,"name":"Portada","item":"https:\/\/agrupacionespsoe.es\/castello\/"},{"@type":"ListItem","position":2,"name":"El PSPV y la Coordinadora Feminista suman fuerzas para convertir la lucha contra la violencia machista en eje esencial de las pol\u00edticas municipales de Castell\u00f3"}]},{"@type":"WebSite","@id":"https:\/\/agrupacionespsoe.es\/castello\/#website","url":"https:\/\/agrupacionespsoe.es\/castello\/","name":"PSPV-PSOE CASTELL\u00d3","description":"PSPV-PSOE | Agrupaci\u00f3 de Castell\u00f3","publisher":{"@id":"https:\/\/agrupacionespsoe.es\/castello\/#organization"},"potentialAction":[{"@type":"SearchAction","target":{"@type":"EntryPoint","urlTemplate":"https:\/\/agrupacionespsoe.es\/castello\/?s={search_term_string}"},"query-input":{"@type":"PropertyValueSpecification","valueRequired":true,"valueName":"search_term_string"}}],"inLanguage":"es"},{"@type":"Organization","@id":"https:\/\/agrupacionespsoe.es\/castello\/#organization","name":"PSPV-PSOE Castell\u00f3","url":"https:\/\/agrupacionespsoe.es\/castello\/","logo":{"@type":"ImageObject","inLanguage":"es","@id":"https:\/\/agrupacionespsoe.es\/castello\/#\/schema\/logo\/image\/","url":"https:\/\/agrupacionespsoe.es\/castello\/wp-content\/uploads\/sites\/45\/2023\/04\/PORTADA-PSOE-CASTELLO.jpg","contentUrl":"https:\/\/agrupacionespsoe.es\/castello\/wp-content\/uploads\/sites\/45\/2023\/04\/PORTADA-PSOE-CASTELLO.jpg","width":2500,"height":2500,"caption":"PSPV-PSOE Castell\u00f3"},"image":{"@id":"https:\/\/agrupacionespsoe.es\/castello\/#\/schema\/logo\/image\/"},"sameAs":["https:\/\/www.facebook.com\/pspv.castellodelaplana","https:\/\/x.com\/pspv_cs","https:\/\/www.instagram.com\/pspvpsoecastello\/"]},{"@type":"Person","@id":"https:\/\/agrupacionespsoe.es\/castello\/#\/schema\/person\/f3bc5b2f9dc6a399e9e98596ae24a20a","name":"castello1","image":{"@type":"ImageObject","inLanguage":"es","@id":"https:\/\/agrupacionespsoe.es\/castello\/#\/schema\/person\/image\/","url":"https:\/\/secure.gravatar.com\/avatar\/5f1da428d6479d1127419c0b58796865?s=96&d=mm&r=g","contentUrl":"https:\/\/secure.gravatar.com\/avatar\/5f1da428d6479d1127419c0b58796865?s=96&d=mm&r=g","caption":"castello1"},"url":"https:\/\/agrupacionespsoe.es\/castello\/author\/castello1\/"}]}},"jetpack_publicize_connections":[],"jetpack_featured_media_url":"https:\/\/agrupacionespsoe.es\/castello\/wp-content\/uploads\/sites\/45\/2026\/01\/20260115-El-PSPV-y-la-Coordinadora-Feminista-suman-fuerzas-para-convertir-la-lucha-contra-la-violencia-machista-en-eje-esencial-de-las-politicas-municipales-de-Castello.jpg","jetpack_sharing_enabled":true,"_links":{"self":[{"href":"https:\/\/agrupacionespsoe.es\/castello\/wp-json\/wp\/v2\/posts\/10170","targetHints":{"allow":["GET"]}}],"collection":[{"href":"https:\/\/agrupacionespsoe.es\/castello\/wp-json\/wp\/v2\/posts"}],"about":[{"href":"https:\/\/agrupacionespsoe.es\/castello\/wp-json\/wp\/v2\/types\/post"}],"author":[{"embeddable":true,"href":"https:\/\/agrupacionespsoe.es\/castello\/wp-json\/wp\/v2\/users\/48"}],"replies":[{"embeddable":true,"href":"https:\/\/agrupacionespsoe.es\/castello\/wp-json\/wp\/v2\/comments?post=10170"}],"version-history":[{"count":2,"href":"https:\/\/agrupacionespsoe.es\/castello\/wp-json\/wp\/v2\/posts\/10170\/revisions"}],"predecessor-version":[{"id":10173,"href":"https:\/\/agrupacionespsoe.es\/castello\/wp-json\/wp\/v2\/posts\/10170\/revisions\/10173"}],"wp:featuredmedia":[{"embeddable":true,"href":"https:\/\/agrupacionespsoe.es\/castello\/wp-json\/wp\/v2\/media\/10171"}],"wp:attachment":[{"href":"https:\/\/agrupacionespsoe.es\/castello\/wp-json\/wp\/v2\/media?parent=10170"}],"wp:term":[{"taxonomy":"category","embeddable":true,"href":"https:\/\/agrupacionespsoe.es\/castello\/wp-json\/wp\/v2\/categories?post=10170"},{"taxonomy":"post_tag","embeddable":true,"href":"https:\/\/agrupacionespsoe.es\/castello\/wp-json\/wp\/v2\/tags?post=10170"}],"curies":[{"name":"wp","href":"https:\/\/api.w.org\/{rel}","templated":true}]}}