{"id":665,"date":"2025-08-01T18:43:54","date_gmt":"2025-08-01T18:43:54","guid":{"rendered":"https:\/\/agrupacionespsoe.es\/barbate\/?p=665"},"modified":"2025-08-01T18:43:55","modified_gmt":"2025-08-01T18:43:55","slug":"el-psoe-defendera-el-reforzamiento-de-la-educacion-especial-y-de-las-viviendas-en-barbate","status":"publish","type":"post","link":"https:\/\/agrupacionespsoe.es\/barbate\/el-psoe-defendera-el-reforzamiento-de-la-educacion-especial-y-de-las-viviendas-en-barbate\/","title":{"rendered":"El PSOE defender\u00e1 el reforzamiento de la educaci\u00f3n especial y de las viviendas en Barbate"},"content":{"rendered":"\n<p><em>Jes\u00fas Alba presenta mociones clave para el pr\u00f3ximo pleno sobre educaci\u00f3n p\u00fablica inclusiva y acceso a la vivienda y critica la falta de inversi\u00f3n de la Junta de Moreno Bonillla en el municipio<\/em><\/p>\n\n\n\n<p>El vicesecretario general y secretario de Organizaci\u00f3n del PSOE de Barbate, adem\u00e1s de concejal en el Ayuntamiento,\u00a0Jes\u00fas Alba, ha comparecido esta ma\u00f1ana en rueda de prensa para anunciar las\u00a0dos mociones\u00a0que su grupo defender\u00e1 en el\u00a0pleno ordinario del mes de agosto, previsto para el pr\u00f3ximo mi\u00e9rcoles.<\/p>\n\n\n\n<p>La&nbsp;primera iniciativa&nbsp;se centra en la&nbsp;defensa de la educaci\u00f3n p\u00fablica, con especial atenci\u00f3n al&nbsp;incumplimiento de la ratio legal en aulas que atienden a menores con Trastorno del Espectro Autista (TEA)&nbsp;y necesidades educativas especiales en el municipio. Alba ha denunciado la situaci\u00f3n concreta del&nbsp;CEIP Bah\u00eda de Barbate, donde se evidencia una&nbsp;falta de recursos materiales y profesionales&nbsp;adecuados.<\/p>\n\n\n\n<p>Por ello, el PSOE solicitar\u00e1 a la&nbsp;Consejer\u00eda de Educaci\u00f3n una mayor implicaci\u00f3n, incluyendo el refuerzo de personal especializado y el impulso de un&nbsp;Pacto Local por la Educaci\u00f3n&nbsp;en Barbate que garantice una educaci\u00f3n inclusiva y de calidad.<\/p>\n\n\n\n<figure class=\"wp-block-embed is-provider-youtube wp-block-embed-youtube\"><div class=\"wp-block-embed__wrapper\">\n<iframe loading=\"lazy\" title=\"RUEDA DE PRENSA: INICIATIVAS PRESENTADAS AL PLENO ORDINARIO DEL MES DE AGOSTO EN EL AYUNTAMIENTO...\" width=\"500\" height=\"281\" src=\"https:\/\/www.youtube.com\/embed\/3dXkT4gWfj4?feature=oembed\" frameborder=\"0\" allow=\"accelerometer; autoplay; clipboard-write; encrypted-media; gyroscope; picture-in-picture; web-share\" referrerpolicy=\"strict-origin-when-cross-origin\" allowfullscreen><\/iframe>\n<\/div><\/figure>\n\n\n\n<p>La&nbsp;segunda moci\u00f3n&nbsp;aborda uno de los retos m\u00e1s urgentes que enfrenta el municipio: el&nbsp;acceso a la vivienda. Alba ha alertado de que&nbsp;numerosos j\u00f3venes se ven obligados a abandonar Barbate&nbsp;ante la imposibilidad de encontrar una vivienda social o protegida. En este sentido, el PSOE elevar\u00e1 al&nbsp;Gobierno de Espa\u00f1a&nbsp;la petici\u00f3n de&nbsp;incrementar las partidas destinadas a las comunidades aut\u00f3nomas&nbsp;en materia de vivienda p\u00fablica, con el objetivo de avanzar hacia una&nbsp;pol\u00edtica estructural, justa y ambiciosa. Asimismo, se exigir\u00e1 a la&nbsp;Junta de Andaluc\u00eda&nbsp;que&nbsp;aumente en m\u00e1s de un 40\u202f% su financiaci\u00f3n del Plan Estatal de Vivienda&nbsp;y contribuya a la&nbsp;construcci\u00f3n de vivienda protegida en Barbate.<\/p>\n\n\n\n<p>Jes\u00fas Alba ha concluido su intervenci\u00f3n criticando la gesti\u00f3n del equipo de gobierno local, afirmando que \u201cdespu\u00e9s de dos a\u00f1os y dos meses, ya le toca al gobierno de Ana Moreno (PP) dejar de vender humo\u201d. \u201cBarbate necesita hechos, no millones de euros confusos anunciados en medios afines y que, a d\u00eda de hoy, no se reflejan en mejoras palpables para el municipio. Las promesas siguen sin cumplirse\u201d, ha concluido Alba.<\/p>\n\n\n\n<p><\/p>\n","protected":false},"excerpt":{"rendered":"<p>Jes\u00fas Alba presenta mociones clave para el pr\u00f3ximo pleno sobre educaci\u00f3n p\u00fablica inclusiva y acceso a la vivienda y critica la falta de inversi\u00f3n de la Junta de Moreno Bonillla en el municipio El vicesecretario general y secretario de Organizaci\u00f3n del PSOE de Barbate, adem\u00e1s de concejal en el Ayuntamiento,\u00a0Jes\u00fas Alba, ha comparecido esta ma\u00f1ana &#8230;<\/p>\n","protected":false},"author":155,"featured_media":666,"comment_status":"open","ping_status":"open","sticky":false,"template":"","format":"standard","meta":{"_jetpack_memberships_contains_paid_content":false,"footnotes":""},"categories":[1],"tags":[],"class_list":["post-665","post","type-post","status-publish","format-standard","has-post-thumbnail","hentry","category-sin-categoria"],"yoast_head":"<!-- This site is optimized with the Yoast SEO plugin v24.0 - https:\/\/yoast.com\/wordpress\/plugins\/seo\/ -->\n<title>El PSOE defender\u00e1 el reforzamiento de la educaci\u00f3n especial y de las viviendas en Barbate - PSOE Barbate<\/title>\n<meta name=\"robots\" content=\"index, follow, max-snippet:-1, max-image-preview:large, max-video-preview:-1\" \/>\n<link rel=\"canonical\" href=\"https:\/\/agrupacionespsoe.es\/barbate\/el-psoe-defendera-el-reforzamiento-de-la-educacion-especial-y-de-las-viviendas-en-barbate\/\" \/>\n<meta property=\"og:locale\" content=\"es_ES\" \/>\n<meta property=\"og:type\" content=\"article\" \/>\n<meta property=\"og:title\" content=\"El PSOE defender\u00e1 el reforzamiento de la educaci\u00f3n especial y de las viviendas en Barbate - PSOE Barbate\" \/>\n<meta property=\"og:description\" content=\"Jes\u00fas Alba presenta mociones clave para el pr\u00f3ximo pleno sobre educaci\u00f3n p\u00fablica inclusiva y acceso a la vivienda y critica la falta de inversi\u00f3n de la Junta de Moreno Bonillla en el municipio El vicesecretario general y secretario de Organizaci\u00f3n del PSOE de Barbate, adem\u00e1s de concejal en el Ayuntamiento,\u00a0Jes\u00fas Alba, ha comparecido esta ma\u00f1ana ...\" \/>\n<meta property=\"og:url\" content=\"https:\/\/agrupacionespsoe.es\/barbate\/el-psoe-defendera-el-reforzamiento-de-la-educacion-especial-y-de-las-viviendas-en-barbate\/\" \/>\n<meta property=\"og:site_name\" content=\"PSOE Barbate\" \/>\n<meta property=\"article:published_time\" content=\"2025-08-01T18:43:54+00:00\" \/>\n<meta property=\"article:modified_time\" content=\"2025-08-01T18:43:55+00:00\" \/>\n<meta property=\"og:image\" content=\"https:\/\/agrupacionespsoe.es\/barbate\/wp-content\/uploads\/sites\/104\/2025\/08\/Jesus-Alba.jpeg\" \/>\n\t<meta property=\"og:image:width\" content=\"1600\" \/>\n\t<meta property=\"og:image:height\" content=\"900\" \/>\n\t<meta property=\"og:image:type\" content=\"image\/jpeg\" \/>\n<meta name=\"author\" content=\"barbate1\" \/>\n<meta name=\"twitter:card\" content=\"summary_large_image\" \/>\n<meta name=\"twitter:label1\" content=\"Escrito por\" \/>\n\t<meta name=\"twitter:data1\" content=\"barbate1\" \/>\n\t<meta name=\"twitter:label2\" content=\"Tiempo de lectura\" \/>\n\t<meta name=\"twitter:data2\" content=\"2 minutos\" \/>\n<script type=\"application\/ld+json\" class=\"yoast-schema-graph\">{\"@context\":\"https:\/\/schema.org\",\"@graph\":[{\"@type\":\"Article\",\"@id\":\"https:\/\/agrupacionespsoe.es\/barbate\/el-psoe-defendera-el-reforzamiento-de-la-educacion-especial-y-de-las-viviendas-en-barbate\/#article\",\"isPartOf\":{\"@id\":\"https:\/\/agrupacionespsoe.es\/barbate\/el-psoe-defendera-el-reforzamiento-de-la-educacion-especial-y-de-las-viviendas-en-barbate\/\"},\"author\":{\"name\":\"barbate1\",\"@id\":\"https:\/\/agrupacionespsoe.es\/barbate\/#\/schema\/person\/fb57332b771136035857e2a17089b403\"},\"headline\":\"El PSOE defender\u00e1 el reforzamiento de la educaci\u00f3n especial y de las viviendas en Barbate\",\"datePublished\":\"2025-08-01T18:43:54+00:00\",\"dateModified\":\"2025-08-01T18:43:55+00:00\",\"mainEntityOfPage\":{\"@id\":\"https:\/\/agrupacionespsoe.es\/barbate\/el-psoe-defendera-el-reforzamiento-de-la-educacion-especial-y-de-las-viviendas-en-barbate\/\"},\"wordCount\":454,\"commentCount\":0,\"publisher\":{\"@id\":\"https:\/\/agrupacionespsoe.es\/barbate\/#organization\"},\"image\":{\"@id\":\"https:\/\/agrupacionespsoe.es\/barbate\/el-psoe-defendera-el-reforzamiento-de-la-educacion-especial-y-de-las-viviendas-en-barbate\/#primaryimage\"},\"thumbnailUrl\":\"https:\/\/agrupacionespsoe.es\/barbate\/wp-content\/uploads\/sites\/104\/2025\/08\/Jesus-Alba.jpeg\",\"inLanguage\":\"es\",\"potentialAction\":[{\"@type\":\"CommentAction\",\"name\":\"Comment\",\"target\":[\"https:\/\/agrupacionespsoe.es\/barbate\/el-psoe-defendera-el-reforzamiento-de-la-educacion-especial-y-de-las-viviendas-en-barbate\/#respond\"]}]},{\"@type\":\"WebPage\",\"@id\":\"https:\/\/agrupacionespsoe.es\/barbate\/el-psoe-defendera-el-reforzamiento-de-la-educacion-especial-y-de-las-viviendas-en-barbate\/\",\"url\":\"https:\/\/agrupacionespsoe.es\/barbate\/el-psoe-defendera-el-reforzamiento-de-la-educacion-especial-y-de-las-viviendas-en-barbate\/\",\"name\":\"El PSOE defender\u00e1 el reforzamiento de la educaci\u00f3n especial y de las viviendas en Barbate - PSOE Barbate\",\"isPartOf\":{\"@id\":\"https:\/\/agrupacionespsoe.es\/barbate\/#website\"},\"primaryImageOfPage\":{\"@id\":\"https:\/\/agrupacionespsoe.es\/barbate\/el-psoe-defendera-el-reforzamiento-de-la-educacion-especial-y-de-las-viviendas-en-barbate\/#primaryimage\"},\"image\":{\"@id\":\"https:\/\/agrupacionespsoe.es\/barbate\/el-psoe-defendera-el-reforzamiento-de-la-educacion-especial-y-de-las-viviendas-en-barbate\/#primaryimage\"},\"thumbnailUrl\":\"https:\/\/agrupacionespsoe.es\/barbate\/wp-content\/uploads\/sites\/104\/2025\/08\/Jesus-Alba.jpeg\",\"datePublished\":\"2025-08-01T18:43:54+00:00\",\"dateModified\":\"2025-08-01T18:43:55+00:00\",\"breadcrumb\":{\"@id\":\"https:\/\/agrupacionespsoe.es\/barbate\/el-psoe-defendera-el-reforzamiento-de-la-educacion-especial-y-de-las-viviendas-en-barbate\/#breadcrumb\"},\"inLanguage\":\"es\",\"potentialAction\":[{\"@type\":\"ReadAction\",\"target\":[\"https:\/\/agrupacionespsoe.es\/barbate\/el-psoe-defendera-el-reforzamiento-de-la-educacion-especial-y-de-las-viviendas-en-barbate\/\"]}]},{\"@type\":\"ImageObject\",\"inLanguage\":\"es\",\"@id\":\"https:\/\/agrupacionespsoe.es\/barbate\/el-psoe-defendera-el-reforzamiento-de-la-educacion-especial-y-de-las-viviendas-en-barbate\/#primaryimage\",\"url\":\"https:\/\/agrupacionespsoe.es\/barbate\/wp-content\/uploads\/sites\/104\/2025\/08\/Jesus-Alba.jpeg\",\"contentUrl\":\"https:\/\/agrupacionespsoe.es\/barbate\/wp-content\/uploads\/sites\/104\/2025\/08\/Jesus-Alba.jpeg\",\"width\":1600,\"height\":900},{\"@type\":\"BreadcrumbList\",\"@id\":\"https:\/\/agrupacionespsoe.es\/barbate\/el-psoe-defendera-el-reforzamiento-de-la-educacion-especial-y-de-las-viviendas-en-barbate\/#breadcrumb\",\"itemListElement\":[{\"@type\":\"ListItem\",\"position\":1,\"name\":\"Portada\",\"item\":\"https:\/\/agrupacionespsoe.es\/barbate\/\"},{\"@type\":\"ListItem\",\"position\":2,\"name\":\"El PSOE defender\u00e1 el reforzamiento de la educaci\u00f3n especial y de las viviendas en Barbate\"}]},{\"@type\":\"WebSite\",\"@id\":\"https:\/\/agrupacionespsoe.es\/barbate\/#website\",\"url\":\"https:\/\/agrupacionespsoe.es\/barbate\/\",\"name\":\"PSOE Barbate\",\"description\":\"PSOE BARBATE\",\"publisher\":{\"@id\":\"https:\/\/agrupacionespsoe.es\/barbate\/#organization\"},\"potentialAction\":[{\"@type\":\"SearchAction\",\"target\":{\"@type\":\"EntryPoint\",\"urlTemplate\":\"https:\/\/agrupacionespsoe.es\/barbate\/?s={search_term_string}\"},\"query-input\":{\"@type\":\"PropertyValueSpecification\",\"valueRequired\":true,\"valueName\":\"search_term_string\"}}],\"inLanguage\":\"es\"},{\"@type\":\"Organization\",\"@id\":\"https:\/\/agrupacionespsoe.es\/barbate\/#organization\",\"name\":\"PSOE Barbate\",\"url\":\"https:\/\/agrupacionespsoe.es\/barbate\/\",\"logo\":{\"@type\":\"ImageObject\",\"inLanguage\":\"es\",\"@id\":\"https:\/\/agrupacionespsoe.es\/barbate\/#\/schema\/logo\/image\/\",\"url\":\"https:\/\/agrupacionespsoe.es\/wp-content\/uploads\/2022\/07\/Logotipo_electoral_del_PSOE.png\",\"contentUrl\":\"https:\/\/agrupacionespsoe.es\/wp-content\/uploads\/2022\/07\/Logotipo_electoral_del_PSOE.png\",\"width\":422,\"height\":422,\"caption\":\"PSOE Barbate\"},\"image\":{\"@id\":\"https:\/\/agrupacionespsoe.es\/barbate\/#\/schema\/logo\/image\/\"}},{\"@type\":\"Person\",\"@id\":\"https:\/\/agrupacionespsoe.es\/barbate\/#\/schema\/person\/fb57332b771136035857e2a17089b403\",\"name\":\"barbate1\",\"image\":{\"@type\":\"ImageObject\",\"inLanguage\":\"es\",\"@id\":\"https:\/\/agrupacionespsoe.es\/barbate\/#\/schema\/person\/image\/\",\"url\":\"https:\/\/secure.gravatar.com\/avatar\/68ea7ed9431a20fed86e5d4af65dc975?s=96&d=mm&r=g\",\"contentUrl\":\"https:\/\/secure.gravatar.com\/avatar\/68ea7ed9431a20fed86e5d4af65dc975?s=96&d=mm&r=g\",\"caption\":\"barbate1\"},\"url\":\"https:\/\/agrupacionespsoe.es\/barbate\/author\/barbate1\/\"}]}<\/script>\n<!-- \/ Yoast SEO plugin. -->","yoast_head_json":{"title":"El PSOE defender\u00e1 el reforzamiento de la educaci\u00f3n especial y de las viviendas en Barbate - PSOE Barbate","robots":{"index":"index","follow":"follow","max-snippet":"max-snippet:-1","max-image-preview":"max-image-preview:large","max-video-preview":"max-video-preview:-1"},"canonical":"https:\/\/agrupacionespsoe.es\/barbate\/el-psoe-defendera-el-reforzamiento-de-la-educacion-especial-y-de-las-viviendas-en-barbate\/","og_locale":"es_ES","og_type":"article","og_title":"El PSOE defender\u00e1 el reforzamiento de la educaci\u00f3n especial y de las viviendas en Barbate - PSOE Barbate","og_description":"Jes\u00fas Alba presenta mociones clave para el pr\u00f3ximo pleno sobre educaci\u00f3n p\u00fablica inclusiva y acceso a la vivienda y critica la falta de inversi\u00f3n de la Junta de Moreno Bonillla en el municipio El vicesecretario general y secretario de Organizaci\u00f3n del PSOE de Barbate, adem\u00e1s de concejal en el Ayuntamiento,\u00a0Jes\u00fas Alba, ha comparecido esta ma\u00f1ana ...","og_url":"https:\/\/agrupacionespsoe.es\/barbate\/el-psoe-defendera-el-reforzamiento-de-la-educacion-especial-y-de-las-viviendas-en-barbate\/","og_site_name":"PSOE Barbate","article_published_time":"2025-08-01T18:43:54+00:00","article_modified_time":"2025-08-01T18:43:55+00:00","og_image":[{"width":1600,"height":900,"url":"https:\/\/agrupacionespsoe.es\/barbate\/wp-content\/uploads\/sites\/104\/2025\/08\/Jesus-Alba.jpeg","type":"image\/jpeg"}],"author":"barbate1","twitter_card":"summary_large_image","twitter_misc":{"Escrito por":"barbate1","Tiempo de lectura":"2 minutos"},"schema":{"@context":"https:\/\/schema.org","@graph":[{"@type":"Article","@id":"https:\/\/agrupacionespsoe.es\/barbate\/el-psoe-defendera-el-reforzamiento-de-la-educacion-especial-y-de-las-viviendas-en-barbate\/#article","isPartOf":{"@id":"https:\/\/agrupacionespsoe.es\/barbate\/el-psoe-defendera-el-reforzamiento-de-la-educacion-especial-y-de-las-viviendas-en-barbate\/"},"author":{"name":"barbate1","@id":"https:\/\/agrupacionespsoe.es\/barbate\/#\/schema\/person\/fb57332b771136035857e2a17089b403"},"headline":"El PSOE defender\u00e1 el reforzamiento de la educaci\u00f3n especial y de las viviendas en Barbate","datePublished":"2025-08-01T18:43:54+00:00","dateModified":"2025-08-01T18:43:55+00:00","mainEntityOfPage":{"@id":"https:\/\/agrupacionespsoe.es\/barbate\/el-psoe-defendera-el-reforzamiento-de-la-educacion-especial-y-de-las-viviendas-en-barbate\/"},"wordCount":454,"commentCount":0,"publisher":{"@id":"https:\/\/agrupacionespsoe.es\/barbate\/#organization"},"image":{"@id":"https:\/\/agrupacionespsoe.es\/barbate\/el-psoe-defendera-el-reforzamiento-de-la-educacion-especial-y-de-las-viviendas-en-barbate\/#primaryimage"},"thumbnailUrl":"https:\/\/agrupacionespsoe.es\/barbate\/wp-content\/uploads\/sites\/104\/2025\/08\/Jesus-Alba.jpeg","inLanguage":"es","potentialAction":[{"@type":"CommentAction","name":"Comment","target":["https:\/\/agrupacionespsoe.es\/barbate\/el-psoe-defendera-el-reforzamiento-de-la-educacion-especial-y-de-las-viviendas-en-barbate\/#respond"]}]},{"@type":"WebPage","@id":"https:\/\/agrupacionespsoe.es\/barbate\/el-psoe-defendera-el-reforzamiento-de-la-educacion-especial-y-de-las-viviendas-en-barbate\/","url":"https:\/\/agrupacionespsoe.es\/barbate\/el-psoe-defendera-el-reforzamiento-de-la-educacion-especial-y-de-las-viviendas-en-barbate\/","name":"El PSOE defender\u00e1 el reforzamiento de la educaci\u00f3n especial y de las viviendas en Barbate - PSOE Barbate","isPartOf":{"@id":"https:\/\/agrupacionespsoe.es\/barbate\/#website"},"primaryImageOfPage":{"@id":"https:\/\/agrupacionespsoe.es\/barbate\/el-psoe-defendera-el-reforzamiento-de-la-educacion-especial-y-de-las-viviendas-en-barbate\/#primaryimage"},"image":{"@id":"https:\/\/agrupacionespsoe.es\/barbate\/el-psoe-defendera-el-reforzamiento-de-la-educacion-especial-y-de-las-viviendas-en-barbate\/#primaryimage"},"thumbnailUrl":"https:\/\/agrupacionespsoe.es\/barbate\/wp-content\/uploads\/sites\/104\/2025\/08\/Jesus-Alba.jpeg","datePublished":"2025-08-01T18:43:54+00:00","dateModified":"2025-08-01T18:43:55+00:00","breadcrumb":{"@id":"https:\/\/agrupacionespsoe.es\/barbate\/el-psoe-defendera-el-reforzamiento-de-la-educacion-especial-y-de-las-viviendas-en-barbate\/#breadcrumb"},"inLanguage":"es","potentialAction":[{"@type":"ReadAction","target":["https:\/\/agrupacionespsoe.es\/barbate\/el-psoe-defendera-el-reforzamiento-de-la-educacion-especial-y-de-las-viviendas-en-barbate\/"]}]},{"@type":"ImageObject","inLanguage":"es","@id":"https:\/\/agrupacionespsoe.es\/barbate\/el-psoe-defendera-el-reforzamiento-de-la-educacion-especial-y-de-las-viviendas-en-barbate\/#primaryimage","url":"https:\/\/agrupacionespsoe.es\/barbate\/wp-content\/uploads\/sites\/104\/2025\/08\/Jesus-Alba.jpeg","contentUrl":"https:\/\/agrupacionespsoe.es\/barbate\/wp-content\/uploads\/sites\/104\/2025\/08\/Jesus-Alba.jpeg","width":1600,"height":900},{"@type":"BreadcrumbList","@id":"https:\/\/agrupacionespsoe.es\/barbate\/el-psoe-defendera-el-reforzamiento-de-la-educacion-especial-y-de-las-viviendas-en-barbate\/#breadcrumb","itemListElement":[{"@type":"ListItem","position":1,"name":"Portada","item":"https:\/\/agrupacionespsoe.es\/barbate\/"},{"@type":"ListItem","position":2,"name":"El PSOE defender\u00e1 el reforzamiento de la educaci\u00f3n especial y de las viviendas en Barbate"}]},{"@type":"WebSite","@id":"https:\/\/agrupacionespsoe.es\/barbate\/#website","url":"https:\/\/agrupacionespsoe.es\/barbate\/","name":"PSOE Barbate","description":"PSOE BARBATE","publisher":{"@id":"https:\/\/agrupacionespsoe.es\/barbate\/#organization"},"potentialAction":[{"@type":"SearchAction","target":{"@type":"EntryPoint","urlTemplate":"https:\/\/agrupacionespsoe.es\/barbate\/?s={search_term_string}"},"query-input":{"@type":"PropertyValueSpecification","valueRequired":true,"valueName":"search_term_string"}}],"inLanguage":"es"},{"@type":"Organization","@id":"https:\/\/agrupacionespsoe.es\/barbate\/#organization","name":"PSOE Barbate","url":"https:\/\/agrupacionespsoe.es\/barbate\/","logo":{"@type":"ImageObject","inLanguage":"es","@id":"https:\/\/agrupacionespsoe.es\/barbate\/#\/schema\/logo\/image\/","url":"https:\/\/agrupacionespsoe.es\/wp-content\/uploads\/2022\/07\/Logotipo_electoral_del_PSOE.png","contentUrl":"https:\/\/agrupacionespsoe.es\/wp-content\/uploads\/2022\/07\/Logotipo_electoral_del_PSOE.png","width":422,"height":422,"caption":"PSOE Barbate"},"image":{"@id":"https:\/\/agrupacionespsoe.es\/barbate\/#\/schema\/logo\/image\/"}},{"@type":"Person","@id":"https:\/\/agrupacionespsoe.es\/barbate\/#\/schema\/person\/fb57332b771136035857e2a17089b403","name":"barbate1","image":{"@type":"ImageObject","inLanguage":"es","@id":"https:\/\/agrupacionespsoe.es\/barbate\/#\/schema\/person\/image\/","url":"https:\/\/secure.gravatar.com\/avatar\/68ea7ed9431a20fed86e5d4af65dc975?s=96&d=mm&r=g","contentUrl":"https:\/\/secure.gravatar.com\/avatar\/68ea7ed9431a20fed86e5d4af65dc975?s=96&d=mm&r=g","caption":"barbate1"},"url":"https:\/\/agrupacionespsoe.es\/barbate\/author\/barbate1\/"}]}},"jetpack_featured_media_url":"https:\/\/agrupacionespsoe.es\/barbate\/wp-content\/uploads\/sites\/104\/2025\/08\/Jesus-Alba.jpeg","jetpack_sharing_enabled":true,"_links":{"self":[{"href":"https:\/\/agrupacionespsoe.es\/barbate\/wp-json\/wp\/v2\/posts\/665","targetHints":{"allow":["GET"]}}],"collection":[{"href":"https:\/\/agrupacionespsoe.es\/barbate\/wp-json\/wp\/v2\/posts"}],"about":[{"href":"https:\/\/agrupacionespsoe.es\/barbate\/wp-json\/wp\/v2\/types\/post"}],"author":[{"embeddable":true,"href":"https:\/\/agrupacionespsoe.es\/barbate\/wp-json\/wp\/v2\/users\/155"}],"replies":[{"embeddable":true,"href":"https:\/\/agrupacionespsoe.es\/barbate\/wp-json\/wp\/v2\/comments?post=665"}],"version-history":[{"count":1,"href":"https:\/\/agrupacionespsoe.es\/barbate\/wp-json\/wp\/v2\/posts\/665\/revisions"}],"predecessor-version":[{"id":667,"href":"https:\/\/agrupacionespsoe.es\/barbate\/wp-json\/wp\/v2\/posts\/665\/revisions\/667"}],"wp:featuredmedia":[{"embeddable":true,"href":"https:\/\/agrupacionespsoe.es\/barbate\/wp-json\/wp\/v2\/media\/666"}],"wp:attachment":[{"href":"https:\/\/agrupacionespsoe.es\/barbate\/wp-json\/wp\/v2\/media?parent=665"}],"wp:term":[{"taxonomy":"category","embeddable":true,"href":"https:\/\/agrupacionespsoe.es\/barbate\/wp-json\/wp\/v2\/categories?post=665"},{"taxonomy":"post_tag","embeddable":true,"href":"https:\/\/agrupacionespsoe.es\/barbate\/wp-json\/wp\/v2\/tags?post=665"}],"curies":[{"name":"wp","href":"https:\/\/api.w.org\/{rel}","templated":true}]}}