{"id":661,"date":"2025-07-10T13:18:47","date_gmt":"2025-07-10T13:18:47","guid":{"rendered":"https:\/\/agrupacionespsoe.es\/barbate\/?p=661"},"modified":"2025-07-10T13:18:52","modified_gmt":"2025-07-10T13:18:52","slug":"el-psoe-y-el-ampa-del-ceip-bahia-de-barbate-reclaman-a-la-junta-de-andalucia-un-mayor-compromiso-con-el-alumnado-tea","status":"publish","type":"post","link":"https:\/\/agrupacionespsoe.es\/barbate\/el-psoe-y-el-ampa-del-ceip-bahia-de-barbate-reclaman-a-la-junta-de-andalucia-un-mayor-compromiso-con-el-alumnado-tea\/","title":{"rendered":"El PSOE y el AMPA del CEIP Bah\u00eda de Barbate reclaman a la Junta de Andaluc\u00eda un mayor compromiso con el alumnado TEA"},"content":{"rendered":"\n<p><em>Javier Rodr\u00edguez y Montse Tamayo han mantenido un encuentro con madres del AMPA y propondr\u00e1n un pacto local por la educaci\u00f3n de Barbate<\/em><\/p>\n\n\n\n<p>El secretario general del PSOE de Barbate y portavoz, Javier Rodr\u00edguez junto con la secretaria de educaci\u00f3n y concejal socialista, Montse Tamayo han recibido a madres del CEIP Bah\u00eda de Barbate para conocer de primera mano la situaci\u00f3n que actualmente padecen en este centro educativo en referencia al incumplimiento de ratio legal en aulas para ni\u00f1os de espectro autista y con necesidades especiales en Barbate.\u00a0<\/p>\n\n\n\n<p>&nbsp;&nbsp;&nbsp;&nbsp;&nbsp;&nbsp;&nbsp;&nbsp;&nbsp;&nbsp;&nbsp;&nbsp;Las familias que representan a la comunidad educativa y trasladan que a d\u00eda de hoy son m\u00e1s de 50 ni\u00f1os con necesidades especiales en este centro educativo concretamente, solicitan mayor implicaci\u00f3n de la Consejer\u00eda de Educaci\u00f3n para reforzar e incrementar las partidas presupuestarias en contratar a m\u00e1s profesionales que atiende al alumnado NEAE, tanto en las aulas espec\u00edficas como en las aulas ordinarias de la localidad, adem\u00e1s del cumplimiento riguroso de los ratios legales establecidos y la dotaci\u00f3n inmediata de recursos humanos y materiales espec\u00edficos para las aulas de nueva creaci\u00f3n.&nbsp;<\/p>\n\n\n\n<p>&nbsp;&nbsp;&nbsp;&nbsp;&nbsp;&nbsp;&nbsp;&nbsp;&nbsp;&nbsp;&nbsp;&nbsp;Los ratios actualmente est\u00e1n muy por encima del legalmente establecido, siendo en algunos casos un profesional PTIS para doce ni\u00f1os o aulas de seis ni\u00f1os, por lo que son casos en los que expresan que \u201ca veces los ni\u00f1os y ni\u00f1as con alta dependencia, con este contexto, no avanzan\u201d, por lo que preocupa al AMPA del centro educativo.&nbsp;<\/p>\n\n\n\n<p>&nbsp;&nbsp;&nbsp;&nbsp;&nbsp;&nbsp;&nbsp;&nbsp;&nbsp;&nbsp;&nbsp;&nbsp;Javier Rodr\u00edguez y Montse Tamayo en nombre del PSOE de Barbate se ha comprometido a realizar una moci\u00f3n plenaria para buscar la unidad pol\u00edtica e institucional y vayamos de la mano ante este asunto que es de inter\u00e9s general, aparte de ello, propondr\u00e1n tambi\u00e9n un pacto local de educaci\u00f3n por Barbate. Al mismo tiempo, se ha elevado esta reivindicaci\u00f3n justa y necesaria al grupo parlamentario socialista para que pueda defenderlo en el parlamento de Andaluc\u00eda.&nbsp;<\/p>\n\n\n\n<p><strong>&nbsp;&nbsp;&nbsp;&nbsp;&nbsp;&nbsp;&nbsp;&nbsp;&nbsp;Pacto local por la educaci\u00f3n de Barbate<\/strong><\/p>\n\n\n\n<p>&nbsp;&nbsp;&nbsp;&nbsp;&nbsp;&nbsp;&nbsp;&nbsp;&nbsp;&nbsp;&nbsp;&nbsp;Los socialistas analizan con profesionales de la educaci\u00f3n de Barbate que se debe de llevar a cabo un pacto local por la educaci\u00f3n en el municipio al fin de que la unidad pol\u00edtica, institucional y social vayan de la mano ante las reclamaciones a las diferentes administraciones p\u00fablicas con competencia en materia de educaci\u00f3n.&nbsp;<\/p>\n","protected":false},"excerpt":{"rendered":"<p>Javier Rodr\u00edguez y Montse Tamayo han mantenido un encuentro con madres del AMPA y propondr\u00e1n un pacto local por la educaci\u00f3n de Barbate El secretario general del PSOE de Barbate y portavoz, Javier Rodr\u00edguez junto con la secretaria de educaci\u00f3n y concejal socialista, Montse Tamayo han recibido a madres del CEIP Bah\u00eda de Barbate para &#8230;<\/p>\n","protected":false},"author":155,"featured_media":662,"comment_status":"open","ping_status":"open","sticky":false,"template":"","format":"standard","meta":{"_jetpack_memberships_contains_paid_content":false,"footnotes":""},"categories":[1],"tags":[],"class_list":["post-661","post","type-post","status-publish","format-standard","has-post-thumbnail","hentry","category-sin-categoria"],"yoast_head":"<!-- This site is optimized with the Yoast SEO plugin v24.0 - https:\/\/yoast.com\/wordpress\/plugins\/seo\/ -->\n<title>El PSOE y el AMPA del CEIP Bah\u00eda de Barbate reclaman a la Junta de Andaluc\u00eda un mayor compromiso con el alumnado TEA - PSOE Barbate<\/title>\n<meta name=\"robots\" content=\"index, follow, max-snippet:-1, max-image-preview:large, max-video-preview:-1\" \/>\n<link rel=\"canonical\" href=\"https:\/\/agrupacionespsoe.es\/barbate\/el-psoe-y-el-ampa-del-ceip-bahia-de-barbate-reclaman-a-la-junta-de-andalucia-un-mayor-compromiso-con-el-alumnado-tea\/\" \/>\n<meta property=\"og:locale\" content=\"es_ES\" \/>\n<meta property=\"og:type\" content=\"article\" \/>\n<meta property=\"og:title\" content=\"El PSOE y el AMPA del CEIP Bah\u00eda de Barbate reclaman a la Junta de Andaluc\u00eda un mayor compromiso con el alumnado TEA - PSOE Barbate\" \/>\n<meta property=\"og:description\" content=\"Javier Rodr\u00edguez y Montse Tamayo han mantenido un encuentro con madres del AMPA y propondr\u00e1n un pacto local por la educaci\u00f3n de Barbate El secretario general del PSOE de Barbate y portavoz, Javier Rodr\u00edguez junto con la secretaria de educaci\u00f3n y concejal socialista, Montse Tamayo han recibido a madres del CEIP Bah\u00eda de Barbate para ...\" \/>\n<meta property=\"og:url\" content=\"https:\/\/agrupacionespsoe.es\/barbate\/el-psoe-y-el-ampa-del-ceip-bahia-de-barbate-reclaman-a-la-junta-de-andalucia-un-mayor-compromiso-con-el-alumnado-tea\/\" \/>\n<meta property=\"og:site_name\" content=\"PSOE Barbate\" \/>\n<meta property=\"article:published_time\" content=\"2025-07-10T13:18:47+00:00\" \/>\n<meta property=\"article:modified_time\" content=\"2025-07-10T13:18:52+00:00\" \/>\n<meta property=\"og:image\" content=\"https:\/\/agrupacionespsoe.es\/barbate\/wp-content\/uploads\/sites\/104\/2025\/07\/WhatsApp-Image-2025-07-10-at-14.16.17.jpeg\" \/>\n\t<meta property=\"og:image:width\" content=\"1420\" \/>\n\t<meta property=\"og:image:height\" content=\"808\" \/>\n\t<meta property=\"og:image:type\" content=\"image\/jpeg\" \/>\n<meta name=\"author\" content=\"barbate1\" \/>\n<meta name=\"twitter:card\" content=\"summary_large_image\" \/>\n<meta name=\"twitter:label1\" content=\"Escrito por\" \/>\n\t<meta name=\"twitter:data1\" content=\"barbate1\" \/>\n\t<meta name=\"twitter:label2\" content=\"Tiempo de lectura\" \/>\n\t<meta name=\"twitter:data2\" content=\"2 minutos\" \/>\n<script type=\"application\/ld+json\" class=\"yoast-schema-graph\">{\"@context\":\"https:\/\/schema.org\",\"@graph\":[{\"@type\":\"Article\",\"@id\":\"https:\/\/agrupacionespsoe.es\/barbate\/el-psoe-y-el-ampa-del-ceip-bahia-de-barbate-reclaman-a-la-junta-de-andalucia-un-mayor-compromiso-con-el-alumnado-tea\/#article\",\"isPartOf\":{\"@id\":\"https:\/\/agrupacionespsoe.es\/barbate\/el-psoe-y-el-ampa-del-ceip-bahia-de-barbate-reclaman-a-la-junta-de-andalucia-un-mayor-compromiso-con-el-alumnado-tea\/\"},\"author\":{\"name\":\"barbate1\",\"@id\":\"https:\/\/agrupacionespsoe.es\/barbate\/#\/schema\/person\/fb57332b771136035857e2a17089b403\"},\"headline\":\"El PSOE y el AMPA del CEIP Bah\u00eda de Barbate reclaman a la Junta de Andaluc\u00eda un mayor compromiso con el alumnado TEA\",\"datePublished\":\"2025-07-10T13:18:47+00:00\",\"dateModified\":\"2025-07-10T13:18:52+00:00\",\"mainEntityOfPage\":{\"@id\":\"https:\/\/agrupacionespsoe.es\/barbate\/el-psoe-y-el-ampa-del-ceip-bahia-de-barbate-reclaman-a-la-junta-de-andalucia-un-mayor-compromiso-con-el-alumnado-tea\/\"},\"wordCount\":498,\"commentCount\":0,\"publisher\":{\"@id\":\"https:\/\/agrupacionespsoe.es\/barbate\/#organization\"},\"image\":{\"@id\":\"https:\/\/agrupacionespsoe.es\/barbate\/el-psoe-y-el-ampa-del-ceip-bahia-de-barbate-reclaman-a-la-junta-de-andalucia-un-mayor-compromiso-con-el-alumnado-tea\/#primaryimage\"},\"thumbnailUrl\":\"https:\/\/agrupacionespsoe.es\/barbate\/wp-content\/uploads\/sites\/104\/2025\/07\/WhatsApp-Image-2025-07-10-at-14.16.17.jpeg\",\"inLanguage\":\"es\",\"potentialAction\":[{\"@type\":\"CommentAction\",\"name\":\"Comment\",\"target\":[\"https:\/\/agrupacionespsoe.es\/barbate\/el-psoe-y-el-ampa-del-ceip-bahia-de-barbate-reclaman-a-la-junta-de-andalucia-un-mayor-compromiso-con-el-alumnado-tea\/#respond\"]}]},{\"@type\":\"WebPage\",\"@id\":\"https:\/\/agrupacionespsoe.es\/barbate\/el-psoe-y-el-ampa-del-ceip-bahia-de-barbate-reclaman-a-la-junta-de-andalucia-un-mayor-compromiso-con-el-alumnado-tea\/\",\"url\":\"https:\/\/agrupacionespsoe.es\/barbate\/el-psoe-y-el-ampa-del-ceip-bahia-de-barbate-reclaman-a-la-junta-de-andalucia-un-mayor-compromiso-con-el-alumnado-tea\/\",\"name\":\"El PSOE y el AMPA del CEIP Bah\u00eda de Barbate reclaman a la Junta de Andaluc\u00eda un mayor compromiso con el alumnado TEA - PSOE Barbate\",\"isPartOf\":{\"@id\":\"https:\/\/agrupacionespsoe.es\/barbate\/#website\"},\"primaryImageOfPage\":{\"@id\":\"https:\/\/agrupacionespsoe.es\/barbate\/el-psoe-y-el-ampa-del-ceip-bahia-de-barbate-reclaman-a-la-junta-de-andalucia-un-mayor-compromiso-con-el-alumnado-tea\/#primaryimage\"},\"image\":{\"@id\":\"https:\/\/agrupacionespsoe.es\/barbate\/el-psoe-y-el-ampa-del-ceip-bahia-de-barbate-reclaman-a-la-junta-de-andalucia-un-mayor-compromiso-con-el-alumnado-tea\/#primaryimage\"},\"thumbnailUrl\":\"https:\/\/agrupacionespsoe.es\/barbate\/wp-content\/uploads\/sites\/104\/2025\/07\/WhatsApp-Image-2025-07-10-at-14.16.17.jpeg\",\"datePublished\":\"2025-07-10T13:18:47+00:00\",\"dateModified\":\"2025-07-10T13:18:52+00:00\",\"breadcrumb\":{\"@id\":\"https:\/\/agrupacionespsoe.es\/barbate\/el-psoe-y-el-ampa-del-ceip-bahia-de-barbate-reclaman-a-la-junta-de-andalucia-un-mayor-compromiso-con-el-alumnado-tea\/#breadcrumb\"},\"inLanguage\":\"es\",\"potentialAction\":[{\"@type\":\"ReadAction\",\"target\":[\"https:\/\/agrupacionespsoe.es\/barbate\/el-psoe-y-el-ampa-del-ceip-bahia-de-barbate-reclaman-a-la-junta-de-andalucia-un-mayor-compromiso-con-el-alumnado-tea\/\"]}]},{\"@type\":\"ImageObject\",\"inLanguage\":\"es\",\"@id\":\"https:\/\/agrupacionespsoe.es\/barbate\/el-psoe-y-el-ampa-del-ceip-bahia-de-barbate-reclaman-a-la-junta-de-andalucia-un-mayor-compromiso-con-el-alumnado-tea\/#primaryimage\",\"url\":\"https:\/\/agrupacionespsoe.es\/barbate\/wp-content\/uploads\/sites\/104\/2025\/07\/WhatsApp-Image-2025-07-10-at-14.16.17.jpeg\",\"contentUrl\":\"https:\/\/agrupacionespsoe.es\/barbate\/wp-content\/uploads\/sites\/104\/2025\/07\/WhatsApp-Image-2025-07-10-at-14.16.17.jpeg\",\"width\":1420,\"height\":808},{\"@type\":\"BreadcrumbList\",\"@id\":\"https:\/\/agrupacionespsoe.es\/barbate\/el-psoe-y-el-ampa-del-ceip-bahia-de-barbate-reclaman-a-la-junta-de-andalucia-un-mayor-compromiso-con-el-alumnado-tea\/#breadcrumb\",\"itemListElement\":[{\"@type\":\"ListItem\",\"position\":1,\"name\":\"Portada\",\"item\":\"https:\/\/agrupacionespsoe.es\/barbate\/\"},{\"@type\":\"ListItem\",\"position\":2,\"name\":\"El PSOE y el AMPA del CEIP Bah\u00eda de Barbate reclaman a la Junta de Andaluc\u00eda un mayor compromiso con el alumnado TEA\"}]},{\"@type\":\"WebSite\",\"@id\":\"https:\/\/agrupacionespsoe.es\/barbate\/#website\",\"url\":\"https:\/\/agrupacionespsoe.es\/barbate\/\",\"name\":\"PSOE Barbate\",\"description\":\"PSOE BARBATE\",\"publisher\":{\"@id\":\"https:\/\/agrupacionespsoe.es\/barbate\/#organization\"},\"potentialAction\":[{\"@type\":\"SearchAction\",\"target\":{\"@type\":\"EntryPoint\",\"urlTemplate\":\"https:\/\/agrupacionespsoe.es\/barbate\/?s={search_term_string}\"},\"query-input\":{\"@type\":\"PropertyValueSpecification\",\"valueRequired\":true,\"valueName\":\"search_term_string\"}}],\"inLanguage\":\"es\"},{\"@type\":\"Organization\",\"@id\":\"https:\/\/agrupacionespsoe.es\/barbate\/#organization\",\"name\":\"PSOE Barbate\",\"url\":\"https:\/\/agrupacionespsoe.es\/barbate\/\",\"logo\":{\"@type\":\"ImageObject\",\"inLanguage\":\"es\",\"@id\":\"https:\/\/agrupacionespsoe.es\/barbate\/#\/schema\/logo\/image\/\",\"url\":\"https:\/\/agrupacionespsoe.es\/wp-content\/uploads\/2022\/07\/Logotipo_electoral_del_PSOE.png\",\"contentUrl\":\"https:\/\/agrupacionespsoe.es\/wp-content\/uploads\/2022\/07\/Logotipo_electoral_del_PSOE.png\",\"width\":422,\"height\":422,\"caption\":\"PSOE Barbate\"},\"image\":{\"@id\":\"https:\/\/agrupacionespsoe.es\/barbate\/#\/schema\/logo\/image\/\"}},{\"@type\":\"Person\",\"@id\":\"https:\/\/agrupacionespsoe.es\/barbate\/#\/schema\/person\/fb57332b771136035857e2a17089b403\",\"name\":\"barbate1\",\"image\":{\"@type\":\"ImageObject\",\"inLanguage\":\"es\",\"@id\":\"https:\/\/agrupacionespsoe.es\/barbate\/#\/schema\/person\/image\/\",\"url\":\"https:\/\/secure.gravatar.com\/avatar\/68ea7ed9431a20fed86e5d4af65dc975?s=96&d=mm&r=g\",\"contentUrl\":\"https:\/\/secure.gravatar.com\/avatar\/68ea7ed9431a20fed86e5d4af65dc975?s=96&d=mm&r=g\",\"caption\":\"barbate1\"},\"url\":\"https:\/\/agrupacionespsoe.es\/barbate\/author\/barbate1\/\"}]}<\/script>\n<!-- \/ Yoast SEO plugin. -->","yoast_head_json":{"title":"El PSOE y el AMPA del CEIP Bah\u00eda de Barbate reclaman a la Junta de Andaluc\u00eda un mayor compromiso con el alumnado TEA - PSOE Barbate","robots":{"index":"index","follow":"follow","max-snippet":"max-snippet:-1","max-image-preview":"max-image-preview:large","max-video-preview":"max-video-preview:-1"},"canonical":"https:\/\/agrupacionespsoe.es\/barbate\/el-psoe-y-el-ampa-del-ceip-bahia-de-barbate-reclaman-a-la-junta-de-andalucia-un-mayor-compromiso-con-el-alumnado-tea\/","og_locale":"es_ES","og_type":"article","og_title":"El PSOE y el AMPA del CEIP Bah\u00eda de Barbate reclaman a la Junta de Andaluc\u00eda un mayor compromiso con el alumnado TEA - PSOE Barbate","og_description":"Javier Rodr\u00edguez y Montse Tamayo han mantenido un encuentro con madres del AMPA y propondr\u00e1n un pacto local por la educaci\u00f3n de Barbate El secretario general del PSOE de Barbate y portavoz, Javier Rodr\u00edguez junto con la secretaria de educaci\u00f3n y concejal socialista, Montse Tamayo han recibido a madres del CEIP Bah\u00eda de Barbate para ...","og_url":"https:\/\/agrupacionespsoe.es\/barbate\/el-psoe-y-el-ampa-del-ceip-bahia-de-barbate-reclaman-a-la-junta-de-andalucia-un-mayor-compromiso-con-el-alumnado-tea\/","og_site_name":"PSOE Barbate","article_published_time":"2025-07-10T13:18:47+00:00","article_modified_time":"2025-07-10T13:18:52+00:00","og_image":[{"width":1420,"height":808,"url":"https:\/\/agrupacionespsoe.es\/barbate\/wp-content\/uploads\/sites\/104\/2025\/07\/WhatsApp-Image-2025-07-10-at-14.16.17.jpeg","type":"image\/jpeg"}],"author":"barbate1","twitter_card":"summary_large_image","twitter_misc":{"Escrito por":"barbate1","Tiempo de lectura":"2 minutos"},"schema":{"@context":"https:\/\/schema.org","@graph":[{"@type":"Article","@id":"https:\/\/agrupacionespsoe.es\/barbate\/el-psoe-y-el-ampa-del-ceip-bahia-de-barbate-reclaman-a-la-junta-de-andalucia-un-mayor-compromiso-con-el-alumnado-tea\/#article","isPartOf":{"@id":"https:\/\/agrupacionespsoe.es\/barbate\/el-psoe-y-el-ampa-del-ceip-bahia-de-barbate-reclaman-a-la-junta-de-andalucia-un-mayor-compromiso-con-el-alumnado-tea\/"},"author":{"name":"barbate1","@id":"https:\/\/agrupacionespsoe.es\/barbate\/#\/schema\/person\/fb57332b771136035857e2a17089b403"},"headline":"El PSOE y el AMPA del CEIP Bah\u00eda de Barbate reclaman a la Junta de Andaluc\u00eda un mayor compromiso con el alumnado TEA","datePublished":"2025-07-10T13:18:47+00:00","dateModified":"2025-07-10T13:18:52+00:00","mainEntityOfPage":{"@id":"https:\/\/agrupacionespsoe.es\/barbate\/el-psoe-y-el-ampa-del-ceip-bahia-de-barbate-reclaman-a-la-junta-de-andalucia-un-mayor-compromiso-con-el-alumnado-tea\/"},"wordCount":498,"commentCount":0,"publisher":{"@id":"https:\/\/agrupacionespsoe.es\/barbate\/#organization"},"image":{"@id":"https:\/\/agrupacionespsoe.es\/barbate\/el-psoe-y-el-ampa-del-ceip-bahia-de-barbate-reclaman-a-la-junta-de-andalucia-un-mayor-compromiso-con-el-alumnado-tea\/#primaryimage"},"thumbnailUrl":"https:\/\/agrupacionespsoe.es\/barbate\/wp-content\/uploads\/sites\/104\/2025\/07\/WhatsApp-Image-2025-07-10-at-14.16.17.jpeg","inLanguage":"es","potentialAction":[{"@type":"CommentAction","name":"Comment","target":["https:\/\/agrupacionespsoe.es\/barbate\/el-psoe-y-el-ampa-del-ceip-bahia-de-barbate-reclaman-a-la-junta-de-andalucia-un-mayor-compromiso-con-el-alumnado-tea\/#respond"]}]},{"@type":"WebPage","@id":"https:\/\/agrupacionespsoe.es\/barbate\/el-psoe-y-el-ampa-del-ceip-bahia-de-barbate-reclaman-a-la-junta-de-andalucia-un-mayor-compromiso-con-el-alumnado-tea\/","url":"https:\/\/agrupacionespsoe.es\/barbate\/el-psoe-y-el-ampa-del-ceip-bahia-de-barbate-reclaman-a-la-junta-de-andalucia-un-mayor-compromiso-con-el-alumnado-tea\/","name":"El PSOE y el AMPA del CEIP Bah\u00eda de Barbate reclaman a la Junta de Andaluc\u00eda un mayor compromiso con el alumnado TEA - PSOE Barbate","isPartOf":{"@id":"https:\/\/agrupacionespsoe.es\/barbate\/#website"},"primaryImageOfPage":{"@id":"https:\/\/agrupacionespsoe.es\/barbate\/el-psoe-y-el-ampa-del-ceip-bahia-de-barbate-reclaman-a-la-junta-de-andalucia-un-mayor-compromiso-con-el-alumnado-tea\/#primaryimage"},"image":{"@id":"https:\/\/agrupacionespsoe.es\/barbate\/el-psoe-y-el-ampa-del-ceip-bahia-de-barbate-reclaman-a-la-junta-de-andalucia-un-mayor-compromiso-con-el-alumnado-tea\/#primaryimage"},"thumbnailUrl":"https:\/\/agrupacionespsoe.es\/barbate\/wp-content\/uploads\/sites\/104\/2025\/07\/WhatsApp-Image-2025-07-10-at-14.16.17.jpeg","datePublished":"2025-07-10T13:18:47+00:00","dateModified":"2025-07-10T13:18:52+00:00","breadcrumb":{"@id":"https:\/\/agrupacionespsoe.es\/barbate\/el-psoe-y-el-ampa-del-ceip-bahia-de-barbate-reclaman-a-la-junta-de-andalucia-un-mayor-compromiso-con-el-alumnado-tea\/#breadcrumb"},"inLanguage":"es","potentialAction":[{"@type":"ReadAction","target":["https:\/\/agrupacionespsoe.es\/barbate\/el-psoe-y-el-ampa-del-ceip-bahia-de-barbate-reclaman-a-la-junta-de-andalucia-un-mayor-compromiso-con-el-alumnado-tea\/"]}]},{"@type":"ImageObject","inLanguage":"es","@id":"https:\/\/agrupacionespsoe.es\/barbate\/el-psoe-y-el-ampa-del-ceip-bahia-de-barbate-reclaman-a-la-junta-de-andalucia-un-mayor-compromiso-con-el-alumnado-tea\/#primaryimage","url":"https:\/\/agrupacionespsoe.es\/barbate\/wp-content\/uploads\/sites\/104\/2025\/07\/WhatsApp-Image-2025-07-10-at-14.16.17.jpeg","contentUrl":"https:\/\/agrupacionespsoe.es\/barbate\/wp-content\/uploads\/sites\/104\/2025\/07\/WhatsApp-Image-2025-07-10-at-14.16.17.jpeg","width":1420,"height":808},{"@type":"BreadcrumbList","@id":"https:\/\/agrupacionespsoe.es\/barbate\/el-psoe-y-el-ampa-del-ceip-bahia-de-barbate-reclaman-a-la-junta-de-andalucia-un-mayor-compromiso-con-el-alumnado-tea\/#breadcrumb","itemListElement":[{"@type":"ListItem","position":1,"name":"Portada","item":"https:\/\/agrupacionespsoe.es\/barbate\/"},{"@type":"ListItem","position":2,"name":"El PSOE y el AMPA del CEIP Bah\u00eda de Barbate reclaman a la Junta de Andaluc\u00eda un mayor compromiso con el alumnado TEA"}]},{"@type":"WebSite","@id":"https:\/\/agrupacionespsoe.es\/barbate\/#website","url":"https:\/\/agrupacionespsoe.es\/barbate\/","name":"PSOE Barbate","description":"PSOE BARBATE","publisher":{"@id":"https:\/\/agrupacionespsoe.es\/barbate\/#organization"},"potentialAction":[{"@type":"SearchAction","target":{"@type":"EntryPoint","urlTemplate":"https:\/\/agrupacionespsoe.es\/barbate\/?s={search_term_string}"},"query-input":{"@type":"PropertyValueSpecification","valueRequired":true,"valueName":"search_term_string"}}],"inLanguage":"es"},{"@type":"Organization","@id":"https:\/\/agrupacionespsoe.es\/barbate\/#organization","name":"PSOE Barbate","url":"https:\/\/agrupacionespsoe.es\/barbate\/","logo":{"@type":"ImageObject","inLanguage":"es","@id":"https:\/\/agrupacionespsoe.es\/barbate\/#\/schema\/logo\/image\/","url":"https:\/\/agrupacionespsoe.es\/wp-content\/uploads\/2022\/07\/Logotipo_electoral_del_PSOE.png","contentUrl":"https:\/\/agrupacionespsoe.es\/wp-content\/uploads\/2022\/07\/Logotipo_electoral_del_PSOE.png","width":422,"height":422,"caption":"PSOE Barbate"},"image":{"@id":"https:\/\/agrupacionespsoe.es\/barbate\/#\/schema\/logo\/image\/"}},{"@type":"Person","@id":"https:\/\/agrupacionespsoe.es\/barbate\/#\/schema\/person\/fb57332b771136035857e2a17089b403","name":"barbate1","image":{"@type":"ImageObject","inLanguage":"es","@id":"https:\/\/agrupacionespsoe.es\/barbate\/#\/schema\/person\/image\/","url":"https:\/\/secure.gravatar.com\/avatar\/68ea7ed9431a20fed86e5d4af65dc975?s=96&d=mm&r=g","contentUrl":"https:\/\/secure.gravatar.com\/avatar\/68ea7ed9431a20fed86e5d4af65dc975?s=96&d=mm&r=g","caption":"barbate1"},"url":"https:\/\/agrupacionespsoe.es\/barbate\/author\/barbate1\/"}]}},"jetpack_featured_media_url":"https:\/\/agrupacionespsoe.es\/barbate\/wp-content\/uploads\/sites\/104\/2025\/07\/WhatsApp-Image-2025-07-10-at-14.16.17.jpeg","jetpack_sharing_enabled":true,"_links":{"self":[{"href":"https:\/\/agrupacionespsoe.es\/barbate\/wp-json\/wp\/v2\/posts\/661","targetHints":{"allow":["GET"]}}],"collection":[{"href":"https:\/\/agrupacionespsoe.es\/barbate\/wp-json\/wp\/v2\/posts"}],"about":[{"href":"https:\/\/agrupacionespsoe.es\/barbate\/wp-json\/wp\/v2\/types\/post"}],"author":[{"embeddable":true,"href":"https:\/\/agrupacionespsoe.es\/barbate\/wp-json\/wp\/v2\/users\/155"}],"replies":[{"embeddable":true,"href":"https:\/\/agrupacionespsoe.es\/barbate\/wp-json\/wp\/v2\/comments?post=661"}],"version-history":[{"count":2,"href":"https:\/\/agrupacionespsoe.es\/barbate\/wp-json\/wp\/v2\/posts\/661\/revisions"}],"predecessor-version":[{"id":664,"href":"https:\/\/agrupacionespsoe.es\/barbate\/wp-json\/wp\/v2\/posts\/661\/revisions\/664"}],"wp:featuredmedia":[{"embeddable":true,"href":"https:\/\/agrupacionespsoe.es\/barbate\/wp-json\/wp\/v2\/media\/662"}],"wp:attachment":[{"href":"https:\/\/agrupacionespsoe.es\/barbate\/wp-json\/wp\/v2\/media?parent=661"}],"wp:term":[{"taxonomy":"category","embeddable":true,"href":"https:\/\/agrupacionespsoe.es\/barbate\/wp-json\/wp\/v2\/categories?post=661"},{"taxonomy":"post_tag","embeddable":true,"href":"https:\/\/agrupacionespsoe.es\/barbate\/wp-json\/wp\/v2\/tags?post=661"}],"curies":[{"name":"wp","href":"https:\/\/api.w.org\/{rel}","templated":true}]}}