{"id":652,"date":"2025-06-28T09:12:57","date_gmt":"2025-06-28T09:12:57","guid":{"rendered":"https:\/\/agrupacionespsoe.es\/barbate\/?p=652"},"modified":"2025-06-28T09:12:58","modified_gmt":"2025-06-28T09:12:58","slug":"exito-del-primer-orgullo-barbateno-celebrado-en-la-casa-del-pueblo","status":"publish","type":"post","link":"https:\/\/agrupacionespsoe.es\/barbate\/exito-del-primer-orgullo-barbateno-celebrado-en-la-casa-del-pueblo\/","title":{"rendered":"\u00c9xito del primer \u2018Orgullo Barbate\u00f1o\u2019 celebrado en la Casa del Pueblo"},"content":{"rendered":"\n<p><em>El PSOE de Barbate reconoce a Jos\u00e9 Luis Rastrollo, Dori Crespo y Guillermo Ortiz como referentes en la lucha de los derechos LGTBI, en un emotivo encuentro donde tambi\u00e9n se recordaron los 20 a\u00f1os del Matrimonio Igualitario&nbsp;<\/em><\/p>\n\n\n\n<p>La Casa del Pueblo de Barbate se llen\u00f3 de orgullo, diversidad y compromiso con motivo de la celebraci\u00f3n del\u00a0<strong>&#8216;Orgullo Barbate\u00f1o&#8217;<\/strong>, un acto organizado por el PSOE de Barbate para conmemorar la lucha de los derechos igualitarios y los\u00a0<strong>20 a\u00f1os de la aprobaci\u00f3n del matrimonio igualitario<\/strong>\u00a0en Espa\u00f1a. Una conquista hist\u00f3rica en la lucha por los derechos del colectivo LGTBIQ+, conseguida durante el gobierno socialistas de Rodr\u00edguez Zapatero.\u00a0<\/p>\n\n\n\n<p>El encuentro, que destac\u00f3 por su car\u00e1cter&nbsp;<strong>entra\u00f1able, reivindicativo y necesario<\/strong>, cont\u00f3 con una amplia participaci\u00f3n de militantes, simpatizantes, colectivos sociales y vecinos y vecinas de la localidad.<\/p>\n\n\n\n<p>La jornada comenz\u00f3 con el&nbsp;<strong>despliegue de la bandera arco\u00edris<\/strong>&nbsp;en la Casa del Pueblo, llevado a cabo por personas referentes en la localidad, comprometidas con la visibilidad y la defensa de los derechos LGTBIQ+ desde distintos \u00e1mbitos profesionales y personales. Posteriormente, el locutor&nbsp;<strong>Antonio Varo<\/strong>&nbsp;ofreci\u00f3 la lectura del manifiesto, transmitiendo un mensaje de orgullo, igualdad y memoria. Desde el PSOE se agradeci\u00f3 su presencia y su implicaci\u00f3n en una jornada tan significativa para la sociedad barbate\u00f1a.<\/p>\n\n\n\n<h3 class=\"wp-block-heading\">Reconocimientos a referentes locales<\/h3>\n\n\n\n<p>Durante el acto, se rindi\u00f3 homenaje a tres figuras destacadas por su compromiso con la igualdad y la visibilidad del colectivo. Este es el caso de&nbsp;<strong>Jos\u00e9 Luis Rastrollo Mayoral<\/strong>, activista hist\u00f3rico y militante del PSOE de Barbate;&nbsp;<strong>Dori Crespo Tineo<\/strong>, trabajadora del Puerto de Barbate, ejemplo de valent\u00eda y referente por su trayectoria personal y profesional; y de&nbsp;<strong>Guillermo Ortiz Chaves<\/strong>, periodista de&nbsp;<em>Tuya La Janda<\/em>, por dar voz al colectivo en los medios de comunicaci\u00f3n y visibilizar realidades que a\u00fan hoy siguen silenciadas.<\/p>\n\n\n\n<p>Todos ellos fueron reconocidos como s\u00edmbolos de&nbsp;<strong>constancia, esperanza y lucha por una sociedad m\u00e1s justa e inclusiva<\/strong>.<\/p>\n\n\n\n<p>El PSOE de Barbate expres\u00f3 su agradecimiento a todas las personas que participaron en el acto, as\u00ed como a quienes lo hicieron posible. En especial, se reconoci\u00f3 la presencia de&nbsp;<strong>Quino Mu\u00f1oz<\/strong>, secretario provincial del PSOE de C\u00e1diz en materia LGTBIQ+, y de&nbsp;<strong>Chico Salvatierra<\/strong>, presidente de la Asociaci\u00f3n \u201cLa Mar de Orgullo\u201d de Barbate.<\/p>\n\n\n\n<p>Finalmente, el secretario general del PSOE de Barbate,&nbsp;<strong>Javier Rodr\u00edguez<\/strong>, cerr\u00f3 el acto con una intervenci\u00f3n en la que destac\u00f3 \u201cla importancia de no dar ni un paso atr\u00e1s en la defensa de los derechos civiles del colectivo LGTBIQ+\u201d, record\u00f3 \u201clos avances conseguidos bajo gobiernos socialistas\u201d y rindi\u00f3 homenaje a la figura de&nbsp;<strong>Pedro Zerolo<\/strong>, referente eterno de la igualdad y el activismo.<\/p>\n\n\n\n<figure class=\"wp-block-gallery has-nested-images columns-default is-cropped wp-block-gallery-1 is-layout-flex wp-block-gallery-is-layout-flex\">\n<figure class=\"wp-block-image size-large\"><img loading=\"lazy\" decoding=\"async\" width=\"1024\" height=\"576\" data-id=\"659\" src=\"https:\/\/agrupacionespsoe.es\/barbate\/wp-content\/uploads\/sites\/104\/2025\/06\/510343695_1130730619080606_3668233647950519994_n-1024x576.jpg\" alt=\"\" class=\"wp-image-659\" srcset=\"https:\/\/agrupacionespsoe.es\/barbate\/wp-content\/uploads\/sites\/104\/2025\/06\/510343695_1130730619080606_3668233647950519994_n-1024x576.jpg 1024w, https:\/\/agrupacionespsoe.es\/barbate\/wp-content\/uploads\/sites\/104\/2025\/06\/510343695_1130730619080606_3668233647950519994_n-300x169.jpg 300w, https:\/\/agrupacionespsoe.es\/barbate\/wp-content\/uploads\/sites\/104\/2025\/06\/510343695_1130730619080606_3668233647950519994_n-768x432.jpg 768w, https:\/\/agrupacionespsoe.es\/barbate\/wp-content\/uploads\/sites\/104\/2025\/06\/510343695_1130730619080606_3668233647950519994_n-1536x864.jpg 1536w, https:\/\/agrupacionespsoe.es\/barbate\/wp-content\/uploads\/sites\/104\/2025\/06\/510343695_1130730619080606_3668233647950519994_n.jpg 1599w\" sizes=\"auto, (max-width: 1024px) 100vw, 1024px\" \/><\/figure>\n\n\n\n<figure class=\"wp-block-image size-large\"><img loading=\"lazy\" decoding=\"async\" width=\"1024\" height=\"576\" data-id=\"658\" src=\"https:\/\/agrupacionespsoe.es\/barbate\/wp-content\/uploads\/sites\/104\/2025\/06\/508677834_1130730645747270_610305780277184029_n-1024x576.jpg\" alt=\"\" class=\"wp-image-658\" srcset=\"https:\/\/agrupacionespsoe.es\/barbate\/wp-content\/uploads\/sites\/104\/2025\/06\/508677834_1130730645747270_610305780277184029_n-1024x576.jpg 1024w, https:\/\/agrupacionespsoe.es\/barbate\/wp-content\/uploads\/sites\/104\/2025\/06\/508677834_1130730645747270_610305780277184029_n-300x169.jpg 300w, https:\/\/agrupacionespsoe.es\/barbate\/wp-content\/uploads\/sites\/104\/2025\/06\/508677834_1130730645747270_610305780277184029_n-768x432.jpg 768w, https:\/\/agrupacionespsoe.es\/barbate\/wp-content\/uploads\/sites\/104\/2025\/06\/508677834_1130730645747270_610305780277184029_n-1536x864.jpg 1536w, https:\/\/agrupacionespsoe.es\/barbate\/wp-content\/uploads\/sites\/104\/2025\/06\/508677834_1130730645747270_610305780277184029_n.jpg 1599w\" sizes=\"auto, (max-width: 1024px) 100vw, 1024px\" \/><\/figure>\n\n\n\n<figure class=\"wp-block-image size-large\"><img loading=\"lazy\" decoding=\"async\" width=\"1024\" height=\"577\" data-id=\"657\" src=\"https:\/\/agrupacionespsoe.es\/barbate\/wp-content\/uploads\/sites\/104\/2025\/06\/514011428_1130731142413887_1178048864856507445_n-1024x577.jpg\" alt=\"\" class=\"wp-image-657\" srcset=\"https:\/\/agrupacionespsoe.es\/barbate\/wp-content\/uploads\/sites\/104\/2025\/06\/514011428_1130731142413887_1178048864856507445_n-1024x577.jpg 1024w, https:\/\/agrupacionespsoe.es\/barbate\/wp-content\/uploads\/sites\/104\/2025\/06\/514011428_1130731142413887_1178048864856507445_n-300x169.jpg 300w, https:\/\/agrupacionespsoe.es\/barbate\/wp-content\/uploads\/sites\/104\/2025\/06\/514011428_1130731142413887_1178048864856507445_n-768x432.jpg 768w, https:\/\/agrupacionespsoe.es\/barbate\/wp-content\/uploads\/sites\/104\/2025\/06\/514011428_1130731142413887_1178048864856507445_n-1536x865.jpg 1536w, https:\/\/agrupacionespsoe.es\/barbate\/wp-content\/uploads\/sites\/104\/2025\/06\/514011428_1130731142413887_1178048864856507445_n.jpg 2048w\" sizes=\"auto, (max-width: 1024px) 100vw, 1024px\" \/><\/figure>\n\n\n\n<figure class=\"wp-block-image size-large\"><img loading=\"lazy\" decoding=\"async\" width=\"1024\" height=\"577\" data-id=\"656\" src=\"https:\/\/agrupacionespsoe.es\/barbate\/wp-content\/uploads\/sites\/104\/2025\/06\/514190745_1130731635747171_6721839331787477579_n-1024x577.jpg\" alt=\"\" class=\"wp-image-656\" srcset=\"https:\/\/agrupacionespsoe.es\/barbate\/wp-content\/uploads\/sites\/104\/2025\/06\/514190745_1130731635747171_6721839331787477579_n-1024x577.jpg 1024w, https:\/\/agrupacionespsoe.es\/barbate\/wp-content\/uploads\/sites\/104\/2025\/06\/514190745_1130731635747171_6721839331787477579_n-300x169.jpg 300w, https:\/\/agrupacionespsoe.es\/barbate\/wp-content\/uploads\/sites\/104\/2025\/06\/514190745_1130731635747171_6721839331787477579_n-768x432.jpg 768w, https:\/\/agrupacionespsoe.es\/barbate\/wp-content\/uploads\/sites\/104\/2025\/06\/514190745_1130731635747171_6721839331787477579_n-1536x865.jpg 1536w, https:\/\/agrupacionespsoe.es\/barbate\/wp-content\/uploads\/sites\/104\/2025\/06\/514190745_1130731635747171_6721839331787477579_n.jpg 2048w\" sizes=\"auto, (max-width: 1024px) 100vw, 1024px\" \/><\/figure>\n\n\n\n<figure class=\"wp-block-image size-large\"><img loading=\"lazy\" decoding=\"async\" width=\"1020\" height=\"574\" data-id=\"655\" src=\"https:\/\/agrupacionespsoe.es\/barbate\/wp-content\/uploads\/sites\/104\/2025\/06\/513540860_1130730855747249_5462794138860194450_n.jpg\" alt=\"\" class=\"wp-image-655\" srcset=\"https:\/\/agrupacionespsoe.es\/barbate\/wp-content\/uploads\/sites\/104\/2025\/06\/513540860_1130730855747249_5462794138860194450_n.jpg 1020w, https:\/\/agrupacionespsoe.es\/barbate\/wp-content\/uploads\/sites\/104\/2025\/06\/513540860_1130730855747249_5462794138860194450_n-300x169.jpg 300w, https:\/\/agrupacionespsoe.es\/barbate\/wp-content\/uploads\/sites\/104\/2025\/06\/513540860_1130730855747249_5462794138860194450_n-768x432.jpg 768w\" sizes=\"auto, (max-width: 1020px) 100vw, 1020px\" \/><\/figure>\n\n\n\n<figure class=\"wp-block-image size-large\"><img loading=\"lazy\" decoding=\"async\" width=\"1024\" height=\"577\" data-id=\"654\" src=\"https:\/\/agrupacionespsoe.es\/barbate\/wp-content\/uploads\/sites\/104\/2025\/06\/513220111_1130731719080496_6452614682656084600_n-1024x577.jpg\" alt=\"\" class=\"wp-image-654\" srcset=\"https:\/\/agrupacionespsoe.es\/barbate\/wp-content\/uploads\/sites\/104\/2025\/06\/513220111_1130731719080496_6452614682656084600_n-1024x577.jpg 1024w, https:\/\/agrupacionespsoe.es\/barbate\/wp-content\/uploads\/sites\/104\/2025\/06\/513220111_1130731719080496_6452614682656084600_n-300x169.jpg 300w, https:\/\/agrupacionespsoe.es\/barbate\/wp-content\/uploads\/sites\/104\/2025\/06\/513220111_1130731719080496_6452614682656084600_n-768x432.jpg 768w, https:\/\/agrupacionespsoe.es\/barbate\/wp-content\/uploads\/sites\/104\/2025\/06\/513220111_1130731719080496_6452614682656084600_n-1536x865.jpg 1536w, https:\/\/agrupacionespsoe.es\/barbate\/wp-content\/uploads\/sites\/104\/2025\/06\/513220111_1130731719080496_6452614682656084600_n.jpg 2048w\" sizes=\"auto, (max-width: 1024px) 100vw, 1024px\" \/><\/figure>\n\n\n\n<figure class=\"wp-block-image size-large\"><img loading=\"lazy\" decoding=\"async\" width=\"1024\" height=\"577\" data-id=\"653\" src=\"https:\/\/agrupacionespsoe.es\/barbate\/wp-content\/uploads\/sites\/104\/2025\/06\/513921644_1130731829080485_2772644727874920515_n-1024x577.jpg\" alt=\"\" class=\"wp-image-653\" srcset=\"https:\/\/agrupacionespsoe.es\/barbate\/wp-content\/uploads\/sites\/104\/2025\/06\/513921644_1130731829080485_2772644727874920515_n-1024x577.jpg 1024w, https:\/\/agrupacionespsoe.es\/barbate\/wp-content\/uploads\/sites\/104\/2025\/06\/513921644_1130731829080485_2772644727874920515_n-300x169.jpg 300w, https:\/\/agrupacionespsoe.es\/barbate\/wp-content\/uploads\/sites\/104\/2025\/06\/513921644_1130731829080485_2772644727874920515_n-768x432.jpg 768w, https:\/\/agrupacionespsoe.es\/barbate\/wp-content\/uploads\/sites\/104\/2025\/06\/513921644_1130731829080485_2772644727874920515_n-1536x865.jpg 1536w, https:\/\/agrupacionespsoe.es\/barbate\/wp-content\/uploads\/sites\/104\/2025\/06\/513921644_1130731829080485_2772644727874920515_n.jpg 2048w\" sizes=\"auto, (max-width: 1024px) 100vw, 1024px\" \/><\/figure>\n\n\n\n<figure class=\"wp-block-image size-large\"><img loading=\"lazy\" decoding=\"async\" width=\"1024\" height=\"724\" data-id=\"648\" src=\"https:\/\/agrupacionespsoe.es\/barbate\/wp-content\/uploads\/sites\/104\/2025\/06\/15-1024x724.png\" alt=\"\" class=\"wp-image-648\" srcset=\"https:\/\/agrupacionespsoe.es\/barbate\/wp-content\/uploads\/sites\/104\/2025\/06\/15-1024x724.png 1024w, https:\/\/agrupacionespsoe.es\/barbate\/wp-content\/uploads\/sites\/104\/2025\/06\/15-300x212.png 300w, https:\/\/agrupacionespsoe.es\/barbate\/wp-content\/uploads\/sites\/104\/2025\/06\/15-768x543.png 768w, https:\/\/agrupacionespsoe.es\/barbate\/wp-content\/uploads\/sites\/104\/2025\/06\/15-1536x1086.png 1536w, https:\/\/agrupacionespsoe.es\/barbate\/wp-content\/uploads\/sites\/104\/2025\/06\/15-2048x1448.png 2048w\" sizes=\"auto, (max-width: 1024px) 100vw, 1024px\" \/><\/figure>\n<\/figure>\n","protected":false},"excerpt":{"rendered":"<p>El PSOE de Barbate reconoce a Jos\u00e9 Luis Rastrollo, Dori Crespo y Guillermo Ortiz como referentes en la lucha de los derechos LGTBI, en un emotivo encuentro donde tambi\u00e9n se recordaron los 20 a\u00f1os del Matrimonio Igualitario&nbsp; La Casa del Pueblo de Barbate se llen\u00f3 de orgullo, diversidad y compromiso con motivo de la celebraci\u00f3n &#8230;<\/p>\n","protected":false},"author":155,"featured_media":657,"comment_status":"open","ping_status":"open","sticky":false,"template":"","format":"standard","meta":{"_jetpack_memberships_contains_paid_content":false,"footnotes":""},"categories":[1],"tags":[],"class_list":["post-652","post","type-post","status-publish","format-standard","has-post-thumbnail","hentry","category-sin-categoria"],"yoast_head":"<!-- This site is optimized with the Yoast SEO plugin v24.0 - https:\/\/yoast.com\/wordpress\/plugins\/seo\/ -->\n<title>\u00c9xito del primer \u2018Orgullo Barbate\u00f1o\u2019 celebrado en la Casa del Pueblo - PSOE Barbate<\/title>\n<meta name=\"robots\" content=\"index, follow, max-snippet:-1, max-image-preview:large, max-video-preview:-1\" \/>\n<link rel=\"canonical\" href=\"https:\/\/agrupacionespsoe.es\/barbate\/exito-del-primer-orgullo-barbateno-celebrado-en-la-casa-del-pueblo\/\" \/>\n<meta property=\"og:locale\" content=\"es_ES\" \/>\n<meta property=\"og:type\" content=\"article\" \/>\n<meta property=\"og:title\" content=\"\u00c9xito del primer \u2018Orgullo Barbate\u00f1o\u2019 celebrado en la Casa del Pueblo - PSOE Barbate\" \/>\n<meta property=\"og:description\" content=\"El PSOE de Barbate reconoce a Jos\u00e9 Luis Rastrollo, Dori Crespo y Guillermo Ortiz como referentes en la lucha de los derechos LGTBI, en un emotivo encuentro donde tambi\u00e9n se recordaron los 20 a\u00f1os del Matrimonio Igualitario&nbsp; La Casa del Pueblo de Barbate se llen\u00f3 de orgullo, diversidad y compromiso con motivo de la celebraci\u00f3n ...\" \/>\n<meta property=\"og:url\" content=\"https:\/\/agrupacionespsoe.es\/barbate\/exito-del-primer-orgullo-barbateno-celebrado-en-la-casa-del-pueblo\/\" \/>\n<meta property=\"og:site_name\" content=\"PSOE Barbate\" \/>\n<meta property=\"article:published_time\" content=\"2025-06-28T09:12:57+00:00\" \/>\n<meta property=\"article:modified_time\" content=\"2025-06-28T09:12:58+00:00\" \/>\n<meta property=\"og:image\" content=\"https:\/\/agrupacionespsoe.es\/barbate\/wp-content\/uploads\/sites\/104\/2025\/06\/514011428_1130731142413887_1178048864856507445_n.jpg\" \/>\n\t<meta property=\"og:image:width\" content=\"2048\" \/>\n\t<meta property=\"og:image:height\" content=\"1153\" \/>\n\t<meta property=\"og:image:type\" content=\"image\/jpeg\" \/>\n<meta name=\"author\" content=\"barbate1\" \/>\n<meta name=\"twitter:card\" content=\"summary_large_image\" \/>\n<meta name=\"twitter:label1\" content=\"Escrito por\" \/>\n\t<meta name=\"twitter:data1\" content=\"barbate1\" \/>\n\t<meta name=\"twitter:label2\" content=\"Tiempo de lectura\" \/>\n\t<meta name=\"twitter:data2\" content=\"4 minutos\" \/>\n<script type=\"application\/ld+json\" class=\"yoast-schema-graph\">{\"@context\":\"https:\/\/schema.org\",\"@graph\":[{\"@type\":\"Article\",\"@id\":\"https:\/\/agrupacionespsoe.es\/barbate\/exito-del-primer-orgullo-barbateno-celebrado-en-la-casa-del-pueblo\/#article\",\"isPartOf\":{\"@id\":\"https:\/\/agrupacionespsoe.es\/barbate\/exito-del-primer-orgullo-barbateno-celebrado-en-la-casa-del-pueblo\/\"},\"author\":{\"name\":\"barbate1\",\"@id\":\"https:\/\/agrupacionespsoe.es\/barbate\/#\/schema\/person\/fb57332b771136035857e2a17089b403\"},\"headline\":\"\u00c9xito del primer \u2018Orgullo Barbate\u00f1o\u2019 celebrado en la Casa del Pueblo\",\"datePublished\":\"2025-06-28T09:12:57+00:00\",\"dateModified\":\"2025-06-28T09:12:58+00:00\",\"mainEntityOfPage\":{\"@id\":\"https:\/\/agrupacionespsoe.es\/barbate\/exito-del-primer-orgullo-barbateno-celebrado-en-la-casa-del-pueblo\/\"},\"wordCount\":489,\"commentCount\":0,\"publisher\":{\"@id\":\"https:\/\/agrupacionespsoe.es\/barbate\/#organization\"},\"image\":{\"@id\":\"https:\/\/agrupacionespsoe.es\/barbate\/exito-del-primer-orgullo-barbateno-celebrado-en-la-casa-del-pueblo\/#primaryimage\"},\"thumbnailUrl\":\"https:\/\/agrupacionespsoe.es\/barbate\/wp-content\/uploads\/sites\/104\/2025\/06\/514011428_1130731142413887_1178048864856507445_n.jpg\",\"inLanguage\":\"es\",\"potentialAction\":[{\"@type\":\"CommentAction\",\"name\":\"Comment\",\"target\":[\"https:\/\/agrupacionespsoe.es\/barbate\/exito-del-primer-orgullo-barbateno-celebrado-en-la-casa-del-pueblo\/#respond\"]}]},{\"@type\":\"WebPage\",\"@id\":\"https:\/\/agrupacionespsoe.es\/barbate\/exito-del-primer-orgullo-barbateno-celebrado-en-la-casa-del-pueblo\/\",\"url\":\"https:\/\/agrupacionespsoe.es\/barbate\/exito-del-primer-orgullo-barbateno-celebrado-en-la-casa-del-pueblo\/\",\"name\":\"\u00c9xito del primer \u2018Orgullo Barbate\u00f1o\u2019 celebrado en la Casa del Pueblo - PSOE Barbate\",\"isPartOf\":{\"@id\":\"https:\/\/agrupacionespsoe.es\/barbate\/#website\"},\"primaryImageOfPage\":{\"@id\":\"https:\/\/agrupacionespsoe.es\/barbate\/exito-del-primer-orgullo-barbateno-celebrado-en-la-casa-del-pueblo\/#primaryimage\"},\"image\":{\"@id\":\"https:\/\/agrupacionespsoe.es\/barbate\/exito-del-primer-orgullo-barbateno-celebrado-en-la-casa-del-pueblo\/#primaryimage\"},\"thumbnailUrl\":\"https:\/\/agrupacionespsoe.es\/barbate\/wp-content\/uploads\/sites\/104\/2025\/06\/514011428_1130731142413887_1178048864856507445_n.jpg\",\"datePublished\":\"2025-06-28T09:12:57+00:00\",\"dateModified\":\"2025-06-28T09:12:58+00:00\",\"breadcrumb\":{\"@id\":\"https:\/\/agrupacionespsoe.es\/barbate\/exito-del-primer-orgullo-barbateno-celebrado-en-la-casa-del-pueblo\/#breadcrumb\"},\"inLanguage\":\"es\",\"potentialAction\":[{\"@type\":\"ReadAction\",\"target\":[\"https:\/\/agrupacionespsoe.es\/barbate\/exito-del-primer-orgullo-barbateno-celebrado-en-la-casa-del-pueblo\/\"]}]},{\"@type\":\"ImageObject\",\"inLanguage\":\"es\",\"@id\":\"https:\/\/agrupacionespsoe.es\/barbate\/exito-del-primer-orgullo-barbateno-celebrado-en-la-casa-del-pueblo\/#primaryimage\",\"url\":\"https:\/\/agrupacionespsoe.es\/barbate\/wp-content\/uploads\/sites\/104\/2025\/06\/514011428_1130731142413887_1178048864856507445_n.jpg\",\"contentUrl\":\"https:\/\/agrupacionespsoe.es\/barbate\/wp-content\/uploads\/sites\/104\/2025\/06\/514011428_1130731142413887_1178048864856507445_n.jpg\",\"width\":2048,\"height\":1153},{\"@type\":\"BreadcrumbList\",\"@id\":\"https:\/\/agrupacionespsoe.es\/barbate\/exito-del-primer-orgullo-barbateno-celebrado-en-la-casa-del-pueblo\/#breadcrumb\",\"itemListElement\":[{\"@type\":\"ListItem\",\"position\":1,\"name\":\"Portada\",\"item\":\"https:\/\/agrupacionespsoe.es\/barbate\/\"},{\"@type\":\"ListItem\",\"position\":2,\"name\":\"\u00c9xito del primer \u2018Orgullo Barbate\u00f1o\u2019 celebrado en la Casa del Pueblo\"}]},{\"@type\":\"WebSite\",\"@id\":\"https:\/\/agrupacionespsoe.es\/barbate\/#website\",\"url\":\"https:\/\/agrupacionespsoe.es\/barbate\/\",\"name\":\"PSOE Barbate\",\"description\":\"PSOE BARBATE\",\"publisher\":{\"@id\":\"https:\/\/agrupacionespsoe.es\/barbate\/#organization\"},\"potentialAction\":[{\"@type\":\"SearchAction\",\"target\":{\"@type\":\"EntryPoint\",\"urlTemplate\":\"https:\/\/agrupacionespsoe.es\/barbate\/?s={search_term_string}\"},\"query-input\":{\"@type\":\"PropertyValueSpecification\",\"valueRequired\":true,\"valueName\":\"search_term_string\"}}],\"inLanguage\":\"es\"},{\"@type\":\"Organization\",\"@id\":\"https:\/\/agrupacionespsoe.es\/barbate\/#organization\",\"name\":\"PSOE Barbate\",\"url\":\"https:\/\/agrupacionespsoe.es\/barbate\/\",\"logo\":{\"@type\":\"ImageObject\",\"inLanguage\":\"es\",\"@id\":\"https:\/\/agrupacionespsoe.es\/barbate\/#\/schema\/logo\/image\/\",\"url\":\"https:\/\/agrupacionespsoe.es\/wp-content\/uploads\/2022\/07\/Logotipo_electoral_del_PSOE.png\",\"contentUrl\":\"https:\/\/agrupacionespsoe.es\/wp-content\/uploads\/2022\/07\/Logotipo_electoral_del_PSOE.png\",\"width\":422,\"height\":422,\"caption\":\"PSOE Barbate\"},\"image\":{\"@id\":\"https:\/\/agrupacionespsoe.es\/barbate\/#\/schema\/logo\/image\/\"}},{\"@type\":\"Person\",\"@id\":\"https:\/\/agrupacionespsoe.es\/barbate\/#\/schema\/person\/fb57332b771136035857e2a17089b403\",\"name\":\"barbate1\",\"image\":{\"@type\":\"ImageObject\",\"inLanguage\":\"es\",\"@id\":\"https:\/\/agrupacionespsoe.es\/barbate\/#\/schema\/person\/image\/\",\"url\":\"https:\/\/secure.gravatar.com\/avatar\/68ea7ed9431a20fed86e5d4af65dc975?s=96&d=mm&r=g\",\"contentUrl\":\"https:\/\/secure.gravatar.com\/avatar\/68ea7ed9431a20fed86e5d4af65dc975?s=96&d=mm&r=g\",\"caption\":\"barbate1\"},\"url\":\"https:\/\/agrupacionespsoe.es\/barbate\/author\/barbate1\/\"}]}<\/script>\n<!-- \/ Yoast SEO plugin. -->","yoast_head_json":{"title":"\u00c9xito del primer \u2018Orgullo Barbate\u00f1o\u2019 celebrado en la Casa del Pueblo - PSOE Barbate","robots":{"index":"index","follow":"follow","max-snippet":"max-snippet:-1","max-image-preview":"max-image-preview:large","max-video-preview":"max-video-preview:-1"},"canonical":"https:\/\/agrupacionespsoe.es\/barbate\/exito-del-primer-orgullo-barbateno-celebrado-en-la-casa-del-pueblo\/","og_locale":"es_ES","og_type":"article","og_title":"\u00c9xito del primer \u2018Orgullo Barbate\u00f1o\u2019 celebrado en la Casa del Pueblo - PSOE Barbate","og_description":"El PSOE de Barbate reconoce a Jos\u00e9 Luis Rastrollo, Dori Crespo y Guillermo Ortiz como referentes en la lucha de los derechos LGTBI, en un emotivo encuentro donde tambi\u00e9n se recordaron los 20 a\u00f1os del Matrimonio Igualitario&nbsp; La Casa del Pueblo de Barbate se llen\u00f3 de orgullo, diversidad y compromiso con motivo de la celebraci\u00f3n ...","og_url":"https:\/\/agrupacionespsoe.es\/barbate\/exito-del-primer-orgullo-barbateno-celebrado-en-la-casa-del-pueblo\/","og_site_name":"PSOE Barbate","article_published_time":"2025-06-28T09:12:57+00:00","article_modified_time":"2025-06-28T09:12:58+00:00","og_image":[{"width":2048,"height":1153,"url":"https:\/\/agrupacionespsoe.es\/barbate\/wp-content\/uploads\/sites\/104\/2025\/06\/514011428_1130731142413887_1178048864856507445_n.jpg","type":"image\/jpeg"}],"author":"barbate1","twitter_card":"summary_large_image","twitter_misc":{"Escrito por":"barbate1","Tiempo de lectura":"4 minutos"},"schema":{"@context":"https:\/\/schema.org","@graph":[{"@type":"Article","@id":"https:\/\/agrupacionespsoe.es\/barbate\/exito-del-primer-orgullo-barbateno-celebrado-en-la-casa-del-pueblo\/#article","isPartOf":{"@id":"https:\/\/agrupacionespsoe.es\/barbate\/exito-del-primer-orgullo-barbateno-celebrado-en-la-casa-del-pueblo\/"},"author":{"name":"barbate1","@id":"https:\/\/agrupacionespsoe.es\/barbate\/#\/schema\/person\/fb57332b771136035857e2a17089b403"},"headline":"\u00c9xito del primer \u2018Orgullo Barbate\u00f1o\u2019 celebrado en la Casa del Pueblo","datePublished":"2025-06-28T09:12:57+00:00","dateModified":"2025-06-28T09:12:58+00:00","mainEntityOfPage":{"@id":"https:\/\/agrupacionespsoe.es\/barbate\/exito-del-primer-orgullo-barbateno-celebrado-en-la-casa-del-pueblo\/"},"wordCount":489,"commentCount":0,"publisher":{"@id":"https:\/\/agrupacionespsoe.es\/barbate\/#organization"},"image":{"@id":"https:\/\/agrupacionespsoe.es\/barbate\/exito-del-primer-orgullo-barbateno-celebrado-en-la-casa-del-pueblo\/#primaryimage"},"thumbnailUrl":"https:\/\/agrupacionespsoe.es\/barbate\/wp-content\/uploads\/sites\/104\/2025\/06\/514011428_1130731142413887_1178048864856507445_n.jpg","inLanguage":"es","potentialAction":[{"@type":"CommentAction","name":"Comment","target":["https:\/\/agrupacionespsoe.es\/barbate\/exito-del-primer-orgullo-barbateno-celebrado-en-la-casa-del-pueblo\/#respond"]}]},{"@type":"WebPage","@id":"https:\/\/agrupacionespsoe.es\/barbate\/exito-del-primer-orgullo-barbateno-celebrado-en-la-casa-del-pueblo\/","url":"https:\/\/agrupacionespsoe.es\/barbate\/exito-del-primer-orgullo-barbateno-celebrado-en-la-casa-del-pueblo\/","name":"\u00c9xito del primer \u2018Orgullo Barbate\u00f1o\u2019 celebrado en la Casa del Pueblo - PSOE Barbate","isPartOf":{"@id":"https:\/\/agrupacionespsoe.es\/barbate\/#website"},"primaryImageOfPage":{"@id":"https:\/\/agrupacionespsoe.es\/barbate\/exito-del-primer-orgullo-barbateno-celebrado-en-la-casa-del-pueblo\/#primaryimage"},"image":{"@id":"https:\/\/agrupacionespsoe.es\/barbate\/exito-del-primer-orgullo-barbateno-celebrado-en-la-casa-del-pueblo\/#primaryimage"},"thumbnailUrl":"https:\/\/agrupacionespsoe.es\/barbate\/wp-content\/uploads\/sites\/104\/2025\/06\/514011428_1130731142413887_1178048864856507445_n.jpg","datePublished":"2025-06-28T09:12:57+00:00","dateModified":"2025-06-28T09:12:58+00:00","breadcrumb":{"@id":"https:\/\/agrupacionespsoe.es\/barbate\/exito-del-primer-orgullo-barbateno-celebrado-en-la-casa-del-pueblo\/#breadcrumb"},"inLanguage":"es","potentialAction":[{"@type":"ReadAction","target":["https:\/\/agrupacionespsoe.es\/barbate\/exito-del-primer-orgullo-barbateno-celebrado-en-la-casa-del-pueblo\/"]}]},{"@type":"ImageObject","inLanguage":"es","@id":"https:\/\/agrupacionespsoe.es\/barbate\/exito-del-primer-orgullo-barbateno-celebrado-en-la-casa-del-pueblo\/#primaryimage","url":"https:\/\/agrupacionespsoe.es\/barbate\/wp-content\/uploads\/sites\/104\/2025\/06\/514011428_1130731142413887_1178048864856507445_n.jpg","contentUrl":"https:\/\/agrupacionespsoe.es\/barbate\/wp-content\/uploads\/sites\/104\/2025\/06\/514011428_1130731142413887_1178048864856507445_n.jpg","width":2048,"height":1153},{"@type":"BreadcrumbList","@id":"https:\/\/agrupacionespsoe.es\/barbate\/exito-del-primer-orgullo-barbateno-celebrado-en-la-casa-del-pueblo\/#breadcrumb","itemListElement":[{"@type":"ListItem","position":1,"name":"Portada","item":"https:\/\/agrupacionespsoe.es\/barbate\/"},{"@type":"ListItem","position":2,"name":"\u00c9xito del primer \u2018Orgullo Barbate\u00f1o\u2019 celebrado en la Casa del Pueblo"}]},{"@type":"WebSite","@id":"https:\/\/agrupacionespsoe.es\/barbate\/#website","url":"https:\/\/agrupacionespsoe.es\/barbate\/","name":"PSOE Barbate","description":"PSOE BARBATE","publisher":{"@id":"https:\/\/agrupacionespsoe.es\/barbate\/#organization"},"potentialAction":[{"@type":"SearchAction","target":{"@type":"EntryPoint","urlTemplate":"https:\/\/agrupacionespsoe.es\/barbate\/?s={search_term_string}"},"query-input":{"@type":"PropertyValueSpecification","valueRequired":true,"valueName":"search_term_string"}}],"inLanguage":"es"},{"@type":"Organization","@id":"https:\/\/agrupacionespsoe.es\/barbate\/#organization","name":"PSOE Barbate","url":"https:\/\/agrupacionespsoe.es\/barbate\/","logo":{"@type":"ImageObject","inLanguage":"es","@id":"https:\/\/agrupacionespsoe.es\/barbate\/#\/schema\/logo\/image\/","url":"https:\/\/agrupacionespsoe.es\/wp-content\/uploads\/2022\/07\/Logotipo_electoral_del_PSOE.png","contentUrl":"https:\/\/agrupacionespsoe.es\/wp-content\/uploads\/2022\/07\/Logotipo_electoral_del_PSOE.png","width":422,"height":422,"caption":"PSOE Barbate"},"image":{"@id":"https:\/\/agrupacionespsoe.es\/barbate\/#\/schema\/logo\/image\/"}},{"@type":"Person","@id":"https:\/\/agrupacionespsoe.es\/barbate\/#\/schema\/person\/fb57332b771136035857e2a17089b403","name":"barbate1","image":{"@type":"ImageObject","inLanguage":"es","@id":"https:\/\/agrupacionespsoe.es\/barbate\/#\/schema\/person\/image\/","url":"https:\/\/secure.gravatar.com\/avatar\/68ea7ed9431a20fed86e5d4af65dc975?s=96&d=mm&r=g","contentUrl":"https:\/\/secure.gravatar.com\/avatar\/68ea7ed9431a20fed86e5d4af65dc975?s=96&d=mm&r=g","caption":"barbate1"},"url":"https:\/\/agrupacionespsoe.es\/barbate\/author\/barbate1\/"}]}},"jetpack_featured_media_url":"https:\/\/agrupacionespsoe.es\/barbate\/wp-content\/uploads\/sites\/104\/2025\/06\/514011428_1130731142413887_1178048864856507445_n.jpg","jetpack_sharing_enabled":true,"_links":{"self":[{"href":"https:\/\/agrupacionespsoe.es\/barbate\/wp-json\/wp\/v2\/posts\/652","targetHints":{"allow":["GET"]}}],"collection":[{"href":"https:\/\/agrupacionespsoe.es\/barbate\/wp-json\/wp\/v2\/posts"}],"about":[{"href":"https:\/\/agrupacionespsoe.es\/barbate\/wp-json\/wp\/v2\/types\/post"}],"author":[{"embeddable":true,"href":"https:\/\/agrupacionespsoe.es\/barbate\/wp-json\/wp\/v2\/users\/155"}],"replies":[{"embeddable":true,"href":"https:\/\/agrupacionespsoe.es\/barbate\/wp-json\/wp\/v2\/comments?post=652"}],"version-history":[{"count":1,"href":"https:\/\/agrupacionespsoe.es\/barbate\/wp-json\/wp\/v2\/posts\/652\/revisions"}],"predecessor-version":[{"id":660,"href":"https:\/\/agrupacionespsoe.es\/barbate\/wp-json\/wp\/v2\/posts\/652\/revisions\/660"}],"wp:featuredmedia":[{"embeddable":true,"href":"https:\/\/agrupacionespsoe.es\/barbate\/wp-json\/wp\/v2\/media\/657"}],"wp:attachment":[{"href":"https:\/\/agrupacionespsoe.es\/barbate\/wp-json\/wp\/v2\/media?parent=652"}],"wp:term":[{"taxonomy":"category","embeddable":true,"href":"https:\/\/agrupacionespsoe.es\/barbate\/wp-json\/wp\/v2\/categories?post=652"},{"taxonomy":"post_tag","embeddable":true,"href":"https:\/\/agrupacionespsoe.es\/barbate\/wp-json\/wp\/v2\/tags?post=652"}],"curies":[{"name":"wp","href":"https:\/\/api.w.org\/{rel}","templated":true}]}}