{"id":647,"date":"2025-06-23T15:08:29","date_gmt":"2025-06-23T15:08:29","guid":{"rendered":"https:\/\/agrupacionespsoe.es\/barbate\/?p=647"},"modified":"2025-06-23T15:09:48","modified_gmt":"2025-06-23T15:09:48","slug":"orgullo-barbateno-la-distincion-con-la-que-el-psoe-reconoce-el-compromiso-por-la-igualdad-y-en-defensa-del-colectivo-lgtbiq","status":"publish","type":"post","link":"https:\/\/agrupacionespsoe.es\/barbate\/orgullo-barbateno-la-distincion-con-la-que-el-psoe-reconoce-el-compromiso-por-la-igualdad-y-en-defensa-del-colectivo-lgtbiq\/","title":{"rendered":"\u2018Orgullo Barbate\u00f1o\u2019, la distinci\u00f3n con la que el PSOE reconoce el compromiso por la igualdad y en defensa del colectivo LGTBIQ+\u00a0"},"content":{"rendered":"\n<p><em>La Casa del Pueblo acoger\u00e1 el viernes 27 de junio a las 20:00h un reconocimiento a tres personas que demuestran con sus actos y experiencia vital los valores democr\u00e1ticos igualitarios<\/em><\/p>\n\n\n\n<p>Bajo el t\u00edtulo \u2018Orgullo Barbate\u00f1o\u2019 se presenta una iniciativa del PSOE de Barbate que busca reconocer\u00a0a ciudadanos, ciudadanas y ciudadanes del municipio que han destacado por su lucha en favor de la igualdad y los derechos del colectivo LGTBIQ+. As\u00ed, el pr\u00f3ximo\u00a0viernes 27 de junio a las 20:00 horas, la\u00a0Casa del Pueblo de Barbate acoger\u00e1 un emotivo acto de\u00a0reconocimiento que se iniciar\u00e1 con el despliegue de la bandera arco\u00edris y, posteriormente, los citados reconocimientos.\u00a0<\/p>\n\n\n\n<p>Esta distinci\u00f3n busca poner en valor el compromiso, la valent\u00eda y la trayectoria de quienes han contribuido a construir un municipio m\u00e1s libre, justo e inclusivo. Durante el acto se rendir\u00e1 homenaje a personas que se han convertido en&nbsp;referentes locales&nbsp;por su defensa de los valores democr\u00e1ticos, su activismo y su ejemplo de superaci\u00f3n personal.<\/p>\n\n\n\n<p>Uno de los momentos m\u00e1s simb\u00f3licos del evento ser\u00e1 el&nbsp;despliegue de la bandera arco\u00edris, con motivo del&nbsp;20\u00ba aniversario de la aprobaci\u00f3n de la Ley del Matrimonio Igualitario en Espa\u00f1a, una norma hist\u00f3rica que marc\u00f3 un antes y un despu\u00e9s en los derechos civiles de las personas LGTBIQ+.<\/p>\n\n\n\n<p>El secretario de LGTBIQ+ de la Comisi\u00f3n Ejecutiva Municipal,&nbsp;Javier Mu\u00f1oz, ha querido destacar la importancia de este tipo de reconocimientos para \u201cagradecer p\u00fablicamente a todas aquellas personas que cada d\u00eda luchan incansablemente por la libertad, por vivir en igualdad\u201d.<\/p>\n\n\n\n<p>\u201cSe trata de poner de ejemplo a personas por defender espacios libres frente a discursos de odio, ataques inhumanos y posturas que no tienen cabida en una democracia sana\u201d, ha resaltado Mu\u00f1oz. El concejal socialista sentencia que \u201choy m\u00e1s que nunca, es fundamental frenar a quienes niegan nuestros derechos y pretenden hacernos retroceder\u201d.<\/p>\n\n\n\n<p>Desde el PSOE de Barbate se hace un llamamiento a toda la ciudadan\u00eda a participar en este acto, no solo como muestra de apoyo al colectivo, sino tambi\u00e9n como reafirmaci\u00f3n del compromiso colectivo con una sociedad m\u00e1s diversa, respetuosa y libre de discriminaci\u00f3n.<\/p>\n\n\n\n<figure class=\"wp-block-image size-large\"><img loading=\"lazy\" decoding=\"async\" width=\"724\" height=\"1024\" src=\"https:\/\/agrupacionespsoe.es\/barbate\/wp-content\/uploads\/sites\/104\/2025\/06\/ORGULLO-3-724x1024.png\" alt=\"\" class=\"wp-image-650\" srcset=\"https:\/\/agrupacionespsoe.es\/barbate\/wp-content\/uploads\/sites\/104\/2025\/06\/ORGULLO-3-724x1024.png 724w, https:\/\/agrupacionespsoe.es\/barbate\/wp-content\/uploads\/sites\/104\/2025\/06\/ORGULLO-3-212x300.png 212w, https:\/\/agrupacionespsoe.es\/barbate\/wp-content\/uploads\/sites\/104\/2025\/06\/ORGULLO-3-768x1086.png 768w, https:\/\/agrupacionespsoe.es\/barbate\/wp-content\/uploads\/sites\/104\/2025\/06\/ORGULLO-3-1086x1536.png 1086w, https:\/\/agrupacionespsoe.es\/barbate\/wp-content\/uploads\/sites\/104\/2025\/06\/ORGULLO-3-1448x2048.png 1448w\" sizes=\"auto, (max-width: 724px) 100vw, 724px\" \/><\/figure>\n","protected":false},"excerpt":{"rendered":"<p>La Casa del Pueblo acoger\u00e1 el viernes 27 de junio a las 20:00h un reconocimiento a tres personas que demuestran con sus actos y experiencia vital los valores democr\u00e1ticos igualitarios Bajo el t\u00edtulo \u2018Orgullo Barbate\u00f1o\u2019 se presenta una iniciativa del PSOE de Barbate que busca reconocer\u00a0a ciudadanos, ciudadanas y ciudadanes del municipio que han destacado &#8230;<\/p>\n","protected":false},"author":155,"featured_media":648,"comment_status":"open","ping_status":"open","sticky":false,"template":"","format":"standard","meta":{"_jetpack_memberships_contains_paid_content":false,"footnotes":""},"categories":[1],"tags":[],"class_list":["post-647","post","type-post","status-publish","format-standard","has-post-thumbnail","hentry","category-sin-categoria"],"yoast_head":"<!-- This site is optimized with the Yoast SEO plugin v24.0 - https:\/\/yoast.com\/wordpress\/plugins\/seo\/ -->\n<title>\u2018Orgullo Barbate\u00f1o\u2019, la distinci\u00f3n con la que el PSOE reconoce el compromiso por la igualdad y en defensa del colectivo LGTBIQ+\u00a0 - PSOE Barbate<\/title>\n<meta name=\"robots\" content=\"index, follow, max-snippet:-1, max-image-preview:large, max-video-preview:-1\" \/>\n<link rel=\"canonical\" href=\"https:\/\/agrupacionespsoe.es\/barbate\/orgullo-barbateno-la-distincion-con-la-que-el-psoe-reconoce-el-compromiso-por-la-igualdad-y-en-defensa-del-colectivo-lgtbiq\/\" \/>\n<meta property=\"og:locale\" content=\"es_ES\" \/>\n<meta property=\"og:type\" content=\"article\" \/>\n<meta property=\"og:title\" content=\"\u2018Orgullo Barbate\u00f1o\u2019, la distinci\u00f3n con la que el PSOE reconoce el compromiso por la igualdad y en defensa del colectivo LGTBIQ+\u00a0 - PSOE Barbate\" \/>\n<meta property=\"og:description\" content=\"La Casa del Pueblo acoger\u00e1 el viernes 27 de junio a las 20:00h un reconocimiento a tres personas que demuestran con sus actos y experiencia vital los valores democr\u00e1ticos igualitarios Bajo el t\u00edtulo \u2018Orgullo Barbate\u00f1o\u2019 se presenta una iniciativa del PSOE de Barbate que busca reconocer\u00a0a ciudadanos, ciudadanas y ciudadanes del municipio que han destacado ...\" \/>\n<meta property=\"og:url\" content=\"https:\/\/agrupacionespsoe.es\/barbate\/orgullo-barbateno-la-distincion-con-la-que-el-psoe-reconoce-el-compromiso-por-la-igualdad-y-en-defensa-del-colectivo-lgtbiq\/\" \/>\n<meta property=\"og:site_name\" content=\"PSOE Barbate\" \/>\n<meta property=\"article:published_time\" content=\"2025-06-23T15:08:29+00:00\" \/>\n<meta property=\"article:modified_time\" content=\"2025-06-23T15:09:48+00:00\" \/>\n<meta property=\"og:image\" content=\"https:\/\/agrupacionespsoe.es\/barbate\/wp-content\/uploads\/sites\/104\/2025\/06\/15.png\" \/>\n\t<meta property=\"og:image:width\" content=\"4500\" \/>\n\t<meta property=\"og:image:height\" content=\"3182\" \/>\n\t<meta property=\"og:image:type\" content=\"image\/png\" \/>\n<meta name=\"author\" content=\"barbate1\" \/>\n<meta name=\"twitter:card\" content=\"summary_large_image\" \/>\n<meta name=\"twitter:label1\" content=\"Escrito por\" \/>\n\t<meta name=\"twitter:data1\" content=\"barbate1\" \/>\n\t<meta name=\"twitter:label2\" content=\"Tiempo de lectura\" \/>\n\t<meta name=\"twitter:data2\" content=\"3 minutos\" \/>\n<script type=\"application\/ld+json\" class=\"yoast-schema-graph\">{\"@context\":\"https:\/\/schema.org\",\"@graph\":[{\"@type\":\"Article\",\"@id\":\"https:\/\/agrupacionespsoe.es\/barbate\/orgullo-barbateno-la-distincion-con-la-que-el-psoe-reconoce-el-compromiso-por-la-igualdad-y-en-defensa-del-colectivo-lgtbiq\/#article\",\"isPartOf\":{\"@id\":\"https:\/\/agrupacionespsoe.es\/barbate\/orgullo-barbateno-la-distincion-con-la-que-el-psoe-reconoce-el-compromiso-por-la-igualdad-y-en-defensa-del-colectivo-lgtbiq\/\"},\"author\":{\"name\":\"barbate1\",\"@id\":\"https:\/\/agrupacionespsoe.es\/barbate\/#\/schema\/person\/fb57332b771136035857e2a17089b403\"},\"headline\":\"\u2018Orgullo Barbate\u00f1o\u2019, la distinci\u00f3n con la que el PSOE reconoce el compromiso por la igualdad y en defensa del colectivo LGTBIQ+\u00a0\",\"datePublished\":\"2025-06-23T15:08:29+00:00\",\"dateModified\":\"2025-06-23T15:09:48+00:00\",\"mainEntityOfPage\":{\"@id\":\"https:\/\/agrupacionespsoe.es\/barbate\/orgullo-barbateno-la-distincion-con-la-que-el-psoe-reconoce-el-compromiso-por-la-igualdad-y-en-defensa-del-colectivo-lgtbiq\/\"},\"wordCount\":401,\"commentCount\":0,\"publisher\":{\"@id\":\"https:\/\/agrupacionespsoe.es\/barbate\/#organization\"},\"image\":{\"@id\":\"https:\/\/agrupacionespsoe.es\/barbate\/orgullo-barbateno-la-distincion-con-la-que-el-psoe-reconoce-el-compromiso-por-la-igualdad-y-en-defensa-del-colectivo-lgtbiq\/#primaryimage\"},\"thumbnailUrl\":\"https:\/\/agrupacionespsoe.es\/barbate\/wp-content\/uploads\/sites\/104\/2025\/06\/15.png\",\"inLanguage\":\"es\",\"potentialAction\":[{\"@type\":\"CommentAction\",\"name\":\"Comment\",\"target\":[\"https:\/\/agrupacionespsoe.es\/barbate\/orgullo-barbateno-la-distincion-con-la-que-el-psoe-reconoce-el-compromiso-por-la-igualdad-y-en-defensa-del-colectivo-lgtbiq\/#respond\"]}]},{\"@type\":\"WebPage\",\"@id\":\"https:\/\/agrupacionespsoe.es\/barbate\/orgullo-barbateno-la-distincion-con-la-que-el-psoe-reconoce-el-compromiso-por-la-igualdad-y-en-defensa-del-colectivo-lgtbiq\/\",\"url\":\"https:\/\/agrupacionespsoe.es\/barbate\/orgullo-barbateno-la-distincion-con-la-que-el-psoe-reconoce-el-compromiso-por-la-igualdad-y-en-defensa-del-colectivo-lgtbiq\/\",\"name\":\"\u2018Orgullo Barbate\u00f1o\u2019, la distinci\u00f3n con la que el PSOE reconoce el compromiso por la igualdad y en defensa del colectivo LGTBIQ+\u00a0 - PSOE Barbate\",\"isPartOf\":{\"@id\":\"https:\/\/agrupacionespsoe.es\/barbate\/#website\"},\"primaryImageOfPage\":{\"@id\":\"https:\/\/agrupacionespsoe.es\/barbate\/orgullo-barbateno-la-distincion-con-la-que-el-psoe-reconoce-el-compromiso-por-la-igualdad-y-en-defensa-del-colectivo-lgtbiq\/#primaryimage\"},\"image\":{\"@id\":\"https:\/\/agrupacionespsoe.es\/barbate\/orgullo-barbateno-la-distincion-con-la-que-el-psoe-reconoce-el-compromiso-por-la-igualdad-y-en-defensa-del-colectivo-lgtbiq\/#primaryimage\"},\"thumbnailUrl\":\"https:\/\/agrupacionespsoe.es\/barbate\/wp-content\/uploads\/sites\/104\/2025\/06\/15.png\",\"datePublished\":\"2025-06-23T15:08:29+00:00\",\"dateModified\":\"2025-06-23T15:09:48+00:00\",\"breadcrumb\":{\"@id\":\"https:\/\/agrupacionespsoe.es\/barbate\/orgullo-barbateno-la-distincion-con-la-que-el-psoe-reconoce-el-compromiso-por-la-igualdad-y-en-defensa-del-colectivo-lgtbiq\/#breadcrumb\"},\"inLanguage\":\"es\",\"potentialAction\":[{\"@type\":\"ReadAction\",\"target\":[\"https:\/\/agrupacionespsoe.es\/barbate\/orgullo-barbateno-la-distincion-con-la-que-el-psoe-reconoce-el-compromiso-por-la-igualdad-y-en-defensa-del-colectivo-lgtbiq\/\"]}]},{\"@type\":\"ImageObject\",\"inLanguage\":\"es\",\"@id\":\"https:\/\/agrupacionespsoe.es\/barbate\/orgullo-barbateno-la-distincion-con-la-que-el-psoe-reconoce-el-compromiso-por-la-igualdad-y-en-defensa-del-colectivo-lgtbiq\/#primaryimage\",\"url\":\"https:\/\/agrupacionespsoe.es\/barbate\/wp-content\/uploads\/sites\/104\/2025\/06\/15.png\",\"contentUrl\":\"https:\/\/agrupacionespsoe.es\/barbate\/wp-content\/uploads\/sites\/104\/2025\/06\/15.png\",\"width\":4500,\"height\":3182},{\"@type\":\"BreadcrumbList\",\"@id\":\"https:\/\/agrupacionespsoe.es\/barbate\/orgullo-barbateno-la-distincion-con-la-que-el-psoe-reconoce-el-compromiso-por-la-igualdad-y-en-defensa-del-colectivo-lgtbiq\/#breadcrumb\",\"itemListElement\":[{\"@type\":\"ListItem\",\"position\":1,\"name\":\"Portada\",\"item\":\"https:\/\/agrupacionespsoe.es\/barbate\/\"},{\"@type\":\"ListItem\",\"position\":2,\"name\":\"\u2018Orgullo Barbate\u00f1o\u2019, la distinci\u00f3n con la que el PSOE reconoce el compromiso por la igualdad y en defensa del colectivo LGTBIQ+\u00a0\"}]},{\"@type\":\"WebSite\",\"@id\":\"https:\/\/agrupacionespsoe.es\/barbate\/#website\",\"url\":\"https:\/\/agrupacionespsoe.es\/barbate\/\",\"name\":\"PSOE Barbate\",\"description\":\"PSOE BARBATE\",\"publisher\":{\"@id\":\"https:\/\/agrupacionespsoe.es\/barbate\/#organization\"},\"potentialAction\":[{\"@type\":\"SearchAction\",\"target\":{\"@type\":\"EntryPoint\",\"urlTemplate\":\"https:\/\/agrupacionespsoe.es\/barbate\/?s={search_term_string}\"},\"query-input\":{\"@type\":\"PropertyValueSpecification\",\"valueRequired\":true,\"valueName\":\"search_term_string\"}}],\"inLanguage\":\"es\"},{\"@type\":\"Organization\",\"@id\":\"https:\/\/agrupacionespsoe.es\/barbate\/#organization\",\"name\":\"PSOE Barbate\",\"url\":\"https:\/\/agrupacionespsoe.es\/barbate\/\",\"logo\":{\"@type\":\"ImageObject\",\"inLanguage\":\"es\",\"@id\":\"https:\/\/agrupacionespsoe.es\/barbate\/#\/schema\/logo\/image\/\",\"url\":\"https:\/\/agrupacionespsoe.es\/wp-content\/uploads\/2022\/07\/Logotipo_electoral_del_PSOE.png\",\"contentUrl\":\"https:\/\/agrupacionespsoe.es\/wp-content\/uploads\/2022\/07\/Logotipo_electoral_del_PSOE.png\",\"width\":422,\"height\":422,\"caption\":\"PSOE Barbate\"},\"image\":{\"@id\":\"https:\/\/agrupacionespsoe.es\/barbate\/#\/schema\/logo\/image\/\"}},{\"@type\":\"Person\",\"@id\":\"https:\/\/agrupacionespsoe.es\/barbate\/#\/schema\/person\/fb57332b771136035857e2a17089b403\",\"name\":\"barbate1\",\"image\":{\"@type\":\"ImageObject\",\"inLanguage\":\"es\",\"@id\":\"https:\/\/agrupacionespsoe.es\/barbate\/#\/schema\/person\/image\/\",\"url\":\"https:\/\/secure.gravatar.com\/avatar\/68ea7ed9431a20fed86e5d4af65dc975?s=96&d=mm&r=g\",\"contentUrl\":\"https:\/\/secure.gravatar.com\/avatar\/68ea7ed9431a20fed86e5d4af65dc975?s=96&d=mm&r=g\",\"caption\":\"barbate1\"},\"url\":\"https:\/\/agrupacionespsoe.es\/barbate\/author\/barbate1\/\"}]}<\/script>\n<!-- \/ Yoast SEO plugin. -->","yoast_head_json":{"title":"\u2018Orgullo Barbate\u00f1o\u2019, la distinci\u00f3n con la que el PSOE reconoce el compromiso por la igualdad y en defensa del colectivo LGTBIQ+\u00a0 - PSOE Barbate","robots":{"index":"index","follow":"follow","max-snippet":"max-snippet:-1","max-image-preview":"max-image-preview:large","max-video-preview":"max-video-preview:-1"},"canonical":"https:\/\/agrupacionespsoe.es\/barbate\/orgullo-barbateno-la-distincion-con-la-que-el-psoe-reconoce-el-compromiso-por-la-igualdad-y-en-defensa-del-colectivo-lgtbiq\/","og_locale":"es_ES","og_type":"article","og_title":"\u2018Orgullo Barbate\u00f1o\u2019, la distinci\u00f3n con la que el PSOE reconoce el compromiso por la igualdad y en defensa del colectivo LGTBIQ+\u00a0 - PSOE Barbate","og_description":"La Casa del Pueblo acoger\u00e1 el viernes 27 de junio a las 20:00h un reconocimiento a tres personas que demuestran con sus actos y experiencia vital los valores democr\u00e1ticos igualitarios Bajo el t\u00edtulo \u2018Orgullo Barbate\u00f1o\u2019 se presenta una iniciativa del PSOE de Barbate que busca reconocer\u00a0a ciudadanos, ciudadanas y ciudadanes del municipio que han destacado ...","og_url":"https:\/\/agrupacionespsoe.es\/barbate\/orgullo-barbateno-la-distincion-con-la-que-el-psoe-reconoce-el-compromiso-por-la-igualdad-y-en-defensa-del-colectivo-lgtbiq\/","og_site_name":"PSOE Barbate","article_published_time":"2025-06-23T15:08:29+00:00","article_modified_time":"2025-06-23T15:09:48+00:00","og_image":[{"width":4500,"height":3182,"url":"https:\/\/agrupacionespsoe.es\/barbate\/wp-content\/uploads\/sites\/104\/2025\/06\/15.png","type":"image\/png"}],"author":"barbate1","twitter_card":"summary_large_image","twitter_misc":{"Escrito por":"barbate1","Tiempo de lectura":"3 minutos"},"schema":{"@context":"https:\/\/schema.org","@graph":[{"@type":"Article","@id":"https:\/\/agrupacionespsoe.es\/barbate\/orgullo-barbateno-la-distincion-con-la-que-el-psoe-reconoce-el-compromiso-por-la-igualdad-y-en-defensa-del-colectivo-lgtbiq\/#article","isPartOf":{"@id":"https:\/\/agrupacionespsoe.es\/barbate\/orgullo-barbateno-la-distincion-con-la-que-el-psoe-reconoce-el-compromiso-por-la-igualdad-y-en-defensa-del-colectivo-lgtbiq\/"},"author":{"name":"barbate1","@id":"https:\/\/agrupacionespsoe.es\/barbate\/#\/schema\/person\/fb57332b771136035857e2a17089b403"},"headline":"\u2018Orgullo Barbate\u00f1o\u2019, la distinci\u00f3n con la que el PSOE reconoce el compromiso por la igualdad y en defensa del colectivo LGTBIQ+\u00a0","datePublished":"2025-06-23T15:08:29+00:00","dateModified":"2025-06-23T15:09:48+00:00","mainEntityOfPage":{"@id":"https:\/\/agrupacionespsoe.es\/barbate\/orgullo-barbateno-la-distincion-con-la-que-el-psoe-reconoce-el-compromiso-por-la-igualdad-y-en-defensa-del-colectivo-lgtbiq\/"},"wordCount":401,"commentCount":0,"publisher":{"@id":"https:\/\/agrupacionespsoe.es\/barbate\/#organization"},"image":{"@id":"https:\/\/agrupacionespsoe.es\/barbate\/orgullo-barbateno-la-distincion-con-la-que-el-psoe-reconoce-el-compromiso-por-la-igualdad-y-en-defensa-del-colectivo-lgtbiq\/#primaryimage"},"thumbnailUrl":"https:\/\/agrupacionespsoe.es\/barbate\/wp-content\/uploads\/sites\/104\/2025\/06\/15.png","inLanguage":"es","potentialAction":[{"@type":"CommentAction","name":"Comment","target":["https:\/\/agrupacionespsoe.es\/barbate\/orgullo-barbateno-la-distincion-con-la-que-el-psoe-reconoce-el-compromiso-por-la-igualdad-y-en-defensa-del-colectivo-lgtbiq\/#respond"]}]},{"@type":"WebPage","@id":"https:\/\/agrupacionespsoe.es\/barbate\/orgullo-barbateno-la-distincion-con-la-que-el-psoe-reconoce-el-compromiso-por-la-igualdad-y-en-defensa-del-colectivo-lgtbiq\/","url":"https:\/\/agrupacionespsoe.es\/barbate\/orgullo-barbateno-la-distincion-con-la-que-el-psoe-reconoce-el-compromiso-por-la-igualdad-y-en-defensa-del-colectivo-lgtbiq\/","name":"\u2018Orgullo Barbate\u00f1o\u2019, la distinci\u00f3n con la que el PSOE reconoce el compromiso por la igualdad y en defensa del colectivo LGTBIQ+\u00a0 - PSOE Barbate","isPartOf":{"@id":"https:\/\/agrupacionespsoe.es\/barbate\/#website"},"primaryImageOfPage":{"@id":"https:\/\/agrupacionespsoe.es\/barbate\/orgullo-barbateno-la-distincion-con-la-que-el-psoe-reconoce-el-compromiso-por-la-igualdad-y-en-defensa-del-colectivo-lgtbiq\/#primaryimage"},"image":{"@id":"https:\/\/agrupacionespsoe.es\/barbate\/orgullo-barbateno-la-distincion-con-la-que-el-psoe-reconoce-el-compromiso-por-la-igualdad-y-en-defensa-del-colectivo-lgtbiq\/#primaryimage"},"thumbnailUrl":"https:\/\/agrupacionespsoe.es\/barbate\/wp-content\/uploads\/sites\/104\/2025\/06\/15.png","datePublished":"2025-06-23T15:08:29+00:00","dateModified":"2025-06-23T15:09:48+00:00","breadcrumb":{"@id":"https:\/\/agrupacionespsoe.es\/barbate\/orgullo-barbateno-la-distincion-con-la-que-el-psoe-reconoce-el-compromiso-por-la-igualdad-y-en-defensa-del-colectivo-lgtbiq\/#breadcrumb"},"inLanguage":"es","potentialAction":[{"@type":"ReadAction","target":["https:\/\/agrupacionespsoe.es\/barbate\/orgullo-barbateno-la-distincion-con-la-que-el-psoe-reconoce-el-compromiso-por-la-igualdad-y-en-defensa-del-colectivo-lgtbiq\/"]}]},{"@type":"ImageObject","inLanguage":"es","@id":"https:\/\/agrupacionespsoe.es\/barbate\/orgullo-barbateno-la-distincion-con-la-que-el-psoe-reconoce-el-compromiso-por-la-igualdad-y-en-defensa-del-colectivo-lgtbiq\/#primaryimage","url":"https:\/\/agrupacionespsoe.es\/barbate\/wp-content\/uploads\/sites\/104\/2025\/06\/15.png","contentUrl":"https:\/\/agrupacionespsoe.es\/barbate\/wp-content\/uploads\/sites\/104\/2025\/06\/15.png","width":4500,"height":3182},{"@type":"BreadcrumbList","@id":"https:\/\/agrupacionespsoe.es\/barbate\/orgullo-barbateno-la-distincion-con-la-que-el-psoe-reconoce-el-compromiso-por-la-igualdad-y-en-defensa-del-colectivo-lgtbiq\/#breadcrumb","itemListElement":[{"@type":"ListItem","position":1,"name":"Portada","item":"https:\/\/agrupacionespsoe.es\/barbate\/"},{"@type":"ListItem","position":2,"name":"\u2018Orgullo Barbate\u00f1o\u2019, la distinci\u00f3n con la que el PSOE reconoce el compromiso por la igualdad y en defensa del colectivo LGTBIQ+\u00a0"}]},{"@type":"WebSite","@id":"https:\/\/agrupacionespsoe.es\/barbate\/#website","url":"https:\/\/agrupacionespsoe.es\/barbate\/","name":"PSOE Barbate","description":"PSOE BARBATE","publisher":{"@id":"https:\/\/agrupacionespsoe.es\/barbate\/#organization"},"potentialAction":[{"@type":"SearchAction","target":{"@type":"EntryPoint","urlTemplate":"https:\/\/agrupacionespsoe.es\/barbate\/?s={search_term_string}"},"query-input":{"@type":"PropertyValueSpecification","valueRequired":true,"valueName":"search_term_string"}}],"inLanguage":"es"},{"@type":"Organization","@id":"https:\/\/agrupacionespsoe.es\/barbate\/#organization","name":"PSOE Barbate","url":"https:\/\/agrupacionespsoe.es\/barbate\/","logo":{"@type":"ImageObject","inLanguage":"es","@id":"https:\/\/agrupacionespsoe.es\/barbate\/#\/schema\/logo\/image\/","url":"https:\/\/agrupacionespsoe.es\/wp-content\/uploads\/2022\/07\/Logotipo_electoral_del_PSOE.png","contentUrl":"https:\/\/agrupacionespsoe.es\/wp-content\/uploads\/2022\/07\/Logotipo_electoral_del_PSOE.png","width":422,"height":422,"caption":"PSOE Barbate"},"image":{"@id":"https:\/\/agrupacionespsoe.es\/barbate\/#\/schema\/logo\/image\/"}},{"@type":"Person","@id":"https:\/\/agrupacionespsoe.es\/barbate\/#\/schema\/person\/fb57332b771136035857e2a17089b403","name":"barbate1","image":{"@type":"ImageObject","inLanguage":"es","@id":"https:\/\/agrupacionespsoe.es\/barbate\/#\/schema\/person\/image\/","url":"https:\/\/secure.gravatar.com\/avatar\/68ea7ed9431a20fed86e5d4af65dc975?s=96&d=mm&r=g","contentUrl":"https:\/\/secure.gravatar.com\/avatar\/68ea7ed9431a20fed86e5d4af65dc975?s=96&d=mm&r=g","caption":"barbate1"},"url":"https:\/\/agrupacionespsoe.es\/barbate\/author\/barbate1\/"}]}},"jetpack_featured_media_url":"https:\/\/agrupacionespsoe.es\/barbate\/wp-content\/uploads\/sites\/104\/2025\/06\/15.png","jetpack_sharing_enabled":true,"_links":{"self":[{"href":"https:\/\/agrupacionespsoe.es\/barbate\/wp-json\/wp\/v2\/posts\/647","targetHints":{"allow":["GET"]}}],"collection":[{"href":"https:\/\/agrupacionespsoe.es\/barbate\/wp-json\/wp\/v2\/posts"}],"about":[{"href":"https:\/\/agrupacionespsoe.es\/barbate\/wp-json\/wp\/v2\/types\/post"}],"author":[{"embeddable":true,"href":"https:\/\/agrupacionespsoe.es\/barbate\/wp-json\/wp\/v2\/users\/155"}],"replies":[{"embeddable":true,"href":"https:\/\/agrupacionespsoe.es\/barbate\/wp-json\/wp\/v2\/comments?post=647"}],"version-history":[{"count":2,"href":"https:\/\/agrupacionespsoe.es\/barbate\/wp-json\/wp\/v2\/posts\/647\/revisions"}],"predecessor-version":[{"id":651,"href":"https:\/\/agrupacionespsoe.es\/barbate\/wp-json\/wp\/v2\/posts\/647\/revisions\/651"}],"wp:featuredmedia":[{"embeddable":true,"href":"https:\/\/agrupacionespsoe.es\/barbate\/wp-json\/wp\/v2\/media\/648"}],"wp:attachment":[{"href":"https:\/\/agrupacionespsoe.es\/barbate\/wp-json\/wp\/v2\/media?parent=647"}],"wp:term":[{"taxonomy":"category","embeddable":true,"href":"https:\/\/agrupacionespsoe.es\/barbate\/wp-json\/wp\/v2\/categories?post=647"},{"taxonomy":"post_tag","embeddable":true,"href":"https:\/\/agrupacionespsoe.es\/barbate\/wp-json\/wp\/v2\/tags?post=647"}],"curies":[{"name":"wp","href":"https:\/\/api.w.org\/{rel}","templated":true}]}}