{"id":639,"date":"2025-06-16T08:42:23","date_gmt":"2025-06-16T08:42:23","guid":{"rendered":"https:\/\/agrupacionespsoe.es\/barbate\/?p=639"},"modified":"2025-06-16T08:42:23","modified_gmt":"2025-06-16T08:42:23","slug":"el-psoe-de-barbate-pide-una-actuacion-integral-en-la-ermita-de-san-ambrosio","status":"publish","type":"post","link":"https:\/\/agrupacionespsoe.es\/barbate\/el-psoe-de-barbate-pide-una-actuacion-integral-en-la-ermita-de-san-ambrosio\/","title":{"rendered":"El PSOE de Barbate pide una actuaci\u00f3n integral en la Ermita de San Ambrosio"},"content":{"rendered":"\n<p><em>Los socialistas presentan una moci\u00f3n para que las diferentes instituciones colaboren para salvar un patrimonio barbate\u00f1o, que lleva unos a\u00f1os en una situaci\u00f3n de abandono imperdonable<\/em><\/p>\n\n\n\n<p>El Grupo Municipal Socialista ha presentado una moci\u00f3n al pleno del Ayuntamiento de Barbate con el objetivo de promover la restauraci\u00f3n, protecci\u00f3n y puesta en valor de la\u00a0<strong>Ermita de San Ambrosio<\/strong>, un enclave hist\u00f3rico de enorme valor patrimonial ubicado en el coraz\u00f3n del Parque Natural de la Bre\u00f1a y Marismas del Barbate.<\/p>\n\n\n\n<p>\u201cLa Ermita de San Ambrosio es un legado \u00fanico de nuestra historia que no puede seguir cayendo en el olvido. Su recuperaci\u00f3n no solo es una cuesti\u00f3n de conservaci\u00f3n patrimonial, sino una oportunidad de desarrollo cultural y tur\u00edstico para Barbate\u201d, ha se\u00f1alado el portavoz del grupo municipal socialista, Javier Rodr\u00edguez.<\/p>\n\n\n\n<p>Construida entre los siglos VI y VII sobre posibles restos romanos o tardoantiguos, la ermita constituye uno de los pocos ejemplos de arquitectura religiosa visigoda que se conservan en Andaluc\u00eda. Su relevancia hist\u00f3rica, arqueol\u00f3gica y simb\u00f3lica fue reconocida oficialmente en 2004 con su declaraci\u00f3n como&nbsp;<strong>Bien de Inter\u00e9s Cultural (BIC)<\/strong>. No obstante, el monumento se encuentra hoy en un estado de&nbsp;<strong>grave abandono y deterioro estructural<\/strong>.<\/p>\n\n\n\n<p>Los informes t\u00e9cnicos elaborados en los \u00faltimos a\u00f1os \u2014incluido uno de la Junta de Andaluc\u00eda en 2006\u2014 alertan del avanzado deterioro de la estructura: filtraciones de agua, p\u00e9rdida de material p\u00e9treo, hundimiento de arcos y proliferaci\u00f3n de vegetaci\u00f3n descontrolada, adem\u00e1s de actos vand\u00e1licos y expolios. La inclusi\u00f3n de la ermita en la&nbsp;<strong>Lista Roja del Patrimonio<\/strong>&nbsp;en 2016 supuso un aviso claro sobre la urgencia de intervenir.<\/p>\n\n\n\n<p>La moci\u00f3n presentada por el PSOE recuerda que, pese a algunas actuaciones arqueol\u00f3gicas y de consolidaci\u00f3n realizadas entre 1998 y 2009, el sitio lleva m\u00e1s de una d\u00e9cada sin intervenciones relevantes. La falta de se\u00f1alizaci\u00f3n, la dificultad de acceso y la ausencia de vigilancia han agravado su deterioro.<\/p>\n\n\n\n<h3 class=\"wp-block-heading\">Un recurso clave para el desarrollo tur\u00edstico y cultural<\/h3>\n\n\n\n<p>Desde el Grupo Socialista se destaca la oportunidad que representa la ermita para dinamizar el turismo cultural, rural y de naturaleza en el municipio. Su integraci\u00f3n en rutas tem\u00e1ticas vinculadas al patrimonio visigodo y altomedieval, combinadas con su enclave en un entorno natural privilegiado, la convierten en un espacio id\u00f3neo para proyectos de turismo sostenible.<\/p>\n\n\n\n<p>La propuesta socialista contempla su rehabilitaci\u00f3n m\u00ednima como espacio visitable, sin alterar su car\u00e1cter ruinoso, pero garantizando la seguridad del visitante y favoreciendo su interpretaci\u00f3n mediante paneles informativos, visitas guiadas o recreaciones digitales.<\/p>\n\n\n\n<p>Adem\u00e1s, se plantea la posibilidad de utilizar el entorno de la ermita como escenario de actividades culturales, jornadas hist\u00f3ricas, talleres did\u00e1cticos o eventos de peque\u00f1o formato que contribuyan a difundir su valor patrimonial.<\/p>\n\n\n\n<figure class=\"wp-block-gallery has-nested-images columns-default is-cropped wp-block-gallery-1 is-layout-flex wp-block-gallery-is-layout-flex\">\n<figure class=\"wp-block-image size-large\"><img loading=\"lazy\" decoding=\"async\" width=\"1024\" height=\"576\" data-id=\"641\" src=\"https:\/\/agrupacionespsoe.es\/barbate\/wp-content\/uploads\/sites\/104\/2025\/06\/WhatsApp-Image-2025-06-08-at-20.41.50-1024x576.jpeg\" alt=\"\" class=\"wp-image-641\" srcset=\"https:\/\/agrupacionespsoe.es\/barbate\/wp-content\/uploads\/sites\/104\/2025\/06\/WhatsApp-Image-2025-06-08-at-20.41.50-1024x576.jpeg 1024w, https:\/\/agrupacionespsoe.es\/barbate\/wp-content\/uploads\/sites\/104\/2025\/06\/WhatsApp-Image-2025-06-08-at-20.41.50-300x169.jpeg 300w, https:\/\/agrupacionespsoe.es\/barbate\/wp-content\/uploads\/sites\/104\/2025\/06\/WhatsApp-Image-2025-06-08-at-20.41.50-768x432.jpeg 768w, https:\/\/agrupacionespsoe.es\/barbate\/wp-content\/uploads\/sites\/104\/2025\/06\/WhatsApp-Image-2025-06-08-at-20.41.50-1536x864.jpeg 1536w, https:\/\/agrupacionespsoe.es\/barbate\/wp-content\/uploads\/sites\/104\/2025\/06\/WhatsApp-Image-2025-06-08-at-20.41.50.jpeg 2048w\" sizes=\"auto, (max-width: 1024px) 100vw, 1024px\" \/><\/figure>\n<\/figure>\n\n\n\n<p>En su propuesta, el Grupo Municipal Socialista plantea una estrategia integral basada en la cooperaci\u00f3n institucional, fundamental para garantizar la recuperaci\u00f3n y puesta en valor de la Ermita de San Ambrosio. Para ello, se propone que el Obispado de C\u00e1diz y Ceuta colabore mediante un convenio de cesi\u00f3n o cooperaci\u00f3n con el Ayuntamiento de Barbate o, en su caso, con la Diputaci\u00f3n Provincial, lo que permitir\u00eda avanzar en la gesti\u00f3n del bien.&nbsp;<\/p>\n\n\n\n<p>Asimismo, se solicita a la Junta de Andaluc\u00eda, a trav\u00e9s de la Consejer\u00eda de Turismo, Cultura y Deporte, la activaci\u00f3n de un plan de intervenci\u00f3n urgente que contemple trabajos de limpieza arqueol\u00f3gica, consolidaci\u00f3n estructural y un estudio de viabilidad para su musealizaci\u00f3n.<\/p>\n\n\n\n<p>Del mismo modo, se plantea la necesidad de implicar al Ministerio de Cultura y Deporte, a trav\u00e9s del Instituto del Patrimonio Cultural de Espa\u00f1a (IPCE), para que aporte apoyo t\u00e9cnico y financiaci\u00f3n dentro del marco del Plan Nacional de Arquitectura Religiosa Hist\u00f3rica.&nbsp;<\/p>\n\n\n\n<p>Por otra parte, se reclama a la Diputaci\u00f3n de C\u00e1diz financiaci\u00f3n espec\u00edfica para mejorar el acceso al enclave, su se\u00f1alizaci\u00f3n, vallado y seguridad, as\u00ed como su inclusi\u00f3n en programas provinciales de rutas culturales.<\/p>\n\n\n\n<p>Tambi\u00e9n se considera esencial la implicaci\u00f3n de la Mancomunidad de Municipios de la Janda, con el fin de respaldar la iniciativa e integrarla en campa\u00f1as de promoci\u00f3n tur\u00edstica comarcal. Finalmente, se pretende invitar a las Universidades de C\u00e1diz y Sevilla a participar activamente en futuras investigaciones, excavaciones y propuestas de intervenci\u00f3n cient\u00edfica que contribuyan al conocimiento y preservaci\u00f3n del monumento.<\/p>\n\n\n\n<p>Con esta iniciativa, el PSOE de Barbate hace un llamamiento al conjunto de administraciones p\u00fablicas para sumar esfuerzos en la salvaguarda de uno de los monumentos m\u00e1s antiguos y valiosos del patrimonio hist\u00f3rico andaluz.<\/p>\n","protected":false},"excerpt":{"rendered":"<p>Los socialistas presentan una moci\u00f3n para que las diferentes instituciones colaboren para salvar un patrimonio barbate\u00f1o, que lleva unos a\u00f1os en una situaci\u00f3n de abandono imperdonable El Grupo Municipal Socialista ha presentado una moci\u00f3n al pleno del Ayuntamiento de Barbate con el objetivo de promover la restauraci\u00f3n, protecci\u00f3n y puesta en valor de la\u00a0Ermita de &#8230;<\/p>\n","protected":false},"author":155,"featured_media":640,"comment_status":"open","ping_status":"open","sticky":false,"template":"","format":"standard","meta":{"_jetpack_memberships_contains_paid_content":false,"footnotes":""},"categories":[1],"tags":[77,78],"class_list":["post-639","post","type-post","status-publish","format-standard","has-post-thumbnail","hentry","category-sin-categoria","tag-ermita","tag-san-ambrosio"],"yoast_head":"<!-- This site is optimized with the Yoast SEO plugin v24.0 - https:\/\/yoast.com\/wordpress\/plugins\/seo\/ -->\n<title>El PSOE de Barbate pide una actuaci\u00f3n integral en la Ermita de San Ambrosio - PSOE Barbate<\/title>\n<meta name=\"robots\" content=\"index, follow, max-snippet:-1, max-image-preview:large, max-video-preview:-1\" \/>\n<link rel=\"canonical\" href=\"https:\/\/agrupacionespsoe.es\/barbate\/el-psoe-de-barbate-pide-una-actuacion-integral-en-la-ermita-de-san-ambrosio\/\" \/>\n<meta property=\"og:locale\" content=\"es_ES\" \/>\n<meta property=\"og:type\" content=\"article\" \/>\n<meta property=\"og:title\" content=\"El PSOE de Barbate pide una actuaci\u00f3n integral en la Ermita de San Ambrosio - PSOE Barbate\" \/>\n<meta property=\"og:description\" content=\"Los socialistas presentan una moci\u00f3n para que las diferentes instituciones colaboren para salvar un patrimonio barbate\u00f1o, que lleva unos a\u00f1os en una situaci\u00f3n de abandono imperdonable El Grupo Municipal Socialista ha presentado una moci\u00f3n al pleno del Ayuntamiento de Barbate con el objetivo de promover la restauraci\u00f3n, protecci\u00f3n y puesta en valor de la\u00a0Ermita de ...\" \/>\n<meta property=\"og:url\" content=\"https:\/\/agrupacionespsoe.es\/barbate\/el-psoe-de-barbate-pide-una-actuacion-integral-en-la-ermita-de-san-ambrosio\/\" \/>\n<meta property=\"og:site_name\" content=\"PSOE Barbate\" \/>\n<meta property=\"article:published_time\" content=\"2025-06-16T08:42:23+00:00\" \/>\n<meta property=\"og:image\" content=\"https:\/\/agrupacionespsoe.es\/barbate\/wp-content\/uploads\/sites\/104\/2025\/06\/WhatsApp-Image-2025-06-08-at-20.41.51.jpeg\" \/>\n\t<meta property=\"og:image:width\" content=\"2048\" \/>\n\t<meta property=\"og:image:height\" content=\"1152\" \/>\n\t<meta property=\"og:image:type\" content=\"image\/jpeg\" \/>\n<meta name=\"author\" content=\"barbate1\" \/>\n<meta name=\"twitter:card\" content=\"summary_large_image\" \/>\n<meta name=\"twitter:label1\" content=\"Escrito por\" \/>\n\t<meta name=\"twitter:data1\" content=\"barbate1\" \/>\n\t<meta name=\"twitter:label2\" content=\"Tiempo de lectura\" \/>\n\t<meta name=\"twitter:data2\" content=\"4 minutos\" \/>\n<script type=\"application\/ld+json\" class=\"yoast-schema-graph\">{\"@context\":\"https:\/\/schema.org\",\"@graph\":[{\"@type\":\"Article\",\"@id\":\"https:\/\/agrupacionespsoe.es\/barbate\/el-psoe-de-barbate-pide-una-actuacion-integral-en-la-ermita-de-san-ambrosio\/#article\",\"isPartOf\":{\"@id\":\"https:\/\/agrupacionespsoe.es\/barbate\/el-psoe-de-barbate-pide-una-actuacion-integral-en-la-ermita-de-san-ambrosio\/\"},\"author\":{\"name\":\"barbate1\",\"@id\":\"https:\/\/agrupacionespsoe.es\/barbate\/#\/schema\/person\/fb57332b771136035857e2a17089b403\"},\"headline\":\"El PSOE de Barbate pide una actuaci\u00f3n integral en la Ermita de San Ambrosio\",\"datePublished\":\"2025-06-16T08:42:23+00:00\",\"dateModified\":\"2025-06-16T08:42:23+00:00\",\"mainEntityOfPage\":{\"@id\":\"https:\/\/agrupacionespsoe.es\/barbate\/el-psoe-de-barbate-pide-una-actuacion-integral-en-la-ermita-de-san-ambrosio\/\"},\"wordCount\":830,\"commentCount\":0,\"publisher\":{\"@id\":\"https:\/\/agrupacionespsoe.es\/barbate\/#organization\"},\"image\":{\"@id\":\"https:\/\/agrupacionespsoe.es\/barbate\/el-psoe-de-barbate-pide-una-actuacion-integral-en-la-ermita-de-san-ambrosio\/#primaryimage\"},\"thumbnailUrl\":\"https:\/\/agrupacionespsoe.es\/barbate\/wp-content\/uploads\/sites\/104\/2025\/06\/WhatsApp-Image-2025-06-08-at-20.41.51.jpeg\",\"keywords\":[\"ermita\",\"san ambrosio\"],\"inLanguage\":\"es\",\"potentialAction\":[{\"@type\":\"CommentAction\",\"name\":\"Comment\",\"target\":[\"https:\/\/agrupacionespsoe.es\/barbate\/el-psoe-de-barbate-pide-una-actuacion-integral-en-la-ermita-de-san-ambrosio\/#respond\"]}]},{\"@type\":\"WebPage\",\"@id\":\"https:\/\/agrupacionespsoe.es\/barbate\/el-psoe-de-barbate-pide-una-actuacion-integral-en-la-ermita-de-san-ambrosio\/\",\"url\":\"https:\/\/agrupacionespsoe.es\/barbate\/el-psoe-de-barbate-pide-una-actuacion-integral-en-la-ermita-de-san-ambrosio\/\",\"name\":\"El PSOE de Barbate pide una actuaci\u00f3n integral en la Ermita de San Ambrosio - PSOE Barbate\",\"isPartOf\":{\"@id\":\"https:\/\/agrupacionespsoe.es\/barbate\/#website\"},\"primaryImageOfPage\":{\"@id\":\"https:\/\/agrupacionespsoe.es\/barbate\/el-psoe-de-barbate-pide-una-actuacion-integral-en-la-ermita-de-san-ambrosio\/#primaryimage\"},\"image\":{\"@id\":\"https:\/\/agrupacionespsoe.es\/barbate\/el-psoe-de-barbate-pide-una-actuacion-integral-en-la-ermita-de-san-ambrosio\/#primaryimage\"},\"thumbnailUrl\":\"https:\/\/agrupacionespsoe.es\/barbate\/wp-content\/uploads\/sites\/104\/2025\/06\/WhatsApp-Image-2025-06-08-at-20.41.51.jpeg\",\"datePublished\":\"2025-06-16T08:42:23+00:00\",\"dateModified\":\"2025-06-16T08:42:23+00:00\",\"breadcrumb\":{\"@id\":\"https:\/\/agrupacionespsoe.es\/barbate\/el-psoe-de-barbate-pide-una-actuacion-integral-en-la-ermita-de-san-ambrosio\/#breadcrumb\"},\"inLanguage\":\"es\",\"potentialAction\":[{\"@type\":\"ReadAction\",\"target\":[\"https:\/\/agrupacionespsoe.es\/barbate\/el-psoe-de-barbate-pide-una-actuacion-integral-en-la-ermita-de-san-ambrosio\/\"]}]},{\"@type\":\"ImageObject\",\"inLanguage\":\"es\",\"@id\":\"https:\/\/agrupacionespsoe.es\/barbate\/el-psoe-de-barbate-pide-una-actuacion-integral-en-la-ermita-de-san-ambrosio\/#primaryimage\",\"url\":\"https:\/\/agrupacionespsoe.es\/barbate\/wp-content\/uploads\/sites\/104\/2025\/06\/WhatsApp-Image-2025-06-08-at-20.41.51.jpeg\",\"contentUrl\":\"https:\/\/agrupacionespsoe.es\/barbate\/wp-content\/uploads\/sites\/104\/2025\/06\/WhatsApp-Image-2025-06-08-at-20.41.51.jpeg\",\"width\":2048,\"height\":1152},{\"@type\":\"BreadcrumbList\",\"@id\":\"https:\/\/agrupacionespsoe.es\/barbate\/el-psoe-de-barbate-pide-una-actuacion-integral-en-la-ermita-de-san-ambrosio\/#breadcrumb\",\"itemListElement\":[{\"@type\":\"ListItem\",\"position\":1,\"name\":\"Portada\",\"item\":\"https:\/\/agrupacionespsoe.es\/barbate\/\"},{\"@type\":\"ListItem\",\"position\":2,\"name\":\"El PSOE de Barbate pide una actuaci\u00f3n integral en la Ermita de San Ambrosio\"}]},{\"@type\":\"WebSite\",\"@id\":\"https:\/\/agrupacionespsoe.es\/barbate\/#website\",\"url\":\"https:\/\/agrupacionespsoe.es\/barbate\/\",\"name\":\"PSOE Barbate\",\"description\":\"PSOE BARBATE\",\"publisher\":{\"@id\":\"https:\/\/agrupacionespsoe.es\/barbate\/#organization\"},\"potentialAction\":[{\"@type\":\"SearchAction\",\"target\":{\"@type\":\"EntryPoint\",\"urlTemplate\":\"https:\/\/agrupacionespsoe.es\/barbate\/?s={search_term_string}\"},\"query-input\":{\"@type\":\"PropertyValueSpecification\",\"valueRequired\":true,\"valueName\":\"search_term_string\"}}],\"inLanguage\":\"es\"},{\"@type\":\"Organization\",\"@id\":\"https:\/\/agrupacionespsoe.es\/barbate\/#organization\",\"name\":\"PSOE Barbate\",\"url\":\"https:\/\/agrupacionespsoe.es\/barbate\/\",\"logo\":{\"@type\":\"ImageObject\",\"inLanguage\":\"es\",\"@id\":\"https:\/\/agrupacionespsoe.es\/barbate\/#\/schema\/logo\/image\/\",\"url\":\"https:\/\/agrupacionespsoe.es\/wp-content\/uploads\/2022\/07\/Logotipo_electoral_del_PSOE.png\",\"contentUrl\":\"https:\/\/agrupacionespsoe.es\/wp-content\/uploads\/2022\/07\/Logotipo_electoral_del_PSOE.png\",\"width\":422,\"height\":422,\"caption\":\"PSOE Barbate\"},\"image\":{\"@id\":\"https:\/\/agrupacionespsoe.es\/barbate\/#\/schema\/logo\/image\/\"}},{\"@type\":\"Person\",\"@id\":\"https:\/\/agrupacionespsoe.es\/barbate\/#\/schema\/person\/fb57332b771136035857e2a17089b403\",\"name\":\"barbate1\",\"image\":{\"@type\":\"ImageObject\",\"inLanguage\":\"es\",\"@id\":\"https:\/\/agrupacionespsoe.es\/barbate\/#\/schema\/person\/image\/\",\"url\":\"https:\/\/secure.gravatar.com\/avatar\/68ea7ed9431a20fed86e5d4af65dc975?s=96&d=mm&r=g\",\"contentUrl\":\"https:\/\/secure.gravatar.com\/avatar\/68ea7ed9431a20fed86e5d4af65dc975?s=96&d=mm&r=g\",\"caption\":\"barbate1\"},\"url\":\"https:\/\/agrupacionespsoe.es\/barbate\/author\/barbate1\/\"}]}<\/script>\n<!-- \/ Yoast SEO plugin. -->","yoast_head_json":{"title":"El PSOE de Barbate pide una actuaci\u00f3n integral en la Ermita de San Ambrosio - PSOE Barbate","robots":{"index":"index","follow":"follow","max-snippet":"max-snippet:-1","max-image-preview":"max-image-preview:large","max-video-preview":"max-video-preview:-1"},"canonical":"https:\/\/agrupacionespsoe.es\/barbate\/el-psoe-de-barbate-pide-una-actuacion-integral-en-la-ermita-de-san-ambrosio\/","og_locale":"es_ES","og_type":"article","og_title":"El PSOE de Barbate pide una actuaci\u00f3n integral en la Ermita de San Ambrosio - PSOE Barbate","og_description":"Los socialistas presentan una moci\u00f3n para que las diferentes instituciones colaboren para salvar un patrimonio barbate\u00f1o, que lleva unos a\u00f1os en una situaci\u00f3n de abandono imperdonable El Grupo Municipal Socialista ha presentado una moci\u00f3n al pleno del Ayuntamiento de Barbate con el objetivo de promover la restauraci\u00f3n, protecci\u00f3n y puesta en valor de la\u00a0Ermita de ...","og_url":"https:\/\/agrupacionespsoe.es\/barbate\/el-psoe-de-barbate-pide-una-actuacion-integral-en-la-ermita-de-san-ambrosio\/","og_site_name":"PSOE Barbate","article_published_time":"2025-06-16T08:42:23+00:00","og_image":[{"width":2048,"height":1152,"url":"https:\/\/agrupacionespsoe.es\/barbate\/wp-content\/uploads\/sites\/104\/2025\/06\/WhatsApp-Image-2025-06-08-at-20.41.51.jpeg","type":"image\/jpeg"}],"author":"barbate1","twitter_card":"summary_large_image","twitter_misc":{"Escrito por":"barbate1","Tiempo de lectura":"4 minutos"},"schema":{"@context":"https:\/\/schema.org","@graph":[{"@type":"Article","@id":"https:\/\/agrupacionespsoe.es\/barbate\/el-psoe-de-barbate-pide-una-actuacion-integral-en-la-ermita-de-san-ambrosio\/#article","isPartOf":{"@id":"https:\/\/agrupacionespsoe.es\/barbate\/el-psoe-de-barbate-pide-una-actuacion-integral-en-la-ermita-de-san-ambrosio\/"},"author":{"name":"barbate1","@id":"https:\/\/agrupacionespsoe.es\/barbate\/#\/schema\/person\/fb57332b771136035857e2a17089b403"},"headline":"El PSOE de Barbate pide una actuaci\u00f3n integral en la Ermita de San Ambrosio","datePublished":"2025-06-16T08:42:23+00:00","dateModified":"2025-06-16T08:42:23+00:00","mainEntityOfPage":{"@id":"https:\/\/agrupacionespsoe.es\/barbate\/el-psoe-de-barbate-pide-una-actuacion-integral-en-la-ermita-de-san-ambrosio\/"},"wordCount":830,"commentCount":0,"publisher":{"@id":"https:\/\/agrupacionespsoe.es\/barbate\/#organization"},"image":{"@id":"https:\/\/agrupacionespsoe.es\/barbate\/el-psoe-de-barbate-pide-una-actuacion-integral-en-la-ermita-de-san-ambrosio\/#primaryimage"},"thumbnailUrl":"https:\/\/agrupacionespsoe.es\/barbate\/wp-content\/uploads\/sites\/104\/2025\/06\/WhatsApp-Image-2025-06-08-at-20.41.51.jpeg","keywords":["ermita","san ambrosio"],"inLanguage":"es","potentialAction":[{"@type":"CommentAction","name":"Comment","target":["https:\/\/agrupacionespsoe.es\/barbate\/el-psoe-de-barbate-pide-una-actuacion-integral-en-la-ermita-de-san-ambrosio\/#respond"]}]},{"@type":"WebPage","@id":"https:\/\/agrupacionespsoe.es\/barbate\/el-psoe-de-barbate-pide-una-actuacion-integral-en-la-ermita-de-san-ambrosio\/","url":"https:\/\/agrupacionespsoe.es\/barbate\/el-psoe-de-barbate-pide-una-actuacion-integral-en-la-ermita-de-san-ambrosio\/","name":"El PSOE de Barbate pide una actuaci\u00f3n integral en la Ermita de San Ambrosio - PSOE Barbate","isPartOf":{"@id":"https:\/\/agrupacionespsoe.es\/barbate\/#website"},"primaryImageOfPage":{"@id":"https:\/\/agrupacionespsoe.es\/barbate\/el-psoe-de-barbate-pide-una-actuacion-integral-en-la-ermita-de-san-ambrosio\/#primaryimage"},"image":{"@id":"https:\/\/agrupacionespsoe.es\/barbate\/el-psoe-de-barbate-pide-una-actuacion-integral-en-la-ermita-de-san-ambrosio\/#primaryimage"},"thumbnailUrl":"https:\/\/agrupacionespsoe.es\/barbate\/wp-content\/uploads\/sites\/104\/2025\/06\/WhatsApp-Image-2025-06-08-at-20.41.51.jpeg","datePublished":"2025-06-16T08:42:23+00:00","dateModified":"2025-06-16T08:42:23+00:00","breadcrumb":{"@id":"https:\/\/agrupacionespsoe.es\/barbate\/el-psoe-de-barbate-pide-una-actuacion-integral-en-la-ermita-de-san-ambrosio\/#breadcrumb"},"inLanguage":"es","potentialAction":[{"@type":"ReadAction","target":["https:\/\/agrupacionespsoe.es\/barbate\/el-psoe-de-barbate-pide-una-actuacion-integral-en-la-ermita-de-san-ambrosio\/"]}]},{"@type":"ImageObject","inLanguage":"es","@id":"https:\/\/agrupacionespsoe.es\/barbate\/el-psoe-de-barbate-pide-una-actuacion-integral-en-la-ermita-de-san-ambrosio\/#primaryimage","url":"https:\/\/agrupacionespsoe.es\/barbate\/wp-content\/uploads\/sites\/104\/2025\/06\/WhatsApp-Image-2025-06-08-at-20.41.51.jpeg","contentUrl":"https:\/\/agrupacionespsoe.es\/barbate\/wp-content\/uploads\/sites\/104\/2025\/06\/WhatsApp-Image-2025-06-08-at-20.41.51.jpeg","width":2048,"height":1152},{"@type":"BreadcrumbList","@id":"https:\/\/agrupacionespsoe.es\/barbate\/el-psoe-de-barbate-pide-una-actuacion-integral-en-la-ermita-de-san-ambrosio\/#breadcrumb","itemListElement":[{"@type":"ListItem","position":1,"name":"Portada","item":"https:\/\/agrupacionespsoe.es\/barbate\/"},{"@type":"ListItem","position":2,"name":"El PSOE de Barbate pide una actuaci\u00f3n integral en la Ermita de San Ambrosio"}]},{"@type":"WebSite","@id":"https:\/\/agrupacionespsoe.es\/barbate\/#website","url":"https:\/\/agrupacionespsoe.es\/barbate\/","name":"PSOE Barbate","description":"PSOE BARBATE","publisher":{"@id":"https:\/\/agrupacionespsoe.es\/barbate\/#organization"},"potentialAction":[{"@type":"SearchAction","target":{"@type":"EntryPoint","urlTemplate":"https:\/\/agrupacionespsoe.es\/barbate\/?s={search_term_string}"},"query-input":{"@type":"PropertyValueSpecification","valueRequired":true,"valueName":"search_term_string"}}],"inLanguage":"es"},{"@type":"Organization","@id":"https:\/\/agrupacionespsoe.es\/barbate\/#organization","name":"PSOE Barbate","url":"https:\/\/agrupacionespsoe.es\/barbate\/","logo":{"@type":"ImageObject","inLanguage":"es","@id":"https:\/\/agrupacionespsoe.es\/barbate\/#\/schema\/logo\/image\/","url":"https:\/\/agrupacionespsoe.es\/wp-content\/uploads\/2022\/07\/Logotipo_electoral_del_PSOE.png","contentUrl":"https:\/\/agrupacionespsoe.es\/wp-content\/uploads\/2022\/07\/Logotipo_electoral_del_PSOE.png","width":422,"height":422,"caption":"PSOE Barbate"},"image":{"@id":"https:\/\/agrupacionespsoe.es\/barbate\/#\/schema\/logo\/image\/"}},{"@type":"Person","@id":"https:\/\/agrupacionespsoe.es\/barbate\/#\/schema\/person\/fb57332b771136035857e2a17089b403","name":"barbate1","image":{"@type":"ImageObject","inLanguage":"es","@id":"https:\/\/agrupacionespsoe.es\/barbate\/#\/schema\/person\/image\/","url":"https:\/\/secure.gravatar.com\/avatar\/68ea7ed9431a20fed86e5d4af65dc975?s=96&d=mm&r=g","contentUrl":"https:\/\/secure.gravatar.com\/avatar\/68ea7ed9431a20fed86e5d4af65dc975?s=96&d=mm&r=g","caption":"barbate1"},"url":"https:\/\/agrupacionespsoe.es\/barbate\/author\/barbate1\/"}]}},"jetpack_featured_media_url":"https:\/\/agrupacionespsoe.es\/barbate\/wp-content\/uploads\/sites\/104\/2025\/06\/WhatsApp-Image-2025-06-08-at-20.41.51.jpeg","jetpack_sharing_enabled":true,"_links":{"self":[{"href":"https:\/\/agrupacionespsoe.es\/barbate\/wp-json\/wp\/v2\/posts\/639","targetHints":{"allow":["GET"]}}],"collection":[{"href":"https:\/\/agrupacionespsoe.es\/barbate\/wp-json\/wp\/v2\/posts"}],"about":[{"href":"https:\/\/agrupacionespsoe.es\/barbate\/wp-json\/wp\/v2\/types\/post"}],"author":[{"embeddable":true,"href":"https:\/\/agrupacionespsoe.es\/barbate\/wp-json\/wp\/v2\/users\/155"}],"replies":[{"embeddable":true,"href":"https:\/\/agrupacionespsoe.es\/barbate\/wp-json\/wp\/v2\/comments?post=639"}],"version-history":[{"count":1,"href":"https:\/\/agrupacionespsoe.es\/barbate\/wp-json\/wp\/v2\/posts\/639\/revisions"}],"predecessor-version":[{"id":642,"href":"https:\/\/agrupacionespsoe.es\/barbate\/wp-json\/wp\/v2\/posts\/639\/revisions\/642"}],"wp:featuredmedia":[{"embeddable":true,"href":"https:\/\/agrupacionespsoe.es\/barbate\/wp-json\/wp\/v2\/media\/640"}],"wp:attachment":[{"href":"https:\/\/agrupacionespsoe.es\/barbate\/wp-json\/wp\/v2\/media?parent=639"}],"wp:term":[{"taxonomy":"category","embeddable":true,"href":"https:\/\/agrupacionespsoe.es\/barbate\/wp-json\/wp\/v2\/categories?post=639"},{"taxonomy":"post_tag","embeddable":true,"href":"https:\/\/agrupacionespsoe.es\/barbate\/wp-json\/wp\/v2\/tags?post=639"}],"curies":[{"name":"wp","href":"https:\/\/api.w.org\/{rel}","templated":true}]}}