{"id":632,"date":"2025-06-11T13:44:52","date_gmt":"2025-06-11T13:44:52","guid":{"rendered":"https:\/\/agrupacionespsoe.es\/barbate\/?p=632"},"modified":"2025-06-11T13:44:53","modified_gmt":"2025-06-11T13:44:53","slug":"el-psoe-solicitara-mas-ayuda-para-la-universidad-de-cadiz-en-su-busqueda-de-fosas-comunes-en-barbate","status":"publish","type":"post","link":"https:\/\/agrupacionespsoe.es\/barbate\/el-psoe-solicitara-mas-ayuda-para-la-universidad-de-cadiz-en-su-busqueda-de-fosas-comunes-en-barbate\/","title":{"rendered":"El PSOE solicitar\u00e1 m\u00e1s ayuda para la Universidad de C\u00e1diz en su b\u00fasqueda de fosas comunes en Barbate"},"content":{"rendered":"\n<p><em>Los socialistas agradecen a la UCA su labor y empe\u00f1o en la b\u00fasqueda de restablecer la memoria y dar paz a las familiar de los asesinados por el franquismo en el municipio y en La Janda<\/em><\/p>\n\n\n\n<p><strong>\u2013<\/strong>\u00a0El PSOE de Barbate, a trav\u00e9s de su GMS en el Ayuntamiento solicitar\u00e1 en pleno que se concedan ayudas a la Universidad de C\u00e1diz para la b\u00fasqueda de barbate\u00f1os y barbate\u00f1as represalidos durante la Guerra Civil y el franquismo. Un proyecto que ya se inici\u00f3 en el Cementerio y que, ahora de titularidad municipal, puede seguir\u00a0dando sus frutos, bajo el amparo de la\u00a0Ley 20\/2022, de 19 de octubre, de Memoria Democr\u00e1tica.<\/p>\n\n\n\n<p>El secretario general del PSOE local, Javier Rodr\u00edguez, ha expresado su agradecimiento a la Universidad de C\u00e1diz por su labor en la b\u00fasqueda de fosas comunes en Barbate y en otros municipios de la comarca de La Janda, donde existen indicios positivos de posibles cuerpos de represaliados barbate\u00f1os desde el a\u00f1o 1936.<\/p>\n\n\n\n<p>Cabe recordar que vecinos como Francisco Braza Basallote, entre otros, a\u00fan no han sido localizados, y por ende, sus familias no han podido completar el proceso de reparaci\u00f3n ni recibir la justicia que supondr\u00eda haberles dado una sepultura digna junto a sus seres queridos. Por ello, es justo y necesario poner en valor estos trabajos tan sensibles y meritorios, fundamentales para hacer la justicia que se requiere.<\/p>\n\n\n\n<p>Tras esta informaci\u00f3n, el grupo municipal socialista, en contacto con familiares que a\u00fan buscan a sus allegados barbate\u00f1os, solicitar\u00e1 a las administraciones p\u00fablicas \u2014como la Diputaci\u00f3n de C\u00e1diz, la Junta de Andaluc\u00eda y el Ministerio de Memoria Democr\u00e1tica\u2014 m\u00e1s fondos p\u00fablicos para llevar a cabo estas labores humanas y necesarias.<\/p>\n\n\n\n<p>Por \u00faltimo, desde el PSOE se vuelve a agradecer a la Universidad de C\u00e1diz su b\u00fasqueda incesante en la provincia, tanto en los trabajos previos de investigaci\u00f3n como en las posteriores exhumaciones. Cabe destacar que la universidad p\u00fablica mantiene actualmente convenios con diversas administraciones para llevar a cabo sondeos con equipos geof\u00edsicos, que permitan localizar fosas comunes donde existan indicios y se\u00f1ales. Entre estos trabajos, destaca el realizado en San Jos\u00e9 del Valle, donde recientemente se han hallado varios los restos mortales.&nbsp;<\/p>\n\n\n\n<p>Son ejemplos, adem\u00e1s, de todo este trabajo por la recuperaci\u00f3n de la Memoria Hist\u00f3rica en la provincia, entidades como Amede en San Fernando, los Comunes de Conil, la Casa de la Memoria de La Sauceda, o la propia Asociaci\u00f3n de la Memoria Hist\u00f3rica de C\u00e1diz.&nbsp;<\/p>\n\n\n\n<p><\/p>\n","protected":false},"excerpt":{"rendered":"<p>Los socialistas agradecen a la UCA su labor y empe\u00f1o en la b\u00fasqueda de restablecer la memoria y dar paz a las familiar de los asesinados por el franquismo en el municipio y en La Janda \u2013\u00a0El PSOE de Barbate, a trav\u00e9s de su GMS en el Ayuntamiento solicitar\u00e1 en pleno que se concedan ayudas &#8230;<\/p>\n","protected":false},"author":155,"featured_media":633,"comment_status":"open","ping_status":"open","sticky":false,"template":"","format":"standard","meta":{"_jetpack_memberships_contains_paid_content":false,"footnotes":""},"categories":[1],"tags":[58,51,75],"class_list":["post-632","post","type-post","status-publish","format-standard","has-post-thumbnail","hentry","category-sin-categoria","tag-memoria","tag-mocion","tag-uca"],"yoast_head":"<!-- This site is optimized with the Yoast SEO plugin v24.0 - https:\/\/yoast.com\/wordpress\/plugins\/seo\/ -->\n<title>El PSOE solicitar\u00e1 m\u00e1s ayuda para la Universidad de C\u00e1diz en su b\u00fasqueda de fosas comunes en Barbate - PSOE Barbate<\/title>\n<meta name=\"robots\" content=\"index, follow, max-snippet:-1, max-image-preview:large, max-video-preview:-1\" \/>\n<link rel=\"canonical\" href=\"https:\/\/agrupacionespsoe.es\/barbate\/el-psoe-solicitara-mas-ayuda-para-la-universidad-de-cadiz-en-su-busqueda-de-fosas-comunes-en-barbate\/\" \/>\n<meta property=\"og:locale\" content=\"es_ES\" \/>\n<meta property=\"og:type\" content=\"article\" \/>\n<meta property=\"og:title\" content=\"El PSOE solicitar\u00e1 m\u00e1s ayuda para la Universidad de C\u00e1diz en su b\u00fasqueda de fosas comunes en Barbate - PSOE Barbate\" \/>\n<meta property=\"og:description\" content=\"Los socialistas agradecen a la UCA su labor y empe\u00f1o en la b\u00fasqueda de restablecer la memoria y dar paz a las familiar de los asesinados por el franquismo en el municipio y en La Janda \u2013\u00a0El PSOE de Barbate, a trav\u00e9s de su GMS en el Ayuntamiento solicitar\u00e1 en pleno que se concedan ayudas ...\" \/>\n<meta property=\"og:url\" content=\"https:\/\/agrupacionespsoe.es\/barbate\/el-psoe-solicitara-mas-ayuda-para-la-universidad-de-cadiz-en-su-busqueda-de-fosas-comunes-en-barbate\/\" \/>\n<meta property=\"og:site_name\" content=\"PSOE Barbate\" \/>\n<meta property=\"article:published_time\" content=\"2025-06-11T13:44:52+00:00\" \/>\n<meta property=\"article:modified_time\" content=\"2025-06-11T13:44:53+00:00\" \/>\n<meta property=\"og:image\" content=\"https:\/\/agrupacionespsoe.es\/barbate\/wp-content\/uploads\/sites\/104\/2025\/06\/IMG-20250117-WA0009-scaled-1.jpg\" \/>\n\t<meta property=\"og:image:width\" content=\"2560\" \/>\n\t<meta property=\"og:image:height\" content=\"1920\" \/>\n\t<meta property=\"og:image:type\" content=\"image\/jpeg\" \/>\n<meta name=\"author\" content=\"barbate1\" \/>\n<meta name=\"twitter:card\" content=\"summary_large_image\" \/>\n<meta name=\"twitter:label1\" content=\"Escrito por\" \/>\n\t<meta name=\"twitter:data1\" content=\"barbate1\" \/>\n\t<meta name=\"twitter:label2\" content=\"Tiempo de lectura\" \/>\n\t<meta name=\"twitter:data2\" content=\"3 minutos\" \/>\n<script type=\"application\/ld+json\" class=\"yoast-schema-graph\">{\"@context\":\"https:\/\/schema.org\",\"@graph\":[{\"@type\":\"Article\",\"@id\":\"https:\/\/agrupacionespsoe.es\/barbate\/el-psoe-solicitara-mas-ayuda-para-la-universidad-de-cadiz-en-su-busqueda-de-fosas-comunes-en-barbate\/#article\",\"isPartOf\":{\"@id\":\"https:\/\/agrupacionespsoe.es\/barbate\/el-psoe-solicitara-mas-ayuda-para-la-universidad-de-cadiz-en-su-busqueda-de-fosas-comunes-en-barbate\/\"},\"author\":{\"name\":\"barbate1\",\"@id\":\"https:\/\/agrupacionespsoe.es\/barbate\/#\/schema\/person\/fb57332b771136035857e2a17089b403\"},\"headline\":\"El PSOE solicitar\u00e1 m\u00e1s ayuda para la Universidad de C\u00e1diz en su b\u00fasqueda de fosas comunes en Barbate\",\"datePublished\":\"2025-06-11T13:44:52+00:00\",\"dateModified\":\"2025-06-11T13:44:53+00:00\",\"mainEntityOfPage\":{\"@id\":\"https:\/\/agrupacionespsoe.es\/barbate\/el-psoe-solicitara-mas-ayuda-para-la-universidad-de-cadiz-en-su-busqueda-de-fosas-comunes-en-barbate\/\"},\"wordCount\":463,\"commentCount\":0,\"publisher\":{\"@id\":\"https:\/\/agrupacionespsoe.es\/barbate\/#organization\"},\"image\":{\"@id\":\"https:\/\/agrupacionespsoe.es\/barbate\/el-psoe-solicitara-mas-ayuda-para-la-universidad-de-cadiz-en-su-busqueda-de-fosas-comunes-en-barbate\/#primaryimage\"},\"thumbnailUrl\":\"https:\/\/agrupacionespsoe.es\/barbate\/wp-content\/uploads\/sites\/104\/2025\/06\/IMG-20250117-WA0009-scaled-1.jpg\",\"keywords\":[\"Memoria\",\"moci\u00f3n\",\"uca\"],\"inLanguage\":\"es\",\"potentialAction\":[{\"@type\":\"CommentAction\",\"name\":\"Comment\",\"target\":[\"https:\/\/agrupacionespsoe.es\/barbate\/el-psoe-solicitara-mas-ayuda-para-la-universidad-de-cadiz-en-su-busqueda-de-fosas-comunes-en-barbate\/#respond\"]}]},{\"@type\":\"WebPage\",\"@id\":\"https:\/\/agrupacionespsoe.es\/barbate\/el-psoe-solicitara-mas-ayuda-para-la-universidad-de-cadiz-en-su-busqueda-de-fosas-comunes-en-barbate\/\",\"url\":\"https:\/\/agrupacionespsoe.es\/barbate\/el-psoe-solicitara-mas-ayuda-para-la-universidad-de-cadiz-en-su-busqueda-de-fosas-comunes-en-barbate\/\",\"name\":\"El PSOE solicitar\u00e1 m\u00e1s ayuda para la Universidad de C\u00e1diz en su b\u00fasqueda de fosas comunes en Barbate - PSOE Barbate\",\"isPartOf\":{\"@id\":\"https:\/\/agrupacionespsoe.es\/barbate\/#website\"},\"primaryImageOfPage\":{\"@id\":\"https:\/\/agrupacionespsoe.es\/barbate\/el-psoe-solicitara-mas-ayuda-para-la-universidad-de-cadiz-en-su-busqueda-de-fosas-comunes-en-barbate\/#primaryimage\"},\"image\":{\"@id\":\"https:\/\/agrupacionespsoe.es\/barbate\/el-psoe-solicitara-mas-ayuda-para-la-universidad-de-cadiz-en-su-busqueda-de-fosas-comunes-en-barbate\/#primaryimage\"},\"thumbnailUrl\":\"https:\/\/agrupacionespsoe.es\/barbate\/wp-content\/uploads\/sites\/104\/2025\/06\/IMG-20250117-WA0009-scaled-1.jpg\",\"datePublished\":\"2025-06-11T13:44:52+00:00\",\"dateModified\":\"2025-06-11T13:44:53+00:00\",\"breadcrumb\":{\"@id\":\"https:\/\/agrupacionespsoe.es\/barbate\/el-psoe-solicitara-mas-ayuda-para-la-universidad-de-cadiz-en-su-busqueda-de-fosas-comunes-en-barbate\/#breadcrumb\"},\"inLanguage\":\"es\",\"potentialAction\":[{\"@type\":\"ReadAction\",\"target\":[\"https:\/\/agrupacionespsoe.es\/barbate\/el-psoe-solicitara-mas-ayuda-para-la-universidad-de-cadiz-en-su-busqueda-de-fosas-comunes-en-barbate\/\"]}]},{\"@type\":\"ImageObject\",\"inLanguage\":\"es\",\"@id\":\"https:\/\/agrupacionespsoe.es\/barbate\/el-psoe-solicitara-mas-ayuda-para-la-universidad-de-cadiz-en-su-busqueda-de-fosas-comunes-en-barbate\/#primaryimage\",\"url\":\"https:\/\/agrupacionespsoe.es\/barbate\/wp-content\/uploads\/sites\/104\/2025\/06\/IMG-20250117-WA0009-scaled-1.jpg\",\"contentUrl\":\"https:\/\/agrupacionespsoe.es\/barbate\/wp-content\/uploads\/sites\/104\/2025\/06\/IMG-20250117-WA0009-scaled-1.jpg\",\"width\":2560,\"height\":1920},{\"@type\":\"BreadcrumbList\",\"@id\":\"https:\/\/agrupacionespsoe.es\/barbate\/el-psoe-solicitara-mas-ayuda-para-la-universidad-de-cadiz-en-su-busqueda-de-fosas-comunes-en-barbate\/#breadcrumb\",\"itemListElement\":[{\"@type\":\"ListItem\",\"position\":1,\"name\":\"Portada\",\"item\":\"https:\/\/agrupacionespsoe.es\/barbate\/\"},{\"@type\":\"ListItem\",\"position\":2,\"name\":\"El PSOE solicitar\u00e1 m\u00e1s ayuda para la Universidad de C\u00e1diz en su b\u00fasqueda de fosas comunes en Barbate\"}]},{\"@type\":\"WebSite\",\"@id\":\"https:\/\/agrupacionespsoe.es\/barbate\/#website\",\"url\":\"https:\/\/agrupacionespsoe.es\/barbate\/\",\"name\":\"PSOE Barbate\",\"description\":\"PSOE BARBATE\",\"publisher\":{\"@id\":\"https:\/\/agrupacionespsoe.es\/barbate\/#organization\"},\"potentialAction\":[{\"@type\":\"SearchAction\",\"target\":{\"@type\":\"EntryPoint\",\"urlTemplate\":\"https:\/\/agrupacionespsoe.es\/barbate\/?s={search_term_string}\"},\"query-input\":{\"@type\":\"PropertyValueSpecification\",\"valueRequired\":true,\"valueName\":\"search_term_string\"}}],\"inLanguage\":\"es\"},{\"@type\":\"Organization\",\"@id\":\"https:\/\/agrupacionespsoe.es\/barbate\/#organization\",\"name\":\"PSOE Barbate\",\"url\":\"https:\/\/agrupacionespsoe.es\/barbate\/\",\"logo\":{\"@type\":\"ImageObject\",\"inLanguage\":\"es\",\"@id\":\"https:\/\/agrupacionespsoe.es\/barbate\/#\/schema\/logo\/image\/\",\"url\":\"https:\/\/agrupacionespsoe.es\/wp-content\/uploads\/2022\/07\/Logotipo_electoral_del_PSOE.png\",\"contentUrl\":\"https:\/\/agrupacionespsoe.es\/wp-content\/uploads\/2022\/07\/Logotipo_electoral_del_PSOE.png\",\"width\":422,\"height\":422,\"caption\":\"PSOE Barbate\"},\"image\":{\"@id\":\"https:\/\/agrupacionespsoe.es\/barbate\/#\/schema\/logo\/image\/\"}},{\"@type\":\"Person\",\"@id\":\"https:\/\/agrupacionespsoe.es\/barbate\/#\/schema\/person\/fb57332b771136035857e2a17089b403\",\"name\":\"barbate1\",\"image\":{\"@type\":\"ImageObject\",\"inLanguage\":\"es\",\"@id\":\"https:\/\/agrupacionespsoe.es\/barbate\/#\/schema\/person\/image\/\",\"url\":\"https:\/\/secure.gravatar.com\/avatar\/68ea7ed9431a20fed86e5d4af65dc975?s=96&d=mm&r=g\",\"contentUrl\":\"https:\/\/secure.gravatar.com\/avatar\/68ea7ed9431a20fed86e5d4af65dc975?s=96&d=mm&r=g\",\"caption\":\"barbate1\"},\"url\":\"https:\/\/agrupacionespsoe.es\/barbate\/author\/barbate1\/\"}]}<\/script>\n<!-- \/ Yoast SEO plugin. -->","yoast_head_json":{"title":"El PSOE solicitar\u00e1 m\u00e1s ayuda para la Universidad de C\u00e1diz en su b\u00fasqueda de fosas comunes en Barbate - PSOE Barbate","robots":{"index":"index","follow":"follow","max-snippet":"max-snippet:-1","max-image-preview":"max-image-preview:large","max-video-preview":"max-video-preview:-1"},"canonical":"https:\/\/agrupacionespsoe.es\/barbate\/el-psoe-solicitara-mas-ayuda-para-la-universidad-de-cadiz-en-su-busqueda-de-fosas-comunes-en-barbate\/","og_locale":"es_ES","og_type":"article","og_title":"El PSOE solicitar\u00e1 m\u00e1s ayuda para la Universidad de C\u00e1diz en su b\u00fasqueda de fosas comunes en Barbate - PSOE Barbate","og_description":"Los socialistas agradecen a la UCA su labor y empe\u00f1o en la b\u00fasqueda de restablecer la memoria y dar paz a las familiar de los asesinados por el franquismo en el municipio y en La Janda \u2013\u00a0El PSOE de Barbate, a trav\u00e9s de su GMS en el Ayuntamiento solicitar\u00e1 en pleno que se concedan ayudas ...","og_url":"https:\/\/agrupacionespsoe.es\/barbate\/el-psoe-solicitara-mas-ayuda-para-la-universidad-de-cadiz-en-su-busqueda-de-fosas-comunes-en-barbate\/","og_site_name":"PSOE Barbate","article_published_time":"2025-06-11T13:44:52+00:00","article_modified_time":"2025-06-11T13:44:53+00:00","og_image":[{"width":2560,"height":1920,"url":"https:\/\/agrupacionespsoe.es\/barbate\/wp-content\/uploads\/sites\/104\/2025\/06\/IMG-20250117-WA0009-scaled-1.jpg","type":"image\/jpeg"}],"author":"barbate1","twitter_card":"summary_large_image","twitter_misc":{"Escrito por":"barbate1","Tiempo de lectura":"3 minutos"},"schema":{"@context":"https:\/\/schema.org","@graph":[{"@type":"Article","@id":"https:\/\/agrupacionespsoe.es\/barbate\/el-psoe-solicitara-mas-ayuda-para-la-universidad-de-cadiz-en-su-busqueda-de-fosas-comunes-en-barbate\/#article","isPartOf":{"@id":"https:\/\/agrupacionespsoe.es\/barbate\/el-psoe-solicitara-mas-ayuda-para-la-universidad-de-cadiz-en-su-busqueda-de-fosas-comunes-en-barbate\/"},"author":{"name":"barbate1","@id":"https:\/\/agrupacionespsoe.es\/barbate\/#\/schema\/person\/fb57332b771136035857e2a17089b403"},"headline":"El PSOE solicitar\u00e1 m\u00e1s ayuda para la Universidad de C\u00e1diz en su b\u00fasqueda de fosas comunes en Barbate","datePublished":"2025-06-11T13:44:52+00:00","dateModified":"2025-06-11T13:44:53+00:00","mainEntityOfPage":{"@id":"https:\/\/agrupacionespsoe.es\/barbate\/el-psoe-solicitara-mas-ayuda-para-la-universidad-de-cadiz-en-su-busqueda-de-fosas-comunes-en-barbate\/"},"wordCount":463,"commentCount":0,"publisher":{"@id":"https:\/\/agrupacionespsoe.es\/barbate\/#organization"},"image":{"@id":"https:\/\/agrupacionespsoe.es\/barbate\/el-psoe-solicitara-mas-ayuda-para-la-universidad-de-cadiz-en-su-busqueda-de-fosas-comunes-en-barbate\/#primaryimage"},"thumbnailUrl":"https:\/\/agrupacionespsoe.es\/barbate\/wp-content\/uploads\/sites\/104\/2025\/06\/IMG-20250117-WA0009-scaled-1.jpg","keywords":["Memoria","moci\u00f3n","uca"],"inLanguage":"es","potentialAction":[{"@type":"CommentAction","name":"Comment","target":["https:\/\/agrupacionespsoe.es\/barbate\/el-psoe-solicitara-mas-ayuda-para-la-universidad-de-cadiz-en-su-busqueda-de-fosas-comunes-en-barbate\/#respond"]}]},{"@type":"WebPage","@id":"https:\/\/agrupacionespsoe.es\/barbate\/el-psoe-solicitara-mas-ayuda-para-la-universidad-de-cadiz-en-su-busqueda-de-fosas-comunes-en-barbate\/","url":"https:\/\/agrupacionespsoe.es\/barbate\/el-psoe-solicitara-mas-ayuda-para-la-universidad-de-cadiz-en-su-busqueda-de-fosas-comunes-en-barbate\/","name":"El PSOE solicitar\u00e1 m\u00e1s ayuda para la Universidad de C\u00e1diz en su b\u00fasqueda de fosas comunes en Barbate - PSOE Barbate","isPartOf":{"@id":"https:\/\/agrupacionespsoe.es\/barbate\/#website"},"primaryImageOfPage":{"@id":"https:\/\/agrupacionespsoe.es\/barbate\/el-psoe-solicitara-mas-ayuda-para-la-universidad-de-cadiz-en-su-busqueda-de-fosas-comunes-en-barbate\/#primaryimage"},"image":{"@id":"https:\/\/agrupacionespsoe.es\/barbate\/el-psoe-solicitara-mas-ayuda-para-la-universidad-de-cadiz-en-su-busqueda-de-fosas-comunes-en-barbate\/#primaryimage"},"thumbnailUrl":"https:\/\/agrupacionespsoe.es\/barbate\/wp-content\/uploads\/sites\/104\/2025\/06\/IMG-20250117-WA0009-scaled-1.jpg","datePublished":"2025-06-11T13:44:52+00:00","dateModified":"2025-06-11T13:44:53+00:00","breadcrumb":{"@id":"https:\/\/agrupacionespsoe.es\/barbate\/el-psoe-solicitara-mas-ayuda-para-la-universidad-de-cadiz-en-su-busqueda-de-fosas-comunes-en-barbate\/#breadcrumb"},"inLanguage":"es","potentialAction":[{"@type":"ReadAction","target":["https:\/\/agrupacionespsoe.es\/barbate\/el-psoe-solicitara-mas-ayuda-para-la-universidad-de-cadiz-en-su-busqueda-de-fosas-comunes-en-barbate\/"]}]},{"@type":"ImageObject","inLanguage":"es","@id":"https:\/\/agrupacionespsoe.es\/barbate\/el-psoe-solicitara-mas-ayuda-para-la-universidad-de-cadiz-en-su-busqueda-de-fosas-comunes-en-barbate\/#primaryimage","url":"https:\/\/agrupacionespsoe.es\/barbate\/wp-content\/uploads\/sites\/104\/2025\/06\/IMG-20250117-WA0009-scaled-1.jpg","contentUrl":"https:\/\/agrupacionespsoe.es\/barbate\/wp-content\/uploads\/sites\/104\/2025\/06\/IMG-20250117-WA0009-scaled-1.jpg","width":2560,"height":1920},{"@type":"BreadcrumbList","@id":"https:\/\/agrupacionespsoe.es\/barbate\/el-psoe-solicitara-mas-ayuda-para-la-universidad-de-cadiz-en-su-busqueda-de-fosas-comunes-en-barbate\/#breadcrumb","itemListElement":[{"@type":"ListItem","position":1,"name":"Portada","item":"https:\/\/agrupacionespsoe.es\/barbate\/"},{"@type":"ListItem","position":2,"name":"El PSOE solicitar\u00e1 m\u00e1s ayuda para la Universidad de C\u00e1diz en su b\u00fasqueda de fosas comunes en Barbate"}]},{"@type":"WebSite","@id":"https:\/\/agrupacionespsoe.es\/barbate\/#website","url":"https:\/\/agrupacionespsoe.es\/barbate\/","name":"PSOE Barbate","description":"PSOE BARBATE","publisher":{"@id":"https:\/\/agrupacionespsoe.es\/barbate\/#organization"},"potentialAction":[{"@type":"SearchAction","target":{"@type":"EntryPoint","urlTemplate":"https:\/\/agrupacionespsoe.es\/barbate\/?s={search_term_string}"},"query-input":{"@type":"PropertyValueSpecification","valueRequired":true,"valueName":"search_term_string"}}],"inLanguage":"es"},{"@type":"Organization","@id":"https:\/\/agrupacionespsoe.es\/barbate\/#organization","name":"PSOE Barbate","url":"https:\/\/agrupacionespsoe.es\/barbate\/","logo":{"@type":"ImageObject","inLanguage":"es","@id":"https:\/\/agrupacionespsoe.es\/barbate\/#\/schema\/logo\/image\/","url":"https:\/\/agrupacionespsoe.es\/wp-content\/uploads\/2022\/07\/Logotipo_electoral_del_PSOE.png","contentUrl":"https:\/\/agrupacionespsoe.es\/wp-content\/uploads\/2022\/07\/Logotipo_electoral_del_PSOE.png","width":422,"height":422,"caption":"PSOE Barbate"},"image":{"@id":"https:\/\/agrupacionespsoe.es\/barbate\/#\/schema\/logo\/image\/"}},{"@type":"Person","@id":"https:\/\/agrupacionespsoe.es\/barbate\/#\/schema\/person\/fb57332b771136035857e2a17089b403","name":"barbate1","image":{"@type":"ImageObject","inLanguage":"es","@id":"https:\/\/agrupacionespsoe.es\/barbate\/#\/schema\/person\/image\/","url":"https:\/\/secure.gravatar.com\/avatar\/68ea7ed9431a20fed86e5d4af65dc975?s=96&d=mm&r=g","contentUrl":"https:\/\/secure.gravatar.com\/avatar\/68ea7ed9431a20fed86e5d4af65dc975?s=96&d=mm&r=g","caption":"barbate1"},"url":"https:\/\/agrupacionespsoe.es\/barbate\/author\/barbate1\/"}]}},"jetpack_featured_media_url":"https:\/\/agrupacionespsoe.es\/barbate\/wp-content\/uploads\/sites\/104\/2025\/06\/IMG-20250117-WA0009-scaled-1.jpg","jetpack_sharing_enabled":true,"_links":{"self":[{"href":"https:\/\/agrupacionespsoe.es\/barbate\/wp-json\/wp\/v2\/posts\/632","targetHints":{"allow":["GET"]}}],"collection":[{"href":"https:\/\/agrupacionespsoe.es\/barbate\/wp-json\/wp\/v2\/posts"}],"about":[{"href":"https:\/\/agrupacionespsoe.es\/barbate\/wp-json\/wp\/v2\/types\/post"}],"author":[{"embeddable":true,"href":"https:\/\/agrupacionespsoe.es\/barbate\/wp-json\/wp\/v2\/users\/155"}],"replies":[{"embeddable":true,"href":"https:\/\/agrupacionespsoe.es\/barbate\/wp-json\/wp\/v2\/comments?post=632"}],"version-history":[{"count":1,"href":"https:\/\/agrupacionespsoe.es\/barbate\/wp-json\/wp\/v2\/posts\/632\/revisions"}],"predecessor-version":[{"id":634,"href":"https:\/\/agrupacionespsoe.es\/barbate\/wp-json\/wp\/v2\/posts\/632\/revisions\/634"}],"wp:featuredmedia":[{"embeddable":true,"href":"https:\/\/agrupacionespsoe.es\/barbate\/wp-json\/wp\/v2\/media\/633"}],"wp:attachment":[{"href":"https:\/\/agrupacionespsoe.es\/barbate\/wp-json\/wp\/v2\/media?parent=632"}],"wp:term":[{"taxonomy":"category","embeddable":true,"href":"https:\/\/agrupacionespsoe.es\/barbate\/wp-json\/wp\/v2\/categories?post=632"},{"taxonomy":"post_tag","embeddable":true,"href":"https:\/\/agrupacionespsoe.es\/barbate\/wp-json\/wp\/v2\/tags?post=632"}],"curies":[{"name":"wp","href":"https:\/\/api.w.org\/{rel}","templated":true}]}}