{"id":610,"date":"2025-06-04T09:58:25","date_gmt":"2025-06-04T09:58:25","guid":{"rendered":"https:\/\/agrupacionespsoe.es\/barbate\/?p=610"},"modified":"2025-06-04T09:58:26","modified_gmt":"2025-06-04T09:58:26","slug":"javier-rodriguez-elegido-por-unanimidad-nuevo-secretario-general-de-los-socialistas-de-barbate","status":"publish","type":"post","link":"https:\/\/agrupacionespsoe.es\/barbate\/javier-rodriguez-elegido-por-unanimidad-nuevo-secretario-general-de-los-socialistas-de-barbate\/","title":{"rendered":"Javier Rodr\u00edguez, elegido por unanimidad nuevo secretario general de los socialistas de Barbate"},"content":{"rendered":"\n<p><em>El portavoz socialista celebra la primera reuni\u00f3n de un equipo renovado, con capacidad y entusiasmo, agradeciendo el trabajo realizado por la anterior secretaria Mariloli Varo<\/em><em><\/em><\/p>\n\n\n\n<p>Arranca una nueva era en la Agrupaci\u00f3n Socialista de Barbate, con la elecci\u00f3n de Javier Rodr\u00edguez por parte del 100% de los militantes participante como secretario general. Una Asamblea Extraordinada celebrada el pasado viernes en la Casa de Pueblo y que supuso el relevo a la anterior secretaria, Mariloli Varo, tras a\u00f1os de trabajo al frente del PSOE de Barbate.\u00a0<\/p>\n\n\n\n<p>En la primera reuni\u00f3n celebrada esta semana, Rodr\u00edguez ya ha sentado las bases de lo que ser\u00e1 un trabajo en equipo con gente llena de entusiasmo, capacidad y experiencia para afrontar los retos futuros. Las primeras palabras como secretario general fueron para Varo, por su trabajo durante estos a\u00f1os en una situaci\u00f3n pol\u00edtica compleja, as\u00ed como el de su equipo.&nbsp;<\/p>\n\n\n\n<p>\u201cAhora toca mirar hacia el futuro con optimismo, porque no se puede permitir que Miguel Molina, con la connivencia de Ana Moreno, sigan enga\u00f1ando a los barbate\u00f1os y las barbate\u00f1as\u201d, esgrimi\u00f3 Rodr\u00edguez. Para el socialista, el alcalde ha cometido un \u201cfraude electoral\u201d, ya que se comprometi\u00f3 que en dos a\u00f1os estar\u00eda el hotel, la residencia de mayores y las viviendas sociales \u201cy han pasado dos a\u00f1os y no hay nada de nada\u201d.&nbsp;<\/p>\n\n\n\n<p>Tambi\u00e9n quiso tener palabras para la militancia, agradeciendo la confianza en un proyecto colectivo, donde la prioridad ser\u00e1 \u201cestar al lado de la ciudadan\u00eda, defendiendo lo p\u00fablico, luchando por la igualdad y apostando por un Barbate con m\u00e1s oportunidades para todos y todas\u201d.<\/p>\n\n\n\n<figure class=\"wp-block-image size-large\"><img loading=\"lazy\" decoding=\"async\" width=\"1024\" height=\"557\" src=\"https:\/\/agrupacionespsoe.es\/barbate\/wp-content\/uploads\/sites\/104\/2025\/06\/WhatsApp-Image-2025-06-02-at-22.15.06-1024x557.jpeg\" alt=\"\" class=\"wp-image-617\" srcset=\"https:\/\/agrupacionespsoe.es\/barbate\/wp-content\/uploads\/sites\/104\/2025\/06\/WhatsApp-Image-2025-06-02-at-22.15.06-1024x557.jpeg 1024w, https:\/\/agrupacionespsoe.es\/barbate\/wp-content\/uploads\/sites\/104\/2025\/06\/WhatsApp-Image-2025-06-02-at-22.15.06-300x163.jpeg 300w, https:\/\/agrupacionespsoe.es\/barbate\/wp-content\/uploads\/sites\/104\/2025\/06\/WhatsApp-Image-2025-06-02-at-22.15.06-768x418.jpeg 768w, https:\/\/agrupacionespsoe.es\/barbate\/wp-content\/uploads\/sites\/104\/2025\/06\/WhatsApp-Image-2025-06-02-at-22.15.06-1536x836.jpeg 1536w, https:\/\/agrupacionespsoe.es\/barbate\/wp-content\/uploads\/sites\/104\/2025\/06\/WhatsApp-Image-2025-06-02-at-22.15.06.jpeg 1614w\" sizes=\"auto, (max-width: 1024px) 100vw, 1024px\" \/><\/figure>\n\n\n\n<p><strong>Preparados para transformar Barbate<\/strong><strong><\/strong><\/p>\n\n\n\n<p>Para poner en marcha los retos futuros, aunque a corto plazo, como es el caso de los diferentes comicios electorales pr\u00f3ximos y un trabajo permanente de escucha a la ciudadan\u00eda, Rodr\u00edguez se acompa\u00f1ar\u00e1 en su equipo de la propia Mariloli Varo, como responsable de la&nbsp;Vicesecretar\u00eda General Primera y de Sanidad y Relaciones Sindicales, y Jes\u00fas Alba, que mantiene su cargo como secretario de Organizaci\u00f3n.&nbsp;&nbsp;&nbsp;<\/p>\n\n\n\n<p>Como curiosidad, Rodr\u00edguez ha conseguido integrar a los \u00faltimos dos secretarios generales, Varo y Rafael Quir\u00f3s, as\u00ed como los dos \u00faltimos alcaldes socialistas, el propio Quir\u00f3s y Paco Tamayo. Este \u00faltimo ha sido nombrado presidente y responsable de estudios electorales y estrategia pol\u00edtica.&nbsp;&nbsp;<\/p>\n\n\n\n<p>Tambi\u00e9n destacan \u00e1reas estrat\u00e9gicas como Pol\u00edtica Municipal, Igualdad, Educaci\u00f3n, Juventud, Medio Ambiente, Turismo o Acci\u00f3n Electoral, reflejando un modelo de partido abierto a la ciudadan\u00eda y preparado para responder a los grandes desaf\u00edos del municipio.<\/p>\n\n\n\n<p>La Agrupaci\u00f3n Socialista afronta un tiempo nuevo con Javier Rodr\u00edguez a la cabeza, reafirmando su compromiso con Barbate, continuando defendiendo mociones con los siete concejales del grupo municipal socialista del Ayuntamiento de Barbate y con voz y voto en el ejecutivo provincial.&nbsp;<\/p>\n\n\n\n<p>\u201cTodo esto es fruto del esfuerzo y de no cesar en el empe\u00f1o de colocar a Barbate en la mejores posiciones para solucionar sus problemas y defenestrar de una vez a Molina, cada vez m\u00e1s abrazado al PP, y un PP que solo piensa en privatizar y defender sus sueldos\u201d, en palabras de Rodr\u00edguez.&nbsp;&nbsp;&nbsp;<\/p>\n\n\n\n<figure class=\"wp-block-gallery has-nested-images columns-default is-cropped wp-block-gallery-1 is-layout-flex wp-block-gallery-is-layout-flex\">\n<figure class=\"wp-block-image size-large\"><img loading=\"lazy\" decoding=\"async\" width=\"1024\" height=\"643\" data-id=\"616\" src=\"https:\/\/agrupacionespsoe.es\/barbate\/wp-content\/uploads\/sites\/104\/2025\/06\/WhatsApp-Image-2025-06-02-at-22.15.06-2-1024x643.jpeg\" alt=\"\" class=\"wp-image-616\" srcset=\"https:\/\/agrupacionespsoe.es\/barbate\/wp-content\/uploads\/sites\/104\/2025\/06\/WhatsApp-Image-2025-06-02-at-22.15.06-2-1024x643.jpeg 1024w, https:\/\/agrupacionespsoe.es\/barbate\/wp-content\/uploads\/sites\/104\/2025\/06\/WhatsApp-Image-2025-06-02-at-22.15.06-2-300x189.jpeg 300w, https:\/\/agrupacionespsoe.es\/barbate\/wp-content\/uploads\/sites\/104\/2025\/06\/WhatsApp-Image-2025-06-02-at-22.15.06-2-768x483.jpeg 768w, https:\/\/agrupacionespsoe.es\/barbate\/wp-content\/uploads\/sites\/104\/2025\/06\/WhatsApp-Image-2025-06-02-at-22.15.06-2-1536x965.jpeg 1536w, https:\/\/agrupacionespsoe.es\/barbate\/wp-content\/uploads\/sites\/104\/2025\/06\/WhatsApp-Image-2025-06-02-at-22.15.06-2.jpeg 1620w\" sizes=\"auto, (max-width: 1024px) 100vw, 1024px\" \/><\/figure>\n\n\n\n<figure class=\"wp-block-image size-large\"><img loading=\"lazy\" decoding=\"async\" width=\"1024\" height=\"687\" data-id=\"615\" src=\"https:\/\/agrupacionespsoe.es\/barbate\/wp-content\/uploads\/sites\/104\/2025\/06\/WhatsApp-Image-2025-06-02-at-22.15.06-3-1024x687.jpeg\" alt=\"\" class=\"wp-image-615\" srcset=\"https:\/\/agrupacionespsoe.es\/barbate\/wp-content\/uploads\/sites\/104\/2025\/06\/WhatsApp-Image-2025-06-02-at-22.15.06-3-1024x687.jpeg 1024w, https:\/\/agrupacionespsoe.es\/barbate\/wp-content\/uploads\/sites\/104\/2025\/06\/WhatsApp-Image-2025-06-02-at-22.15.06-3-300x201.jpeg 300w, https:\/\/agrupacionespsoe.es\/barbate\/wp-content\/uploads\/sites\/104\/2025\/06\/WhatsApp-Image-2025-06-02-at-22.15.06-3-768x515.jpeg 768w, https:\/\/agrupacionespsoe.es\/barbate\/wp-content\/uploads\/sites\/104\/2025\/06\/WhatsApp-Image-2025-06-02-at-22.15.06-3-1536x1030.jpeg 1536w, https:\/\/agrupacionespsoe.es\/barbate\/wp-content\/uploads\/sites\/104\/2025\/06\/WhatsApp-Image-2025-06-02-at-22.15.06-3.jpeg 1548w\" sizes=\"auto, (max-width: 1024px) 100vw, 1024px\" \/><\/figure>\n\n\n\n<figure class=\"wp-block-image size-large\"><img loading=\"lazy\" decoding=\"async\" width=\"1024\" height=\"683\" data-id=\"614\" src=\"https:\/\/agrupacionespsoe.es\/barbate\/wp-content\/uploads\/sites\/104\/2025\/06\/WhatsApp-Image-2025-06-02-at-22.16.57-1024x683.jpeg\" alt=\"\" class=\"wp-image-614\" srcset=\"https:\/\/agrupacionespsoe.es\/barbate\/wp-content\/uploads\/sites\/104\/2025\/06\/WhatsApp-Image-2025-06-02-at-22.16.57-1024x683.jpeg 1024w, https:\/\/agrupacionespsoe.es\/barbate\/wp-content\/uploads\/sites\/104\/2025\/06\/WhatsApp-Image-2025-06-02-at-22.16.57-300x200.jpeg 300w, https:\/\/agrupacionespsoe.es\/barbate\/wp-content\/uploads\/sites\/104\/2025\/06\/WhatsApp-Image-2025-06-02-at-22.16.57-768x512.jpeg 768w, https:\/\/agrupacionespsoe.es\/barbate\/wp-content\/uploads\/sites\/104\/2025\/06\/WhatsApp-Image-2025-06-02-at-22.16.57-1536x1024.jpeg 1536w, https:\/\/agrupacionespsoe.es\/barbate\/wp-content\/uploads\/sites\/104\/2025\/06\/WhatsApp-Image-2025-06-02-at-22.16.57.jpeg 1620w\" sizes=\"auto, (max-width: 1024px) 100vw, 1024px\" \/><\/figure>\n\n\n\n<figure class=\"wp-block-image size-large\"><img loading=\"lazy\" decoding=\"async\" width=\"1024\" height=\"683\" data-id=\"613\" src=\"https:\/\/agrupacionespsoe.es\/barbate\/wp-content\/uploads\/sites\/104\/2025\/06\/WhatsApp-Image-2025-06-04-at-10.35.44-1024x683.jpeg\" alt=\"\" class=\"wp-image-613\" srcset=\"https:\/\/agrupacionespsoe.es\/barbate\/wp-content\/uploads\/sites\/104\/2025\/06\/WhatsApp-Image-2025-06-04-at-10.35.44-1024x683.jpeg 1024w, https:\/\/agrupacionespsoe.es\/barbate\/wp-content\/uploads\/sites\/104\/2025\/06\/WhatsApp-Image-2025-06-04-at-10.35.44-300x200.jpeg 300w, https:\/\/agrupacionespsoe.es\/barbate\/wp-content\/uploads\/sites\/104\/2025\/06\/WhatsApp-Image-2025-06-04-at-10.35.44-768x512.jpeg 768w, https:\/\/agrupacionespsoe.es\/barbate\/wp-content\/uploads\/sites\/104\/2025\/06\/WhatsApp-Image-2025-06-04-at-10.35.44-1536x1024.jpeg 1536w, https:\/\/agrupacionespsoe.es\/barbate\/wp-content\/uploads\/sites\/104\/2025\/06\/WhatsApp-Image-2025-06-04-at-10.35.44.jpeg 1620w\" sizes=\"auto, (max-width: 1024px) 100vw, 1024px\" \/><\/figure>\n\n\n\n<figure class=\"wp-block-image size-large\"><img loading=\"lazy\" decoding=\"async\" width=\"1024\" height=\"683\" data-id=\"612\" src=\"https:\/\/agrupacionespsoe.es\/barbate\/wp-content\/uploads\/sites\/104\/2025\/06\/WhatsApp-Image-2025-06-02-at-22.15.28-1024x683.jpeg\" alt=\"\" class=\"wp-image-612\" srcset=\"https:\/\/agrupacionespsoe.es\/barbate\/wp-content\/uploads\/sites\/104\/2025\/06\/WhatsApp-Image-2025-06-02-at-22.15.28-1024x683.jpeg 1024w, https:\/\/agrupacionespsoe.es\/barbate\/wp-content\/uploads\/sites\/104\/2025\/06\/WhatsApp-Image-2025-06-02-at-22.15.28-300x200.jpeg 300w, https:\/\/agrupacionespsoe.es\/barbate\/wp-content\/uploads\/sites\/104\/2025\/06\/WhatsApp-Image-2025-06-02-at-22.15.28-768x512.jpeg 768w, https:\/\/agrupacionespsoe.es\/barbate\/wp-content\/uploads\/sites\/104\/2025\/06\/WhatsApp-Image-2025-06-02-at-22.15.28-1536x1024.jpeg 1536w, https:\/\/agrupacionespsoe.es\/barbate\/wp-content\/uploads\/sites\/104\/2025\/06\/WhatsApp-Image-2025-06-02-at-22.15.28.jpeg 1620w\" sizes=\"auto, (max-width: 1024px) 100vw, 1024px\" \/><\/figure>\n\n\n\n<figure class=\"wp-block-image size-large\"><img loading=\"lazy\" decoding=\"async\" width=\"1024\" height=\"683\" data-id=\"611\" src=\"https:\/\/agrupacionespsoe.es\/barbate\/wp-content\/uploads\/sites\/104\/2025\/06\/WhatsApp-Image-2025-06-02-at-22.15.07-2-1024x683.jpeg\" alt=\"\" class=\"wp-image-611\" srcset=\"https:\/\/agrupacionespsoe.es\/barbate\/wp-content\/uploads\/sites\/104\/2025\/06\/WhatsApp-Image-2025-06-02-at-22.15.07-2-1024x683.jpeg 1024w, https:\/\/agrupacionespsoe.es\/barbate\/wp-content\/uploads\/sites\/104\/2025\/06\/WhatsApp-Image-2025-06-02-at-22.15.07-2-300x200.jpeg 300w, https:\/\/agrupacionespsoe.es\/barbate\/wp-content\/uploads\/sites\/104\/2025\/06\/WhatsApp-Image-2025-06-02-at-22.15.07-2-768x512.jpeg 768w, https:\/\/agrupacionespsoe.es\/barbate\/wp-content\/uploads\/sites\/104\/2025\/06\/WhatsApp-Image-2025-06-02-at-22.15.07-2-1536x1024.jpeg 1536w, https:\/\/agrupacionespsoe.es\/barbate\/wp-content\/uploads\/sites\/104\/2025\/06\/WhatsApp-Image-2025-06-02-at-22.15.07-2.jpeg 1620w\" sizes=\"auto, (max-width: 1024px) 100vw, 1024px\" \/><\/figure>\n<\/figure>\n","protected":false},"excerpt":{"rendered":"<p>El portavoz socialista celebra la primera reuni\u00f3n de un equipo renovado, con capacidad y entusiasmo, agradeciendo el trabajo realizado por la anterior secretaria Mariloli Varo Arranca una nueva era en la Agrupaci\u00f3n Socialista de Barbate, con la elecci\u00f3n de Javier Rodr\u00edguez por parte del 100% de los militantes participante como secretario general. Una Asamblea Extraordinada &#8230;<\/p>\n","protected":false},"author":155,"featured_media":618,"comment_status":"open","ping_status":"open","sticky":false,"template":"","format":"standard","meta":{"_jetpack_memberships_contains_paid_content":false,"footnotes":""},"categories":[1],"tags":[],"class_list":["post-610","post","type-post","status-publish","format-standard","has-post-thumbnail","hentry","category-sin-categoria"],"yoast_head":"<!-- This site is optimized with the Yoast SEO plugin v24.0 - https:\/\/yoast.com\/wordpress\/plugins\/seo\/ -->\n<title>Javier Rodr\u00edguez, elegido por unanimidad nuevo secretario general de los socialistas de Barbate - PSOE Barbate<\/title>\n<meta name=\"robots\" content=\"index, follow, max-snippet:-1, max-image-preview:large, max-video-preview:-1\" \/>\n<link rel=\"canonical\" href=\"https:\/\/agrupacionespsoe.es\/barbate\/javier-rodriguez-elegido-por-unanimidad-nuevo-secretario-general-de-los-socialistas-de-barbate\/\" \/>\n<meta property=\"og:locale\" content=\"es_ES\" \/>\n<meta property=\"og:type\" content=\"article\" \/>\n<meta property=\"og:title\" content=\"Javier Rodr\u00edguez, elegido por unanimidad nuevo secretario general de los socialistas de Barbate - PSOE Barbate\" \/>\n<meta property=\"og:description\" content=\"El portavoz socialista celebra la primera reuni\u00f3n de un equipo renovado, con capacidad y entusiasmo, agradeciendo el trabajo realizado por la anterior secretaria Mariloli Varo Arranca una nueva era en la Agrupaci\u00f3n Socialista de Barbate, con la elecci\u00f3n de Javier Rodr\u00edguez por parte del 100% de los militantes participante como secretario general. Una Asamblea Extraordinada ...\" \/>\n<meta property=\"og:url\" content=\"https:\/\/agrupacionespsoe.es\/barbate\/javier-rodriguez-elegido-por-unanimidad-nuevo-secretario-general-de-los-socialistas-de-barbate\/\" \/>\n<meta property=\"og:site_name\" content=\"PSOE Barbate\" \/>\n<meta property=\"article:published_time\" content=\"2025-06-04T09:58:25+00:00\" \/>\n<meta property=\"article:modified_time\" content=\"2025-06-04T09:58:26+00:00\" \/>\n<meta property=\"og:image\" content=\"https:\/\/agrupacionespsoe.es\/barbate\/wp-content\/uploads\/sites\/104\/2025\/06\/WhatsApp-Image-2025-06-02-at-22.15.07.jpeg\" \/>\n\t<meta property=\"og:image:width\" content=\"2048\" \/>\n\t<meta property=\"og:image:height\" content=\"1287\" \/>\n\t<meta property=\"og:image:type\" content=\"image\/jpeg\" \/>\n<meta name=\"author\" content=\"barbate1\" \/>\n<meta name=\"twitter:card\" content=\"summary_large_image\" \/>\n<meta name=\"twitter:label1\" content=\"Escrito por\" \/>\n\t<meta name=\"twitter:data1\" content=\"barbate1\" \/>\n\t<meta name=\"twitter:label2\" content=\"Tiempo de lectura\" \/>\n\t<meta name=\"twitter:data2\" content=\"4 minutos\" \/>\n<script type=\"application\/ld+json\" class=\"yoast-schema-graph\">{\"@context\":\"https:\/\/schema.org\",\"@graph\":[{\"@type\":\"Article\",\"@id\":\"https:\/\/agrupacionespsoe.es\/barbate\/javier-rodriguez-elegido-por-unanimidad-nuevo-secretario-general-de-los-socialistas-de-barbate\/#article\",\"isPartOf\":{\"@id\":\"https:\/\/agrupacionespsoe.es\/barbate\/javier-rodriguez-elegido-por-unanimidad-nuevo-secretario-general-de-los-socialistas-de-barbate\/\"},\"author\":{\"name\":\"barbate1\",\"@id\":\"https:\/\/agrupacionespsoe.es\/barbate\/#\/schema\/person\/fb57332b771136035857e2a17089b403\"},\"headline\":\"Javier Rodr\u00edguez, elegido por unanimidad nuevo secretario general de los socialistas de Barbate\",\"datePublished\":\"2025-06-04T09:58:25+00:00\",\"dateModified\":\"2025-06-04T09:58:26+00:00\",\"mainEntityOfPage\":{\"@id\":\"https:\/\/agrupacionespsoe.es\/barbate\/javier-rodriguez-elegido-por-unanimidad-nuevo-secretario-general-de-los-socialistas-de-barbate\/\"},\"wordCount\":572,\"commentCount\":0,\"publisher\":{\"@id\":\"https:\/\/agrupacionespsoe.es\/barbate\/#organization\"},\"image\":{\"@id\":\"https:\/\/agrupacionespsoe.es\/barbate\/javier-rodriguez-elegido-por-unanimidad-nuevo-secretario-general-de-los-socialistas-de-barbate\/#primaryimage\"},\"thumbnailUrl\":\"https:\/\/agrupacionespsoe.es\/barbate\/wp-content\/uploads\/sites\/104\/2025\/06\/WhatsApp-Image-2025-06-02-at-22.15.07.jpeg\",\"inLanguage\":\"es\",\"potentialAction\":[{\"@type\":\"CommentAction\",\"name\":\"Comment\",\"target\":[\"https:\/\/agrupacionespsoe.es\/barbate\/javier-rodriguez-elegido-por-unanimidad-nuevo-secretario-general-de-los-socialistas-de-barbate\/#respond\"]}]},{\"@type\":\"WebPage\",\"@id\":\"https:\/\/agrupacionespsoe.es\/barbate\/javier-rodriguez-elegido-por-unanimidad-nuevo-secretario-general-de-los-socialistas-de-barbate\/\",\"url\":\"https:\/\/agrupacionespsoe.es\/barbate\/javier-rodriguez-elegido-por-unanimidad-nuevo-secretario-general-de-los-socialistas-de-barbate\/\",\"name\":\"Javier Rodr\u00edguez, elegido por unanimidad nuevo secretario general de los socialistas de Barbate - PSOE Barbate\",\"isPartOf\":{\"@id\":\"https:\/\/agrupacionespsoe.es\/barbate\/#website\"},\"primaryImageOfPage\":{\"@id\":\"https:\/\/agrupacionespsoe.es\/barbate\/javier-rodriguez-elegido-por-unanimidad-nuevo-secretario-general-de-los-socialistas-de-barbate\/#primaryimage\"},\"image\":{\"@id\":\"https:\/\/agrupacionespsoe.es\/barbate\/javier-rodriguez-elegido-por-unanimidad-nuevo-secretario-general-de-los-socialistas-de-barbate\/#primaryimage\"},\"thumbnailUrl\":\"https:\/\/agrupacionespsoe.es\/barbate\/wp-content\/uploads\/sites\/104\/2025\/06\/WhatsApp-Image-2025-06-02-at-22.15.07.jpeg\",\"datePublished\":\"2025-06-04T09:58:25+00:00\",\"dateModified\":\"2025-06-04T09:58:26+00:00\",\"breadcrumb\":{\"@id\":\"https:\/\/agrupacionespsoe.es\/barbate\/javier-rodriguez-elegido-por-unanimidad-nuevo-secretario-general-de-los-socialistas-de-barbate\/#breadcrumb\"},\"inLanguage\":\"es\",\"potentialAction\":[{\"@type\":\"ReadAction\",\"target\":[\"https:\/\/agrupacionespsoe.es\/barbate\/javier-rodriguez-elegido-por-unanimidad-nuevo-secretario-general-de-los-socialistas-de-barbate\/\"]}]},{\"@type\":\"ImageObject\",\"inLanguage\":\"es\",\"@id\":\"https:\/\/agrupacionespsoe.es\/barbate\/javier-rodriguez-elegido-por-unanimidad-nuevo-secretario-general-de-los-socialistas-de-barbate\/#primaryimage\",\"url\":\"https:\/\/agrupacionespsoe.es\/barbate\/wp-content\/uploads\/sites\/104\/2025\/06\/WhatsApp-Image-2025-06-02-at-22.15.07.jpeg\",\"contentUrl\":\"https:\/\/agrupacionespsoe.es\/barbate\/wp-content\/uploads\/sites\/104\/2025\/06\/WhatsApp-Image-2025-06-02-at-22.15.07.jpeg\",\"width\":2048,\"height\":1287},{\"@type\":\"BreadcrumbList\",\"@id\":\"https:\/\/agrupacionespsoe.es\/barbate\/javier-rodriguez-elegido-por-unanimidad-nuevo-secretario-general-de-los-socialistas-de-barbate\/#breadcrumb\",\"itemListElement\":[{\"@type\":\"ListItem\",\"position\":1,\"name\":\"Portada\",\"item\":\"https:\/\/agrupacionespsoe.es\/barbate\/\"},{\"@type\":\"ListItem\",\"position\":2,\"name\":\"Javier Rodr\u00edguez, elegido por unanimidad nuevo secretario general de los socialistas de Barbate\"}]},{\"@type\":\"WebSite\",\"@id\":\"https:\/\/agrupacionespsoe.es\/barbate\/#website\",\"url\":\"https:\/\/agrupacionespsoe.es\/barbate\/\",\"name\":\"PSOE Barbate\",\"description\":\"PSOE BARBATE\",\"publisher\":{\"@id\":\"https:\/\/agrupacionespsoe.es\/barbate\/#organization\"},\"potentialAction\":[{\"@type\":\"SearchAction\",\"target\":{\"@type\":\"EntryPoint\",\"urlTemplate\":\"https:\/\/agrupacionespsoe.es\/barbate\/?s={search_term_string}\"},\"query-input\":{\"@type\":\"PropertyValueSpecification\",\"valueRequired\":true,\"valueName\":\"search_term_string\"}}],\"inLanguage\":\"es\"},{\"@type\":\"Organization\",\"@id\":\"https:\/\/agrupacionespsoe.es\/barbate\/#organization\",\"name\":\"PSOE Barbate\",\"url\":\"https:\/\/agrupacionespsoe.es\/barbate\/\",\"logo\":{\"@type\":\"ImageObject\",\"inLanguage\":\"es\",\"@id\":\"https:\/\/agrupacionespsoe.es\/barbate\/#\/schema\/logo\/image\/\",\"url\":\"https:\/\/agrupacionespsoe.es\/wp-content\/uploads\/2022\/07\/Logotipo_electoral_del_PSOE.png\",\"contentUrl\":\"https:\/\/agrupacionespsoe.es\/wp-content\/uploads\/2022\/07\/Logotipo_electoral_del_PSOE.png\",\"width\":422,\"height\":422,\"caption\":\"PSOE Barbate\"},\"image\":{\"@id\":\"https:\/\/agrupacionespsoe.es\/barbate\/#\/schema\/logo\/image\/\"}},{\"@type\":\"Person\",\"@id\":\"https:\/\/agrupacionespsoe.es\/barbate\/#\/schema\/person\/fb57332b771136035857e2a17089b403\",\"name\":\"barbate1\",\"image\":{\"@type\":\"ImageObject\",\"inLanguage\":\"es\",\"@id\":\"https:\/\/agrupacionespsoe.es\/barbate\/#\/schema\/person\/image\/\",\"url\":\"https:\/\/secure.gravatar.com\/avatar\/68ea7ed9431a20fed86e5d4af65dc975?s=96&d=mm&r=g\",\"contentUrl\":\"https:\/\/secure.gravatar.com\/avatar\/68ea7ed9431a20fed86e5d4af65dc975?s=96&d=mm&r=g\",\"caption\":\"barbate1\"},\"url\":\"https:\/\/agrupacionespsoe.es\/barbate\/author\/barbate1\/\"}]}<\/script>\n<!-- \/ Yoast SEO plugin. -->","yoast_head_json":{"title":"Javier Rodr\u00edguez, elegido por unanimidad nuevo secretario general de los socialistas de Barbate - PSOE Barbate","robots":{"index":"index","follow":"follow","max-snippet":"max-snippet:-1","max-image-preview":"max-image-preview:large","max-video-preview":"max-video-preview:-1"},"canonical":"https:\/\/agrupacionespsoe.es\/barbate\/javier-rodriguez-elegido-por-unanimidad-nuevo-secretario-general-de-los-socialistas-de-barbate\/","og_locale":"es_ES","og_type":"article","og_title":"Javier Rodr\u00edguez, elegido por unanimidad nuevo secretario general de los socialistas de Barbate - PSOE Barbate","og_description":"El portavoz socialista celebra la primera reuni\u00f3n de un equipo renovado, con capacidad y entusiasmo, agradeciendo el trabajo realizado por la anterior secretaria Mariloli Varo Arranca una nueva era en la Agrupaci\u00f3n Socialista de Barbate, con la elecci\u00f3n de Javier Rodr\u00edguez por parte del 100% de los militantes participante como secretario general. Una Asamblea Extraordinada ...","og_url":"https:\/\/agrupacionespsoe.es\/barbate\/javier-rodriguez-elegido-por-unanimidad-nuevo-secretario-general-de-los-socialistas-de-barbate\/","og_site_name":"PSOE Barbate","article_published_time":"2025-06-04T09:58:25+00:00","article_modified_time":"2025-06-04T09:58:26+00:00","og_image":[{"width":2048,"height":1287,"url":"https:\/\/agrupacionespsoe.es\/barbate\/wp-content\/uploads\/sites\/104\/2025\/06\/WhatsApp-Image-2025-06-02-at-22.15.07.jpeg","type":"image\/jpeg"}],"author":"barbate1","twitter_card":"summary_large_image","twitter_misc":{"Escrito por":"barbate1","Tiempo de lectura":"4 minutos"},"schema":{"@context":"https:\/\/schema.org","@graph":[{"@type":"Article","@id":"https:\/\/agrupacionespsoe.es\/barbate\/javier-rodriguez-elegido-por-unanimidad-nuevo-secretario-general-de-los-socialistas-de-barbate\/#article","isPartOf":{"@id":"https:\/\/agrupacionespsoe.es\/barbate\/javier-rodriguez-elegido-por-unanimidad-nuevo-secretario-general-de-los-socialistas-de-barbate\/"},"author":{"name":"barbate1","@id":"https:\/\/agrupacionespsoe.es\/barbate\/#\/schema\/person\/fb57332b771136035857e2a17089b403"},"headline":"Javier Rodr\u00edguez, elegido por unanimidad nuevo secretario general de los socialistas de Barbate","datePublished":"2025-06-04T09:58:25+00:00","dateModified":"2025-06-04T09:58:26+00:00","mainEntityOfPage":{"@id":"https:\/\/agrupacionespsoe.es\/barbate\/javier-rodriguez-elegido-por-unanimidad-nuevo-secretario-general-de-los-socialistas-de-barbate\/"},"wordCount":572,"commentCount":0,"publisher":{"@id":"https:\/\/agrupacionespsoe.es\/barbate\/#organization"},"image":{"@id":"https:\/\/agrupacionespsoe.es\/barbate\/javier-rodriguez-elegido-por-unanimidad-nuevo-secretario-general-de-los-socialistas-de-barbate\/#primaryimage"},"thumbnailUrl":"https:\/\/agrupacionespsoe.es\/barbate\/wp-content\/uploads\/sites\/104\/2025\/06\/WhatsApp-Image-2025-06-02-at-22.15.07.jpeg","inLanguage":"es","potentialAction":[{"@type":"CommentAction","name":"Comment","target":["https:\/\/agrupacionespsoe.es\/barbate\/javier-rodriguez-elegido-por-unanimidad-nuevo-secretario-general-de-los-socialistas-de-barbate\/#respond"]}]},{"@type":"WebPage","@id":"https:\/\/agrupacionespsoe.es\/barbate\/javier-rodriguez-elegido-por-unanimidad-nuevo-secretario-general-de-los-socialistas-de-barbate\/","url":"https:\/\/agrupacionespsoe.es\/barbate\/javier-rodriguez-elegido-por-unanimidad-nuevo-secretario-general-de-los-socialistas-de-barbate\/","name":"Javier Rodr\u00edguez, elegido por unanimidad nuevo secretario general de los socialistas de Barbate - PSOE Barbate","isPartOf":{"@id":"https:\/\/agrupacionespsoe.es\/barbate\/#website"},"primaryImageOfPage":{"@id":"https:\/\/agrupacionespsoe.es\/barbate\/javier-rodriguez-elegido-por-unanimidad-nuevo-secretario-general-de-los-socialistas-de-barbate\/#primaryimage"},"image":{"@id":"https:\/\/agrupacionespsoe.es\/barbate\/javier-rodriguez-elegido-por-unanimidad-nuevo-secretario-general-de-los-socialistas-de-barbate\/#primaryimage"},"thumbnailUrl":"https:\/\/agrupacionespsoe.es\/barbate\/wp-content\/uploads\/sites\/104\/2025\/06\/WhatsApp-Image-2025-06-02-at-22.15.07.jpeg","datePublished":"2025-06-04T09:58:25+00:00","dateModified":"2025-06-04T09:58:26+00:00","breadcrumb":{"@id":"https:\/\/agrupacionespsoe.es\/barbate\/javier-rodriguez-elegido-por-unanimidad-nuevo-secretario-general-de-los-socialistas-de-barbate\/#breadcrumb"},"inLanguage":"es","potentialAction":[{"@type":"ReadAction","target":["https:\/\/agrupacionespsoe.es\/barbate\/javier-rodriguez-elegido-por-unanimidad-nuevo-secretario-general-de-los-socialistas-de-barbate\/"]}]},{"@type":"ImageObject","inLanguage":"es","@id":"https:\/\/agrupacionespsoe.es\/barbate\/javier-rodriguez-elegido-por-unanimidad-nuevo-secretario-general-de-los-socialistas-de-barbate\/#primaryimage","url":"https:\/\/agrupacionespsoe.es\/barbate\/wp-content\/uploads\/sites\/104\/2025\/06\/WhatsApp-Image-2025-06-02-at-22.15.07.jpeg","contentUrl":"https:\/\/agrupacionespsoe.es\/barbate\/wp-content\/uploads\/sites\/104\/2025\/06\/WhatsApp-Image-2025-06-02-at-22.15.07.jpeg","width":2048,"height":1287},{"@type":"BreadcrumbList","@id":"https:\/\/agrupacionespsoe.es\/barbate\/javier-rodriguez-elegido-por-unanimidad-nuevo-secretario-general-de-los-socialistas-de-barbate\/#breadcrumb","itemListElement":[{"@type":"ListItem","position":1,"name":"Portada","item":"https:\/\/agrupacionespsoe.es\/barbate\/"},{"@type":"ListItem","position":2,"name":"Javier Rodr\u00edguez, elegido por unanimidad nuevo secretario general de los socialistas de Barbate"}]},{"@type":"WebSite","@id":"https:\/\/agrupacionespsoe.es\/barbate\/#website","url":"https:\/\/agrupacionespsoe.es\/barbate\/","name":"PSOE Barbate","description":"PSOE BARBATE","publisher":{"@id":"https:\/\/agrupacionespsoe.es\/barbate\/#organization"},"potentialAction":[{"@type":"SearchAction","target":{"@type":"EntryPoint","urlTemplate":"https:\/\/agrupacionespsoe.es\/barbate\/?s={search_term_string}"},"query-input":{"@type":"PropertyValueSpecification","valueRequired":true,"valueName":"search_term_string"}}],"inLanguage":"es"},{"@type":"Organization","@id":"https:\/\/agrupacionespsoe.es\/barbate\/#organization","name":"PSOE Barbate","url":"https:\/\/agrupacionespsoe.es\/barbate\/","logo":{"@type":"ImageObject","inLanguage":"es","@id":"https:\/\/agrupacionespsoe.es\/barbate\/#\/schema\/logo\/image\/","url":"https:\/\/agrupacionespsoe.es\/wp-content\/uploads\/2022\/07\/Logotipo_electoral_del_PSOE.png","contentUrl":"https:\/\/agrupacionespsoe.es\/wp-content\/uploads\/2022\/07\/Logotipo_electoral_del_PSOE.png","width":422,"height":422,"caption":"PSOE Barbate"},"image":{"@id":"https:\/\/agrupacionespsoe.es\/barbate\/#\/schema\/logo\/image\/"}},{"@type":"Person","@id":"https:\/\/agrupacionespsoe.es\/barbate\/#\/schema\/person\/fb57332b771136035857e2a17089b403","name":"barbate1","image":{"@type":"ImageObject","inLanguage":"es","@id":"https:\/\/agrupacionespsoe.es\/barbate\/#\/schema\/person\/image\/","url":"https:\/\/secure.gravatar.com\/avatar\/68ea7ed9431a20fed86e5d4af65dc975?s=96&d=mm&r=g","contentUrl":"https:\/\/secure.gravatar.com\/avatar\/68ea7ed9431a20fed86e5d4af65dc975?s=96&d=mm&r=g","caption":"barbate1"},"url":"https:\/\/agrupacionespsoe.es\/barbate\/author\/barbate1\/"}]}},"jetpack_featured_media_url":"https:\/\/agrupacionespsoe.es\/barbate\/wp-content\/uploads\/sites\/104\/2025\/06\/WhatsApp-Image-2025-06-02-at-22.15.07.jpeg","jetpack_sharing_enabled":true,"_links":{"self":[{"href":"https:\/\/agrupacionespsoe.es\/barbate\/wp-json\/wp\/v2\/posts\/610","targetHints":{"allow":["GET"]}}],"collection":[{"href":"https:\/\/agrupacionespsoe.es\/barbate\/wp-json\/wp\/v2\/posts"}],"about":[{"href":"https:\/\/agrupacionespsoe.es\/barbate\/wp-json\/wp\/v2\/types\/post"}],"author":[{"embeddable":true,"href":"https:\/\/agrupacionespsoe.es\/barbate\/wp-json\/wp\/v2\/users\/155"}],"replies":[{"embeddable":true,"href":"https:\/\/agrupacionespsoe.es\/barbate\/wp-json\/wp\/v2\/comments?post=610"}],"version-history":[{"count":1,"href":"https:\/\/agrupacionespsoe.es\/barbate\/wp-json\/wp\/v2\/posts\/610\/revisions"}],"predecessor-version":[{"id":619,"href":"https:\/\/agrupacionespsoe.es\/barbate\/wp-json\/wp\/v2\/posts\/610\/revisions\/619"}],"wp:featuredmedia":[{"embeddable":true,"href":"https:\/\/agrupacionespsoe.es\/barbate\/wp-json\/wp\/v2\/media\/618"}],"wp:attachment":[{"href":"https:\/\/agrupacionespsoe.es\/barbate\/wp-json\/wp\/v2\/media?parent=610"}],"wp:term":[{"taxonomy":"category","embeddable":true,"href":"https:\/\/agrupacionespsoe.es\/barbate\/wp-json\/wp\/v2\/categories?post=610"},{"taxonomy":"post_tag","embeddable":true,"href":"https:\/\/agrupacionespsoe.es\/barbate\/wp-json\/wp\/v2\/tags?post=610"}],"curies":[{"name":"wp","href":"https:\/\/api.w.org\/{rel}","templated":true}]}}