{"id":605,"date":"2025-06-03T07:35:12","date_gmt":"2025-06-03T07:35:12","guid":{"rendered":"https:\/\/agrupacionespsoe.es\/barbate\/?p=605"},"modified":"2025-06-03T07:35:13","modified_gmt":"2025-06-03T07:35:13","slug":"el-secretario-de-estado-de-politica-territorial-arcadi-espana-visita-barbate-de-la-mano-de-javier-rodriguez","status":"publish","type":"post","link":"https:\/\/agrupacionespsoe.es\/barbate\/el-secretario-de-estado-de-politica-territorial-arcadi-espana-visita-barbate-de-la-mano-de-javier-rodriguez\/","title":{"rendered":"El secretario de Estado de Pol\u00edtica Territorial, Arcadi Espa\u00f1a, visita Barbate de la mano de Javier Rodr\u00edguez"},"content":{"rendered":"\n<p><em>El alto cargo del Gobierno de Espa\u00f1a cumple con su compromiso de visitar Barbate, a instancias de Javier Rodr\u00edguez, para conocer en mayor profundidad a las almadrabas de Barbate y de la Comarca de la Janda<\/em><em><\/em><\/p>\n\n\n\n<p>El secretario de Estado de Pol\u00edtica Territorial del Gobierno de Espa\u00f1a, Arcadi Espa\u00f1a, ha visitado Barbate con el fin de conocer en mayor profundidad la labor de los inspectores del Mar, adem\u00e1s del trabajo de las almadrabas y de los almadraberos tanto del municipio de Barbate como del resto de almadrabas.\u00a0<\/p>\n\n\n\n<p>&nbsp;&nbsp;&nbsp;&nbsp;&nbsp;&nbsp;&nbsp;&nbsp;&nbsp;&nbsp;&nbsp;&nbsp;Esta visita fue un compromiso que adquiri\u00f3 con el secretario general y portavoz del grupo municipal socialista, Javier Rodr\u00edguez, tras la \u00faltima negociaci\u00f3n con \u00e9xito con las secciones sindicales de los inspectores del Mar. Se trata del compromiso que hizo Rodr\u00edguez a los almadraberos, cuando por el mes de abril se inici\u00f3 la huelga de los inspectores del Mar, por tanto, tras los acuerdos adquiridos y la normalizaci\u00f3n de los trabajos se ha llevado a cabo esta reciente visita a las almadrabas y a sus labores de faena. El propio Espa\u00f1a ha podido visualizar en la propia mar una levant\u00e1 y sus diferentes traspasos.&nbsp;<\/p>\n\n\n\n<figure class=\"wp-block-image size-large\"><img loading=\"lazy\" decoding=\"async\" width=\"1024\" height=\"729\" src=\"https:\/\/agrupacionespsoe.es\/barbate\/wp-content\/uploads\/sites\/104\/2025\/06\/WhatsApp-Image-2025-06-03-at-09.30.08-1024x729.jpeg\" alt=\"\" class=\"wp-image-607\" srcset=\"https:\/\/agrupacionespsoe.es\/barbate\/wp-content\/uploads\/sites\/104\/2025\/06\/WhatsApp-Image-2025-06-03-at-09.30.08-1024x729.jpeg 1024w, https:\/\/agrupacionespsoe.es\/barbate\/wp-content\/uploads\/sites\/104\/2025\/06\/WhatsApp-Image-2025-06-03-at-09.30.08-300x213.jpeg 300w, https:\/\/agrupacionespsoe.es\/barbate\/wp-content\/uploads\/sites\/104\/2025\/06\/WhatsApp-Image-2025-06-03-at-09.30.08-768x547.jpeg 768w, https:\/\/agrupacionespsoe.es\/barbate\/wp-content\/uploads\/sites\/104\/2025\/06\/WhatsApp-Image-2025-06-03-at-09.30.08.jpeg 1512w\" sizes=\"auto, (max-width: 1024px) 100vw, 1024px\" \/><\/figure>\n\n\n\n<p>&nbsp;&nbsp;&nbsp;&nbsp;&nbsp;&nbsp;&nbsp;&nbsp;&nbsp;&nbsp;&nbsp;&nbsp;Tanto el secretario de Estado como el resto de acompa\u00f1antes han estado tomando buena nota de las necesidades y reivindicaciones del sector de la almadraba. Analizar\u00e1n con detenimiento para seguir reforzando mejoras al municipio de Barbate, incluso en el di\u00e1logo y b\u00fasqueda de las asignaciones de cuotas a la pesca artesanal sin que afecte en ning\u00fan momento a las almadrabas.&nbsp;<\/p>\n\n\n\n<p>&nbsp;&nbsp;&nbsp;&nbsp;&nbsp;&nbsp;&nbsp;&nbsp;&nbsp;&nbsp;&nbsp;&nbsp;El socialista Javier Rodr\u00edguez quiso agradecer a las empresas almadraberas y a los almadraberos su excelente acogida y al resto de compa\u00f1eros y compa\u00f1eras de la provincia por su visita a Barbate, as\u00ed como al propio secretario de Estado y a su equipo, por desplazarse y tener una imagen real del municipio de Barbate y de sus actividades pesqueras.<\/p>\n\n\n\n<p><\/p>\n","protected":false},"excerpt":{"rendered":"<p>El alto cargo del Gobierno de Espa\u00f1a cumple con su compromiso de visitar Barbate, a instancias de Javier Rodr\u00edguez, para conocer en mayor profundidad a las almadrabas de Barbate y de la Comarca de la Janda El secretario de Estado de Pol\u00edtica Territorial del Gobierno de Espa\u00f1a, Arcadi Espa\u00f1a, ha visitado Barbate con el fin &#8230;<\/p>\n","protected":false},"author":155,"featured_media":608,"comment_status":"open","ping_status":"open","sticky":false,"template":"","format":"standard","meta":{"_jetpack_memberships_contains_paid_content":false,"footnotes":""},"categories":[1],"tags":[],"class_list":["post-605","post","type-post","status-publish","format-standard","has-post-thumbnail","hentry","category-sin-categoria"],"yoast_head":"<!-- This site is optimized with the Yoast SEO plugin v24.0 - https:\/\/yoast.com\/wordpress\/plugins\/seo\/ -->\n<title>El secretario de Estado de Pol\u00edtica Territorial, Arcadi Espa\u00f1a, visita Barbate de la mano de Javier Rodr\u00edguez - PSOE Barbate<\/title>\n<meta name=\"robots\" content=\"index, follow, max-snippet:-1, max-image-preview:large, max-video-preview:-1\" \/>\n<link rel=\"canonical\" href=\"https:\/\/agrupacionespsoe.es\/barbate\/el-secretario-de-estado-de-politica-territorial-arcadi-espana-visita-barbate-de-la-mano-de-javier-rodriguez\/\" \/>\n<meta property=\"og:locale\" content=\"es_ES\" \/>\n<meta property=\"og:type\" content=\"article\" \/>\n<meta property=\"og:title\" content=\"El secretario de Estado de Pol\u00edtica Territorial, Arcadi Espa\u00f1a, visita Barbate de la mano de Javier Rodr\u00edguez - PSOE Barbate\" \/>\n<meta property=\"og:description\" content=\"El alto cargo del Gobierno de Espa\u00f1a cumple con su compromiso de visitar Barbate, a instancias de Javier Rodr\u00edguez, para conocer en mayor profundidad a las almadrabas de Barbate y de la Comarca de la Janda El secretario de Estado de Pol\u00edtica Territorial del Gobierno de Espa\u00f1a, Arcadi Espa\u00f1a, ha visitado Barbate con el fin ...\" \/>\n<meta property=\"og:url\" content=\"https:\/\/agrupacionespsoe.es\/barbate\/el-secretario-de-estado-de-politica-territorial-arcadi-espana-visita-barbate-de-la-mano-de-javier-rodriguez\/\" \/>\n<meta property=\"og:site_name\" content=\"PSOE Barbate\" \/>\n<meta property=\"article:published_time\" content=\"2025-06-03T07:35:12+00:00\" \/>\n<meta property=\"article:modified_time\" content=\"2025-06-03T07:35:13+00:00\" \/>\n<meta property=\"og:image\" content=\"https:\/\/agrupacionespsoe.es\/barbate\/wp-content\/uploads\/sites\/104\/2025\/06\/WhatsApp-Image-2025-06-03-at-09.24.24.jpeg\" \/>\n\t<meta property=\"og:image:width\" content=\"1599\" \/>\n\t<meta property=\"og:image:height\" content=\"1077\" \/>\n\t<meta property=\"og:image:type\" content=\"image\/jpeg\" \/>\n<meta name=\"author\" content=\"barbate1\" \/>\n<meta name=\"twitter:card\" content=\"summary_large_image\" \/>\n<meta name=\"twitter:label1\" content=\"Escrito por\" \/>\n\t<meta name=\"twitter:data1\" content=\"barbate1\" \/>\n\t<meta name=\"twitter:label2\" content=\"Tiempo de lectura\" \/>\n\t<meta name=\"twitter:data2\" content=\"2 minutos\" \/>\n<script type=\"application\/ld+json\" class=\"yoast-schema-graph\">{\"@context\":\"https:\/\/schema.org\",\"@graph\":[{\"@type\":\"Article\",\"@id\":\"https:\/\/agrupacionespsoe.es\/barbate\/el-secretario-de-estado-de-politica-territorial-arcadi-espana-visita-barbate-de-la-mano-de-javier-rodriguez\/#article\",\"isPartOf\":{\"@id\":\"https:\/\/agrupacionespsoe.es\/barbate\/el-secretario-de-estado-de-politica-territorial-arcadi-espana-visita-barbate-de-la-mano-de-javier-rodriguez\/\"},\"author\":{\"name\":\"barbate1\",\"@id\":\"https:\/\/agrupacionespsoe.es\/barbate\/#\/schema\/person\/fb57332b771136035857e2a17089b403\"},\"headline\":\"El secretario de Estado de Pol\u00edtica Territorial, Arcadi Espa\u00f1a, visita Barbate de la mano de Javier Rodr\u00edguez\",\"datePublished\":\"2025-06-03T07:35:12+00:00\",\"dateModified\":\"2025-06-03T07:35:13+00:00\",\"mainEntityOfPage\":{\"@id\":\"https:\/\/agrupacionespsoe.es\/barbate\/el-secretario-de-estado-de-politica-territorial-arcadi-espana-visita-barbate-de-la-mano-de-javier-rodriguez\/\"},\"wordCount\":387,\"commentCount\":0,\"publisher\":{\"@id\":\"https:\/\/agrupacionespsoe.es\/barbate\/#organization\"},\"image\":{\"@id\":\"https:\/\/agrupacionespsoe.es\/barbate\/el-secretario-de-estado-de-politica-territorial-arcadi-espana-visita-barbate-de-la-mano-de-javier-rodriguez\/#primaryimage\"},\"thumbnailUrl\":\"https:\/\/agrupacionespsoe.es\/barbate\/wp-content\/uploads\/sites\/104\/2025\/06\/WhatsApp-Image-2025-06-03-at-09.24.24.jpeg\",\"inLanguage\":\"es\",\"potentialAction\":[{\"@type\":\"CommentAction\",\"name\":\"Comment\",\"target\":[\"https:\/\/agrupacionespsoe.es\/barbate\/el-secretario-de-estado-de-politica-territorial-arcadi-espana-visita-barbate-de-la-mano-de-javier-rodriguez\/#respond\"]}]},{\"@type\":\"WebPage\",\"@id\":\"https:\/\/agrupacionespsoe.es\/barbate\/el-secretario-de-estado-de-politica-territorial-arcadi-espana-visita-barbate-de-la-mano-de-javier-rodriguez\/\",\"url\":\"https:\/\/agrupacionespsoe.es\/barbate\/el-secretario-de-estado-de-politica-territorial-arcadi-espana-visita-barbate-de-la-mano-de-javier-rodriguez\/\",\"name\":\"El secretario de Estado de Pol\u00edtica Territorial, Arcadi Espa\u00f1a, visita Barbate de la mano de Javier Rodr\u00edguez - PSOE Barbate\",\"isPartOf\":{\"@id\":\"https:\/\/agrupacionespsoe.es\/barbate\/#website\"},\"primaryImageOfPage\":{\"@id\":\"https:\/\/agrupacionespsoe.es\/barbate\/el-secretario-de-estado-de-politica-territorial-arcadi-espana-visita-barbate-de-la-mano-de-javier-rodriguez\/#primaryimage\"},\"image\":{\"@id\":\"https:\/\/agrupacionespsoe.es\/barbate\/el-secretario-de-estado-de-politica-territorial-arcadi-espana-visita-barbate-de-la-mano-de-javier-rodriguez\/#primaryimage\"},\"thumbnailUrl\":\"https:\/\/agrupacionespsoe.es\/barbate\/wp-content\/uploads\/sites\/104\/2025\/06\/WhatsApp-Image-2025-06-03-at-09.24.24.jpeg\",\"datePublished\":\"2025-06-03T07:35:12+00:00\",\"dateModified\":\"2025-06-03T07:35:13+00:00\",\"breadcrumb\":{\"@id\":\"https:\/\/agrupacionespsoe.es\/barbate\/el-secretario-de-estado-de-politica-territorial-arcadi-espana-visita-barbate-de-la-mano-de-javier-rodriguez\/#breadcrumb\"},\"inLanguage\":\"es\",\"potentialAction\":[{\"@type\":\"ReadAction\",\"target\":[\"https:\/\/agrupacionespsoe.es\/barbate\/el-secretario-de-estado-de-politica-territorial-arcadi-espana-visita-barbate-de-la-mano-de-javier-rodriguez\/\"]}]},{\"@type\":\"ImageObject\",\"inLanguage\":\"es\",\"@id\":\"https:\/\/agrupacionespsoe.es\/barbate\/el-secretario-de-estado-de-politica-territorial-arcadi-espana-visita-barbate-de-la-mano-de-javier-rodriguez\/#primaryimage\",\"url\":\"https:\/\/agrupacionespsoe.es\/barbate\/wp-content\/uploads\/sites\/104\/2025\/06\/WhatsApp-Image-2025-06-03-at-09.24.24.jpeg\",\"contentUrl\":\"https:\/\/agrupacionespsoe.es\/barbate\/wp-content\/uploads\/sites\/104\/2025\/06\/WhatsApp-Image-2025-06-03-at-09.24.24.jpeg\",\"width\":1599,\"height\":1077},{\"@type\":\"BreadcrumbList\",\"@id\":\"https:\/\/agrupacionespsoe.es\/barbate\/el-secretario-de-estado-de-politica-territorial-arcadi-espana-visita-barbate-de-la-mano-de-javier-rodriguez\/#breadcrumb\",\"itemListElement\":[{\"@type\":\"ListItem\",\"position\":1,\"name\":\"Portada\",\"item\":\"https:\/\/agrupacionespsoe.es\/barbate\/\"},{\"@type\":\"ListItem\",\"position\":2,\"name\":\"El secretario de Estado de Pol\u00edtica Territorial, Arcadi Espa\u00f1a, visita Barbate de la mano de Javier Rodr\u00edguez\"}]},{\"@type\":\"WebSite\",\"@id\":\"https:\/\/agrupacionespsoe.es\/barbate\/#website\",\"url\":\"https:\/\/agrupacionespsoe.es\/barbate\/\",\"name\":\"PSOE Barbate\",\"description\":\"PSOE BARBATE\",\"publisher\":{\"@id\":\"https:\/\/agrupacionespsoe.es\/barbate\/#organization\"},\"potentialAction\":[{\"@type\":\"SearchAction\",\"target\":{\"@type\":\"EntryPoint\",\"urlTemplate\":\"https:\/\/agrupacionespsoe.es\/barbate\/?s={search_term_string}\"},\"query-input\":{\"@type\":\"PropertyValueSpecification\",\"valueRequired\":true,\"valueName\":\"search_term_string\"}}],\"inLanguage\":\"es\"},{\"@type\":\"Organization\",\"@id\":\"https:\/\/agrupacionespsoe.es\/barbate\/#organization\",\"name\":\"PSOE Barbate\",\"url\":\"https:\/\/agrupacionespsoe.es\/barbate\/\",\"logo\":{\"@type\":\"ImageObject\",\"inLanguage\":\"es\",\"@id\":\"https:\/\/agrupacionespsoe.es\/barbate\/#\/schema\/logo\/image\/\",\"url\":\"https:\/\/agrupacionespsoe.es\/wp-content\/uploads\/2022\/07\/Logotipo_electoral_del_PSOE.png\",\"contentUrl\":\"https:\/\/agrupacionespsoe.es\/wp-content\/uploads\/2022\/07\/Logotipo_electoral_del_PSOE.png\",\"width\":422,\"height\":422,\"caption\":\"PSOE Barbate\"},\"image\":{\"@id\":\"https:\/\/agrupacionespsoe.es\/barbate\/#\/schema\/logo\/image\/\"}},{\"@type\":\"Person\",\"@id\":\"https:\/\/agrupacionespsoe.es\/barbate\/#\/schema\/person\/fb57332b771136035857e2a17089b403\",\"name\":\"barbate1\",\"image\":{\"@type\":\"ImageObject\",\"inLanguage\":\"es\",\"@id\":\"https:\/\/agrupacionespsoe.es\/barbate\/#\/schema\/person\/image\/\",\"url\":\"https:\/\/secure.gravatar.com\/avatar\/68ea7ed9431a20fed86e5d4af65dc975?s=96&d=mm&r=g\",\"contentUrl\":\"https:\/\/secure.gravatar.com\/avatar\/68ea7ed9431a20fed86e5d4af65dc975?s=96&d=mm&r=g\",\"caption\":\"barbate1\"},\"url\":\"https:\/\/agrupacionespsoe.es\/barbate\/author\/barbate1\/\"}]}<\/script>\n<!-- \/ Yoast SEO plugin. -->","yoast_head_json":{"title":"El secretario de Estado de Pol\u00edtica Territorial, Arcadi Espa\u00f1a, visita Barbate de la mano de Javier Rodr\u00edguez - PSOE Barbate","robots":{"index":"index","follow":"follow","max-snippet":"max-snippet:-1","max-image-preview":"max-image-preview:large","max-video-preview":"max-video-preview:-1"},"canonical":"https:\/\/agrupacionespsoe.es\/barbate\/el-secretario-de-estado-de-politica-territorial-arcadi-espana-visita-barbate-de-la-mano-de-javier-rodriguez\/","og_locale":"es_ES","og_type":"article","og_title":"El secretario de Estado de Pol\u00edtica Territorial, Arcadi Espa\u00f1a, visita Barbate de la mano de Javier Rodr\u00edguez - PSOE Barbate","og_description":"El alto cargo del Gobierno de Espa\u00f1a cumple con su compromiso de visitar Barbate, a instancias de Javier Rodr\u00edguez, para conocer en mayor profundidad a las almadrabas de Barbate y de la Comarca de la Janda El secretario de Estado de Pol\u00edtica Territorial del Gobierno de Espa\u00f1a, Arcadi Espa\u00f1a, ha visitado Barbate con el fin ...","og_url":"https:\/\/agrupacionespsoe.es\/barbate\/el-secretario-de-estado-de-politica-territorial-arcadi-espana-visita-barbate-de-la-mano-de-javier-rodriguez\/","og_site_name":"PSOE Barbate","article_published_time":"2025-06-03T07:35:12+00:00","article_modified_time":"2025-06-03T07:35:13+00:00","og_image":[{"width":1599,"height":1077,"url":"https:\/\/agrupacionespsoe.es\/barbate\/wp-content\/uploads\/sites\/104\/2025\/06\/WhatsApp-Image-2025-06-03-at-09.24.24.jpeg","type":"image\/jpeg"}],"author":"barbate1","twitter_card":"summary_large_image","twitter_misc":{"Escrito por":"barbate1","Tiempo de lectura":"2 minutos"},"schema":{"@context":"https:\/\/schema.org","@graph":[{"@type":"Article","@id":"https:\/\/agrupacionespsoe.es\/barbate\/el-secretario-de-estado-de-politica-territorial-arcadi-espana-visita-barbate-de-la-mano-de-javier-rodriguez\/#article","isPartOf":{"@id":"https:\/\/agrupacionespsoe.es\/barbate\/el-secretario-de-estado-de-politica-territorial-arcadi-espana-visita-barbate-de-la-mano-de-javier-rodriguez\/"},"author":{"name":"barbate1","@id":"https:\/\/agrupacionespsoe.es\/barbate\/#\/schema\/person\/fb57332b771136035857e2a17089b403"},"headline":"El secretario de Estado de Pol\u00edtica Territorial, Arcadi Espa\u00f1a, visita Barbate de la mano de Javier Rodr\u00edguez","datePublished":"2025-06-03T07:35:12+00:00","dateModified":"2025-06-03T07:35:13+00:00","mainEntityOfPage":{"@id":"https:\/\/agrupacionespsoe.es\/barbate\/el-secretario-de-estado-de-politica-territorial-arcadi-espana-visita-barbate-de-la-mano-de-javier-rodriguez\/"},"wordCount":387,"commentCount":0,"publisher":{"@id":"https:\/\/agrupacionespsoe.es\/barbate\/#organization"},"image":{"@id":"https:\/\/agrupacionespsoe.es\/barbate\/el-secretario-de-estado-de-politica-territorial-arcadi-espana-visita-barbate-de-la-mano-de-javier-rodriguez\/#primaryimage"},"thumbnailUrl":"https:\/\/agrupacionespsoe.es\/barbate\/wp-content\/uploads\/sites\/104\/2025\/06\/WhatsApp-Image-2025-06-03-at-09.24.24.jpeg","inLanguage":"es","potentialAction":[{"@type":"CommentAction","name":"Comment","target":["https:\/\/agrupacionespsoe.es\/barbate\/el-secretario-de-estado-de-politica-territorial-arcadi-espana-visita-barbate-de-la-mano-de-javier-rodriguez\/#respond"]}]},{"@type":"WebPage","@id":"https:\/\/agrupacionespsoe.es\/barbate\/el-secretario-de-estado-de-politica-territorial-arcadi-espana-visita-barbate-de-la-mano-de-javier-rodriguez\/","url":"https:\/\/agrupacionespsoe.es\/barbate\/el-secretario-de-estado-de-politica-territorial-arcadi-espana-visita-barbate-de-la-mano-de-javier-rodriguez\/","name":"El secretario de Estado de Pol\u00edtica Territorial, Arcadi Espa\u00f1a, visita Barbate de la mano de Javier Rodr\u00edguez - PSOE Barbate","isPartOf":{"@id":"https:\/\/agrupacionespsoe.es\/barbate\/#website"},"primaryImageOfPage":{"@id":"https:\/\/agrupacionespsoe.es\/barbate\/el-secretario-de-estado-de-politica-territorial-arcadi-espana-visita-barbate-de-la-mano-de-javier-rodriguez\/#primaryimage"},"image":{"@id":"https:\/\/agrupacionespsoe.es\/barbate\/el-secretario-de-estado-de-politica-territorial-arcadi-espana-visita-barbate-de-la-mano-de-javier-rodriguez\/#primaryimage"},"thumbnailUrl":"https:\/\/agrupacionespsoe.es\/barbate\/wp-content\/uploads\/sites\/104\/2025\/06\/WhatsApp-Image-2025-06-03-at-09.24.24.jpeg","datePublished":"2025-06-03T07:35:12+00:00","dateModified":"2025-06-03T07:35:13+00:00","breadcrumb":{"@id":"https:\/\/agrupacionespsoe.es\/barbate\/el-secretario-de-estado-de-politica-territorial-arcadi-espana-visita-barbate-de-la-mano-de-javier-rodriguez\/#breadcrumb"},"inLanguage":"es","potentialAction":[{"@type":"ReadAction","target":["https:\/\/agrupacionespsoe.es\/barbate\/el-secretario-de-estado-de-politica-territorial-arcadi-espana-visita-barbate-de-la-mano-de-javier-rodriguez\/"]}]},{"@type":"ImageObject","inLanguage":"es","@id":"https:\/\/agrupacionespsoe.es\/barbate\/el-secretario-de-estado-de-politica-territorial-arcadi-espana-visita-barbate-de-la-mano-de-javier-rodriguez\/#primaryimage","url":"https:\/\/agrupacionespsoe.es\/barbate\/wp-content\/uploads\/sites\/104\/2025\/06\/WhatsApp-Image-2025-06-03-at-09.24.24.jpeg","contentUrl":"https:\/\/agrupacionespsoe.es\/barbate\/wp-content\/uploads\/sites\/104\/2025\/06\/WhatsApp-Image-2025-06-03-at-09.24.24.jpeg","width":1599,"height":1077},{"@type":"BreadcrumbList","@id":"https:\/\/agrupacionespsoe.es\/barbate\/el-secretario-de-estado-de-politica-territorial-arcadi-espana-visita-barbate-de-la-mano-de-javier-rodriguez\/#breadcrumb","itemListElement":[{"@type":"ListItem","position":1,"name":"Portada","item":"https:\/\/agrupacionespsoe.es\/barbate\/"},{"@type":"ListItem","position":2,"name":"El secretario de Estado de Pol\u00edtica Territorial, Arcadi Espa\u00f1a, visita Barbate de la mano de Javier Rodr\u00edguez"}]},{"@type":"WebSite","@id":"https:\/\/agrupacionespsoe.es\/barbate\/#website","url":"https:\/\/agrupacionespsoe.es\/barbate\/","name":"PSOE Barbate","description":"PSOE BARBATE","publisher":{"@id":"https:\/\/agrupacionespsoe.es\/barbate\/#organization"},"potentialAction":[{"@type":"SearchAction","target":{"@type":"EntryPoint","urlTemplate":"https:\/\/agrupacionespsoe.es\/barbate\/?s={search_term_string}"},"query-input":{"@type":"PropertyValueSpecification","valueRequired":true,"valueName":"search_term_string"}}],"inLanguage":"es"},{"@type":"Organization","@id":"https:\/\/agrupacionespsoe.es\/barbate\/#organization","name":"PSOE Barbate","url":"https:\/\/agrupacionespsoe.es\/barbate\/","logo":{"@type":"ImageObject","inLanguage":"es","@id":"https:\/\/agrupacionespsoe.es\/barbate\/#\/schema\/logo\/image\/","url":"https:\/\/agrupacionespsoe.es\/wp-content\/uploads\/2022\/07\/Logotipo_electoral_del_PSOE.png","contentUrl":"https:\/\/agrupacionespsoe.es\/wp-content\/uploads\/2022\/07\/Logotipo_electoral_del_PSOE.png","width":422,"height":422,"caption":"PSOE Barbate"},"image":{"@id":"https:\/\/agrupacionespsoe.es\/barbate\/#\/schema\/logo\/image\/"}},{"@type":"Person","@id":"https:\/\/agrupacionespsoe.es\/barbate\/#\/schema\/person\/fb57332b771136035857e2a17089b403","name":"barbate1","image":{"@type":"ImageObject","inLanguage":"es","@id":"https:\/\/agrupacionespsoe.es\/barbate\/#\/schema\/person\/image\/","url":"https:\/\/secure.gravatar.com\/avatar\/68ea7ed9431a20fed86e5d4af65dc975?s=96&d=mm&r=g","contentUrl":"https:\/\/secure.gravatar.com\/avatar\/68ea7ed9431a20fed86e5d4af65dc975?s=96&d=mm&r=g","caption":"barbate1"},"url":"https:\/\/agrupacionespsoe.es\/barbate\/author\/barbate1\/"}]}},"jetpack_featured_media_url":"https:\/\/agrupacionespsoe.es\/barbate\/wp-content\/uploads\/sites\/104\/2025\/06\/WhatsApp-Image-2025-06-03-at-09.24.24.jpeg","jetpack_sharing_enabled":true,"_links":{"self":[{"href":"https:\/\/agrupacionespsoe.es\/barbate\/wp-json\/wp\/v2\/posts\/605","targetHints":{"allow":["GET"]}}],"collection":[{"href":"https:\/\/agrupacionespsoe.es\/barbate\/wp-json\/wp\/v2\/posts"}],"about":[{"href":"https:\/\/agrupacionespsoe.es\/barbate\/wp-json\/wp\/v2\/types\/post"}],"author":[{"embeddable":true,"href":"https:\/\/agrupacionespsoe.es\/barbate\/wp-json\/wp\/v2\/users\/155"}],"replies":[{"embeddable":true,"href":"https:\/\/agrupacionespsoe.es\/barbate\/wp-json\/wp\/v2\/comments?post=605"}],"version-history":[{"count":1,"href":"https:\/\/agrupacionespsoe.es\/barbate\/wp-json\/wp\/v2\/posts\/605\/revisions"}],"predecessor-version":[{"id":609,"href":"https:\/\/agrupacionespsoe.es\/barbate\/wp-json\/wp\/v2\/posts\/605\/revisions\/609"}],"wp:featuredmedia":[{"embeddable":true,"href":"https:\/\/agrupacionespsoe.es\/barbate\/wp-json\/wp\/v2\/media\/608"}],"wp:attachment":[{"href":"https:\/\/agrupacionespsoe.es\/barbate\/wp-json\/wp\/v2\/media?parent=605"}],"wp:term":[{"taxonomy":"category","embeddable":true,"href":"https:\/\/agrupacionespsoe.es\/barbate\/wp-json\/wp\/v2\/categories?post=605"},{"taxonomy":"post_tag","embeddable":true,"href":"https:\/\/agrupacionespsoe.es\/barbate\/wp-json\/wp\/v2\/tags?post=605"}],"curies":[{"name":"wp","href":"https:\/\/api.w.org\/{rel}","templated":true}]}}