{"id":601,"date":"2025-06-02T11:42:35","date_gmt":"2025-06-02T11:42:35","guid":{"rendered":"https:\/\/agrupacionespsoe.es\/barbate\/?p=601"},"modified":"2025-06-02T11:42:36","modified_gmt":"2025-06-02T11:42:36","slug":"el-psoe-de-barbate-en-contra-del-cierre-de-la-fabrica-de-hielo-y-la-perdida-de-empleo-de-sus-trabajadores","status":"publish","type":"post","link":"https:\/\/agrupacionespsoe.es\/barbate\/el-psoe-de-barbate-en-contra-del-cierre-de-la-fabrica-de-hielo-y-la-perdida-de-empleo-de-sus-trabajadores\/","title":{"rendered":"El PSOE de Barbate en contra del cierre de la f\u00e1brica de hielo y la p\u00e9rdida de empleo de sus trabajadores"},"content":{"rendered":"\n<p><em>Los socialistas barbate\u00f1os defender\u00e1n en el pleno del pr\u00f3ximo mi\u00e9rcoles mociones como la de la f\u00e1brica de hielo, que se acelere la dependencia y reclama la gratuidad de la educaci\u00f3n infantil<\/em><em><\/em><\/p>\n\n\n\n<p><strong>Barbate, 1 de junio de 2025 \u2013<\/strong>\u00a0El PSOE de Barbate llevar\u00e1 al Pleno municipal del pr\u00f3ximo mi\u00e9rcoles, 4 de junio, tres mociones dirigidas a proteger servicios p\u00fablicos esenciales y a mejorar la atenci\u00f3n a los vecinos. Entre las propuestas, destacan la <strong>defensa de la f\u00e1brica de hielo del puerto<\/strong>, la exigencia de agilizar los plazos de la dependencia en Andaluc\u00eda y la reclamaci\u00f3n de gratuidad para la etapa educativa de 0 a 3 a\u00f1os.<\/p>\n\n\n\n<p>Los socialistas alertan de que el cierre de la f\u00e1brica de hielo del puerto de Barbate \u201ces una amenaza real\u201d. Seg\u00fan han se\u00f1alado, representantes de la <strong>Agencia P\u00fablica de Puertos de Andaluc\u00eda<\/strong> han confirmado en reuniones recientes que el servicio podr\u00eda clausurarse pr\u00f3ximamente por supuestos motivos econ\u00f3micos.<\/p>\n\n\n\n<p>\u201cLa f\u00e1brica de hielo no es un negocio, es un servicio p\u00fablico esencial para la actividad pesquera, desde las almadrabas hasta los intermediarios\u201d, advierten desde el PSOE local. Cinco empleos directos dependen de su continuidad, y al menos tres de ellos podr\u00edan perderse si se confirma el cierre.<\/p>\n\n\n\n<p>El grupo municipal exigir\u00e1 en el Pleno que se garantice el <strong>mantenimiento del servicio<\/strong> y de los puestos de trabajo, y que la gesti\u00f3n vuelva a ser p\u00fablica una vez expiren los contratos actuales con empresas privadas.<\/p>\n\n\n\n<h3 class=\"wp-block-heading\"><a><\/a>Dependencia: \u00abNo se puede esperar 600 d\u00edas por una ayuda\u00bb<\/h3>\n\n\n\n<p>Otra moci\u00f3n se centrar\u00e1 en la situaci\u00f3n cr\u00edtica de los expedientes de dependencia. \u201cLas familias est\u00e1n desesperadas. Hay casos en los que la resoluci\u00f3n llega cuando la persona ya ha fallecido\u201d, denuncian. En muchos municipios andaluces, incluidos Barbate, los plazos superan con creces los seis meses que marca la ley, alcanzando los 600 d\u00edas en algunos casos.<\/p>\n\n\n\n<p>El PSOE reclama la puesta en marcha de un&nbsp;<strong>Plan Andaluz de Agilizaci\u00f3n de la Dependencia<\/strong>, que incluya m\u00e1s personal, descentralizaci\u00f3n de competencias, mejor coordinaci\u00f3n entre salud y servicios sociales y v\u00edas prioritarias para los casos m\u00e1s urgentes.<\/p>\n\n\n\n<h3 class=\"wp-block-heading\"><a><\/a>Gratuidad de la educaci\u00f3n infantil de 0 a 3 a\u00f1os<\/h3>\n\n\n\n<p>La tercera moci\u00f3n pide a la Junta de Andaluc\u00eda la implantaci\u00f3n de la gratuidad total de la etapa educativa de 0 a 3 a\u00f1os. \u201cNo hablamos solo de educaci\u00f3n, sino de equidad social y apoyo a las familias en los primeros a\u00f1os de crianza\u201d, defienden los socialistas.<\/p>\n\n\n\n<p>Adem\u00e1s, instan a que se active un&nbsp;<strong>Plan de Apoyo a las Escuelas Infantiles<\/strong>, con ayudas directas para centros y familias, coordinado entre las consejer\u00edas de Educaci\u00f3n, Inclusi\u00f3n Social y Empleo.<\/p>\n\n\n\n<p>Por otro lado, desde el PSOE de Barbate, que sigue siendo el partido con m\u00e1s propuestas sobre la mesa, realizar\u00e1n una serie de preguntas sobre la recogida de animales y ruegos llegados desde la ciudadan\u00eda.&nbsp;<\/p>\n\n\n\n<p><\/p>\n","protected":false},"excerpt":{"rendered":"<p>Los socialistas barbate\u00f1os defender\u00e1n en el pleno del pr\u00f3ximo mi\u00e9rcoles mociones como la de la f\u00e1brica de hielo, que se acelere la dependencia y reclama la gratuidad de la educaci\u00f3n infantil Barbate, 1 de junio de 2025 \u2013\u00a0El PSOE de Barbate llevar\u00e1 al Pleno municipal del pr\u00f3ximo mi\u00e9rcoles, 4 de junio, tres mociones dirigidas a &#8230;<\/p>\n","protected":false},"author":155,"featured_media":602,"comment_status":"open","ping_status":"open","sticky":false,"template":"","format":"standard","meta":{"_jetpack_memberships_contains_paid_content":false,"footnotes":""},"categories":[1],"tags":[],"class_list":["post-601","post","type-post","status-publish","format-standard","has-post-thumbnail","hentry","category-sin-categoria"],"yoast_head":"<!-- This site is optimized with the Yoast SEO plugin v24.0 - https:\/\/yoast.com\/wordpress\/plugins\/seo\/ -->\n<title>El PSOE de Barbate en contra del cierre de la f\u00e1brica de hielo y la p\u00e9rdida de empleo de sus trabajadores<\/title>\n<meta name=\"robots\" content=\"index, follow, max-snippet:-1, max-image-preview:large, max-video-preview:-1\" \/>\n<link rel=\"canonical\" href=\"https:\/\/agrupacionespsoe.es\/barbate\/el-psoe-de-barbate-en-contra-del-cierre-de-la-fabrica-de-hielo-y-la-perdida-de-empleo-de-sus-trabajadores\/\" \/>\n<meta property=\"og:locale\" content=\"es_ES\" \/>\n<meta property=\"og:type\" content=\"article\" \/>\n<meta property=\"og:title\" content=\"El PSOE de Barbate en contra del cierre de la f\u00e1brica de hielo y la p\u00e9rdida de empleo de sus trabajadores\" \/>\n<meta property=\"og:description\" content=\"Los socialistas barbate\u00f1os defender\u00e1n en el pleno del pr\u00f3ximo mi\u00e9rcoles mociones como la de la f\u00e1brica de hielo, que se acelere la dependencia y reclama la gratuidad de la educaci\u00f3n infantil Barbate, 1 de junio de 2025 \u2013\u00a0El PSOE de Barbate llevar\u00e1 al Pleno municipal del pr\u00f3ximo mi\u00e9rcoles, 4 de junio, tres mociones dirigidas a ...\" \/>\n<meta property=\"og:url\" content=\"https:\/\/agrupacionespsoe.es\/barbate\/el-psoe-de-barbate-en-contra-del-cierre-de-la-fabrica-de-hielo-y-la-perdida-de-empleo-de-sus-trabajadores\/\" \/>\n<meta property=\"og:site_name\" content=\"PSOE Barbate\" \/>\n<meta property=\"article:published_time\" content=\"2025-06-02T11:42:35+00:00\" \/>\n<meta property=\"article:modified_time\" content=\"2025-06-02T11:42:36+00:00\" \/>\n<meta property=\"og:image\" content=\"https:\/\/agrupacionespsoe.es\/barbate\/wp-content\/uploads\/sites\/104\/2025\/06\/p08_lonja01.jpg\" \/>\n\t<meta property=\"og:image:width\" content=\"1000\" \/>\n\t<meta property=\"og:image:height\" content=\"700\" \/>\n\t<meta property=\"og:image:type\" content=\"image\/jpeg\" \/>\n<meta name=\"author\" content=\"barbate1\" \/>\n<meta name=\"twitter:card\" content=\"summary_large_image\" \/>\n<meta name=\"twitter:label1\" content=\"Escrito por\" \/>\n\t<meta name=\"twitter:data1\" content=\"barbate1\" \/>\n\t<meta name=\"twitter:label2\" content=\"Tiempo de lectura\" \/>\n\t<meta name=\"twitter:data2\" content=\"3 minutos\" \/>\n<script type=\"application\/ld+json\" class=\"yoast-schema-graph\">{\"@context\":\"https:\/\/schema.org\",\"@graph\":[{\"@type\":\"Article\",\"@id\":\"https:\/\/agrupacionespsoe.es\/barbate\/el-psoe-de-barbate-en-contra-del-cierre-de-la-fabrica-de-hielo-y-la-perdida-de-empleo-de-sus-trabajadores\/#article\",\"isPartOf\":{\"@id\":\"https:\/\/agrupacionespsoe.es\/barbate\/el-psoe-de-barbate-en-contra-del-cierre-de-la-fabrica-de-hielo-y-la-perdida-de-empleo-de-sus-trabajadores\/\"},\"author\":{\"name\":\"barbate1\",\"@id\":\"https:\/\/agrupacionespsoe.es\/barbate\/#\/schema\/person\/fb57332b771136035857e2a17089b403\"},\"headline\":\"El PSOE de Barbate en contra del cierre de la f\u00e1brica de hielo y la p\u00e9rdida de empleo de sus trabajadores\",\"datePublished\":\"2025-06-02T11:42:35+00:00\",\"dateModified\":\"2025-06-02T11:42:36+00:00\",\"mainEntityOfPage\":{\"@id\":\"https:\/\/agrupacionespsoe.es\/barbate\/el-psoe-de-barbate-en-contra-del-cierre-de-la-fabrica-de-hielo-y-la-perdida-de-empleo-de-sus-trabajadores\/\"},\"wordCount\":535,\"commentCount\":0,\"publisher\":{\"@id\":\"https:\/\/agrupacionespsoe.es\/barbate\/#organization\"},\"image\":{\"@id\":\"https:\/\/agrupacionespsoe.es\/barbate\/el-psoe-de-barbate-en-contra-del-cierre-de-la-fabrica-de-hielo-y-la-perdida-de-empleo-de-sus-trabajadores\/#primaryimage\"},\"thumbnailUrl\":\"https:\/\/agrupacionespsoe.es\/barbate\/wp-content\/uploads\/sites\/104\/2025\/06\/p08_lonja01.jpg\",\"inLanguage\":\"es\",\"potentialAction\":[{\"@type\":\"CommentAction\",\"name\":\"Comment\",\"target\":[\"https:\/\/agrupacionespsoe.es\/barbate\/el-psoe-de-barbate-en-contra-del-cierre-de-la-fabrica-de-hielo-y-la-perdida-de-empleo-de-sus-trabajadores\/#respond\"]}]},{\"@type\":\"WebPage\",\"@id\":\"https:\/\/agrupacionespsoe.es\/barbate\/el-psoe-de-barbate-en-contra-del-cierre-de-la-fabrica-de-hielo-y-la-perdida-de-empleo-de-sus-trabajadores\/\",\"url\":\"https:\/\/agrupacionespsoe.es\/barbate\/el-psoe-de-barbate-en-contra-del-cierre-de-la-fabrica-de-hielo-y-la-perdida-de-empleo-de-sus-trabajadores\/\",\"name\":\"El PSOE de Barbate en contra del cierre de la f\u00e1brica de hielo y la p\u00e9rdida de empleo de sus trabajadores\",\"isPartOf\":{\"@id\":\"https:\/\/agrupacionespsoe.es\/barbate\/#website\"},\"primaryImageOfPage\":{\"@id\":\"https:\/\/agrupacionespsoe.es\/barbate\/el-psoe-de-barbate-en-contra-del-cierre-de-la-fabrica-de-hielo-y-la-perdida-de-empleo-de-sus-trabajadores\/#primaryimage\"},\"image\":{\"@id\":\"https:\/\/agrupacionespsoe.es\/barbate\/el-psoe-de-barbate-en-contra-del-cierre-de-la-fabrica-de-hielo-y-la-perdida-de-empleo-de-sus-trabajadores\/#primaryimage\"},\"thumbnailUrl\":\"https:\/\/agrupacionespsoe.es\/barbate\/wp-content\/uploads\/sites\/104\/2025\/06\/p08_lonja01.jpg\",\"datePublished\":\"2025-06-02T11:42:35+00:00\",\"dateModified\":\"2025-06-02T11:42:36+00:00\",\"breadcrumb\":{\"@id\":\"https:\/\/agrupacionespsoe.es\/barbate\/el-psoe-de-barbate-en-contra-del-cierre-de-la-fabrica-de-hielo-y-la-perdida-de-empleo-de-sus-trabajadores\/#breadcrumb\"},\"inLanguage\":\"es\",\"potentialAction\":[{\"@type\":\"ReadAction\",\"target\":[\"https:\/\/agrupacionespsoe.es\/barbate\/el-psoe-de-barbate-en-contra-del-cierre-de-la-fabrica-de-hielo-y-la-perdida-de-empleo-de-sus-trabajadores\/\"]}]},{\"@type\":\"ImageObject\",\"inLanguage\":\"es\",\"@id\":\"https:\/\/agrupacionespsoe.es\/barbate\/el-psoe-de-barbate-en-contra-del-cierre-de-la-fabrica-de-hielo-y-la-perdida-de-empleo-de-sus-trabajadores\/#primaryimage\",\"url\":\"https:\/\/agrupacionespsoe.es\/barbate\/wp-content\/uploads\/sites\/104\/2025\/06\/p08_lonja01.jpg\",\"contentUrl\":\"https:\/\/agrupacionespsoe.es\/barbate\/wp-content\/uploads\/sites\/104\/2025\/06\/p08_lonja01.jpg\",\"width\":1000,\"height\":700},{\"@type\":\"BreadcrumbList\",\"@id\":\"https:\/\/agrupacionespsoe.es\/barbate\/el-psoe-de-barbate-en-contra-del-cierre-de-la-fabrica-de-hielo-y-la-perdida-de-empleo-de-sus-trabajadores\/#breadcrumb\",\"itemListElement\":[{\"@type\":\"ListItem\",\"position\":1,\"name\":\"Portada\",\"item\":\"https:\/\/agrupacionespsoe.es\/barbate\/\"},{\"@type\":\"ListItem\",\"position\":2,\"name\":\"El PSOE de Barbate en contra del cierre de la f\u00e1brica de hielo y la p\u00e9rdida de empleo de sus trabajadores\"}]},{\"@type\":\"WebSite\",\"@id\":\"https:\/\/agrupacionespsoe.es\/barbate\/#website\",\"url\":\"https:\/\/agrupacionespsoe.es\/barbate\/\",\"name\":\"PSOE Barbate\",\"description\":\"PSOE BARBATE\",\"publisher\":{\"@id\":\"https:\/\/agrupacionespsoe.es\/barbate\/#organization\"},\"potentialAction\":[{\"@type\":\"SearchAction\",\"target\":{\"@type\":\"EntryPoint\",\"urlTemplate\":\"https:\/\/agrupacionespsoe.es\/barbate\/?s={search_term_string}\"},\"query-input\":{\"@type\":\"PropertyValueSpecification\",\"valueRequired\":true,\"valueName\":\"search_term_string\"}}],\"inLanguage\":\"es\"},{\"@type\":\"Organization\",\"@id\":\"https:\/\/agrupacionespsoe.es\/barbate\/#organization\",\"name\":\"PSOE Barbate\",\"url\":\"https:\/\/agrupacionespsoe.es\/barbate\/\",\"logo\":{\"@type\":\"ImageObject\",\"inLanguage\":\"es\",\"@id\":\"https:\/\/agrupacionespsoe.es\/barbate\/#\/schema\/logo\/image\/\",\"url\":\"https:\/\/agrupacionespsoe.es\/wp-content\/uploads\/2022\/07\/Logotipo_electoral_del_PSOE.png\",\"contentUrl\":\"https:\/\/agrupacionespsoe.es\/wp-content\/uploads\/2022\/07\/Logotipo_electoral_del_PSOE.png\",\"width\":422,\"height\":422,\"caption\":\"PSOE Barbate\"},\"image\":{\"@id\":\"https:\/\/agrupacionespsoe.es\/barbate\/#\/schema\/logo\/image\/\"}},{\"@type\":\"Person\",\"@id\":\"https:\/\/agrupacionespsoe.es\/barbate\/#\/schema\/person\/fb57332b771136035857e2a17089b403\",\"name\":\"barbate1\",\"image\":{\"@type\":\"ImageObject\",\"inLanguage\":\"es\",\"@id\":\"https:\/\/agrupacionespsoe.es\/barbate\/#\/schema\/person\/image\/\",\"url\":\"https:\/\/secure.gravatar.com\/avatar\/68ea7ed9431a20fed86e5d4af65dc975?s=96&d=mm&r=g\",\"contentUrl\":\"https:\/\/secure.gravatar.com\/avatar\/68ea7ed9431a20fed86e5d4af65dc975?s=96&d=mm&r=g\",\"caption\":\"barbate1\"},\"url\":\"https:\/\/agrupacionespsoe.es\/barbate\/author\/barbate1\/\"}]}<\/script>\n<!-- \/ Yoast SEO plugin. -->","yoast_head_json":{"title":"El PSOE de Barbate en contra del cierre de la f\u00e1brica de hielo y la p\u00e9rdida de empleo de sus trabajadores","robots":{"index":"index","follow":"follow","max-snippet":"max-snippet:-1","max-image-preview":"max-image-preview:large","max-video-preview":"max-video-preview:-1"},"canonical":"https:\/\/agrupacionespsoe.es\/barbate\/el-psoe-de-barbate-en-contra-del-cierre-de-la-fabrica-de-hielo-y-la-perdida-de-empleo-de-sus-trabajadores\/","og_locale":"es_ES","og_type":"article","og_title":"El PSOE de Barbate en contra del cierre de la f\u00e1brica de hielo y la p\u00e9rdida de empleo de sus trabajadores","og_description":"Los socialistas barbate\u00f1os defender\u00e1n en el pleno del pr\u00f3ximo mi\u00e9rcoles mociones como la de la f\u00e1brica de hielo, que se acelere la dependencia y reclama la gratuidad de la educaci\u00f3n infantil Barbate, 1 de junio de 2025 \u2013\u00a0El PSOE de Barbate llevar\u00e1 al Pleno municipal del pr\u00f3ximo mi\u00e9rcoles, 4 de junio, tres mociones dirigidas a ...","og_url":"https:\/\/agrupacionespsoe.es\/barbate\/el-psoe-de-barbate-en-contra-del-cierre-de-la-fabrica-de-hielo-y-la-perdida-de-empleo-de-sus-trabajadores\/","og_site_name":"PSOE Barbate","article_published_time":"2025-06-02T11:42:35+00:00","article_modified_time":"2025-06-02T11:42:36+00:00","og_image":[{"width":1000,"height":700,"url":"https:\/\/agrupacionespsoe.es\/barbate\/wp-content\/uploads\/sites\/104\/2025\/06\/p08_lonja01.jpg","type":"image\/jpeg"}],"author":"barbate1","twitter_card":"summary_large_image","twitter_misc":{"Escrito por":"barbate1","Tiempo de lectura":"3 minutos"},"schema":{"@context":"https:\/\/schema.org","@graph":[{"@type":"Article","@id":"https:\/\/agrupacionespsoe.es\/barbate\/el-psoe-de-barbate-en-contra-del-cierre-de-la-fabrica-de-hielo-y-la-perdida-de-empleo-de-sus-trabajadores\/#article","isPartOf":{"@id":"https:\/\/agrupacionespsoe.es\/barbate\/el-psoe-de-barbate-en-contra-del-cierre-de-la-fabrica-de-hielo-y-la-perdida-de-empleo-de-sus-trabajadores\/"},"author":{"name":"barbate1","@id":"https:\/\/agrupacionespsoe.es\/barbate\/#\/schema\/person\/fb57332b771136035857e2a17089b403"},"headline":"El PSOE de Barbate en contra del cierre de la f\u00e1brica de hielo y la p\u00e9rdida de empleo de sus trabajadores","datePublished":"2025-06-02T11:42:35+00:00","dateModified":"2025-06-02T11:42:36+00:00","mainEntityOfPage":{"@id":"https:\/\/agrupacionespsoe.es\/barbate\/el-psoe-de-barbate-en-contra-del-cierre-de-la-fabrica-de-hielo-y-la-perdida-de-empleo-de-sus-trabajadores\/"},"wordCount":535,"commentCount":0,"publisher":{"@id":"https:\/\/agrupacionespsoe.es\/barbate\/#organization"},"image":{"@id":"https:\/\/agrupacionespsoe.es\/barbate\/el-psoe-de-barbate-en-contra-del-cierre-de-la-fabrica-de-hielo-y-la-perdida-de-empleo-de-sus-trabajadores\/#primaryimage"},"thumbnailUrl":"https:\/\/agrupacionespsoe.es\/barbate\/wp-content\/uploads\/sites\/104\/2025\/06\/p08_lonja01.jpg","inLanguage":"es","potentialAction":[{"@type":"CommentAction","name":"Comment","target":["https:\/\/agrupacionespsoe.es\/barbate\/el-psoe-de-barbate-en-contra-del-cierre-de-la-fabrica-de-hielo-y-la-perdida-de-empleo-de-sus-trabajadores\/#respond"]}]},{"@type":"WebPage","@id":"https:\/\/agrupacionespsoe.es\/barbate\/el-psoe-de-barbate-en-contra-del-cierre-de-la-fabrica-de-hielo-y-la-perdida-de-empleo-de-sus-trabajadores\/","url":"https:\/\/agrupacionespsoe.es\/barbate\/el-psoe-de-barbate-en-contra-del-cierre-de-la-fabrica-de-hielo-y-la-perdida-de-empleo-de-sus-trabajadores\/","name":"El PSOE de Barbate en contra del cierre de la f\u00e1brica de hielo y la p\u00e9rdida de empleo de sus trabajadores","isPartOf":{"@id":"https:\/\/agrupacionespsoe.es\/barbate\/#website"},"primaryImageOfPage":{"@id":"https:\/\/agrupacionespsoe.es\/barbate\/el-psoe-de-barbate-en-contra-del-cierre-de-la-fabrica-de-hielo-y-la-perdida-de-empleo-de-sus-trabajadores\/#primaryimage"},"image":{"@id":"https:\/\/agrupacionespsoe.es\/barbate\/el-psoe-de-barbate-en-contra-del-cierre-de-la-fabrica-de-hielo-y-la-perdida-de-empleo-de-sus-trabajadores\/#primaryimage"},"thumbnailUrl":"https:\/\/agrupacionespsoe.es\/barbate\/wp-content\/uploads\/sites\/104\/2025\/06\/p08_lonja01.jpg","datePublished":"2025-06-02T11:42:35+00:00","dateModified":"2025-06-02T11:42:36+00:00","breadcrumb":{"@id":"https:\/\/agrupacionespsoe.es\/barbate\/el-psoe-de-barbate-en-contra-del-cierre-de-la-fabrica-de-hielo-y-la-perdida-de-empleo-de-sus-trabajadores\/#breadcrumb"},"inLanguage":"es","potentialAction":[{"@type":"ReadAction","target":["https:\/\/agrupacionespsoe.es\/barbate\/el-psoe-de-barbate-en-contra-del-cierre-de-la-fabrica-de-hielo-y-la-perdida-de-empleo-de-sus-trabajadores\/"]}]},{"@type":"ImageObject","inLanguage":"es","@id":"https:\/\/agrupacionespsoe.es\/barbate\/el-psoe-de-barbate-en-contra-del-cierre-de-la-fabrica-de-hielo-y-la-perdida-de-empleo-de-sus-trabajadores\/#primaryimage","url":"https:\/\/agrupacionespsoe.es\/barbate\/wp-content\/uploads\/sites\/104\/2025\/06\/p08_lonja01.jpg","contentUrl":"https:\/\/agrupacionespsoe.es\/barbate\/wp-content\/uploads\/sites\/104\/2025\/06\/p08_lonja01.jpg","width":1000,"height":700},{"@type":"BreadcrumbList","@id":"https:\/\/agrupacionespsoe.es\/barbate\/el-psoe-de-barbate-en-contra-del-cierre-de-la-fabrica-de-hielo-y-la-perdida-de-empleo-de-sus-trabajadores\/#breadcrumb","itemListElement":[{"@type":"ListItem","position":1,"name":"Portada","item":"https:\/\/agrupacionespsoe.es\/barbate\/"},{"@type":"ListItem","position":2,"name":"El PSOE de Barbate en contra del cierre de la f\u00e1brica de hielo y la p\u00e9rdida de empleo de sus trabajadores"}]},{"@type":"WebSite","@id":"https:\/\/agrupacionespsoe.es\/barbate\/#website","url":"https:\/\/agrupacionespsoe.es\/barbate\/","name":"PSOE Barbate","description":"PSOE BARBATE","publisher":{"@id":"https:\/\/agrupacionespsoe.es\/barbate\/#organization"},"potentialAction":[{"@type":"SearchAction","target":{"@type":"EntryPoint","urlTemplate":"https:\/\/agrupacionespsoe.es\/barbate\/?s={search_term_string}"},"query-input":{"@type":"PropertyValueSpecification","valueRequired":true,"valueName":"search_term_string"}}],"inLanguage":"es"},{"@type":"Organization","@id":"https:\/\/agrupacionespsoe.es\/barbate\/#organization","name":"PSOE Barbate","url":"https:\/\/agrupacionespsoe.es\/barbate\/","logo":{"@type":"ImageObject","inLanguage":"es","@id":"https:\/\/agrupacionespsoe.es\/barbate\/#\/schema\/logo\/image\/","url":"https:\/\/agrupacionespsoe.es\/wp-content\/uploads\/2022\/07\/Logotipo_electoral_del_PSOE.png","contentUrl":"https:\/\/agrupacionespsoe.es\/wp-content\/uploads\/2022\/07\/Logotipo_electoral_del_PSOE.png","width":422,"height":422,"caption":"PSOE Barbate"},"image":{"@id":"https:\/\/agrupacionespsoe.es\/barbate\/#\/schema\/logo\/image\/"}},{"@type":"Person","@id":"https:\/\/agrupacionespsoe.es\/barbate\/#\/schema\/person\/fb57332b771136035857e2a17089b403","name":"barbate1","image":{"@type":"ImageObject","inLanguage":"es","@id":"https:\/\/agrupacionespsoe.es\/barbate\/#\/schema\/person\/image\/","url":"https:\/\/secure.gravatar.com\/avatar\/68ea7ed9431a20fed86e5d4af65dc975?s=96&d=mm&r=g","contentUrl":"https:\/\/secure.gravatar.com\/avatar\/68ea7ed9431a20fed86e5d4af65dc975?s=96&d=mm&r=g","caption":"barbate1"},"url":"https:\/\/agrupacionespsoe.es\/barbate\/author\/barbate1\/"}]}},"jetpack_featured_media_url":"https:\/\/agrupacionespsoe.es\/barbate\/wp-content\/uploads\/sites\/104\/2025\/06\/p08_lonja01.jpg","jetpack_sharing_enabled":true,"_links":{"self":[{"href":"https:\/\/agrupacionespsoe.es\/barbate\/wp-json\/wp\/v2\/posts\/601","targetHints":{"allow":["GET"]}}],"collection":[{"href":"https:\/\/agrupacionespsoe.es\/barbate\/wp-json\/wp\/v2\/posts"}],"about":[{"href":"https:\/\/agrupacionespsoe.es\/barbate\/wp-json\/wp\/v2\/types\/post"}],"author":[{"embeddable":true,"href":"https:\/\/agrupacionespsoe.es\/barbate\/wp-json\/wp\/v2\/users\/155"}],"replies":[{"embeddable":true,"href":"https:\/\/agrupacionespsoe.es\/barbate\/wp-json\/wp\/v2\/comments?post=601"}],"version-history":[{"count":1,"href":"https:\/\/agrupacionespsoe.es\/barbate\/wp-json\/wp\/v2\/posts\/601\/revisions"}],"predecessor-version":[{"id":604,"href":"https:\/\/agrupacionespsoe.es\/barbate\/wp-json\/wp\/v2\/posts\/601\/revisions\/604"}],"wp:featuredmedia":[{"embeddable":true,"href":"https:\/\/agrupacionespsoe.es\/barbate\/wp-json\/wp\/v2\/media\/602"}],"wp:attachment":[{"href":"https:\/\/agrupacionespsoe.es\/barbate\/wp-json\/wp\/v2\/media?parent=601"}],"wp:term":[{"taxonomy":"category","embeddable":true,"href":"https:\/\/agrupacionespsoe.es\/barbate\/wp-json\/wp\/v2\/categories?post=601"},{"taxonomy":"post_tag","embeddable":true,"href":"https:\/\/agrupacionespsoe.es\/barbate\/wp-json\/wp\/v2\/tags?post=601"}],"curies":[{"name":"wp","href":"https:\/\/api.w.org\/{rel}","templated":true}]}}