{"id":563,"date":"2024-07-09T11:32:18","date_gmt":"2024-07-09T11:32:18","guid":{"rendered":"https:\/\/agrupacionespsoe.es\/barbate\/?p=563"},"modified":"2024-07-09T11:35:15","modified_gmt":"2024-07-09T11:35:15","slug":"el-trabajo-politico-avala-al-psoe-de-como-la-voz-de-la-ciudadania","status":"publish","type":"post","link":"https:\/\/agrupacionespsoe.es\/barbate\/el-trabajo-politico-avala-al-psoe-de-como-la-voz-de-la-ciudadania\/","title":{"rendered":"El trabajo pol\u00edtico avala al PSOE de como la voz de la ciudadan\u00eda\u00a0"},"content":{"rendered":"\n<p><em>Los socialistas hacen balance de un intenso a\u00f1o como una Oposici\u00f3n \u00fatil, siendo el partido con mayor aporte con un 59% mociones presentadas de toda la Corporaci\u00f3n Municipal, con 38 mociones, 61 ruegos y 222 preguntas&nbsp;<\/em><\/p>\n\n\n\n<p>El PSOE de Barbate quiere compartir que, a pesar de los continuos ataques tanto al partido como al portavoz, a pesar de la falta de consenso y de los intentos de manipulaci\u00f3n, va a seguir siendo la voz de la ciudadan\u00eda en los plenos. Durante este a\u00f1o como l\u00edderes de la oposici\u00f3n, el Grupo Municipal Socialista ha registrado 38 mociones de gran inter\u00e9s para Barbate, ha formulado 61 ruegos, en su mayor\u00eda a petici\u00f3n de los vecinos y vecinas y ha realizado un total de 222 preguntas. Adem\u00e1s de todo el trabajo de fondo en relaci\u00f3n a la solicitud de informaci\u00f3n constante sobre diferentes asuntos econ\u00f3micos y administrativos sobre el municipio.&nbsp;<\/p>\n\n\n\n<p>Porcentualmente, el PSOE ha copado el 59% de las propuestas presentadas a pleno, frente al 23% de AxSI, el 11% del PP y el 2% de Siempre Barbate y un 5% de mociones conjuntas. Un abrumador trabajo parlamentario, defendiendo mociones todos los concejales del grupo y fiscalizando la labor del equipo de Gobierno en lo que va de mandato.&nbsp;&nbsp;<\/p>\n\n\n\n<p>\u201cEste a\u00f1o ha sido un trabajo duro, donde nos hemos dejado la piel, no solo en cada pleno, sino d\u00eda a d\u00eda preparando mociones y reuni\u00e9ndonos con nuestras vecinas y vecinos, intentado ayudar a la soluci\u00f3n de los conflictos\u201d, comentan desde el PSOE.&nbsp;<\/p>\n\n\n\n<p>Las propuestas socialistas han abarcado diferentes \u00e1mbitos y problem\u00e1ticas, desde el aspecto cultural, social, medioambiental, de memoria democr\u00e1tica, sanidad, feminista, animalista y econ\u00f3mica. En su inmensa mayor\u00eda han sido aprobadas en pleno, sin embargo, muchas, a d\u00eda de hoy, \u201cno se tiene constancia que se hayan llevado a la pr\u00e1ctica, incumpli\u00e9ndose, por tanto, con el compromiso plenario\u201d.\u00a0<\/p>\n\n\n\n<figure class=\"wp-block-video\"><video controls src=\"https:\/\/agrupacionespsoe.es\/barbate\/wp-content\/uploads\/sites\/104\/2024\/07\/WhatsApp-Video-2024-07-09-at-13.18.39.mp4\"><\/video><\/figure>\n\n\n\n<p><strong>Mociones de inter\u00e9s<\/strong><\/p>\n\n\n\n<p>As\u00ed, desde el grupo socialista se ha pedido la adecuaci\u00f3n de una playa canina, los problemas con las pedan\u00edas y los n\u00facleos rurales, mociones en apoyo el personal de ayuda a domicilio, por la seguridad, por la memoria de los hermanos Carito, por el empleo, el turismo, por el personal de pediatr\u00eda o la Residencia de Mayores. Y otras de \u00edndole m\u00e1s generalistas, como el apoyo al pueblo palestino y al feminismo o en contra los discursos hom\u00f3fobos y en favor del colectivo LGTBIQ+.<\/p>\n\n\n\n<p>Adem\u00e1s, se ha preguntado por la recogida de basura, la limpieza, los pagos a proveedores, los costes de determinados eventos, los contratos, las auditor\u00edas de las empresas p\u00fablicas, el Cine Avenida, la piscina, el mantenimiento de los colegios o el polideportivo. Por otro lado, se ha estado presente y muy participativos en las comisiones de calles, de las Hazas de la Suerte y el consejo de administraci\u00f3n de Innobar.&nbsp;<\/p>\n\n\n\n<p>\u201cY todo ello sin cobrar un solo euro de la asignaci\u00f3n por asistencia a pleno (110 euros) a los concejales, porque el Ayuntamiento, como sucede con una larga lista de proveedores, no ha pagado todav\u00eda\u201d, resaltan los socialistas.<\/p>\n\n\n\n<p>En lo negativo, el GMS ha tenido que ver c\u00f3mo el alcalde expulsaba de manera injusta y con una actitud desproporcionada a una edil, abandonando el pleno el resto del grupo socialista como muestra de solidaridad, compa\u00f1erismo y de justicia pol\u00edtica. As\u00ed como descalificaciones, acusaciones infundadas y, adem\u00e1s, falsedades.&nbsp;&nbsp;<\/p>\n\n\n\n<p>\u201cMolina hace declaraciones diciendo que no somos un partido constructivo y realmente, lo que quiere decir es que no bailamos al son de sus pol\u00edticas y actitudes al frente del Ayuntamiento, sino que somos una oposici\u00f3n \u00fatil y la ciudadan\u00eda cada vez lo tiene m\u00e1s claro\u201d, seg\u00fan comentan los socialistas. \u201cNo son pocas las personas que vienen a pedirnos apoyo y que hablemos por ellas preguntando al equipo de gobierno del PP y AxSi, para que se solucione sus problemas, desde el estado de una calle, hasta temas laborales, pasando por impagos\u201d, apuntan.&nbsp;&nbsp;<\/p>\n\n\n\n<p>Por todo ello, el PSOE anuncia que en los pr\u00f3ximos meses se realizar\u00e1n cambios internos para afrontar el resto de mandato, invitando a la ciudadan\u00eda a acudir a la Casa del Pueblo e informarse de todas las actividades que se realizan. De igual forma, desde el PSOE se seguir\u00e1 estando muy presente en la vida pol\u00edtica barbate\u00f1a, tras un a\u00f1o de intenso trabajo ante una situaci\u00f3n cr\u00edtica en la que se encuentra el pueblo barbate\u00f1o, m\u00e1xime en materia econ\u00f3mica, de limpieza y seguridad.&nbsp;<\/p>\n","protected":false},"excerpt":{"rendered":"<p>Los socialistas hacen balance de un intenso a\u00f1o como una Oposici\u00f3n \u00fatil, siendo el partido con mayor aporte con un 59% mociones presentadas de toda la Corporaci\u00f3n Municipal, con 38 mociones, 61 ruegos y 222 preguntas&nbsp; El PSOE de Barbate quiere compartir que, a pesar de los continuos ataques tanto al partido como al portavoz, &#8230;<\/p>\n","protected":false},"author":155,"featured_media":564,"comment_status":"open","ping_status":"open","sticky":false,"template":"","format":"standard","meta":{"_jetpack_memberships_contains_paid_content":false,"footnotes":""},"categories":[1],"tags":[8,63],"class_list":["post-563","post","type-post","status-publish","format-standard","has-post-thumbnail","hentry","category-sin-categoria","tag-barbate","tag-mociones"],"yoast_head":"<!-- This site is optimized with the Yoast SEO plugin v24.0 - https:\/\/yoast.com\/wordpress\/plugins\/seo\/ -->\n<title>El trabajo pol\u00edtico avala al PSOE de como la voz de la ciudadan\u00eda\u00a0 - PSOE Barbate<\/title>\n<meta name=\"robots\" content=\"index, follow, max-snippet:-1, max-image-preview:large, max-video-preview:-1\" \/>\n<link rel=\"canonical\" href=\"https:\/\/agrupacionespsoe.es\/barbate\/el-trabajo-politico-avala-al-psoe-de-como-la-voz-de-la-ciudadania\/\" \/>\n<meta property=\"og:locale\" content=\"es_ES\" \/>\n<meta property=\"og:type\" content=\"article\" \/>\n<meta property=\"og:title\" content=\"El trabajo pol\u00edtico avala al PSOE de como la voz de la ciudadan\u00eda\u00a0 - PSOE Barbate\" \/>\n<meta property=\"og:description\" content=\"Los socialistas hacen balance de un intenso a\u00f1o como una Oposici\u00f3n \u00fatil, siendo el partido con mayor aporte con un 59% mociones presentadas de toda la Corporaci\u00f3n Municipal, con 38 mociones, 61 ruegos y 222 preguntas&nbsp; El PSOE de Barbate quiere compartir que, a pesar de los continuos ataques tanto al partido como al portavoz, ...\" \/>\n<meta property=\"og:url\" content=\"https:\/\/agrupacionespsoe.es\/barbate\/el-trabajo-politico-avala-al-psoe-de-como-la-voz-de-la-ciudadania\/\" \/>\n<meta property=\"og:site_name\" content=\"PSOE Barbate\" \/>\n<meta property=\"article:published_time\" content=\"2024-07-09T11:32:18+00:00\" \/>\n<meta property=\"article:modified_time\" content=\"2024-07-09T11:35:15+00:00\" \/>\n<meta property=\"og:image\" content=\"https:\/\/agrupacionespsoe.es\/barbate\/wp-content\/uploads\/sites\/104\/2024\/07\/MOCIONES.png\" \/>\n\t<meta property=\"og:image:width\" content=\"1920\" \/>\n\t<meta property=\"og:image:height\" content=\"1080\" \/>\n\t<meta property=\"og:image:type\" content=\"image\/png\" \/>\n<meta name=\"author\" content=\"barbate1\" \/>\n<meta name=\"twitter:card\" content=\"summary_large_image\" \/>\n<meta name=\"twitter:label1\" content=\"Escrito por\" \/>\n\t<meta name=\"twitter:data1\" content=\"barbate1\" \/>\n\t<meta name=\"twitter:label2\" content=\"Tiempo de lectura\" \/>\n\t<meta name=\"twitter:data2\" content=\"4 minutos\" \/>\n<script type=\"application\/ld+json\" class=\"yoast-schema-graph\">{\"@context\":\"https:\/\/schema.org\",\"@graph\":[{\"@type\":\"Article\",\"@id\":\"https:\/\/agrupacionespsoe.es\/barbate\/el-trabajo-politico-avala-al-psoe-de-como-la-voz-de-la-ciudadania\/#article\",\"isPartOf\":{\"@id\":\"https:\/\/agrupacionespsoe.es\/barbate\/el-trabajo-politico-avala-al-psoe-de-como-la-voz-de-la-ciudadania\/\"},\"author\":{\"name\":\"barbate1\",\"@id\":\"https:\/\/agrupacionespsoe.es\/barbate\/#\/schema\/person\/fb57332b771136035857e2a17089b403\"},\"headline\":\"El trabajo pol\u00edtico avala al PSOE de como la voz de la ciudadan\u00eda\u00a0\",\"datePublished\":\"2024-07-09T11:32:18+00:00\",\"dateModified\":\"2024-07-09T11:35:15+00:00\",\"mainEntityOfPage\":{\"@id\":\"https:\/\/agrupacionespsoe.es\/barbate\/el-trabajo-politico-avala-al-psoe-de-como-la-voz-de-la-ciudadania\/\"},\"wordCount\":798,\"commentCount\":0,\"publisher\":{\"@id\":\"https:\/\/agrupacionespsoe.es\/barbate\/#organization\"},\"image\":{\"@id\":\"https:\/\/agrupacionespsoe.es\/barbate\/el-trabajo-politico-avala-al-psoe-de-como-la-voz-de-la-ciudadania\/#primaryimage\"},\"thumbnailUrl\":\"https:\/\/agrupacionespsoe.es\/barbate\/wp-content\/uploads\/sites\/104\/2024\/07\/MOCIONES.png\",\"keywords\":[\"barbate\",\"mociones\"],\"inLanguage\":\"es\",\"potentialAction\":[{\"@type\":\"CommentAction\",\"name\":\"Comment\",\"target\":[\"https:\/\/agrupacionespsoe.es\/barbate\/el-trabajo-politico-avala-al-psoe-de-como-la-voz-de-la-ciudadania\/#respond\"]}]},{\"@type\":\"WebPage\",\"@id\":\"https:\/\/agrupacionespsoe.es\/barbate\/el-trabajo-politico-avala-al-psoe-de-como-la-voz-de-la-ciudadania\/\",\"url\":\"https:\/\/agrupacionespsoe.es\/barbate\/el-trabajo-politico-avala-al-psoe-de-como-la-voz-de-la-ciudadania\/\",\"name\":\"El trabajo pol\u00edtico avala al PSOE de como la voz de la ciudadan\u00eda\u00a0 - PSOE Barbate\",\"isPartOf\":{\"@id\":\"https:\/\/agrupacionespsoe.es\/barbate\/#website\"},\"primaryImageOfPage\":{\"@id\":\"https:\/\/agrupacionespsoe.es\/barbate\/el-trabajo-politico-avala-al-psoe-de-como-la-voz-de-la-ciudadania\/#primaryimage\"},\"image\":{\"@id\":\"https:\/\/agrupacionespsoe.es\/barbate\/el-trabajo-politico-avala-al-psoe-de-como-la-voz-de-la-ciudadania\/#primaryimage\"},\"thumbnailUrl\":\"https:\/\/agrupacionespsoe.es\/barbate\/wp-content\/uploads\/sites\/104\/2024\/07\/MOCIONES.png\",\"datePublished\":\"2024-07-09T11:32:18+00:00\",\"dateModified\":\"2024-07-09T11:35:15+00:00\",\"breadcrumb\":{\"@id\":\"https:\/\/agrupacionespsoe.es\/barbate\/el-trabajo-politico-avala-al-psoe-de-como-la-voz-de-la-ciudadania\/#breadcrumb\"},\"inLanguage\":\"es\",\"potentialAction\":[{\"@type\":\"ReadAction\",\"target\":[\"https:\/\/agrupacionespsoe.es\/barbate\/el-trabajo-politico-avala-al-psoe-de-como-la-voz-de-la-ciudadania\/\"]}]},{\"@type\":\"ImageObject\",\"inLanguage\":\"es\",\"@id\":\"https:\/\/agrupacionespsoe.es\/barbate\/el-trabajo-politico-avala-al-psoe-de-como-la-voz-de-la-ciudadania\/#primaryimage\",\"url\":\"https:\/\/agrupacionespsoe.es\/barbate\/wp-content\/uploads\/sites\/104\/2024\/07\/MOCIONES.png\",\"contentUrl\":\"https:\/\/agrupacionespsoe.es\/barbate\/wp-content\/uploads\/sites\/104\/2024\/07\/MOCIONES.png\",\"width\":1920,\"height\":1080},{\"@type\":\"BreadcrumbList\",\"@id\":\"https:\/\/agrupacionespsoe.es\/barbate\/el-trabajo-politico-avala-al-psoe-de-como-la-voz-de-la-ciudadania\/#breadcrumb\",\"itemListElement\":[{\"@type\":\"ListItem\",\"position\":1,\"name\":\"Portada\",\"item\":\"https:\/\/agrupacionespsoe.es\/barbate\/\"},{\"@type\":\"ListItem\",\"position\":2,\"name\":\"El trabajo pol\u00edtico avala al PSOE de como la voz de la ciudadan\u00eda\u00a0\"}]},{\"@type\":\"WebSite\",\"@id\":\"https:\/\/agrupacionespsoe.es\/barbate\/#website\",\"url\":\"https:\/\/agrupacionespsoe.es\/barbate\/\",\"name\":\"PSOE Barbate\",\"description\":\"PSOE BARBATE\",\"publisher\":{\"@id\":\"https:\/\/agrupacionespsoe.es\/barbate\/#organization\"},\"potentialAction\":[{\"@type\":\"SearchAction\",\"target\":{\"@type\":\"EntryPoint\",\"urlTemplate\":\"https:\/\/agrupacionespsoe.es\/barbate\/?s={search_term_string}\"},\"query-input\":{\"@type\":\"PropertyValueSpecification\",\"valueRequired\":true,\"valueName\":\"search_term_string\"}}],\"inLanguage\":\"es\"},{\"@type\":\"Organization\",\"@id\":\"https:\/\/agrupacionespsoe.es\/barbate\/#organization\",\"name\":\"PSOE Barbate\",\"url\":\"https:\/\/agrupacionespsoe.es\/barbate\/\",\"logo\":{\"@type\":\"ImageObject\",\"inLanguage\":\"es\",\"@id\":\"https:\/\/agrupacionespsoe.es\/barbate\/#\/schema\/logo\/image\/\",\"url\":\"https:\/\/agrupacionespsoe.es\/wp-content\/uploads\/2022\/07\/Logotipo_electoral_del_PSOE.png\",\"contentUrl\":\"https:\/\/agrupacionespsoe.es\/wp-content\/uploads\/2022\/07\/Logotipo_electoral_del_PSOE.png\",\"width\":422,\"height\":422,\"caption\":\"PSOE Barbate\"},\"image\":{\"@id\":\"https:\/\/agrupacionespsoe.es\/barbate\/#\/schema\/logo\/image\/\"}},{\"@type\":\"Person\",\"@id\":\"https:\/\/agrupacionespsoe.es\/barbate\/#\/schema\/person\/fb57332b771136035857e2a17089b403\",\"name\":\"barbate1\",\"image\":{\"@type\":\"ImageObject\",\"inLanguage\":\"es\",\"@id\":\"https:\/\/agrupacionespsoe.es\/barbate\/#\/schema\/person\/image\/\",\"url\":\"https:\/\/secure.gravatar.com\/avatar\/68ea7ed9431a20fed86e5d4af65dc975?s=96&d=mm&r=g\",\"contentUrl\":\"https:\/\/secure.gravatar.com\/avatar\/68ea7ed9431a20fed86e5d4af65dc975?s=96&d=mm&r=g\",\"caption\":\"barbate1\"},\"url\":\"https:\/\/agrupacionespsoe.es\/barbate\/author\/barbate1\/\"}]}<\/script>\n<!-- \/ Yoast SEO plugin. -->","yoast_head_json":{"title":"El trabajo pol\u00edtico avala al PSOE de como la voz de la ciudadan\u00eda\u00a0 - PSOE Barbate","robots":{"index":"index","follow":"follow","max-snippet":"max-snippet:-1","max-image-preview":"max-image-preview:large","max-video-preview":"max-video-preview:-1"},"canonical":"https:\/\/agrupacionespsoe.es\/barbate\/el-trabajo-politico-avala-al-psoe-de-como-la-voz-de-la-ciudadania\/","og_locale":"es_ES","og_type":"article","og_title":"El trabajo pol\u00edtico avala al PSOE de como la voz de la ciudadan\u00eda\u00a0 - PSOE Barbate","og_description":"Los socialistas hacen balance de un intenso a\u00f1o como una Oposici\u00f3n \u00fatil, siendo el partido con mayor aporte con un 59% mociones presentadas de toda la Corporaci\u00f3n Municipal, con 38 mociones, 61 ruegos y 222 preguntas&nbsp; El PSOE de Barbate quiere compartir que, a pesar de los continuos ataques tanto al partido como al portavoz, ...","og_url":"https:\/\/agrupacionespsoe.es\/barbate\/el-trabajo-politico-avala-al-psoe-de-como-la-voz-de-la-ciudadania\/","og_site_name":"PSOE Barbate","article_published_time":"2024-07-09T11:32:18+00:00","article_modified_time":"2024-07-09T11:35:15+00:00","og_image":[{"width":1920,"height":1080,"url":"https:\/\/agrupacionespsoe.es\/barbate\/wp-content\/uploads\/sites\/104\/2024\/07\/MOCIONES.png","type":"image\/png"}],"author":"barbate1","twitter_card":"summary_large_image","twitter_misc":{"Escrito por":"barbate1","Tiempo de lectura":"4 minutos"},"schema":{"@context":"https:\/\/schema.org","@graph":[{"@type":"Article","@id":"https:\/\/agrupacionespsoe.es\/barbate\/el-trabajo-politico-avala-al-psoe-de-como-la-voz-de-la-ciudadania\/#article","isPartOf":{"@id":"https:\/\/agrupacionespsoe.es\/barbate\/el-trabajo-politico-avala-al-psoe-de-como-la-voz-de-la-ciudadania\/"},"author":{"name":"barbate1","@id":"https:\/\/agrupacionespsoe.es\/barbate\/#\/schema\/person\/fb57332b771136035857e2a17089b403"},"headline":"El trabajo pol\u00edtico avala al PSOE de como la voz de la ciudadan\u00eda\u00a0","datePublished":"2024-07-09T11:32:18+00:00","dateModified":"2024-07-09T11:35:15+00:00","mainEntityOfPage":{"@id":"https:\/\/agrupacionespsoe.es\/barbate\/el-trabajo-politico-avala-al-psoe-de-como-la-voz-de-la-ciudadania\/"},"wordCount":798,"commentCount":0,"publisher":{"@id":"https:\/\/agrupacionespsoe.es\/barbate\/#organization"},"image":{"@id":"https:\/\/agrupacionespsoe.es\/barbate\/el-trabajo-politico-avala-al-psoe-de-como-la-voz-de-la-ciudadania\/#primaryimage"},"thumbnailUrl":"https:\/\/agrupacionespsoe.es\/barbate\/wp-content\/uploads\/sites\/104\/2024\/07\/MOCIONES.png","keywords":["barbate","mociones"],"inLanguage":"es","potentialAction":[{"@type":"CommentAction","name":"Comment","target":["https:\/\/agrupacionespsoe.es\/barbate\/el-trabajo-politico-avala-al-psoe-de-como-la-voz-de-la-ciudadania\/#respond"]}]},{"@type":"WebPage","@id":"https:\/\/agrupacionespsoe.es\/barbate\/el-trabajo-politico-avala-al-psoe-de-como-la-voz-de-la-ciudadania\/","url":"https:\/\/agrupacionespsoe.es\/barbate\/el-trabajo-politico-avala-al-psoe-de-como-la-voz-de-la-ciudadania\/","name":"El trabajo pol\u00edtico avala al PSOE de como la voz de la ciudadan\u00eda\u00a0 - PSOE Barbate","isPartOf":{"@id":"https:\/\/agrupacionespsoe.es\/barbate\/#website"},"primaryImageOfPage":{"@id":"https:\/\/agrupacionespsoe.es\/barbate\/el-trabajo-politico-avala-al-psoe-de-como-la-voz-de-la-ciudadania\/#primaryimage"},"image":{"@id":"https:\/\/agrupacionespsoe.es\/barbate\/el-trabajo-politico-avala-al-psoe-de-como-la-voz-de-la-ciudadania\/#primaryimage"},"thumbnailUrl":"https:\/\/agrupacionespsoe.es\/barbate\/wp-content\/uploads\/sites\/104\/2024\/07\/MOCIONES.png","datePublished":"2024-07-09T11:32:18+00:00","dateModified":"2024-07-09T11:35:15+00:00","breadcrumb":{"@id":"https:\/\/agrupacionespsoe.es\/barbate\/el-trabajo-politico-avala-al-psoe-de-como-la-voz-de-la-ciudadania\/#breadcrumb"},"inLanguage":"es","potentialAction":[{"@type":"ReadAction","target":["https:\/\/agrupacionespsoe.es\/barbate\/el-trabajo-politico-avala-al-psoe-de-como-la-voz-de-la-ciudadania\/"]}]},{"@type":"ImageObject","inLanguage":"es","@id":"https:\/\/agrupacionespsoe.es\/barbate\/el-trabajo-politico-avala-al-psoe-de-como-la-voz-de-la-ciudadania\/#primaryimage","url":"https:\/\/agrupacionespsoe.es\/barbate\/wp-content\/uploads\/sites\/104\/2024\/07\/MOCIONES.png","contentUrl":"https:\/\/agrupacionespsoe.es\/barbate\/wp-content\/uploads\/sites\/104\/2024\/07\/MOCIONES.png","width":1920,"height":1080},{"@type":"BreadcrumbList","@id":"https:\/\/agrupacionespsoe.es\/barbate\/el-trabajo-politico-avala-al-psoe-de-como-la-voz-de-la-ciudadania\/#breadcrumb","itemListElement":[{"@type":"ListItem","position":1,"name":"Portada","item":"https:\/\/agrupacionespsoe.es\/barbate\/"},{"@type":"ListItem","position":2,"name":"El trabajo pol\u00edtico avala al PSOE de como la voz de la ciudadan\u00eda\u00a0"}]},{"@type":"WebSite","@id":"https:\/\/agrupacionespsoe.es\/barbate\/#website","url":"https:\/\/agrupacionespsoe.es\/barbate\/","name":"PSOE Barbate","description":"PSOE BARBATE","publisher":{"@id":"https:\/\/agrupacionespsoe.es\/barbate\/#organization"},"potentialAction":[{"@type":"SearchAction","target":{"@type":"EntryPoint","urlTemplate":"https:\/\/agrupacionespsoe.es\/barbate\/?s={search_term_string}"},"query-input":{"@type":"PropertyValueSpecification","valueRequired":true,"valueName":"search_term_string"}}],"inLanguage":"es"},{"@type":"Organization","@id":"https:\/\/agrupacionespsoe.es\/barbate\/#organization","name":"PSOE Barbate","url":"https:\/\/agrupacionespsoe.es\/barbate\/","logo":{"@type":"ImageObject","inLanguage":"es","@id":"https:\/\/agrupacionespsoe.es\/barbate\/#\/schema\/logo\/image\/","url":"https:\/\/agrupacionespsoe.es\/wp-content\/uploads\/2022\/07\/Logotipo_electoral_del_PSOE.png","contentUrl":"https:\/\/agrupacionespsoe.es\/wp-content\/uploads\/2022\/07\/Logotipo_electoral_del_PSOE.png","width":422,"height":422,"caption":"PSOE Barbate"},"image":{"@id":"https:\/\/agrupacionespsoe.es\/barbate\/#\/schema\/logo\/image\/"}},{"@type":"Person","@id":"https:\/\/agrupacionespsoe.es\/barbate\/#\/schema\/person\/fb57332b771136035857e2a17089b403","name":"barbate1","image":{"@type":"ImageObject","inLanguage":"es","@id":"https:\/\/agrupacionespsoe.es\/barbate\/#\/schema\/person\/image\/","url":"https:\/\/secure.gravatar.com\/avatar\/68ea7ed9431a20fed86e5d4af65dc975?s=96&d=mm&r=g","contentUrl":"https:\/\/secure.gravatar.com\/avatar\/68ea7ed9431a20fed86e5d4af65dc975?s=96&d=mm&r=g","caption":"barbate1"},"url":"https:\/\/agrupacionespsoe.es\/barbate\/author\/barbate1\/"}]}},"jetpack_featured_media_url":"https:\/\/agrupacionespsoe.es\/barbate\/wp-content\/uploads\/sites\/104\/2024\/07\/MOCIONES.png","jetpack_sharing_enabled":true,"_links":{"self":[{"href":"https:\/\/agrupacionespsoe.es\/barbate\/wp-json\/wp\/v2\/posts\/563","targetHints":{"allow":["GET"]}}],"collection":[{"href":"https:\/\/agrupacionespsoe.es\/barbate\/wp-json\/wp\/v2\/posts"}],"about":[{"href":"https:\/\/agrupacionespsoe.es\/barbate\/wp-json\/wp\/v2\/types\/post"}],"author":[{"embeddable":true,"href":"https:\/\/agrupacionespsoe.es\/barbate\/wp-json\/wp\/v2\/users\/155"}],"replies":[{"embeddable":true,"href":"https:\/\/agrupacionespsoe.es\/barbate\/wp-json\/wp\/v2\/comments?post=563"}],"version-history":[{"count":2,"href":"https:\/\/agrupacionespsoe.es\/barbate\/wp-json\/wp\/v2\/posts\/563\/revisions"}],"predecessor-version":[{"id":567,"href":"https:\/\/agrupacionespsoe.es\/barbate\/wp-json\/wp\/v2\/posts\/563\/revisions\/567"}],"wp:featuredmedia":[{"embeddable":true,"href":"https:\/\/agrupacionespsoe.es\/barbate\/wp-json\/wp\/v2\/media\/564"}],"wp:attachment":[{"href":"https:\/\/agrupacionespsoe.es\/barbate\/wp-json\/wp\/v2\/media?parent=563"}],"wp:term":[{"taxonomy":"category","embeddable":true,"href":"https:\/\/agrupacionespsoe.es\/barbate\/wp-json\/wp\/v2\/categories?post=563"},{"taxonomy":"post_tag","embeddable":true,"href":"https:\/\/agrupacionespsoe.es\/barbate\/wp-json\/wp\/v2\/tags?post=563"}],"curies":[{"name":"wp","href":"https:\/\/api.w.org\/{rel}","templated":true}]}}