{"id":529,"date":"2023-10-09T18:53:05","date_gmt":"2023-10-09T18:53:05","guid":{"rendered":"https:\/\/agrupacionespsoe.es\/barbate\/?p=529"},"modified":"2023-10-09T18:53:06","modified_gmt":"2023-10-09T18:53:06","slug":"el-psoe-denuncia-el-maltrato-del-pp-a-barbate-que-no-recibe-nada-de-los-fondos-de-diputacion","status":"publish","type":"post","link":"https:\/\/agrupacionespsoe.es\/barbate\/el-psoe-denuncia-el-maltrato-del-pp-a-barbate-que-no-recibe-nada-de-los-fondos-de-diputacion\/","title":{"rendered":"El PSOE denuncia el maltrato del PP a Barbate que no recibe nada de los fondos de Diputaci\u00f3n"},"content":{"rendered":"\n<p>Elsecretario general del PSOE de C\u00e1diz y diputado en el Congreso, Juan Carlos Ruiz Boix, ha denunciado junto al portavoz municipal en Barbate, Javier Rodr\u00edguez, el maltrato que sufre la localidad a manos del PP tanto en la Diputaci\u00f3n de C\u00e1diz donde ha quedado fuera del reparto del remanente, as\u00ed como especialmente en lo que respecta a la Junta de Andaluc\u00eda ante la falta de financiaci\u00f3n para las 58 viviendas y de especialistas y m\u00e9dicos de cabecera en el municipio.<\/p>\n\n\n\n<p>Ambos han lamentado el silencio c\u00f3mplice del alcalde, Miguel Molina, \u201cque adem\u00e1s de la mitad de los apoyos electorales ha perdido la voz\u201d dentro de \u201cesa coalici\u00f3n que no trae nada a Barbate\u201d y se preguntan por el grado de compromiso por Barbate que tiene la concejala Ana Moreno criticando \u201cel voto favorable con su mano para perpetuar lo que es una clara discriminaci\u00f3n, una clara marginaci\u00f3n y sectarismo del Gobierno de la Diputaci\u00f3n en el reparto de los 33 millones de euros del remanente\u201d. \u201cA Barbate no le ha tocado ni la pedrea frente a los premios gordos que se llevan La L\u00ednea, El Puerto, Jerez o Algeciras\u201d, ha destacado Ruiz Boix.<\/p>\n\n\n\n<p>Adem\u00e1s, el dirigente socialista ha criticado que la presidenta visitara el municipio el 21 de agosto, y se compromet\u00eda con las vecinas y vecinos de Barbate, pero en tan solo un mes hemos visto como han vuelto a mentir porque de los 33 millones de euros la cuant\u00eda que viene destinada a Barbate o a Zahara es de cero euros. \u201cEse es el compromiso real que tiene el Partido Popular, que tiene el gobierno donde est\u00e1 Ana Moreno con la ciudad de Barbate, un gobierno por cierto en la ciudad de Barbate que se comparte con el Partido Popular y que el se\u00f1or Molina despu\u00e9s de perder la mitad de los apoyos electorales, despu\u00e9s de elevar la cuant\u00eda del gasto pol\u00edtico en m\u00e1s de 300.000 euros como bien dec\u00eda Javito para pagar seguramente esas complicidades con el Partido Popular, que no con la ciudad de Barbate con el gobierno de Barbate, resulta que esa complicidad no trae de la mano nuevas inversiones por parte del Gobierno de la Diputaci\u00f3n Provincial de C\u00e1diz con este municipio\u201d. <\/p>\n\n\n\n<p>As\u00ed ha recordado que \u201cen el \u00faltimo mandato Barbate hab\u00eda recibido por parte del gobierno socialista, una inversi\u00f3n de casi 5,7 millones de euros y que se han visto en numerosas actuaciones y obras, as\u00ed como en planes de empleo de los que han sido beneficiarios las vecina y los vecinos de Barbate\u201d.<\/p>\n\n\n\n<p>En cuanto a la Junta, ha se\u00f1alado que \u201cya lleva cinco a\u00f1os Juanma Moreno como presidente y todav\u00eda no se conoce ninguna actuaci\u00f3n del gobierno de la Junta en estos cinco a\u00f1os con Barbate\u201d. En concreto ha reclamado \u201cuna soluci\u00f3n y una financiaci\u00f3n para las 58 viviendas de la barriada Seraf\u00edn Romeu, que venimos reclamando desde el Ayuntamiento cuando el alcalde ten\u00eda voz porque sabemos si eso est\u00e1 dentro del pacto con el Partido Popular, el que haya una actuaci\u00f3n integral de rehabilitaci\u00f3n de esa vivienda protegida p\u00fablica, queremos que rehabiliten ese edificio al completo y se comprometan con la construcci\u00f3n de nuevas viviendas protegidas en un municipio en el que desgraciadamente no se suman vivienda en los \u00faltimos cinco a\u00f1os, no habido ning\u00fan proyecto del gobierno de Juan Moreno para sumar vivienda protegida en el municipio de Barbate\u201d.<\/p>\n\n\n\n<p>Por su parte, Javi Rodr\u00edguez ha destacado el apoyo a los trabajadores por la estabilizaci\u00f3n laboral del ayuntamiento y a las trabajadoras del servicio de ayuda a domicilio. Se ha sumado a la denuncia de que \u201cBarbate se ha llevado cero euros de la Diputaci\u00f3n a pesar de contar con Ana Moreno como diputada y prometer\u00a0 que vendr\u00edan inversiones\u201d. \u201cTodo esto con la connivencia del alcalde de AxS\u00ed, que no tiene un plan tampoco para invertir en Barbate y solo sabe victimizarse con que no puede acceder a subvenciones por la deuda con la Seguridad Social y Hacienda\u201d, ha explicado. \u201cLe hemos tendido la mano reiteradas veces para ir a Madrid a buscar soluciones para Barbate pero parece ser que ese no es el inter\u00e9s de Molina\u201d, ha zanjado.<\/p>\n","protected":false},"excerpt":{"rendered":"<p>Elsecretario general del PSOE de C\u00e1diz y diputado en el Congreso, Juan Carlos Ruiz Boix, ha denunciado junto al portavoz municipal en Barbate, Javier Rodr\u00edguez, el maltrato que sufre la localidad a manos del PP tanto en la Diputaci\u00f3n de C\u00e1diz donde ha quedado fuera del reparto del remanente, as\u00ed como especialmente en lo que &#8230;<\/p>\n","protected":false},"author":155,"featured_media":530,"comment_status":"open","ping_status":"open","sticky":false,"template":"","format":"standard","meta":{"_jetpack_memberships_contains_paid_content":false,"footnotes":""},"categories":[1],"tags":[],"class_list":["post-529","post","type-post","status-publish","format-standard","has-post-thumbnail","hentry","category-sin-categoria"],"yoast_head":"<!-- This site is optimized with the Yoast SEO plugin v24.0 - https:\/\/yoast.com\/wordpress\/plugins\/seo\/ -->\n<title>El PSOE denuncia el maltrato del PP a Barbate que no recibe nada de los fondos de Diputaci\u00f3n - PSOE Barbate<\/title>\n<meta name=\"robots\" content=\"index, follow, max-snippet:-1, max-image-preview:large, max-video-preview:-1\" \/>\n<link rel=\"canonical\" href=\"https:\/\/agrupacionespsoe.es\/barbate\/el-psoe-denuncia-el-maltrato-del-pp-a-barbate-que-no-recibe-nada-de-los-fondos-de-diputacion\/\" \/>\n<meta property=\"og:locale\" content=\"es_ES\" \/>\n<meta property=\"og:type\" content=\"article\" \/>\n<meta property=\"og:title\" content=\"El PSOE denuncia el maltrato del PP a Barbate que no recibe nada de los fondos de Diputaci\u00f3n - PSOE Barbate\" \/>\n<meta property=\"og:description\" content=\"Elsecretario general del PSOE de C\u00e1diz y diputado en el Congreso, Juan Carlos Ruiz Boix, ha denunciado junto al portavoz municipal en Barbate, Javier Rodr\u00edguez, el maltrato que sufre la localidad a manos del PP tanto en la Diputaci\u00f3n de C\u00e1diz donde ha quedado fuera del reparto del remanente, as\u00ed como especialmente en lo que ...\" \/>\n<meta property=\"og:url\" content=\"https:\/\/agrupacionespsoe.es\/barbate\/el-psoe-denuncia-el-maltrato-del-pp-a-barbate-que-no-recibe-nada-de-los-fondos-de-diputacion\/\" \/>\n<meta property=\"og:site_name\" content=\"PSOE Barbate\" \/>\n<meta property=\"article:published_time\" content=\"2023-10-09T18:53:05+00:00\" \/>\n<meta property=\"article:modified_time\" content=\"2023-10-09T18:53:06+00:00\" \/>\n<meta property=\"og:image\" content=\"https:\/\/agrupacionespsoe.es\/barbate\/wp-content\/uploads\/sites\/104\/2023\/10\/WhatsApp-Image-2023-10-09-at-14.33.25.jpeg\" \/>\n\t<meta property=\"og:image:width\" content=\"1600\" \/>\n\t<meta property=\"og:image:height\" content=\"1200\" \/>\n\t<meta property=\"og:image:type\" content=\"image\/jpeg\" \/>\n<meta name=\"author\" content=\"barbate1\" \/>\n<meta name=\"twitter:card\" content=\"summary_large_image\" \/>\n<meta name=\"twitter:label1\" content=\"Escrito por\" \/>\n\t<meta name=\"twitter:data1\" content=\"barbate1\" \/>\n\t<meta name=\"twitter:label2\" content=\"Tiempo de lectura\" \/>\n\t<meta name=\"twitter:data2\" content=\"4 minutos\" \/>\n<script type=\"application\/ld+json\" class=\"yoast-schema-graph\">{\"@context\":\"https:\/\/schema.org\",\"@graph\":[{\"@type\":\"Article\",\"@id\":\"https:\/\/agrupacionespsoe.es\/barbate\/el-psoe-denuncia-el-maltrato-del-pp-a-barbate-que-no-recibe-nada-de-los-fondos-de-diputacion\/#article\",\"isPartOf\":{\"@id\":\"https:\/\/agrupacionespsoe.es\/barbate\/el-psoe-denuncia-el-maltrato-del-pp-a-barbate-que-no-recibe-nada-de-los-fondos-de-diputacion\/\"},\"author\":{\"name\":\"barbate1\",\"@id\":\"https:\/\/agrupacionespsoe.es\/barbate\/#\/schema\/person\/fb57332b771136035857e2a17089b403\"},\"headline\":\"El PSOE denuncia el maltrato del PP a Barbate que no recibe nada de los fondos de Diputaci\u00f3n\",\"datePublished\":\"2023-10-09T18:53:05+00:00\",\"dateModified\":\"2023-10-09T18:53:06+00:00\",\"mainEntityOfPage\":{\"@id\":\"https:\/\/agrupacionespsoe.es\/barbate\/el-psoe-denuncia-el-maltrato-del-pp-a-barbate-que-no-recibe-nada-de-los-fondos-de-diputacion\/\"},\"wordCount\":749,\"commentCount\":0,\"publisher\":{\"@id\":\"https:\/\/agrupacionespsoe.es\/barbate\/#organization\"},\"image\":{\"@id\":\"https:\/\/agrupacionespsoe.es\/barbate\/el-psoe-denuncia-el-maltrato-del-pp-a-barbate-que-no-recibe-nada-de-los-fondos-de-diputacion\/#primaryimage\"},\"thumbnailUrl\":\"https:\/\/agrupacionespsoe.es\/barbate\/wp-content\/uploads\/sites\/104\/2023\/10\/WhatsApp-Image-2023-10-09-at-14.33.25.jpeg\",\"inLanguage\":\"es\",\"potentialAction\":[{\"@type\":\"CommentAction\",\"name\":\"Comment\",\"target\":[\"https:\/\/agrupacionespsoe.es\/barbate\/el-psoe-denuncia-el-maltrato-del-pp-a-barbate-que-no-recibe-nada-de-los-fondos-de-diputacion\/#respond\"]}]},{\"@type\":\"WebPage\",\"@id\":\"https:\/\/agrupacionespsoe.es\/barbate\/el-psoe-denuncia-el-maltrato-del-pp-a-barbate-que-no-recibe-nada-de-los-fondos-de-diputacion\/\",\"url\":\"https:\/\/agrupacionespsoe.es\/barbate\/el-psoe-denuncia-el-maltrato-del-pp-a-barbate-que-no-recibe-nada-de-los-fondos-de-diputacion\/\",\"name\":\"El PSOE denuncia el maltrato del PP a Barbate que no recibe nada de los fondos de Diputaci\u00f3n - PSOE Barbate\",\"isPartOf\":{\"@id\":\"https:\/\/agrupacionespsoe.es\/barbate\/#website\"},\"primaryImageOfPage\":{\"@id\":\"https:\/\/agrupacionespsoe.es\/barbate\/el-psoe-denuncia-el-maltrato-del-pp-a-barbate-que-no-recibe-nada-de-los-fondos-de-diputacion\/#primaryimage\"},\"image\":{\"@id\":\"https:\/\/agrupacionespsoe.es\/barbate\/el-psoe-denuncia-el-maltrato-del-pp-a-barbate-que-no-recibe-nada-de-los-fondos-de-diputacion\/#primaryimage\"},\"thumbnailUrl\":\"https:\/\/agrupacionespsoe.es\/barbate\/wp-content\/uploads\/sites\/104\/2023\/10\/WhatsApp-Image-2023-10-09-at-14.33.25.jpeg\",\"datePublished\":\"2023-10-09T18:53:05+00:00\",\"dateModified\":\"2023-10-09T18:53:06+00:00\",\"breadcrumb\":{\"@id\":\"https:\/\/agrupacionespsoe.es\/barbate\/el-psoe-denuncia-el-maltrato-del-pp-a-barbate-que-no-recibe-nada-de-los-fondos-de-diputacion\/#breadcrumb\"},\"inLanguage\":\"es\",\"potentialAction\":[{\"@type\":\"ReadAction\",\"target\":[\"https:\/\/agrupacionespsoe.es\/barbate\/el-psoe-denuncia-el-maltrato-del-pp-a-barbate-que-no-recibe-nada-de-los-fondos-de-diputacion\/\"]}]},{\"@type\":\"ImageObject\",\"inLanguage\":\"es\",\"@id\":\"https:\/\/agrupacionespsoe.es\/barbate\/el-psoe-denuncia-el-maltrato-del-pp-a-barbate-que-no-recibe-nada-de-los-fondos-de-diputacion\/#primaryimage\",\"url\":\"https:\/\/agrupacionespsoe.es\/barbate\/wp-content\/uploads\/sites\/104\/2023\/10\/WhatsApp-Image-2023-10-09-at-14.33.25.jpeg\",\"contentUrl\":\"https:\/\/agrupacionespsoe.es\/barbate\/wp-content\/uploads\/sites\/104\/2023\/10\/WhatsApp-Image-2023-10-09-at-14.33.25.jpeg\",\"width\":1600,\"height\":1200},{\"@type\":\"BreadcrumbList\",\"@id\":\"https:\/\/agrupacionespsoe.es\/barbate\/el-psoe-denuncia-el-maltrato-del-pp-a-barbate-que-no-recibe-nada-de-los-fondos-de-diputacion\/#breadcrumb\",\"itemListElement\":[{\"@type\":\"ListItem\",\"position\":1,\"name\":\"Portada\",\"item\":\"https:\/\/agrupacionespsoe.es\/barbate\/\"},{\"@type\":\"ListItem\",\"position\":2,\"name\":\"El PSOE denuncia el maltrato del PP a Barbate que no recibe nada de los fondos de Diputaci\u00f3n\"}]},{\"@type\":\"WebSite\",\"@id\":\"https:\/\/agrupacionespsoe.es\/barbate\/#website\",\"url\":\"https:\/\/agrupacionespsoe.es\/barbate\/\",\"name\":\"PSOE Barbate\",\"description\":\"PSOE BARBATE\",\"publisher\":{\"@id\":\"https:\/\/agrupacionespsoe.es\/barbate\/#organization\"},\"potentialAction\":[{\"@type\":\"SearchAction\",\"target\":{\"@type\":\"EntryPoint\",\"urlTemplate\":\"https:\/\/agrupacionespsoe.es\/barbate\/?s={search_term_string}\"},\"query-input\":{\"@type\":\"PropertyValueSpecification\",\"valueRequired\":true,\"valueName\":\"search_term_string\"}}],\"inLanguage\":\"es\"},{\"@type\":\"Organization\",\"@id\":\"https:\/\/agrupacionespsoe.es\/barbate\/#organization\",\"name\":\"PSOE Barbate\",\"url\":\"https:\/\/agrupacionespsoe.es\/barbate\/\",\"logo\":{\"@type\":\"ImageObject\",\"inLanguage\":\"es\",\"@id\":\"https:\/\/agrupacionespsoe.es\/barbate\/#\/schema\/logo\/image\/\",\"url\":\"https:\/\/agrupacionespsoe.es\/wp-content\/uploads\/2022\/07\/Logotipo_electoral_del_PSOE.png\",\"contentUrl\":\"https:\/\/agrupacionespsoe.es\/wp-content\/uploads\/2022\/07\/Logotipo_electoral_del_PSOE.png\",\"width\":422,\"height\":422,\"caption\":\"PSOE Barbate\"},\"image\":{\"@id\":\"https:\/\/agrupacionespsoe.es\/barbate\/#\/schema\/logo\/image\/\"}},{\"@type\":\"Person\",\"@id\":\"https:\/\/agrupacionespsoe.es\/barbate\/#\/schema\/person\/fb57332b771136035857e2a17089b403\",\"name\":\"barbate1\",\"image\":{\"@type\":\"ImageObject\",\"inLanguage\":\"es\",\"@id\":\"https:\/\/agrupacionespsoe.es\/barbate\/#\/schema\/person\/image\/\",\"url\":\"https:\/\/secure.gravatar.com\/avatar\/68ea7ed9431a20fed86e5d4af65dc975?s=96&d=mm&r=g\",\"contentUrl\":\"https:\/\/secure.gravatar.com\/avatar\/68ea7ed9431a20fed86e5d4af65dc975?s=96&d=mm&r=g\",\"caption\":\"barbate1\"},\"url\":\"https:\/\/agrupacionespsoe.es\/barbate\/author\/barbate1\/\"}]}<\/script>\n<!-- \/ Yoast SEO plugin. -->","yoast_head_json":{"title":"El PSOE denuncia el maltrato del PP a Barbate que no recibe nada de los fondos de Diputaci\u00f3n - PSOE Barbate","robots":{"index":"index","follow":"follow","max-snippet":"max-snippet:-1","max-image-preview":"max-image-preview:large","max-video-preview":"max-video-preview:-1"},"canonical":"https:\/\/agrupacionespsoe.es\/barbate\/el-psoe-denuncia-el-maltrato-del-pp-a-barbate-que-no-recibe-nada-de-los-fondos-de-diputacion\/","og_locale":"es_ES","og_type":"article","og_title":"El PSOE denuncia el maltrato del PP a Barbate que no recibe nada de los fondos de Diputaci\u00f3n - PSOE Barbate","og_description":"Elsecretario general del PSOE de C\u00e1diz y diputado en el Congreso, Juan Carlos Ruiz Boix, ha denunciado junto al portavoz municipal en Barbate, Javier Rodr\u00edguez, el maltrato que sufre la localidad a manos del PP tanto en la Diputaci\u00f3n de C\u00e1diz donde ha quedado fuera del reparto del remanente, as\u00ed como especialmente en lo que ...","og_url":"https:\/\/agrupacionespsoe.es\/barbate\/el-psoe-denuncia-el-maltrato-del-pp-a-barbate-que-no-recibe-nada-de-los-fondos-de-diputacion\/","og_site_name":"PSOE Barbate","article_published_time":"2023-10-09T18:53:05+00:00","article_modified_time":"2023-10-09T18:53:06+00:00","og_image":[{"width":1600,"height":1200,"url":"https:\/\/agrupacionespsoe.es\/barbate\/wp-content\/uploads\/sites\/104\/2023\/10\/WhatsApp-Image-2023-10-09-at-14.33.25.jpeg","type":"image\/jpeg"}],"author":"barbate1","twitter_card":"summary_large_image","twitter_misc":{"Escrito por":"barbate1","Tiempo de lectura":"4 minutos"},"schema":{"@context":"https:\/\/schema.org","@graph":[{"@type":"Article","@id":"https:\/\/agrupacionespsoe.es\/barbate\/el-psoe-denuncia-el-maltrato-del-pp-a-barbate-que-no-recibe-nada-de-los-fondos-de-diputacion\/#article","isPartOf":{"@id":"https:\/\/agrupacionespsoe.es\/barbate\/el-psoe-denuncia-el-maltrato-del-pp-a-barbate-que-no-recibe-nada-de-los-fondos-de-diputacion\/"},"author":{"name":"barbate1","@id":"https:\/\/agrupacionespsoe.es\/barbate\/#\/schema\/person\/fb57332b771136035857e2a17089b403"},"headline":"El PSOE denuncia el maltrato del PP a Barbate que no recibe nada de los fondos de Diputaci\u00f3n","datePublished":"2023-10-09T18:53:05+00:00","dateModified":"2023-10-09T18:53:06+00:00","mainEntityOfPage":{"@id":"https:\/\/agrupacionespsoe.es\/barbate\/el-psoe-denuncia-el-maltrato-del-pp-a-barbate-que-no-recibe-nada-de-los-fondos-de-diputacion\/"},"wordCount":749,"commentCount":0,"publisher":{"@id":"https:\/\/agrupacionespsoe.es\/barbate\/#organization"},"image":{"@id":"https:\/\/agrupacionespsoe.es\/barbate\/el-psoe-denuncia-el-maltrato-del-pp-a-barbate-que-no-recibe-nada-de-los-fondos-de-diputacion\/#primaryimage"},"thumbnailUrl":"https:\/\/agrupacionespsoe.es\/barbate\/wp-content\/uploads\/sites\/104\/2023\/10\/WhatsApp-Image-2023-10-09-at-14.33.25.jpeg","inLanguage":"es","potentialAction":[{"@type":"CommentAction","name":"Comment","target":["https:\/\/agrupacionespsoe.es\/barbate\/el-psoe-denuncia-el-maltrato-del-pp-a-barbate-que-no-recibe-nada-de-los-fondos-de-diputacion\/#respond"]}]},{"@type":"WebPage","@id":"https:\/\/agrupacionespsoe.es\/barbate\/el-psoe-denuncia-el-maltrato-del-pp-a-barbate-que-no-recibe-nada-de-los-fondos-de-diputacion\/","url":"https:\/\/agrupacionespsoe.es\/barbate\/el-psoe-denuncia-el-maltrato-del-pp-a-barbate-que-no-recibe-nada-de-los-fondos-de-diputacion\/","name":"El PSOE denuncia el maltrato del PP a Barbate que no recibe nada de los fondos de Diputaci\u00f3n - PSOE Barbate","isPartOf":{"@id":"https:\/\/agrupacionespsoe.es\/barbate\/#website"},"primaryImageOfPage":{"@id":"https:\/\/agrupacionespsoe.es\/barbate\/el-psoe-denuncia-el-maltrato-del-pp-a-barbate-que-no-recibe-nada-de-los-fondos-de-diputacion\/#primaryimage"},"image":{"@id":"https:\/\/agrupacionespsoe.es\/barbate\/el-psoe-denuncia-el-maltrato-del-pp-a-barbate-que-no-recibe-nada-de-los-fondos-de-diputacion\/#primaryimage"},"thumbnailUrl":"https:\/\/agrupacionespsoe.es\/barbate\/wp-content\/uploads\/sites\/104\/2023\/10\/WhatsApp-Image-2023-10-09-at-14.33.25.jpeg","datePublished":"2023-10-09T18:53:05+00:00","dateModified":"2023-10-09T18:53:06+00:00","breadcrumb":{"@id":"https:\/\/agrupacionespsoe.es\/barbate\/el-psoe-denuncia-el-maltrato-del-pp-a-barbate-que-no-recibe-nada-de-los-fondos-de-diputacion\/#breadcrumb"},"inLanguage":"es","potentialAction":[{"@type":"ReadAction","target":["https:\/\/agrupacionespsoe.es\/barbate\/el-psoe-denuncia-el-maltrato-del-pp-a-barbate-que-no-recibe-nada-de-los-fondos-de-diputacion\/"]}]},{"@type":"ImageObject","inLanguage":"es","@id":"https:\/\/agrupacionespsoe.es\/barbate\/el-psoe-denuncia-el-maltrato-del-pp-a-barbate-que-no-recibe-nada-de-los-fondos-de-diputacion\/#primaryimage","url":"https:\/\/agrupacionespsoe.es\/barbate\/wp-content\/uploads\/sites\/104\/2023\/10\/WhatsApp-Image-2023-10-09-at-14.33.25.jpeg","contentUrl":"https:\/\/agrupacionespsoe.es\/barbate\/wp-content\/uploads\/sites\/104\/2023\/10\/WhatsApp-Image-2023-10-09-at-14.33.25.jpeg","width":1600,"height":1200},{"@type":"BreadcrumbList","@id":"https:\/\/agrupacionespsoe.es\/barbate\/el-psoe-denuncia-el-maltrato-del-pp-a-barbate-que-no-recibe-nada-de-los-fondos-de-diputacion\/#breadcrumb","itemListElement":[{"@type":"ListItem","position":1,"name":"Portada","item":"https:\/\/agrupacionespsoe.es\/barbate\/"},{"@type":"ListItem","position":2,"name":"El PSOE denuncia el maltrato del PP a Barbate que no recibe nada de los fondos de Diputaci\u00f3n"}]},{"@type":"WebSite","@id":"https:\/\/agrupacionespsoe.es\/barbate\/#website","url":"https:\/\/agrupacionespsoe.es\/barbate\/","name":"PSOE Barbate","description":"PSOE BARBATE","publisher":{"@id":"https:\/\/agrupacionespsoe.es\/barbate\/#organization"},"potentialAction":[{"@type":"SearchAction","target":{"@type":"EntryPoint","urlTemplate":"https:\/\/agrupacionespsoe.es\/barbate\/?s={search_term_string}"},"query-input":{"@type":"PropertyValueSpecification","valueRequired":true,"valueName":"search_term_string"}}],"inLanguage":"es"},{"@type":"Organization","@id":"https:\/\/agrupacionespsoe.es\/barbate\/#organization","name":"PSOE Barbate","url":"https:\/\/agrupacionespsoe.es\/barbate\/","logo":{"@type":"ImageObject","inLanguage":"es","@id":"https:\/\/agrupacionespsoe.es\/barbate\/#\/schema\/logo\/image\/","url":"https:\/\/agrupacionespsoe.es\/wp-content\/uploads\/2022\/07\/Logotipo_electoral_del_PSOE.png","contentUrl":"https:\/\/agrupacionespsoe.es\/wp-content\/uploads\/2022\/07\/Logotipo_electoral_del_PSOE.png","width":422,"height":422,"caption":"PSOE Barbate"},"image":{"@id":"https:\/\/agrupacionespsoe.es\/barbate\/#\/schema\/logo\/image\/"}},{"@type":"Person","@id":"https:\/\/agrupacionespsoe.es\/barbate\/#\/schema\/person\/fb57332b771136035857e2a17089b403","name":"barbate1","image":{"@type":"ImageObject","inLanguage":"es","@id":"https:\/\/agrupacionespsoe.es\/barbate\/#\/schema\/person\/image\/","url":"https:\/\/secure.gravatar.com\/avatar\/68ea7ed9431a20fed86e5d4af65dc975?s=96&d=mm&r=g","contentUrl":"https:\/\/secure.gravatar.com\/avatar\/68ea7ed9431a20fed86e5d4af65dc975?s=96&d=mm&r=g","caption":"barbate1"},"url":"https:\/\/agrupacionespsoe.es\/barbate\/author\/barbate1\/"}]}},"jetpack_featured_media_url":"https:\/\/agrupacionespsoe.es\/barbate\/wp-content\/uploads\/sites\/104\/2023\/10\/WhatsApp-Image-2023-10-09-at-14.33.25.jpeg","jetpack_sharing_enabled":true,"_links":{"self":[{"href":"https:\/\/agrupacionespsoe.es\/barbate\/wp-json\/wp\/v2\/posts\/529","targetHints":{"allow":["GET"]}}],"collection":[{"href":"https:\/\/agrupacionespsoe.es\/barbate\/wp-json\/wp\/v2\/posts"}],"about":[{"href":"https:\/\/agrupacionespsoe.es\/barbate\/wp-json\/wp\/v2\/types\/post"}],"author":[{"embeddable":true,"href":"https:\/\/agrupacionespsoe.es\/barbate\/wp-json\/wp\/v2\/users\/155"}],"replies":[{"embeddable":true,"href":"https:\/\/agrupacionespsoe.es\/barbate\/wp-json\/wp\/v2\/comments?post=529"}],"version-history":[{"count":1,"href":"https:\/\/agrupacionespsoe.es\/barbate\/wp-json\/wp\/v2\/posts\/529\/revisions"}],"predecessor-version":[{"id":532,"href":"https:\/\/agrupacionespsoe.es\/barbate\/wp-json\/wp\/v2\/posts\/529\/revisions\/532"}],"wp:featuredmedia":[{"embeddable":true,"href":"https:\/\/agrupacionespsoe.es\/barbate\/wp-json\/wp\/v2\/media\/530"}],"wp:attachment":[{"href":"https:\/\/agrupacionespsoe.es\/barbate\/wp-json\/wp\/v2\/media?parent=529"}],"wp:term":[{"taxonomy":"category","embeddable":true,"href":"https:\/\/agrupacionespsoe.es\/barbate\/wp-json\/wp\/v2\/categories?post=529"},{"taxonomy":"post_tag","embeddable":true,"href":"https:\/\/agrupacionespsoe.es\/barbate\/wp-json\/wp\/v2\/tags?post=529"}],"curies":[{"name":"wp","href":"https:\/\/api.w.org\/{rel}","templated":true}]}}