{"id":521,"date":"2023-09-27T13:11:03","date_gmt":"2023-09-27T13:11:03","guid":{"rendered":"https:\/\/agrupacionespsoe.es\/barbate\/?p=521"},"modified":"2023-09-27T13:11:34","modified_gmt":"2023-09-27T13:11:34","slug":"el-psoe-acometera-una-ofensiva-en-el-ayuntamiento-y-la-junta-para-el-arreglo-de-las-58-viviendas","status":"publish","type":"post","link":"https:\/\/agrupacionespsoe.es\/barbate\/el-psoe-acometera-una-ofensiva-en-el-ayuntamiento-y-la-junta-para-el-arreglo-de-las-58-viviendas\/","title":{"rendered":"El PSOE acometer\u00e1 una ofensiva en el Ayuntamiento y la Junta para el arreglo de las 58 Viviendas"},"content":{"rendered":"\n<p>La parlamentaria socialista Irene Garc\u00eda visit\u00f3 este martes Barbate para tratar varios temas de inter\u00e9s para el municipio que se elevar\u00e1n pr\u00f3ximamente al Parlamento de Andaluc\u00eda en busca de soluciones. Garc\u00eda estuvo acompa\u00f1ada por el portavoz del Grupo Municipal Socialista en el Ayuntamiento de Barbate, Javier Rodr\u00edguez, que le explic\u00f3 a la parlamentaria algunas de las reclamaciones vecinales y el trabajo que se realiza desde el Grupo Municipal.<\/p>\n\n\n\n<p>Garc\u00eda y Rodr\u00edguez visitaron la barriada Seraf\u00edn Romeu, conocida como las 58 Viviendas, que presenta serios problemas estructurales y deficiencias t\u00e9cnicas que requieren atenci\u00f3n urgente. Por ello, desde el PSOE se apelar\u00e1 a la Junta de Andaluc\u00eda y al Ayuntamiento a que acometa mejoras y cumpla con lo que se le prometi\u00f3 en mayo a los vecinos y vecinas, quienes se encuentran con dos administraciones que se tiran la pelota mutuamente sin aclarar de quien es la propiedad y la responsabilidad del edificio.<\/p>\n\n\n\n<p>En palabras de Irene Garc\u00eda, \u201cestoy decepcionada porque cada vez q vengo a Barbate veo un claro ejemplo de abandono y desidia, ya que Juanma Moreno y Miguel Molina, tanto monta y monta tanto, se acuerdan de los vecinos solo de elecciones en elecciones\u201d. As\u00ed, Garc\u00eda lanzaba un reto al alcalde de la localidad, Miguel Molina, \u201ca que venga a dar la cara a los vecinos, a aclararles de quien es la propiedad, a que traiga a los t\u00e9cnicos municipales a ver si estos vecinos viven en condiciones de habitabilidad, porque est\u00e1 claro que esta situaci\u00f3n es peligrosa en un lugar donde viven ni\u00f1os y personas mayores\u201d.<\/p>\n\n\n\n<p>Irene Garc\u00eda tambi\u00e9n aludi\u00f3 \u201ca la total falta de servicios p\u00fablicos\u201d. Y es que, como contaron los propios vecinos y vecinas en el encuentro del pasado martes, no hay ning\u00fan tipo de limpieza por parte de la Administraci\u00f3n local en la barriada, no hay papeleras y la higiene en las calles se mantiene exclusivamente por la labor vecinal.<\/p>\n\n\n\n<p>Por su parte, Javier Rodr\u00edguez record\u00f3 la visita de Juanma Moreno durante la campa\u00f1a electoral del pasado mes de mayo, con \u201cmuchas fotos y pocos hechos\u201d. \u201cLa Junta de Andaluc\u00eda lo que debe hacer es liderar que se hagan viviendas p\u00fablicas de calidad y los del pacto AxS\u00ed-PP lo que tienen que hacer es acordarse de los vecinos\u201d, se\u00f1al\u00f3 el portavoz socialista.<\/p>\n\n\n\n<p>\u201cHemos reclamado a trav\u00e9s de propuestas, ruegos y preguntas aquello que nos han trasladado los vecinos y las vecinas, instando al alcalde de AxS\u00ed y al teniente de al alcalde del PP a dar la cara, pero no de elecciones en elecciones, porque en 2027 la situaci\u00f3n ser\u00e1 peor\u201d, ha explicado Rodr\u00edguez. \u201cNosotros estaremos aqu\u00ed para que estas reivindicaciones justas y necesarias se materialicen y redunden en la mejor calidad de vida de los vecinos y vecinas de las 58 Viviendas\u201d.<\/p>\n\n\n\n<figure class=\"wp-block-image size-large\"><img loading=\"lazy\" decoding=\"async\" width=\"1024\" height=\"768\" src=\"https:\/\/agrupacionespsoe.es\/barbate\/wp-content\/uploads\/sites\/104\/2023\/09\/WhatsApp-Image-2023-09-27-at-13.28.04-1-1024x768.jpeg\" alt=\"\" class=\"wp-image-523\" srcset=\"https:\/\/agrupacionespsoe.es\/barbate\/wp-content\/uploads\/sites\/104\/2023\/09\/WhatsApp-Image-2023-09-27-at-13.28.04-1-1024x768.jpeg 1024w, https:\/\/agrupacionespsoe.es\/barbate\/wp-content\/uploads\/sites\/104\/2023\/09\/WhatsApp-Image-2023-09-27-at-13.28.04-1-300x225.jpeg 300w, https:\/\/agrupacionespsoe.es\/barbate\/wp-content\/uploads\/sites\/104\/2023\/09\/WhatsApp-Image-2023-09-27-at-13.28.04-1-768x576.jpeg 768w, https:\/\/agrupacionespsoe.es\/barbate\/wp-content\/uploads\/sites\/104\/2023\/09\/WhatsApp-Image-2023-09-27-at-13.28.04-1-1536x1152.jpeg 1536w, https:\/\/agrupacionespsoe.es\/barbate\/wp-content\/uploads\/sites\/104\/2023\/09\/WhatsApp-Image-2023-09-27-at-13.28.04-1.jpeg 1600w\" sizes=\"auto, (max-width: 1024px) 100vw, 1024px\" \/><\/figure>\n\n\n\n<p>Adem\u00e1s, Garc\u00eda y Rodr\u00edguez estuvieron en el puerto pesquero de Barbate junto a representantes de la Plataforma Ciudadana por la Gesti\u00f3n P\u00fablica del Agua, donde observaron el ca\u00f1o de agua potable que sale al mar desde el mismo muelle. Un desperdicio \u201cque no se puede consentir, teniendo en cuenta que el t\u00e9rmino municipal de Barbate cuenta con zonas que no tienen servicio de agua y los pozos se est\u00e1n salinizando\u201d, explic\u00f3 el portavoz socialista. Por ello, el tema ser\u00e1 llevado al Parlamento Andaluz por el PSOE, buscando la manera de aprovechar este recurso.<\/p>\n\n\n\n<p>Por \u00faltimo, la parlamentaria y el portavoz socialista se desplazaron al Ca\u00f1illo, donde observaron la necesidad de construir una glorieta que de fluidez al tr\u00e1fico entre Barbate y Zahara, y facilite el acceso a la playa, mejorando la seguridad vial en esta carretera.<\/p>\n\n\n\n<figure class=\"wp-block-image size-large\"><img loading=\"lazy\" decoding=\"async\" width=\"1024\" height=\"768\" src=\"https:\/\/agrupacionespsoe.es\/barbate\/wp-content\/uploads\/sites\/104\/2023\/09\/WhatsApp-Image-2023-09-27-at-13.28.05-1-1024x768.jpeg\" alt=\"\" class=\"wp-image-522\" srcset=\"https:\/\/agrupacionespsoe.es\/barbate\/wp-content\/uploads\/sites\/104\/2023\/09\/WhatsApp-Image-2023-09-27-at-13.28.05-1-1024x768.jpeg 1024w, https:\/\/agrupacionespsoe.es\/barbate\/wp-content\/uploads\/sites\/104\/2023\/09\/WhatsApp-Image-2023-09-27-at-13.28.05-1-300x225.jpeg 300w, https:\/\/agrupacionespsoe.es\/barbate\/wp-content\/uploads\/sites\/104\/2023\/09\/WhatsApp-Image-2023-09-27-at-13.28.05-1-768x576.jpeg 768w, https:\/\/agrupacionespsoe.es\/barbate\/wp-content\/uploads\/sites\/104\/2023\/09\/WhatsApp-Image-2023-09-27-at-13.28.05-1-1536x1152.jpeg 1536w, https:\/\/agrupacionespsoe.es\/barbate\/wp-content\/uploads\/sites\/104\/2023\/09\/WhatsApp-Image-2023-09-27-at-13.28.05-1.jpeg 1600w\" sizes=\"auto, (max-width: 1024px) 100vw, 1024px\" \/><\/figure>\n","protected":false},"excerpt":{"rendered":"<p>La parlamentaria socialista Irene Garc\u00eda visit\u00f3 este martes Barbate para tratar varios temas de inter\u00e9s para el municipio que se elevar\u00e1n pr\u00f3ximamente al Parlamento de Andaluc\u00eda en busca de soluciones. Garc\u00eda estuvo acompa\u00f1ada por el portavoz del Grupo Municipal Socialista en el Ayuntamiento de Barbate, Javier Rodr\u00edguez, que le explic\u00f3 a la parlamentaria algunas de &#8230;<\/p>\n","protected":false},"author":155,"featured_media":524,"comment_status":"open","ping_status":"open","sticky":false,"template":"","format":"standard","meta":{"_jetpack_memberships_contains_paid_content":false,"footnotes":""},"categories":[1],"tags":[8],"class_list":["post-521","post","type-post","status-publish","format-standard","has-post-thumbnail","hentry","category-sin-categoria","tag-barbate"],"yoast_head":"<!-- This site is optimized with the Yoast SEO plugin v24.0 - https:\/\/yoast.com\/wordpress\/plugins\/seo\/ -->\n<title>El PSOE acometer\u00e1 una ofensiva en el Ayuntamiento y la Junta para el arreglo de las 58 Viviendas - PSOE Barbate<\/title>\n<meta name=\"robots\" content=\"index, follow, max-snippet:-1, max-image-preview:large, max-video-preview:-1\" \/>\n<link rel=\"canonical\" href=\"https:\/\/agrupacionespsoe.es\/barbate\/el-psoe-acometera-una-ofensiva-en-el-ayuntamiento-y-la-junta-para-el-arreglo-de-las-58-viviendas\/\" \/>\n<meta property=\"og:locale\" content=\"es_ES\" \/>\n<meta property=\"og:type\" content=\"article\" \/>\n<meta property=\"og:title\" content=\"El PSOE acometer\u00e1 una ofensiva en el Ayuntamiento y la Junta para el arreglo de las 58 Viviendas - PSOE Barbate\" \/>\n<meta property=\"og:description\" content=\"La parlamentaria socialista Irene Garc\u00eda visit\u00f3 este martes Barbate para tratar varios temas de inter\u00e9s para el municipio que se elevar\u00e1n pr\u00f3ximamente al Parlamento de Andaluc\u00eda en busca de soluciones. Garc\u00eda estuvo acompa\u00f1ada por el portavoz del Grupo Municipal Socialista en el Ayuntamiento de Barbate, Javier Rodr\u00edguez, que le explic\u00f3 a la parlamentaria algunas de ...\" \/>\n<meta property=\"og:url\" content=\"https:\/\/agrupacionespsoe.es\/barbate\/el-psoe-acometera-una-ofensiva-en-el-ayuntamiento-y-la-junta-para-el-arreglo-de-las-58-viviendas\/\" \/>\n<meta property=\"og:site_name\" content=\"PSOE Barbate\" \/>\n<meta property=\"article:published_time\" content=\"2023-09-27T13:11:03+00:00\" \/>\n<meta property=\"article:modified_time\" content=\"2023-09-27T13:11:34+00:00\" \/>\n<meta property=\"og:image\" content=\"https:\/\/agrupacionespsoe.es\/barbate\/wp-content\/uploads\/sites\/104\/2023\/09\/WhatsApp-Image-2023-09-27-at-13.28.04.jpeg\" \/>\n\t<meta property=\"og:image:width\" content=\"1600\" \/>\n\t<meta property=\"og:image:height\" content=\"1200\" \/>\n\t<meta property=\"og:image:type\" content=\"image\/jpeg\" \/>\n<meta name=\"author\" content=\"barbate1\" \/>\n<meta name=\"twitter:card\" content=\"summary_large_image\" \/>\n<meta name=\"twitter:label1\" content=\"Escrito por\" \/>\n\t<meta name=\"twitter:data1\" content=\"barbate1\" \/>\n\t<meta name=\"twitter:label2\" content=\"Tiempo de lectura\" \/>\n\t<meta name=\"twitter:data2\" content=\"4 minutos\" \/>\n<script type=\"application\/ld+json\" class=\"yoast-schema-graph\">{\"@context\":\"https:\/\/schema.org\",\"@graph\":[{\"@type\":\"Article\",\"@id\":\"https:\/\/agrupacionespsoe.es\/barbate\/el-psoe-acometera-una-ofensiva-en-el-ayuntamiento-y-la-junta-para-el-arreglo-de-las-58-viviendas\/#article\",\"isPartOf\":{\"@id\":\"https:\/\/agrupacionespsoe.es\/barbate\/el-psoe-acometera-una-ofensiva-en-el-ayuntamiento-y-la-junta-para-el-arreglo-de-las-58-viviendas\/\"},\"author\":{\"name\":\"barbate1\",\"@id\":\"https:\/\/agrupacionespsoe.es\/barbate\/#\/schema\/person\/fb57332b771136035857e2a17089b403\"},\"headline\":\"El PSOE acometer\u00e1 una ofensiva en el Ayuntamiento y la Junta para el arreglo de las 58 Viviendas\",\"datePublished\":\"2023-09-27T13:11:03+00:00\",\"dateModified\":\"2023-09-27T13:11:34+00:00\",\"mainEntityOfPage\":{\"@id\":\"https:\/\/agrupacionespsoe.es\/barbate\/el-psoe-acometera-una-ofensiva-en-el-ayuntamiento-y-la-junta-para-el-arreglo-de-las-58-viviendas\/\"},\"wordCount\":652,\"commentCount\":0,\"publisher\":{\"@id\":\"https:\/\/agrupacionespsoe.es\/barbate\/#organization\"},\"image\":{\"@id\":\"https:\/\/agrupacionespsoe.es\/barbate\/el-psoe-acometera-una-ofensiva-en-el-ayuntamiento-y-la-junta-para-el-arreglo-de-las-58-viviendas\/#primaryimage\"},\"thumbnailUrl\":\"https:\/\/agrupacionespsoe.es\/barbate\/wp-content\/uploads\/sites\/104\/2023\/09\/WhatsApp-Image-2023-09-27-at-13.28.04.jpeg\",\"keywords\":[\"barbate\"],\"inLanguage\":\"es\",\"potentialAction\":[{\"@type\":\"CommentAction\",\"name\":\"Comment\",\"target\":[\"https:\/\/agrupacionespsoe.es\/barbate\/el-psoe-acometera-una-ofensiva-en-el-ayuntamiento-y-la-junta-para-el-arreglo-de-las-58-viviendas\/#respond\"]}]},{\"@type\":\"WebPage\",\"@id\":\"https:\/\/agrupacionespsoe.es\/barbate\/el-psoe-acometera-una-ofensiva-en-el-ayuntamiento-y-la-junta-para-el-arreglo-de-las-58-viviendas\/\",\"url\":\"https:\/\/agrupacionespsoe.es\/barbate\/el-psoe-acometera-una-ofensiva-en-el-ayuntamiento-y-la-junta-para-el-arreglo-de-las-58-viviendas\/\",\"name\":\"El PSOE acometer\u00e1 una ofensiva en el Ayuntamiento y la Junta para el arreglo de las 58 Viviendas - PSOE Barbate\",\"isPartOf\":{\"@id\":\"https:\/\/agrupacionespsoe.es\/barbate\/#website\"},\"primaryImageOfPage\":{\"@id\":\"https:\/\/agrupacionespsoe.es\/barbate\/el-psoe-acometera-una-ofensiva-en-el-ayuntamiento-y-la-junta-para-el-arreglo-de-las-58-viviendas\/#primaryimage\"},\"image\":{\"@id\":\"https:\/\/agrupacionespsoe.es\/barbate\/el-psoe-acometera-una-ofensiva-en-el-ayuntamiento-y-la-junta-para-el-arreglo-de-las-58-viviendas\/#primaryimage\"},\"thumbnailUrl\":\"https:\/\/agrupacionespsoe.es\/barbate\/wp-content\/uploads\/sites\/104\/2023\/09\/WhatsApp-Image-2023-09-27-at-13.28.04.jpeg\",\"datePublished\":\"2023-09-27T13:11:03+00:00\",\"dateModified\":\"2023-09-27T13:11:34+00:00\",\"breadcrumb\":{\"@id\":\"https:\/\/agrupacionespsoe.es\/barbate\/el-psoe-acometera-una-ofensiva-en-el-ayuntamiento-y-la-junta-para-el-arreglo-de-las-58-viviendas\/#breadcrumb\"},\"inLanguage\":\"es\",\"potentialAction\":[{\"@type\":\"ReadAction\",\"target\":[\"https:\/\/agrupacionespsoe.es\/barbate\/el-psoe-acometera-una-ofensiva-en-el-ayuntamiento-y-la-junta-para-el-arreglo-de-las-58-viviendas\/\"]}]},{\"@type\":\"ImageObject\",\"inLanguage\":\"es\",\"@id\":\"https:\/\/agrupacionespsoe.es\/barbate\/el-psoe-acometera-una-ofensiva-en-el-ayuntamiento-y-la-junta-para-el-arreglo-de-las-58-viviendas\/#primaryimage\",\"url\":\"https:\/\/agrupacionespsoe.es\/barbate\/wp-content\/uploads\/sites\/104\/2023\/09\/WhatsApp-Image-2023-09-27-at-13.28.04.jpeg\",\"contentUrl\":\"https:\/\/agrupacionespsoe.es\/barbate\/wp-content\/uploads\/sites\/104\/2023\/09\/WhatsApp-Image-2023-09-27-at-13.28.04.jpeg\",\"width\":1600,\"height\":1200},{\"@type\":\"BreadcrumbList\",\"@id\":\"https:\/\/agrupacionespsoe.es\/barbate\/el-psoe-acometera-una-ofensiva-en-el-ayuntamiento-y-la-junta-para-el-arreglo-de-las-58-viviendas\/#breadcrumb\",\"itemListElement\":[{\"@type\":\"ListItem\",\"position\":1,\"name\":\"Portada\",\"item\":\"https:\/\/agrupacionespsoe.es\/barbate\/\"},{\"@type\":\"ListItem\",\"position\":2,\"name\":\"El PSOE acometer\u00e1 una ofensiva en el Ayuntamiento y la Junta para el arreglo de las 58 Viviendas\"}]},{\"@type\":\"WebSite\",\"@id\":\"https:\/\/agrupacionespsoe.es\/barbate\/#website\",\"url\":\"https:\/\/agrupacionespsoe.es\/barbate\/\",\"name\":\"PSOE Barbate\",\"description\":\"PSOE BARBATE\",\"publisher\":{\"@id\":\"https:\/\/agrupacionespsoe.es\/barbate\/#organization\"},\"potentialAction\":[{\"@type\":\"SearchAction\",\"target\":{\"@type\":\"EntryPoint\",\"urlTemplate\":\"https:\/\/agrupacionespsoe.es\/barbate\/?s={search_term_string}\"},\"query-input\":{\"@type\":\"PropertyValueSpecification\",\"valueRequired\":true,\"valueName\":\"search_term_string\"}}],\"inLanguage\":\"es\"},{\"@type\":\"Organization\",\"@id\":\"https:\/\/agrupacionespsoe.es\/barbate\/#organization\",\"name\":\"PSOE Barbate\",\"url\":\"https:\/\/agrupacionespsoe.es\/barbate\/\",\"logo\":{\"@type\":\"ImageObject\",\"inLanguage\":\"es\",\"@id\":\"https:\/\/agrupacionespsoe.es\/barbate\/#\/schema\/logo\/image\/\",\"url\":\"https:\/\/agrupacionespsoe.es\/wp-content\/uploads\/2022\/07\/Logotipo_electoral_del_PSOE.png\",\"contentUrl\":\"https:\/\/agrupacionespsoe.es\/wp-content\/uploads\/2022\/07\/Logotipo_electoral_del_PSOE.png\",\"width\":422,\"height\":422,\"caption\":\"PSOE Barbate\"},\"image\":{\"@id\":\"https:\/\/agrupacionespsoe.es\/barbate\/#\/schema\/logo\/image\/\"}},{\"@type\":\"Person\",\"@id\":\"https:\/\/agrupacionespsoe.es\/barbate\/#\/schema\/person\/fb57332b771136035857e2a17089b403\",\"name\":\"barbate1\",\"image\":{\"@type\":\"ImageObject\",\"inLanguage\":\"es\",\"@id\":\"https:\/\/agrupacionespsoe.es\/barbate\/#\/schema\/person\/image\/\",\"url\":\"https:\/\/secure.gravatar.com\/avatar\/68ea7ed9431a20fed86e5d4af65dc975?s=96&d=mm&r=g\",\"contentUrl\":\"https:\/\/secure.gravatar.com\/avatar\/68ea7ed9431a20fed86e5d4af65dc975?s=96&d=mm&r=g\",\"caption\":\"barbate1\"},\"url\":\"https:\/\/agrupacionespsoe.es\/barbate\/author\/barbate1\/\"}]}<\/script>\n<!-- \/ Yoast SEO plugin. -->","yoast_head_json":{"title":"El PSOE acometer\u00e1 una ofensiva en el Ayuntamiento y la Junta para el arreglo de las 58 Viviendas - PSOE Barbate","robots":{"index":"index","follow":"follow","max-snippet":"max-snippet:-1","max-image-preview":"max-image-preview:large","max-video-preview":"max-video-preview:-1"},"canonical":"https:\/\/agrupacionespsoe.es\/barbate\/el-psoe-acometera-una-ofensiva-en-el-ayuntamiento-y-la-junta-para-el-arreglo-de-las-58-viviendas\/","og_locale":"es_ES","og_type":"article","og_title":"El PSOE acometer\u00e1 una ofensiva en el Ayuntamiento y la Junta para el arreglo de las 58 Viviendas - PSOE Barbate","og_description":"La parlamentaria socialista Irene Garc\u00eda visit\u00f3 este martes Barbate para tratar varios temas de inter\u00e9s para el municipio que se elevar\u00e1n pr\u00f3ximamente al Parlamento de Andaluc\u00eda en busca de soluciones. Garc\u00eda estuvo acompa\u00f1ada por el portavoz del Grupo Municipal Socialista en el Ayuntamiento de Barbate, Javier Rodr\u00edguez, que le explic\u00f3 a la parlamentaria algunas de ...","og_url":"https:\/\/agrupacionespsoe.es\/barbate\/el-psoe-acometera-una-ofensiva-en-el-ayuntamiento-y-la-junta-para-el-arreglo-de-las-58-viviendas\/","og_site_name":"PSOE Barbate","article_published_time":"2023-09-27T13:11:03+00:00","article_modified_time":"2023-09-27T13:11:34+00:00","og_image":[{"width":1600,"height":1200,"url":"https:\/\/agrupacionespsoe.es\/barbate\/wp-content\/uploads\/sites\/104\/2023\/09\/WhatsApp-Image-2023-09-27-at-13.28.04.jpeg","type":"image\/jpeg"}],"author":"barbate1","twitter_card":"summary_large_image","twitter_misc":{"Escrito por":"barbate1","Tiempo de lectura":"4 minutos"},"schema":{"@context":"https:\/\/schema.org","@graph":[{"@type":"Article","@id":"https:\/\/agrupacionespsoe.es\/barbate\/el-psoe-acometera-una-ofensiva-en-el-ayuntamiento-y-la-junta-para-el-arreglo-de-las-58-viviendas\/#article","isPartOf":{"@id":"https:\/\/agrupacionespsoe.es\/barbate\/el-psoe-acometera-una-ofensiva-en-el-ayuntamiento-y-la-junta-para-el-arreglo-de-las-58-viviendas\/"},"author":{"name":"barbate1","@id":"https:\/\/agrupacionespsoe.es\/barbate\/#\/schema\/person\/fb57332b771136035857e2a17089b403"},"headline":"El PSOE acometer\u00e1 una ofensiva en el Ayuntamiento y la Junta para el arreglo de las 58 Viviendas","datePublished":"2023-09-27T13:11:03+00:00","dateModified":"2023-09-27T13:11:34+00:00","mainEntityOfPage":{"@id":"https:\/\/agrupacionespsoe.es\/barbate\/el-psoe-acometera-una-ofensiva-en-el-ayuntamiento-y-la-junta-para-el-arreglo-de-las-58-viviendas\/"},"wordCount":652,"commentCount":0,"publisher":{"@id":"https:\/\/agrupacionespsoe.es\/barbate\/#organization"},"image":{"@id":"https:\/\/agrupacionespsoe.es\/barbate\/el-psoe-acometera-una-ofensiva-en-el-ayuntamiento-y-la-junta-para-el-arreglo-de-las-58-viviendas\/#primaryimage"},"thumbnailUrl":"https:\/\/agrupacionespsoe.es\/barbate\/wp-content\/uploads\/sites\/104\/2023\/09\/WhatsApp-Image-2023-09-27-at-13.28.04.jpeg","keywords":["barbate"],"inLanguage":"es","potentialAction":[{"@type":"CommentAction","name":"Comment","target":["https:\/\/agrupacionespsoe.es\/barbate\/el-psoe-acometera-una-ofensiva-en-el-ayuntamiento-y-la-junta-para-el-arreglo-de-las-58-viviendas\/#respond"]}]},{"@type":"WebPage","@id":"https:\/\/agrupacionespsoe.es\/barbate\/el-psoe-acometera-una-ofensiva-en-el-ayuntamiento-y-la-junta-para-el-arreglo-de-las-58-viviendas\/","url":"https:\/\/agrupacionespsoe.es\/barbate\/el-psoe-acometera-una-ofensiva-en-el-ayuntamiento-y-la-junta-para-el-arreglo-de-las-58-viviendas\/","name":"El PSOE acometer\u00e1 una ofensiva en el Ayuntamiento y la Junta para el arreglo de las 58 Viviendas - PSOE Barbate","isPartOf":{"@id":"https:\/\/agrupacionespsoe.es\/barbate\/#website"},"primaryImageOfPage":{"@id":"https:\/\/agrupacionespsoe.es\/barbate\/el-psoe-acometera-una-ofensiva-en-el-ayuntamiento-y-la-junta-para-el-arreglo-de-las-58-viviendas\/#primaryimage"},"image":{"@id":"https:\/\/agrupacionespsoe.es\/barbate\/el-psoe-acometera-una-ofensiva-en-el-ayuntamiento-y-la-junta-para-el-arreglo-de-las-58-viviendas\/#primaryimage"},"thumbnailUrl":"https:\/\/agrupacionespsoe.es\/barbate\/wp-content\/uploads\/sites\/104\/2023\/09\/WhatsApp-Image-2023-09-27-at-13.28.04.jpeg","datePublished":"2023-09-27T13:11:03+00:00","dateModified":"2023-09-27T13:11:34+00:00","breadcrumb":{"@id":"https:\/\/agrupacionespsoe.es\/barbate\/el-psoe-acometera-una-ofensiva-en-el-ayuntamiento-y-la-junta-para-el-arreglo-de-las-58-viviendas\/#breadcrumb"},"inLanguage":"es","potentialAction":[{"@type":"ReadAction","target":["https:\/\/agrupacionespsoe.es\/barbate\/el-psoe-acometera-una-ofensiva-en-el-ayuntamiento-y-la-junta-para-el-arreglo-de-las-58-viviendas\/"]}]},{"@type":"ImageObject","inLanguage":"es","@id":"https:\/\/agrupacionespsoe.es\/barbate\/el-psoe-acometera-una-ofensiva-en-el-ayuntamiento-y-la-junta-para-el-arreglo-de-las-58-viviendas\/#primaryimage","url":"https:\/\/agrupacionespsoe.es\/barbate\/wp-content\/uploads\/sites\/104\/2023\/09\/WhatsApp-Image-2023-09-27-at-13.28.04.jpeg","contentUrl":"https:\/\/agrupacionespsoe.es\/barbate\/wp-content\/uploads\/sites\/104\/2023\/09\/WhatsApp-Image-2023-09-27-at-13.28.04.jpeg","width":1600,"height":1200},{"@type":"BreadcrumbList","@id":"https:\/\/agrupacionespsoe.es\/barbate\/el-psoe-acometera-una-ofensiva-en-el-ayuntamiento-y-la-junta-para-el-arreglo-de-las-58-viviendas\/#breadcrumb","itemListElement":[{"@type":"ListItem","position":1,"name":"Portada","item":"https:\/\/agrupacionespsoe.es\/barbate\/"},{"@type":"ListItem","position":2,"name":"El PSOE acometer\u00e1 una ofensiva en el Ayuntamiento y la Junta para el arreglo de las 58 Viviendas"}]},{"@type":"WebSite","@id":"https:\/\/agrupacionespsoe.es\/barbate\/#website","url":"https:\/\/agrupacionespsoe.es\/barbate\/","name":"PSOE Barbate","description":"PSOE BARBATE","publisher":{"@id":"https:\/\/agrupacionespsoe.es\/barbate\/#organization"},"potentialAction":[{"@type":"SearchAction","target":{"@type":"EntryPoint","urlTemplate":"https:\/\/agrupacionespsoe.es\/barbate\/?s={search_term_string}"},"query-input":{"@type":"PropertyValueSpecification","valueRequired":true,"valueName":"search_term_string"}}],"inLanguage":"es"},{"@type":"Organization","@id":"https:\/\/agrupacionespsoe.es\/barbate\/#organization","name":"PSOE Barbate","url":"https:\/\/agrupacionespsoe.es\/barbate\/","logo":{"@type":"ImageObject","inLanguage":"es","@id":"https:\/\/agrupacionespsoe.es\/barbate\/#\/schema\/logo\/image\/","url":"https:\/\/agrupacionespsoe.es\/wp-content\/uploads\/2022\/07\/Logotipo_electoral_del_PSOE.png","contentUrl":"https:\/\/agrupacionespsoe.es\/wp-content\/uploads\/2022\/07\/Logotipo_electoral_del_PSOE.png","width":422,"height":422,"caption":"PSOE Barbate"},"image":{"@id":"https:\/\/agrupacionespsoe.es\/barbate\/#\/schema\/logo\/image\/"}},{"@type":"Person","@id":"https:\/\/agrupacionespsoe.es\/barbate\/#\/schema\/person\/fb57332b771136035857e2a17089b403","name":"barbate1","image":{"@type":"ImageObject","inLanguage":"es","@id":"https:\/\/agrupacionespsoe.es\/barbate\/#\/schema\/person\/image\/","url":"https:\/\/secure.gravatar.com\/avatar\/68ea7ed9431a20fed86e5d4af65dc975?s=96&d=mm&r=g","contentUrl":"https:\/\/secure.gravatar.com\/avatar\/68ea7ed9431a20fed86e5d4af65dc975?s=96&d=mm&r=g","caption":"barbate1"},"url":"https:\/\/agrupacionespsoe.es\/barbate\/author\/barbate1\/"}]}},"jetpack_featured_media_url":"https:\/\/agrupacionespsoe.es\/barbate\/wp-content\/uploads\/sites\/104\/2023\/09\/WhatsApp-Image-2023-09-27-at-13.28.04.jpeg","jetpack_sharing_enabled":true,"_links":{"self":[{"href":"https:\/\/agrupacionespsoe.es\/barbate\/wp-json\/wp\/v2\/posts\/521","targetHints":{"allow":["GET"]}}],"collection":[{"href":"https:\/\/agrupacionespsoe.es\/barbate\/wp-json\/wp\/v2\/posts"}],"about":[{"href":"https:\/\/agrupacionespsoe.es\/barbate\/wp-json\/wp\/v2\/types\/post"}],"author":[{"embeddable":true,"href":"https:\/\/agrupacionespsoe.es\/barbate\/wp-json\/wp\/v2\/users\/155"}],"replies":[{"embeddable":true,"href":"https:\/\/agrupacionespsoe.es\/barbate\/wp-json\/wp\/v2\/comments?post=521"}],"version-history":[{"count":1,"href":"https:\/\/agrupacionespsoe.es\/barbate\/wp-json\/wp\/v2\/posts\/521\/revisions"}],"predecessor-version":[{"id":525,"href":"https:\/\/agrupacionespsoe.es\/barbate\/wp-json\/wp\/v2\/posts\/521\/revisions\/525"}],"wp:featuredmedia":[{"embeddable":true,"href":"https:\/\/agrupacionespsoe.es\/barbate\/wp-json\/wp\/v2\/media\/524"}],"wp:attachment":[{"href":"https:\/\/agrupacionespsoe.es\/barbate\/wp-json\/wp\/v2\/media?parent=521"}],"wp:term":[{"taxonomy":"category","embeddable":true,"href":"https:\/\/agrupacionespsoe.es\/barbate\/wp-json\/wp\/v2\/categories?post=521"},{"taxonomy":"post_tag","embeddable":true,"href":"https:\/\/agrupacionespsoe.es\/barbate\/wp-json\/wp\/v2\/tags?post=521"}],"curies":[{"name":"wp","href":"https:\/\/api.w.org\/{rel}","templated":true}]}}