{"id":518,"date":"2023-09-26T19:17:02","date_gmt":"2023-09-26T19:17:02","guid":{"rendered":"https:\/\/agrupacionespsoe.es\/barbate\/?p=518"},"modified":"2023-09-26T19:17:02","modified_gmt":"2023-09-26T19:17:02","slug":"montse-tamayo-se-incorpora-al-grupo-municipal-socialista","status":"publish","type":"post","link":"https:\/\/agrupacionespsoe.es\/barbate\/montse-tamayo-se-incorpora-al-grupo-municipal-socialista\/","title":{"rendered":"Montse Tamayo se incorpora al Grupo Municipal Socialista"},"content":{"rendered":"\n<p>El Grupo Municipal Socialista en el Ayuntamiento de Barbate ha dado la enhorabuena a la compa\u00f1era Montse Tamayo, que se incorpora al equipo conformado por siete ediles en sustituci\u00f3n de Jos\u00e9 Antonio Varo.<\/p>\n\n\n\n<p>Varo deja su acta debido a una incompatibilidad laboral, ya que su desempe\u00f1o profesional se realiza dentro del Ayuntamiento, siendo trabajador municipal e imposibilitando esto que pueda ejercer un cargo p\u00fablico simult\u00e1neamente.<\/p>\n\n\n\n<p>Por ello, Tamayo ya ha tomado posesi\u00f3n de dicha acta, siguiendo la lista electoral con la que el PSOE concurri\u00f3 a las Elecciones Municipales del pasado mes de mayo. La nueva edil ostenta actualmente el cargo de directora en el IES Vicente Aleixandre de la localidad y est\u00e1 muy ligada con el deporte barbate\u00f1o, por lo que se convertir\u00e1 en una pieza muy valiosa dentro del equipo de siete concejales con los que el PSOE lidera la Oposici\u00f3n en el Ayuntamiento.<\/p>\n\n\n\n<p>El portavoz socialista, Javier Rodr\u00edguez, ha dado la enhorabuena a la nueva compa\u00f1era que entrar\u00e1 a formar parte del Grupo Municipal, y por ende de la Corporaci\u00f3n, asegurando que \u00absu iniciativa y su punto de vista aportar\u00e1n grandes valores para Barbate y para nuestra labor\u00bb.<\/p>\n\n\n\n<p>De la misma manera, el portavoz socialista ha tenido palabras de agradecimiento para Varo, qui\u00e9n \u00abha hecho un grand\u00edsimo trabajo en este equipo del que no se desvincula, siendo a partir de ahora un apoyo m\u00e1s para seguir adelante\u00bb.<\/p>\n\n\n\n<p>Desde el Grupo Municipal Socialista \u201ccontinuaremos haciendo una Oposici\u00f3n \u00fatil y constructiva, al servicio de todos los barbate\u00f1os y barbate\u00f1as, y siempre por el beneficio de nuestro municipio, con un equipo de gente preparada para afrontar los retos que nos depare el futuro y con la responsabilidad de responder a todos aquellos que depositaron su confianza en nosotros\u201d, ha concluido Rodr\u00edguez.<\/p>\n","protected":false},"excerpt":{"rendered":"<p>El Grupo Municipal Socialista en el Ayuntamiento de Barbate ha dado la enhorabuena a la compa\u00f1era Montse Tamayo, que se incorpora al equipo conformado por siete ediles en sustituci\u00f3n de Jos\u00e9 Antonio Varo. Varo deja su acta debido a una incompatibilidad laboral, ya que su desempe\u00f1o profesional se realiza dentro del Ayuntamiento, siendo trabajador municipal &#8230;<\/p>\n","protected":false},"author":155,"featured_media":519,"comment_status":"open","ping_status":"open","sticky":false,"template":"","format":"standard","meta":{"_jetpack_memberships_contains_paid_content":false,"footnotes":""},"categories":[1],"tags":[],"class_list":["post-518","post","type-post","status-publish","format-standard","has-post-thumbnail","hentry","category-sin-categoria"],"yoast_head":"<!-- This site is optimized with the Yoast SEO plugin v24.0 - https:\/\/yoast.com\/wordpress\/plugins\/seo\/ -->\n<title>Montse Tamayo se incorpora al Grupo Municipal Socialista - PSOE Barbate<\/title>\n<meta name=\"robots\" content=\"index, follow, max-snippet:-1, max-image-preview:large, max-video-preview:-1\" \/>\n<link rel=\"canonical\" href=\"https:\/\/agrupacionespsoe.es\/barbate\/montse-tamayo-se-incorpora-al-grupo-municipal-socialista\/\" \/>\n<meta property=\"og:locale\" content=\"es_ES\" \/>\n<meta property=\"og:type\" content=\"article\" \/>\n<meta property=\"og:title\" content=\"Montse Tamayo se incorpora al Grupo Municipal Socialista - PSOE Barbate\" \/>\n<meta property=\"og:description\" content=\"El Grupo Municipal Socialista en el Ayuntamiento de Barbate ha dado la enhorabuena a la compa\u00f1era Montse Tamayo, que se incorpora al equipo conformado por siete ediles en sustituci\u00f3n de Jos\u00e9 Antonio Varo. Varo deja su acta debido a una incompatibilidad laboral, ya que su desempe\u00f1o profesional se realiza dentro del Ayuntamiento, siendo trabajador municipal ...\" \/>\n<meta property=\"og:url\" content=\"https:\/\/agrupacionespsoe.es\/barbate\/montse-tamayo-se-incorpora-al-grupo-municipal-socialista\/\" \/>\n<meta property=\"og:site_name\" content=\"PSOE Barbate\" \/>\n<meta property=\"article:published_time\" content=\"2023-09-26T19:17:02+00:00\" \/>\n<meta property=\"og:image\" content=\"https:\/\/agrupacionespsoe.es\/barbate\/wp-content\/uploads\/sites\/104\/2023\/09\/Acta-Montse-Tamayo-scaled.jpg\" \/>\n\t<meta property=\"og:image:width\" content=\"2560\" \/>\n\t<meta property=\"og:image:height\" content=\"2049\" \/>\n\t<meta property=\"og:image:type\" content=\"image\/jpeg\" \/>\n<meta name=\"author\" content=\"barbate1\" \/>\n<meta name=\"twitter:card\" content=\"summary_large_image\" \/>\n<meta name=\"twitter:label1\" content=\"Escrito por\" \/>\n\t<meta name=\"twitter:data1\" content=\"barbate1\" \/>\n\t<meta name=\"twitter:label2\" content=\"Tiempo de lectura\" \/>\n\t<meta name=\"twitter:data2\" content=\"2 minutos\" \/>\n<script type=\"application\/ld+json\" class=\"yoast-schema-graph\">{\"@context\":\"https:\/\/schema.org\",\"@graph\":[{\"@type\":\"Article\",\"@id\":\"https:\/\/agrupacionespsoe.es\/barbate\/montse-tamayo-se-incorpora-al-grupo-municipal-socialista\/#article\",\"isPartOf\":{\"@id\":\"https:\/\/agrupacionespsoe.es\/barbate\/montse-tamayo-se-incorpora-al-grupo-municipal-socialista\/\"},\"author\":{\"name\":\"barbate1\",\"@id\":\"https:\/\/agrupacionespsoe.es\/barbate\/#\/schema\/person\/fb57332b771136035857e2a17089b403\"},\"headline\":\"Montse Tamayo se incorpora al Grupo Municipal Socialista\",\"datePublished\":\"2023-09-26T19:17:02+00:00\",\"dateModified\":\"2023-09-26T19:17:02+00:00\",\"mainEntityOfPage\":{\"@id\":\"https:\/\/agrupacionespsoe.es\/barbate\/montse-tamayo-se-incorpora-al-grupo-municipal-socialista\/\"},\"wordCount\":318,\"commentCount\":0,\"publisher\":{\"@id\":\"https:\/\/agrupacionespsoe.es\/barbate\/#organization\"},\"image\":{\"@id\":\"https:\/\/agrupacionespsoe.es\/barbate\/montse-tamayo-se-incorpora-al-grupo-municipal-socialista\/#primaryimage\"},\"thumbnailUrl\":\"https:\/\/agrupacionespsoe.es\/barbate\/wp-content\/uploads\/sites\/104\/2023\/09\/Acta-Montse-Tamayo-scaled.jpg\",\"inLanguage\":\"es\",\"potentialAction\":[{\"@type\":\"CommentAction\",\"name\":\"Comment\",\"target\":[\"https:\/\/agrupacionespsoe.es\/barbate\/montse-tamayo-se-incorpora-al-grupo-municipal-socialista\/#respond\"]}]},{\"@type\":\"WebPage\",\"@id\":\"https:\/\/agrupacionespsoe.es\/barbate\/montse-tamayo-se-incorpora-al-grupo-municipal-socialista\/\",\"url\":\"https:\/\/agrupacionespsoe.es\/barbate\/montse-tamayo-se-incorpora-al-grupo-municipal-socialista\/\",\"name\":\"Montse Tamayo se incorpora al Grupo Municipal Socialista - PSOE Barbate\",\"isPartOf\":{\"@id\":\"https:\/\/agrupacionespsoe.es\/barbate\/#website\"},\"primaryImageOfPage\":{\"@id\":\"https:\/\/agrupacionespsoe.es\/barbate\/montse-tamayo-se-incorpora-al-grupo-municipal-socialista\/#primaryimage\"},\"image\":{\"@id\":\"https:\/\/agrupacionespsoe.es\/barbate\/montse-tamayo-se-incorpora-al-grupo-municipal-socialista\/#primaryimage\"},\"thumbnailUrl\":\"https:\/\/agrupacionespsoe.es\/barbate\/wp-content\/uploads\/sites\/104\/2023\/09\/Acta-Montse-Tamayo-scaled.jpg\",\"datePublished\":\"2023-09-26T19:17:02+00:00\",\"dateModified\":\"2023-09-26T19:17:02+00:00\",\"breadcrumb\":{\"@id\":\"https:\/\/agrupacionespsoe.es\/barbate\/montse-tamayo-se-incorpora-al-grupo-municipal-socialista\/#breadcrumb\"},\"inLanguage\":\"es\",\"potentialAction\":[{\"@type\":\"ReadAction\",\"target\":[\"https:\/\/agrupacionespsoe.es\/barbate\/montse-tamayo-se-incorpora-al-grupo-municipal-socialista\/\"]}]},{\"@type\":\"ImageObject\",\"inLanguage\":\"es\",\"@id\":\"https:\/\/agrupacionespsoe.es\/barbate\/montse-tamayo-se-incorpora-al-grupo-municipal-socialista\/#primaryimage\",\"url\":\"https:\/\/agrupacionespsoe.es\/barbate\/wp-content\/uploads\/sites\/104\/2023\/09\/Acta-Montse-Tamayo-scaled.jpg\",\"contentUrl\":\"https:\/\/agrupacionespsoe.es\/barbate\/wp-content\/uploads\/sites\/104\/2023\/09\/Acta-Montse-Tamayo-scaled.jpg\",\"width\":2560,\"height\":2049},{\"@type\":\"BreadcrumbList\",\"@id\":\"https:\/\/agrupacionespsoe.es\/barbate\/montse-tamayo-se-incorpora-al-grupo-municipal-socialista\/#breadcrumb\",\"itemListElement\":[{\"@type\":\"ListItem\",\"position\":1,\"name\":\"Portada\",\"item\":\"https:\/\/agrupacionespsoe.es\/barbate\/\"},{\"@type\":\"ListItem\",\"position\":2,\"name\":\"Montse Tamayo se incorpora al Grupo Municipal Socialista\"}]},{\"@type\":\"WebSite\",\"@id\":\"https:\/\/agrupacionespsoe.es\/barbate\/#website\",\"url\":\"https:\/\/agrupacionespsoe.es\/barbate\/\",\"name\":\"PSOE Barbate\",\"description\":\"PSOE BARBATE\",\"publisher\":{\"@id\":\"https:\/\/agrupacionespsoe.es\/barbate\/#organization\"},\"potentialAction\":[{\"@type\":\"SearchAction\",\"target\":{\"@type\":\"EntryPoint\",\"urlTemplate\":\"https:\/\/agrupacionespsoe.es\/barbate\/?s={search_term_string}\"},\"query-input\":{\"@type\":\"PropertyValueSpecification\",\"valueRequired\":true,\"valueName\":\"search_term_string\"}}],\"inLanguage\":\"es\"},{\"@type\":\"Organization\",\"@id\":\"https:\/\/agrupacionespsoe.es\/barbate\/#organization\",\"name\":\"PSOE Barbate\",\"url\":\"https:\/\/agrupacionespsoe.es\/barbate\/\",\"logo\":{\"@type\":\"ImageObject\",\"inLanguage\":\"es\",\"@id\":\"https:\/\/agrupacionespsoe.es\/barbate\/#\/schema\/logo\/image\/\",\"url\":\"https:\/\/agrupacionespsoe.es\/wp-content\/uploads\/2022\/07\/Logotipo_electoral_del_PSOE.png\",\"contentUrl\":\"https:\/\/agrupacionespsoe.es\/wp-content\/uploads\/2022\/07\/Logotipo_electoral_del_PSOE.png\",\"width\":422,\"height\":422,\"caption\":\"PSOE Barbate\"},\"image\":{\"@id\":\"https:\/\/agrupacionespsoe.es\/barbate\/#\/schema\/logo\/image\/\"}},{\"@type\":\"Person\",\"@id\":\"https:\/\/agrupacionespsoe.es\/barbate\/#\/schema\/person\/fb57332b771136035857e2a17089b403\",\"name\":\"barbate1\",\"image\":{\"@type\":\"ImageObject\",\"inLanguage\":\"es\",\"@id\":\"https:\/\/agrupacionespsoe.es\/barbate\/#\/schema\/person\/image\/\",\"url\":\"https:\/\/secure.gravatar.com\/avatar\/68ea7ed9431a20fed86e5d4af65dc975?s=96&d=mm&r=g\",\"contentUrl\":\"https:\/\/secure.gravatar.com\/avatar\/68ea7ed9431a20fed86e5d4af65dc975?s=96&d=mm&r=g\",\"caption\":\"barbate1\"},\"url\":\"https:\/\/agrupacionespsoe.es\/barbate\/author\/barbate1\/\"}]}<\/script>\n<!-- \/ Yoast SEO plugin. -->","yoast_head_json":{"title":"Montse Tamayo se incorpora al Grupo Municipal Socialista - PSOE Barbate","robots":{"index":"index","follow":"follow","max-snippet":"max-snippet:-1","max-image-preview":"max-image-preview:large","max-video-preview":"max-video-preview:-1"},"canonical":"https:\/\/agrupacionespsoe.es\/barbate\/montse-tamayo-se-incorpora-al-grupo-municipal-socialista\/","og_locale":"es_ES","og_type":"article","og_title":"Montse Tamayo se incorpora al Grupo Municipal Socialista - PSOE Barbate","og_description":"El Grupo Municipal Socialista en el Ayuntamiento de Barbate ha dado la enhorabuena a la compa\u00f1era Montse Tamayo, que se incorpora al equipo conformado por siete ediles en sustituci\u00f3n de Jos\u00e9 Antonio Varo. Varo deja su acta debido a una incompatibilidad laboral, ya que su desempe\u00f1o profesional se realiza dentro del Ayuntamiento, siendo trabajador municipal ...","og_url":"https:\/\/agrupacionespsoe.es\/barbate\/montse-tamayo-se-incorpora-al-grupo-municipal-socialista\/","og_site_name":"PSOE Barbate","article_published_time":"2023-09-26T19:17:02+00:00","og_image":[{"width":2560,"height":2049,"url":"https:\/\/agrupacionespsoe.es\/barbate\/wp-content\/uploads\/sites\/104\/2023\/09\/Acta-Montse-Tamayo-scaled.jpg","type":"image\/jpeg"}],"author":"barbate1","twitter_card":"summary_large_image","twitter_misc":{"Escrito por":"barbate1","Tiempo de lectura":"2 minutos"},"schema":{"@context":"https:\/\/schema.org","@graph":[{"@type":"Article","@id":"https:\/\/agrupacionespsoe.es\/barbate\/montse-tamayo-se-incorpora-al-grupo-municipal-socialista\/#article","isPartOf":{"@id":"https:\/\/agrupacionespsoe.es\/barbate\/montse-tamayo-se-incorpora-al-grupo-municipal-socialista\/"},"author":{"name":"barbate1","@id":"https:\/\/agrupacionespsoe.es\/barbate\/#\/schema\/person\/fb57332b771136035857e2a17089b403"},"headline":"Montse Tamayo se incorpora al Grupo Municipal Socialista","datePublished":"2023-09-26T19:17:02+00:00","dateModified":"2023-09-26T19:17:02+00:00","mainEntityOfPage":{"@id":"https:\/\/agrupacionespsoe.es\/barbate\/montse-tamayo-se-incorpora-al-grupo-municipal-socialista\/"},"wordCount":318,"commentCount":0,"publisher":{"@id":"https:\/\/agrupacionespsoe.es\/barbate\/#organization"},"image":{"@id":"https:\/\/agrupacionespsoe.es\/barbate\/montse-tamayo-se-incorpora-al-grupo-municipal-socialista\/#primaryimage"},"thumbnailUrl":"https:\/\/agrupacionespsoe.es\/barbate\/wp-content\/uploads\/sites\/104\/2023\/09\/Acta-Montse-Tamayo-scaled.jpg","inLanguage":"es","potentialAction":[{"@type":"CommentAction","name":"Comment","target":["https:\/\/agrupacionespsoe.es\/barbate\/montse-tamayo-se-incorpora-al-grupo-municipal-socialista\/#respond"]}]},{"@type":"WebPage","@id":"https:\/\/agrupacionespsoe.es\/barbate\/montse-tamayo-se-incorpora-al-grupo-municipal-socialista\/","url":"https:\/\/agrupacionespsoe.es\/barbate\/montse-tamayo-se-incorpora-al-grupo-municipal-socialista\/","name":"Montse Tamayo se incorpora al Grupo Municipal Socialista - PSOE Barbate","isPartOf":{"@id":"https:\/\/agrupacionespsoe.es\/barbate\/#website"},"primaryImageOfPage":{"@id":"https:\/\/agrupacionespsoe.es\/barbate\/montse-tamayo-se-incorpora-al-grupo-municipal-socialista\/#primaryimage"},"image":{"@id":"https:\/\/agrupacionespsoe.es\/barbate\/montse-tamayo-se-incorpora-al-grupo-municipal-socialista\/#primaryimage"},"thumbnailUrl":"https:\/\/agrupacionespsoe.es\/barbate\/wp-content\/uploads\/sites\/104\/2023\/09\/Acta-Montse-Tamayo-scaled.jpg","datePublished":"2023-09-26T19:17:02+00:00","dateModified":"2023-09-26T19:17:02+00:00","breadcrumb":{"@id":"https:\/\/agrupacionespsoe.es\/barbate\/montse-tamayo-se-incorpora-al-grupo-municipal-socialista\/#breadcrumb"},"inLanguage":"es","potentialAction":[{"@type":"ReadAction","target":["https:\/\/agrupacionespsoe.es\/barbate\/montse-tamayo-se-incorpora-al-grupo-municipal-socialista\/"]}]},{"@type":"ImageObject","inLanguage":"es","@id":"https:\/\/agrupacionespsoe.es\/barbate\/montse-tamayo-se-incorpora-al-grupo-municipal-socialista\/#primaryimage","url":"https:\/\/agrupacionespsoe.es\/barbate\/wp-content\/uploads\/sites\/104\/2023\/09\/Acta-Montse-Tamayo-scaled.jpg","contentUrl":"https:\/\/agrupacionespsoe.es\/barbate\/wp-content\/uploads\/sites\/104\/2023\/09\/Acta-Montse-Tamayo-scaled.jpg","width":2560,"height":2049},{"@type":"BreadcrumbList","@id":"https:\/\/agrupacionespsoe.es\/barbate\/montse-tamayo-se-incorpora-al-grupo-municipal-socialista\/#breadcrumb","itemListElement":[{"@type":"ListItem","position":1,"name":"Portada","item":"https:\/\/agrupacionespsoe.es\/barbate\/"},{"@type":"ListItem","position":2,"name":"Montse Tamayo se incorpora al Grupo Municipal Socialista"}]},{"@type":"WebSite","@id":"https:\/\/agrupacionespsoe.es\/barbate\/#website","url":"https:\/\/agrupacionespsoe.es\/barbate\/","name":"PSOE Barbate","description":"PSOE BARBATE","publisher":{"@id":"https:\/\/agrupacionespsoe.es\/barbate\/#organization"},"potentialAction":[{"@type":"SearchAction","target":{"@type":"EntryPoint","urlTemplate":"https:\/\/agrupacionespsoe.es\/barbate\/?s={search_term_string}"},"query-input":{"@type":"PropertyValueSpecification","valueRequired":true,"valueName":"search_term_string"}}],"inLanguage":"es"},{"@type":"Organization","@id":"https:\/\/agrupacionespsoe.es\/barbate\/#organization","name":"PSOE Barbate","url":"https:\/\/agrupacionespsoe.es\/barbate\/","logo":{"@type":"ImageObject","inLanguage":"es","@id":"https:\/\/agrupacionespsoe.es\/barbate\/#\/schema\/logo\/image\/","url":"https:\/\/agrupacionespsoe.es\/wp-content\/uploads\/2022\/07\/Logotipo_electoral_del_PSOE.png","contentUrl":"https:\/\/agrupacionespsoe.es\/wp-content\/uploads\/2022\/07\/Logotipo_electoral_del_PSOE.png","width":422,"height":422,"caption":"PSOE Barbate"},"image":{"@id":"https:\/\/agrupacionespsoe.es\/barbate\/#\/schema\/logo\/image\/"}},{"@type":"Person","@id":"https:\/\/agrupacionespsoe.es\/barbate\/#\/schema\/person\/fb57332b771136035857e2a17089b403","name":"barbate1","image":{"@type":"ImageObject","inLanguage":"es","@id":"https:\/\/agrupacionespsoe.es\/barbate\/#\/schema\/person\/image\/","url":"https:\/\/secure.gravatar.com\/avatar\/68ea7ed9431a20fed86e5d4af65dc975?s=96&d=mm&r=g","contentUrl":"https:\/\/secure.gravatar.com\/avatar\/68ea7ed9431a20fed86e5d4af65dc975?s=96&d=mm&r=g","caption":"barbate1"},"url":"https:\/\/agrupacionespsoe.es\/barbate\/author\/barbate1\/"}]}},"jetpack_featured_media_url":"https:\/\/agrupacionespsoe.es\/barbate\/wp-content\/uploads\/sites\/104\/2023\/09\/Acta-Montse-Tamayo-scaled.jpg","jetpack_sharing_enabled":true,"_links":{"self":[{"href":"https:\/\/agrupacionespsoe.es\/barbate\/wp-json\/wp\/v2\/posts\/518","targetHints":{"allow":["GET"]}}],"collection":[{"href":"https:\/\/agrupacionespsoe.es\/barbate\/wp-json\/wp\/v2\/posts"}],"about":[{"href":"https:\/\/agrupacionespsoe.es\/barbate\/wp-json\/wp\/v2\/types\/post"}],"author":[{"embeddable":true,"href":"https:\/\/agrupacionespsoe.es\/barbate\/wp-json\/wp\/v2\/users\/155"}],"replies":[{"embeddable":true,"href":"https:\/\/agrupacionespsoe.es\/barbate\/wp-json\/wp\/v2\/comments?post=518"}],"version-history":[{"count":1,"href":"https:\/\/agrupacionespsoe.es\/barbate\/wp-json\/wp\/v2\/posts\/518\/revisions"}],"predecessor-version":[{"id":520,"href":"https:\/\/agrupacionespsoe.es\/barbate\/wp-json\/wp\/v2\/posts\/518\/revisions\/520"}],"wp:featuredmedia":[{"embeddable":true,"href":"https:\/\/agrupacionespsoe.es\/barbate\/wp-json\/wp\/v2\/media\/519"}],"wp:attachment":[{"href":"https:\/\/agrupacionespsoe.es\/barbate\/wp-json\/wp\/v2\/media?parent=518"}],"wp:term":[{"taxonomy":"category","embeddable":true,"href":"https:\/\/agrupacionespsoe.es\/barbate\/wp-json\/wp\/v2\/categories?post=518"},{"taxonomy":"post_tag","embeddable":true,"href":"https:\/\/agrupacionespsoe.es\/barbate\/wp-json\/wp\/v2\/tags?post=518"}],"curies":[{"name":"wp","href":"https:\/\/api.w.org\/{rel}","templated":true}]}}