{"id":497,"date":"2023-07-19T17:39:06","date_gmt":"2023-07-19T17:39:06","guid":{"rendered":"https:\/\/agrupacionespsoe.es\/barbate\/?p=497"},"modified":"2023-07-19T17:39:07","modified_gmt":"2023-07-19T17:39:07","slug":"el-psoe-niega-que-haya-denunciado-la-bolsa-de-empleo-como-deja-entrever-el-equipo-de-gobierno","status":"publish","type":"post","link":"https:\/\/agrupacionespsoe.es\/barbate\/el-psoe-niega-que-haya-denunciado-la-bolsa-de-empleo-como-deja-entrever-el-equipo-de-gobierno\/","title":{"rendered":"El PSOE niega que haya denunciado la Bolsa de Empleo como deja entrever el equipo de Gobierno"},"content":{"rendered":"\n<p><em>El Grupo Municipal Socialista piden la dimisi\u00f3n de Molina si no se demuestra las falsas acusaciones vertidas<\/em><\/p>\n\n\n\n<p><em>Rodr\u00edguez: \u201cEl alcalde elude responsabilidades, creando bulos y enga\u00f1ando a la ciudadan\u00eda con medias verdades\u201d<\/em><\/p>\n\n\n\n<p><strong>Barbate, 19 de julio de 2023.<\/strong> El Grupo Municipal Socialista se ha reunido con una treintena de trabajadores y trabajadoras que no han sido renovados por una denuncia a la Bolsa de Empleo. Una bolsa que, en palabras del segundo teniente de alcalde, Juan Miguel Mu\u00f1oz, \u201cest\u00e1 caducada\u201d y que se lleva prorrog\u00e1ndose desde el a\u00f1o 2018, pero haci\u00e9ndose acuerdos puntuales cada a\u00f1o. Se trata de 30 familias que se ven en la calle y desamparados por un Equipo de Gobierno \u201cque no ha hecho bien su trabajo\u201d.<\/p>\n\n\n\n<p>En unas declaraciones en los medios de comunicaci\u00f3n el alcalde, los ediles del Gobierno han insinuado que, aunque la denuncia es an\u00f3nima, es \u201cun partido adverso\u201d el que est\u00e1 detr\u00e1s de ella. En comentarios a t\u00edtulo privado, hablan directamente del PSOE como responsable de la misma, incluso relacionando a su portavoz. Es por ello que Javier Rodr\u00edguez, portavoz socialista, ha esgrimido que \u201cpedir\u00e1 la dimisi\u00f3n del alcalde si no se retracta de las acusaciones vertidas, por mentir a la ciudadan\u00eda, acusarnos y eludir la responsabilidad\u201d.<\/p>\n\n\n\n<p>Asimismo, se ha pedido una reuni\u00f3n con car\u00e1cter de urgencia para conocer toda la informaci\u00f3n al respecto y que se busquen las posibles alternativas para solucionar este asunto. Incluso el Grupo Municipal Socialista ha comentado en rueda de prensa que tienden la mano al Equipo de Gobierno para esclarecer este asunto.<\/p>\n\n\n\n<p>Por otro lado, Miguel Molina ha trasladado que hay un informe de la Intervenci\u00f3n de Fondos desfavorable por la caducidad de la bolsa, a pesar de que hay consignaci\u00f3n presupuestaria.<\/p>\n\n\n\n<p>En boca de los trabajadores que se han reunido con el PSOE, \u201cel alcalde ha hecho todo estas gestiones para ganar las elecciones\u201d. \u201cNos han tenido como esclavas, como mulos de carga, trabajando con lesiones. Hemos limpiado sin utensilios, ni herramientas adecuadas, con nuestras propias manos\u201d, en declaraciones vertidas por parte de las trabajadoras.<\/p>\n\n\n\n<p>El alcalde, Miguel Molina, lo que hace siempre es \u201celudir la responsabilidad, manipular a las familias cont\u00e1ndole medias verdades, dejar entrever posibles acusaciones creando bulos e insinuaciones que generan un odio hacia los dem\u00e1s partidos. Todo ello para tapar la p\u00e9sima gesti\u00f3n que ha realizado durante estos \u00faltimos a\u00f1os y que sigue llevando a cabo. Utiliza el mismo <em>modus operandi<\/em>, eludir responsabilidad y echarle las culpas a otros\u201d, seg\u00fan el socialista.<\/p>\n\n\n\n<p>Rodr\u00edguez denuncia tambi\u00e9n la falta de comunicaci\u00f3n con los partidos de la oposici\u00f3n para tratar asuntos de inter\u00e9s general. \u201cA d\u00eda de hoy no s\u00f3lo no se ha celebrado el pleno de organizaci\u00f3n, sino que ni siquiera ha habido un acercamiento para consensuar las condiciones de la nueva Corporaci\u00f3n Municipal tal y como est\u00e1 establecido en ley\u201d, seg\u00fan el portavoz socialista.<\/p>\n","protected":false},"excerpt":{"rendered":"<p>El Grupo Municipal Socialista piden la dimisi\u00f3n de Molina si no se demuestra las falsas acusaciones vertidas Rodr\u00edguez: \u201cEl alcalde elude responsabilidades, creando bulos y enga\u00f1ando a la ciudadan\u00eda con medias verdades\u201d Barbate, 19 de julio de 2023. El Grupo Municipal Socialista se ha reunido con una treintena de trabajadores y trabajadoras que no han &#8230;<\/p>\n","protected":false},"author":155,"featured_media":498,"comment_status":"open","ping_status":"open","sticky":false,"template":"","format":"standard","meta":{"_jetpack_memberships_contains_paid_content":false,"footnotes":""},"categories":[1],"tags":[8],"class_list":["post-497","post","type-post","status-publish","format-standard","has-post-thumbnail","hentry","category-sin-categoria","tag-barbate"],"yoast_head":"<!-- This site is optimized with the Yoast SEO plugin v24.0 - https:\/\/yoast.com\/wordpress\/plugins\/seo\/ -->\n<title>El PSOE niega que haya denunciado la Bolsa de Empleo como deja entrever el equipo de Gobierno - PSOE Barbate<\/title>\n<meta name=\"robots\" content=\"index, follow, max-snippet:-1, max-image-preview:large, max-video-preview:-1\" \/>\n<link rel=\"canonical\" href=\"https:\/\/agrupacionespsoe.es\/barbate\/el-psoe-niega-que-haya-denunciado-la-bolsa-de-empleo-como-deja-entrever-el-equipo-de-gobierno\/\" \/>\n<meta property=\"og:locale\" content=\"es_ES\" \/>\n<meta property=\"og:type\" content=\"article\" \/>\n<meta property=\"og:title\" content=\"El PSOE niega que haya denunciado la Bolsa de Empleo como deja entrever el equipo de Gobierno - PSOE Barbate\" \/>\n<meta property=\"og:description\" content=\"El Grupo Municipal Socialista piden la dimisi\u00f3n de Molina si no se demuestra las falsas acusaciones vertidas Rodr\u00edguez: \u201cEl alcalde elude responsabilidades, creando bulos y enga\u00f1ando a la ciudadan\u00eda con medias verdades\u201d Barbate, 19 de julio de 2023. El Grupo Municipal Socialista se ha reunido con una treintena de trabajadores y trabajadoras que no han ...\" \/>\n<meta property=\"og:url\" content=\"https:\/\/agrupacionespsoe.es\/barbate\/el-psoe-niega-que-haya-denunciado-la-bolsa-de-empleo-como-deja-entrever-el-equipo-de-gobierno\/\" \/>\n<meta property=\"og:site_name\" content=\"PSOE Barbate\" \/>\n<meta property=\"article:published_time\" content=\"2023-07-19T17:39:06+00:00\" \/>\n<meta property=\"article:modified_time\" content=\"2023-07-19T17:39:07+00:00\" \/>\n<meta property=\"og:image\" content=\"https:\/\/agrupacionespsoe.es\/barbate\/wp-content\/uploads\/sites\/104\/2023\/07\/IMG20230719174144-scaled.jpg\" \/>\n\t<meta property=\"og:image:width\" content=\"2560\" \/>\n\t<meta property=\"og:image:height\" content=\"1920\" \/>\n\t<meta property=\"og:image:type\" content=\"image\/jpeg\" \/>\n<meta name=\"author\" content=\"barbate1\" \/>\n<meta name=\"twitter:card\" content=\"summary_large_image\" \/>\n<meta name=\"twitter:label1\" content=\"Escrito por\" \/>\n\t<meta name=\"twitter:data1\" content=\"barbate1\" \/>\n\t<meta name=\"twitter:label2\" content=\"Tiempo de lectura\" \/>\n\t<meta name=\"twitter:data2\" content=\"3 minutos\" \/>\n<script type=\"application\/ld+json\" class=\"yoast-schema-graph\">{\"@context\":\"https:\/\/schema.org\",\"@graph\":[{\"@type\":\"Article\",\"@id\":\"https:\/\/agrupacionespsoe.es\/barbate\/el-psoe-niega-que-haya-denunciado-la-bolsa-de-empleo-como-deja-entrever-el-equipo-de-gobierno\/#article\",\"isPartOf\":{\"@id\":\"https:\/\/agrupacionespsoe.es\/barbate\/el-psoe-niega-que-haya-denunciado-la-bolsa-de-empleo-como-deja-entrever-el-equipo-de-gobierno\/\"},\"author\":{\"name\":\"barbate1\",\"@id\":\"https:\/\/agrupacionespsoe.es\/barbate\/#\/schema\/person\/fb57332b771136035857e2a17089b403\"},\"headline\":\"El PSOE niega que haya denunciado la Bolsa de Empleo como deja entrever el equipo de Gobierno\",\"datePublished\":\"2023-07-19T17:39:06+00:00\",\"dateModified\":\"2023-07-19T17:39:07+00:00\",\"mainEntityOfPage\":{\"@id\":\"https:\/\/agrupacionespsoe.es\/barbate\/el-psoe-niega-que-haya-denunciado-la-bolsa-de-empleo-como-deja-entrever-el-equipo-de-gobierno\/\"},\"wordCount\":522,\"commentCount\":0,\"publisher\":{\"@id\":\"https:\/\/agrupacionespsoe.es\/barbate\/#organization\"},\"image\":{\"@id\":\"https:\/\/agrupacionespsoe.es\/barbate\/el-psoe-niega-que-haya-denunciado-la-bolsa-de-empleo-como-deja-entrever-el-equipo-de-gobierno\/#primaryimage\"},\"thumbnailUrl\":\"https:\/\/agrupacionespsoe.es\/barbate\/wp-content\/uploads\/sites\/104\/2023\/07\/IMG20230719174144-scaled.jpg\",\"keywords\":[\"barbate\"],\"inLanguage\":\"es\",\"potentialAction\":[{\"@type\":\"CommentAction\",\"name\":\"Comment\",\"target\":[\"https:\/\/agrupacionespsoe.es\/barbate\/el-psoe-niega-que-haya-denunciado-la-bolsa-de-empleo-como-deja-entrever-el-equipo-de-gobierno\/#respond\"]}]},{\"@type\":\"WebPage\",\"@id\":\"https:\/\/agrupacionespsoe.es\/barbate\/el-psoe-niega-que-haya-denunciado-la-bolsa-de-empleo-como-deja-entrever-el-equipo-de-gobierno\/\",\"url\":\"https:\/\/agrupacionespsoe.es\/barbate\/el-psoe-niega-que-haya-denunciado-la-bolsa-de-empleo-como-deja-entrever-el-equipo-de-gobierno\/\",\"name\":\"El PSOE niega que haya denunciado la Bolsa de Empleo como deja entrever el equipo de Gobierno - PSOE Barbate\",\"isPartOf\":{\"@id\":\"https:\/\/agrupacionespsoe.es\/barbate\/#website\"},\"primaryImageOfPage\":{\"@id\":\"https:\/\/agrupacionespsoe.es\/barbate\/el-psoe-niega-que-haya-denunciado-la-bolsa-de-empleo-como-deja-entrever-el-equipo-de-gobierno\/#primaryimage\"},\"image\":{\"@id\":\"https:\/\/agrupacionespsoe.es\/barbate\/el-psoe-niega-que-haya-denunciado-la-bolsa-de-empleo-como-deja-entrever-el-equipo-de-gobierno\/#primaryimage\"},\"thumbnailUrl\":\"https:\/\/agrupacionespsoe.es\/barbate\/wp-content\/uploads\/sites\/104\/2023\/07\/IMG20230719174144-scaled.jpg\",\"datePublished\":\"2023-07-19T17:39:06+00:00\",\"dateModified\":\"2023-07-19T17:39:07+00:00\",\"breadcrumb\":{\"@id\":\"https:\/\/agrupacionespsoe.es\/barbate\/el-psoe-niega-que-haya-denunciado-la-bolsa-de-empleo-como-deja-entrever-el-equipo-de-gobierno\/#breadcrumb\"},\"inLanguage\":\"es\",\"potentialAction\":[{\"@type\":\"ReadAction\",\"target\":[\"https:\/\/agrupacionespsoe.es\/barbate\/el-psoe-niega-que-haya-denunciado-la-bolsa-de-empleo-como-deja-entrever-el-equipo-de-gobierno\/\"]}]},{\"@type\":\"ImageObject\",\"inLanguage\":\"es\",\"@id\":\"https:\/\/agrupacionespsoe.es\/barbate\/el-psoe-niega-que-haya-denunciado-la-bolsa-de-empleo-como-deja-entrever-el-equipo-de-gobierno\/#primaryimage\",\"url\":\"https:\/\/agrupacionespsoe.es\/barbate\/wp-content\/uploads\/sites\/104\/2023\/07\/IMG20230719174144-scaled.jpg\",\"contentUrl\":\"https:\/\/agrupacionespsoe.es\/barbate\/wp-content\/uploads\/sites\/104\/2023\/07\/IMG20230719174144-scaled.jpg\",\"width\":2560,\"height\":1920},{\"@type\":\"BreadcrumbList\",\"@id\":\"https:\/\/agrupacionespsoe.es\/barbate\/el-psoe-niega-que-haya-denunciado-la-bolsa-de-empleo-como-deja-entrever-el-equipo-de-gobierno\/#breadcrumb\",\"itemListElement\":[{\"@type\":\"ListItem\",\"position\":1,\"name\":\"Portada\",\"item\":\"https:\/\/agrupacionespsoe.es\/barbate\/\"},{\"@type\":\"ListItem\",\"position\":2,\"name\":\"El PSOE niega que haya denunciado la Bolsa de Empleo como deja entrever el equipo de Gobierno\"}]},{\"@type\":\"WebSite\",\"@id\":\"https:\/\/agrupacionespsoe.es\/barbate\/#website\",\"url\":\"https:\/\/agrupacionespsoe.es\/barbate\/\",\"name\":\"PSOE Barbate\",\"description\":\"PSOE BARBATE\",\"publisher\":{\"@id\":\"https:\/\/agrupacionespsoe.es\/barbate\/#organization\"},\"potentialAction\":[{\"@type\":\"SearchAction\",\"target\":{\"@type\":\"EntryPoint\",\"urlTemplate\":\"https:\/\/agrupacionespsoe.es\/barbate\/?s={search_term_string}\"},\"query-input\":{\"@type\":\"PropertyValueSpecification\",\"valueRequired\":true,\"valueName\":\"search_term_string\"}}],\"inLanguage\":\"es\"},{\"@type\":\"Organization\",\"@id\":\"https:\/\/agrupacionespsoe.es\/barbate\/#organization\",\"name\":\"PSOE Barbate\",\"url\":\"https:\/\/agrupacionespsoe.es\/barbate\/\",\"logo\":{\"@type\":\"ImageObject\",\"inLanguage\":\"es\",\"@id\":\"https:\/\/agrupacionespsoe.es\/barbate\/#\/schema\/logo\/image\/\",\"url\":\"https:\/\/agrupacionespsoe.es\/wp-content\/uploads\/2022\/07\/Logotipo_electoral_del_PSOE.png\",\"contentUrl\":\"https:\/\/agrupacionespsoe.es\/wp-content\/uploads\/2022\/07\/Logotipo_electoral_del_PSOE.png\",\"width\":422,\"height\":422,\"caption\":\"PSOE Barbate\"},\"image\":{\"@id\":\"https:\/\/agrupacionespsoe.es\/barbate\/#\/schema\/logo\/image\/\"}},{\"@type\":\"Person\",\"@id\":\"https:\/\/agrupacionespsoe.es\/barbate\/#\/schema\/person\/fb57332b771136035857e2a17089b403\",\"name\":\"barbate1\",\"image\":{\"@type\":\"ImageObject\",\"inLanguage\":\"es\",\"@id\":\"https:\/\/agrupacionespsoe.es\/barbate\/#\/schema\/person\/image\/\",\"url\":\"https:\/\/secure.gravatar.com\/avatar\/68ea7ed9431a20fed86e5d4af65dc975?s=96&d=mm&r=g\",\"contentUrl\":\"https:\/\/secure.gravatar.com\/avatar\/68ea7ed9431a20fed86e5d4af65dc975?s=96&d=mm&r=g\",\"caption\":\"barbate1\"},\"url\":\"https:\/\/agrupacionespsoe.es\/barbate\/author\/barbate1\/\"}]}<\/script>\n<!-- \/ Yoast SEO plugin. -->","yoast_head_json":{"title":"El PSOE niega que haya denunciado la Bolsa de Empleo como deja entrever el equipo de Gobierno - PSOE Barbate","robots":{"index":"index","follow":"follow","max-snippet":"max-snippet:-1","max-image-preview":"max-image-preview:large","max-video-preview":"max-video-preview:-1"},"canonical":"https:\/\/agrupacionespsoe.es\/barbate\/el-psoe-niega-que-haya-denunciado-la-bolsa-de-empleo-como-deja-entrever-el-equipo-de-gobierno\/","og_locale":"es_ES","og_type":"article","og_title":"El PSOE niega que haya denunciado la Bolsa de Empleo como deja entrever el equipo de Gobierno - PSOE Barbate","og_description":"El Grupo Municipal Socialista piden la dimisi\u00f3n de Molina si no se demuestra las falsas acusaciones vertidas Rodr\u00edguez: \u201cEl alcalde elude responsabilidades, creando bulos y enga\u00f1ando a la ciudadan\u00eda con medias verdades\u201d Barbate, 19 de julio de 2023. El Grupo Municipal Socialista se ha reunido con una treintena de trabajadores y trabajadoras que no han ...","og_url":"https:\/\/agrupacionespsoe.es\/barbate\/el-psoe-niega-que-haya-denunciado-la-bolsa-de-empleo-como-deja-entrever-el-equipo-de-gobierno\/","og_site_name":"PSOE Barbate","article_published_time":"2023-07-19T17:39:06+00:00","article_modified_time":"2023-07-19T17:39:07+00:00","og_image":[{"width":2560,"height":1920,"url":"https:\/\/agrupacionespsoe.es\/barbate\/wp-content\/uploads\/sites\/104\/2023\/07\/IMG20230719174144-scaled.jpg","type":"image\/jpeg"}],"author":"barbate1","twitter_card":"summary_large_image","twitter_misc":{"Escrito por":"barbate1","Tiempo de lectura":"3 minutos"},"schema":{"@context":"https:\/\/schema.org","@graph":[{"@type":"Article","@id":"https:\/\/agrupacionespsoe.es\/barbate\/el-psoe-niega-que-haya-denunciado-la-bolsa-de-empleo-como-deja-entrever-el-equipo-de-gobierno\/#article","isPartOf":{"@id":"https:\/\/agrupacionespsoe.es\/barbate\/el-psoe-niega-que-haya-denunciado-la-bolsa-de-empleo-como-deja-entrever-el-equipo-de-gobierno\/"},"author":{"name":"barbate1","@id":"https:\/\/agrupacionespsoe.es\/barbate\/#\/schema\/person\/fb57332b771136035857e2a17089b403"},"headline":"El PSOE niega que haya denunciado la Bolsa de Empleo como deja entrever el equipo de Gobierno","datePublished":"2023-07-19T17:39:06+00:00","dateModified":"2023-07-19T17:39:07+00:00","mainEntityOfPage":{"@id":"https:\/\/agrupacionespsoe.es\/barbate\/el-psoe-niega-que-haya-denunciado-la-bolsa-de-empleo-como-deja-entrever-el-equipo-de-gobierno\/"},"wordCount":522,"commentCount":0,"publisher":{"@id":"https:\/\/agrupacionespsoe.es\/barbate\/#organization"},"image":{"@id":"https:\/\/agrupacionespsoe.es\/barbate\/el-psoe-niega-que-haya-denunciado-la-bolsa-de-empleo-como-deja-entrever-el-equipo-de-gobierno\/#primaryimage"},"thumbnailUrl":"https:\/\/agrupacionespsoe.es\/barbate\/wp-content\/uploads\/sites\/104\/2023\/07\/IMG20230719174144-scaled.jpg","keywords":["barbate"],"inLanguage":"es","potentialAction":[{"@type":"CommentAction","name":"Comment","target":["https:\/\/agrupacionespsoe.es\/barbate\/el-psoe-niega-que-haya-denunciado-la-bolsa-de-empleo-como-deja-entrever-el-equipo-de-gobierno\/#respond"]}]},{"@type":"WebPage","@id":"https:\/\/agrupacionespsoe.es\/barbate\/el-psoe-niega-que-haya-denunciado-la-bolsa-de-empleo-como-deja-entrever-el-equipo-de-gobierno\/","url":"https:\/\/agrupacionespsoe.es\/barbate\/el-psoe-niega-que-haya-denunciado-la-bolsa-de-empleo-como-deja-entrever-el-equipo-de-gobierno\/","name":"El PSOE niega que haya denunciado la Bolsa de Empleo como deja entrever el equipo de Gobierno - PSOE Barbate","isPartOf":{"@id":"https:\/\/agrupacionespsoe.es\/barbate\/#website"},"primaryImageOfPage":{"@id":"https:\/\/agrupacionespsoe.es\/barbate\/el-psoe-niega-que-haya-denunciado-la-bolsa-de-empleo-como-deja-entrever-el-equipo-de-gobierno\/#primaryimage"},"image":{"@id":"https:\/\/agrupacionespsoe.es\/barbate\/el-psoe-niega-que-haya-denunciado-la-bolsa-de-empleo-como-deja-entrever-el-equipo-de-gobierno\/#primaryimage"},"thumbnailUrl":"https:\/\/agrupacionespsoe.es\/barbate\/wp-content\/uploads\/sites\/104\/2023\/07\/IMG20230719174144-scaled.jpg","datePublished":"2023-07-19T17:39:06+00:00","dateModified":"2023-07-19T17:39:07+00:00","breadcrumb":{"@id":"https:\/\/agrupacionespsoe.es\/barbate\/el-psoe-niega-que-haya-denunciado-la-bolsa-de-empleo-como-deja-entrever-el-equipo-de-gobierno\/#breadcrumb"},"inLanguage":"es","potentialAction":[{"@type":"ReadAction","target":["https:\/\/agrupacionespsoe.es\/barbate\/el-psoe-niega-que-haya-denunciado-la-bolsa-de-empleo-como-deja-entrever-el-equipo-de-gobierno\/"]}]},{"@type":"ImageObject","inLanguage":"es","@id":"https:\/\/agrupacionespsoe.es\/barbate\/el-psoe-niega-que-haya-denunciado-la-bolsa-de-empleo-como-deja-entrever-el-equipo-de-gobierno\/#primaryimage","url":"https:\/\/agrupacionespsoe.es\/barbate\/wp-content\/uploads\/sites\/104\/2023\/07\/IMG20230719174144-scaled.jpg","contentUrl":"https:\/\/agrupacionespsoe.es\/barbate\/wp-content\/uploads\/sites\/104\/2023\/07\/IMG20230719174144-scaled.jpg","width":2560,"height":1920},{"@type":"BreadcrumbList","@id":"https:\/\/agrupacionespsoe.es\/barbate\/el-psoe-niega-que-haya-denunciado-la-bolsa-de-empleo-como-deja-entrever-el-equipo-de-gobierno\/#breadcrumb","itemListElement":[{"@type":"ListItem","position":1,"name":"Portada","item":"https:\/\/agrupacionespsoe.es\/barbate\/"},{"@type":"ListItem","position":2,"name":"El PSOE niega que haya denunciado la Bolsa de Empleo como deja entrever el equipo de Gobierno"}]},{"@type":"WebSite","@id":"https:\/\/agrupacionespsoe.es\/barbate\/#website","url":"https:\/\/agrupacionespsoe.es\/barbate\/","name":"PSOE Barbate","description":"PSOE BARBATE","publisher":{"@id":"https:\/\/agrupacionespsoe.es\/barbate\/#organization"},"potentialAction":[{"@type":"SearchAction","target":{"@type":"EntryPoint","urlTemplate":"https:\/\/agrupacionespsoe.es\/barbate\/?s={search_term_string}"},"query-input":{"@type":"PropertyValueSpecification","valueRequired":true,"valueName":"search_term_string"}}],"inLanguage":"es"},{"@type":"Organization","@id":"https:\/\/agrupacionespsoe.es\/barbate\/#organization","name":"PSOE Barbate","url":"https:\/\/agrupacionespsoe.es\/barbate\/","logo":{"@type":"ImageObject","inLanguage":"es","@id":"https:\/\/agrupacionespsoe.es\/barbate\/#\/schema\/logo\/image\/","url":"https:\/\/agrupacionespsoe.es\/wp-content\/uploads\/2022\/07\/Logotipo_electoral_del_PSOE.png","contentUrl":"https:\/\/agrupacionespsoe.es\/wp-content\/uploads\/2022\/07\/Logotipo_electoral_del_PSOE.png","width":422,"height":422,"caption":"PSOE Barbate"},"image":{"@id":"https:\/\/agrupacionespsoe.es\/barbate\/#\/schema\/logo\/image\/"}},{"@type":"Person","@id":"https:\/\/agrupacionespsoe.es\/barbate\/#\/schema\/person\/fb57332b771136035857e2a17089b403","name":"barbate1","image":{"@type":"ImageObject","inLanguage":"es","@id":"https:\/\/agrupacionespsoe.es\/barbate\/#\/schema\/person\/image\/","url":"https:\/\/secure.gravatar.com\/avatar\/68ea7ed9431a20fed86e5d4af65dc975?s=96&d=mm&r=g","contentUrl":"https:\/\/secure.gravatar.com\/avatar\/68ea7ed9431a20fed86e5d4af65dc975?s=96&d=mm&r=g","caption":"barbate1"},"url":"https:\/\/agrupacionespsoe.es\/barbate\/author\/barbate1\/"}]}},"jetpack_featured_media_url":"https:\/\/agrupacionespsoe.es\/barbate\/wp-content\/uploads\/sites\/104\/2023\/07\/IMG20230719174144-scaled.jpg","jetpack_sharing_enabled":true,"_links":{"self":[{"href":"https:\/\/agrupacionespsoe.es\/barbate\/wp-json\/wp\/v2\/posts\/497","targetHints":{"allow":["GET"]}}],"collection":[{"href":"https:\/\/agrupacionespsoe.es\/barbate\/wp-json\/wp\/v2\/posts"}],"about":[{"href":"https:\/\/agrupacionespsoe.es\/barbate\/wp-json\/wp\/v2\/types\/post"}],"author":[{"embeddable":true,"href":"https:\/\/agrupacionespsoe.es\/barbate\/wp-json\/wp\/v2\/users\/155"}],"replies":[{"embeddable":true,"href":"https:\/\/agrupacionespsoe.es\/barbate\/wp-json\/wp\/v2\/comments?post=497"}],"version-history":[{"count":1,"href":"https:\/\/agrupacionespsoe.es\/barbate\/wp-json\/wp\/v2\/posts\/497\/revisions"}],"predecessor-version":[{"id":499,"href":"https:\/\/agrupacionespsoe.es\/barbate\/wp-json\/wp\/v2\/posts\/497\/revisions\/499"}],"wp:featuredmedia":[{"embeddable":true,"href":"https:\/\/agrupacionespsoe.es\/barbate\/wp-json\/wp\/v2\/media\/498"}],"wp:attachment":[{"href":"https:\/\/agrupacionespsoe.es\/barbate\/wp-json\/wp\/v2\/media?parent=497"}],"wp:term":[{"taxonomy":"category","embeddable":true,"href":"https:\/\/agrupacionespsoe.es\/barbate\/wp-json\/wp\/v2\/categories?post=497"},{"taxonomy":"post_tag","embeddable":true,"href":"https:\/\/agrupacionespsoe.es\/barbate\/wp-json\/wp\/v2\/tags?post=497"}],"curies":[{"name":"wp","href":"https:\/\/api.w.org\/{rel}","templated":true}]}}