{"id":456,"date":"2023-06-18T18:51:37","date_gmt":"2023-06-18T18:51:37","guid":{"rendered":"https:\/\/agrupacionespsoe.es\/barbate\/?p=456"},"modified":"2023-06-21T11:11:21","modified_gmt":"2023-06-21T11:11:21","slug":"presentes-en-la-copa-de-espana-de-balonmano-playa-junto-a-jaime-armario","status":"publish","type":"post","link":"https:\/\/agrupacionespsoe.es\/barbate\/presentes-en-la-copa-de-espana-de-balonmano-playa-junto-a-jaime-armario\/","title":{"rendered":"Presentes en la Copa de Espa\u00f1a de Balonmano Playa junto a Jaime Armario"},"content":{"rendered":"\n<p><span style=\"font-size: revert\">Nuestros pr\u00f3ximos concejales en la Corporaci\u00f3n Municipal, Javier Rodr\u00edguez y Mariloli Varo, han estado hoy en la Copa de Espa\u00f1a de Balonmano Playa acompa\u00f1ando al diputado de Deportes, Jaime Armario.<\/span><\/p>\n\n\n\n<p> Una gran apuesta que vuelve a poner a nuestro municipio en el epicentro del deporte nacional, gracias al trabajo de los equipos de Barbate con la inestimable colaboraci\u00f3n de la Diputaci\u00f3n de C\u00e1diz.<\/p>\n\n\n\n<p> Es un orgullo ver tanta actividad en nuestra Playa del Carmen, promoviendo los valores deportivos y promocionando nuestra localidad a nivel tur\u00edstico.<\/p>\n\n\n\n<p><span style=\"font-size: revert\">Deseamos especial suerte a nuestros equipos locales, que llevan siempre el nombre de Barbate por bandera y gozan de un gran reconocimiento por su esfuerzo, trabajo y calidad de juego.<\/span><\/p>\n\n\n\n<p> Por \u00faltimo, especial menci\u00f3n al <a href=\"https:\/\/www.facebook.com\/profile.php?id=100064742201651&amp;__cft__[0]=AZUq6Wc-HCn9af9-SKba4_p5tHkbSW6uMhIe5nD7tx2tbfyP5ypcnifJwDm22gZ_eH74KTPOZ_wx5WsOkv7uX_Ff4Wo8iUfDPsiOTmWlIxH8vRYnf4seZ4YJQq7vK5PcQppVq26TVUlk2GjkEqXLhxKyaH0JGeTe2gI8DqN_BsuL28hedQ3qKIEUgmfzZV7xOGo&amp;__tn__=-]K-R\">CD Recortes De Mojama<\/a> por la organizaci\u00f3n tambi\u00e9n estos d\u00edas de su torneo a nivel andaluz coincidiendo con la Copa de Espa\u00f1a.<\/p>\n\n\n\n<p><a href=\"https:\/\/www.facebook.com\/ClubBalonmanoBarbate?__cft__[0]=AZUq6Wc-HCn9af9-SKba4_p5tHkbSW6uMhIe5nD7tx2tbfyP5ypcnifJwDm22gZ_eH74KTPOZ_wx5WsOkv7uX_Ff4Wo8iUfDPsiOTmWlIxH8vRYnf4seZ4YJQq7vK5PcQppVq26TVUlk2GjkEqXLhxKyaH0JGeTe2gI8DqN_BsuL28hedQ3qKIEUgmfzZV7xOGo&amp;__tn__=-]K-R\">Club Balonmano Barbate<\/a><a href=\"https:\/\/www.facebook.com\/hashtag\/bmplayabarbate?__eep__=6&amp;__cft__[0]=AZUq6Wc-HCn9af9-SKba4_p5tHkbSW6uMhIe5nD7tx2tbfyP5ypcnifJwDm22gZ_eH74KTPOZ_wx5WsOkv7uX_Ff4Wo8iUfDPsiOTmWlIxH8vRYnf4seZ4YJQq7vK5PcQppVq26TVUlk2GjkEqXLhxKyaH0JGeTe2gI8DqN_BsuL28hedQ3qKIEUgmfzZV7xOGo&amp;__tn__=*NK-R\">#BMPlayaBarbate<\/a><\/p>\n","protected":false},"excerpt":{"rendered":"<p>Nuestros pr\u00f3ximos concejales en la Corporaci\u00f3n Municipal, Javier Rodr\u00edguez y Mariloli Varo, han estado hoy en la Copa de Espa\u00f1a de Balonmano Playa acompa\u00f1ando al diputado de Deportes, Jaime Armario. Una gran apuesta que vuelve a poner a nuestro municipio en el epicentro del deporte nacional, gracias al trabajo de los equipos de Barbate con &#8230;<\/p>\n","protected":false},"author":155,"featured_media":457,"comment_status":"open","ping_status":"open","sticky":false,"template":"","format":"standard","meta":{"_jetpack_memberships_contains_paid_content":false,"footnotes":""},"categories":[1],"tags":[],"class_list":["post-456","post","type-post","status-publish","format-standard","has-post-thumbnail","hentry","category-sin-categoria"],"yoast_head":"<!-- This site is optimized with the Yoast SEO plugin v24.0 - https:\/\/yoast.com\/wordpress\/plugins\/seo\/ -->\n<title>Presentes en la Copa de Espa\u00f1a de Balonmano Playa junto a Jaime Armario - PSOE Barbate<\/title>\n<meta name=\"robots\" content=\"index, follow, max-snippet:-1, max-image-preview:large, max-video-preview:-1\" \/>\n<link rel=\"canonical\" href=\"https:\/\/agrupacionespsoe.es\/barbate\/presentes-en-la-copa-de-espana-de-balonmano-playa-junto-a-jaime-armario\/\" \/>\n<meta property=\"og:locale\" content=\"es_ES\" \/>\n<meta property=\"og:type\" content=\"article\" \/>\n<meta property=\"og:title\" content=\"Presentes en la Copa de Espa\u00f1a de Balonmano Playa junto a Jaime Armario - PSOE Barbate\" \/>\n<meta property=\"og:description\" content=\"Nuestros pr\u00f3ximos concejales en la Corporaci\u00f3n Municipal, Javier Rodr\u00edguez y Mariloli Varo, han estado hoy en la Copa de Espa\u00f1a de Balonmano Playa acompa\u00f1ando al diputado de Deportes, Jaime Armario. Una gran apuesta que vuelve a poner a nuestro municipio en el epicentro del deporte nacional, gracias al trabajo de los equipos de Barbate con ...\" \/>\n<meta property=\"og:url\" content=\"https:\/\/agrupacionespsoe.es\/barbate\/presentes-en-la-copa-de-espana-de-balonmano-playa-junto-a-jaime-armario\/\" \/>\n<meta property=\"og:site_name\" content=\"PSOE Barbate\" \/>\n<meta property=\"article:published_time\" content=\"2023-06-18T18:51:37+00:00\" \/>\n<meta property=\"article:modified_time\" content=\"2023-06-21T11:11:21+00:00\" \/>\n<meta property=\"og:image\" content=\"https:\/\/agrupacionespsoe.es\/barbate\/wp-content\/uploads\/sites\/104\/2023\/06\/347385312_641966851290321_2419051413806935833_n.jpg\" \/>\n\t<meta property=\"og:image:width\" content=\"2048\" \/>\n\t<meta property=\"og:image:height\" content=\"1365\" \/>\n\t<meta property=\"og:image:type\" content=\"image\/jpeg\" \/>\n<meta name=\"author\" content=\"barbate1\" \/>\n<meta name=\"twitter:card\" content=\"summary_large_image\" \/>\n<meta name=\"twitter:label1\" content=\"Escrito por\" \/>\n\t<meta name=\"twitter:data1\" content=\"barbate1\" \/>\n\t<meta name=\"twitter:label2\" content=\"Tiempo de lectura\" \/>\n\t<meta name=\"twitter:data2\" content=\"1 minuto\" \/>\n<script type=\"application\/ld+json\" class=\"yoast-schema-graph\">{\"@context\":\"https:\/\/schema.org\",\"@graph\":[{\"@type\":\"Article\",\"@id\":\"https:\/\/agrupacionespsoe.es\/barbate\/presentes-en-la-copa-de-espana-de-balonmano-playa-junto-a-jaime-armario\/#article\",\"isPartOf\":{\"@id\":\"https:\/\/agrupacionespsoe.es\/barbate\/presentes-en-la-copa-de-espana-de-balonmano-playa-junto-a-jaime-armario\/\"},\"author\":{\"name\":\"barbate1\",\"@id\":\"https:\/\/agrupacionespsoe.es\/barbate\/#\/schema\/person\/fb57332b771136035857e2a17089b403\"},\"headline\":\"Presentes en la Copa de Espa\u00f1a de Balonmano Playa junto a Jaime Armario\",\"datePublished\":\"2023-06-18T18:51:37+00:00\",\"dateModified\":\"2023-06-21T11:11:21+00:00\",\"mainEntityOfPage\":{\"@id\":\"https:\/\/agrupacionespsoe.es\/barbate\/presentes-en-la-copa-de-espana-de-balonmano-playa-junto-a-jaime-armario\/\"},\"wordCount\":174,\"commentCount\":0,\"publisher\":{\"@id\":\"https:\/\/agrupacionespsoe.es\/barbate\/#organization\"},\"image\":{\"@id\":\"https:\/\/agrupacionespsoe.es\/barbate\/presentes-en-la-copa-de-espana-de-balonmano-playa-junto-a-jaime-armario\/#primaryimage\"},\"thumbnailUrl\":\"https:\/\/agrupacionespsoe.es\/barbate\/wp-content\/uploads\/sites\/104\/2023\/06\/347385312_641966851290321_2419051413806935833_n.jpg\",\"inLanguage\":\"es\",\"potentialAction\":[{\"@type\":\"CommentAction\",\"name\":\"Comment\",\"target\":[\"https:\/\/agrupacionespsoe.es\/barbate\/presentes-en-la-copa-de-espana-de-balonmano-playa-junto-a-jaime-armario\/#respond\"]}]},{\"@type\":\"WebPage\",\"@id\":\"https:\/\/agrupacionespsoe.es\/barbate\/presentes-en-la-copa-de-espana-de-balonmano-playa-junto-a-jaime-armario\/\",\"url\":\"https:\/\/agrupacionespsoe.es\/barbate\/presentes-en-la-copa-de-espana-de-balonmano-playa-junto-a-jaime-armario\/\",\"name\":\"Presentes en la Copa de Espa\u00f1a de Balonmano Playa junto a Jaime Armario - PSOE Barbate\",\"isPartOf\":{\"@id\":\"https:\/\/agrupacionespsoe.es\/barbate\/#website\"},\"primaryImageOfPage\":{\"@id\":\"https:\/\/agrupacionespsoe.es\/barbate\/presentes-en-la-copa-de-espana-de-balonmano-playa-junto-a-jaime-armario\/#primaryimage\"},\"image\":{\"@id\":\"https:\/\/agrupacionespsoe.es\/barbate\/presentes-en-la-copa-de-espana-de-balonmano-playa-junto-a-jaime-armario\/#primaryimage\"},\"thumbnailUrl\":\"https:\/\/agrupacionespsoe.es\/barbate\/wp-content\/uploads\/sites\/104\/2023\/06\/347385312_641966851290321_2419051413806935833_n.jpg\",\"datePublished\":\"2023-06-18T18:51:37+00:00\",\"dateModified\":\"2023-06-21T11:11:21+00:00\",\"breadcrumb\":{\"@id\":\"https:\/\/agrupacionespsoe.es\/barbate\/presentes-en-la-copa-de-espana-de-balonmano-playa-junto-a-jaime-armario\/#breadcrumb\"},\"inLanguage\":\"es\",\"potentialAction\":[{\"@type\":\"ReadAction\",\"target\":[\"https:\/\/agrupacionespsoe.es\/barbate\/presentes-en-la-copa-de-espana-de-balonmano-playa-junto-a-jaime-armario\/\"]}]},{\"@type\":\"ImageObject\",\"inLanguage\":\"es\",\"@id\":\"https:\/\/agrupacionespsoe.es\/barbate\/presentes-en-la-copa-de-espana-de-balonmano-playa-junto-a-jaime-armario\/#primaryimage\",\"url\":\"https:\/\/agrupacionespsoe.es\/barbate\/wp-content\/uploads\/sites\/104\/2023\/06\/347385312_641966851290321_2419051413806935833_n.jpg\",\"contentUrl\":\"https:\/\/agrupacionespsoe.es\/barbate\/wp-content\/uploads\/sites\/104\/2023\/06\/347385312_641966851290321_2419051413806935833_n.jpg\",\"width\":2048,\"height\":1365},{\"@type\":\"BreadcrumbList\",\"@id\":\"https:\/\/agrupacionespsoe.es\/barbate\/presentes-en-la-copa-de-espana-de-balonmano-playa-junto-a-jaime-armario\/#breadcrumb\",\"itemListElement\":[{\"@type\":\"ListItem\",\"position\":1,\"name\":\"Portada\",\"item\":\"https:\/\/agrupacionespsoe.es\/barbate\/\"},{\"@type\":\"ListItem\",\"position\":2,\"name\":\"Presentes en la Copa de Espa\u00f1a de Balonmano Playa junto a Jaime Armario\"}]},{\"@type\":\"WebSite\",\"@id\":\"https:\/\/agrupacionespsoe.es\/barbate\/#website\",\"url\":\"https:\/\/agrupacionespsoe.es\/barbate\/\",\"name\":\"PSOE Barbate\",\"description\":\"PSOE BARBATE\",\"publisher\":{\"@id\":\"https:\/\/agrupacionespsoe.es\/barbate\/#organization\"},\"potentialAction\":[{\"@type\":\"SearchAction\",\"target\":{\"@type\":\"EntryPoint\",\"urlTemplate\":\"https:\/\/agrupacionespsoe.es\/barbate\/?s={search_term_string}\"},\"query-input\":{\"@type\":\"PropertyValueSpecification\",\"valueRequired\":true,\"valueName\":\"search_term_string\"}}],\"inLanguage\":\"es\"},{\"@type\":\"Organization\",\"@id\":\"https:\/\/agrupacionespsoe.es\/barbate\/#organization\",\"name\":\"PSOE Barbate\",\"url\":\"https:\/\/agrupacionespsoe.es\/barbate\/\",\"logo\":{\"@type\":\"ImageObject\",\"inLanguage\":\"es\",\"@id\":\"https:\/\/agrupacionespsoe.es\/barbate\/#\/schema\/logo\/image\/\",\"url\":\"https:\/\/agrupacionespsoe.es\/wp-content\/uploads\/2022\/07\/Logotipo_electoral_del_PSOE.png\",\"contentUrl\":\"https:\/\/agrupacionespsoe.es\/wp-content\/uploads\/2022\/07\/Logotipo_electoral_del_PSOE.png\",\"width\":422,\"height\":422,\"caption\":\"PSOE Barbate\"},\"image\":{\"@id\":\"https:\/\/agrupacionespsoe.es\/barbate\/#\/schema\/logo\/image\/\"}},{\"@type\":\"Person\",\"@id\":\"https:\/\/agrupacionespsoe.es\/barbate\/#\/schema\/person\/fb57332b771136035857e2a17089b403\",\"name\":\"barbate1\",\"image\":{\"@type\":\"ImageObject\",\"inLanguage\":\"es\",\"@id\":\"https:\/\/agrupacionespsoe.es\/barbate\/#\/schema\/person\/image\/\",\"url\":\"https:\/\/secure.gravatar.com\/avatar\/68ea7ed9431a20fed86e5d4af65dc975?s=96&d=mm&r=g\",\"contentUrl\":\"https:\/\/secure.gravatar.com\/avatar\/68ea7ed9431a20fed86e5d4af65dc975?s=96&d=mm&r=g\",\"caption\":\"barbate1\"},\"url\":\"https:\/\/agrupacionespsoe.es\/barbate\/author\/barbate1\/\"}]}<\/script>\n<!-- \/ Yoast SEO plugin. -->","yoast_head_json":{"title":"Presentes en la Copa de Espa\u00f1a de Balonmano Playa junto a Jaime Armario - PSOE Barbate","robots":{"index":"index","follow":"follow","max-snippet":"max-snippet:-1","max-image-preview":"max-image-preview:large","max-video-preview":"max-video-preview:-1"},"canonical":"https:\/\/agrupacionespsoe.es\/barbate\/presentes-en-la-copa-de-espana-de-balonmano-playa-junto-a-jaime-armario\/","og_locale":"es_ES","og_type":"article","og_title":"Presentes en la Copa de Espa\u00f1a de Balonmano Playa junto a Jaime Armario - PSOE Barbate","og_description":"Nuestros pr\u00f3ximos concejales en la Corporaci\u00f3n Municipal, Javier Rodr\u00edguez y Mariloli Varo, han estado hoy en la Copa de Espa\u00f1a de Balonmano Playa acompa\u00f1ando al diputado de Deportes, Jaime Armario. Una gran apuesta que vuelve a poner a nuestro municipio en el epicentro del deporte nacional, gracias al trabajo de los equipos de Barbate con ...","og_url":"https:\/\/agrupacionespsoe.es\/barbate\/presentes-en-la-copa-de-espana-de-balonmano-playa-junto-a-jaime-armario\/","og_site_name":"PSOE Barbate","article_published_time":"2023-06-18T18:51:37+00:00","article_modified_time":"2023-06-21T11:11:21+00:00","og_image":[{"width":2048,"height":1365,"url":"https:\/\/agrupacionespsoe.es\/barbate\/wp-content\/uploads\/sites\/104\/2023\/06\/347385312_641966851290321_2419051413806935833_n.jpg","type":"image\/jpeg"}],"author":"barbate1","twitter_card":"summary_large_image","twitter_misc":{"Escrito por":"barbate1","Tiempo de lectura":"1 minuto"},"schema":{"@context":"https:\/\/schema.org","@graph":[{"@type":"Article","@id":"https:\/\/agrupacionespsoe.es\/barbate\/presentes-en-la-copa-de-espana-de-balonmano-playa-junto-a-jaime-armario\/#article","isPartOf":{"@id":"https:\/\/agrupacionespsoe.es\/barbate\/presentes-en-la-copa-de-espana-de-balonmano-playa-junto-a-jaime-armario\/"},"author":{"name":"barbate1","@id":"https:\/\/agrupacionespsoe.es\/barbate\/#\/schema\/person\/fb57332b771136035857e2a17089b403"},"headline":"Presentes en la Copa de Espa\u00f1a de Balonmano Playa junto a Jaime Armario","datePublished":"2023-06-18T18:51:37+00:00","dateModified":"2023-06-21T11:11:21+00:00","mainEntityOfPage":{"@id":"https:\/\/agrupacionespsoe.es\/barbate\/presentes-en-la-copa-de-espana-de-balonmano-playa-junto-a-jaime-armario\/"},"wordCount":174,"commentCount":0,"publisher":{"@id":"https:\/\/agrupacionespsoe.es\/barbate\/#organization"},"image":{"@id":"https:\/\/agrupacionespsoe.es\/barbate\/presentes-en-la-copa-de-espana-de-balonmano-playa-junto-a-jaime-armario\/#primaryimage"},"thumbnailUrl":"https:\/\/agrupacionespsoe.es\/barbate\/wp-content\/uploads\/sites\/104\/2023\/06\/347385312_641966851290321_2419051413806935833_n.jpg","inLanguage":"es","potentialAction":[{"@type":"CommentAction","name":"Comment","target":["https:\/\/agrupacionespsoe.es\/barbate\/presentes-en-la-copa-de-espana-de-balonmano-playa-junto-a-jaime-armario\/#respond"]}]},{"@type":"WebPage","@id":"https:\/\/agrupacionespsoe.es\/barbate\/presentes-en-la-copa-de-espana-de-balonmano-playa-junto-a-jaime-armario\/","url":"https:\/\/agrupacionespsoe.es\/barbate\/presentes-en-la-copa-de-espana-de-balonmano-playa-junto-a-jaime-armario\/","name":"Presentes en la Copa de Espa\u00f1a de Balonmano Playa junto a Jaime Armario - PSOE Barbate","isPartOf":{"@id":"https:\/\/agrupacionespsoe.es\/barbate\/#website"},"primaryImageOfPage":{"@id":"https:\/\/agrupacionespsoe.es\/barbate\/presentes-en-la-copa-de-espana-de-balonmano-playa-junto-a-jaime-armario\/#primaryimage"},"image":{"@id":"https:\/\/agrupacionespsoe.es\/barbate\/presentes-en-la-copa-de-espana-de-balonmano-playa-junto-a-jaime-armario\/#primaryimage"},"thumbnailUrl":"https:\/\/agrupacionespsoe.es\/barbate\/wp-content\/uploads\/sites\/104\/2023\/06\/347385312_641966851290321_2419051413806935833_n.jpg","datePublished":"2023-06-18T18:51:37+00:00","dateModified":"2023-06-21T11:11:21+00:00","breadcrumb":{"@id":"https:\/\/agrupacionespsoe.es\/barbate\/presentes-en-la-copa-de-espana-de-balonmano-playa-junto-a-jaime-armario\/#breadcrumb"},"inLanguage":"es","potentialAction":[{"@type":"ReadAction","target":["https:\/\/agrupacionespsoe.es\/barbate\/presentes-en-la-copa-de-espana-de-balonmano-playa-junto-a-jaime-armario\/"]}]},{"@type":"ImageObject","inLanguage":"es","@id":"https:\/\/agrupacionespsoe.es\/barbate\/presentes-en-la-copa-de-espana-de-balonmano-playa-junto-a-jaime-armario\/#primaryimage","url":"https:\/\/agrupacionespsoe.es\/barbate\/wp-content\/uploads\/sites\/104\/2023\/06\/347385312_641966851290321_2419051413806935833_n.jpg","contentUrl":"https:\/\/agrupacionespsoe.es\/barbate\/wp-content\/uploads\/sites\/104\/2023\/06\/347385312_641966851290321_2419051413806935833_n.jpg","width":2048,"height":1365},{"@type":"BreadcrumbList","@id":"https:\/\/agrupacionespsoe.es\/barbate\/presentes-en-la-copa-de-espana-de-balonmano-playa-junto-a-jaime-armario\/#breadcrumb","itemListElement":[{"@type":"ListItem","position":1,"name":"Portada","item":"https:\/\/agrupacionespsoe.es\/barbate\/"},{"@type":"ListItem","position":2,"name":"Presentes en la Copa de Espa\u00f1a de Balonmano Playa junto a Jaime Armario"}]},{"@type":"WebSite","@id":"https:\/\/agrupacionespsoe.es\/barbate\/#website","url":"https:\/\/agrupacionespsoe.es\/barbate\/","name":"PSOE Barbate","description":"PSOE BARBATE","publisher":{"@id":"https:\/\/agrupacionespsoe.es\/barbate\/#organization"},"potentialAction":[{"@type":"SearchAction","target":{"@type":"EntryPoint","urlTemplate":"https:\/\/agrupacionespsoe.es\/barbate\/?s={search_term_string}"},"query-input":{"@type":"PropertyValueSpecification","valueRequired":true,"valueName":"search_term_string"}}],"inLanguage":"es"},{"@type":"Organization","@id":"https:\/\/agrupacionespsoe.es\/barbate\/#organization","name":"PSOE Barbate","url":"https:\/\/agrupacionespsoe.es\/barbate\/","logo":{"@type":"ImageObject","inLanguage":"es","@id":"https:\/\/agrupacionespsoe.es\/barbate\/#\/schema\/logo\/image\/","url":"https:\/\/agrupacionespsoe.es\/wp-content\/uploads\/2022\/07\/Logotipo_electoral_del_PSOE.png","contentUrl":"https:\/\/agrupacionespsoe.es\/wp-content\/uploads\/2022\/07\/Logotipo_electoral_del_PSOE.png","width":422,"height":422,"caption":"PSOE Barbate"},"image":{"@id":"https:\/\/agrupacionespsoe.es\/barbate\/#\/schema\/logo\/image\/"}},{"@type":"Person","@id":"https:\/\/agrupacionespsoe.es\/barbate\/#\/schema\/person\/fb57332b771136035857e2a17089b403","name":"barbate1","image":{"@type":"ImageObject","inLanguage":"es","@id":"https:\/\/agrupacionespsoe.es\/barbate\/#\/schema\/person\/image\/","url":"https:\/\/secure.gravatar.com\/avatar\/68ea7ed9431a20fed86e5d4af65dc975?s=96&d=mm&r=g","contentUrl":"https:\/\/secure.gravatar.com\/avatar\/68ea7ed9431a20fed86e5d4af65dc975?s=96&d=mm&r=g","caption":"barbate1"},"url":"https:\/\/agrupacionespsoe.es\/barbate\/author\/barbate1\/"}]}},"jetpack_featured_media_url":"https:\/\/agrupacionespsoe.es\/barbate\/wp-content\/uploads\/sites\/104\/2023\/06\/347385312_641966851290321_2419051413806935833_n.jpg","jetpack_sharing_enabled":true,"_links":{"self":[{"href":"https:\/\/agrupacionespsoe.es\/barbate\/wp-json\/wp\/v2\/posts\/456","targetHints":{"allow":["GET"]}}],"collection":[{"href":"https:\/\/agrupacionespsoe.es\/barbate\/wp-json\/wp\/v2\/posts"}],"about":[{"href":"https:\/\/agrupacionespsoe.es\/barbate\/wp-json\/wp\/v2\/types\/post"}],"author":[{"embeddable":true,"href":"https:\/\/agrupacionespsoe.es\/barbate\/wp-json\/wp\/v2\/users\/155"}],"replies":[{"embeddable":true,"href":"https:\/\/agrupacionespsoe.es\/barbate\/wp-json\/wp\/v2\/comments?post=456"}],"version-history":[{"count":1,"href":"https:\/\/agrupacionespsoe.es\/barbate\/wp-json\/wp\/v2\/posts\/456\/revisions"}],"predecessor-version":[{"id":458,"href":"https:\/\/agrupacionespsoe.es\/barbate\/wp-json\/wp\/v2\/posts\/456\/revisions\/458"}],"wp:featuredmedia":[{"embeddable":true,"href":"https:\/\/agrupacionespsoe.es\/barbate\/wp-json\/wp\/v2\/media\/457"}],"wp:attachment":[{"href":"https:\/\/agrupacionespsoe.es\/barbate\/wp-json\/wp\/v2\/media?parent=456"}],"wp:term":[{"taxonomy":"category","embeddable":true,"href":"https:\/\/agrupacionespsoe.es\/barbate\/wp-json\/wp\/v2\/categories?post=456"},{"taxonomy":"post_tag","embeddable":true,"href":"https:\/\/agrupacionespsoe.es\/barbate\/wp-json\/wp\/v2\/tags?post=456"}],"curies":[{"name":"wp","href":"https:\/\/api.w.org\/{rel}","templated":true}]}}