{"id":453,"date":"2023-06-17T18:47:38","date_gmt":"2023-06-17T18:47:38","guid":{"rendered":"https:\/\/agrupacionespsoe.es\/barbate\/?p=453"},"modified":"2023-06-20T18:47:54","modified_gmt":"2023-06-20T18:47:54","slug":"los-siete-concejales-del-psoe-toman-posesion-de-sus-actas","status":"publish","type":"post","link":"https:\/\/agrupacionespsoe.es\/barbate\/los-siete-concejales-del-psoe-toman-posesion-de-sus-actas\/","title":{"rendered":"Los siete concejales del PSOE toman posesi\u00f3n de sus actas"},"content":{"rendered":"\n<p>Hoy han tomado posesi\u00f3n de su cargo como concejales en la Corporaci\u00f3n Municipal nuestros siete ediles, que velar\u00e1n los pr\u00f3ximos cuatro a\u00f1os por los intereses reales de los barbate\u00f1os y las barbate\u00f1as.<\/p>\n\n\n\n<p>Javier Rodr\u00edguez, Mariloli Varo, Mari Charo Su\u00e1rez, Jos\u00e9 Antonio Varo, Luis Rossi, Ana Ruiz y Jes\u00fas Alba encabezar\u00e1n una Oposici\u00f3n responsable, fiscalizadora y a la altura de lo que se merece nuestro pueblo.<\/p>\n\n\n\n<p>Seguimos trabajando con la misma ilusi\u00f3n, porque nuestro \u00fanico inter\u00e9s se llama BARBATE.<\/p>\n","protected":false},"excerpt":{"rendered":"<p>Hoy han tomado posesi\u00f3n de su cargo como concejales en la Corporaci\u00f3n Municipal nuestros siete ediles, que velar\u00e1n los pr\u00f3ximos cuatro a\u00f1os por los intereses reales de los barbate\u00f1os y las barbate\u00f1as. Javier Rodr\u00edguez, Mariloli Varo, Mari Charo Su\u00e1rez, Jos\u00e9 Antonio Varo, Luis Rossi, Ana Ruiz y Jes\u00fas Alba encabezar\u00e1n una Oposici\u00f3n responsable, fiscalizadora y &#8230;<\/p>\n","protected":false},"author":155,"featured_media":454,"comment_status":"open","ping_status":"open","sticky":false,"template":"","format":"standard","meta":{"_jetpack_memberships_contains_paid_content":false,"footnotes":""},"categories":[1],"tags":[],"class_list":["post-453","post","type-post","status-publish","format-standard","has-post-thumbnail","hentry","category-sin-categoria"],"yoast_head":"<!-- This site is optimized with the Yoast SEO plugin v24.0 - https:\/\/yoast.com\/wordpress\/plugins\/seo\/ -->\n<title>Los siete concejales del PSOE toman posesi\u00f3n de sus actas - PSOE Barbate<\/title>\n<meta name=\"robots\" content=\"index, follow, max-snippet:-1, max-image-preview:large, max-video-preview:-1\" \/>\n<link rel=\"canonical\" href=\"https:\/\/agrupacionespsoe.es\/barbate\/los-siete-concejales-del-psoe-toman-posesion-de-sus-actas\/\" \/>\n<meta property=\"og:locale\" content=\"es_ES\" \/>\n<meta property=\"og:type\" content=\"article\" \/>\n<meta property=\"og:title\" content=\"Los siete concejales del PSOE toman posesi\u00f3n de sus actas - PSOE Barbate\" \/>\n<meta property=\"og:description\" content=\"Hoy han tomado posesi\u00f3n de su cargo como concejales en la Corporaci\u00f3n Municipal nuestros siete ediles, que velar\u00e1n los pr\u00f3ximos cuatro a\u00f1os por los intereses reales de los barbate\u00f1os y las barbate\u00f1as. Javier Rodr\u00edguez, Mariloli Varo, Mari Charo Su\u00e1rez, Jos\u00e9 Antonio Varo, Luis Rossi, Ana Ruiz y Jes\u00fas Alba encabezar\u00e1n una Oposici\u00f3n responsable, fiscalizadora y ...\" \/>\n<meta property=\"og:url\" content=\"https:\/\/agrupacionespsoe.es\/barbate\/los-siete-concejales-del-psoe-toman-posesion-de-sus-actas\/\" \/>\n<meta property=\"og:site_name\" content=\"PSOE Barbate\" \/>\n<meta property=\"article:published_time\" content=\"2023-06-17T18:47:38+00:00\" \/>\n<meta property=\"article:modified_time\" content=\"2023-06-20T18:47:54+00:00\" \/>\n<meta property=\"og:image\" content=\"https:\/\/agrupacionespsoe.es\/barbate\/wp-content\/uploads\/sites\/104\/2023\/06\/concejales.jpg\" \/>\n\t<meta property=\"og:image:width\" content=\"1470\" \/>\n\t<meta property=\"og:image:height\" content=\"1600\" \/>\n\t<meta property=\"og:image:type\" content=\"image\/jpeg\" \/>\n<meta name=\"author\" content=\"barbate1\" \/>\n<meta name=\"twitter:card\" content=\"summary_large_image\" \/>\n<meta name=\"twitter:label1\" content=\"Escrito por\" \/>\n\t<meta name=\"twitter:data1\" content=\"barbate1\" \/>\n\t<meta name=\"twitter:label2\" content=\"Tiempo de lectura\" \/>\n\t<meta name=\"twitter:data2\" content=\"1 minuto\" \/>\n<script type=\"application\/ld+json\" class=\"yoast-schema-graph\">{\"@context\":\"https:\/\/schema.org\",\"@graph\":[{\"@type\":\"Article\",\"@id\":\"https:\/\/agrupacionespsoe.es\/barbate\/los-siete-concejales-del-psoe-toman-posesion-de-sus-actas\/#article\",\"isPartOf\":{\"@id\":\"https:\/\/agrupacionespsoe.es\/barbate\/los-siete-concejales-del-psoe-toman-posesion-de-sus-actas\/\"},\"author\":{\"name\":\"barbate1\",\"@id\":\"https:\/\/agrupacionespsoe.es\/barbate\/#\/schema\/person\/fb57332b771136035857e2a17089b403\"},\"headline\":\"Los siete concejales del PSOE toman posesi\u00f3n de sus actas\",\"datePublished\":\"2023-06-17T18:47:38+00:00\",\"dateModified\":\"2023-06-20T18:47:54+00:00\",\"mainEntityOfPage\":{\"@id\":\"https:\/\/agrupacionespsoe.es\/barbate\/los-siete-concejales-del-psoe-toman-posesion-de-sus-actas\/\"},\"wordCount\":103,\"commentCount\":0,\"publisher\":{\"@id\":\"https:\/\/agrupacionespsoe.es\/barbate\/#organization\"},\"image\":{\"@id\":\"https:\/\/agrupacionespsoe.es\/barbate\/los-siete-concejales-del-psoe-toman-posesion-de-sus-actas\/#primaryimage\"},\"thumbnailUrl\":\"https:\/\/agrupacionespsoe.es\/barbate\/wp-content\/uploads\/sites\/104\/2023\/06\/concejales.jpg\",\"inLanguage\":\"es\",\"potentialAction\":[{\"@type\":\"CommentAction\",\"name\":\"Comment\",\"target\":[\"https:\/\/agrupacionespsoe.es\/barbate\/los-siete-concejales-del-psoe-toman-posesion-de-sus-actas\/#respond\"]}]},{\"@type\":\"WebPage\",\"@id\":\"https:\/\/agrupacionespsoe.es\/barbate\/los-siete-concejales-del-psoe-toman-posesion-de-sus-actas\/\",\"url\":\"https:\/\/agrupacionespsoe.es\/barbate\/los-siete-concejales-del-psoe-toman-posesion-de-sus-actas\/\",\"name\":\"Los siete concejales del PSOE toman posesi\u00f3n de sus actas - PSOE Barbate\",\"isPartOf\":{\"@id\":\"https:\/\/agrupacionespsoe.es\/barbate\/#website\"},\"primaryImageOfPage\":{\"@id\":\"https:\/\/agrupacionespsoe.es\/barbate\/los-siete-concejales-del-psoe-toman-posesion-de-sus-actas\/#primaryimage\"},\"image\":{\"@id\":\"https:\/\/agrupacionespsoe.es\/barbate\/los-siete-concejales-del-psoe-toman-posesion-de-sus-actas\/#primaryimage\"},\"thumbnailUrl\":\"https:\/\/agrupacionespsoe.es\/barbate\/wp-content\/uploads\/sites\/104\/2023\/06\/concejales.jpg\",\"datePublished\":\"2023-06-17T18:47:38+00:00\",\"dateModified\":\"2023-06-20T18:47:54+00:00\",\"breadcrumb\":{\"@id\":\"https:\/\/agrupacionespsoe.es\/barbate\/los-siete-concejales-del-psoe-toman-posesion-de-sus-actas\/#breadcrumb\"},\"inLanguage\":\"es\",\"potentialAction\":[{\"@type\":\"ReadAction\",\"target\":[\"https:\/\/agrupacionespsoe.es\/barbate\/los-siete-concejales-del-psoe-toman-posesion-de-sus-actas\/\"]}]},{\"@type\":\"ImageObject\",\"inLanguage\":\"es\",\"@id\":\"https:\/\/agrupacionespsoe.es\/barbate\/los-siete-concejales-del-psoe-toman-posesion-de-sus-actas\/#primaryimage\",\"url\":\"https:\/\/agrupacionespsoe.es\/barbate\/wp-content\/uploads\/sites\/104\/2023\/06\/concejales.jpg\",\"contentUrl\":\"https:\/\/agrupacionespsoe.es\/barbate\/wp-content\/uploads\/sites\/104\/2023\/06\/concejales.jpg\",\"width\":1470,\"height\":1600},{\"@type\":\"BreadcrumbList\",\"@id\":\"https:\/\/agrupacionespsoe.es\/barbate\/los-siete-concejales-del-psoe-toman-posesion-de-sus-actas\/#breadcrumb\",\"itemListElement\":[{\"@type\":\"ListItem\",\"position\":1,\"name\":\"Portada\",\"item\":\"https:\/\/agrupacionespsoe.es\/barbate\/\"},{\"@type\":\"ListItem\",\"position\":2,\"name\":\"Los siete concejales del PSOE toman posesi\u00f3n de sus actas\"}]},{\"@type\":\"WebSite\",\"@id\":\"https:\/\/agrupacionespsoe.es\/barbate\/#website\",\"url\":\"https:\/\/agrupacionespsoe.es\/barbate\/\",\"name\":\"PSOE Barbate\",\"description\":\"PSOE BARBATE\",\"publisher\":{\"@id\":\"https:\/\/agrupacionespsoe.es\/barbate\/#organization\"},\"potentialAction\":[{\"@type\":\"SearchAction\",\"target\":{\"@type\":\"EntryPoint\",\"urlTemplate\":\"https:\/\/agrupacionespsoe.es\/barbate\/?s={search_term_string}\"},\"query-input\":{\"@type\":\"PropertyValueSpecification\",\"valueRequired\":true,\"valueName\":\"search_term_string\"}}],\"inLanguage\":\"es\"},{\"@type\":\"Organization\",\"@id\":\"https:\/\/agrupacionespsoe.es\/barbate\/#organization\",\"name\":\"PSOE Barbate\",\"url\":\"https:\/\/agrupacionespsoe.es\/barbate\/\",\"logo\":{\"@type\":\"ImageObject\",\"inLanguage\":\"es\",\"@id\":\"https:\/\/agrupacionespsoe.es\/barbate\/#\/schema\/logo\/image\/\",\"url\":\"https:\/\/agrupacionespsoe.es\/wp-content\/uploads\/2022\/07\/Logotipo_electoral_del_PSOE.png\",\"contentUrl\":\"https:\/\/agrupacionespsoe.es\/wp-content\/uploads\/2022\/07\/Logotipo_electoral_del_PSOE.png\",\"width\":422,\"height\":422,\"caption\":\"PSOE Barbate\"},\"image\":{\"@id\":\"https:\/\/agrupacionespsoe.es\/barbate\/#\/schema\/logo\/image\/\"}},{\"@type\":\"Person\",\"@id\":\"https:\/\/agrupacionespsoe.es\/barbate\/#\/schema\/person\/fb57332b771136035857e2a17089b403\",\"name\":\"barbate1\",\"image\":{\"@type\":\"ImageObject\",\"inLanguage\":\"es\",\"@id\":\"https:\/\/agrupacionespsoe.es\/barbate\/#\/schema\/person\/image\/\",\"url\":\"https:\/\/secure.gravatar.com\/avatar\/68ea7ed9431a20fed86e5d4af65dc975?s=96&d=mm&r=g\",\"contentUrl\":\"https:\/\/secure.gravatar.com\/avatar\/68ea7ed9431a20fed86e5d4af65dc975?s=96&d=mm&r=g\",\"caption\":\"barbate1\"},\"url\":\"https:\/\/agrupacionespsoe.es\/barbate\/author\/barbate1\/\"}]}<\/script>\n<!-- \/ Yoast SEO plugin. -->","yoast_head_json":{"title":"Los siete concejales del PSOE toman posesi\u00f3n de sus actas - PSOE Barbate","robots":{"index":"index","follow":"follow","max-snippet":"max-snippet:-1","max-image-preview":"max-image-preview:large","max-video-preview":"max-video-preview:-1"},"canonical":"https:\/\/agrupacionespsoe.es\/barbate\/los-siete-concejales-del-psoe-toman-posesion-de-sus-actas\/","og_locale":"es_ES","og_type":"article","og_title":"Los siete concejales del PSOE toman posesi\u00f3n de sus actas - PSOE Barbate","og_description":"Hoy han tomado posesi\u00f3n de su cargo como concejales en la Corporaci\u00f3n Municipal nuestros siete ediles, que velar\u00e1n los pr\u00f3ximos cuatro a\u00f1os por los intereses reales de los barbate\u00f1os y las barbate\u00f1as. Javier Rodr\u00edguez, Mariloli Varo, Mari Charo Su\u00e1rez, Jos\u00e9 Antonio Varo, Luis Rossi, Ana Ruiz y Jes\u00fas Alba encabezar\u00e1n una Oposici\u00f3n responsable, fiscalizadora y ...","og_url":"https:\/\/agrupacionespsoe.es\/barbate\/los-siete-concejales-del-psoe-toman-posesion-de-sus-actas\/","og_site_name":"PSOE Barbate","article_published_time":"2023-06-17T18:47:38+00:00","article_modified_time":"2023-06-20T18:47:54+00:00","og_image":[{"width":1470,"height":1600,"url":"https:\/\/agrupacionespsoe.es\/barbate\/wp-content\/uploads\/sites\/104\/2023\/06\/concejales.jpg","type":"image\/jpeg"}],"author":"barbate1","twitter_card":"summary_large_image","twitter_misc":{"Escrito por":"barbate1","Tiempo de lectura":"1 minuto"},"schema":{"@context":"https:\/\/schema.org","@graph":[{"@type":"Article","@id":"https:\/\/agrupacionespsoe.es\/barbate\/los-siete-concejales-del-psoe-toman-posesion-de-sus-actas\/#article","isPartOf":{"@id":"https:\/\/agrupacionespsoe.es\/barbate\/los-siete-concejales-del-psoe-toman-posesion-de-sus-actas\/"},"author":{"name":"barbate1","@id":"https:\/\/agrupacionespsoe.es\/barbate\/#\/schema\/person\/fb57332b771136035857e2a17089b403"},"headline":"Los siete concejales del PSOE toman posesi\u00f3n de sus actas","datePublished":"2023-06-17T18:47:38+00:00","dateModified":"2023-06-20T18:47:54+00:00","mainEntityOfPage":{"@id":"https:\/\/agrupacionespsoe.es\/barbate\/los-siete-concejales-del-psoe-toman-posesion-de-sus-actas\/"},"wordCount":103,"commentCount":0,"publisher":{"@id":"https:\/\/agrupacionespsoe.es\/barbate\/#organization"},"image":{"@id":"https:\/\/agrupacionespsoe.es\/barbate\/los-siete-concejales-del-psoe-toman-posesion-de-sus-actas\/#primaryimage"},"thumbnailUrl":"https:\/\/agrupacionespsoe.es\/barbate\/wp-content\/uploads\/sites\/104\/2023\/06\/concejales.jpg","inLanguage":"es","potentialAction":[{"@type":"CommentAction","name":"Comment","target":["https:\/\/agrupacionespsoe.es\/barbate\/los-siete-concejales-del-psoe-toman-posesion-de-sus-actas\/#respond"]}]},{"@type":"WebPage","@id":"https:\/\/agrupacionespsoe.es\/barbate\/los-siete-concejales-del-psoe-toman-posesion-de-sus-actas\/","url":"https:\/\/agrupacionespsoe.es\/barbate\/los-siete-concejales-del-psoe-toman-posesion-de-sus-actas\/","name":"Los siete concejales del PSOE toman posesi\u00f3n de sus actas - PSOE Barbate","isPartOf":{"@id":"https:\/\/agrupacionespsoe.es\/barbate\/#website"},"primaryImageOfPage":{"@id":"https:\/\/agrupacionespsoe.es\/barbate\/los-siete-concejales-del-psoe-toman-posesion-de-sus-actas\/#primaryimage"},"image":{"@id":"https:\/\/agrupacionespsoe.es\/barbate\/los-siete-concejales-del-psoe-toman-posesion-de-sus-actas\/#primaryimage"},"thumbnailUrl":"https:\/\/agrupacionespsoe.es\/barbate\/wp-content\/uploads\/sites\/104\/2023\/06\/concejales.jpg","datePublished":"2023-06-17T18:47:38+00:00","dateModified":"2023-06-20T18:47:54+00:00","breadcrumb":{"@id":"https:\/\/agrupacionespsoe.es\/barbate\/los-siete-concejales-del-psoe-toman-posesion-de-sus-actas\/#breadcrumb"},"inLanguage":"es","potentialAction":[{"@type":"ReadAction","target":["https:\/\/agrupacionespsoe.es\/barbate\/los-siete-concejales-del-psoe-toman-posesion-de-sus-actas\/"]}]},{"@type":"ImageObject","inLanguage":"es","@id":"https:\/\/agrupacionespsoe.es\/barbate\/los-siete-concejales-del-psoe-toman-posesion-de-sus-actas\/#primaryimage","url":"https:\/\/agrupacionespsoe.es\/barbate\/wp-content\/uploads\/sites\/104\/2023\/06\/concejales.jpg","contentUrl":"https:\/\/agrupacionespsoe.es\/barbate\/wp-content\/uploads\/sites\/104\/2023\/06\/concejales.jpg","width":1470,"height":1600},{"@type":"BreadcrumbList","@id":"https:\/\/agrupacionespsoe.es\/barbate\/los-siete-concejales-del-psoe-toman-posesion-de-sus-actas\/#breadcrumb","itemListElement":[{"@type":"ListItem","position":1,"name":"Portada","item":"https:\/\/agrupacionespsoe.es\/barbate\/"},{"@type":"ListItem","position":2,"name":"Los siete concejales del PSOE toman posesi\u00f3n de sus actas"}]},{"@type":"WebSite","@id":"https:\/\/agrupacionespsoe.es\/barbate\/#website","url":"https:\/\/agrupacionespsoe.es\/barbate\/","name":"PSOE Barbate","description":"PSOE BARBATE","publisher":{"@id":"https:\/\/agrupacionespsoe.es\/barbate\/#organization"},"potentialAction":[{"@type":"SearchAction","target":{"@type":"EntryPoint","urlTemplate":"https:\/\/agrupacionespsoe.es\/barbate\/?s={search_term_string}"},"query-input":{"@type":"PropertyValueSpecification","valueRequired":true,"valueName":"search_term_string"}}],"inLanguage":"es"},{"@type":"Organization","@id":"https:\/\/agrupacionespsoe.es\/barbate\/#organization","name":"PSOE Barbate","url":"https:\/\/agrupacionespsoe.es\/barbate\/","logo":{"@type":"ImageObject","inLanguage":"es","@id":"https:\/\/agrupacionespsoe.es\/barbate\/#\/schema\/logo\/image\/","url":"https:\/\/agrupacionespsoe.es\/wp-content\/uploads\/2022\/07\/Logotipo_electoral_del_PSOE.png","contentUrl":"https:\/\/agrupacionespsoe.es\/wp-content\/uploads\/2022\/07\/Logotipo_electoral_del_PSOE.png","width":422,"height":422,"caption":"PSOE Barbate"},"image":{"@id":"https:\/\/agrupacionespsoe.es\/barbate\/#\/schema\/logo\/image\/"}},{"@type":"Person","@id":"https:\/\/agrupacionespsoe.es\/barbate\/#\/schema\/person\/fb57332b771136035857e2a17089b403","name":"barbate1","image":{"@type":"ImageObject","inLanguage":"es","@id":"https:\/\/agrupacionespsoe.es\/barbate\/#\/schema\/person\/image\/","url":"https:\/\/secure.gravatar.com\/avatar\/68ea7ed9431a20fed86e5d4af65dc975?s=96&d=mm&r=g","contentUrl":"https:\/\/secure.gravatar.com\/avatar\/68ea7ed9431a20fed86e5d4af65dc975?s=96&d=mm&r=g","caption":"barbate1"},"url":"https:\/\/agrupacionespsoe.es\/barbate\/author\/barbate1\/"}]}},"jetpack_featured_media_url":"https:\/\/agrupacionespsoe.es\/barbate\/wp-content\/uploads\/sites\/104\/2023\/06\/concejales.jpg","jetpack_sharing_enabled":true,"_links":{"self":[{"href":"https:\/\/agrupacionespsoe.es\/barbate\/wp-json\/wp\/v2\/posts\/453","targetHints":{"allow":["GET"]}}],"collection":[{"href":"https:\/\/agrupacionespsoe.es\/barbate\/wp-json\/wp\/v2\/posts"}],"about":[{"href":"https:\/\/agrupacionespsoe.es\/barbate\/wp-json\/wp\/v2\/types\/post"}],"author":[{"embeddable":true,"href":"https:\/\/agrupacionespsoe.es\/barbate\/wp-json\/wp\/v2\/users\/155"}],"replies":[{"embeddable":true,"href":"https:\/\/agrupacionespsoe.es\/barbate\/wp-json\/wp\/v2\/comments?post=453"}],"version-history":[{"count":1,"href":"https:\/\/agrupacionespsoe.es\/barbate\/wp-json\/wp\/v2\/posts\/453\/revisions"}],"predecessor-version":[{"id":455,"href":"https:\/\/agrupacionespsoe.es\/barbate\/wp-json\/wp\/v2\/posts\/453\/revisions\/455"}],"wp:featuredmedia":[{"embeddable":true,"href":"https:\/\/agrupacionespsoe.es\/barbate\/wp-json\/wp\/v2\/media\/454"}],"wp:attachment":[{"href":"https:\/\/agrupacionespsoe.es\/barbate\/wp-json\/wp\/v2\/media?parent=453"}],"wp:term":[{"taxonomy":"category","embeddable":true,"href":"https:\/\/agrupacionespsoe.es\/barbate\/wp-json\/wp\/v2\/categories?post=453"},{"taxonomy":"post_tag","embeddable":true,"href":"https:\/\/agrupacionespsoe.es\/barbate\/wp-json\/wp\/v2\/tags?post=453"}],"curies":[{"name":"wp","href":"https:\/\/api.w.org\/{rel}","templated":true}]}}