{"id":440,"date":"2023-05-24T13:22:47","date_gmt":"2023-05-24T13:22:47","guid":{"rendered":"https:\/\/agrupacionespsoe.es\/barbate\/?p=440"},"modified":"2023-05-24T13:22:48","modified_gmt":"2023-05-24T13:22:48","slug":"la-fiesta-de-la-ilusion-cierra-la-campana-de-javier-rodriguez-en-la-plaza-del-ayuntamiento","status":"publish","type":"post","link":"https:\/\/agrupacionespsoe.es\/barbate\/la-fiesta-de-la-ilusion-cierra-la-campana-de-javier-rodriguez-en-la-plaza-del-ayuntamiento\/","title":{"rendered":"La Fiesta de la Ilusi\u00f3n cierra la campa\u00f1a de Javier Rodr\u00edguez en la Plaza del Ayuntamiento"},"content":{"rendered":"\n<p><em>El cartel del acto que se celebrar\u00e1 el viernes, 26 de mayo, estar\u00e1 encabezado por la comparsa La T\u00eda de la Tiza, Arturo Guzm\u00e1n, Desatados, Dance Paradise y Dj Xuky<\/em><\/p>\n\n\n\n<p>La campa\u00f1a electoral va tocando su fin y la ciudadan\u00eda acudir\u00e1 el pr\u00f3ximo domingo a las urnas para decidir qui\u00e9n regir\u00e1 el destino de Barbate los pr\u00f3ximos cuatro a\u00f1os. Pero antes, la candidatura socialista encabezada por Javier Rodr\u00edguez celebrar\u00e1 una gran fiesta previa a la jornada de reflexi\u00f3n a la que invita a todos los barbate\u00f1os y barbate\u00f1as.<\/p>\n\n\n\n<p>La Fiesta de la Ilusi\u00f3n tendr\u00e1 lugar en la Plaza de la Inmaculada este viernes, 26 de mayo, a partir de las 20.30 horas. En el acto intervendr\u00e1n el candidato a la Alcald\u00eda de Barbate, Javier Rodr\u00edguez; la secretaria general del PSOE local y n\u00famero dos, Mariloli Varo, y la n\u00famero tres, Mari Charo Su\u00e1rez. Tambi\u00e9n habr\u00e1 espacio para los j\u00f3venes con la intervenci\u00f3n de la benjamina de la lista, Luc\u00eda Aguilar.<\/p>\n\n\n\n<p>Posteriormente, m\u00fasica y baile para todos los gustos. Las actuaciones se abrir\u00e1n con Arturo Guzm\u00e1n, que interpretar\u00e1 el Himno de Barbate en un lugar tan simb\u00f3lico como la Plaza del Ayuntamiento. A continuaci\u00f3n, el grupo de baile urbano Dance Paradise tomar\u00e1 el escenario, previo a m\u00fasica de Dj Xuky y el ambiente festivo que siempre crean Desatados.<\/p>\n\n\n\n<p>Adem\u00e1s, la Fiesta de la Ilusi\u00f3n contar\u00e1 con la actuaci\u00f3n de la comparsa de C\u00e1diz \u2018La T\u00eda de la Tiza\u2019, semifinalista en el COAC, que vendr\u00e1 en exclusiva para estar en el cierre de campa\u00f1a socialista.<\/p>\n\n\n\n<p>El artista local Hoko tambi\u00e9n aportar\u00e1 su granito de arena a esta celebraci\u00f3n. Y es que pintar\u00e1 un cuadro en directo que ser\u00e1 sorteado entre todas las entidades asistentes.<\/p>\n\n\n\n<p>El acto tambi\u00e9n contar\u00e1 con una barra a precios populares en la que los asistentes encontrar\u00e1n comida y bebida, por lo que ya no hay excusas para venir este viernes a la Plaza del Ayuntamiento a disfrutar con nosotros de la Fiesta de la Ilusi\u00f3n.<\/p>\n","protected":false},"excerpt":{"rendered":"<p>El cartel del acto que se celebrar\u00e1 el viernes, 26 de mayo, estar\u00e1 encabezado por la comparsa La T\u00eda de la Tiza, Arturo Guzm\u00e1n, Desatados, Dance Paradise y Dj Xuky La campa\u00f1a electoral va tocando su fin y la ciudadan\u00eda acudir\u00e1 el pr\u00f3ximo domingo a las urnas para decidir qui\u00e9n regir\u00e1 el destino de Barbate &#8230;<\/p>\n","protected":false},"author":155,"featured_media":441,"comment_status":"open","ping_status":"open","sticky":false,"template":"","format":"standard","meta":{"_jetpack_memberships_contains_paid_content":false,"footnotes":""},"categories":[11],"tags":[8,24],"class_list":["post-440","post","type-post","status-publish","format-standard","has-post-thumbnail","hentry","category-candidatura","tag-barbate","tag-candiatura"],"yoast_head":"<!-- This site is optimized with the Yoast SEO plugin v24.0 - https:\/\/yoast.com\/wordpress\/plugins\/seo\/ -->\n<title>La Fiesta de la Ilusi\u00f3n cierra la campa\u00f1a de Javier Rodr\u00edguez en la Plaza del Ayuntamiento - PSOE Barbate<\/title>\n<meta name=\"robots\" content=\"index, follow, max-snippet:-1, max-image-preview:large, max-video-preview:-1\" \/>\n<link rel=\"canonical\" href=\"https:\/\/agrupacionespsoe.es\/barbate\/la-fiesta-de-la-ilusion-cierra-la-campana-de-javier-rodriguez-en-la-plaza-del-ayuntamiento\/\" \/>\n<meta property=\"og:locale\" content=\"es_ES\" \/>\n<meta property=\"og:type\" content=\"article\" \/>\n<meta property=\"og:title\" content=\"La Fiesta de la Ilusi\u00f3n cierra la campa\u00f1a de Javier Rodr\u00edguez en la Plaza del Ayuntamiento - PSOE Barbate\" \/>\n<meta property=\"og:description\" content=\"El cartel del acto que se celebrar\u00e1 el viernes, 26 de mayo, estar\u00e1 encabezado por la comparsa La T\u00eda de la Tiza, Arturo Guzm\u00e1n, Desatados, Dance Paradise y Dj Xuky La campa\u00f1a electoral va tocando su fin y la ciudadan\u00eda acudir\u00e1 el pr\u00f3ximo domingo a las urnas para decidir qui\u00e9n regir\u00e1 el destino de Barbate ...\" \/>\n<meta property=\"og:url\" content=\"https:\/\/agrupacionespsoe.es\/barbate\/la-fiesta-de-la-ilusion-cierra-la-campana-de-javier-rodriguez-en-la-plaza-del-ayuntamiento\/\" \/>\n<meta property=\"og:site_name\" content=\"PSOE Barbate\" \/>\n<meta property=\"article:published_time\" content=\"2023-05-24T13:22:47+00:00\" \/>\n<meta property=\"article:modified_time\" content=\"2023-05-24T13:22:48+00:00\" \/>\n<meta property=\"og:image\" content=\"https:\/\/agrupacionespsoe.es\/barbate\/wp-content\/uploads\/sites\/104\/2023\/05\/WhatsApp-Image-2023-05-23-at-17.25.08.jpeg\" \/>\n\t<meta property=\"og:image:width\" content=\"1035\" \/>\n\t<meta property=\"og:image:height\" content=\"1500\" \/>\n\t<meta property=\"og:image:type\" content=\"image\/jpeg\" \/>\n<meta name=\"author\" content=\"barbate1\" \/>\n<meta name=\"twitter:card\" content=\"summary_large_image\" \/>\n<meta name=\"twitter:label1\" content=\"Escrito por\" \/>\n\t<meta name=\"twitter:data1\" content=\"barbate1\" \/>\n\t<meta name=\"twitter:label2\" content=\"Tiempo de lectura\" \/>\n\t<meta name=\"twitter:data2\" content=\"2 minutos\" \/>\n<script type=\"application\/ld+json\" class=\"yoast-schema-graph\">{\"@context\":\"https:\/\/schema.org\",\"@graph\":[{\"@type\":\"Article\",\"@id\":\"https:\/\/agrupacionespsoe.es\/barbate\/la-fiesta-de-la-ilusion-cierra-la-campana-de-javier-rodriguez-en-la-plaza-del-ayuntamiento\/#article\",\"isPartOf\":{\"@id\":\"https:\/\/agrupacionespsoe.es\/barbate\/la-fiesta-de-la-ilusion-cierra-la-campana-de-javier-rodriguez-en-la-plaza-del-ayuntamiento\/\"},\"author\":{\"name\":\"barbate1\",\"@id\":\"https:\/\/agrupacionespsoe.es\/barbate\/#\/schema\/person\/fb57332b771136035857e2a17089b403\"},\"headline\":\"La Fiesta de la Ilusi\u00f3n cierra la campa\u00f1a de Javier Rodr\u00edguez en la Plaza del Ayuntamiento\",\"datePublished\":\"2023-05-24T13:22:47+00:00\",\"dateModified\":\"2023-05-24T13:22:48+00:00\",\"mainEntityOfPage\":{\"@id\":\"https:\/\/agrupacionespsoe.es\/barbate\/la-fiesta-de-la-ilusion-cierra-la-campana-de-javier-rodriguez-en-la-plaza-del-ayuntamiento\/\"},\"wordCount\":383,\"commentCount\":0,\"publisher\":{\"@id\":\"https:\/\/agrupacionespsoe.es\/barbate\/#organization\"},\"image\":{\"@id\":\"https:\/\/agrupacionespsoe.es\/barbate\/la-fiesta-de-la-ilusion-cierra-la-campana-de-javier-rodriguez-en-la-plaza-del-ayuntamiento\/#primaryimage\"},\"thumbnailUrl\":\"https:\/\/agrupacionespsoe.es\/barbate\/wp-content\/uploads\/sites\/104\/2023\/05\/WhatsApp-Image-2023-05-23-at-17.25.08.jpeg\",\"keywords\":[\"barbate\",\"candiatura\"],\"articleSection\":[\"CANDIDATURA\"],\"inLanguage\":\"es\",\"potentialAction\":[{\"@type\":\"CommentAction\",\"name\":\"Comment\",\"target\":[\"https:\/\/agrupacionespsoe.es\/barbate\/la-fiesta-de-la-ilusion-cierra-la-campana-de-javier-rodriguez-en-la-plaza-del-ayuntamiento\/#respond\"]}]},{\"@type\":\"WebPage\",\"@id\":\"https:\/\/agrupacionespsoe.es\/barbate\/la-fiesta-de-la-ilusion-cierra-la-campana-de-javier-rodriguez-en-la-plaza-del-ayuntamiento\/\",\"url\":\"https:\/\/agrupacionespsoe.es\/barbate\/la-fiesta-de-la-ilusion-cierra-la-campana-de-javier-rodriguez-en-la-plaza-del-ayuntamiento\/\",\"name\":\"La Fiesta de la Ilusi\u00f3n cierra la campa\u00f1a de Javier Rodr\u00edguez en la Plaza del Ayuntamiento - PSOE Barbate\",\"isPartOf\":{\"@id\":\"https:\/\/agrupacionespsoe.es\/barbate\/#website\"},\"primaryImageOfPage\":{\"@id\":\"https:\/\/agrupacionespsoe.es\/barbate\/la-fiesta-de-la-ilusion-cierra-la-campana-de-javier-rodriguez-en-la-plaza-del-ayuntamiento\/#primaryimage\"},\"image\":{\"@id\":\"https:\/\/agrupacionespsoe.es\/barbate\/la-fiesta-de-la-ilusion-cierra-la-campana-de-javier-rodriguez-en-la-plaza-del-ayuntamiento\/#primaryimage\"},\"thumbnailUrl\":\"https:\/\/agrupacionespsoe.es\/barbate\/wp-content\/uploads\/sites\/104\/2023\/05\/WhatsApp-Image-2023-05-23-at-17.25.08.jpeg\",\"datePublished\":\"2023-05-24T13:22:47+00:00\",\"dateModified\":\"2023-05-24T13:22:48+00:00\",\"breadcrumb\":{\"@id\":\"https:\/\/agrupacionespsoe.es\/barbate\/la-fiesta-de-la-ilusion-cierra-la-campana-de-javier-rodriguez-en-la-plaza-del-ayuntamiento\/#breadcrumb\"},\"inLanguage\":\"es\",\"potentialAction\":[{\"@type\":\"ReadAction\",\"target\":[\"https:\/\/agrupacionespsoe.es\/barbate\/la-fiesta-de-la-ilusion-cierra-la-campana-de-javier-rodriguez-en-la-plaza-del-ayuntamiento\/\"]}]},{\"@type\":\"ImageObject\",\"inLanguage\":\"es\",\"@id\":\"https:\/\/agrupacionespsoe.es\/barbate\/la-fiesta-de-la-ilusion-cierra-la-campana-de-javier-rodriguez-en-la-plaza-del-ayuntamiento\/#primaryimage\",\"url\":\"https:\/\/agrupacionespsoe.es\/barbate\/wp-content\/uploads\/sites\/104\/2023\/05\/WhatsApp-Image-2023-05-23-at-17.25.08.jpeg\",\"contentUrl\":\"https:\/\/agrupacionespsoe.es\/barbate\/wp-content\/uploads\/sites\/104\/2023\/05\/WhatsApp-Image-2023-05-23-at-17.25.08.jpeg\",\"width\":1035,\"height\":1500},{\"@type\":\"BreadcrumbList\",\"@id\":\"https:\/\/agrupacionespsoe.es\/barbate\/la-fiesta-de-la-ilusion-cierra-la-campana-de-javier-rodriguez-en-la-plaza-del-ayuntamiento\/#breadcrumb\",\"itemListElement\":[{\"@type\":\"ListItem\",\"position\":1,\"name\":\"Portada\",\"item\":\"https:\/\/agrupacionespsoe.es\/barbate\/\"},{\"@type\":\"ListItem\",\"position\":2,\"name\":\"La Fiesta de la Ilusi\u00f3n cierra la campa\u00f1a de Javier Rodr\u00edguez en la Plaza del Ayuntamiento\"}]},{\"@type\":\"WebSite\",\"@id\":\"https:\/\/agrupacionespsoe.es\/barbate\/#website\",\"url\":\"https:\/\/agrupacionespsoe.es\/barbate\/\",\"name\":\"PSOE Barbate\",\"description\":\"PSOE BARBATE\",\"publisher\":{\"@id\":\"https:\/\/agrupacionespsoe.es\/barbate\/#organization\"},\"potentialAction\":[{\"@type\":\"SearchAction\",\"target\":{\"@type\":\"EntryPoint\",\"urlTemplate\":\"https:\/\/agrupacionespsoe.es\/barbate\/?s={search_term_string}\"},\"query-input\":{\"@type\":\"PropertyValueSpecification\",\"valueRequired\":true,\"valueName\":\"search_term_string\"}}],\"inLanguage\":\"es\"},{\"@type\":\"Organization\",\"@id\":\"https:\/\/agrupacionespsoe.es\/barbate\/#organization\",\"name\":\"PSOE Barbate\",\"url\":\"https:\/\/agrupacionespsoe.es\/barbate\/\",\"logo\":{\"@type\":\"ImageObject\",\"inLanguage\":\"es\",\"@id\":\"https:\/\/agrupacionespsoe.es\/barbate\/#\/schema\/logo\/image\/\",\"url\":\"https:\/\/agrupacionespsoe.es\/wp-content\/uploads\/2022\/07\/Logotipo_electoral_del_PSOE.png\",\"contentUrl\":\"https:\/\/agrupacionespsoe.es\/wp-content\/uploads\/2022\/07\/Logotipo_electoral_del_PSOE.png\",\"width\":422,\"height\":422,\"caption\":\"PSOE Barbate\"},\"image\":{\"@id\":\"https:\/\/agrupacionespsoe.es\/barbate\/#\/schema\/logo\/image\/\"}},{\"@type\":\"Person\",\"@id\":\"https:\/\/agrupacionespsoe.es\/barbate\/#\/schema\/person\/fb57332b771136035857e2a17089b403\",\"name\":\"barbate1\",\"image\":{\"@type\":\"ImageObject\",\"inLanguage\":\"es\",\"@id\":\"https:\/\/agrupacionespsoe.es\/barbate\/#\/schema\/person\/image\/\",\"url\":\"https:\/\/secure.gravatar.com\/avatar\/68ea7ed9431a20fed86e5d4af65dc975?s=96&d=mm&r=g\",\"contentUrl\":\"https:\/\/secure.gravatar.com\/avatar\/68ea7ed9431a20fed86e5d4af65dc975?s=96&d=mm&r=g\",\"caption\":\"barbate1\"},\"url\":\"https:\/\/agrupacionespsoe.es\/barbate\/author\/barbate1\/\"}]}<\/script>\n<!-- \/ Yoast SEO plugin. -->","yoast_head_json":{"title":"La Fiesta de la Ilusi\u00f3n cierra la campa\u00f1a de Javier Rodr\u00edguez en la Plaza del Ayuntamiento - PSOE Barbate","robots":{"index":"index","follow":"follow","max-snippet":"max-snippet:-1","max-image-preview":"max-image-preview:large","max-video-preview":"max-video-preview:-1"},"canonical":"https:\/\/agrupacionespsoe.es\/barbate\/la-fiesta-de-la-ilusion-cierra-la-campana-de-javier-rodriguez-en-la-plaza-del-ayuntamiento\/","og_locale":"es_ES","og_type":"article","og_title":"La Fiesta de la Ilusi\u00f3n cierra la campa\u00f1a de Javier Rodr\u00edguez en la Plaza del Ayuntamiento - PSOE Barbate","og_description":"El cartel del acto que se celebrar\u00e1 el viernes, 26 de mayo, estar\u00e1 encabezado por la comparsa La T\u00eda de la Tiza, Arturo Guzm\u00e1n, Desatados, Dance Paradise y Dj Xuky La campa\u00f1a electoral va tocando su fin y la ciudadan\u00eda acudir\u00e1 el pr\u00f3ximo domingo a las urnas para decidir qui\u00e9n regir\u00e1 el destino de Barbate ...","og_url":"https:\/\/agrupacionespsoe.es\/barbate\/la-fiesta-de-la-ilusion-cierra-la-campana-de-javier-rodriguez-en-la-plaza-del-ayuntamiento\/","og_site_name":"PSOE Barbate","article_published_time":"2023-05-24T13:22:47+00:00","article_modified_time":"2023-05-24T13:22:48+00:00","og_image":[{"width":1035,"height":1500,"url":"https:\/\/agrupacionespsoe.es\/barbate\/wp-content\/uploads\/sites\/104\/2023\/05\/WhatsApp-Image-2023-05-23-at-17.25.08.jpeg","type":"image\/jpeg"}],"author":"barbate1","twitter_card":"summary_large_image","twitter_misc":{"Escrito por":"barbate1","Tiempo de lectura":"2 minutos"},"schema":{"@context":"https:\/\/schema.org","@graph":[{"@type":"Article","@id":"https:\/\/agrupacionespsoe.es\/barbate\/la-fiesta-de-la-ilusion-cierra-la-campana-de-javier-rodriguez-en-la-plaza-del-ayuntamiento\/#article","isPartOf":{"@id":"https:\/\/agrupacionespsoe.es\/barbate\/la-fiesta-de-la-ilusion-cierra-la-campana-de-javier-rodriguez-en-la-plaza-del-ayuntamiento\/"},"author":{"name":"barbate1","@id":"https:\/\/agrupacionespsoe.es\/barbate\/#\/schema\/person\/fb57332b771136035857e2a17089b403"},"headline":"La Fiesta de la Ilusi\u00f3n cierra la campa\u00f1a de Javier Rodr\u00edguez en la Plaza del Ayuntamiento","datePublished":"2023-05-24T13:22:47+00:00","dateModified":"2023-05-24T13:22:48+00:00","mainEntityOfPage":{"@id":"https:\/\/agrupacionespsoe.es\/barbate\/la-fiesta-de-la-ilusion-cierra-la-campana-de-javier-rodriguez-en-la-plaza-del-ayuntamiento\/"},"wordCount":383,"commentCount":0,"publisher":{"@id":"https:\/\/agrupacionespsoe.es\/barbate\/#organization"},"image":{"@id":"https:\/\/agrupacionespsoe.es\/barbate\/la-fiesta-de-la-ilusion-cierra-la-campana-de-javier-rodriguez-en-la-plaza-del-ayuntamiento\/#primaryimage"},"thumbnailUrl":"https:\/\/agrupacionespsoe.es\/barbate\/wp-content\/uploads\/sites\/104\/2023\/05\/WhatsApp-Image-2023-05-23-at-17.25.08.jpeg","keywords":["barbate","candiatura"],"articleSection":["CANDIDATURA"],"inLanguage":"es","potentialAction":[{"@type":"CommentAction","name":"Comment","target":["https:\/\/agrupacionespsoe.es\/barbate\/la-fiesta-de-la-ilusion-cierra-la-campana-de-javier-rodriguez-en-la-plaza-del-ayuntamiento\/#respond"]}]},{"@type":"WebPage","@id":"https:\/\/agrupacionespsoe.es\/barbate\/la-fiesta-de-la-ilusion-cierra-la-campana-de-javier-rodriguez-en-la-plaza-del-ayuntamiento\/","url":"https:\/\/agrupacionespsoe.es\/barbate\/la-fiesta-de-la-ilusion-cierra-la-campana-de-javier-rodriguez-en-la-plaza-del-ayuntamiento\/","name":"La Fiesta de la Ilusi\u00f3n cierra la campa\u00f1a de Javier Rodr\u00edguez en la Plaza del Ayuntamiento - PSOE Barbate","isPartOf":{"@id":"https:\/\/agrupacionespsoe.es\/barbate\/#website"},"primaryImageOfPage":{"@id":"https:\/\/agrupacionespsoe.es\/barbate\/la-fiesta-de-la-ilusion-cierra-la-campana-de-javier-rodriguez-en-la-plaza-del-ayuntamiento\/#primaryimage"},"image":{"@id":"https:\/\/agrupacionespsoe.es\/barbate\/la-fiesta-de-la-ilusion-cierra-la-campana-de-javier-rodriguez-en-la-plaza-del-ayuntamiento\/#primaryimage"},"thumbnailUrl":"https:\/\/agrupacionespsoe.es\/barbate\/wp-content\/uploads\/sites\/104\/2023\/05\/WhatsApp-Image-2023-05-23-at-17.25.08.jpeg","datePublished":"2023-05-24T13:22:47+00:00","dateModified":"2023-05-24T13:22:48+00:00","breadcrumb":{"@id":"https:\/\/agrupacionespsoe.es\/barbate\/la-fiesta-de-la-ilusion-cierra-la-campana-de-javier-rodriguez-en-la-plaza-del-ayuntamiento\/#breadcrumb"},"inLanguage":"es","potentialAction":[{"@type":"ReadAction","target":["https:\/\/agrupacionespsoe.es\/barbate\/la-fiesta-de-la-ilusion-cierra-la-campana-de-javier-rodriguez-en-la-plaza-del-ayuntamiento\/"]}]},{"@type":"ImageObject","inLanguage":"es","@id":"https:\/\/agrupacionespsoe.es\/barbate\/la-fiesta-de-la-ilusion-cierra-la-campana-de-javier-rodriguez-en-la-plaza-del-ayuntamiento\/#primaryimage","url":"https:\/\/agrupacionespsoe.es\/barbate\/wp-content\/uploads\/sites\/104\/2023\/05\/WhatsApp-Image-2023-05-23-at-17.25.08.jpeg","contentUrl":"https:\/\/agrupacionespsoe.es\/barbate\/wp-content\/uploads\/sites\/104\/2023\/05\/WhatsApp-Image-2023-05-23-at-17.25.08.jpeg","width":1035,"height":1500},{"@type":"BreadcrumbList","@id":"https:\/\/agrupacionespsoe.es\/barbate\/la-fiesta-de-la-ilusion-cierra-la-campana-de-javier-rodriguez-en-la-plaza-del-ayuntamiento\/#breadcrumb","itemListElement":[{"@type":"ListItem","position":1,"name":"Portada","item":"https:\/\/agrupacionespsoe.es\/barbate\/"},{"@type":"ListItem","position":2,"name":"La Fiesta de la Ilusi\u00f3n cierra la campa\u00f1a de Javier Rodr\u00edguez en la Plaza del Ayuntamiento"}]},{"@type":"WebSite","@id":"https:\/\/agrupacionespsoe.es\/barbate\/#website","url":"https:\/\/agrupacionespsoe.es\/barbate\/","name":"PSOE Barbate","description":"PSOE BARBATE","publisher":{"@id":"https:\/\/agrupacionespsoe.es\/barbate\/#organization"},"potentialAction":[{"@type":"SearchAction","target":{"@type":"EntryPoint","urlTemplate":"https:\/\/agrupacionespsoe.es\/barbate\/?s={search_term_string}"},"query-input":{"@type":"PropertyValueSpecification","valueRequired":true,"valueName":"search_term_string"}}],"inLanguage":"es"},{"@type":"Organization","@id":"https:\/\/agrupacionespsoe.es\/barbate\/#organization","name":"PSOE Barbate","url":"https:\/\/agrupacionespsoe.es\/barbate\/","logo":{"@type":"ImageObject","inLanguage":"es","@id":"https:\/\/agrupacionespsoe.es\/barbate\/#\/schema\/logo\/image\/","url":"https:\/\/agrupacionespsoe.es\/wp-content\/uploads\/2022\/07\/Logotipo_electoral_del_PSOE.png","contentUrl":"https:\/\/agrupacionespsoe.es\/wp-content\/uploads\/2022\/07\/Logotipo_electoral_del_PSOE.png","width":422,"height":422,"caption":"PSOE Barbate"},"image":{"@id":"https:\/\/agrupacionespsoe.es\/barbate\/#\/schema\/logo\/image\/"}},{"@type":"Person","@id":"https:\/\/agrupacionespsoe.es\/barbate\/#\/schema\/person\/fb57332b771136035857e2a17089b403","name":"barbate1","image":{"@type":"ImageObject","inLanguage":"es","@id":"https:\/\/agrupacionespsoe.es\/barbate\/#\/schema\/person\/image\/","url":"https:\/\/secure.gravatar.com\/avatar\/68ea7ed9431a20fed86e5d4af65dc975?s=96&d=mm&r=g","contentUrl":"https:\/\/secure.gravatar.com\/avatar\/68ea7ed9431a20fed86e5d4af65dc975?s=96&d=mm&r=g","caption":"barbate1"},"url":"https:\/\/agrupacionespsoe.es\/barbate\/author\/barbate1\/"}]}},"jetpack_featured_media_url":"https:\/\/agrupacionespsoe.es\/barbate\/wp-content\/uploads\/sites\/104\/2023\/05\/WhatsApp-Image-2023-05-23-at-17.25.08.jpeg","jetpack_sharing_enabled":true,"_links":{"self":[{"href":"https:\/\/agrupacionespsoe.es\/barbate\/wp-json\/wp\/v2\/posts\/440","targetHints":{"allow":["GET"]}}],"collection":[{"href":"https:\/\/agrupacionespsoe.es\/barbate\/wp-json\/wp\/v2\/posts"}],"about":[{"href":"https:\/\/agrupacionespsoe.es\/barbate\/wp-json\/wp\/v2\/types\/post"}],"author":[{"embeddable":true,"href":"https:\/\/agrupacionespsoe.es\/barbate\/wp-json\/wp\/v2\/users\/155"}],"replies":[{"embeddable":true,"href":"https:\/\/agrupacionespsoe.es\/barbate\/wp-json\/wp\/v2\/comments?post=440"}],"version-history":[{"count":1,"href":"https:\/\/agrupacionespsoe.es\/barbate\/wp-json\/wp\/v2\/posts\/440\/revisions"}],"predecessor-version":[{"id":442,"href":"https:\/\/agrupacionespsoe.es\/barbate\/wp-json\/wp\/v2\/posts\/440\/revisions\/442"}],"wp:featuredmedia":[{"embeddable":true,"href":"https:\/\/agrupacionespsoe.es\/barbate\/wp-json\/wp\/v2\/media\/441"}],"wp:attachment":[{"href":"https:\/\/agrupacionespsoe.es\/barbate\/wp-json\/wp\/v2\/media?parent=440"}],"wp:term":[{"taxonomy":"category","embeddable":true,"href":"https:\/\/agrupacionespsoe.es\/barbate\/wp-json\/wp\/v2\/categories?post=440"},{"taxonomy":"post_tag","embeddable":true,"href":"https:\/\/agrupacionespsoe.es\/barbate\/wp-json\/wp\/v2\/tags?post=440"}],"curies":[{"name":"wp","href":"https:\/\/api.w.org\/{rel}","templated":true}]}}