{"id":330,"date":"2023-05-03T15:38:15","date_gmt":"2023-05-03T15:38:15","guid":{"rendered":"https:\/\/agrupacionespsoe.es\/barbate\/?p=330"},"modified":"2023-05-03T15:38:16","modified_gmt":"2023-05-03T15:38:16","slug":"jessica-izquierdo-juan-narciso-alcaraz-y-cristobal-nunez-se-presentan-como-parte-de-la-lista-del-psoe","status":"publish","type":"post","link":"https:\/\/agrupacionespsoe.es\/barbate\/jessica-izquierdo-juan-narciso-alcaraz-y-cristobal-nunez-se-presentan-como-parte-de-la-lista-del-psoe\/","title":{"rendered":"Jessica Izquierdo, Juan Narciso Alcaraz y Crist\u00f3bal N\u00fa\u00f1ez se presentan como parte de la lista del PSOE"},"content":{"rendered":"\n<p>Ya se conoce la totalidad de la lista con la que Javier Rodr\u00edguez concurrir\u00e1 a las Elecciones Municipales del pr\u00f3ximo 28 de mayo. Un equipo de 21 barbate\u00f1as y barbate\u00f1as que se destacan por su preparaci\u00f3n, pluralidad, capacidad de trabajo y, sobre todo, las ganas de luchar por Barbate.<\/p>\n\n\n\n<p>Por ello, siguiendo la l\u00ednea de acercar a cada uno de ellos a la ciudadan\u00eda, se presentan Jessica Izquierdo Garc\u00eda, Juan Narciso Alcaraz Cansado y Crist\u00f3bal N\u00fa\u00f1ez Mart\u00edn. Al igual que el resto de sus compa\u00f1eros y compa\u00f1eras, el candidato a la Alcald\u00eda, Javier Rodr\u00edguez, ha expresado que \u201csus valores hacen que tengan un sitio en este equipo por derecho propio\u201d.<\/p>\n\n\n\n<p>En el caso de Jessica Izquierdo (1994) trabaja actualmente en la hosteler\u00eda, siendo camarera en un establecimiento de la localidad. Pertenece a la Agrupaci\u00f3n Local del PSOE desde hace ocho a\u00f1os y siempre le ha interesado la pol\u00edtica porque est\u00e1 segura que \u201ces un veh\u00edculo para mejorar la sociedad\u201d.<\/p>\n\n\n\n<p>Por su parte, Juan Narciso Alcaraz (1986) trabaja como comercial en una empresa de log\u00edstica pero cuenta con estudios de t\u00e9cnico superior en Sistemas de Telecomunicaciones e Inform\u00e1tica. Aunque reside en Vejer desde hace varios a\u00f1os por motivos familiares, tiene claro que puede aportar mucho a Barbate, destac\u00e1ndose por su actitud asertiva frente a situaciones complicadas.<\/p>\n\n\n\n<p>Por \u00faltimo, Crist\u00f3bal N\u00fa\u00f1ez (1992) es abogado por la Universidad de C\u00e1diz y actualmente estudia para unas oposiciones. Resolutivo y con grandes ideas, en la experiencia profesional de Crist\u00f3bal se incluye haber trabajado en las dependencias del Servicio Municipal de Urbanismo y en la Asesor\u00eda Jur\u00eddica del Ayuntamiento de Barbate.<\/p>\n\n\n\n<p>Junto a ellos, el resto de compa\u00f1eros y compa\u00f1eras que forman la lista del PSOE fueron presentados en el acto celebrado el pasado 22 de abril en el CEIP Bah\u00eda de Barbate con la presencia de la ministra de Justicia, Pilar Llop. Un acto en el que destac\u00f3 el gran n\u00famero de vecinos y vecinas de la localidad y n\u00facleos rurales del t\u00e9rmino municipal que se acercaron interesados por el proyecto liderado por Javier Rodr\u00edguez.<\/p>\n\n\n\n<p>\u201cEstoy seguro de que el 28 de mayo, los barbate\u00f1os y barbate\u00f1as decidir\u00e1n cambiar el destino de nuestro pueblo y apostar\u00e1n por este equipo, el \u00fanico equipo que est\u00e1 hablando de Barbate y no de otros partidos. El \u00fanico partido que invierte su tiempo en escuchar a todos nuestros vecinos y vecinas para ofrecerles soluciones, y no en inventar bulos para crear miedo al cambio. Un cambio necesario, porque ahora por fin, es el momento de Barbate\u201d, ha finalizado Rodr\u00edguez.<\/p>\n","protected":false},"excerpt":{"rendered":"<p>Ya se conoce la totalidad de la lista con la que Javier Rodr\u00edguez concurrir\u00e1 a las Elecciones Municipales del pr\u00f3ximo 28 de mayo. Un equipo de 21 barbate\u00f1as y barbate\u00f1as que se destacan por su preparaci\u00f3n, pluralidad, capacidad de trabajo y, sobre todo, las ganas de luchar por Barbate. Por ello, siguiendo la l\u00ednea de &#8230;<\/p>\n","protected":false},"author":155,"featured_media":331,"comment_status":"open","ping_status":"open","sticky":false,"template":"","format":"standard","meta":{"_jetpack_memberships_contains_paid_content":false,"footnotes":""},"categories":[1],"tags":[8,24],"class_list":["post-330","post","type-post","status-publish","format-standard","has-post-thumbnail","hentry","category-sin-categoria","tag-barbate","tag-candiatura"],"yoast_head":"<!-- This site is optimized with the Yoast SEO plugin v24.0 - https:\/\/yoast.com\/wordpress\/plugins\/seo\/ -->\n<title>Jessica Izquierdo, Juan Narciso Alcaraz y Crist\u00f3bal N\u00fa\u00f1ez se presentan como parte de la lista del PSOE - PSOE Barbate<\/title>\n<meta name=\"robots\" content=\"index, follow, max-snippet:-1, max-image-preview:large, max-video-preview:-1\" \/>\n<link rel=\"canonical\" href=\"https:\/\/agrupacionespsoe.es\/barbate\/jessica-izquierdo-juan-narciso-alcaraz-y-cristobal-nunez-se-presentan-como-parte-de-la-lista-del-psoe\/\" \/>\n<meta property=\"og:locale\" content=\"es_ES\" \/>\n<meta property=\"og:type\" content=\"article\" \/>\n<meta property=\"og:title\" content=\"Jessica Izquierdo, Juan Narciso Alcaraz y Crist\u00f3bal N\u00fa\u00f1ez se presentan como parte de la lista del PSOE - PSOE Barbate\" \/>\n<meta property=\"og:description\" content=\"Ya se conoce la totalidad de la lista con la que Javier Rodr\u00edguez concurrir\u00e1 a las Elecciones Municipales del pr\u00f3ximo 28 de mayo. Un equipo de 21 barbate\u00f1as y barbate\u00f1as que se destacan por su preparaci\u00f3n, pluralidad, capacidad de trabajo y, sobre todo, las ganas de luchar por Barbate. Por ello, siguiendo la l\u00ednea de ...\" \/>\n<meta property=\"og:url\" content=\"https:\/\/agrupacionespsoe.es\/barbate\/jessica-izquierdo-juan-narciso-alcaraz-y-cristobal-nunez-se-presentan-como-parte-de-la-lista-del-psoe\/\" \/>\n<meta property=\"og:site_name\" content=\"PSOE Barbate\" \/>\n<meta property=\"article:published_time\" content=\"2023-05-03T15:38:15+00:00\" \/>\n<meta property=\"article:modified_time\" content=\"2023-05-03T15:38:16+00:00\" \/>\n<meta property=\"og:image\" content=\"https:\/\/agrupacionespsoe.es\/barbate\/wp-content\/uploads\/sites\/104\/2023\/05\/Portada-para-Facebook-dia-del-padre-bigote-fondo-azul-1024x577.png\" \/>\n\t<meta property=\"og:image:width\" content=\"1024\" \/>\n\t<meta property=\"og:image:height\" content=\"577\" \/>\n\t<meta property=\"og:image:type\" content=\"image\/png\" \/>\n<meta name=\"author\" content=\"barbate1\" \/>\n<meta name=\"twitter:card\" content=\"summary_large_image\" \/>\n<meta name=\"twitter:label1\" content=\"Escrito por\" \/>\n\t<meta name=\"twitter:data1\" content=\"barbate1\" \/>\n\t<meta name=\"twitter:label2\" content=\"Tiempo de lectura\" \/>\n\t<meta name=\"twitter:data2\" content=\"2 minutos\" \/>\n<script type=\"application\/ld+json\" class=\"yoast-schema-graph\">{\"@context\":\"https:\/\/schema.org\",\"@graph\":[{\"@type\":\"Article\",\"@id\":\"https:\/\/agrupacionespsoe.es\/barbate\/jessica-izquierdo-juan-narciso-alcaraz-y-cristobal-nunez-se-presentan-como-parte-de-la-lista-del-psoe\/#article\",\"isPartOf\":{\"@id\":\"https:\/\/agrupacionespsoe.es\/barbate\/jessica-izquierdo-juan-narciso-alcaraz-y-cristobal-nunez-se-presentan-como-parte-de-la-lista-del-psoe\/\"},\"author\":{\"name\":\"barbate1\",\"@id\":\"https:\/\/agrupacionespsoe.es\/barbate\/#\/schema\/person\/fb57332b771136035857e2a17089b403\"},\"headline\":\"Jessica Izquierdo, Juan Narciso Alcaraz y Crist\u00f3bal N\u00fa\u00f1ez se presentan como parte de la lista del PSOE\",\"datePublished\":\"2023-05-03T15:38:15+00:00\",\"dateModified\":\"2023-05-03T15:38:16+00:00\",\"mainEntityOfPage\":{\"@id\":\"https:\/\/agrupacionespsoe.es\/barbate\/jessica-izquierdo-juan-narciso-alcaraz-y-cristobal-nunez-se-presentan-como-parte-de-la-lista-del-psoe\/\"},\"wordCount\":475,\"commentCount\":0,\"publisher\":{\"@id\":\"https:\/\/agrupacionespsoe.es\/barbate\/#organization\"},\"image\":{\"@id\":\"https:\/\/agrupacionespsoe.es\/barbate\/jessica-izquierdo-juan-narciso-alcaraz-y-cristobal-nunez-se-presentan-como-parte-de-la-lista-del-psoe\/#primaryimage\"},\"thumbnailUrl\":\"https:\/\/agrupacionespsoe.es\/barbate\/wp-content\/uploads\/sites\/104\/2023\/05\/Portada-para-Facebook-dia-del-padre-bigote-fondo-azul.png\",\"keywords\":[\"barbate\",\"candiatura\"],\"inLanguage\":\"es\",\"potentialAction\":[{\"@type\":\"CommentAction\",\"name\":\"Comment\",\"target\":[\"https:\/\/agrupacionespsoe.es\/barbate\/jessica-izquierdo-juan-narciso-alcaraz-y-cristobal-nunez-se-presentan-como-parte-de-la-lista-del-psoe\/#respond\"]}]},{\"@type\":\"WebPage\",\"@id\":\"https:\/\/agrupacionespsoe.es\/barbate\/jessica-izquierdo-juan-narciso-alcaraz-y-cristobal-nunez-se-presentan-como-parte-de-la-lista-del-psoe\/\",\"url\":\"https:\/\/agrupacionespsoe.es\/barbate\/jessica-izquierdo-juan-narciso-alcaraz-y-cristobal-nunez-se-presentan-como-parte-de-la-lista-del-psoe\/\",\"name\":\"Jessica Izquierdo, Juan Narciso Alcaraz y Crist\u00f3bal N\u00fa\u00f1ez se presentan como parte de la lista del PSOE - PSOE Barbate\",\"isPartOf\":{\"@id\":\"https:\/\/agrupacionespsoe.es\/barbate\/#website\"},\"primaryImageOfPage\":{\"@id\":\"https:\/\/agrupacionespsoe.es\/barbate\/jessica-izquierdo-juan-narciso-alcaraz-y-cristobal-nunez-se-presentan-como-parte-de-la-lista-del-psoe\/#primaryimage\"},\"image\":{\"@id\":\"https:\/\/agrupacionespsoe.es\/barbate\/jessica-izquierdo-juan-narciso-alcaraz-y-cristobal-nunez-se-presentan-como-parte-de-la-lista-del-psoe\/#primaryimage\"},\"thumbnailUrl\":\"https:\/\/agrupacionespsoe.es\/barbate\/wp-content\/uploads\/sites\/104\/2023\/05\/Portada-para-Facebook-dia-del-padre-bigote-fondo-azul.png\",\"datePublished\":\"2023-05-03T15:38:15+00:00\",\"dateModified\":\"2023-05-03T15:38:16+00:00\",\"breadcrumb\":{\"@id\":\"https:\/\/agrupacionespsoe.es\/barbate\/jessica-izquierdo-juan-narciso-alcaraz-y-cristobal-nunez-se-presentan-como-parte-de-la-lista-del-psoe\/#breadcrumb\"},\"inLanguage\":\"es\",\"potentialAction\":[{\"@type\":\"ReadAction\",\"target\":[\"https:\/\/agrupacionespsoe.es\/barbate\/jessica-izquierdo-juan-narciso-alcaraz-y-cristobal-nunez-se-presentan-como-parte-de-la-lista-del-psoe\/\"]}]},{\"@type\":\"ImageObject\",\"inLanguage\":\"es\",\"@id\":\"https:\/\/agrupacionespsoe.es\/barbate\/jessica-izquierdo-juan-narciso-alcaraz-y-cristobal-nunez-se-presentan-como-parte-de-la-lista-del-psoe\/#primaryimage\",\"url\":\"https:\/\/agrupacionespsoe.es\/barbate\/wp-content\/uploads\/sites\/104\/2023\/05\/Portada-para-Facebook-dia-del-padre-bigote-fondo-azul.png\",\"contentUrl\":\"https:\/\/agrupacionespsoe.es\/barbate\/wp-content\/uploads\/sites\/104\/2023\/05\/Portada-para-Facebook-dia-del-padre-bigote-fondo-azul.png\",\"width\":1640,\"height\":924},{\"@type\":\"BreadcrumbList\",\"@id\":\"https:\/\/agrupacionespsoe.es\/barbate\/jessica-izquierdo-juan-narciso-alcaraz-y-cristobal-nunez-se-presentan-como-parte-de-la-lista-del-psoe\/#breadcrumb\",\"itemListElement\":[{\"@type\":\"ListItem\",\"position\":1,\"name\":\"Portada\",\"item\":\"https:\/\/agrupacionespsoe.es\/barbate\/\"},{\"@type\":\"ListItem\",\"position\":2,\"name\":\"Jessica Izquierdo, Juan Narciso Alcaraz y Crist\u00f3bal N\u00fa\u00f1ez se presentan como parte de la lista del PSOE\"}]},{\"@type\":\"WebSite\",\"@id\":\"https:\/\/agrupacionespsoe.es\/barbate\/#website\",\"url\":\"https:\/\/agrupacionespsoe.es\/barbate\/\",\"name\":\"PSOE Barbate\",\"description\":\"PSOE BARBATE\",\"publisher\":{\"@id\":\"https:\/\/agrupacionespsoe.es\/barbate\/#organization\"},\"potentialAction\":[{\"@type\":\"SearchAction\",\"target\":{\"@type\":\"EntryPoint\",\"urlTemplate\":\"https:\/\/agrupacionespsoe.es\/barbate\/?s={search_term_string}\"},\"query-input\":{\"@type\":\"PropertyValueSpecification\",\"valueRequired\":true,\"valueName\":\"search_term_string\"}}],\"inLanguage\":\"es\"},{\"@type\":\"Organization\",\"@id\":\"https:\/\/agrupacionespsoe.es\/barbate\/#organization\",\"name\":\"PSOE Barbate\",\"url\":\"https:\/\/agrupacionespsoe.es\/barbate\/\",\"logo\":{\"@type\":\"ImageObject\",\"inLanguage\":\"es\",\"@id\":\"https:\/\/agrupacionespsoe.es\/barbate\/#\/schema\/logo\/image\/\",\"url\":\"https:\/\/agrupacionespsoe.es\/wp-content\/uploads\/2022\/07\/Logotipo_electoral_del_PSOE.png\",\"contentUrl\":\"https:\/\/agrupacionespsoe.es\/wp-content\/uploads\/2022\/07\/Logotipo_electoral_del_PSOE.png\",\"width\":422,\"height\":422,\"caption\":\"PSOE Barbate\"},\"image\":{\"@id\":\"https:\/\/agrupacionespsoe.es\/barbate\/#\/schema\/logo\/image\/\"}},{\"@type\":\"Person\",\"@id\":\"https:\/\/agrupacionespsoe.es\/barbate\/#\/schema\/person\/fb57332b771136035857e2a17089b403\",\"name\":\"barbate1\",\"image\":{\"@type\":\"ImageObject\",\"inLanguage\":\"es\",\"@id\":\"https:\/\/agrupacionespsoe.es\/barbate\/#\/schema\/person\/image\/\",\"url\":\"https:\/\/secure.gravatar.com\/avatar\/68ea7ed9431a20fed86e5d4af65dc975?s=96&d=mm&r=g\",\"contentUrl\":\"https:\/\/secure.gravatar.com\/avatar\/68ea7ed9431a20fed86e5d4af65dc975?s=96&d=mm&r=g\",\"caption\":\"barbate1\"},\"url\":\"https:\/\/agrupacionespsoe.es\/barbate\/author\/barbate1\/\"}]}<\/script>\n<!-- \/ Yoast SEO plugin. -->","yoast_head_json":{"title":"Jessica Izquierdo, Juan Narciso Alcaraz y Crist\u00f3bal N\u00fa\u00f1ez se presentan como parte de la lista del PSOE - PSOE Barbate","robots":{"index":"index","follow":"follow","max-snippet":"max-snippet:-1","max-image-preview":"max-image-preview:large","max-video-preview":"max-video-preview:-1"},"canonical":"https:\/\/agrupacionespsoe.es\/barbate\/jessica-izquierdo-juan-narciso-alcaraz-y-cristobal-nunez-se-presentan-como-parte-de-la-lista-del-psoe\/","og_locale":"es_ES","og_type":"article","og_title":"Jessica Izquierdo, Juan Narciso Alcaraz y Crist\u00f3bal N\u00fa\u00f1ez se presentan como parte de la lista del PSOE - PSOE Barbate","og_description":"Ya se conoce la totalidad de la lista con la que Javier Rodr\u00edguez concurrir\u00e1 a las Elecciones Municipales del pr\u00f3ximo 28 de mayo. Un equipo de 21 barbate\u00f1as y barbate\u00f1as que se destacan por su preparaci\u00f3n, pluralidad, capacidad de trabajo y, sobre todo, las ganas de luchar por Barbate. Por ello, siguiendo la l\u00ednea de ...","og_url":"https:\/\/agrupacionespsoe.es\/barbate\/jessica-izquierdo-juan-narciso-alcaraz-y-cristobal-nunez-se-presentan-como-parte-de-la-lista-del-psoe\/","og_site_name":"PSOE Barbate","article_published_time":"2023-05-03T15:38:15+00:00","article_modified_time":"2023-05-03T15:38:16+00:00","og_image":[{"width":1024,"height":577,"url":"https:\/\/agrupacionespsoe.es\/barbate\/wp-content\/uploads\/sites\/104\/2023\/05\/Portada-para-Facebook-dia-del-padre-bigote-fondo-azul-1024x577.png","type":"image\/png"}],"author":"barbate1","twitter_card":"summary_large_image","twitter_misc":{"Escrito por":"barbate1","Tiempo de lectura":"2 minutos"},"schema":{"@context":"https:\/\/schema.org","@graph":[{"@type":"Article","@id":"https:\/\/agrupacionespsoe.es\/barbate\/jessica-izquierdo-juan-narciso-alcaraz-y-cristobal-nunez-se-presentan-como-parte-de-la-lista-del-psoe\/#article","isPartOf":{"@id":"https:\/\/agrupacionespsoe.es\/barbate\/jessica-izquierdo-juan-narciso-alcaraz-y-cristobal-nunez-se-presentan-como-parte-de-la-lista-del-psoe\/"},"author":{"name":"barbate1","@id":"https:\/\/agrupacionespsoe.es\/barbate\/#\/schema\/person\/fb57332b771136035857e2a17089b403"},"headline":"Jessica Izquierdo, Juan Narciso Alcaraz y Crist\u00f3bal N\u00fa\u00f1ez se presentan como parte de la lista del PSOE","datePublished":"2023-05-03T15:38:15+00:00","dateModified":"2023-05-03T15:38:16+00:00","mainEntityOfPage":{"@id":"https:\/\/agrupacionespsoe.es\/barbate\/jessica-izquierdo-juan-narciso-alcaraz-y-cristobal-nunez-se-presentan-como-parte-de-la-lista-del-psoe\/"},"wordCount":475,"commentCount":0,"publisher":{"@id":"https:\/\/agrupacionespsoe.es\/barbate\/#organization"},"image":{"@id":"https:\/\/agrupacionespsoe.es\/barbate\/jessica-izquierdo-juan-narciso-alcaraz-y-cristobal-nunez-se-presentan-como-parte-de-la-lista-del-psoe\/#primaryimage"},"thumbnailUrl":"https:\/\/agrupacionespsoe.es\/barbate\/wp-content\/uploads\/sites\/104\/2023\/05\/Portada-para-Facebook-dia-del-padre-bigote-fondo-azul.png","keywords":["barbate","candiatura"],"inLanguage":"es","potentialAction":[{"@type":"CommentAction","name":"Comment","target":["https:\/\/agrupacionespsoe.es\/barbate\/jessica-izquierdo-juan-narciso-alcaraz-y-cristobal-nunez-se-presentan-como-parte-de-la-lista-del-psoe\/#respond"]}]},{"@type":"WebPage","@id":"https:\/\/agrupacionespsoe.es\/barbate\/jessica-izquierdo-juan-narciso-alcaraz-y-cristobal-nunez-se-presentan-como-parte-de-la-lista-del-psoe\/","url":"https:\/\/agrupacionespsoe.es\/barbate\/jessica-izquierdo-juan-narciso-alcaraz-y-cristobal-nunez-se-presentan-como-parte-de-la-lista-del-psoe\/","name":"Jessica Izquierdo, Juan Narciso Alcaraz y Crist\u00f3bal N\u00fa\u00f1ez se presentan como parte de la lista del PSOE - PSOE Barbate","isPartOf":{"@id":"https:\/\/agrupacionespsoe.es\/barbate\/#website"},"primaryImageOfPage":{"@id":"https:\/\/agrupacionespsoe.es\/barbate\/jessica-izquierdo-juan-narciso-alcaraz-y-cristobal-nunez-se-presentan-como-parte-de-la-lista-del-psoe\/#primaryimage"},"image":{"@id":"https:\/\/agrupacionespsoe.es\/barbate\/jessica-izquierdo-juan-narciso-alcaraz-y-cristobal-nunez-se-presentan-como-parte-de-la-lista-del-psoe\/#primaryimage"},"thumbnailUrl":"https:\/\/agrupacionespsoe.es\/barbate\/wp-content\/uploads\/sites\/104\/2023\/05\/Portada-para-Facebook-dia-del-padre-bigote-fondo-azul.png","datePublished":"2023-05-03T15:38:15+00:00","dateModified":"2023-05-03T15:38:16+00:00","breadcrumb":{"@id":"https:\/\/agrupacionespsoe.es\/barbate\/jessica-izquierdo-juan-narciso-alcaraz-y-cristobal-nunez-se-presentan-como-parte-de-la-lista-del-psoe\/#breadcrumb"},"inLanguage":"es","potentialAction":[{"@type":"ReadAction","target":["https:\/\/agrupacionespsoe.es\/barbate\/jessica-izquierdo-juan-narciso-alcaraz-y-cristobal-nunez-se-presentan-como-parte-de-la-lista-del-psoe\/"]}]},{"@type":"ImageObject","inLanguage":"es","@id":"https:\/\/agrupacionespsoe.es\/barbate\/jessica-izquierdo-juan-narciso-alcaraz-y-cristobal-nunez-se-presentan-como-parte-de-la-lista-del-psoe\/#primaryimage","url":"https:\/\/agrupacionespsoe.es\/barbate\/wp-content\/uploads\/sites\/104\/2023\/05\/Portada-para-Facebook-dia-del-padre-bigote-fondo-azul.png","contentUrl":"https:\/\/agrupacionespsoe.es\/barbate\/wp-content\/uploads\/sites\/104\/2023\/05\/Portada-para-Facebook-dia-del-padre-bigote-fondo-azul.png","width":1640,"height":924},{"@type":"BreadcrumbList","@id":"https:\/\/agrupacionespsoe.es\/barbate\/jessica-izquierdo-juan-narciso-alcaraz-y-cristobal-nunez-se-presentan-como-parte-de-la-lista-del-psoe\/#breadcrumb","itemListElement":[{"@type":"ListItem","position":1,"name":"Portada","item":"https:\/\/agrupacionespsoe.es\/barbate\/"},{"@type":"ListItem","position":2,"name":"Jessica Izquierdo, Juan Narciso Alcaraz y Crist\u00f3bal N\u00fa\u00f1ez se presentan como parte de la lista del PSOE"}]},{"@type":"WebSite","@id":"https:\/\/agrupacionespsoe.es\/barbate\/#website","url":"https:\/\/agrupacionespsoe.es\/barbate\/","name":"PSOE Barbate","description":"PSOE BARBATE","publisher":{"@id":"https:\/\/agrupacionespsoe.es\/barbate\/#organization"},"potentialAction":[{"@type":"SearchAction","target":{"@type":"EntryPoint","urlTemplate":"https:\/\/agrupacionespsoe.es\/barbate\/?s={search_term_string}"},"query-input":{"@type":"PropertyValueSpecification","valueRequired":true,"valueName":"search_term_string"}}],"inLanguage":"es"},{"@type":"Organization","@id":"https:\/\/agrupacionespsoe.es\/barbate\/#organization","name":"PSOE Barbate","url":"https:\/\/agrupacionespsoe.es\/barbate\/","logo":{"@type":"ImageObject","inLanguage":"es","@id":"https:\/\/agrupacionespsoe.es\/barbate\/#\/schema\/logo\/image\/","url":"https:\/\/agrupacionespsoe.es\/wp-content\/uploads\/2022\/07\/Logotipo_electoral_del_PSOE.png","contentUrl":"https:\/\/agrupacionespsoe.es\/wp-content\/uploads\/2022\/07\/Logotipo_electoral_del_PSOE.png","width":422,"height":422,"caption":"PSOE Barbate"},"image":{"@id":"https:\/\/agrupacionespsoe.es\/barbate\/#\/schema\/logo\/image\/"}},{"@type":"Person","@id":"https:\/\/agrupacionespsoe.es\/barbate\/#\/schema\/person\/fb57332b771136035857e2a17089b403","name":"barbate1","image":{"@type":"ImageObject","inLanguage":"es","@id":"https:\/\/agrupacionespsoe.es\/barbate\/#\/schema\/person\/image\/","url":"https:\/\/secure.gravatar.com\/avatar\/68ea7ed9431a20fed86e5d4af65dc975?s=96&d=mm&r=g","contentUrl":"https:\/\/secure.gravatar.com\/avatar\/68ea7ed9431a20fed86e5d4af65dc975?s=96&d=mm&r=g","caption":"barbate1"},"url":"https:\/\/agrupacionespsoe.es\/barbate\/author\/barbate1\/"}]}},"jetpack_featured_media_url":"https:\/\/agrupacionespsoe.es\/barbate\/wp-content\/uploads\/sites\/104\/2023\/05\/Portada-para-Facebook-dia-del-padre-bigote-fondo-azul.png","jetpack_sharing_enabled":true,"_links":{"self":[{"href":"https:\/\/agrupacionespsoe.es\/barbate\/wp-json\/wp\/v2\/posts\/330","targetHints":{"allow":["GET"]}}],"collection":[{"href":"https:\/\/agrupacionespsoe.es\/barbate\/wp-json\/wp\/v2\/posts"}],"about":[{"href":"https:\/\/agrupacionespsoe.es\/barbate\/wp-json\/wp\/v2\/types\/post"}],"author":[{"embeddable":true,"href":"https:\/\/agrupacionespsoe.es\/barbate\/wp-json\/wp\/v2\/users\/155"}],"replies":[{"embeddable":true,"href":"https:\/\/agrupacionespsoe.es\/barbate\/wp-json\/wp\/v2\/comments?post=330"}],"version-history":[{"count":1,"href":"https:\/\/agrupacionespsoe.es\/barbate\/wp-json\/wp\/v2\/posts\/330\/revisions"}],"predecessor-version":[{"id":332,"href":"https:\/\/agrupacionespsoe.es\/barbate\/wp-json\/wp\/v2\/posts\/330\/revisions\/332"}],"wp:featuredmedia":[{"embeddable":true,"href":"https:\/\/agrupacionespsoe.es\/barbate\/wp-json\/wp\/v2\/media\/331"}],"wp:attachment":[{"href":"https:\/\/agrupacionespsoe.es\/barbate\/wp-json\/wp\/v2\/media?parent=330"}],"wp:term":[{"taxonomy":"category","embeddable":true,"href":"https:\/\/agrupacionespsoe.es\/barbate\/wp-json\/wp\/v2\/categories?post=330"},{"taxonomy":"post_tag","embeddable":true,"href":"https:\/\/agrupacionespsoe.es\/barbate\/wp-json\/wp\/v2\/tags?post=330"}],"curies":[{"name":"wp","href":"https:\/\/api.w.org\/{rel}","templated":true}]}}