{"id":236,"date":"2023-03-14T08:43:20","date_gmt":"2023-03-14T08:43:20","guid":{"rendered":"https:\/\/agrupacionespsoe.es\/barbate\/?p=236"},"modified":"2023-03-14T08:43:20","modified_gmt":"2023-03-14T08:43:20","slug":"javier-rodriguez-ratificado-como-cabeza-de-lista-para-barbate","status":"publish","type":"post","link":"https:\/\/agrupacionespsoe.es\/barbate\/javier-rodriguez-ratificado-como-cabeza-de-lista-para-barbate\/","title":{"rendered":"Javier Rodr\u00edguez, ratificado como cabeza de lista para Barbate"},"content":{"rendered":"\n<p>El PSOE de C\u00e1diz ha ratificado esta tarde en el Comit\u00e9 Provincial celebrado en Medina Sidonia las candidaturas de los socialistas a las elecciones municipales del 28 de mayo tras haber sido respaldadas por un 98 por ciento de los asistentes. As\u00ed, en una atenci\u00f3n previa a los medios, el secretario general del PSOE de C\u00e1diz, Juan Carlos Ruiz Boix, ha detallado que el m\u00e1ximo \u00f3rgano entre congresos del PSOE gaditano es el competente para la aprobaci\u00f3n de las candidaturas para las elecciones municipales de los municipios de menos de 20.000 habitantes (30 municipios y 10 ELAS), mientras que corresponde al Comit\u00e9 Director, que se celebrar\u00e1 este viernes en Sevilla, aprobar las listas de los municipios de entre 20 y 50 mil habitantes que en el caso de C\u00e1diz son 7, y el Comit\u00e9 Federal el s\u00e1bado aprobar\u00e1 las candidaturas para las ciudades de m\u00e1s de 50 habitantes, de ellos ocho municipios gaditanos.<\/p>\n\n\n\n<p><br>Ruiz Boix espera que el PSOE no solo gane las elecciones en la provincia sino que supere los resultados de las anteriores elecciones ya que el reto es sumar a las 22 alcald\u00edas y siete ELAS ya gobernadas por el PSOE, \u201cun total de 23 proyectos nuevos e ilusionantes para ganar las alcald\u00edas en aquellos localidades y en cuatro ELAS en los que no gobernamos a d\u00eda de hoy\u201d.<br>Ante los representantes de las 54 agrupaciones socialistas que conforman el plenario, el secretario general ha asegurado que \u201cel PSOE se presenta hoy como la mejor alternativa en muchos municipios donde han venido gobernando otras formaciones pol\u00edticas\u201d, lo que achaca al trabajo de la direcci\u00f3n provincial en estos meses para conformar candidaturas potentes, nuevas en aquellas localidades donde hac\u00eda falta un nuevo rumbo, o de continuidad en aquellos casos en los que la ciudadan\u00eda ha venido respaldando la acci\u00f3n de oposici\u00f3n que hemos venido ejerciendo.<br>Ruiz Boix ha defendido \u201cel banquillo socialista que ha permitido conformar excelentes candidaturas\u201d al mismo tiempo que ha agradecido \u201cla unidad y la generosidad con la que se han compuesto estas candidaturas, en las que se mezcla la experiencia con la incorporaci\u00f3n de j\u00f3venes y de personas que en algunos casos llegan como independientes a quienes avala ser referentes en sus municipios en el movimiento vecinal o en colectivos sociales\u201d.<\/p>\n\n\n\n<p><br>El dirigente socialista ha apuntado que \u201cen el \u00faltimo a\u00f1o nos han estado dando la matraca con las encuestas en los medios de comunicaci\u00f3n intentando convencer a la ciudadan\u00eda de que iban a ganar de calle las elecciones municipales como paso previo a una victoria en las generales y sin embargo, ya no hablan de encuestas. \u201cAhora, como siempre, recurren a la crispaci\u00f3n, a la corrupci\u00f3n, para intentar desmovilizar el 28 de mayo a los votantes de izquierdas. Han estado desaparecidos de muchos pueblos de la provincia en estos \u00faltimos cuatro a\u00f1os. Y ahora han puesto el aparato de la Junta para buscar candidatos y promocionarlos\u201d, advierte.<\/p>\n\n\n\n<p><br>\u201cNuestros vecinos y vecinas saben que en este mandato municipal, marcado primero por la pandemia, ma\u00f1ana precisamente se cumplen tres a\u00f1os del Estado de Alarma, y desde hace 13 meses por la Guerra de Ucrania, nuestros Alcaldes y Alcaldesas han estado en todo momento junto a sus vecinos y vecinas a trav\u00e9s de planes de empleo y pol\u00edticas sociales para ayudar a las familias m\u00e1s necesitadas, asumiendo competencias que le correspond\u00eda a la Junta de Andaluc\u00eda como la limpieza en los colegios\u201d, anota para compararlo con \u201cuna Junta de Andaluc\u00eda que ha sido incapaz de gestionar los recursos extraordinarios que viene recibiendo del Gobierno para ejecutar planes extraordinarios de empleo o para reforzar la Atenci\u00f3n Primaria o la educaci\u00f3n p\u00fablica\u201d.<br>Especialmente, Ruiz Boix se ha referido al \u00faltimo esc\u00e1ndalo que salpica a la Junta preguntando \u201cqui\u00e9nes son los beneficiarios del desvio masivo de fondos a la sanidad privada en Andaluc\u00eda sin control y a dedo por parte de Moreno Bonilla\u201d. As\u00ed se ha referido a los m\u00e1s de 110 millones de euros desviados entre 2021 y 2022 respecto a las que ha precisado que \u201clas adjudicaciones directas, sin concurrencia competitiva ni publicidad, fueron derogadas el 9 de mayo de 2021, y sin embargo la Junta continu\u00f3 con este sistema al margen de la Ley un a\u00f1o y medio m\u00e1s\u201d.<br>\u201cUna operaci\u00f3n encubierta a trav\u00e9s de un sistema absolutamente opaco, falto de concurrencia p\u00fablica para dar dinero a la sanidad privada, bas\u00e1ndose en normas derogadas o retorciendo jur\u00eddicamente la ley de contratos del sector p\u00fablico\u201d, ha subrayado para reclamar a Moreno Bonilla que asuma responsabilidades.<\/p>\n\n\n\n<p><br>\u201cSi en Madrid se benefici\u00f3 el hermano Ayuso y el primo de Almeida, queremos saber qui\u00e9nes se han beneficiado aqu\u00ed en Andaluc\u00eda\u201d, ha insistido Ruiz Boix que avisa que el PSOE reclamar\u00e1 \u201cuna investigaci\u00f3n exhaustiva sobre los hechos denunciados en la prensa para llegar hasta el final de este asunto. \u201cVamos a exigir al Gobierno andaluz que de manera urgente nos remita todas las adjudicaciones, contrataciones, adendas, ampliaciones y empresas relacionadas con estas adjudicaciones irregulares realizadas por toda Andaluc\u00eda para analizar quienes han sido los beneficiarios de estos contratos y al precio que se han cobrado los servicios\u201d, precisa.<br><\/p>\n\n\n\n<p>El Comit\u00e9 Provincial, en el que se guard\u00f3 un minuto de silencio en homenaje al que fuera alcalde ped\u00e1neo de Benamahoma, Manolo Tovar y al hist\u00f3rico militante de Arcos, Manuel Gonz\u00e1lez Benito, fue abierto con la intervenci\u00f3n del candidato a la alcald\u00eda de Medina Sidonia, Juan Cornejo que agradeci\u00f3 a la Ejecutiva que hubiesen elegido su localidad y \u201cun teatro con el sello del alcalde socialista Paco Carrera\u201d para celebrar el c\u00f3nclave. Cornejo ha apuntado tres claves para garantizar el \u00e9xito en los procesos electorales que se avecinan como son \u201cla generosidad, para situar a la colectividad por encima de los proyectos personales; la unidad, pues una vez que se ha producido la elecci\u00f3n de compa\u00f1eros y compa\u00f1eras que nos van a representar, toca salir todos a una a defender las candidaturas en la calle y por \u00faltimo, la responsabilidad, como partido de Gobierno que somos para responder a lo que la ciudadan\u00eda nos demanda, defender sus intereses y resolver sus problemas\u201d.<\/p>\n","protected":false},"excerpt":{"rendered":"<p>El PSOE de C\u00e1diz ha ratificado esta tarde en el Comit\u00e9 Provincial celebrado en Medina Sidonia las candidaturas de los socialistas a las elecciones municipales del 28 de mayo tras haber sido respaldadas por un 98 por ciento de los asistentes. As\u00ed, en una atenci\u00f3n previa a los medios, el secretario general del PSOE de &#8230;<\/p>\n","protected":false},"author":155,"featured_media":237,"comment_status":"open","ping_status":"open","sticky":false,"template":"","format":"standard","meta":{"_jetpack_memberships_contains_paid_content":false,"footnotes":""},"categories":[11],"tags":[],"class_list":["post-236","post","type-post","status-publish","format-standard","has-post-thumbnail","hentry","category-candidatura"],"yoast_head":"<!-- This site is optimized with the Yoast SEO plugin v24.0 - https:\/\/yoast.com\/wordpress\/plugins\/seo\/ -->\n<title>Javier Rodr\u00edguez, ratificado como cabeza de lista para Barbate - PSOE Barbate<\/title>\n<meta name=\"robots\" content=\"index, follow, max-snippet:-1, max-image-preview:large, max-video-preview:-1\" \/>\n<link rel=\"canonical\" href=\"https:\/\/agrupacionespsoe.es\/barbate\/javier-rodriguez-ratificado-como-cabeza-de-lista-para-barbate\/\" \/>\n<meta property=\"og:locale\" content=\"es_ES\" \/>\n<meta property=\"og:type\" content=\"article\" \/>\n<meta property=\"og:title\" content=\"Javier Rodr\u00edguez, ratificado como cabeza de lista para Barbate - PSOE Barbate\" \/>\n<meta property=\"og:description\" content=\"El PSOE de C\u00e1diz ha ratificado esta tarde en el Comit\u00e9 Provincial celebrado en Medina Sidonia las candidaturas de los socialistas a las elecciones municipales del 28 de mayo tras haber sido respaldadas por un 98 por ciento de los asistentes. As\u00ed, en una atenci\u00f3n previa a los medios, el secretario general del PSOE de ...\" \/>\n<meta property=\"og:url\" content=\"https:\/\/agrupacionespsoe.es\/barbate\/javier-rodriguez-ratificado-como-cabeza-de-lista-para-barbate\/\" \/>\n<meta property=\"og:site_name\" content=\"PSOE Barbate\" \/>\n<meta property=\"article:published_time\" content=\"2023-03-14T08:43:20+00:00\" \/>\n<meta property=\"og:image\" content=\"https:\/\/agrupacionespsoe.es\/barbate\/wp-content\/uploads\/sites\/104\/2023\/03\/334298049_771316614333099_3662845080869731581_n.jpg\" \/>\n\t<meta property=\"og:image:width\" content=\"2048\" \/>\n\t<meta property=\"og:image:height\" content=\"1365\" \/>\n\t<meta property=\"og:image:type\" content=\"image\/jpeg\" \/>\n<meta name=\"author\" content=\"barbate1\" \/>\n<meta name=\"twitter:card\" content=\"summary_large_image\" \/>\n<meta name=\"twitter:label1\" content=\"Escrito por\" \/>\n\t<meta name=\"twitter:data1\" content=\"barbate1\" \/>\n\t<meta name=\"twitter:label2\" content=\"Tiempo de lectura\" \/>\n\t<meta name=\"twitter:data2\" content=\"5 minutos\" \/>\n<script type=\"application\/ld+json\" class=\"yoast-schema-graph\">{\"@context\":\"https:\/\/schema.org\",\"@graph\":[{\"@type\":\"Article\",\"@id\":\"https:\/\/agrupacionespsoe.es\/barbate\/javier-rodriguez-ratificado-como-cabeza-de-lista-para-barbate\/#article\",\"isPartOf\":{\"@id\":\"https:\/\/agrupacionespsoe.es\/barbate\/javier-rodriguez-ratificado-como-cabeza-de-lista-para-barbate\/\"},\"author\":{\"name\":\"barbate1\",\"@id\":\"https:\/\/agrupacionespsoe.es\/barbate\/#\/schema\/person\/fb57332b771136035857e2a17089b403\"},\"headline\":\"Javier Rodr\u00edguez, ratificado como cabeza de lista para Barbate\",\"datePublished\":\"2023-03-14T08:43:20+00:00\",\"dateModified\":\"2023-03-14T08:43:20+00:00\",\"mainEntityOfPage\":{\"@id\":\"https:\/\/agrupacionespsoe.es\/barbate\/javier-rodriguez-ratificado-como-cabeza-de-lista-para-barbate\/\"},\"wordCount\":1062,\"commentCount\":0,\"publisher\":{\"@id\":\"https:\/\/agrupacionespsoe.es\/barbate\/#organization\"},\"image\":{\"@id\":\"https:\/\/agrupacionespsoe.es\/barbate\/javier-rodriguez-ratificado-como-cabeza-de-lista-para-barbate\/#primaryimage\"},\"thumbnailUrl\":\"https:\/\/agrupacionespsoe.es\/barbate\/wp-content\/uploads\/sites\/104\/2023\/03\/334298049_771316614333099_3662845080869731581_n.jpg\",\"articleSection\":[\"CANDIDATURA\"],\"inLanguage\":\"es\",\"potentialAction\":[{\"@type\":\"CommentAction\",\"name\":\"Comment\",\"target\":[\"https:\/\/agrupacionespsoe.es\/barbate\/javier-rodriguez-ratificado-como-cabeza-de-lista-para-barbate\/#respond\"]}]},{\"@type\":\"WebPage\",\"@id\":\"https:\/\/agrupacionespsoe.es\/barbate\/javier-rodriguez-ratificado-como-cabeza-de-lista-para-barbate\/\",\"url\":\"https:\/\/agrupacionespsoe.es\/barbate\/javier-rodriguez-ratificado-como-cabeza-de-lista-para-barbate\/\",\"name\":\"Javier Rodr\u00edguez, ratificado como cabeza de lista para Barbate - PSOE Barbate\",\"isPartOf\":{\"@id\":\"https:\/\/agrupacionespsoe.es\/barbate\/#website\"},\"primaryImageOfPage\":{\"@id\":\"https:\/\/agrupacionespsoe.es\/barbate\/javier-rodriguez-ratificado-como-cabeza-de-lista-para-barbate\/#primaryimage\"},\"image\":{\"@id\":\"https:\/\/agrupacionespsoe.es\/barbate\/javier-rodriguez-ratificado-como-cabeza-de-lista-para-barbate\/#primaryimage\"},\"thumbnailUrl\":\"https:\/\/agrupacionespsoe.es\/barbate\/wp-content\/uploads\/sites\/104\/2023\/03\/334298049_771316614333099_3662845080869731581_n.jpg\",\"datePublished\":\"2023-03-14T08:43:20+00:00\",\"dateModified\":\"2023-03-14T08:43:20+00:00\",\"breadcrumb\":{\"@id\":\"https:\/\/agrupacionespsoe.es\/barbate\/javier-rodriguez-ratificado-como-cabeza-de-lista-para-barbate\/#breadcrumb\"},\"inLanguage\":\"es\",\"potentialAction\":[{\"@type\":\"ReadAction\",\"target\":[\"https:\/\/agrupacionespsoe.es\/barbate\/javier-rodriguez-ratificado-como-cabeza-de-lista-para-barbate\/\"]}]},{\"@type\":\"ImageObject\",\"inLanguage\":\"es\",\"@id\":\"https:\/\/agrupacionespsoe.es\/barbate\/javier-rodriguez-ratificado-como-cabeza-de-lista-para-barbate\/#primaryimage\",\"url\":\"https:\/\/agrupacionespsoe.es\/barbate\/wp-content\/uploads\/sites\/104\/2023\/03\/334298049_771316614333099_3662845080869731581_n.jpg\",\"contentUrl\":\"https:\/\/agrupacionespsoe.es\/barbate\/wp-content\/uploads\/sites\/104\/2023\/03\/334298049_771316614333099_3662845080869731581_n.jpg\",\"width\":2048,\"height\":1365},{\"@type\":\"BreadcrumbList\",\"@id\":\"https:\/\/agrupacionespsoe.es\/barbate\/javier-rodriguez-ratificado-como-cabeza-de-lista-para-barbate\/#breadcrumb\",\"itemListElement\":[{\"@type\":\"ListItem\",\"position\":1,\"name\":\"Portada\",\"item\":\"https:\/\/agrupacionespsoe.es\/barbate\/\"},{\"@type\":\"ListItem\",\"position\":2,\"name\":\"Javier Rodr\u00edguez, ratificado como cabeza de lista para Barbate\"}]},{\"@type\":\"WebSite\",\"@id\":\"https:\/\/agrupacionespsoe.es\/barbate\/#website\",\"url\":\"https:\/\/agrupacionespsoe.es\/barbate\/\",\"name\":\"PSOE Barbate\",\"description\":\"PSOE BARBATE\",\"publisher\":{\"@id\":\"https:\/\/agrupacionespsoe.es\/barbate\/#organization\"},\"potentialAction\":[{\"@type\":\"SearchAction\",\"target\":{\"@type\":\"EntryPoint\",\"urlTemplate\":\"https:\/\/agrupacionespsoe.es\/barbate\/?s={search_term_string}\"},\"query-input\":{\"@type\":\"PropertyValueSpecification\",\"valueRequired\":true,\"valueName\":\"search_term_string\"}}],\"inLanguage\":\"es\"},{\"@type\":\"Organization\",\"@id\":\"https:\/\/agrupacionespsoe.es\/barbate\/#organization\",\"name\":\"PSOE Barbate\",\"url\":\"https:\/\/agrupacionespsoe.es\/barbate\/\",\"logo\":{\"@type\":\"ImageObject\",\"inLanguage\":\"es\",\"@id\":\"https:\/\/agrupacionespsoe.es\/barbate\/#\/schema\/logo\/image\/\",\"url\":\"https:\/\/agrupacionespsoe.es\/wp-content\/uploads\/2022\/07\/Logotipo_electoral_del_PSOE.png\",\"contentUrl\":\"https:\/\/agrupacionespsoe.es\/wp-content\/uploads\/2022\/07\/Logotipo_electoral_del_PSOE.png\",\"width\":422,\"height\":422,\"caption\":\"PSOE Barbate\"},\"image\":{\"@id\":\"https:\/\/agrupacionespsoe.es\/barbate\/#\/schema\/logo\/image\/\"}},{\"@type\":\"Person\",\"@id\":\"https:\/\/agrupacionespsoe.es\/barbate\/#\/schema\/person\/fb57332b771136035857e2a17089b403\",\"name\":\"barbate1\",\"image\":{\"@type\":\"ImageObject\",\"inLanguage\":\"es\",\"@id\":\"https:\/\/agrupacionespsoe.es\/barbate\/#\/schema\/person\/image\/\",\"url\":\"https:\/\/secure.gravatar.com\/avatar\/68ea7ed9431a20fed86e5d4af65dc975?s=96&d=mm&r=g\",\"contentUrl\":\"https:\/\/secure.gravatar.com\/avatar\/68ea7ed9431a20fed86e5d4af65dc975?s=96&d=mm&r=g\",\"caption\":\"barbate1\"},\"url\":\"https:\/\/agrupacionespsoe.es\/barbate\/author\/barbate1\/\"}]}<\/script>\n<!-- \/ Yoast SEO plugin. -->","yoast_head_json":{"title":"Javier Rodr\u00edguez, ratificado como cabeza de lista para Barbate - PSOE Barbate","robots":{"index":"index","follow":"follow","max-snippet":"max-snippet:-1","max-image-preview":"max-image-preview:large","max-video-preview":"max-video-preview:-1"},"canonical":"https:\/\/agrupacionespsoe.es\/barbate\/javier-rodriguez-ratificado-como-cabeza-de-lista-para-barbate\/","og_locale":"es_ES","og_type":"article","og_title":"Javier Rodr\u00edguez, ratificado como cabeza de lista para Barbate - PSOE Barbate","og_description":"El PSOE de C\u00e1diz ha ratificado esta tarde en el Comit\u00e9 Provincial celebrado en Medina Sidonia las candidaturas de los socialistas a las elecciones municipales del 28 de mayo tras haber sido respaldadas por un 98 por ciento de los asistentes. As\u00ed, en una atenci\u00f3n previa a los medios, el secretario general del PSOE de ...","og_url":"https:\/\/agrupacionespsoe.es\/barbate\/javier-rodriguez-ratificado-como-cabeza-de-lista-para-barbate\/","og_site_name":"PSOE Barbate","article_published_time":"2023-03-14T08:43:20+00:00","og_image":[{"width":2048,"height":1365,"url":"https:\/\/agrupacionespsoe.es\/barbate\/wp-content\/uploads\/sites\/104\/2023\/03\/334298049_771316614333099_3662845080869731581_n.jpg","type":"image\/jpeg"}],"author":"barbate1","twitter_card":"summary_large_image","twitter_misc":{"Escrito por":"barbate1","Tiempo de lectura":"5 minutos"},"schema":{"@context":"https:\/\/schema.org","@graph":[{"@type":"Article","@id":"https:\/\/agrupacionespsoe.es\/barbate\/javier-rodriguez-ratificado-como-cabeza-de-lista-para-barbate\/#article","isPartOf":{"@id":"https:\/\/agrupacionespsoe.es\/barbate\/javier-rodriguez-ratificado-como-cabeza-de-lista-para-barbate\/"},"author":{"name":"barbate1","@id":"https:\/\/agrupacionespsoe.es\/barbate\/#\/schema\/person\/fb57332b771136035857e2a17089b403"},"headline":"Javier Rodr\u00edguez, ratificado como cabeza de lista para Barbate","datePublished":"2023-03-14T08:43:20+00:00","dateModified":"2023-03-14T08:43:20+00:00","mainEntityOfPage":{"@id":"https:\/\/agrupacionespsoe.es\/barbate\/javier-rodriguez-ratificado-como-cabeza-de-lista-para-barbate\/"},"wordCount":1062,"commentCount":0,"publisher":{"@id":"https:\/\/agrupacionespsoe.es\/barbate\/#organization"},"image":{"@id":"https:\/\/agrupacionespsoe.es\/barbate\/javier-rodriguez-ratificado-como-cabeza-de-lista-para-barbate\/#primaryimage"},"thumbnailUrl":"https:\/\/agrupacionespsoe.es\/barbate\/wp-content\/uploads\/sites\/104\/2023\/03\/334298049_771316614333099_3662845080869731581_n.jpg","articleSection":["CANDIDATURA"],"inLanguage":"es","potentialAction":[{"@type":"CommentAction","name":"Comment","target":["https:\/\/agrupacionespsoe.es\/barbate\/javier-rodriguez-ratificado-como-cabeza-de-lista-para-barbate\/#respond"]}]},{"@type":"WebPage","@id":"https:\/\/agrupacionespsoe.es\/barbate\/javier-rodriguez-ratificado-como-cabeza-de-lista-para-barbate\/","url":"https:\/\/agrupacionespsoe.es\/barbate\/javier-rodriguez-ratificado-como-cabeza-de-lista-para-barbate\/","name":"Javier Rodr\u00edguez, ratificado como cabeza de lista para Barbate - PSOE Barbate","isPartOf":{"@id":"https:\/\/agrupacionespsoe.es\/barbate\/#website"},"primaryImageOfPage":{"@id":"https:\/\/agrupacionespsoe.es\/barbate\/javier-rodriguez-ratificado-como-cabeza-de-lista-para-barbate\/#primaryimage"},"image":{"@id":"https:\/\/agrupacionespsoe.es\/barbate\/javier-rodriguez-ratificado-como-cabeza-de-lista-para-barbate\/#primaryimage"},"thumbnailUrl":"https:\/\/agrupacionespsoe.es\/barbate\/wp-content\/uploads\/sites\/104\/2023\/03\/334298049_771316614333099_3662845080869731581_n.jpg","datePublished":"2023-03-14T08:43:20+00:00","dateModified":"2023-03-14T08:43:20+00:00","breadcrumb":{"@id":"https:\/\/agrupacionespsoe.es\/barbate\/javier-rodriguez-ratificado-como-cabeza-de-lista-para-barbate\/#breadcrumb"},"inLanguage":"es","potentialAction":[{"@type":"ReadAction","target":["https:\/\/agrupacionespsoe.es\/barbate\/javier-rodriguez-ratificado-como-cabeza-de-lista-para-barbate\/"]}]},{"@type":"ImageObject","inLanguage":"es","@id":"https:\/\/agrupacionespsoe.es\/barbate\/javier-rodriguez-ratificado-como-cabeza-de-lista-para-barbate\/#primaryimage","url":"https:\/\/agrupacionespsoe.es\/barbate\/wp-content\/uploads\/sites\/104\/2023\/03\/334298049_771316614333099_3662845080869731581_n.jpg","contentUrl":"https:\/\/agrupacionespsoe.es\/barbate\/wp-content\/uploads\/sites\/104\/2023\/03\/334298049_771316614333099_3662845080869731581_n.jpg","width":2048,"height":1365},{"@type":"BreadcrumbList","@id":"https:\/\/agrupacionespsoe.es\/barbate\/javier-rodriguez-ratificado-como-cabeza-de-lista-para-barbate\/#breadcrumb","itemListElement":[{"@type":"ListItem","position":1,"name":"Portada","item":"https:\/\/agrupacionespsoe.es\/barbate\/"},{"@type":"ListItem","position":2,"name":"Javier Rodr\u00edguez, ratificado como cabeza de lista para Barbate"}]},{"@type":"WebSite","@id":"https:\/\/agrupacionespsoe.es\/barbate\/#website","url":"https:\/\/agrupacionespsoe.es\/barbate\/","name":"PSOE Barbate","description":"PSOE BARBATE","publisher":{"@id":"https:\/\/agrupacionespsoe.es\/barbate\/#organization"},"potentialAction":[{"@type":"SearchAction","target":{"@type":"EntryPoint","urlTemplate":"https:\/\/agrupacionespsoe.es\/barbate\/?s={search_term_string}"},"query-input":{"@type":"PropertyValueSpecification","valueRequired":true,"valueName":"search_term_string"}}],"inLanguage":"es"},{"@type":"Organization","@id":"https:\/\/agrupacionespsoe.es\/barbate\/#organization","name":"PSOE Barbate","url":"https:\/\/agrupacionespsoe.es\/barbate\/","logo":{"@type":"ImageObject","inLanguage":"es","@id":"https:\/\/agrupacionespsoe.es\/barbate\/#\/schema\/logo\/image\/","url":"https:\/\/agrupacionespsoe.es\/wp-content\/uploads\/2022\/07\/Logotipo_electoral_del_PSOE.png","contentUrl":"https:\/\/agrupacionespsoe.es\/wp-content\/uploads\/2022\/07\/Logotipo_electoral_del_PSOE.png","width":422,"height":422,"caption":"PSOE Barbate"},"image":{"@id":"https:\/\/agrupacionespsoe.es\/barbate\/#\/schema\/logo\/image\/"}},{"@type":"Person","@id":"https:\/\/agrupacionespsoe.es\/barbate\/#\/schema\/person\/fb57332b771136035857e2a17089b403","name":"barbate1","image":{"@type":"ImageObject","inLanguage":"es","@id":"https:\/\/agrupacionespsoe.es\/barbate\/#\/schema\/person\/image\/","url":"https:\/\/secure.gravatar.com\/avatar\/68ea7ed9431a20fed86e5d4af65dc975?s=96&d=mm&r=g","contentUrl":"https:\/\/secure.gravatar.com\/avatar\/68ea7ed9431a20fed86e5d4af65dc975?s=96&d=mm&r=g","caption":"barbate1"},"url":"https:\/\/agrupacionespsoe.es\/barbate\/author\/barbate1\/"}]}},"jetpack_featured_media_url":"https:\/\/agrupacionespsoe.es\/barbate\/wp-content\/uploads\/sites\/104\/2023\/03\/334298049_771316614333099_3662845080869731581_n.jpg","jetpack_sharing_enabled":true,"_links":{"self":[{"href":"https:\/\/agrupacionespsoe.es\/barbate\/wp-json\/wp\/v2\/posts\/236","targetHints":{"allow":["GET"]}}],"collection":[{"href":"https:\/\/agrupacionespsoe.es\/barbate\/wp-json\/wp\/v2\/posts"}],"about":[{"href":"https:\/\/agrupacionespsoe.es\/barbate\/wp-json\/wp\/v2\/types\/post"}],"author":[{"embeddable":true,"href":"https:\/\/agrupacionespsoe.es\/barbate\/wp-json\/wp\/v2\/users\/155"}],"replies":[{"embeddable":true,"href":"https:\/\/agrupacionespsoe.es\/barbate\/wp-json\/wp\/v2\/comments?post=236"}],"version-history":[{"count":1,"href":"https:\/\/agrupacionespsoe.es\/barbate\/wp-json\/wp\/v2\/posts\/236\/revisions"}],"predecessor-version":[{"id":238,"href":"https:\/\/agrupacionespsoe.es\/barbate\/wp-json\/wp\/v2\/posts\/236\/revisions\/238"}],"wp:featuredmedia":[{"embeddable":true,"href":"https:\/\/agrupacionespsoe.es\/barbate\/wp-json\/wp\/v2\/media\/237"}],"wp:attachment":[{"href":"https:\/\/agrupacionespsoe.es\/barbate\/wp-json\/wp\/v2\/media?parent=236"}],"wp:term":[{"taxonomy":"category","embeddable":true,"href":"https:\/\/agrupacionespsoe.es\/barbate\/wp-json\/wp\/v2\/categories?post=236"},{"taxonomy":"post_tag","embeddable":true,"href":"https:\/\/agrupacionespsoe.es\/barbate\/wp-json\/wp\/v2\/tags?post=236"}],"curies":[{"name":"wp","href":"https:\/\/api.w.org\/{rel}","templated":true}]}}