{"id":181,"date":"2023-03-02T18:55:29","date_gmt":"2023-03-02T18:55:29","guid":{"rendered":"https:\/\/agrupacionespsoe.es\/barbate\/?p=181"},"modified":"2023-03-02T18:55:29","modified_gmt":"2023-03-02T18:55:29","slug":"javier-rodriguez-sera-el-candidato-a-la-alcaldia-de-barbate-por-el-psoe","status":"publish","type":"post","link":"https:\/\/agrupacionespsoe.es\/barbate\/javier-rodriguez-sera-el-candidato-a-la-alcaldia-de-barbate-por-el-psoe\/","title":{"rendered":"<strong>Javier Rodr\u00edguez ser\u00e1 el candidato a la Alcald\u00eda de Barbate por el PSOE<\/strong>"},"content":{"rendered":"\n<p><em>Mar\u00eda Dolores Varo ocupa el n\u00famero dos de la propuesta socialista, que se ha presentado en Barbate este lunes con el apoyo del secretario general del PSOE de C\u00e1diz, Juan Carlos Ruiz Boix<\/em><\/p>\n\n\n\n<figure class=\"wp-block-embed is-type-video is-provider-youtube wp-block-embed-youtube wp-embed-aspect-16-9 wp-has-aspect-ratio\"><div class=\"wp-block-embed__wrapper\">\n<iframe loading=\"lazy\" title=\"Presentaci\u00f3n de Javier Rodr\u00edguez como candidato a la Alcald\u00eda de Barbate por el PSOE\" width=\"500\" height=\"281\" src=\"https:\/\/www.youtube.com\/embed\/D4BXB0Hk1wI?feature=oembed\" frameborder=\"0\" allow=\"accelerometer; autoplay; clipboard-write; encrypted-media; gyroscope; picture-in-picture; web-share\" referrerpolicy=\"strict-origin-when-cross-origin\" allowfullscreen><\/iframe>\n<\/div><\/figure>\n\n\n\n<p>El PSOE de Barbate ha presentado a los que ser\u00e1n los n\u00fameros uno y dos de la lista que presentar\u00e1 de cara a las Elecciones Municipales del pr\u00f3ximo mes de mayo. As\u00ed, el candidato a la Alcald\u00eda de Barbate ser\u00e1 Javier Rodr\u00edguez Cabeza, que contar\u00e1 con Mar\u00eda Dolores Varo como n\u00famero dos.<\/p>\n\n\n\n<p>La presentaci\u00f3n oficial de los dos primeros puestos de esta lista se ha celebrado este lunes en Barbate con la presencia del secretario general del PSOE en C\u00e1diz, Juan Carlos Ruiz Boix, junto a otros miembros del partido en otros municipios, que no han dudado en desplazarse a Barbate a apoyar la candidatura.<\/p>\n\n\n\n<p>\u201cHe decidido dar un paso hacia delante por lo \u00fanico que me conmueve: Barbate\u201d, ha comenzado Rodr\u00edguez. \u201cEsta decisi\u00f3n, muy motivada, viene dada por el apoyo continuo de vecinos y vecinas anim\u00e1ndome para presentar una alternativa pol\u00edtica en nuestro municipio, para avanzar y no retroceder\u201d, ha continuado, por lo que el candidato ha remarcado que ahora \u201ces el momento de Barbate\u201d.<\/p>\n\n\n\n<p>Adem\u00e1s, Rodr\u00edguez ha explicado que \u201cse trata de un proyecto totalmente renovado, independiente y bajo las siglas de un partido con capacidad institucional, con el que hemos firmado una serie de medidas para garantizar una gesti\u00f3n eficaz en el Excelent\u00edsimo Ayuntamiento de Barbate, si los vecinos y vecinas nos dan su confianza\u201d.<\/p>\n\n\n\n<p>Por su parte, Varo ha destacado que \u201cel proyecto con el que nos presentamos a las pr\u00f3ximas Elecciones Municipales representa la unidad, con una candidatura en la que ponemos nuestra mayor ilusi\u00f3n\u201d. La n\u00famero dos del PSOE barbate\u00f1o ha resaltado la convicci\u00f3n de que \u201ces el proyecto que Barbate necesita, una apuesta solvente con la que seremos capaces de afrontar los problemas de Barbate\u201d.<\/p>\n\n\n\n<p>Varo tambi\u00e9n agradeci\u00f3 el apoyo de la Ejecutiva Provincial del PSOE en C\u00e1diz a la propuesta barbate\u00f1a en&nbsp;&nbsp;presencia del Juan Carlos Ruiz Boix, a\u00f1adiendo que el equipo de Barbate se siente arropado y con ganas de afrontar un futuro para la localidad.<\/p>\n","protected":false},"excerpt":{"rendered":"<p>Mar\u00eda Dolores Varo ocupa el n\u00famero dos de la propuesta socialista, que se ha presentado en Barbate este lunes con el apoyo del secretario general del PSOE de C\u00e1diz, Juan Carlos Ruiz Boix El PSOE de Barbate ha presentado a los que ser\u00e1n los n\u00fameros uno y dos de la lista que presentar\u00e1 de cara &#8230;<\/p>\n","protected":false},"author":155,"featured_media":182,"comment_status":"open","ping_status":"open","sticky":false,"template":"","format":"standard","meta":{"_jetpack_memberships_contains_paid_content":false,"footnotes":""},"categories":[11],"tags":[],"class_list":["post-181","post","type-post","status-publish","format-standard","has-post-thumbnail","hentry","category-candidatura"],"yoast_head":"<!-- This site is optimized with the Yoast SEO plugin v24.0 - https:\/\/yoast.com\/wordpress\/plugins\/seo\/ -->\n<title>Javier Rodr\u00edguez ser\u00e1 el candidato a la Alcald\u00eda de Barbate por el PSOE - PSOE Barbate<\/title>\n<meta name=\"robots\" content=\"index, follow, max-snippet:-1, max-image-preview:large, max-video-preview:-1\" \/>\n<link rel=\"canonical\" href=\"https:\/\/agrupacionespsoe.es\/barbate\/javier-rodriguez-sera-el-candidato-a-la-alcaldia-de-barbate-por-el-psoe\/\" \/>\n<meta property=\"og:locale\" content=\"es_ES\" \/>\n<meta property=\"og:type\" content=\"article\" \/>\n<meta property=\"og:title\" content=\"Javier Rodr\u00edguez ser\u00e1 el candidato a la Alcald\u00eda de Barbate por el PSOE - PSOE Barbate\" \/>\n<meta property=\"og:description\" content=\"Mar\u00eda Dolores Varo ocupa el n\u00famero dos de la propuesta socialista, que se ha presentado en Barbate este lunes con el apoyo del secretario general del PSOE de C\u00e1diz, Juan Carlos Ruiz Boix El PSOE de Barbate ha presentado a los que ser\u00e1n los n\u00fameros uno y dos de la lista que presentar\u00e1 de cara ...\" \/>\n<meta property=\"og:url\" content=\"https:\/\/agrupacionespsoe.es\/barbate\/javier-rodriguez-sera-el-candidato-a-la-alcaldia-de-barbate-por-el-psoe\/\" \/>\n<meta property=\"og:site_name\" content=\"PSOE Barbate\" \/>\n<meta property=\"article:published_time\" content=\"2023-03-02T18:55:29+00:00\" \/>\n<meta property=\"og:image\" content=\"https:\/\/agrupacionespsoe.es\/barbate\/wp-content\/uploads\/sites\/104\/2023\/03\/323301965_688872779646751_7761419185442833628_n.jpg\" \/>\n\t<meta property=\"og:image:width\" content=\"2048\" \/>\n\t<meta property=\"og:image:height\" content=\"1536\" \/>\n\t<meta property=\"og:image:type\" content=\"image\/jpeg\" \/>\n<meta name=\"author\" content=\"barbate1\" \/>\n<meta name=\"twitter:card\" content=\"summary_large_image\" \/>\n<meta name=\"twitter:label1\" content=\"Escrito por\" \/>\n\t<meta name=\"twitter:data1\" content=\"barbate1\" \/>\n\t<meta name=\"twitter:label2\" content=\"Tiempo de lectura\" \/>\n\t<meta name=\"twitter:data2\" content=\"2 minutos\" \/>\n<script type=\"application\/ld+json\" class=\"yoast-schema-graph\">{\"@context\":\"https:\/\/schema.org\",\"@graph\":[{\"@type\":\"Article\",\"@id\":\"https:\/\/agrupacionespsoe.es\/barbate\/javier-rodriguez-sera-el-candidato-a-la-alcaldia-de-barbate-por-el-psoe\/#article\",\"isPartOf\":{\"@id\":\"https:\/\/agrupacionespsoe.es\/barbate\/javier-rodriguez-sera-el-candidato-a-la-alcaldia-de-barbate-por-el-psoe\/\"},\"author\":{\"name\":\"barbate1\",\"@id\":\"https:\/\/agrupacionespsoe.es\/barbate\/#\/schema\/person\/fb57332b771136035857e2a17089b403\"},\"headline\":\"Javier Rodr\u00edguez ser\u00e1 el candidato a la Alcald\u00eda de Barbate por el PSOE\",\"datePublished\":\"2023-03-02T18:55:29+00:00\",\"dateModified\":\"2023-03-02T18:55:29+00:00\",\"mainEntityOfPage\":{\"@id\":\"https:\/\/agrupacionespsoe.es\/barbate\/javier-rodriguez-sera-el-candidato-a-la-alcaldia-de-barbate-por-el-psoe\/\"},\"wordCount\":411,\"commentCount\":0,\"publisher\":{\"@id\":\"https:\/\/agrupacionespsoe.es\/barbate\/#organization\"},\"image\":{\"@id\":\"https:\/\/agrupacionespsoe.es\/barbate\/javier-rodriguez-sera-el-candidato-a-la-alcaldia-de-barbate-por-el-psoe\/#primaryimage\"},\"thumbnailUrl\":\"https:\/\/agrupacionespsoe.es\/barbate\/wp-content\/uploads\/sites\/104\/2023\/03\/323301965_688872779646751_7761419185442833628_n.jpg\",\"articleSection\":[\"CANDIDATURA\"],\"inLanguage\":\"es\",\"potentialAction\":[{\"@type\":\"CommentAction\",\"name\":\"Comment\",\"target\":[\"https:\/\/agrupacionespsoe.es\/barbate\/javier-rodriguez-sera-el-candidato-a-la-alcaldia-de-barbate-por-el-psoe\/#respond\"]}]},{\"@type\":\"WebPage\",\"@id\":\"https:\/\/agrupacionespsoe.es\/barbate\/javier-rodriguez-sera-el-candidato-a-la-alcaldia-de-barbate-por-el-psoe\/\",\"url\":\"https:\/\/agrupacionespsoe.es\/barbate\/javier-rodriguez-sera-el-candidato-a-la-alcaldia-de-barbate-por-el-psoe\/\",\"name\":\"Javier Rodr\u00edguez ser\u00e1 el candidato a la Alcald\u00eda de Barbate por el PSOE - PSOE Barbate\",\"isPartOf\":{\"@id\":\"https:\/\/agrupacionespsoe.es\/barbate\/#website\"},\"primaryImageOfPage\":{\"@id\":\"https:\/\/agrupacionespsoe.es\/barbate\/javier-rodriguez-sera-el-candidato-a-la-alcaldia-de-barbate-por-el-psoe\/#primaryimage\"},\"image\":{\"@id\":\"https:\/\/agrupacionespsoe.es\/barbate\/javier-rodriguez-sera-el-candidato-a-la-alcaldia-de-barbate-por-el-psoe\/#primaryimage\"},\"thumbnailUrl\":\"https:\/\/agrupacionespsoe.es\/barbate\/wp-content\/uploads\/sites\/104\/2023\/03\/323301965_688872779646751_7761419185442833628_n.jpg\",\"datePublished\":\"2023-03-02T18:55:29+00:00\",\"dateModified\":\"2023-03-02T18:55:29+00:00\",\"breadcrumb\":{\"@id\":\"https:\/\/agrupacionespsoe.es\/barbate\/javier-rodriguez-sera-el-candidato-a-la-alcaldia-de-barbate-por-el-psoe\/#breadcrumb\"},\"inLanguage\":\"es\",\"potentialAction\":[{\"@type\":\"ReadAction\",\"target\":[\"https:\/\/agrupacionespsoe.es\/barbate\/javier-rodriguez-sera-el-candidato-a-la-alcaldia-de-barbate-por-el-psoe\/\"]}]},{\"@type\":\"ImageObject\",\"inLanguage\":\"es\",\"@id\":\"https:\/\/agrupacionespsoe.es\/barbate\/javier-rodriguez-sera-el-candidato-a-la-alcaldia-de-barbate-por-el-psoe\/#primaryimage\",\"url\":\"https:\/\/agrupacionespsoe.es\/barbate\/wp-content\/uploads\/sites\/104\/2023\/03\/323301965_688872779646751_7761419185442833628_n.jpg\",\"contentUrl\":\"https:\/\/agrupacionespsoe.es\/barbate\/wp-content\/uploads\/sites\/104\/2023\/03\/323301965_688872779646751_7761419185442833628_n.jpg\",\"width\":2048,\"height\":1536},{\"@type\":\"BreadcrumbList\",\"@id\":\"https:\/\/agrupacionespsoe.es\/barbate\/javier-rodriguez-sera-el-candidato-a-la-alcaldia-de-barbate-por-el-psoe\/#breadcrumb\",\"itemListElement\":[{\"@type\":\"ListItem\",\"position\":1,\"name\":\"Portada\",\"item\":\"https:\/\/agrupacionespsoe.es\/barbate\/\"},{\"@type\":\"ListItem\",\"position\":2,\"name\":\"Javier Rodr\u00edguez ser\u00e1 el candidato a la Alcald\u00eda de Barbate por el PSOE\"}]},{\"@type\":\"WebSite\",\"@id\":\"https:\/\/agrupacionespsoe.es\/barbate\/#website\",\"url\":\"https:\/\/agrupacionespsoe.es\/barbate\/\",\"name\":\"PSOE Barbate\",\"description\":\"PSOE BARBATE\",\"publisher\":{\"@id\":\"https:\/\/agrupacionespsoe.es\/barbate\/#organization\"},\"potentialAction\":[{\"@type\":\"SearchAction\",\"target\":{\"@type\":\"EntryPoint\",\"urlTemplate\":\"https:\/\/agrupacionespsoe.es\/barbate\/?s={search_term_string}\"},\"query-input\":{\"@type\":\"PropertyValueSpecification\",\"valueRequired\":true,\"valueName\":\"search_term_string\"}}],\"inLanguage\":\"es\"},{\"@type\":\"Organization\",\"@id\":\"https:\/\/agrupacionespsoe.es\/barbate\/#organization\",\"name\":\"PSOE Barbate\",\"url\":\"https:\/\/agrupacionespsoe.es\/barbate\/\",\"logo\":{\"@type\":\"ImageObject\",\"inLanguage\":\"es\",\"@id\":\"https:\/\/agrupacionespsoe.es\/barbate\/#\/schema\/logo\/image\/\",\"url\":\"https:\/\/agrupacionespsoe.es\/wp-content\/uploads\/2022\/07\/Logotipo_electoral_del_PSOE.png\",\"contentUrl\":\"https:\/\/agrupacionespsoe.es\/wp-content\/uploads\/2022\/07\/Logotipo_electoral_del_PSOE.png\",\"width\":422,\"height\":422,\"caption\":\"PSOE Barbate\"},\"image\":{\"@id\":\"https:\/\/agrupacionespsoe.es\/barbate\/#\/schema\/logo\/image\/\"}},{\"@type\":\"Person\",\"@id\":\"https:\/\/agrupacionespsoe.es\/barbate\/#\/schema\/person\/fb57332b771136035857e2a17089b403\",\"name\":\"barbate1\",\"image\":{\"@type\":\"ImageObject\",\"inLanguage\":\"es\",\"@id\":\"https:\/\/agrupacionespsoe.es\/barbate\/#\/schema\/person\/image\/\",\"url\":\"https:\/\/secure.gravatar.com\/avatar\/68ea7ed9431a20fed86e5d4af65dc975?s=96&d=mm&r=g\",\"contentUrl\":\"https:\/\/secure.gravatar.com\/avatar\/68ea7ed9431a20fed86e5d4af65dc975?s=96&d=mm&r=g\",\"caption\":\"barbate1\"},\"url\":\"https:\/\/agrupacionespsoe.es\/barbate\/author\/barbate1\/\"}]}<\/script>\n<!-- \/ Yoast SEO plugin. -->","yoast_head_json":{"title":"Javier Rodr\u00edguez ser\u00e1 el candidato a la Alcald\u00eda de Barbate por el PSOE - PSOE Barbate","robots":{"index":"index","follow":"follow","max-snippet":"max-snippet:-1","max-image-preview":"max-image-preview:large","max-video-preview":"max-video-preview:-1"},"canonical":"https:\/\/agrupacionespsoe.es\/barbate\/javier-rodriguez-sera-el-candidato-a-la-alcaldia-de-barbate-por-el-psoe\/","og_locale":"es_ES","og_type":"article","og_title":"Javier Rodr\u00edguez ser\u00e1 el candidato a la Alcald\u00eda de Barbate por el PSOE - PSOE Barbate","og_description":"Mar\u00eda Dolores Varo ocupa el n\u00famero dos de la propuesta socialista, que se ha presentado en Barbate este lunes con el apoyo del secretario general del PSOE de C\u00e1diz, Juan Carlos Ruiz Boix El PSOE de Barbate ha presentado a los que ser\u00e1n los n\u00fameros uno y dos de la lista que presentar\u00e1 de cara ...","og_url":"https:\/\/agrupacionespsoe.es\/barbate\/javier-rodriguez-sera-el-candidato-a-la-alcaldia-de-barbate-por-el-psoe\/","og_site_name":"PSOE Barbate","article_published_time":"2023-03-02T18:55:29+00:00","og_image":[{"width":2048,"height":1536,"url":"https:\/\/agrupacionespsoe.es\/barbate\/wp-content\/uploads\/sites\/104\/2023\/03\/323301965_688872779646751_7761419185442833628_n.jpg","type":"image\/jpeg"}],"author":"barbate1","twitter_card":"summary_large_image","twitter_misc":{"Escrito por":"barbate1","Tiempo de lectura":"2 minutos"},"schema":{"@context":"https:\/\/schema.org","@graph":[{"@type":"Article","@id":"https:\/\/agrupacionespsoe.es\/barbate\/javier-rodriguez-sera-el-candidato-a-la-alcaldia-de-barbate-por-el-psoe\/#article","isPartOf":{"@id":"https:\/\/agrupacionespsoe.es\/barbate\/javier-rodriguez-sera-el-candidato-a-la-alcaldia-de-barbate-por-el-psoe\/"},"author":{"name":"barbate1","@id":"https:\/\/agrupacionespsoe.es\/barbate\/#\/schema\/person\/fb57332b771136035857e2a17089b403"},"headline":"Javier Rodr\u00edguez ser\u00e1 el candidato a la Alcald\u00eda de Barbate por el PSOE","datePublished":"2023-03-02T18:55:29+00:00","dateModified":"2023-03-02T18:55:29+00:00","mainEntityOfPage":{"@id":"https:\/\/agrupacionespsoe.es\/barbate\/javier-rodriguez-sera-el-candidato-a-la-alcaldia-de-barbate-por-el-psoe\/"},"wordCount":411,"commentCount":0,"publisher":{"@id":"https:\/\/agrupacionespsoe.es\/barbate\/#organization"},"image":{"@id":"https:\/\/agrupacionespsoe.es\/barbate\/javier-rodriguez-sera-el-candidato-a-la-alcaldia-de-barbate-por-el-psoe\/#primaryimage"},"thumbnailUrl":"https:\/\/agrupacionespsoe.es\/barbate\/wp-content\/uploads\/sites\/104\/2023\/03\/323301965_688872779646751_7761419185442833628_n.jpg","articleSection":["CANDIDATURA"],"inLanguage":"es","potentialAction":[{"@type":"CommentAction","name":"Comment","target":["https:\/\/agrupacionespsoe.es\/barbate\/javier-rodriguez-sera-el-candidato-a-la-alcaldia-de-barbate-por-el-psoe\/#respond"]}]},{"@type":"WebPage","@id":"https:\/\/agrupacionespsoe.es\/barbate\/javier-rodriguez-sera-el-candidato-a-la-alcaldia-de-barbate-por-el-psoe\/","url":"https:\/\/agrupacionespsoe.es\/barbate\/javier-rodriguez-sera-el-candidato-a-la-alcaldia-de-barbate-por-el-psoe\/","name":"Javier Rodr\u00edguez ser\u00e1 el candidato a la Alcald\u00eda de Barbate por el PSOE - PSOE Barbate","isPartOf":{"@id":"https:\/\/agrupacionespsoe.es\/barbate\/#website"},"primaryImageOfPage":{"@id":"https:\/\/agrupacionespsoe.es\/barbate\/javier-rodriguez-sera-el-candidato-a-la-alcaldia-de-barbate-por-el-psoe\/#primaryimage"},"image":{"@id":"https:\/\/agrupacionespsoe.es\/barbate\/javier-rodriguez-sera-el-candidato-a-la-alcaldia-de-barbate-por-el-psoe\/#primaryimage"},"thumbnailUrl":"https:\/\/agrupacionespsoe.es\/barbate\/wp-content\/uploads\/sites\/104\/2023\/03\/323301965_688872779646751_7761419185442833628_n.jpg","datePublished":"2023-03-02T18:55:29+00:00","dateModified":"2023-03-02T18:55:29+00:00","breadcrumb":{"@id":"https:\/\/agrupacionespsoe.es\/barbate\/javier-rodriguez-sera-el-candidato-a-la-alcaldia-de-barbate-por-el-psoe\/#breadcrumb"},"inLanguage":"es","potentialAction":[{"@type":"ReadAction","target":["https:\/\/agrupacionespsoe.es\/barbate\/javier-rodriguez-sera-el-candidato-a-la-alcaldia-de-barbate-por-el-psoe\/"]}]},{"@type":"ImageObject","inLanguage":"es","@id":"https:\/\/agrupacionespsoe.es\/barbate\/javier-rodriguez-sera-el-candidato-a-la-alcaldia-de-barbate-por-el-psoe\/#primaryimage","url":"https:\/\/agrupacionespsoe.es\/barbate\/wp-content\/uploads\/sites\/104\/2023\/03\/323301965_688872779646751_7761419185442833628_n.jpg","contentUrl":"https:\/\/agrupacionespsoe.es\/barbate\/wp-content\/uploads\/sites\/104\/2023\/03\/323301965_688872779646751_7761419185442833628_n.jpg","width":2048,"height":1536},{"@type":"BreadcrumbList","@id":"https:\/\/agrupacionespsoe.es\/barbate\/javier-rodriguez-sera-el-candidato-a-la-alcaldia-de-barbate-por-el-psoe\/#breadcrumb","itemListElement":[{"@type":"ListItem","position":1,"name":"Portada","item":"https:\/\/agrupacionespsoe.es\/barbate\/"},{"@type":"ListItem","position":2,"name":"Javier Rodr\u00edguez ser\u00e1 el candidato a la Alcald\u00eda de Barbate por el PSOE"}]},{"@type":"WebSite","@id":"https:\/\/agrupacionespsoe.es\/barbate\/#website","url":"https:\/\/agrupacionespsoe.es\/barbate\/","name":"PSOE Barbate","description":"PSOE BARBATE","publisher":{"@id":"https:\/\/agrupacionespsoe.es\/barbate\/#organization"},"potentialAction":[{"@type":"SearchAction","target":{"@type":"EntryPoint","urlTemplate":"https:\/\/agrupacionespsoe.es\/barbate\/?s={search_term_string}"},"query-input":{"@type":"PropertyValueSpecification","valueRequired":true,"valueName":"search_term_string"}}],"inLanguage":"es"},{"@type":"Organization","@id":"https:\/\/agrupacionespsoe.es\/barbate\/#organization","name":"PSOE Barbate","url":"https:\/\/agrupacionespsoe.es\/barbate\/","logo":{"@type":"ImageObject","inLanguage":"es","@id":"https:\/\/agrupacionespsoe.es\/barbate\/#\/schema\/logo\/image\/","url":"https:\/\/agrupacionespsoe.es\/wp-content\/uploads\/2022\/07\/Logotipo_electoral_del_PSOE.png","contentUrl":"https:\/\/agrupacionespsoe.es\/wp-content\/uploads\/2022\/07\/Logotipo_electoral_del_PSOE.png","width":422,"height":422,"caption":"PSOE Barbate"},"image":{"@id":"https:\/\/agrupacionespsoe.es\/barbate\/#\/schema\/logo\/image\/"}},{"@type":"Person","@id":"https:\/\/agrupacionespsoe.es\/barbate\/#\/schema\/person\/fb57332b771136035857e2a17089b403","name":"barbate1","image":{"@type":"ImageObject","inLanguage":"es","@id":"https:\/\/agrupacionespsoe.es\/barbate\/#\/schema\/person\/image\/","url":"https:\/\/secure.gravatar.com\/avatar\/68ea7ed9431a20fed86e5d4af65dc975?s=96&d=mm&r=g","contentUrl":"https:\/\/secure.gravatar.com\/avatar\/68ea7ed9431a20fed86e5d4af65dc975?s=96&d=mm&r=g","caption":"barbate1"},"url":"https:\/\/agrupacionespsoe.es\/barbate\/author\/barbate1\/"}]}},"jetpack_featured_media_url":"https:\/\/agrupacionespsoe.es\/barbate\/wp-content\/uploads\/sites\/104\/2023\/03\/323301965_688872779646751_7761419185442833628_n.jpg","jetpack_sharing_enabled":true,"_links":{"self":[{"href":"https:\/\/agrupacionespsoe.es\/barbate\/wp-json\/wp\/v2\/posts\/181","targetHints":{"allow":["GET"]}}],"collection":[{"href":"https:\/\/agrupacionespsoe.es\/barbate\/wp-json\/wp\/v2\/posts"}],"about":[{"href":"https:\/\/agrupacionespsoe.es\/barbate\/wp-json\/wp\/v2\/types\/post"}],"author":[{"embeddable":true,"href":"https:\/\/agrupacionespsoe.es\/barbate\/wp-json\/wp\/v2\/users\/155"}],"replies":[{"embeddable":true,"href":"https:\/\/agrupacionespsoe.es\/barbate\/wp-json\/wp\/v2\/comments?post=181"}],"version-history":[{"count":1,"href":"https:\/\/agrupacionespsoe.es\/barbate\/wp-json\/wp\/v2\/posts\/181\/revisions"}],"predecessor-version":[{"id":183,"href":"https:\/\/agrupacionespsoe.es\/barbate\/wp-json\/wp\/v2\/posts\/181\/revisions\/183"}],"wp:featuredmedia":[{"embeddable":true,"href":"https:\/\/agrupacionespsoe.es\/barbate\/wp-json\/wp\/v2\/media\/182"}],"wp:attachment":[{"href":"https:\/\/agrupacionespsoe.es\/barbate\/wp-json\/wp\/v2\/media?parent=181"}],"wp:term":[{"taxonomy":"category","embeddable":true,"href":"https:\/\/agrupacionespsoe.es\/barbate\/wp-json\/wp\/v2\/categories?post=181"},{"taxonomy":"post_tag","embeddable":true,"href":"https:\/\/agrupacionespsoe.es\/barbate\/wp-json\/wp\/v2\/tags?post=181"}],"curies":[{"name":"wp","href":"https:\/\/api.w.org\/{rel}","templated":true}]}}