{"id":801,"date":"2026-03-17T19:58:50","date_gmt":"2026-03-17T19:58:50","guid":{"rendered":"https:\/\/agrupacionespsoe.es\/barajas\/?p=801"},"modified":"2026-05-01T20:09:17","modified_gmt":"2026-05-01T20:09:17","slug":"el-psoe-de-barajas-llevara-al-pleno-las-inundaciones-en-las-pistas-del-ceip-ciudad-de-zaragoza","status":"publish","type":"post","link":"https:\/\/agrupacionespsoe.es\/barajas\/noticias\/el-psoe-de-barajas-llevara-al-pleno-las-inundaciones-en-las-pistas-del-ceip-ciudad-de-zaragoza","title":{"rendered":"El PSOE de Barajas llevar\u00e1 al pleno las inundaciones en las pistas del CEIP Ciudad de Zaragoza"},"content":{"rendered":"\n<h2 class=\"wp-block-heading\">Ya denunciaron el problema en un pleno de 2024 pero ha vuelto a ocurrir, seg\u00fan el partido, \u00abpor falta de mantenimiento\u00bb.<\/h2>\n\n\n\n<p>El Grupo Municipal Socialista trasladar\u00e1 al pleno de la Junta Municipal que tendr\u00e1 lugar el martes 17 a las 17:30 la situaci\u00f3n en la que se encuentran las pistas deportivas del centro tras los episodios de lluvias de las \u00faltimas semanas.<\/p>\n\n\n\n<p>Las pistas deportivas exteriores del centro, utilizadas en horario lectivo, actividades extraescolares y entrenamientos de clubes, han quedado inutilizadas durante d\u00edas debido a problemas de drenaje provocados por sumideros y alcantarillas obstruidos.<\/p>\n\n\n\n<p>Este problema <a href=\"https:\/\/youtu.be\/h3IbuLGzExc?si=afotfnHGpfkd7vBw\">ya fue denunciado por este mismo grupo municipal en noviembre de 2024<\/a> y, pese a una actuaci\u00f3n puntual, ha vuelto a reproducirse por falta de mantenimiento.<\/p>\n\n\n\n<p>Esta situaci\u00f3n afecta no s\u00f3lo al alumnado y al profesorado, sino tambi\u00e9n a los clubes deportivos que realizan sus actividades en estas pistas, obligando a suspenderlas y deteriorando las instalaciones.<\/p>\n\n\n\n<p>Para Margarita Lerena, Portavoz Adjunta del Grupo Municipal Socialista y encargada de defender la propuesta, es fundamental solventar este problema porque \u00abdesde la AMPA del centro nos han trasladado su preocupaci\u00f3n por esta situaci\u00f3n, que se repite cada vez que hay lluvias fuertes, necesitamos que la Junta act\u00fae y garantice un mantenimiento adecuado de los sumideros y del sistema de drenaje para evitar que vuelva a ocurrir\u00bb&nbsp;&nbsp;&nbsp;<\/p>\n\n\n\n<figure class=\"wp-block-embed is-type-video is-provider-youtube wp-block-embed-youtube wp-embed-aspect-16-9 wp-has-aspect-ratio\"><div class=\"wp-block-embed__wrapper\">\n<iframe loading=\"lazy\" title=\"\ud83d\udca1 Proposici\u00f3n para mejorar el mantenimiento de las pistas del CEIP Ciudad de Zaragoza (17\/03\/2026)\" width=\"500\" height=\"281\" src=\"https:\/\/www.youtube.com\/embed\/DIbQj3KuTgU?feature=oembed\" frameborder=\"0\" allow=\"accelerometer; autoplay; clipboard-write; encrypted-media; gyroscope; picture-in-picture; web-share\" referrerpolicy=\"strict-origin-when-cross-origin\" allowfullscreen><\/iframe>\n<\/div><\/figure>\n","protected":false},"excerpt":{"rendered":"<p>Ya denunciaron el problema en un pleno de 2024 pero ha vuelto a ocurrir, seg\u00fan el partido, \u00abpor falta de mantenimiento\u00bb. El Grupo Municipal Socialista trasladar\u00e1 al pleno de la Junta Municipal que tendr\u00e1 lugar el martes 17 a las 17:30 la situaci\u00f3n en la que se encuentran las pistas deportivas del centro tras los &#8230;<\/p>\n","protected":false},"author":261,"featured_media":802,"comment_status":"open","ping_status":"open","sticky":false,"template":"","format":"standard","meta":{"_jetpack_memberships_contains_paid_content":false,"footnotes":""},"categories":[6],"tags":[12,10,7],"class_list":["post-801","post","type-post","status-publish","format-standard","has-post-thumbnail","hentry","category-noticias","tag-deporte","tag-grupo-municipal","tag-noticias"],"yoast_head":"<!-- This site is optimized with the Yoast SEO plugin v24.0 - https:\/\/yoast.com\/wordpress\/plugins\/seo\/ -->\n<title>El PSOE de Barajas llevar\u00e1 al pleno las inundaciones en las pistas del CEIP Ciudad de Zaragoza - Agrupaci\u00f3n Socialista de Barajas<\/title>\n<meta name=\"robots\" content=\"index, follow, max-snippet:-1, max-image-preview:large, max-video-preview:-1\" \/>\n<link rel=\"canonical\" href=\"https:\/\/agrupacionespsoe.es\/barajas\/noticias\/el-psoe-de-barajas-llevara-al-pleno-las-inundaciones-en-las-pistas-del-ceip-ciudad-de-zaragoza\" \/>\n<meta property=\"og:locale\" content=\"es_ES\" \/>\n<meta property=\"og:type\" content=\"article\" \/>\n<meta property=\"og:title\" content=\"El PSOE de Barajas llevar\u00e1 al pleno las inundaciones en las pistas del CEIP Ciudad de Zaragoza - Agrupaci\u00f3n Socialista de Barajas\" \/>\n<meta property=\"og:description\" content=\"Ya denunciaron el problema en un pleno de 2024 pero ha vuelto a ocurrir, seg\u00fan el partido, \u00abpor falta de mantenimiento\u00bb. El Grupo Municipal Socialista trasladar\u00e1 al pleno de la Junta Municipal que tendr\u00e1 lugar el martes 17 a las 17:30 la situaci\u00f3n en la que se encuentran las pistas deportivas del centro tras los ...\" \/>\n<meta property=\"og:url\" content=\"https:\/\/agrupacionespsoe.es\/barajas\/noticias\/el-psoe-de-barajas-llevara-al-pleno-las-inundaciones-en-las-pistas-del-ceip-ciudad-de-zaragoza\" \/>\n<meta property=\"og:site_name\" content=\"Agrupaci\u00f3n Socialista de Barajas\" \/>\n<meta property=\"article:published_time\" content=\"2026-03-17T19:58:50+00:00\" \/>\n<meta property=\"article:modified_time\" content=\"2026-05-01T20:09:17+00:00\" \/>\n<meta property=\"og:image\" content=\"https:\/\/agrupacionespsoe.es\/barajas\/wp-content\/uploads\/sites\/177\/2026\/05\/CEIP-CIudad-de-Zaragoza.jpg\" \/>\n\t<meta property=\"og:image:width\" content=\"1400\" \/>\n\t<meta property=\"og:image:height\" content=\"603\" \/>\n\t<meta property=\"og:image:type\" content=\"image\/jpeg\" \/>\n<meta name=\"author\" content=\"barajas2\" \/>\n<meta name=\"twitter:card\" content=\"summary_large_image\" \/>\n<meta name=\"twitter:label1\" content=\"Escrito por\" \/>\n\t<meta name=\"twitter:data1\" content=\"barajas2\" \/>\n\t<meta name=\"twitter:label2\" content=\"Tiempo de lectura\" \/>\n\t<meta name=\"twitter:data2\" content=\"2 minutos\" \/>\n<script type=\"application\/ld+json\" class=\"yoast-schema-graph\">{\"@context\":\"https:\/\/schema.org\",\"@graph\":[{\"@type\":\"Article\",\"@id\":\"https:\/\/agrupacionespsoe.es\/barajas\/noticias\/el-psoe-de-barajas-llevara-al-pleno-las-inundaciones-en-las-pistas-del-ceip-ciudad-de-zaragoza#article\",\"isPartOf\":{\"@id\":\"https:\/\/agrupacionespsoe.es\/barajas\/noticias\/el-psoe-de-barajas-llevara-al-pleno-las-inundaciones-en-las-pistas-del-ceip-ciudad-de-zaragoza\"},\"author\":{\"name\":\"barajas2\",\"@id\":\"https:\/\/agrupacionespsoe.es\/barajas\/#\/schema\/person\/6b35519e3c1467d433035feda3e759f7\"},\"headline\":\"El PSOE de Barajas llevar\u00e1 al pleno las inundaciones en las pistas del CEIP Ciudad de Zaragoza\",\"datePublished\":\"2026-03-17T19:58:50+00:00\",\"dateModified\":\"2026-05-01T20:09:17+00:00\",\"mainEntityOfPage\":{\"@id\":\"https:\/\/agrupacionespsoe.es\/barajas\/noticias\/el-psoe-de-barajas-llevara-al-pleno-las-inundaciones-en-las-pistas-del-ceip-ciudad-de-zaragoza\"},\"wordCount\":254,\"commentCount\":0,\"publisher\":{\"@id\":\"https:\/\/agrupacionespsoe.es\/barajas\/#organization\"},\"image\":{\"@id\":\"https:\/\/agrupacionespsoe.es\/barajas\/noticias\/el-psoe-de-barajas-llevara-al-pleno-las-inundaciones-en-las-pistas-del-ceip-ciudad-de-zaragoza#primaryimage\"},\"thumbnailUrl\":\"https:\/\/agrupacionespsoe.es\/barajas\/wp-content\/uploads\/sites\/177\/2026\/05\/CEIP-CIudad-de-Zaragoza.jpg\",\"keywords\":[\"Deporte\",\"Grupo Municipal\",\"Noticias\"],\"articleSection\":[\"Noticias\"],\"inLanguage\":\"es\",\"potentialAction\":[{\"@type\":\"CommentAction\",\"name\":\"Comment\",\"target\":[\"https:\/\/agrupacionespsoe.es\/barajas\/noticias\/el-psoe-de-barajas-llevara-al-pleno-las-inundaciones-en-las-pistas-del-ceip-ciudad-de-zaragoza#respond\"]}]},{\"@type\":\"WebPage\",\"@id\":\"https:\/\/agrupacionespsoe.es\/barajas\/noticias\/el-psoe-de-barajas-llevara-al-pleno-las-inundaciones-en-las-pistas-del-ceip-ciudad-de-zaragoza\",\"url\":\"https:\/\/agrupacionespsoe.es\/barajas\/noticias\/el-psoe-de-barajas-llevara-al-pleno-las-inundaciones-en-las-pistas-del-ceip-ciudad-de-zaragoza\",\"name\":\"El PSOE de Barajas llevar\u00e1 al pleno las inundaciones en las pistas del CEIP Ciudad de Zaragoza - Agrupaci\u00f3n Socialista de Barajas\",\"isPartOf\":{\"@id\":\"https:\/\/agrupacionespsoe.es\/barajas\/#website\"},\"primaryImageOfPage\":{\"@id\":\"https:\/\/agrupacionespsoe.es\/barajas\/noticias\/el-psoe-de-barajas-llevara-al-pleno-las-inundaciones-en-las-pistas-del-ceip-ciudad-de-zaragoza#primaryimage\"},\"image\":{\"@id\":\"https:\/\/agrupacionespsoe.es\/barajas\/noticias\/el-psoe-de-barajas-llevara-al-pleno-las-inundaciones-en-las-pistas-del-ceip-ciudad-de-zaragoza#primaryimage\"},\"thumbnailUrl\":\"https:\/\/agrupacionespsoe.es\/barajas\/wp-content\/uploads\/sites\/177\/2026\/05\/CEIP-CIudad-de-Zaragoza.jpg\",\"datePublished\":\"2026-03-17T19:58:50+00:00\",\"dateModified\":\"2026-05-01T20:09:17+00:00\",\"breadcrumb\":{\"@id\":\"https:\/\/agrupacionespsoe.es\/barajas\/noticias\/el-psoe-de-barajas-llevara-al-pleno-las-inundaciones-en-las-pistas-del-ceip-ciudad-de-zaragoza#breadcrumb\"},\"inLanguage\":\"es\",\"potentialAction\":[{\"@type\":\"ReadAction\",\"target\":[\"https:\/\/agrupacionespsoe.es\/barajas\/noticias\/el-psoe-de-barajas-llevara-al-pleno-las-inundaciones-en-las-pistas-del-ceip-ciudad-de-zaragoza\"]}]},{\"@type\":\"ImageObject\",\"inLanguage\":\"es\",\"@id\":\"https:\/\/agrupacionespsoe.es\/barajas\/noticias\/el-psoe-de-barajas-llevara-al-pleno-las-inundaciones-en-las-pistas-del-ceip-ciudad-de-zaragoza#primaryimage\",\"url\":\"https:\/\/agrupacionespsoe.es\/barajas\/wp-content\/uploads\/sites\/177\/2026\/05\/CEIP-CIudad-de-Zaragoza.jpg\",\"contentUrl\":\"https:\/\/agrupacionespsoe.es\/barajas\/wp-content\/uploads\/sites\/177\/2026\/05\/CEIP-CIudad-de-Zaragoza.jpg\",\"width\":1400,\"height\":603},{\"@type\":\"BreadcrumbList\",\"@id\":\"https:\/\/agrupacionespsoe.es\/barajas\/noticias\/el-psoe-de-barajas-llevara-al-pleno-las-inundaciones-en-las-pistas-del-ceip-ciudad-de-zaragoza#breadcrumb\",\"itemListElement\":[{\"@type\":\"ListItem\",\"position\":1,\"name\":\"Portada\",\"item\":\"https:\/\/agrupacionespsoe.es\/barajas\/\"},{\"@type\":\"ListItem\",\"position\":2,\"name\":\"El PSOE de Barajas llevar\u00e1 al pleno las inundaciones en las pistas del CEIP Ciudad de Zaragoza\"}]},{\"@type\":\"WebSite\",\"@id\":\"https:\/\/agrupacionespsoe.es\/barajas\/#website\",\"url\":\"https:\/\/agrupacionespsoe.es\/barajas\/\",\"name\":\"Agrupaci\u00f3n Socialista de Barajas\",\"description\":\"Agrupaci\u00f3n Socialista de Barajas\",\"publisher\":{\"@id\":\"https:\/\/agrupacionespsoe.es\/barajas\/#organization\"},\"potentialAction\":[{\"@type\":\"SearchAction\",\"target\":{\"@type\":\"EntryPoint\",\"urlTemplate\":\"https:\/\/agrupacionespsoe.es\/barajas\/?s={search_term_string}\"},\"query-input\":{\"@type\":\"PropertyValueSpecification\",\"valueRequired\":true,\"valueName\":\"search_term_string\"}}],\"inLanguage\":\"es\"},{\"@type\":\"Organization\",\"@id\":\"https:\/\/agrupacionespsoe.es\/barajas\/#organization\",\"name\":\"Agrupaci\u00f3n Socialista de Barajas\",\"url\":\"https:\/\/agrupacionespsoe.es\/barajas\/\",\"logo\":{\"@type\":\"ImageObject\",\"inLanguage\":\"es\",\"@id\":\"https:\/\/agrupacionespsoe.es\/barajas\/#\/schema\/logo\/image\/\",\"url\":\"https:\/\/agrupacionespsoe.es\/wp-content\/uploads\/2022\/07\/Logotipo_electoral_del_PSOE.png\",\"contentUrl\":\"https:\/\/agrupacionespsoe.es\/wp-content\/uploads\/2022\/07\/Logotipo_electoral_del_PSOE.png\",\"width\":422,\"height\":422,\"caption\":\"Agrupaci\u00f3n Socialista de Barajas\"},\"image\":{\"@id\":\"https:\/\/agrupacionespsoe.es\/barajas\/#\/schema\/logo\/image\/\"}},{\"@type\":\"Person\",\"@id\":\"https:\/\/agrupacionespsoe.es\/barajas\/#\/schema\/person\/6b35519e3c1467d433035feda3e759f7\",\"name\":\"barajas2\",\"image\":{\"@type\":\"ImageObject\",\"inLanguage\":\"es\",\"@id\":\"https:\/\/agrupacionespsoe.es\/barajas\/#\/schema\/person\/image\/\",\"url\":\"https:\/\/secure.gravatar.com\/avatar\/c06772ef0a4626464d2da5b317eff166?s=96&d=mm&r=g\",\"contentUrl\":\"https:\/\/secure.gravatar.com\/avatar\/c06772ef0a4626464d2da5b317eff166?s=96&d=mm&r=g\",\"caption\":\"barajas2\"},\"url\":\"https:\/\/agrupacionespsoe.es\/barajas\/author\/barajas2\"}]}<\/script>\n<!-- \/ Yoast SEO plugin. -->","yoast_head_json":{"title":"El PSOE de Barajas llevar\u00e1 al pleno las inundaciones en las pistas del CEIP Ciudad de Zaragoza - Agrupaci\u00f3n Socialista de Barajas","robots":{"index":"index","follow":"follow","max-snippet":"max-snippet:-1","max-image-preview":"max-image-preview:large","max-video-preview":"max-video-preview:-1"},"canonical":"https:\/\/agrupacionespsoe.es\/barajas\/noticias\/el-psoe-de-barajas-llevara-al-pleno-las-inundaciones-en-las-pistas-del-ceip-ciudad-de-zaragoza","og_locale":"es_ES","og_type":"article","og_title":"El PSOE de Barajas llevar\u00e1 al pleno las inundaciones en las pistas del CEIP Ciudad de Zaragoza - Agrupaci\u00f3n Socialista de Barajas","og_description":"Ya denunciaron el problema en un pleno de 2024 pero ha vuelto a ocurrir, seg\u00fan el partido, \u00abpor falta de mantenimiento\u00bb. El Grupo Municipal Socialista trasladar\u00e1 al pleno de la Junta Municipal que tendr\u00e1 lugar el martes 17 a las 17:30 la situaci\u00f3n en la que se encuentran las pistas deportivas del centro tras los ...","og_url":"https:\/\/agrupacionespsoe.es\/barajas\/noticias\/el-psoe-de-barajas-llevara-al-pleno-las-inundaciones-en-las-pistas-del-ceip-ciudad-de-zaragoza","og_site_name":"Agrupaci\u00f3n Socialista de Barajas","article_published_time":"2026-03-17T19:58:50+00:00","article_modified_time":"2026-05-01T20:09:17+00:00","og_image":[{"width":1400,"height":603,"url":"https:\/\/agrupacionespsoe.es\/barajas\/wp-content\/uploads\/sites\/177\/2026\/05\/CEIP-CIudad-de-Zaragoza.jpg","type":"image\/jpeg"}],"author":"barajas2","twitter_card":"summary_large_image","twitter_misc":{"Escrito por":"barajas2","Tiempo de lectura":"2 minutos"},"schema":{"@context":"https:\/\/schema.org","@graph":[{"@type":"Article","@id":"https:\/\/agrupacionespsoe.es\/barajas\/noticias\/el-psoe-de-barajas-llevara-al-pleno-las-inundaciones-en-las-pistas-del-ceip-ciudad-de-zaragoza#article","isPartOf":{"@id":"https:\/\/agrupacionespsoe.es\/barajas\/noticias\/el-psoe-de-barajas-llevara-al-pleno-las-inundaciones-en-las-pistas-del-ceip-ciudad-de-zaragoza"},"author":{"name":"barajas2","@id":"https:\/\/agrupacionespsoe.es\/barajas\/#\/schema\/person\/6b35519e3c1467d433035feda3e759f7"},"headline":"El PSOE de Barajas llevar\u00e1 al pleno las inundaciones en las pistas del CEIP Ciudad de Zaragoza","datePublished":"2026-03-17T19:58:50+00:00","dateModified":"2026-05-01T20:09:17+00:00","mainEntityOfPage":{"@id":"https:\/\/agrupacionespsoe.es\/barajas\/noticias\/el-psoe-de-barajas-llevara-al-pleno-las-inundaciones-en-las-pistas-del-ceip-ciudad-de-zaragoza"},"wordCount":254,"commentCount":0,"publisher":{"@id":"https:\/\/agrupacionespsoe.es\/barajas\/#organization"},"image":{"@id":"https:\/\/agrupacionespsoe.es\/barajas\/noticias\/el-psoe-de-barajas-llevara-al-pleno-las-inundaciones-en-las-pistas-del-ceip-ciudad-de-zaragoza#primaryimage"},"thumbnailUrl":"https:\/\/agrupacionespsoe.es\/barajas\/wp-content\/uploads\/sites\/177\/2026\/05\/CEIP-CIudad-de-Zaragoza.jpg","keywords":["Deporte","Grupo Municipal","Noticias"],"articleSection":["Noticias"],"inLanguage":"es","potentialAction":[{"@type":"CommentAction","name":"Comment","target":["https:\/\/agrupacionespsoe.es\/barajas\/noticias\/el-psoe-de-barajas-llevara-al-pleno-las-inundaciones-en-las-pistas-del-ceip-ciudad-de-zaragoza#respond"]}]},{"@type":"WebPage","@id":"https:\/\/agrupacionespsoe.es\/barajas\/noticias\/el-psoe-de-barajas-llevara-al-pleno-las-inundaciones-en-las-pistas-del-ceip-ciudad-de-zaragoza","url":"https:\/\/agrupacionespsoe.es\/barajas\/noticias\/el-psoe-de-barajas-llevara-al-pleno-las-inundaciones-en-las-pistas-del-ceip-ciudad-de-zaragoza","name":"El PSOE de Barajas llevar\u00e1 al pleno las inundaciones en las pistas del CEIP Ciudad de Zaragoza - Agrupaci\u00f3n Socialista de Barajas","isPartOf":{"@id":"https:\/\/agrupacionespsoe.es\/barajas\/#website"},"primaryImageOfPage":{"@id":"https:\/\/agrupacionespsoe.es\/barajas\/noticias\/el-psoe-de-barajas-llevara-al-pleno-las-inundaciones-en-las-pistas-del-ceip-ciudad-de-zaragoza#primaryimage"},"image":{"@id":"https:\/\/agrupacionespsoe.es\/barajas\/noticias\/el-psoe-de-barajas-llevara-al-pleno-las-inundaciones-en-las-pistas-del-ceip-ciudad-de-zaragoza#primaryimage"},"thumbnailUrl":"https:\/\/agrupacionespsoe.es\/barajas\/wp-content\/uploads\/sites\/177\/2026\/05\/CEIP-CIudad-de-Zaragoza.jpg","datePublished":"2026-03-17T19:58:50+00:00","dateModified":"2026-05-01T20:09:17+00:00","breadcrumb":{"@id":"https:\/\/agrupacionespsoe.es\/barajas\/noticias\/el-psoe-de-barajas-llevara-al-pleno-las-inundaciones-en-las-pistas-del-ceip-ciudad-de-zaragoza#breadcrumb"},"inLanguage":"es","potentialAction":[{"@type":"ReadAction","target":["https:\/\/agrupacionespsoe.es\/barajas\/noticias\/el-psoe-de-barajas-llevara-al-pleno-las-inundaciones-en-las-pistas-del-ceip-ciudad-de-zaragoza"]}]},{"@type":"ImageObject","inLanguage":"es","@id":"https:\/\/agrupacionespsoe.es\/barajas\/noticias\/el-psoe-de-barajas-llevara-al-pleno-las-inundaciones-en-las-pistas-del-ceip-ciudad-de-zaragoza#primaryimage","url":"https:\/\/agrupacionespsoe.es\/barajas\/wp-content\/uploads\/sites\/177\/2026\/05\/CEIP-CIudad-de-Zaragoza.jpg","contentUrl":"https:\/\/agrupacionespsoe.es\/barajas\/wp-content\/uploads\/sites\/177\/2026\/05\/CEIP-CIudad-de-Zaragoza.jpg","width":1400,"height":603},{"@type":"BreadcrumbList","@id":"https:\/\/agrupacionespsoe.es\/barajas\/noticias\/el-psoe-de-barajas-llevara-al-pleno-las-inundaciones-en-las-pistas-del-ceip-ciudad-de-zaragoza#breadcrumb","itemListElement":[{"@type":"ListItem","position":1,"name":"Portada","item":"https:\/\/agrupacionespsoe.es\/barajas\/"},{"@type":"ListItem","position":2,"name":"El PSOE de Barajas llevar\u00e1 al pleno las inundaciones en las pistas del CEIP Ciudad de Zaragoza"}]},{"@type":"WebSite","@id":"https:\/\/agrupacionespsoe.es\/barajas\/#website","url":"https:\/\/agrupacionespsoe.es\/barajas\/","name":"Agrupaci\u00f3n Socialista de Barajas","description":"Agrupaci\u00f3n Socialista de Barajas","publisher":{"@id":"https:\/\/agrupacionespsoe.es\/barajas\/#organization"},"potentialAction":[{"@type":"SearchAction","target":{"@type":"EntryPoint","urlTemplate":"https:\/\/agrupacionespsoe.es\/barajas\/?s={search_term_string}"},"query-input":{"@type":"PropertyValueSpecification","valueRequired":true,"valueName":"search_term_string"}}],"inLanguage":"es"},{"@type":"Organization","@id":"https:\/\/agrupacionespsoe.es\/barajas\/#organization","name":"Agrupaci\u00f3n Socialista de Barajas","url":"https:\/\/agrupacionespsoe.es\/barajas\/","logo":{"@type":"ImageObject","inLanguage":"es","@id":"https:\/\/agrupacionespsoe.es\/barajas\/#\/schema\/logo\/image\/","url":"https:\/\/agrupacionespsoe.es\/wp-content\/uploads\/2022\/07\/Logotipo_electoral_del_PSOE.png","contentUrl":"https:\/\/agrupacionespsoe.es\/wp-content\/uploads\/2022\/07\/Logotipo_electoral_del_PSOE.png","width":422,"height":422,"caption":"Agrupaci\u00f3n Socialista de Barajas"},"image":{"@id":"https:\/\/agrupacionespsoe.es\/barajas\/#\/schema\/logo\/image\/"}},{"@type":"Person","@id":"https:\/\/agrupacionespsoe.es\/barajas\/#\/schema\/person\/6b35519e3c1467d433035feda3e759f7","name":"barajas2","image":{"@type":"ImageObject","inLanguage":"es","@id":"https:\/\/agrupacionespsoe.es\/barajas\/#\/schema\/person\/image\/","url":"https:\/\/secure.gravatar.com\/avatar\/c06772ef0a4626464d2da5b317eff166?s=96&d=mm&r=g","contentUrl":"https:\/\/secure.gravatar.com\/avatar\/c06772ef0a4626464d2da5b317eff166?s=96&d=mm&r=g","caption":"barajas2"},"url":"https:\/\/agrupacionespsoe.es\/barajas\/author\/barajas2"}]}},"jetpack_featured_media_url":"https:\/\/agrupacionespsoe.es\/barajas\/wp-content\/uploads\/sites\/177\/2026\/05\/CEIP-CIudad-de-Zaragoza.jpg","jetpack_sharing_enabled":true,"_links":{"self":[{"href":"https:\/\/agrupacionespsoe.es\/barajas\/wp-json\/wp\/v2\/posts\/801","targetHints":{"allow":["GET"]}}],"collection":[{"href":"https:\/\/agrupacionespsoe.es\/barajas\/wp-json\/wp\/v2\/posts"}],"about":[{"href":"https:\/\/agrupacionespsoe.es\/barajas\/wp-json\/wp\/v2\/types\/post"}],"author":[{"embeddable":true,"href":"https:\/\/agrupacionespsoe.es\/barajas\/wp-json\/wp\/v2\/users\/261"}],"replies":[{"embeddable":true,"href":"https:\/\/agrupacionespsoe.es\/barajas\/wp-json\/wp\/v2\/comments?post=801"}],"version-history":[{"count":1,"href":"https:\/\/agrupacionespsoe.es\/barajas\/wp-json\/wp\/v2\/posts\/801\/revisions"}],"predecessor-version":[{"id":803,"href":"https:\/\/agrupacionespsoe.es\/barajas\/wp-json\/wp\/v2\/posts\/801\/revisions\/803"}],"wp:featuredmedia":[{"embeddable":true,"href":"https:\/\/agrupacionespsoe.es\/barajas\/wp-json\/wp\/v2\/media\/802"}],"wp:attachment":[{"href":"https:\/\/agrupacionespsoe.es\/barajas\/wp-json\/wp\/v2\/media?parent=801"}],"wp:term":[{"taxonomy":"category","embeddable":true,"href":"https:\/\/agrupacionespsoe.es\/barajas\/wp-json\/wp\/v2\/categories?post=801"},{"taxonomy":"post_tag","embeddable":true,"href":"https:\/\/agrupacionespsoe.es\/barajas\/wp-json\/wp\/v2\/tags?post=801"}],"curies":[{"name":"wp","href":"https:\/\/api.w.org\/{rel}","templated":true}]}}