{"id":796,"date":"2026-02-17T11:55:00","date_gmt":"2026-02-17T11:55:00","guid":{"rendered":"https:\/\/agrupacionespsoe.es\/barajas\/?p=796"},"modified":"2026-05-01T19:58:23","modified_gmt":"2026-05-01T19:58:23","slug":"el-psoe-de-barajas-denunciara-el-abandono-de-la-plaza-de-loreto-en-el-pleno-de-la-junta-municipal","status":"publish","type":"post","link":"https:\/\/agrupacionespsoe.es\/barajas\/noticias\/el-psoe-de-barajas-denunciara-el-abandono-de-la-plaza-de-loreto-en-el-pleno-de-la-junta-municipal","title":{"rendered":"El PSOE de Barajas denunciar\u00e1 el abandono de la Plaza de Loreto en el pleno de la Junta Municipal"},"content":{"rendered":"\n<p>El Grupo Municipal Socialista ha querido trasladar al pleno de la Junta Municipal que tendr\u00e1 lugar esta tarde a las 17:30 el abandono que sufre este espacio hist\u00f3rico del distrito y su entorno.<\/p>\n\n\n\n<p>La Plaza de Nuestra Se\u00f1ora de Loreto, conocida popularmente como la \u00abPlaza de la Colonia (de Iberia)\u00bb, fue proyectada en 1949 con la necesidad de Iberia, entonces una compa\u00f1\u00eda p\u00fablica, para alojar a sus empleados cerca del aeropuerto, convirti\u00e9ndose en 1957 en viviendas protegidas. En el mismo entorno se proyectaron locales para autoabastecer a los vecinos con economato o escuela, pero la calidad de los materiales ha requerido que se hayan llevado a cabo desde entonces diversas reformas.<\/p>\n\n\n\n<p>Lo cierto es que hoy apenas subsisten un pu\u00f1ado de comercios y numerosos locales lucen cerrados desde hace a\u00f1os, habi\u00e9ndose transformado algunos de ellos en apartamentos.<\/p>\n\n\n\n<p>\u00abDeber\u00eda ser un enclave lleno de vida de Barajas, pero parece casi fantasma\u00bb, comenta Jorge Osma, vocal vecino que defendi\u00f3 en mayo de 2024 la proposici\u00f3n para revitalizar la plaza (aprobada por unanimidad) y que hoy, dos a\u00f1os despu\u00e9s, sigue sin llevarse a cabo.<\/p>\n\n\n\n<figure class=\"wp-block-image size-large\"><img loading=\"lazy\" decoding=\"async\" width=\"1024\" height=\"576\" src=\"https:\/\/agrupacionespsoe.es\/barajas\/wp-content\/uploads\/sites\/177\/2026\/05\/Jorge-Osma-en-el-pleno-1024x576.jpeg\" alt=\"El vocal vecino del Grupo Socialista, Jorge Osma, en una foto de archivo del pleno de diciembre de 2025. (Alan Cohen\/Diario Barajas Alameda)\" class=\"wp-image-798\" srcset=\"https:\/\/agrupacionespsoe.es\/barajas\/wp-content\/uploads\/sites\/177\/2026\/05\/Jorge-Osma-en-el-pleno-1024x576.jpeg 1024w, https:\/\/agrupacionespsoe.es\/barajas\/wp-content\/uploads\/sites\/177\/2026\/05\/Jorge-Osma-en-el-pleno-300x169.jpeg 300w, https:\/\/agrupacionespsoe.es\/barajas\/wp-content\/uploads\/sites\/177\/2026\/05\/Jorge-Osma-en-el-pleno-768x432.jpeg 768w, https:\/\/agrupacionespsoe.es\/barajas\/wp-content\/uploads\/sites\/177\/2026\/05\/Jorge-Osma-en-el-pleno-1536x864.jpeg 1536w, https:\/\/agrupacionespsoe.es\/barajas\/wp-content\/uploads\/sites\/177\/2026\/05\/Jorge-Osma-en-el-pleno-2048x1152.jpeg 2048w\" sizes=\"auto, (max-width: 1024px) 100vw, 1024px\" \/><figcaption class=\"wp-element-caption\">El vocal vecino del Grupo Socialista, Jorge Osma, en una foto de archivo del pleno de diciembre de 2025. (Alan Cohen\/Diario Barajas Alameda)<\/figcaption><\/figure>\n\n\n\n<blockquote class=\"wp-block-quote is-layout-flow wp-block-quote-is-layout-flow\">\n<p>Deber\u00eda ser un enclave lleno de vida de Barajas, pero parece casi fantasma<\/p>\n<\/blockquote>\n\n\n\n<p>La proposici\u00f3n presentada entonces buscaba el impulso a la actividad del entorno a trav\u00e9s de la celebraci\u00f3n de actos organizados por la Junta y la puesta en contacto de los propietarios de locales cerrados con emprendedores que pudieran darles una nueva vida a un precio asequible. Todo ello contando con el tejido asociativo, los propios vecinos y la mediaci\u00f3n de la propia Junta.<\/p>\n\n\n\n<p>Los socialistas denuncian que \u00absiempre hay buena voluntad para este tipo de iniciativas, pero se quedan en eso\u00bb, y tras cotejar con comerciantes y vecinos que no se hab\u00eda hecho nada durante este tiempo, han querido trasladar la pregunta de nuevo al pleno. A esta iniciativa se unen una proposici\u00f3n para poner en valor el Jard\u00edn Mediterr\u00e1neo ubicado entre las calles G\u00e9minis y Ori\u00f3n e <a href=\"https:\/\/diario.madrid.es\/blog\/notas-de-prensa\/barajas-estrena-un-jardin-que-recrea-el-ecosistema-mediterraneo-con-39-nuevos-arboles-1-300-arbustos-y-una-charca-para-anfibios\/\">inaugurado el pasado mes de junio<\/a>, y cuatro preguntas m\u00e1s: conocer en qu\u00e9 estado se encuentra la construcci\u00f3n de un nuevo Centro de Salud Mental en el distrito, conocer c\u00f3mo se van a asegurar desde la Junta Municipal de que no se produzcan bajas injustificadas de las personas usuarias de la piscina cubierta, conocer qu\u00e9 equipamientos se incluir\u00e1n en el \u201cPlan Especial\u201d de protecci\u00f3n y mejora e la Plaza de la Duquesa y conocer la valoraci\u00f3n del Concejal-Presidente sobre las inundaciones en el distrito durante el periodo de lluvias.\u00a0\u00a0\u00a0\u00a0\u00a0\u00a0\u00a0\u00a0\u00a0 \u00a0<\/p>\n\n\n\n<p>\u00a0\u00a0\u00a0<\/p>\n\n\n\n<figure class=\"wp-block-embed is-type-video is-provider-youtube wp-block-embed-youtube wp-embed-aspect-16-9 wp-has-aspect-ratio\"><div class=\"wp-block-embed__wrapper\">\n<iframe loading=\"lazy\" title=\"\u2753 Pregunta sobre el plan para la Plaza de Loreto (17\/02\/2026)\" width=\"500\" height=\"281\" src=\"https:\/\/www.youtube.com\/embed\/FSJEC81stNw?feature=oembed\" frameborder=\"0\" allow=\"accelerometer; autoplay; clipboard-write; encrypted-media; gyroscope; picture-in-picture; web-share\" referrerpolicy=\"strict-origin-when-cross-origin\" allowfullscreen><\/iframe>\n<\/div><\/figure>\n\n\n\n<p><\/p>\n","protected":false},"excerpt":{"rendered":"<p>El Grupo Municipal Socialista ha querido trasladar al pleno de la Junta Municipal que tendr\u00e1 lugar esta tarde a las 17:30 el abandono que sufre este espacio hist\u00f3rico del distrito y su entorno. La Plaza de Nuestra Se\u00f1ora de Loreto, conocida popularmente como la \u00abPlaza de la Colonia (de Iberia)\u00bb, fue proyectada en 1949 con &#8230;<\/p>\n","protected":false},"author":261,"featured_media":797,"comment_status":"open","ping_status":"open","sticky":false,"template":"","format":"standard","meta":{"_jetpack_memberships_contains_paid_content":false,"footnotes":""},"categories":[6],"tags":[14,10,7],"class_list":["post-796","post","type-post","status-publish","format-standard","has-post-thumbnail","hentry","category-noticias","tag-comercio","tag-grupo-municipal","tag-noticias"],"yoast_head":"<!-- This site is optimized with the Yoast SEO plugin v24.0 - https:\/\/yoast.com\/wordpress\/plugins\/seo\/ -->\n<title>El PSOE de Barajas denunciar\u00e1 el abandono de la Plaza de Loreto en el pleno de la Junta Municipal - Agrupaci\u00f3n Socialista de Barajas<\/title>\n<meta name=\"robots\" content=\"index, follow, max-snippet:-1, max-image-preview:large, max-video-preview:-1\" \/>\n<link rel=\"canonical\" href=\"https:\/\/agrupacionespsoe.es\/barajas\/noticias\/el-psoe-de-barajas-denunciara-el-abandono-de-la-plaza-de-loreto-en-el-pleno-de-la-junta-municipal\" \/>\n<meta property=\"og:locale\" content=\"es_ES\" \/>\n<meta property=\"og:type\" content=\"article\" \/>\n<meta property=\"og:title\" content=\"El PSOE de Barajas denunciar\u00e1 el abandono de la Plaza de Loreto en el pleno de la Junta Municipal - Agrupaci\u00f3n Socialista de Barajas\" \/>\n<meta property=\"og:description\" content=\"El Grupo Municipal Socialista ha querido trasladar al pleno de la Junta Municipal que tendr\u00e1 lugar esta tarde a las 17:30 el abandono que sufre este espacio hist\u00f3rico del distrito y su entorno. La Plaza de Nuestra Se\u00f1ora de Loreto, conocida popularmente como la \u00abPlaza de la Colonia (de Iberia)\u00bb, fue proyectada en 1949 con ...\" \/>\n<meta property=\"og:url\" content=\"https:\/\/agrupacionespsoe.es\/barajas\/noticias\/el-psoe-de-barajas-denunciara-el-abandono-de-la-plaza-de-loreto-en-el-pleno-de-la-junta-municipal\" \/>\n<meta property=\"og:site_name\" content=\"Agrupaci\u00f3n Socialista de Barajas\" \/>\n<meta property=\"article:published_time\" content=\"2026-02-17T11:55:00+00:00\" \/>\n<meta property=\"article:modified_time\" content=\"2026-05-01T19:58:23+00:00\" \/>\n<meta property=\"og:image\" content=\"https:\/\/agrupacionespsoe.es\/barajas\/wp-content\/uploads\/sites\/177\/2026\/05\/Colonia-de-Nuestra-Senora-de-Loreto.jpg\" \/>\n\t<meta property=\"og:image:width\" content=\"1620\" \/>\n\t<meta property=\"og:image:height\" content=\"1080\" \/>\n\t<meta property=\"og:image:type\" content=\"image\/jpeg\" \/>\n<meta name=\"author\" content=\"barajas2\" \/>\n<meta name=\"twitter:card\" content=\"summary_large_image\" \/>\n<meta name=\"twitter:label1\" content=\"Escrito por\" \/>\n\t<meta name=\"twitter:data1\" content=\"barajas2\" \/>\n\t<meta name=\"twitter:label2\" content=\"Tiempo de lectura\" \/>\n\t<meta name=\"twitter:data2\" content=\"3 minutos\" \/>\n<script type=\"application\/ld+json\" class=\"yoast-schema-graph\">{\"@context\":\"https:\/\/schema.org\",\"@graph\":[{\"@type\":\"Article\",\"@id\":\"https:\/\/agrupacionespsoe.es\/barajas\/noticias\/el-psoe-de-barajas-denunciara-el-abandono-de-la-plaza-de-loreto-en-el-pleno-de-la-junta-municipal#article\",\"isPartOf\":{\"@id\":\"https:\/\/agrupacionespsoe.es\/barajas\/noticias\/el-psoe-de-barajas-denunciara-el-abandono-de-la-plaza-de-loreto-en-el-pleno-de-la-junta-municipal\"},\"author\":{\"name\":\"barajas2\",\"@id\":\"https:\/\/agrupacionespsoe.es\/barajas\/#\/schema\/person\/6b35519e3c1467d433035feda3e759f7\"},\"headline\":\"El PSOE de Barajas denunciar\u00e1 el abandono de la Plaza de Loreto en el pleno de la Junta Municipal\",\"datePublished\":\"2026-02-17T11:55:00+00:00\",\"dateModified\":\"2026-05-01T19:58:23+00:00\",\"mainEntityOfPage\":{\"@id\":\"https:\/\/agrupacionespsoe.es\/barajas\/noticias\/el-psoe-de-barajas-denunciara-el-abandono-de-la-plaza-de-loreto-en-el-pleno-de-la-junta-municipal\"},\"wordCount\":488,\"commentCount\":0,\"publisher\":{\"@id\":\"https:\/\/agrupacionespsoe.es\/barajas\/#organization\"},\"image\":{\"@id\":\"https:\/\/agrupacionespsoe.es\/barajas\/noticias\/el-psoe-de-barajas-denunciara-el-abandono-de-la-plaza-de-loreto-en-el-pleno-de-la-junta-municipal#primaryimage\"},\"thumbnailUrl\":\"https:\/\/agrupacionespsoe.es\/barajas\/wp-content\/uploads\/sites\/177\/2026\/05\/Colonia-de-Nuestra-Senora-de-Loreto.jpg\",\"keywords\":[\"Comercio\",\"Grupo Municipal\",\"Noticias\"],\"articleSection\":[\"Noticias\"],\"inLanguage\":\"es\",\"potentialAction\":[{\"@type\":\"CommentAction\",\"name\":\"Comment\",\"target\":[\"https:\/\/agrupacionespsoe.es\/barajas\/noticias\/el-psoe-de-barajas-denunciara-el-abandono-de-la-plaza-de-loreto-en-el-pleno-de-la-junta-municipal#respond\"]}]},{\"@type\":\"WebPage\",\"@id\":\"https:\/\/agrupacionespsoe.es\/barajas\/noticias\/el-psoe-de-barajas-denunciara-el-abandono-de-la-plaza-de-loreto-en-el-pleno-de-la-junta-municipal\",\"url\":\"https:\/\/agrupacionespsoe.es\/barajas\/noticias\/el-psoe-de-barajas-denunciara-el-abandono-de-la-plaza-de-loreto-en-el-pleno-de-la-junta-municipal\",\"name\":\"El PSOE de Barajas denunciar\u00e1 el abandono de la Plaza de Loreto en el pleno de la Junta Municipal - Agrupaci\u00f3n Socialista de Barajas\",\"isPartOf\":{\"@id\":\"https:\/\/agrupacionespsoe.es\/barajas\/#website\"},\"primaryImageOfPage\":{\"@id\":\"https:\/\/agrupacionespsoe.es\/barajas\/noticias\/el-psoe-de-barajas-denunciara-el-abandono-de-la-plaza-de-loreto-en-el-pleno-de-la-junta-municipal#primaryimage\"},\"image\":{\"@id\":\"https:\/\/agrupacionespsoe.es\/barajas\/noticias\/el-psoe-de-barajas-denunciara-el-abandono-de-la-plaza-de-loreto-en-el-pleno-de-la-junta-municipal#primaryimage\"},\"thumbnailUrl\":\"https:\/\/agrupacionespsoe.es\/barajas\/wp-content\/uploads\/sites\/177\/2026\/05\/Colonia-de-Nuestra-Senora-de-Loreto.jpg\",\"datePublished\":\"2026-02-17T11:55:00+00:00\",\"dateModified\":\"2026-05-01T19:58:23+00:00\",\"breadcrumb\":{\"@id\":\"https:\/\/agrupacionespsoe.es\/barajas\/noticias\/el-psoe-de-barajas-denunciara-el-abandono-de-la-plaza-de-loreto-en-el-pleno-de-la-junta-municipal#breadcrumb\"},\"inLanguage\":\"es\",\"potentialAction\":[{\"@type\":\"ReadAction\",\"target\":[\"https:\/\/agrupacionespsoe.es\/barajas\/noticias\/el-psoe-de-barajas-denunciara-el-abandono-de-la-plaza-de-loreto-en-el-pleno-de-la-junta-municipal\"]}]},{\"@type\":\"ImageObject\",\"inLanguage\":\"es\",\"@id\":\"https:\/\/agrupacionespsoe.es\/barajas\/noticias\/el-psoe-de-barajas-denunciara-el-abandono-de-la-plaza-de-loreto-en-el-pleno-de-la-junta-municipal#primaryimage\",\"url\":\"https:\/\/agrupacionespsoe.es\/barajas\/wp-content\/uploads\/sites\/177\/2026\/05\/Colonia-de-Nuestra-Senora-de-Loreto.jpg\",\"contentUrl\":\"https:\/\/agrupacionespsoe.es\/barajas\/wp-content\/uploads\/sites\/177\/2026\/05\/Colonia-de-Nuestra-Senora-de-Loreto.jpg\",\"width\":1620,\"height\":1080},{\"@type\":\"BreadcrumbList\",\"@id\":\"https:\/\/agrupacionespsoe.es\/barajas\/noticias\/el-psoe-de-barajas-denunciara-el-abandono-de-la-plaza-de-loreto-en-el-pleno-de-la-junta-municipal#breadcrumb\",\"itemListElement\":[{\"@type\":\"ListItem\",\"position\":1,\"name\":\"Portada\",\"item\":\"https:\/\/agrupacionespsoe.es\/barajas\/\"},{\"@type\":\"ListItem\",\"position\":2,\"name\":\"El PSOE de Barajas denunciar\u00e1 el abandono de la Plaza de Loreto en el pleno de la Junta Municipal\"}]},{\"@type\":\"WebSite\",\"@id\":\"https:\/\/agrupacionespsoe.es\/barajas\/#website\",\"url\":\"https:\/\/agrupacionespsoe.es\/barajas\/\",\"name\":\"Agrupaci\u00f3n Socialista de Barajas\",\"description\":\"Agrupaci\u00f3n Socialista de Barajas\",\"publisher\":{\"@id\":\"https:\/\/agrupacionespsoe.es\/barajas\/#organization\"},\"potentialAction\":[{\"@type\":\"SearchAction\",\"target\":{\"@type\":\"EntryPoint\",\"urlTemplate\":\"https:\/\/agrupacionespsoe.es\/barajas\/?s={search_term_string}\"},\"query-input\":{\"@type\":\"PropertyValueSpecification\",\"valueRequired\":true,\"valueName\":\"search_term_string\"}}],\"inLanguage\":\"es\"},{\"@type\":\"Organization\",\"@id\":\"https:\/\/agrupacionespsoe.es\/barajas\/#organization\",\"name\":\"Agrupaci\u00f3n Socialista de Barajas\",\"url\":\"https:\/\/agrupacionespsoe.es\/barajas\/\",\"logo\":{\"@type\":\"ImageObject\",\"inLanguage\":\"es\",\"@id\":\"https:\/\/agrupacionespsoe.es\/barajas\/#\/schema\/logo\/image\/\",\"url\":\"https:\/\/agrupacionespsoe.es\/wp-content\/uploads\/2022\/07\/Logotipo_electoral_del_PSOE.png\",\"contentUrl\":\"https:\/\/agrupacionespsoe.es\/wp-content\/uploads\/2022\/07\/Logotipo_electoral_del_PSOE.png\",\"width\":422,\"height\":422,\"caption\":\"Agrupaci\u00f3n Socialista de Barajas\"},\"image\":{\"@id\":\"https:\/\/agrupacionespsoe.es\/barajas\/#\/schema\/logo\/image\/\"}},{\"@type\":\"Person\",\"@id\":\"https:\/\/agrupacionespsoe.es\/barajas\/#\/schema\/person\/6b35519e3c1467d433035feda3e759f7\",\"name\":\"barajas2\",\"image\":{\"@type\":\"ImageObject\",\"inLanguage\":\"es\",\"@id\":\"https:\/\/agrupacionespsoe.es\/barajas\/#\/schema\/person\/image\/\",\"url\":\"https:\/\/secure.gravatar.com\/avatar\/c06772ef0a4626464d2da5b317eff166?s=96&d=mm&r=g\",\"contentUrl\":\"https:\/\/secure.gravatar.com\/avatar\/c06772ef0a4626464d2da5b317eff166?s=96&d=mm&r=g\",\"caption\":\"barajas2\"},\"url\":\"https:\/\/agrupacionespsoe.es\/barajas\/author\/barajas2\"}]}<\/script>\n<!-- \/ Yoast SEO plugin. -->","yoast_head_json":{"title":"El PSOE de Barajas denunciar\u00e1 el abandono de la Plaza de Loreto en el pleno de la Junta Municipal - Agrupaci\u00f3n Socialista de Barajas","robots":{"index":"index","follow":"follow","max-snippet":"max-snippet:-1","max-image-preview":"max-image-preview:large","max-video-preview":"max-video-preview:-1"},"canonical":"https:\/\/agrupacionespsoe.es\/barajas\/noticias\/el-psoe-de-barajas-denunciara-el-abandono-de-la-plaza-de-loreto-en-el-pleno-de-la-junta-municipal","og_locale":"es_ES","og_type":"article","og_title":"El PSOE de Barajas denunciar\u00e1 el abandono de la Plaza de Loreto en el pleno de la Junta Municipal - Agrupaci\u00f3n Socialista de Barajas","og_description":"El Grupo Municipal Socialista ha querido trasladar al pleno de la Junta Municipal que tendr\u00e1 lugar esta tarde a las 17:30 el abandono que sufre este espacio hist\u00f3rico del distrito y su entorno. La Plaza de Nuestra Se\u00f1ora de Loreto, conocida popularmente como la \u00abPlaza de la Colonia (de Iberia)\u00bb, fue proyectada en 1949 con ...","og_url":"https:\/\/agrupacionespsoe.es\/barajas\/noticias\/el-psoe-de-barajas-denunciara-el-abandono-de-la-plaza-de-loreto-en-el-pleno-de-la-junta-municipal","og_site_name":"Agrupaci\u00f3n Socialista de Barajas","article_published_time":"2026-02-17T11:55:00+00:00","article_modified_time":"2026-05-01T19:58:23+00:00","og_image":[{"width":1620,"height":1080,"url":"https:\/\/agrupacionespsoe.es\/barajas\/wp-content\/uploads\/sites\/177\/2026\/05\/Colonia-de-Nuestra-Senora-de-Loreto.jpg","type":"image\/jpeg"}],"author":"barajas2","twitter_card":"summary_large_image","twitter_misc":{"Escrito por":"barajas2","Tiempo de lectura":"3 minutos"},"schema":{"@context":"https:\/\/schema.org","@graph":[{"@type":"Article","@id":"https:\/\/agrupacionespsoe.es\/barajas\/noticias\/el-psoe-de-barajas-denunciara-el-abandono-de-la-plaza-de-loreto-en-el-pleno-de-la-junta-municipal#article","isPartOf":{"@id":"https:\/\/agrupacionespsoe.es\/barajas\/noticias\/el-psoe-de-barajas-denunciara-el-abandono-de-la-plaza-de-loreto-en-el-pleno-de-la-junta-municipal"},"author":{"name":"barajas2","@id":"https:\/\/agrupacionespsoe.es\/barajas\/#\/schema\/person\/6b35519e3c1467d433035feda3e759f7"},"headline":"El PSOE de Barajas denunciar\u00e1 el abandono de la Plaza de Loreto en el pleno de la Junta Municipal","datePublished":"2026-02-17T11:55:00+00:00","dateModified":"2026-05-01T19:58:23+00:00","mainEntityOfPage":{"@id":"https:\/\/agrupacionespsoe.es\/barajas\/noticias\/el-psoe-de-barajas-denunciara-el-abandono-de-la-plaza-de-loreto-en-el-pleno-de-la-junta-municipal"},"wordCount":488,"commentCount":0,"publisher":{"@id":"https:\/\/agrupacionespsoe.es\/barajas\/#organization"},"image":{"@id":"https:\/\/agrupacionespsoe.es\/barajas\/noticias\/el-psoe-de-barajas-denunciara-el-abandono-de-la-plaza-de-loreto-en-el-pleno-de-la-junta-municipal#primaryimage"},"thumbnailUrl":"https:\/\/agrupacionespsoe.es\/barajas\/wp-content\/uploads\/sites\/177\/2026\/05\/Colonia-de-Nuestra-Senora-de-Loreto.jpg","keywords":["Comercio","Grupo Municipal","Noticias"],"articleSection":["Noticias"],"inLanguage":"es","potentialAction":[{"@type":"CommentAction","name":"Comment","target":["https:\/\/agrupacionespsoe.es\/barajas\/noticias\/el-psoe-de-barajas-denunciara-el-abandono-de-la-plaza-de-loreto-en-el-pleno-de-la-junta-municipal#respond"]}]},{"@type":"WebPage","@id":"https:\/\/agrupacionespsoe.es\/barajas\/noticias\/el-psoe-de-barajas-denunciara-el-abandono-de-la-plaza-de-loreto-en-el-pleno-de-la-junta-municipal","url":"https:\/\/agrupacionespsoe.es\/barajas\/noticias\/el-psoe-de-barajas-denunciara-el-abandono-de-la-plaza-de-loreto-en-el-pleno-de-la-junta-municipal","name":"El PSOE de Barajas denunciar\u00e1 el abandono de la Plaza de Loreto en el pleno de la Junta Municipal - Agrupaci\u00f3n Socialista de Barajas","isPartOf":{"@id":"https:\/\/agrupacionespsoe.es\/barajas\/#website"},"primaryImageOfPage":{"@id":"https:\/\/agrupacionespsoe.es\/barajas\/noticias\/el-psoe-de-barajas-denunciara-el-abandono-de-la-plaza-de-loreto-en-el-pleno-de-la-junta-municipal#primaryimage"},"image":{"@id":"https:\/\/agrupacionespsoe.es\/barajas\/noticias\/el-psoe-de-barajas-denunciara-el-abandono-de-la-plaza-de-loreto-en-el-pleno-de-la-junta-municipal#primaryimage"},"thumbnailUrl":"https:\/\/agrupacionespsoe.es\/barajas\/wp-content\/uploads\/sites\/177\/2026\/05\/Colonia-de-Nuestra-Senora-de-Loreto.jpg","datePublished":"2026-02-17T11:55:00+00:00","dateModified":"2026-05-01T19:58:23+00:00","breadcrumb":{"@id":"https:\/\/agrupacionespsoe.es\/barajas\/noticias\/el-psoe-de-barajas-denunciara-el-abandono-de-la-plaza-de-loreto-en-el-pleno-de-la-junta-municipal#breadcrumb"},"inLanguage":"es","potentialAction":[{"@type":"ReadAction","target":["https:\/\/agrupacionespsoe.es\/barajas\/noticias\/el-psoe-de-barajas-denunciara-el-abandono-de-la-plaza-de-loreto-en-el-pleno-de-la-junta-municipal"]}]},{"@type":"ImageObject","inLanguage":"es","@id":"https:\/\/agrupacionespsoe.es\/barajas\/noticias\/el-psoe-de-barajas-denunciara-el-abandono-de-la-plaza-de-loreto-en-el-pleno-de-la-junta-municipal#primaryimage","url":"https:\/\/agrupacionespsoe.es\/barajas\/wp-content\/uploads\/sites\/177\/2026\/05\/Colonia-de-Nuestra-Senora-de-Loreto.jpg","contentUrl":"https:\/\/agrupacionespsoe.es\/barajas\/wp-content\/uploads\/sites\/177\/2026\/05\/Colonia-de-Nuestra-Senora-de-Loreto.jpg","width":1620,"height":1080},{"@type":"BreadcrumbList","@id":"https:\/\/agrupacionespsoe.es\/barajas\/noticias\/el-psoe-de-barajas-denunciara-el-abandono-de-la-plaza-de-loreto-en-el-pleno-de-la-junta-municipal#breadcrumb","itemListElement":[{"@type":"ListItem","position":1,"name":"Portada","item":"https:\/\/agrupacionespsoe.es\/barajas\/"},{"@type":"ListItem","position":2,"name":"El PSOE de Barajas denunciar\u00e1 el abandono de la Plaza de Loreto en el pleno de la Junta Municipal"}]},{"@type":"WebSite","@id":"https:\/\/agrupacionespsoe.es\/barajas\/#website","url":"https:\/\/agrupacionespsoe.es\/barajas\/","name":"Agrupaci\u00f3n Socialista de Barajas","description":"Agrupaci\u00f3n Socialista de Barajas","publisher":{"@id":"https:\/\/agrupacionespsoe.es\/barajas\/#organization"},"potentialAction":[{"@type":"SearchAction","target":{"@type":"EntryPoint","urlTemplate":"https:\/\/agrupacionespsoe.es\/barajas\/?s={search_term_string}"},"query-input":{"@type":"PropertyValueSpecification","valueRequired":true,"valueName":"search_term_string"}}],"inLanguage":"es"},{"@type":"Organization","@id":"https:\/\/agrupacionespsoe.es\/barajas\/#organization","name":"Agrupaci\u00f3n Socialista de Barajas","url":"https:\/\/agrupacionespsoe.es\/barajas\/","logo":{"@type":"ImageObject","inLanguage":"es","@id":"https:\/\/agrupacionespsoe.es\/barajas\/#\/schema\/logo\/image\/","url":"https:\/\/agrupacionespsoe.es\/wp-content\/uploads\/2022\/07\/Logotipo_electoral_del_PSOE.png","contentUrl":"https:\/\/agrupacionespsoe.es\/wp-content\/uploads\/2022\/07\/Logotipo_electoral_del_PSOE.png","width":422,"height":422,"caption":"Agrupaci\u00f3n Socialista de Barajas"},"image":{"@id":"https:\/\/agrupacionespsoe.es\/barajas\/#\/schema\/logo\/image\/"}},{"@type":"Person","@id":"https:\/\/agrupacionespsoe.es\/barajas\/#\/schema\/person\/6b35519e3c1467d433035feda3e759f7","name":"barajas2","image":{"@type":"ImageObject","inLanguage":"es","@id":"https:\/\/agrupacionespsoe.es\/barajas\/#\/schema\/person\/image\/","url":"https:\/\/secure.gravatar.com\/avatar\/c06772ef0a4626464d2da5b317eff166?s=96&d=mm&r=g","contentUrl":"https:\/\/secure.gravatar.com\/avatar\/c06772ef0a4626464d2da5b317eff166?s=96&d=mm&r=g","caption":"barajas2"},"url":"https:\/\/agrupacionespsoe.es\/barajas\/author\/barajas2"}]}},"jetpack_featured_media_url":"https:\/\/agrupacionespsoe.es\/barajas\/wp-content\/uploads\/sites\/177\/2026\/05\/Colonia-de-Nuestra-Senora-de-Loreto.jpg","jetpack_sharing_enabled":true,"_links":{"self":[{"href":"https:\/\/agrupacionespsoe.es\/barajas\/wp-json\/wp\/v2\/posts\/796","targetHints":{"allow":["GET"]}}],"collection":[{"href":"https:\/\/agrupacionespsoe.es\/barajas\/wp-json\/wp\/v2\/posts"}],"about":[{"href":"https:\/\/agrupacionespsoe.es\/barajas\/wp-json\/wp\/v2\/types\/post"}],"author":[{"embeddable":true,"href":"https:\/\/agrupacionespsoe.es\/barajas\/wp-json\/wp\/v2\/users\/261"}],"replies":[{"embeddable":true,"href":"https:\/\/agrupacionespsoe.es\/barajas\/wp-json\/wp\/v2\/comments?post=796"}],"version-history":[{"count":2,"href":"https:\/\/agrupacionespsoe.es\/barajas\/wp-json\/wp\/v2\/posts\/796\/revisions"}],"predecessor-version":[{"id":800,"href":"https:\/\/agrupacionespsoe.es\/barajas\/wp-json\/wp\/v2\/posts\/796\/revisions\/800"}],"wp:featuredmedia":[{"embeddable":true,"href":"https:\/\/agrupacionespsoe.es\/barajas\/wp-json\/wp\/v2\/media\/797"}],"wp:attachment":[{"href":"https:\/\/agrupacionespsoe.es\/barajas\/wp-json\/wp\/v2\/media?parent=796"}],"wp:term":[{"taxonomy":"category","embeddable":true,"href":"https:\/\/agrupacionespsoe.es\/barajas\/wp-json\/wp\/v2\/categories?post=796"},{"taxonomy":"post_tag","embeddable":true,"href":"https:\/\/agrupacionespsoe.es\/barajas\/wp-json\/wp\/v2\/tags?post=796"}],"curies":[{"name":"wp","href":"https:\/\/api.w.org\/{rel}","templated":true}]}}